{"id":51909,"date":"2018-03-21T17:04:02","date_gmt":"2018-03-21T20:04:02","guid":{"rendered":"http:\/\/anoticiaonline.com.br\/site\/?p=51909"},"modified":"2018-03-21T17:04:47","modified_gmt":"2018-03-21T20:04:47","slug":"mais-uma-etapa-da-operacao-migro-e-deflagrada-na-zona-da-mata","status":"publish","type":"post","link":"https:\/\/anoticiaonline.com.br\/site\/mais-uma-etapa-da-operacao-migro-e-deflagrada-na-zona-da-mata\/","title":{"rendered":"Mais uma etapa da opera\u00e7\u00e3o \u201cMigro&#8217;\u201d \u00e9 deflagrada na Zona da Mata"},"content":{"rendered":"<p><a href=\"https:\/\/anoticiaonline.com.br\/site\/wp-content\/uploads\/2018\/03\/SIMAO-PEREIRA-1.jpeg\"><img fetchpriority=\"high\" decoding=\"async\" class=\"alignnone size-full wp-image-51910\" src=\"https:\/\/anoticiaonline.com.br\/site\/wp-content\/uploads\/2018\/03\/SIMAO-PEREIRA-1.jpeg\" alt=\"\" width=\"640\" height=\"427\" srcset=\"https:\/\/anoticiaonline.com.br\/site\/wp-content\/uploads\/2018\/03\/SIMAO-PEREIRA-1.jpeg 640w, https:\/\/anoticiaonline.com.br\/site\/wp-content\/uploads\/2018\/03\/SIMAO-PEREIRA-1-300x200.jpeg 300w\" sizes=\"(max-width: 640px) 100vw, 640px\" \/><\/a> <a href=\"https:\/\/anoticiaonline.com.br\/site\/wp-content\/uploads\/2018\/03\/SIMAO-PEREIRA-6.jpeg\"><img decoding=\"async\" class=\"alignnone size-full wp-image-51911\" src=\"https:\/\/anoticiaonline.com.br\/site\/wp-content\/uploads\/2018\/03\/SIMAO-PEREIRA-6.jpeg\" alt=\"\" width=\"640\" height=\"427\" srcset=\"https:\/\/anoticiaonline.com.br\/site\/wp-content\/uploads\/2018\/03\/SIMAO-PEREIRA-6.jpeg 640w, https:\/\/anoticiaonline.com.br\/site\/wp-content\/uploads\/2018\/03\/SIMAO-PEREIRA-6-300x200.jpeg 300w\" sizes=\"(max-width: 640px) 100vw, 640px\" \/><\/a> <a href=\"https:\/\/anoticiaonline.com.br\/site\/wp-content\/uploads\/2018\/03\/SIMAO-PEREIRA-7.jpeg\"><img decoding=\"async\" class=\"alignnone size-full wp-image-51912\" src=\"https:\/\/anoticiaonline.com.br\/site\/wp-content\/uploads\/2018\/03\/SIMAO-PEREIRA-7.jpeg\" alt=\"\" width=\"640\" height=\"480\" srcset=\"https:\/\/anoticiaonline.com.br\/site\/wp-content\/uploads\/2018\/03\/SIMAO-PEREIRA-7.jpeg 640w, https:\/\/anoticiaonline.com.br\/site\/wp-content\/uploads\/2018\/03\/SIMAO-PEREIRA-7-300x225.jpeg 300w\" sizes=\"(max-width: 640px) 100vw, 640px\" \/><\/a><\/p>\n<p>Na ter\u00e7a-feira (20), a Pol\u00edcia Civil de Minas Gerais, em a\u00e7\u00e3o conjunta com as pol\u00edcias Militar e Rodovi\u00e1ria Federal,\u00a0 deflagrou, em Juiz de Fora e Regi\u00e3o, mais uma fase da opera\u00e7\u00e3o &#8220;Migro&#8221;, iniciada desde fevereiro, com a finalidade de montar postos de fiscaliza\u00e7\u00e3o nas principais vias de acesso entre os Estados do Rio de Janeiro e de Minas Gerais. A a\u00e7\u00e3o foi desencadeada ap\u00f3s a decreta\u00e7\u00e3o, pelo Governo Federal, da interven\u00e7\u00e3o na seguran\u00e7a p\u00fablica do Rio de Janeiro.<\/p>\n<p>Agentes participaram da opera\u00e7\u00e3o na \u00e1rea que engloba as cidades pertencentes ao 4\u00ba Departamento, unidade que abrange as Delegacias Regionais de Pol\u00edcia Civil em Juiz de Fora, Ub\u00e1, Leopoldina, Muria\u00e9 e Vi\u00e7osa, bem como suas \u00c1reas Integradas de Seguran\u00e7a P\u00fablica. Os policiais atuam nas rodovias das cidades de Matias Barbosa, Sim\u00e3o Pereira, Rio Preto, Chiador, Leopoldina, Al\u00e9m Para\u00edba, Pirapetinga, Muria\u00e9, Palma e Tombos, assim como nos terminais rodovi\u00e1rios das principais cidades pertencentes \u00e0s Delegacias Regionais de Vi\u00e7osa e de Ub\u00e1.<\/p>\n<p><strong>Primeira fase<\/strong> A Pol\u00edcia Civil &#8211; em a\u00e7\u00e3o conjunta com as pol\u00edcias Militar, Rodovi\u00e1ria Federal e apoio de agentes da MRS Log\u00edstica \u2013 realizou, no dia 23 de fevereiro, a primeira etapa da opera\u00e7\u00e3o. Os policiais atuaram em 11 postos, mais precisamente nas diversas \u00e1reas das Delegacias Regionais de Pol\u00edcia Civil em Juiz de Fora (Sim\u00e3o Pereira, Matias Barbosa, Chiador e Rio Preto), em Leopoldina (Leopoldina, Al\u00e9m Para\u00edba e Pirapetinga) e em Muria\u00e9 (Palma, Tombos e Eugen\u00f3polis). Tamb\u00e9m foram realizadas vistorias em todos os vag\u00f5es das locomotivas vindas do Rio de Janeiro, inclusive com a atua\u00e7\u00e3o de drones da Pol\u00edcia Civil.<\/p>\n<p>Na ocasi\u00e3o, o Chefe do 4\u00ba Departamento de Pol\u00edcia Civil em Juiz de Fora, Delegado-Geral Carlos Roberto da Silveira Costa, refor\u00e7ou que outras a\u00e7\u00f5es, tais como blitzes e postos de fiscaliza\u00e7\u00e3o em escala local e regional, continuariam a ser realizadas em momento oportuno. Opera\u00e7\u00f5es e atividades do servi\u00e7o de intelig\u00eancia tamb\u00e9m t\u00eam sido intensificadas no \u00e2mbito do Departamento.<\/p>\n<p>&nbsp;<\/p>\n<p>Cr\u00e9ditos: ASCOM 4DPC<\/p>\n","protected":false},"excerpt":{"rendered":"<p>Na ter\u00e7a-feira (20), a Pol\u00edcia Civil de Minas Gerais, em a\u00e7\u00e3o conjunta com as pol\u00edcias Militar e Rodovi\u00e1ria Federal,\u00a0 deflagrou, em Juiz de Fora e Regi\u00e3o, mais uma fase da opera\u00e7\u00e3o &#8220;Migro&#8221;, iniciada desde fevereiro, com a finalidade de montar postos de fiscaliza\u00e7\u00e3o nas principais vias de acesso entre os Estados do Rio de Janeiro &#8230; <a title=\"Mais uma etapa da opera\u00e7\u00e3o \u201cMigro&#8217;\u201d \u00e9 deflagrada na Zona da Mata\" class=\"read-more\" href=\"https:\/\/anoticiaonline.com.br\/site\/mais-uma-etapa-da-operacao-migro-e-deflagrada-na-zona-da-mata\/\" aria-label=\"Read more about Mais uma etapa da opera\u00e7\u00e3o \u201cMigro&#8217;\u201d \u00e9 deflagrada na Zona da Mata\">Ler mais<\/a><\/p>\n","protected":false},"author":2,"featured_media":51910,"comment_status":"open","ping_status":"open","sticky":false,"template":"","format":"standard","meta":{"_acf_changed":false,"_monsterinsights_skip_tracking":false,"footnotes":""},"categories":[6],"tags":[74,2216,95,404],"class_list":["post-51909","post","type-post","status-publish","format-standard","has-post-thumbnail","hentry","category-regiao","tag-muriae","tag-operacao-migro","tag-policia-civil","tag-regiao"],"acf":[],"aioseo_notices":[],"aioseo_head":"\n\t\t<!-- All in One SEO 5.0.0.1 - aioseo.com -->\n\t<meta name=\"description\" content=\"Na ter\u00e7a-feira (20), a Pol\u00edcia Civil de Minas Gerais, em a\u00e7\u00e3o conjunta com as pol\u00edcias Militar e Rodovi\u00e1ria Federal, deflagrou, em Juiz de Fora e Regi\u00e3o, mais uma fase da opera\u00e7\u00e3o &quot;Migro&quot;, iniciada desde fevereiro, com a finalidade de montar postos de fiscaliza\u00e7\u00e3o nas principais vias de acesso entre os Estados do Rio de Janeiro\" \/>\n\t<meta name=\"robots\" content=\"max-image-preview:large\" \/>\n\t<meta name=\"author\" content=\"Juliana Laviola\"\/>\n\t<link rel=\"canonical\" href=\"https:\/\/anoticiaonline.com.br\/site\/mais-uma-etapa-da-operacao-migro-e-deflagrada-na-zona-da-mata\/\" \/>\n\t<meta name=\"generator\" content=\"All in One SEO (AIOSEO) 5.0.0.1\" \/>\n\t\t<meta property=\"og:locale\" content=\"pt_BR\" \/>\n\t\t<meta property=\"og:site_name\" content=\"A Not\u00edcia Online - Noticias de Muria\u00e9 e regi\u00e3o\" \/>\n\t\t<meta property=\"og:type\" content=\"article\" \/>\n\t\t<meta property=\"og:title\" content=\"Mais uma etapa da opera\u00e7\u00e3o \u201cMigro\u2019\u201d \u00e9 deflagrada na Zona da Mata - A Not\u00edcia Online\" \/>\n\t\t<meta property=\"og:description\" content=\"Na ter\u00e7a-feira (20), a Pol\u00edcia Civil de Minas Gerais, em a\u00e7\u00e3o conjunta com as pol\u00edcias Militar e Rodovi\u00e1ria Federal, deflagrou, em Juiz de Fora e Regi\u00e3o, mais uma fase da opera\u00e7\u00e3o &quot;Migro&quot;, iniciada desde fevereiro, com a finalidade de montar postos de fiscaliza\u00e7\u00e3o nas principais vias de acesso entre os Estados do Rio de Janeiro\" \/>\n\t\t<meta property=\"og:url\" content=\"https:\/\/anoticiaonline.com.br\/site\/mais-uma-etapa-da-operacao-migro-e-deflagrada-na-zona-da-mata\/\" \/>\n\t\t<meta property=\"og:image\" content=\"https:\/\/scontent-gig4-1.xx.fbcdn.net\/v\/t39.30808-1\/270437624_4564083193639691_6907940295614233970_n.jpg?stp=dst-jpg_s200x200_tt6&#038;_nc_cat=111&#038;ccb=1-7&#038;_nc_sid=f907e8&#038;_nc_ohc=SM1wRlP3lJwQ7kNvwEPuBYA&#038;_nc_oc=AdnqrjDN_BNjSSHWO-GbkIWH6fkGMLw4bqvL_NH6e2wMveX7G-rP2dAqsDSq1mJMOaY&#038;_nc_zt=24&#038;_nc_ht=scontent-gig4-1.xx&#038;_nc_gid=AoBFJeGrT1hVaew_6rchkQ&#038;oh=00_AfX7QmFGhQhG2jAllVgXCiM1ZrWgvtp80-Bfppyexh1QEg&#038;oe=689E923C\" \/>\n\t\t<meta property=\"og:image:secure_url\" content=\"https:\/\/scontent-gig4-1.xx.fbcdn.net\/v\/t39.30808-1\/270437624_4564083193639691_6907940295614233970_n.jpg?stp=dst-jpg_s200x200_tt6&#038;_nc_cat=111&#038;ccb=1-7&#038;_nc_sid=f907e8&#038;_nc_ohc=SM1wRlP3lJwQ7kNvwEPuBYA&#038;_nc_oc=AdnqrjDN_BNjSSHWO-GbkIWH6fkGMLw4bqvL_NH6e2wMveX7G-rP2dAqsDSq1mJMOaY&#038;_nc_zt=24&#038;_nc_ht=scontent-gig4-1.xx&#038;_nc_gid=AoBFJeGrT1hVaew_6rchkQ&#038;oh=00_AfX7QmFGhQhG2jAllVgXCiM1ZrWgvtp80-Bfppyexh1QEg&#038;oe=689E923C\" \/>\n\t\t<meta property=\"article:published_time\" content=\"2018-03-21T20:04:02+00:00\" \/>\n\t\t<meta property=\"article:modified_time\" content=\"2018-03-21T20:04:47+00:00\" \/>\n\t\t<meta name=\"twitter:card\" content=\"summary_large_image\" \/>\n\t\t<meta name=\"twitter:title\" content=\"Mais uma etapa da opera\u00e7\u00e3o \u201cMigro\u2019\u201d \u00e9 deflagrada na Zona da Mata - A Not\u00edcia Online\" \/>\n\t\t<meta name=\"twitter:description\" content=\"Na ter\u00e7a-feira (20), a Pol\u00edcia Civil de Minas Gerais, em a\u00e7\u00e3o conjunta com as pol\u00edcias Militar e Rodovi\u00e1ria Federal, deflagrou, em Juiz de Fora e Regi\u00e3o, mais uma fase da opera\u00e7\u00e3o &quot;Migro&quot;, iniciada desde fevereiro, com a finalidade de montar postos de fiscaliza\u00e7\u00e3o nas principais vias de acesso entre os Estados do Rio de Janeiro\" \/>\n\t\t<meta name=\"twitter:image\" content=\"https:\/\/scontent-gig4-1.xx.fbcdn.net\/v\/t39.30808-1\/270437624_4564083193639691_6907940295614233970_n.jpg?stp=dst-jpg_s200x200_tt6&amp;_nc_cat=111&amp;ccb=1-7&amp;_nc_sid=f907e8&amp;_nc_ohc=SM1wRlP3lJwQ7kNvwEPuBYA&amp;_nc_oc=AdnqrjDN_BNjSSHWO-GbkIWH6fkGMLw4bqvL_NH6e2wMveX7G-rP2dAqsDSq1mJMOaY&amp;_nc_zt=24&amp;_nc_ht=scontent-gig4-1.xx&amp;_nc_gid=AoBFJeGrT1hVaew_6rchkQ&amp;oh=00_AfX7QmFGhQhG2jAllVgXCiM1ZrWgvtp80-Bfppyexh1QEg&amp;oe=689E923C\" \/>\n\t\t<script type=\"application\/ld+json\" class=\"aioseo-schema\">\n\t\t\t{\"@context\":\"https:\\\/\\\/schema.org\",\"@graph\":[{\"@type\":\"BlogPosting\",\"@id\":\"https:\\\/\\\/anoticiaonline.com.br\\\/site\\\/mais-uma-etapa-da-operacao-migro-e-deflagrada-na-zona-da-mata\\\/#blogposting\",\"name\":\"Mais uma etapa da opera\\u00e7\\u00e3o \\u201cMigro\\u2019\\u201d \\u00e9 deflagrada na Zona da Mata - A Not\\u00edcia Online\",\"headline\":\"Mais uma etapa da opera\\u00e7\\u00e3o \\u201cMigro&#8217;\\u201d \\u00e9 deflagrada na Zona da Mata\",\"author\":{\"@id\":\"https:\\\/\\\/anoticiaonline.com.br\\\/site\\\/author\\\/juliana\\\/#author\"},\"publisher\":{\"@id\":\"https:\\\/\\\/anoticiaonline.com.br\\\/site\\\/#organization\"},\"image\":{\"@type\":\"ImageObject\",\"url\":\"https:\\\/\\\/anoticiaonline.com.br\\\/site\\\/wp-content\\\/uploads\\\/2018\\\/03\\\/SIMAO-PEREIRA-1.jpeg\",\"width\":640,\"height\":427},\"datePublished\":\"2018-03-21T17:04:02-03:00\",\"dateModified\":\"2018-03-21T17:04:47-03:00\",\"inLanguage\":\"pt-BR\",\"mainEntityOfPage\":{\"@id\":\"https:\\\/\\\/anoticiaonline.com.br\\\/site\\\/mais-uma-etapa-da-operacao-migro-e-deflagrada-na-zona-da-mata\\\/#webpage\"},\"isPartOf\":{\"@id\":\"https:\\\/\\\/anoticiaonline.com.br\\\/site\\\/mais-uma-etapa-da-operacao-migro-e-deflagrada-na-zona-da-mata\\\/#webpage\"},\"articleSection\":\"Regi\\u00e3o, Muria\\u00e9, opera\\u00e7\\u00e3o migro, pol\\u00edcia civil, regi\\u00e3o\"},{\"@type\":\"BreadcrumbList\",\"@id\":\"https:\\\/\\\/anoticiaonline.com.br\\\/site\\\/mais-uma-etapa-da-operacao-migro-e-deflagrada-na-zona-da-mata\\\/#breadcrumblist\",\"itemListElement\":[{\"@type\":\"ListItem\",\"@id\":\"https:\\\/\\\/anoticiaonline.com.br\\\/site#listItem\",\"position\":1,\"name\":\"Home\",\"item\":\"https:\\\/\\\/anoticiaonline.com.br\\\/site\",\"nextItem\":{\"@type\":\"ListItem\",\"@id\":\"https:\\\/\\\/anoticiaonline.com.br\\\/site\\\/categoria\\\/regiao\\\/#listItem\",\"name\":\"Regi\\u00e3o\"}},{\"@type\":\"ListItem\",\"@id\":\"https:\\\/\\\/anoticiaonline.com.br\\\/site\\\/categoria\\\/regiao\\\/#listItem\",\"position\":2,\"name\":\"Regi\\u00e3o\",\"item\":\"https:\\\/\\\/anoticiaonline.com.br\\\/site\\\/categoria\\\/regiao\\\/\",\"nextItem\":{\"@type\":\"ListItem\",\"@id\":\"https:\\\/\\\/anoticiaonline.com.br\\\/site\\\/mais-uma-etapa-da-operacao-migro-e-deflagrada-na-zona-da-mata\\\/#listItem\",\"name\":\"Mais uma etapa da opera\\u00e7\\u00e3o \\u201cMigro&#8217;\\u201d \\u00e9 deflagrada na Zona da Mata\"},\"previousItem\":{\"@type\":\"ListItem\",\"@id\":\"https:\\\/\\\/anoticiaonline.com.br\\\/site#listItem\",\"name\":\"Home\"}},{\"@type\":\"ListItem\",\"@id\":\"https:\\\/\\\/anoticiaonline.com.br\\\/site\\\/mais-uma-etapa-da-operacao-migro-e-deflagrada-na-zona-da-mata\\\/#listItem\",\"position\":3,\"name\":\"Mais uma etapa da opera\\u00e7\\u00e3o \\u201cMigro&#8217;\\u201d \\u00e9 deflagrada na Zona da Mata\",\"previousItem\":{\"@type\":\"ListItem\",\"@id\":\"https:\\\/\\\/anoticiaonline.com.br\\\/site\\\/categoria\\\/regiao\\\/#listItem\",\"name\":\"Regi\\u00e3o\"}}]},{\"@type\":\"Organization\",\"@id\":\"https:\\\/\\\/anoticiaonline.com.br\\\/site\\\/#organization\",\"name\":\"A Not\\u00edcia Online\",\"description\":\"Noticias de Muria\\u00e9 e regi\\u00e3o\",\"url\":\"https:\\\/\\\/anoticiaonline.com.br\\\/site\\\/\",\"logo\":{\"@type\":\"ImageObject\",\"url\":\"https:\\\/\\\/scontent-gig4-1.xx.fbcdn.net\\\/v\\\/t39.30808-1\\\/270437624_4564083193639691_6907940295614233970_n.jpg?stp=dst-jpg_s200x200_tt6&_nc_cat=111&ccb=1-7&_nc_sid=f907e8&_nc_ohc=SM1wRlP3lJwQ7kNvwEPuBYA&_nc_oc=AdnqrjDN_BNjSSHWO-GbkIWH6fkGMLw4bqvL_NH6e2wMveX7G-rP2dAqsDSq1mJMOaY&_nc_zt=24&_nc_ht=scontent-gig4-1.xx&_nc_gid=AoBFJeGrT1hVaew_6rchkQ&oh=00_AfX7QmFGhQhG2jAllVgXCiM1ZrWgvtp80-Bfppyexh1QEg&oe=689E923C\",\"@id\":\"https:\\\/\\\/anoticiaonline.com.br\\\/site\\\/mais-uma-etapa-da-operacao-migro-e-deflagrada-na-zona-da-mata\\\/#organizationLogo\"},\"image\":{\"@id\":\"https:\\\/\\\/anoticiaonline.com.br\\\/site\\\/mais-uma-etapa-da-operacao-migro-e-deflagrada-na-zona-da-mata\\\/#organizationLogo\"}},{\"@type\":\"Person\",\"@id\":\"https:\\\/\\\/anoticiaonline.com.br\\\/site\\\/author\\\/juliana\\\/#author\",\"url\":\"https:\\\/\\\/anoticiaonline.com.br\\\/site\\\/author\\\/juliana\\\/\",\"name\":\"Juliana Laviola\",\"image\":{\"@type\":\"ImageObject\",\"@id\":\"https:\\\/\\\/anoticiaonline.com.br\\\/site\\\/mais-uma-etapa-da-operacao-migro-e-deflagrada-na-zona-da-mata\\\/#authorImage\",\"url\":\"https:\\\/\\\/secure.gravatar.com\\\/avatar\\\/b8d45f5c699b100dfaf0e543582f38f38bf94cb7ae3a5e9abf8d891a34773335?s=96&d=mm&r=g\",\"width\":96,\"height\":96,\"caption\":\"Juliana Laviola\"}},{\"@type\":\"WebPage\",\"@id\":\"https:\\\/\\\/anoticiaonline.com.br\\\/site\\\/mais-uma-etapa-da-operacao-migro-e-deflagrada-na-zona-da-mata\\\/#webpage\",\"url\":\"https:\\\/\\\/anoticiaonline.com.br\\\/site\\\/mais-uma-etapa-da-operacao-migro-e-deflagrada-na-zona-da-mata\\\/\",\"name\":\"Mais uma etapa da opera\\u00e7\\u00e3o \\u201cMigro\\u2019\\u201d \\u00e9 deflagrada na Zona da Mata - A Not\\u00edcia Online\",\"description\":\"Na ter\\u00e7a-feira (20), a Pol\\u00edcia Civil de Minas Gerais, em a\\u00e7\\u00e3o conjunta com as pol\\u00edcias Militar e Rodovi\\u00e1ria Federal, deflagrou, em Juiz de Fora e Regi\\u00e3o, mais uma fase da opera\\u00e7\\u00e3o \\\"Migro\\\", iniciada desde fevereiro, com a finalidade de montar postos de fiscaliza\\u00e7\\u00e3o nas principais vias de acesso entre os Estados do Rio de Janeiro\",\"inLanguage\":\"pt-BR\",\"isPartOf\":{\"@id\":\"https:\\\/\\\/anoticiaonline.com.br\\\/site\\\/#website\"},\"breadcrumb\":{\"@id\":\"https:\\\/\\\/anoticiaonline.com.br\\\/site\\\/mais-uma-etapa-da-operacao-migro-e-deflagrada-na-zona-da-mata\\\/#breadcrumblist\"},\"author\":{\"@id\":\"https:\\\/\\\/anoticiaonline.com.br\\\/site\\\/author\\\/juliana\\\/#author\"},\"creator\":{\"@id\":\"https:\\\/\\\/anoticiaonline.com.br\\\/site\\\/author\\\/juliana\\\/#author\"},\"image\":{\"@type\":\"ImageObject\",\"url\":\"https:\\\/\\\/anoticiaonline.com.br\\\/site\\\/wp-content\\\/uploads\\\/2018\\\/03\\\/SIMAO-PEREIRA-1.jpeg\",\"@id\":\"https:\\\/\\\/anoticiaonline.com.br\\\/site\\\/mais-uma-etapa-da-operacao-migro-e-deflagrada-na-zona-da-mata\\\/#mainImage\",\"width\":640,\"height\":427},\"primaryImageOfPage\":{\"@id\":\"https:\\\/\\\/anoticiaonline.com.br\\\/site\\\/mais-uma-etapa-da-operacao-migro-e-deflagrada-na-zona-da-mata\\\/#mainImage\"},\"datePublished\":\"2018-03-21T17:04:02-03:00\",\"dateModified\":\"2018-03-21T17:04:47-03:00\"},{\"@type\":\"WebSite\",\"@id\":\"https:\\\/\\\/anoticiaonline.com.br\\\/site\\\/#website\",\"url\":\"https:\\\/\\\/anoticiaonline.com.br\\\/site\\\/\",\"name\":\"A Not\\u00edcia Online\",\"description\":\"Noticias de Muria\\u00e9 e regi\\u00e3o\",\"inLanguage\":\"pt-BR\",\"publisher\":{\"@id\":\"https:\\\/\\\/anoticiaonline.com.br\\\/site\\\/#organization\"}}]}\n\t\t<\/script>\n\t\t<!-- All in One SEO -->\n\n","aioseo_head_json":{"title":"Mais uma etapa da opera\u00e7\u00e3o \u201cMigro\u2019\u201d \u00e9 deflagrada na Zona da Mata - A Not\u00edcia Online","description":"Na ter\u00e7a-feira (20), a Pol\u00edcia Civil de Minas Gerais, em a\u00e7\u00e3o conjunta com as pol\u00edcias Militar e Rodovi\u00e1ria Federal, deflagrou, em Juiz de Fora e Regi\u00e3o, mais uma fase da opera\u00e7\u00e3o \"Migro\", iniciada desde fevereiro, com a finalidade de montar postos de fiscaliza\u00e7\u00e3o nas principais vias de acesso entre os Estados do Rio de Janeiro","canonical_url":"https:\/\/anoticiaonline.com.br\/site\/mais-uma-etapa-da-operacao-migro-e-deflagrada-na-zona-da-mata\/","robots":"max-image-preview:large","keywords":"","webmasterTools":{"miscellaneous":""},"schema":{"@context":"https:\/\/schema.org","@graph":[{"@type":"BlogPosting","@id":"https:\/\/anoticiaonline.com.br\/site\/mais-uma-etapa-da-operacao-migro-e-deflagrada-na-zona-da-mata\/#blogposting","name":"Mais uma etapa da opera\u00e7\u00e3o \u201cMigro\u2019\u201d \u00e9 deflagrada na Zona da Mata - A Not\u00edcia Online","headline":"Mais uma etapa da opera\u00e7\u00e3o \u201cMigro&#8217;\u201d \u00e9 deflagrada na Zona da Mata","author":{"@id":"https:\/\/anoticiaonline.com.br\/site\/author\/juliana\/#author"},"publisher":{"@id":"https:\/\/anoticiaonline.com.br\/site\/#organization"},"image":{"@type":"ImageObject","url":"https:\/\/anoticiaonline.com.br\/site\/wp-content\/uploads\/2018\/03\/SIMAO-PEREIRA-1.jpeg","width":640,"height":427},"datePublished":"2018-03-21T17:04:02-03:00","dateModified":"2018-03-21T17:04:47-03:00","inLanguage":"pt-BR","mainEntityOfPage":{"@id":"https:\/\/anoticiaonline.com.br\/site\/mais-uma-etapa-da-operacao-migro-e-deflagrada-na-zona-da-mata\/#webpage"},"isPartOf":{"@id":"https:\/\/anoticiaonline.com.br\/site\/mais-uma-etapa-da-operacao-migro-e-deflagrada-na-zona-da-mata\/#webpage"},"articleSection":"Regi\u00e3o, Muria\u00e9, opera\u00e7\u00e3o migro, pol\u00edcia civil, regi\u00e3o"},{"@type":"BreadcrumbList","@id":"https:\/\/anoticiaonline.com.br\/site\/mais-uma-etapa-da-operacao-migro-e-deflagrada-na-zona-da-mata\/#breadcrumblist","itemListElement":[{"@type":"ListItem","@id":"https:\/\/anoticiaonline.com.br\/site#listItem","position":1,"name":"Home","item":"https:\/\/anoticiaonline.com.br\/site","nextItem":{"@type":"ListItem","@id":"https:\/\/anoticiaonline.com.br\/site\/categoria\/regiao\/#listItem","name":"Regi\u00e3o"}},{"@type":"ListItem","@id":"https:\/\/anoticiaonline.com.br\/site\/categoria\/regiao\/#listItem","position":2,"name":"Regi\u00e3o","item":"https:\/\/anoticiaonline.com.br\/site\/categoria\/regiao\/","nextItem":{"@type":"ListItem","@id":"https:\/\/anoticiaonline.com.br\/site\/mais-uma-etapa-da-operacao-migro-e-deflagrada-na-zona-da-mata\/#listItem","name":"Mais uma etapa da opera\u00e7\u00e3o \u201cMigro&#8217;\u201d \u00e9 deflagrada na Zona da Mata"},"previousItem":{"@type":"ListItem","@id":"https:\/\/anoticiaonline.com.br\/site#listItem","name":"Home"}},{"@type":"ListItem","@id":"https:\/\/anoticiaonline.com.br\/site\/mais-uma-etapa-da-operacao-migro-e-deflagrada-na-zona-da-mata\/#listItem","position":3,"name":"Mais uma etapa da opera\u00e7\u00e3o \u201cMigro&#8217;\u201d \u00e9 deflagrada na Zona da Mata","previousItem":{"@type":"ListItem","@id":"https:\/\/anoticiaonline.com.br\/site\/categoria\/regiao\/#listItem","name":"Regi\u00e3o"}}]},{"@type":"Organization","@id":"https:\/\/anoticiaonline.com.br\/site\/#organization","name":"A Not\u00edcia Online","description":"Noticias de Muria\u00e9 e regi\u00e3o","url":"https:\/\/anoticiaonline.com.br\/site\/","logo":{"@type":"ImageObject","url":"https:\/\/scontent-gig4-1.xx.fbcdn.net\/v\/t39.30808-1\/270437624_4564083193639691_6907940295614233970_n.jpg?stp=dst-jpg_s200x200_tt6&_nc_cat=111&ccb=1-7&_nc_sid=f907e8&_nc_ohc=SM1wRlP3lJwQ7kNvwEPuBYA&_nc_oc=AdnqrjDN_BNjSSHWO-GbkIWH6fkGMLw4bqvL_NH6e2wMveX7G-rP2dAqsDSq1mJMOaY&_nc_zt=24&_nc_ht=scontent-gig4-1.xx&_nc_gid=AoBFJeGrT1hVaew_6rchkQ&oh=00_AfX7QmFGhQhG2jAllVgXCiM1ZrWgvtp80-Bfppyexh1QEg&oe=689E923C","@id":"https:\/\/anoticiaonline.com.br\/site\/mais-uma-etapa-da-operacao-migro-e-deflagrada-na-zona-da-mata\/#organizationLogo"},"image":{"@id":"https:\/\/anoticiaonline.com.br\/site\/mais-uma-etapa-da-operacao-migro-e-deflagrada-na-zona-da-mata\/#organizationLogo"}},{"@type":"Person","@id":"https:\/\/anoticiaonline.com.br\/site\/author\/juliana\/#author","url":"https:\/\/anoticiaonline.com.br\/site\/author\/juliana\/","name":"Juliana Laviola","image":{"@type":"ImageObject","@id":"https:\/\/anoticiaonline.com.br\/site\/mais-uma-etapa-da-operacao-migro-e-deflagrada-na-zona-da-mata\/#authorImage","url":"https:\/\/secure.gravatar.com\/avatar\/b8d45f5c699b100dfaf0e543582f38f38bf94cb7ae3a5e9abf8d891a34773335?s=96&d=mm&r=g","width":96,"height":96,"caption":"Juliana Laviola"}},{"@type":"WebPage","@id":"https:\/\/anoticiaonline.com.br\/site\/mais-uma-etapa-da-operacao-migro-e-deflagrada-na-zona-da-mata\/#webpage","url":"https:\/\/anoticiaonline.com.br\/site\/mais-uma-etapa-da-operacao-migro-e-deflagrada-na-zona-da-mata\/","name":"Mais uma etapa da opera\u00e7\u00e3o \u201cMigro\u2019\u201d \u00e9 deflagrada na Zona da Mata - A Not\u00edcia Online","description":"Na ter\u00e7a-feira (20), a Pol\u00edcia Civil de Minas Gerais, em a\u00e7\u00e3o conjunta com as pol\u00edcias Militar e Rodovi\u00e1ria Federal, deflagrou, em Juiz de Fora e Regi\u00e3o, mais uma fase da opera\u00e7\u00e3o \"Migro\", iniciada desde fevereiro, com a finalidade de montar postos de fiscaliza\u00e7\u00e3o nas principais vias de acesso entre os Estados do Rio de Janeiro","inLanguage":"pt-BR","isPartOf":{"@id":"https:\/\/anoticiaonline.com.br\/site\/#website"},"breadcrumb":{"@id":"https:\/\/anoticiaonline.com.br\/site\/mais-uma-etapa-da-operacao-migro-e-deflagrada-na-zona-da-mata\/#breadcrumblist"},"author":{"@id":"https:\/\/anoticiaonline.com.br\/site\/author\/juliana\/#author"},"creator":{"@id":"https:\/\/anoticiaonline.com.br\/site\/author\/juliana\/#author"},"image":{"@type":"ImageObject","url":"https:\/\/anoticiaonline.com.br\/site\/wp-content\/uploads\/2018\/03\/SIMAO-PEREIRA-1.jpeg","@id":"https:\/\/anoticiaonline.com.br\/site\/mais-uma-etapa-da-operacao-migro-e-deflagrada-na-zona-da-mata\/#mainImage","width":640,"height":427},"primaryImageOfPage":{"@id":"https:\/\/anoticiaonline.com.br\/site\/mais-uma-etapa-da-operacao-migro-e-deflagrada-na-zona-da-mata\/#mainImage"},"datePublished":"2018-03-21T17:04:02-03:00","dateModified":"2018-03-21T17:04:47-03:00"},{"@type":"WebSite","@id":"https:\/\/anoticiaonline.com.br\/site\/#website","url":"https:\/\/anoticiaonline.com.br\/site\/","name":"A Not\u00edcia Online","description":"Noticias de Muria\u00e9 e regi\u00e3o","inLanguage":"pt-BR","publisher":{"@id":"https:\/\/anoticiaonline.com.br\/site\/#organization"}}]},"og:locale":"pt_BR","og:site_name":"A Not\u00edcia Online - Noticias de Muria\u00e9 e regi\u00e3o","og:type":"article","og:title":"Mais uma etapa da opera\u00e7\u00e3o \u201cMigro\u2019\u201d \u00e9 deflagrada na Zona da Mata - A Not\u00edcia Online","og:description":"Na ter\u00e7a-feira (20), a Pol\u00edcia Civil de Minas Gerais, em a\u00e7\u00e3o conjunta com as pol\u00edcias Militar e Rodovi\u00e1ria Federal, deflagrou, em Juiz de Fora e Regi\u00e3o, mais uma fase da opera\u00e7\u00e3o &quot;Migro&quot;, iniciada desde fevereiro, com a finalidade de montar postos de fiscaliza\u00e7\u00e3o nas principais vias de acesso entre os Estados do Rio de Janeiro","og:url":"https:\/\/anoticiaonline.com.br\/site\/mais-uma-etapa-da-operacao-migro-e-deflagrada-na-zona-da-mata\/","og:image":"https:\/\/scontent-gig4-1.xx.fbcdn.net\/v\/t39.30808-1\/270437624_4564083193639691_6907940295614233970_n.jpg?stp=dst-jpg_s200x200_tt6&#038;_nc_cat=111&#038;ccb=1-7&#038;_nc_sid=f907e8&#038;_nc_ohc=SM1wRlP3lJwQ7kNvwEPuBYA&#038;_nc_oc=AdnqrjDN_BNjSSHWO-GbkIWH6fkGMLw4bqvL_NH6e2wMveX7G-rP2dAqsDSq1mJMOaY&#038;_nc_zt=24&#038;_nc_ht=scontent-gig4-1.xx&#038;_nc_gid=AoBFJeGrT1hVaew_6rchkQ&#038;oh=00_AfX7QmFGhQhG2jAllVgXCiM1ZrWgvtp80-Bfppyexh1QEg&#038;oe=689E923C","og:image:secure_url":"https:\/\/scontent-gig4-1.xx.fbcdn.net\/v\/t39.30808-1\/270437624_4564083193639691_6907940295614233970_n.jpg?stp=dst-jpg_s200x200_tt6&#038;_nc_cat=111&#038;ccb=1-7&#038;_nc_sid=f907e8&#038;_nc_ohc=SM1wRlP3lJwQ7kNvwEPuBYA&#038;_nc_oc=AdnqrjDN_BNjSSHWO-GbkIWH6fkGMLw4bqvL_NH6e2wMveX7G-rP2dAqsDSq1mJMOaY&#038;_nc_zt=24&#038;_nc_ht=scontent-gig4-1.xx&#038;_nc_gid=AoBFJeGrT1hVaew_6rchkQ&#038;oh=00_AfX7QmFGhQhG2jAllVgXCiM1ZrWgvtp80-Bfppyexh1QEg&#038;oe=689E923C","article:published_time":"2018-03-21T20:04:02+00:00","article:modified_time":"2018-03-21T20:04:47+00:00","twitter:card":"summary_large_image","twitter:title":"Mais uma etapa da opera\u00e7\u00e3o \u201cMigro\u2019\u201d \u00e9 deflagrada na Zona da Mata - A Not\u00edcia Online","twitter:description":"Na ter\u00e7a-feira (20), a Pol\u00edcia Civil de Minas Gerais, em a\u00e7\u00e3o conjunta com as pol\u00edcias Militar e Rodovi\u00e1ria Federal, deflagrou, em Juiz de Fora e Regi\u00e3o, mais uma fase da opera\u00e7\u00e3o &quot;Migro&quot;, iniciada desde fevereiro, com a finalidade de montar postos de fiscaliza\u00e7\u00e3o nas principais vias de acesso entre os Estados do Rio de Janeiro","twitter:image":"https:\/\/scontent-gig4-1.xx.fbcdn.net\/v\/t39.30808-1\/270437624_4564083193639691_6907940295614233970_n.jpg?stp=dst-jpg_s200x200_tt6&_nc_cat=111&ccb=1-7&_nc_sid=f907e8&_nc_ohc=SM1wRlP3lJwQ7kNvwEPuBYA&_nc_oc=AdnqrjDN_BNjSSHWO-GbkIWH6fkGMLw4bqvL_NH6e2wMveX7G-rP2dAqsDSq1mJMOaY&_nc_zt=24&_nc_ht=scontent-gig4-1.xx&_nc_gid=AoBFJeGrT1hVaew_6rchkQ&oh=00_AfX7QmFGhQhG2jAllVgXCiM1ZrWgvtp80-Bfppyexh1QEg&oe=689E923C"},"aioseo_meta_data":{"post_id":"51909","title":null,"description":null,"keywords":null,"keyphrases":null,"primary_term":null,"canonical_url":null,"og_title":null,"og_description":null,"og_object_type":"default","og_image_type":"default","og_image_url":null,"og_image_width":null,"og_image_height":null,"og_image_custom_url":null,"og_image_custom_fields":null,"og_video":null,"og_custom_url":null,"og_article_section":null,"og_article_tags":null,"twitter_use_og":false,"twitter_card":"default","twitter_image_type":"default","twitter_image_url":null,"twitter_image_custom_url":null,"twitter_image_custom_fields":null,"twitter_title":null,"twitter_description":null,"schema":{"blockGraphs":[],"customGraphs":[],"default":{"data":{"Article":[],"Course":[],"Dataset":[],"FAQPage":[],"Movie":[],"Person":[],"Product":[],"ProductReview":[],"Car":[],"Recipe":[],"Service":[],"SoftwareApplication":[],"WebPage":[]},"graphName":"","isEnabled":true},"graphs":[]},"schema_type":"default","schema_type_options":null,"pillar_content":false,"robots_default":true,"robots_noindex":false,"robots_noarchive":false,"robots_nosnippet":false,"robots_nofollow":false,"robots_noimageindex":false,"robots_noodp":false,"robots_notranslate":false,"robots_max_snippet":null,"robots_max_videopreview":null,"robots_max_imagepreview":"large","priority":null,"frequency":null,"local_seo":null,"breadcrumb_settings":null,"limit_modified_date":false,"ai":null,"created":"2025-08-16 20:32:54","updated":"2025-08-16 20:32:54","focus_keyword":null,"additional_keywords":null,"truseo_locale":null,"seo_analyzer_scan_date":null},"aioseo_breadcrumb":"<div class=\"aioseo-breadcrumbs\"><span class=\"aioseo-breadcrumb\">\n\t\t\t<a href=\"https:\/\/anoticiaonline.com.br\/site\" title=\"Home\">Home<\/a>\n\t\t<\/span><span class=\"aioseo-breadcrumb-separator\">&raquo;<\/span><span class=\"aioseo-breadcrumb\">\n\t\t\t<a href=\"https:\/\/anoticiaonline.com.br\/site\/categoria\/regiao\/\" title=\"Regi\u00e3o\">Regi\u00e3o<\/a>\n\t\t<\/span><span class=\"aioseo-breadcrumb-separator\">&raquo;<\/span><span class=\"aioseo-breadcrumb\">\n\t\t\tMais uma etapa da opera\u00e7\u00e3o \u201cMigro\u2019\u201d \u00e9 deflagrada na Zona da Mata\n\t\t<\/span><\/div>","aioseo_breadcrumb_json":[{"label":"Home","link":"https:\/\/anoticiaonline.com.br\/site"},{"label":"Regi\u00e3o","link":"https:\/\/anoticiaonline.com.br\/site\/categoria\/regiao\/"},{"label":"Mais uma etapa da opera\u00e7\u00e3o \u201cMigro&#8217;\u201d \u00e9 deflagrada na Zona da Mata","link":"https:\/\/anoticiaonline.com.br\/site\/mais-uma-etapa-da-operacao-migro-e-deflagrada-na-zona-da-mata\/"}],"views":136,"_links":{"self":[{"href":"https:\/\/anoticiaonline.com.br\/site\/wp-json\/wp\/v2\/posts\/51909","targetHints":{"allow":["GET"]}}],"collection":[{"href":"https:\/\/anoticiaonline.com.br\/site\/wp-json\/wp\/v2\/posts"}],"about":[{"href":"https:\/\/anoticiaonline.com.br\/site\/wp-json\/wp\/v2\/types\/post"}],"author":[{"embeddable":true,"href":"https:\/\/anoticiaonline.com.br\/site\/wp-json\/wp\/v2\/users\/2"}],"replies":[{"embeddable":true,"href":"https:\/\/anoticiaonline.com.br\/site\/wp-json\/wp\/v2\/comments?post=51909"}],"version-history":[{"count":0,"href":"https:\/\/anoticiaonline.com.br\/site\/wp-json\/wp\/v2\/posts\/51909\/revisions"}],"wp:featuredmedia":[{"embeddable":true,"href":"https:\/\/anoticiaonline.com.br\/site\/wp-json\/wp\/v2\/media\/51910"}],"wp:attachment":[{"href":"https:\/\/anoticiaonline.com.br\/site\/wp-json\/wp\/v2\/media?parent=51909"}],"wp:term":[{"taxonomy":"category","embeddable":true,"href":"https:\/\/anoticiaonline.com.br\/site\/wp-json\/wp\/v2\/categories?post=51909"},{"taxonomy":"post_tag","embeddable":true,"href":"https:\/\/anoticiaonline.com.br\/site\/wp-json\/wp\/v2\/tags?post=51909"}],"curies":[{"name":"wp","href":"https:\/\/api.w.org\/{rel}","templated":true}]}}