{"id":51881,"date":"2018-03-15T21:02:25","date_gmt":"2018-03-16T00:02:25","guid":{"rendered":"http:\/\/anoticiaonline.com.br\/site\/?p=51881"},"modified":"2018-03-15T21:02:25","modified_gmt":"2018-03-16T00:02:25","slug":"sociarte-16-03-18","status":"publish","type":"post","link":"https:\/\/anoticiaonline.com.br\/site\/sociarte-16-03-18\/","title":{"rendered":"Sociarte 16.03.18"},"content":{"rendered":"<p style=\"text-align: center;\"><strong><a href=\"https:\/\/anoticiaonline.com.br\/site\/wp-content\/uploads\/2018\/03\/1-ano-valentina.jpg\"><img fetchpriority=\"high\" decoding=\"async\" class=\"aligncenter size-full wp-image-51882\" src=\"https:\/\/anoticiaonline.com.br\/site\/wp-content\/uploads\/2018\/03\/1-ano-valentina.jpg\" alt=\"\" width=\"640\" height=\"427\" srcset=\"https:\/\/anoticiaonline.com.br\/site\/wp-content\/uploads\/2018\/03\/1-ano-valentina.jpg 640w, https:\/\/anoticiaonline.com.br\/site\/wp-content\/uploads\/2018\/03\/1-ano-valentina-300x200.jpg 300w\" sizes=\"(max-width: 640px) 100vw, 640px\" \/><\/a>1 ano de Valentina<\/strong><\/p>\n<p>\u201cFundo do Mar\u201d foi o tema escolhido pelos pais, Karen Lucas e Lucas Porcaro, para comemorarem o primeiro anivers\u00e1rio da linda Valentina Petrillo Porcaro. A festa que reuniu amigos e familiares aconteceu no Clube Ribeira, no s\u00e1bado (10). Parab\u00e9ns, Valentina! Cr\u00e9ditos: Revele Photo.<\/p>\n<p>&nbsp;<\/p>\n<p style=\"text-align: center;\"><strong><a href=\"https:\/\/anoticiaonline.com.br\/site\/wp-content\/uploads\/2018\/03\/2-anos-thais.jpg\"><img decoding=\"async\" class=\"aligncenter size-full wp-image-51884\" src=\"https:\/\/anoticiaonline.com.br\/site\/wp-content\/uploads\/2018\/03\/2-anos-thais.jpg\" alt=\"\" width=\"640\" height=\"427\" srcset=\"https:\/\/anoticiaonline.com.br\/site\/wp-content\/uploads\/2018\/03\/2-anos-thais.jpg 640w, https:\/\/anoticiaonline.com.br\/site\/wp-content\/uploads\/2018\/03\/2-anos-thais-300x200.jpg 300w\" sizes=\"(max-width: 640px) 100vw, 640px\" \/><\/a>2 ano de Thais<\/strong><\/p>\n<p>A gatinha Thais Gomes Almada festejou com muita alegria os seus dois aninhos ao lado do papai, Bruno Almada, e da mam\u00e3e, Alice Almada. A festa, com o tema, \u201cJardim Encantado\u201d, aconteceu no Fest House, no s\u00e1bado (10). Felicidades, Thais! Cr\u00e9ditos: Revele Photo.<\/p>\n<p>&nbsp;<\/p>\n<p style=\"text-align: center;\"><strong><a href=\"https:\/\/anoticiaonline.com.br\/site\/wp-content\/uploads\/2018\/03\/1-ano-vitor-emanuel.jpg\"><img decoding=\"async\" class=\"aligncenter size-full wp-image-51883\" src=\"https:\/\/anoticiaonline.com.br\/site\/wp-content\/uploads\/2018\/03\/1-ano-vitor-emanuel.jpg\" alt=\"\" width=\"427\" height=\"640\" srcset=\"https:\/\/anoticiaonline.com.br\/site\/wp-content\/uploads\/2018\/03\/1-ano-vitor-emanuel.jpg 427w, https:\/\/anoticiaonline.com.br\/site\/wp-content\/uploads\/2018\/03\/1-ano-vitor-emanuel-200x300.jpg 200w\" sizes=\"(max-width: 427px) 100vw, 427px\" \/><\/a>1 ano de V\u00edtor Emanuel<\/strong><\/p>\n<p>Rafaela de Paula e Jefferson Pereira de Jesus comemoram em grande estilo o primeiro anivers\u00e1rio de seu filho, V\u00edtor Emanuel de Paula Pereira. O gatinho apagou as velinhas em uma festa com o tema \u201cRealeza\u201d, que aconteceu em sua resid\u00eancia, no Bairro S\u00e3o Pedro, no dia 12 de mar\u00e7o. Parab\u00e9ns, V\u00edtor! Cr\u00e9ditos: Revele Photo.<\/p>\n<p>&nbsp;<\/p>\n<p style=\"text-align: center;\"><strong><a href=\"https:\/\/anoticiaonline.com.br\/site\/wp-content\/uploads\/2018\/03\/15-anos-maria-clara.jpg\"><img loading=\"lazy\" decoding=\"async\" class=\"aligncenter size-full wp-image-51885\" src=\"https:\/\/anoticiaonline.com.br\/site\/wp-content\/uploads\/2018\/03\/15-anos-maria-clara.jpg\" alt=\"\" width=\"399\" height=\"640\" srcset=\"https:\/\/anoticiaonline.com.br\/site\/wp-content\/uploads\/2018\/03\/15-anos-maria-clara.jpg 399w, https:\/\/anoticiaonline.com.br\/site\/wp-content\/uploads\/2018\/03\/15-anos-maria-clara-187x300.jpg 187w\" sizes=\"(max-width: 399px) 100vw, 399px\" \/><\/a>15 anos de Maria Clara<\/strong><\/p>\n<p>A bela Maria Clara Ribeiro Roriz comemorou a chegada dos seus 15 anos ao lado dos pais, Delma Ribeiro e Juc\u00e9lio Roriz, familiares e amigos, no s\u00e1bado (10), na Fazenda Divis\u00f3rio. Felicidades, Maria Clara! Cr\u00e9ditos: Revele Photo.<\/p>\n<p>&nbsp;<\/p>\n<p style=\"text-align: center;\"><strong><a href=\"https:\/\/anoticiaonline.com.br\/site\/wp-content\/uploads\/2018\/03\/Parab\u00e9ns-Nicodemos-cortar.jpg\"><img loading=\"lazy\" decoding=\"async\" class=\"aligncenter size-full wp-image-51886\" src=\"https:\/\/anoticiaonline.com.br\/site\/wp-content\/uploads\/2018\/03\/Parab\u00e9ns-Nicodemos-cortar.jpg\" alt=\"\" width=\"189\" height=\"447\" srcset=\"https:\/\/anoticiaonline.com.br\/site\/wp-content\/uploads\/2018\/03\/Parab\u00e9ns-Nicodemos-cortar.jpg 189w, https:\/\/anoticiaonline.com.br\/site\/wp-content\/uploads\/2018\/03\/Parab\u00e9ns-Nicodemos-cortar-127x300.jpg 127w\" sizes=\"(max-width: 189px) 100vw, 189px\" \/><\/a>Parab\u00e9ns, Nicodemos<\/strong><\/p>\n<p>Daqui os nossos parab\u00e9ns para o nosso amigo professor Jos\u00e9 Nicodemos Couto pelo seu anivers\u00e1rio na segunda-feira (12). Ele, que \u00e9 diretor da Escola S\u00e3o Paulo, vem desempenhando um bel\u00edssimo trabalho \u00e0 frente dessa centen\u00e1ria institui\u00e7\u00e3o de ensino. Parab\u00e9ns Nicodemos! Muita garra e paz para vencer as batalhas do dia a dia.<\/p>\n<p>&nbsp;<\/p>\n<p style=\"text-align: center;\"><strong><a href=\"https:\/\/anoticiaonline.com.br\/site\/wp-content\/uploads\/2018\/03\/Parab\u00e9ns-Keila.jpg\"><img loading=\"lazy\" decoding=\"async\" class=\"aligncenter size-full wp-image-51887\" src=\"https:\/\/anoticiaonline.com.br\/site\/wp-content\/uploads\/2018\/03\/Parab\u00e9ns-Keila.jpg\" alt=\"\" width=\"414\" height=\"640\" srcset=\"https:\/\/anoticiaonline.com.br\/site\/wp-content\/uploads\/2018\/03\/Parab\u00e9ns-Keila.jpg 414w, https:\/\/anoticiaonline.com.br\/site\/wp-content\/uploads\/2018\/03\/Parab\u00e9ns-Keila-194x300.jpg 194w\" sizes=\"(max-width: 414px) 100vw, 414px\" \/><\/a>Parab\u00e9ns, Keila<\/strong><\/p>\n<p>O jornal A Not\u00edcia parabeniza a advogada Keila Dias de Oliveira, que completou idade nova na ter\u00e7a-feira (13). Keila \u00e9 m\u00e3e de Hellena Maria Oliveira Santana e casada com Leonardo Santana de Souza. Felicidades, Keila!<\/p>\n<p>&nbsp;<\/p>\n","protected":false},"excerpt":{"rendered":"<p>1 ano de Valentina \u201cFundo do Mar\u201d foi o tema escolhido pelos pais, Karen Lucas e Lucas Porcaro, para comemorarem o primeiro anivers\u00e1rio da linda Valentina Petrillo Porcaro. A festa que reuniu amigos e familiares aconteceu no Clube Ribeira, no s\u00e1bado (10). Parab\u00e9ns, Valentina! Cr\u00e9ditos: Revele Photo. &nbsp; 2 ano de Thais A gatinha Thais &#8230; <a title=\"Sociarte 16.03.18\" class=\"read-more\" href=\"https:\/\/anoticiaonline.com.br\/site\/sociarte-16-03-18\/\" aria-label=\"Read more about Sociarte 16.03.18\">Ler mais<\/a><\/p>\n","protected":false},"author":2,"featured_media":0,"comment_status":"open","ping_status":"open","sticky":false,"template":"","format":"standard","meta":{"_acf_changed":false,"_monsterinsights_skip_tracking":false,"footnotes":""},"categories":[38],"tags":[565,211,366,566,393,2119,2209,335,2063],"class_list":["post-51881","post","type-post","status-publish","format-standard","hentry","category-sociarte","tag-15-anos","tag-a-noticia","tag-aniversario","tag-bodas","tag-casamento","tag-debbut","tag-felicidades","tag-jornal-a-noticia","tag-parabens"],"acf":[],"aioseo_notices":[],"aioseo_head":"\n\t\t<!-- All in One SEO 5.0.0.1 - aioseo.com -->\n\t<meta name=\"description\" content=\"1 ano de Valentina \u201cFundo do Mar\u201d foi o tema escolhido pelos pais, Karen Lucas e Lucas Porcaro, para comemorarem o primeiro anivers\u00e1rio da linda Valentina Petrillo Porcaro. A festa que reuniu amigos e familiares aconteceu no Clube Ribeira, no s\u00e1bado (10). Parab\u00e9ns, Valentina! Cr\u00e9ditos: Revele Photo. 2 ano de Thais A gatinha Thais\" \/>\n\t<meta name=\"robots\" content=\"max-image-preview:large\" \/>\n\t<meta name=\"author\" content=\"Juliana Laviola\"\/>\n\t<link rel=\"canonical\" href=\"https:\/\/anoticiaonline.com.br\/site\/sociarte-16-03-18\/\" \/>\n\t<meta name=\"generator\" content=\"All in One SEO (AIOSEO) 5.0.0.1\" \/>\n\t\t<meta property=\"og:locale\" content=\"pt_BR\" \/>\n\t\t<meta property=\"og:site_name\" content=\"A Not\u00edcia Online - Noticias de Muria\u00e9 e regi\u00e3o\" \/>\n\t\t<meta property=\"og:type\" content=\"article\" \/>\n\t\t<meta property=\"og:title\" content=\"Sociarte 16.03.18 - A Not\u00edcia Online\" \/>\n\t\t<meta property=\"og:description\" content=\"1 ano de Valentina \u201cFundo do Mar\u201d foi o tema escolhido pelos pais, Karen Lucas e Lucas Porcaro, para comemorarem o primeiro anivers\u00e1rio da linda Valentina Petrillo Porcaro. A festa que reuniu amigos e familiares aconteceu no Clube Ribeira, no s\u00e1bado (10). Parab\u00e9ns, Valentina! Cr\u00e9ditos: Revele Photo. 2 ano de Thais A gatinha Thais\" \/>\n\t\t<meta property=\"og:url\" content=\"https:\/\/anoticiaonline.com.br\/site\/sociarte-16-03-18\/\" \/>\n\t\t<meta property=\"og:image\" content=\"https:\/\/scontent-gig4-1.xx.fbcdn.net\/v\/t39.30808-1\/270437624_4564083193639691_6907940295614233970_n.jpg?stp=dst-jpg_s200x200_tt6&#038;_nc_cat=111&#038;ccb=1-7&#038;_nc_sid=f907e8&#038;_nc_ohc=SM1wRlP3lJwQ7kNvwEPuBYA&#038;_nc_oc=AdnqrjDN_BNjSSHWO-GbkIWH6fkGMLw4bqvL_NH6e2wMveX7G-rP2dAqsDSq1mJMOaY&#038;_nc_zt=24&#038;_nc_ht=scontent-gig4-1.xx&#038;_nc_gid=AoBFJeGrT1hVaew_6rchkQ&#038;oh=00_AfX7QmFGhQhG2jAllVgXCiM1ZrWgvtp80-Bfppyexh1QEg&#038;oe=689E923C\" \/>\n\t\t<meta property=\"og:image:secure_url\" content=\"https:\/\/scontent-gig4-1.xx.fbcdn.net\/v\/t39.30808-1\/270437624_4564083193639691_6907940295614233970_n.jpg?stp=dst-jpg_s200x200_tt6&#038;_nc_cat=111&#038;ccb=1-7&#038;_nc_sid=f907e8&#038;_nc_ohc=SM1wRlP3lJwQ7kNvwEPuBYA&#038;_nc_oc=AdnqrjDN_BNjSSHWO-GbkIWH6fkGMLw4bqvL_NH6e2wMveX7G-rP2dAqsDSq1mJMOaY&#038;_nc_zt=24&#038;_nc_ht=scontent-gig4-1.xx&#038;_nc_gid=AoBFJeGrT1hVaew_6rchkQ&#038;oh=00_AfX7QmFGhQhG2jAllVgXCiM1ZrWgvtp80-Bfppyexh1QEg&#038;oe=689E923C\" \/>\n\t\t<meta property=\"article:published_time\" content=\"2018-03-16T00:02:25+00:00\" \/>\n\t\t<meta property=\"article:modified_time\" content=\"2018-03-16T00:02:25+00:00\" \/>\n\t\t<meta name=\"twitter:card\" content=\"summary_large_image\" \/>\n\t\t<meta name=\"twitter:title\" content=\"Sociarte 16.03.18 - A Not\u00edcia Online\" \/>\n\t\t<meta name=\"twitter:description\" content=\"1 ano de Valentina \u201cFundo do Mar\u201d foi o tema escolhido pelos pais, Karen Lucas e Lucas Porcaro, para comemorarem o primeiro anivers\u00e1rio da linda Valentina Petrillo Porcaro. A festa que reuniu amigos e familiares aconteceu no Clube Ribeira, no s\u00e1bado (10). Parab\u00e9ns, Valentina! Cr\u00e9ditos: Revele Photo. 2 ano de Thais A gatinha Thais\" \/>\n\t\t<meta name=\"twitter:image\" content=\"https:\/\/scontent-gig4-1.xx.fbcdn.net\/v\/t39.30808-1\/270437624_4564083193639691_6907940295614233970_n.jpg?stp=dst-jpg_s200x200_tt6&amp;_nc_cat=111&amp;ccb=1-7&amp;_nc_sid=f907e8&amp;_nc_ohc=SM1wRlP3lJwQ7kNvwEPuBYA&amp;_nc_oc=AdnqrjDN_BNjSSHWO-GbkIWH6fkGMLw4bqvL_NH6e2wMveX7G-rP2dAqsDSq1mJMOaY&amp;_nc_zt=24&amp;_nc_ht=scontent-gig4-1.xx&amp;_nc_gid=AoBFJeGrT1hVaew_6rchkQ&amp;oh=00_AfX7QmFGhQhG2jAllVgXCiM1ZrWgvtp80-Bfppyexh1QEg&amp;oe=689E923C\" \/>\n\t\t<script type=\"application\/ld+json\" class=\"aioseo-schema\">\n\t\t\t{\"@context\":\"https:\\\/\\\/schema.org\",\"@graph\":[{\"@type\":\"BlogPosting\",\"@id\":\"https:\\\/\\\/anoticiaonline.com.br\\\/site\\\/sociarte-16-03-18\\\/#blogposting\",\"name\":\"Sociarte 16.03.18 - A Not\\u00edcia Online\",\"headline\":\"Sociarte 16.03.18\",\"author\":{\"@id\":\"https:\\\/\\\/anoticiaonline.com.br\\\/site\\\/author\\\/juliana\\\/#author\"},\"publisher\":{\"@id\":\"https:\\\/\\\/anoticiaonline.com.br\\\/site\\\/#organization\"},\"image\":{\"@type\":\"ImageObject\",\"url\":\"https:\\\/\\\/anoticiaonline.com.br\\\/site\\\/wp-content\\\/uploads\\\/2018\\\/03\\\/1-ano-valentina.jpg\",\"@id\":\"https:\\\/\\\/anoticiaonline.com.br\\\/site\\\/sociarte-16-03-18\\\/#articleImage\",\"width\":640,\"height\":427},\"datePublished\":\"2018-03-15T21:02:25-03:00\",\"dateModified\":\"2018-03-15T21:02:25-03:00\",\"inLanguage\":\"pt-BR\",\"mainEntityOfPage\":{\"@id\":\"https:\\\/\\\/anoticiaonline.com.br\\\/site\\\/sociarte-16-03-18\\\/#webpage\"},\"isPartOf\":{\"@id\":\"https:\\\/\\\/anoticiaonline.com.br\\\/site\\\/sociarte-16-03-18\\\/#webpage\"},\"articleSection\":\"Sociarte, 15 anos, a not\\u00edcia, anivers\\u00e1rio, bodas, casamento, debbut, felicidades, jornal a not\\u00edcia, parab\\u00e9ns\"},{\"@type\":\"BreadcrumbList\",\"@id\":\"https:\\\/\\\/anoticiaonline.com.br\\\/site\\\/sociarte-16-03-18\\\/#breadcrumblist\",\"itemListElement\":[{\"@type\":\"ListItem\",\"@id\":\"https:\\\/\\\/anoticiaonline.com.br\\\/site#listItem\",\"position\":1,\"name\":\"Home\",\"item\":\"https:\\\/\\\/anoticiaonline.com.br\\\/site\",\"nextItem\":{\"@type\":\"ListItem\",\"@id\":\"https:\\\/\\\/anoticiaonline.com.br\\\/site\\\/categoria\\\/colunistas\\\/#listItem\",\"name\":\"Colunistas\"}},{\"@type\":\"ListItem\",\"@id\":\"https:\\\/\\\/anoticiaonline.com.br\\\/site\\\/categoria\\\/colunistas\\\/#listItem\",\"position\":2,\"name\":\"Colunistas\",\"item\":\"https:\\\/\\\/anoticiaonline.com.br\\\/site\\\/categoria\\\/colunistas\\\/\",\"nextItem\":{\"@type\":\"ListItem\",\"@id\":\"https:\\\/\\\/anoticiaonline.com.br\\\/site\\\/categoria\\\/colunistas\\\/sociarte\\\/#listItem\",\"name\":\"Sociarte\"},\"previousItem\":{\"@type\":\"ListItem\",\"@id\":\"https:\\\/\\\/anoticiaonline.com.br\\\/site#listItem\",\"name\":\"Home\"}},{\"@type\":\"ListItem\",\"@id\":\"https:\\\/\\\/anoticiaonline.com.br\\\/site\\\/categoria\\\/colunistas\\\/sociarte\\\/#listItem\",\"position\":3,\"name\":\"Sociarte\",\"item\":\"https:\\\/\\\/anoticiaonline.com.br\\\/site\\\/categoria\\\/colunistas\\\/sociarte\\\/\",\"nextItem\":{\"@type\":\"ListItem\",\"@id\":\"https:\\\/\\\/anoticiaonline.com.br\\\/site\\\/sociarte-16-03-18\\\/#listItem\",\"name\":\"Sociarte 16.03.18\"},\"previousItem\":{\"@type\":\"ListItem\",\"@id\":\"https:\\\/\\\/anoticiaonline.com.br\\\/site\\\/categoria\\\/colunistas\\\/#listItem\",\"name\":\"Colunistas\"}},{\"@type\":\"ListItem\",\"@id\":\"https:\\\/\\\/anoticiaonline.com.br\\\/site\\\/sociarte-16-03-18\\\/#listItem\",\"position\":4,\"name\":\"Sociarte 16.03.18\",\"previousItem\":{\"@type\":\"ListItem\",\"@id\":\"https:\\\/\\\/anoticiaonline.com.br\\\/site\\\/categoria\\\/colunistas\\\/sociarte\\\/#listItem\",\"name\":\"Sociarte\"}}]},{\"@type\":\"Organization\",\"@id\":\"https:\\\/\\\/anoticiaonline.com.br\\\/site\\\/#organization\",\"name\":\"A Not\\u00edcia Online\",\"description\":\"Noticias de Muria\\u00e9 e regi\\u00e3o\",\"url\":\"https:\\\/\\\/anoticiaonline.com.br\\\/site\\\/\",\"logo\":{\"@type\":\"ImageObject\",\"url\":\"https:\\\/\\\/scontent-gig4-1.xx.fbcdn.net\\\/v\\\/t39.30808-1\\\/270437624_4564083193639691_6907940295614233970_n.jpg?stp=dst-jpg_s200x200_tt6&_nc_cat=111&ccb=1-7&_nc_sid=f907e8&_nc_ohc=SM1wRlP3lJwQ7kNvwEPuBYA&_nc_oc=AdnqrjDN_BNjSSHWO-GbkIWH6fkGMLw4bqvL_NH6e2wMveX7G-rP2dAqsDSq1mJMOaY&_nc_zt=24&_nc_ht=scontent-gig4-1.xx&_nc_gid=AoBFJeGrT1hVaew_6rchkQ&oh=00_AfX7QmFGhQhG2jAllVgXCiM1ZrWgvtp80-Bfppyexh1QEg&oe=689E923C\",\"@id\":\"https:\\\/\\\/anoticiaonline.com.br\\\/site\\\/sociarte-16-03-18\\\/#organizationLogo\"},\"image\":{\"@id\":\"https:\\\/\\\/anoticiaonline.com.br\\\/site\\\/sociarte-16-03-18\\\/#organizationLogo\"}},{\"@type\":\"Person\",\"@id\":\"https:\\\/\\\/anoticiaonline.com.br\\\/site\\\/author\\\/juliana\\\/#author\",\"url\":\"https:\\\/\\\/anoticiaonline.com.br\\\/site\\\/author\\\/juliana\\\/\",\"name\":\"Juliana Laviola\",\"image\":{\"@type\":\"ImageObject\",\"@id\":\"https:\\\/\\\/anoticiaonline.com.br\\\/site\\\/sociarte-16-03-18\\\/#authorImage\",\"url\":\"https:\\\/\\\/secure.gravatar.com\\\/avatar\\\/b8d45f5c699b100dfaf0e543582f38f38bf94cb7ae3a5e9abf8d891a34773335?s=96&d=mm&r=g\",\"width\":96,\"height\":96,\"caption\":\"Juliana Laviola\"}},{\"@type\":\"WebPage\",\"@id\":\"https:\\\/\\\/anoticiaonline.com.br\\\/site\\\/sociarte-16-03-18\\\/#webpage\",\"url\":\"https:\\\/\\\/anoticiaonline.com.br\\\/site\\\/sociarte-16-03-18\\\/\",\"name\":\"Sociarte 16.03.18 - A Not\\u00edcia Online\",\"description\":\"1 ano de Valentina \\u201cFundo do Mar\\u201d foi o tema escolhido pelos pais, Karen Lucas e Lucas Porcaro, para comemorarem o primeiro anivers\\u00e1rio da linda Valentina Petrillo Porcaro. A festa que reuniu amigos e familiares aconteceu no Clube Ribeira, no s\\u00e1bado (10). Parab\\u00e9ns, Valentina! Cr\\u00e9ditos: Revele Photo. 2 ano de Thais A gatinha Thais\",\"inLanguage\":\"pt-BR\",\"isPartOf\":{\"@id\":\"https:\\\/\\\/anoticiaonline.com.br\\\/site\\\/#website\"},\"breadcrumb\":{\"@id\":\"https:\\\/\\\/anoticiaonline.com.br\\\/site\\\/sociarte-16-03-18\\\/#breadcrumblist\"},\"author\":{\"@id\":\"https:\\\/\\\/anoticiaonline.com.br\\\/site\\\/author\\\/juliana\\\/#author\"},\"creator\":{\"@id\":\"https:\\\/\\\/anoticiaonline.com.br\\\/site\\\/author\\\/juliana\\\/#author\"},\"datePublished\":\"2018-03-15T21:02:25-03:00\",\"dateModified\":\"2018-03-15T21:02:25-03:00\"},{\"@type\":\"WebSite\",\"@id\":\"https:\\\/\\\/anoticiaonline.com.br\\\/site\\\/#website\",\"url\":\"https:\\\/\\\/anoticiaonline.com.br\\\/site\\\/\",\"name\":\"A Not\\u00edcia Online\",\"description\":\"Noticias de Muria\\u00e9 e regi\\u00e3o\",\"inLanguage\":\"pt-BR\",\"publisher\":{\"@id\":\"https:\\\/\\\/anoticiaonline.com.br\\\/site\\\/#organization\"}}]}\n\t\t<\/script>\n\t\t<!-- All in One SEO -->\n\n","aioseo_head_json":{"title":"Sociarte 16.03.18 - A Not\u00edcia Online","description":"1 ano de Valentina \u201cFundo do Mar\u201d foi o tema escolhido pelos pais, Karen Lucas e Lucas Porcaro, para comemorarem o primeiro anivers\u00e1rio da linda Valentina Petrillo Porcaro. A festa que reuniu amigos e familiares aconteceu no Clube Ribeira, no s\u00e1bado (10). Parab\u00e9ns, Valentina! Cr\u00e9ditos: Revele Photo. 2 ano de Thais A gatinha Thais","canonical_url":"https:\/\/anoticiaonline.com.br\/site\/sociarte-16-03-18\/","robots":"max-image-preview:large","keywords":"","webmasterTools":{"miscellaneous":""},"schema":{"@context":"https:\/\/schema.org","@graph":[{"@type":"BlogPosting","@id":"https:\/\/anoticiaonline.com.br\/site\/sociarte-16-03-18\/#blogposting","name":"Sociarte 16.03.18 - A Not\u00edcia Online","headline":"Sociarte 16.03.18","author":{"@id":"https:\/\/anoticiaonline.com.br\/site\/author\/juliana\/#author"},"publisher":{"@id":"https:\/\/anoticiaonline.com.br\/site\/#organization"},"image":{"@type":"ImageObject","url":"https:\/\/anoticiaonline.com.br\/site\/wp-content\/uploads\/2018\/03\/1-ano-valentina.jpg","@id":"https:\/\/anoticiaonline.com.br\/site\/sociarte-16-03-18\/#articleImage","width":640,"height":427},"datePublished":"2018-03-15T21:02:25-03:00","dateModified":"2018-03-15T21:02:25-03:00","inLanguage":"pt-BR","mainEntityOfPage":{"@id":"https:\/\/anoticiaonline.com.br\/site\/sociarte-16-03-18\/#webpage"},"isPartOf":{"@id":"https:\/\/anoticiaonline.com.br\/site\/sociarte-16-03-18\/#webpage"},"articleSection":"Sociarte, 15 anos, a not\u00edcia, anivers\u00e1rio, bodas, casamento, debbut, felicidades, jornal a not\u00edcia, parab\u00e9ns"},{"@type":"BreadcrumbList","@id":"https:\/\/anoticiaonline.com.br\/site\/sociarte-16-03-18\/#breadcrumblist","itemListElement":[{"@type":"ListItem","@id":"https:\/\/anoticiaonline.com.br\/site#listItem","position":1,"name":"Home","item":"https:\/\/anoticiaonline.com.br\/site","nextItem":{"@type":"ListItem","@id":"https:\/\/anoticiaonline.com.br\/site\/categoria\/colunistas\/#listItem","name":"Colunistas"}},{"@type":"ListItem","@id":"https:\/\/anoticiaonline.com.br\/site\/categoria\/colunistas\/#listItem","position":2,"name":"Colunistas","item":"https:\/\/anoticiaonline.com.br\/site\/categoria\/colunistas\/","nextItem":{"@type":"ListItem","@id":"https:\/\/anoticiaonline.com.br\/site\/categoria\/colunistas\/sociarte\/#listItem","name":"Sociarte"},"previousItem":{"@type":"ListItem","@id":"https:\/\/anoticiaonline.com.br\/site#listItem","name":"Home"}},{"@type":"ListItem","@id":"https:\/\/anoticiaonline.com.br\/site\/categoria\/colunistas\/sociarte\/#listItem","position":3,"name":"Sociarte","item":"https:\/\/anoticiaonline.com.br\/site\/categoria\/colunistas\/sociarte\/","nextItem":{"@type":"ListItem","@id":"https:\/\/anoticiaonline.com.br\/site\/sociarte-16-03-18\/#listItem","name":"Sociarte 16.03.18"},"previousItem":{"@type":"ListItem","@id":"https:\/\/anoticiaonline.com.br\/site\/categoria\/colunistas\/#listItem","name":"Colunistas"}},{"@type":"ListItem","@id":"https:\/\/anoticiaonline.com.br\/site\/sociarte-16-03-18\/#listItem","position":4,"name":"Sociarte 16.03.18","previousItem":{"@type":"ListItem","@id":"https:\/\/anoticiaonline.com.br\/site\/categoria\/colunistas\/sociarte\/#listItem","name":"Sociarte"}}]},{"@type":"Organization","@id":"https:\/\/anoticiaonline.com.br\/site\/#organization","name":"A Not\u00edcia Online","description":"Noticias de Muria\u00e9 e regi\u00e3o","url":"https:\/\/anoticiaonline.com.br\/site\/","logo":{"@type":"ImageObject","url":"https:\/\/scontent-gig4-1.xx.fbcdn.net\/v\/t39.30808-1\/270437624_4564083193639691_6907940295614233970_n.jpg?stp=dst-jpg_s200x200_tt6&_nc_cat=111&ccb=1-7&_nc_sid=f907e8&_nc_ohc=SM1wRlP3lJwQ7kNvwEPuBYA&_nc_oc=AdnqrjDN_BNjSSHWO-GbkIWH6fkGMLw4bqvL_NH6e2wMveX7G-rP2dAqsDSq1mJMOaY&_nc_zt=24&_nc_ht=scontent-gig4-1.xx&_nc_gid=AoBFJeGrT1hVaew_6rchkQ&oh=00_AfX7QmFGhQhG2jAllVgXCiM1ZrWgvtp80-Bfppyexh1QEg&oe=689E923C","@id":"https:\/\/anoticiaonline.com.br\/site\/sociarte-16-03-18\/#organizationLogo"},"image":{"@id":"https:\/\/anoticiaonline.com.br\/site\/sociarte-16-03-18\/#organizationLogo"}},{"@type":"Person","@id":"https:\/\/anoticiaonline.com.br\/site\/author\/juliana\/#author","url":"https:\/\/anoticiaonline.com.br\/site\/author\/juliana\/","name":"Juliana Laviola","image":{"@type":"ImageObject","@id":"https:\/\/anoticiaonline.com.br\/site\/sociarte-16-03-18\/#authorImage","url":"https:\/\/secure.gravatar.com\/avatar\/b8d45f5c699b100dfaf0e543582f38f38bf94cb7ae3a5e9abf8d891a34773335?s=96&d=mm&r=g","width":96,"height":96,"caption":"Juliana Laviola"}},{"@type":"WebPage","@id":"https:\/\/anoticiaonline.com.br\/site\/sociarte-16-03-18\/#webpage","url":"https:\/\/anoticiaonline.com.br\/site\/sociarte-16-03-18\/","name":"Sociarte 16.03.18 - A Not\u00edcia Online","description":"1 ano de Valentina \u201cFundo do Mar\u201d foi o tema escolhido pelos pais, Karen Lucas e Lucas Porcaro, para comemorarem o primeiro anivers\u00e1rio da linda Valentina Petrillo Porcaro. A festa que reuniu amigos e familiares aconteceu no Clube Ribeira, no s\u00e1bado (10). Parab\u00e9ns, Valentina! Cr\u00e9ditos: Revele Photo. 2 ano de Thais A gatinha Thais","inLanguage":"pt-BR","isPartOf":{"@id":"https:\/\/anoticiaonline.com.br\/site\/#website"},"breadcrumb":{"@id":"https:\/\/anoticiaonline.com.br\/site\/sociarte-16-03-18\/#breadcrumblist"},"author":{"@id":"https:\/\/anoticiaonline.com.br\/site\/author\/juliana\/#author"},"creator":{"@id":"https:\/\/anoticiaonline.com.br\/site\/author\/juliana\/#author"},"datePublished":"2018-03-15T21:02:25-03:00","dateModified":"2018-03-15T21:02:25-03:00"},{"@type":"WebSite","@id":"https:\/\/anoticiaonline.com.br\/site\/#website","url":"https:\/\/anoticiaonline.com.br\/site\/","name":"A Not\u00edcia Online","description":"Noticias de Muria\u00e9 e regi\u00e3o","inLanguage":"pt-BR","publisher":{"@id":"https:\/\/anoticiaonline.com.br\/site\/#organization"}}]},"og:locale":"pt_BR","og:site_name":"A Not\u00edcia Online - Noticias de Muria\u00e9 e regi\u00e3o","og:type":"article","og:title":"Sociarte 16.03.18 - A Not\u00edcia Online","og:description":"1 ano de Valentina \u201cFundo do Mar\u201d foi o tema escolhido pelos pais, Karen Lucas e Lucas Porcaro, para comemorarem o primeiro anivers\u00e1rio da linda Valentina Petrillo Porcaro. A festa que reuniu amigos e familiares aconteceu no Clube Ribeira, no s\u00e1bado (10). Parab\u00e9ns, Valentina! Cr\u00e9ditos: Revele Photo. 2 ano de Thais A gatinha Thais","og:url":"https:\/\/anoticiaonline.com.br\/site\/sociarte-16-03-18\/","og:image":"https:\/\/scontent-gig4-1.xx.fbcdn.net\/v\/t39.30808-1\/270437624_4564083193639691_6907940295614233970_n.jpg?stp=dst-jpg_s200x200_tt6&#038;_nc_cat=111&#038;ccb=1-7&#038;_nc_sid=f907e8&#038;_nc_ohc=SM1wRlP3lJwQ7kNvwEPuBYA&#038;_nc_oc=AdnqrjDN_BNjSSHWO-GbkIWH6fkGMLw4bqvL_NH6e2wMveX7G-rP2dAqsDSq1mJMOaY&#038;_nc_zt=24&#038;_nc_ht=scontent-gig4-1.xx&#038;_nc_gid=AoBFJeGrT1hVaew_6rchkQ&#038;oh=00_AfX7QmFGhQhG2jAllVgXCiM1ZrWgvtp80-Bfppyexh1QEg&#038;oe=689E923C","og:image:secure_url":"https:\/\/scontent-gig4-1.xx.fbcdn.net\/v\/t39.30808-1\/270437624_4564083193639691_6907940295614233970_n.jpg?stp=dst-jpg_s200x200_tt6&#038;_nc_cat=111&#038;ccb=1-7&#038;_nc_sid=f907e8&#038;_nc_ohc=SM1wRlP3lJwQ7kNvwEPuBYA&#038;_nc_oc=AdnqrjDN_BNjSSHWO-GbkIWH6fkGMLw4bqvL_NH6e2wMveX7G-rP2dAqsDSq1mJMOaY&#038;_nc_zt=24&#038;_nc_ht=scontent-gig4-1.xx&#038;_nc_gid=AoBFJeGrT1hVaew_6rchkQ&#038;oh=00_AfX7QmFGhQhG2jAllVgXCiM1ZrWgvtp80-Bfppyexh1QEg&#038;oe=689E923C","article:published_time":"2018-03-16T00:02:25+00:00","article:modified_time":"2018-03-16T00:02:25+00:00","twitter:card":"summary_large_image","twitter:title":"Sociarte 16.03.18 - A Not\u00edcia Online","twitter:description":"1 ano de Valentina \u201cFundo do Mar\u201d foi o tema escolhido pelos pais, Karen Lucas e Lucas Porcaro, para comemorarem o primeiro anivers\u00e1rio da linda Valentina Petrillo Porcaro. A festa que reuniu amigos e familiares aconteceu no Clube Ribeira, no s\u00e1bado (10). Parab\u00e9ns, Valentina! Cr\u00e9ditos: Revele Photo. 2 ano de Thais A gatinha Thais","twitter:image":"https:\/\/scontent-gig4-1.xx.fbcdn.net\/v\/t39.30808-1\/270437624_4564083193639691_6907940295614233970_n.jpg?stp=dst-jpg_s200x200_tt6&_nc_cat=111&ccb=1-7&_nc_sid=f907e8&_nc_ohc=SM1wRlP3lJwQ7kNvwEPuBYA&_nc_oc=AdnqrjDN_BNjSSHWO-GbkIWH6fkGMLw4bqvL_NH6e2wMveX7G-rP2dAqsDSq1mJMOaY&_nc_zt=24&_nc_ht=scontent-gig4-1.xx&_nc_gid=AoBFJeGrT1hVaew_6rchkQ&oh=00_AfX7QmFGhQhG2jAllVgXCiM1ZrWgvtp80-Bfppyexh1QEg&oe=689E923C"},"aioseo_meta_data":{"post_id":"51881","title":null,"description":null,"keywords":null,"keyphrases":null,"primary_term":null,"canonical_url":null,"og_title":null,"og_description":null,"og_object_type":"default","og_image_type":"default","og_image_url":null,"og_image_width":null,"og_image_height":null,"og_image_custom_url":null,"og_image_custom_fields":null,"og_video":null,"og_custom_url":null,"og_article_section":null,"og_article_tags":null,"twitter_use_og":false,"twitter_card":"default","twitter_image_type":"default","twitter_image_url":null,"twitter_image_custom_url":null,"twitter_image_custom_fields":null,"twitter_title":null,"twitter_description":null,"schema":{"blockGraphs":[],"customGraphs":[],"default":{"data":{"Article":[],"Course":[],"Dataset":[],"FAQPage":[],"Movie":[],"Person":[],"Product":[],"ProductReview":[],"Car":[],"Recipe":[],"Service":[],"SoftwareApplication":[],"WebPage":[]},"graphName":"","isEnabled":true},"graphs":[]},"schema_type":"default","schema_type_options":null,"pillar_content":false,"robots_default":true,"robots_noindex":false,"robots_noarchive":false,"robots_nosnippet":false,"robots_nofollow":false,"robots_noimageindex":false,"robots_noodp":false,"robots_notranslate":false,"robots_max_snippet":null,"robots_max_videopreview":null,"robots_max_imagepreview":"large","priority":null,"frequency":null,"local_seo":null,"breadcrumb_settings":null,"limit_modified_date":false,"ai":null,"created":"2025-08-16 20:32:54","updated":"2025-08-16 20:32:54","focus_keyword":null,"additional_keywords":null,"truseo_locale":null,"seo_analyzer_scan_date":null},"aioseo_breadcrumb":"<div class=\"aioseo-breadcrumbs\"><span class=\"aioseo-breadcrumb\">\n\t\t\t<a href=\"https:\/\/anoticiaonline.com.br\/site\" title=\"Home\">Home<\/a>\n\t\t<\/span><span class=\"aioseo-breadcrumb-separator\">&raquo;<\/span><span class=\"aioseo-breadcrumb\">\n\t\t\t<a href=\"https:\/\/anoticiaonline.com.br\/site\/categoria\/colunistas\/\" title=\"Colunistas\">Colunistas<\/a>\n\t\t<\/span><span class=\"aioseo-breadcrumb-separator\">&raquo;<\/span><span class=\"aioseo-breadcrumb\">\n\t\t\t<a href=\"https:\/\/anoticiaonline.com.br\/site\/categoria\/colunistas\/sociarte\/\" title=\"Sociarte\">Sociarte<\/a>\n\t\t<\/span><span class=\"aioseo-breadcrumb-separator\">&raquo;<\/span><span class=\"aioseo-breadcrumb\">\n\t\t\tSociarte 16.03.18\n\t\t<\/span><\/div>","aioseo_breadcrumb_json":[{"label":"Home","link":"https:\/\/anoticiaonline.com.br\/site"},{"label":"Colunistas","link":"https:\/\/anoticiaonline.com.br\/site\/categoria\/colunistas\/"},{"label":"Sociarte","link":"https:\/\/anoticiaonline.com.br\/site\/categoria\/colunistas\/sociarte\/"},{"label":"Sociarte 16.03.18","link":"https:\/\/anoticiaonline.com.br\/site\/sociarte-16-03-18\/"}],"views":124,"_links":{"self":[{"href":"https:\/\/anoticiaonline.com.br\/site\/wp-json\/wp\/v2\/posts\/51881","targetHints":{"allow":["GET"]}}],"collection":[{"href":"https:\/\/anoticiaonline.com.br\/site\/wp-json\/wp\/v2\/posts"}],"about":[{"href":"https:\/\/anoticiaonline.com.br\/site\/wp-json\/wp\/v2\/types\/post"}],"author":[{"embeddable":true,"href":"https:\/\/anoticiaonline.com.br\/site\/wp-json\/wp\/v2\/users\/2"}],"replies":[{"embeddable":true,"href":"https:\/\/anoticiaonline.com.br\/site\/wp-json\/wp\/v2\/comments?post=51881"}],"version-history":[{"count":0,"href":"https:\/\/anoticiaonline.com.br\/site\/wp-json\/wp\/v2\/posts\/51881\/revisions"}],"wp:attachment":[{"href":"https:\/\/anoticiaonline.com.br\/site\/wp-json\/wp\/v2\/media?parent=51881"}],"wp:term":[{"taxonomy":"category","embeddable":true,"href":"https:\/\/anoticiaonline.com.br\/site\/wp-json\/wp\/v2\/categories?post=51881"},{"taxonomy":"post_tag","embeddable":true,"href":"https:\/\/anoticiaonline.com.br\/site\/wp-json\/wp\/v2\/tags?post=51881"}],"curies":[{"name":"wp","href":"https:\/\/api.w.org\/{rel}","templated":true}]}}