{"id":51811,"date":"2018-03-15T20:26:49","date_gmt":"2018-03-15T23:26:49","guid":{"rendered":"http:\/\/anoticiaonline.com.br\/site\/?p=51811"},"modified":"2018-03-15T20:27:20","modified_gmt":"2018-03-15T23:27:20","slug":"colina-country-club-promove-confraternizacao-pelo-dia-internacional-da-mulher","status":"publish","type":"post","link":"https:\/\/anoticiaonline.com.br\/site\/colina-country-club-promove-confraternizacao-pelo-dia-internacional-da-mulher\/","title":{"rendered":"Colina Country Club promove confraterniza\u00e7\u00e3o pelo Dia Internacional da Mulher"},"content":{"rendered":"<p><a href=\"https:\/\/anoticiaonline.com.br\/site\/wp-content\/uploads\/2018\/03\/A-NOT\u00cdCIA-COLINA-4.jpg\"><img fetchpriority=\"high\" decoding=\"async\" class=\"aligncenter size-full wp-image-51819\" src=\"https:\/\/anoticiaonline.com.br\/site\/wp-content\/uploads\/2018\/03\/A-NOT\u00cdCIA-COLINA-4.jpg\" alt=\"\" width=\"640\" height=\"426\" srcset=\"https:\/\/anoticiaonline.com.br\/site\/wp-content\/uploads\/2018\/03\/A-NOT\u00cdCIA-COLINA-4.jpg 640w, https:\/\/anoticiaonline.com.br\/site\/wp-content\/uploads\/2018\/03\/A-NOT\u00cdCIA-COLINA-4-300x200.jpg 300w\" sizes=\"(max-width: 640px) 100vw, 640px\" \/><\/a>O Colina Country Club promoveu um confraterniza\u00e7\u00e3o pelo Dia Internacional da Mulher na noite de sexta-feira (9), reunindo s\u00f3cios e convidados, juntamente com seus familiares, para uma celebra\u00e7\u00e3o com m\u00fasica ao vivo com a dupla Tiago e Gena\u00edna, distribui\u00e7\u00e3o de brindes e sorteio de pr\u00eamios.<\/p>\n<p>A ideia da festa foi da primeira-dama do clube, Rita de C\u00e1ssia Gomes, que contou com o aux\u00edlio de seu marido, o presidente Ant\u00f4nio Gomes.<\/p>\n<p>\u201cA ideia foi homenagear todas as mulheres num \u00e2mbito geral e n\u00e3o somente as m\u00e3es, como realizamos em maio. Ano passado foi um sucesso e, este ano, foi ainda maior, pretendemos dar prosseguimento nos anos seguintes. Para os brindes, contamos com a colabora\u00e7\u00e3o de alguns amigos e confeccionamos as lembrancinhas. Foi algo simples, mas de cora\u00e7\u00e3o para a nossa associada\u201d, diz Rita.<\/p>\n<p>De acordo com Ant\u00f4nio Gomes, a festa tem como objetivo valorizar e lembrar o papel da mulher na sociedade.<\/p>\n<p>\u201cSabemos o quanto a mulher \u00e9 importante para todos n\u00f3s. Ent\u00e3o, minha esposa Rita, com a ajuda dos membros da secretaria, organizaram esta festa que, pelo segundo ano consecutivo, re\u00fane fam\u00edlias inteiras em uma noite muito agrad\u00e1vel. Aproveito a oportunidade para agradecer aos diretores e empres\u00e1rios que contribu\u00edram com a doa\u00e7\u00e3o dos brindes que foram sorteados nesta noite especial\u201d, conta.<\/p>\n<p><a href=\"https:\/\/anoticiaonline.com.br\/site\/wp-content\/uploads\/2018\/03\/A-NOT\u00cdCIA-COLINA-5.jpg\"><img decoding=\"async\" class=\"aligncenter size-full wp-image-51820\" src=\"https:\/\/anoticiaonline.com.br\/site\/wp-content\/uploads\/2018\/03\/A-NOT\u00cdCIA-COLINA-5.jpg\" alt=\"\" width=\"581\" height=\"387\" srcset=\"https:\/\/anoticiaonline.com.br\/site\/wp-content\/uploads\/2018\/03\/A-NOT\u00cdCIA-COLINA-5.jpg 581w, https:\/\/anoticiaonline.com.br\/site\/wp-content\/uploads\/2018\/03\/A-NOT\u00cdCIA-COLINA-5-300x200.jpg 300w\" sizes=\"(max-width: 581px) 100vw, 581px\" \/><\/a><\/p>\n<p><a href=\"https:\/\/anoticiaonline.com.br\/site\/wp-content\/uploads\/2018\/03\/A-NOT\u00cdCIA-COLINA-6.jpg\"><img decoding=\"async\" class=\"aligncenter size-full wp-image-51821\" src=\"https:\/\/anoticiaonline.com.br\/site\/wp-content\/uploads\/2018\/03\/A-NOT\u00cdCIA-COLINA-6.jpg\" alt=\"\" width=\"640\" height=\"426\" srcset=\"https:\/\/anoticiaonline.com.br\/site\/wp-content\/uploads\/2018\/03\/A-NOT\u00cdCIA-COLINA-6.jpg 640w, https:\/\/anoticiaonline.com.br\/site\/wp-content\/uploads\/2018\/03\/A-NOT\u00cdCIA-COLINA-6-300x200.jpg 300w\" sizes=\"(max-width: 640px) 100vw, 640px\" \/><\/a><\/p>\n<p><img decoding=\"async\" class=\"ngg_displayed_gallery mceItem\" src=\"https:\/\/anoticiaonline.com.br\/site\/nextgen-attach_to_post\/preview\/id--51863\" \/><\/p>\n<p>&nbsp;<\/p>\n<p>&nbsp;<\/p>\n<p>&nbsp;<\/p>\n<p>&nbsp;<\/p>\n","protected":false},"excerpt":{"rendered":"<p>O Colina Country Club promoveu um confraterniza\u00e7\u00e3o pelo Dia Internacional da Mulher na noite de sexta-feira (9), reunindo s\u00f3cios e convidados, juntamente com seus familiares, para uma celebra\u00e7\u00e3o com m\u00fasica ao vivo com a dupla Tiago e Gena\u00edna, distribui\u00e7\u00e3o de brindes e sorteio de pr\u00eamios. A ideia da festa foi da primeira-dama do clube, Rita &#8230; <a title=\"Colina Country Club promove confraterniza\u00e7\u00e3o pelo Dia Internacional da Mulher\" class=\"read-more\" href=\"https:\/\/anoticiaonline.com.br\/site\/colina-country-club-promove-confraternizacao-pelo-dia-internacional-da-mulher\/\" aria-label=\"Read more about Colina Country Club promove confraterniza\u00e7\u00e3o pelo Dia Internacional da Mulher\">Ler mais<\/a><\/p>\n","protected":false},"author":2,"featured_media":51819,"comment_status":"open","ping_status":"open","sticky":false,"template":"","format":"standard","meta":{"_acf_changed":false,"_monsterinsights_skip_tracking":false,"footnotes":""},"categories":[24],"tags":[2204,28,600,2132,2205,2203],"class_list":["post-51811","post","type-post","status-publish","format-standard","has-post-thumbnail","hentry","category-eventos","tag-antonio-gomes","tag-colina","tag-colina-country-club","tag-dia-internacional-da-mulher","tag-rita-de-cassia-gomes","tag-tiago-e-genaina"],"acf":[],"aioseo_notices":[],"aioseo_head":"\n\t\t<!-- All in One SEO 5.0.0.1 - aioseo.com -->\n\t<meta name=\"description\" content=\"O Colina Country Club promoveu um confraterniza\u00e7\u00e3o pelo Dia Internacional da Mulher na noite de sexta-feira (9), reunindo s\u00f3cios e convidados, juntamente com seus familiares, para uma celebra\u00e7\u00e3o com m\u00fasica ao vivo com a dupla Tiago e Gena\u00edna, distribui\u00e7\u00e3o de brindes e sorteio de pr\u00eamios. A ideia da festa foi da primeira-dama do clube, Rita\" \/>\n\t<meta name=\"robots\" content=\"max-image-preview:large\" \/>\n\t<meta name=\"author\" content=\"Juliana Laviola\"\/>\n\t<link rel=\"canonical\" href=\"https:\/\/anoticiaonline.com.br\/site\/colina-country-club-promove-confraternizacao-pelo-dia-internacional-da-mulher\/\" \/>\n\t<meta name=\"generator\" content=\"All in One SEO (AIOSEO) 5.0.0.1\" \/>\n\t\t<meta property=\"og:locale\" content=\"pt_BR\" \/>\n\t\t<meta property=\"og:site_name\" content=\"A Not\u00edcia Online - Noticias de Muria\u00e9 e regi\u00e3o\" \/>\n\t\t<meta property=\"og:type\" content=\"article\" \/>\n\t\t<meta property=\"og:title\" content=\"Colina Country Club promove confraterniza\u00e7\u00e3o pelo Dia Internacional da Mulher - A Not\u00edcia Online\" \/>\n\t\t<meta property=\"og:description\" content=\"O Colina Country Club promoveu um confraterniza\u00e7\u00e3o pelo Dia Internacional da Mulher na noite de sexta-feira (9), reunindo s\u00f3cios e convidados, juntamente com seus familiares, para uma celebra\u00e7\u00e3o com m\u00fasica ao vivo com a dupla Tiago e Gena\u00edna, distribui\u00e7\u00e3o de brindes e sorteio de pr\u00eamios. A ideia da festa foi da primeira-dama do clube, Rita\" \/>\n\t\t<meta property=\"og:url\" content=\"https:\/\/anoticiaonline.com.br\/site\/colina-country-club-promove-confraternizacao-pelo-dia-internacional-da-mulher\/\" \/>\n\t\t<meta property=\"og:image\" content=\"https:\/\/scontent-gig4-1.xx.fbcdn.net\/v\/t39.30808-1\/270437624_4564083193639691_6907940295614233970_n.jpg?stp=dst-jpg_s200x200_tt6&#038;_nc_cat=111&#038;ccb=1-7&#038;_nc_sid=f907e8&#038;_nc_ohc=SM1wRlP3lJwQ7kNvwEPuBYA&#038;_nc_oc=AdnqrjDN_BNjSSHWO-GbkIWH6fkGMLw4bqvL_NH6e2wMveX7G-rP2dAqsDSq1mJMOaY&#038;_nc_zt=24&#038;_nc_ht=scontent-gig4-1.xx&#038;_nc_gid=AoBFJeGrT1hVaew_6rchkQ&#038;oh=00_AfX7QmFGhQhG2jAllVgXCiM1ZrWgvtp80-Bfppyexh1QEg&#038;oe=689E923C\" \/>\n\t\t<meta property=\"og:image:secure_url\" content=\"https:\/\/scontent-gig4-1.xx.fbcdn.net\/v\/t39.30808-1\/270437624_4564083193639691_6907940295614233970_n.jpg?stp=dst-jpg_s200x200_tt6&#038;_nc_cat=111&#038;ccb=1-7&#038;_nc_sid=f907e8&#038;_nc_ohc=SM1wRlP3lJwQ7kNvwEPuBYA&#038;_nc_oc=AdnqrjDN_BNjSSHWO-GbkIWH6fkGMLw4bqvL_NH6e2wMveX7G-rP2dAqsDSq1mJMOaY&#038;_nc_zt=24&#038;_nc_ht=scontent-gig4-1.xx&#038;_nc_gid=AoBFJeGrT1hVaew_6rchkQ&#038;oh=00_AfX7QmFGhQhG2jAllVgXCiM1ZrWgvtp80-Bfppyexh1QEg&#038;oe=689E923C\" \/>\n\t\t<meta property=\"article:published_time\" content=\"2018-03-15T23:26:49+00:00\" \/>\n\t\t<meta property=\"article:modified_time\" content=\"2018-03-15T23:27:20+00:00\" \/>\n\t\t<meta name=\"twitter:card\" content=\"summary_large_image\" \/>\n\t\t<meta name=\"twitter:title\" content=\"Colina Country Club promove confraterniza\u00e7\u00e3o pelo Dia Internacional da Mulher - A Not\u00edcia Online\" \/>\n\t\t<meta name=\"twitter:description\" content=\"O Colina Country Club promoveu um confraterniza\u00e7\u00e3o pelo Dia Internacional da Mulher na noite de sexta-feira (9), reunindo s\u00f3cios e convidados, juntamente com seus familiares, para uma celebra\u00e7\u00e3o com m\u00fasica ao vivo com a dupla Tiago e Gena\u00edna, distribui\u00e7\u00e3o de brindes e sorteio de pr\u00eamios. A ideia da festa foi da primeira-dama do clube, Rita\" \/>\n\t\t<meta name=\"twitter:image\" content=\"https:\/\/scontent-gig4-1.xx.fbcdn.net\/v\/t39.30808-1\/270437624_4564083193639691_6907940295614233970_n.jpg?stp=dst-jpg_s200x200_tt6&amp;_nc_cat=111&amp;ccb=1-7&amp;_nc_sid=f907e8&amp;_nc_ohc=SM1wRlP3lJwQ7kNvwEPuBYA&amp;_nc_oc=AdnqrjDN_BNjSSHWO-GbkIWH6fkGMLw4bqvL_NH6e2wMveX7G-rP2dAqsDSq1mJMOaY&amp;_nc_zt=24&amp;_nc_ht=scontent-gig4-1.xx&amp;_nc_gid=AoBFJeGrT1hVaew_6rchkQ&amp;oh=00_AfX7QmFGhQhG2jAllVgXCiM1ZrWgvtp80-Bfppyexh1QEg&amp;oe=689E923C\" \/>\n\t\t<script type=\"application\/ld+json\" class=\"aioseo-schema\">\n\t\t\t{\"@context\":\"https:\\\/\\\/schema.org\",\"@graph\":[{\"@type\":\"BlogPosting\",\"@id\":\"https:\\\/\\\/anoticiaonline.com.br\\\/site\\\/colina-country-club-promove-confraternizacao-pelo-dia-internacional-da-mulher\\\/#blogposting\",\"name\":\"Colina Country Club promove confraterniza\\u00e7\\u00e3o pelo Dia Internacional da Mulher - A Not\\u00edcia Online\",\"headline\":\"Colina Country Club promove confraterniza\\u00e7\\u00e3o pelo Dia Internacional da Mulher\",\"author\":{\"@id\":\"https:\\\/\\\/anoticiaonline.com.br\\\/site\\\/author\\\/juliana\\\/#author\"},\"publisher\":{\"@id\":\"https:\\\/\\\/anoticiaonline.com.br\\\/site\\\/#organization\"},\"image\":{\"@type\":\"ImageObject\",\"url\":\"https:\\\/\\\/anoticiaonline.com.br\\\/site\\\/wp-content\\\/uploads\\\/2018\\\/03\\\/A-NOT\\u00cdCIA-COLINA-4.jpg\",\"width\":640,\"height\":426},\"datePublished\":\"2018-03-15T20:26:49-03:00\",\"dateModified\":\"2018-03-15T20:27:20-03:00\",\"inLanguage\":\"pt-BR\",\"mainEntityOfPage\":{\"@id\":\"https:\\\/\\\/anoticiaonline.com.br\\\/site\\\/colina-country-club-promove-confraternizacao-pelo-dia-internacional-da-mulher\\\/#webpage\"},\"isPartOf\":{\"@id\":\"https:\\\/\\\/anoticiaonline.com.br\\\/site\\\/colina-country-club-promove-confraternizacao-pelo-dia-internacional-da-mulher\\\/#webpage\"},\"articleSection\":\"Eventos, Ant\\u00f4nio Gomes, Colina, Colina Country Club, Dia Internacional da Mulher, Rita de C\\u00e1ssia Gomes, Tiago e Gena\\u00edna\"},{\"@type\":\"BreadcrumbList\",\"@id\":\"https:\\\/\\\/anoticiaonline.com.br\\\/site\\\/colina-country-club-promove-confraternizacao-pelo-dia-internacional-da-mulher\\\/#breadcrumblist\",\"itemListElement\":[{\"@type\":\"ListItem\",\"@id\":\"https:\\\/\\\/anoticiaonline.com.br\\\/site#listItem\",\"position\":1,\"name\":\"Home\",\"item\":\"https:\\\/\\\/anoticiaonline.com.br\\\/site\",\"nextItem\":{\"@type\":\"ListItem\",\"@id\":\"https:\\\/\\\/anoticiaonline.com.br\\\/site\\\/categoria\\\/eventos\\\/#listItem\",\"name\":\"Eventos\"}},{\"@type\":\"ListItem\",\"@id\":\"https:\\\/\\\/anoticiaonline.com.br\\\/site\\\/categoria\\\/eventos\\\/#listItem\",\"position\":2,\"name\":\"Eventos\",\"item\":\"https:\\\/\\\/anoticiaonline.com.br\\\/site\\\/categoria\\\/eventos\\\/\",\"nextItem\":{\"@type\":\"ListItem\",\"@id\":\"https:\\\/\\\/anoticiaonline.com.br\\\/site\\\/colina-country-club-promove-confraternizacao-pelo-dia-internacional-da-mulher\\\/#listItem\",\"name\":\"Colina Country Club promove confraterniza\\u00e7\\u00e3o pelo Dia Internacional da Mulher\"},\"previousItem\":{\"@type\":\"ListItem\",\"@id\":\"https:\\\/\\\/anoticiaonline.com.br\\\/site#listItem\",\"name\":\"Home\"}},{\"@type\":\"ListItem\",\"@id\":\"https:\\\/\\\/anoticiaonline.com.br\\\/site\\\/colina-country-club-promove-confraternizacao-pelo-dia-internacional-da-mulher\\\/#listItem\",\"position\":3,\"name\":\"Colina Country Club promove confraterniza\\u00e7\\u00e3o pelo Dia Internacional da Mulher\",\"previousItem\":{\"@type\":\"ListItem\",\"@id\":\"https:\\\/\\\/anoticiaonline.com.br\\\/site\\\/categoria\\\/eventos\\\/#listItem\",\"name\":\"Eventos\"}}]},{\"@type\":\"Organization\",\"@id\":\"https:\\\/\\\/anoticiaonline.com.br\\\/site\\\/#organization\",\"name\":\"A Not\\u00edcia Online\",\"description\":\"Noticias de Muria\\u00e9 e regi\\u00e3o\",\"url\":\"https:\\\/\\\/anoticiaonline.com.br\\\/site\\\/\",\"logo\":{\"@type\":\"ImageObject\",\"url\":\"https:\\\/\\\/scontent-gig4-1.xx.fbcdn.net\\\/v\\\/t39.30808-1\\\/270437624_4564083193639691_6907940295614233970_n.jpg?stp=dst-jpg_s200x200_tt6&_nc_cat=111&ccb=1-7&_nc_sid=f907e8&_nc_ohc=SM1wRlP3lJwQ7kNvwEPuBYA&_nc_oc=AdnqrjDN_BNjSSHWO-GbkIWH6fkGMLw4bqvL_NH6e2wMveX7G-rP2dAqsDSq1mJMOaY&_nc_zt=24&_nc_ht=scontent-gig4-1.xx&_nc_gid=AoBFJeGrT1hVaew_6rchkQ&oh=00_AfX7QmFGhQhG2jAllVgXCiM1ZrWgvtp80-Bfppyexh1QEg&oe=689E923C\",\"@id\":\"https:\\\/\\\/anoticiaonline.com.br\\\/site\\\/colina-country-club-promove-confraternizacao-pelo-dia-internacional-da-mulher\\\/#organizationLogo\"},\"image\":{\"@id\":\"https:\\\/\\\/anoticiaonline.com.br\\\/site\\\/colina-country-club-promove-confraternizacao-pelo-dia-internacional-da-mulher\\\/#organizationLogo\"}},{\"@type\":\"Person\",\"@id\":\"https:\\\/\\\/anoticiaonline.com.br\\\/site\\\/author\\\/juliana\\\/#author\",\"url\":\"https:\\\/\\\/anoticiaonline.com.br\\\/site\\\/author\\\/juliana\\\/\",\"name\":\"Juliana Laviola\",\"image\":{\"@type\":\"ImageObject\",\"@id\":\"https:\\\/\\\/anoticiaonline.com.br\\\/site\\\/colina-country-club-promove-confraternizacao-pelo-dia-internacional-da-mulher\\\/#authorImage\",\"url\":\"https:\\\/\\\/secure.gravatar.com\\\/avatar\\\/b8d45f5c699b100dfaf0e543582f38f38bf94cb7ae3a5e9abf8d891a34773335?s=96&d=mm&r=g\",\"width\":96,\"height\":96,\"caption\":\"Juliana Laviola\"}},{\"@type\":\"WebPage\",\"@id\":\"https:\\\/\\\/anoticiaonline.com.br\\\/site\\\/colina-country-club-promove-confraternizacao-pelo-dia-internacional-da-mulher\\\/#webpage\",\"url\":\"https:\\\/\\\/anoticiaonline.com.br\\\/site\\\/colina-country-club-promove-confraternizacao-pelo-dia-internacional-da-mulher\\\/\",\"name\":\"Colina Country Club promove confraterniza\\u00e7\\u00e3o pelo Dia Internacional da Mulher - A Not\\u00edcia Online\",\"description\":\"O Colina Country Club promoveu um confraterniza\\u00e7\\u00e3o pelo Dia Internacional da Mulher na noite de sexta-feira (9), reunindo s\\u00f3cios e convidados, juntamente com seus familiares, para uma celebra\\u00e7\\u00e3o com m\\u00fasica ao vivo com a dupla Tiago e Gena\\u00edna, distribui\\u00e7\\u00e3o de brindes e sorteio de pr\\u00eamios. A ideia da festa foi da primeira-dama do clube, Rita\",\"inLanguage\":\"pt-BR\",\"isPartOf\":{\"@id\":\"https:\\\/\\\/anoticiaonline.com.br\\\/site\\\/#website\"},\"breadcrumb\":{\"@id\":\"https:\\\/\\\/anoticiaonline.com.br\\\/site\\\/colina-country-club-promove-confraternizacao-pelo-dia-internacional-da-mulher\\\/#breadcrumblist\"},\"author\":{\"@id\":\"https:\\\/\\\/anoticiaonline.com.br\\\/site\\\/author\\\/juliana\\\/#author\"},\"creator\":{\"@id\":\"https:\\\/\\\/anoticiaonline.com.br\\\/site\\\/author\\\/juliana\\\/#author\"},\"image\":{\"@type\":\"ImageObject\",\"url\":\"https:\\\/\\\/anoticiaonline.com.br\\\/site\\\/wp-content\\\/uploads\\\/2018\\\/03\\\/A-NOT\\u00cdCIA-COLINA-4.jpg\",\"@id\":\"https:\\\/\\\/anoticiaonline.com.br\\\/site\\\/colina-country-club-promove-confraternizacao-pelo-dia-internacional-da-mulher\\\/#mainImage\",\"width\":640,\"height\":426},\"primaryImageOfPage\":{\"@id\":\"https:\\\/\\\/anoticiaonline.com.br\\\/site\\\/colina-country-club-promove-confraternizacao-pelo-dia-internacional-da-mulher\\\/#mainImage\"},\"datePublished\":\"2018-03-15T20:26:49-03:00\",\"dateModified\":\"2018-03-15T20:27:20-03:00\"},{\"@type\":\"WebSite\",\"@id\":\"https:\\\/\\\/anoticiaonline.com.br\\\/site\\\/#website\",\"url\":\"https:\\\/\\\/anoticiaonline.com.br\\\/site\\\/\",\"name\":\"A Not\\u00edcia Online\",\"description\":\"Noticias de Muria\\u00e9 e regi\\u00e3o\",\"inLanguage\":\"pt-BR\",\"publisher\":{\"@id\":\"https:\\\/\\\/anoticiaonline.com.br\\\/site\\\/#organization\"}}]}\n\t\t<\/script>\n\t\t<!-- All in One SEO -->\n\n","aioseo_head_json":{"title":"Colina Country Club promove confraterniza\u00e7\u00e3o pelo Dia Internacional da Mulher - A Not\u00edcia Online","description":"O Colina Country Club promoveu um confraterniza\u00e7\u00e3o pelo Dia Internacional da Mulher na noite de sexta-feira (9), reunindo s\u00f3cios e convidados, juntamente com seus familiares, para uma celebra\u00e7\u00e3o com m\u00fasica ao vivo com a dupla Tiago e Gena\u00edna, distribui\u00e7\u00e3o de brindes e sorteio de pr\u00eamios. A ideia da festa foi da primeira-dama do clube, Rita","canonical_url":"https:\/\/anoticiaonline.com.br\/site\/colina-country-club-promove-confraternizacao-pelo-dia-internacional-da-mulher\/","robots":"max-image-preview:large","keywords":"","webmasterTools":{"miscellaneous":""},"schema":{"@context":"https:\/\/schema.org","@graph":[{"@type":"BlogPosting","@id":"https:\/\/anoticiaonline.com.br\/site\/colina-country-club-promove-confraternizacao-pelo-dia-internacional-da-mulher\/#blogposting","name":"Colina Country Club promove confraterniza\u00e7\u00e3o pelo Dia Internacional da Mulher - A Not\u00edcia Online","headline":"Colina Country Club promove confraterniza\u00e7\u00e3o pelo Dia Internacional da Mulher","author":{"@id":"https:\/\/anoticiaonline.com.br\/site\/author\/juliana\/#author"},"publisher":{"@id":"https:\/\/anoticiaonline.com.br\/site\/#organization"},"image":{"@type":"ImageObject","url":"https:\/\/anoticiaonline.com.br\/site\/wp-content\/uploads\/2018\/03\/A-NOT\u00cdCIA-COLINA-4.jpg","width":640,"height":426},"datePublished":"2018-03-15T20:26:49-03:00","dateModified":"2018-03-15T20:27:20-03:00","inLanguage":"pt-BR","mainEntityOfPage":{"@id":"https:\/\/anoticiaonline.com.br\/site\/colina-country-club-promove-confraternizacao-pelo-dia-internacional-da-mulher\/#webpage"},"isPartOf":{"@id":"https:\/\/anoticiaonline.com.br\/site\/colina-country-club-promove-confraternizacao-pelo-dia-internacional-da-mulher\/#webpage"},"articleSection":"Eventos, Ant\u00f4nio Gomes, Colina, Colina Country Club, Dia Internacional da Mulher, Rita de C\u00e1ssia Gomes, Tiago e Gena\u00edna"},{"@type":"BreadcrumbList","@id":"https:\/\/anoticiaonline.com.br\/site\/colina-country-club-promove-confraternizacao-pelo-dia-internacional-da-mulher\/#breadcrumblist","itemListElement":[{"@type":"ListItem","@id":"https:\/\/anoticiaonline.com.br\/site#listItem","position":1,"name":"Home","item":"https:\/\/anoticiaonline.com.br\/site","nextItem":{"@type":"ListItem","@id":"https:\/\/anoticiaonline.com.br\/site\/categoria\/eventos\/#listItem","name":"Eventos"}},{"@type":"ListItem","@id":"https:\/\/anoticiaonline.com.br\/site\/categoria\/eventos\/#listItem","position":2,"name":"Eventos","item":"https:\/\/anoticiaonline.com.br\/site\/categoria\/eventos\/","nextItem":{"@type":"ListItem","@id":"https:\/\/anoticiaonline.com.br\/site\/colina-country-club-promove-confraternizacao-pelo-dia-internacional-da-mulher\/#listItem","name":"Colina Country Club promove confraterniza\u00e7\u00e3o pelo Dia Internacional da Mulher"},"previousItem":{"@type":"ListItem","@id":"https:\/\/anoticiaonline.com.br\/site#listItem","name":"Home"}},{"@type":"ListItem","@id":"https:\/\/anoticiaonline.com.br\/site\/colina-country-club-promove-confraternizacao-pelo-dia-internacional-da-mulher\/#listItem","position":3,"name":"Colina Country Club promove confraterniza\u00e7\u00e3o pelo Dia Internacional da Mulher","previousItem":{"@type":"ListItem","@id":"https:\/\/anoticiaonline.com.br\/site\/categoria\/eventos\/#listItem","name":"Eventos"}}]},{"@type":"Organization","@id":"https:\/\/anoticiaonline.com.br\/site\/#organization","name":"A Not\u00edcia Online","description":"Noticias de Muria\u00e9 e regi\u00e3o","url":"https:\/\/anoticiaonline.com.br\/site\/","logo":{"@type":"ImageObject","url":"https:\/\/scontent-gig4-1.xx.fbcdn.net\/v\/t39.30808-1\/270437624_4564083193639691_6907940295614233970_n.jpg?stp=dst-jpg_s200x200_tt6&_nc_cat=111&ccb=1-7&_nc_sid=f907e8&_nc_ohc=SM1wRlP3lJwQ7kNvwEPuBYA&_nc_oc=AdnqrjDN_BNjSSHWO-GbkIWH6fkGMLw4bqvL_NH6e2wMveX7G-rP2dAqsDSq1mJMOaY&_nc_zt=24&_nc_ht=scontent-gig4-1.xx&_nc_gid=AoBFJeGrT1hVaew_6rchkQ&oh=00_AfX7QmFGhQhG2jAllVgXCiM1ZrWgvtp80-Bfppyexh1QEg&oe=689E923C","@id":"https:\/\/anoticiaonline.com.br\/site\/colina-country-club-promove-confraternizacao-pelo-dia-internacional-da-mulher\/#organizationLogo"},"image":{"@id":"https:\/\/anoticiaonline.com.br\/site\/colina-country-club-promove-confraternizacao-pelo-dia-internacional-da-mulher\/#organizationLogo"}},{"@type":"Person","@id":"https:\/\/anoticiaonline.com.br\/site\/author\/juliana\/#author","url":"https:\/\/anoticiaonline.com.br\/site\/author\/juliana\/","name":"Juliana Laviola","image":{"@type":"ImageObject","@id":"https:\/\/anoticiaonline.com.br\/site\/colina-country-club-promove-confraternizacao-pelo-dia-internacional-da-mulher\/#authorImage","url":"https:\/\/secure.gravatar.com\/avatar\/b8d45f5c699b100dfaf0e543582f38f38bf94cb7ae3a5e9abf8d891a34773335?s=96&d=mm&r=g","width":96,"height":96,"caption":"Juliana Laviola"}},{"@type":"WebPage","@id":"https:\/\/anoticiaonline.com.br\/site\/colina-country-club-promove-confraternizacao-pelo-dia-internacional-da-mulher\/#webpage","url":"https:\/\/anoticiaonline.com.br\/site\/colina-country-club-promove-confraternizacao-pelo-dia-internacional-da-mulher\/","name":"Colina Country Club promove confraterniza\u00e7\u00e3o pelo Dia Internacional da Mulher - A Not\u00edcia Online","description":"O Colina Country Club promoveu um confraterniza\u00e7\u00e3o pelo Dia Internacional da Mulher na noite de sexta-feira (9), reunindo s\u00f3cios e convidados, juntamente com seus familiares, para uma celebra\u00e7\u00e3o com m\u00fasica ao vivo com a dupla Tiago e Gena\u00edna, distribui\u00e7\u00e3o de brindes e sorteio de pr\u00eamios. A ideia da festa foi da primeira-dama do clube, Rita","inLanguage":"pt-BR","isPartOf":{"@id":"https:\/\/anoticiaonline.com.br\/site\/#website"},"breadcrumb":{"@id":"https:\/\/anoticiaonline.com.br\/site\/colina-country-club-promove-confraternizacao-pelo-dia-internacional-da-mulher\/#breadcrumblist"},"author":{"@id":"https:\/\/anoticiaonline.com.br\/site\/author\/juliana\/#author"},"creator":{"@id":"https:\/\/anoticiaonline.com.br\/site\/author\/juliana\/#author"},"image":{"@type":"ImageObject","url":"https:\/\/anoticiaonline.com.br\/site\/wp-content\/uploads\/2018\/03\/A-NOT\u00cdCIA-COLINA-4.jpg","@id":"https:\/\/anoticiaonline.com.br\/site\/colina-country-club-promove-confraternizacao-pelo-dia-internacional-da-mulher\/#mainImage","width":640,"height":426},"primaryImageOfPage":{"@id":"https:\/\/anoticiaonline.com.br\/site\/colina-country-club-promove-confraternizacao-pelo-dia-internacional-da-mulher\/#mainImage"},"datePublished":"2018-03-15T20:26:49-03:00","dateModified":"2018-03-15T20:27:20-03:00"},{"@type":"WebSite","@id":"https:\/\/anoticiaonline.com.br\/site\/#website","url":"https:\/\/anoticiaonline.com.br\/site\/","name":"A Not\u00edcia Online","description":"Noticias de Muria\u00e9 e regi\u00e3o","inLanguage":"pt-BR","publisher":{"@id":"https:\/\/anoticiaonline.com.br\/site\/#organization"}}]},"og:locale":"pt_BR","og:site_name":"A Not\u00edcia Online - Noticias de Muria\u00e9 e regi\u00e3o","og:type":"article","og:title":"Colina Country Club promove confraterniza\u00e7\u00e3o pelo Dia Internacional da Mulher - A Not\u00edcia Online","og:description":"O Colina Country Club promoveu um confraterniza\u00e7\u00e3o pelo Dia Internacional da Mulher na noite de sexta-feira (9), reunindo s\u00f3cios e convidados, juntamente com seus familiares, para uma celebra\u00e7\u00e3o com m\u00fasica ao vivo com a dupla Tiago e Gena\u00edna, distribui\u00e7\u00e3o de brindes e sorteio de pr\u00eamios. A ideia da festa foi da primeira-dama do clube, Rita","og:url":"https:\/\/anoticiaonline.com.br\/site\/colina-country-club-promove-confraternizacao-pelo-dia-internacional-da-mulher\/","og:image":"https:\/\/scontent-gig4-1.xx.fbcdn.net\/v\/t39.30808-1\/270437624_4564083193639691_6907940295614233970_n.jpg?stp=dst-jpg_s200x200_tt6&#038;_nc_cat=111&#038;ccb=1-7&#038;_nc_sid=f907e8&#038;_nc_ohc=SM1wRlP3lJwQ7kNvwEPuBYA&#038;_nc_oc=AdnqrjDN_BNjSSHWO-GbkIWH6fkGMLw4bqvL_NH6e2wMveX7G-rP2dAqsDSq1mJMOaY&#038;_nc_zt=24&#038;_nc_ht=scontent-gig4-1.xx&#038;_nc_gid=AoBFJeGrT1hVaew_6rchkQ&#038;oh=00_AfX7QmFGhQhG2jAllVgXCiM1ZrWgvtp80-Bfppyexh1QEg&#038;oe=689E923C","og:image:secure_url":"https:\/\/scontent-gig4-1.xx.fbcdn.net\/v\/t39.30808-1\/270437624_4564083193639691_6907940295614233970_n.jpg?stp=dst-jpg_s200x200_tt6&#038;_nc_cat=111&#038;ccb=1-7&#038;_nc_sid=f907e8&#038;_nc_ohc=SM1wRlP3lJwQ7kNvwEPuBYA&#038;_nc_oc=AdnqrjDN_BNjSSHWO-GbkIWH6fkGMLw4bqvL_NH6e2wMveX7G-rP2dAqsDSq1mJMOaY&#038;_nc_zt=24&#038;_nc_ht=scontent-gig4-1.xx&#038;_nc_gid=AoBFJeGrT1hVaew_6rchkQ&#038;oh=00_AfX7QmFGhQhG2jAllVgXCiM1ZrWgvtp80-Bfppyexh1QEg&#038;oe=689E923C","article:published_time":"2018-03-15T23:26:49+00:00","article:modified_time":"2018-03-15T23:27:20+00:00","twitter:card":"summary_large_image","twitter:title":"Colina Country Club promove confraterniza\u00e7\u00e3o pelo Dia Internacional da Mulher - A Not\u00edcia Online","twitter:description":"O Colina Country Club promoveu um confraterniza\u00e7\u00e3o pelo Dia Internacional da Mulher na noite de sexta-feira (9), reunindo s\u00f3cios e convidados, juntamente com seus familiares, para uma celebra\u00e7\u00e3o com m\u00fasica ao vivo com a dupla Tiago e Gena\u00edna, distribui\u00e7\u00e3o de brindes e sorteio de pr\u00eamios. A ideia da festa foi da primeira-dama do clube, Rita","twitter:image":"https:\/\/scontent-gig4-1.xx.fbcdn.net\/v\/t39.30808-1\/270437624_4564083193639691_6907940295614233970_n.jpg?stp=dst-jpg_s200x200_tt6&_nc_cat=111&ccb=1-7&_nc_sid=f907e8&_nc_ohc=SM1wRlP3lJwQ7kNvwEPuBYA&_nc_oc=AdnqrjDN_BNjSSHWO-GbkIWH6fkGMLw4bqvL_NH6e2wMveX7G-rP2dAqsDSq1mJMOaY&_nc_zt=24&_nc_ht=scontent-gig4-1.xx&_nc_gid=AoBFJeGrT1hVaew_6rchkQ&oh=00_AfX7QmFGhQhG2jAllVgXCiM1ZrWgvtp80-Bfppyexh1QEg&oe=689E923C"},"aioseo_meta_data":{"post_id":"51811","title":null,"description":null,"keywords":null,"keyphrases":null,"primary_term":null,"canonical_url":null,"og_title":null,"og_description":null,"og_object_type":"default","og_image_type":"default","og_image_url":null,"og_image_width":null,"og_image_height":null,"og_image_custom_url":null,"og_image_custom_fields":null,"og_video":null,"og_custom_url":null,"og_article_section":null,"og_article_tags":null,"twitter_use_og":false,"twitter_card":"default","twitter_image_type":"default","twitter_image_url":null,"twitter_image_custom_url":null,"twitter_image_custom_fields":null,"twitter_title":null,"twitter_description":null,"schema":{"blockGraphs":[],"customGraphs":[],"default":{"data":{"Article":[],"Course":[],"Dataset":[],"FAQPage":[],"Movie":[],"Person":[],"Product":[],"ProductReview":[],"Car":[],"Recipe":[],"Service":[],"SoftwareApplication":[],"WebPage":[]},"graphName":"","isEnabled":true},"graphs":[]},"schema_type":"default","schema_type_options":null,"pillar_content":false,"robots_default":true,"robots_noindex":false,"robots_noarchive":false,"robots_nosnippet":false,"robots_nofollow":false,"robots_noimageindex":false,"robots_noodp":false,"robots_notranslate":false,"robots_max_snippet":null,"robots_max_videopreview":null,"robots_max_imagepreview":"large","priority":null,"frequency":null,"local_seo":null,"breadcrumb_settings":null,"limit_modified_date":false,"ai":null,"created":"2025-08-16 20:31:26","updated":"2025-08-16 20:31:26","focus_keyword":null,"additional_keywords":null,"truseo_locale":null,"seo_analyzer_scan_date":null},"aioseo_breadcrumb":"<div class=\"aioseo-breadcrumbs\"><span class=\"aioseo-breadcrumb\">\n\t\t\t<a href=\"https:\/\/anoticiaonline.com.br\/site\" title=\"Home\">Home<\/a>\n\t\t<\/span><span class=\"aioseo-breadcrumb-separator\">&raquo;<\/span><span class=\"aioseo-breadcrumb\">\n\t\t\t<a href=\"https:\/\/anoticiaonline.com.br\/site\/categoria\/eventos\/\" title=\"Eventos\">Eventos<\/a>\n\t\t<\/span><span class=\"aioseo-breadcrumb-separator\">&raquo;<\/span><span class=\"aioseo-breadcrumb\">\n\t\t\tColina Country Club promove confraterniza\u00e7\u00e3o pelo Dia Internacional da Mulher\n\t\t<\/span><\/div>","aioseo_breadcrumb_json":[{"label":"Home","link":"https:\/\/anoticiaonline.com.br\/site"},{"label":"Eventos","link":"https:\/\/anoticiaonline.com.br\/site\/categoria\/eventos\/"},{"label":"Colina Country Club promove confraterniza\u00e7\u00e3o pelo Dia Internacional da Mulher","link":"https:\/\/anoticiaonline.com.br\/site\/colina-country-club-promove-confraternizacao-pelo-dia-internacional-da-mulher\/"}],"views":156,"_links":{"self":[{"href":"https:\/\/anoticiaonline.com.br\/site\/wp-json\/wp\/v2\/posts\/51811","targetHints":{"allow":["GET"]}}],"collection":[{"href":"https:\/\/anoticiaonline.com.br\/site\/wp-json\/wp\/v2\/posts"}],"about":[{"href":"https:\/\/anoticiaonline.com.br\/site\/wp-json\/wp\/v2\/types\/post"}],"author":[{"embeddable":true,"href":"https:\/\/anoticiaonline.com.br\/site\/wp-json\/wp\/v2\/users\/2"}],"replies":[{"embeddable":true,"href":"https:\/\/anoticiaonline.com.br\/site\/wp-json\/wp\/v2\/comments?post=51811"}],"version-history":[{"count":0,"href":"https:\/\/anoticiaonline.com.br\/site\/wp-json\/wp\/v2\/posts\/51811\/revisions"}],"wp:featuredmedia":[{"embeddable":true,"href":"https:\/\/anoticiaonline.com.br\/site\/wp-json\/wp\/v2\/media\/51819"}],"wp:attachment":[{"href":"https:\/\/anoticiaonline.com.br\/site\/wp-json\/wp\/v2\/media?parent=51811"}],"wp:term":[{"taxonomy":"category","embeddable":true,"href":"https:\/\/anoticiaonline.com.br\/site\/wp-json\/wp\/v2\/categories?post=51811"},{"taxonomy":"post_tag","embeddable":true,"href":"https:\/\/anoticiaonline.com.br\/site\/wp-json\/wp\/v2\/tags?post=51811"}],"curies":[{"name":"wp","href":"https:\/\/api.w.org\/{rel}","templated":true}]}}