{"id":51803,"date":"2018-03-15T20:25:23","date_gmt":"2018-03-15T23:25:23","guid":{"rendered":"http:\/\/anoticiaonline.com.br\/site\/?p=51803"},"modified":"2018-03-16T10:57:31","modified_gmt":"2018-03-16T13:57:31","slug":"sala-de-vacinacao-para-recem-nascidos-e-inaugurada-no-hospital-sao-paulo","status":"publish","type":"post","link":"https:\/\/anoticiaonline.com.br\/site\/sala-de-vacinacao-para-recem-nascidos-e-inaugurada-no-hospital-sao-paulo\/","title":{"rendered":"Sala de vacina\u00e7\u00e3o para rec\u00e9m-nascidos \u00e9 inaugurada no Hospital S\u00e3o Paulo"},"content":{"rendered":"<p><a href=\"https:\/\/anoticiaonline.com.br\/site\/wp-content\/uploads\/2018\/03\/A-NOT\u00cdCIA-HSP-2-1.jpg\"><img fetchpriority=\"high\" decoding=\"async\" class=\"aligncenter size-full wp-image-51812\" src=\"https:\/\/anoticiaonline.com.br\/site\/wp-content\/uploads\/2018\/03\/A-NOT\u00cdCIA-HSP-2-1.jpg\" alt=\"\" width=\"640\" height=\"427\" srcset=\"https:\/\/anoticiaonline.com.br\/site\/wp-content\/uploads\/2018\/03\/A-NOT\u00cdCIA-HSP-2-1.jpg 640w, https:\/\/anoticiaonline.com.br\/site\/wp-content\/uploads\/2018\/03\/A-NOT\u00cdCIA-HSP-2-1-300x200.jpg 300w\" sizes=\"(max-width: 640px) 100vw, 640px\" \/><\/a><a href=\"https:\/\/anoticiaonline.com.br\/site\/wp-content\/uploads\/2018\/03\/A-NOT\u00cdCIA-HSP-1-1.jpg\"><img decoding=\"async\" class=\"aligncenter size-full wp-image-51810\" src=\"https:\/\/anoticiaonline.com.br\/site\/wp-content\/uploads\/2018\/03\/A-NOT\u00cdCIA-HSP-1-1.jpg\" alt=\"\" width=\"640\" height=\"427\" srcset=\"https:\/\/anoticiaonline.com.br\/site\/wp-content\/uploads\/2018\/03\/A-NOT\u00cdCIA-HSP-1-1.jpg 640w, https:\/\/anoticiaonline.com.br\/site\/wp-content\/uploads\/2018\/03\/A-NOT\u00cdCIA-HSP-1-1-300x200.jpg 300w\" sizes=\"(max-width: 640px) 100vw, 640px\" \/><\/a>A sala de vacina\u00e7\u00e3o para os rec\u00e9m-nascidos foi inaugurada, na segunda-feira (12), dentro do Hospital S\u00e3o Paulo. A finalidade \u00e9 imunizar os beb\u00eas com doses de BCG e Hepatite B antes mesmo que as m\u00e3es recebam alta m\u00e9dica e retornem \u00e0s suas resid\u00eancias.<\/p>\n<p>Inicialmente, o benef\u00edcio ser\u00e1 apenas para as crian\u00e7as nascidas dentro da pr\u00f3pria institui\u00e7\u00e3o. Segundo o secret\u00e1rio de Sa\u00fade, Paulo C\u00e9sar de Oliveira, a dose precisa ser aplicada nas primeiras 12 horas de vida. \u201cSe a vacina for administrada nas primeiras horas do nascimento, ela proporcionar\u00e1 um efeito muito mais eficaz. As doses s\u00e3o primordiais para que as crian\u00e7as cres\u00e7am com sa\u00fade e prote\u00e7\u00e3o. Hoje, no dia da inaugura\u00e7\u00e3o, seis crian\u00e7as foram vacinadas\u201d, afirma.<\/p>\n<p>De acordo com o prefeito Grego, sa\u00fade, educa\u00e7\u00e3o e seguran\u00e7a p\u00fablica s\u00e3o prioridades na atual administra\u00e7\u00e3o. \u201cSabemos que s\u00e3o muitas as necessidades, como na \u00e1rea da agricultura, do meio ambiente e na \u00e1rea social, mas sa\u00fade, educa\u00e7\u00e3o e seguran\u00e7a p\u00fablica s\u00e3o os maiores clamores da popula\u00e7\u00e3o como um todo. N\u00f3s estamos investindo nestes setores e a prova disso \u00e9 a inaugura\u00e7\u00e3o desta Sala de Vacina\u00e7\u00e3o, que traz n\u00e3o apenas conforto e qualidade, mas reduz, praticamente a zero, os riscos dos nossos rec\u00e9m-nascidos contra\u00edrem alguma doen\u00e7a t\u00e3o logo quando nascem, pois j\u00e1 saem do Hospital S\u00e3o Paulo com as vacinas que s\u00e3o recomendadas pelo Minist\u00e9rio da Sa\u00fade\u201d, conta.<\/p>\n<p>Messias Vardiero, provedor do Hospital S\u00e3o Paulo, disse que este foi mais um dia de alegria para a Institui\u00e7\u00e3o. \u201cCom a implanta\u00e7\u00e3o desta Sala, os rec\u00e9m-nascidos do Hospital S\u00e3o Paulo sair\u00e3o daqui vacinados. Aproveito a oportunidade para agradecer a parceria com a prefeitura, em especial ao Paulo C\u00e9sar de Oliveira, secret\u00e1rio de Sa\u00fade, ao prefeito Grego e \u00e0 administra\u00e7\u00e3o do HSP, que destinou este espa\u00e7o para o atendimento das crian\u00e7as. Tor\u00e7o para que, futuramente, o Teste do Pezinho seja feito tamb\u00e9m na Institui\u00e7\u00e3o auxiliando os pais dos rec\u00e9m-nascidos na quest\u00e3o do deslocamento\u201d, diz.<\/p>\n<p><a href=\"https:\/\/anoticiaonline.com.br\/site\/wp-content\/uploads\/2018\/03\/A-NOT\u00cdCIA-HSP-3-1.jpg\"><img decoding=\"async\" class=\"aligncenter size-full wp-image-51813\" src=\"https:\/\/anoticiaonline.com.br\/site\/wp-content\/uploads\/2018\/03\/A-NOT\u00cdCIA-HSP-3-1.jpg\" alt=\"\" width=\"640\" height=\"428\" srcset=\"https:\/\/anoticiaonline.com.br\/site\/wp-content\/uploads\/2018\/03\/A-NOT\u00cdCIA-HSP-3-1.jpg 640w, https:\/\/anoticiaonline.com.br\/site\/wp-content\/uploads\/2018\/03\/A-NOT\u00cdCIA-HSP-3-1-300x201.jpg 300w\" sizes=\"(max-width: 640px) 100vw, 640px\" \/><\/a> <a href=\"https:\/\/anoticiaonline.com.br\/site\/wp-content\/uploads\/2018\/03\/A-NOT\u00cdCIA-HSP-4-1.jpg\"><img loading=\"lazy\" decoding=\"async\" class=\"aligncenter size-full wp-image-51814\" src=\"https:\/\/anoticiaonline.com.br\/site\/wp-content\/uploads\/2018\/03\/A-NOT\u00cdCIA-HSP-4-1.jpg\" alt=\"\" width=\"640\" height=\"427\" srcset=\"https:\/\/anoticiaonline.com.br\/site\/wp-content\/uploads\/2018\/03\/A-NOT\u00cdCIA-HSP-4-1.jpg 640w, https:\/\/anoticiaonline.com.br\/site\/wp-content\/uploads\/2018\/03\/A-NOT\u00cdCIA-HSP-4-1-300x200.jpg 300w\" sizes=\"(max-width: 640px) 100vw, 640px\" \/><\/a> <a href=\"https:\/\/anoticiaonline.com.br\/site\/wp-content\/uploads\/2018\/03\/A-NOT\u00cdCIA-HSP-5-1.jpg\"><img loading=\"lazy\" decoding=\"async\" class=\"aligncenter size-full wp-image-51815\" src=\"https:\/\/anoticiaonline.com.br\/site\/wp-content\/uploads\/2018\/03\/A-NOT\u00cdCIA-HSP-5-1.jpg\" alt=\"\" width=\"640\" height=\"427\" srcset=\"https:\/\/anoticiaonline.com.br\/site\/wp-content\/uploads\/2018\/03\/A-NOT\u00cdCIA-HSP-5-1.jpg 640w, https:\/\/anoticiaonline.com.br\/site\/wp-content\/uploads\/2018\/03\/A-NOT\u00cdCIA-HSP-5-1-300x200.jpg 300w\" sizes=\"(max-width: 640px) 100vw, 640px\" \/><\/a> <a href=\"https:\/\/anoticiaonline.com.br\/site\/wp-content\/uploads\/2018\/03\/A-NOT\u00cdCIA-HSP-6.jpg\"><img loading=\"lazy\" decoding=\"async\" class=\"aligncenter size-full wp-image-51816\" src=\"https:\/\/anoticiaonline.com.br\/site\/wp-content\/uploads\/2018\/03\/A-NOT\u00cdCIA-HSP-6.jpg\" alt=\"\" width=\"640\" height=\"427\" srcset=\"https:\/\/anoticiaonline.com.br\/site\/wp-content\/uploads\/2018\/03\/A-NOT\u00cdCIA-HSP-6.jpg 640w, https:\/\/anoticiaonline.com.br\/site\/wp-content\/uploads\/2018\/03\/A-NOT\u00cdCIA-HSP-6-300x200.jpg 300w\" sizes=\"(max-width: 640px) 100vw, 640px\" \/><\/a><\/p>\n<p>&nbsp;<\/p>\n<p>&nbsp;<\/p>\n<p>&nbsp;<\/p>\n<p>&nbsp;<\/p>\n<p>&nbsp;<\/p>\n<p>&nbsp;<\/p>\n<p>&nbsp;<\/p>\n<p>&nbsp;<\/p>\n<p>&nbsp;<\/p>\n","protected":false},"excerpt":{"rendered":"<p>A sala de vacina\u00e7\u00e3o para os rec\u00e9m-nascidos foi inaugurada, na segunda-feira (12), dentro do Hospital S\u00e3o Paulo. A finalidade \u00e9 imunizar os beb\u00eas com doses de BCG e Hepatite B antes mesmo que as m\u00e3es recebam alta m\u00e9dica e retornem \u00e0s suas resid\u00eancias. Inicialmente, o benef\u00edcio ser\u00e1 apenas para as crian\u00e7as nascidas dentro da pr\u00f3pria &#8230; <a title=\"Sala de vacina\u00e7\u00e3o para rec\u00e9m-nascidos \u00e9 inaugurada no Hospital S\u00e3o Paulo\" class=\"read-more\" href=\"https:\/\/anoticiaonline.com.br\/site\/sala-de-vacinacao-para-recem-nascidos-e-inaugurada-no-hospital-sao-paulo\/\" aria-label=\"Read more about Sala de vacina\u00e7\u00e3o para rec\u00e9m-nascidos \u00e9 inaugurada no Hospital S\u00e3o Paulo\">Ler mais<\/a><\/p>\n","protected":false},"author":2,"featured_media":51812,"comment_status":"open","ping_status":"open","sticky":false,"template":"","format":"standard","meta":{"_acf_changed":false,"_monsterinsights_skip_tracking":false,"footnotes":""},"categories":[30],"tags":[2201,2200,199,56,55,74,1256,2202],"class_list":["post-51803","post","type-post","status-publish","format-standard","has-post-thumbnail","hentry","category-muriae","tag-centro-de-vacinacao","tag-doses-de-bcg-e-hepatite-b","tag-grego","tag-hospital-sao-paulo","tag-hsp","tag-muriae","tag-prefeito-grego","tag-primeiras-horas-do-nascimento"],"acf":[],"aioseo_notices":[],"aioseo_head":"\n\t\t<!-- All in One SEO 5.0.0.1 - aioseo.com -->\n\t<meta name=\"description\" content=\"A sala de vacina\u00e7\u00e3o para os rec\u00e9m-nascidos foi inaugurada, na segunda-feira (12), dentro do Hospital S\u00e3o Paulo. A finalidade \u00e9 imunizar os beb\u00eas com doses de BCG e Hepatite B antes mesmo que as m\u00e3es recebam alta m\u00e9dica e retornem \u00e0s suas resid\u00eancias. Inicialmente, o benef\u00edcio ser\u00e1 apenas para as crian\u00e7as nascidas dentro da pr\u00f3pria\" \/>\n\t<meta name=\"robots\" content=\"max-image-preview:large\" \/>\n\t<meta name=\"author\" content=\"Juliana Laviola\"\/>\n\t<link rel=\"canonical\" href=\"https:\/\/anoticiaonline.com.br\/site\/sala-de-vacinacao-para-recem-nascidos-e-inaugurada-no-hospital-sao-paulo\/\" \/>\n\t<meta name=\"generator\" content=\"All in One SEO (AIOSEO) 5.0.0.1\" \/>\n\t\t<meta property=\"og:locale\" content=\"pt_BR\" \/>\n\t\t<meta property=\"og:site_name\" content=\"A Not\u00edcia Online - Noticias de Muria\u00e9 e regi\u00e3o\" \/>\n\t\t<meta property=\"og:type\" content=\"article\" \/>\n\t\t<meta property=\"og:title\" content=\"Sala de vacina\u00e7\u00e3o para rec\u00e9m-nascidos \u00e9 inaugurada no Hospital S\u00e3o Paulo - A Not\u00edcia Online\" \/>\n\t\t<meta property=\"og:description\" content=\"A sala de vacina\u00e7\u00e3o para os rec\u00e9m-nascidos foi inaugurada, na segunda-feira (12), dentro do Hospital S\u00e3o Paulo. A finalidade \u00e9 imunizar os beb\u00eas com doses de BCG e Hepatite B antes mesmo que as m\u00e3es recebam alta m\u00e9dica e retornem \u00e0s suas resid\u00eancias. Inicialmente, o benef\u00edcio ser\u00e1 apenas para as crian\u00e7as nascidas dentro da pr\u00f3pria\" \/>\n\t\t<meta property=\"og:url\" content=\"https:\/\/anoticiaonline.com.br\/site\/sala-de-vacinacao-para-recem-nascidos-e-inaugurada-no-hospital-sao-paulo\/\" \/>\n\t\t<meta property=\"og:image\" content=\"https:\/\/scontent-gig4-1.xx.fbcdn.net\/v\/t39.30808-1\/270437624_4564083193639691_6907940295614233970_n.jpg?stp=dst-jpg_s200x200_tt6&#038;_nc_cat=111&#038;ccb=1-7&#038;_nc_sid=f907e8&#038;_nc_ohc=SM1wRlP3lJwQ7kNvwEPuBYA&#038;_nc_oc=AdnqrjDN_BNjSSHWO-GbkIWH6fkGMLw4bqvL_NH6e2wMveX7G-rP2dAqsDSq1mJMOaY&#038;_nc_zt=24&#038;_nc_ht=scontent-gig4-1.xx&#038;_nc_gid=AoBFJeGrT1hVaew_6rchkQ&#038;oh=00_AfX7QmFGhQhG2jAllVgXCiM1ZrWgvtp80-Bfppyexh1QEg&#038;oe=689E923C\" \/>\n\t\t<meta property=\"og:image:secure_url\" content=\"https:\/\/scontent-gig4-1.xx.fbcdn.net\/v\/t39.30808-1\/270437624_4564083193639691_6907940295614233970_n.jpg?stp=dst-jpg_s200x200_tt6&#038;_nc_cat=111&#038;ccb=1-7&#038;_nc_sid=f907e8&#038;_nc_ohc=SM1wRlP3lJwQ7kNvwEPuBYA&#038;_nc_oc=AdnqrjDN_BNjSSHWO-GbkIWH6fkGMLw4bqvL_NH6e2wMveX7G-rP2dAqsDSq1mJMOaY&#038;_nc_zt=24&#038;_nc_ht=scontent-gig4-1.xx&#038;_nc_gid=AoBFJeGrT1hVaew_6rchkQ&#038;oh=00_AfX7QmFGhQhG2jAllVgXCiM1ZrWgvtp80-Bfppyexh1QEg&#038;oe=689E923C\" \/>\n\t\t<meta property=\"article:published_time\" content=\"2018-03-15T23:25:23+00:00\" \/>\n\t\t<meta property=\"article:modified_time\" content=\"2018-03-16T13:57:31+00:00\" \/>\n\t\t<meta name=\"twitter:card\" content=\"summary_large_image\" \/>\n\t\t<meta name=\"twitter:title\" content=\"Sala de vacina\u00e7\u00e3o para rec\u00e9m-nascidos \u00e9 inaugurada no Hospital S\u00e3o Paulo - A Not\u00edcia Online\" \/>\n\t\t<meta name=\"twitter:description\" content=\"A sala de vacina\u00e7\u00e3o para os rec\u00e9m-nascidos foi inaugurada, na segunda-feira (12), dentro do Hospital S\u00e3o Paulo. A finalidade \u00e9 imunizar os beb\u00eas com doses de BCG e Hepatite B antes mesmo que as m\u00e3es recebam alta m\u00e9dica e retornem \u00e0s suas resid\u00eancias. Inicialmente, o benef\u00edcio ser\u00e1 apenas para as crian\u00e7as nascidas dentro da pr\u00f3pria\" \/>\n\t\t<meta name=\"twitter:image\" content=\"https:\/\/scontent-gig4-1.xx.fbcdn.net\/v\/t39.30808-1\/270437624_4564083193639691_6907940295614233970_n.jpg?stp=dst-jpg_s200x200_tt6&amp;_nc_cat=111&amp;ccb=1-7&amp;_nc_sid=f907e8&amp;_nc_ohc=SM1wRlP3lJwQ7kNvwEPuBYA&amp;_nc_oc=AdnqrjDN_BNjSSHWO-GbkIWH6fkGMLw4bqvL_NH6e2wMveX7G-rP2dAqsDSq1mJMOaY&amp;_nc_zt=24&amp;_nc_ht=scontent-gig4-1.xx&amp;_nc_gid=AoBFJeGrT1hVaew_6rchkQ&amp;oh=00_AfX7QmFGhQhG2jAllVgXCiM1ZrWgvtp80-Bfppyexh1QEg&amp;oe=689E923C\" \/>\n\t\t<script type=\"application\/ld+json\" class=\"aioseo-schema\">\n\t\t\t{\"@context\":\"https:\\\/\\\/schema.org\",\"@graph\":[{\"@type\":\"BlogPosting\",\"@id\":\"https:\\\/\\\/anoticiaonline.com.br\\\/site\\\/sala-de-vacinacao-para-recem-nascidos-e-inaugurada-no-hospital-sao-paulo\\\/#blogposting\",\"name\":\"Sala de vacina\\u00e7\\u00e3o para rec\\u00e9m-nascidos \\u00e9 inaugurada no Hospital S\\u00e3o Paulo - A Not\\u00edcia Online\",\"headline\":\"Sala de vacina\\u00e7\\u00e3o para rec\\u00e9m-nascidos \\u00e9 inaugurada no Hospital S\\u00e3o Paulo\",\"author\":{\"@id\":\"https:\\\/\\\/anoticiaonline.com.br\\\/site\\\/author\\\/juliana\\\/#author\"},\"publisher\":{\"@id\":\"https:\\\/\\\/anoticiaonline.com.br\\\/site\\\/#organization\"},\"image\":{\"@type\":\"ImageObject\",\"url\":\"https:\\\/\\\/anoticiaonline.com.br\\\/site\\\/wp-content\\\/uploads\\\/2018\\\/03\\\/A-NOT\\u00cdCIA-HSP-2-1.jpg\",\"width\":640,\"height\":427},\"datePublished\":\"2018-03-15T20:25:23-03:00\",\"dateModified\":\"2018-03-16T10:57:31-03:00\",\"inLanguage\":\"pt-BR\",\"mainEntityOfPage\":{\"@id\":\"https:\\\/\\\/anoticiaonline.com.br\\\/site\\\/sala-de-vacinacao-para-recem-nascidos-e-inaugurada-no-hospital-sao-paulo\\\/#webpage\"},\"isPartOf\":{\"@id\":\"https:\\\/\\\/anoticiaonline.com.br\\\/site\\\/sala-de-vacinacao-para-recem-nascidos-e-inaugurada-no-hospital-sao-paulo\\\/#webpage\"},\"articleSection\":\"Blog, Centro de Vacina\\u00e7\\u00e3o, doses de BCG e Hepatite B, grego, Hospital S\\u00e3o Paulo, HSP, Muria\\u00e9, prefeito Grego, primeiras horas do nascimento\"},{\"@type\":\"BreadcrumbList\",\"@id\":\"https:\\\/\\\/anoticiaonline.com.br\\\/site\\\/sala-de-vacinacao-para-recem-nascidos-e-inaugurada-no-hospital-sao-paulo\\\/#breadcrumblist\",\"itemListElement\":[{\"@type\":\"ListItem\",\"@id\":\"https:\\\/\\\/anoticiaonline.com.br\\\/site#listItem\",\"position\":1,\"name\":\"Home\",\"item\":\"https:\\\/\\\/anoticiaonline.com.br\\\/site\",\"nextItem\":{\"@type\":\"ListItem\",\"@id\":\"https:\\\/\\\/anoticiaonline.com.br\\\/site\\\/categoria\\\/muriae\\\/#listItem\",\"name\":\"Blog\"}},{\"@type\":\"ListItem\",\"@id\":\"https:\\\/\\\/anoticiaonline.com.br\\\/site\\\/categoria\\\/muriae\\\/#listItem\",\"position\":2,\"name\":\"Blog\",\"item\":\"https:\\\/\\\/anoticiaonline.com.br\\\/site\\\/categoria\\\/muriae\\\/\",\"nextItem\":{\"@type\":\"ListItem\",\"@id\":\"https:\\\/\\\/anoticiaonline.com.br\\\/site\\\/sala-de-vacinacao-para-recem-nascidos-e-inaugurada-no-hospital-sao-paulo\\\/#listItem\",\"name\":\"Sala de vacina\\u00e7\\u00e3o para rec\\u00e9m-nascidos \\u00e9 inaugurada no Hospital S\\u00e3o Paulo\"},\"previousItem\":{\"@type\":\"ListItem\",\"@id\":\"https:\\\/\\\/anoticiaonline.com.br\\\/site#listItem\",\"name\":\"Home\"}},{\"@type\":\"ListItem\",\"@id\":\"https:\\\/\\\/anoticiaonline.com.br\\\/site\\\/sala-de-vacinacao-para-recem-nascidos-e-inaugurada-no-hospital-sao-paulo\\\/#listItem\",\"position\":3,\"name\":\"Sala de vacina\\u00e7\\u00e3o para rec\\u00e9m-nascidos \\u00e9 inaugurada no Hospital S\\u00e3o Paulo\",\"previousItem\":{\"@type\":\"ListItem\",\"@id\":\"https:\\\/\\\/anoticiaonline.com.br\\\/site\\\/categoria\\\/muriae\\\/#listItem\",\"name\":\"Blog\"}}]},{\"@type\":\"Organization\",\"@id\":\"https:\\\/\\\/anoticiaonline.com.br\\\/site\\\/#organization\",\"name\":\"A Not\\u00edcia Online\",\"description\":\"Noticias de Muria\\u00e9 e regi\\u00e3o\",\"url\":\"https:\\\/\\\/anoticiaonline.com.br\\\/site\\\/\",\"logo\":{\"@type\":\"ImageObject\",\"url\":\"https:\\\/\\\/scontent-gig4-1.xx.fbcdn.net\\\/v\\\/t39.30808-1\\\/270437624_4564083193639691_6907940295614233970_n.jpg?stp=dst-jpg_s200x200_tt6&_nc_cat=111&ccb=1-7&_nc_sid=f907e8&_nc_ohc=SM1wRlP3lJwQ7kNvwEPuBYA&_nc_oc=AdnqrjDN_BNjSSHWO-GbkIWH6fkGMLw4bqvL_NH6e2wMveX7G-rP2dAqsDSq1mJMOaY&_nc_zt=24&_nc_ht=scontent-gig4-1.xx&_nc_gid=AoBFJeGrT1hVaew_6rchkQ&oh=00_AfX7QmFGhQhG2jAllVgXCiM1ZrWgvtp80-Bfppyexh1QEg&oe=689E923C\",\"@id\":\"https:\\\/\\\/anoticiaonline.com.br\\\/site\\\/sala-de-vacinacao-para-recem-nascidos-e-inaugurada-no-hospital-sao-paulo\\\/#organizationLogo\"},\"image\":{\"@id\":\"https:\\\/\\\/anoticiaonline.com.br\\\/site\\\/sala-de-vacinacao-para-recem-nascidos-e-inaugurada-no-hospital-sao-paulo\\\/#organizationLogo\"}},{\"@type\":\"Person\",\"@id\":\"https:\\\/\\\/anoticiaonline.com.br\\\/site\\\/author\\\/juliana\\\/#author\",\"url\":\"https:\\\/\\\/anoticiaonline.com.br\\\/site\\\/author\\\/juliana\\\/\",\"name\":\"Juliana Laviola\",\"image\":{\"@type\":\"ImageObject\",\"@id\":\"https:\\\/\\\/anoticiaonline.com.br\\\/site\\\/sala-de-vacinacao-para-recem-nascidos-e-inaugurada-no-hospital-sao-paulo\\\/#authorImage\",\"url\":\"https:\\\/\\\/secure.gravatar.com\\\/avatar\\\/b8d45f5c699b100dfaf0e543582f38f38bf94cb7ae3a5e9abf8d891a34773335?s=96&d=mm&r=g\",\"width\":96,\"height\":96,\"caption\":\"Juliana Laviola\"}},{\"@type\":\"WebPage\",\"@id\":\"https:\\\/\\\/anoticiaonline.com.br\\\/site\\\/sala-de-vacinacao-para-recem-nascidos-e-inaugurada-no-hospital-sao-paulo\\\/#webpage\",\"url\":\"https:\\\/\\\/anoticiaonline.com.br\\\/site\\\/sala-de-vacinacao-para-recem-nascidos-e-inaugurada-no-hospital-sao-paulo\\\/\",\"name\":\"Sala de vacina\\u00e7\\u00e3o para rec\\u00e9m-nascidos \\u00e9 inaugurada no Hospital S\\u00e3o Paulo - A Not\\u00edcia Online\",\"description\":\"A sala de vacina\\u00e7\\u00e3o para os rec\\u00e9m-nascidos foi inaugurada, na segunda-feira (12), dentro do Hospital S\\u00e3o Paulo. A finalidade \\u00e9 imunizar os beb\\u00eas com doses de BCG e Hepatite B antes mesmo que as m\\u00e3es recebam alta m\\u00e9dica e retornem \\u00e0s suas resid\\u00eancias. Inicialmente, o benef\\u00edcio ser\\u00e1 apenas para as crian\\u00e7as nascidas dentro da pr\\u00f3pria\",\"inLanguage\":\"pt-BR\",\"isPartOf\":{\"@id\":\"https:\\\/\\\/anoticiaonline.com.br\\\/site\\\/#website\"},\"breadcrumb\":{\"@id\":\"https:\\\/\\\/anoticiaonline.com.br\\\/site\\\/sala-de-vacinacao-para-recem-nascidos-e-inaugurada-no-hospital-sao-paulo\\\/#breadcrumblist\"},\"author\":{\"@id\":\"https:\\\/\\\/anoticiaonline.com.br\\\/site\\\/author\\\/juliana\\\/#author\"},\"creator\":{\"@id\":\"https:\\\/\\\/anoticiaonline.com.br\\\/site\\\/author\\\/juliana\\\/#author\"},\"image\":{\"@type\":\"ImageObject\",\"url\":\"https:\\\/\\\/anoticiaonline.com.br\\\/site\\\/wp-content\\\/uploads\\\/2018\\\/03\\\/A-NOT\\u00cdCIA-HSP-2-1.jpg\",\"@id\":\"https:\\\/\\\/anoticiaonline.com.br\\\/site\\\/sala-de-vacinacao-para-recem-nascidos-e-inaugurada-no-hospital-sao-paulo\\\/#mainImage\",\"width\":640,\"height\":427},\"primaryImageOfPage\":{\"@id\":\"https:\\\/\\\/anoticiaonline.com.br\\\/site\\\/sala-de-vacinacao-para-recem-nascidos-e-inaugurada-no-hospital-sao-paulo\\\/#mainImage\"},\"datePublished\":\"2018-03-15T20:25:23-03:00\",\"dateModified\":\"2018-03-16T10:57:31-03:00\"},{\"@type\":\"WebSite\",\"@id\":\"https:\\\/\\\/anoticiaonline.com.br\\\/site\\\/#website\",\"url\":\"https:\\\/\\\/anoticiaonline.com.br\\\/site\\\/\",\"name\":\"A Not\\u00edcia Online\",\"description\":\"Noticias de Muria\\u00e9 e regi\\u00e3o\",\"inLanguage\":\"pt-BR\",\"publisher\":{\"@id\":\"https:\\\/\\\/anoticiaonline.com.br\\\/site\\\/#organization\"}}]}\n\t\t<\/script>\n\t\t<!-- All in One SEO -->\n\n","aioseo_head_json":{"title":"Sala de vacina\u00e7\u00e3o para rec\u00e9m-nascidos \u00e9 inaugurada no Hospital S\u00e3o Paulo - A Not\u00edcia Online","description":"A sala de vacina\u00e7\u00e3o para os rec\u00e9m-nascidos foi inaugurada, na segunda-feira (12), dentro do Hospital S\u00e3o Paulo. A finalidade \u00e9 imunizar os beb\u00eas com doses de BCG e Hepatite B antes mesmo que as m\u00e3es recebam alta m\u00e9dica e retornem \u00e0s suas resid\u00eancias. Inicialmente, o benef\u00edcio ser\u00e1 apenas para as crian\u00e7as nascidas dentro da pr\u00f3pria","canonical_url":"https:\/\/anoticiaonline.com.br\/site\/sala-de-vacinacao-para-recem-nascidos-e-inaugurada-no-hospital-sao-paulo\/","robots":"max-image-preview:large","keywords":"","webmasterTools":{"miscellaneous":""},"schema":{"@context":"https:\/\/schema.org","@graph":[{"@type":"BlogPosting","@id":"https:\/\/anoticiaonline.com.br\/site\/sala-de-vacinacao-para-recem-nascidos-e-inaugurada-no-hospital-sao-paulo\/#blogposting","name":"Sala de vacina\u00e7\u00e3o para rec\u00e9m-nascidos \u00e9 inaugurada no Hospital S\u00e3o Paulo - A Not\u00edcia Online","headline":"Sala de vacina\u00e7\u00e3o para rec\u00e9m-nascidos \u00e9 inaugurada no Hospital S\u00e3o Paulo","author":{"@id":"https:\/\/anoticiaonline.com.br\/site\/author\/juliana\/#author"},"publisher":{"@id":"https:\/\/anoticiaonline.com.br\/site\/#organization"},"image":{"@type":"ImageObject","url":"https:\/\/anoticiaonline.com.br\/site\/wp-content\/uploads\/2018\/03\/A-NOT\u00cdCIA-HSP-2-1.jpg","width":640,"height":427},"datePublished":"2018-03-15T20:25:23-03:00","dateModified":"2018-03-16T10:57:31-03:00","inLanguage":"pt-BR","mainEntityOfPage":{"@id":"https:\/\/anoticiaonline.com.br\/site\/sala-de-vacinacao-para-recem-nascidos-e-inaugurada-no-hospital-sao-paulo\/#webpage"},"isPartOf":{"@id":"https:\/\/anoticiaonline.com.br\/site\/sala-de-vacinacao-para-recem-nascidos-e-inaugurada-no-hospital-sao-paulo\/#webpage"},"articleSection":"Blog, Centro de Vacina\u00e7\u00e3o, doses de BCG e Hepatite B, grego, Hospital S\u00e3o Paulo, HSP, Muria\u00e9, prefeito Grego, primeiras horas do nascimento"},{"@type":"BreadcrumbList","@id":"https:\/\/anoticiaonline.com.br\/site\/sala-de-vacinacao-para-recem-nascidos-e-inaugurada-no-hospital-sao-paulo\/#breadcrumblist","itemListElement":[{"@type":"ListItem","@id":"https:\/\/anoticiaonline.com.br\/site#listItem","position":1,"name":"Home","item":"https:\/\/anoticiaonline.com.br\/site","nextItem":{"@type":"ListItem","@id":"https:\/\/anoticiaonline.com.br\/site\/categoria\/muriae\/#listItem","name":"Blog"}},{"@type":"ListItem","@id":"https:\/\/anoticiaonline.com.br\/site\/categoria\/muriae\/#listItem","position":2,"name":"Blog","item":"https:\/\/anoticiaonline.com.br\/site\/categoria\/muriae\/","nextItem":{"@type":"ListItem","@id":"https:\/\/anoticiaonline.com.br\/site\/sala-de-vacinacao-para-recem-nascidos-e-inaugurada-no-hospital-sao-paulo\/#listItem","name":"Sala de vacina\u00e7\u00e3o para rec\u00e9m-nascidos \u00e9 inaugurada no Hospital S\u00e3o Paulo"},"previousItem":{"@type":"ListItem","@id":"https:\/\/anoticiaonline.com.br\/site#listItem","name":"Home"}},{"@type":"ListItem","@id":"https:\/\/anoticiaonline.com.br\/site\/sala-de-vacinacao-para-recem-nascidos-e-inaugurada-no-hospital-sao-paulo\/#listItem","position":3,"name":"Sala de vacina\u00e7\u00e3o para rec\u00e9m-nascidos \u00e9 inaugurada no Hospital S\u00e3o Paulo","previousItem":{"@type":"ListItem","@id":"https:\/\/anoticiaonline.com.br\/site\/categoria\/muriae\/#listItem","name":"Blog"}}]},{"@type":"Organization","@id":"https:\/\/anoticiaonline.com.br\/site\/#organization","name":"A Not\u00edcia Online","description":"Noticias de Muria\u00e9 e regi\u00e3o","url":"https:\/\/anoticiaonline.com.br\/site\/","logo":{"@type":"ImageObject","url":"https:\/\/scontent-gig4-1.xx.fbcdn.net\/v\/t39.30808-1\/270437624_4564083193639691_6907940295614233970_n.jpg?stp=dst-jpg_s200x200_tt6&_nc_cat=111&ccb=1-7&_nc_sid=f907e8&_nc_ohc=SM1wRlP3lJwQ7kNvwEPuBYA&_nc_oc=AdnqrjDN_BNjSSHWO-GbkIWH6fkGMLw4bqvL_NH6e2wMveX7G-rP2dAqsDSq1mJMOaY&_nc_zt=24&_nc_ht=scontent-gig4-1.xx&_nc_gid=AoBFJeGrT1hVaew_6rchkQ&oh=00_AfX7QmFGhQhG2jAllVgXCiM1ZrWgvtp80-Bfppyexh1QEg&oe=689E923C","@id":"https:\/\/anoticiaonline.com.br\/site\/sala-de-vacinacao-para-recem-nascidos-e-inaugurada-no-hospital-sao-paulo\/#organizationLogo"},"image":{"@id":"https:\/\/anoticiaonline.com.br\/site\/sala-de-vacinacao-para-recem-nascidos-e-inaugurada-no-hospital-sao-paulo\/#organizationLogo"}},{"@type":"Person","@id":"https:\/\/anoticiaonline.com.br\/site\/author\/juliana\/#author","url":"https:\/\/anoticiaonline.com.br\/site\/author\/juliana\/","name":"Juliana Laviola","image":{"@type":"ImageObject","@id":"https:\/\/anoticiaonline.com.br\/site\/sala-de-vacinacao-para-recem-nascidos-e-inaugurada-no-hospital-sao-paulo\/#authorImage","url":"https:\/\/secure.gravatar.com\/avatar\/b8d45f5c699b100dfaf0e543582f38f38bf94cb7ae3a5e9abf8d891a34773335?s=96&d=mm&r=g","width":96,"height":96,"caption":"Juliana Laviola"}},{"@type":"WebPage","@id":"https:\/\/anoticiaonline.com.br\/site\/sala-de-vacinacao-para-recem-nascidos-e-inaugurada-no-hospital-sao-paulo\/#webpage","url":"https:\/\/anoticiaonline.com.br\/site\/sala-de-vacinacao-para-recem-nascidos-e-inaugurada-no-hospital-sao-paulo\/","name":"Sala de vacina\u00e7\u00e3o para rec\u00e9m-nascidos \u00e9 inaugurada no Hospital S\u00e3o Paulo - A Not\u00edcia Online","description":"A sala de vacina\u00e7\u00e3o para os rec\u00e9m-nascidos foi inaugurada, na segunda-feira (12), dentro do Hospital S\u00e3o Paulo. A finalidade \u00e9 imunizar os beb\u00eas com doses de BCG e Hepatite B antes mesmo que as m\u00e3es recebam alta m\u00e9dica e retornem \u00e0s suas resid\u00eancias. Inicialmente, o benef\u00edcio ser\u00e1 apenas para as crian\u00e7as nascidas dentro da pr\u00f3pria","inLanguage":"pt-BR","isPartOf":{"@id":"https:\/\/anoticiaonline.com.br\/site\/#website"},"breadcrumb":{"@id":"https:\/\/anoticiaonline.com.br\/site\/sala-de-vacinacao-para-recem-nascidos-e-inaugurada-no-hospital-sao-paulo\/#breadcrumblist"},"author":{"@id":"https:\/\/anoticiaonline.com.br\/site\/author\/juliana\/#author"},"creator":{"@id":"https:\/\/anoticiaonline.com.br\/site\/author\/juliana\/#author"},"image":{"@type":"ImageObject","url":"https:\/\/anoticiaonline.com.br\/site\/wp-content\/uploads\/2018\/03\/A-NOT\u00cdCIA-HSP-2-1.jpg","@id":"https:\/\/anoticiaonline.com.br\/site\/sala-de-vacinacao-para-recem-nascidos-e-inaugurada-no-hospital-sao-paulo\/#mainImage","width":640,"height":427},"primaryImageOfPage":{"@id":"https:\/\/anoticiaonline.com.br\/site\/sala-de-vacinacao-para-recem-nascidos-e-inaugurada-no-hospital-sao-paulo\/#mainImage"},"datePublished":"2018-03-15T20:25:23-03:00","dateModified":"2018-03-16T10:57:31-03:00"},{"@type":"WebSite","@id":"https:\/\/anoticiaonline.com.br\/site\/#website","url":"https:\/\/anoticiaonline.com.br\/site\/","name":"A Not\u00edcia Online","description":"Noticias de Muria\u00e9 e regi\u00e3o","inLanguage":"pt-BR","publisher":{"@id":"https:\/\/anoticiaonline.com.br\/site\/#organization"}}]},"og:locale":"pt_BR","og:site_name":"A Not\u00edcia Online - Noticias de Muria\u00e9 e regi\u00e3o","og:type":"article","og:title":"Sala de vacina\u00e7\u00e3o para rec\u00e9m-nascidos \u00e9 inaugurada no Hospital S\u00e3o Paulo - A Not\u00edcia Online","og:description":"A sala de vacina\u00e7\u00e3o para os rec\u00e9m-nascidos foi inaugurada, na segunda-feira (12), dentro do Hospital S\u00e3o Paulo. A finalidade \u00e9 imunizar os beb\u00eas com doses de BCG e Hepatite B antes mesmo que as m\u00e3es recebam alta m\u00e9dica e retornem \u00e0s suas resid\u00eancias. Inicialmente, o benef\u00edcio ser\u00e1 apenas para as crian\u00e7as nascidas dentro da pr\u00f3pria","og:url":"https:\/\/anoticiaonline.com.br\/site\/sala-de-vacinacao-para-recem-nascidos-e-inaugurada-no-hospital-sao-paulo\/","og:image":"https:\/\/scontent-gig4-1.xx.fbcdn.net\/v\/t39.30808-1\/270437624_4564083193639691_6907940295614233970_n.jpg?stp=dst-jpg_s200x200_tt6&#038;_nc_cat=111&#038;ccb=1-7&#038;_nc_sid=f907e8&#038;_nc_ohc=SM1wRlP3lJwQ7kNvwEPuBYA&#038;_nc_oc=AdnqrjDN_BNjSSHWO-GbkIWH6fkGMLw4bqvL_NH6e2wMveX7G-rP2dAqsDSq1mJMOaY&#038;_nc_zt=24&#038;_nc_ht=scontent-gig4-1.xx&#038;_nc_gid=AoBFJeGrT1hVaew_6rchkQ&#038;oh=00_AfX7QmFGhQhG2jAllVgXCiM1ZrWgvtp80-Bfppyexh1QEg&#038;oe=689E923C","og:image:secure_url":"https:\/\/scontent-gig4-1.xx.fbcdn.net\/v\/t39.30808-1\/270437624_4564083193639691_6907940295614233970_n.jpg?stp=dst-jpg_s200x200_tt6&#038;_nc_cat=111&#038;ccb=1-7&#038;_nc_sid=f907e8&#038;_nc_ohc=SM1wRlP3lJwQ7kNvwEPuBYA&#038;_nc_oc=AdnqrjDN_BNjSSHWO-GbkIWH6fkGMLw4bqvL_NH6e2wMveX7G-rP2dAqsDSq1mJMOaY&#038;_nc_zt=24&#038;_nc_ht=scontent-gig4-1.xx&#038;_nc_gid=AoBFJeGrT1hVaew_6rchkQ&#038;oh=00_AfX7QmFGhQhG2jAllVgXCiM1ZrWgvtp80-Bfppyexh1QEg&#038;oe=689E923C","article:published_time":"2018-03-15T23:25:23+00:00","article:modified_time":"2018-03-16T13:57:31+00:00","twitter:card":"summary_large_image","twitter:title":"Sala de vacina\u00e7\u00e3o para rec\u00e9m-nascidos \u00e9 inaugurada no Hospital S\u00e3o Paulo - A Not\u00edcia Online","twitter:description":"A sala de vacina\u00e7\u00e3o para os rec\u00e9m-nascidos foi inaugurada, na segunda-feira (12), dentro do Hospital S\u00e3o Paulo. A finalidade \u00e9 imunizar os beb\u00eas com doses de BCG e Hepatite B antes mesmo que as m\u00e3es recebam alta m\u00e9dica e retornem \u00e0s suas resid\u00eancias. Inicialmente, o benef\u00edcio ser\u00e1 apenas para as crian\u00e7as nascidas dentro da pr\u00f3pria","twitter:image":"https:\/\/scontent-gig4-1.xx.fbcdn.net\/v\/t39.30808-1\/270437624_4564083193639691_6907940295614233970_n.jpg?stp=dst-jpg_s200x200_tt6&_nc_cat=111&ccb=1-7&_nc_sid=f907e8&_nc_ohc=SM1wRlP3lJwQ7kNvwEPuBYA&_nc_oc=AdnqrjDN_BNjSSHWO-GbkIWH6fkGMLw4bqvL_NH6e2wMveX7G-rP2dAqsDSq1mJMOaY&_nc_zt=24&_nc_ht=scontent-gig4-1.xx&_nc_gid=AoBFJeGrT1hVaew_6rchkQ&oh=00_AfX7QmFGhQhG2jAllVgXCiM1ZrWgvtp80-Bfppyexh1QEg&oe=689E923C"},"aioseo_meta_data":{"post_id":"51803","title":null,"description":null,"keywords":null,"keyphrases":null,"primary_term":null,"canonical_url":null,"og_title":null,"og_description":null,"og_object_type":"default","og_image_type":"default","og_image_url":null,"og_image_width":null,"og_image_height":null,"og_image_custom_url":null,"og_image_custom_fields":null,"og_video":null,"og_custom_url":null,"og_article_section":null,"og_article_tags":null,"twitter_use_og":false,"twitter_card":"default","twitter_image_type":"default","twitter_image_url":null,"twitter_image_custom_url":null,"twitter_image_custom_fields":null,"twitter_title":null,"twitter_description":null,"schema":{"blockGraphs":[],"customGraphs":[],"default":{"data":{"Article":[],"Course":[],"Dataset":[],"FAQPage":[],"Movie":[],"Person":[],"Product":[],"ProductReview":[],"Car":[],"Recipe":[],"Service":[],"SoftwareApplication":[],"WebPage":[]},"graphName":"","isEnabled":true},"graphs":[]},"schema_type":"default","schema_type_options":null,"pillar_content":false,"robots_default":true,"robots_noindex":false,"robots_noarchive":false,"robots_nosnippet":false,"robots_nofollow":false,"robots_noimageindex":false,"robots_noodp":false,"robots_notranslate":false,"robots_max_snippet":null,"robots_max_videopreview":null,"robots_max_imagepreview":"large","priority":null,"frequency":null,"local_seo":null,"breadcrumb_settings":null,"limit_modified_date":false,"ai":null,"created":"2025-08-16 20:31:26","updated":"2025-08-16 20:31:26","focus_keyword":null,"additional_keywords":null,"truseo_locale":null,"seo_analyzer_scan_date":null},"aioseo_breadcrumb":"<div class=\"aioseo-breadcrumbs\"><span class=\"aioseo-breadcrumb\">\n\t\t\t<a href=\"https:\/\/anoticiaonline.com.br\/site\" title=\"Home\">Home<\/a>\n\t\t<\/span><span class=\"aioseo-breadcrumb-separator\">&raquo;<\/span><span class=\"aioseo-breadcrumb\">\n\t\t\t<a href=\"https:\/\/anoticiaonline.com.br\/site\/categoria\/muriae\/\" title=\"Blog\">Blog<\/a>\n\t\t<\/span><span class=\"aioseo-breadcrumb-separator\">&raquo;<\/span><span class=\"aioseo-breadcrumb\">\n\t\t\tSala de vacina\u00e7\u00e3o para rec\u00e9m-nascidos \u00e9 inaugurada no Hospital S\u00e3o Paulo\n\t\t<\/span><\/div>","aioseo_breadcrumb_json":[{"label":"Home","link":"https:\/\/anoticiaonline.com.br\/site"},{"label":"Blog","link":"https:\/\/anoticiaonline.com.br\/site\/categoria\/muriae\/"},{"label":"Sala de vacina\u00e7\u00e3o para rec\u00e9m-nascidos \u00e9 inaugurada no Hospital S\u00e3o Paulo","link":"https:\/\/anoticiaonline.com.br\/site\/sala-de-vacinacao-para-recem-nascidos-e-inaugurada-no-hospital-sao-paulo\/"}],"views":163,"_links":{"self":[{"href":"https:\/\/anoticiaonline.com.br\/site\/wp-json\/wp\/v2\/posts\/51803","targetHints":{"allow":["GET"]}}],"collection":[{"href":"https:\/\/anoticiaonline.com.br\/site\/wp-json\/wp\/v2\/posts"}],"about":[{"href":"https:\/\/anoticiaonline.com.br\/site\/wp-json\/wp\/v2\/types\/post"}],"author":[{"embeddable":true,"href":"https:\/\/anoticiaonline.com.br\/site\/wp-json\/wp\/v2\/users\/2"}],"replies":[{"embeddable":true,"href":"https:\/\/anoticiaonline.com.br\/site\/wp-json\/wp\/v2\/comments?post=51803"}],"version-history":[{"count":0,"href":"https:\/\/anoticiaonline.com.br\/site\/wp-json\/wp\/v2\/posts\/51803\/revisions"}],"wp:featuredmedia":[{"embeddable":true,"href":"https:\/\/anoticiaonline.com.br\/site\/wp-json\/wp\/v2\/media\/51812"}],"wp:attachment":[{"href":"https:\/\/anoticiaonline.com.br\/site\/wp-json\/wp\/v2\/media?parent=51803"}],"wp:term":[{"taxonomy":"category","embeddable":true,"href":"https:\/\/anoticiaonline.com.br\/site\/wp-json\/wp\/v2\/categories?post=51803"},{"taxonomy":"post_tag","embeddable":true,"href":"https:\/\/anoticiaonline.com.br\/site\/wp-json\/wp\/v2\/tags?post=51803"}],"curies":[{"name":"wp","href":"https:\/\/api.w.org\/{rel}","templated":true}]}}