{"id":51802,"date":"2018-03-15T20:17:44","date_gmt":"2018-03-15T23:17:44","guid":{"rendered":"http:\/\/anoticiaonline.com.br\/site\/?p=51802"},"modified":"2018-03-16T10:31:23","modified_gmt":"2018-03-16T13:31:23","slug":"messias-vardiero-e-reeleito-provedor-do-hsp","status":"publish","type":"post","link":"https:\/\/anoticiaonline.com.br\/site\/messias-vardiero-e-reeleito-provedor-do-hsp\/","title":{"rendered":"Messias Vardiero \u00e9 reeleito provedor do HSP"},"content":{"rendered":"<p><a href=\"https:\/\/anoticiaonline.com.br\/site\/wp-content\/uploads\/2018\/03\/A-NOT\u00cdCIA-HSP-2.jpg\"><img fetchpriority=\"high\" decoding=\"async\" class=\"aligncenter size-full wp-image-51805\" src=\"https:\/\/anoticiaonline.com.br\/site\/wp-content\/uploads\/2018\/03\/A-NOT\u00cdCIA-HSP-2.jpg\" alt=\"\" width=\"640\" height=\"427\" srcset=\"https:\/\/anoticiaonline.com.br\/site\/wp-content\/uploads\/2018\/03\/A-NOT\u00cdCIA-HSP-2.jpg 640w, https:\/\/anoticiaonline.com.br\/site\/wp-content\/uploads\/2018\/03\/A-NOT\u00cdCIA-HSP-2-300x200.jpg 300w\" sizes=\"(max-width: 640px) 100vw, 640px\" \/><\/a><a href=\"https:\/\/anoticiaonline.com.br\/site\/wp-content\/uploads\/2018\/03\/A-NOT\u00cdCIA-HSP-5.jpg\"><img decoding=\"async\" class=\"aligncenter size-full wp-image-51808\" src=\"https:\/\/anoticiaonline.com.br\/site\/wp-content\/uploads\/2018\/03\/A-NOT\u00cdCIA-HSP-5.jpg\" alt=\"\" width=\"640\" height=\"427\" srcset=\"https:\/\/anoticiaonline.com.br\/site\/wp-content\/uploads\/2018\/03\/A-NOT\u00cdCIA-HSP-5.jpg 640w, https:\/\/anoticiaonline.com.br\/site\/wp-content\/uploads\/2018\/03\/A-NOT\u00cdCIA-HSP-5-300x200.jpg 300w\" sizes=\"(max-width: 640px) 100vw, 640px\" \/><\/a>O atual provedor do Hospital S\u00e3o Paulo, Messias Vardiero, foi reeleito, na noite de quarta-feira (14), para ocupar o cargo por mais dois anos na entidade, na qual est\u00e1 \u00e0 frente h\u00e1 12 anos.<\/p>\n<p>De acordo com Messias Vardiero, \u00e9 um prazer servir e ajudar aqueles que necessitam.<\/p>\n<p>\u201cGosto muito do trabalho que desempenho como provedor do HSP. Enquanto Deus me der vida e sa\u00fade, estarei \u00e0 disposi\u00e7\u00e3o de todos. Sabemos que a situa\u00e7\u00e3o das Casas de Caridade do Brasil inteiro n\u00e3o \u00e9 a das melhores, mas, mesmo assim, conseguimos desempenhar nossas fun\u00e7\u00f5es da melhor maneira poss\u00edvel, pagando nossos funcion\u00e1rios e encargos sociais em dia. Aproveito a oportunidade para agradecer toda a diretoria do Hospital, que desempenha um \u00f3timo trabalho, e \u00e0 imprensa que est\u00e1 sempre nos apoiando\u201d, conta o provedor que tamb\u00e9m atua em outras entidades filantr\u00f3picas de Muria\u00e9, como a Apae.<\/p>\n<p>O diretor t\u00e9cnico do Hospital S\u00e3o Paulo, Jos\u00e9 Santos Mostaro, disse que estar ao lado de Messias Vardiero \u00e9 um privil\u00e9gio.<\/p>\n<p>\u201cO senhor Messias \u00e9 uma pessoa carism\u00e1tica e um orgulho para toda a equipe do HSP. Sei que ser\u00e3o mais dois anos de muita luta e de muitos sacrif\u00edcios, mas \u00e9 sempre gratificante estar batalhando em prol da Institui\u00e7\u00e3o. Quero agradecer ao senhor Messias pelo conv\u00edvio di\u00e1rio, pelos ensinamentos, pelos conselhos, pela parceira e amizade durante todos esses anos\u201d, diz.<\/p>\n<p>&nbsp;<\/p>\n<p><strong>Diretoria empossada<\/strong><\/p>\n<p><strong>Provedor:<\/strong> Messias Soares Vardiero<\/p>\n<p><strong>Vice \u2013 Provedor<\/strong>: Dr. Edivar Pereira de Almeida<\/p>\n<p><strong>1\u00ba Secret\u00e1rio:<\/strong> Sinval Ferreira Silva<\/p>\n<p><strong>2\u00ba Secret\u00e1rio:<\/strong> Agripino Torres Filho<\/p>\n<p><strong>1\u00ba Tesoureiro:<\/strong> Dr. Ciro Lemos de P\u00e1dua<\/p>\n<p><strong>2\u00ba Tesoureiro:<\/strong> Waldir Luzia de Souza<\/p>\n<p>&nbsp;<\/p>\n<p><strong>Conselho Adm:<\/strong> Sebasti\u00e3o Messias dos Reis<\/p>\n<p><strong>Conselho Adm:<\/strong> Dr. Luiz Henrique Gon\u00e7alves<\/p>\n<p><strong>Conselho Adm:<\/strong> Abilio Guar\u00e7oni de Almeida<\/p>\n<p><strong>Suplentes:<\/strong> Gerson Ferreira Varella<\/p>\n<p><strong>Suplentes<\/strong>: Eduardo Rodrigues Caldas<\/p>\n<p><strong>Suplentes<\/strong>: Maria Am\u00e9lia Queiroz Xaia<\/p>\n<p><strong>\u00a0<\/strong><\/p>\n<p><strong>Conselho Fiscal:<\/strong> Dr. Roberto Monteiro de Castro<\/p>\n<p><strong>Conselho Fiscal:<\/strong> Dr. Alex Bedim<\/p>\n<p><strong>Conselho Fiscal:<\/strong> Roberto Alves Moreira<\/p>\n<p><strong>Suplentes:<\/strong> Dr. Carlos Eduardo Felipe Feres<\/p>\n<p><strong>Suplentes:<\/strong> Eveline de Castro Amaral<\/p>\n<p><strong>Suplentes:<\/strong> Mario S\u00e9rgio Chaves Nogueira<\/p>\n<p>&nbsp;<\/p>\n<p><a href=\"https:\/\/anoticiaonline.com.br\/site\/wp-content\/uploads\/2018\/03\/A-NOT\u00cdCIA-HSP-1.jpg\"><img decoding=\"async\" class=\"aligncenter size-full wp-image-51804\" src=\"https:\/\/anoticiaonline.com.br\/site\/wp-content\/uploads\/2018\/03\/A-NOT\u00cdCIA-HSP-1.jpg\" alt=\"\" width=\"428\" height=\"640\" srcset=\"https:\/\/anoticiaonline.com.br\/site\/wp-content\/uploads\/2018\/03\/A-NOT\u00cdCIA-HSP-1.jpg 428w, https:\/\/anoticiaonline.com.br\/site\/wp-content\/uploads\/2018\/03\/A-NOT\u00cdCIA-HSP-1-201x300.jpg 201w\" sizes=\"(max-width: 428px) 100vw, 428px\" \/><\/a><\/p>\n<p><a href=\"https:\/\/anoticiaonline.com.br\/site\/wp-content\/uploads\/2018\/03\/A-NOT\u00cdCIA-HSP-4.jpg\"><img loading=\"lazy\" decoding=\"async\" class=\"aligncenter size-full wp-image-51807\" src=\"https:\/\/anoticiaonline.com.br\/site\/wp-content\/uploads\/2018\/03\/A-NOT\u00cdCIA-HSP-4.jpg\" alt=\"\" width=\"640\" height=\"427\" srcset=\"https:\/\/anoticiaonline.com.br\/site\/wp-content\/uploads\/2018\/03\/A-NOT\u00cdCIA-HSP-4.jpg 640w, https:\/\/anoticiaonline.com.br\/site\/wp-content\/uploads\/2018\/03\/A-NOT\u00cdCIA-HSP-4-300x200.jpg 300w\" sizes=\"(max-width: 640px) 100vw, 640px\" \/><\/a><\/p>\n<p><a href=\"https:\/\/anoticiaonline.com.br\/site\/wp-content\/uploads\/2018\/03\/A-NOT\u00cdCIA-HSP-3.jpg\"><img loading=\"lazy\" decoding=\"async\" class=\"aligncenter size-full wp-image-51806\" src=\"https:\/\/anoticiaonline.com.br\/site\/wp-content\/uploads\/2018\/03\/A-NOT\u00cdCIA-HSP-3.jpg\" alt=\"\" width=\"640\" height=\"427\" srcset=\"https:\/\/anoticiaonline.com.br\/site\/wp-content\/uploads\/2018\/03\/A-NOT\u00cdCIA-HSP-3.jpg 640w, https:\/\/anoticiaonline.com.br\/site\/wp-content\/uploads\/2018\/03\/A-NOT\u00cdCIA-HSP-3-300x200.jpg 300w\" sizes=\"(max-width: 640px) 100vw, 640px\" \/><\/a><\/p>\n","protected":false},"excerpt":{"rendered":"<p>O atual provedor do Hospital S\u00e3o Paulo, Messias Vardiero, foi reeleito, na noite de quarta-feira (14), para ocupar o cargo por mais dois anos na entidade, na qual est\u00e1 \u00e0 frente h\u00e1 12 anos. De acordo com Messias Vardiero, \u00e9 um prazer servir e ajudar aqueles que necessitam. \u201cGosto muito do trabalho que desempenho como &#8230; <a title=\"Messias Vardiero \u00e9 reeleito provedor do HSP\" class=\"read-more\" href=\"https:\/\/anoticiaonline.com.br\/site\/messias-vardiero-e-reeleito-provedor-do-hsp\/\" aria-label=\"Read more about Messias Vardiero \u00e9 reeleito provedor do HSP\">Ler mais<\/a><\/p>\n","protected":false},"author":2,"featured_media":51808,"comment_status":"open","ping_status":"open","sticky":false,"template":"","format":"standard","meta":{"_acf_changed":false,"_monsterinsights_skip_tracking":false,"footnotes":""},"categories":[1],"tags":[420,56,55,2199,2198,1583,2197],"class_list":["post-51802","post","type-post","status-publish","format-standard","has-post-thumbnail","hentry","category-gerais","tag-eleicao","tag-hospital-sao-paulo","tag-hsp","tag-iretor-tecnico-do-hospital-sao-paulo","tag-jose-santos-mostaro","tag-messias-vardiero","tag-provedoria"],"acf":[],"aioseo_notices":[],"aioseo_head":"\n\t\t<!-- All in One SEO 5.0.0.1 - aioseo.com -->\n\t<meta name=\"description\" content=\"O atual provedor do Hospital S\u00e3o Paulo, Messias Vardiero, foi reeleito, na noite de quarta-feira (14), para ocupar o cargo por mais dois anos na entidade, na qual est\u00e1 \u00e0 frente h\u00e1 12 anos. De acordo com Messias Vardiero, \u00e9 um prazer servir e ajudar aqueles que necessitam. \u201cGosto muito do trabalho que desempenho como\" \/>\n\t<meta name=\"robots\" content=\"max-image-preview:large\" \/>\n\t<meta name=\"author\" content=\"Juliana Laviola\"\/>\n\t<link rel=\"canonical\" href=\"https:\/\/anoticiaonline.com.br\/site\/messias-vardiero-e-reeleito-provedor-do-hsp\/\" \/>\n\t<meta name=\"generator\" content=\"All in One SEO (AIOSEO) 5.0.0.1\" \/>\n\t\t<meta property=\"og:locale\" content=\"pt_BR\" \/>\n\t\t<meta property=\"og:site_name\" content=\"A Not\u00edcia Online - Noticias de Muria\u00e9 e regi\u00e3o\" \/>\n\t\t<meta property=\"og:type\" content=\"article\" \/>\n\t\t<meta property=\"og:title\" content=\"Messias Vardiero \u00e9 reeleito provedor do HSP - A Not\u00edcia Online\" \/>\n\t\t<meta property=\"og:description\" content=\"O atual provedor do Hospital S\u00e3o Paulo, Messias Vardiero, foi reeleito, na noite de quarta-feira (14), para ocupar o cargo por mais dois anos na entidade, na qual est\u00e1 \u00e0 frente h\u00e1 12 anos. De acordo com Messias Vardiero, \u00e9 um prazer servir e ajudar aqueles que necessitam. \u201cGosto muito do trabalho que desempenho como\" \/>\n\t\t<meta property=\"og:url\" content=\"https:\/\/anoticiaonline.com.br\/site\/messias-vardiero-e-reeleito-provedor-do-hsp\/\" \/>\n\t\t<meta property=\"og:image\" content=\"https:\/\/scontent-gig4-1.xx.fbcdn.net\/v\/t39.30808-1\/270437624_4564083193639691_6907940295614233970_n.jpg?stp=dst-jpg_s200x200_tt6&#038;_nc_cat=111&#038;ccb=1-7&#038;_nc_sid=f907e8&#038;_nc_ohc=SM1wRlP3lJwQ7kNvwEPuBYA&#038;_nc_oc=AdnqrjDN_BNjSSHWO-GbkIWH6fkGMLw4bqvL_NH6e2wMveX7G-rP2dAqsDSq1mJMOaY&#038;_nc_zt=24&#038;_nc_ht=scontent-gig4-1.xx&#038;_nc_gid=AoBFJeGrT1hVaew_6rchkQ&#038;oh=00_AfX7QmFGhQhG2jAllVgXCiM1ZrWgvtp80-Bfppyexh1QEg&#038;oe=689E923C\" \/>\n\t\t<meta property=\"og:image:secure_url\" content=\"https:\/\/scontent-gig4-1.xx.fbcdn.net\/v\/t39.30808-1\/270437624_4564083193639691_6907940295614233970_n.jpg?stp=dst-jpg_s200x200_tt6&#038;_nc_cat=111&#038;ccb=1-7&#038;_nc_sid=f907e8&#038;_nc_ohc=SM1wRlP3lJwQ7kNvwEPuBYA&#038;_nc_oc=AdnqrjDN_BNjSSHWO-GbkIWH6fkGMLw4bqvL_NH6e2wMveX7G-rP2dAqsDSq1mJMOaY&#038;_nc_zt=24&#038;_nc_ht=scontent-gig4-1.xx&#038;_nc_gid=AoBFJeGrT1hVaew_6rchkQ&#038;oh=00_AfX7QmFGhQhG2jAllVgXCiM1ZrWgvtp80-Bfppyexh1QEg&#038;oe=689E923C\" \/>\n\t\t<meta property=\"article:published_time\" content=\"2018-03-15T23:17:44+00:00\" \/>\n\t\t<meta property=\"article:modified_time\" content=\"2018-03-16T13:31:23+00:00\" \/>\n\t\t<meta name=\"twitter:card\" content=\"summary_large_image\" \/>\n\t\t<meta name=\"twitter:title\" content=\"Messias Vardiero \u00e9 reeleito provedor do HSP - A Not\u00edcia Online\" \/>\n\t\t<meta name=\"twitter:description\" content=\"O atual provedor do Hospital S\u00e3o Paulo, Messias Vardiero, foi reeleito, na noite de quarta-feira (14), para ocupar o cargo por mais dois anos na entidade, na qual est\u00e1 \u00e0 frente h\u00e1 12 anos. De acordo com Messias Vardiero, \u00e9 um prazer servir e ajudar aqueles que necessitam. \u201cGosto muito do trabalho que desempenho como\" \/>\n\t\t<meta name=\"twitter:image\" content=\"https:\/\/scontent-gig4-1.xx.fbcdn.net\/v\/t39.30808-1\/270437624_4564083193639691_6907940295614233970_n.jpg?stp=dst-jpg_s200x200_tt6&amp;_nc_cat=111&amp;ccb=1-7&amp;_nc_sid=f907e8&amp;_nc_ohc=SM1wRlP3lJwQ7kNvwEPuBYA&amp;_nc_oc=AdnqrjDN_BNjSSHWO-GbkIWH6fkGMLw4bqvL_NH6e2wMveX7G-rP2dAqsDSq1mJMOaY&amp;_nc_zt=24&amp;_nc_ht=scontent-gig4-1.xx&amp;_nc_gid=AoBFJeGrT1hVaew_6rchkQ&amp;oh=00_AfX7QmFGhQhG2jAllVgXCiM1ZrWgvtp80-Bfppyexh1QEg&amp;oe=689E923C\" \/>\n\t\t<script type=\"application\/ld+json\" class=\"aioseo-schema\">\n\t\t\t{\"@context\":\"https:\\\/\\\/schema.org\",\"@graph\":[{\"@type\":\"BlogPosting\",\"@id\":\"https:\\\/\\\/anoticiaonline.com.br\\\/site\\\/messias-vardiero-e-reeleito-provedor-do-hsp\\\/#blogposting\",\"name\":\"Messias Vardiero \\u00e9 reeleito provedor do HSP - A Not\\u00edcia Online\",\"headline\":\"Messias Vardiero \\u00e9 reeleito provedor do HSP\",\"author\":{\"@id\":\"https:\\\/\\\/anoticiaonline.com.br\\\/site\\\/author\\\/juliana\\\/#author\"},\"publisher\":{\"@id\":\"https:\\\/\\\/anoticiaonline.com.br\\\/site\\\/#organization\"},\"image\":{\"@type\":\"ImageObject\",\"url\":\"https:\\\/\\\/anoticiaonline.com.br\\\/site\\\/wp-content\\\/uploads\\\/2018\\\/03\\\/A-NOT\\u00cdCIA-HSP-5.jpg\",\"width\":640,\"height\":427},\"datePublished\":\"2018-03-15T20:17:44-03:00\",\"dateModified\":\"2018-03-16T10:31:23-03:00\",\"inLanguage\":\"pt-BR\",\"mainEntityOfPage\":{\"@id\":\"https:\\\/\\\/anoticiaonline.com.br\\\/site\\\/messias-vardiero-e-reeleito-provedor-do-hsp\\\/#webpage\"},\"isPartOf\":{\"@id\":\"https:\\\/\\\/anoticiaonline.com.br\\\/site\\\/messias-vardiero-e-reeleito-provedor-do-hsp\\\/#webpage\"},\"articleSection\":\"Gerais, elei\\u00e7\\u00e3o, Hospital S\\u00e3o Paulo, HSP, iretor t\\u00e9cnico do Hospital S\\u00e3o Paulo, Jos\\u00e9 Santos Mostaro, Messias Vardiero, provedoria\"},{\"@type\":\"BreadcrumbList\",\"@id\":\"https:\\\/\\\/anoticiaonline.com.br\\\/site\\\/messias-vardiero-e-reeleito-provedor-do-hsp\\\/#breadcrumblist\",\"itemListElement\":[{\"@type\":\"ListItem\",\"@id\":\"https:\\\/\\\/anoticiaonline.com.br\\\/site#listItem\",\"position\":1,\"name\":\"Home\",\"item\":\"https:\\\/\\\/anoticiaonline.com.br\\\/site\",\"nextItem\":{\"@type\":\"ListItem\",\"@id\":\"https:\\\/\\\/anoticiaonline.com.br\\\/site\\\/categoria\\\/gerais\\\/#listItem\",\"name\":\"Gerais\"}},{\"@type\":\"ListItem\",\"@id\":\"https:\\\/\\\/anoticiaonline.com.br\\\/site\\\/categoria\\\/gerais\\\/#listItem\",\"position\":2,\"name\":\"Gerais\",\"item\":\"https:\\\/\\\/anoticiaonline.com.br\\\/site\\\/categoria\\\/gerais\\\/\",\"nextItem\":{\"@type\":\"ListItem\",\"@id\":\"https:\\\/\\\/anoticiaonline.com.br\\\/site\\\/messias-vardiero-e-reeleito-provedor-do-hsp\\\/#listItem\",\"name\":\"Messias Vardiero \\u00e9 reeleito provedor do HSP\"},\"previousItem\":{\"@type\":\"ListItem\",\"@id\":\"https:\\\/\\\/anoticiaonline.com.br\\\/site#listItem\",\"name\":\"Home\"}},{\"@type\":\"ListItem\",\"@id\":\"https:\\\/\\\/anoticiaonline.com.br\\\/site\\\/messias-vardiero-e-reeleito-provedor-do-hsp\\\/#listItem\",\"position\":3,\"name\":\"Messias Vardiero \\u00e9 reeleito provedor do HSP\",\"previousItem\":{\"@type\":\"ListItem\",\"@id\":\"https:\\\/\\\/anoticiaonline.com.br\\\/site\\\/categoria\\\/gerais\\\/#listItem\",\"name\":\"Gerais\"}}]},{\"@type\":\"Organization\",\"@id\":\"https:\\\/\\\/anoticiaonline.com.br\\\/site\\\/#organization\",\"name\":\"A Not\\u00edcia Online\",\"description\":\"Noticias de Muria\\u00e9 e regi\\u00e3o\",\"url\":\"https:\\\/\\\/anoticiaonline.com.br\\\/site\\\/\",\"logo\":{\"@type\":\"ImageObject\",\"url\":\"https:\\\/\\\/scontent-gig4-1.xx.fbcdn.net\\\/v\\\/t39.30808-1\\\/270437624_4564083193639691_6907940295614233970_n.jpg?stp=dst-jpg_s200x200_tt6&_nc_cat=111&ccb=1-7&_nc_sid=f907e8&_nc_ohc=SM1wRlP3lJwQ7kNvwEPuBYA&_nc_oc=AdnqrjDN_BNjSSHWO-GbkIWH6fkGMLw4bqvL_NH6e2wMveX7G-rP2dAqsDSq1mJMOaY&_nc_zt=24&_nc_ht=scontent-gig4-1.xx&_nc_gid=AoBFJeGrT1hVaew_6rchkQ&oh=00_AfX7QmFGhQhG2jAllVgXCiM1ZrWgvtp80-Bfppyexh1QEg&oe=689E923C\",\"@id\":\"https:\\\/\\\/anoticiaonline.com.br\\\/site\\\/messias-vardiero-e-reeleito-provedor-do-hsp\\\/#organizationLogo\"},\"image\":{\"@id\":\"https:\\\/\\\/anoticiaonline.com.br\\\/site\\\/messias-vardiero-e-reeleito-provedor-do-hsp\\\/#organizationLogo\"}},{\"@type\":\"Person\",\"@id\":\"https:\\\/\\\/anoticiaonline.com.br\\\/site\\\/author\\\/juliana\\\/#author\",\"url\":\"https:\\\/\\\/anoticiaonline.com.br\\\/site\\\/author\\\/juliana\\\/\",\"name\":\"Juliana Laviola\",\"image\":{\"@type\":\"ImageObject\",\"@id\":\"https:\\\/\\\/anoticiaonline.com.br\\\/site\\\/messias-vardiero-e-reeleito-provedor-do-hsp\\\/#authorImage\",\"url\":\"https:\\\/\\\/secure.gravatar.com\\\/avatar\\\/b8d45f5c699b100dfaf0e543582f38f38bf94cb7ae3a5e9abf8d891a34773335?s=96&d=mm&r=g\",\"width\":96,\"height\":96,\"caption\":\"Juliana Laviola\"}},{\"@type\":\"WebPage\",\"@id\":\"https:\\\/\\\/anoticiaonline.com.br\\\/site\\\/messias-vardiero-e-reeleito-provedor-do-hsp\\\/#webpage\",\"url\":\"https:\\\/\\\/anoticiaonline.com.br\\\/site\\\/messias-vardiero-e-reeleito-provedor-do-hsp\\\/\",\"name\":\"Messias Vardiero \\u00e9 reeleito provedor do HSP - A Not\\u00edcia Online\",\"description\":\"O atual provedor do Hospital S\\u00e3o Paulo, Messias Vardiero, foi reeleito, na noite de quarta-feira (14), para ocupar o cargo por mais dois anos na entidade, na qual est\\u00e1 \\u00e0 frente h\\u00e1 12 anos. De acordo com Messias Vardiero, \\u00e9 um prazer servir e ajudar aqueles que necessitam. \\u201cGosto muito do trabalho que desempenho como\",\"inLanguage\":\"pt-BR\",\"isPartOf\":{\"@id\":\"https:\\\/\\\/anoticiaonline.com.br\\\/site\\\/#website\"},\"breadcrumb\":{\"@id\":\"https:\\\/\\\/anoticiaonline.com.br\\\/site\\\/messias-vardiero-e-reeleito-provedor-do-hsp\\\/#breadcrumblist\"},\"author\":{\"@id\":\"https:\\\/\\\/anoticiaonline.com.br\\\/site\\\/author\\\/juliana\\\/#author\"},\"creator\":{\"@id\":\"https:\\\/\\\/anoticiaonline.com.br\\\/site\\\/author\\\/juliana\\\/#author\"},\"image\":{\"@type\":\"ImageObject\",\"url\":\"https:\\\/\\\/anoticiaonline.com.br\\\/site\\\/wp-content\\\/uploads\\\/2018\\\/03\\\/A-NOT\\u00cdCIA-HSP-5.jpg\",\"@id\":\"https:\\\/\\\/anoticiaonline.com.br\\\/site\\\/messias-vardiero-e-reeleito-provedor-do-hsp\\\/#mainImage\",\"width\":640,\"height\":427},\"primaryImageOfPage\":{\"@id\":\"https:\\\/\\\/anoticiaonline.com.br\\\/site\\\/messias-vardiero-e-reeleito-provedor-do-hsp\\\/#mainImage\"},\"datePublished\":\"2018-03-15T20:17:44-03:00\",\"dateModified\":\"2018-03-16T10:31:23-03:00\"},{\"@type\":\"WebSite\",\"@id\":\"https:\\\/\\\/anoticiaonline.com.br\\\/site\\\/#website\",\"url\":\"https:\\\/\\\/anoticiaonline.com.br\\\/site\\\/\",\"name\":\"A Not\\u00edcia Online\",\"description\":\"Noticias de Muria\\u00e9 e regi\\u00e3o\",\"inLanguage\":\"pt-BR\",\"publisher\":{\"@id\":\"https:\\\/\\\/anoticiaonline.com.br\\\/site\\\/#organization\"}}]}\n\t\t<\/script>\n\t\t<!-- All in One SEO -->\n\n","aioseo_head_json":{"title":"Messias Vardiero \u00e9 reeleito provedor do HSP - A Not\u00edcia Online","description":"O atual provedor do Hospital S\u00e3o Paulo, Messias Vardiero, foi reeleito, na noite de quarta-feira (14), para ocupar o cargo por mais dois anos na entidade, na qual est\u00e1 \u00e0 frente h\u00e1 12 anos. De acordo com Messias Vardiero, \u00e9 um prazer servir e ajudar aqueles que necessitam. \u201cGosto muito do trabalho que desempenho como","canonical_url":"https:\/\/anoticiaonline.com.br\/site\/messias-vardiero-e-reeleito-provedor-do-hsp\/","robots":"max-image-preview:large","keywords":"","webmasterTools":{"miscellaneous":""},"schema":{"@context":"https:\/\/schema.org","@graph":[{"@type":"BlogPosting","@id":"https:\/\/anoticiaonline.com.br\/site\/messias-vardiero-e-reeleito-provedor-do-hsp\/#blogposting","name":"Messias Vardiero \u00e9 reeleito provedor do HSP - A Not\u00edcia Online","headline":"Messias Vardiero \u00e9 reeleito provedor do HSP","author":{"@id":"https:\/\/anoticiaonline.com.br\/site\/author\/juliana\/#author"},"publisher":{"@id":"https:\/\/anoticiaonline.com.br\/site\/#organization"},"image":{"@type":"ImageObject","url":"https:\/\/anoticiaonline.com.br\/site\/wp-content\/uploads\/2018\/03\/A-NOT\u00cdCIA-HSP-5.jpg","width":640,"height":427},"datePublished":"2018-03-15T20:17:44-03:00","dateModified":"2018-03-16T10:31:23-03:00","inLanguage":"pt-BR","mainEntityOfPage":{"@id":"https:\/\/anoticiaonline.com.br\/site\/messias-vardiero-e-reeleito-provedor-do-hsp\/#webpage"},"isPartOf":{"@id":"https:\/\/anoticiaonline.com.br\/site\/messias-vardiero-e-reeleito-provedor-do-hsp\/#webpage"},"articleSection":"Gerais, elei\u00e7\u00e3o, Hospital S\u00e3o Paulo, HSP, iretor t\u00e9cnico do Hospital S\u00e3o Paulo, Jos\u00e9 Santos Mostaro, Messias Vardiero, provedoria"},{"@type":"BreadcrumbList","@id":"https:\/\/anoticiaonline.com.br\/site\/messias-vardiero-e-reeleito-provedor-do-hsp\/#breadcrumblist","itemListElement":[{"@type":"ListItem","@id":"https:\/\/anoticiaonline.com.br\/site#listItem","position":1,"name":"Home","item":"https:\/\/anoticiaonline.com.br\/site","nextItem":{"@type":"ListItem","@id":"https:\/\/anoticiaonline.com.br\/site\/categoria\/gerais\/#listItem","name":"Gerais"}},{"@type":"ListItem","@id":"https:\/\/anoticiaonline.com.br\/site\/categoria\/gerais\/#listItem","position":2,"name":"Gerais","item":"https:\/\/anoticiaonline.com.br\/site\/categoria\/gerais\/","nextItem":{"@type":"ListItem","@id":"https:\/\/anoticiaonline.com.br\/site\/messias-vardiero-e-reeleito-provedor-do-hsp\/#listItem","name":"Messias Vardiero \u00e9 reeleito provedor do HSP"},"previousItem":{"@type":"ListItem","@id":"https:\/\/anoticiaonline.com.br\/site#listItem","name":"Home"}},{"@type":"ListItem","@id":"https:\/\/anoticiaonline.com.br\/site\/messias-vardiero-e-reeleito-provedor-do-hsp\/#listItem","position":3,"name":"Messias Vardiero \u00e9 reeleito provedor do HSP","previousItem":{"@type":"ListItem","@id":"https:\/\/anoticiaonline.com.br\/site\/categoria\/gerais\/#listItem","name":"Gerais"}}]},{"@type":"Organization","@id":"https:\/\/anoticiaonline.com.br\/site\/#organization","name":"A Not\u00edcia Online","description":"Noticias de Muria\u00e9 e regi\u00e3o","url":"https:\/\/anoticiaonline.com.br\/site\/","logo":{"@type":"ImageObject","url":"https:\/\/scontent-gig4-1.xx.fbcdn.net\/v\/t39.30808-1\/270437624_4564083193639691_6907940295614233970_n.jpg?stp=dst-jpg_s200x200_tt6&_nc_cat=111&ccb=1-7&_nc_sid=f907e8&_nc_ohc=SM1wRlP3lJwQ7kNvwEPuBYA&_nc_oc=AdnqrjDN_BNjSSHWO-GbkIWH6fkGMLw4bqvL_NH6e2wMveX7G-rP2dAqsDSq1mJMOaY&_nc_zt=24&_nc_ht=scontent-gig4-1.xx&_nc_gid=AoBFJeGrT1hVaew_6rchkQ&oh=00_AfX7QmFGhQhG2jAllVgXCiM1ZrWgvtp80-Bfppyexh1QEg&oe=689E923C","@id":"https:\/\/anoticiaonline.com.br\/site\/messias-vardiero-e-reeleito-provedor-do-hsp\/#organizationLogo"},"image":{"@id":"https:\/\/anoticiaonline.com.br\/site\/messias-vardiero-e-reeleito-provedor-do-hsp\/#organizationLogo"}},{"@type":"Person","@id":"https:\/\/anoticiaonline.com.br\/site\/author\/juliana\/#author","url":"https:\/\/anoticiaonline.com.br\/site\/author\/juliana\/","name":"Juliana Laviola","image":{"@type":"ImageObject","@id":"https:\/\/anoticiaonline.com.br\/site\/messias-vardiero-e-reeleito-provedor-do-hsp\/#authorImage","url":"https:\/\/secure.gravatar.com\/avatar\/b8d45f5c699b100dfaf0e543582f38f38bf94cb7ae3a5e9abf8d891a34773335?s=96&d=mm&r=g","width":96,"height":96,"caption":"Juliana Laviola"}},{"@type":"WebPage","@id":"https:\/\/anoticiaonline.com.br\/site\/messias-vardiero-e-reeleito-provedor-do-hsp\/#webpage","url":"https:\/\/anoticiaonline.com.br\/site\/messias-vardiero-e-reeleito-provedor-do-hsp\/","name":"Messias Vardiero \u00e9 reeleito provedor do HSP - A Not\u00edcia Online","description":"O atual provedor do Hospital S\u00e3o Paulo, Messias Vardiero, foi reeleito, na noite de quarta-feira (14), para ocupar o cargo por mais dois anos na entidade, na qual est\u00e1 \u00e0 frente h\u00e1 12 anos. De acordo com Messias Vardiero, \u00e9 um prazer servir e ajudar aqueles que necessitam. \u201cGosto muito do trabalho que desempenho como","inLanguage":"pt-BR","isPartOf":{"@id":"https:\/\/anoticiaonline.com.br\/site\/#website"},"breadcrumb":{"@id":"https:\/\/anoticiaonline.com.br\/site\/messias-vardiero-e-reeleito-provedor-do-hsp\/#breadcrumblist"},"author":{"@id":"https:\/\/anoticiaonline.com.br\/site\/author\/juliana\/#author"},"creator":{"@id":"https:\/\/anoticiaonline.com.br\/site\/author\/juliana\/#author"},"image":{"@type":"ImageObject","url":"https:\/\/anoticiaonline.com.br\/site\/wp-content\/uploads\/2018\/03\/A-NOT\u00cdCIA-HSP-5.jpg","@id":"https:\/\/anoticiaonline.com.br\/site\/messias-vardiero-e-reeleito-provedor-do-hsp\/#mainImage","width":640,"height":427},"primaryImageOfPage":{"@id":"https:\/\/anoticiaonline.com.br\/site\/messias-vardiero-e-reeleito-provedor-do-hsp\/#mainImage"},"datePublished":"2018-03-15T20:17:44-03:00","dateModified":"2018-03-16T10:31:23-03:00"},{"@type":"WebSite","@id":"https:\/\/anoticiaonline.com.br\/site\/#website","url":"https:\/\/anoticiaonline.com.br\/site\/","name":"A Not\u00edcia Online","description":"Noticias de Muria\u00e9 e regi\u00e3o","inLanguage":"pt-BR","publisher":{"@id":"https:\/\/anoticiaonline.com.br\/site\/#organization"}}]},"og:locale":"pt_BR","og:site_name":"A Not\u00edcia Online - Noticias de Muria\u00e9 e regi\u00e3o","og:type":"article","og:title":"Messias Vardiero \u00e9 reeleito provedor do HSP - A Not\u00edcia Online","og:description":"O atual provedor do Hospital S\u00e3o Paulo, Messias Vardiero, foi reeleito, na noite de quarta-feira (14), para ocupar o cargo por mais dois anos na entidade, na qual est\u00e1 \u00e0 frente h\u00e1 12 anos. De acordo com Messias Vardiero, \u00e9 um prazer servir e ajudar aqueles que necessitam. \u201cGosto muito do trabalho que desempenho como","og:url":"https:\/\/anoticiaonline.com.br\/site\/messias-vardiero-e-reeleito-provedor-do-hsp\/","og:image":"https:\/\/scontent-gig4-1.xx.fbcdn.net\/v\/t39.30808-1\/270437624_4564083193639691_6907940295614233970_n.jpg?stp=dst-jpg_s200x200_tt6&#038;_nc_cat=111&#038;ccb=1-7&#038;_nc_sid=f907e8&#038;_nc_ohc=SM1wRlP3lJwQ7kNvwEPuBYA&#038;_nc_oc=AdnqrjDN_BNjSSHWO-GbkIWH6fkGMLw4bqvL_NH6e2wMveX7G-rP2dAqsDSq1mJMOaY&#038;_nc_zt=24&#038;_nc_ht=scontent-gig4-1.xx&#038;_nc_gid=AoBFJeGrT1hVaew_6rchkQ&#038;oh=00_AfX7QmFGhQhG2jAllVgXCiM1ZrWgvtp80-Bfppyexh1QEg&#038;oe=689E923C","og:image:secure_url":"https:\/\/scontent-gig4-1.xx.fbcdn.net\/v\/t39.30808-1\/270437624_4564083193639691_6907940295614233970_n.jpg?stp=dst-jpg_s200x200_tt6&#038;_nc_cat=111&#038;ccb=1-7&#038;_nc_sid=f907e8&#038;_nc_ohc=SM1wRlP3lJwQ7kNvwEPuBYA&#038;_nc_oc=AdnqrjDN_BNjSSHWO-GbkIWH6fkGMLw4bqvL_NH6e2wMveX7G-rP2dAqsDSq1mJMOaY&#038;_nc_zt=24&#038;_nc_ht=scontent-gig4-1.xx&#038;_nc_gid=AoBFJeGrT1hVaew_6rchkQ&#038;oh=00_AfX7QmFGhQhG2jAllVgXCiM1ZrWgvtp80-Bfppyexh1QEg&#038;oe=689E923C","article:published_time":"2018-03-15T23:17:44+00:00","article:modified_time":"2018-03-16T13:31:23+00:00","twitter:card":"summary_large_image","twitter:title":"Messias Vardiero \u00e9 reeleito provedor do HSP - A Not\u00edcia Online","twitter:description":"O atual provedor do Hospital S\u00e3o Paulo, Messias Vardiero, foi reeleito, na noite de quarta-feira (14), para ocupar o cargo por mais dois anos na entidade, na qual est\u00e1 \u00e0 frente h\u00e1 12 anos. De acordo com Messias Vardiero, \u00e9 um prazer servir e ajudar aqueles que necessitam. \u201cGosto muito do trabalho que desempenho como","twitter:image":"https:\/\/scontent-gig4-1.xx.fbcdn.net\/v\/t39.30808-1\/270437624_4564083193639691_6907940295614233970_n.jpg?stp=dst-jpg_s200x200_tt6&_nc_cat=111&ccb=1-7&_nc_sid=f907e8&_nc_ohc=SM1wRlP3lJwQ7kNvwEPuBYA&_nc_oc=AdnqrjDN_BNjSSHWO-GbkIWH6fkGMLw4bqvL_NH6e2wMveX7G-rP2dAqsDSq1mJMOaY&_nc_zt=24&_nc_ht=scontent-gig4-1.xx&_nc_gid=AoBFJeGrT1hVaew_6rchkQ&oh=00_AfX7QmFGhQhG2jAllVgXCiM1ZrWgvtp80-Bfppyexh1QEg&oe=689E923C"},"aioseo_meta_data":{"post_id":"51802","title":null,"description":null,"keywords":null,"keyphrases":null,"primary_term":null,"canonical_url":null,"og_title":null,"og_description":null,"og_object_type":"default","og_image_type":"default","og_image_url":null,"og_image_width":null,"og_image_height":null,"og_image_custom_url":null,"og_image_custom_fields":null,"og_video":null,"og_custom_url":null,"og_article_section":null,"og_article_tags":null,"twitter_use_og":false,"twitter_card":"default","twitter_image_type":"default","twitter_image_url":null,"twitter_image_custom_url":null,"twitter_image_custom_fields":null,"twitter_title":null,"twitter_description":null,"schema":{"blockGraphs":[],"customGraphs":[],"default":{"data":{"Article":[],"Course":[],"Dataset":[],"FAQPage":[],"Movie":[],"Person":[],"Product":[],"ProductReview":[],"Car":[],"Recipe":[],"Service":[],"SoftwareApplication":[],"WebPage":[]},"graphName":"","isEnabled":true},"graphs":[]},"schema_type":"default","schema_type_options":null,"pillar_content":false,"robots_default":true,"robots_noindex":false,"robots_noarchive":false,"robots_nosnippet":false,"robots_nofollow":false,"robots_noimageindex":false,"robots_noodp":false,"robots_notranslate":false,"robots_max_snippet":null,"robots_max_videopreview":null,"robots_max_imagepreview":"large","priority":null,"frequency":null,"local_seo":null,"breadcrumb_settings":null,"limit_modified_date":false,"ai":null,"created":"2025-08-16 20:31:26","updated":"2025-08-16 20:31:26","focus_keyword":null,"additional_keywords":null,"truseo_locale":null,"seo_analyzer_scan_date":null},"aioseo_breadcrumb":"<div class=\"aioseo-breadcrumbs\"><span class=\"aioseo-breadcrumb\">\n\t\t\t<a href=\"https:\/\/anoticiaonline.com.br\/site\" title=\"Home\">Home<\/a>\n\t\t<\/span><span class=\"aioseo-breadcrumb-separator\">&raquo;<\/span><span class=\"aioseo-breadcrumb\">\n\t\t\t<a href=\"https:\/\/anoticiaonline.com.br\/site\/categoria\/gerais\/\" title=\"Gerais\">Gerais<\/a>\n\t\t<\/span><span class=\"aioseo-breadcrumb-separator\">&raquo;<\/span><span class=\"aioseo-breadcrumb\">\n\t\t\tMessias Vardiero \u00e9 reeleito provedor do HSP\n\t\t<\/span><\/div>","aioseo_breadcrumb_json":[{"label":"Home","link":"https:\/\/anoticiaonline.com.br\/site"},{"label":"Gerais","link":"https:\/\/anoticiaonline.com.br\/site\/categoria\/gerais\/"},{"label":"Messias Vardiero \u00e9 reeleito provedor do HSP","link":"https:\/\/anoticiaonline.com.br\/site\/messias-vardiero-e-reeleito-provedor-do-hsp\/"}],"views":163,"_links":{"self":[{"href":"https:\/\/anoticiaonline.com.br\/site\/wp-json\/wp\/v2\/posts\/51802","targetHints":{"allow":["GET"]}}],"collection":[{"href":"https:\/\/anoticiaonline.com.br\/site\/wp-json\/wp\/v2\/posts"}],"about":[{"href":"https:\/\/anoticiaonline.com.br\/site\/wp-json\/wp\/v2\/types\/post"}],"author":[{"embeddable":true,"href":"https:\/\/anoticiaonline.com.br\/site\/wp-json\/wp\/v2\/users\/2"}],"replies":[{"embeddable":true,"href":"https:\/\/anoticiaonline.com.br\/site\/wp-json\/wp\/v2\/comments?post=51802"}],"version-history":[{"count":0,"href":"https:\/\/anoticiaonline.com.br\/site\/wp-json\/wp\/v2\/posts\/51802\/revisions"}],"wp:featuredmedia":[{"embeddable":true,"href":"https:\/\/anoticiaonline.com.br\/site\/wp-json\/wp\/v2\/media\/51808"}],"wp:attachment":[{"href":"https:\/\/anoticiaonline.com.br\/site\/wp-json\/wp\/v2\/media?parent=51802"}],"wp:term":[{"taxonomy":"category","embeddable":true,"href":"https:\/\/anoticiaonline.com.br\/site\/wp-json\/wp\/v2\/categories?post=51802"},{"taxonomy":"post_tag","embeddable":true,"href":"https:\/\/anoticiaonline.com.br\/site\/wp-json\/wp\/v2\/tags?post=51802"}],"curies":[{"name":"wp","href":"https:\/\/api.w.org\/{rel}","templated":true}]}}