{"id":51737,"date":"2018-03-15T20:06:21","date_gmt":"2018-03-15T23:06:21","guid":{"rendered":"http:\/\/anoticiaonline.com.br\/site\/?p=51737"},"modified":"2018-03-15T20:06:21","modified_gmt":"2018-03-15T23:06:21","slug":"moda-e-estilo-loja-dona-violeta-reinaugura-sob-nova-direcao","status":"publish","type":"post","link":"https:\/\/anoticiaonline.com.br\/site\/moda-e-estilo-loja-dona-violeta-reinaugura-sob-nova-direcao\/","title":{"rendered":"Moda e estilo: loja Dona Violeta reinaugura sob nova dire\u00e7\u00e3o"},"content":{"rendered":"<p><a href=\"https:\/\/anoticiaonline.com.br\/site\/wp-content\/uploads\/2018\/03\/A-NOT\u00cdCIA-D-VIOLETA-1.jpg\"><\/a><a href=\"https:\/\/anoticiaonline.com.br\/site\/wp-content\/uploads\/2018\/03\/A-NOT\u00cdCIA-D-VIOLETA-11.jpg\"><img fetchpriority=\"high\" decoding=\"async\" class=\"aligncenter size-full wp-image-51789\" src=\"https:\/\/anoticiaonline.com.br\/site\/wp-content\/uploads\/2018\/03\/A-NOT\u00cdCIA-D-VIOLETA-11.jpg\" alt=\"\" width=\"426\" height=\"640\" srcset=\"https:\/\/anoticiaonline.com.br\/site\/wp-content\/uploads\/2018\/03\/A-NOT\u00cdCIA-D-VIOLETA-11.jpg 426w, https:\/\/anoticiaonline.com.br\/site\/wp-content\/uploads\/2018\/03\/A-NOT\u00cdCIA-D-VIOLETA-11-200x300.jpg 200w\" sizes=\"(max-width: 426px) 100vw, 426px\" \/><\/a><a href=\"https:\/\/anoticiaonline.com.br\/site\/wp-content\/uploads\/2018\/03\/A-NOT\u00cdCIA-D-VIOLETA-1.jpg\"><img decoding=\"async\" class=\"aligncenter size-full wp-image-51776\" src=\"https:\/\/anoticiaonline.com.br\/site\/wp-content\/uploads\/2018\/03\/A-NOT\u00cdCIA-D-VIOLETA-1.jpg\" alt=\"\" width=\"640\" height=\"426\" srcset=\"https:\/\/anoticiaonline.com.br\/site\/wp-content\/uploads\/2018\/03\/A-NOT\u00cdCIA-D-VIOLETA-1.jpg 640w, https:\/\/anoticiaonline.com.br\/site\/wp-content\/uploads\/2018\/03\/A-NOT\u00cdCIA-D-VIOLETA-1-300x200.jpg 300w\" sizes=\"(max-width: 640px) 100vw, 640px\" \/><\/a><a href=\"https:\/\/anoticiaonline.com.br\/site\/wp-content\/uploads\/2018\/03\/A-NOT\u00cdCIA-D-VIOLETA-4.jpg\"><img decoding=\"async\" class=\"aligncenter size-full wp-image-51782\" src=\"https:\/\/anoticiaonline.com.br\/site\/wp-content\/uploads\/2018\/03\/A-NOT\u00cdCIA-D-VIOLETA-4.jpg\" alt=\"\" width=\"427\" height=\"640\" srcset=\"https:\/\/anoticiaonline.com.br\/site\/wp-content\/uploads\/2018\/03\/A-NOT\u00cdCIA-D-VIOLETA-4.jpg 427w, https:\/\/anoticiaonline.com.br\/site\/wp-content\/uploads\/2018\/03\/A-NOT\u00cdCIA-D-VIOLETA-4-200x300.jpg 200w\" sizes=\"(max-width: 427px) 100vw, 427px\" \/><\/a> <a href=\"https:\/\/anoticiaonline.com.br\/site\/wp-content\/uploads\/2018\/03\/A-NOT\u00cdCIA-D-VIOLETA-6.jpg\"><img loading=\"lazy\" decoding=\"async\" class=\"aligncenter size-full wp-image-51784\" src=\"https:\/\/anoticiaonline.com.br\/site\/wp-content\/uploads\/2018\/03\/A-NOT\u00cdCIA-D-VIOLETA-6.jpg\" alt=\"\" width=\"427\" height=\"640\" srcset=\"https:\/\/anoticiaonline.com.br\/site\/wp-content\/uploads\/2018\/03\/A-NOT\u00cdCIA-D-VIOLETA-6.jpg 427w, https:\/\/anoticiaonline.com.br\/site\/wp-content\/uploads\/2018\/03\/A-NOT\u00cdCIA-D-VIOLETA-6-200x300.jpg 200w\" sizes=\"(max-width: 427px) 100vw, 427px\" \/><\/a> <a href=\"https:\/\/anoticiaonline.com.br\/site\/wp-content\/uploads\/2018\/03\/A-NOT\u00cdCIA-D-VIOLETA-7.jpg\"><img loading=\"lazy\" decoding=\"async\" class=\"aligncenter size-full wp-image-51785\" src=\"https:\/\/anoticiaonline.com.br\/site\/wp-content\/uploads\/2018\/03\/A-NOT\u00cdCIA-D-VIOLETA-7.jpg\" alt=\"\" width=\"640\" height=\"427\" srcset=\"https:\/\/anoticiaonline.com.br\/site\/wp-content\/uploads\/2018\/03\/A-NOT\u00cdCIA-D-VIOLETA-7.jpg 640w, https:\/\/anoticiaonline.com.br\/site\/wp-content\/uploads\/2018\/03\/A-NOT\u00cdCIA-D-VIOLETA-7-300x200.jpg 300w\" sizes=\"(max-width: 640px) 100vw, 640px\" \/><\/a><a href=\"https:\/\/anoticiaonline.com.br\/site\/wp-content\/uploads\/2018\/03\/A-NOT\u00cdCIA-D-VIOLETA-12.jpg\"><img loading=\"lazy\" decoding=\"async\" class=\"aligncenter size-full wp-image-51790\" src=\"https:\/\/anoticiaonline.com.br\/site\/wp-content\/uploads\/2018\/03\/A-NOT\u00cdCIA-D-VIOLETA-12.jpg\" alt=\"\" width=\"427\" height=\"640\" srcset=\"https:\/\/anoticiaonline.com.br\/site\/wp-content\/uploads\/2018\/03\/A-NOT\u00cdCIA-D-VIOLETA-12.jpg 427w, https:\/\/anoticiaonline.com.br\/site\/wp-content\/uploads\/2018\/03\/A-NOT\u00cdCIA-D-VIOLETA-12-200x300.jpg 200w\" sizes=\"(max-width: 427px) 100vw, 427px\" \/><\/a>A loja de roupas e acess\u00f3rios femininos Dona Violeta reinaugurou, na manh\u00e3 de quinta-feira (15), seu espa\u00e7o sob a dire\u00e7\u00e3o da empres\u00e1ria Jennifer Pimentel dos Santos Souza.<\/p>\n<p>A loja oferece grande variedade de cal\u00e7as, vestidos, bolsas, blusas e biqu\u00ednis. De acordo com a propriet\u00e1ria, a inten\u00e7\u00e3o \u00e9 que, futuramente, possa trabalhar com produtos tamb\u00e9m voltados para o p\u00fablico masculino.<\/p>\n<p>\u201cTemos um ambiente climatizado para atender nossas clientes de forma confort\u00e1vel. Aceitamos cart\u00f5es de cr\u00e9dito e dividimos o valor em at\u00e9 seis vezes nas compras a partir de 300 reais. Esperamos a visita de todos\u201d, conta.<\/p>\n<p>A Dona Violeta est\u00e1 localizada na Rua Coronel Amador Pinheiro de Barros, n\u00famero 99, loja 2. Hor\u00e1rio de funcionamento: de segunda a sexta das 9h \u00e0s 19h, e aos s\u00e1bados, das 9h \u00e0s 13h.<\/p>\n<p>&nbsp;<\/p>\n<p><a href=\"https:\/\/anoticiaonline.com.br\/site\/wp-content\/uploads\/2018\/03\/A-NOT\u00cdCIA-D-VIOLETA-3.jpg\"><img loading=\"lazy\" decoding=\"async\" class=\"aligncenter size-full wp-image-51779\" src=\"https:\/\/anoticiaonline.com.br\/site\/wp-content\/uploads\/2018\/03\/A-NOT\u00cdCIA-D-VIOLETA-3.jpg\" alt=\"\" width=\"640\" height=\"426\" srcset=\"https:\/\/anoticiaonline.com.br\/site\/wp-content\/uploads\/2018\/03\/A-NOT\u00cdCIA-D-VIOLETA-3.jpg 640w, https:\/\/anoticiaonline.com.br\/site\/wp-content\/uploads\/2018\/03\/A-NOT\u00cdCIA-D-VIOLETA-3-300x200.jpg 300w\" sizes=\"(max-width: 640px) 100vw, 640px\" \/><\/a><a href=\"https:\/\/anoticiaonline.com.br\/site\/wp-content\/uploads\/2018\/03\/A-NOT\u00cdCIA-D-VIOLETA-10.jpg\"><img loading=\"lazy\" decoding=\"async\" class=\"aligncenter size-full wp-image-51788\" src=\"https:\/\/anoticiaonline.com.br\/site\/wp-content\/uploads\/2018\/03\/A-NOT\u00cdCIA-D-VIOLETA-10.jpg\" alt=\"\" width=\"640\" height=\"426\" srcset=\"https:\/\/anoticiaonline.com.br\/site\/wp-content\/uploads\/2018\/03\/A-NOT\u00cdCIA-D-VIOLETA-10.jpg 640w, https:\/\/anoticiaonline.com.br\/site\/wp-content\/uploads\/2018\/03\/A-NOT\u00cdCIA-D-VIOLETA-10-300x200.jpg 300w\" sizes=\"(max-width: 640px) 100vw, 640px\" \/><\/a><a href=\"https:\/\/anoticiaonline.com.br\/site\/wp-content\/uploads\/2018\/03\/A-NOT\u00cdCIA-D-VIOLETA-9.jpg\"><img loading=\"lazy\" decoding=\"async\" class=\"aligncenter size-full wp-image-51787\" src=\"https:\/\/anoticiaonline.com.br\/site\/wp-content\/uploads\/2018\/03\/A-NOT\u00cdCIA-D-VIOLETA-9.jpg\" alt=\"\" width=\"640\" height=\"426\" srcset=\"https:\/\/anoticiaonline.com.br\/site\/wp-content\/uploads\/2018\/03\/A-NOT\u00cdCIA-D-VIOLETA-9.jpg 640w, https:\/\/anoticiaonline.com.br\/site\/wp-content\/uploads\/2018\/03\/A-NOT\u00cdCIA-D-VIOLETA-9-300x200.jpg 300w\" sizes=\"(max-width: 640px) 100vw, 640px\" \/><\/a><a href=\"https:\/\/anoticiaonline.com.br\/site\/wp-content\/uploads\/2018\/03\/A-NOT\u00cdCIA-D-VIOLETA-8.jpg\"><img loading=\"lazy\" decoding=\"async\" class=\"aligncenter size-full wp-image-51786\" src=\"https:\/\/anoticiaonline.com.br\/site\/wp-content\/uploads\/2018\/03\/A-NOT\u00cdCIA-D-VIOLETA-8.jpg\" alt=\"\" width=\"640\" height=\"426\" srcset=\"https:\/\/anoticiaonline.com.br\/site\/wp-content\/uploads\/2018\/03\/A-NOT\u00cdCIA-D-VIOLETA-8.jpg 640w, https:\/\/anoticiaonline.com.br\/site\/wp-content\/uploads\/2018\/03\/A-NOT\u00cdCIA-D-VIOLETA-8-300x200.jpg 300w\" sizes=\"(max-width: 640px) 100vw, 640px\" \/><\/a><\/p>\n","protected":false},"excerpt":{"rendered":"<p>A loja de roupas e acess\u00f3rios femininos Dona Violeta reinaugurou, na manh\u00e3 de quinta-feira (15), seu espa\u00e7o sob a dire\u00e7\u00e3o da empres\u00e1ria Jennifer Pimentel dos Santos Souza. A loja oferece grande variedade de cal\u00e7as, vestidos, bolsas, blusas e biqu\u00ednis. De acordo com a propriet\u00e1ria, a inten\u00e7\u00e3o \u00e9 que, futuramente, possa trabalhar com produtos tamb\u00e9m voltados &#8230; <a title=\"Moda e estilo: loja Dona Violeta reinaugura sob nova dire\u00e7\u00e3o\" class=\"read-more\" href=\"https:\/\/anoticiaonline.com.br\/site\/moda-e-estilo-loja-dona-violeta-reinaugura-sob-nova-direcao\/\" aria-label=\"Read more about Moda e estilo: loja Dona Violeta reinaugura sob nova dire\u00e7\u00e3o\">Ler mais<\/a><\/p>\n","protected":false},"author":2,"featured_media":51786,"comment_status":"open","ping_status":"open","sticky":false,"template":"","format":"standard","meta":{"_acf_changed":false,"_monsterinsights_skip_tracking":false,"footnotes":""},"categories":[24],"tags":[2189,20,488,2190,74,2191],"class_list":["post-51737","post","type-post","status-publish","format-standard","has-post-thumbnail","hentry","category-eventos","tag-dona-violeta","tag-inauguracao","tag-loja","tag-loja-de-roupas","tag-muriae","tag-rua-coronel-amador-pinheiro-de-barros"],"acf":[],"aioseo_notices":[],"aioseo_head":"\n\t\t<!-- All in One SEO 5.0.0.1 - aioseo.com -->\n\t<meta name=\"description\" content=\"A loja de roupas e acess\u00f3rios femininos Dona Violeta reinaugurou, na manh\u00e3 de quinta-feira (15), seu espa\u00e7o sob a dire\u00e7\u00e3o da empres\u00e1ria Jennifer Pimentel dos Santos Souza. A loja oferece grande variedade de cal\u00e7as, vestidos, bolsas, blusas e biqu\u00ednis. De acordo com a propriet\u00e1ria, a inten\u00e7\u00e3o \u00e9 que, futuramente, possa trabalhar com produtos tamb\u00e9m voltados\" \/>\n\t<meta name=\"robots\" content=\"max-image-preview:large\" \/>\n\t<meta name=\"author\" content=\"Juliana Laviola\"\/>\n\t<link rel=\"canonical\" href=\"https:\/\/anoticiaonline.com.br\/site\/moda-e-estilo-loja-dona-violeta-reinaugura-sob-nova-direcao\/\" \/>\n\t<meta name=\"generator\" content=\"All in One SEO (AIOSEO) 5.0.0.1\" \/>\n\t\t<meta property=\"og:locale\" content=\"pt_BR\" \/>\n\t\t<meta property=\"og:site_name\" content=\"A Not\u00edcia Online - Noticias de Muria\u00e9 e regi\u00e3o\" \/>\n\t\t<meta property=\"og:type\" content=\"article\" \/>\n\t\t<meta property=\"og:title\" content=\"Moda e estilo: loja Dona Violeta reinaugura sob nova dire\u00e7\u00e3o - A Not\u00edcia Online\" \/>\n\t\t<meta property=\"og:description\" content=\"A loja de roupas e acess\u00f3rios femininos Dona Violeta reinaugurou, na manh\u00e3 de quinta-feira (15), seu espa\u00e7o sob a dire\u00e7\u00e3o da empres\u00e1ria Jennifer Pimentel dos Santos Souza. A loja oferece grande variedade de cal\u00e7as, vestidos, bolsas, blusas e biqu\u00ednis. De acordo com a propriet\u00e1ria, a inten\u00e7\u00e3o \u00e9 que, futuramente, possa trabalhar com produtos tamb\u00e9m voltados\" \/>\n\t\t<meta property=\"og:url\" content=\"https:\/\/anoticiaonline.com.br\/site\/moda-e-estilo-loja-dona-violeta-reinaugura-sob-nova-direcao\/\" \/>\n\t\t<meta property=\"og:image\" content=\"https:\/\/scontent-gig4-1.xx.fbcdn.net\/v\/t39.30808-1\/270437624_4564083193639691_6907940295614233970_n.jpg?stp=dst-jpg_s200x200_tt6&#038;_nc_cat=111&#038;ccb=1-7&#038;_nc_sid=f907e8&#038;_nc_ohc=SM1wRlP3lJwQ7kNvwEPuBYA&#038;_nc_oc=AdnqrjDN_BNjSSHWO-GbkIWH6fkGMLw4bqvL_NH6e2wMveX7G-rP2dAqsDSq1mJMOaY&#038;_nc_zt=24&#038;_nc_ht=scontent-gig4-1.xx&#038;_nc_gid=AoBFJeGrT1hVaew_6rchkQ&#038;oh=00_AfX7QmFGhQhG2jAllVgXCiM1ZrWgvtp80-Bfppyexh1QEg&#038;oe=689E923C\" \/>\n\t\t<meta property=\"og:image:secure_url\" content=\"https:\/\/scontent-gig4-1.xx.fbcdn.net\/v\/t39.30808-1\/270437624_4564083193639691_6907940295614233970_n.jpg?stp=dst-jpg_s200x200_tt6&#038;_nc_cat=111&#038;ccb=1-7&#038;_nc_sid=f907e8&#038;_nc_ohc=SM1wRlP3lJwQ7kNvwEPuBYA&#038;_nc_oc=AdnqrjDN_BNjSSHWO-GbkIWH6fkGMLw4bqvL_NH6e2wMveX7G-rP2dAqsDSq1mJMOaY&#038;_nc_zt=24&#038;_nc_ht=scontent-gig4-1.xx&#038;_nc_gid=AoBFJeGrT1hVaew_6rchkQ&#038;oh=00_AfX7QmFGhQhG2jAllVgXCiM1ZrWgvtp80-Bfppyexh1QEg&#038;oe=689E923C\" \/>\n\t\t<meta property=\"article:published_time\" content=\"2018-03-15T23:06:21+00:00\" \/>\n\t\t<meta property=\"article:modified_time\" content=\"2018-03-15T23:06:21+00:00\" \/>\n\t\t<meta name=\"twitter:card\" content=\"summary_large_image\" \/>\n\t\t<meta name=\"twitter:title\" content=\"Moda e estilo: loja Dona Violeta reinaugura sob nova dire\u00e7\u00e3o - A Not\u00edcia Online\" \/>\n\t\t<meta name=\"twitter:description\" content=\"A loja de roupas e acess\u00f3rios femininos Dona Violeta reinaugurou, na manh\u00e3 de quinta-feira (15), seu espa\u00e7o sob a dire\u00e7\u00e3o da empres\u00e1ria Jennifer Pimentel dos Santos Souza. A loja oferece grande variedade de cal\u00e7as, vestidos, bolsas, blusas e biqu\u00ednis. De acordo com a propriet\u00e1ria, a inten\u00e7\u00e3o \u00e9 que, futuramente, possa trabalhar com produtos tamb\u00e9m voltados\" \/>\n\t\t<meta name=\"twitter:image\" content=\"https:\/\/scontent-gig4-1.xx.fbcdn.net\/v\/t39.30808-1\/270437624_4564083193639691_6907940295614233970_n.jpg?stp=dst-jpg_s200x200_tt6&amp;_nc_cat=111&amp;ccb=1-7&amp;_nc_sid=f907e8&amp;_nc_ohc=SM1wRlP3lJwQ7kNvwEPuBYA&amp;_nc_oc=AdnqrjDN_BNjSSHWO-GbkIWH6fkGMLw4bqvL_NH6e2wMveX7G-rP2dAqsDSq1mJMOaY&amp;_nc_zt=24&amp;_nc_ht=scontent-gig4-1.xx&amp;_nc_gid=AoBFJeGrT1hVaew_6rchkQ&amp;oh=00_AfX7QmFGhQhG2jAllVgXCiM1ZrWgvtp80-Bfppyexh1QEg&amp;oe=689E923C\" \/>\n\t\t<script type=\"application\/ld+json\" class=\"aioseo-schema\">\n\t\t\t{\"@context\":\"https:\\\/\\\/schema.org\",\"@graph\":[{\"@type\":\"BlogPosting\",\"@id\":\"https:\\\/\\\/anoticiaonline.com.br\\\/site\\\/moda-e-estilo-loja-dona-violeta-reinaugura-sob-nova-direcao\\\/#blogposting\",\"name\":\"Moda e estilo: loja Dona Violeta reinaugura sob nova dire\\u00e7\\u00e3o - A Not\\u00edcia Online\",\"headline\":\"Moda e estilo: loja Dona Violeta reinaugura sob nova dire\\u00e7\\u00e3o\",\"author\":{\"@id\":\"https:\\\/\\\/anoticiaonline.com.br\\\/site\\\/author\\\/juliana\\\/#author\"},\"publisher\":{\"@id\":\"https:\\\/\\\/anoticiaonline.com.br\\\/site\\\/#organization\"},\"image\":{\"@type\":\"ImageObject\",\"url\":\"https:\\\/\\\/anoticiaonline.com.br\\\/site\\\/wp-content\\\/uploads\\\/2018\\\/03\\\/A-NOT\\u00cdCIA-D-VIOLETA-8.jpg\",\"width\":640,\"height\":426},\"datePublished\":\"2018-03-15T20:06:21-03:00\",\"dateModified\":\"2018-03-15T20:06:21-03:00\",\"inLanguage\":\"pt-BR\",\"mainEntityOfPage\":{\"@id\":\"https:\\\/\\\/anoticiaonline.com.br\\\/site\\\/moda-e-estilo-loja-dona-violeta-reinaugura-sob-nova-direcao\\\/#webpage\"},\"isPartOf\":{\"@id\":\"https:\\\/\\\/anoticiaonline.com.br\\\/site\\\/moda-e-estilo-loja-dona-violeta-reinaugura-sob-nova-direcao\\\/#webpage\"},\"articleSection\":\"Eventos, Dona Violeta, inauguracao, loja, loja de roupas, Muria\\u00e9, Rua Coronel Amador Pinheiro de Barros\"},{\"@type\":\"BreadcrumbList\",\"@id\":\"https:\\\/\\\/anoticiaonline.com.br\\\/site\\\/moda-e-estilo-loja-dona-violeta-reinaugura-sob-nova-direcao\\\/#breadcrumblist\",\"itemListElement\":[{\"@type\":\"ListItem\",\"@id\":\"https:\\\/\\\/anoticiaonline.com.br\\\/site#listItem\",\"position\":1,\"name\":\"Home\",\"item\":\"https:\\\/\\\/anoticiaonline.com.br\\\/site\",\"nextItem\":{\"@type\":\"ListItem\",\"@id\":\"https:\\\/\\\/anoticiaonline.com.br\\\/site\\\/categoria\\\/eventos\\\/#listItem\",\"name\":\"Eventos\"}},{\"@type\":\"ListItem\",\"@id\":\"https:\\\/\\\/anoticiaonline.com.br\\\/site\\\/categoria\\\/eventos\\\/#listItem\",\"position\":2,\"name\":\"Eventos\",\"item\":\"https:\\\/\\\/anoticiaonline.com.br\\\/site\\\/categoria\\\/eventos\\\/\",\"nextItem\":{\"@type\":\"ListItem\",\"@id\":\"https:\\\/\\\/anoticiaonline.com.br\\\/site\\\/moda-e-estilo-loja-dona-violeta-reinaugura-sob-nova-direcao\\\/#listItem\",\"name\":\"Moda e estilo: loja Dona Violeta reinaugura sob nova dire\\u00e7\\u00e3o\"},\"previousItem\":{\"@type\":\"ListItem\",\"@id\":\"https:\\\/\\\/anoticiaonline.com.br\\\/site#listItem\",\"name\":\"Home\"}},{\"@type\":\"ListItem\",\"@id\":\"https:\\\/\\\/anoticiaonline.com.br\\\/site\\\/moda-e-estilo-loja-dona-violeta-reinaugura-sob-nova-direcao\\\/#listItem\",\"position\":3,\"name\":\"Moda e estilo: loja Dona Violeta reinaugura sob nova dire\\u00e7\\u00e3o\",\"previousItem\":{\"@type\":\"ListItem\",\"@id\":\"https:\\\/\\\/anoticiaonline.com.br\\\/site\\\/categoria\\\/eventos\\\/#listItem\",\"name\":\"Eventos\"}}]},{\"@type\":\"Organization\",\"@id\":\"https:\\\/\\\/anoticiaonline.com.br\\\/site\\\/#organization\",\"name\":\"A Not\\u00edcia Online\",\"description\":\"Noticias de Muria\\u00e9 e regi\\u00e3o\",\"url\":\"https:\\\/\\\/anoticiaonline.com.br\\\/site\\\/\",\"logo\":{\"@type\":\"ImageObject\",\"url\":\"https:\\\/\\\/scontent-gig4-1.xx.fbcdn.net\\\/v\\\/t39.30808-1\\\/270437624_4564083193639691_6907940295614233970_n.jpg?stp=dst-jpg_s200x200_tt6&_nc_cat=111&ccb=1-7&_nc_sid=f907e8&_nc_ohc=SM1wRlP3lJwQ7kNvwEPuBYA&_nc_oc=AdnqrjDN_BNjSSHWO-GbkIWH6fkGMLw4bqvL_NH6e2wMveX7G-rP2dAqsDSq1mJMOaY&_nc_zt=24&_nc_ht=scontent-gig4-1.xx&_nc_gid=AoBFJeGrT1hVaew_6rchkQ&oh=00_AfX7QmFGhQhG2jAllVgXCiM1ZrWgvtp80-Bfppyexh1QEg&oe=689E923C\",\"@id\":\"https:\\\/\\\/anoticiaonline.com.br\\\/site\\\/moda-e-estilo-loja-dona-violeta-reinaugura-sob-nova-direcao\\\/#organizationLogo\"},\"image\":{\"@id\":\"https:\\\/\\\/anoticiaonline.com.br\\\/site\\\/moda-e-estilo-loja-dona-violeta-reinaugura-sob-nova-direcao\\\/#organizationLogo\"}},{\"@type\":\"Person\",\"@id\":\"https:\\\/\\\/anoticiaonline.com.br\\\/site\\\/author\\\/juliana\\\/#author\",\"url\":\"https:\\\/\\\/anoticiaonline.com.br\\\/site\\\/author\\\/juliana\\\/\",\"name\":\"Juliana Laviola\",\"image\":{\"@type\":\"ImageObject\",\"@id\":\"https:\\\/\\\/anoticiaonline.com.br\\\/site\\\/moda-e-estilo-loja-dona-violeta-reinaugura-sob-nova-direcao\\\/#authorImage\",\"url\":\"https:\\\/\\\/secure.gravatar.com\\\/avatar\\\/b8d45f5c699b100dfaf0e543582f38f38bf94cb7ae3a5e9abf8d891a34773335?s=96&d=mm&r=g\",\"width\":96,\"height\":96,\"caption\":\"Juliana Laviola\"}},{\"@type\":\"WebPage\",\"@id\":\"https:\\\/\\\/anoticiaonline.com.br\\\/site\\\/moda-e-estilo-loja-dona-violeta-reinaugura-sob-nova-direcao\\\/#webpage\",\"url\":\"https:\\\/\\\/anoticiaonline.com.br\\\/site\\\/moda-e-estilo-loja-dona-violeta-reinaugura-sob-nova-direcao\\\/\",\"name\":\"Moda e estilo: loja Dona Violeta reinaugura sob nova dire\\u00e7\\u00e3o - A Not\\u00edcia Online\",\"description\":\"A loja de roupas e acess\\u00f3rios femininos Dona Violeta reinaugurou, na manh\\u00e3 de quinta-feira (15), seu espa\\u00e7o sob a dire\\u00e7\\u00e3o da empres\\u00e1ria Jennifer Pimentel dos Santos Souza. A loja oferece grande variedade de cal\\u00e7as, vestidos, bolsas, blusas e biqu\\u00ednis. De acordo com a propriet\\u00e1ria, a inten\\u00e7\\u00e3o \\u00e9 que, futuramente, possa trabalhar com produtos tamb\\u00e9m voltados\",\"inLanguage\":\"pt-BR\",\"isPartOf\":{\"@id\":\"https:\\\/\\\/anoticiaonline.com.br\\\/site\\\/#website\"},\"breadcrumb\":{\"@id\":\"https:\\\/\\\/anoticiaonline.com.br\\\/site\\\/moda-e-estilo-loja-dona-violeta-reinaugura-sob-nova-direcao\\\/#breadcrumblist\"},\"author\":{\"@id\":\"https:\\\/\\\/anoticiaonline.com.br\\\/site\\\/author\\\/juliana\\\/#author\"},\"creator\":{\"@id\":\"https:\\\/\\\/anoticiaonline.com.br\\\/site\\\/author\\\/juliana\\\/#author\"},\"image\":{\"@type\":\"ImageObject\",\"url\":\"https:\\\/\\\/anoticiaonline.com.br\\\/site\\\/wp-content\\\/uploads\\\/2018\\\/03\\\/A-NOT\\u00cdCIA-D-VIOLETA-8.jpg\",\"@id\":\"https:\\\/\\\/anoticiaonline.com.br\\\/site\\\/moda-e-estilo-loja-dona-violeta-reinaugura-sob-nova-direcao\\\/#mainImage\",\"width\":640,\"height\":426},\"primaryImageOfPage\":{\"@id\":\"https:\\\/\\\/anoticiaonline.com.br\\\/site\\\/moda-e-estilo-loja-dona-violeta-reinaugura-sob-nova-direcao\\\/#mainImage\"},\"datePublished\":\"2018-03-15T20:06:21-03:00\",\"dateModified\":\"2018-03-15T20:06:21-03:00\"},{\"@type\":\"WebSite\",\"@id\":\"https:\\\/\\\/anoticiaonline.com.br\\\/site\\\/#website\",\"url\":\"https:\\\/\\\/anoticiaonline.com.br\\\/site\\\/\",\"name\":\"A Not\\u00edcia Online\",\"description\":\"Noticias de Muria\\u00e9 e regi\\u00e3o\",\"inLanguage\":\"pt-BR\",\"publisher\":{\"@id\":\"https:\\\/\\\/anoticiaonline.com.br\\\/site\\\/#organization\"}}]}\n\t\t<\/script>\n\t\t<!-- All in One SEO -->\n\n","aioseo_head_json":{"title":"Moda e estilo: loja Dona Violeta reinaugura sob nova dire\u00e7\u00e3o - A Not\u00edcia Online","description":"A loja de roupas e acess\u00f3rios femininos Dona Violeta reinaugurou, na manh\u00e3 de quinta-feira (15), seu espa\u00e7o sob a dire\u00e7\u00e3o da empres\u00e1ria Jennifer Pimentel dos Santos Souza. A loja oferece grande variedade de cal\u00e7as, vestidos, bolsas, blusas e biqu\u00ednis. De acordo com a propriet\u00e1ria, a inten\u00e7\u00e3o \u00e9 que, futuramente, possa trabalhar com produtos tamb\u00e9m voltados","canonical_url":"https:\/\/anoticiaonline.com.br\/site\/moda-e-estilo-loja-dona-violeta-reinaugura-sob-nova-direcao\/","robots":"max-image-preview:large","keywords":"","webmasterTools":{"miscellaneous":""},"schema":{"@context":"https:\/\/schema.org","@graph":[{"@type":"BlogPosting","@id":"https:\/\/anoticiaonline.com.br\/site\/moda-e-estilo-loja-dona-violeta-reinaugura-sob-nova-direcao\/#blogposting","name":"Moda e estilo: loja Dona Violeta reinaugura sob nova dire\u00e7\u00e3o - A Not\u00edcia Online","headline":"Moda e estilo: loja Dona Violeta reinaugura sob nova dire\u00e7\u00e3o","author":{"@id":"https:\/\/anoticiaonline.com.br\/site\/author\/juliana\/#author"},"publisher":{"@id":"https:\/\/anoticiaonline.com.br\/site\/#organization"},"image":{"@type":"ImageObject","url":"https:\/\/anoticiaonline.com.br\/site\/wp-content\/uploads\/2018\/03\/A-NOT\u00cdCIA-D-VIOLETA-8.jpg","width":640,"height":426},"datePublished":"2018-03-15T20:06:21-03:00","dateModified":"2018-03-15T20:06:21-03:00","inLanguage":"pt-BR","mainEntityOfPage":{"@id":"https:\/\/anoticiaonline.com.br\/site\/moda-e-estilo-loja-dona-violeta-reinaugura-sob-nova-direcao\/#webpage"},"isPartOf":{"@id":"https:\/\/anoticiaonline.com.br\/site\/moda-e-estilo-loja-dona-violeta-reinaugura-sob-nova-direcao\/#webpage"},"articleSection":"Eventos, Dona Violeta, inauguracao, loja, loja de roupas, Muria\u00e9, Rua Coronel Amador Pinheiro de Barros"},{"@type":"BreadcrumbList","@id":"https:\/\/anoticiaonline.com.br\/site\/moda-e-estilo-loja-dona-violeta-reinaugura-sob-nova-direcao\/#breadcrumblist","itemListElement":[{"@type":"ListItem","@id":"https:\/\/anoticiaonline.com.br\/site#listItem","position":1,"name":"Home","item":"https:\/\/anoticiaonline.com.br\/site","nextItem":{"@type":"ListItem","@id":"https:\/\/anoticiaonline.com.br\/site\/categoria\/eventos\/#listItem","name":"Eventos"}},{"@type":"ListItem","@id":"https:\/\/anoticiaonline.com.br\/site\/categoria\/eventos\/#listItem","position":2,"name":"Eventos","item":"https:\/\/anoticiaonline.com.br\/site\/categoria\/eventos\/","nextItem":{"@type":"ListItem","@id":"https:\/\/anoticiaonline.com.br\/site\/moda-e-estilo-loja-dona-violeta-reinaugura-sob-nova-direcao\/#listItem","name":"Moda e estilo: loja Dona Violeta reinaugura sob nova dire\u00e7\u00e3o"},"previousItem":{"@type":"ListItem","@id":"https:\/\/anoticiaonline.com.br\/site#listItem","name":"Home"}},{"@type":"ListItem","@id":"https:\/\/anoticiaonline.com.br\/site\/moda-e-estilo-loja-dona-violeta-reinaugura-sob-nova-direcao\/#listItem","position":3,"name":"Moda e estilo: loja Dona Violeta reinaugura sob nova dire\u00e7\u00e3o","previousItem":{"@type":"ListItem","@id":"https:\/\/anoticiaonline.com.br\/site\/categoria\/eventos\/#listItem","name":"Eventos"}}]},{"@type":"Organization","@id":"https:\/\/anoticiaonline.com.br\/site\/#organization","name":"A Not\u00edcia Online","description":"Noticias de Muria\u00e9 e regi\u00e3o","url":"https:\/\/anoticiaonline.com.br\/site\/","logo":{"@type":"ImageObject","url":"https:\/\/scontent-gig4-1.xx.fbcdn.net\/v\/t39.30808-1\/270437624_4564083193639691_6907940295614233970_n.jpg?stp=dst-jpg_s200x200_tt6&_nc_cat=111&ccb=1-7&_nc_sid=f907e8&_nc_ohc=SM1wRlP3lJwQ7kNvwEPuBYA&_nc_oc=AdnqrjDN_BNjSSHWO-GbkIWH6fkGMLw4bqvL_NH6e2wMveX7G-rP2dAqsDSq1mJMOaY&_nc_zt=24&_nc_ht=scontent-gig4-1.xx&_nc_gid=AoBFJeGrT1hVaew_6rchkQ&oh=00_AfX7QmFGhQhG2jAllVgXCiM1ZrWgvtp80-Bfppyexh1QEg&oe=689E923C","@id":"https:\/\/anoticiaonline.com.br\/site\/moda-e-estilo-loja-dona-violeta-reinaugura-sob-nova-direcao\/#organizationLogo"},"image":{"@id":"https:\/\/anoticiaonline.com.br\/site\/moda-e-estilo-loja-dona-violeta-reinaugura-sob-nova-direcao\/#organizationLogo"}},{"@type":"Person","@id":"https:\/\/anoticiaonline.com.br\/site\/author\/juliana\/#author","url":"https:\/\/anoticiaonline.com.br\/site\/author\/juliana\/","name":"Juliana Laviola","image":{"@type":"ImageObject","@id":"https:\/\/anoticiaonline.com.br\/site\/moda-e-estilo-loja-dona-violeta-reinaugura-sob-nova-direcao\/#authorImage","url":"https:\/\/secure.gravatar.com\/avatar\/b8d45f5c699b100dfaf0e543582f38f38bf94cb7ae3a5e9abf8d891a34773335?s=96&d=mm&r=g","width":96,"height":96,"caption":"Juliana Laviola"}},{"@type":"WebPage","@id":"https:\/\/anoticiaonline.com.br\/site\/moda-e-estilo-loja-dona-violeta-reinaugura-sob-nova-direcao\/#webpage","url":"https:\/\/anoticiaonline.com.br\/site\/moda-e-estilo-loja-dona-violeta-reinaugura-sob-nova-direcao\/","name":"Moda e estilo: loja Dona Violeta reinaugura sob nova dire\u00e7\u00e3o - A Not\u00edcia Online","description":"A loja de roupas e acess\u00f3rios femininos Dona Violeta reinaugurou, na manh\u00e3 de quinta-feira (15), seu espa\u00e7o sob a dire\u00e7\u00e3o da empres\u00e1ria Jennifer Pimentel dos Santos Souza. A loja oferece grande variedade de cal\u00e7as, vestidos, bolsas, blusas e biqu\u00ednis. De acordo com a propriet\u00e1ria, a inten\u00e7\u00e3o \u00e9 que, futuramente, possa trabalhar com produtos tamb\u00e9m voltados","inLanguage":"pt-BR","isPartOf":{"@id":"https:\/\/anoticiaonline.com.br\/site\/#website"},"breadcrumb":{"@id":"https:\/\/anoticiaonline.com.br\/site\/moda-e-estilo-loja-dona-violeta-reinaugura-sob-nova-direcao\/#breadcrumblist"},"author":{"@id":"https:\/\/anoticiaonline.com.br\/site\/author\/juliana\/#author"},"creator":{"@id":"https:\/\/anoticiaonline.com.br\/site\/author\/juliana\/#author"},"image":{"@type":"ImageObject","url":"https:\/\/anoticiaonline.com.br\/site\/wp-content\/uploads\/2018\/03\/A-NOT\u00cdCIA-D-VIOLETA-8.jpg","@id":"https:\/\/anoticiaonline.com.br\/site\/moda-e-estilo-loja-dona-violeta-reinaugura-sob-nova-direcao\/#mainImage","width":640,"height":426},"primaryImageOfPage":{"@id":"https:\/\/anoticiaonline.com.br\/site\/moda-e-estilo-loja-dona-violeta-reinaugura-sob-nova-direcao\/#mainImage"},"datePublished":"2018-03-15T20:06:21-03:00","dateModified":"2018-03-15T20:06:21-03:00"},{"@type":"WebSite","@id":"https:\/\/anoticiaonline.com.br\/site\/#website","url":"https:\/\/anoticiaonline.com.br\/site\/","name":"A Not\u00edcia Online","description":"Noticias de Muria\u00e9 e regi\u00e3o","inLanguage":"pt-BR","publisher":{"@id":"https:\/\/anoticiaonline.com.br\/site\/#organization"}}]},"og:locale":"pt_BR","og:site_name":"A Not\u00edcia Online - Noticias de Muria\u00e9 e regi\u00e3o","og:type":"article","og:title":"Moda e estilo: loja Dona Violeta reinaugura sob nova dire\u00e7\u00e3o - A Not\u00edcia Online","og:description":"A loja de roupas e acess\u00f3rios femininos Dona Violeta reinaugurou, na manh\u00e3 de quinta-feira (15), seu espa\u00e7o sob a dire\u00e7\u00e3o da empres\u00e1ria Jennifer Pimentel dos Santos Souza. A loja oferece grande variedade de cal\u00e7as, vestidos, bolsas, blusas e biqu\u00ednis. De acordo com a propriet\u00e1ria, a inten\u00e7\u00e3o \u00e9 que, futuramente, possa trabalhar com produtos tamb\u00e9m voltados","og:url":"https:\/\/anoticiaonline.com.br\/site\/moda-e-estilo-loja-dona-violeta-reinaugura-sob-nova-direcao\/","og:image":"https:\/\/scontent-gig4-1.xx.fbcdn.net\/v\/t39.30808-1\/270437624_4564083193639691_6907940295614233970_n.jpg?stp=dst-jpg_s200x200_tt6&#038;_nc_cat=111&#038;ccb=1-7&#038;_nc_sid=f907e8&#038;_nc_ohc=SM1wRlP3lJwQ7kNvwEPuBYA&#038;_nc_oc=AdnqrjDN_BNjSSHWO-GbkIWH6fkGMLw4bqvL_NH6e2wMveX7G-rP2dAqsDSq1mJMOaY&#038;_nc_zt=24&#038;_nc_ht=scontent-gig4-1.xx&#038;_nc_gid=AoBFJeGrT1hVaew_6rchkQ&#038;oh=00_AfX7QmFGhQhG2jAllVgXCiM1ZrWgvtp80-Bfppyexh1QEg&#038;oe=689E923C","og:image:secure_url":"https:\/\/scontent-gig4-1.xx.fbcdn.net\/v\/t39.30808-1\/270437624_4564083193639691_6907940295614233970_n.jpg?stp=dst-jpg_s200x200_tt6&#038;_nc_cat=111&#038;ccb=1-7&#038;_nc_sid=f907e8&#038;_nc_ohc=SM1wRlP3lJwQ7kNvwEPuBYA&#038;_nc_oc=AdnqrjDN_BNjSSHWO-GbkIWH6fkGMLw4bqvL_NH6e2wMveX7G-rP2dAqsDSq1mJMOaY&#038;_nc_zt=24&#038;_nc_ht=scontent-gig4-1.xx&#038;_nc_gid=AoBFJeGrT1hVaew_6rchkQ&#038;oh=00_AfX7QmFGhQhG2jAllVgXCiM1ZrWgvtp80-Bfppyexh1QEg&#038;oe=689E923C","article:published_time":"2018-03-15T23:06:21+00:00","article:modified_time":"2018-03-15T23:06:21+00:00","twitter:card":"summary_large_image","twitter:title":"Moda e estilo: loja Dona Violeta reinaugura sob nova dire\u00e7\u00e3o - A Not\u00edcia Online","twitter:description":"A loja de roupas e acess\u00f3rios femininos Dona Violeta reinaugurou, na manh\u00e3 de quinta-feira (15), seu espa\u00e7o sob a dire\u00e7\u00e3o da empres\u00e1ria Jennifer Pimentel dos Santos Souza. A loja oferece grande variedade de cal\u00e7as, vestidos, bolsas, blusas e biqu\u00ednis. De acordo com a propriet\u00e1ria, a inten\u00e7\u00e3o \u00e9 que, futuramente, possa trabalhar com produtos tamb\u00e9m voltados","twitter:image":"https:\/\/scontent-gig4-1.xx.fbcdn.net\/v\/t39.30808-1\/270437624_4564083193639691_6907940295614233970_n.jpg?stp=dst-jpg_s200x200_tt6&_nc_cat=111&ccb=1-7&_nc_sid=f907e8&_nc_ohc=SM1wRlP3lJwQ7kNvwEPuBYA&_nc_oc=AdnqrjDN_BNjSSHWO-GbkIWH6fkGMLw4bqvL_NH6e2wMveX7G-rP2dAqsDSq1mJMOaY&_nc_zt=24&_nc_ht=scontent-gig4-1.xx&_nc_gid=AoBFJeGrT1hVaew_6rchkQ&oh=00_AfX7QmFGhQhG2jAllVgXCiM1ZrWgvtp80-Bfppyexh1QEg&oe=689E923C"},"aioseo_meta_data":{"post_id":"51737","title":null,"description":null,"keywords":null,"keyphrases":null,"primary_term":null,"canonical_url":null,"og_title":null,"og_description":null,"og_object_type":"default","og_image_type":"default","og_image_url":null,"og_image_width":null,"og_image_height":null,"og_image_custom_url":null,"og_image_custom_fields":null,"og_video":null,"og_custom_url":null,"og_article_section":null,"og_article_tags":null,"twitter_use_og":false,"twitter_card":"default","twitter_image_type":"default","twitter_image_url":null,"twitter_image_custom_url":null,"twitter_image_custom_fields":null,"twitter_title":null,"twitter_description":null,"schema":{"blockGraphs":[],"customGraphs":[],"default":{"data":{"Article":[],"Course":[],"Dataset":[],"FAQPage":[],"Movie":[],"Person":[],"Product":[],"ProductReview":[],"Car":[],"Recipe":[],"Service":[],"SoftwareApplication":[],"WebPage":[]},"graphName":"","isEnabled":true},"graphs":[]},"schema_type":"default","schema_type_options":null,"pillar_content":false,"robots_default":true,"robots_noindex":false,"robots_noarchive":false,"robots_nosnippet":false,"robots_nofollow":false,"robots_noimageindex":false,"robots_noodp":false,"robots_notranslate":false,"robots_max_snippet":null,"robots_max_videopreview":null,"robots_max_imagepreview":"large","priority":null,"frequency":null,"local_seo":null,"breadcrumb_settings":null,"limit_modified_date":false,"ai":null,"created":"2025-08-16 20:31:26","updated":"2025-08-16 20:31:26","focus_keyword":null,"additional_keywords":null,"truseo_locale":null,"seo_analyzer_scan_date":null},"aioseo_breadcrumb":"<div class=\"aioseo-breadcrumbs\"><span class=\"aioseo-breadcrumb\">\n\t\t\t<a href=\"https:\/\/anoticiaonline.com.br\/site\" title=\"Home\">Home<\/a>\n\t\t<\/span><span class=\"aioseo-breadcrumb-separator\">&raquo;<\/span><span class=\"aioseo-breadcrumb\">\n\t\t\t<a href=\"https:\/\/anoticiaonline.com.br\/site\/categoria\/eventos\/\" title=\"Eventos\">Eventos<\/a>\n\t\t<\/span><span class=\"aioseo-breadcrumb-separator\">&raquo;<\/span><span class=\"aioseo-breadcrumb\">\n\t\t\tModa e estilo: loja Dona Violeta reinaugura sob nova dire\u00e7\u00e3o\n\t\t<\/span><\/div>","aioseo_breadcrumb_json":[{"label":"Home","link":"https:\/\/anoticiaonline.com.br\/site"},{"label":"Eventos","link":"https:\/\/anoticiaonline.com.br\/site\/categoria\/eventos\/"},{"label":"Moda e estilo: loja Dona Violeta reinaugura sob nova dire\u00e7\u00e3o","link":"https:\/\/anoticiaonline.com.br\/site\/moda-e-estilo-loja-dona-violeta-reinaugura-sob-nova-direcao\/"}],"views":154,"_links":{"self":[{"href":"https:\/\/anoticiaonline.com.br\/site\/wp-json\/wp\/v2\/posts\/51737","targetHints":{"allow":["GET"]}}],"collection":[{"href":"https:\/\/anoticiaonline.com.br\/site\/wp-json\/wp\/v2\/posts"}],"about":[{"href":"https:\/\/anoticiaonline.com.br\/site\/wp-json\/wp\/v2\/types\/post"}],"author":[{"embeddable":true,"href":"https:\/\/anoticiaonline.com.br\/site\/wp-json\/wp\/v2\/users\/2"}],"replies":[{"embeddable":true,"href":"https:\/\/anoticiaonline.com.br\/site\/wp-json\/wp\/v2\/comments?post=51737"}],"version-history":[{"count":0,"href":"https:\/\/anoticiaonline.com.br\/site\/wp-json\/wp\/v2\/posts\/51737\/revisions"}],"wp:featuredmedia":[{"embeddable":true,"href":"https:\/\/anoticiaonline.com.br\/site\/wp-json\/wp\/v2\/media\/51786"}],"wp:attachment":[{"href":"https:\/\/anoticiaonline.com.br\/site\/wp-json\/wp\/v2\/media?parent=51737"}],"wp:term":[{"taxonomy":"category","embeddable":true,"href":"https:\/\/anoticiaonline.com.br\/site\/wp-json\/wp\/v2\/categories?post=51737"},{"taxonomy":"post_tag","embeddable":true,"href":"https:\/\/anoticiaonline.com.br\/site\/wp-json\/wp\/v2\/tags?post=51737"}],"curies":[{"name":"wp","href":"https:\/\/api.w.org\/{rel}","templated":true}]}}