{"id":51673,"date":"2018-03-15T19:47:51","date_gmt":"2018-03-15T22:47:51","guid":{"rendered":"http:\/\/anoticiaonline.com.br\/site\/?p=51673"},"modified":"2018-03-15T20:31:49","modified_gmt":"2018-03-15T23:31:49","slug":"ribeilar-inaugura-nova-loja-em-muriae","status":"publish","type":"post","link":"https:\/\/anoticiaonline.com.br\/site\/ribeilar-inaugura-nova-loja-em-muriae\/","title":{"rendered":"Ribeilar inaugura nova loja"},"content":{"rendered":"<p><a href=\"https:\/\/anoticiaonline.com.br\/site\/wp-content\/uploads\/2018\/03\/2.jpg\"><img fetchpriority=\"high\" decoding=\"async\" class=\"aligncenter size-full wp-image-51694\" src=\"https:\/\/anoticiaonline.com.br\/site\/wp-content\/uploads\/2018\/03\/2.jpg\" alt=\"\" width=\"640\" height=\"424\" srcset=\"https:\/\/anoticiaonline.com.br\/site\/wp-content\/uploads\/2018\/03\/2.jpg 640w, https:\/\/anoticiaonline.com.br\/site\/wp-content\/uploads\/2018\/03\/2-300x199.jpg 300w\" sizes=\"(max-width: 640px) 100vw, 640px\" \/><\/a><a href=\"https:\/\/anoticiaonline.com.br\/site\/wp-content\/uploads\/2018\/03\/DSC_0249.jpg\"><img decoding=\"async\" class=\"aligncenter size-full wp-image-51685\" src=\"https:\/\/anoticiaonline.com.br\/site\/wp-content\/uploads\/2018\/03\/DSC_0249.jpg\" alt=\"\" width=\"424\" height=\"640\" \/><\/a> <a href=\"https:\/\/anoticiaonline.com.br\/site\/wp-content\/uploads\/2018\/03\/DSC_0219.jpg\"><img decoding=\"async\" class=\"aligncenter size-full wp-image-51684\" src=\"https:\/\/anoticiaonline.com.br\/site\/wp-content\/uploads\/2018\/03\/DSC_0219.jpg\" alt=\"\" width=\"640\" height=\"424\" \/><\/a> <a href=\"https:\/\/anoticiaonline.com.br\/site\/wp-content\/uploads\/2018\/03\/DSC_0199.jpg\"><img loading=\"lazy\" decoding=\"async\" class=\"aligncenter size-full wp-image-51683\" src=\"https:\/\/anoticiaonline.com.br\/site\/wp-content\/uploads\/2018\/03\/DSC_0199.jpg\" alt=\"\" width=\"640\" height=\"424\" \/><\/a> <a href=\"https:\/\/anoticiaonline.com.br\/site\/wp-content\/uploads\/2018\/03\/DSC_0164.jpg\"><img loading=\"lazy\" decoding=\"async\" class=\"aligncenter size-full wp-image-51682\" src=\"https:\/\/anoticiaonline.com.br\/site\/wp-content\/uploads\/2018\/03\/DSC_0164.jpg\" alt=\"\" width=\"640\" height=\"424\" \/><\/a>A nova loja da Ribeilar, especializada em m\u00f3veis e eletrodom\u00e9sticos, foi inaugurada na Rua Get\u00falio Vargas, n\u00famero 34, na manh\u00e3 de segunda-feira (12).<\/p>\n<p>De acordo com J\u00falio C\u00e9sar Rodrigues, gerente de vendas da nova Ribeilar, \u00e9 com grande satisfa\u00e7\u00e3o compartilhar o novo espa\u00e7o com os muriaeenses.<\/p>\n<p>\u201cNosso foco principal com a inaugura\u00e7\u00e3o da nova Ribeilar foi atender o p\u00fablico que mora no bairro da Barra, com qualidade, pre\u00e7os acess\u00edveis, facilidade de pagamento e satisfa\u00e7\u00e3o. Vale lembrar que trabalhamos com financiamento pr\u00f3prio, cart\u00e3o e carn\u00ea. Aproveito a oportunidade para convidar clientes e amigos para conhecer nosso novo espa\u00e7o e fortalecer esta parceria com a popula\u00e7\u00e3o que j\u00e1 existe h\u00e1 muitos anos\u201d, conta.<\/p>\n<p>Hor\u00e1rio de atendimento da nova Ribeilar: de segunda a sexta-feira, das 8h \u00e0s 18h30, e aos s\u00e1bados, das 8h ao meio-dia. Telefone para contato: 32 3722-9696.<\/p>\n<p>&nbsp;<\/p>\n<p><img decoding=\"async\" class=\"ngg_displayed_gallery mceItem\" src=\"https:\/\/anoticiaonline.com.br\/site\/nextgen-attach_to_post\/preview\/id--51729\" \/><\/p>\n","protected":false},"excerpt":{"rendered":"<p>A nova loja da Ribeilar, especializada em m\u00f3veis e eletrodom\u00e9sticos, foi inaugurada na Rua Get\u00falio Vargas, n\u00famero 34, na manh\u00e3 de segunda-feira (12). De acordo com J\u00falio C\u00e9sar Rodrigues, gerente de vendas da nova Ribeilar, \u00e9 com grande satisfa\u00e7\u00e3o compartilhar o novo espa\u00e7o com os muriaeenses. \u201cNosso foco principal com a inaugura\u00e7\u00e3o da nova Ribeilar &#8230; <a title=\"Ribeilar inaugura nova loja\" class=\"read-more\" href=\"https:\/\/anoticiaonline.com.br\/site\/ribeilar-inaugura-nova-loja-em-muriae\/\" aria-label=\"Read more about Ribeilar inaugura nova loja\">Ler mais<\/a><\/p>\n","protected":false},"author":2,"featured_media":51694,"comment_status":"open","ping_status":"open","sticky":false,"template":"","format":"standard","meta":{"_acf_changed":false,"_monsterinsights_skip_tracking":false,"footnotes":""},"categories":[24],"tags":[20,488,2180,2181,74,2179],"class_list":["post-51673","post","type-post","status-publish","format-standard","has-post-thumbnail","hentry","category-eventos","tag-inauguracao","tag-loja","tag-loja-da-ribeilar","tag-moveis","tag-muriae","tag-ribeilar"],"acf":[],"aioseo_notices":[],"aioseo_head":"\n\t\t<!-- All in One SEO 5.0.0.1 - aioseo.com -->\n\t<meta name=\"description\" content=\"A nova loja da Ribeilar, especializada em m\u00f3veis e eletrodom\u00e9sticos, foi inaugurada na Rua Get\u00falio Vargas, n\u00famero 34, na manh\u00e3 de segunda-feira (12). De acordo com J\u00falio C\u00e9sar Rodrigues, gerente de vendas da nova Ribeilar, \u00e9 com grande satisfa\u00e7\u00e3o compartilhar o novo espa\u00e7o com os muriaeenses. \u201cNosso foco principal com a inaugura\u00e7\u00e3o da nova Ribeilar\" \/>\n\t<meta name=\"robots\" content=\"max-image-preview:large\" \/>\n\t<meta name=\"author\" content=\"Juliana Laviola\"\/>\n\t<link rel=\"canonical\" href=\"https:\/\/anoticiaonline.com.br\/site\/ribeilar-inaugura-nova-loja-em-muriae\/\" \/>\n\t<meta name=\"generator\" content=\"All in One SEO (AIOSEO) 5.0.0.1\" \/>\n\t\t<meta property=\"og:locale\" content=\"pt_BR\" \/>\n\t\t<meta property=\"og:site_name\" content=\"A Not\u00edcia Online - Noticias de Muria\u00e9 e regi\u00e3o\" \/>\n\t\t<meta property=\"og:type\" content=\"article\" \/>\n\t\t<meta property=\"og:title\" content=\"Ribeilar inaugura nova loja - A Not\u00edcia Online\" \/>\n\t\t<meta property=\"og:description\" content=\"A nova loja da Ribeilar, especializada em m\u00f3veis e eletrodom\u00e9sticos, foi inaugurada na Rua Get\u00falio Vargas, n\u00famero 34, na manh\u00e3 de segunda-feira (12). De acordo com J\u00falio C\u00e9sar Rodrigues, gerente de vendas da nova Ribeilar, \u00e9 com grande satisfa\u00e7\u00e3o compartilhar o novo espa\u00e7o com os muriaeenses. \u201cNosso foco principal com a inaugura\u00e7\u00e3o da nova Ribeilar\" \/>\n\t\t<meta property=\"og:url\" content=\"https:\/\/anoticiaonline.com.br\/site\/ribeilar-inaugura-nova-loja-em-muriae\/\" \/>\n\t\t<meta property=\"og:image\" content=\"https:\/\/scontent-gig4-1.xx.fbcdn.net\/v\/t39.30808-1\/270437624_4564083193639691_6907940295614233970_n.jpg?stp=dst-jpg_s200x200_tt6&#038;_nc_cat=111&#038;ccb=1-7&#038;_nc_sid=f907e8&#038;_nc_ohc=SM1wRlP3lJwQ7kNvwEPuBYA&#038;_nc_oc=AdnqrjDN_BNjSSHWO-GbkIWH6fkGMLw4bqvL_NH6e2wMveX7G-rP2dAqsDSq1mJMOaY&#038;_nc_zt=24&#038;_nc_ht=scontent-gig4-1.xx&#038;_nc_gid=AoBFJeGrT1hVaew_6rchkQ&#038;oh=00_AfX7QmFGhQhG2jAllVgXCiM1ZrWgvtp80-Bfppyexh1QEg&#038;oe=689E923C\" \/>\n\t\t<meta property=\"og:image:secure_url\" content=\"https:\/\/scontent-gig4-1.xx.fbcdn.net\/v\/t39.30808-1\/270437624_4564083193639691_6907940295614233970_n.jpg?stp=dst-jpg_s200x200_tt6&#038;_nc_cat=111&#038;ccb=1-7&#038;_nc_sid=f907e8&#038;_nc_ohc=SM1wRlP3lJwQ7kNvwEPuBYA&#038;_nc_oc=AdnqrjDN_BNjSSHWO-GbkIWH6fkGMLw4bqvL_NH6e2wMveX7G-rP2dAqsDSq1mJMOaY&#038;_nc_zt=24&#038;_nc_ht=scontent-gig4-1.xx&#038;_nc_gid=AoBFJeGrT1hVaew_6rchkQ&#038;oh=00_AfX7QmFGhQhG2jAllVgXCiM1ZrWgvtp80-Bfppyexh1QEg&#038;oe=689E923C\" \/>\n\t\t<meta property=\"article:published_time\" content=\"2018-03-15T22:47:51+00:00\" \/>\n\t\t<meta property=\"article:modified_time\" content=\"2018-03-15T23:31:49+00:00\" \/>\n\t\t<meta name=\"twitter:card\" content=\"summary_large_image\" \/>\n\t\t<meta name=\"twitter:title\" content=\"Ribeilar inaugura nova loja - A Not\u00edcia Online\" \/>\n\t\t<meta name=\"twitter:description\" content=\"A nova loja da Ribeilar, especializada em m\u00f3veis e eletrodom\u00e9sticos, foi inaugurada na Rua Get\u00falio Vargas, n\u00famero 34, na manh\u00e3 de segunda-feira (12). De acordo com J\u00falio C\u00e9sar Rodrigues, gerente de vendas da nova Ribeilar, \u00e9 com grande satisfa\u00e7\u00e3o compartilhar o novo espa\u00e7o com os muriaeenses. \u201cNosso foco principal com a inaugura\u00e7\u00e3o da nova Ribeilar\" \/>\n\t\t<meta name=\"twitter:image\" content=\"https:\/\/scontent-gig4-1.xx.fbcdn.net\/v\/t39.30808-1\/270437624_4564083193639691_6907940295614233970_n.jpg?stp=dst-jpg_s200x200_tt6&amp;_nc_cat=111&amp;ccb=1-7&amp;_nc_sid=f907e8&amp;_nc_ohc=SM1wRlP3lJwQ7kNvwEPuBYA&amp;_nc_oc=AdnqrjDN_BNjSSHWO-GbkIWH6fkGMLw4bqvL_NH6e2wMveX7G-rP2dAqsDSq1mJMOaY&amp;_nc_zt=24&amp;_nc_ht=scontent-gig4-1.xx&amp;_nc_gid=AoBFJeGrT1hVaew_6rchkQ&amp;oh=00_AfX7QmFGhQhG2jAllVgXCiM1ZrWgvtp80-Bfppyexh1QEg&amp;oe=689E923C\" \/>\n\t\t<script type=\"application\/ld+json\" class=\"aioseo-schema\">\n\t\t\t{\"@context\":\"https:\\\/\\\/schema.org\",\"@graph\":[{\"@type\":\"BlogPosting\",\"@id\":\"https:\\\/\\\/anoticiaonline.com.br\\\/site\\\/ribeilar-inaugura-nova-loja-em-muriae\\\/#blogposting\",\"name\":\"Ribeilar inaugura nova loja - A Not\\u00edcia Online\",\"headline\":\"Ribeilar inaugura nova loja\",\"author\":{\"@id\":\"https:\\\/\\\/anoticiaonline.com.br\\\/site\\\/author\\\/juliana\\\/#author\"},\"publisher\":{\"@id\":\"https:\\\/\\\/anoticiaonline.com.br\\\/site\\\/#organization\"},\"image\":{\"@type\":\"ImageObject\",\"url\":\"https:\\\/\\\/anoticiaonline.com.br\\\/site\\\/wp-content\\\/uploads\\\/2018\\\/03\\\/2.jpg\",\"width\":640,\"height\":424},\"datePublished\":\"2018-03-15T19:47:51-03:00\",\"dateModified\":\"2018-03-15T20:31:49-03:00\",\"inLanguage\":\"pt-BR\",\"mainEntityOfPage\":{\"@id\":\"https:\\\/\\\/anoticiaonline.com.br\\\/site\\\/ribeilar-inaugura-nova-loja-em-muriae\\\/#webpage\"},\"isPartOf\":{\"@id\":\"https:\\\/\\\/anoticiaonline.com.br\\\/site\\\/ribeilar-inaugura-nova-loja-em-muriae\\\/#webpage\"},\"articleSection\":\"Eventos, inauguracao, loja, loja da Ribeilar, m\\u00f3veis, Muria\\u00e9, Ribeilar\"},{\"@type\":\"BreadcrumbList\",\"@id\":\"https:\\\/\\\/anoticiaonline.com.br\\\/site\\\/ribeilar-inaugura-nova-loja-em-muriae\\\/#breadcrumblist\",\"itemListElement\":[{\"@type\":\"ListItem\",\"@id\":\"https:\\\/\\\/anoticiaonline.com.br\\\/site#listItem\",\"position\":1,\"name\":\"Home\",\"item\":\"https:\\\/\\\/anoticiaonline.com.br\\\/site\",\"nextItem\":{\"@type\":\"ListItem\",\"@id\":\"https:\\\/\\\/anoticiaonline.com.br\\\/site\\\/categoria\\\/eventos\\\/#listItem\",\"name\":\"Eventos\"}},{\"@type\":\"ListItem\",\"@id\":\"https:\\\/\\\/anoticiaonline.com.br\\\/site\\\/categoria\\\/eventos\\\/#listItem\",\"position\":2,\"name\":\"Eventos\",\"item\":\"https:\\\/\\\/anoticiaonline.com.br\\\/site\\\/categoria\\\/eventos\\\/\",\"nextItem\":{\"@type\":\"ListItem\",\"@id\":\"https:\\\/\\\/anoticiaonline.com.br\\\/site\\\/ribeilar-inaugura-nova-loja-em-muriae\\\/#listItem\",\"name\":\"Ribeilar inaugura nova loja\"},\"previousItem\":{\"@type\":\"ListItem\",\"@id\":\"https:\\\/\\\/anoticiaonline.com.br\\\/site#listItem\",\"name\":\"Home\"}},{\"@type\":\"ListItem\",\"@id\":\"https:\\\/\\\/anoticiaonline.com.br\\\/site\\\/ribeilar-inaugura-nova-loja-em-muriae\\\/#listItem\",\"position\":3,\"name\":\"Ribeilar inaugura nova loja\",\"previousItem\":{\"@type\":\"ListItem\",\"@id\":\"https:\\\/\\\/anoticiaonline.com.br\\\/site\\\/categoria\\\/eventos\\\/#listItem\",\"name\":\"Eventos\"}}]},{\"@type\":\"Organization\",\"@id\":\"https:\\\/\\\/anoticiaonline.com.br\\\/site\\\/#organization\",\"name\":\"A Not\\u00edcia Online\",\"description\":\"Noticias de Muria\\u00e9 e regi\\u00e3o\",\"url\":\"https:\\\/\\\/anoticiaonline.com.br\\\/site\\\/\",\"logo\":{\"@type\":\"ImageObject\",\"url\":\"https:\\\/\\\/scontent-gig4-1.xx.fbcdn.net\\\/v\\\/t39.30808-1\\\/270437624_4564083193639691_6907940295614233970_n.jpg?stp=dst-jpg_s200x200_tt6&_nc_cat=111&ccb=1-7&_nc_sid=f907e8&_nc_ohc=SM1wRlP3lJwQ7kNvwEPuBYA&_nc_oc=AdnqrjDN_BNjSSHWO-GbkIWH6fkGMLw4bqvL_NH6e2wMveX7G-rP2dAqsDSq1mJMOaY&_nc_zt=24&_nc_ht=scontent-gig4-1.xx&_nc_gid=AoBFJeGrT1hVaew_6rchkQ&oh=00_AfX7QmFGhQhG2jAllVgXCiM1ZrWgvtp80-Bfppyexh1QEg&oe=689E923C\",\"@id\":\"https:\\\/\\\/anoticiaonline.com.br\\\/site\\\/ribeilar-inaugura-nova-loja-em-muriae\\\/#organizationLogo\"},\"image\":{\"@id\":\"https:\\\/\\\/anoticiaonline.com.br\\\/site\\\/ribeilar-inaugura-nova-loja-em-muriae\\\/#organizationLogo\"}},{\"@type\":\"Person\",\"@id\":\"https:\\\/\\\/anoticiaonline.com.br\\\/site\\\/author\\\/juliana\\\/#author\",\"url\":\"https:\\\/\\\/anoticiaonline.com.br\\\/site\\\/author\\\/juliana\\\/\",\"name\":\"Juliana Laviola\",\"image\":{\"@type\":\"ImageObject\",\"@id\":\"https:\\\/\\\/anoticiaonline.com.br\\\/site\\\/ribeilar-inaugura-nova-loja-em-muriae\\\/#authorImage\",\"url\":\"https:\\\/\\\/secure.gravatar.com\\\/avatar\\\/b8d45f5c699b100dfaf0e543582f38f38bf94cb7ae3a5e9abf8d891a34773335?s=96&d=mm&r=g\",\"width\":96,\"height\":96,\"caption\":\"Juliana Laviola\"}},{\"@type\":\"WebPage\",\"@id\":\"https:\\\/\\\/anoticiaonline.com.br\\\/site\\\/ribeilar-inaugura-nova-loja-em-muriae\\\/#webpage\",\"url\":\"https:\\\/\\\/anoticiaonline.com.br\\\/site\\\/ribeilar-inaugura-nova-loja-em-muriae\\\/\",\"name\":\"Ribeilar inaugura nova loja - A Not\\u00edcia Online\",\"description\":\"A nova loja da Ribeilar, especializada em m\\u00f3veis e eletrodom\\u00e9sticos, foi inaugurada na Rua Get\\u00falio Vargas, n\\u00famero 34, na manh\\u00e3 de segunda-feira (12). De acordo com J\\u00falio C\\u00e9sar Rodrigues, gerente de vendas da nova Ribeilar, \\u00e9 com grande satisfa\\u00e7\\u00e3o compartilhar o novo espa\\u00e7o com os muriaeenses. \\u201cNosso foco principal com a inaugura\\u00e7\\u00e3o da nova Ribeilar\",\"inLanguage\":\"pt-BR\",\"isPartOf\":{\"@id\":\"https:\\\/\\\/anoticiaonline.com.br\\\/site\\\/#website\"},\"breadcrumb\":{\"@id\":\"https:\\\/\\\/anoticiaonline.com.br\\\/site\\\/ribeilar-inaugura-nova-loja-em-muriae\\\/#breadcrumblist\"},\"author\":{\"@id\":\"https:\\\/\\\/anoticiaonline.com.br\\\/site\\\/author\\\/juliana\\\/#author\"},\"creator\":{\"@id\":\"https:\\\/\\\/anoticiaonline.com.br\\\/site\\\/author\\\/juliana\\\/#author\"},\"image\":{\"@type\":\"ImageObject\",\"url\":\"https:\\\/\\\/anoticiaonline.com.br\\\/site\\\/wp-content\\\/uploads\\\/2018\\\/03\\\/2.jpg\",\"@id\":\"https:\\\/\\\/anoticiaonline.com.br\\\/site\\\/ribeilar-inaugura-nova-loja-em-muriae\\\/#mainImage\",\"width\":640,\"height\":424},\"primaryImageOfPage\":{\"@id\":\"https:\\\/\\\/anoticiaonline.com.br\\\/site\\\/ribeilar-inaugura-nova-loja-em-muriae\\\/#mainImage\"},\"datePublished\":\"2018-03-15T19:47:51-03:00\",\"dateModified\":\"2018-03-15T20:31:49-03:00\"},{\"@type\":\"WebSite\",\"@id\":\"https:\\\/\\\/anoticiaonline.com.br\\\/site\\\/#website\",\"url\":\"https:\\\/\\\/anoticiaonline.com.br\\\/site\\\/\",\"name\":\"A Not\\u00edcia Online\",\"description\":\"Noticias de Muria\\u00e9 e regi\\u00e3o\",\"inLanguage\":\"pt-BR\",\"publisher\":{\"@id\":\"https:\\\/\\\/anoticiaonline.com.br\\\/site\\\/#organization\"}}]}\n\t\t<\/script>\n\t\t<!-- All in One SEO -->\n\n","aioseo_head_json":{"title":"Ribeilar inaugura nova loja - A Not\u00edcia Online","description":"A nova loja da Ribeilar, especializada em m\u00f3veis e eletrodom\u00e9sticos, foi inaugurada na Rua Get\u00falio Vargas, n\u00famero 34, na manh\u00e3 de segunda-feira (12). De acordo com J\u00falio C\u00e9sar Rodrigues, gerente de vendas da nova Ribeilar, \u00e9 com grande satisfa\u00e7\u00e3o compartilhar o novo espa\u00e7o com os muriaeenses. \u201cNosso foco principal com a inaugura\u00e7\u00e3o da nova Ribeilar","canonical_url":"https:\/\/anoticiaonline.com.br\/site\/ribeilar-inaugura-nova-loja-em-muriae\/","robots":"max-image-preview:large","keywords":"","webmasterTools":{"miscellaneous":""},"schema":{"@context":"https:\/\/schema.org","@graph":[{"@type":"BlogPosting","@id":"https:\/\/anoticiaonline.com.br\/site\/ribeilar-inaugura-nova-loja-em-muriae\/#blogposting","name":"Ribeilar inaugura nova loja - A Not\u00edcia Online","headline":"Ribeilar inaugura nova loja","author":{"@id":"https:\/\/anoticiaonline.com.br\/site\/author\/juliana\/#author"},"publisher":{"@id":"https:\/\/anoticiaonline.com.br\/site\/#organization"},"image":{"@type":"ImageObject","url":"https:\/\/anoticiaonline.com.br\/site\/wp-content\/uploads\/2018\/03\/2.jpg","width":640,"height":424},"datePublished":"2018-03-15T19:47:51-03:00","dateModified":"2018-03-15T20:31:49-03:00","inLanguage":"pt-BR","mainEntityOfPage":{"@id":"https:\/\/anoticiaonline.com.br\/site\/ribeilar-inaugura-nova-loja-em-muriae\/#webpage"},"isPartOf":{"@id":"https:\/\/anoticiaonline.com.br\/site\/ribeilar-inaugura-nova-loja-em-muriae\/#webpage"},"articleSection":"Eventos, inauguracao, loja, loja da Ribeilar, m\u00f3veis, Muria\u00e9, Ribeilar"},{"@type":"BreadcrumbList","@id":"https:\/\/anoticiaonline.com.br\/site\/ribeilar-inaugura-nova-loja-em-muriae\/#breadcrumblist","itemListElement":[{"@type":"ListItem","@id":"https:\/\/anoticiaonline.com.br\/site#listItem","position":1,"name":"Home","item":"https:\/\/anoticiaonline.com.br\/site","nextItem":{"@type":"ListItem","@id":"https:\/\/anoticiaonline.com.br\/site\/categoria\/eventos\/#listItem","name":"Eventos"}},{"@type":"ListItem","@id":"https:\/\/anoticiaonline.com.br\/site\/categoria\/eventos\/#listItem","position":2,"name":"Eventos","item":"https:\/\/anoticiaonline.com.br\/site\/categoria\/eventos\/","nextItem":{"@type":"ListItem","@id":"https:\/\/anoticiaonline.com.br\/site\/ribeilar-inaugura-nova-loja-em-muriae\/#listItem","name":"Ribeilar inaugura nova loja"},"previousItem":{"@type":"ListItem","@id":"https:\/\/anoticiaonline.com.br\/site#listItem","name":"Home"}},{"@type":"ListItem","@id":"https:\/\/anoticiaonline.com.br\/site\/ribeilar-inaugura-nova-loja-em-muriae\/#listItem","position":3,"name":"Ribeilar inaugura nova loja","previousItem":{"@type":"ListItem","@id":"https:\/\/anoticiaonline.com.br\/site\/categoria\/eventos\/#listItem","name":"Eventos"}}]},{"@type":"Organization","@id":"https:\/\/anoticiaonline.com.br\/site\/#organization","name":"A Not\u00edcia Online","description":"Noticias de Muria\u00e9 e regi\u00e3o","url":"https:\/\/anoticiaonline.com.br\/site\/","logo":{"@type":"ImageObject","url":"https:\/\/scontent-gig4-1.xx.fbcdn.net\/v\/t39.30808-1\/270437624_4564083193639691_6907940295614233970_n.jpg?stp=dst-jpg_s200x200_tt6&_nc_cat=111&ccb=1-7&_nc_sid=f907e8&_nc_ohc=SM1wRlP3lJwQ7kNvwEPuBYA&_nc_oc=AdnqrjDN_BNjSSHWO-GbkIWH6fkGMLw4bqvL_NH6e2wMveX7G-rP2dAqsDSq1mJMOaY&_nc_zt=24&_nc_ht=scontent-gig4-1.xx&_nc_gid=AoBFJeGrT1hVaew_6rchkQ&oh=00_AfX7QmFGhQhG2jAllVgXCiM1ZrWgvtp80-Bfppyexh1QEg&oe=689E923C","@id":"https:\/\/anoticiaonline.com.br\/site\/ribeilar-inaugura-nova-loja-em-muriae\/#organizationLogo"},"image":{"@id":"https:\/\/anoticiaonline.com.br\/site\/ribeilar-inaugura-nova-loja-em-muriae\/#organizationLogo"}},{"@type":"Person","@id":"https:\/\/anoticiaonline.com.br\/site\/author\/juliana\/#author","url":"https:\/\/anoticiaonline.com.br\/site\/author\/juliana\/","name":"Juliana Laviola","image":{"@type":"ImageObject","@id":"https:\/\/anoticiaonline.com.br\/site\/ribeilar-inaugura-nova-loja-em-muriae\/#authorImage","url":"https:\/\/secure.gravatar.com\/avatar\/b8d45f5c699b100dfaf0e543582f38f38bf94cb7ae3a5e9abf8d891a34773335?s=96&d=mm&r=g","width":96,"height":96,"caption":"Juliana Laviola"}},{"@type":"WebPage","@id":"https:\/\/anoticiaonline.com.br\/site\/ribeilar-inaugura-nova-loja-em-muriae\/#webpage","url":"https:\/\/anoticiaonline.com.br\/site\/ribeilar-inaugura-nova-loja-em-muriae\/","name":"Ribeilar inaugura nova loja - A Not\u00edcia Online","description":"A nova loja da Ribeilar, especializada em m\u00f3veis e eletrodom\u00e9sticos, foi inaugurada na Rua Get\u00falio Vargas, n\u00famero 34, na manh\u00e3 de segunda-feira (12). De acordo com J\u00falio C\u00e9sar Rodrigues, gerente de vendas da nova Ribeilar, \u00e9 com grande satisfa\u00e7\u00e3o compartilhar o novo espa\u00e7o com os muriaeenses. \u201cNosso foco principal com a inaugura\u00e7\u00e3o da nova Ribeilar","inLanguage":"pt-BR","isPartOf":{"@id":"https:\/\/anoticiaonline.com.br\/site\/#website"},"breadcrumb":{"@id":"https:\/\/anoticiaonline.com.br\/site\/ribeilar-inaugura-nova-loja-em-muriae\/#breadcrumblist"},"author":{"@id":"https:\/\/anoticiaonline.com.br\/site\/author\/juliana\/#author"},"creator":{"@id":"https:\/\/anoticiaonline.com.br\/site\/author\/juliana\/#author"},"image":{"@type":"ImageObject","url":"https:\/\/anoticiaonline.com.br\/site\/wp-content\/uploads\/2018\/03\/2.jpg","@id":"https:\/\/anoticiaonline.com.br\/site\/ribeilar-inaugura-nova-loja-em-muriae\/#mainImage","width":640,"height":424},"primaryImageOfPage":{"@id":"https:\/\/anoticiaonline.com.br\/site\/ribeilar-inaugura-nova-loja-em-muriae\/#mainImage"},"datePublished":"2018-03-15T19:47:51-03:00","dateModified":"2018-03-15T20:31:49-03:00"},{"@type":"WebSite","@id":"https:\/\/anoticiaonline.com.br\/site\/#website","url":"https:\/\/anoticiaonline.com.br\/site\/","name":"A Not\u00edcia Online","description":"Noticias de Muria\u00e9 e regi\u00e3o","inLanguage":"pt-BR","publisher":{"@id":"https:\/\/anoticiaonline.com.br\/site\/#organization"}}]},"og:locale":"pt_BR","og:site_name":"A Not\u00edcia Online - Noticias de Muria\u00e9 e regi\u00e3o","og:type":"article","og:title":"Ribeilar inaugura nova loja - A Not\u00edcia Online","og:description":"A nova loja da Ribeilar, especializada em m\u00f3veis e eletrodom\u00e9sticos, foi inaugurada na Rua Get\u00falio Vargas, n\u00famero 34, na manh\u00e3 de segunda-feira (12). De acordo com J\u00falio C\u00e9sar Rodrigues, gerente de vendas da nova Ribeilar, \u00e9 com grande satisfa\u00e7\u00e3o compartilhar o novo espa\u00e7o com os muriaeenses. \u201cNosso foco principal com a inaugura\u00e7\u00e3o da nova Ribeilar","og:url":"https:\/\/anoticiaonline.com.br\/site\/ribeilar-inaugura-nova-loja-em-muriae\/","og:image":"https:\/\/scontent-gig4-1.xx.fbcdn.net\/v\/t39.30808-1\/270437624_4564083193639691_6907940295614233970_n.jpg?stp=dst-jpg_s200x200_tt6&#038;_nc_cat=111&#038;ccb=1-7&#038;_nc_sid=f907e8&#038;_nc_ohc=SM1wRlP3lJwQ7kNvwEPuBYA&#038;_nc_oc=AdnqrjDN_BNjSSHWO-GbkIWH6fkGMLw4bqvL_NH6e2wMveX7G-rP2dAqsDSq1mJMOaY&#038;_nc_zt=24&#038;_nc_ht=scontent-gig4-1.xx&#038;_nc_gid=AoBFJeGrT1hVaew_6rchkQ&#038;oh=00_AfX7QmFGhQhG2jAllVgXCiM1ZrWgvtp80-Bfppyexh1QEg&#038;oe=689E923C","og:image:secure_url":"https:\/\/scontent-gig4-1.xx.fbcdn.net\/v\/t39.30808-1\/270437624_4564083193639691_6907940295614233970_n.jpg?stp=dst-jpg_s200x200_tt6&#038;_nc_cat=111&#038;ccb=1-7&#038;_nc_sid=f907e8&#038;_nc_ohc=SM1wRlP3lJwQ7kNvwEPuBYA&#038;_nc_oc=AdnqrjDN_BNjSSHWO-GbkIWH6fkGMLw4bqvL_NH6e2wMveX7G-rP2dAqsDSq1mJMOaY&#038;_nc_zt=24&#038;_nc_ht=scontent-gig4-1.xx&#038;_nc_gid=AoBFJeGrT1hVaew_6rchkQ&#038;oh=00_AfX7QmFGhQhG2jAllVgXCiM1ZrWgvtp80-Bfppyexh1QEg&#038;oe=689E923C","article:published_time":"2018-03-15T22:47:51+00:00","article:modified_time":"2018-03-15T23:31:49+00:00","twitter:card":"summary_large_image","twitter:title":"Ribeilar inaugura nova loja - A Not\u00edcia Online","twitter:description":"A nova loja da Ribeilar, especializada em m\u00f3veis e eletrodom\u00e9sticos, foi inaugurada na Rua Get\u00falio Vargas, n\u00famero 34, na manh\u00e3 de segunda-feira (12). De acordo com J\u00falio C\u00e9sar Rodrigues, gerente de vendas da nova Ribeilar, \u00e9 com grande satisfa\u00e7\u00e3o compartilhar o novo espa\u00e7o com os muriaeenses. \u201cNosso foco principal com a inaugura\u00e7\u00e3o da nova Ribeilar","twitter:image":"https:\/\/scontent-gig4-1.xx.fbcdn.net\/v\/t39.30808-1\/270437624_4564083193639691_6907940295614233970_n.jpg?stp=dst-jpg_s200x200_tt6&_nc_cat=111&ccb=1-7&_nc_sid=f907e8&_nc_ohc=SM1wRlP3lJwQ7kNvwEPuBYA&_nc_oc=AdnqrjDN_BNjSSHWO-GbkIWH6fkGMLw4bqvL_NH6e2wMveX7G-rP2dAqsDSq1mJMOaY&_nc_zt=24&_nc_ht=scontent-gig4-1.xx&_nc_gid=AoBFJeGrT1hVaew_6rchkQ&oh=00_AfX7QmFGhQhG2jAllVgXCiM1ZrWgvtp80-Bfppyexh1QEg&oe=689E923C"},"aioseo_meta_data":{"post_id":"51673","title":null,"description":null,"keywords":null,"keyphrases":null,"primary_term":null,"canonical_url":null,"og_title":null,"og_description":null,"og_object_type":"default","og_image_type":"default","og_image_url":null,"og_image_width":null,"og_image_height":null,"og_image_custom_url":null,"og_image_custom_fields":null,"og_video":null,"og_custom_url":null,"og_article_section":null,"og_article_tags":null,"twitter_use_og":false,"twitter_card":"default","twitter_image_type":"default","twitter_image_url":null,"twitter_image_custom_url":null,"twitter_image_custom_fields":null,"twitter_title":null,"twitter_description":null,"schema":{"blockGraphs":[],"customGraphs":[],"default":{"data":{"Article":[],"Course":[],"Dataset":[],"FAQPage":[],"Movie":[],"Person":[],"Product":[],"ProductReview":[],"Car":[],"Recipe":[],"Service":[],"SoftwareApplication":[],"WebPage":[]},"graphName":"","isEnabled":true},"graphs":[]},"schema_type":"default","schema_type_options":null,"pillar_content":false,"robots_default":true,"robots_noindex":false,"robots_noarchive":false,"robots_nosnippet":false,"robots_nofollow":false,"robots_noimageindex":false,"robots_noodp":false,"robots_notranslate":false,"robots_max_snippet":null,"robots_max_videopreview":null,"robots_max_imagepreview":"large","priority":null,"frequency":null,"local_seo":null,"breadcrumb_settings":null,"limit_modified_date":false,"ai":null,"created":"2025-08-16 20:30:38","updated":"2025-08-16 20:30:38","focus_keyword":null,"additional_keywords":null,"truseo_locale":null,"seo_analyzer_scan_date":null},"aioseo_breadcrumb":"<div class=\"aioseo-breadcrumbs\"><span class=\"aioseo-breadcrumb\">\n\t\t\t<a href=\"https:\/\/anoticiaonline.com.br\/site\" title=\"Home\">Home<\/a>\n\t\t<\/span><span class=\"aioseo-breadcrumb-separator\">&raquo;<\/span><span class=\"aioseo-breadcrumb\">\n\t\t\t<a href=\"https:\/\/anoticiaonline.com.br\/site\/categoria\/eventos\/\" title=\"Eventos\">Eventos<\/a>\n\t\t<\/span><span class=\"aioseo-breadcrumb-separator\">&raquo;<\/span><span class=\"aioseo-breadcrumb\">\n\t\t\tRibeilar inaugura nova loja\n\t\t<\/span><\/div>","aioseo_breadcrumb_json":[{"label":"Home","link":"https:\/\/anoticiaonline.com.br\/site"},{"label":"Eventos","link":"https:\/\/anoticiaonline.com.br\/site\/categoria\/eventos\/"},{"label":"Ribeilar inaugura nova loja","link":"https:\/\/anoticiaonline.com.br\/site\/ribeilar-inaugura-nova-loja-em-muriae\/"}],"views":194,"_links":{"self":[{"href":"https:\/\/anoticiaonline.com.br\/site\/wp-json\/wp\/v2\/posts\/51673","targetHints":{"allow":["GET"]}}],"collection":[{"href":"https:\/\/anoticiaonline.com.br\/site\/wp-json\/wp\/v2\/posts"}],"about":[{"href":"https:\/\/anoticiaonline.com.br\/site\/wp-json\/wp\/v2\/types\/post"}],"author":[{"embeddable":true,"href":"https:\/\/anoticiaonline.com.br\/site\/wp-json\/wp\/v2\/users\/2"}],"replies":[{"embeddable":true,"href":"https:\/\/anoticiaonline.com.br\/site\/wp-json\/wp\/v2\/comments?post=51673"}],"version-history":[{"count":0,"href":"https:\/\/anoticiaonline.com.br\/site\/wp-json\/wp\/v2\/posts\/51673\/revisions"}],"wp:featuredmedia":[{"embeddable":true,"href":"https:\/\/anoticiaonline.com.br\/site\/wp-json\/wp\/v2\/media\/51694"}],"wp:attachment":[{"href":"https:\/\/anoticiaonline.com.br\/site\/wp-json\/wp\/v2\/media?parent=51673"}],"wp:term":[{"taxonomy":"category","embeddable":true,"href":"https:\/\/anoticiaonline.com.br\/site\/wp-json\/wp\/v2\/categories?post=51673"},{"taxonomy":"post_tag","embeddable":true,"href":"https:\/\/anoticiaonline.com.br\/site\/wp-json\/wp\/v2\/tags?post=51673"}],"curies":[{"name":"wp","href":"https:\/\/api.w.org\/{rel}","templated":true}]}}