{"id":51662,"date":"2018-03-15T17:50:07","date_gmt":"2018-03-15T20:50:07","guid":{"rendered":"http:\/\/anoticiaonline.com.br\/site\/?p=51662"},"modified":"2018-03-15T17:51:38","modified_gmt":"2018-03-15T20:51:38","slug":"chuvas-durante-a-semana-assustam-moradores-de-muriae-e-regiao","status":"publish","type":"post","link":"https:\/\/anoticiaonline.com.br\/site\/chuvas-durante-a-semana-assustam-moradores-de-muriae-e-regiao\/","title":{"rendered":"Chuvas durante a semana assustam moradores de Muria\u00e9 e regi\u00e3o"},"content":{"rendered":"<p>Chuvas fortes, sobretudo as que ocorreram no \u00faltimo s\u00e1bado (10) e na ter\u00e7a-feira (13), assustaram moradores de Muria\u00e9 e regi\u00e3o, principalmente aqueles que residem pr\u00f3ximo \u00e0s margens dos rios. Apesar dos transtornos causados, o n\u00edvel das \u00e1guas baixou e, aos poucos, a rotina da popula\u00e7\u00e3o voltou ao normal.<\/p>\n<p>As ruas mais afetadas pelos alagamentos foram as que est\u00e3o localizadas nos bairros Dornelas, Barra, Safira, Jo\u00e3o XXIII, Santana e algumas do Centro da cidade. Por meio de nota, a Defesa Civil informou que, na tarde de ter\u00e7a-feira (13), choveu em m\u00e9dia 17mm.<\/p>\n<p>Apesar do curto per\u00edodo de dura\u00e7\u00e3o da chuva, estradas como a de Belis\u00e1rio-Itamuri ficaram interditadas e na regi\u00e3o do distrito de Vermelho, uma \u00e1rvore caiu impedindo a passagem. Diversos registros de estragos causados pela chuva foram feitos por moradores e divulgados em redes sociais.<\/p>\n<p><strong>Novo coordenador da Defesa Civil \u2013 <\/strong>Na manh\u00e3 de quinta-feira (15), a Assessoria de Comunica\u00e7\u00e3o da prefeitura enviou uma nota informando que Leandro Cunha\u00a0 assumiu o cargo de coordenador da Coordenadoria Municipal de Prote\u00e7\u00e3o e Defesa Civil (COMPDEC). At\u00e9 ent\u00e3o, a fun\u00e7\u00e3o era exercida pelo secret\u00e1rio Municipal de Administra\u00e7\u00e3o, S\u00e9rgio Duarte. Vinculado ao gabinete do prefeito, o \u00f3rg\u00e3o atua no planejamento, preven\u00e7\u00e3o e resposta a desastres naturais, oferecendo atendimento aos muriaeenses em situa\u00e7\u00f5es de risco.<\/p>\n<p>Localizada nas depend\u00eancias do 2\u00ba Pelot\u00e3o do Corpo de Bombeiros desde maio de 2017, por meio de parceria in\u00e9dita no Estado entre a prefeitura e a corpora\u00e7\u00e3o, a COMPDEC realiza vistorias, gest\u00e3o e acompanhamento de desastres naturais, oferece atendimento e orienta\u00e7\u00f5es para as comunidades nas \u00e1reas de risco, entre outros.<\/p>\n<p><a href=\"https:\/\/anoticiaonline.com.br\/site\/wp-content\/uploads\/2018\/03\/CAPA.jpeg\"><img fetchpriority=\"high\" decoding=\"async\" class=\"alignnone size-full wp-image-51663\" src=\"https:\/\/anoticiaonline.com.br\/site\/wp-content\/uploads\/2018\/03\/CAPA.jpeg\" alt=\"\" width=\"640\" height=\"427\" srcset=\"https:\/\/anoticiaonline.com.br\/site\/wp-content\/uploads\/2018\/03\/CAPA.jpeg 640w, https:\/\/anoticiaonline.com.br\/site\/wp-content\/uploads\/2018\/03\/CAPA-300x200.jpeg 300w\" sizes=\"(max-width: 640px) 100vw, 640px\" \/><\/a><\/p>\n<figure id=\"attachment_51664\" aria-describedby=\"caption-attachment-51664\" style=\"width: 630px\" class=\"wp-caption alignnone\"><a href=\"https:\/\/anoticiaonline.com.br\/site\/wp-content\/uploads\/2018\/03\/Chuvas-durante-a-semana-assustam-moradores-de-Muria\u00e9-e-regi\u00e3o.jpg\"><img decoding=\"async\" class=\"size-full wp-image-51664\" src=\"https:\/\/anoticiaonline.com.br\/site\/wp-content\/uploads\/2018\/03\/Chuvas-durante-a-semana-assustam-moradores-de-Muria\u00e9-e-regi\u00e3o.jpg\" alt=\"\" width=\"640\" height=\"427\" srcset=\"https:\/\/anoticiaonline.com.br\/site\/wp-content\/uploads\/2018\/03\/Chuvas-durante-a-semana-assustam-moradores-de-Muria\u00e9-e-regi\u00e3o.jpg 640w, https:\/\/anoticiaonline.com.br\/site\/wp-content\/uploads\/2018\/03\/Chuvas-durante-a-semana-assustam-moradores-de-Muria\u00e9-e-regi\u00e3o-300x200.jpg 300w\" sizes=\"(max-width: 640px) 100vw, 640px\" \/><\/a><figcaption id=\"caption-attachment-51664\" class=\"wp-caption-text\">Leandro Cunha \u00e9 o novo coordenador da COMPDEC<\/figcaption><\/figure>\n<figure id=\"attachment_51665\" aria-describedby=\"caption-attachment-51665\" style=\"width: 630px\" class=\"wp-caption alignnone\"><a href=\"https:\/\/anoticiaonline.com.br\/site\/wp-content\/uploads\/2018\/03\/Chuvas-durante-a-semana-assustam-moradores-de-Muria\u00e9-e-regi\u00e3o-2.jpeg\"><img decoding=\"async\" class=\"wp-image-51665 size-full\" src=\"https:\/\/anoticiaonline.com.br\/site\/wp-content\/uploads\/2018\/03\/Chuvas-durante-a-semana-assustam-moradores-de-Muria\u00e9-e-regi\u00e3o-2.jpeg\" alt=\"\" width=\"640\" height=\"427\" srcset=\"https:\/\/anoticiaonline.com.br\/site\/wp-content\/uploads\/2018\/03\/Chuvas-durante-a-semana-assustam-moradores-de-Muria\u00e9-e-regi\u00e3o-2.jpeg 640w, https:\/\/anoticiaonline.com.br\/site\/wp-content\/uploads\/2018\/03\/Chuvas-durante-a-semana-assustam-moradores-de-Muria\u00e9-e-regi\u00e3o-2-300x200.jpeg 300w\" sizes=\"(max-width: 640px) 100vw, 640px\" \/><\/a><figcaption id=\"caption-attachment-51665\" class=\"wp-caption-text\">Cr\u00e9dito foto: internauta<\/figcaption><\/figure>\n<p><a href=\"https:\/\/anoticiaonline.com.br\/site\/wp-content\/uploads\/2018\/03\/Chuvas-durante-a-semana-assustam-moradores-de-Muria\u00e9-e-regi\u00e3o-3.jpeg\"><img loading=\"lazy\" decoding=\"async\" class=\"alignnone size-full wp-image-51666\" src=\"https:\/\/anoticiaonline.com.br\/site\/wp-content\/uploads\/2018\/03\/Chuvas-durante-a-semana-assustam-moradores-de-Muria\u00e9-e-regi\u00e3o-3.jpeg\" alt=\"\" width=\"640\" height=\"427\" srcset=\"https:\/\/anoticiaonline.com.br\/site\/wp-content\/uploads\/2018\/03\/Chuvas-durante-a-semana-assustam-moradores-de-Muria\u00e9-e-regi\u00e3o-3.jpeg 640w, https:\/\/anoticiaonline.com.br\/site\/wp-content\/uploads\/2018\/03\/Chuvas-durante-a-semana-assustam-moradores-de-Muria\u00e9-e-regi\u00e3o-3-300x200.jpeg 300w\" sizes=\"(max-width: 640px) 100vw, 640px\" \/><\/a><\/p>\n<p>Cr\u00e9ditos: ASCOM PMM<\/p>\n","protected":false},"excerpt":{"rendered":"<p>Chuvas fortes, sobretudo as que ocorreram no \u00faltimo s\u00e1bado (10) e na ter\u00e7a-feira (13), assustaram moradores de Muria\u00e9 e regi\u00e3o, principalmente aqueles que residem pr\u00f3ximo \u00e0s margens dos rios. Apesar dos transtornos causados, o n\u00edvel das \u00e1guas baixou e, aos poucos, a rotina da popula\u00e7\u00e3o voltou ao normal. As ruas mais afetadas pelos alagamentos foram &#8230; <a title=\"Chuvas durante a semana assustam moradores de Muria\u00e9 e regi\u00e3o\" class=\"read-more\" href=\"https:\/\/anoticiaonline.com.br\/site\/chuvas-durante-a-semana-assustam-moradores-de-muriae-e-regiao\/\" aria-label=\"Read more about Chuvas durante a semana assustam moradores de Muria\u00e9 e regi\u00e3o\">Ler mais<\/a><\/p>\n","protected":false},"author":2,"featured_media":51663,"comment_status":"open","ping_status":"open","sticky":false,"template":"","format":"standard","meta":{"_acf_changed":false,"_monsterinsights_skip_tracking":false,"footnotes":""},"categories":[30],"tags":[1831,386,882,74,2177],"class_list":["post-51662","post","type-post","status-publish","format-standard","has-post-thumbnail","hentry","category-muriae","tag-alagamentos","tag-chuvas","tag-defesa-civil","tag-muriae","tag-transtornos"],"acf":[],"aioseo_notices":[],"aioseo_head":"\n\t\t<!-- All in One SEO 5.0.0.1 - aioseo.com -->\n\t<meta name=\"description\" content=\"Chuvas fortes, sobretudo as que ocorreram no \u00faltimo s\u00e1bado (10) e na ter\u00e7a-feira (13), assustaram moradores de Muria\u00e9 e regi\u00e3o, principalmente aqueles que residem pr\u00f3ximo \u00e0s margens dos rios. Apesar dos transtornos causados, o n\u00edvel das \u00e1guas baixou e, aos poucos, a rotina da popula\u00e7\u00e3o voltou ao normal. As ruas mais afetadas pelos alagamentos foram\" \/>\n\t<meta name=\"robots\" content=\"max-image-preview:large\" \/>\n\t<meta name=\"author\" content=\"Juliana Laviola\"\/>\n\t<link rel=\"canonical\" href=\"https:\/\/anoticiaonline.com.br\/site\/chuvas-durante-a-semana-assustam-moradores-de-muriae-e-regiao\/\" \/>\n\t<meta name=\"generator\" content=\"All in One SEO (AIOSEO) 5.0.0.1\" \/>\n\t\t<meta property=\"og:locale\" content=\"pt_BR\" \/>\n\t\t<meta property=\"og:site_name\" content=\"A Not\u00edcia Online - Noticias de Muria\u00e9 e regi\u00e3o\" \/>\n\t\t<meta property=\"og:type\" content=\"article\" \/>\n\t\t<meta property=\"og:title\" content=\"Chuvas durante a semana assustam moradores de Muria\u00e9 e regi\u00e3o - A Not\u00edcia Online\" \/>\n\t\t<meta property=\"og:description\" content=\"Chuvas fortes, sobretudo as que ocorreram no \u00faltimo s\u00e1bado (10) e na ter\u00e7a-feira (13), assustaram moradores de Muria\u00e9 e regi\u00e3o, principalmente aqueles que residem pr\u00f3ximo \u00e0s margens dos rios. Apesar dos transtornos causados, o n\u00edvel das \u00e1guas baixou e, aos poucos, a rotina da popula\u00e7\u00e3o voltou ao normal. As ruas mais afetadas pelos alagamentos foram\" \/>\n\t\t<meta property=\"og:url\" content=\"https:\/\/anoticiaonline.com.br\/site\/chuvas-durante-a-semana-assustam-moradores-de-muriae-e-regiao\/\" \/>\n\t\t<meta property=\"og:image\" content=\"https:\/\/scontent-gig4-1.xx.fbcdn.net\/v\/t39.30808-1\/270437624_4564083193639691_6907940295614233970_n.jpg?stp=dst-jpg_s200x200_tt6&#038;_nc_cat=111&#038;ccb=1-7&#038;_nc_sid=f907e8&#038;_nc_ohc=SM1wRlP3lJwQ7kNvwEPuBYA&#038;_nc_oc=AdnqrjDN_BNjSSHWO-GbkIWH6fkGMLw4bqvL_NH6e2wMveX7G-rP2dAqsDSq1mJMOaY&#038;_nc_zt=24&#038;_nc_ht=scontent-gig4-1.xx&#038;_nc_gid=AoBFJeGrT1hVaew_6rchkQ&#038;oh=00_AfX7QmFGhQhG2jAllVgXCiM1ZrWgvtp80-Bfppyexh1QEg&#038;oe=689E923C\" \/>\n\t\t<meta property=\"og:image:secure_url\" content=\"https:\/\/scontent-gig4-1.xx.fbcdn.net\/v\/t39.30808-1\/270437624_4564083193639691_6907940295614233970_n.jpg?stp=dst-jpg_s200x200_tt6&#038;_nc_cat=111&#038;ccb=1-7&#038;_nc_sid=f907e8&#038;_nc_ohc=SM1wRlP3lJwQ7kNvwEPuBYA&#038;_nc_oc=AdnqrjDN_BNjSSHWO-GbkIWH6fkGMLw4bqvL_NH6e2wMveX7G-rP2dAqsDSq1mJMOaY&#038;_nc_zt=24&#038;_nc_ht=scontent-gig4-1.xx&#038;_nc_gid=AoBFJeGrT1hVaew_6rchkQ&#038;oh=00_AfX7QmFGhQhG2jAllVgXCiM1ZrWgvtp80-Bfppyexh1QEg&#038;oe=689E923C\" \/>\n\t\t<meta property=\"article:published_time\" content=\"2018-03-15T20:50:07+00:00\" \/>\n\t\t<meta property=\"article:modified_time\" content=\"2018-03-15T20:51:38+00:00\" \/>\n\t\t<meta name=\"twitter:card\" content=\"summary_large_image\" \/>\n\t\t<meta name=\"twitter:title\" content=\"Chuvas durante a semana assustam moradores de Muria\u00e9 e regi\u00e3o - A Not\u00edcia Online\" \/>\n\t\t<meta name=\"twitter:description\" content=\"Chuvas fortes, sobretudo as que ocorreram no \u00faltimo s\u00e1bado (10) e na ter\u00e7a-feira (13), assustaram moradores de Muria\u00e9 e regi\u00e3o, principalmente aqueles que residem pr\u00f3ximo \u00e0s margens dos rios. Apesar dos transtornos causados, o n\u00edvel das \u00e1guas baixou e, aos poucos, a rotina da popula\u00e7\u00e3o voltou ao normal. As ruas mais afetadas pelos alagamentos foram\" \/>\n\t\t<meta name=\"twitter:image\" content=\"https:\/\/scontent-gig4-1.xx.fbcdn.net\/v\/t39.30808-1\/270437624_4564083193639691_6907940295614233970_n.jpg?stp=dst-jpg_s200x200_tt6&amp;_nc_cat=111&amp;ccb=1-7&amp;_nc_sid=f907e8&amp;_nc_ohc=SM1wRlP3lJwQ7kNvwEPuBYA&amp;_nc_oc=AdnqrjDN_BNjSSHWO-GbkIWH6fkGMLw4bqvL_NH6e2wMveX7G-rP2dAqsDSq1mJMOaY&amp;_nc_zt=24&amp;_nc_ht=scontent-gig4-1.xx&amp;_nc_gid=AoBFJeGrT1hVaew_6rchkQ&amp;oh=00_AfX7QmFGhQhG2jAllVgXCiM1ZrWgvtp80-Bfppyexh1QEg&amp;oe=689E923C\" \/>\n\t\t<script type=\"application\/ld+json\" class=\"aioseo-schema\">\n\t\t\t{\"@context\":\"https:\\\/\\\/schema.org\",\"@graph\":[{\"@type\":\"BlogPosting\",\"@id\":\"https:\\\/\\\/anoticiaonline.com.br\\\/site\\\/chuvas-durante-a-semana-assustam-moradores-de-muriae-e-regiao\\\/#blogposting\",\"name\":\"Chuvas durante a semana assustam moradores de Muria\\u00e9 e regi\\u00e3o - A Not\\u00edcia Online\",\"headline\":\"Chuvas durante a semana assustam moradores de Muria\\u00e9 e regi\\u00e3o\",\"author\":{\"@id\":\"https:\\\/\\\/anoticiaonline.com.br\\\/site\\\/author\\\/juliana\\\/#author\"},\"publisher\":{\"@id\":\"https:\\\/\\\/anoticiaonline.com.br\\\/site\\\/#organization\"},\"image\":{\"@type\":\"ImageObject\",\"url\":\"https:\\\/\\\/anoticiaonline.com.br\\\/site\\\/wp-content\\\/uploads\\\/2018\\\/03\\\/CAPA.jpeg\",\"width\":640,\"height\":427},\"datePublished\":\"2018-03-15T17:50:07-03:00\",\"dateModified\":\"2018-03-15T17:51:38-03:00\",\"inLanguage\":\"pt-BR\",\"mainEntityOfPage\":{\"@id\":\"https:\\\/\\\/anoticiaonline.com.br\\\/site\\\/chuvas-durante-a-semana-assustam-moradores-de-muriae-e-regiao\\\/#webpage\"},\"isPartOf\":{\"@id\":\"https:\\\/\\\/anoticiaonline.com.br\\\/site\\\/chuvas-durante-a-semana-assustam-moradores-de-muriae-e-regiao\\\/#webpage\"},\"articleSection\":\"Blog, alagamentos, chuvas, defesa civil, Muria\\u00e9, transtornos\"},{\"@type\":\"BreadcrumbList\",\"@id\":\"https:\\\/\\\/anoticiaonline.com.br\\\/site\\\/chuvas-durante-a-semana-assustam-moradores-de-muriae-e-regiao\\\/#breadcrumblist\",\"itemListElement\":[{\"@type\":\"ListItem\",\"@id\":\"https:\\\/\\\/anoticiaonline.com.br\\\/site#listItem\",\"position\":1,\"name\":\"Home\",\"item\":\"https:\\\/\\\/anoticiaonline.com.br\\\/site\",\"nextItem\":{\"@type\":\"ListItem\",\"@id\":\"https:\\\/\\\/anoticiaonline.com.br\\\/site\\\/categoria\\\/muriae\\\/#listItem\",\"name\":\"Blog\"}},{\"@type\":\"ListItem\",\"@id\":\"https:\\\/\\\/anoticiaonline.com.br\\\/site\\\/categoria\\\/muriae\\\/#listItem\",\"position\":2,\"name\":\"Blog\",\"item\":\"https:\\\/\\\/anoticiaonline.com.br\\\/site\\\/categoria\\\/muriae\\\/\",\"nextItem\":{\"@type\":\"ListItem\",\"@id\":\"https:\\\/\\\/anoticiaonline.com.br\\\/site\\\/chuvas-durante-a-semana-assustam-moradores-de-muriae-e-regiao\\\/#listItem\",\"name\":\"Chuvas durante a semana assustam moradores de Muria\\u00e9 e regi\\u00e3o\"},\"previousItem\":{\"@type\":\"ListItem\",\"@id\":\"https:\\\/\\\/anoticiaonline.com.br\\\/site#listItem\",\"name\":\"Home\"}},{\"@type\":\"ListItem\",\"@id\":\"https:\\\/\\\/anoticiaonline.com.br\\\/site\\\/chuvas-durante-a-semana-assustam-moradores-de-muriae-e-regiao\\\/#listItem\",\"position\":3,\"name\":\"Chuvas durante a semana assustam moradores de Muria\\u00e9 e regi\\u00e3o\",\"previousItem\":{\"@type\":\"ListItem\",\"@id\":\"https:\\\/\\\/anoticiaonline.com.br\\\/site\\\/categoria\\\/muriae\\\/#listItem\",\"name\":\"Blog\"}}]},{\"@type\":\"Organization\",\"@id\":\"https:\\\/\\\/anoticiaonline.com.br\\\/site\\\/#organization\",\"name\":\"A Not\\u00edcia Online\",\"description\":\"Noticias de Muria\\u00e9 e regi\\u00e3o\",\"url\":\"https:\\\/\\\/anoticiaonline.com.br\\\/site\\\/\",\"logo\":{\"@type\":\"ImageObject\",\"url\":\"https:\\\/\\\/scontent-gig4-1.xx.fbcdn.net\\\/v\\\/t39.30808-1\\\/270437624_4564083193639691_6907940295614233970_n.jpg?stp=dst-jpg_s200x200_tt6&_nc_cat=111&ccb=1-7&_nc_sid=f907e8&_nc_ohc=SM1wRlP3lJwQ7kNvwEPuBYA&_nc_oc=AdnqrjDN_BNjSSHWO-GbkIWH6fkGMLw4bqvL_NH6e2wMveX7G-rP2dAqsDSq1mJMOaY&_nc_zt=24&_nc_ht=scontent-gig4-1.xx&_nc_gid=AoBFJeGrT1hVaew_6rchkQ&oh=00_AfX7QmFGhQhG2jAllVgXCiM1ZrWgvtp80-Bfppyexh1QEg&oe=689E923C\",\"@id\":\"https:\\\/\\\/anoticiaonline.com.br\\\/site\\\/chuvas-durante-a-semana-assustam-moradores-de-muriae-e-regiao\\\/#organizationLogo\"},\"image\":{\"@id\":\"https:\\\/\\\/anoticiaonline.com.br\\\/site\\\/chuvas-durante-a-semana-assustam-moradores-de-muriae-e-regiao\\\/#organizationLogo\"}},{\"@type\":\"Person\",\"@id\":\"https:\\\/\\\/anoticiaonline.com.br\\\/site\\\/author\\\/juliana\\\/#author\",\"url\":\"https:\\\/\\\/anoticiaonline.com.br\\\/site\\\/author\\\/juliana\\\/\",\"name\":\"Juliana Laviola\",\"image\":{\"@type\":\"ImageObject\",\"@id\":\"https:\\\/\\\/anoticiaonline.com.br\\\/site\\\/chuvas-durante-a-semana-assustam-moradores-de-muriae-e-regiao\\\/#authorImage\",\"url\":\"https:\\\/\\\/secure.gravatar.com\\\/avatar\\\/b8d45f5c699b100dfaf0e543582f38f38bf94cb7ae3a5e9abf8d891a34773335?s=96&d=mm&r=g\",\"width\":96,\"height\":96,\"caption\":\"Juliana Laviola\"}},{\"@type\":\"WebPage\",\"@id\":\"https:\\\/\\\/anoticiaonline.com.br\\\/site\\\/chuvas-durante-a-semana-assustam-moradores-de-muriae-e-regiao\\\/#webpage\",\"url\":\"https:\\\/\\\/anoticiaonline.com.br\\\/site\\\/chuvas-durante-a-semana-assustam-moradores-de-muriae-e-regiao\\\/\",\"name\":\"Chuvas durante a semana assustam moradores de Muria\\u00e9 e regi\\u00e3o - A Not\\u00edcia Online\",\"description\":\"Chuvas fortes, sobretudo as que ocorreram no \\u00faltimo s\\u00e1bado (10) e na ter\\u00e7a-feira (13), assustaram moradores de Muria\\u00e9 e regi\\u00e3o, principalmente aqueles que residem pr\\u00f3ximo \\u00e0s margens dos rios. Apesar dos transtornos causados, o n\\u00edvel das \\u00e1guas baixou e, aos poucos, a rotina da popula\\u00e7\\u00e3o voltou ao normal. As ruas mais afetadas pelos alagamentos foram\",\"inLanguage\":\"pt-BR\",\"isPartOf\":{\"@id\":\"https:\\\/\\\/anoticiaonline.com.br\\\/site\\\/#website\"},\"breadcrumb\":{\"@id\":\"https:\\\/\\\/anoticiaonline.com.br\\\/site\\\/chuvas-durante-a-semana-assustam-moradores-de-muriae-e-regiao\\\/#breadcrumblist\"},\"author\":{\"@id\":\"https:\\\/\\\/anoticiaonline.com.br\\\/site\\\/author\\\/juliana\\\/#author\"},\"creator\":{\"@id\":\"https:\\\/\\\/anoticiaonline.com.br\\\/site\\\/author\\\/juliana\\\/#author\"},\"image\":{\"@type\":\"ImageObject\",\"url\":\"https:\\\/\\\/anoticiaonline.com.br\\\/site\\\/wp-content\\\/uploads\\\/2018\\\/03\\\/CAPA.jpeg\",\"@id\":\"https:\\\/\\\/anoticiaonline.com.br\\\/site\\\/chuvas-durante-a-semana-assustam-moradores-de-muriae-e-regiao\\\/#mainImage\",\"width\":640,\"height\":427},\"primaryImageOfPage\":{\"@id\":\"https:\\\/\\\/anoticiaonline.com.br\\\/site\\\/chuvas-durante-a-semana-assustam-moradores-de-muriae-e-regiao\\\/#mainImage\"},\"datePublished\":\"2018-03-15T17:50:07-03:00\",\"dateModified\":\"2018-03-15T17:51:38-03:00\"},{\"@type\":\"WebSite\",\"@id\":\"https:\\\/\\\/anoticiaonline.com.br\\\/site\\\/#website\",\"url\":\"https:\\\/\\\/anoticiaonline.com.br\\\/site\\\/\",\"name\":\"A Not\\u00edcia Online\",\"description\":\"Noticias de Muria\\u00e9 e regi\\u00e3o\",\"inLanguage\":\"pt-BR\",\"publisher\":{\"@id\":\"https:\\\/\\\/anoticiaonline.com.br\\\/site\\\/#organization\"}}]}\n\t\t<\/script>\n\t\t<!-- All in One SEO -->\n\n","aioseo_head_json":{"title":"Chuvas durante a semana assustam moradores de Muria\u00e9 e regi\u00e3o - A Not\u00edcia Online","description":"Chuvas fortes, sobretudo as que ocorreram no \u00faltimo s\u00e1bado (10) e na ter\u00e7a-feira (13), assustaram moradores de Muria\u00e9 e regi\u00e3o, principalmente aqueles que residem pr\u00f3ximo \u00e0s margens dos rios. Apesar dos transtornos causados, o n\u00edvel das \u00e1guas baixou e, aos poucos, a rotina da popula\u00e7\u00e3o voltou ao normal. As ruas mais afetadas pelos alagamentos foram","canonical_url":"https:\/\/anoticiaonline.com.br\/site\/chuvas-durante-a-semana-assustam-moradores-de-muriae-e-regiao\/","robots":"max-image-preview:large","keywords":"","webmasterTools":{"miscellaneous":""},"schema":{"@context":"https:\/\/schema.org","@graph":[{"@type":"BlogPosting","@id":"https:\/\/anoticiaonline.com.br\/site\/chuvas-durante-a-semana-assustam-moradores-de-muriae-e-regiao\/#blogposting","name":"Chuvas durante a semana assustam moradores de Muria\u00e9 e regi\u00e3o - A Not\u00edcia Online","headline":"Chuvas durante a semana assustam moradores de Muria\u00e9 e regi\u00e3o","author":{"@id":"https:\/\/anoticiaonline.com.br\/site\/author\/juliana\/#author"},"publisher":{"@id":"https:\/\/anoticiaonline.com.br\/site\/#organization"},"image":{"@type":"ImageObject","url":"https:\/\/anoticiaonline.com.br\/site\/wp-content\/uploads\/2018\/03\/CAPA.jpeg","width":640,"height":427},"datePublished":"2018-03-15T17:50:07-03:00","dateModified":"2018-03-15T17:51:38-03:00","inLanguage":"pt-BR","mainEntityOfPage":{"@id":"https:\/\/anoticiaonline.com.br\/site\/chuvas-durante-a-semana-assustam-moradores-de-muriae-e-regiao\/#webpage"},"isPartOf":{"@id":"https:\/\/anoticiaonline.com.br\/site\/chuvas-durante-a-semana-assustam-moradores-de-muriae-e-regiao\/#webpage"},"articleSection":"Blog, alagamentos, chuvas, defesa civil, Muria\u00e9, transtornos"},{"@type":"BreadcrumbList","@id":"https:\/\/anoticiaonline.com.br\/site\/chuvas-durante-a-semana-assustam-moradores-de-muriae-e-regiao\/#breadcrumblist","itemListElement":[{"@type":"ListItem","@id":"https:\/\/anoticiaonline.com.br\/site#listItem","position":1,"name":"Home","item":"https:\/\/anoticiaonline.com.br\/site","nextItem":{"@type":"ListItem","@id":"https:\/\/anoticiaonline.com.br\/site\/categoria\/muriae\/#listItem","name":"Blog"}},{"@type":"ListItem","@id":"https:\/\/anoticiaonline.com.br\/site\/categoria\/muriae\/#listItem","position":2,"name":"Blog","item":"https:\/\/anoticiaonline.com.br\/site\/categoria\/muriae\/","nextItem":{"@type":"ListItem","@id":"https:\/\/anoticiaonline.com.br\/site\/chuvas-durante-a-semana-assustam-moradores-de-muriae-e-regiao\/#listItem","name":"Chuvas durante a semana assustam moradores de Muria\u00e9 e regi\u00e3o"},"previousItem":{"@type":"ListItem","@id":"https:\/\/anoticiaonline.com.br\/site#listItem","name":"Home"}},{"@type":"ListItem","@id":"https:\/\/anoticiaonline.com.br\/site\/chuvas-durante-a-semana-assustam-moradores-de-muriae-e-regiao\/#listItem","position":3,"name":"Chuvas durante a semana assustam moradores de Muria\u00e9 e regi\u00e3o","previousItem":{"@type":"ListItem","@id":"https:\/\/anoticiaonline.com.br\/site\/categoria\/muriae\/#listItem","name":"Blog"}}]},{"@type":"Organization","@id":"https:\/\/anoticiaonline.com.br\/site\/#organization","name":"A Not\u00edcia Online","description":"Noticias de Muria\u00e9 e regi\u00e3o","url":"https:\/\/anoticiaonline.com.br\/site\/","logo":{"@type":"ImageObject","url":"https:\/\/scontent-gig4-1.xx.fbcdn.net\/v\/t39.30808-1\/270437624_4564083193639691_6907940295614233970_n.jpg?stp=dst-jpg_s200x200_tt6&_nc_cat=111&ccb=1-7&_nc_sid=f907e8&_nc_ohc=SM1wRlP3lJwQ7kNvwEPuBYA&_nc_oc=AdnqrjDN_BNjSSHWO-GbkIWH6fkGMLw4bqvL_NH6e2wMveX7G-rP2dAqsDSq1mJMOaY&_nc_zt=24&_nc_ht=scontent-gig4-1.xx&_nc_gid=AoBFJeGrT1hVaew_6rchkQ&oh=00_AfX7QmFGhQhG2jAllVgXCiM1ZrWgvtp80-Bfppyexh1QEg&oe=689E923C","@id":"https:\/\/anoticiaonline.com.br\/site\/chuvas-durante-a-semana-assustam-moradores-de-muriae-e-regiao\/#organizationLogo"},"image":{"@id":"https:\/\/anoticiaonline.com.br\/site\/chuvas-durante-a-semana-assustam-moradores-de-muriae-e-regiao\/#organizationLogo"}},{"@type":"Person","@id":"https:\/\/anoticiaonline.com.br\/site\/author\/juliana\/#author","url":"https:\/\/anoticiaonline.com.br\/site\/author\/juliana\/","name":"Juliana Laviola","image":{"@type":"ImageObject","@id":"https:\/\/anoticiaonline.com.br\/site\/chuvas-durante-a-semana-assustam-moradores-de-muriae-e-regiao\/#authorImage","url":"https:\/\/secure.gravatar.com\/avatar\/b8d45f5c699b100dfaf0e543582f38f38bf94cb7ae3a5e9abf8d891a34773335?s=96&d=mm&r=g","width":96,"height":96,"caption":"Juliana Laviola"}},{"@type":"WebPage","@id":"https:\/\/anoticiaonline.com.br\/site\/chuvas-durante-a-semana-assustam-moradores-de-muriae-e-regiao\/#webpage","url":"https:\/\/anoticiaonline.com.br\/site\/chuvas-durante-a-semana-assustam-moradores-de-muriae-e-regiao\/","name":"Chuvas durante a semana assustam moradores de Muria\u00e9 e regi\u00e3o - A Not\u00edcia Online","description":"Chuvas fortes, sobretudo as que ocorreram no \u00faltimo s\u00e1bado (10) e na ter\u00e7a-feira (13), assustaram moradores de Muria\u00e9 e regi\u00e3o, principalmente aqueles que residem pr\u00f3ximo \u00e0s margens dos rios. Apesar dos transtornos causados, o n\u00edvel das \u00e1guas baixou e, aos poucos, a rotina da popula\u00e7\u00e3o voltou ao normal. As ruas mais afetadas pelos alagamentos foram","inLanguage":"pt-BR","isPartOf":{"@id":"https:\/\/anoticiaonline.com.br\/site\/#website"},"breadcrumb":{"@id":"https:\/\/anoticiaonline.com.br\/site\/chuvas-durante-a-semana-assustam-moradores-de-muriae-e-regiao\/#breadcrumblist"},"author":{"@id":"https:\/\/anoticiaonline.com.br\/site\/author\/juliana\/#author"},"creator":{"@id":"https:\/\/anoticiaonline.com.br\/site\/author\/juliana\/#author"},"image":{"@type":"ImageObject","url":"https:\/\/anoticiaonline.com.br\/site\/wp-content\/uploads\/2018\/03\/CAPA.jpeg","@id":"https:\/\/anoticiaonline.com.br\/site\/chuvas-durante-a-semana-assustam-moradores-de-muriae-e-regiao\/#mainImage","width":640,"height":427},"primaryImageOfPage":{"@id":"https:\/\/anoticiaonline.com.br\/site\/chuvas-durante-a-semana-assustam-moradores-de-muriae-e-regiao\/#mainImage"},"datePublished":"2018-03-15T17:50:07-03:00","dateModified":"2018-03-15T17:51:38-03:00"},{"@type":"WebSite","@id":"https:\/\/anoticiaonline.com.br\/site\/#website","url":"https:\/\/anoticiaonline.com.br\/site\/","name":"A Not\u00edcia Online","description":"Noticias de Muria\u00e9 e regi\u00e3o","inLanguage":"pt-BR","publisher":{"@id":"https:\/\/anoticiaonline.com.br\/site\/#organization"}}]},"og:locale":"pt_BR","og:site_name":"A Not\u00edcia Online - Noticias de Muria\u00e9 e regi\u00e3o","og:type":"article","og:title":"Chuvas durante a semana assustam moradores de Muria\u00e9 e regi\u00e3o - A Not\u00edcia Online","og:description":"Chuvas fortes, sobretudo as que ocorreram no \u00faltimo s\u00e1bado (10) e na ter\u00e7a-feira (13), assustaram moradores de Muria\u00e9 e regi\u00e3o, principalmente aqueles que residem pr\u00f3ximo \u00e0s margens dos rios. Apesar dos transtornos causados, o n\u00edvel das \u00e1guas baixou e, aos poucos, a rotina da popula\u00e7\u00e3o voltou ao normal. As ruas mais afetadas pelos alagamentos foram","og:url":"https:\/\/anoticiaonline.com.br\/site\/chuvas-durante-a-semana-assustam-moradores-de-muriae-e-regiao\/","og:image":"https:\/\/scontent-gig4-1.xx.fbcdn.net\/v\/t39.30808-1\/270437624_4564083193639691_6907940295614233970_n.jpg?stp=dst-jpg_s200x200_tt6&#038;_nc_cat=111&#038;ccb=1-7&#038;_nc_sid=f907e8&#038;_nc_ohc=SM1wRlP3lJwQ7kNvwEPuBYA&#038;_nc_oc=AdnqrjDN_BNjSSHWO-GbkIWH6fkGMLw4bqvL_NH6e2wMveX7G-rP2dAqsDSq1mJMOaY&#038;_nc_zt=24&#038;_nc_ht=scontent-gig4-1.xx&#038;_nc_gid=AoBFJeGrT1hVaew_6rchkQ&#038;oh=00_AfX7QmFGhQhG2jAllVgXCiM1ZrWgvtp80-Bfppyexh1QEg&#038;oe=689E923C","og:image:secure_url":"https:\/\/scontent-gig4-1.xx.fbcdn.net\/v\/t39.30808-1\/270437624_4564083193639691_6907940295614233970_n.jpg?stp=dst-jpg_s200x200_tt6&#038;_nc_cat=111&#038;ccb=1-7&#038;_nc_sid=f907e8&#038;_nc_ohc=SM1wRlP3lJwQ7kNvwEPuBYA&#038;_nc_oc=AdnqrjDN_BNjSSHWO-GbkIWH6fkGMLw4bqvL_NH6e2wMveX7G-rP2dAqsDSq1mJMOaY&#038;_nc_zt=24&#038;_nc_ht=scontent-gig4-1.xx&#038;_nc_gid=AoBFJeGrT1hVaew_6rchkQ&#038;oh=00_AfX7QmFGhQhG2jAllVgXCiM1ZrWgvtp80-Bfppyexh1QEg&#038;oe=689E923C","article:published_time":"2018-03-15T20:50:07+00:00","article:modified_time":"2018-03-15T20:51:38+00:00","twitter:card":"summary_large_image","twitter:title":"Chuvas durante a semana assustam moradores de Muria\u00e9 e regi\u00e3o - A Not\u00edcia Online","twitter:description":"Chuvas fortes, sobretudo as que ocorreram no \u00faltimo s\u00e1bado (10) e na ter\u00e7a-feira (13), assustaram moradores de Muria\u00e9 e regi\u00e3o, principalmente aqueles que residem pr\u00f3ximo \u00e0s margens dos rios. Apesar dos transtornos causados, o n\u00edvel das \u00e1guas baixou e, aos poucos, a rotina da popula\u00e7\u00e3o voltou ao normal. As ruas mais afetadas pelos alagamentos foram","twitter:image":"https:\/\/scontent-gig4-1.xx.fbcdn.net\/v\/t39.30808-1\/270437624_4564083193639691_6907940295614233970_n.jpg?stp=dst-jpg_s200x200_tt6&_nc_cat=111&ccb=1-7&_nc_sid=f907e8&_nc_ohc=SM1wRlP3lJwQ7kNvwEPuBYA&_nc_oc=AdnqrjDN_BNjSSHWO-GbkIWH6fkGMLw4bqvL_NH6e2wMveX7G-rP2dAqsDSq1mJMOaY&_nc_zt=24&_nc_ht=scontent-gig4-1.xx&_nc_gid=AoBFJeGrT1hVaew_6rchkQ&oh=00_AfX7QmFGhQhG2jAllVgXCiM1ZrWgvtp80-Bfppyexh1QEg&oe=689E923C"},"aioseo_meta_data":{"post_id":"51662","title":null,"description":null,"keywords":null,"keyphrases":null,"primary_term":null,"canonical_url":null,"og_title":null,"og_description":null,"og_object_type":"default","og_image_type":"default","og_image_url":null,"og_image_width":null,"og_image_height":null,"og_image_custom_url":null,"og_image_custom_fields":null,"og_video":null,"og_custom_url":null,"og_article_section":null,"og_article_tags":null,"twitter_use_og":false,"twitter_card":"default","twitter_image_type":"default","twitter_image_url":null,"twitter_image_custom_url":null,"twitter_image_custom_fields":null,"twitter_title":null,"twitter_description":null,"schema":{"blockGraphs":[],"customGraphs":[],"default":{"data":{"Article":[],"Course":[],"Dataset":[],"FAQPage":[],"Movie":[],"Person":[],"Product":[],"ProductReview":[],"Car":[],"Recipe":[],"Service":[],"SoftwareApplication":[],"WebPage":[]},"graphName":"","isEnabled":true},"graphs":[]},"schema_type":"default","schema_type_options":null,"pillar_content":false,"robots_default":true,"robots_noindex":false,"robots_noarchive":false,"robots_nosnippet":false,"robots_nofollow":false,"robots_noimageindex":false,"robots_noodp":false,"robots_notranslate":false,"robots_max_snippet":null,"robots_max_videopreview":null,"robots_max_imagepreview":"large","priority":null,"frequency":null,"local_seo":null,"breadcrumb_settings":null,"limit_modified_date":false,"ai":null,"created":"2025-08-16 20:30:38","updated":"2025-08-16 20:30:38","focus_keyword":null,"additional_keywords":null,"truseo_locale":null,"seo_analyzer_scan_date":null},"aioseo_breadcrumb":"<div class=\"aioseo-breadcrumbs\"><span class=\"aioseo-breadcrumb\">\n\t\t\t<a href=\"https:\/\/anoticiaonline.com.br\/site\" title=\"Home\">Home<\/a>\n\t\t<\/span><span class=\"aioseo-breadcrumb-separator\">&raquo;<\/span><span class=\"aioseo-breadcrumb\">\n\t\t\t<a href=\"https:\/\/anoticiaonline.com.br\/site\/categoria\/muriae\/\" title=\"Blog\">Blog<\/a>\n\t\t<\/span><span class=\"aioseo-breadcrumb-separator\">&raquo;<\/span><span class=\"aioseo-breadcrumb\">\n\t\t\tChuvas durante a semana assustam moradores de Muria\u00e9 e regi\u00e3o\n\t\t<\/span><\/div>","aioseo_breadcrumb_json":[{"label":"Home","link":"https:\/\/anoticiaonline.com.br\/site"},{"label":"Blog","link":"https:\/\/anoticiaonline.com.br\/site\/categoria\/muriae\/"},{"label":"Chuvas durante a semana assustam moradores de Muria\u00e9 e regi\u00e3o","link":"https:\/\/anoticiaonline.com.br\/site\/chuvas-durante-a-semana-assustam-moradores-de-muriae-e-regiao\/"}],"views":116,"_links":{"self":[{"href":"https:\/\/anoticiaonline.com.br\/site\/wp-json\/wp\/v2\/posts\/51662","targetHints":{"allow":["GET"]}}],"collection":[{"href":"https:\/\/anoticiaonline.com.br\/site\/wp-json\/wp\/v2\/posts"}],"about":[{"href":"https:\/\/anoticiaonline.com.br\/site\/wp-json\/wp\/v2\/types\/post"}],"author":[{"embeddable":true,"href":"https:\/\/anoticiaonline.com.br\/site\/wp-json\/wp\/v2\/users\/2"}],"replies":[{"embeddable":true,"href":"https:\/\/anoticiaonline.com.br\/site\/wp-json\/wp\/v2\/comments?post=51662"}],"version-history":[{"count":0,"href":"https:\/\/anoticiaonline.com.br\/site\/wp-json\/wp\/v2\/posts\/51662\/revisions"}],"wp:featuredmedia":[{"embeddable":true,"href":"https:\/\/anoticiaonline.com.br\/site\/wp-json\/wp\/v2\/media\/51663"}],"wp:attachment":[{"href":"https:\/\/anoticiaonline.com.br\/site\/wp-json\/wp\/v2\/media?parent=51662"}],"wp:term":[{"taxonomy":"category","embeddable":true,"href":"https:\/\/anoticiaonline.com.br\/site\/wp-json\/wp\/v2\/categories?post=51662"},{"taxonomy":"post_tag","embeddable":true,"href":"https:\/\/anoticiaonline.com.br\/site\/wp-json\/wp\/v2\/tags?post=51662"}],"curies":[{"name":"wp","href":"https:\/\/api.w.org\/{rel}","templated":true}]}}