{"id":51639,"date":"2018-03-13T16:36:38","date_gmt":"2018-03-13T19:36:38","guid":{"rendered":"http:\/\/anoticiaonline.com.br\/site\/?p=51639"},"modified":"2018-03-13T16:36:38","modified_gmt":"2018-03-13T19:36:38","slug":"pm-de-divino-apreende-duas-armas-de-fogo-no-corrego-sao-pedro-de-cima","status":"publish","type":"post","link":"https:\/\/anoticiaonline.com.br\/site\/pm-de-divino-apreende-duas-armas-de-fogo-no-corrego-sao-pedro-de-cima\/","title":{"rendered":"PM de Divino apreende duas armas de fogo no C\u00f3rrego S\u00e3o Pedro de Cima"},"content":{"rendered":"<p>A Pol\u00edcia Militar de Divino realizou uma opera\u00e7\u00e3o, na tarde de segunda-feira (12), com o objetivo de dificultar a pr\u00e1tica de roubos e demais crimes violentos na Zona Rural do munic\u00edpio, mais precisamente nos C\u00f3rregos Fortaleza, S\u00e3o Pedro de Baixo e S\u00e3o Pedro de Cima.<\/p>\n<p>Policiais fizeram diversas abordagens nas comunidades, incluindo uma casa, onde foi preso uma pessoa, S. A. de S., de 48 anos. Com ele, foram encontrados um rev\u00f3lver calibre .38, 12 muni\u00e7\u00f5es calibre .38, um rev\u00f3lver calibre .22 e seis muni\u00e7\u00f5es calibre .22.<\/p>\n<p>Preso e materiais apreendidos foram encaminhados \u00e0 Delegacia de Pol\u00edcia Civil da cidade.<\/p>\n<p><a href=\"https:\/\/anoticiaonline.com.br\/site\/wp-content\/uploads\/2018\/03\/PM-de-Divino-apreende-duas-armas-de-fogo-no-C\u00f3rrego-S\u00e3o-Pedro-de-Cima.jpg\"><img fetchpriority=\"high\" decoding=\"async\" class=\"alignnone size-full wp-image-51640\" src=\"https:\/\/anoticiaonline.com.br\/site\/wp-content\/uploads\/2018\/03\/PM-de-Divino-apreende-duas-armas-de-fogo-no-C\u00f3rrego-S\u00e3o-Pedro-de-Cima.jpg\" alt=\"\" width=\"640\" height=\"427\" srcset=\"https:\/\/anoticiaonline.com.br\/site\/wp-content\/uploads\/2018\/03\/PM-de-Divino-apreende-duas-armas-de-fogo-no-C\u00f3rrego-S\u00e3o-Pedro-de-Cima.jpg 640w, https:\/\/anoticiaonline.com.br\/site\/wp-content\/uploads\/2018\/03\/PM-de-Divino-apreende-duas-armas-de-fogo-no-C\u00f3rrego-S\u00e3o-Pedro-de-Cima-300x200.jpg 300w\" sizes=\"(max-width: 640px) 100vw, 640px\" \/><\/a><\/p>\n<p>Cr\u00e9ditos: ASCOM PMMG<\/p>\n","protected":false},"excerpt":{"rendered":"<p>A Pol\u00edcia Militar de Divino realizou uma opera\u00e7\u00e3o, na tarde de segunda-feira (12), com o objetivo de dificultar a pr\u00e1tica de roubos e demais crimes violentos na Zona Rural do munic\u00edpio, mais precisamente nos C\u00f3rregos Fortaleza, S\u00e3o Pedro de Baixo e S\u00e3o Pedro de Cima. Policiais fizeram diversas abordagens nas comunidades, incluindo uma casa, onde &#8230; <a title=\"PM de Divino apreende duas armas de fogo no C\u00f3rrego S\u00e3o Pedro de Cima\" class=\"read-more\" href=\"https:\/\/anoticiaonline.com.br\/site\/pm-de-divino-apreende-duas-armas-de-fogo-no-corrego-sao-pedro-de-cima\/\" aria-label=\"Read more about PM de Divino apreende duas armas de fogo no C\u00f3rrego S\u00e3o Pedro de Cima\">Ler mais<\/a><\/p>\n","protected":false},"author":2,"featured_media":51640,"comment_status":"open","ping_status":"open","sticky":false,"template":"","format":"standard","meta":{"_acf_changed":false,"_monsterinsights_skip_tracking":false,"footnotes":""},"categories":[30],"tags":[],"class_list":["post-51639","post","type-post","status-publish","format-standard","has-post-thumbnail","hentry","category-muriae"],"acf":[],"aioseo_notices":[],"aioseo_head":"\n\t\t<!-- All in One SEO 5.0.0.1 - aioseo.com -->\n\t<meta name=\"description\" content=\"A Pol\u00edcia Militar de Divino realizou uma opera\u00e7\u00e3o, na tarde de segunda-feira (12), com o objetivo de dificultar a pr\u00e1tica de roubos e demais crimes violentos na Zona Rural do munic\u00edpio, mais precisamente nos C\u00f3rregos Fortaleza, S\u00e3o Pedro de Baixo e S\u00e3o Pedro de Cima. Policiais fizeram diversas abordagens nas comunidades, incluindo uma casa, onde\" \/>\n\t<meta name=\"robots\" content=\"max-image-preview:large\" \/>\n\t<meta name=\"author\" content=\"Juliana Laviola\"\/>\n\t<link rel=\"canonical\" href=\"https:\/\/anoticiaonline.com.br\/site\/pm-de-divino-apreende-duas-armas-de-fogo-no-corrego-sao-pedro-de-cima\/\" \/>\n\t<meta name=\"generator\" content=\"All in One SEO (AIOSEO) 5.0.0.1\" \/>\n\t\t<meta property=\"og:locale\" content=\"pt_BR\" \/>\n\t\t<meta property=\"og:site_name\" content=\"A Not\u00edcia Online - Noticias de Muria\u00e9 e regi\u00e3o\" \/>\n\t\t<meta property=\"og:type\" content=\"article\" \/>\n\t\t<meta property=\"og:title\" content=\"PM de Divino apreende duas armas de fogo no C\u00f3rrego S\u00e3o Pedro de Cima - A Not\u00edcia Online\" \/>\n\t\t<meta property=\"og:description\" content=\"A Pol\u00edcia Militar de Divino realizou uma opera\u00e7\u00e3o, na tarde de segunda-feira (12), com o objetivo de dificultar a pr\u00e1tica de roubos e demais crimes violentos na Zona Rural do munic\u00edpio, mais precisamente nos C\u00f3rregos Fortaleza, S\u00e3o Pedro de Baixo e S\u00e3o Pedro de Cima. Policiais fizeram diversas abordagens nas comunidades, incluindo uma casa, onde\" \/>\n\t\t<meta property=\"og:url\" content=\"https:\/\/anoticiaonline.com.br\/site\/pm-de-divino-apreende-duas-armas-de-fogo-no-corrego-sao-pedro-de-cima\/\" \/>\n\t\t<meta property=\"og:image\" content=\"https:\/\/scontent-gig4-1.xx.fbcdn.net\/v\/t39.30808-1\/270437624_4564083193639691_6907940295614233970_n.jpg?stp=dst-jpg_s200x200_tt6&#038;_nc_cat=111&#038;ccb=1-7&#038;_nc_sid=f907e8&#038;_nc_ohc=SM1wRlP3lJwQ7kNvwEPuBYA&#038;_nc_oc=AdnqrjDN_BNjSSHWO-GbkIWH6fkGMLw4bqvL_NH6e2wMveX7G-rP2dAqsDSq1mJMOaY&#038;_nc_zt=24&#038;_nc_ht=scontent-gig4-1.xx&#038;_nc_gid=AoBFJeGrT1hVaew_6rchkQ&#038;oh=00_AfX7QmFGhQhG2jAllVgXCiM1ZrWgvtp80-Bfppyexh1QEg&#038;oe=689E923C\" \/>\n\t\t<meta property=\"og:image:secure_url\" content=\"https:\/\/scontent-gig4-1.xx.fbcdn.net\/v\/t39.30808-1\/270437624_4564083193639691_6907940295614233970_n.jpg?stp=dst-jpg_s200x200_tt6&#038;_nc_cat=111&#038;ccb=1-7&#038;_nc_sid=f907e8&#038;_nc_ohc=SM1wRlP3lJwQ7kNvwEPuBYA&#038;_nc_oc=AdnqrjDN_BNjSSHWO-GbkIWH6fkGMLw4bqvL_NH6e2wMveX7G-rP2dAqsDSq1mJMOaY&#038;_nc_zt=24&#038;_nc_ht=scontent-gig4-1.xx&#038;_nc_gid=AoBFJeGrT1hVaew_6rchkQ&#038;oh=00_AfX7QmFGhQhG2jAllVgXCiM1ZrWgvtp80-Bfppyexh1QEg&#038;oe=689E923C\" \/>\n\t\t<meta property=\"article:published_time\" content=\"2018-03-13T19:36:38+00:00\" \/>\n\t\t<meta property=\"article:modified_time\" content=\"2018-03-13T19:36:38+00:00\" \/>\n\t\t<meta name=\"twitter:card\" content=\"summary_large_image\" \/>\n\t\t<meta name=\"twitter:title\" content=\"PM de Divino apreende duas armas de fogo no C\u00f3rrego S\u00e3o Pedro de Cima - A Not\u00edcia Online\" \/>\n\t\t<meta name=\"twitter:description\" content=\"A Pol\u00edcia Militar de Divino realizou uma opera\u00e7\u00e3o, na tarde de segunda-feira (12), com o objetivo de dificultar a pr\u00e1tica de roubos e demais crimes violentos na Zona Rural do munic\u00edpio, mais precisamente nos C\u00f3rregos Fortaleza, S\u00e3o Pedro de Baixo e S\u00e3o Pedro de Cima. Policiais fizeram diversas abordagens nas comunidades, incluindo uma casa, onde\" \/>\n\t\t<meta name=\"twitter:image\" content=\"https:\/\/scontent-gig4-1.xx.fbcdn.net\/v\/t39.30808-1\/270437624_4564083193639691_6907940295614233970_n.jpg?stp=dst-jpg_s200x200_tt6&amp;_nc_cat=111&amp;ccb=1-7&amp;_nc_sid=f907e8&amp;_nc_ohc=SM1wRlP3lJwQ7kNvwEPuBYA&amp;_nc_oc=AdnqrjDN_BNjSSHWO-GbkIWH6fkGMLw4bqvL_NH6e2wMveX7G-rP2dAqsDSq1mJMOaY&amp;_nc_zt=24&amp;_nc_ht=scontent-gig4-1.xx&amp;_nc_gid=AoBFJeGrT1hVaew_6rchkQ&amp;oh=00_AfX7QmFGhQhG2jAllVgXCiM1ZrWgvtp80-Bfppyexh1QEg&amp;oe=689E923C\" \/>\n\t\t<script type=\"application\/ld+json\" class=\"aioseo-schema\">\n\t\t\t{\"@context\":\"https:\\\/\\\/schema.org\",\"@graph\":[{\"@type\":\"BlogPosting\",\"@id\":\"https:\\\/\\\/anoticiaonline.com.br\\\/site\\\/pm-de-divino-apreende-duas-armas-de-fogo-no-corrego-sao-pedro-de-cima\\\/#blogposting\",\"name\":\"PM de Divino apreende duas armas de fogo no C\\u00f3rrego S\\u00e3o Pedro de Cima - A Not\\u00edcia Online\",\"headline\":\"PM de Divino apreende duas armas de fogo no C\\u00f3rrego S\\u00e3o Pedro de Cima\",\"author\":{\"@id\":\"https:\\\/\\\/anoticiaonline.com.br\\\/site\\\/author\\\/juliana\\\/#author\"},\"publisher\":{\"@id\":\"https:\\\/\\\/anoticiaonline.com.br\\\/site\\\/#organization\"},\"image\":{\"@type\":\"ImageObject\",\"url\":\"https:\\\/\\\/anoticiaonline.com.br\\\/site\\\/wp-content\\\/uploads\\\/2018\\\/03\\\/PM-de-Divino-apreende-duas-armas-de-fogo-no-C\\u00f3rrego-S\\u00e3o-Pedro-de-Cima.jpg\",\"width\":640,\"height\":427},\"datePublished\":\"2018-03-13T16:36:38-03:00\",\"dateModified\":\"2018-03-13T16:36:38-03:00\",\"inLanguage\":\"pt-BR\",\"mainEntityOfPage\":{\"@id\":\"https:\\\/\\\/anoticiaonline.com.br\\\/site\\\/pm-de-divino-apreende-duas-armas-de-fogo-no-corrego-sao-pedro-de-cima\\\/#webpage\"},\"isPartOf\":{\"@id\":\"https:\\\/\\\/anoticiaonline.com.br\\\/site\\\/pm-de-divino-apreende-duas-armas-de-fogo-no-corrego-sao-pedro-de-cima\\\/#webpage\"},\"articleSection\":\"Blog\"},{\"@type\":\"BreadcrumbList\",\"@id\":\"https:\\\/\\\/anoticiaonline.com.br\\\/site\\\/pm-de-divino-apreende-duas-armas-de-fogo-no-corrego-sao-pedro-de-cima\\\/#breadcrumblist\",\"itemListElement\":[{\"@type\":\"ListItem\",\"@id\":\"https:\\\/\\\/anoticiaonline.com.br\\\/site#listItem\",\"position\":1,\"name\":\"Home\",\"item\":\"https:\\\/\\\/anoticiaonline.com.br\\\/site\",\"nextItem\":{\"@type\":\"ListItem\",\"@id\":\"https:\\\/\\\/anoticiaonline.com.br\\\/site\\\/categoria\\\/muriae\\\/#listItem\",\"name\":\"Blog\"}},{\"@type\":\"ListItem\",\"@id\":\"https:\\\/\\\/anoticiaonline.com.br\\\/site\\\/categoria\\\/muriae\\\/#listItem\",\"position\":2,\"name\":\"Blog\",\"item\":\"https:\\\/\\\/anoticiaonline.com.br\\\/site\\\/categoria\\\/muriae\\\/\",\"nextItem\":{\"@type\":\"ListItem\",\"@id\":\"https:\\\/\\\/anoticiaonline.com.br\\\/site\\\/pm-de-divino-apreende-duas-armas-de-fogo-no-corrego-sao-pedro-de-cima\\\/#listItem\",\"name\":\"PM de Divino apreende duas armas de fogo no C\\u00f3rrego S\\u00e3o Pedro de Cima\"},\"previousItem\":{\"@type\":\"ListItem\",\"@id\":\"https:\\\/\\\/anoticiaonline.com.br\\\/site#listItem\",\"name\":\"Home\"}},{\"@type\":\"ListItem\",\"@id\":\"https:\\\/\\\/anoticiaonline.com.br\\\/site\\\/pm-de-divino-apreende-duas-armas-de-fogo-no-corrego-sao-pedro-de-cima\\\/#listItem\",\"position\":3,\"name\":\"PM de Divino apreende duas armas de fogo no C\\u00f3rrego S\\u00e3o Pedro de Cima\",\"previousItem\":{\"@type\":\"ListItem\",\"@id\":\"https:\\\/\\\/anoticiaonline.com.br\\\/site\\\/categoria\\\/muriae\\\/#listItem\",\"name\":\"Blog\"}}]},{\"@type\":\"Organization\",\"@id\":\"https:\\\/\\\/anoticiaonline.com.br\\\/site\\\/#organization\",\"name\":\"A Not\\u00edcia Online\",\"description\":\"Noticias de Muria\\u00e9 e regi\\u00e3o\",\"url\":\"https:\\\/\\\/anoticiaonline.com.br\\\/site\\\/\",\"logo\":{\"@type\":\"ImageObject\",\"url\":\"https:\\\/\\\/scontent-gig4-1.xx.fbcdn.net\\\/v\\\/t39.30808-1\\\/270437624_4564083193639691_6907940295614233970_n.jpg?stp=dst-jpg_s200x200_tt6&_nc_cat=111&ccb=1-7&_nc_sid=f907e8&_nc_ohc=SM1wRlP3lJwQ7kNvwEPuBYA&_nc_oc=AdnqrjDN_BNjSSHWO-GbkIWH6fkGMLw4bqvL_NH6e2wMveX7G-rP2dAqsDSq1mJMOaY&_nc_zt=24&_nc_ht=scontent-gig4-1.xx&_nc_gid=AoBFJeGrT1hVaew_6rchkQ&oh=00_AfX7QmFGhQhG2jAllVgXCiM1ZrWgvtp80-Bfppyexh1QEg&oe=689E923C\",\"@id\":\"https:\\\/\\\/anoticiaonline.com.br\\\/site\\\/pm-de-divino-apreende-duas-armas-de-fogo-no-corrego-sao-pedro-de-cima\\\/#organizationLogo\"},\"image\":{\"@id\":\"https:\\\/\\\/anoticiaonline.com.br\\\/site\\\/pm-de-divino-apreende-duas-armas-de-fogo-no-corrego-sao-pedro-de-cima\\\/#organizationLogo\"}},{\"@type\":\"Person\",\"@id\":\"https:\\\/\\\/anoticiaonline.com.br\\\/site\\\/author\\\/juliana\\\/#author\",\"url\":\"https:\\\/\\\/anoticiaonline.com.br\\\/site\\\/author\\\/juliana\\\/\",\"name\":\"Juliana Laviola\",\"image\":{\"@type\":\"ImageObject\",\"@id\":\"https:\\\/\\\/anoticiaonline.com.br\\\/site\\\/pm-de-divino-apreende-duas-armas-de-fogo-no-corrego-sao-pedro-de-cima\\\/#authorImage\",\"url\":\"https:\\\/\\\/secure.gravatar.com\\\/avatar\\\/b8d45f5c699b100dfaf0e543582f38f38bf94cb7ae3a5e9abf8d891a34773335?s=96&d=mm&r=g\",\"width\":96,\"height\":96,\"caption\":\"Juliana Laviola\"}},{\"@type\":\"WebPage\",\"@id\":\"https:\\\/\\\/anoticiaonline.com.br\\\/site\\\/pm-de-divino-apreende-duas-armas-de-fogo-no-corrego-sao-pedro-de-cima\\\/#webpage\",\"url\":\"https:\\\/\\\/anoticiaonline.com.br\\\/site\\\/pm-de-divino-apreende-duas-armas-de-fogo-no-corrego-sao-pedro-de-cima\\\/\",\"name\":\"PM de Divino apreende duas armas de fogo no C\\u00f3rrego S\\u00e3o Pedro de Cima - A Not\\u00edcia Online\",\"description\":\"A Pol\\u00edcia Militar de Divino realizou uma opera\\u00e7\\u00e3o, na tarde de segunda-feira (12), com o objetivo de dificultar a pr\\u00e1tica de roubos e demais crimes violentos na Zona Rural do munic\\u00edpio, mais precisamente nos C\\u00f3rregos Fortaleza, S\\u00e3o Pedro de Baixo e S\\u00e3o Pedro de Cima. Policiais fizeram diversas abordagens nas comunidades, incluindo uma casa, onde\",\"inLanguage\":\"pt-BR\",\"isPartOf\":{\"@id\":\"https:\\\/\\\/anoticiaonline.com.br\\\/site\\\/#website\"},\"breadcrumb\":{\"@id\":\"https:\\\/\\\/anoticiaonline.com.br\\\/site\\\/pm-de-divino-apreende-duas-armas-de-fogo-no-corrego-sao-pedro-de-cima\\\/#breadcrumblist\"},\"author\":{\"@id\":\"https:\\\/\\\/anoticiaonline.com.br\\\/site\\\/author\\\/juliana\\\/#author\"},\"creator\":{\"@id\":\"https:\\\/\\\/anoticiaonline.com.br\\\/site\\\/author\\\/juliana\\\/#author\"},\"image\":{\"@type\":\"ImageObject\",\"url\":\"https:\\\/\\\/anoticiaonline.com.br\\\/site\\\/wp-content\\\/uploads\\\/2018\\\/03\\\/PM-de-Divino-apreende-duas-armas-de-fogo-no-C\\u00f3rrego-S\\u00e3o-Pedro-de-Cima.jpg\",\"@id\":\"https:\\\/\\\/anoticiaonline.com.br\\\/site\\\/pm-de-divino-apreende-duas-armas-de-fogo-no-corrego-sao-pedro-de-cima\\\/#mainImage\",\"width\":640,\"height\":427},\"primaryImageOfPage\":{\"@id\":\"https:\\\/\\\/anoticiaonline.com.br\\\/site\\\/pm-de-divino-apreende-duas-armas-de-fogo-no-corrego-sao-pedro-de-cima\\\/#mainImage\"},\"datePublished\":\"2018-03-13T16:36:38-03:00\",\"dateModified\":\"2018-03-13T16:36:38-03:00\"},{\"@type\":\"WebSite\",\"@id\":\"https:\\\/\\\/anoticiaonline.com.br\\\/site\\\/#website\",\"url\":\"https:\\\/\\\/anoticiaonline.com.br\\\/site\\\/\",\"name\":\"A Not\\u00edcia Online\",\"description\":\"Noticias de Muria\\u00e9 e regi\\u00e3o\",\"inLanguage\":\"pt-BR\",\"publisher\":{\"@id\":\"https:\\\/\\\/anoticiaonline.com.br\\\/site\\\/#organization\"}}]}\n\t\t<\/script>\n\t\t<!-- All in One SEO -->\n\n","aioseo_head_json":{"title":"PM de Divino apreende duas armas de fogo no C\u00f3rrego S\u00e3o Pedro de Cima - A Not\u00edcia Online","description":"A Pol\u00edcia Militar de Divino realizou uma opera\u00e7\u00e3o, na tarde de segunda-feira (12), com o objetivo de dificultar a pr\u00e1tica de roubos e demais crimes violentos na Zona Rural do munic\u00edpio, mais precisamente nos C\u00f3rregos Fortaleza, S\u00e3o Pedro de Baixo e S\u00e3o Pedro de Cima. Policiais fizeram diversas abordagens nas comunidades, incluindo uma casa, onde","canonical_url":"https:\/\/anoticiaonline.com.br\/site\/pm-de-divino-apreende-duas-armas-de-fogo-no-corrego-sao-pedro-de-cima\/","robots":"max-image-preview:large","keywords":"","webmasterTools":{"miscellaneous":""},"schema":{"@context":"https:\/\/schema.org","@graph":[{"@type":"BlogPosting","@id":"https:\/\/anoticiaonline.com.br\/site\/pm-de-divino-apreende-duas-armas-de-fogo-no-corrego-sao-pedro-de-cima\/#blogposting","name":"PM de Divino apreende duas armas de fogo no C\u00f3rrego S\u00e3o Pedro de Cima - A Not\u00edcia Online","headline":"PM de Divino apreende duas armas de fogo no C\u00f3rrego S\u00e3o Pedro de Cima","author":{"@id":"https:\/\/anoticiaonline.com.br\/site\/author\/juliana\/#author"},"publisher":{"@id":"https:\/\/anoticiaonline.com.br\/site\/#organization"},"image":{"@type":"ImageObject","url":"https:\/\/anoticiaonline.com.br\/site\/wp-content\/uploads\/2018\/03\/PM-de-Divino-apreende-duas-armas-de-fogo-no-C\u00f3rrego-S\u00e3o-Pedro-de-Cima.jpg","width":640,"height":427},"datePublished":"2018-03-13T16:36:38-03:00","dateModified":"2018-03-13T16:36:38-03:00","inLanguage":"pt-BR","mainEntityOfPage":{"@id":"https:\/\/anoticiaonline.com.br\/site\/pm-de-divino-apreende-duas-armas-de-fogo-no-corrego-sao-pedro-de-cima\/#webpage"},"isPartOf":{"@id":"https:\/\/anoticiaonline.com.br\/site\/pm-de-divino-apreende-duas-armas-de-fogo-no-corrego-sao-pedro-de-cima\/#webpage"},"articleSection":"Blog"},{"@type":"BreadcrumbList","@id":"https:\/\/anoticiaonline.com.br\/site\/pm-de-divino-apreende-duas-armas-de-fogo-no-corrego-sao-pedro-de-cima\/#breadcrumblist","itemListElement":[{"@type":"ListItem","@id":"https:\/\/anoticiaonline.com.br\/site#listItem","position":1,"name":"Home","item":"https:\/\/anoticiaonline.com.br\/site","nextItem":{"@type":"ListItem","@id":"https:\/\/anoticiaonline.com.br\/site\/categoria\/muriae\/#listItem","name":"Blog"}},{"@type":"ListItem","@id":"https:\/\/anoticiaonline.com.br\/site\/categoria\/muriae\/#listItem","position":2,"name":"Blog","item":"https:\/\/anoticiaonline.com.br\/site\/categoria\/muriae\/","nextItem":{"@type":"ListItem","@id":"https:\/\/anoticiaonline.com.br\/site\/pm-de-divino-apreende-duas-armas-de-fogo-no-corrego-sao-pedro-de-cima\/#listItem","name":"PM de Divino apreende duas armas de fogo no C\u00f3rrego S\u00e3o Pedro de Cima"},"previousItem":{"@type":"ListItem","@id":"https:\/\/anoticiaonline.com.br\/site#listItem","name":"Home"}},{"@type":"ListItem","@id":"https:\/\/anoticiaonline.com.br\/site\/pm-de-divino-apreende-duas-armas-de-fogo-no-corrego-sao-pedro-de-cima\/#listItem","position":3,"name":"PM de Divino apreende duas armas de fogo no C\u00f3rrego S\u00e3o Pedro de Cima","previousItem":{"@type":"ListItem","@id":"https:\/\/anoticiaonline.com.br\/site\/categoria\/muriae\/#listItem","name":"Blog"}}]},{"@type":"Organization","@id":"https:\/\/anoticiaonline.com.br\/site\/#organization","name":"A Not\u00edcia Online","description":"Noticias de Muria\u00e9 e regi\u00e3o","url":"https:\/\/anoticiaonline.com.br\/site\/","logo":{"@type":"ImageObject","url":"https:\/\/scontent-gig4-1.xx.fbcdn.net\/v\/t39.30808-1\/270437624_4564083193639691_6907940295614233970_n.jpg?stp=dst-jpg_s200x200_tt6&_nc_cat=111&ccb=1-7&_nc_sid=f907e8&_nc_ohc=SM1wRlP3lJwQ7kNvwEPuBYA&_nc_oc=AdnqrjDN_BNjSSHWO-GbkIWH6fkGMLw4bqvL_NH6e2wMveX7G-rP2dAqsDSq1mJMOaY&_nc_zt=24&_nc_ht=scontent-gig4-1.xx&_nc_gid=AoBFJeGrT1hVaew_6rchkQ&oh=00_AfX7QmFGhQhG2jAllVgXCiM1ZrWgvtp80-Bfppyexh1QEg&oe=689E923C","@id":"https:\/\/anoticiaonline.com.br\/site\/pm-de-divino-apreende-duas-armas-de-fogo-no-corrego-sao-pedro-de-cima\/#organizationLogo"},"image":{"@id":"https:\/\/anoticiaonline.com.br\/site\/pm-de-divino-apreende-duas-armas-de-fogo-no-corrego-sao-pedro-de-cima\/#organizationLogo"}},{"@type":"Person","@id":"https:\/\/anoticiaonline.com.br\/site\/author\/juliana\/#author","url":"https:\/\/anoticiaonline.com.br\/site\/author\/juliana\/","name":"Juliana Laviola","image":{"@type":"ImageObject","@id":"https:\/\/anoticiaonline.com.br\/site\/pm-de-divino-apreende-duas-armas-de-fogo-no-corrego-sao-pedro-de-cima\/#authorImage","url":"https:\/\/secure.gravatar.com\/avatar\/b8d45f5c699b100dfaf0e543582f38f38bf94cb7ae3a5e9abf8d891a34773335?s=96&d=mm&r=g","width":96,"height":96,"caption":"Juliana Laviola"}},{"@type":"WebPage","@id":"https:\/\/anoticiaonline.com.br\/site\/pm-de-divino-apreende-duas-armas-de-fogo-no-corrego-sao-pedro-de-cima\/#webpage","url":"https:\/\/anoticiaonline.com.br\/site\/pm-de-divino-apreende-duas-armas-de-fogo-no-corrego-sao-pedro-de-cima\/","name":"PM de Divino apreende duas armas de fogo no C\u00f3rrego S\u00e3o Pedro de Cima - A Not\u00edcia Online","description":"A Pol\u00edcia Militar de Divino realizou uma opera\u00e7\u00e3o, na tarde de segunda-feira (12), com o objetivo de dificultar a pr\u00e1tica de roubos e demais crimes violentos na Zona Rural do munic\u00edpio, mais precisamente nos C\u00f3rregos Fortaleza, S\u00e3o Pedro de Baixo e S\u00e3o Pedro de Cima. Policiais fizeram diversas abordagens nas comunidades, incluindo uma casa, onde","inLanguage":"pt-BR","isPartOf":{"@id":"https:\/\/anoticiaonline.com.br\/site\/#website"},"breadcrumb":{"@id":"https:\/\/anoticiaonline.com.br\/site\/pm-de-divino-apreende-duas-armas-de-fogo-no-corrego-sao-pedro-de-cima\/#breadcrumblist"},"author":{"@id":"https:\/\/anoticiaonline.com.br\/site\/author\/juliana\/#author"},"creator":{"@id":"https:\/\/anoticiaonline.com.br\/site\/author\/juliana\/#author"},"image":{"@type":"ImageObject","url":"https:\/\/anoticiaonline.com.br\/site\/wp-content\/uploads\/2018\/03\/PM-de-Divino-apreende-duas-armas-de-fogo-no-C\u00f3rrego-S\u00e3o-Pedro-de-Cima.jpg","@id":"https:\/\/anoticiaonline.com.br\/site\/pm-de-divino-apreende-duas-armas-de-fogo-no-corrego-sao-pedro-de-cima\/#mainImage","width":640,"height":427},"primaryImageOfPage":{"@id":"https:\/\/anoticiaonline.com.br\/site\/pm-de-divino-apreende-duas-armas-de-fogo-no-corrego-sao-pedro-de-cima\/#mainImage"},"datePublished":"2018-03-13T16:36:38-03:00","dateModified":"2018-03-13T16:36:38-03:00"},{"@type":"WebSite","@id":"https:\/\/anoticiaonline.com.br\/site\/#website","url":"https:\/\/anoticiaonline.com.br\/site\/","name":"A Not\u00edcia Online","description":"Noticias de Muria\u00e9 e regi\u00e3o","inLanguage":"pt-BR","publisher":{"@id":"https:\/\/anoticiaonline.com.br\/site\/#organization"}}]},"og:locale":"pt_BR","og:site_name":"A Not\u00edcia Online - Noticias de Muria\u00e9 e regi\u00e3o","og:type":"article","og:title":"PM de Divino apreende duas armas de fogo no C\u00f3rrego S\u00e3o Pedro de Cima - A Not\u00edcia Online","og:description":"A Pol\u00edcia Militar de Divino realizou uma opera\u00e7\u00e3o, na tarde de segunda-feira (12), com o objetivo de dificultar a pr\u00e1tica de roubos e demais crimes violentos na Zona Rural do munic\u00edpio, mais precisamente nos C\u00f3rregos Fortaleza, S\u00e3o Pedro de Baixo e S\u00e3o Pedro de Cima. Policiais fizeram diversas abordagens nas comunidades, incluindo uma casa, onde","og:url":"https:\/\/anoticiaonline.com.br\/site\/pm-de-divino-apreende-duas-armas-de-fogo-no-corrego-sao-pedro-de-cima\/","og:image":"https:\/\/scontent-gig4-1.xx.fbcdn.net\/v\/t39.30808-1\/270437624_4564083193639691_6907940295614233970_n.jpg?stp=dst-jpg_s200x200_tt6&#038;_nc_cat=111&#038;ccb=1-7&#038;_nc_sid=f907e8&#038;_nc_ohc=SM1wRlP3lJwQ7kNvwEPuBYA&#038;_nc_oc=AdnqrjDN_BNjSSHWO-GbkIWH6fkGMLw4bqvL_NH6e2wMveX7G-rP2dAqsDSq1mJMOaY&#038;_nc_zt=24&#038;_nc_ht=scontent-gig4-1.xx&#038;_nc_gid=AoBFJeGrT1hVaew_6rchkQ&#038;oh=00_AfX7QmFGhQhG2jAllVgXCiM1ZrWgvtp80-Bfppyexh1QEg&#038;oe=689E923C","og:image:secure_url":"https:\/\/scontent-gig4-1.xx.fbcdn.net\/v\/t39.30808-1\/270437624_4564083193639691_6907940295614233970_n.jpg?stp=dst-jpg_s200x200_tt6&#038;_nc_cat=111&#038;ccb=1-7&#038;_nc_sid=f907e8&#038;_nc_ohc=SM1wRlP3lJwQ7kNvwEPuBYA&#038;_nc_oc=AdnqrjDN_BNjSSHWO-GbkIWH6fkGMLw4bqvL_NH6e2wMveX7G-rP2dAqsDSq1mJMOaY&#038;_nc_zt=24&#038;_nc_ht=scontent-gig4-1.xx&#038;_nc_gid=AoBFJeGrT1hVaew_6rchkQ&#038;oh=00_AfX7QmFGhQhG2jAllVgXCiM1ZrWgvtp80-Bfppyexh1QEg&#038;oe=689E923C","article:published_time":"2018-03-13T19:36:38+00:00","article:modified_time":"2018-03-13T19:36:38+00:00","twitter:card":"summary_large_image","twitter:title":"PM de Divino apreende duas armas de fogo no C\u00f3rrego S\u00e3o Pedro de Cima - A Not\u00edcia Online","twitter:description":"A Pol\u00edcia Militar de Divino realizou uma opera\u00e7\u00e3o, na tarde de segunda-feira (12), com o objetivo de dificultar a pr\u00e1tica de roubos e demais crimes violentos na Zona Rural do munic\u00edpio, mais precisamente nos C\u00f3rregos Fortaleza, S\u00e3o Pedro de Baixo e S\u00e3o Pedro de Cima. Policiais fizeram diversas abordagens nas comunidades, incluindo uma casa, onde","twitter:image":"https:\/\/scontent-gig4-1.xx.fbcdn.net\/v\/t39.30808-1\/270437624_4564083193639691_6907940295614233970_n.jpg?stp=dst-jpg_s200x200_tt6&_nc_cat=111&ccb=1-7&_nc_sid=f907e8&_nc_ohc=SM1wRlP3lJwQ7kNvwEPuBYA&_nc_oc=AdnqrjDN_BNjSSHWO-GbkIWH6fkGMLw4bqvL_NH6e2wMveX7G-rP2dAqsDSq1mJMOaY&_nc_zt=24&_nc_ht=scontent-gig4-1.xx&_nc_gid=AoBFJeGrT1hVaew_6rchkQ&oh=00_AfX7QmFGhQhG2jAllVgXCiM1ZrWgvtp80-Bfppyexh1QEg&oe=689E923C"},"aioseo_meta_data":{"post_id":"51639","title":null,"description":null,"keywords":null,"keyphrases":null,"primary_term":null,"canonical_url":null,"og_title":null,"og_description":null,"og_object_type":"default","og_image_type":"default","og_image_url":null,"og_image_width":null,"og_image_height":null,"og_image_custom_url":null,"og_image_custom_fields":null,"og_video":null,"og_custom_url":null,"og_article_section":null,"og_article_tags":null,"twitter_use_og":false,"twitter_card":"default","twitter_image_type":"default","twitter_image_url":null,"twitter_image_custom_url":null,"twitter_image_custom_fields":null,"twitter_title":null,"twitter_description":null,"schema":{"blockGraphs":[],"customGraphs":[],"default":{"data":{"Article":[],"Course":[],"Dataset":[],"FAQPage":[],"Movie":[],"Person":[],"Product":[],"ProductReview":[],"Car":[],"Recipe":[],"Service":[],"SoftwareApplication":[],"WebPage":[]},"graphName":"","isEnabled":true},"graphs":[]},"schema_type":"default","schema_type_options":null,"pillar_content":false,"robots_default":true,"robots_noindex":false,"robots_noarchive":false,"robots_nosnippet":false,"robots_nofollow":false,"robots_noimageindex":false,"robots_noodp":false,"robots_notranslate":false,"robots_max_snippet":null,"robots_max_videopreview":null,"robots_max_imagepreview":"large","priority":null,"frequency":null,"local_seo":null,"breadcrumb_settings":null,"limit_modified_date":false,"ai":null,"created":"2025-08-16 20:30:38","updated":"2025-08-16 20:30:38","focus_keyword":null,"additional_keywords":null,"truseo_locale":null,"seo_analyzer_scan_date":null},"aioseo_breadcrumb":"<div class=\"aioseo-breadcrumbs\"><span class=\"aioseo-breadcrumb\">\n\t\t\t<a href=\"https:\/\/anoticiaonline.com.br\/site\" title=\"Home\">Home<\/a>\n\t\t<\/span><span class=\"aioseo-breadcrumb-separator\">&raquo;<\/span><span class=\"aioseo-breadcrumb\">\n\t\t\t<a href=\"https:\/\/anoticiaonline.com.br\/site\/categoria\/muriae\/\" title=\"Blog\">Blog<\/a>\n\t\t<\/span><span class=\"aioseo-breadcrumb-separator\">&raquo;<\/span><span class=\"aioseo-breadcrumb\">\n\t\t\tPM de Divino apreende duas armas de fogo no C\u00f3rrego S\u00e3o Pedro de Cima\n\t\t<\/span><\/div>","aioseo_breadcrumb_json":[{"label":"Home","link":"https:\/\/anoticiaonline.com.br\/site"},{"label":"Blog","link":"https:\/\/anoticiaonline.com.br\/site\/categoria\/muriae\/"},{"label":"PM de Divino apreende duas armas de fogo no C\u00f3rrego S\u00e3o Pedro de Cima","link":"https:\/\/anoticiaonline.com.br\/site\/pm-de-divino-apreende-duas-armas-de-fogo-no-corrego-sao-pedro-de-cima\/"}],"views":154,"_links":{"self":[{"href":"https:\/\/anoticiaonline.com.br\/site\/wp-json\/wp\/v2\/posts\/51639","targetHints":{"allow":["GET"]}}],"collection":[{"href":"https:\/\/anoticiaonline.com.br\/site\/wp-json\/wp\/v2\/posts"}],"about":[{"href":"https:\/\/anoticiaonline.com.br\/site\/wp-json\/wp\/v2\/types\/post"}],"author":[{"embeddable":true,"href":"https:\/\/anoticiaonline.com.br\/site\/wp-json\/wp\/v2\/users\/2"}],"replies":[{"embeddable":true,"href":"https:\/\/anoticiaonline.com.br\/site\/wp-json\/wp\/v2\/comments?post=51639"}],"version-history":[{"count":0,"href":"https:\/\/anoticiaonline.com.br\/site\/wp-json\/wp\/v2\/posts\/51639\/revisions"}],"wp:featuredmedia":[{"embeddable":true,"href":"https:\/\/anoticiaonline.com.br\/site\/wp-json\/wp\/v2\/media\/51640"}],"wp:attachment":[{"href":"https:\/\/anoticiaonline.com.br\/site\/wp-json\/wp\/v2\/media?parent=51639"}],"wp:term":[{"taxonomy":"category","embeddable":true,"href":"https:\/\/anoticiaonline.com.br\/site\/wp-json\/wp\/v2\/categories?post=51639"},{"taxonomy":"post_tag","embeddable":true,"href":"https:\/\/anoticiaonline.com.br\/site\/wp-json\/wp\/v2\/tags?post=51639"}],"curies":[{"name":"wp","href":"https:\/\/api.w.org\/{rel}","templated":true}]}}