{"id":51629,"date":"2018-03-13T10:57:01","date_gmt":"2018-03-13T13:57:01","guid":{"rendered":"http:\/\/anoticiaonline.com.br\/site\/?p=51629"},"modified":"2018-03-13T10:57:01","modified_gmt":"2018-03-13T13:57:01","slug":"alerta-para-cuidados-na-prevencao-da-conjuntivite","status":"publish","type":"post","link":"https:\/\/anoticiaonline.com.br\/site\/alerta-para-cuidados-na-prevencao-da-conjuntivite\/","title":{"rendered":"Alerta para cuidados na preven\u00e7\u00e3o da conjuntivite"},"content":{"rendered":"<p>Olhos avermelhados e lacrimejantes, p\u00e1lpebras inchadas e avermelhadas, secre\u00e7\u00e3o esbranqui\u00e7ada e sensa\u00e7\u00e3o de areia nos olhos. Estes s\u00e3o os principais sintomas da conjuntivite, doen\u00e7a que normalmente tem dura\u00e7\u00e3o de 15 dias at\u00e9 a evolu\u00e7\u00e3o para a cura.<\/p>\n<p>V\u00edrus e bact\u00e9rias podem ser causadores da conjuntivite, al\u00e9m de rea\u00e7\u00f5es al\u00e9rgicas a poluentes ou subst\u00e2ncias irritantes como fuma\u00e7a, cloro de piscinas, produtos de limpeza ou maquiagem. Outra forma comum \u00e9 a conjuntivite primaveril, ou febre do feno, geralmente causada por p\u00f3len espalhado no ar.<\/p>\n<p>Em Minas Gerais, foram notificados 48 surtos de conjuntivite em 2018. Em 2017, foram 180 surtos notificados. Em rela\u00e7\u00e3o \u00e0 transmiss\u00e3o da doen\u00e7a, caso tenha sido causada por v\u00edrus e bact\u00e9rias, ela ocorre de pessoa para pessoa, principalmente por meio de objetos contaminados como equipamentos oft\u00e1lmicos, toalhas, travesseiros, len\u00e7os e copos.<\/p>\n<p>Normalmente, a dissemina\u00e7\u00e3o \u00e9 r\u00e1pida em ambientes fechados. Por isso, \u00e9 preciso ter um cuidado especial em locais como escolas, creches, escrit\u00f3rios e f\u00e1bricas.<\/p>\n<p>Segundo a refer\u00eancia t\u00e9cnica do Centro de Informa\u00e7\u00f5es Estrat\u00e9gicas em Vigil\u00e2ncia em Sa\u00fade (CIEVS Minas), Soraia Zardini de Morais, no caso da conjuntivite viral, \u00e9 recomendado que o paciente se afaste temporariamente de ambientes coletivos.<\/p>\n<p>\u201cRecomendam-se cuidados de higiene pessoal, como lavar com frequ\u00eancia as m\u00e3os e o rosto com \u00e1gua e sab\u00e3o, evitar co\u00e7ar os olhos, usar, quando poss\u00edvel, len\u00e7os e toalhas descart\u00e1veis e\/ou individuais. Utilizar travesseiros individuais e evitar o uso de objetos pessoais de pessoas com conjuntivite tamb\u00e9m est\u00e1 dentro do recomendado\u201d, explica Soraia.<\/p>\n<p>Al\u00e9m disso, \u00e9 recomendado que o paciente evite atividades de grupo enquanto a secre\u00e7\u00e3o ocular estiver presente, como o uso de piscinas. Lentes de contato tamb\u00e9m n\u00e3o s\u00e3o recomendadas, al\u00e9m de ser necess\u00e1rio limpar as superf\u00edcies que foram tocadas por pessoas com conjuntivite com \u00e1gua e sab\u00e3o e, posteriormente, com \u00e1lcool 70%.<\/p>\n<p>\u00c9 importante ressaltar que todo caso de conjuntivite deve ser encaminhado ao servi\u00e7o de sa\u00fade para diagn\u00f3stico e orienta\u00e7\u00f5es para o tratamento e controle da doen\u00e7a.<\/p>\n<p><strong>Dicas simples que podem reduzir a ocorr\u00eancia da conjuntivite:<\/strong><\/p>\n<ol>\n<li>Nunca compartilhe itens pessoais como maquiagem, travesseiros, \u00f3culos e toalhas de m\u00e3o e rosto<\/li>\n<li>Cubra o nariz e a boca quando tossir ou espirrar e evite esfregar ou tocar os olhos<\/li>\n<li>Nunca compartilhe suas lentes de contato com outra pessoa e interrompa o uso caso apresente sintomas da conjuntivite<\/li>\n<li>Lave as m\u00e3os frequentemente, especialmente quando passar tempo na escola ou em outros lugares p\u00fablicos<\/li>\n<li>Mantenha acess\u00edvel um desinfetante manual como o \u00e1lcool gel e use-o com frequ\u00eancia<\/li>\n<li>Limpe sempre as superf\u00edcies com um antiss\u00e9ptico apropriado<\/li>\n<li>Se voc\u00ea sabe que sofre alergias sazonais, pergunte ao seu m\u00e9dico o que pode ser feito para minimizar seus sintomas<\/li>\n<li>Ao nadar, use \u00f3culos de nata\u00e7\u00e3o para se proteger de bact\u00e9rias e outros microrganismos presentes na \u00e1gua<\/li>\n<li>Ande sempre com len\u00e7os de papel para secar ou limpar os olhos e jogue-os fora ap\u00f3s o uso. N\u00e3o guarde os len\u00e7os contaminados no bolso para reutiliza\u00e7\u00e3o<\/li>\n<li>N\u00e3o use lentes de contato ou maquiagem na regi\u00e3o dos olhos enquanto eles ainda estiverem vermelhos ou irritados<\/li>\n<li>Separe sua toalha de rosto e travesseiro, de prefer\u00eancia troque a fronha e a toalha todos os dias<\/li>\n<li>Use apenas o medicamento indicado pelo seu m\u00e9dico e lave os olhos com \u00e1gua filtrada ou tratada<\/li>\n<li>Fa\u00e7a compressas frias v\u00e1rias vezes por dia e lave o rosto e os olhos com \u00e1gua gelada sempre que poss\u00edvel<\/li>\n<li>Em caso de baixa de vis\u00e3o, procure novamente seu oftalmologista<\/li>\n<li>Evite a reinfec\u00e7\u00e3o n\u00e3o utilizando novamente a maquiagem ou lentes de contato que possa ter usado no per\u00edodo que estava doente.<\/li>\n<\/ol>\n<p><a href=\"https:\/\/anoticiaonline.com.br\/site\/wp-content\/uploads\/2018\/03\/conjuntivite-viral_16516_l.jpg\"><img fetchpriority=\"high\" decoding=\"async\" class=\"alignnone size-full wp-image-51630\" src=\"https:\/\/anoticiaonline.com.br\/site\/wp-content\/uploads\/2018\/03\/conjuntivite-viral_16516_l.jpg\" alt=\"\" width=\"640\" height=\"427\" srcset=\"https:\/\/anoticiaonline.com.br\/site\/wp-content\/uploads\/2018\/03\/conjuntivite-viral_16516_l.jpg 640w, https:\/\/anoticiaonline.com.br\/site\/wp-content\/uploads\/2018\/03\/conjuntivite-viral_16516_l-300x200.jpg 300w\" sizes=\"(max-width: 640px) 100vw, 640px\" \/><\/a><\/p>\n<p>Fonte: SEGOV-MG. Foto: www.tuasaude.com<\/p>\n","protected":false},"excerpt":{"rendered":"<p>Olhos avermelhados e lacrimejantes, p\u00e1lpebras inchadas e avermelhadas, secre\u00e7\u00e3o esbranqui\u00e7ada e sensa\u00e7\u00e3o de areia nos olhos. Estes s\u00e3o os principais sintomas da conjuntivite, doen\u00e7a que normalmente tem dura\u00e7\u00e3o de 15 dias at\u00e9 a evolu\u00e7\u00e3o para a cura. V\u00edrus e bact\u00e9rias podem ser causadores da conjuntivite, al\u00e9m de rea\u00e7\u00f5es al\u00e9rgicas a poluentes ou subst\u00e2ncias irritantes como &#8230; <a title=\"Alerta para cuidados na preven\u00e7\u00e3o da conjuntivite\" class=\"read-more\" href=\"https:\/\/anoticiaonline.com.br\/site\/alerta-para-cuidados-na-prevencao-da-conjuntivite\/\" aria-label=\"Read more about Alerta para cuidados na preven\u00e7\u00e3o da conjuntivite\">Ler mais<\/a><\/p>\n","protected":false},"author":2,"featured_media":51630,"comment_status":"open","ping_status":"open","sticky":false,"template":"","format":"standard","meta":{"_acf_changed":false,"_monsterinsights_skip_tracking":false,"footnotes":""},"categories":[30],"tags":[2171,1092,2172,51,2173],"class_list":["post-51629","post","type-post","status-publish","format-standard","has-post-thumbnail","hentry","category-muriae","tag-conjuntivite","tag-governo-de-minas","tag-olhos","tag-saude","tag-secretaria-de-saude"],"acf":[],"aioseo_notices":[],"aioseo_head":"\n\t\t<!-- All in One SEO 5.0.0.1 - aioseo.com -->\n\t<meta name=\"description\" content=\"Olhos avermelhados e lacrimejantes, p\u00e1lpebras inchadas e avermelhadas, secre\u00e7\u00e3o esbranqui\u00e7ada e sensa\u00e7\u00e3o de areia nos olhos. Estes s\u00e3o os principais sintomas da conjuntivite, doen\u00e7a que normalmente tem dura\u00e7\u00e3o de 15 dias at\u00e9 a evolu\u00e7\u00e3o para a cura. V\u00edrus e bact\u00e9rias podem ser causadores da conjuntivite, al\u00e9m de rea\u00e7\u00f5es al\u00e9rgicas a poluentes ou subst\u00e2ncias irritantes como\" \/>\n\t<meta name=\"robots\" content=\"max-image-preview:large\" \/>\n\t<meta name=\"author\" content=\"Juliana Laviola\"\/>\n\t<link rel=\"canonical\" href=\"https:\/\/anoticiaonline.com.br\/site\/alerta-para-cuidados-na-prevencao-da-conjuntivite\/\" \/>\n\t<meta name=\"generator\" content=\"All in One SEO (AIOSEO) 5.0.0.1\" \/>\n\t\t<meta property=\"og:locale\" content=\"pt_BR\" \/>\n\t\t<meta property=\"og:site_name\" content=\"A Not\u00edcia Online - Noticias de Muria\u00e9 e regi\u00e3o\" \/>\n\t\t<meta property=\"og:type\" content=\"article\" \/>\n\t\t<meta property=\"og:title\" content=\"Alerta para cuidados na preven\u00e7\u00e3o da conjuntivite - A Not\u00edcia Online\" \/>\n\t\t<meta property=\"og:description\" content=\"Olhos avermelhados e lacrimejantes, p\u00e1lpebras inchadas e avermelhadas, secre\u00e7\u00e3o esbranqui\u00e7ada e sensa\u00e7\u00e3o de areia nos olhos. Estes s\u00e3o os principais sintomas da conjuntivite, doen\u00e7a que normalmente tem dura\u00e7\u00e3o de 15 dias at\u00e9 a evolu\u00e7\u00e3o para a cura. V\u00edrus e bact\u00e9rias podem ser causadores da conjuntivite, al\u00e9m de rea\u00e7\u00f5es al\u00e9rgicas a poluentes ou subst\u00e2ncias irritantes como\" \/>\n\t\t<meta property=\"og:url\" content=\"https:\/\/anoticiaonline.com.br\/site\/alerta-para-cuidados-na-prevencao-da-conjuntivite\/\" \/>\n\t\t<meta property=\"og:image\" content=\"https:\/\/scontent-gig4-1.xx.fbcdn.net\/v\/t39.30808-1\/270437624_4564083193639691_6907940295614233970_n.jpg?stp=dst-jpg_s200x200_tt6&#038;_nc_cat=111&#038;ccb=1-7&#038;_nc_sid=f907e8&#038;_nc_ohc=SM1wRlP3lJwQ7kNvwEPuBYA&#038;_nc_oc=AdnqrjDN_BNjSSHWO-GbkIWH6fkGMLw4bqvL_NH6e2wMveX7G-rP2dAqsDSq1mJMOaY&#038;_nc_zt=24&#038;_nc_ht=scontent-gig4-1.xx&#038;_nc_gid=AoBFJeGrT1hVaew_6rchkQ&#038;oh=00_AfX7QmFGhQhG2jAllVgXCiM1ZrWgvtp80-Bfppyexh1QEg&#038;oe=689E923C\" \/>\n\t\t<meta property=\"og:image:secure_url\" content=\"https:\/\/scontent-gig4-1.xx.fbcdn.net\/v\/t39.30808-1\/270437624_4564083193639691_6907940295614233970_n.jpg?stp=dst-jpg_s200x200_tt6&#038;_nc_cat=111&#038;ccb=1-7&#038;_nc_sid=f907e8&#038;_nc_ohc=SM1wRlP3lJwQ7kNvwEPuBYA&#038;_nc_oc=AdnqrjDN_BNjSSHWO-GbkIWH6fkGMLw4bqvL_NH6e2wMveX7G-rP2dAqsDSq1mJMOaY&#038;_nc_zt=24&#038;_nc_ht=scontent-gig4-1.xx&#038;_nc_gid=AoBFJeGrT1hVaew_6rchkQ&#038;oh=00_AfX7QmFGhQhG2jAllVgXCiM1ZrWgvtp80-Bfppyexh1QEg&#038;oe=689E923C\" \/>\n\t\t<meta property=\"article:published_time\" content=\"2018-03-13T13:57:01+00:00\" \/>\n\t\t<meta property=\"article:modified_time\" content=\"2018-03-13T13:57:01+00:00\" \/>\n\t\t<meta name=\"twitter:card\" content=\"summary_large_image\" \/>\n\t\t<meta name=\"twitter:title\" content=\"Alerta para cuidados na preven\u00e7\u00e3o da conjuntivite - A Not\u00edcia Online\" \/>\n\t\t<meta name=\"twitter:description\" content=\"Olhos avermelhados e lacrimejantes, p\u00e1lpebras inchadas e avermelhadas, secre\u00e7\u00e3o esbranqui\u00e7ada e sensa\u00e7\u00e3o de areia nos olhos. Estes s\u00e3o os principais sintomas da conjuntivite, doen\u00e7a que normalmente tem dura\u00e7\u00e3o de 15 dias at\u00e9 a evolu\u00e7\u00e3o para a cura. V\u00edrus e bact\u00e9rias podem ser causadores da conjuntivite, al\u00e9m de rea\u00e7\u00f5es al\u00e9rgicas a poluentes ou subst\u00e2ncias irritantes como\" \/>\n\t\t<meta name=\"twitter:image\" content=\"https:\/\/scontent-gig4-1.xx.fbcdn.net\/v\/t39.30808-1\/270437624_4564083193639691_6907940295614233970_n.jpg?stp=dst-jpg_s200x200_tt6&amp;_nc_cat=111&amp;ccb=1-7&amp;_nc_sid=f907e8&amp;_nc_ohc=SM1wRlP3lJwQ7kNvwEPuBYA&amp;_nc_oc=AdnqrjDN_BNjSSHWO-GbkIWH6fkGMLw4bqvL_NH6e2wMveX7G-rP2dAqsDSq1mJMOaY&amp;_nc_zt=24&amp;_nc_ht=scontent-gig4-1.xx&amp;_nc_gid=AoBFJeGrT1hVaew_6rchkQ&amp;oh=00_AfX7QmFGhQhG2jAllVgXCiM1ZrWgvtp80-Bfppyexh1QEg&amp;oe=689E923C\" \/>\n\t\t<script type=\"application\/ld+json\" class=\"aioseo-schema\">\n\t\t\t{\"@context\":\"https:\\\/\\\/schema.org\",\"@graph\":[{\"@type\":\"BlogPosting\",\"@id\":\"https:\\\/\\\/anoticiaonline.com.br\\\/site\\\/alerta-para-cuidados-na-prevencao-da-conjuntivite\\\/#blogposting\",\"name\":\"Alerta para cuidados na preven\\u00e7\\u00e3o da conjuntivite - A Not\\u00edcia Online\",\"headline\":\"Alerta para cuidados na preven\\u00e7\\u00e3o da conjuntivite\",\"author\":{\"@id\":\"https:\\\/\\\/anoticiaonline.com.br\\\/site\\\/author\\\/juliana\\\/#author\"},\"publisher\":{\"@id\":\"https:\\\/\\\/anoticiaonline.com.br\\\/site\\\/#organization\"},\"image\":{\"@type\":\"ImageObject\",\"url\":\"https:\\\/\\\/anoticiaonline.com.br\\\/site\\\/wp-content\\\/uploads\\\/2018\\\/03\\\/conjuntivite-viral_16516_l.jpg\",\"width\":640,\"height\":427},\"datePublished\":\"2018-03-13T10:57:01-03:00\",\"dateModified\":\"2018-03-13T10:57:01-03:00\",\"inLanguage\":\"pt-BR\",\"mainEntityOfPage\":{\"@id\":\"https:\\\/\\\/anoticiaonline.com.br\\\/site\\\/alerta-para-cuidados-na-prevencao-da-conjuntivite\\\/#webpage\"},\"isPartOf\":{\"@id\":\"https:\\\/\\\/anoticiaonline.com.br\\\/site\\\/alerta-para-cuidados-na-prevencao-da-conjuntivite\\\/#webpage\"},\"articleSection\":\"Blog, conjuntivite, governo de minas, olhos, sa\\u00fade, secretaria de sa\\u00fade\"},{\"@type\":\"BreadcrumbList\",\"@id\":\"https:\\\/\\\/anoticiaonline.com.br\\\/site\\\/alerta-para-cuidados-na-prevencao-da-conjuntivite\\\/#breadcrumblist\",\"itemListElement\":[{\"@type\":\"ListItem\",\"@id\":\"https:\\\/\\\/anoticiaonline.com.br\\\/site#listItem\",\"position\":1,\"name\":\"Home\",\"item\":\"https:\\\/\\\/anoticiaonline.com.br\\\/site\",\"nextItem\":{\"@type\":\"ListItem\",\"@id\":\"https:\\\/\\\/anoticiaonline.com.br\\\/site\\\/categoria\\\/muriae\\\/#listItem\",\"name\":\"Blog\"}},{\"@type\":\"ListItem\",\"@id\":\"https:\\\/\\\/anoticiaonline.com.br\\\/site\\\/categoria\\\/muriae\\\/#listItem\",\"position\":2,\"name\":\"Blog\",\"item\":\"https:\\\/\\\/anoticiaonline.com.br\\\/site\\\/categoria\\\/muriae\\\/\",\"nextItem\":{\"@type\":\"ListItem\",\"@id\":\"https:\\\/\\\/anoticiaonline.com.br\\\/site\\\/alerta-para-cuidados-na-prevencao-da-conjuntivite\\\/#listItem\",\"name\":\"Alerta para cuidados na preven\\u00e7\\u00e3o da conjuntivite\"},\"previousItem\":{\"@type\":\"ListItem\",\"@id\":\"https:\\\/\\\/anoticiaonline.com.br\\\/site#listItem\",\"name\":\"Home\"}},{\"@type\":\"ListItem\",\"@id\":\"https:\\\/\\\/anoticiaonline.com.br\\\/site\\\/alerta-para-cuidados-na-prevencao-da-conjuntivite\\\/#listItem\",\"position\":3,\"name\":\"Alerta para cuidados na preven\\u00e7\\u00e3o da conjuntivite\",\"previousItem\":{\"@type\":\"ListItem\",\"@id\":\"https:\\\/\\\/anoticiaonline.com.br\\\/site\\\/categoria\\\/muriae\\\/#listItem\",\"name\":\"Blog\"}}]},{\"@type\":\"Organization\",\"@id\":\"https:\\\/\\\/anoticiaonline.com.br\\\/site\\\/#organization\",\"name\":\"A Not\\u00edcia Online\",\"description\":\"Noticias de Muria\\u00e9 e regi\\u00e3o\",\"url\":\"https:\\\/\\\/anoticiaonline.com.br\\\/site\\\/\",\"logo\":{\"@type\":\"ImageObject\",\"url\":\"https:\\\/\\\/scontent-gig4-1.xx.fbcdn.net\\\/v\\\/t39.30808-1\\\/270437624_4564083193639691_6907940295614233970_n.jpg?stp=dst-jpg_s200x200_tt6&_nc_cat=111&ccb=1-7&_nc_sid=f907e8&_nc_ohc=SM1wRlP3lJwQ7kNvwEPuBYA&_nc_oc=AdnqrjDN_BNjSSHWO-GbkIWH6fkGMLw4bqvL_NH6e2wMveX7G-rP2dAqsDSq1mJMOaY&_nc_zt=24&_nc_ht=scontent-gig4-1.xx&_nc_gid=AoBFJeGrT1hVaew_6rchkQ&oh=00_AfX7QmFGhQhG2jAllVgXCiM1ZrWgvtp80-Bfppyexh1QEg&oe=689E923C\",\"@id\":\"https:\\\/\\\/anoticiaonline.com.br\\\/site\\\/alerta-para-cuidados-na-prevencao-da-conjuntivite\\\/#organizationLogo\"},\"image\":{\"@id\":\"https:\\\/\\\/anoticiaonline.com.br\\\/site\\\/alerta-para-cuidados-na-prevencao-da-conjuntivite\\\/#organizationLogo\"}},{\"@type\":\"Person\",\"@id\":\"https:\\\/\\\/anoticiaonline.com.br\\\/site\\\/author\\\/juliana\\\/#author\",\"url\":\"https:\\\/\\\/anoticiaonline.com.br\\\/site\\\/author\\\/juliana\\\/\",\"name\":\"Juliana Laviola\",\"image\":{\"@type\":\"ImageObject\",\"@id\":\"https:\\\/\\\/anoticiaonline.com.br\\\/site\\\/alerta-para-cuidados-na-prevencao-da-conjuntivite\\\/#authorImage\",\"url\":\"https:\\\/\\\/secure.gravatar.com\\\/avatar\\\/b8d45f5c699b100dfaf0e543582f38f38bf94cb7ae3a5e9abf8d891a34773335?s=96&d=mm&r=g\",\"width\":96,\"height\":96,\"caption\":\"Juliana Laviola\"}},{\"@type\":\"WebPage\",\"@id\":\"https:\\\/\\\/anoticiaonline.com.br\\\/site\\\/alerta-para-cuidados-na-prevencao-da-conjuntivite\\\/#webpage\",\"url\":\"https:\\\/\\\/anoticiaonline.com.br\\\/site\\\/alerta-para-cuidados-na-prevencao-da-conjuntivite\\\/\",\"name\":\"Alerta para cuidados na preven\\u00e7\\u00e3o da conjuntivite - A Not\\u00edcia Online\",\"description\":\"Olhos avermelhados e lacrimejantes, p\\u00e1lpebras inchadas e avermelhadas, secre\\u00e7\\u00e3o esbranqui\\u00e7ada e sensa\\u00e7\\u00e3o de areia nos olhos. Estes s\\u00e3o os principais sintomas da conjuntivite, doen\\u00e7a que normalmente tem dura\\u00e7\\u00e3o de 15 dias at\\u00e9 a evolu\\u00e7\\u00e3o para a cura. V\\u00edrus e bact\\u00e9rias podem ser causadores da conjuntivite, al\\u00e9m de rea\\u00e7\\u00f5es al\\u00e9rgicas a poluentes ou subst\\u00e2ncias irritantes como\",\"inLanguage\":\"pt-BR\",\"isPartOf\":{\"@id\":\"https:\\\/\\\/anoticiaonline.com.br\\\/site\\\/#website\"},\"breadcrumb\":{\"@id\":\"https:\\\/\\\/anoticiaonline.com.br\\\/site\\\/alerta-para-cuidados-na-prevencao-da-conjuntivite\\\/#breadcrumblist\"},\"author\":{\"@id\":\"https:\\\/\\\/anoticiaonline.com.br\\\/site\\\/author\\\/juliana\\\/#author\"},\"creator\":{\"@id\":\"https:\\\/\\\/anoticiaonline.com.br\\\/site\\\/author\\\/juliana\\\/#author\"},\"image\":{\"@type\":\"ImageObject\",\"url\":\"https:\\\/\\\/anoticiaonline.com.br\\\/site\\\/wp-content\\\/uploads\\\/2018\\\/03\\\/conjuntivite-viral_16516_l.jpg\",\"@id\":\"https:\\\/\\\/anoticiaonline.com.br\\\/site\\\/alerta-para-cuidados-na-prevencao-da-conjuntivite\\\/#mainImage\",\"width\":640,\"height\":427},\"primaryImageOfPage\":{\"@id\":\"https:\\\/\\\/anoticiaonline.com.br\\\/site\\\/alerta-para-cuidados-na-prevencao-da-conjuntivite\\\/#mainImage\"},\"datePublished\":\"2018-03-13T10:57:01-03:00\",\"dateModified\":\"2018-03-13T10:57:01-03:00\"},{\"@type\":\"WebSite\",\"@id\":\"https:\\\/\\\/anoticiaonline.com.br\\\/site\\\/#website\",\"url\":\"https:\\\/\\\/anoticiaonline.com.br\\\/site\\\/\",\"name\":\"A Not\\u00edcia Online\",\"description\":\"Noticias de Muria\\u00e9 e regi\\u00e3o\",\"inLanguage\":\"pt-BR\",\"publisher\":{\"@id\":\"https:\\\/\\\/anoticiaonline.com.br\\\/site\\\/#organization\"}}]}\n\t\t<\/script>\n\t\t<!-- All in One SEO -->\n\n","aioseo_head_json":{"title":"Alerta para cuidados na preven\u00e7\u00e3o da conjuntivite - A Not\u00edcia Online","description":"Olhos avermelhados e lacrimejantes, p\u00e1lpebras inchadas e avermelhadas, secre\u00e7\u00e3o esbranqui\u00e7ada e sensa\u00e7\u00e3o de areia nos olhos. Estes s\u00e3o os principais sintomas da conjuntivite, doen\u00e7a que normalmente tem dura\u00e7\u00e3o de 15 dias at\u00e9 a evolu\u00e7\u00e3o para a cura. V\u00edrus e bact\u00e9rias podem ser causadores da conjuntivite, al\u00e9m de rea\u00e7\u00f5es al\u00e9rgicas a poluentes ou subst\u00e2ncias irritantes como","canonical_url":"https:\/\/anoticiaonline.com.br\/site\/alerta-para-cuidados-na-prevencao-da-conjuntivite\/","robots":"max-image-preview:large","keywords":"","webmasterTools":{"miscellaneous":""},"schema":{"@context":"https:\/\/schema.org","@graph":[{"@type":"BlogPosting","@id":"https:\/\/anoticiaonline.com.br\/site\/alerta-para-cuidados-na-prevencao-da-conjuntivite\/#blogposting","name":"Alerta para cuidados na preven\u00e7\u00e3o da conjuntivite - A Not\u00edcia Online","headline":"Alerta para cuidados na preven\u00e7\u00e3o da conjuntivite","author":{"@id":"https:\/\/anoticiaonline.com.br\/site\/author\/juliana\/#author"},"publisher":{"@id":"https:\/\/anoticiaonline.com.br\/site\/#organization"},"image":{"@type":"ImageObject","url":"https:\/\/anoticiaonline.com.br\/site\/wp-content\/uploads\/2018\/03\/conjuntivite-viral_16516_l.jpg","width":640,"height":427},"datePublished":"2018-03-13T10:57:01-03:00","dateModified":"2018-03-13T10:57:01-03:00","inLanguage":"pt-BR","mainEntityOfPage":{"@id":"https:\/\/anoticiaonline.com.br\/site\/alerta-para-cuidados-na-prevencao-da-conjuntivite\/#webpage"},"isPartOf":{"@id":"https:\/\/anoticiaonline.com.br\/site\/alerta-para-cuidados-na-prevencao-da-conjuntivite\/#webpage"},"articleSection":"Blog, conjuntivite, governo de minas, olhos, sa\u00fade, secretaria de sa\u00fade"},{"@type":"BreadcrumbList","@id":"https:\/\/anoticiaonline.com.br\/site\/alerta-para-cuidados-na-prevencao-da-conjuntivite\/#breadcrumblist","itemListElement":[{"@type":"ListItem","@id":"https:\/\/anoticiaonline.com.br\/site#listItem","position":1,"name":"Home","item":"https:\/\/anoticiaonline.com.br\/site","nextItem":{"@type":"ListItem","@id":"https:\/\/anoticiaonline.com.br\/site\/categoria\/muriae\/#listItem","name":"Blog"}},{"@type":"ListItem","@id":"https:\/\/anoticiaonline.com.br\/site\/categoria\/muriae\/#listItem","position":2,"name":"Blog","item":"https:\/\/anoticiaonline.com.br\/site\/categoria\/muriae\/","nextItem":{"@type":"ListItem","@id":"https:\/\/anoticiaonline.com.br\/site\/alerta-para-cuidados-na-prevencao-da-conjuntivite\/#listItem","name":"Alerta para cuidados na preven\u00e7\u00e3o da conjuntivite"},"previousItem":{"@type":"ListItem","@id":"https:\/\/anoticiaonline.com.br\/site#listItem","name":"Home"}},{"@type":"ListItem","@id":"https:\/\/anoticiaonline.com.br\/site\/alerta-para-cuidados-na-prevencao-da-conjuntivite\/#listItem","position":3,"name":"Alerta para cuidados na preven\u00e7\u00e3o da conjuntivite","previousItem":{"@type":"ListItem","@id":"https:\/\/anoticiaonline.com.br\/site\/categoria\/muriae\/#listItem","name":"Blog"}}]},{"@type":"Organization","@id":"https:\/\/anoticiaonline.com.br\/site\/#organization","name":"A Not\u00edcia Online","description":"Noticias de Muria\u00e9 e regi\u00e3o","url":"https:\/\/anoticiaonline.com.br\/site\/","logo":{"@type":"ImageObject","url":"https:\/\/scontent-gig4-1.xx.fbcdn.net\/v\/t39.30808-1\/270437624_4564083193639691_6907940295614233970_n.jpg?stp=dst-jpg_s200x200_tt6&_nc_cat=111&ccb=1-7&_nc_sid=f907e8&_nc_ohc=SM1wRlP3lJwQ7kNvwEPuBYA&_nc_oc=AdnqrjDN_BNjSSHWO-GbkIWH6fkGMLw4bqvL_NH6e2wMveX7G-rP2dAqsDSq1mJMOaY&_nc_zt=24&_nc_ht=scontent-gig4-1.xx&_nc_gid=AoBFJeGrT1hVaew_6rchkQ&oh=00_AfX7QmFGhQhG2jAllVgXCiM1ZrWgvtp80-Bfppyexh1QEg&oe=689E923C","@id":"https:\/\/anoticiaonline.com.br\/site\/alerta-para-cuidados-na-prevencao-da-conjuntivite\/#organizationLogo"},"image":{"@id":"https:\/\/anoticiaonline.com.br\/site\/alerta-para-cuidados-na-prevencao-da-conjuntivite\/#organizationLogo"}},{"@type":"Person","@id":"https:\/\/anoticiaonline.com.br\/site\/author\/juliana\/#author","url":"https:\/\/anoticiaonline.com.br\/site\/author\/juliana\/","name":"Juliana Laviola","image":{"@type":"ImageObject","@id":"https:\/\/anoticiaonline.com.br\/site\/alerta-para-cuidados-na-prevencao-da-conjuntivite\/#authorImage","url":"https:\/\/secure.gravatar.com\/avatar\/b8d45f5c699b100dfaf0e543582f38f38bf94cb7ae3a5e9abf8d891a34773335?s=96&d=mm&r=g","width":96,"height":96,"caption":"Juliana Laviola"}},{"@type":"WebPage","@id":"https:\/\/anoticiaonline.com.br\/site\/alerta-para-cuidados-na-prevencao-da-conjuntivite\/#webpage","url":"https:\/\/anoticiaonline.com.br\/site\/alerta-para-cuidados-na-prevencao-da-conjuntivite\/","name":"Alerta para cuidados na preven\u00e7\u00e3o da conjuntivite - A Not\u00edcia Online","description":"Olhos avermelhados e lacrimejantes, p\u00e1lpebras inchadas e avermelhadas, secre\u00e7\u00e3o esbranqui\u00e7ada e sensa\u00e7\u00e3o de areia nos olhos. Estes s\u00e3o os principais sintomas da conjuntivite, doen\u00e7a que normalmente tem dura\u00e7\u00e3o de 15 dias at\u00e9 a evolu\u00e7\u00e3o para a cura. V\u00edrus e bact\u00e9rias podem ser causadores da conjuntivite, al\u00e9m de rea\u00e7\u00f5es al\u00e9rgicas a poluentes ou subst\u00e2ncias irritantes como","inLanguage":"pt-BR","isPartOf":{"@id":"https:\/\/anoticiaonline.com.br\/site\/#website"},"breadcrumb":{"@id":"https:\/\/anoticiaonline.com.br\/site\/alerta-para-cuidados-na-prevencao-da-conjuntivite\/#breadcrumblist"},"author":{"@id":"https:\/\/anoticiaonline.com.br\/site\/author\/juliana\/#author"},"creator":{"@id":"https:\/\/anoticiaonline.com.br\/site\/author\/juliana\/#author"},"image":{"@type":"ImageObject","url":"https:\/\/anoticiaonline.com.br\/site\/wp-content\/uploads\/2018\/03\/conjuntivite-viral_16516_l.jpg","@id":"https:\/\/anoticiaonline.com.br\/site\/alerta-para-cuidados-na-prevencao-da-conjuntivite\/#mainImage","width":640,"height":427},"primaryImageOfPage":{"@id":"https:\/\/anoticiaonline.com.br\/site\/alerta-para-cuidados-na-prevencao-da-conjuntivite\/#mainImage"},"datePublished":"2018-03-13T10:57:01-03:00","dateModified":"2018-03-13T10:57:01-03:00"},{"@type":"WebSite","@id":"https:\/\/anoticiaonline.com.br\/site\/#website","url":"https:\/\/anoticiaonline.com.br\/site\/","name":"A Not\u00edcia Online","description":"Noticias de Muria\u00e9 e regi\u00e3o","inLanguage":"pt-BR","publisher":{"@id":"https:\/\/anoticiaonline.com.br\/site\/#organization"}}]},"og:locale":"pt_BR","og:site_name":"A Not\u00edcia Online - Noticias de Muria\u00e9 e regi\u00e3o","og:type":"article","og:title":"Alerta para cuidados na preven\u00e7\u00e3o da conjuntivite - A Not\u00edcia Online","og:description":"Olhos avermelhados e lacrimejantes, p\u00e1lpebras inchadas e avermelhadas, secre\u00e7\u00e3o esbranqui\u00e7ada e sensa\u00e7\u00e3o de areia nos olhos. Estes s\u00e3o os principais sintomas da conjuntivite, doen\u00e7a que normalmente tem dura\u00e7\u00e3o de 15 dias at\u00e9 a evolu\u00e7\u00e3o para a cura. V\u00edrus e bact\u00e9rias podem ser causadores da conjuntivite, al\u00e9m de rea\u00e7\u00f5es al\u00e9rgicas a poluentes ou subst\u00e2ncias irritantes como","og:url":"https:\/\/anoticiaonline.com.br\/site\/alerta-para-cuidados-na-prevencao-da-conjuntivite\/","og:image":"https:\/\/scontent-gig4-1.xx.fbcdn.net\/v\/t39.30808-1\/270437624_4564083193639691_6907940295614233970_n.jpg?stp=dst-jpg_s200x200_tt6&#038;_nc_cat=111&#038;ccb=1-7&#038;_nc_sid=f907e8&#038;_nc_ohc=SM1wRlP3lJwQ7kNvwEPuBYA&#038;_nc_oc=AdnqrjDN_BNjSSHWO-GbkIWH6fkGMLw4bqvL_NH6e2wMveX7G-rP2dAqsDSq1mJMOaY&#038;_nc_zt=24&#038;_nc_ht=scontent-gig4-1.xx&#038;_nc_gid=AoBFJeGrT1hVaew_6rchkQ&#038;oh=00_AfX7QmFGhQhG2jAllVgXCiM1ZrWgvtp80-Bfppyexh1QEg&#038;oe=689E923C","og:image:secure_url":"https:\/\/scontent-gig4-1.xx.fbcdn.net\/v\/t39.30808-1\/270437624_4564083193639691_6907940295614233970_n.jpg?stp=dst-jpg_s200x200_tt6&#038;_nc_cat=111&#038;ccb=1-7&#038;_nc_sid=f907e8&#038;_nc_ohc=SM1wRlP3lJwQ7kNvwEPuBYA&#038;_nc_oc=AdnqrjDN_BNjSSHWO-GbkIWH6fkGMLw4bqvL_NH6e2wMveX7G-rP2dAqsDSq1mJMOaY&#038;_nc_zt=24&#038;_nc_ht=scontent-gig4-1.xx&#038;_nc_gid=AoBFJeGrT1hVaew_6rchkQ&#038;oh=00_AfX7QmFGhQhG2jAllVgXCiM1ZrWgvtp80-Bfppyexh1QEg&#038;oe=689E923C","article:published_time":"2018-03-13T13:57:01+00:00","article:modified_time":"2018-03-13T13:57:01+00:00","twitter:card":"summary_large_image","twitter:title":"Alerta para cuidados na preven\u00e7\u00e3o da conjuntivite - A Not\u00edcia Online","twitter:description":"Olhos avermelhados e lacrimejantes, p\u00e1lpebras inchadas e avermelhadas, secre\u00e7\u00e3o esbranqui\u00e7ada e sensa\u00e7\u00e3o de areia nos olhos. Estes s\u00e3o os principais sintomas da conjuntivite, doen\u00e7a que normalmente tem dura\u00e7\u00e3o de 15 dias at\u00e9 a evolu\u00e7\u00e3o para a cura. V\u00edrus e bact\u00e9rias podem ser causadores da conjuntivite, al\u00e9m de rea\u00e7\u00f5es al\u00e9rgicas a poluentes ou subst\u00e2ncias irritantes como","twitter:image":"https:\/\/scontent-gig4-1.xx.fbcdn.net\/v\/t39.30808-1\/270437624_4564083193639691_6907940295614233970_n.jpg?stp=dst-jpg_s200x200_tt6&_nc_cat=111&ccb=1-7&_nc_sid=f907e8&_nc_ohc=SM1wRlP3lJwQ7kNvwEPuBYA&_nc_oc=AdnqrjDN_BNjSSHWO-GbkIWH6fkGMLw4bqvL_NH6e2wMveX7G-rP2dAqsDSq1mJMOaY&_nc_zt=24&_nc_ht=scontent-gig4-1.xx&_nc_gid=AoBFJeGrT1hVaew_6rchkQ&oh=00_AfX7QmFGhQhG2jAllVgXCiM1ZrWgvtp80-Bfppyexh1QEg&oe=689E923C"},"aioseo_meta_data":{"post_id":"51629","title":null,"description":null,"keywords":null,"keyphrases":null,"primary_term":null,"canonical_url":null,"og_title":null,"og_description":null,"og_object_type":"default","og_image_type":"default","og_image_url":null,"og_image_width":null,"og_image_height":null,"og_image_custom_url":null,"og_image_custom_fields":null,"og_video":null,"og_custom_url":null,"og_article_section":null,"og_article_tags":null,"twitter_use_og":false,"twitter_card":"default","twitter_image_type":"default","twitter_image_url":null,"twitter_image_custom_url":null,"twitter_image_custom_fields":null,"twitter_title":null,"twitter_description":null,"schema":{"blockGraphs":[],"customGraphs":[],"default":{"data":{"Article":[],"Course":[],"Dataset":[],"FAQPage":[],"Movie":[],"Person":[],"Product":[],"ProductReview":[],"Car":[],"Recipe":[],"Service":[],"SoftwareApplication":[],"WebPage":[]},"graphName":"","isEnabled":true},"graphs":[]},"schema_type":"default","schema_type_options":null,"pillar_content":false,"robots_default":true,"robots_noindex":false,"robots_noarchive":false,"robots_nosnippet":false,"robots_nofollow":false,"robots_noimageindex":false,"robots_noodp":false,"robots_notranslate":false,"robots_max_snippet":null,"robots_max_videopreview":null,"robots_max_imagepreview":"large","priority":null,"frequency":null,"local_seo":null,"breadcrumb_settings":null,"limit_modified_date":false,"ai":null,"created":"2025-08-16 20:30:38","updated":"2025-08-16 20:30:38","focus_keyword":null,"additional_keywords":null,"truseo_locale":null,"seo_analyzer_scan_date":null},"aioseo_breadcrumb":"<div class=\"aioseo-breadcrumbs\"><span class=\"aioseo-breadcrumb\">\n\t\t\t<a href=\"https:\/\/anoticiaonline.com.br\/site\" title=\"Home\">Home<\/a>\n\t\t<\/span><span class=\"aioseo-breadcrumb-separator\">&raquo;<\/span><span class=\"aioseo-breadcrumb\">\n\t\t\t<a href=\"https:\/\/anoticiaonline.com.br\/site\/categoria\/muriae\/\" title=\"Blog\">Blog<\/a>\n\t\t<\/span><span class=\"aioseo-breadcrumb-separator\">&raquo;<\/span><span class=\"aioseo-breadcrumb\">\n\t\t\tAlerta para cuidados na preven\u00e7\u00e3o da conjuntivite\n\t\t<\/span><\/div>","aioseo_breadcrumb_json":[{"label":"Home","link":"https:\/\/anoticiaonline.com.br\/site"},{"label":"Blog","link":"https:\/\/anoticiaonline.com.br\/site\/categoria\/muriae\/"},{"label":"Alerta para cuidados na preven\u00e7\u00e3o da conjuntivite","link":"https:\/\/anoticiaonline.com.br\/site\/alerta-para-cuidados-na-prevencao-da-conjuntivite\/"}],"views":141,"_links":{"self":[{"href":"https:\/\/anoticiaonline.com.br\/site\/wp-json\/wp\/v2\/posts\/51629","targetHints":{"allow":["GET"]}}],"collection":[{"href":"https:\/\/anoticiaonline.com.br\/site\/wp-json\/wp\/v2\/posts"}],"about":[{"href":"https:\/\/anoticiaonline.com.br\/site\/wp-json\/wp\/v2\/types\/post"}],"author":[{"embeddable":true,"href":"https:\/\/anoticiaonline.com.br\/site\/wp-json\/wp\/v2\/users\/2"}],"replies":[{"embeddable":true,"href":"https:\/\/anoticiaonline.com.br\/site\/wp-json\/wp\/v2\/comments?post=51629"}],"version-history":[{"count":0,"href":"https:\/\/anoticiaonline.com.br\/site\/wp-json\/wp\/v2\/posts\/51629\/revisions"}],"wp:featuredmedia":[{"embeddable":true,"href":"https:\/\/anoticiaonline.com.br\/site\/wp-json\/wp\/v2\/media\/51630"}],"wp:attachment":[{"href":"https:\/\/anoticiaonline.com.br\/site\/wp-json\/wp\/v2\/media?parent=51629"}],"wp:term":[{"taxonomy":"category","embeddable":true,"href":"https:\/\/anoticiaonline.com.br\/site\/wp-json\/wp\/v2\/categories?post=51629"},{"taxonomy":"post_tag","embeddable":true,"href":"https:\/\/anoticiaonline.com.br\/site\/wp-json\/wp\/v2\/tags?post=51629"}],"curies":[{"name":"wp","href":"https:\/\/api.w.org\/{rel}","templated":true}]}}