{"id":51626,"date":"2018-03-13T10:43:50","date_gmt":"2018-03-13T13:43:50","guid":{"rendered":"http:\/\/anoticiaonline.com.br\/site\/?p=51626"},"modified":"2018-03-13T10:43:50","modified_gmt":"2018-03-13T13:43:50","slug":"tiro-de-guerra-inicia-ano-de-instrucao-para-2018","status":"publish","type":"post","link":"https:\/\/anoticiaonline.com.br\/site\/tiro-de-guerra-inicia-ano-de-instrucao-para-2018\/","title":{"rendered":"Tiro de Guerra inicia ano de instru\u00e7\u00e3o para 2018"},"content":{"rendered":"<p>Cem jovens muriaeenses foram incorporados ao Tiro de Guerra em 2018. O ano de instru\u00e7\u00e3o teve in\u00edcio oficialmente no \u00faltimo s\u00e1bado (10), durante solenidade no Cefas. H\u00e1 72 anos na cidade, o TG 04-016 transmite valores como civismo, patriotismo, lealdade, hierarquia, disciplina, entre outros.<\/p>\n<p>Ao longo do ano, os jovens v\u00e3o receber treinamento militar como aulas de tiro, ordem unida, atividade f\u00edsica, participar de acampamentos, entre outros. As instru\u00e7\u00f5es come\u00e7aram no dia 1\u00ba de mar\u00e7o e prosseguem at\u00e9 30 de novembro. \u201cEsse \u00e9 um momento muito importante para o Tiro de Guerra, pois estamos recebendo novos atiradores. Vamos formar os cidad\u00e3os muriaeenses com muita responsabilidade\u201d, afirma o instrutor-chefe do TG 04-016, subtenente Firmino. Ao final, os instrutores do TG se reuniram com os pais dos atiradores para explicar sobre o funcionamento e atribui\u00e7\u00f5es do servi\u00e7o militar.<\/p>\n<p>Criado em 1946, o Tiro de Guerra \u00e9 um dos mais antigos de Minas Gerais em atividade ininterrupta, que tem como miss\u00e3o formar atiradores para a reserva n\u00e3o remunerada do Ex\u00e9rcito Brasileiro.<\/p>\n<p><a href=\"https:\/\/anoticiaonline.com.br\/site\/wp-content\/uploads\/2018\/03\/Tiro-de-Guerra-inicia-ano-de-instru\u00e7\u00e3o-para-2018.jpg\"><img fetchpriority=\"high\" decoding=\"async\" class=\"alignnone size-full wp-image-51627\" src=\"https:\/\/anoticiaonline.com.br\/site\/wp-content\/uploads\/2018\/03\/Tiro-de-Guerra-inicia-ano-de-instru\u00e7\u00e3o-para-2018.jpg\" alt=\"\" width=\"640\" height=\"427\" srcset=\"https:\/\/anoticiaonline.com.br\/site\/wp-content\/uploads\/2018\/03\/Tiro-de-Guerra-inicia-ano-de-instru\u00e7\u00e3o-para-2018.jpg 640w, https:\/\/anoticiaonline.com.br\/site\/wp-content\/uploads\/2018\/03\/Tiro-de-Guerra-inicia-ano-de-instru\u00e7\u00e3o-para-2018-300x200.jpg 300w\" sizes=\"(max-width: 640px) 100vw, 640px\" \/><\/a><\/p>\n<p>Cr\u00e9ditos: ASCOM PMM<\/p>\n","protected":false},"excerpt":{"rendered":"<p>Cem jovens muriaeenses foram incorporados ao Tiro de Guerra em 2018. O ano de instru\u00e7\u00e3o teve in\u00edcio oficialmente no \u00faltimo s\u00e1bado (10), durante solenidade no Cefas. H\u00e1 72 anos na cidade, o TG 04-016 transmite valores como civismo, patriotismo, lealdade, hierarquia, disciplina, entre outros. Ao longo do ano, os jovens v\u00e3o receber treinamento militar como &#8230; <a title=\"Tiro de Guerra inicia ano de instru\u00e7\u00e3o para 2018\" class=\"read-more\" href=\"https:\/\/anoticiaonline.com.br\/site\/tiro-de-guerra-inicia-ano-de-instrucao-para-2018\/\" aria-label=\"Read more about Tiro de Guerra inicia ano de instru\u00e7\u00e3o para 2018\">Ler mais<\/a><\/p>\n","protected":false},"author":2,"featured_media":51627,"comment_status":"open","ping_status":"open","sticky":false,"template":"","format":"standard","meta":{"_acf_changed":false,"_monsterinsights_skip_tracking":false,"footnotes":""},"categories":[30],"tags":[2170,74,1644,221],"class_list":["post-51626","post","type-post","status-publish","format-standard","has-post-thumbnail","hentry","category-muriae","tag-2170","tag-muriae","tag-tg","tag-tiro-de-guerra"],"acf":[],"aioseo_notices":[],"aioseo_head":"\n\t\t<!-- All in One SEO 5.0.0.1 - aioseo.com -->\n\t<meta name=\"description\" content=\"Cem jovens muriaeenses foram incorporados ao Tiro de Guerra em 2018. O ano de instru\u00e7\u00e3o teve in\u00edcio oficialmente no \u00faltimo s\u00e1bado (10), durante solenidade no Cefas. H\u00e1 72 anos na cidade, o TG 04-016 transmite valores como civismo, patriotismo, lealdade, hierarquia, disciplina, entre outros. Ao longo do ano, os jovens v\u00e3o receber treinamento militar como\" \/>\n\t<meta name=\"robots\" content=\"max-image-preview:large\" \/>\n\t<meta name=\"author\" content=\"Juliana Laviola\"\/>\n\t<link rel=\"canonical\" href=\"https:\/\/anoticiaonline.com.br\/site\/tiro-de-guerra-inicia-ano-de-instrucao-para-2018\/\" \/>\n\t<meta name=\"generator\" content=\"All in One SEO (AIOSEO) 5.0.0.1\" \/>\n\t\t<meta property=\"og:locale\" content=\"pt_BR\" \/>\n\t\t<meta property=\"og:site_name\" content=\"A Not\u00edcia Online - Noticias de Muria\u00e9 e regi\u00e3o\" \/>\n\t\t<meta property=\"og:type\" content=\"article\" \/>\n\t\t<meta property=\"og:title\" content=\"Tiro de Guerra inicia ano de instru\u00e7\u00e3o para 2018 - A Not\u00edcia Online\" \/>\n\t\t<meta property=\"og:description\" content=\"Cem jovens muriaeenses foram incorporados ao Tiro de Guerra em 2018. O ano de instru\u00e7\u00e3o teve in\u00edcio oficialmente no \u00faltimo s\u00e1bado (10), durante solenidade no Cefas. H\u00e1 72 anos na cidade, o TG 04-016 transmite valores como civismo, patriotismo, lealdade, hierarquia, disciplina, entre outros. Ao longo do ano, os jovens v\u00e3o receber treinamento militar como\" \/>\n\t\t<meta property=\"og:url\" content=\"https:\/\/anoticiaonline.com.br\/site\/tiro-de-guerra-inicia-ano-de-instrucao-para-2018\/\" \/>\n\t\t<meta property=\"og:image\" content=\"https:\/\/scontent-gig4-1.xx.fbcdn.net\/v\/t39.30808-1\/270437624_4564083193639691_6907940295614233970_n.jpg?stp=dst-jpg_s200x200_tt6&#038;_nc_cat=111&#038;ccb=1-7&#038;_nc_sid=f907e8&#038;_nc_ohc=SM1wRlP3lJwQ7kNvwEPuBYA&#038;_nc_oc=AdnqrjDN_BNjSSHWO-GbkIWH6fkGMLw4bqvL_NH6e2wMveX7G-rP2dAqsDSq1mJMOaY&#038;_nc_zt=24&#038;_nc_ht=scontent-gig4-1.xx&#038;_nc_gid=AoBFJeGrT1hVaew_6rchkQ&#038;oh=00_AfX7QmFGhQhG2jAllVgXCiM1ZrWgvtp80-Bfppyexh1QEg&#038;oe=689E923C\" \/>\n\t\t<meta property=\"og:image:secure_url\" content=\"https:\/\/scontent-gig4-1.xx.fbcdn.net\/v\/t39.30808-1\/270437624_4564083193639691_6907940295614233970_n.jpg?stp=dst-jpg_s200x200_tt6&#038;_nc_cat=111&#038;ccb=1-7&#038;_nc_sid=f907e8&#038;_nc_ohc=SM1wRlP3lJwQ7kNvwEPuBYA&#038;_nc_oc=AdnqrjDN_BNjSSHWO-GbkIWH6fkGMLw4bqvL_NH6e2wMveX7G-rP2dAqsDSq1mJMOaY&#038;_nc_zt=24&#038;_nc_ht=scontent-gig4-1.xx&#038;_nc_gid=AoBFJeGrT1hVaew_6rchkQ&#038;oh=00_AfX7QmFGhQhG2jAllVgXCiM1ZrWgvtp80-Bfppyexh1QEg&#038;oe=689E923C\" \/>\n\t\t<meta property=\"article:published_time\" content=\"2018-03-13T13:43:50+00:00\" \/>\n\t\t<meta property=\"article:modified_time\" content=\"2018-03-13T13:43:50+00:00\" \/>\n\t\t<meta name=\"twitter:card\" content=\"summary_large_image\" \/>\n\t\t<meta name=\"twitter:title\" content=\"Tiro de Guerra inicia ano de instru\u00e7\u00e3o para 2018 - A Not\u00edcia Online\" \/>\n\t\t<meta name=\"twitter:description\" content=\"Cem jovens muriaeenses foram incorporados ao Tiro de Guerra em 2018. O ano de instru\u00e7\u00e3o teve in\u00edcio oficialmente no \u00faltimo s\u00e1bado (10), durante solenidade no Cefas. H\u00e1 72 anos na cidade, o TG 04-016 transmite valores como civismo, patriotismo, lealdade, hierarquia, disciplina, entre outros. Ao longo do ano, os jovens v\u00e3o receber treinamento militar como\" \/>\n\t\t<meta name=\"twitter:image\" content=\"https:\/\/scontent-gig4-1.xx.fbcdn.net\/v\/t39.30808-1\/270437624_4564083193639691_6907940295614233970_n.jpg?stp=dst-jpg_s200x200_tt6&amp;_nc_cat=111&amp;ccb=1-7&amp;_nc_sid=f907e8&amp;_nc_ohc=SM1wRlP3lJwQ7kNvwEPuBYA&amp;_nc_oc=AdnqrjDN_BNjSSHWO-GbkIWH6fkGMLw4bqvL_NH6e2wMveX7G-rP2dAqsDSq1mJMOaY&amp;_nc_zt=24&amp;_nc_ht=scontent-gig4-1.xx&amp;_nc_gid=AoBFJeGrT1hVaew_6rchkQ&amp;oh=00_AfX7QmFGhQhG2jAllVgXCiM1ZrWgvtp80-Bfppyexh1QEg&amp;oe=689E923C\" \/>\n\t\t<script type=\"application\/ld+json\" class=\"aioseo-schema\">\n\t\t\t{\"@context\":\"https:\\\/\\\/schema.org\",\"@graph\":[{\"@type\":\"BlogPosting\",\"@id\":\"https:\\\/\\\/anoticiaonline.com.br\\\/site\\\/tiro-de-guerra-inicia-ano-de-instrucao-para-2018\\\/#blogposting\",\"name\":\"Tiro de Guerra inicia ano de instru\\u00e7\\u00e3o para 2018 - A Not\\u00edcia Online\",\"headline\":\"Tiro de Guerra inicia ano de instru\\u00e7\\u00e3o para 2018\",\"author\":{\"@id\":\"https:\\\/\\\/anoticiaonline.com.br\\\/site\\\/author\\\/juliana\\\/#author\"},\"publisher\":{\"@id\":\"https:\\\/\\\/anoticiaonline.com.br\\\/site\\\/#organization\"},\"image\":{\"@type\":\"ImageObject\",\"url\":\"https:\\\/\\\/anoticiaonline.com.br\\\/site\\\/wp-content\\\/uploads\\\/2018\\\/03\\\/Tiro-de-Guerra-inicia-ano-de-instru\\u00e7\\u00e3o-para-2018.jpg\",\"width\":640,\"height\":427},\"datePublished\":\"2018-03-13T10:43:50-03:00\",\"dateModified\":\"2018-03-13T10:43:50-03:00\",\"inLanguage\":\"pt-BR\",\"mainEntityOfPage\":{\"@id\":\"https:\\\/\\\/anoticiaonline.com.br\\\/site\\\/tiro-de-guerra-inicia-ano-de-instrucao-para-2018\\\/#webpage\"},\"isPartOf\":{\"@id\":\"https:\\\/\\\/anoticiaonline.com.br\\\/site\\\/tiro-de-guerra-inicia-ano-de-instrucao-para-2018\\\/#webpage\"},\"articleSection\":\"Blog, 2018, Muria\\u00e9, tg, tiro de guerra\"},{\"@type\":\"BreadcrumbList\",\"@id\":\"https:\\\/\\\/anoticiaonline.com.br\\\/site\\\/tiro-de-guerra-inicia-ano-de-instrucao-para-2018\\\/#breadcrumblist\",\"itemListElement\":[{\"@type\":\"ListItem\",\"@id\":\"https:\\\/\\\/anoticiaonline.com.br\\\/site#listItem\",\"position\":1,\"name\":\"Home\",\"item\":\"https:\\\/\\\/anoticiaonline.com.br\\\/site\",\"nextItem\":{\"@type\":\"ListItem\",\"@id\":\"https:\\\/\\\/anoticiaonline.com.br\\\/site\\\/categoria\\\/muriae\\\/#listItem\",\"name\":\"Blog\"}},{\"@type\":\"ListItem\",\"@id\":\"https:\\\/\\\/anoticiaonline.com.br\\\/site\\\/categoria\\\/muriae\\\/#listItem\",\"position\":2,\"name\":\"Blog\",\"item\":\"https:\\\/\\\/anoticiaonline.com.br\\\/site\\\/categoria\\\/muriae\\\/\",\"nextItem\":{\"@type\":\"ListItem\",\"@id\":\"https:\\\/\\\/anoticiaonline.com.br\\\/site\\\/tiro-de-guerra-inicia-ano-de-instrucao-para-2018\\\/#listItem\",\"name\":\"Tiro de Guerra inicia ano de instru\\u00e7\\u00e3o para 2018\"},\"previousItem\":{\"@type\":\"ListItem\",\"@id\":\"https:\\\/\\\/anoticiaonline.com.br\\\/site#listItem\",\"name\":\"Home\"}},{\"@type\":\"ListItem\",\"@id\":\"https:\\\/\\\/anoticiaonline.com.br\\\/site\\\/tiro-de-guerra-inicia-ano-de-instrucao-para-2018\\\/#listItem\",\"position\":3,\"name\":\"Tiro de Guerra inicia ano de instru\\u00e7\\u00e3o para 2018\",\"previousItem\":{\"@type\":\"ListItem\",\"@id\":\"https:\\\/\\\/anoticiaonline.com.br\\\/site\\\/categoria\\\/muriae\\\/#listItem\",\"name\":\"Blog\"}}]},{\"@type\":\"Organization\",\"@id\":\"https:\\\/\\\/anoticiaonline.com.br\\\/site\\\/#organization\",\"name\":\"A Not\\u00edcia Online\",\"description\":\"Noticias de Muria\\u00e9 e regi\\u00e3o\",\"url\":\"https:\\\/\\\/anoticiaonline.com.br\\\/site\\\/\",\"logo\":{\"@type\":\"ImageObject\",\"url\":\"https:\\\/\\\/scontent-gig4-1.xx.fbcdn.net\\\/v\\\/t39.30808-1\\\/270437624_4564083193639691_6907940295614233970_n.jpg?stp=dst-jpg_s200x200_tt6&_nc_cat=111&ccb=1-7&_nc_sid=f907e8&_nc_ohc=SM1wRlP3lJwQ7kNvwEPuBYA&_nc_oc=AdnqrjDN_BNjSSHWO-GbkIWH6fkGMLw4bqvL_NH6e2wMveX7G-rP2dAqsDSq1mJMOaY&_nc_zt=24&_nc_ht=scontent-gig4-1.xx&_nc_gid=AoBFJeGrT1hVaew_6rchkQ&oh=00_AfX7QmFGhQhG2jAllVgXCiM1ZrWgvtp80-Bfppyexh1QEg&oe=689E923C\",\"@id\":\"https:\\\/\\\/anoticiaonline.com.br\\\/site\\\/tiro-de-guerra-inicia-ano-de-instrucao-para-2018\\\/#organizationLogo\"},\"image\":{\"@id\":\"https:\\\/\\\/anoticiaonline.com.br\\\/site\\\/tiro-de-guerra-inicia-ano-de-instrucao-para-2018\\\/#organizationLogo\"}},{\"@type\":\"Person\",\"@id\":\"https:\\\/\\\/anoticiaonline.com.br\\\/site\\\/author\\\/juliana\\\/#author\",\"url\":\"https:\\\/\\\/anoticiaonline.com.br\\\/site\\\/author\\\/juliana\\\/\",\"name\":\"Juliana Laviola\",\"image\":{\"@type\":\"ImageObject\",\"@id\":\"https:\\\/\\\/anoticiaonline.com.br\\\/site\\\/tiro-de-guerra-inicia-ano-de-instrucao-para-2018\\\/#authorImage\",\"url\":\"https:\\\/\\\/secure.gravatar.com\\\/avatar\\\/b8d45f5c699b100dfaf0e543582f38f38bf94cb7ae3a5e9abf8d891a34773335?s=96&d=mm&r=g\",\"width\":96,\"height\":96,\"caption\":\"Juliana Laviola\"}},{\"@type\":\"WebPage\",\"@id\":\"https:\\\/\\\/anoticiaonline.com.br\\\/site\\\/tiro-de-guerra-inicia-ano-de-instrucao-para-2018\\\/#webpage\",\"url\":\"https:\\\/\\\/anoticiaonline.com.br\\\/site\\\/tiro-de-guerra-inicia-ano-de-instrucao-para-2018\\\/\",\"name\":\"Tiro de Guerra inicia ano de instru\\u00e7\\u00e3o para 2018 - A Not\\u00edcia Online\",\"description\":\"Cem jovens muriaeenses foram incorporados ao Tiro de Guerra em 2018. O ano de instru\\u00e7\\u00e3o teve in\\u00edcio oficialmente no \\u00faltimo s\\u00e1bado (10), durante solenidade no Cefas. H\\u00e1 72 anos na cidade, o TG 04-016 transmite valores como civismo, patriotismo, lealdade, hierarquia, disciplina, entre outros. Ao longo do ano, os jovens v\\u00e3o receber treinamento militar como\",\"inLanguage\":\"pt-BR\",\"isPartOf\":{\"@id\":\"https:\\\/\\\/anoticiaonline.com.br\\\/site\\\/#website\"},\"breadcrumb\":{\"@id\":\"https:\\\/\\\/anoticiaonline.com.br\\\/site\\\/tiro-de-guerra-inicia-ano-de-instrucao-para-2018\\\/#breadcrumblist\"},\"author\":{\"@id\":\"https:\\\/\\\/anoticiaonline.com.br\\\/site\\\/author\\\/juliana\\\/#author\"},\"creator\":{\"@id\":\"https:\\\/\\\/anoticiaonline.com.br\\\/site\\\/author\\\/juliana\\\/#author\"},\"image\":{\"@type\":\"ImageObject\",\"url\":\"https:\\\/\\\/anoticiaonline.com.br\\\/site\\\/wp-content\\\/uploads\\\/2018\\\/03\\\/Tiro-de-Guerra-inicia-ano-de-instru\\u00e7\\u00e3o-para-2018.jpg\",\"@id\":\"https:\\\/\\\/anoticiaonline.com.br\\\/site\\\/tiro-de-guerra-inicia-ano-de-instrucao-para-2018\\\/#mainImage\",\"width\":640,\"height\":427},\"primaryImageOfPage\":{\"@id\":\"https:\\\/\\\/anoticiaonline.com.br\\\/site\\\/tiro-de-guerra-inicia-ano-de-instrucao-para-2018\\\/#mainImage\"},\"datePublished\":\"2018-03-13T10:43:50-03:00\",\"dateModified\":\"2018-03-13T10:43:50-03:00\"},{\"@type\":\"WebSite\",\"@id\":\"https:\\\/\\\/anoticiaonline.com.br\\\/site\\\/#website\",\"url\":\"https:\\\/\\\/anoticiaonline.com.br\\\/site\\\/\",\"name\":\"A Not\\u00edcia Online\",\"description\":\"Noticias de Muria\\u00e9 e regi\\u00e3o\",\"inLanguage\":\"pt-BR\",\"publisher\":{\"@id\":\"https:\\\/\\\/anoticiaonline.com.br\\\/site\\\/#organization\"}}]}\n\t\t<\/script>\n\t\t<!-- All in One SEO -->\n\n","aioseo_head_json":{"title":"Tiro de Guerra inicia ano de instru\u00e7\u00e3o para 2018 - A Not\u00edcia Online","description":"Cem jovens muriaeenses foram incorporados ao Tiro de Guerra em 2018. O ano de instru\u00e7\u00e3o teve in\u00edcio oficialmente no \u00faltimo s\u00e1bado (10), durante solenidade no Cefas. H\u00e1 72 anos na cidade, o TG 04-016 transmite valores como civismo, patriotismo, lealdade, hierarquia, disciplina, entre outros. Ao longo do ano, os jovens v\u00e3o receber treinamento militar como","canonical_url":"https:\/\/anoticiaonline.com.br\/site\/tiro-de-guerra-inicia-ano-de-instrucao-para-2018\/","robots":"max-image-preview:large","keywords":"","webmasterTools":{"miscellaneous":""},"schema":{"@context":"https:\/\/schema.org","@graph":[{"@type":"BlogPosting","@id":"https:\/\/anoticiaonline.com.br\/site\/tiro-de-guerra-inicia-ano-de-instrucao-para-2018\/#blogposting","name":"Tiro de Guerra inicia ano de instru\u00e7\u00e3o para 2018 - A Not\u00edcia Online","headline":"Tiro de Guerra inicia ano de instru\u00e7\u00e3o para 2018","author":{"@id":"https:\/\/anoticiaonline.com.br\/site\/author\/juliana\/#author"},"publisher":{"@id":"https:\/\/anoticiaonline.com.br\/site\/#organization"},"image":{"@type":"ImageObject","url":"https:\/\/anoticiaonline.com.br\/site\/wp-content\/uploads\/2018\/03\/Tiro-de-Guerra-inicia-ano-de-instru\u00e7\u00e3o-para-2018.jpg","width":640,"height":427},"datePublished":"2018-03-13T10:43:50-03:00","dateModified":"2018-03-13T10:43:50-03:00","inLanguage":"pt-BR","mainEntityOfPage":{"@id":"https:\/\/anoticiaonline.com.br\/site\/tiro-de-guerra-inicia-ano-de-instrucao-para-2018\/#webpage"},"isPartOf":{"@id":"https:\/\/anoticiaonline.com.br\/site\/tiro-de-guerra-inicia-ano-de-instrucao-para-2018\/#webpage"},"articleSection":"Blog, 2018, Muria\u00e9, tg, tiro de guerra"},{"@type":"BreadcrumbList","@id":"https:\/\/anoticiaonline.com.br\/site\/tiro-de-guerra-inicia-ano-de-instrucao-para-2018\/#breadcrumblist","itemListElement":[{"@type":"ListItem","@id":"https:\/\/anoticiaonline.com.br\/site#listItem","position":1,"name":"Home","item":"https:\/\/anoticiaonline.com.br\/site","nextItem":{"@type":"ListItem","@id":"https:\/\/anoticiaonline.com.br\/site\/categoria\/muriae\/#listItem","name":"Blog"}},{"@type":"ListItem","@id":"https:\/\/anoticiaonline.com.br\/site\/categoria\/muriae\/#listItem","position":2,"name":"Blog","item":"https:\/\/anoticiaonline.com.br\/site\/categoria\/muriae\/","nextItem":{"@type":"ListItem","@id":"https:\/\/anoticiaonline.com.br\/site\/tiro-de-guerra-inicia-ano-de-instrucao-para-2018\/#listItem","name":"Tiro de Guerra inicia ano de instru\u00e7\u00e3o para 2018"},"previousItem":{"@type":"ListItem","@id":"https:\/\/anoticiaonline.com.br\/site#listItem","name":"Home"}},{"@type":"ListItem","@id":"https:\/\/anoticiaonline.com.br\/site\/tiro-de-guerra-inicia-ano-de-instrucao-para-2018\/#listItem","position":3,"name":"Tiro de Guerra inicia ano de instru\u00e7\u00e3o para 2018","previousItem":{"@type":"ListItem","@id":"https:\/\/anoticiaonline.com.br\/site\/categoria\/muriae\/#listItem","name":"Blog"}}]},{"@type":"Organization","@id":"https:\/\/anoticiaonline.com.br\/site\/#organization","name":"A Not\u00edcia Online","description":"Noticias de Muria\u00e9 e regi\u00e3o","url":"https:\/\/anoticiaonline.com.br\/site\/","logo":{"@type":"ImageObject","url":"https:\/\/scontent-gig4-1.xx.fbcdn.net\/v\/t39.30808-1\/270437624_4564083193639691_6907940295614233970_n.jpg?stp=dst-jpg_s200x200_tt6&_nc_cat=111&ccb=1-7&_nc_sid=f907e8&_nc_ohc=SM1wRlP3lJwQ7kNvwEPuBYA&_nc_oc=AdnqrjDN_BNjSSHWO-GbkIWH6fkGMLw4bqvL_NH6e2wMveX7G-rP2dAqsDSq1mJMOaY&_nc_zt=24&_nc_ht=scontent-gig4-1.xx&_nc_gid=AoBFJeGrT1hVaew_6rchkQ&oh=00_AfX7QmFGhQhG2jAllVgXCiM1ZrWgvtp80-Bfppyexh1QEg&oe=689E923C","@id":"https:\/\/anoticiaonline.com.br\/site\/tiro-de-guerra-inicia-ano-de-instrucao-para-2018\/#organizationLogo"},"image":{"@id":"https:\/\/anoticiaonline.com.br\/site\/tiro-de-guerra-inicia-ano-de-instrucao-para-2018\/#organizationLogo"}},{"@type":"Person","@id":"https:\/\/anoticiaonline.com.br\/site\/author\/juliana\/#author","url":"https:\/\/anoticiaonline.com.br\/site\/author\/juliana\/","name":"Juliana Laviola","image":{"@type":"ImageObject","@id":"https:\/\/anoticiaonline.com.br\/site\/tiro-de-guerra-inicia-ano-de-instrucao-para-2018\/#authorImage","url":"https:\/\/secure.gravatar.com\/avatar\/b8d45f5c699b100dfaf0e543582f38f38bf94cb7ae3a5e9abf8d891a34773335?s=96&d=mm&r=g","width":96,"height":96,"caption":"Juliana Laviola"}},{"@type":"WebPage","@id":"https:\/\/anoticiaonline.com.br\/site\/tiro-de-guerra-inicia-ano-de-instrucao-para-2018\/#webpage","url":"https:\/\/anoticiaonline.com.br\/site\/tiro-de-guerra-inicia-ano-de-instrucao-para-2018\/","name":"Tiro de Guerra inicia ano de instru\u00e7\u00e3o para 2018 - A Not\u00edcia Online","description":"Cem jovens muriaeenses foram incorporados ao Tiro de Guerra em 2018. O ano de instru\u00e7\u00e3o teve in\u00edcio oficialmente no \u00faltimo s\u00e1bado (10), durante solenidade no Cefas. H\u00e1 72 anos na cidade, o TG 04-016 transmite valores como civismo, patriotismo, lealdade, hierarquia, disciplina, entre outros. Ao longo do ano, os jovens v\u00e3o receber treinamento militar como","inLanguage":"pt-BR","isPartOf":{"@id":"https:\/\/anoticiaonline.com.br\/site\/#website"},"breadcrumb":{"@id":"https:\/\/anoticiaonline.com.br\/site\/tiro-de-guerra-inicia-ano-de-instrucao-para-2018\/#breadcrumblist"},"author":{"@id":"https:\/\/anoticiaonline.com.br\/site\/author\/juliana\/#author"},"creator":{"@id":"https:\/\/anoticiaonline.com.br\/site\/author\/juliana\/#author"},"image":{"@type":"ImageObject","url":"https:\/\/anoticiaonline.com.br\/site\/wp-content\/uploads\/2018\/03\/Tiro-de-Guerra-inicia-ano-de-instru\u00e7\u00e3o-para-2018.jpg","@id":"https:\/\/anoticiaonline.com.br\/site\/tiro-de-guerra-inicia-ano-de-instrucao-para-2018\/#mainImage","width":640,"height":427},"primaryImageOfPage":{"@id":"https:\/\/anoticiaonline.com.br\/site\/tiro-de-guerra-inicia-ano-de-instrucao-para-2018\/#mainImage"},"datePublished":"2018-03-13T10:43:50-03:00","dateModified":"2018-03-13T10:43:50-03:00"},{"@type":"WebSite","@id":"https:\/\/anoticiaonline.com.br\/site\/#website","url":"https:\/\/anoticiaonline.com.br\/site\/","name":"A Not\u00edcia Online","description":"Noticias de Muria\u00e9 e regi\u00e3o","inLanguage":"pt-BR","publisher":{"@id":"https:\/\/anoticiaonline.com.br\/site\/#organization"}}]},"og:locale":"pt_BR","og:site_name":"A Not\u00edcia Online - Noticias de Muria\u00e9 e regi\u00e3o","og:type":"article","og:title":"Tiro de Guerra inicia ano de instru\u00e7\u00e3o para 2018 - A Not\u00edcia Online","og:description":"Cem jovens muriaeenses foram incorporados ao Tiro de Guerra em 2018. O ano de instru\u00e7\u00e3o teve in\u00edcio oficialmente no \u00faltimo s\u00e1bado (10), durante solenidade no Cefas. H\u00e1 72 anos na cidade, o TG 04-016 transmite valores como civismo, patriotismo, lealdade, hierarquia, disciplina, entre outros. Ao longo do ano, os jovens v\u00e3o receber treinamento militar como","og:url":"https:\/\/anoticiaonline.com.br\/site\/tiro-de-guerra-inicia-ano-de-instrucao-para-2018\/","og:image":"https:\/\/scontent-gig4-1.xx.fbcdn.net\/v\/t39.30808-1\/270437624_4564083193639691_6907940295614233970_n.jpg?stp=dst-jpg_s200x200_tt6&#038;_nc_cat=111&#038;ccb=1-7&#038;_nc_sid=f907e8&#038;_nc_ohc=SM1wRlP3lJwQ7kNvwEPuBYA&#038;_nc_oc=AdnqrjDN_BNjSSHWO-GbkIWH6fkGMLw4bqvL_NH6e2wMveX7G-rP2dAqsDSq1mJMOaY&#038;_nc_zt=24&#038;_nc_ht=scontent-gig4-1.xx&#038;_nc_gid=AoBFJeGrT1hVaew_6rchkQ&#038;oh=00_AfX7QmFGhQhG2jAllVgXCiM1ZrWgvtp80-Bfppyexh1QEg&#038;oe=689E923C","og:image:secure_url":"https:\/\/scontent-gig4-1.xx.fbcdn.net\/v\/t39.30808-1\/270437624_4564083193639691_6907940295614233970_n.jpg?stp=dst-jpg_s200x200_tt6&#038;_nc_cat=111&#038;ccb=1-7&#038;_nc_sid=f907e8&#038;_nc_ohc=SM1wRlP3lJwQ7kNvwEPuBYA&#038;_nc_oc=AdnqrjDN_BNjSSHWO-GbkIWH6fkGMLw4bqvL_NH6e2wMveX7G-rP2dAqsDSq1mJMOaY&#038;_nc_zt=24&#038;_nc_ht=scontent-gig4-1.xx&#038;_nc_gid=AoBFJeGrT1hVaew_6rchkQ&#038;oh=00_AfX7QmFGhQhG2jAllVgXCiM1ZrWgvtp80-Bfppyexh1QEg&#038;oe=689E923C","article:published_time":"2018-03-13T13:43:50+00:00","article:modified_time":"2018-03-13T13:43:50+00:00","twitter:card":"summary_large_image","twitter:title":"Tiro de Guerra inicia ano de instru\u00e7\u00e3o para 2018 - A Not\u00edcia Online","twitter:description":"Cem jovens muriaeenses foram incorporados ao Tiro de Guerra em 2018. O ano de instru\u00e7\u00e3o teve in\u00edcio oficialmente no \u00faltimo s\u00e1bado (10), durante solenidade no Cefas. H\u00e1 72 anos na cidade, o TG 04-016 transmite valores como civismo, patriotismo, lealdade, hierarquia, disciplina, entre outros. Ao longo do ano, os jovens v\u00e3o receber treinamento militar como","twitter:image":"https:\/\/scontent-gig4-1.xx.fbcdn.net\/v\/t39.30808-1\/270437624_4564083193639691_6907940295614233970_n.jpg?stp=dst-jpg_s200x200_tt6&_nc_cat=111&ccb=1-7&_nc_sid=f907e8&_nc_ohc=SM1wRlP3lJwQ7kNvwEPuBYA&_nc_oc=AdnqrjDN_BNjSSHWO-GbkIWH6fkGMLw4bqvL_NH6e2wMveX7G-rP2dAqsDSq1mJMOaY&_nc_zt=24&_nc_ht=scontent-gig4-1.xx&_nc_gid=AoBFJeGrT1hVaew_6rchkQ&oh=00_AfX7QmFGhQhG2jAllVgXCiM1ZrWgvtp80-Bfppyexh1QEg&oe=689E923C"},"aioseo_meta_data":{"post_id":"51626","title":null,"description":null,"keywords":null,"keyphrases":null,"primary_term":null,"canonical_url":null,"og_title":null,"og_description":null,"og_object_type":"default","og_image_type":"default","og_image_url":null,"og_image_width":null,"og_image_height":null,"og_image_custom_url":null,"og_image_custom_fields":null,"og_video":null,"og_custom_url":null,"og_article_section":null,"og_article_tags":null,"twitter_use_og":false,"twitter_card":"default","twitter_image_type":"default","twitter_image_url":null,"twitter_image_custom_url":null,"twitter_image_custom_fields":null,"twitter_title":null,"twitter_description":null,"schema":{"blockGraphs":[],"customGraphs":[],"default":{"data":{"Article":[],"Course":[],"Dataset":[],"FAQPage":[],"Movie":[],"Person":[],"Product":[],"ProductReview":[],"Car":[],"Recipe":[],"Service":[],"SoftwareApplication":[],"WebPage":[]},"graphName":"","isEnabled":true},"graphs":[]},"schema_type":"default","schema_type_options":null,"pillar_content":false,"robots_default":true,"robots_noindex":false,"robots_noarchive":false,"robots_nosnippet":false,"robots_nofollow":false,"robots_noimageindex":false,"robots_noodp":false,"robots_notranslate":false,"robots_max_snippet":null,"robots_max_videopreview":null,"robots_max_imagepreview":"large","priority":null,"frequency":null,"local_seo":null,"breadcrumb_settings":null,"limit_modified_date":false,"ai":null,"created":"2025-08-16 20:29:19","updated":"2025-08-16 20:29:19","focus_keyword":null,"additional_keywords":null,"truseo_locale":null,"seo_analyzer_scan_date":null},"aioseo_breadcrumb":"<div class=\"aioseo-breadcrumbs\"><span class=\"aioseo-breadcrumb\">\n\t\t\t<a href=\"https:\/\/anoticiaonline.com.br\/site\" title=\"Home\">Home<\/a>\n\t\t<\/span><span class=\"aioseo-breadcrumb-separator\">&raquo;<\/span><span class=\"aioseo-breadcrumb\">\n\t\t\t<a href=\"https:\/\/anoticiaonline.com.br\/site\/categoria\/muriae\/\" title=\"Blog\">Blog<\/a>\n\t\t<\/span><span class=\"aioseo-breadcrumb-separator\">&raquo;<\/span><span class=\"aioseo-breadcrumb\">\n\t\t\tTiro de Guerra inicia ano de instru\u00e7\u00e3o para 2018\n\t\t<\/span><\/div>","aioseo_breadcrumb_json":[{"label":"Home","link":"https:\/\/anoticiaonline.com.br\/site"},{"label":"Blog","link":"https:\/\/anoticiaonline.com.br\/site\/categoria\/muriae\/"},{"label":"Tiro de Guerra inicia ano de instru\u00e7\u00e3o para 2018","link":"https:\/\/anoticiaonline.com.br\/site\/tiro-de-guerra-inicia-ano-de-instrucao-para-2018\/"}],"views":137,"_links":{"self":[{"href":"https:\/\/anoticiaonline.com.br\/site\/wp-json\/wp\/v2\/posts\/51626","targetHints":{"allow":["GET"]}}],"collection":[{"href":"https:\/\/anoticiaonline.com.br\/site\/wp-json\/wp\/v2\/posts"}],"about":[{"href":"https:\/\/anoticiaonline.com.br\/site\/wp-json\/wp\/v2\/types\/post"}],"author":[{"embeddable":true,"href":"https:\/\/anoticiaonline.com.br\/site\/wp-json\/wp\/v2\/users\/2"}],"replies":[{"embeddable":true,"href":"https:\/\/anoticiaonline.com.br\/site\/wp-json\/wp\/v2\/comments?post=51626"}],"version-history":[{"count":0,"href":"https:\/\/anoticiaonline.com.br\/site\/wp-json\/wp\/v2\/posts\/51626\/revisions"}],"wp:featuredmedia":[{"embeddable":true,"href":"https:\/\/anoticiaonline.com.br\/site\/wp-json\/wp\/v2\/media\/51627"}],"wp:attachment":[{"href":"https:\/\/anoticiaonline.com.br\/site\/wp-json\/wp\/v2\/media?parent=51626"}],"wp:term":[{"taxonomy":"category","embeddable":true,"href":"https:\/\/anoticiaonline.com.br\/site\/wp-json\/wp\/v2\/categories?post=51626"},{"taxonomy":"post_tag","embeddable":true,"href":"https:\/\/anoticiaonline.com.br\/site\/wp-json\/wp\/v2\/tags?post=51626"}],"curies":[{"name":"wp","href":"https:\/\/api.w.org\/{rel}","templated":true}]}}