{"id":51606,"date":"2018-03-09T00:05:57","date_gmt":"2018-03-09T03:05:57","guid":{"rendered":"http:\/\/anoticiaonline.com.br\/site\/?p=51606"},"modified":"2018-03-09T00:05:57","modified_gmt":"2018-03-09T03:05:57","slug":"sociarte-09-03-18","status":"publish","type":"post","link":"https:\/\/anoticiaonline.com.br\/site\/sociarte-09-03-18\/","title":{"rendered":"Sociarte 09.03.18"},"content":{"rendered":"<p style=\"text-align: center;\"><strong><a href=\"https:\/\/anoticiaonline.com.br\/site\/wp-content\/uploads\/2018\/03\/Parab\u00e9ns-Thain\u00e1.jpg\"><img fetchpriority=\"high\" decoding=\"async\" class=\"aligncenter size-full wp-image-51612\" src=\"https:\/\/anoticiaonline.com.br\/site\/wp-content\/uploads\/2018\/03\/Parab\u00e9ns-Thain\u00e1.jpg\" alt=\"\" width=\"427\" height=\"640\" srcset=\"https:\/\/anoticiaonline.com.br\/site\/wp-content\/uploads\/2018\/03\/Parab\u00e9ns-Thain\u00e1.jpg 427w, https:\/\/anoticiaonline.com.br\/site\/wp-content\/uploads\/2018\/03\/Parab\u00e9ns-Thain\u00e1-200x300.jpg 200w\" sizes=\"(max-width: 427px) 100vw, 427px\" \/><\/a>Parab\u00e9ns Thain\u00e1<\/strong><\/p>\n<p>Os 3 aninhos de Thain\u00e1 Dias Vardiero foram comemorados na sexta-feira (2) em uma linda recep\u00e7\u00e3o ocorrida nos sal\u00f5es do Torre Fest. Ela que \u00e9 filha de Jean Vardiero e Cheila Dias Vardiero, escolheu o tema \u2018Show da Luna\u2019 para celebrar mais um anivers\u00e1rio com seus amigos e familiares. Parab\u00e9ns Thain\u00e1!<\/p>\n<p>&nbsp;<\/p>\n<p style=\"text-align: center;\"><strong><a href=\"https:\/\/anoticiaonline.com.br\/site\/wp-content\/uploads\/2018\/03\/Parab\u00e9ns-Picuinha.jpg\"><img decoding=\"async\" class=\"aligncenter size-full wp-image-51611\" src=\"https:\/\/anoticiaonline.com.br\/site\/wp-content\/uploads\/2018\/03\/Parab\u00e9ns-Picuinha.jpg\" alt=\"\" width=\"640\" height=\"426\" srcset=\"https:\/\/anoticiaonline.com.br\/site\/wp-content\/uploads\/2018\/03\/Parab\u00e9ns-Picuinha.jpg 640w, https:\/\/anoticiaonline.com.br\/site\/wp-content\/uploads\/2018\/03\/Parab\u00e9ns-Picuinha-300x200.jpg 300w\" sizes=\"(max-width: 640px) 100vw, 640px\" \/><\/a>Parab\u00e9ns Picuinha<\/strong><\/p>\n<p>O nosso amigo Wagner Seara (Bigod\u00e3o Afiado), ou ainda o Palha\u00e7o Picuinha, completou idade nova na quarta-feira (7). A ele, que vem alegrando a crian\u00e7ada de toda a regi\u00e3o, enviamos votos de muitas felicidades e ainda desejamos muitas \u2018bigodadas\u2019 por esse mundo a fora. Parab\u00e9ns Picuinha!!!<\/p>\n<p>&nbsp;<\/p>\n<p style=\"text-align: center;\"><strong><a href=\"https:\/\/anoticiaonline.com.br\/site\/wp-content\/uploads\/2018\/03\/Niver-de-Laura.jpg\"><img decoding=\"async\" class=\"aligncenter size-full wp-image-51610\" src=\"https:\/\/anoticiaonline.com.br\/site\/wp-content\/uploads\/2018\/03\/Niver-de-Laura.jpg\" alt=\"\" width=\"640\" height=\"480\" srcset=\"https:\/\/anoticiaonline.com.br\/site\/wp-content\/uploads\/2018\/03\/Niver-de-Laura.jpg 640w, https:\/\/anoticiaonline.com.br\/site\/wp-content\/uploads\/2018\/03\/Niver-de-Laura-300x225.jpg 300w\" sizes=\"(max-width: 640px) 100vw, 640px\" \/><\/a>Niver de Laura<\/strong><\/p>\n<p>Como n\u00e3o poderia deixar de ser o anivers\u00e1rio da querida Laura Hastenreiter foi de \u2018parar o transito\u2019, a irreverente e criativa aniversariante escolheu o tema \u2018RuPaul\u2019s Drag Race\u2019 para que todos pudessem \u2018soltar\u2019 a drag escondida dentro de cada um. O tema foi escolhido para celebrar a diversidade e o amor de todas as formas. Al\u00e9m de inovar no tema, Laura ainda inovou tamb\u00e9m no pedido dos presentes: ela solicitou, a cada um, uma doa\u00e7\u00e3o de ra\u00e7\u00f5es. Foram arrecadados 255kg de ra\u00e7\u00e3o, que foram encaminhados ao canil da Penitenci\u00e1ria de Muria\u00e9. Ela \u00e9 filha do casal Dirlani e Nina Filho, e noiva de Vicente Dantes. Parab\u00e9ns Laura!!!!<\/p>\n<p style=\"text-align: center;\"><strong><a href=\"https:\/\/anoticiaonline.com.br\/site\/wp-content\/uploads\/2018\/03\/1\u00ba-ano-de-Alice.jpg\"><img loading=\"lazy\" decoding=\"async\" class=\"aligncenter size-full wp-image-51607\" src=\"https:\/\/anoticiaonline.com.br\/site\/wp-content\/uploads\/2018\/03\/1\u00ba-ano-de-Alice.jpg\" alt=\"\" width=\"581\" height=\"388\" srcset=\"https:\/\/anoticiaonline.com.br\/site\/wp-content\/uploads\/2018\/03\/1\u00ba-ano-de-Alice.jpg 581w, https:\/\/anoticiaonline.com.br\/site\/wp-content\/uploads\/2018\/03\/1\u00ba-ano-de-Alice-300x200.jpg 300w\" sizes=\"(max-width: 581px) 100vw, 581px\" \/><\/a>O primeiro aninho de Alice<\/strong><\/p>\n<p>O primeiro aninho de Alice Marciel de Moraes, filha de Magno Nunes de Moraes e Analice da Silva Marciel Moraes, foi comemorado, no s\u00e1bado (3) com muita alegria no Clube Bem Viver, em Laranjal. O tema escolhido para a festa foi Jardim Encantado. Parab\u00e9ns, Alice!!!! Foto: Revele Photo.<\/p>\n<p>&nbsp;<\/p>\n<p><strong><a href=\"https:\/\/anoticiaonline.com.br\/site\/wp-content\/uploads\/2018\/03\/11-anos-jo\u00e3o-pedro.jpg\"><img loading=\"lazy\" decoding=\"async\" class=\"aligncenter size-full wp-image-51608\" src=\"https:\/\/anoticiaonline.com.br\/site\/wp-content\/uploads\/2018\/03\/11-anos-jo\u00e3o-pedro.jpg\" alt=\"\" width=\"427\" height=\"640\" srcset=\"https:\/\/anoticiaonline.com.br\/site\/wp-content\/uploads\/2018\/03\/11-anos-jo\u00e3o-pedro.jpg 427w, https:\/\/anoticiaonline.com.br\/site\/wp-content\/uploads\/2018\/03\/11-anos-jo\u00e3o-pedro-200x300.jpg 200w\" sizes=\"(max-width: 427px) 100vw, 427px\" \/><\/a><\/strong><\/p>\n<p style=\"text-align: center;\"><strong>Jo\u00e3o Pedro completa 11 anos<\/strong><\/p>\n<p>Jo\u00e3o Pedro do Carmo Flauzino, filho de Wesley Cristian de Paula Flauzino e Tatiana Cristina da Fonseca Flauzino, completou seus 11 anos com o tema Futebol, no s\u00e1bado (3), no Restaurante da Charretinha. Felicidades Jo\u00e3o Pedro!!!! Foto: Revele Photo.<\/p>\n<p>&nbsp;<\/p>\n<p style=\"text-align: center;\"><strong><a href=\"https:\/\/anoticiaonline.com.br\/site\/wp-content\/uploads\/2018\/03\/71-anos-lourdes.jpg\"><img loading=\"lazy\" decoding=\"async\" class=\"aligncenter size-full wp-image-51609\" src=\"https:\/\/anoticiaonline.com.br\/site\/wp-content\/uploads\/2018\/03\/71-anos-lourdes.jpg\" alt=\"\" width=\"427\" height=\"640\" srcset=\"https:\/\/anoticiaonline.com.br\/site\/wp-content\/uploads\/2018\/03\/71-anos-lourdes.jpg 427w, https:\/\/anoticiaonline.com.br\/site\/wp-content\/uploads\/2018\/03\/71-anos-lourdes-200x300.jpg 200w\" sizes=\"(max-width: 427px) 100vw, 427px\" \/><\/a>71 anos de Lourdes<\/strong><\/p>\n<p>A senhora Lourdes Brigida Serra Abreu celebrou seus 71 anos ao lado da fam\u00edlia e dos amigos no s\u00e1bado (3), na Fazenda Dr. Jorge. Muitos anos de vida Lourdes!!! Foto: Revele Photo.<\/p>\n<p>&nbsp;<\/p>\n<p>&nbsp;<\/p>\n","protected":false},"excerpt":{"rendered":"<p>Parab\u00e9ns Thain\u00e1 Os 3 aninhos de Thain\u00e1 Dias Vardiero foram comemorados na sexta-feira (2) em uma linda recep\u00e7\u00e3o ocorrida nos sal\u00f5es do Torre Fest. Ela que \u00e9 filha de Jean Vardiero e Cheila Dias Vardiero, escolheu o tema \u2018Show da Luna\u2019 para celebrar mais um anivers\u00e1rio com seus amigos e familiares. Parab\u00e9ns Thain\u00e1! &nbsp; Parab\u00e9ns &#8230; <a title=\"Sociarte 09.03.18\" class=\"read-more\" href=\"https:\/\/anoticiaonline.com.br\/site\/sociarte-09-03-18\/\" aria-label=\"Read more about Sociarte 09.03.18\">Ler mais<\/a><\/p>\n","protected":false},"author":2,"featured_media":0,"comment_status":"open","ping_status":"open","sticky":false,"template":"","format":"standard","meta":{"_acf_changed":false,"_monsterinsights_skip_tracking":false,"footnotes":""},"categories":[38],"tags":[366,393,11,2168,2167],"class_list":["post-51606","post","type-post","status-publish","format-standard","hentry","category-sociarte","tag-aniversario","tag-casamento","tag-formatura","tag-picuinha","tag-torre-fest"],"acf":[],"aioseo_notices":[],"aioseo_head":"\n\t\t<!-- All in One SEO 5.0.0.1 - aioseo.com -->\n\t<meta name=\"description\" content=\"Parab\u00e9ns Thain\u00e1 Os 3 aninhos de Thain\u00e1 Dias Vardiero foram comemorados na sexta-feira (2) em uma linda recep\u00e7\u00e3o ocorrida nos sal\u00f5es do Torre Fest. Ela que \u00e9 filha de Jean Vardiero e Cheila Dias Vardiero, escolheu o tema \u2018Show da Luna\u2019 para celebrar mais um anivers\u00e1rio com seus amigos e familiares. Parab\u00e9ns Thain\u00e1! Parab\u00e9ns\" \/>\n\t<meta name=\"robots\" content=\"max-image-preview:large\" \/>\n\t<meta name=\"author\" content=\"Juliana Laviola\"\/>\n\t<link rel=\"canonical\" href=\"https:\/\/anoticiaonline.com.br\/site\/sociarte-09-03-18\/\" \/>\n\t<meta name=\"generator\" content=\"All in One SEO (AIOSEO) 5.0.0.1\" \/>\n\t\t<meta property=\"og:locale\" content=\"pt_BR\" \/>\n\t\t<meta property=\"og:site_name\" content=\"A Not\u00edcia Online - Noticias de Muria\u00e9 e regi\u00e3o\" \/>\n\t\t<meta property=\"og:type\" content=\"article\" \/>\n\t\t<meta property=\"og:title\" content=\"Sociarte 09.03.18 - A Not\u00edcia Online\" \/>\n\t\t<meta property=\"og:description\" content=\"Parab\u00e9ns Thain\u00e1 Os 3 aninhos de Thain\u00e1 Dias Vardiero foram comemorados na sexta-feira (2) em uma linda recep\u00e7\u00e3o ocorrida nos sal\u00f5es do Torre Fest. Ela que \u00e9 filha de Jean Vardiero e Cheila Dias Vardiero, escolheu o tema \u2018Show da Luna\u2019 para celebrar mais um anivers\u00e1rio com seus amigos e familiares. Parab\u00e9ns Thain\u00e1! Parab\u00e9ns\" \/>\n\t\t<meta property=\"og:url\" content=\"https:\/\/anoticiaonline.com.br\/site\/sociarte-09-03-18\/\" \/>\n\t\t<meta property=\"og:image\" content=\"https:\/\/scontent-gig4-1.xx.fbcdn.net\/v\/t39.30808-1\/270437624_4564083193639691_6907940295614233970_n.jpg?stp=dst-jpg_s200x200_tt6&#038;_nc_cat=111&#038;ccb=1-7&#038;_nc_sid=f907e8&#038;_nc_ohc=SM1wRlP3lJwQ7kNvwEPuBYA&#038;_nc_oc=AdnqrjDN_BNjSSHWO-GbkIWH6fkGMLw4bqvL_NH6e2wMveX7G-rP2dAqsDSq1mJMOaY&#038;_nc_zt=24&#038;_nc_ht=scontent-gig4-1.xx&#038;_nc_gid=AoBFJeGrT1hVaew_6rchkQ&#038;oh=00_AfX7QmFGhQhG2jAllVgXCiM1ZrWgvtp80-Bfppyexh1QEg&#038;oe=689E923C\" \/>\n\t\t<meta property=\"og:image:secure_url\" content=\"https:\/\/scontent-gig4-1.xx.fbcdn.net\/v\/t39.30808-1\/270437624_4564083193639691_6907940295614233970_n.jpg?stp=dst-jpg_s200x200_tt6&#038;_nc_cat=111&#038;ccb=1-7&#038;_nc_sid=f907e8&#038;_nc_ohc=SM1wRlP3lJwQ7kNvwEPuBYA&#038;_nc_oc=AdnqrjDN_BNjSSHWO-GbkIWH6fkGMLw4bqvL_NH6e2wMveX7G-rP2dAqsDSq1mJMOaY&#038;_nc_zt=24&#038;_nc_ht=scontent-gig4-1.xx&#038;_nc_gid=AoBFJeGrT1hVaew_6rchkQ&#038;oh=00_AfX7QmFGhQhG2jAllVgXCiM1ZrWgvtp80-Bfppyexh1QEg&#038;oe=689E923C\" \/>\n\t\t<meta property=\"article:published_time\" content=\"2018-03-09T03:05:57+00:00\" \/>\n\t\t<meta property=\"article:modified_time\" content=\"2018-03-09T03:05:57+00:00\" \/>\n\t\t<meta name=\"twitter:card\" content=\"summary_large_image\" \/>\n\t\t<meta name=\"twitter:title\" content=\"Sociarte 09.03.18 - A Not\u00edcia Online\" \/>\n\t\t<meta name=\"twitter:description\" content=\"Parab\u00e9ns Thain\u00e1 Os 3 aninhos de Thain\u00e1 Dias Vardiero foram comemorados na sexta-feira (2) em uma linda recep\u00e7\u00e3o ocorrida nos sal\u00f5es do Torre Fest. Ela que \u00e9 filha de Jean Vardiero e Cheila Dias Vardiero, escolheu o tema \u2018Show da Luna\u2019 para celebrar mais um anivers\u00e1rio com seus amigos e familiares. Parab\u00e9ns Thain\u00e1! Parab\u00e9ns\" \/>\n\t\t<meta name=\"twitter:image\" content=\"https:\/\/scontent-gig4-1.xx.fbcdn.net\/v\/t39.30808-1\/270437624_4564083193639691_6907940295614233970_n.jpg?stp=dst-jpg_s200x200_tt6&amp;_nc_cat=111&amp;ccb=1-7&amp;_nc_sid=f907e8&amp;_nc_ohc=SM1wRlP3lJwQ7kNvwEPuBYA&amp;_nc_oc=AdnqrjDN_BNjSSHWO-GbkIWH6fkGMLw4bqvL_NH6e2wMveX7G-rP2dAqsDSq1mJMOaY&amp;_nc_zt=24&amp;_nc_ht=scontent-gig4-1.xx&amp;_nc_gid=AoBFJeGrT1hVaew_6rchkQ&amp;oh=00_AfX7QmFGhQhG2jAllVgXCiM1ZrWgvtp80-Bfppyexh1QEg&amp;oe=689E923C\" \/>\n\t\t<script type=\"application\/ld+json\" class=\"aioseo-schema\">\n\t\t\t{\"@context\":\"https:\\\/\\\/schema.org\",\"@graph\":[{\"@type\":\"BlogPosting\",\"@id\":\"https:\\\/\\\/anoticiaonline.com.br\\\/site\\\/sociarte-09-03-18\\\/#blogposting\",\"name\":\"Sociarte 09.03.18 - A Not\\u00edcia Online\",\"headline\":\"Sociarte 09.03.18\",\"author\":{\"@id\":\"https:\\\/\\\/anoticiaonline.com.br\\\/site\\\/author\\\/juliana\\\/#author\"},\"publisher\":{\"@id\":\"https:\\\/\\\/anoticiaonline.com.br\\\/site\\\/#organization\"},\"image\":{\"@type\":\"ImageObject\",\"url\":\"https:\\\/\\\/anoticiaonline.com.br\\\/site\\\/wp-content\\\/uploads\\\/2018\\\/03\\\/Parab\\u00e9ns-Thain\\u00e1.jpg\",\"@id\":\"https:\\\/\\\/anoticiaonline.com.br\\\/site\\\/sociarte-09-03-18\\\/#articleImage\",\"width\":427,\"height\":640},\"datePublished\":\"2018-03-09T00:05:57-03:00\",\"dateModified\":\"2018-03-09T00:05:57-03:00\",\"inLanguage\":\"pt-BR\",\"mainEntityOfPage\":{\"@id\":\"https:\\\/\\\/anoticiaonline.com.br\\\/site\\\/sociarte-09-03-18\\\/#webpage\"},\"isPartOf\":{\"@id\":\"https:\\\/\\\/anoticiaonline.com.br\\\/site\\\/sociarte-09-03-18\\\/#webpage\"},\"articleSection\":\"Sociarte, anivers\\u00e1rio, casamento, formatura, Picuinha, Torre Fest\"},{\"@type\":\"BreadcrumbList\",\"@id\":\"https:\\\/\\\/anoticiaonline.com.br\\\/site\\\/sociarte-09-03-18\\\/#breadcrumblist\",\"itemListElement\":[{\"@type\":\"ListItem\",\"@id\":\"https:\\\/\\\/anoticiaonline.com.br\\\/site#listItem\",\"position\":1,\"name\":\"Home\",\"item\":\"https:\\\/\\\/anoticiaonline.com.br\\\/site\",\"nextItem\":{\"@type\":\"ListItem\",\"@id\":\"https:\\\/\\\/anoticiaonline.com.br\\\/site\\\/categoria\\\/colunistas\\\/#listItem\",\"name\":\"Colunistas\"}},{\"@type\":\"ListItem\",\"@id\":\"https:\\\/\\\/anoticiaonline.com.br\\\/site\\\/categoria\\\/colunistas\\\/#listItem\",\"position\":2,\"name\":\"Colunistas\",\"item\":\"https:\\\/\\\/anoticiaonline.com.br\\\/site\\\/categoria\\\/colunistas\\\/\",\"nextItem\":{\"@type\":\"ListItem\",\"@id\":\"https:\\\/\\\/anoticiaonline.com.br\\\/site\\\/categoria\\\/colunistas\\\/sociarte\\\/#listItem\",\"name\":\"Sociarte\"},\"previousItem\":{\"@type\":\"ListItem\",\"@id\":\"https:\\\/\\\/anoticiaonline.com.br\\\/site#listItem\",\"name\":\"Home\"}},{\"@type\":\"ListItem\",\"@id\":\"https:\\\/\\\/anoticiaonline.com.br\\\/site\\\/categoria\\\/colunistas\\\/sociarte\\\/#listItem\",\"position\":3,\"name\":\"Sociarte\",\"item\":\"https:\\\/\\\/anoticiaonline.com.br\\\/site\\\/categoria\\\/colunistas\\\/sociarte\\\/\",\"nextItem\":{\"@type\":\"ListItem\",\"@id\":\"https:\\\/\\\/anoticiaonline.com.br\\\/site\\\/sociarte-09-03-18\\\/#listItem\",\"name\":\"Sociarte 09.03.18\"},\"previousItem\":{\"@type\":\"ListItem\",\"@id\":\"https:\\\/\\\/anoticiaonline.com.br\\\/site\\\/categoria\\\/colunistas\\\/#listItem\",\"name\":\"Colunistas\"}},{\"@type\":\"ListItem\",\"@id\":\"https:\\\/\\\/anoticiaonline.com.br\\\/site\\\/sociarte-09-03-18\\\/#listItem\",\"position\":4,\"name\":\"Sociarte 09.03.18\",\"previousItem\":{\"@type\":\"ListItem\",\"@id\":\"https:\\\/\\\/anoticiaonline.com.br\\\/site\\\/categoria\\\/colunistas\\\/sociarte\\\/#listItem\",\"name\":\"Sociarte\"}}]},{\"@type\":\"Organization\",\"@id\":\"https:\\\/\\\/anoticiaonline.com.br\\\/site\\\/#organization\",\"name\":\"A Not\\u00edcia Online\",\"description\":\"Noticias de Muria\\u00e9 e regi\\u00e3o\",\"url\":\"https:\\\/\\\/anoticiaonline.com.br\\\/site\\\/\",\"logo\":{\"@type\":\"ImageObject\",\"url\":\"https:\\\/\\\/scontent-gig4-1.xx.fbcdn.net\\\/v\\\/t39.30808-1\\\/270437624_4564083193639691_6907940295614233970_n.jpg?stp=dst-jpg_s200x200_tt6&_nc_cat=111&ccb=1-7&_nc_sid=f907e8&_nc_ohc=SM1wRlP3lJwQ7kNvwEPuBYA&_nc_oc=AdnqrjDN_BNjSSHWO-GbkIWH6fkGMLw4bqvL_NH6e2wMveX7G-rP2dAqsDSq1mJMOaY&_nc_zt=24&_nc_ht=scontent-gig4-1.xx&_nc_gid=AoBFJeGrT1hVaew_6rchkQ&oh=00_AfX7QmFGhQhG2jAllVgXCiM1ZrWgvtp80-Bfppyexh1QEg&oe=689E923C\",\"@id\":\"https:\\\/\\\/anoticiaonline.com.br\\\/site\\\/sociarte-09-03-18\\\/#organizationLogo\"},\"image\":{\"@id\":\"https:\\\/\\\/anoticiaonline.com.br\\\/site\\\/sociarte-09-03-18\\\/#organizationLogo\"}},{\"@type\":\"Person\",\"@id\":\"https:\\\/\\\/anoticiaonline.com.br\\\/site\\\/author\\\/juliana\\\/#author\",\"url\":\"https:\\\/\\\/anoticiaonline.com.br\\\/site\\\/author\\\/juliana\\\/\",\"name\":\"Juliana Laviola\",\"image\":{\"@type\":\"ImageObject\",\"@id\":\"https:\\\/\\\/anoticiaonline.com.br\\\/site\\\/sociarte-09-03-18\\\/#authorImage\",\"url\":\"https:\\\/\\\/secure.gravatar.com\\\/avatar\\\/b8d45f5c699b100dfaf0e543582f38f38bf94cb7ae3a5e9abf8d891a34773335?s=96&d=mm&r=g\",\"width\":96,\"height\":96,\"caption\":\"Juliana Laviola\"}},{\"@type\":\"WebPage\",\"@id\":\"https:\\\/\\\/anoticiaonline.com.br\\\/site\\\/sociarte-09-03-18\\\/#webpage\",\"url\":\"https:\\\/\\\/anoticiaonline.com.br\\\/site\\\/sociarte-09-03-18\\\/\",\"name\":\"Sociarte 09.03.18 - A Not\\u00edcia Online\",\"description\":\"Parab\\u00e9ns Thain\\u00e1 Os 3 aninhos de Thain\\u00e1 Dias Vardiero foram comemorados na sexta-feira (2) em uma linda recep\\u00e7\\u00e3o ocorrida nos sal\\u00f5es do Torre Fest. Ela que \\u00e9 filha de Jean Vardiero e Cheila Dias Vardiero, escolheu o tema \\u2018Show da Luna\\u2019 para celebrar mais um anivers\\u00e1rio com seus amigos e familiares. Parab\\u00e9ns Thain\\u00e1! Parab\\u00e9ns\",\"inLanguage\":\"pt-BR\",\"isPartOf\":{\"@id\":\"https:\\\/\\\/anoticiaonline.com.br\\\/site\\\/#website\"},\"breadcrumb\":{\"@id\":\"https:\\\/\\\/anoticiaonline.com.br\\\/site\\\/sociarte-09-03-18\\\/#breadcrumblist\"},\"author\":{\"@id\":\"https:\\\/\\\/anoticiaonline.com.br\\\/site\\\/author\\\/juliana\\\/#author\"},\"creator\":{\"@id\":\"https:\\\/\\\/anoticiaonline.com.br\\\/site\\\/author\\\/juliana\\\/#author\"},\"datePublished\":\"2018-03-09T00:05:57-03:00\",\"dateModified\":\"2018-03-09T00:05:57-03:00\"},{\"@type\":\"WebSite\",\"@id\":\"https:\\\/\\\/anoticiaonline.com.br\\\/site\\\/#website\",\"url\":\"https:\\\/\\\/anoticiaonline.com.br\\\/site\\\/\",\"name\":\"A Not\\u00edcia Online\",\"description\":\"Noticias de Muria\\u00e9 e regi\\u00e3o\",\"inLanguage\":\"pt-BR\",\"publisher\":{\"@id\":\"https:\\\/\\\/anoticiaonline.com.br\\\/site\\\/#organization\"}}]}\n\t\t<\/script>\n\t\t<!-- All in One SEO -->\n\n","aioseo_head_json":{"title":"Sociarte 09.03.18 - A Not\u00edcia Online","description":"Parab\u00e9ns Thain\u00e1 Os 3 aninhos de Thain\u00e1 Dias Vardiero foram comemorados na sexta-feira (2) em uma linda recep\u00e7\u00e3o ocorrida nos sal\u00f5es do Torre Fest. Ela que \u00e9 filha de Jean Vardiero e Cheila Dias Vardiero, escolheu o tema \u2018Show da Luna\u2019 para celebrar mais um anivers\u00e1rio com seus amigos e familiares. Parab\u00e9ns Thain\u00e1! Parab\u00e9ns","canonical_url":"https:\/\/anoticiaonline.com.br\/site\/sociarte-09-03-18\/","robots":"max-image-preview:large","keywords":"","webmasterTools":{"miscellaneous":""},"schema":{"@context":"https:\/\/schema.org","@graph":[{"@type":"BlogPosting","@id":"https:\/\/anoticiaonline.com.br\/site\/sociarte-09-03-18\/#blogposting","name":"Sociarte 09.03.18 - A Not\u00edcia Online","headline":"Sociarte 09.03.18","author":{"@id":"https:\/\/anoticiaonline.com.br\/site\/author\/juliana\/#author"},"publisher":{"@id":"https:\/\/anoticiaonline.com.br\/site\/#organization"},"image":{"@type":"ImageObject","url":"https:\/\/anoticiaonline.com.br\/site\/wp-content\/uploads\/2018\/03\/Parab\u00e9ns-Thain\u00e1.jpg","@id":"https:\/\/anoticiaonline.com.br\/site\/sociarte-09-03-18\/#articleImage","width":427,"height":640},"datePublished":"2018-03-09T00:05:57-03:00","dateModified":"2018-03-09T00:05:57-03:00","inLanguage":"pt-BR","mainEntityOfPage":{"@id":"https:\/\/anoticiaonline.com.br\/site\/sociarte-09-03-18\/#webpage"},"isPartOf":{"@id":"https:\/\/anoticiaonline.com.br\/site\/sociarte-09-03-18\/#webpage"},"articleSection":"Sociarte, anivers\u00e1rio, casamento, formatura, Picuinha, Torre Fest"},{"@type":"BreadcrumbList","@id":"https:\/\/anoticiaonline.com.br\/site\/sociarte-09-03-18\/#breadcrumblist","itemListElement":[{"@type":"ListItem","@id":"https:\/\/anoticiaonline.com.br\/site#listItem","position":1,"name":"Home","item":"https:\/\/anoticiaonline.com.br\/site","nextItem":{"@type":"ListItem","@id":"https:\/\/anoticiaonline.com.br\/site\/categoria\/colunistas\/#listItem","name":"Colunistas"}},{"@type":"ListItem","@id":"https:\/\/anoticiaonline.com.br\/site\/categoria\/colunistas\/#listItem","position":2,"name":"Colunistas","item":"https:\/\/anoticiaonline.com.br\/site\/categoria\/colunistas\/","nextItem":{"@type":"ListItem","@id":"https:\/\/anoticiaonline.com.br\/site\/categoria\/colunistas\/sociarte\/#listItem","name":"Sociarte"},"previousItem":{"@type":"ListItem","@id":"https:\/\/anoticiaonline.com.br\/site#listItem","name":"Home"}},{"@type":"ListItem","@id":"https:\/\/anoticiaonline.com.br\/site\/categoria\/colunistas\/sociarte\/#listItem","position":3,"name":"Sociarte","item":"https:\/\/anoticiaonline.com.br\/site\/categoria\/colunistas\/sociarte\/","nextItem":{"@type":"ListItem","@id":"https:\/\/anoticiaonline.com.br\/site\/sociarte-09-03-18\/#listItem","name":"Sociarte 09.03.18"},"previousItem":{"@type":"ListItem","@id":"https:\/\/anoticiaonline.com.br\/site\/categoria\/colunistas\/#listItem","name":"Colunistas"}},{"@type":"ListItem","@id":"https:\/\/anoticiaonline.com.br\/site\/sociarte-09-03-18\/#listItem","position":4,"name":"Sociarte 09.03.18","previousItem":{"@type":"ListItem","@id":"https:\/\/anoticiaonline.com.br\/site\/categoria\/colunistas\/sociarte\/#listItem","name":"Sociarte"}}]},{"@type":"Organization","@id":"https:\/\/anoticiaonline.com.br\/site\/#organization","name":"A Not\u00edcia Online","description":"Noticias de Muria\u00e9 e regi\u00e3o","url":"https:\/\/anoticiaonline.com.br\/site\/","logo":{"@type":"ImageObject","url":"https:\/\/scontent-gig4-1.xx.fbcdn.net\/v\/t39.30808-1\/270437624_4564083193639691_6907940295614233970_n.jpg?stp=dst-jpg_s200x200_tt6&_nc_cat=111&ccb=1-7&_nc_sid=f907e8&_nc_ohc=SM1wRlP3lJwQ7kNvwEPuBYA&_nc_oc=AdnqrjDN_BNjSSHWO-GbkIWH6fkGMLw4bqvL_NH6e2wMveX7G-rP2dAqsDSq1mJMOaY&_nc_zt=24&_nc_ht=scontent-gig4-1.xx&_nc_gid=AoBFJeGrT1hVaew_6rchkQ&oh=00_AfX7QmFGhQhG2jAllVgXCiM1ZrWgvtp80-Bfppyexh1QEg&oe=689E923C","@id":"https:\/\/anoticiaonline.com.br\/site\/sociarte-09-03-18\/#organizationLogo"},"image":{"@id":"https:\/\/anoticiaonline.com.br\/site\/sociarte-09-03-18\/#organizationLogo"}},{"@type":"Person","@id":"https:\/\/anoticiaonline.com.br\/site\/author\/juliana\/#author","url":"https:\/\/anoticiaonline.com.br\/site\/author\/juliana\/","name":"Juliana Laviola","image":{"@type":"ImageObject","@id":"https:\/\/anoticiaonline.com.br\/site\/sociarte-09-03-18\/#authorImage","url":"https:\/\/secure.gravatar.com\/avatar\/b8d45f5c699b100dfaf0e543582f38f38bf94cb7ae3a5e9abf8d891a34773335?s=96&d=mm&r=g","width":96,"height":96,"caption":"Juliana Laviola"}},{"@type":"WebPage","@id":"https:\/\/anoticiaonline.com.br\/site\/sociarte-09-03-18\/#webpage","url":"https:\/\/anoticiaonline.com.br\/site\/sociarte-09-03-18\/","name":"Sociarte 09.03.18 - A Not\u00edcia Online","description":"Parab\u00e9ns Thain\u00e1 Os 3 aninhos de Thain\u00e1 Dias Vardiero foram comemorados na sexta-feira (2) em uma linda recep\u00e7\u00e3o ocorrida nos sal\u00f5es do Torre Fest. Ela que \u00e9 filha de Jean Vardiero e Cheila Dias Vardiero, escolheu o tema \u2018Show da Luna\u2019 para celebrar mais um anivers\u00e1rio com seus amigos e familiares. Parab\u00e9ns Thain\u00e1! Parab\u00e9ns","inLanguage":"pt-BR","isPartOf":{"@id":"https:\/\/anoticiaonline.com.br\/site\/#website"},"breadcrumb":{"@id":"https:\/\/anoticiaonline.com.br\/site\/sociarte-09-03-18\/#breadcrumblist"},"author":{"@id":"https:\/\/anoticiaonline.com.br\/site\/author\/juliana\/#author"},"creator":{"@id":"https:\/\/anoticiaonline.com.br\/site\/author\/juliana\/#author"},"datePublished":"2018-03-09T00:05:57-03:00","dateModified":"2018-03-09T00:05:57-03:00"},{"@type":"WebSite","@id":"https:\/\/anoticiaonline.com.br\/site\/#website","url":"https:\/\/anoticiaonline.com.br\/site\/","name":"A Not\u00edcia Online","description":"Noticias de Muria\u00e9 e regi\u00e3o","inLanguage":"pt-BR","publisher":{"@id":"https:\/\/anoticiaonline.com.br\/site\/#organization"}}]},"og:locale":"pt_BR","og:site_name":"A Not\u00edcia Online - Noticias de Muria\u00e9 e regi\u00e3o","og:type":"article","og:title":"Sociarte 09.03.18 - A Not\u00edcia Online","og:description":"Parab\u00e9ns Thain\u00e1 Os 3 aninhos de Thain\u00e1 Dias Vardiero foram comemorados na sexta-feira (2) em uma linda recep\u00e7\u00e3o ocorrida nos sal\u00f5es do Torre Fest. Ela que \u00e9 filha de Jean Vardiero e Cheila Dias Vardiero, escolheu o tema \u2018Show da Luna\u2019 para celebrar mais um anivers\u00e1rio com seus amigos e familiares. Parab\u00e9ns Thain\u00e1! Parab\u00e9ns","og:url":"https:\/\/anoticiaonline.com.br\/site\/sociarte-09-03-18\/","og:image":"https:\/\/scontent-gig4-1.xx.fbcdn.net\/v\/t39.30808-1\/270437624_4564083193639691_6907940295614233970_n.jpg?stp=dst-jpg_s200x200_tt6&#038;_nc_cat=111&#038;ccb=1-7&#038;_nc_sid=f907e8&#038;_nc_ohc=SM1wRlP3lJwQ7kNvwEPuBYA&#038;_nc_oc=AdnqrjDN_BNjSSHWO-GbkIWH6fkGMLw4bqvL_NH6e2wMveX7G-rP2dAqsDSq1mJMOaY&#038;_nc_zt=24&#038;_nc_ht=scontent-gig4-1.xx&#038;_nc_gid=AoBFJeGrT1hVaew_6rchkQ&#038;oh=00_AfX7QmFGhQhG2jAllVgXCiM1ZrWgvtp80-Bfppyexh1QEg&#038;oe=689E923C","og:image:secure_url":"https:\/\/scontent-gig4-1.xx.fbcdn.net\/v\/t39.30808-1\/270437624_4564083193639691_6907940295614233970_n.jpg?stp=dst-jpg_s200x200_tt6&#038;_nc_cat=111&#038;ccb=1-7&#038;_nc_sid=f907e8&#038;_nc_ohc=SM1wRlP3lJwQ7kNvwEPuBYA&#038;_nc_oc=AdnqrjDN_BNjSSHWO-GbkIWH6fkGMLw4bqvL_NH6e2wMveX7G-rP2dAqsDSq1mJMOaY&#038;_nc_zt=24&#038;_nc_ht=scontent-gig4-1.xx&#038;_nc_gid=AoBFJeGrT1hVaew_6rchkQ&#038;oh=00_AfX7QmFGhQhG2jAllVgXCiM1ZrWgvtp80-Bfppyexh1QEg&#038;oe=689E923C","article:published_time":"2018-03-09T03:05:57+00:00","article:modified_time":"2018-03-09T03:05:57+00:00","twitter:card":"summary_large_image","twitter:title":"Sociarte 09.03.18 - A Not\u00edcia Online","twitter:description":"Parab\u00e9ns Thain\u00e1 Os 3 aninhos de Thain\u00e1 Dias Vardiero foram comemorados na sexta-feira (2) em uma linda recep\u00e7\u00e3o ocorrida nos sal\u00f5es do Torre Fest. Ela que \u00e9 filha de Jean Vardiero e Cheila Dias Vardiero, escolheu o tema \u2018Show da Luna\u2019 para celebrar mais um anivers\u00e1rio com seus amigos e familiares. Parab\u00e9ns Thain\u00e1! Parab\u00e9ns","twitter:image":"https:\/\/scontent-gig4-1.xx.fbcdn.net\/v\/t39.30808-1\/270437624_4564083193639691_6907940295614233970_n.jpg?stp=dst-jpg_s200x200_tt6&_nc_cat=111&ccb=1-7&_nc_sid=f907e8&_nc_ohc=SM1wRlP3lJwQ7kNvwEPuBYA&_nc_oc=AdnqrjDN_BNjSSHWO-GbkIWH6fkGMLw4bqvL_NH6e2wMveX7G-rP2dAqsDSq1mJMOaY&_nc_zt=24&_nc_ht=scontent-gig4-1.xx&_nc_gid=AoBFJeGrT1hVaew_6rchkQ&oh=00_AfX7QmFGhQhG2jAllVgXCiM1ZrWgvtp80-Bfppyexh1QEg&oe=689E923C"},"aioseo_meta_data":{"post_id":"51606","title":null,"description":null,"keywords":null,"keyphrases":null,"primary_term":null,"canonical_url":null,"og_title":null,"og_description":null,"og_object_type":"default","og_image_type":"default","og_image_url":null,"og_image_width":null,"og_image_height":null,"og_image_custom_url":null,"og_image_custom_fields":null,"og_video":null,"og_custom_url":null,"og_article_section":null,"og_article_tags":null,"twitter_use_og":false,"twitter_card":"default","twitter_image_type":"default","twitter_image_url":null,"twitter_image_custom_url":null,"twitter_image_custom_fields":null,"twitter_title":null,"twitter_description":null,"schema":{"blockGraphs":[],"customGraphs":[],"default":{"data":{"Article":[],"Course":[],"Dataset":[],"FAQPage":[],"Movie":[],"Person":[],"Product":[],"ProductReview":[],"Car":[],"Recipe":[],"Service":[],"SoftwareApplication":[],"WebPage":[]},"graphName":"","isEnabled":true},"graphs":[]},"schema_type":"default","schema_type_options":null,"pillar_content":false,"robots_default":true,"robots_noindex":false,"robots_noarchive":false,"robots_nosnippet":false,"robots_nofollow":false,"robots_noimageindex":false,"robots_noodp":false,"robots_notranslate":false,"robots_max_snippet":null,"robots_max_videopreview":null,"robots_max_imagepreview":"large","priority":null,"frequency":null,"local_seo":null,"breadcrumb_settings":null,"limit_modified_date":false,"ai":null,"created":"2025-08-16 20:29:19","updated":"2025-08-16 20:29:19","focus_keyword":null,"additional_keywords":null,"truseo_locale":null,"seo_analyzer_scan_date":null},"aioseo_breadcrumb":"<div class=\"aioseo-breadcrumbs\"><span class=\"aioseo-breadcrumb\">\n\t\t\t<a href=\"https:\/\/anoticiaonline.com.br\/site\" title=\"Home\">Home<\/a>\n\t\t<\/span><span class=\"aioseo-breadcrumb-separator\">&raquo;<\/span><span class=\"aioseo-breadcrumb\">\n\t\t\t<a href=\"https:\/\/anoticiaonline.com.br\/site\/categoria\/colunistas\/\" title=\"Colunistas\">Colunistas<\/a>\n\t\t<\/span><span class=\"aioseo-breadcrumb-separator\">&raquo;<\/span><span class=\"aioseo-breadcrumb\">\n\t\t\t<a href=\"https:\/\/anoticiaonline.com.br\/site\/categoria\/colunistas\/sociarte\/\" title=\"Sociarte\">Sociarte<\/a>\n\t\t<\/span><span class=\"aioseo-breadcrumb-separator\">&raquo;<\/span><span class=\"aioseo-breadcrumb\">\n\t\t\tSociarte 09.03.18\n\t\t<\/span><\/div>","aioseo_breadcrumb_json":[{"label":"Home","link":"https:\/\/anoticiaonline.com.br\/site"},{"label":"Colunistas","link":"https:\/\/anoticiaonline.com.br\/site\/categoria\/colunistas\/"},{"label":"Sociarte","link":"https:\/\/anoticiaonline.com.br\/site\/categoria\/colunistas\/sociarte\/"},{"label":"Sociarte 09.03.18","link":"https:\/\/anoticiaonline.com.br\/site\/sociarte-09-03-18\/"}],"views":120,"_links":{"self":[{"href":"https:\/\/anoticiaonline.com.br\/site\/wp-json\/wp\/v2\/posts\/51606","targetHints":{"allow":["GET"]}}],"collection":[{"href":"https:\/\/anoticiaonline.com.br\/site\/wp-json\/wp\/v2\/posts"}],"about":[{"href":"https:\/\/anoticiaonline.com.br\/site\/wp-json\/wp\/v2\/types\/post"}],"author":[{"embeddable":true,"href":"https:\/\/anoticiaonline.com.br\/site\/wp-json\/wp\/v2\/users\/2"}],"replies":[{"embeddable":true,"href":"https:\/\/anoticiaonline.com.br\/site\/wp-json\/wp\/v2\/comments?post=51606"}],"version-history":[{"count":0,"href":"https:\/\/anoticiaonline.com.br\/site\/wp-json\/wp\/v2\/posts\/51606\/revisions"}],"wp:attachment":[{"href":"https:\/\/anoticiaonline.com.br\/site\/wp-json\/wp\/v2\/media?parent=51606"}],"wp:term":[{"taxonomy":"category","embeddable":true,"href":"https:\/\/anoticiaonline.com.br\/site\/wp-json\/wp\/v2\/categories?post=51606"},{"taxonomy":"post_tag","embeddable":true,"href":"https:\/\/anoticiaonline.com.br\/site\/wp-json\/wp\/v2\/tags?post=51606"}],"curies":[{"name":"wp","href":"https:\/\/api.w.org\/{rel}","templated":true}]}}