{"id":51416,"date":"2018-03-08T22:37:29","date_gmt":"2018-03-09T01:37:29","guid":{"rendered":"http:\/\/anoticiaonline.com.br\/site\/?p=51416"},"modified":"2018-03-08T22:37:29","modified_gmt":"2018-03-09T01:37:29","slug":"a-musa-do-teatro-brasileiro","status":"publish","type":"post","link":"https:\/\/anoticiaonline.com.br\/site\/a-musa-do-teatro-brasileiro\/","title":{"rendered":"A MUSA DO TEATRO BRASILEIRO"},"content":{"rendered":"<p>Adellunar Marge<\/p>\n<p>Mais do que a TV, o cinema e o teatro brasileiros perderam uma das suas mais significativas musas com a morte, no \u00faltimo dia tr\u00eas, da atriz T\u00f4nia Carrero, aos 95 anos de idade.<\/p>\n<p>A morte \u00e9 a inst\u00e2ncia inexor\u00e1vel a que cada um de n\u00f3s, cedo ou tarde, chegaremos. Um mist\u00e9rio indecifr\u00e1vel o qual apenas sondamos mas sem nunca termos certeza de coisa alguma. Se soub\u00e9ssemos o destino certo, perder\u00edamos o encanto do mist\u00e9rio.<\/p>\n<p>T\u00f4nia Carrero, com o nome de batismo de Maria Antonieta de Farias Portocarrero, nasceu no Rio de Janeiro, em 23 de agosto de 1922. Nasceu e viveu a maior parte da sua vida na Zona Sul da Cidade Maravilhosa, uma regi\u00e3o t\u00e3o bela como a pr\u00f3pria atriz. Viveu uma vida art\u00edstica e pessoal intensa. Tr\u00eas casamentos e outras rela\u00e7\u00f5es de dura\u00e7\u00e3o menor. Mas a cada uma, deve ter dedicado todo o seu entusiasmo como nas pe\u00e7as que interpretou ao longo da sua extensa carreira art\u00edstica. Assim como a arte \u00e9 uma imita\u00e7\u00e3o da vida, a vida, para aqueles que a experienciam com sensibilidade, \u00e9 uma imita\u00e7\u00e3o da arte. A vida de T\u00f4nia Carrero foi sem d\u00favida uma imita\u00e7\u00e3o da sua arte.<\/p>\n<p>A carreira art\u00edstica de T\u00f4nia Carrero foi muito extensa e muito intensa. Participou de cerca de vinte novelas, interpretando os mais diversos papeis, como em \u201cSenhora do Destino\u201d, \u201cO Cafona\u201d, \u201cPigmale\u00e3o 70\u201d e tantas outras. Mas foi no Teatro e no Cinema que ela mais emprestou o seu talento.\u00a0 Viveu tr\u00eas casamentos sendo um deles com o famoso ator e diretor italiano Adolfo Celi e foi com ele e o ator Paulo Autran que T\u00f4nia fundou a sua Companhia de teatro, atrav\u00e9s da qual representou pe\u00e7as dos mais consagrados autores, como: Shakespeare, Pirandello, Albee, Tennessee Williams, Sartre e tantos outros.\u00a0 T\u00f4nia Carrero era diplomada em Educa\u00e7\u00e3o F\u00edsica, mas especializou-se em teatro em cursos na Fran\u00e7a, exercitando em Paris a arte da interpreta\u00e7\u00e3o que a consagraria em nosso pa\u00eds. S\u00e3o memor\u00e1veis, segundo a cr\u00edtica, suas representa\u00e7\u00f5es em \u201cOtelo\u201d, de Shakespeare; \u201cSeis Personagens \u00e0 Procura de um Autor\u201d, de Pirandello; \u00a0\u201cQuem tem Medo de Virg\u00ednia Woolf\u201d, de Edward Albee; e \u201cDoce P\u00e1ssaro da Juventude\u201d, de Tennesse Williams. Ao lado de Paulo Autran, principalmente, deu alma \u00e0s mais diversas personagens da arte teatral brasileira.<\/p>\n<p>No cinema, marcou o seu espa\u00e7o com excelentes interpreta\u00e7\u00f5es. T\u00f4nia participou do primeiro filme da Companhia Cinematogr\u00e1fica Vera Cruz e de cerca de vinte outros filmes que a consagraram na s\u00e9tima arte mas, sem d\u00favida alguma, sua presen\u00e7a ficou marcada no filme \u201cTico-Tico no Fub\u00e1\u201d, o filme que retrata\u00a0 a vida do compositor Zequinha de Abreu, interpretado por Anselmo Duarte e no qual T\u00f4nia Carrero interpreta a atraente Branca, para quem Zequinha comp\u00f4s a famosa valsa.<\/p>\n<p>Os atores vivem muitas emo\u00e7\u00f5es mas possuem o privil\u00e9gio de viverem, al\u00e9m das emo\u00e7\u00f5es que s\u00e3o suas, as emo\u00e7\u00f5es alheias, de cada personagem que interpreta.<\/p>\n<p>O Teatro e a cinematografia brasileira perdem um de seus grandes int\u00e9rpretes, um nome que ficar\u00e1 registrado na hist\u00f3ria da arte em nosso pa\u00eds.<\/p>\n","protected":false},"excerpt":{"rendered":"<p>Adellunar Marge Mais do que a TV, o cinema e o teatro brasileiros perderam uma das suas mais significativas musas com a morte, no \u00faltimo dia tr\u00eas, da atriz T\u00f4nia Carrero, aos 95 anos de idade. A morte \u00e9 a inst\u00e2ncia inexor\u00e1vel a que cada um de n\u00f3s, cedo ou tarde, chegaremos. Um mist\u00e9rio indecifr\u00e1vel &#8230; <a title=\"A MUSA DO TEATRO BRASILEIRO\" class=\"read-more\" href=\"https:\/\/anoticiaonline.com.br\/site\/a-musa-do-teatro-brasileiro\/\" aria-label=\"Read more about A MUSA DO TEATRO BRASILEIRO\">Ler mais<\/a><\/p>\n","protected":false},"author":2,"featured_media":0,"comment_status":"open","ping_status":"open","sticky":false,"template":"","format":"standard","meta":{"_acf_changed":false,"_monsterinsights_skip_tracking":false,"footnotes":""},"categories":[36],"tags":[],"class_list":["post-51416","post","type-post","status-publish","format-standard","hentry","category-logos-adellunar-marge"],"acf":[],"aioseo_notices":[],"aioseo_head":"\n\t\t<!-- All in One SEO 5.0.0.1 - aioseo.com -->\n\t<meta name=\"description\" content=\"Adellunar Marge Mais do que a TV, o cinema e o teatro brasileiros perderam uma das suas mais significativas musas com a morte, no \u00faltimo dia tr\u00eas, da atriz T\u00f4nia Carrero, aos 95 anos de idade. A morte \u00e9 a inst\u00e2ncia inexor\u00e1vel a que cada um de n\u00f3s, cedo ou tarde, chegaremos. Um mist\u00e9rio indecifr\u00e1vel\" \/>\n\t<meta name=\"robots\" content=\"max-image-preview:large\" \/>\n\t<meta name=\"author\" content=\"Juliana Laviola\"\/>\n\t<link rel=\"canonical\" href=\"https:\/\/anoticiaonline.com.br\/site\/a-musa-do-teatro-brasileiro\/\" \/>\n\t<meta name=\"generator\" content=\"All in One SEO (AIOSEO) 5.0.0.1\" \/>\n\t\t<meta property=\"og:locale\" content=\"pt_BR\" \/>\n\t\t<meta property=\"og:site_name\" content=\"A Not\u00edcia Online - Noticias de Muria\u00e9 e regi\u00e3o\" \/>\n\t\t<meta property=\"og:type\" content=\"article\" \/>\n\t\t<meta property=\"og:title\" content=\"A MUSA DO TEATRO BRASILEIRO - A Not\u00edcia Online\" \/>\n\t\t<meta property=\"og:description\" content=\"Adellunar Marge Mais do que a TV, o cinema e o teatro brasileiros perderam uma das suas mais significativas musas com a morte, no \u00faltimo dia tr\u00eas, da atriz T\u00f4nia Carrero, aos 95 anos de idade. A morte \u00e9 a inst\u00e2ncia inexor\u00e1vel a que cada um de n\u00f3s, cedo ou tarde, chegaremos. Um mist\u00e9rio indecifr\u00e1vel\" \/>\n\t\t<meta property=\"og:url\" content=\"https:\/\/anoticiaonline.com.br\/site\/a-musa-do-teatro-brasileiro\/\" \/>\n\t\t<meta property=\"og:image\" content=\"https:\/\/scontent-gig4-1.xx.fbcdn.net\/v\/t39.30808-1\/270437624_4564083193639691_6907940295614233970_n.jpg?stp=dst-jpg_s200x200_tt6&#038;_nc_cat=111&#038;ccb=1-7&#038;_nc_sid=f907e8&#038;_nc_ohc=SM1wRlP3lJwQ7kNvwEPuBYA&#038;_nc_oc=AdnqrjDN_BNjSSHWO-GbkIWH6fkGMLw4bqvL_NH6e2wMveX7G-rP2dAqsDSq1mJMOaY&#038;_nc_zt=24&#038;_nc_ht=scontent-gig4-1.xx&#038;_nc_gid=AoBFJeGrT1hVaew_6rchkQ&#038;oh=00_AfX7QmFGhQhG2jAllVgXCiM1ZrWgvtp80-Bfppyexh1QEg&#038;oe=689E923C\" \/>\n\t\t<meta property=\"og:image:secure_url\" content=\"https:\/\/scontent-gig4-1.xx.fbcdn.net\/v\/t39.30808-1\/270437624_4564083193639691_6907940295614233970_n.jpg?stp=dst-jpg_s200x200_tt6&#038;_nc_cat=111&#038;ccb=1-7&#038;_nc_sid=f907e8&#038;_nc_ohc=SM1wRlP3lJwQ7kNvwEPuBYA&#038;_nc_oc=AdnqrjDN_BNjSSHWO-GbkIWH6fkGMLw4bqvL_NH6e2wMveX7G-rP2dAqsDSq1mJMOaY&#038;_nc_zt=24&#038;_nc_ht=scontent-gig4-1.xx&#038;_nc_gid=AoBFJeGrT1hVaew_6rchkQ&#038;oh=00_AfX7QmFGhQhG2jAllVgXCiM1ZrWgvtp80-Bfppyexh1QEg&#038;oe=689E923C\" \/>\n\t\t<meta property=\"article:published_time\" content=\"2018-03-09T01:37:29+00:00\" \/>\n\t\t<meta property=\"article:modified_time\" content=\"2018-03-09T01:37:29+00:00\" \/>\n\t\t<meta name=\"twitter:card\" content=\"summary_large_image\" \/>\n\t\t<meta name=\"twitter:title\" content=\"A MUSA DO TEATRO BRASILEIRO - A Not\u00edcia Online\" \/>\n\t\t<meta name=\"twitter:description\" content=\"Adellunar Marge Mais do que a TV, o cinema e o teatro brasileiros perderam uma das suas mais significativas musas com a morte, no \u00faltimo dia tr\u00eas, da atriz T\u00f4nia Carrero, aos 95 anos de idade. A morte \u00e9 a inst\u00e2ncia inexor\u00e1vel a que cada um de n\u00f3s, cedo ou tarde, chegaremos. Um mist\u00e9rio indecifr\u00e1vel\" \/>\n\t\t<meta name=\"twitter:image\" content=\"https:\/\/scontent-gig4-1.xx.fbcdn.net\/v\/t39.30808-1\/270437624_4564083193639691_6907940295614233970_n.jpg?stp=dst-jpg_s200x200_tt6&amp;_nc_cat=111&amp;ccb=1-7&amp;_nc_sid=f907e8&amp;_nc_ohc=SM1wRlP3lJwQ7kNvwEPuBYA&amp;_nc_oc=AdnqrjDN_BNjSSHWO-GbkIWH6fkGMLw4bqvL_NH6e2wMveX7G-rP2dAqsDSq1mJMOaY&amp;_nc_zt=24&amp;_nc_ht=scontent-gig4-1.xx&amp;_nc_gid=AoBFJeGrT1hVaew_6rchkQ&amp;oh=00_AfX7QmFGhQhG2jAllVgXCiM1ZrWgvtp80-Bfppyexh1QEg&amp;oe=689E923C\" \/>\n\t\t<script type=\"application\/ld+json\" class=\"aioseo-schema\">\n\t\t\t{\"@context\":\"https:\\\/\\\/schema.org\",\"@graph\":[{\"@type\":\"BlogPosting\",\"@id\":\"https:\\\/\\\/anoticiaonline.com.br\\\/site\\\/a-musa-do-teatro-brasileiro\\\/#blogposting\",\"name\":\"A MUSA DO TEATRO BRASILEIRO - A Not\\u00edcia Online\",\"headline\":\"A MUSA DO TEATRO BRASILEIRO\",\"author\":{\"@id\":\"https:\\\/\\\/anoticiaonline.com.br\\\/site\\\/author\\\/juliana\\\/#author\"},\"publisher\":{\"@id\":\"https:\\\/\\\/anoticiaonline.com.br\\\/site\\\/#organization\"},\"image\":{\"@type\":\"ImageObject\",\"url\":\"https:\\\/\\\/scontent-gig4-1.xx.fbcdn.net\\\/v\\\/t39.30808-1\\\/270437624_4564083193639691_6907940295614233970_n.jpg?stp=dst-jpg_s200x200_tt6&_nc_cat=111&ccb=1-7&_nc_sid=f907e8&_nc_ohc=SM1wRlP3lJwQ7kNvwEPuBYA&_nc_oc=AdnqrjDN_BNjSSHWO-GbkIWH6fkGMLw4bqvL_NH6e2wMveX7G-rP2dAqsDSq1mJMOaY&_nc_zt=24&_nc_ht=scontent-gig4-1.xx&_nc_gid=AoBFJeGrT1hVaew_6rchkQ&oh=00_AfX7QmFGhQhG2jAllVgXCiM1ZrWgvtp80-Bfppyexh1QEg&oe=689E923C\",\"@id\":\"https:\\\/\\\/anoticiaonline.com.br\\\/site\\\/#articleImage\"},\"datePublished\":\"2018-03-08T22:37:29-03:00\",\"dateModified\":\"2018-03-08T22:37:29-03:00\",\"inLanguage\":\"pt-BR\",\"mainEntityOfPage\":{\"@id\":\"https:\\\/\\\/anoticiaonline.com.br\\\/site\\\/a-musa-do-teatro-brasileiro\\\/#webpage\"},\"isPartOf\":{\"@id\":\"https:\\\/\\\/anoticiaonline.com.br\\\/site\\\/a-musa-do-teatro-brasileiro\\\/#webpage\"},\"articleSection\":\"Logos - Adellunar Marge\"},{\"@type\":\"BreadcrumbList\",\"@id\":\"https:\\\/\\\/anoticiaonline.com.br\\\/site\\\/a-musa-do-teatro-brasileiro\\\/#breadcrumblist\",\"itemListElement\":[{\"@type\":\"ListItem\",\"@id\":\"https:\\\/\\\/anoticiaonline.com.br\\\/site#listItem\",\"position\":1,\"name\":\"Home\",\"item\":\"https:\\\/\\\/anoticiaonline.com.br\\\/site\",\"nextItem\":{\"@type\":\"ListItem\",\"@id\":\"https:\\\/\\\/anoticiaonline.com.br\\\/site\\\/categoria\\\/colunistas\\\/#listItem\",\"name\":\"Colunistas\"}},{\"@type\":\"ListItem\",\"@id\":\"https:\\\/\\\/anoticiaonline.com.br\\\/site\\\/categoria\\\/colunistas\\\/#listItem\",\"position\":2,\"name\":\"Colunistas\",\"item\":\"https:\\\/\\\/anoticiaonline.com.br\\\/site\\\/categoria\\\/colunistas\\\/\",\"nextItem\":{\"@type\":\"ListItem\",\"@id\":\"https:\\\/\\\/anoticiaonline.com.br\\\/site\\\/categoria\\\/colunistas\\\/logos-adellunar-marge\\\/#listItem\",\"name\":\"Logos - Adellunar Marge\"},\"previousItem\":{\"@type\":\"ListItem\",\"@id\":\"https:\\\/\\\/anoticiaonline.com.br\\\/site#listItem\",\"name\":\"Home\"}},{\"@type\":\"ListItem\",\"@id\":\"https:\\\/\\\/anoticiaonline.com.br\\\/site\\\/categoria\\\/colunistas\\\/logos-adellunar-marge\\\/#listItem\",\"position\":3,\"name\":\"Logos - Adellunar Marge\",\"item\":\"https:\\\/\\\/anoticiaonline.com.br\\\/site\\\/categoria\\\/colunistas\\\/logos-adellunar-marge\\\/\",\"nextItem\":{\"@type\":\"ListItem\",\"@id\":\"https:\\\/\\\/anoticiaonline.com.br\\\/site\\\/a-musa-do-teatro-brasileiro\\\/#listItem\",\"name\":\"A MUSA DO TEATRO BRASILEIRO\"},\"previousItem\":{\"@type\":\"ListItem\",\"@id\":\"https:\\\/\\\/anoticiaonline.com.br\\\/site\\\/categoria\\\/colunistas\\\/#listItem\",\"name\":\"Colunistas\"}},{\"@type\":\"ListItem\",\"@id\":\"https:\\\/\\\/anoticiaonline.com.br\\\/site\\\/a-musa-do-teatro-brasileiro\\\/#listItem\",\"position\":4,\"name\":\"A MUSA DO TEATRO BRASILEIRO\",\"previousItem\":{\"@type\":\"ListItem\",\"@id\":\"https:\\\/\\\/anoticiaonline.com.br\\\/site\\\/categoria\\\/colunistas\\\/logos-adellunar-marge\\\/#listItem\",\"name\":\"Logos - Adellunar Marge\"}}]},{\"@type\":\"Organization\",\"@id\":\"https:\\\/\\\/anoticiaonline.com.br\\\/site\\\/#organization\",\"name\":\"A Not\\u00edcia Online\",\"description\":\"Noticias de Muria\\u00e9 e regi\\u00e3o\",\"url\":\"https:\\\/\\\/anoticiaonline.com.br\\\/site\\\/\",\"logo\":{\"@type\":\"ImageObject\",\"url\":\"https:\\\/\\\/scontent-gig4-1.xx.fbcdn.net\\\/v\\\/t39.30808-1\\\/270437624_4564083193639691_6907940295614233970_n.jpg?stp=dst-jpg_s200x200_tt6&_nc_cat=111&ccb=1-7&_nc_sid=f907e8&_nc_ohc=SM1wRlP3lJwQ7kNvwEPuBYA&_nc_oc=AdnqrjDN_BNjSSHWO-GbkIWH6fkGMLw4bqvL_NH6e2wMveX7G-rP2dAqsDSq1mJMOaY&_nc_zt=24&_nc_ht=scontent-gig4-1.xx&_nc_gid=AoBFJeGrT1hVaew_6rchkQ&oh=00_AfX7QmFGhQhG2jAllVgXCiM1ZrWgvtp80-Bfppyexh1QEg&oe=689E923C\",\"@id\":\"https:\\\/\\\/anoticiaonline.com.br\\\/site\\\/a-musa-do-teatro-brasileiro\\\/#organizationLogo\"},\"image\":{\"@id\":\"https:\\\/\\\/anoticiaonline.com.br\\\/site\\\/a-musa-do-teatro-brasileiro\\\/#organizationLogo\"}},{\"@type\":\"Person\",\"@id\":\"https:\\\/\\\/anoticiaonline.com.br\\\/site\\\/author\\\/juliana\\\/#author\",\"url\":\"https:\\\/\\\/anoticiaonline.com.br\\\/site\\\/author\\\/juliana\\\/\",\"name\":\"Juliana Laviola\",\"image\":{\"@type\":\"ImageObject\",\"@id\":\"https:\\\/\\\/anoticiaonline.com.br\\\/site\\\/a-musa-do-teatro-brasileiro\\\/#authorImage\",\"url\":\"https:\\\/\\\/secure.gravatar.com\\\/avatar\\\/b8d45f5c699b100dfaf0e543582f38f38bf94cb7ae3a5e9abf8d891a34773335?s=96&d=mm&r=g\",\"width\":96,\"height\":96,\"caption\":\"Juliana Laviola\"}},{\"@type\":\"WebPage\",\"@id\":\"https:\\\/\\\/anoticiaonline.com.br\\\/site\\\/a-musa-do-teatro-brasileiro\\\/#webpage\",\"url\":\"https:\\\/\\\/anoticiaonline.com.br\\\/site\\\/a-musa-do-teatro-brasileiro\\\/\",\"name\":\"A MUSA DO TEATRO BRASILEIRO - A Not\\u00edcia Online\",\"description\":\"Adellunar Marge Mais do que a TV, o cinema e o teatro brasileiros perderam uma das suas mais significativas musas com a morte, no \\u00faltimo dia tr\\u00eas, da atriz T\\u00f4nia Carrero, aos 95 anos de idade. A morte \\u00e9 a inst\\u00e2ncia inexor\\u00e1vel a que cada um de n\\u00f3s, cedo ou tarde, chegaremos. Um mist\\u00e9rio indecifr\\u00e1vel\",\"inLanguage\":\"pt-BR\",\"isPartOf\":{\"@id\":\"https:\\\/\\\/anoticiaonline.com.br\\\/site\\\/#website\"},\"breadcrumb\":{\"@id\":\"https:\\\/\\\/anoticiaonline.com.br\\\/site\\\/a-musa-do-teatro-brasileiro\\\/#breadcrumblist\"},\"author\":{\"@id\":\"https:\\\/\\\/anoticiaonline.com.br\\\/site\\\/author\\\/juliana\\\/#author\"},\"creator\":{\"@id\":\"https:\\\/\\\/anoticiaonline.com.br\\\/site\\\/author\\\/juliana\\\/#author\"},\"datePublished\":\"2018-03-08T22:37:29-03:00\",\"dateModified\":\"2018-03-08T22:37:29-03:00\"},{\"@type\":\"WebSite\",\"@id\":\"https:\\\/\\\/anoticiaonline.com.br\\\/site\\\/#website\",\"url\":\"https:\\\/\\\/anoticiaonline.com.br\\\/site\\\/\",\"name\":\"A Not\\u00edcia Online\",\"description\":\"Noticias de Muria\\u00e9 e regi\\u00e3o\",\"inLanguage\":\"pt-BR\",\"publisher\":{\"@id\":\"https:\\\/\\\/anoticiaonline.com.br\\\/site\\\/#organization\"}}]}\n\t\t<\/script>\n\t\t<!-- All in One SEO -->\n\n","aioseo_head_json":{"title":"A MUSA DO TEATRO BRASILEIRO - A Not\u00edcia Online","description":"Adellunar Marge Mais do que a TV, o cinema e o teatro brasileiros perderam uma das suas mais significativas musas com a morte, no \u00faltimo dia tr\u00eas, da atriz T\u00f4nia Carrero, aos 95 anos de idade. A morte \u00e9 a inst\u00e2ncia inexor\u00e1vel a que cada um de n\u00f3s, cedo ou tarde, chegaremos. Um mist\u00e9rio indecifr\u00e1vel","canonical_url":"https:\/\/anoticiaonline.com.br\/site\/a-musa-do-teatro-brasileiro\/","robots":"max-image-preview:large","keywords":"","webmasterTools":{"miscellaneous":""},"schema":{"@context":"https:\/\/schema.org","@graph":[{"@type":"BlogPosting","@id":"https:\/\/anoticiaonline.com.br\/site\/a-musa-do-teatro-brasileiro\/#blogposting","name":"A MUSA DO TEATRO BRASILEIRO - A Not\u00edcia Online","headline":"A MUSA DO TEATRO BRASILEIRO","author":{"@id":"https:\/\/anoticiaonline.com.br\/site\/author\/juliana\/#author"},"publisher":{"@id":"https:\/\/anoticiaonline.com.br\/site\/#organization"},"image":{"@type":"ImageObject","url":"https:\/\/scontent-gig4-1.xx.fbcdn.net\/v\/t39.30808-1\/270437624_4564083193639691_6907940295614233970_n.jpg?stp=dst-jpg_s200x200_tt6&_nc_cat=111&ccb=1-7&_nc_sid=f907e8&_nc_ohc=SM1wRlP3lJwQ7kNvwEPuBYA&_nc_oc=AdnqrjDN_BNjSSHWO-GbkIWH6fkGMLw4bqvL_NH6e2wMveX7G-rP2dAqsDSq1mJMOaY&_nc_zt=24&_nc_ht=scontent-gig4-1.xx&_nc_gid=AoBFJeGrT1hVaew_6rchkQ&oh=00_AfX7QmFGhQhG2jAllVgXCiM1ZrWgvtp80-Bfppyexh1QEg&oe=689E923C","@id":"https:\/\/anoticiaonline.com.br\/site\/#articleImage"},"datePublished":"2018-03-08T22:37:29-03:00","dateModified":"2018-03-08T22:37:29-03:00","inLanguage":"pt-BR","mainEntityOfPage":{"@id":"https:\/\/anoticiaonline.com.br\/site\/a-musa-do-teatro-brasileiro\/#webpage"},"isPartOf":{"@id":"https:\/\/anoticiaonline.com.br\/site\/a-musa-do-teatro-brasileiro\/#webpage"},"articleSection":"Logos - Adellunar Marge"},{"@type":"BreadcrumbList","@id":"https:\/\/anoticiaonline.com.br\/site\/a-musa-do-teatro-brasileiro\/#breadcrumblist","itemListElement":[{"@type":"ListItem","@id":"https:\/\/anoticiaonline.com.br\/site#listItem","position":1,"name":"Home","item":"https:\/\/anoticiaonline.com.br\/site","nextItem":{"@type":"ListItem","@id":"https:\/\/anoticiaonline.com.br\/site\/categoria\/colunistas\/#listItem","name":"Colunistas"}},{"@type":"ListItem","@id":"https:\/\/anoticiaonline.com.br\/site\/categoria\/colunistas\/#listItem","position":2,"name":"Colunistas","item":"https:\/\/anoticiaonline.com.br\/site\/categoria\/colunistas\/","nextItem":{"@type":"ListItem","@id":"https:\/\/anoticiaonline.com.br\/site\/categoria\/colunistas\/logos-adellunar-marge\/#listItem","name":"Logos - Adellunar Marge"},"previousItem":{"@type":"ListItem","@id":"https:\/\/anoticiaonline.com.br\/site#listItem","name":"Home"}},{"@type":"ListItem","@id":"https:\/\/anoticiaonline.com.br\/site\/categoria\/colunistas\/logos-adellunar-marge\/#listItem","position":3,"name":"Logos - Adellunar Marge","item":"https:\/\/anoticiaonline.com.br\/site\/categoria\/colunistas\/logos-adellunar-marge\/","nextItem":{"@type":"ListItem","@id":"https:\/\/anoticiaonline.com.br\/site\/a-musa-do-teatro-brasileiro\/#listItem","name":"A MUSA DO TEATRO BRASILEIRO"},"previousItem":{"@type":"ListItem","@id":"https:\/\/anoticiaonline.com.br\/site\/categoria\/colunistas\/#listItem","name":"Colunistas"}},{"@type":"ListItem","@id":"https:\/\/anoticiaonline.com.br\/site\/a-musa-do-teatro-brasileiro\/#listItem","position":4,"name":"A MUSA DO TEATRO BRASILEIRO","previousItem":{"@type":"ListItem","@id":"https:\/\/anoticiaonline.com.br\/site\/categoria\/colunistas\/logos-adellunar-marge\/#listItem","name":"Logos - Adellunar Marge"}}]},{"@type":"Organization","@id":"https:\/\/anoticiaonline.com.br\/site\/#organization","name":"A Not\u00edcia Online","description":"Noticias de Muria\u00e9 e regi\u00e3o","url":"https:\/\/anoticiaonline.com.br\/site\/","logo":{"@type":"ImageObject","url":"https:\/\/scontent-gig4-1.xx.fbcdn.net\/v\/t39.30808-1\/270437624_4564083193639691_6907940295614233970_n.jpg?stp=dst-jpg_s200x200_tt6&_nc_cat=111&ccb=1-7&_nc_sid=f907e8&_nc_ohc=SM1wRlP3lJwQ7kNvwEPuBYA&_nc_oc=AdnqrjDN_BNjSSHWO-GbkIWH6fkGMLw4bqvL_NH6e2wMveX7G-rP2dAqsDSq1mJMOaY&_nc_zt=24&_nc_ht=scontent-gig4-1.xx&_nc_gid=AoBFJeGrT1hVaew_6rchkQ&oh=00_AfX7QmFGhQhG2jAllVgXCiM1ZrWgvtp80-Bfppyexh1QEg&oe=689E923C","@id":"https:\/\/anoticiaonline.com.br\/site\/a-musa-do-teatro-brasileiro\/#organizationLogo"},"image":{"@id":"https:\/\/anoticiaonline.com.br\/site\/a-musa-do-teatro-brasileiro\/#organizationLogo"}},{"@type":"Person","@id":"https:\/\/anoticiaonline.com.br\/site\/author\/juliana\/#author","url":"https:\/\/anoticiaonline.com.br\/site\/author\/juliana\/","name":"Juliana Laviola","image":{"@type":"ImageObject","@id":"https:\/\/anoticiaonline.com.br\/site\/a-musa-do-teatro-brasileiro\/#authorImage","url":"https:\/\/secure.gravatar.com\/avatar\/b8d45f5c699b100dfaf0e543582f38f38bf94cb7ae3a5e9abf8d891a34773335?s=96&d=mm&r=g","width":96,"height":96,"caption":"Juliana Laviola"}},{"@type":"WebPage","@id":"https:\/\/anoticiaonline.com.br\/site\/a-musa-do-teatro-brasileiro\/#webpage","url":"https:\/\/anoticiaonline.com.br\/site\/a-musa-do-teatro-brasileiro\/","name":"A MUSA DO TEATRO BRASILEIRO - A Not\u00edcia Online","description":"Adellunar Marge Mais do que a TV, o cinema e o teatro brasileiros perderam uma das suas mais significativas musas com a morte, no \u00faltimo dia tr\u00eas, da atriz T\u00f4nia Carrero, aos 95 anos de idade. A morte \u00e9 a inst\u00e2ncia inexor\u00e1vel a que cada um de n\u00f3s, cedo ou tarde, chegaremos. Um mist\u00e9rio indecifr\u00e1vel","inLanguage":"pt-BR","isPartOf":{"@id":"https:\/\/anoticiaonline.com.br\/site\/#website"},"breadcrumb":{"@id":"https:\/\/anoticiaonline.com.br\/site\/a-musa-do-teatro-brasileiro\/#breadcrumblist"},"author":{"@id":"https:\/\/anoticiaonline.com.br\/site\/author\/juliana\/#author"},"creator":{"@id":"https:\/\/anoticiaonline.com.br\/site\/author\/juliana\/#author"},"datePublished":"2018-03-08T22:37:29-03:00","dateModified":"2018-03-08T22:37:29-03:00"},{"@type":"WebSite","@id":"https:\/\/anoticiaonline.com.br\/site\/#website","url":"https:\/\/anoticiaonline.com.br\/site\/","name":"A Not\u00edcia Online","description":"Noticias de Muria\u00e9 e regi\u00e3o","inLanguage":"pt-BR","publisher":{"@id":"https:\/\/anoticiaonline.com.br\/site\/#organization"}}]},"og:locale":"pt_BR","og:site_name":"A Not\u00edcia Online - Noticias de Muria\u00e9 e regi\u00e3o","og:type":"article","og:title":"A MUSA DO TEATRO BRASILEIRO - A Not\u00edcia Online","og:description":"Adellunar Marge Mais do que a TV, o cinema e o teatro brasileiros perderam uma das suas mais significativas musas com a morte, no \u00faltimo dia tr\u00eas, da atriz T\u00f4nia Carrero, aos 95 anos de idade. A morte \u00e9 a inst\u00e2ncia inexor\u00e1vel a que cada um de n\u00f3s, cedo ou tarde, chegaremos. Um mist\u00e9rio indecifr\u00e1vel","og:url":"https:\/\/anoticiaonline.com.br\/site\/a-musa-do-teatro-brasileiro\/","og:image":"https:\/\/scontent-gig4-1.xx.fbcdn.net\/v\/t39.30808-1\/270437624_4564083193639691_6907940295614233970_n.jpg?stp=dst-jpg_s200x200_tt6&#038;_nc_cat=111&#038;ccb=1-7&#038;_nc_sid=f907e8&#038;_nc_ohc=SM1wRlP3lJwQ7kNvwEPuBYA&#038;_nc_oc=AdnqrjDN_BNjSSHWO-GbkIWH6fkGMLw4bqvL_NH6e2wMveX7G-rP2dAqsDSq1mJMOaY&#038;_nc_zt=24&#038;_nc_ht=scontent-gig4-1.xx&#038;_nc_gid=AoBFJeGrT1hVaew_6rchkQ&#038;oh=00_AfX7QmFGhQhG2jAllVgXCiM1ZrWgvtp80-Bfppyexh1QEg&#038;oe=689E923C","og:image:secure_url":"https:\/\/scontent-gig4-1.xx.fbcdn.net\/v\/t39.30808-1\/270437624_4564083193639691_6907940295614233970_n.jpg?stp=dst-jpg_s200x200_tt6&#038;_nc_cat=111&#038;ccb=1-7&#038;_nc_sid=f907e8&#038;_nc_ohc=SM1wRlP3lJwQ7kNvwEPuBYA&#038;_nc_oc=AdnqrjDN_BNjSSHWO-GbkIWH6fkGMLw4bqvL_NH6e2wMveX7G-rP2dAqsDSq1mJMOaY&#038;_nc_zt=24&#038;_nc_ht=scontent-gig4-1.xx&#038;_nc_gid=AoBFJeGrT1hVaew_6rchkQ&#038;oh=00_AfX7QmFGhQhG2jAllVgXCiM1ZrWgvtp80-Bfppyexh1QEg&#038;oe=689E923C","article:published_time":"2018-03-09T01:37:29+00:00","article:modified_time":"2018-03-09T01:37:29+00:00","twitter:card":"summary_large_image","twitter:title":"A MUSA DO TEATRO BRASILEIRO - A Not\u00edcia Online","twitter:description":"Adellunar Marge Mais do que a TV, o cinema e o teatro brasileiros perderam uma das suas mais significativas musas com a morte, no \u00faltimo dia tr\u00eas, da atriz T\u00f4nia Carrero, aos 95 anos de idade. A morte \u00e9 a inst\u00e2ncia inexor\u00e1vel a que cada um de n\u00f3s, cedo ou tarde, chegaremos. Um mist\u00e9rio indecifr\u00e1vel","twitter:image":"https:\/\/scontent-gig4-1.xx.fbcdn.net\/v\/t39.30808-1\/270437624_4564083193639691_6907940295614233970_n.jpg?stp=dst-jpg_s200x200_tt6&_nc_cat=111&ccb=1-7&_nc_sid=f907e8&_nc_ohc=SM1wRlP3lJwQ7kNvwEPuBYA&_nc_oc=AdnqrjDN_BNjSSHWO-GbkIWH6fkGMLw4bqvL_NH6e2wMveX7G-rP2dAqsDSq1mJMOaY&_nc_zt=24&_nc_ht=scontent-gig4-1.xx&_nc_gid=AoBFJeGrT1hVaew_6rchkQ&oh=00_AfX7QmFGhQhG2jAllVgXCiM1ZrWgvtp80-Bfppyexh1QEg&oe=689E923C"},"aioseo_meta_data":{"post_id":"51416","title":null,"description":null,"keywords":null,"keyphrases":null,"primary_term":null,"canonical_url":null,"og_title":null,"og_description":null,"og_object_type":"default","og_image_type":"default","og_image_url":null,"og_image_width":null,"og_image_height":null,"og_image_custom_url":null,"og_image_custom_fields":null,"og_video":null,"og_custom_url":null,"og_article_section":null,"og_article_tags":null,"twitter_use_og":false,"twitter_card":"default","twitter_image_type":"default","twitter_image_url":null,"twitter_image_custom_url":null,"twitter_image_custom_fields":null,"twitter_title":null,"twitter_description":null,"schema":{"blockGraphs":[],"customGraphs":[],"default":{"data":{"Article":[],"Course":[],"Dataset":[],"FAQPage":[],"Movie":[],"Person":[],"Product":[],"ProductReview":[],"Car":[],"Recipe":[],"Service":[],"SoftwareApplication":[],"WebPage":[]},"graphName":"","isEnabled":true},"graphs":[]},"schema_type":"default","schema_type_options":null,"pillar_content":false,"robots_default":true,"robots_noindex":false,"robots_noarchive":false,"robots_nosnippet":false,"robots_nofollow":false,"robots_noimageindex":false,"robots_noodp":false,"robots_notranslate":false,"robots_max_snippet":null,"robots_max_videopreview":null,"robots_max_imagepreview":"large","priority":null,"frequency":null,"local_seo":null,"breadcrumb_settings":null,"limit_modified_date":false,"ai":null,"created":"2025-08-16 20:27:59","updated":"2025-08-16 20:27:59","focus_keyword":null,"additional_keywords":null,"truseo_locale":null,"seo_analyzer_scan_date":null},"aioseo_breadcrumb":"<div class=\"aioseo-breadcrumbs\"><span class=\"aioseo-breadcrumb\">\n\t\t\t<a href=\"https:\/\/anoticiaonline.com.br\/site\" title=\"Home\">Home<\/a>\n\t\t<\/span><span class=\"aioseo-breadcrumb-separator\">&raquo;<\/span><span class=\"aioseo-breadcrumb\">\n\t\t\t<a href=\"https:\/\/anoticiaonline.com.br\/site\/categoria\/colunistas\/\" title=\"Colunistas\">Colunistas<\/a>\n\t\t<\/span><span class=\"aioseo-breadcrumb-separator\">&raquo;<\/span><span class=\"aioseo-breadcrumb\">\n\t\t\t<a href=\"https:\/\/anoticiaonline.com.br\/site\/categoria\/colunistas\/logos-adellunar-marge\/\" title=\"Logos - Adellunar Marge\">Logos - Adellunar Marge<\/a>\n\t\t<\/span><span class=\"aioseo-breadcrumb-separator\">&raquo;<\/span><span class=\"aioseo-breadcrumb\">\n\t\t\tA MUSA DO TEATRO BRASILEIRO\n\t\t<\/span><\/div>","aioseo_breadcrumb_json":[{"label":"Home","link":"https:\/\/anoticiaonline.com.br\/site"},{"label":"Colunistas","link":"https:\/\/anoticiaonline.com.br\/site\/categoria\/colunistas\/"},{"label":"Logos - Adellunar Marge","link":"https:\/\/anoticiaonline.com.br\/site\/categoria\/colunistas\/logos-adellunar-marge\/"},{"label":"A MUSA DO TEATRO BRASILEIRO","link":"https:\/\/anoticiaonline.com.br\/site\/a-musa-do-teatro-brasileiro\/"}],"views":144,"_links":{"self":[{"href":"https:\/\/anoticiaonline.com.br\/site\/wp-json\/wp\/v2\/posts\/51416","targetHints":{"allow":["GET"]}}],"collection":[{"href":"https:\/\/anoticiaonline.com.br\/site\/wp-json\/wp\/v2\/posts"}],"about":[{"href":"https:\/\/anoticiaonline.com.br\/site\/wp-json\/wp\/v2\/types\/post"}],"author":[{"embeddable":true,"href":"https:\/\/anoticiaonline.com.br\/site\/wp-json\/wp\/v2\/users\/2"}],"replies":[{"embeddable":true,"href":"https:\/\/anoticiaonline.com.br\/site\/wp-json\/wp\/v2\/comments?post=51416"}],"version-history":[{"count":0,"href":"https:\/\/anoticiaonline.com.br\/site\/wp-json\/wp\/v2\/posts\/51416\/revisions"}],"wp:attachment":[{"href":"https:\/\/anoticiaonline.com.br\/site\/wp-json\/wp\/v2\/media?parent=51416"}],"wp:term":[{"taxonomy":"category","embeddable":true,"href":"https:\/\/anoticiaonline.com.br\/site\/wp-json\/wp\/v2\/categories?post=51416"},{"taxonomy":"post_tag","embeddable":true,"href":"https:\/\/anoticiaonline.com.br\/site\/wp-json\/wp\/v2\/tags?post=51416"}],"curies":[{"name":"wp","href":"https:\/\/api.w.org\/{rel}","templated":true}]}}