{"id":51209,"date":"2018-03-07T16:35:52","date_gmt":"2018-03-07T19:35:52","guid":{"rendered":"http:\/\/anoticiaonline.com.br\/site\/?p=51209"},"modified":"2018-03-07T16:35:52","modified_gmt":"2018-03-07T19:35:52","slug":"centro-espirita-anjo-gabriel-completa-70-anos","status":"publish","type":"post","link":"https:\/\/anoticiaonline.com.br\/site\/centro-espirita-anjo-gabriel-completa-70-anos\/","title":{"rendered":"Centro Esp\u00edrita Anjo Gabriel completa 70 anos"},"content":{"rendered":"<p><em>Ceag \u00e9 a casa esp\u00edrita mais antiga da cidade; foi fundado em mar\u00e7o de 1948<\/em><\/p>\n<p>Diversas atividades est\u00e3o acontecendo no Centro Esp\u00edrita Anjo Gabriel (Ceag) durante o m\u00eas, em comemora\u00e7\u00e3o aos seus 70 anos. Fundado em 28 de mar\u00e7o de 1948, o Ceag \u00e9 a casa esp\u00edrita mais antiga de Muria\u00e9. Ao longo dessas sete d\u00e9cadas, contribui de forma incisiva para a afirma\u00e7\u00e3o e divulga\u00e7\u00e3o do espiritismo na cidade.<\/p>\n<p><a href=\"https:\/\/anoticiaonline.com.br\/site\/wp-content\/uploads\/2018\/03\/Centro-Esp\u00edrita-Anjo-Gabriel-completa-70-anos.jpg\"><img fetchpriority=\"high\" decoding=\"async\" class=\"alignnone size-full wp-image-51210\" src=\"https:\/\/anoticiaonline.com.br\/site\/wp-content\/uploads\/2018\/03\/Centro-Esp\u00edrita-Anjo-Gabriel-completa-70-anos.jpg\" alt=\"\" width=\"640\" height=\"427\" srcset=\"https:\/\/anoticiaonline.com.br\/site\/wp-content\/uploads\/2018\/03\/Centro-Esp\u00edrita-Anjo-Gabriel-completa-70-anos.jpg 640w, https:\/\/anoticiaonline.com.br\/site\/wp-content\/uploads\/2018\/03\/Centro-Esp\u00edrita-Anjo-Gabriel-completa-70-anos-300x200.jpg 300w\" sizes=\"(max-width: 640px) 100vw, 640px\" \/><\/a><\/p>\n<p>Fundado por um grupo de amigos, liderados pelo escriv\u00e3o Alcino Guanabara e pelo cirurgi\u00e3o-dentista Alfredo Couto, o Ceag teve in\u00edcio a partir de reuni\u00f5es em casas de fam\u00edlias \u2013 foi fundado informalmente em 1942. Seis anos depois, passaria a apresentar personalidade jur\u00eddica e a ser aberto para reuni\u00f5es.<\/p>\n<p>O Centro est\u00e1 localizado na Travessa dos Expedicion\u00e1rios, n\u00ba 26, no Centro. No espa\u00e7o s\u00e3o desenvolvidas palestras, grupos de estudo, atendimentos fraternos e de assist\u00eancia social. As reuni\u00f5es p\u00fablicas acontecem todas \u00e0s segundas e quartas-feiras, de 20h \u00e0s 21h, e aos domingos, \u00e0s 18h, no n\u00facleo do Ceag, localizado ao lado da Creche Alfredo Couto, no bairro Planalto.<\/p>\n<p>Para comemorar a data, v\u00e1rias atividades est\u00e3o acontecendo durante o m\u00eas, como palestras com oradores de Muria\u00e9 e cidades da regi\u00e3o e de outros estados, show esp\u00edrita e semin\u00e1rio. No dia 28, dia em que a casa foi fundada, haver\u00e1 palestra com o orador Rodrigo Soares, de Dores do Rio Preto (Esp\u00edrito Santo). Todos os eventos s\u00e3o gratuitos.<\/p>\n<p><strong>Confira abaixo a programa\u00e7\u00e3o:<\/strong><\/p>\n<p>10\/03 (s\u00e1bado): Show com Jo\u00e3o Vitor Ferreira, \u00e0s 19h, no Ceag<\/p>\n<p>11\/03 (domingo): Palestra esp\u00edrita com a oradora Olinda Torres<\/p>\n<p>12\/03 (segunda-feira): Palestra esp\u00edrita com o orador Rob\u00e9rio Torres<\/p>\n<p>14\/03 (quarta-feira): Palestra esp\u00edrita com a oradora Eloidis Cardoso<\/p>\n<p>18\/03 (domingo): Palestra esp\u00edrita com o orador Sebasti\u00e3o Medeiros<\/p>\n<p>19\/03 (segunda-feira): Palestra esp\u00edrita com o orador Delano Carneiro, de Leopoldina<\/p>\n<p>21\/03 (quarta-feira): Palestra esp\u00edrita com o orador Jo\u00e3o Eduardo Ornelas<\/p>\n<p>24\/03 (s\u00e1bado): Semin\u00e1rio \u201cAs cartas de Paulo\u201d com Carlos Alberto Santa\u2019Anna, \u00e0s 14h, no Ceag<\/p>\n<p>25\/03 (domingo): Palestra esp\u00edrita com a oradora Silvana Santos<\/p>\n<p>26\/03 (segunda-feira): Palestra esp\u00edrita com o orador Jo\u00e3o Rocha, de Porci\u00fancula (Rio de Janeiro)<\/p>\n<p>28\/03 (quarta-feira): Palestra esp\u00edrita com o orador Rodrigo Soares, de Dores do Rio Preto (Esp\u00edrito Santo)<\/p>\n","protected":false},"excerpt":{"rendered":"<p>Ceag \u00e9 a casa esp\u00edrita mais antiga da cidade; foi fundado em mar\u00e7o de 1948 Diversas atividades est\u00e3o acontecendo no Centro Esp\u00edrita Anjo Gabriel (Ceag) durante o m\u00eas, em comemora\u00e7\u00e3o aos seus 70 anos. Fundado em 28 de mar\u00e7o de 1948, o Ceag \u00e9 a casa esp\u00edrita mais antiga de Muria\u00e9. Ao longo dessas sete &#8230; <a title=\"Centro Esp\u00edrita Anjo Gabriel completa 70 anos\" class=\"read-more\" href=\"https:\/\/anoticiaonline.com.br\/site\/centro-espirita-anjo-gabriel-completa-70-anos\/\" aria-label=\"Read more about Centro Esp\u00edrita Anjo Gabriel completa 70 anos\">Ler mais<\/a><\/p>\n","protected":false},"author":2,"featured_media":51210,"comment_status":"open","ping_status":"open","sticky":false,"template":"","format":"standard","meta":{"_acf_changed":false,"_monsterinsights_skip_tracking":false,"footnotes":""},"categories":[30],"tags":[366,2125,74],"class_list":["post-51209","post","type-post","status-publish","format-standard","has-post-thumbnail","hentry","category-muriae","tag-aniversario","tag-centro-espirita","tag-muriae"],"acf":[],"aioseo_notices":[],"aioseo_head":"\n\t\t<!-- All in One SEO 5.0.0.1 - aioseo.com -->\n\t<meta name=\"description\" content=\"Ceag \u00e9 a casa esp\u00edrita mais antiga da cidade; foi fundado em mar\u00e7o de 1948 Diversas atividades est\u00e3o acontecendo no Centro Esp\u00edrita Anjo Gabriel (Ceag) durante o m\u00eas, em comemora\u00e7\u00e3o aos seus 70 anos. Fundado em 28 de mar\u00e7o de 1948, o Ceag \u00e9 a casa esp\u00edrita mais antiga de Muria\u00e9. Ao longo dessas sete\" \/>\n\t<meta name=\"robots\" content=\"max-image-preview:large\" \/>\n\t<meta name=\"author\" content=\"Juliana Laviola\"\/>\n\t<link rel=\"canonical\" href=\"https:\/\/anoticiaonline.com.br\/site\/centro-espirita-anjo-gabriel-completa-70-anos\/\" \/>\n\t<meta name=\"generator\" content=\"All in One SEO (AIOSEO) 5.0.0.1\" \/>\n\t\t<meta property=\"og:locale\" content=\"pt_BR\" \/>\n\t\t<meta property=\"og:site_name\" content=\"A Not\u00edcia Online - Noticias de Muria\u00e9 e regi\u00e3o\" \/>\n\t\t<meta property=\"og:type\" content=\"article\" \/>\n\t\t<meta property=\"og:title\" content=\"Centro Esp\u00edrita Anjo Gabriel completa 70 anos - A Not\u00edcia Online\" \/>\n\t\t<meta property=\"og:description\" content=\"Ceag \u00e9 a casa esp\u00edrita mais antiga da cidade; foi fundado em mar\u00e7o de 1948 Diversas atividades est\u00e3o acontecendo no Centro Esp\u00edrita Anjo Gabriel (Ceag) durante o m\u00eas, em comemora\u00e7\u00e3o aos seus 70 anos. Fundado em 28 de mar\u00e7o de 1948, o Ceag \u00e9 a casa esp\u00edrita mais antiga de Muria\u00e9. Ao longo dessas sete\" \/>\n\t\t<meta property=\"og:url\" content=\"https:\/\/anoticiaonline.com.br\/site\/centro-espirita-anjo-gabriel-completa-70-anos\/\" \/>\n\t\t<meta property=\"og:image\" content=\"https:\/\/scontent-gig4-1.xx.fbcdn.net\/v\/t39.30808-1\/270437624_4564083193639691_6907940295614233970_n.jpg?stp=dst-jpg_s200x200_tt6&#038;_nc_cat=111&#038;ccb=1-7&#038;_nc_sid=f907e8&#038;_nc_ohc=SM1wRlP3lJwQ7kNvwEPuBYA&#038;_nc_oc=AdnqrjDN_BNjSSHWO-GbkIWH6fkGMLw4bqvL_NH6e2wMveX7G-rP2dAqsDSq1mJMOaY&#038;_nc_zt=24&#038;_nc_ht=scontent-gig4-1.xx&#038;_nc_gid=AoBFJeGrT1hVaew_6rchkQ&#038;oh=00_AfX7QmFGhQhG2jAllVgXCiM1ZrWgvtp80-Bfppyexh1QEg&#038;oe=689E923C\" \/>\n\t\t<meta property=\"og:image:secure_url\" content=\"https:\/\/scontent-gig4-1.xx.fbcdn.net\/v\/t39.30808-1\/270437624_4564083193639691_6907940295614233970_n.jpg?stp=dst-jpg_s200x200_tt6&#038;_nc_cat=111&#038;ccb=1-7&#038;_nc_sid=f907e8&#038;_nc_ohc=SM1wRlP3lJwQ7kNvwEPuBYA&#038;_nc_oc=AdnqrjDN_BNjSSHWO-GbkIWH6fkGMLw4bqvL_NH6e2wMveX7G-rP2dAqsDSq1mJMOaY&#038;_nc_zt=24&#038;_nc_ht=scontent-gig4-1.xx&#038;_nc_gid=AoBFJeGrT1hVaew_6rchkQ&#038;oh=00_AfX7QmFGhQhG2jAllVgXCiM1ZrWgvtp80-Bfppyexh1QEg&#038;oe=689E923C\" \/>\n\t\t<meta property=\"article:published_time\" content=\"2018-03-07T19:35:52+00:00\" \/>\n\t\t<meta property=\"article:modified_time\" content=\"2018-03-07T19:35:52+00:00\" \/>\n\t\t<meta name=\"twitter:card\" content=\"summary_large_image\" \/>\n\t\t<meta name=\"twitter:title\" content=\"Centro Esp\u00edrita Anjo Gabriel completa 70 anos - A Not\u00edcia Online\" \/>\n\t\t<meta name=\"twitter:description\" content=\"Ceag \u00e9 a casa esp\u00edrita mais antiga da cidade; foi fundado em mar\u00e7o de 1948 Diversas atividades est\u00e3o acontecendo no Centro Esp\u00edrita Anjo Gabriel (Ceag) durante o m\u00eas, em comemora\u00e7\u00e3o aos seus 70 anos. Fundado em 28 de mar\u00e7o de 1948, o Ceag \u00e9 a casa esp\u00edrita mais antiga de Muria\u00e9. Ao longo dessas sete\" \/>\n\t\t<meta name=\"twitter:image\" content=\"https:\/\/scontent-gig4-1.xx.fbcdn.net\/v\/t39.30808-1\/270437624_4564083193639691_6907940295614233970_n.jpg?stp=dst-jpg_s200x200_tt6&amp;_nc_cat=111&amp;ccb=1-7&amp;_nc_sid=f907e8&amp;_nc_ohc=SM1wRlP3lJwQ7kNvwEPuBYA&amp;_nc_oc=AdnqrjDN_BNjSSHWO-GbkIWH6fkGMLw4bqvL_NH6e2wMveX7G-rP2dAqsDSq1mJMOaY&amp;_nc_zt=24&amp;_nc_ht=scontent-gig4-1.xx&amp;_nc_gid=AoBFJeGrT1hVaew_6rchkQ&amp;oh=00_AfX7QmFGhQhG2jAllVgXCiM1ZrWgvtp80-Bfppyexh1QEg&amp;oe=689E923C\" \/>\n\t\t<script type=\"application\/ld+json\" class=\"aioseo-schema\">\n\t\t\t{\"@context\":\"https:\\\/\\\/schema.org\",\"@graph\":[{\"@type\":\"BlogPosting\",\"@id\":\"https:\\\/\\\/anoticiaonline.com.br\\\/site\\\/centro-espirita-anjo-gabriel-completa-70-anos\\\/#blogposting\",\"name\":\"Centro Esp\\u00edrita Anjo Gabriel completa 70 anos - A Not\\u00edcia Online\",\"headline\":\"Centro Esp\\u00edrita Anjo Gabriel completa 70 anos\",\"author\":{\"@id\":\"https:\\\/\\\/anoticiaonline.com.br\\\/site\\\/author\\\/juliana\\\/#author\"},\"publisher\":{\"@id\":\"https:\\\/\\\/anoticiaonline.com.br\\\/site\\\/#organization\"},\"image\":{\"@type\":\"ImageObject\",\"url\":\"https:\\\/\\\/anoticiaonline.com.br\\\/site\\\/wp-content\\\/uploads\\\/2018\\\/03\\\/Centro-Esp\\u00edrita-Anjo-Gabriel-completa-70-anos.jpg\",\"width\":640,\"height\":427},\"datePublished\":\"2018-03-07T16:35:52-03:00\",\"dateModified\":\"2018-03-07T16:35:52-03:00\",\"inLanguage\":\"pt-BR\",\"commentCount\":1,\"mainEntityOfPage\":{\"@id\":\"https:\\\/\\\/anoticiaonline.com.br\\\/site\\\/centro-espirita-anjo-gabriel-completa-70-anos\\\/#webpage\"},\"isPartOf\":{\"@id\":\"https:\\\/\\\/anoticiaonline.com.br\\\/site\\\/centro-espirita-anjo-gabriel-completa-70-anos\\\/#webpage\"},\"articleSection\":\"Blog, anivers\\u00e1rio, centro esp\\u00edrita, Muria\\u00e9\"},{\"@type\":\"BreadcrumbList\",\"@id\":\"https:\\\/\\\/anoticiaonline.com.br\\\/site\\\/centro-espirita-anjo-gabriel-completa-70-anos\\\/#breadcrumblist\",\"itemListElement\":[{\"@type\":\"ListItem\",\"@id\":\"https:\\\/\\\/anoticiaonline.com.br\\\/site#listItem\",\"position\":1,\"name\":\"Home\",\"item\":\"https:\\\/\\\/anoticiaonline.com.br\\\/site\",\"nextItem\":{\"@type\":\"ListItem\",\"@id\":\"https:\\\/\\\/anoticiaonline.com.br\\\/site\\\/categoria\\\/muriae\\\/#listItem\",\"name\":\"Blog\"}},{\"@type\":\"ListItem\",\"@id\":\"https:\\\/\\\/anoticiaonline.com.br\\\/site\\\/categoria\\\/muriae\\\/#listItem\",\"position\":2,\"name\":\"Blog\",\"item\":\"https:\\\/\\\/anoticiaonline.com.br\\\/site\\\/categoria\\\/muriae\\\/\",\"nextItem\":{\"@type\":\"ListItem\",\"@id\":\"https:\\\/\\\/anoticiaonline.com.br\\\/site\\\/centro-espirita-anjo-gabriel-completa-70-anos\\\/#listItem\",\"name\":\"Centro Esp\\u00edrita Anjo Gabriel completa 70 anos\"},\"previousItem\":{\"@type\":\"ListItem\",\"@id\":\"https:\\\/\\\/anoticiaonline.com.br\\\/site#listItem\",\"name\":\"Home\"}},{\"@type\":\"ListItem\",\"@id\":\"https:\\\/\\\/anoticiaonline.com.br\\\/site\\\/centro-espirita-anjo-gabriel-completa-70-anos\\\/#listItem\",\"position\":3,\"name\":\"Centro Esp\\u00edrita Anjo Gabriel completa 70 anos\",\"previousItem\":{\"@type\":\"ListItem\",\"@id\":\"https:\\\/\\\/anoticiaonline.com.br\\\/site\\\/categoria\\\/muriae\\\/#listItem\",\"name\":\"Blog\"}}]},{\"@type\":\"Organization\",\"@id\":\"https:\\\/\\\/anoticiaonline.com.br\\\/site\\\/#organization\",\"name\":\"A Not\\u00edcia Online\",\"description\":\"Noticias de Muria\\u00e9 e regi\\u00e3o\",\"url\":\"https:\\\/\\\/anoticiaonline.com.br\\\/site\\\/\",\"logo\":{\"@type\":\"ImageObject\",\"url\":\"https:\\\/\\\/scontent-gig4-1.xx.fbcdn.net\\\/v\\\/t39.30808-1\\\/270437624_4564083193639691_6907940295614233970_n.jpg?stp=dst-jpg_s200x200_tt6&_nc_cat=111&ccb=1-7&_nc_sid=f907e8&_nc_ohc=SM1wRlP3lJwQ7kNvwEPuBYA&_nc_oc=AdnqrjDN_BNjSSHWO-GbkIWH6fkGMLw4bqvL_NH6e2wMveX7G-rP2dAqsDSq1mJMOaY&_nc_zt=24&_nc_ht=scontent-gig4-1.xx&_nc_gid=AoBFJeGrT1hVaew_6rchkQ&oh=00_AfX7QmFGhQhG2jAllVgXCiM1ZrWgvtp80-Bfppyexh1QEg&oe=689E923C\",\"@id\":\"https:\\\/\\\/anoticiaonline.com.br\\\/site\\\/centro-espirita-anjo-gabriel-completa-70-anos\\\/#organizationLogo\"},\"image\":{\"@id\":\"https:\\\/\\\/anoticiaonline.com.br\\\/site\\\/centro-espirita-anjo-gabriel-completa-70-anos\\\/#organizationLogo\"}},{\"@type\":\"Person\",\"@id\":\"https:\\\/\\\/anoticiaonline.com.br\\\/site\\\/author\\\/juliana\\\/#author\",\"url\":\"https:\\\/\\\/anoticiaonline.com.br\\\/site\\\/author\\\/juliana\\\/\",\"name\":\"Juliana Laviola\",\"image\":{\"@type\":\"ImageObject\",\"@id\":\"https:\\\/\\\/anoticiaonline.com.br\\\/site\\\/centro-espirita-anjo-gabriel-completa-70-anos\\\/#authorImage\",\"url\":\"https:\\\/\\\/secure.gravatar.com\\\/avatar\\\/b8d45f5c699b100dfaf0e543582f38f38bf94cb7ae3a5e9abf8d891a34773335?s=96&d=mm&r=g\",\"width\":96,\"height\":96,\"caption\":\"Juliana Laviola\"}},{\"@type\":\"WebPage\",\"@id\":\"https:\\\/\\\/anoticiaonline.com.br\\\/site\\\/centro-espirita-anjo-gabriel-completa-70-anos\\\/#webpage\",\"url\":\"https:\\\/\\\/anoticiaonline.com.br\\\/site\\\/centro-espirita-anjo-gabriel-completa-70-anos\\\/\",\"name\":\"Centro Esp\\u00edrita Anjo Gabriel completa 70 anos - A Not\\u00edcia Online\",\"description\":\"Ceag \\u00e9 a casa esp\\u00edrita mais antiga da cidade; foi fundado em mar\\u00e7o de 1948 Diversas atividades est\\u00e3o acontecendo no Centro Esp\\u00edrita Anjo Gabriel (Ceag) durante o m\\u00eas, em comemora\\u00e7\\u00e3o aos seus 70 anos. Fundado em 28 de mar\\u00e7o de 1948, o Ceag \\u00e9 a casa esp\\u00edrita mais antiga de Muria\\u00e9. Ao longo dessas sete\",\"inLanguage\":\"pt-BR\",\"isPartOf\":{\"@id\":\"https:\\\/\\\/anoticiaonline.com.br\\\/site\\\/#website\"},\"breadcrumb\":{\"@id\":\"https:\\\/\\\/anoticiaonline.com.br\\\/site\\\/centro-espirita-anjo-gabriel-completa-70-anos\\\/#breadcrumblist\"},\"author\":{\"@id\":\"https:\\\/\\\/anoticiaonline.com.br\\\/site\\\/author\\\/juliana\\\/#author\"},\"creator\":{\"@id\":\"https:\\\/\\\/anoticiaonline.com.br\\\/site\\\/author\\\/juliana\\\/#author\"},\"image\":{\"@type\":\"ImageObject\",\"url\":\"https:\\\/\\\/anoticiaonline.com.br\\\/site\\\/wp-content\\\/uploads\\\/2018\\\/03\\\/Centro-Esp\\u00edrita-Anjo-Gabriel-completa-70-anos.jpg\",\"@id\":\"https:\\\/\\\/anoticiaonline.com.br\\\/site\\\/centro-espirita-anjo-gabriel-completa-70-anos\\\/#mainImage\",\"width\":640,\"height\":427},\"primaryImageOfPage\":{\"@id\":\"https:\\\/\\\/anoticiaonline.com.br\\\/site\\\/centro-espirita-anjo-gabriel-completa-70-anos\\\/#mainImage\"},\"datePublished\":\"2018-03-07T16:35:52-03:00\",\"dateModified\":\"2018-03-07T16:35:52-03:00\"},{\"@type\":\"WebSite\",\"@id\":\"https:\\\/\\\/anoticiaonline.com.br\\\/site\\\/#website\",\"url\":\"https:\\\/\\\/anoticiaonline.com.br\\\/site\\\/\",\"name\":\"A Not\\u00edcia Online\",\"description\":\"Noticias de Muria\\u00e9 e regi\\u00e3o\",\"inLanguage\":\"pt-BR\",\"publisher\":{\"@id\":\"https:\\\/\\\/anoticiaonline.com.br\\\/site\\\/#organization\"}}]}\n\t\t<\/script>\n\t\t<!-- All in One SEO -->\n\n","aioseo_head_json":{"title":"Centro Esp\u00edrita Anjo Gabriel completa 70 anos - A Not\u00edcia Online","description":"Ceag \u00e9 a casa esp\u00edrita mais antiga da cidade; foi fundado em mar\u00e7o de 1948 Diversas atividades est\u00e3o acontecendo no Centro Esp\u00edrita Anjo Gabriel (Ceag) durante o m\u00eas, em comemora\u00e7\u00e3o aos seus 70 anos. Fundado em 28 de mar\u00e7o de 1948, o Ceag \u00e9 a casa esp\u00edrita mais antiga de Muria\u00e9. Ao longo dessas sete","canonical_url":"https:\/\/anoticiaonline.com.br\/site\/centro-espirita-anjo-gabriel-completa-70-anos\/","robots":"max-image-preview:large","keywords":"","webmasterTools":{"miscellaneous":""},"schema":{"@context":"https:\/\/schema.org","@graph":[{"@type":"BlogPosting","@id":"https:\/\/anoticiaonline.com.br\/site\/centro-espirita-anjo-gabriel-completa-70-anos\/#blogposting","name":"Centro Esp\u00edrita Anjo Gabriel completa 70 anos - A Not\u00edcia Online","headline":"Centro Esp\u00edrita Anjo Gabriel completa 70 anos","author":{"@id":"https:\/\/anoticiaonline.com.br\/site\/author\/juliana\/#author"},"publisher":{"@id":"https:\/\/anoticiaonline.com.br\/site\/#organization"},"image":{"@type":"ImageObject","url":"https:\/\/anoticiaonline.com.br\/site\/wp-content\/uploads\/2018\/03\/Centro-Esp\u00edrita-Anjo-Gabriel-completa-70-anos.jpg","width":640,"height":427},"datePublished":"2018-03-07T16:35:52-03:00","dateModified":"2018-03-07T16:35:52-03:00","inLanguage":"pt-BR","commentCount":1,"mainEntityOfPage":{"@id":"https:\/\/anoticiaonline.com.br\/site\/centro-espirita-anjo-gabriel-completa-70-anos\/#webpage"},"isPartOf":{"@id":"https:\/\/anoticiaonline.com.br\/site\/centro-espirita-anjo-gabriel-completa-70-anos\/#webpage"},"articleSection":"Blog, anivers\u00e1rio, centro esp\u00edrita, Muria\u00e9"},{"@type":"BreadcrumbList","@id":"https:\/\/anoticiaonline.com.br\/site\/centro-espirita-anjo-gabriel-completa-70-anos\/#breadcrumblist","itemListElement":[{"@type":"ListItem","@id":"https:\/\/anoticiaonline.com.br\/site#listItem","position":1,"name":"Home","item":"https:\/\/anoticiaonline.com.br\/site","nextItem":{"@type":"ListItem","@id":"https:\/\/anoticiaonline.com.br\/site\/categoria\/muriae\/#listItem","name":"Blog"}},{"@type":"ListItem","@id":"https:\/\/anoticiaonline.com.br\/site\/categoria\/muriae\/#listItem","position":2,"name":"Blog","item":"https:\/\/anoticiaonline.com.br\/site\/categoria\/muriae\/","nextItem":{"@type":"ListItem","@id":"https:\/\/anoticiaonline.com.br\/site\/centro-espirita-anjo-gabriel-completa-70-anos\/#listItem","name":"Centro Esp\u00edrita Anjo Gabriel completa 70 anos"},"previousItem":{"@type":"ListItem","@id":"https:\/\/anoticiaonline.com.br\/site#listItem","name":"Home"}},{"@type":"ListItem","@id":"https:\/\/anoticiaonline.com.br\/site\/centro-espirita-anjo-gabriel-completa-70-anos\/#listItem","position":3,"name":"Centro Esp\u00edrita Anjo Gabriel completa 70 anos","previousItem":{"@type":"ListItem","@id":"https:\/\/anoticiaonline.com.br\/site\/categoria\/muriae\/#listItem","name":"Blog"}}]},{"@type":"Organization","@id":"https:\/\/anoticiaonline.com.br\/site\/#organization","name":"A Not\u00edcia Online","description":"Noticias de Muria\u00e9 e regi\u00e3o","url":"https:\/\/anoticiaonline.com.br\/site\/","logo":{"@type":"ImageObject","url":"https:\/\/scontent-gig4-1.xx.fbcdn.net\/v\/t39.30808-1\/270437624_4564083193639691_6907940295614233970_n.jpg?stp=dst-jpg_s200x200_tt6&_nc_cat=111&ccb=1-7&_nc_sid=f907e8&_nc_ohc=SM1wRlP3lJwQ7kNvwEPuBYA&_nc_oc=AdnqrjDN_BNjSSHWO-GbkIWH6fkGMLw4bqvL_NH6e2wMveX7G-rP2dAqsDSq1mJMOaY&_nc_zt=24&_nc_ht=scontent-gig4-1.xx&_nc_gid=AoBFJeGrT1hVaew_6rchkQ&oh=00_AfX7QmFGhQhG2jAllVgXCiM1ZrWgvtp80-Bfppyexh1QEg&oe=689E923C","@id":"https:\/\/anoticiaonline.com.br\/site\/centro-espirita-anjo-gabriel-completa-70-anos\/#organizationLogo"},"image":{"@id":"https:\/\/anoticiaonline.com.br\/site\/centro-espirita-anjo-gabriel-completa-70-anos\/#organizationLogo"}},{"@type":"Person","@id":"https:\/\/anoticiaonline.com.br\/site\/author\/juliana\/#author","url":"https:\/\/anoticiaonline.com.br\/site\/author\/juliana\/","name":"Juliana Laviola","image":{"@type":"ImageObject","@id":"https:\/\/anoticiaonline.com.br\/site\/centro-espirita-anjo-gabriel-completa-70-anos\/#authorImage","url":"https:\/\/secure.gravatar.com\/avatar\/b8d45f5c699b100dfaf0e543582f38f38bf94cb7ae3a5e9abf8d891a34773335?s=96&d=mm&r=g","width":96,"height":96,"caption":"Juliana Laviola"}},{"@type":"WebPage","@id":"https:\/\/anoticiaonline.com.br\/site\/centro-espirita-anjo-gabriel-completa-70-anos\/#webpage","url":"https:\/\/anoticiaonline.com.br\/site\/centro-espirita-anjo-gabriel-completa-70-anos\/","name":"Centro Esp\u00edrita Anjo Gabriel completa 70 anos - A Not\u00edcia Online","description":"Ceag \u00e9 a casa esp\u00edrita mais antiga da cidade; foi fundado em mar\u00e7o de 1948 Diversas atividades est\u00e3o acontecendo no Centro Esp\u00edrita Anjo Gabriel (Ceag) durante o m\u00eas, em comemora\u00e7\u00e3o aos seus 70 anos. Fundado em 28 de mar\u00e7o de 1948, o Ceag \u00e9 a casa esp\u00edrita mais antiga de Muria\u00e9. Ao longo dessas sete","inLanguage":"pt-BR","isPartOf":{"@id":"https:\/\/anoticiaonline.com.br\/site\/#website"},"breadcrumb":{"@id":"https:\/\/anoticiaonline.com.br\/site\/centro-espirita-anjo-gabriel-completa-70-anos\/#breadcrumblist"},"author":{"@id":"https:\/\/anoticiaonline.com.br\/site\/author\/juliana\/#author"},"creator":{"@id":"https:\/\/anoticiaonline.com.br\/site\/author\/juliana\/#author"},"image":{"@type":"ImageObject","url":"https:\/\/anoticiaonline.com.br\/site\/wp-content\/uploads\/2018\/03\/Centro-Esp\u00edrita-Anjo-Gabriel-completa-70-anos.jpg","@id":"https:\/\/anoticiaonline.com.br\/site\/centro-espirita-anjo-gabriel-completa-70-anos\/#mainImage","width":640,"height":427},"primaryImageOfPage":{"@id":"https:\/\/anoticiaonline.com.br\/site\/centro-espirita-anjo-gabriel-completa-70-anos\/#mainImage"},"datePublished":"2018-03-07T16:35:52-03:00","dateModified":"2018-03-07T16:35:52-03:00"},{"@type":"WebSite","@id":"https:\/\/anoticiaonline.com.br\/site\/#website","url":"https:\/\/anoticiaonline.com.br\/site\/","name":"A Not\u00edcia Online","description":"Noticias de Muria\u00e9 e regi\u00e3o","inLanguage":"pt-BR","publisher":{"@id":"https:\/\/anoticiaonline.com.br\/site\/#organization"}}]},"og:locale":"pt_BR","og:site_name":"A Not\u00edcia Online - Noticias de Muria\u00e9 e regi\u00e3o","og:type":"article","og:title":"Centro Esp\u00edrita Anjo Gabriel completa 70 anos - A Not\u00edcia Online","og:description":"Ceag \u00e9 a casa esp\u00edrita mais antiga da cidade; foi fundado em mar\u00e7o de 1948 Diversas atividades est\u00e3o acontecendo no Centro Esp\u00edrita Anjo Gabriel (Ceag) durante o m\u00eas, em comemora\u00e7\u00e3o aos seus 70 anos. Fundado em 28 de mar\u00e7o de 1948, o Ceag \u00e9 a casa esp\u00edrita mais antiga de Muria\u00e9. Ao longo dessas sete","og:url":"https:\/\/anoticiaonline.com.br\/site\/centro-espirita-anjo-gabriel-completa-70-anos\/","og:image":"https:\/\/scontent-gig4-1.xx.fbcdn.net\/v\/t39.30808-1\/270437624_4564083193639691_6907940295614233970_n.jpg?stp=dst-jpg_s200x200_tt6&#038;_nc_cat=111&#038;ccb=1-7&#038;_nc_sid=f907e8&#038;_nc_ohc=SM1wRlP3lJwQ7kNvwEPuBYA&#038;_nc_oc=AdnqrjDN_BNjSSHWO-GbkIWH6fkGMLw4bqvL_NH6e2wMveX7G-rP2dAqsDSq1mJMOaY&#038;_nc_zt=24&#038;_nc_ht=scontent-gig4-1.xx&#038;_nc_gid=AoBFJeGrT1hVaew_6rchkQ&#038;oh=00_AfX7QmFGhQhG2jAllVgXCiM1ZrWgvtp80-Bfppyexh1QEg&#038;oe=689E923C","og:image:secure_url":"https:\/\/scontent-gig4-1.xx.fbcdn.net\/v\/t39.30808-1\/270437624_4564083193639691_6907940295614233970_n.jpg?stp=dst-jpg_s200x200_tt6&#038;_nc_cat=111&#038;ccb=1-7&#038;_nc_sid=f907e8&#038;_nc_ohc=SM1wRlP3lJwQ7kNvwEPuBYA&#038;_nc_oc=AdnqrjDN_BNjSSHWO-GbkIWH6fkGMLw4bqvL_NH6e2wMveX7G-rP2dAqsDSq1mJMOaY&#038;_nc_zt=24&#038;_nc_ht=scontent-gig4-1.xx&#038;_nc_gid=AoBFJeGrT1hVaew_6rchkQ&#038;oh=00_AfX7QmFGhQhG2jAllVgXCiM1ZrWgvtp80-Bfppyexh1QEg&#038;oe=689E923C","article:published_time":"2018-03-07T19:35:52+00:00","article:modified_time":"2018-03-07T19:35:52+00:00","twitter:card":"summary_large_image","twitter:title":"Centro Esp\u00edrita Anjo Gabriel completa 70 anos - A Not\u00edcia Online","twitter:description":"Ceag \u00e9 a casa esp\u00edrita mais antiga da cidade; foi fundado em mar\u00e7o de 1948 Diversas atividades est\u00e3o acontecendo no Centro Esp\u00edrita Anjo Gabriel (Ceag) durante o m\u00eas, em comemora\u00e7\u00e3o aos seus 70 anos. Fundado em 28 de mar\u00e7o de 1948, o Ceag \u00e9 a casa esp\u00edrita mais antiga de Muria\u00e9. Ao longo dessas sete","twitter:image":"https:\/\/scontent-gig4-1.xx.fbcdn.net\/v\/t39.30808-1\/270437624_4564083193639691_6907940295614233970_n.jpg?stp=dst-jpg_s200x200_tt6&_nc_cat=111&ccb=1-7&_nc_sid=f907e8&_nc_ohc=SM1wRlP3lJwQ7kNvwEPuBYA&_nc_oc=AdnqrjDN_BNjSSHWO-GbkIWH6fkGMLw4bqvL_NH6e2wMveX7G-rP2dAqsDSq1mJMOaY&_nc_zt=24&_nc_ht=scontent-gig4-1.xx&_nc_gid=AoBFJeGrT1hVaew_6rchkQ&oh=00_AfX7QmFGhQhG2jAllVgXCiM1ZrWgvtp80-Bfppyexh1QEg&oe=689E923C"},"aioseo_meta_data":{"post_id":"51209","title":null,"description":null,"keywords":null,"keyphrases":null,"primary_term":null,"canonical_url":null,"og_title":null,"og_description":null,"og_object_type":"default","og_image_type":"default","og_image_url":null,"og_image_width":null,"og_image_height":null,"og_image_custom_url":null,"og_image_custom_fields":null,"og_video":null,"og_custom_url":null,"og_article_section":null,"og_article_tags":null,"twitter_use_og":false,"twitter_card":"default","twitter_image_type":"default","twitter_image_url":null,"twitter_image_custom_url":null,"twitter_image_custom_fields":null,"twitter_title":null,"twitter_description":null,"schema":{"blockGraphs":[],"customGraphs":[],"default":{"data":{"Article":[],"Course":[],"Dataset":[],"FAQPage":[],"Movie":[],"Person":[],"Product":[],"ProductReview":[],"Car":[],"Recipe":[],"Service":[],"SoftwareApplication":[],"WebPage":[]},"graphName":"","isEnabled":true},"graphs":[]},"schema_type":"default","schema_type_options":null,"pillar_content":false,"robots_default":true,"robots_noindex":false,"robots_noarchive":false,"robots_nosnippet":false,"robots_nofollow":false,"robots_noimageindex":false,"robots_noodp":false,"robots_notranslate":false,"robots_max_snippet":null,"robots_max_videopreview":null,"robots_max_imagepreview":"large","priority":null,"frequency":null,"local_seo":null,"breadcrumb_settings":null,"limit_modified_date":false,"ai":null,"created":"2025-08-16 20:26:58","updated":"2025-08-16 20:26:58","focus_keyword":null,"additional_keywords":null,"truseo_locale":null,"seo_analyzer_scan_date":null},"aioseo_breadcrumb":"<div class=\"aioseo-breadcrumbs\"><span class=\"aioseo-breadcrumb\">\n\t\t\t<a href=\"https:\/\/anoticiaonline.com.br\/site\" title=\"Home\">Home<\/a>\n\t\t<\/span><span class=\"aioseo-breadcrumb-separator\">&raquo;<\/span><span class=\"aioseo-breadcrumb\">\n\t\t\t<a href=\"https:\/\/anoticiaonline.com.br\/site\/categoria\/muriae\/\" title=\"Blog\">Blog<\/a>\n\t\t<\/span><span class=\"aioseo-breadcrumb-separator\">&raquo;<\/span><span class=\"aioseo-breadcrumb\">\n\t\t\tCentro Esp\u00edrita Anjo Gabriel completa 70 anos\n\t\t<\/span><\/div>","aioseo_breadcrumb_json":[{"label":"Home","link":"https:\/\/anoticiaonline.com.br\/site"},{"label":"Blog","link":"https:\/\/anoticiaonline.com.br\/site\/categoria\/muriae\/"},{"label":"Centro Esp\u00edrita Anjo Gabriel completa 70 anos","link":"https:\/\/anoticiaonline.com.br\/site\/centro-espirita-anjo-gabriel-completa-70-anos\/"}],"views":238,"_links":{"self":[{"href":"https:\/\/anoticiaonline.com.br\/site\/wp-json\/wp\/v2\/posts\/51209","targetHints":{"allow":["GET"]}}],"collection":[{"href":"https:\/\/anoticiaonline.com.br\/site\/wp-json\/wp\/v2\/posts"}],"about":[{"href":"https:\/\/anoticiaonline.com.br\/site\/wp-json\/wp\/v2\/types\/post"}],"author":[{"embeddable":true,"href":"https:\/\/anoticiaonline.com.br\/site\/wp-json\/wp\/v2\/users\/2"}],"replies":[{"embeddable":true,"href":"https:\/\/anoticiaonline.com.br\/site\/wp-json\/wp\/v2\/comments?post=51209"}],"version-history":[{"count":0,"href":"https:\/\/anoticiaonline.com.br\/site\/wp-json\/wp\/v2\/posts\/51209\/revisions"}],"wp:featuredmedia":[{"embeddable":true,"href":"https:\/\/anoticiaonline.com.br\/site\/wp-json\/wp\/v2\/media\/51210"}],"wp:attachment":[{"href":"https:\/\/anoticiaonline.com.br\/site\/wp-json\/wp\/v2\/media?parent=51209"}],"wp:term":[{"taxonomy":"category","embeddable":true,"href":"https:\/\/anoticiaonline.com.br\/site\/wp-json\/wp\/v2\/categories?post=51209"},{"taxonomy":"post_tag","embeddable":true,"href":"https:\/\/anoticiaonline.com.br\/site\/wp-json\/wp\/v2\/tags?post=51209"}],"curies":[{"name":"wp","href":"https:\/\/api.w.org\/{rel}","templated":true}]}}