{"id":51139,"date":"2018-03-01T21:34:52","date_gmt":"2018-03-02T00:34:52","guid":{"rendered":"http:\/\/anoticiaonline.com.br\/site\/?p=51139"},"modified":"2018-03-01T21:37:42","modified_gmt":"2018-03-02T00:37:42","slug":"sociarte-02-03-18","status":"publish","type":"post","link":"https:\/\/anoticiaonline.com.br\/site\/sociarte-02-03-18\/","title":{"rendered":"Sociarte 02.03.18"},"content":{"rendered":"<p style=\"text-align: center;\"><strong><em><a href=\"https:\/\/anoticiaonline.com.br\/site\/wp-content\/uploads\/2018\/03\/Niver-duplo-2-2.jpg\"><img fetchpriority=\"high\" decoding=\"async\" class=\"aligncenter size-full wp-image-51195\" src=\"https:\/\/anoticiaonline.com.br\/site\/wp-content\/uploads\/2018\/03\/Niver-duplo-2-2.jpg\" alt=\"\" width=\"449\" height=\"600\" srcset=\"https:\/\/anoticiaonline.com.br\/site\/wp-content\/uploads\/2018\/03\/Niver-duplo-2-2.jpg 449w, https:\/\/anoticiaonline.com.br\/site\/wp-content\/uploads\/2018\/03\/Niver-duplo-2-2-225x300.jpg 225w\" sizes=\"(max-width: 449px) 100vw, 449px\" \/><\/a>Niver duplo 1<\/em><\/strong><\/p>\n<p>A semana foi de festa para as queridas Gilvana Felippe Feres Laviola e Riviane Maria Felippe Feres Laviola, que completaram idade nova. Elas, que s\u00e3o m\u00e3e e filha, aniversariaram na ter\u00e7a-feira (27) e na quarta-feira (28) respectivamente. A elas enviamos votos de muitos anos de vida, sa\u00fade e paz hoje e sempre. Parab\u00e9ns!<\/p>\n<p>&nbsp;<\/p>\n<p style=\"text-align: center;\"><strong><em><a href=\"https:\/\/anoticiaonline.com.br\/site\/wp-content\/uploads\/2018\/03\/NIver-duplo-2.jpg\"><img decoding=\"async\" class=\"aligncenter size-full wp-image-51196\" src=\"https:\/\/anoticiaonline.com.br\/site\/wp-content\/uploads\/2018\/03\/NIver-duplo-2.jpg\" alt=\"\" width=\"428\" height=\"640\" srcset=\"https:\/\/anoticiaonline.com.br\/site\/wp-content\/uploads\/2018\/03\/NIver-duplo-2.jpg 428w, https:\/\/anoticiaonline.com.br\/site\/wp-content\/uploads\/2018\/03\/NIver-duplo-2-201x300.jpg 201w\" sizes=\"(max-width: 428px) 100vw, 428px\" \/><\/a><\/em><em>Niver duplo 2<\/em><\/strong><\/p>\n<p>A ter\u00e7a-feira (6) e a quarta-feira (7) ser\u00e3o festivas para M\u00e1rcio Couri Guedes Laviola e Francisco de Assis Laviola (nosso colunista pol\u00edtico). Eles completar\u00e3o idade nova e comemorar\u00e3o a data em fam\u00edlia. Todos do jornal A Not\u00edcia desejam que esse seja mais um anivers\u00e1rio aben\u00e7oado, repleto de muita alegria e paz!<\/p>\n<p>&nbsp;<\/p>\n<p style=\"text-align: center;\"><strong><em><a href=\"https:\/\/anoticiaonline.com.br\/site\/wp-content\/uploads\/2018\/03\/Parab\u00e9ns-Caio.jpg\"><img decoding=\"async\" class=\"aligncenter size-full wp-image-51197\" src=\"https:\/\/anoticiaonline.com.br\/site\/wp-content\/uploads\/2018\/03\/Parab\u00e9ns-Caio.jpg\" alt=\"\" width=\"356\" height=\"640\" srcset=\"https:\/\/anoticiaonline.com.br\/site\/wp-content\/uploads\/2018\/03\/Parab\u00e9ns-Caio.jpg 356w, https:\/\/anoticiaonline.com.br\/site\/wp-content\/uploads\/2018\/03\/Parab\u00e9ns-Caio-167x300.jpg 167w\" sizes=\"(max-width: 356px) 100vw, 356px\" \/><\/a><\/em><em>Parab\u00e9ns Caio<\/em><\/strong><\/p>\n<p>Definitivamente a fam\u00edlia Laviola est\u00e1 em festa essa semana, na quinta-feira (1\u00ba) foi o dia de Caio Laviola completar seus 16 anos de vida. Ele que \u00e9 apaixonado por futebol, \u00e9 filho de Karine Alves e Humberto Laviola. Parab\u00e9ns Caio! Que Deus continue guiando seus passos e aben\u00e7oando a sua vida abundantemente!<\/p>\n<p>&nbsp;<\/p>\n<p style=\"text-align: center;\"><strong><em><a href=\"https:\/\/anoticiaonline.com.br\/site\/wp-content\/uploads\/2018\/03\/Parab\u00e9ns-Manoel-Carvalho.jpg\"><img loading=\"lazy\" decoding=\"async\" class=\"aligncenter size-full wp-image-51198\" src=\"https:\/\/anoticiaonline.com.br\/site\/wp-content\/uploads\/2018\/03\/Parab\u00e9ns-Manoel-Carvalho.jpg\" alt=\"\" width=\"640\" height=\"640\" srcset=\"https:\/\/anoticiaonline.com.br\/site\/wp-content\/uploads\/2018\/03\/Parab\u00e9ns-Manoel-Carvalho.jpg 640w, https:\/\/anoticiaonline.com.br\/site\/wp-content\/uploads\/2018\/03\/Parab\u00e9ns-Manoel-Carvalho-150x150.jpg 150w, https:\/\/anoticiaonline.com.br\/site\/wp-content\/uploads\/2018\/03\/Parab\u00e9ns-Manoel-Carvalho-300x300.jpg 300w, https:\/\/anoticiaonline.com.br\/site\/wp-content\/uploads\/2018\/03\/Parab\u00e9ns-Manoel-Carvalho-144x144.jpg 144w\" sizes=\"(max-width: 640px) 100vw, 640px\" \/><\/a>Parab\u00e9ns, Manoel Carvalho<\/em><\/strong><\/p>\n<p>Nesta ter\u00e7a-feira (6) tamb\u00e9m aniversaria o nosso amigo Manoel Carvalho. Ele \u00e9 o atual secret\u00e1rio municipal de Agricultura e Meio Ambiente de Muria\u00e9. O aniversariante recebe os parab\u00e9ns, com desejos de muitas felicidades, da equipe do A NOT\u00cdCIA.<\/p>\n<p>&nbsp;<\/p>\n<p style=\"text-align: center;\"><strong><em><a href=\"https:\/\/anoticiaonline.com.br\/site\/wp-content\/uploads\/2018\/03\/1-ano-diogo.jpg\"><img loading=\"lazy\" decoding=\"async\" class=\"aligncenter size-full wp-image-51192\" src=\"https:\/\/anoticiaonline.com.br\/site\/wp-content\/uploads\/2018\/03\/1-ano-diogo.jpg\" alt=\"\" width=\"426\" height=\"640\" srcset=\"https:\/\/anoticiaonline.com.br\/site\/wp-content\/uploads\/2018\/03\/1-ano-diogo.jpg 426w, https:\/\/anoticiaonline.com.br\/site\/wp-content\/uploads\/2018\/03\/1-ano-diogo-200x300.jpg 200w\" sizes=\"(max-width: 426px) 100vw, 426px\" \/><\/a>1 ano de Diogo<\/em><\/strong><\/p>\n<p>O 1\u00ba aninho de Diogo Jos\u00e9 Cabral Fortini foi lindamente comemorado no s\u00e1bado (24), reunindo familiares e amigos do aniversariante. Ele, que \u00e9 filho de Carlos Gustavo Machado e Dorilene Aparecida Cabral, festejou com o tema \u2018Pequeno Princ\u00edpe\u2019. Ao pequeno Diogo desejamos muitos anos de vida e felicidades mil. Foto: Revele Photo.<\/p>\n<p>&nbsp;<\/p>\n<p style=\"text-align: center;\"><strong><em><a href=\"https:\/\/anoticiaonline.com.br\/site\/wp-content\/uploads\/2018\/03\/2-anos-de-Ana-Luiza.jpg\"><img loading=\"lazy\" decoding=\"async\" class=\"aligncenter size-full wp-image-51193\" src=\"https:\/\/anoticiaonline.com.br\/site\/wp-content\/uploads\/2018\/03\/2-anos-de-Ana-Luiza.jpg\" alt=\"\" width=\"567\" height=\"425\" srcset=\"https:\/\/anoticiaonline.com.br\/site\/wp-content\/uploads\/2018\/03\/2-anos-de-Ana-Luiza.jpg 567w, https:\/\/anoticiaonline.com.br\/site\/wp-content\/uploads\/2018\/03\/2-anos-de-Ana-Luiza-300x225.jpg 300w\" sizes=\"(max-width: 567px) 100vw, 567px\" \/><\/a>2 anos de Ana Luiza<\/em><\/strong><\/p>\n<p>A pequena Ana Luiza recebeu amigos e familiares para comemorarem os seus 2 aninhos na segunda-feira (26). A festa organizada pelos papais Rodrigo Almeida e Fab\u00edola Rocha aconteceu na Sede dos Moradores do bairro Santana. A festa com o tema \u2018Minnie\u2019 contou tamb\u00e9m com a presen\u00e7a dos irm\u00e3os da aniversariante Guilherme e Miguel. Parab\u00e9ns para a Ana Luiza!<\/p>\n<p>&nbsp;<\/p>\n<p style=\"text-align: center;\"><strong><em><a href=\"https:\/\/anoticiaonline.com.br\/site\/wp-content\/uploads\/2018\/03\/cd09a2e4-7984-477d-9f6d-78e56fee2498.jpg\"><img loading=\"lazy\" decoding=\"async\" class=\"aligncenter size-full wp-image-51194\" src=\"https:\/\/anoticiaonline.com.br\/site\/wp-content\/uploads\/2018\/03\/cd09a2e4-7984-477d-9f6d-78e56fee2498.jpg\" alt=\"\" width=\"480\" height=\"640\" srcset=\"https:\/\/anoticiaonline.com.br\/site\/wp-content\/uploads\/2018\/03\/cd09a2e4-7984-477d-9f6d-78e56fee2498.jpg 480w, https:\/\/anoticiaonline.com.br\/site\/wp-content\/uploads\/2018\/03\/cd09a2e4-7984-477d-9f6d-78e56fee2498-225x300.jpg 225w\" sizes=\"(max-width: 480px) 100vw, 480px\" \/><\/a>Formatura de Laila Braz Miranda<\/em><\/strong><\/p>\n<p>A bonita Laila Braz Miranda (21 anos) concluiu com louvor o seu curso de Administra\u00e7\u00e3o de Empresas pela Universidade Fumec. A cerim\u00f4nia de cola\u00e7\u00e3o de grau aconteceu no s\u00e1bado (24) sob os olhares atenciosos dos bisav\u00f3s L\u00e9dia e Jos\u00e9 Braz, dos av\u00f3s Beth e Braulio Braz, da m\u00e3e Bianca Braz, da irm\u00e3 Rayla Braz Miranda, da madrinha Juliana Braz Canedo, dos convidados Miguel Faria, Rafael Sette e Jonson Sousa, al\u00e9m de outros amigos. Ap\u00f3s a cola\u00e7\u00e3o de grau os convidados foram ricamente recepcionados no renomado \u2018Alma Chef\u2019, do muriaeense Feliipe Rameh. Laila Braz \u00e9 a primeira neta do Deputado Braulio Braz e primeira bisneta do ex-prefeito Jos\u00e9 Braz a se formar. Parab\u00e9ns Laila, muito sucesso!!!<\/p>\n<p>&nbsp;<\/p>\n<p>&nbsp;<\/p>\n<p>&nbsp;<\/p>\n","protected":false},"excerpt":{"rendered":"<p>Niver duplo 1 A semana foi de festa para as queridas Gilvana Felippe Feres Laviola e Riviane Maria Felippe Feres Laviola, que completaram idade nova. Elas, que s\u00e3o m\u00e3e e filha, aniversariaram na ter\u00e7a-feira (27) e na quarta-feira (28) respectivamente. A elas enviamos votos de muitos anos de vida, sa\u00fade e paz hoje e sempre. &#8230; <a title=\"Sociarte 02.03.18\" class=\"read-more\" href=\"https:\/\/anoticiaonline.com.br\/site\/sociarte-02-03-18\/\" aria-label=\"Read more about Sociarte 02.03.18\">Ler mais<\/a><\/p>\n","protected":false},"author":2,"featured_media":0,"comment_status":"open","ping_status":"open","sticky":false,"template":"","format":"standard","meta":{"_acf_changed":false,"_monsterinsights_skip_tracking":false,"footnotes":""},"categories":[38],"tags":[565,2122,730,393,2119,1730,11,1726,2120,2121,731,333],"class_list":["post-51139","post","type-post","status-publish","format-standard","hentry","category-sociarte","tag-15-anos","tag-beth","tag-braulio-braz","tag-casamento","tag-debbut","tag-deputado-braulio-braz","tag-formatura","tag-jose-braz","tag-laila-braz-miranda","tag-ledia","tag-renzo-braz","tag-sociarte"],"acf":[],"aioseo_notices":[],"aioseo_head":"\n\t\t<!-- All in One SEO 5.0.0.1 - aioseo.com -->\n\t<meta name=\"description\" content=\"Niver duplo 1 A semana foi de festa para as queridas Gilvana Felippe Feres Laviola e Riviane Maria Felippe Feres Laviola, que completaram idade nova. Elas, que s\u00e3o m\u00e3e e filha, aniversariaram na ter\u00e7a-feira (27) e na quarta-feira (28) respectivamente. A elas enviamos votos de muitos anos de vida, sa\u00fade e paz hoje e sempre.\" \/>\n\t<meta name=\"robots\" content=\"max-image-preview:large\" \/>\n\t<meta name=\"author\" content=\"Juliana Laviola\"\/>\n\t<link rel=\"canonical\" href=\"https:\/\/anoticiaonline.com.br\/site\/sociarte-02-03-18\/\" \/>\n\t<meta name=\"generator\" content=\"All in One SEO (AIOSEO) 5.0.0.1\" \/>\n\t\t<meta property=\"og:locale\" content=\"pt_BR\" \/>\n\t\t<meta property=\"og:site_name\" content=\"A Not\u00edcia Online - Noticias de Muria\u00e9 e regi\u00e3o\" \/>\n\t\t<meta property=\"og:type\" content=\"article\" \/>\n\t\t<meta property=\"og:title\" content=\"Sociarte 02.03.18 - A Not\u00edcia Online\" \/>\n\t\t<meta property=\"og:description\" content=\"Niver duplo 1 A semana foi de festa para as queridas Gilvana Felippe Feres Laviola e Riviane Maria Felippe Feres Laviola, que completaram idade nova. Elas, que s\u00e3o m\u00e3e e filha, aniversariaram na ter\u00e7a-feira (27) e na quarta-feira (28) respectivamente. A elas enviamos votos de muitos anos de vida, sa\u00fade e paz hoje e sempre.\" \/>\n\t\t<meta property=\"og:url\" content=\"https:\/\/anoticiaonline.com.br\/site\/sociarte-02-03-18\/\" \/>\n\t\t<meta property=\"og:image\" content=\"https:\/\/scontent-gig4-1.xx.fbcdn.net\/v\/t39.30808-1\/270437624_4564083193639691_6907940295614233970_n.jpg?stp=dst-jpg_s200x200_tt6&#038;_nc_cat=111&#038;ccb=1-7&#038;_nc_sid=f907e8&#038;_nc_ohc=SM1wRlP3lJwQ7kNvwEPuBYA&#038;_nc_oc=AdnqrjDN_BNjSSHWO-GbkIWH6fkGMLw4bqvL_NH6e2wMveX7G-rP2dAqsDSq1mJMOaY&#038;_nc_zt=24&#038;_nc_ht=scontent-gig4-1.xx&#038;_nc_gid=AoBFJeGrT1hVaew_6rchkQ&#038;oh=00_AfX7QmFGhQhG2jAllVgXCiM1ZrWgvtp80-Bfppyexh1QEg&#038;oe=689E923C\" \/>\n\t\t<meta property=\"og:image:secure_url\" content=\"https:\/\/scontent-gig4-1.xx.fbcdn.net\/v\/t39.30808-1\/270437624_4564083193639691_6907940295614233970_n.jpg?stp=dst-jpg_s200x200_tt6&#038;_nc_cat=111&#038;ccb=1-7&#038;_nc_sid=f907e8&#038;_nc_ohc=SM1wRlP3lJwQ7kNvwEPuBYA&#038;_nc_oc=AdnqrjDN_BNjSSHWO-GbkIWH6fkGMLw4bqvL_NH6e2wMveX7G-rP2dAqsDSq1mJMOaY&#038;_nc_zt=24&#038;_nc_ht=scontent-gig4-1.xx&#038;_nc_gid=AoBFJeGrT1hVaew_6rchkQ&#038;oh=00_AfX7QmFGhQhG2jAllVgXCiM1ZrWgvtp80-Bfppyexh1QEg&#038;oe=689E923C\" \/>\n\t\t<meta property=\"article:published_time\" content=\"2018-03-02T00:34:52+00:00\" \/>\n\t\t<meta property=\"article:modified_time\" content=\"2018-03-02T00:37:42+00:00\" \/>\n\t\t<meta name=\"twitter:card\" content=\"summary_large_image\" \/>\n\t\t<meta name=\"twitter:title\" content=\"Sociarte 02.03.18 - A Not\u00edcia Online\" \/>\n\t\t<meta name=\"twitter:description\" content=\"Niver duplo 1 A semana foi de festa para as queridas Gilvana Felippe Feres Laviola e Riviane Maria Felippe Feres Laviola, que completaram idade nova. Elas, que s\u00e3o m\u00e3e e filha, aniversariaram na ter\u00e7a-feira (27) e na quarta-feira (28) respectivamente. A elas enviamos votos de muitos anos de vida, sa\u00fade e paz hoje e sempre.\" \/>\n\t\t<meta name=\"twitter:image\" content=\"https:\/\/scontent-gig4-1.xx.fbcdn.net\/v\/t39.30808-1\/270437624_4564083193639691_6907940295614233970_n.jpg?stp=dst-jpg_s200x200_tt6&amp;_nc_cat=111&amp;ccb=1-7&amp;_nc_sid=f907e8&amp;_nc_ohc=SM1wRlP3lJwQ7kNvwEPuBYA&amp;_nc_oc=AdnqrjDN_BNjSSHWO-GbkIWH6fkGMLw4bqvL_NH6e2wMveX7G-rP2dAqsDSq1mJMOaY&amp;_nc_zt=24&amp;_nc_ht=scontent-gig4-1.xx&amp;_nc_gid=AoBFJeGrT1hVaew_6rchkQ&amp;oh=00_AfX7QmFGhQhG2jAllVgXCiM1ZrWgvtp80-Bfppyexh1QEg&amp;oe=689E923C\" \/>\n\t\t<script type=\"application\/ld+json\" class=\"aioseo-schema\">\n\t\t\t{\"@context\":\"https:\\\/\\\/schema.org\",\"@graph\":[{\"@type\":\"BlogPosting\",\"@id\":\"https:\\\/\\\/anoticiaonline.com.br\\\/site\\\/sociarte-02-03-18\\\/#blogposting\",\"name\":\"Sociarte 02.03.18 - A Not\\u00edcia Online\",\"headline\":\"Sociarte 02.03.18\",\"author\":{\"@id\":\"https:\\\/\\\/anoticiaonline.com.br\\\/site\\\/author\\\/juliana\\\/#author\"},\"publisher\":{\"@id\":\"https:\\\/\\\/anoticiaonline.com.br\\\/site\\\/#organization\"},\"image\":{\"@type\":\"ImageObject\",\"url\":\"https:\\\/\\\/anoticiaonline.com.br\\\/site\\\/wp-content\\\/uploads\\\/2018\\\/03\\\/Niver-duplo-2-2.jpg\",\"@id\":\"https:\\\/\\\/anoticiaonline.com.br\\\/site\\\/sociarte-02-03-18\\\/#articleImage\",\"width\":449,\"height\":600},\"datePublished\":\"2018-03-01T21:34:52-03:00\",\"dateModified\":\"2018-03-01T21:37:42-03:00\",\"inLanguage\":\"pt-BR\",\"mainEntityOfPage\":{\"@id\":\"https:\\\/\\\/anoticiaonline.com.br\\\/site\\\/sociarte-02-03-18\\\/#webpage\"},\"isPartOf\":{\"@id\":\"https:\\\/\\\/anoticiaonline.com.br\\\/site\\\/sociarte-02-03-18\\\/#webpage\"},\"articleSection\":\"Sociarte, 15 anos, Beth, Braulio Braz, casamento, debbut, deputado Braulio Braz, formatura, Jos\\u00e9 Braz, Laila Braz Miranda, L\\u00e9dia, Renzo Braz, sociarte\"},{\"@type\":\"BreadcrumbList\",\"@id\":\"https:\\\/\\\/anoticiaonline.com.br\\\/site\\\/sociarte-02-03-18\\\/#breadcrumblist\",\"itemListElement\":[{\"@type\":\"ListItem\",\"@id\":\"https:\\\/\\\/anoticiaonline.com.br\\\/site#listItem\",\"position\":1,\"name\":\"Home\",\"item\":\"https:\\\/\\\/anoticiaonline.com.br\\\/site\",\"nextItem\":{\"@type\":\"ListItem\",\"@id\":\"https:\\\/\\\/anoticiaonline.com.br\\\/site\\\/categoria\\\/colunistas\\\/#listItem\",\"name\":\"Colunistas\"}},{\"@type\":\"ListItem\",\"@id\":\"https:\\\/\\\/anoticiaonline.com.br\\\/site\\\/categoria\\\/colunistas\\\/#listItem\",\"position\":2,\"name\":\"Colunistas\",\"item\":\"https:\\\/\\\/anoticiaonline.com.br\\\/site\\\/categoria\\\/colunistas\\\/\",\"nextItem\":{\"@type\":\"ListItem\",\"@id\":\"https:\\\/\\\/anoticiaonline.com.br\\\/site\\\/categoria\\\/colunistas\\\/sociarte\\\/#listItem\",\"name\":\"Sociarte\"},\"previousItem\":{\"@type\":\"ListItem\",\"@id\":\"https:\\\/\\\/anoticiaonline.com.br\\\/site#listItem\",\"name\":\"Home\"}},{\"@type\":\"ListItem\",\"@id\":\"https:\\\/\\\/anoticiaonline.com.br\\\/site\\\/categoria\\\/colunistas\\\/sociarte\\\/#listItem\",\"position\":3,\"name\":\"Sociarte\",\"item\":\"https:\\\/\\\/anoticiaonline.com.br\\\/site\\\/categoria\\\/colunistas\\\/sociarte\\\/\",\"nextItem\":{\"@type\":\"ListItem\",\"@id\":\"https:\\\/\\\/anoticiaonline.com.br\\\/site\\\/sociarte-02-03-18\\\/#listItem\",\"name\":\"Sociarte 02.03.18\"},\"previousItem\":{\"@type\":\"ListItem\",\"@id\":\"https:\\\/\\\/anoticiaonline.com.br\\\/site\\\/categoria\\\/colunistas\\\/#listItem\",\"name\":\"Colunistas\"}},{\"@type\":\"ListItem\",\"@id\":\"https:\\\/\\\/anoticiaonline.com.br\\\/site\\\/sociarte-02-03-18\\\/#listItem\",\"position\":4,\"name\":\"Sociarte 02.03.18\",\"previousItem\":{\"@type\":\"ListItem\",\"@id\":\"https:\\\/\\\/anoticiaonline.com.br\\\/site\\\/categoria\\\/colunistas\\\/sociarte\\\/#listItem\",\"name\":\"Sociarte\"}}]},{\"@type\":\"Organization\",\"@id\":\"https:\\\/\\\/anoticiaonline.com.br\\\/site\\\/#organization\",\"name\":\"A Not\\u00edcia Online\",\"description\":\"Noticias de Muria\\u00e9 e regi\\u00e3o\",\"url\":\"https:\\\/\\\/anoticiaonline.com.br\\\/site\\\/\",\"logo\":{\"@type\":\"ImageObject\",\"url\":\"https:\\\/\\\/scontent-gig4-1.xx.fbcdn.net\\\/v\\\/t39.30808-1\\\/270437624_4564083193639691_6907940295614233970_n.jpg?stp=dst-jpg_s200x200_tt6&_nc_cat=111&ccb=1-7&_nc_sid=f907e8&_nc_ohc=SM1wRlP3lJwQ7kNvwEPuBYA&_nc_oc=AdnqrjDN_BNjSSHWO-GbkIWH6fkGMLw4bqvL_NH6e2wMveX7G-rP2dAqsDSq1mJMOaY&_nc_zt=24&_nc_ht=scontent-gig4-1.xx&_nc_gid=AoBFJeGrT1hVaew_6rchkQ&oh=00_AfX7QmFGhQhG2jAllVgXCiM1ZrWgvtp80-Bfppyexh1QEg&oe=689E923C\",\"@id\":\"https:\\\/\\\/anoticiaonline.com.br\\\/site\\\/sociarte-02-03-18\\\/#organizationLogo\"},\"image\":{\"@id\":\"https:\\\/\\\/anoticiaonline.com.br\\\/site\\\/sociarte-02-03-18\\\/#organizationLogo\"}},{\"@type\":\"Person\",\"@id\":\"https:\\\/\\\/anoticiaonline.com.br\\\/site\\\/author\\\/juliana\\\/#author\",\"url\":\"https:\\\/\\\/anoticiaonline.com.br\\\/site\\\/author\\\/juliana\\\/\",\"name\":\"Juliana Laviola\",\"image\":{\"@type\":\"ImageObject\",\"@id\":\"https:\\\/\\\/anoticiaonline.com.br\\\/site\\\/sociarte-02-03-18\\\/#authorImage\",\"url\":\"https:\\\/\\\/secure.gravatar.com\\\/avatar\\\/b8d45f5c699b100dfaf0e543582f38f38bf94cb7ae3a5e9abf8d891a34773335?s=96&d=mm&r=g\",\"width\":96,\"height\":96,\"caption\":\"Juliana Laviola\"}},{\"@type\":\"WebPage\",\"@id\":\"https:\\\/\\\/anoticiaonline.com.br\\\/site\\\/sociarte-02-03-18\\\/#webpage\",\"url\":\"https:\\\/\\\/anoticiaonline.com.br\\\/site\\\/sociarte-02-03-18\\\/\",\"name\":\"Sociarte 02.03.18 - A Not\\u00edcia Online\",\"description\":\"Niver duplo 1 A semana foi de festa para as queridas Gilvana Felippe Feres Laviola e Riviane Maria Felippe Feres Laviola, que completaram idade nova. Elas, que s\\u00e3o m\\u00e3e e filha, aniversariaram na ter\\u00e7a-feira (27) e na quarta-feira (28) respectivamente. A elas enviamos votos de muitos anos de vida, sa\\u00fade e paz hoje e sempre.\",\"inLanguage\":\"pt-BR\",\"isPartOf\":{\"@id\":\"https:\\\/\\\/anoticiaonline.com.br\\\/site\\\/#website\"},\"breadcrumb\":{\"@id\":\"https:\\\/\\\/anoticiaonline.com.br\\\/site\\\/sociarte-02-03-18\\\/#breadcrumblist\"},\"author\":{\"@id\":\"https:\\\/\\\/anoticiaonline.com.br\\\/site\\\/author\\\/juliana\\\/#author\"},\"creator\":{\"@id\":\"https:\\\/\\\/anoticiaonline.com.br\\\/site\\\/author\\\/juliana\\\/#author\"},\"datePublished\":\"2018-03-01T21:34:52-03:00\",\"dateModified\":\"2018-03-01T21:37:42-03:00\"},{\"@type\":\"WebSite\",\"@id\":\"https:\\\/\\\/anoticiaonline.com.br\\\/site\\\/#website\",\"url\":\"https:\\\/\\\/anoticiaonline.com.br\\\/site\\\/\",\"name\":\"A Not\\u00edcia Online\",\"description\":\"Noticias de Muria\\u00e9 e regi\\u00e3o\",\"inLanguage\":\"pt-BR\",\"publisher\":{\"@id\":\"https:\\\/\\\/anoticiaonline.com.br\\\/site\\\/#organization\"}}]}\n\t\t<\/script>\n\t\t<!-- All in One SEO -->\n\n","aioseo_head_json":{"title":"Sociarte 02.03.18 - A Not\u00edcia Online","description":"Niver duplo 1 A semana foi de festa para as queridas Gilvana Felippe Feres Laviola e Riviane Maria Felippe Feres Laviola, que completaram idade nova. Elas, que s\u00e3o m\u00e3e e filha, aniversariaram na ter\u00e7a-feira (27) e na quarta-feira (28) respectivamente. A elas enviamos votos de muitos anos de vida, sa\u00fade e paz hoje e sempre.","canonical_url":"https:\/\/anoticiaonline.com.br\/site\/sociarte-02-03-18\/","robots":"max-image-preview:large","keywords":"","webmasterTools":{"miscellaneous":""},"schema":{"@context":"https:\/\/schema.org","@graph":[{"@type":"BlogPosting","@id":"https:\/\/anoticiaonline.com.br\/site\/sociarte-02-03-18\/#blogposting","name":"Sociarte 02.03.18 - A Not\u00edcia Online","headline":"Sociarte 02.03.18","author":{"@id":"https:\/\/anoticiaonline.com.br\/site\/author\/juliana\/#author"},"publisher":{"@id":"https:\/\/anoticiaonline.com.br\/site\/#organization"},"image":{"@type":"ImageObject","url":"https:\/\/anoticiaonline.com.br\/site\/wp-content\/uploads\/2018\/03\/Niver-duplo-2-2.jpg","@id":"https:\/\/anoticiaonline.com.br\/site\/sociarte-02-03-18\/#articleImage","width":449,"height":600},"datePublished":"2018-03-01T21:34:52-03:00","dateModified":"2018-03-01T21:37:42-03:00","inLanguage":"pt-BR","mainEntityOfPage":{"@id":"https:\/\/anoticiaonline.com.br\/site\/sociarte-02-03-18\/#webpage"},"isPartOf":{"@id":"https:\/\/anoticiaonline.com.br\/site\/sociarte-02-03-18\/#webpage"},"articleSection":"Sociarte, 15 anos, Beth, Braulio Braz, casamento, debbut, deputado Braulio Braz, formatura, Jos\u00e9 Braz, Laila Braz Miranda, L\u00e9dia, Renzo Braz, sociarte"},{"@type":"BreadcrumbList","@id":"https:\/\/anoticiaonline.com.br\/site\/sociarte-02-03-18\/#breadcrumblist","itemListElement":[{"@type":"ListItem","@id":"https:\/\/anoticiaonline.com.br\/site#listItem","position":1,"name":"Home","item":"https:\/\/anoticiaonline.com.br\/site","nextItem":{"@type":"ListItem","@id":"https:\/\/anoticiaonline.com.br\/site\/categoria\/colunistas\/#listItem","name":"Colunistas"}},{"@type":"ListItem","@id":"https:\/\/anoticiaonline.com.br\/site\/categoria\/colunistas\/#listItem","position":2,"name":"Colunistas","item":"https:\/\/anoticiaonline.com.br\/site\/categoria\/colunistas\/","nextItem":{"@type":"ListItem","@id":"https:\/\/anoticiaonline.com.br\/site\/categoria\/colunistas\/sociarte\/#listItem","name":"Sociarte"},"previousItem":{"@type":"ListItem","@id":"https:\/\/anoticiaonline.com.br\/site#listItem","name":"Home"}},{"@type":"ListItem","@id":"https:\/\/anoticiaonline.com.br\/site\/categoria\/colunistas\/sociarte\/#listItem","position":3,"name":"Sociarte","item":"https:\/\/anoticiaonline.com.br\/site\/categoria\/colunistas\/sociarte\/","nextItem":{"@type":"ListItem","@id":"https:\/\/anoticiaonline.com.br\/site\/sociarte-02-03-18\/#listItem","name":"Sociarte 02.03.18"},"previousItem":{"@type":"ListItem","@id":"https:\/\/anoticiaonline.com.br\/site\/categoria\/colunistas\/#listItem","name":"Colunistas"}},{"@type":"ListItem","@id":"https:\/\/anoticiaonline.com.br\/site\/sociarte-02-03-18\/#listItem","position":4,"name":"Sociarte 02.03.18","previousItem":{"@type":"ListItem","@id":"https:\/\/anoticiaonline.com.br\/site\/categoria\/colunistas\/sociarte\/#listItem","name":"Sociarte"}}]},{"@type":"Organization","@id":"https:\/\/anoticiaonline.com.br\/site\/#organization","name":"A Not\u00edcia Online","description":"Noticias de Muria\u00e9 e regi\u00e3o","url":"https:\/\/anoticiaonline.com.br\/site\/","logo":{"@type":"ImageObject","url":"https:\/\/scontent-gig4-1.xx.fbcdn.net\/v\/t39.30808-1\/270437624_4564083193639691_6907940295614233970_n.jpg?stp=dst-jpg_s200x200_tt6&_nc_cat=111&ccb=1-7&_nc_sid=f907e8&_nc_ohc=SM1wRlP3lJwQ7kNvwEPuBYA&_nc_oc=AdnqrjDN_BNjSSHWO-GbkIWH6fkGMLw4bqvL_NH6e2wMveX7G-rP2dAqsDSq1mJMOaY&_nc_zt=24&_nc_ht=scontent-gig4-1.xx&_nc_gid=AoBFJeGrT1hVaew_6rchkQ&oh=00_AfX7QmFGhQhG2jAllVgXCiM1ZrWgvtp80-Bfppyexh1QEg&oe=689E923C","@id":"https:\/\/anoticiaonline.com.br\/site\/sociarte-02-03-18\/#organizationLogo"},"image":{"@id":"https:\/\/anoticiaonline.com.br\/site\/sociarte-02-03-18\/#organizationLogo"}},{"@type":"Person","@id":"https:\/\/anoticiaonline.com.br\/site\/author\/juliana\/#author","url":"https:\/\/anoticiaonline.com.br\/site\/author\/juliana\/","name":"Juliana Laviola","image":{"@type":"ImageObject","@id":"https:\/\/anoticiaonline.com.br\/site\/sociarte-02-03-18\/#authorImage","url":"https:\/\/secure.gravatar.com\/avatar\/b8d45f5c699b100dfaf0e543582f38f38bf94cb7ae3a5e9abf8d891a34773335?s=96&d=mm&r=g","width":96,"height":96,"caption":"Juliana Laviola"}},{"@type":"WebPage","@id":"https:\/\/anoticiaonline.com.br\/site\/sociarte-02-03-18\/#webpage","url":"https:\/\/anoticiaonline.com.br\/site\/sociarte-02-03-18\/","name":"Sociarte 02.03.18 - A Not\u00edcia Online","description":"Niver duplo 1 A semana foi de festa para as queridas Gilvana Felippe Feres Laviola e Riviane Maria Felippe Feres Laviola, que completaram idade nova. Elas, que s\u00e3o m\u00e3e e filha, aniversariaram na ter\u00e7a-feira (27) e na quarta-feira (28) respectivamente. A elas enviamos votos de muitos anos de vida, sa\u00fade e paz hoje e sempre.","inLanguage":"pt-BR","isPartOf":{"@id":"https:\/\/anoticiaonline.com.br\/site\/#website"},"breadcrumb":{"@id":"https:\/\/anoticiaonline.com.br\/site\/sociarte-02-03-18\/#breadcrumblist"},"author":{"@id":"https:\/\/anoticiaonline.com.br\/site\/author\/juliana\/#author"},"creator":{"@id":"https:\/\/anoticiaonline.com.br\/site\/author\/juliana\/#author"},"datePublished":"2018-03-01T21:34:52-03:00","dateModified":"2018-03-01T21:37:42-03:00"},{"@type":"WebSite","@id":"https:\/\/anoticiaonline.com.br\/site\/#website","url":"https:\/\/anoticiaonline.com.br\/site\/","name":"A Not\u00edcia Online","description":"Noticias de Muria\u00e9 e regi\u00e3o","inLanguage":"pt-BR","publisher":{"@id":"https:\/\/anoticiaonline.com.br\/site\/#organization"}}]},"og:locale":"pt_BR","og:site_name":"A Not\u00edcia Online - Noticias de Muria\u00e9 e regi\u00e3o","og:type":"article","og:title":"Sociarte 02.03.18 - A Not\u00edcia Online","og:description":"Niver duplo 1 A semana foi de festa para as queridas Gilvana Felippe Feres Laviola e Riviane Maria Felippe Feres Laviola, que completaram idade nova. Elas, que s\u00e3o m\u00e3e e filha, aniversariaram na ter\u00e7a-feira (27) e na quarta-feira (28) respectivamente. A elas enviamos votos de muitos anos de vida, sa\u00fade e paz hoje e sempre.","og:url":"https:\/\/anoticiaonline.com.br\/site\/sociarte-02-03-18\/","og:image":"https:\/\/scontent-gig4-1.xx.fbcdn.net\/v\/t39.30808-1\/270437624_4564083193639691_6907940295614233970_n.jpg?stp=dst-jpg_s200x200_tt6&#038;_nc_cat=111&#038;ccb=1-7&#038;_nc_sid=f907e8&#038;_nc_ohc=SM1wRlP3lJwQ7kNvwEPuBYA&#038;_nc_oc=AdnqrjDN_BNjSSHWO-GbkIWH6fkGMLw4bqvL_NH6e2wMveX7G-rP2dAqsDSq1mJMOaY&#038;_nc_zt=24&#038;_nc_ht=scontent-gig4-1.xx&#038;_nc_gid=AoBFJeGrT1hVaew_6rchkQ&#038;oh=00_AfX7QmFGhQhG2jAllVgXCiM1ZrWgvtp80-Bfppyexh1QEg&#038;oe=689E923C","og:image:secure_url":"https:\/\/scontent-gig4-1.xx.fbcdn.net\/v\/t39.30808-1\/270437624_4564083193639691_6907940295614233970_n.jpg?stp=dst-jpg_s200x200_tt6&#038;_nc_cat=111&#038;ccb=1-7&#038;_nc_sid=f907e8&#038;_nc_ohc=SM1wRlP3lJwQ7kNvwEPuBYA&#038;_nc_oc=AdnqrjDN_BNjSSHWO-GbkIWH6fkGMLw4bqvL_NH6e2wMveX7G-rP2dAqsDSq1mJMOaY&#038;_nc_zt=24&#038;_nc_ht=scontent-gig4-1.xx&#038;_nc_gid=AoBFJeGrT1hVaew_6rchkQ&#038;oh=00_AfX7QmFGhQhG2jAllVgXCiM1ZrWgvtp80-Bfppyexh1QEg&#038;oe=689E923C","article:published_time":"2018-03-02T00:34:52+00:00","article:modified_time":"2018-03-02T00:37:42+00:00","twitter:card":"summary_large_image","twitter:title":"Sociarte 02.03.18 - A Not\u00edcia Online","twitter:description":"Niver duplo 1 A semana foi de festa para as queridas Gilvana Felippe Feres Laviola e Riviane Maria Felippe Feres Laviola, que completaram idade nova. Elas, que s\u00e3o m\u00e3e e filha, aniversariaram na ter\u00e7a-feira (27) e na quarta-feira (28) respectivamente. A elas enviamos votos de muitos anos de vida, sa\u00fade e paz hoje e sempre.","twitter:image":"https:\/\/scontent-gig4-1.xx.fbcdn.net\/v\/t39.30808-1\/270437624_4564083193639691_6907940295614233970_n.jpg?stp=dst-jpg_s200x200_tt6&_nc_cat=111&ccb=1-7&_nc_sid=f907e8&_nc_ohc=SM1wRlP3lJwQ7kNvwEPuBYA&_nc_oc=AdnqrjDN_BNjSSHWO-GbkIWH6fkGMLw4bqvL_NH6e2wMveX7G-rP2dAqsDSq1mJMOaY&_nc_zt=24&_nc_ht=scontent-gig4-1.xx&_nc_gid=AoBFJeGrT1hVaew_6rchkQ&oh=00_AfX7QmFGhQhG2jAllVgXCiM1ZrWgvtp80-Bfppyexh1QEg&oe=689E923C"},"aioseo_meta_data":{"post_id":"51139","title":null,"description":null,"keywords":null,"keyphrases":null,"primary_term":null,"canonical_url":null,"og_title":null,"og_description":null,"og_object_type":"default","og_image_type":"default","og_image_url":null,"og_image_width":null,"og_image_height":null,"og_image_custom_url":null,"og_image_custom_fields":null,"og_video":null,"og_custom_url":null,"og_article_section":null,"og_article_tags":null,"twitter_use_og":false,"twitter_card":"default","twitter_image_type":"default","twitter_image_url":null,"twitter_image_custom_url":null,"twitter_image_custom_fields":null,"twitter_title":null,"twitter_description":null,"schema":{"blockGraphs":[],"customGraphs":[],"default":{"data":{"Article":[],"Course":[],"Dataset":[],"FAQPage":[],"Movie":[],"Person":[],"Product":[],"ProductReview":[],"Car":[],"Recipe":[],"Service":[],"SoftwareApplication":[],"WebPage":[]},"graphName":"","isEnabled":true},"graphs":[]},"schema_type":"default","schema_type_options":null,"pillar_content":false,"robots_default":true,"robots_noindex":false,"robots_noarchive":false,"robots_nosnippet":false,"robots_nofollow":false,"robots_noimageindex":false,"robots_noodp":false,"robots_notranslate":false,"robots_max_snippet":null,"robots_max_videopreview":null,"robots_max_imagepreview":"large","priority":null,"frequency":null,"local_seo":null,"breadcrumb_settings":null,"limit_modified_date":false,"ai":null,"created":"2025-08-16 20:26:58","updated":"2025-08-16 20:26:58","focus_keyword":null,"additional_keywords":null,"truseo_locale":null,"seo_analyzer_scan_date":null},"aioseo_breadcrumb":"<div class=\"aioseo-breadcrumbs\"><span class=\"aioseo-breadcrumb\">\n\t\t\t<a href=\"https:\/\/anoticiaonline.com.br\/site\" title=\"Home\">Home<\/a>\n\t\t<\/span><span class=\"aioseo-breadcrumb-separator\">&raquo;<\/span><span class=\"aioseo-breadcrumb\">\n\t\t\t<a href=\"https:\/\/anoticiaonline.com.br\/site\/categoria\/colunistas\/\" title=\"Colunistas\">Colunistas<\/a>\n\t\t<\/span><span class=\"aioseo-breadcrumb-separator\">&raquo;<\/span><span class=\"aioseo-breadcrumb\">\n\t\t\t<a href=\"https:\/\/anoticiaonline.com.br\/site\/categoria\/colunistas\/sociarte\/\" title=\"Sociarte\">Sociarte<\/a>\n\t\t<\/span><span class=\"aioseo-breadcrumb-separator\">&raquo;<\/span><span class=\"aioseo-breadcrumb\">\n\t\t\tSociarte 02.03.18\n\t\t<\/span><\/div>","aioseo_breadcrumb_json":[{"label":"Home","link":"https:\/\/anoticiaonline.com.br\/site"},{"label":"Colunistas","link":"https:\/\/anoticiaonline.com.br\/site\/categoria\/colunistas\/"},{"label":"Sociarte","link":"https:\/\/anoticiaonline.com.br\/site\/categoria\/colunistas\/sociarte\/"},{"label":"Sociarte 02.03.18","link":"https:\/\/anoticiaonline.com.br\/site\/sociarte-02-03-18\/"}],"views":117,"_links":{"self":[{"href":"https:\/\/anoticiaonline.com.br\/site\/wp-json\/wp\/v2\/posts\/51139","targetHints":{"allow":["GET"]}}],"collection":[{"href":"https:\/\/anoticiaonline.com.br\/site\/wp-json\/wp\/v2\/posts"}],"about":[{"href":"https:\/\/anoticiaonline.com.br\/site\/wp-json\/wp\/v2\/types\/post"}],"author":[{"embeddable":true,"href":"https:\/\/anoticiaonline.com.br\/site\/wp-json\/wp\/v2\/users\/2"}],"replies":[{"embeddable":true,"href":"https:\/\/anoticiaonline.com.br\/site\/wp-json\/wp\/v2\/comments?post=51139"}],"version-history":[{"count":0,"href":"https:\/\/anoticiaonline.com.br\/site\/wp-json\/wp\/v2\/posts\/51139\/revisions"}],"wp:attachment":[{"href":"https:\/\/anoticiaonline.com.br\/site\/wp-json\/wp\/v2\/media?parent=51139"}],"wp:term":[{"taxonomy":"category","embeddable":true,"href":"https:\/\/anoticiaonline.com.br\/site\/wp-json\/wp\/v2\/categories?post=51139"},{"taxonomy":"post_tag","embeddable":true,"href":"https:\/\/anoticiaonline.com.br\/site\/wp-json\/wp\/v2\/tags?post=51139"}],"curies":[{"name":"wp","href":"https:\/\/api.w.org\/{rel}","templated":true}]}}