{"id":5104,"date":"2015-10-23T14:00:36","date_gmt":"2015-10-23T17:00:36","guid":{"rendered":"http:\/\/anoticiaonline.com.br\/site\/?p=5104"},"modified":"2015-10-22T18:49:27","modified_gmt":"2015-10-22T21:49:27","slug":"friaca-tintas-promove-palestra-para-pintores","status":"publish","type":"post","link":"https:\/\/anoticiaonline.com.br\/site\/friaca-tintas-promove-palestra-para-pintores\/","title":{"rendered":"Fria\u00e7a Tintas promove palestra para pintores"},"content":{"rendered":"<p><a href=\"https:\/\/anoticiaonline.com.br\/site\/wp-content\/uploads\/2015\/10\/DSCN9963.jpg\"><img fetchpriority=\"high\" decoding=\"async\" class=\" size-medium wp-image-5105 alignleft\" src=\"https:\/\/anoticiaonline.com.br\/site\/wp-content\/uploads\/2015\/10\/DSCN9963-300x225.jpg\" alt=\"DSCN9963\" width=\"300\" height=\"225\" srcset=\"https:\/\/anoticiaonline.com.br\/site\/wp-content\/uploads\/2015\/10\/DSCN9963-300x225.jpg 300w, https:\/\/anoticiaonline.com.br\/site\/wp-content\/uploads\/2015\/10\/DSCN9963.jpg 640w\" sizes=\"(max-width: 300px) 100vw, 300px\" \/><\/a>A qualifica\u00e7\u00e3o profissional \u00e9 essencial, e at\u00e9 necess\u00e1ria, em todos os segmentos. E na pintura imobili\u00e1ria n\u00e3o \u00e9 diferente. Pensando nisso, a Fria\u00e7a Tintas, em parceria com a marca de tintas Coral, organizou uma palestra profissionalizante para os pintores da cidade.<\/p>\n<p>Cerca de 130 profissionais, assim como a equipe da Fria\u00e7a, participaram do encontro, que aconteceu na \u00faltima quinta-feira (15), na Churrascaria Serra do Sol. O objetivo do evento foi esclarecer as d\u00favidas dos pintores e aproximar a categoria. \u201cNosso intuito foi trazer os pintores para perto de n\u00f3s, fazendo com que se aproximem mais tanto n\u00f3s, funcion\u00e1rios da Fria\u00e7a, quanto deles mesmos\u201d, afirma o gerente da Fria\u00e7a Tintas, Fabr\u00edcio Gadioli Diniz.<\/p>\n<p>A palestra, que tamb\u00e9m comemorou o Dia do Pintor (18 de outubro), apresentou ainda os novos produtos da Coral, como esmalte hammerite e tinta acr\u00edlico total.<\/p>\n<p>Localizada na Rua Oswaldo Cruz, na Barra, a Fria\u00e7a Tintas possui uma grande variedade de tintas imobili\u00e1rias, al\u00e9m de acess\u00f3rios para pintura.<\/p>\n<p><strong>CORAL ACRILICO TOTAL \u2013<\/strong> A Coral Acr\u00edlico Total \u00e9 um produto de qualidade superior, uma tinta com desempenho superior em resist\u00eancia, cobertura e lavabilidade para paredes externas e internas: ela \u00e9 30% mais resistente \u00e0 abras\u00e3o, tem 50% maior de cobertura e 30% mais de ciclos de lavabilidade. E ainda conta com uma cartela de cores exclusiva, com 210 tons no sistema tintom\u00e9trico e 20 prontas. \u00c9 sem cheiro e de f\u00e1cil aplica\u00e7\u00e3o.<\/p>\n<p><strong>ESMALTE HAMMERITE &#8211;<\/strong> O Esmalte Sint\u00e9tico Hammerite Direto na Ferrugem \u00e9 um esmalte antioxidante que se aplica diretamente sobre ferro limpo ou enferrujado. Previne e interrompe o processo de ferrugem. N\u00e3o necessita de fundo pr\u00e9vio.<\/p>\n<p>Sua nova f\u00f3rmula oferece uma dupla tecnologia: alta repel\u00eancia a \u00e1gua e a\u00e7\u00e3o anticorrosiva, al\u00e9m de permitir a dilui\u00e7\u00e3o com aguarr\u00e1s convencional, eliminando a necessidade de dilui\u00e7\u00e3o com um solvente espec\u00edfico. Possui um grande poder de cobertura e rendimento. \u00c9 indicado para ambientes externos e internos.<\/p>\n<p><img decoding=\"async\" class=\"ngg_displayed_gallery mceItem\" src=\"https:\/\/anoticiaonline.com.br\/site\/nextgen-attach_to_post\/preview\/id--5150\" alt=\"\" \/><\/p>\n","protected":false},"excerpt":{"rendered":"<p>A qualifica\u00e7\u00e3o profissional \u00e9 essencial, e at\u00e9 necess\u00e1ria, em todos os segmentos. E na pintura imobili\u00e1ria n\u00e3o \u00e9 diferente. Pensando nisso, a Fria\u00e7a Tintas, em parceria com a marca de tintas Coral, organizou uma palestra profissionalizante para os pintores da cidade. Cerca de 130 profissionais, assim como a equipe da Fria\u00e7a, participaram do encontro, que &#8230; <a title=\"Fria\u00e7a Tintas promove palestra para pintores\" class=\"read-more\" href=\"https:\/\/anoticiaonline.com.br\/site\/friaca-tintas-promove-palestra-para-pintores\/\" aria-label=\"Read more about Fria\u00e7a Tintas promove palestra para pintores\">Ler mais<\/a><\/p>\n","protected":false},"author":2,"featured_media":5105,"comment_status":"open","ping_status":"open","sticky":false,"template":"","format":"standard","meta":{"_acf_changed":false,"_monsterinsights_skip_tracking":false,"footnotes":""},"categories":[24],"tags":[3],"class_list":["post-5104","post","type-post","status-publish","format-standard","has-post-thumbnail","hentry","category-eventos","tag-slide"],"acf":[],"aioseo_notices":[],"aioseo_head":"\n\t\t<!-- All in One SEO 5.0.0.1 - aioseo.com -->\n\t<meta name=\"description\" content=\"A qualifica\u00e7\u00e3o profissional \u00e9 essencial, e at\u00e9 necess\u00e1ria, em todos os segmentos. E na pintura imobili\u00e1ria n\u00e3o \u00e9 diferente. Pensando nisso, a Fria\u00e7a Tintas, em parceria com a marca de tintas Coral, organizou uma palestra profissionalizante para os pintores da cidade. Cerca de 130 profissionais, assim como a equipe da Fria\u00e7a, participaram do encontro, que\" \/>\n\t<meta name=\"robots\" content=\"max-image-preview:large\" \/>\n\t<meta name=\"author\" content=\"Juliana Laviola\"\/>\n\t<link rel=\"canonical\" href=\"https:\/\/anoticiaonline.com.br\/site\/friaca-tintas-promove-palestra-para-pintores\/\" \/>\n\t<meta name=\"generator\" content=\"All in One SEO (AIOSEO) 5.0.0.1\" \/>\n\t\t<meta property=\"og:locale\" content=\"pt_BR\" \/>\n\t\t<meta property=\"og:site_name\" content=\"A Not\u00edcia Online - Noticias de Muria\u00e9 e regi\u00e3o\" \/>\n\t\t<meta property=\"og:type\" content=\"article\" \/>\n\t\t<meta property=\"og:title\" content=\"Fria\u00e7a Tintas promove palestra para pintores - A Not\u00edcia Online\" \/>\n\t\t<meta property=\"og:description\" content=\"A qualifica\u00e7\u00e3o profissional \u00e9 essencial, e at\u00e9 necess\u00e1ria, em todos os segmentos. E na pintura imobili\u00e1ria n\u00e3o \u00e9 diferente. Pensando nisso, a Fria\u00e7a Tintas, em parceria com a marca de tintas Coral, organizou uma palestra profissionalizante para os pintores da cidade. Cerca de 130 profissionais, assim como a equipe da Fria\u00e7a, participaram do encontro, que\" \/>\n\t\t<meta property=\"og:url\" content=\"https:\/\/anoticiaonline.com.br\/site\/friaca-tintas-promove-palestra-para-pintores\/\" \/>\n\t\t<meta property=\"og:image\" content=\"https:\/\/scontent-gig4-1.xx.fbcdn.net\/v\/t39.30808-1\/270437624_4564083193639691_6907940295614233970_n.jpg?stp=dst-jpg_s200x200_tt6&#038;_nc_cat=111&#038;ccb=1-7&#038;_nc_sid=f907e8&#038;_nc_ohc=SM1wRlP3lJwQ7kNvwEPuBYA&#038;_nc_oc=AdnqrjDN_BNjSSHWO-GbkIWH6fkGMLw4bqvL_NH6e2wMveX7G-rP2dAqsDSq1mJMOaY&#038;_nc_zt=24&#038;_nc_ht=scontent-gig4-1.xx&#038;_nc_gid=AoBFJeGrT1hVaew_6rchkQ&#038;oh=00_AfX7QmFGhQhG2jAllVgXCiM1ZrWgvtp80-Bfppyexh1QEg&#038;oe=689E923C\" \/>\n\t\t<meta property=\"og:image:secure_url\" content=\"https:\/\/scontent-gig4-1.xx.fbcdn.net\/v\/t39.30808-1\/270437624_4564083193639691_6907940295614233970_n.jpg?stp=dst-jpg_s200x200_tt6&#038;_nc_cat=111&#038;ccb=1-7&#038;_nc_sid=f907e8&#038;_nc_ohc=SM1wRlP3lJwQ7kNvwEPuBYA&#038;_nc_oc=AdnqrjDN_BNjSSHWO-GbkIWH6fkGMLw4bqvL_NH6e2wMveX7G-rP2dAqsDSq1mJMOaY&#038;_nc_zt=24&#038;_nc_ht=scontent-gig4-1.xx&#038;_nc_gid=AoBFJeGrT1hVaew_6rchkQ&#038;oh=00_AfX7QmFGhQhG2jAllVgXCiM1ZrWgvtp80-Bfppyexh1QEg&#038;oe=689E923C\" \/>\n\t\t<meta property=\"article:published_time\" content=\"2015-10-23T17:00:36+00:00\" \/>\n\t\t<meta property=\"article:modified_time\" content=\"2015-10-22T21:49:27+00:00\" \/>\n\t\t<meta name=\"twitter:card\" content=\"summary_large_image\" \/>\n\t\t<meta name=\"twitter:title\" content=\"Fria\u00e7a Tintas promove palestra para pintores - A Not\u00edcia Online\" \/>\n\t\t<meta name=\"twitter:description\" content=\"A qualifica\u00e7\u00e3o profissional \u00e9 essencial, e at\u00e9 necess\u00e1ria, em todos os segmentos. E na pintura imobili\u00e1ria n\u00e3o \u00e9 diferente. Pensando nisso, a Fria\u00e7a Tintas, em parceria com a marca de tintas Coral, organizou uma palestra profissionalizante para os pintores da cidade. Cerca de 130 profissionais, assim como a equipe da Fria\u00e7a, participaram do encontro, que\" \/>\n\t\t<meta name=\"twitter:image\" content=\"https:\/\/scontent-gig4-1.xx.fbcdn.net\/v\/t39.30808-1\/270437624_4564083193639691_6907940295614233970_n.jpg?stp=dst-jpg_s200x200_tt6&amp;_nc_cat=111&amp;ccb=1-7&amp;_nc_sid=f907e8&amp;_nc_ohc=SM1wRlP3lJwQ7kNvwEPuBYA&amp;_nc_oc=AdnqrjDN_BNjSSHWO-GbkIWH6fkGMLw4bqvL_NH6e2wMveX7G-rP2dAqsDSq1mJMOaY&amp;_nc_zt=24&amp;_nc_ht=scontent-gig4-1.xx&amp;_nc_gid=AoBFJeGrT1hVaew_6rchkQ&amp;oh=00_AfX7QmFGhQhG2jAllVgXCiM1ZrWgvtp80-Bfppyexh1QEg&amp;oe=689E923C\" \/>\n\t\t<script type=\"application\/ld+json\" class=\"aioseo-schema\">\n\t\t\t{\"@context\":\"https:\\\/\\\/schema.org\",\"@graph\":[{\"@type\":\"BlogPosting\",\"@id\":\"https:\\\/\\\/anoticiaonline.com.br\\\/site\\\/friaca-tintas-promove-palestra-para-pintores\\\/#blogposting\",\"name\":\"Fria\\u00e7a Tintas promove palestra para pintores - A Not\\u00edcia Online\",\"headline\":\"Fria\\u00e7a Tintas promove palestra para pintores\",\"author\":{\"@id\":\"https:\\\/\\\/anoticiaonline.com.br\\\/site\\\/author\\\/juliana\\\/#author\"},\"publisher\":{\"@id\":\"https:\\\/\\\/anoticiaonline.com.br\\\/site\\\/#organization\"},\"image\":{\"@type\":\"ImageObject\",\"url\":\"https:\\\/\\\/anoticiaonline.com.br\\\/site\\\/wp-content\\\/uploads\\\/2015\\\/10\\\/DSCN9963.jpg\",\"width\":640,\"height\":480},\"datePublished\":\"2015-10-23T14:00:36-03:00\",\"dateModified\":\"2015-10-22T18:49:27-03:00\",\"inLanguage\":\"pt-BR\",\"mainEntityOfPage\":{\"@id\":\"https:\\\/\\\/anoticiaonline.com.br\\\/site\\\/friaca-tintas-promove-palestra-para-pintores\\\/#webpage\"},\"isPartOf\":{\"@id\":\"https:\\\/\\\/anoticiaonline.com.br\\\/site\\\/friaca-tintas-promove-palestra-para-pintores\\\/#webpage\"},\"articleSection\":\"Eventos, slide\"},{\"@type\":\"BreadcrumbList\",\"@id\":\"https:\\\/\\\/anoticiaonline.com.br\\\/site\\\/friaca-tintas-promove-palestra-para-pintores\\\/#breadcrumblist\",\"itemListElement\":[{\"@type\":\"ListItem\",\"@id\":\"https:\\\/\\\/anoticiaonline.com.br\\\/site#listItem\",\"position\":1,\"name\":\"Home\",\"item\":\"https:\\\/\\\/anoticiaonline.com.br\\\/site\",\"nextItem\":{\"@type\":\"ListItem\",\"@id\":\"https:\\\/\\\/anoticiaonline.com.br\\\/site\\\/categoria\\\/eventos\\\/#listItem\",\"name\":\"Eventos\"}},{\"@type\":\"ListItem\",\"@id\":\"https:\\\/\\\/anoticiaonline.com.br\\\/site\\\/categoria\\\/eventos\\\/#listItem\",\"position\":2,\"name\":\"Eventos\",\"item\":\"https:\\\/\\\/anoticiaonline.com.br\\\/site\\\/categoria\\\/eventos\\\/\",\"nextItem\":{\"@type\":\"ListItem\",\"@id\":\"https:\\\/\\\/anoticiaonline.com.br\\\/site\\\/friaca-tintas-promove-palestra-para-pintores\\\/#listItem\",\"name\":\"Fria\\u00e7a Tintas promove palestra para pintores\"},\"previousItem\":{\"@type\":\"ListItem\",\"@id\":\"https:\\\/\\\/anoticiaonline.com.br\\\/site#listItem\",\"name\":\"Home\"}},{\"@type\":\"ListItem\",\"@id\":\"https:\\\/\\\/anoticiaonline.com.br\\\/site\\\/friaca-tintas-promove-palestra-para-pintores\\\/#listItem\",\"position\":3,\"name\":\"Fria\\u00e7a Tintas promove palestra para pintores\",\"previousItem\":{\"@type\":\"ListItem\",\"@id\":\"https:\\\/\\\/anoticiaonline.com.br\\\/site\\\/categoria\\\/eventos\\\/#listItem\",\"name\":\"Eventos\"}}]},{\"@type\":\"Organization\",\"@id\":\"https:\\\/\\\/anoticiaonline.com.br\\\/site\\\/#organization\",\"name\":\"A Not\\u00edcia Online\",\"description\":\"Noticias de Muria\\u00e9 e regi\\u00e3o\",\"url\":\"https:\\\/\\\/anoticiaonline.com.br\\\/site\\\/\",\"logo\":{\"@type\":\"ImageObject\",\"url\":\"https:\\\/\\\/scontent-gig4-1.xx.fbcdn.net\\\/v\\\/t39.30808-1\\\/270437624_4564083193639691_6907940295614233970_n.jpg?stp=dst-jpg_s200x200_tt6&_nc_cat=111&ccb=1-7&_nc_sid=f907e8&_nc_ohc=SM1wRlP3lJwQ7kNvwEPuBYA&_nc_oc=AdnqrjDN_BNjSSHWO-GbkIWH6fkGMLw4bqvL_NH6e2wMveX7G-rP2dAqsDSq1mJMOaY&_nc_zt=24&_nc_ht=scontent-gig4-1.xx&_nc_gid=AoBFJeGrT1hVaew_6rchkQ&oh=00_AfX7QmFGhQhG2jAllVgXCiM1ZrWgvtp80-Bfppyexh1QEg&oe=689E923C\",\"@id\":\"https:\\\/\\\/anoticiaonline.com.br\\\/site\\\/friaca-tintas-promove-palestra-para-pintores\\\/#organizationLogo\"},\"image\":{\"@id\":\"https:\\\/\\\/anoticiaonline.com.br\\\/site\\\/friaca-tintas-promove-palestra-para-pintores\\\/#organizationLogo\"}},{\"@type\":\"Person\",\"@id\":\"https:\\\/\\\/anoticiaonline.com.br\\\/site\\\/author\\\/juliana\\\/#author\",\"url\":\"https:\\\/\\\/anoticiaonline.com.br\\\/site\\\/author\\\/juliana\\\/\",\"name\":\"Juliana Laviola\",\"image\":{\"@type\":\"ImageObject\",\"@id\":\"https:\\\/\\\/anoticiaonline.com.br\\\/site\\\/friaca-tintas-promove-palestra-para-pintores\\\/#authorImage\",\"url\":\"https:\\\/\\\/secure.gravatar.com\\\/avatar\\\/b8d45f5c699b100dfaf0e543582f38f38bf94cb7ae3a5e9abf8d891a34773335?s=96&d=mm&r=g\",\"width\":96,\"height\":96,\"caption\":\"Juliana Laviola\"}},{\"@type\":\"WebPage\",\"@id\":\"https:\\\/\\\/anoticiaonline.com.br\\\/site\\\/friaca-tintas-promove-palestra-para-pintores\\\/#webpage\",\"url\":\"https:\\\/\\\/anoticiaonline.com.br\\\/site\\\/friaca-tintas-promove-palestra-para-pintores\\\/\",\"name\":\"Fria\\u00e7a Tintas promove palestra para pintores - A Not\\u00edcia Online\",\"description\":\"A qualifica\\u00e7\\u00e3o profissional \\u00e9 essencial, e at\\u00e9 necess\\u00e1ria, em todos os segmentos. E na pintura imobili\\u00e1ria n\\u00e3o \\u00e9 diferente. Pensando nisso, a Fria\\u00e7a Tintas, em parceria com a marca de tintas Coral, organizou uma palestra profissionalizante para os pintores da cidade. Cerca de 130 profissionais, assim como a equipe da Fria\\u00e7a, participaram do encontro, que\",\"inLanguage\":\"pt-BR\",\"isPartOf\":{\"@id\":\"https:\\\/\\\/anoticiaonline.com.br\\\/site\\\/#website\"},\"breadcrumb\":{\"@id\":\"https:\\\/\\\/anoticiaonline.com.br\\\/site\\\/friaca-tintas-promove-palestra-para-pintores\\\/#breadcrumblist\"},\"author\":{\"@id\":\"https:\\\/\\\/anoticiaonline.com.br\\\/site\\\/author\\\/juliana\\\/#author\"},\"creator\":{\"@id\":\"https:\\\/\\\/anoticiaonline.com.br\\\/site\\\/author\\\/juliana\\\/#author\"},\"image\":{\"@type\":\"ImageObject\",\"url\":\"https:\\\/\\\/anoticiaonline.com.br\\\/site\\\/wp-content\\\/uploads\\\/2015\\\/10\\\/DSCN9963.jpg\",\"@id\":\"https:\\\/\\\/anoticiaonline.com.br\\\/site\\\/friaca-tintas-promove-palestra-para-pintores\\\/#mainImage\",\"width\":640,\"height\":480},\"primaryImageOfPage\":{\"@id\":\"https:\\\/\\\/anoticiaonline.com.br\\\/site\\\/friaca-tintas-promove-palestra-para-pintores\\\/#mainImage\"},\"datePublished\":\"2015-10-23T14:00:36-03:00\",\"dateModified\":\"2015-10-22T18:49:27-03:00\"},{\"@type\":\"WebSite\",\"@id\":\"https:\\\/\\\/anoticiaonline.com.br\\\/site\\\/#website\",\"url\":\"https:\\\/\\\/anoticiaonline.com.br\\\/site\\\/\",\"name\":\"A Not\\u00edcia Online\",\"description\":\"Noticias de Muria\\u00e9 e regi\\u00e3o\",\"inLanguage\":\"pt-BR\",\"publisher\":{\"@id\":\"https:\\\/\\\/anoticiaonline.com.br\\\/site\\\/#organization\"}}]}\n\t\t<\/script>\n\t\t<!-- All in One SEO -->\n\n","aioseo_head_json":{"title":"Fria\u00e7a Tintas promove palestra para pintores - A Not\u00edcia Online","description":"A qualifica\u00e7\u00e3o profissional \u00e9 essencial, e at\u00e9 necess\u00e1ria, em todos os segmentos. E na pintura imobili\u00e1ria n\u00e3o \u00e9 diferente. Pensando nisso, a Fria\u00e7a Tintas, em parceria com a marca de tintas Coral, organizou uma palestra profissionalizante para os pintores da cidade. Cerca de 130 profissionais, assim como a equipe da Fria\u00e7a, participaram do encontro, que","canonical_url":"https:\/\/anoticiaonline.com.br\/site\/friaca-tintas-promove-palestra-para-pintores\/","robots":"max-image-preview:large","keywords":"","webmasterTools":{"miscellaneous":""},"schema":{"@context":"https:\/\/schema.org","@graph":[{"@type":"BlogPosting","@id":"https:\/\/anoticiaonline.com.br\/site\/friaca-tintas-promove-palestra-para-pintores\/#blogposting","name":"Fria\u00e7a Tintas promove palestra para pintores - A Not\u00edcia Online","headline":"Fria\u00e7a Tintas promove palestra para pintores","author":{"@id":"https:\/\/anoticiaonline.com.br\/site\/author\/juliana\/#author"},"publisher":{"@id":"https:\/\/anoticiaonline.com.br\/site\/#organization"},"image":{"@type":"ImageObject","url":"https:\/\/anoticiaonline.com.br\/site\/wp-content\/uploads\/2015\/10\/DSCN9963.jpg","width":640,"height":480},"datePublished":"2015-10-23T14:00:36-03:00","dateModified":"2015-10-22T18:49:27-03:00","inLanguage":"pt-BR","mainEntityOfPage":{"@id":"https:\/\/anoticiaonline.com.br\/site\/friaca-tintas-promove-palestra-para-pintores\/#webpage"},"isPartOf":{"@id":"https:\/\/anoticiaonline.com.br\/site\/friaca-tintas-promove-palestra-para-pintores\/#webpage"},"articleSection":"Eventos, slide"},{"@type":"BreadcrumbList","@id":"https:\/\/anoticiaonline.com.br\/site\/friaca-tintas-promove-palestra-para-pintores\/#breadcrumblist","itemListElement":[{"@type":"ListItem","@id":"https:\/\/anoticiaonline.com.br\/site#listItem","position":1,"name":"Home","item":"https:\/\/anoticiaonline.com.br\/site","nextItem":{"@type":"ListItem","@id":"https:\/\/anoticiaonline.com.br\/site\/categoria\/eventos\/#listItem","name":"Eventos"}},{"@type":"ListItem","@id":"https:\/\/anoticiaonline.com.br\/site\/categoria\/eventos\/#listItem","position":2,"name":"Eventos","item":"https:\/\/anoticiaonline.com.br\/site\/categoria\/eventos\/","nextItem":{"@type":"ListItem","@id":"https:\/\/anoticiaonline.com.br\/site\/friaca-tintas-promove-palestra-para-pintores\/#listItem","name":"Fria\u00e7a Tintas promove palestra para pintores"},"previousItem":{"@type":"ListItem","@id":"https:\/\/anoticiaonline.com.br\/site#listItem","name":"Home"}},{"@type":"ListItem","@id":"https:\/\/anoticiaonline.com.br\/site\/friaca-tintas-promove-palestra-para-pintores\/#listItem","position":3,"name":"Fria\u00e7a Tintas promove palestra para pintores","previousItem":{"@type":"ListItem","@id":"https:\/\/anoticiaonline.com.br\/site\/categoria\/eventos\/#listItem","name":"Eventos"}}]},{"@type":"Organization","@id":"https:\/\/anoticiaonline.com.br\/site\/#organization","name":"A Not\u00edcia Online","description":"Noticias de Muria\u00e9 e regi\u00e3o","url":"https:\/\/anoticiaonline.com.br\/site\/","logo":{"@type":"ImageObject","url":"https:\/\/scontent-gig4-1.xx.fbcdn.net\/v\/t39.30808-1\/270437624_4564083193639691_6907940295614233970_n.jpg?stp=dst-jpg_s200x200_tt6&_nc_cat=111&ccb=1-7&_nc_sid=f907e8&_nc_ohc=SM1wRlP3lJwQ7kNvwEPuBYA&_nc_oc=AdnqrjDN_BNjSSHWO-GbkIWH6fkGMLw4bqvL_NH6e2wMveX7G-rP2dAqsDSq1mJMOaY&_nc_zt=24&_nc_ht=scontent-gig4-1.xx&_nc_gid=AoBFJeGrT1hVaew_6rchkQ&oh=00_AfX7QmFGhQhG2jAllVgXCiM1ZrWgvtp80-Bfppyexh1QEg&oe=689E923C","@id":"https:\/\/anoticiaonline.com.br\/site\/friaca-tintas-promove-palestra-para-pintores\/#organizationLogo"},"image":{"@id":"https:\/\/anoticiaonline.com.br\/site\/friaca-tintas-promove-palestra-para-pintores\/#organizationLogo"}},{"@type":"Person","@id":"https:\/\/anoticiaonline.com.br\/site\/author\/juliana\/#author","url":"https:\/\/anoticiaonline.com.br\/site\/author\/juliana\/","name":"Juliana Laviola","image":{"@type":"ImageObject","@id":"https:\/\/anoticiaonline.com.br\/site\/friaca-tintas-promove-palestra-para-pintores\/#authorImage","url":"https:\/\/secure.gravatar.com\/avatar\/b8d45f5c699b100dfaf0e543582f38f38bf94cb7ae3a5e9abf8d891a34773335?s=96&d=mm&r=g","width":96,"height":96,"caption":"Juliana Laviola"}},{"@type":"WebPage","@id":"https:\/\/anoticiaonline.com.br\/site\/friaca-tintas-promove-palestra-para-pintores\/#webpage","url":"https:\/\/anoticiaonline.com.br\/site\/friaca-tintas-promove-palestra-para-pintores\/","name":"Fria\u00e7a Tintas promove palestra para pintores - A Not\u00edcia Online","description":"A qualifica\u00e7\u00e3o profissional \u00e9 essencial, e at\u00e9 necess\u00e1ria, em todos os segmentos. E na pintura imobili\u00e1ria n\u00e3o \u00e9 diferente. Pensando nisso, a Fria\u00e7a Tintas, em parceria com a marca de tintas Coral, organizou uma palestra profissionalizante para os pintores da cidade. Cerca de 130 profissionais, assim como a equipe da Fria\u00e7a, participaram do encontro, que","inLanguage":"pt-BR","isPartOf":{"@id":"https:\/\/anoticiaonline.com.br\/site\/#website"},"breadcrumb":{"@id":"https:\/\/anoticiaonline.com.br\/site\/friaca-tintas-promove-palestra-para-pintores\/#breadcrumblist"},"author":{"@id":"https:\/\/anoticiaonline.com.br\/site\/author\/juliana\/#author"},"creator":{"@id":"https:\/\/anoticiaonline.com.br\/site\/author\/juliana\/#author"},"image":{"@type":"ImageObject","url":"https:\/\/anoticiaonline.com.br\/site\/wp-content\/uploads\/2015\/10\/DSCN9963.jpg","@id":"https:\/\/anoticiaonline.com.br\/site\/friaca-tintas-promove-palestra-para-pintores\/#mainImage","width":640,"height":480},"primaryImageOfPage":{"@id":"https:\/\/anoticiaonline.com.br\/site\/friaca-tintas-promove-palestra-para-pintores\/#mainImage"},"datePublished":"2015-10-23T14:00:36-03:00","dateModified":"2015-10-22T18:49:27-03:00"},{"@type":"WebSite","@id":"https:\/\/anoticiaonline.com.br\/site\/#website","url":"https:\/\/anoticiaonline.com.br\/site\/","name":"A Not\u00edcia Online","description":"Noticias de Muria\u00e9 e regi\u00e3o","inLanguage":"pt-BR","publisher":{"@id":"https:\/\/anoticiaonline.com.br\/site\/#organization"}}]},"og:locale":"pt_BR","og:site_name":"A Not\u00edcia Online - Noticias de Muria\u00e9 e regi\u00e3o","og:type":"article","og:title":"Fria\u00e7a Tintas promove palestra para pintores - A Not\u00edcia Online","og:description":"A qualifica\u00e7\u00e3o profissional \u00e9 essencial, e at\u00e9 necess\u00e1ria, em todos os segmentos. E na pintura imobili\u00e1ria n\u00e3o \u00e9 diferente. Pensando nisso, a Fria\u00e7a Tintas, em parceria com a marca de tintas Coral, organizou uma palestra profissionalizante para os pintores da cidade. Cerca de 130 profissionais, assim como a equipe da Fria\u00e7a, participaram do encontro, que","og:url":"https:\/\/anoticiaonline.com.br\/site\/friaca-tintas-promove-palestra-para-pintores\/","og:image":"https:\/\/scontent-gig4-1.xx.fbcdn.net\/v\/t39.30808-1\/270437624_4564083193639691_6907940295614233970_n.jpg?stp=dst-jpg_s200x200_tt6&#038;_nc_cat=111&#038;ccb=1-7&#038;_nc_sid=f907e8&#038;_nc_ohc=SM1wRlP3lJwQ7kNvwEPuBYA&#038;_nc_oc=AdnqrjDN_BNjSSHWO-GbkIWH6fkGMLw4bqvL_NH6e2wMveX7G-rP2dAqsDSq1mJMOaY&#038;_nc_zt=24&#038;_nc_ht=scontent-gig4-1.xx&#038;_nc_gid=AoBFJeGrT1hVaew_6rchkQ&#038;oh=00_AfX7QmFGhQhG2jAllVgXCiM1ZrWgvtp80-Bfppyexh1QEg&#038;oe=689E923C","og:image:secure_url":"https:\/\/scontent-gig4-1.xx.fbcdn.net\/v\/t39.30808-1\/270437624_4564083193639691_6907940295614233970_n.jpg?stp=dst-jpg_s200x200_tt6&#038;_nc_cat=111&#038;ccb=1-7&#038;_nc_sid=f907e8&#038;_nc_ohc=SM1wRlP3lJwQ7kNvwEPuBYA&#038;_nc_oc=AdnqrjDN_BNjSSHWO-GbkIWH6fkGMLw4bqvL_NH6e2wMveX7G-rP2dAqsDSq1mJMOaY&#038;_nc_zt=24&#038;_nc_ht=scontent-gig4-1.xx&#038;_nc_gid=AoBFJeGrT1hVaew_6rchkQ&#038;oh=00_AfX7QmFGhQhG2jAllVgXCiM1ZrWgvtp80-Bfppyexh1QEg&#038;oe=689E923C","article:published_time":"2015-10-23T17:00:36+00:00","article:modified_time":"2015-10-22T21:49:27+00:00","twitter:card":"summary_large_image","twitter:title":"Fria\u00e7a Tintas promove palestra para pintores - A Not\u00edcia Online","twitter:description":"A qualifica\u00e7\u00e3o profissional \u00e9 essencial, e at\u00e9 necess\u00e1ria, em todos os segmentos. E na pintura imobili\u00e1ria n\u00e3o \u00e9 diferente. Pensando nisso, a Fria\u00e7a Tintas, em parceria com a marca de tintas Coral, organizou uma palestra profissionalizante para os pintores da cidade. Cerca de 130 profissionais, assim como a equipe da Fria\u00e7a, participaram do encontro, que","twitter:image":"https:\/\/scontent-gig4-1.xx.fbcdn.net\/v\/t39.30808-1\/270437624_4564083193639691_6907940295614233970_n.jpg?stp=dst-jpg_s200x200_tt6&_nc_cat=111&ccb=1-7&_nc_sid=f907e8&_nc_ohc=SM1wRlP3lJwQ7kNvwEPuBYA&_nc_oc=AdnqrjDN_BNjSSHWO-GbkIWH6fkGMLw4bqvL_NH6e2wMveX7G-rP2dAqsDSq1mJMOaY&_nc_zt=24&_nc_ht=scontent-gig4-1.xx&_nc_gid=AoBFJeGrT1hVaew_6rchkQ&oh=00_AfX7QmFGhQhG2jAllVgXCiM1ZrWgvtp80-Bfppyexh1QEg&oe=689E923C"},"aioseo_meta_data":{"post_id":"5104","title":null,"description":null,"keywords":null,"keyphrases":null,"primary_term":null,"canonical_url":null,"og_title":null,"og_description":null,"og_object_type":"default","og_image_type":"default","og_image_url":null,"og_image_width":null,"og_image_height":null,"og_image_custom_url":null,"og_image_custom_fields":null,"og_video":null,"og_custom_url":null,"og_article_section":null,"og_article_tags":null,"twitter_use_og":false,"twitter_card":"default","twitter_image_type":"default","twitter_image_url":null,"twitter_image_custom_url":null,"twitter_image_custom_fields":null,"twitter_title":null,"twitter_description":null,"schema":{"blockGraphs":[],"customGraphs":[],"default":{"data":{"Article":[],"Course":[],"Dataset":[],"FAQPage":[],"Movie":[],"Person":[],"Product":[],"ProductReview":[],"Car":[],"Recipe":[],"Service":[],"SoftwareApplication":[],"WebPage":[]},"graphName":"","isEnabled":true},"graphs":[]},"schema_type":"default","schema_type_options":null,"pillar_content":false,"robots_default":true,"robots_noindex":false,"robots_noarchive":false,"robots_nosnippet":false,"robots_nofollow":false,"robots_noimageindex":false,"robots_noodp":false,"robots_notranslate":false,"robots_max_snippet":null,"robots_max_videopreview":null,"robots_max_imagepreview":"large","priority":null,"frequency":null,"local_seo":null,"breadcrumb_settings":null,"limit_modified_date":false,"ai":null,"created":"2025-08-16 13:41:02","updated":"2025-08-16 13:41:02","focus_keyword":null,"additional_keywords":null,"truseo_locale":null,"seo_analyzer_scan_date":null},"aioseo_breadcrumb":"<div class=\"aioseo-breadcrumbs\"><span class=\"aioseo-breadcrumb\">\n\t\t\t<a href=\"https:\/\/anoticiaonline.com.br\/site\" title=\"Home\">Home<\/a>\n\t\t<\/span><span class=\"aioseo-breadcrumb-separator\">&raquo;<\/span><span class=\"aioseo-breadcrumb\">\n\t\t\t<a href=\"https:\/\/anoticiaonline.com.br\/site\/categoria\/eventos\/\" title=\"Eventos\">Eventos<\/a>\n\t\t<\/span><span class=\"aioseo-breadcrumb-separator\">&raquo;<\/span><span class=\"aioseo-breadcrumb\">\n\t\t\tFria\u00e7a Tintas promove palestra para pintores\n\t\t<\/span><\/div>","aioseo_breadcrumb_json":[{"label":"Home","link":"https:\/\/anoticiaonline.com.br\/site"},{"label":"Eventos","link":"https:\/\/anoticiaonline.com.br\/site\/categoria\/eventos\/"},{"label":"Fria\u00e7a Tintas promove palestra para pintores","link":"https:\/\/anoticiaonline.com.br\/site\/friaca-tintas-promove-palestra-para-pintores\/"}],"views":167,"_links":{"self":[{"href":"https:\/\/anoticiaonline.com.br\/site\/wp-json\/wp\/v2\/posts\/5104","targetHints":{"allow":["GET"]}}],"collection":[{"href":"https:\/\/anoticiaonline.com.br\/site\/wp-json\/wp\/v2\/posts"}],"about":[{"href":"https:\/\/anoticiaonline.com.br\/site\/wp-json\/wp\/v2\/types\/post"}],"author":[{"embeddable":true,"href":"https:\/\/anoticiaonline.com.br\/site\/wp-json\/wp\/v2\/users\/2"}],"replies":[{"embeddable":true,"href":"https:\/\/anoticiaonline.com.br\/site\/wp-json\/wp\/v2\/comments?post=5104"}],"version-history":[{"count":0,"href":"https:\/\/anoticiaonline.com.br\/site\/wp-json\/wp\/v2\/posts\/5104\/revisions"}],"wp:featuredmedia":[{"embeddable":true,"href":"https:\/\/anoticiaonline.com.br\/site\/wp-json\/wp\/v2\/media\/5105"}],"wp:attachment":[{"href":"https:\/\/anoticiaonline.com.br\/site\/wp-json\/wp\/v2\/media?parent=5104"}],"wp:term":[{"taxonomy":"category","embeddable":true,"href":"https:\/\/anoticiaonline.com.br\/site\/wp-json\/wp\/v2\/categories?post=5104"},{"taxonomy":"post_tag","embeddable":true,"href":"https:\/\/anoticiaonline.com.br\/site\/wp-json\/wp\/v2\/tags?post=5104"}],"curies":[{"name":"wp","href":"https:\/\/api.w.org\/{rel}","templated":true}]}}