{"id":51006,"date":"2018-03-01T21:02:10","date_gmt":"2018-03-02T00:02:10","guid":{"rendered":"http:\/\/anoticiaonline.com.br\/site\/?p=51006"},"modified":"2018-03-01T21:05:44","modified_gmt":"2018-03-02T00:05:44","slug":"prefeitura-de-vieiras-realiza-acao-de-saude-e-de-qualidade-de-vida-em-parceria-com-a-fcv","status":"publish","type":"post","link":"https:\/\/anoticiaonline.com.br\/site\/prefeitura-de-vieiras-realiza-acao-de-saude-e-de-qualidade-de-vida-em-parceria-com-a-fcv\/","title":{"rendered":"SA\u00daDE: \u201cVieras + Qualidade de Vida\u201d"},"content":{"rendered":"<p><a href=\"https:\/\/anoticiaonline.com.br\/site\/wp-content\/uploads\/2018\/03\/46effc27-7859-4a08-b36f-c0b4eaef0a91.jpg\"><img fetchpriority=\"high\" decoding=\"async\" class=\"aligncenter size-full wp-image-51014\" src=\"https:\/\/anoticiaonline.com.br\/site\/wp-content\/uploads\/2018\/03\/46effc27-7859-4a08-b36f-c0b4eaef0a91.jpg\" alt=\"\" width=\"640\" height=\"360\" srcset=\"https:\/\/anoticiaonline.com.br\/site\/wp-content\/uploads\/2018\/03\/46effc27-7859-4a08-b36f-c0b4eaef0a91.jpg 640w, https:\/\/anoticiaonline.com.br\/site\/wp-content\/uploads\/2018\/03\/46effc27-7859-4a08-b36f-c0b4eaef0a91-300x169.jpg 300w\" sizes=\"(max-width: 640px) 100vw, 640px\" \/><\/a><a href=\"https:\/\/anoticiaonline.com.br\/site\/wp-content\/uploads\/2018\/03\/DSC_0660.jpg\"><img decoding=\"async\" class=\"aligncenter size-full wp-image-51017\" src=\"https:\/\/anoticiaonline.com.br\/site\/wp-content\/uploads\/2018\/03\/DSC_0660.jpg\" alt=\"\" width=\"640\" height=\"427\" srcset=\"https:\/\/anoticiaonline.com.br\/site\/wp-content\/uploads\/2018\/03\/DSC_0660.jpg 640w, https:\/\/anoticiaonline.com.br\/site\/wp-content\/uploads\/2018\/03\/DSC_0660-300x200.jpg 300w\" sizes=\"(max-width: 640px) 100vw, 640px\" \/><\/a> <a href=\"https:\/\/anoticiaonline.com.br\/site\/wp-content\/uploads\/2018\/03\/DSC_0677.jpg\"><img decoding=\"async\" class=\"aligncenter size-full wp-image-51018\" src=\"https:\/\/anoticiaonline.com.br\/site\/wp-content\/uploads\/2018\/03\/DSC_0677.jpg\" alt=\"\" width=\"640\" height=\"427\" srcset=\"https:\/\/anoticiaonline.com.br\/site\/wp-content\/uploads\/2018\/03\/DSC_0677.jpg 640w, https:\/\/anoticiaonline.com.br\/site\/wp-content\/uploads\/2018\/03\/DSC_0677-300x200.jpg 300w\" sizes=\"(max-width: 640px) 100vw, 640px\" \/><\/a><a href=\"https:\/\/anoticiaonline.com.br\/site\/wp-content\/uploads\/2018\/03\/DSC_0737.jpg\"><img loading=\"lazy\" decoding=\"async\" class=\"aligncenter size-full wp-image-51021\" src=\"https:\/\/anoticiaonline.com.br\/site\/wp-content\/uploads\/2018\/03\/DSC_0737.jpg\" alt=\"\" width=\"640\" height=\"427\" srcset=\"https:\/\/anoticiaonline.com.br\/site\/wp-content\/uploads\/2018\/03\/DSC_0737.jpg 640w, https:\/\/anoticiaonline.com.br\/site\/wp-content\/uploads\/2018\/03\/DSC_0737-300x200.jpg 300w\" sizes=\"(max-width: 640px) 100vw, 640px\" \/><\/a>Atrav\u00e9s do Programa \u201cVieras + Qualidade de Vida\u201d a secretaria municipal de Sa\u00fade, em parceria com a Funda\u00e7\u00e3o Cristiano Varella (FCV), de Muria\u00e9, realizou, entre os dias 26 de fevereiro e 2 de mar\u00e7o, uma A\u00e7\u00e3o de Preven\u00e7\u00e3o e de Promo\u00e7\u00e3o da Sa\u00fade e da Qualidade de Vida do Homem e da Mulher.<\/p>\n<p>Durante estes dias, foram disponibilizados 200 mamografias e 200 PSA (exames de pr\u00f3stata) totalmente gratuitos para a popula\u00e7\u00e3o de Vieiras e de seu distrito, Santo Ant\u00f4nio do Gl\u00f3ria. Ao final dos exames, realizados em uma carreta equipada, os pacientes desfrutaram de um delicioso caf\u00e9 da manh\u00e3.<\/p>\n<p>O prefeito de Vieiras, Adriano dos Santos, disse que desta vez a carreta da FCV foi at\u00e9 o munic\u00edpio permanecendo, de forma in\u00e9dita, por cinco dias, atendendo um n\u00famero maior de pessoas nesta terceira edi\u00e7\u00e3o do Programa.<\/p>\n<p>\u201cN\u00f3s do Poder Executivo e toda a popula\u00e7\u00e3o ficamos imensamente agradecidos pela realiza\u00e7\u00e3o desta a\u00e7\u00e3o. Muitas vezes os habitantes da cidade sentem dificuldade para deslocarem para Muria\u00e9 para realizar exames como estes, apesar de disponibilizarmos carros diariamente. A prioridade deve ser sempre a sa\u00fade e esta parceria com a FCV \u00e9 muito importante, pois o povo se sente em casa. Aproveito a oportunidade para agradecer aos profissionais da Funda\u00e7\u00e3o, da secretaria municipal de Sa\u00fade e de toda a popula\u00e7\u00e3o de Vieiras pelo sucesso desta a\u00e7\u00e3o que promove a qualidade de vida\u201d, conta.<\/p>\n<p>Wagner Chicareli de Andrade, chefe de gabinete da prefeitura, disse que atrav\u00e9s do Programa \u201cVieiras + Qualidade de Vida\u201d, a secretaria municipal de Sa\u00fade vem promovendo diversas a\u00e7\u00f5es na cidade.<\/p>\n<p>\u201cA secretaria de Sa\u00fade tem procurado a\u00e7\u00f5es importantes para proporcionar \u00e0 popula\u00e7\u00e3o de Vieiras mais sa\u00fade e qualidade de vida. Neste ano, com a perman\u00eancia de cinco dias da carreta da FCV, conseguimos atender um n\u00famero ainda maior de pessoas. Foram realizados exames de pr\u00f3stata e de mama de forma r\u00e1pida trazendo conforto e comodidade para os habitantes que n\u00e3o precisaram deslocar at\u00e9 Muria\u00e9, onde est\u00e1 localizada a Funda\u00e7\u00e3o. Al\u00e9m dos exames, tamb\u00e9m foram ministradas palestras educativas com informa\u00e7\u00f5es sobre a import\u00e2ncia da realiza\u00e7\u00e3o destes exames preventivos. Principalmente aqueles exames destinados aos pacientes do sexo masculino, que possuem uma avers\u00e3o maior ao procurar tratamento\u201d, diz.<\/p>\n<p>De acordo com a secret\u00e1ria municipal de Sa\u00fade, Lorena Rodrigues Trambaioli Dias, a iniciativa do Programa \u201cVieiras + Qualidade de Vida\u201d surgiu a partir da preocupa\u00e7\u00e3o de estar sempre ofertando uma sa\u00fade p\u00fablica de qualidade para a popula\u00e7\u00e3o vieirense.<\/p>\n<p>Al\u00e9m disso, a secret\u00e1ria frisou a import\u00e2ncia da parceria com a FCV.<\/p>\n<p>\u201cA FCV \u00e9 uma refer\u00eancia em oncologia em toda regi\u00e3o e uma parceira nos nossos tratamentos oncol\u00f3gicos, que nos deu a oportunidade, atrav\u00e9s deste belo investimento, de prevenir o c\u00e2ncer de mama e de pr\u00f3stata. Ap\u00f3s a realiza\u00e7\u00e3o dos exames, os pacientes que tiveram alguma altera\u00e7\u00e3o detectada ser\u00e3o acompanhados e aqueles que n\u00e3o tiveram nenhuma anormalidade, poder\u00e3o continuar realizando novos exames periodicamente. Aproveito a oportunidade para agradecer o apoio do nosso prefeito Adriano, que sempre nos deu todo amparo e condi\u00e7\u00e3o para ofertar uma sa\u00fade de qualidade para a popula\u00e7\u00e3o vieirense\u201d, finaliza.<\/p>\n<p><strong>Palavra da popula\u00e7\u00e3o vieirense \u2013 <\/strong>Carlos Alberto da Silva, de 50 anos, morador do distrito de Santo Ant\u00f4nio do Gl\u00f3ria, aprovou a iniciativa da prefeitura em parceria com a FCV.<\/p>\n<p>\u201cTer uma oportunidade de realizar exames como estes, perto de casa, \u00e9 a melhor coisa que existe, principalmente, para os idosos que tem dificuldade de locomo\u00e7\u00e3o\u201d, conta.<\/p>\n<p>F\u00e1tima Mariano de Lima Borges, de 55 anos, disse que \u00e9 uma \u00f3tima chance para as pessoas humildes terem condi\u00e7\u00f5es de realizar exames.<\/p>\n<p>\u201cAl\u00e9m dos exames, todos podem ter acesso \u00e0s informa\u00e7\u00f5es repassadas pelos profissionais. \u00c9 uma a\u00e7\u00e3o muito bonita. Fa\u00e7o tratamento de leucemia em Campinas e os m\u00e9dicos est\u00e3o encantados pela qualidade de vida e bem-estar que estou tendo aqui, principalmente, com estas oportunidades aqui em Vieiras\u201d, diz.<\/p>\n<p>Euzira da Concei\u00e7\u00e3o Alves Martins, de 54 anos, disse que a iniciativa em promover a sa\u00fade em Vieiras \u00e9 louv\u00e1vel.<\/p>\n<p>\u201c\u00c9 uma \u00f3tima oportunidade para as pessoas que tem dificuldade em se locomover. Todos os anos fa\u00e7o exames preventivos e \u00e9 muito bom faz\u00ea-los em minha pr\u00f3pria cidade, perto da minha pr\u00f3pria casa\u201d, relata.<\/p>\n<figure id=\"attachment_51020\" aria-describedby=\"caption-attachment-51020\" style=\"width: 630px\" class=\"wp-caption aligncenter\"><a href=\"https:\/\/anoticiaonline.com.br\/site\/wp-content\/uploads\/2018\/03\/DSC_0729.jpg\"><img loading=\"lazy\" decoding=\"async\" class=\"wp-image-51020 size-full\" src=\"https:\/\/anoticiaonline.com.br\/site\/wp-content\/uploads\/2018\/03\/DSC_0729.jpg\" alt=\"\" width=\"640\" height=\"427\" srcset=\"https:\/\/anoticiaonline.com.br\/site\/wp-content\/uploads\/2018\/03\/DSC_0729.jpg 640w, https:\/\/anoticiaonline.com.br\/site\/wp-content\/uploads\/2018\/03\/DSC_0729-300x200.jpg 300w\" sizes=\"(max-width: 640px) 100vw, 640px\" \/><\/a><figcaption id=\"caption-attachment-51020\" class=\"wp-caption-text\"><strong>Prefeito Adriano dos Santos em entrevista ao jornal A Not\u00edcia<\/strong><\/figcaption><\/figure>\n<p><a href=\"https:\/\/anoticiaonline.com.br\/site\/wp-content\/uploads\/2018\/03\/DSC_0631.jpg\"><img loading=\"lazy\" decoding=\"async\" class=\"aligncenter size-full wp-image-51015\" src=\"https:\/\/anoticiaonline.com.br\/site\/wp-content\/uploads\/2018\/03\/DSC_0631.jpg\" alt=\"\" width=\"640\" height=\"427\" srcset=\"https:\/\/anoticiaonline.com.br\/site\/wp-content\/uploads\/2018\/03\/DSC_0631.jpg 640w, https:\/\/anoticiaonline.com.br\/site\/wp-content\/uploads\/2018\/03\/DSC_0631-300x200.jpg 300w\" sizes=\"(max-width: 640px) 100vw, 640px\" \/><\/a><\/p>\n<p><a href=\"https:\/\/anoticiaonline.com.br\/site\/wp-content\/uploads\/2018\/03\/DSC_0708.jpg\"><img loading=\"lazy\" decoding=\"async\" class=\"aligncenter size-full wp-image-51019\" src=\"https:\/\/anoticiaonline.com.br\/site\/wp-content\/uploads\/2018\/03\/DSC_0708.jpg\" alt=\"\" width=\"640\" height=\"427\" srcset=\"https:\/\/anoticiaonline.com.br\/site\/wp-content\/uploads\/2018\/03\/DSC_0708.jpg 640w, https:\/\/anoticiaonline.com.br\/site\/wp-content\/uploads\/2018\/03\/DSC_0708-300x200.jpg 300w\" sizes=\"(max-width: 640px) 100vw, 640px\" \/><\/a><\/p>\n<p>&nbsp;<\/p>\n<p><img decoding=\"async\" class=\"ngg_displayed_gallery mceItem\" src=\"https:\/\/anoticiaonline.com.br\/site\/nextgen-attach_to_post\/preview\/id--51124\" \/><\/p>\n<p>&nbsp;<\/p>\n<p>&nbsp;<\/p>\n<p>&nbsp;<\/p>\n<p>&nbsp;<\/p>\n<p>&nbsp;<\/p>\n<p><strong>\u00a0<\/strong><\/p>\n<p>&nbsp;<\/p>\n<p>&nbsp;<\/p>\n<p>&nbsp;<\/p>\n<p>&nbsp;<\/p>\n","protected":false},"excerpt":{"rendered":"<p>Atrav\u00e9s do Programa \u201cVieras + Qualidade de Vida\u201d a secretaria municipal de Sa\u00fade, em parceria com a Funda\u00e7\u00e3o Cristiano Varella (FCV), de Muria\u00e9, realizou, entre os dias 26 de fevereiro e 2 de mar\u00e7o, uma A\u00e7\u00e3o de Preven\u00e7\u00e3o e de Promo\u00e7\u00e3o da Sa\u00fade e da Qualidade de Vida do Homem e da Mulher. Durante estes &#8230; <a title=\"SA\u00daDE: \u201cVieras + Qualidade de Vida\u201d\" class=\"read-more\" href=\"https:\/\/anoticiaonline.com.br\/site\/prefeitura-de-vieiras-realiza-acao-de-saude-e-de-qualidade-de-vida-em-parceria-com-a-fcv\/\" aria-label=\"Read more about SA\u00daDE: \u201cVieras + Qualidade de Vida\u201d\">Ler mais<\/a><\/p>\n","protected":false},"author":2,"featured_media":51018,"comment_status":"open","ping_status":"open","sticky":false,"template":"","format":"standard","meta":{"_acf_changed":false,"_monsterinsights_skip_tracking":false,"footnotes":""},"categories":[1],"tags":[794,147,2109,443,84,2106,874,2107,2111,1975,2105,2110,2108,51,790],"class_list":["post-51006","post","type-post","status-publish","format-standard","has-post-thumbnail","hentry","category-gerais","tag-adriano-dos-santos","tag-cancer","tag-exames-de-prostata","tag-fcv","tag-fundacao-cristiano-varella","tag-fundacao-cristiano-varella-fcv","tag-hospital-do-cancer","tag-mamografias","tag-poder-executivo","tag-prefeito-de-vieiras","tag-programa-vieras-qualidade-de-vida","tag-psa","tag-psa-exames-de-prostata","tag-saude","tag-vieiras"],"acf":[],"aioseo_notices":[],"aioseo_head":"\n\t\t<!-- All in One SEO 5.0.0.1 - aioseo.com -->\n\t<meta name=\"description\" content=\"Atrav\u00e9s do Programa \u201cVieras + Qualidade de Vida\u201d a secretaria municipal de Sa\u00fade, em parceria com a Funda\u00e7\u00e3o Cristiano Varella (FCV), de Muria\u00e9, realizou, entre os dias 26 de fevereiro e 2 de mar\u00e7o, uma A\u00e7\u00e3o de Preven\u00e7\u00e3o e de Promo\u00e7\u00e3o da Sa\u00fade e da Qualidade de Vida do Homem e da Mulher. Durante estes\" \/>\n\t<meta name=\"robots\" content=\"max-image-preview:large\" \/>\n\t<meta name=\"author\" content=\"Juliana Laviola\"\/>\n\t<link rel=\"canonical\" href=\"https:\/\/anoticiaonline.com.br\/site\/prefeitura-de-vieiras-realiza-acao-de-saude-e-de-qualidade-de-vida-em-parceria-com-a-fcv\/\" \/>\n\t<meta name=\"generator\" content=\"All in One SEO (AIOSEO) 5.0.0.1\" \/>\n\t\t<meta property=\"og:locale\" content=\"pt_BR\" \/>\n\t\t<meta property=\"og:site_name\" content=\"A Not\u00edcia Online - Noticias de Muria\u00e9 e regi\u00e3o\" \/>\n\t\t<meta property=\"og:type\" content=\"article\" \/>\n\t\t<meta property=\"og:title\" content=\"SA\u00daDE: \u201cVieras + Qualidade de Vida\u201d - A Not\u00edcia Online\" \/>\n\t\t<meta property=\"og:description\" content=\"Atrav\u00e9s do Programa \u201cVieras + Qualidade de Vida\u201d a secretaria municipal de Sa\u00fade, em parceria com a Funda\u00e7\u00e3o Cristiano Varella (FCV), de Muria\u00e9, realizou, entre os dias 26 de fevereiro e 2 de mar\u00e7o, uma A\u00e7\u00e3o de Preven\u00e7\u00e3o e de Promo\u00e7\u00e3o da Sa\u00fade e da Qualidade de Vida do Homem e da Mulher. Durante estes\" \/>\n\t\t<meta property=\"og:url\" content=\"https:\/\/anoticiaonline.com.br\/site\/prefeitura-de-vieiras-realiza-acao-de-saude-e-de-qualidade-de-vida-em-parceria-com-a-fcv\/\" \/>\n\t\t<meta property=\"og:image\" content=\"https:\/\/scontent-gig4-1.xx.fbcdn.net\/v\/t39.30808-1\/270437624_4564083193639691_6907940295614233970_n.jpg?stp=dst-jpg_s200x200_tt6&#038;_nc_cat=111&#038;ccb=1-7&#038;_nc_sid=f907e8&#038;_nc_ohc=SM1wRlP3lJwQ7kNvwEPuBYA&#038;_nc_oc=AdnqrjDN_BNjSSHWO-GbkIWH6fkGMLw4bqvL_NH6e2wMveX7G-rP2dAqsDSq1mJMOaY&#038;_nc_zt=24&#038;_nc_ht=scontent-gig4-1.xx&#038;_nc_gid=AoBFJeGrT1hVaew_6rchkQ&#038;oh=00_AfX7QmFGhQhG2jAllVgXCiM1ZrWgvtp80-Bfppyexh1QEg&#038;oe=689E923C\" \/>\n\t\t<meta property=\"og:image:secure_url\" content=\"https:\/\/scontent-gig4-1.xx.fbcdn.net\/v\/t39.30808-1\/270437624_4564083193639691_6907940295614233970_n.jpg?stp=dst-jpg_s200x200_tt6&#038;_nc_cat=111&#038;ccb=1-7&#038;_nc_sid=f907e8&#038;_nc_ohc=SM1wRlP3lJwQ7kNvwEPuBYA&#038;_nc_oc=AdnqrjDN_BNjSSHWO-GbkIWH6fkGMLw4bqvL_NH6e2wMveX7G-rP2dAqsDSq1mJMOaY&#038;_nc_zt=24&#038;_nc_ht=scontent-gig4-1.xx&#038;_nc_gid=AoBFJeGrT1hVaew_6rchkQ&#038;oh=00_AfX7QmFGhQhG2jAllVgXCiM1ZrWgvtp80-Bfppyexh1QEg&#038;oe=689E923C\" \/>\n\t\t<meta property=\"article:published_time\" content=\"2018-03-02T00:02:10+00:00\" \/>\n\t\t<meta property=\"article:modified_time\" content=\"2018-03-02T00:05:44+00:00\" \/>\n\t\t<meta name=\"twitter:card\" content=\"summary_large_image\" \/>\n\t\t<meta name=\"twitter:title\" content=\"SA\u00daDE: \u201cVieras + Qualidade de Vida\u201d - A Not\u00edcia Online\" \/>\n\t\t<meta name=\"twitter:description\" content=\"Atrav\u00e9s do Programa \u201cVieras + Qualidade de Vida\u201d a secretaria municipal de Sa\u00fade, em parceria com a Funda\u00e7\u00e3o Cristiano Varella (FCV), de Muria\u00e9, realizou, entre os dias 26 de fevereiro e 2 de mar\u00e7o, uma A\u00e7\u00e3o de Preven\u00e7\u00e3o e de Promo\u00e7\u00e3o da Sa\u00fade e da Qualidade de Vida do Homem e da Mulher. Durante estes\" \/>\n\t\t<meta name=\"twitter:image\" content=\"https:\/\/scontent-gig4-1.xx.fbcdn.net\/v\/t39.30808-1\/270437624_4564083193639691_6907940295614233970_n.jpg?stp=dst-jpg_s200x200_tt6&amp;_nc_cat=111&amp;ccb=1-7&amp;_nc_sid=f907e8&amp;_nc_ohc=SM1wRlP3lJwQ7kNvwEPuBYA&amp;_nc_oc=AdnqrjDN_BNjSSHWO-GbkIWH6fkGMLw4bqvL_NH6e2wMveX7G-rP2dAqsDSq1mJMOaY&amp;_nc_zt=24&amp;_nc_ht=scontent-gig4-1.xx&amp;_nc_gid=AoBFJeGrT1hVaew_6rchkQ&amp;oh=00_AfX7QmFGhQhG2jAllVgXCiM1ZrWgvtp80-Bfppyexh1QEg&amp;oe=689E923C\" \/>\n\t\t<script type=\"application\/ld+json\" class=\"aioseo-schema\">\n\t\t\t{\"@context\":\"https:\\\/\\\/schema.org\",\"@graph\":[{\"@type\":\"BlogPosting\",\"@id\":\"https:\\\/\\\/anoticiaonline.com.br\\\/site\\\/prefeitura-de-vieiras-realiza-acao-de-saude-e-de-qualidade-de-vida-em-parceria-com-a-fcv\\\/#blogposting\",\"name\":\"SA\\u00daDE: \\u201cVieras + Qualidade de Vida\\u201d - A Not\\u00edcia Online\",\"headline\":\"SA\\u00daDE: \\u201cVieras + Qualidade de Vida\\u201d\",\"author\":{\"@id\":\"https:\\\/\\\/anoticiaonline.com.br\\\/site\\\/author\\\/juliana\\\/#author\"},\"publisher\":{\"@id\":\"https:\\\/\\\/anoticiaonline.com.br\\\/site\\\/#organization\"},\"image\":{\"@type\":\"ImageObject\",\"url\":\"https:\\\/\\\/anoticiaonline.com.br\\\/site\\\/wp-content\\\/uploads\\\/2018\\\/03\\\/DSC_0677.jpg\",\"width\":640,\"height\":427},\"datePublished\":\"2018-03-01T21:02:10-03:00\",\"dateModified\":\"2018-03-01T21:05:44-03:00\",\"inLanguage\":\"pt-BR\",\"mainEntityOfPage\":{\"@id\":\"https:\\\/\\\/anoticiaonline.com.br\\\/site\\\/prefeitura-de-vieiras-realiza-acao-de-saude-e-de-qualidade-de-vida-em-parceria-com-a-fcv\\\/#webpage\"},\"isPartOf\":{\"@id\":\"https:\\\/\\\/anoticiaonline.com.br\\\/site\\\/prefeitura-de-vieiras-realiza-acao-de-saude-e-de-qualidade-de-vida-em-parceria-com-a-fcv\\\/#webpage\"},\"articleSection\":\"Gerais, Adriano dos Santos, c\\u00e2ncer, exames de pr\\u00f3stata, fcv, funda\\u00e7\\u00e3o cristiano varella, Funda\\u00e7\\u00e3o Cristiano Varella (FCV), hospital do c\\u00e2ncer, mamografias, Poder Executivo, prefeito de Vieiras, Programa \\u201cVieras + Qualidade de Vida, PSA, PSA (exames de pr\\u00f3stata), sa\\u00fade, Vieiras\"},{\"@type\":\"BreadcrumbList\",\"@id\":\"https:\\\/\\\/anoticiaonline.com.br\\\/site\\\/prefeitura-de-vieiras-realiza-acao-de-saude-e-de-qualidade-de-vida-em-parceria-com-a-fcv\\\/#breadcrumblist\",\"itemListElement\":[{\"@type\":\"ListItem\",\"@id\":\"https:\\\/\\\/anoticiaonline.com.br\\\/site#listItem\",\"position\":1,\"name\":\"Home\",\"item\":\"https:\\\/\\\/anoticiaonline.com.br\\\/site\",\"nextItem\":{\"@type\":\"ListItem\",\"@id\":\"https:\\\/\\\/anoticiaonline.com.br\\\/site\\\/categoria\\\/gerais\\\/#listItem\",\"name\":\"Gerais\"}},{\"@type\":\"ListItem\",\"@id\":\"https:\\\/\\\/anoticiaonline.com.br\\\/site\\\/categoria\\\/gerais\\\/#listItem\",\"position\":2,\"name\":\"Gerais\",\"item\":\"https:\\\/\\\/anoticiaonline.com.br\\\/site\\\/categoria\\\/gerais\\\/\",\"nextItem\":{\"@type\":\"ListItem\",\"@id\":\"https:\\\/\\\/anoticiaonline.com.br\\\/site\\\/prefeitura-de-vieiras-realiza-acao-de-saude-e-de-qualidade-de-vida-em-parceria-com-a-fcv\\\/#listItem\",\"name\":\"SA\\u00daDE: \\u201cVieras + Qualidade de Vida\\u201d\"},\"previousItem\":{\"@type\":\"ListItem\",\"@id\":\"https:\\\/\\\/anoticiaonline.com.br\\\/site#listItem\",\"name\":\"Home\"}},{\"@type\":\"ListItem\",\"@id\":\"https:\\\/\\\/anoticiaonline.com.br\\\/site\\\/prefeitura-de-vieiras-realiza-acao-de-saude-e-de-qualidade-de-vida-em-parceria-com-a-fcv\\\/#listItem\",\"position\":3,\"name\":\"SA\\u00daDE: \\u201cVieras + Qualidade de Vida\\u201d\",\"previousItem\":{\"@type\":\"ListItem\",\"@id\":\"https:\\\/\\\/anoticiaonline.com.br\\\/site\\\/categoria\\\/gerais\\\/#listItem\",\"name\":\"Gerais\"}}]},{\"@type\":\"Organization\",\"@id\":\"https:\\\/\\\/anoticiaonline.com.br\\\/site\\\/#organization\",\"name\":\"A Not\\u00edcia Online\",\"description\":\"Noticias de Muria\\u00e9 e regi\\u00e3o\",\"url\":\"https:\\\/\\\/anoticiaonline.com.br\\\/site\\\/\",\"logo\":{\"@type\":\"ImageObject\",\"url\":\"https:\\\/\\\/scontent-gig4-1.xx.fbcdn.net\\\/v\\\/t39.30808-1\\\/270437624_4564083193639691_6907940295614233970_n.jpg?stp=dst-jpg_s200x200_tt6&_nc_cat=111&ccb=1-7&_nc_sid=f907e8&_nc_ohc=SM1wRlP3lJwQ7kNvwEPuBYA&_nc_oc=AdnqrjDN_BNjSSHWO-GbkIWH6fkGMLw4bqvL_NH6e2wMveX7G-rP2dAqsDSq1mJMOaY&_nc_zt=24&_nc_ht=scontent-gig4-1.xx&_nc_gid=AoBFJeGrT1hVaew_6rchkQ&oh=00_AfX7QmFGhQhG2jAllVgXCiM1ZrWgvtp80-Bfppyexh1QEg&oe=689E923C\",\"@id\":\"https:\\\/\\\/anoticiaonline.com.br\\\/site\\\/prefeitura-de-vieiras-realiza-acao-de-saude-e-de-qualidade-de-vida-em-parceria-com-a-fcv\\\/#organizationLogo\"},\"image\":{\"@id\":\"https:\\\/\\\/anoticiaonline.com.br\\\/site\\\/prefeitura-de-vieiras-realiza-acao-de-saude-e-de-qualidade-de-vida-em-parceria-com-a-fcv\\\/#organizationLogo\"}},{\"@type\":\"Person\",\"@id\":\"https:\\\/\\\/anoticiaonline.com.br\\\/site\\\/author\\\/juliana\\\/#author\",\"url\":\"https:\\\/\\\/anoticiaonline.com.br\\\/site\\\/author\\\/juliana\\\/\",\"name\":\"Juliana Laviola\",\"image\":{\"@type\":\"ImageObject\",\"@id\":\"https:\\\/\\\/anoticiaonline.com.br\\\/site\\\/prefeitura-de-vieiras-realiza-acao-de-saude-e-de-qualidade-de-vida-em-parceria-com-a-fcv\\\/#authorImage\",\"url\":\"https:\\\/\\\/secure.gravatar.com\\\/avatar\\\/b8d45f5c699b100dfaf0e543582f38f38bf94cb7ae3a5e9abf8d891a34773335?s=96&d=mm&r=g\",\"width\":96,\"height\":96,\"caption\":\"Juliana Laviola\"}},{\"@type\":\"WebPage\",\"@id\":\"https:\\\/\\\/anoticiaonline.com.br\\\/site\\\/prefeitura-de-vieiras-realiza-acao-de-saude-e-de-qualidade-de-vida-em-parceria-com-a-fcv\\\/#webpage\",\"url\":\"https:\\\/\\\/anoticiaonline.com.br\\\/site\\\/prefeitura-de-vieiras-realiza-acao-de-saude-e-de-qualidade-de-vida-em-parceria-com-a-fcv\\\/\",\"name\":\"SA\\u00daDE: \\u201cVieras + Qualidade de Vida\\u201d - A Not\\u00edcia Online\",\"description\":\"Atrav\\u00e9s do Programa \\u201cVieras + Qualidade de Vida\\u201d a secretaria municipal de Sa\\u00fade, em parceria com a Funda\\u00e7\\u00e3o Cristiano Varella (FCV), de Muria\\u00e9, realizou, entre os dias 26 de fevereiro e 2 de mar\\u00e7o, uma A\\u00e7\\u00e3o de Preven\\u00e7\\u00e3o e de Promo\\u00e7\\u00e3o da Sa\\u00fade e da Qualidade de Vida do Homem e da Mulher. Durante estes\",\"inLanguage\":\"pt-BR\",\"isPartOf\":{\"@id\":\"https:\\\/\\\/anoticiaonline.com.br\\\/site\\\/#website\"},\"breadcrumb\":{\"@id\":\"https:\\\/\\\/anoticiaonline.com.br\\\/site\\\/prefeitura-de-vieiras-realiza-acao-de-saude-e-de-qualidade-de-vida-em-parceria-com-a-fcv\\\/#breadcrumblist\"},\"author\":{\"@id\":\"https:\\\/\\\/anoticiaonline.com.br\\\/site\\\/author\\\/juliana\\\/#author\"},\"creator\":{\"@id\":\"https:\\\/\\\/anoticiaonline.com.br\\\/site\\\/author\\\/juliana\\\/#author\"},\"image\":{\"@type\":\"ImageObject\",\"url\":\"https:\\\/\\\/anoticiaonline.com.br\\\/site\\\/wp-content\\\/uploads\\\/2018\\\/03\\\/DSC_0677.jpg\",\"@id\":\"https:\\\/\\\/anoticiaonline.com.br\\\/site\\\/prefeitura-de-vieiras-realiza-acao-de-saude-e-de-qualidade-de-vida-em-parceria-com-a-fcv\\\/#mainImage\",\"width\":640,\"height\":427},\"primaryImageOfPage\":{\"@id\":\"https:\\\/\\\/anoticiaonline.com.br\\\/site\\\/prefeitura-de-vieiras-realiza-acao-de-saude-e-de-qualidade-de-vida-em-parceria-com-a-fcv\\\/#mainImage\"},\"datePublished\":\"2018-03-01T21:02:10-03:00\",\"dateModified\":\"2018-03-01T21:05:44-03:00\"},{\"@type\":\"WebSite\",\"@id\":\"https:\\\/\\\/anoticiaonline.com.br\\\/site\\\/#website\",\"url\":\"https:\\\/\\\/anoticiaonline.com.br\\\/site\\\/\",\"name\":\"A Not\\u00edcia Online\",\"description\":\"Noticias de Muria\\u00e9 e regi\\u00e3o\",\"inLanguage\":\"pt-BR\",\"publisher\":{\"@id\":\"https:\\\/\\\/anoticiaonline.com.br\\\/site\\\/#organization\"}}]}\n\t\t<\/script>\n\t\t<!-- All in One SEO -->\n\n","aioseo_head_json":{"title":"SA\u00daDE: \u201cVieras + Qualidade de Vida\u201d - A Not\u00edcia Online","description":"Atrav\u00e9s do Programa \u201cVieras + Qualidade de Vida\u201d a secretaria municipal de Sa\u00fade, em parceria com a Funda\u00e7\u00e3o Cristiano Varella (FCV), de Muria\u00e9, realizou, entre os dias 26 de fevereiro e 2 de mar\u00e7o, uma A\u00e7\u00e3o de Preven\u00e7\u00e3o e de Promo\u00e7\u00e3o da Sa\u00fade e da Qualidade de Vida do Homem e da Mulher. Durante estes","canonical_url":"https:\/\/anoticiaonline.com.br\/site\/prefeitura-de-vieiras-realiza-acao-de-saude-e-de-qualidade-de-vida-em-parceria-com-a-fcv\/","robots":"max-image-preview:large","keywords":"","webmasterTools":{"miscellaneous":""},"schema":{"@context":"https:\/\/schema.org","@graph":[{"@type":"BlogPosting","@id":"https:\/\/anoticiaonline.com.br\/site\/prefeitura-de-vieiras-realiza-acao-de-saude-e-de-qualidade-de-vida-em-parceria-com-a-fcv\/#blogposting","name":"SA\u00daDE: \u201cVieras + Qualidade de Vida\u201d - A Not\u00edcia Online","headline":"SA\u00daDE: \u201cVieras + Qualidade de Vida\u201d","author":{"@id":"https:\/\/anoticiaonline.com.br\/site\/author\/juliana\/#author"},"publisher":{"@id":"https:\/\/anoticiaonline.com.br\/site\/#organization"},"image":{"@type":"ImageObject","url":"https:\/\/anoticiaonline.com.br\/site\/wp-content\/uploads\/2018\/03\/DSC_0677.jpg","width":640,"height":427},"datePublished":"2018-03-01T21:02:10-03:00","dateModified":"2018-03-01T21:05:44-03:00","inLanguage":"pt-BR","mainEntityOfPage":{"@id":"https:\/\/anoticiaonline.com.br\/site\/prefeitura-de-vieiras-realiza-acao-de-saude-e-de-qualidade-de-vida-em-parceria-com-a-fcv\/#webpage"},"isPartOf":{"@id":"https:\/\/anoticiaonline.com.br\/site\/prefeitura-de-vieiras-realiza-acao-de-saude-e-de-qualidade-de-vida-em-parceria-com-a-fcv\/#webpage"},"articleSection":"Gerais, Adriano dos Santos, c\u00e2ncer, exames de pr\u00f3stata, fcv, funda\u00e7\u00e3o cristiano varella, Funda\u00e7\u00e3o Cristiano Varella (FCV), hospital do c\u00e2ncer, mamografias, Poder Executivo, prefeito de Vieiras, Programa \u201cVieras + Qualidade de Vida, PSA, PSA (exames de pr\u00f3stata), sa\u00fade, Vieiras"},{"@type":"BreadcrumbList","@id":"https:\/\/anoticiaonline.com.br\/site\/prefeitura-de-vieiras-realiza-acao-de-saude-e-de-qualidade-de-vida-em-parceria-com-a-fcv\/#breadcrumblist","itemListElement":[{"@type":"ListItem","@id":"https:\/\/anoticiaonline.com.br\/site#listItem","position":1,"name":"Home","item":"https:\/\/anoticiaonline.com.br\/site","nextItem":{"@type":"ListItem","@id":"https:\/\/anoticiaonline.com.br\/site\/categoria\/gerais\/#listItem","name":"Gerais"}},{"@type":"ListItem","@id":"https:\/\/anoticiaonline.com.br\/site\/categoria\/gerais\/#listItem","position":2,"name":"Gerais","item":"https:\/\/anoticiaonline.com.br\/site\/categoria\/gerais\/","nextItem":{"@type":"ListItem","@id":"https:\/\/anoticiaonline.com.br\/site\/prefeitura-de-vieiras-realiza-acao-de-saude-e-de-qualidade-de-vida-em-parceria-com-a-fcv\/#listItem","name":"SA\u00daDE: \u201cVieras + Qualidade de Vida\u201d"},"previousItem":{"@type":"ListItem","@id":"https:\/\/anoticiaonline.com.br\/site#listItem","name":"Home"}},{"@type":"ListItem","@id":"https:\/\/anoticiaonline.com.br\/site\/prefeitura-de-vieiras-realiza-acao-de-saude-e-de-qualidade-de-vida-em-parceria-com-a-fcv\/#listItem","position":3,"name":"SA\u00daDE: \u201cVieras + Qualidade de Vida\u201d","previousItem":{"@type":"ListItem","@id":"https:\/\/anoticiaonline.com.br\/site\/categoria\/gerais\/#listItem","name":"Gerais"}}]},{"@type":"Organization","@id":"https:\/\/anoticiaonline.com.br\/site\/#organization","name":"A Not\u00edcia Online","description":"Noticias de Muria\u00e9 e regi\u00e3o","url":"https:\/\/anoticiaonline.com.br\/site\/","logo":{"@type":"ImageObject","url":"https:\/\/scontent-gig4-1.xx.fbcdn.net\/v\/t39.30808-1\/270437624_4564083193639691_6907940295614233970_n.jpg?stp=dst-jpg_s200x200_tt6&_nc_cat=111&ccb=1-7&_nc_sid=f907e8&_nc_ohc=SM1wRlP3lJwQ7kNvwEPuBYA&_nc_oc=AdnqrjDN_BNjSSHWO-GbkIWH6fkGMLw4bqvL_NH6e2wMveX7G-rP2dAqsDSq1mJMOaY&_nc_zt=24&_nc_ht=scontent-gig4-1.xx&_nc_gid=AoBFJeGrT1hVaew_6rchkQ&oh=00_AfX7QmFGhQhG2jAllVgXCiM1ZrWgvtp80-Bfppyexh1QEg&oe=689E923C","@id":"https:\/\/anoticiaonline.com.br\/site\/prefeitura-de-vieiras-realiza-acao-de-saude-e-de-qualidade-de-vida-em-parceria-com-a-fcv\/#organizationLogo"},"image":{"@id":"https:\/\/anoticiaonline.com.br\/site\/prefeitura-de-vieiras-realiza-acao-de-saude-e-de-qualidade-de-vida-em-parceria-com-a-fcv\/#organizationLogo"}},{"@type":"Person","@id":"https:\/\/anoticiaonline.com.br\/site\/author\/juliana\/#author","url":"https:\/\/anoticiaonline.com.br\/site\/author\/juliana\/","name":"Juliana Laviola","image":{"@type":"ImageObject","@id":"https:\/\/anoticiaonline.com.br\/site\/prefeitura-de-vieiras-realiza-acao-de-saude-e-de-qualidade-de-vida-em-parceria-com-a-fcv\/#authorImage","url":"https:\/\/secure.gravatar.com\/avatar\/b8d45f5c699b100dfaf0e543582f38f38bf94cb7ae3a5e9abf8d891a34773335?s=96&d=mm&r=g","width":96,"height":96,"caption":"Juliana Laviola"}},{"@type":"WebPage","@id":"https:\/\/anoticiaonline.com.br\/site\/prefeitura-de-vieiras-realiza-acao-de-saude-e-de-qualidade-de-vida-em-parceria-com-a-fcv\/#webpage","url":"https:\/\/anoticiaonline.com.br\/site\/prefeitura-de-vieiras-realiza-acao-de-saude-e-de-qualidade-de-vida-em-parceria-com-a-fcv\/","name":"SA\u00daDE: \u201cVieras + Qualidade de Vida\u201d - A Not\u00edcia Online","description":"Atrav\u00e9s do Programa \u201cVieras + Qualidade de Vida\u201d a secretaria municipal de Sa\u00fade, em parceria com a Funda\u00e7\u00e3o Cristiano Varella (FCV), de Muria\u00e9, realizou, entre os dias 26 de fevereiro e 2 de mar\u00e7o, uma A\u00e7\u00e3o de Preven\u00e7\u00e3o e de Promo\u00e7\u00e3o da Sa\u00fade e da Qualidade de Vida do Homem e da Mulher. Durante estes","inLanguage":"pt-BR","isPartOf":{"@id":"https:\/\/anoticiaonline.com.br\/site\/#website"},"breadcrumb":{"@id":"https:\/\/anoticiaonline.com.br\/site\/prefeitura-de-vieiras-realiza-acao-de-saude-e-de-qualidade-de-vida-em-parceria-com-a-fcv\/#breadcrumblist"},"author":{"@id":"https:\/\/anoticiaonline.com.br\/site\/author\/juliana\/#author"},"creator":{"@id":"https:\/\/anoticiaonline.com.br\/site\/author\/juliana\/#author"},"image":{"@type":"ImageObject","url":"https:\/\/anoticiaonline.com.br\/site\/wp-content\/uploads\/2018\/03\/DSC_0677.jpg","@id":"https:\/\/anoticiaonline.com.br\/site\/prefeitura-de-vieiras-realiza-acao-de-saude-e-de-qualidade-de-vida-em-parceria-com-a-fcv\/#mainImage","width":640,"height":427},"primaryImageOfPage":{"@id":"https:\/\/anoticiaonline.com.br\/site\/prefeitura-de-vieiras-realiza-acao-de-saude-e-de-qualidade-de-vida-em-parceria-com-a-fcv\/#mainImage"},"datePublished":"2018-03-01T21:02:10-03:00","dateModified":"2018-03-01T21:05:44-03:00"},{"@type":"WebSite","@id":"https:\/\/anoticiaonline.com.br\/site\/#website","url":"https:\/\/anoticiaonline.com.br\/site\/","name":"A Not\u00edcia Online","description":"Noticias de Muria\u00e9 e regi\u00e3o","inLanguage":"pt-BR","publisher":{"@id":"https:\/\/anoticiaonline.com.br\/site\/#organization"}}]},"og:locale":"pt_BR","og:site_name":"A Not\u00edcia Online - Noticias de Muria\u00e9 e regi\u00e3o","og:type":"article","og:title":"SA\u00daDE: \u201cVieras + Qualidade de Vida\u201d - A Not\u00edcia Online","og:description":"Atrav\u00e9s do Programa \u201cVieras + Qualidade de Vida\u201d a secretaria municipal de Sa\u00fade, em parceria com a Funda\u00e7\u00e3o Cristiano Varella (FCV), de Muria\u00e9, realizou, entre os dias 26 de fevereiro e 2 de mar\u00e7o, uma A\u00e7\u00e3o de Preven\u00e7\u00e3o e de Promo\u00e7\u00e3o da Sa\u00fade e da Qualidade de Vida do Homem e da Mulher. Durante estes","og:url":"https:\/\/anoticiaonline.com.br\/site\/prefeitura-de-vieiras-realiza-acao-de-saude-e-de-qualidade-de-vida-em-parceria-com-a-fcv\/","og:image":"https:\/\/scontent-gig4-1.xx.fbcdn.net\/v\/t39.30808-1\/270437624_4564083193639691_6907940295614233970_n.jpg?stp=dst-jpg_s200x200_tt6&#038;_nc_cat=111&#038;ccb=1-7&#038;_nc_sid=f907e8&#038;_nc_ohc=SM1wRlP3lJwQ7kNvwEPuBYA&#038;_nc_oc=AdnqrjDN_BNjSSHWO-GbkIWH6fkGMLw4bqvL_NH6e2wMveX7G-rP2dAqsDSq1mJMOaY&#038;_nc_zt=24&#038;_nc_ht=scontent-gig4-1.xx&#038;_nc_gid=AoBFJeGrT1hVaew_6rchkQ&#038;oh=00_AfX7QmFGhQhG2jAllVgXCiM1ZrWgvtp80-Bfppyexh1QEg&#038;oe=689E923C","og:image:secure_url":"https:\/\/scontent-gig4-1.xx.fbcdn.net\/v\/t39.30808-1\/270437624_4564083193639691_6907940295614233970_n.jpg?stp=dst-jpg_s200x200_tt6&#038;_nc_cat=111&#038;ccb=1-7&#038;_nc_sid=f907e8&#038;_nc_ohc=SM1wRlP3lJwQ7kNvwEPuBYA&#038;_nc_oc=AdnqrjDN_BNjSSHWO-GbkIWH6fkGMLw4bqvL_NH6e2wMveX7G-rP2dAqsDSq1mJMOaY&#038;_nc_zt=24&#038;_nc_ht=scontent-gig4-1.xx&#038;_nc_gid=AoBFJeGrT1hVaew_6rchkQ&#038;oh=00_AfX7QmFGhQhG2jAllVgXCiM1ZrWgvtp80-Bfppyexh1QEg&#038;oe=689E923C","article:published_time":"2018-03-02T00:02:10+00:00","article:modified_time":"2018-03-02T00:05:44+00:00","twitter:card":"summary_large_image","twitter:title":"SA\u00daDE: \u201cVieras + Qualidade de Vida\u201d - A Not\u00edcia Online","twitter:description":"Atrav\u00e9s do Programa \u201cVieras + Qualidade de Vida\u201d a secretaria municipal de Sa\u00fade, em parceria com a Funda\u00e7\u00e3o Cristiano Varella (FCV), de Muria\u00e9, realizou, entre os dias 26 de fevereiro e 2 de mar\u00e7o, uma A\u00e7\u00e3o de Preven\u00e7\u00e3o e de Promo\u00e7\u00e3o da Sa\u00fade e da Qualidade de Vida do Homem e da Mulher. Durante estes","twitter:image":"https:\/\/scontent-gig4-1.xx.fbcdn.net\/v\/t39.30808-1\/270437624_4564083193639691_6907940295614233970_n.jpg?stp=dst-jpg_s200x200_tt6&_nc_cat=111&ccb=1-7&_nc_sid=f907e8&_nc_ohc=SM1wRlP3lJwQ7kNvwEPuBYA&_nc_oc=AdnqrjDN_BNjSSHWO-GbkIWH6fkGMLw4bqvL_NH6e2wMveX7G-rP2dAqsDSq1mJMOaY&_nc_zt=24&_nc_ht=scontent-gig4-1.xx&_nc_gid=AoBFJeGrT1hVaew_6rchkQ&oh=00_AfX7QmFGhQhG2jAllVgXCiM1ZrWgvtp80-Bfppyexh1QEg&oe=689E923C"},"aioseo_meta_data":{"post_id":"51006","title":null,"description":null,"keywords":null,"keyphrases":null,"primary_term":null,"canonical_url":null,"og_title":null,"og_description":null,"og_object_type":"default","og_image_type":"default","og_image_url":null,"og_image_width":null,"og_image_height":null,"og_image_custom_url":null,"og_image_custom_fields":null,"og_video":null,"og_custom_url":null,"og_article_section":null,"og_article_tags":null,"twitter_use_og":false,"twitter_card":"default","twitter_image_type":"default","twitter_image_url":null,"twitter_image_custom_url":null,"twitter_image_custom_fields":null,"twitter_title":null,"twitter_description":null,"schema":{"blockGraphs":[],"customGraphs":[],"default":{"data":{"Article":[],"Course":[],"Dataset":[],"FAQPage":[],"Movie":[],"Person":[],"Product":[],"ProductReview":[],"Car":[],"Recipe":[],"Service":[],"SoftwareApplication":[],"WebPage":[]},"graphName":"","isEnabled":true},"graphs":[]},"schema_type":"default","schema_type_options":null,"pillar_content":false,"robots_default":true,"robots_noindex":false,"robots_noarchive":false,"robots_nosnippet":false,"robots_nofollow":false,"robots_noimageindex":false,"robots_noodp":false,"robots_notranslate":false,"robots_max_snippet":null,"robots_max_videopreview":null,"robots_max_imagepreview":"large","priority":null,"frequency":null,"local_seo":null,"breadcrumb_settings":null,"limit_modified_date":false,"ai":null,"created":"2025-08-16 20:26:58","updated":"2025-08-16 20:26:58","focus_keyword":null,"additional_keywords":null,"truseo_locale":null,"seo_analyzer_scan_date":null},"aioseo_breadcrumb":"<div class=\"aioseo-breadcrumbs\"><span class=\"aioseo-breadcrumb\">\n\t\t\t<a href=\"https:\/\/anoticiaonline.com.br\/site\" title=\"Home\">Home<\/a>\n\t\t<\/span><span class=\"aioseo-breadcrumb-separator\">&raquo;<\/span><span class=\"aioseo-breadcrumb\">\n\t\t\t<a href=\"https:\/\/anoticiaonline.com.br\/site\/categoria\/gerais\/\" title=\"Gerais\">Gerais<\/a>\n\t\t<\/span><span class=\"aioseo-breadcrumb-separator\">&raquo;<\/span><span class=\"aioseo-breadcrumb\">\n\t\t\tSA\u00daDE: \u201cVieras + Qualidade de Vida\u201d\n\t\t<\/span><\/div>","aioseo_breadcrumb_json":[{"label":"Home","link":"https:\/\/anoticiaonline.com.br\/site"},{"label":"Gerais","link":"https:\/\/anoticiaonline.com.br\/site\/categoria\/gerais\/"},{"label":"SA\u00daDE: \u201cVieras + Qualidade de Vida\u201d","link":"https:\/\/anoticiaonline.com.br\/site\/prefeitura-de-vieiras-realiza-acao-de-saude-e-de-qualidade-de-vida-em-parceria-com-a-fcv\/"}],"views":148,"_links":{"self":[{"href":"https:\/\/anoticiaonline.com.br\/site\/wp-json\/wp\/v2\/posts\/51006","targetHints":{"allow":["GET"]}}],"collection":[{"href":"https:\/\/anoticiaonline.com.br\/site\/wp-json\/wp\/v2\/posts"}],"about":[{"href":"https:\/\/anoticiaonline.com.br\/site\/wp-json\/wp\/v2\/types\/post"}],"author":[{"embeddable":true,"href":"https:\/\/anoticiaonline.com.br\/site\/wp-json\/wp\/v2\/users\/2"}],"replies":[{"embeddable":true,"href":"https:\/\/anoticiaonline.com.br\/site\/wp-json\/wp\/v2\/comments?post=51006"}],"version-history":[{"count":0,"href":"https:\/\/anoticiaonline.com.br\/site\/wp-json\/wp\/v2\/posts\/51006\/revisions"}],"wp:featuredmedia":[{"embeddable":true,"href":"https:\/\/anoticiaonline.com.br\/site\/wp-json\/wp\/v2\/media\/51018"}],"wp:attachment":[{"href":"https:\/\/anoticiaonline.com.br\/site\/wp-json\/wp\/v2\/media?parent=51006"}],"wp:term":[{"taxonomy":"category","embeddable":true,"href":"https:\/\/anoticiaonline.com.br\/site\/wp-json\/wp\/v2\/categories?post=51006"},{"taxonomy":"post_tag","embeddable":true,"href":"https:\/\/anoticiaonline.com.br\/site\/wp-json\/wp\/v2\/tags?post=51006"}],"curies":[{"name":"wp","href":"https:\/\/api.w.org\/{rel}","templated":true}]}}