{"id":5099,"date":"2015-10-22T18:04:19","date_gmt":"2015-10-22T21:04:19","guid":{"rendered":"http:\/\/anoticiaonline.com.br\/site\/?p=5099"},"modified":"2015-10-22T18:04:19","modified_gmt":"2015-10-22T21:04:19","slug":"uma-luz-para-a-presidenta","status":"publish","type":"post","link":"https:\/\/anoticiaonline.com.br\/site\/uma-luz-para-a-presidenta\/","title":{"rendered":"Uma luz para a presidenta"},"content":{"rendered":"<p>Quando o ex-presidente Lula iniciou o seu primeiro governo, em janeiro de 2003, ap\u00f3s a sua quarta tentativa para chegar ao poder, come\u00e7ou a buscar nos pomposos t\u00edtulos de programas chamado de sociais a sua autoafirma\u00e7\u00e3o como chefe de governo.<\/p>\n<p>Em seu primeiro discurso, lan\u00e7ou o Programa \u201cFome Zero\u201d, certamente, uma utopia, se consideradas todas as diversidades de um pa\u00eds continental como o Brasil, mas que, em se tratando de Lula e do seu poder de convencimento com o microfone nas m\u00e3os, acabou por ganhar a confian\u00e7a das camadas mais pobres da popula\u00e7\u00e3o. Na \u00e9poca, dizia ele que em seu governo cada brasileiro teria que alimentar pelo menos tr\u00eas vezes ao dia.<\/p>\n<p>E assim, come\u00e7ou uma enxurrada de programas que, embora servissem para dar um pouco de alento \u00e0s classes mais pobres da popula\u00e7\u00e3o, serviam, principalmente, como um ato promocional da pessoa do presidente. Parafraseando o pr\u00f3prio Lula, nunca antes na Hist\u00f3ria deste pa\u00eds arranjaram tantos nomes de programas sociais, dos quais a propaganda e a publicidade chegavam quil\u00f4metros \u00e0 frente, fazendo com que o povo acreditasse em todos eles. Foi assim que come\u00e7aram os programas assistencialistas do governo Lula e Dilma, fazendo com que se criasse nas classes mais populares uma depend\u00eancia infinita para com o Estado.<\/p>\n<p>O mais famoso deles, o \u201cBolsa Fam\u00edlia\u201d, que o governo proclama como uma\u00a0 transfer\u00eancia de renda, na verdade, n\u00e3o passa de uma transfer\u00eancia de numer\u00e1rios para fam\u00edlias carentes, que, al\u00e9m de causar a depend\u00eancia j\u00e1 mencionada, ele desestimula o indiv\u00edduo a buscar o seu sustento atrav\u00e9s do trabalho digno. A verdadeira transfer\u00eancia de renda s\u00f3 se faz com o crescimento do pa\u00eds, com investimentos na produ\u00e7\u00e3o para gerar mais empregos, que, por sinal, se encontra hoje em queda livre; transfer\u00eancia de renda se faz com taxas de juros que sejam capazes de financiar bens e servi\u00e7os, alavancando a produ\u00e7\u00e3o; transfer\u00eancia de renda se faz com o controle da infla\u00e7\u00e3o, pois esta sim, \u00e9 a pior inimiga das classes mais pobres.<\/p>\n<p>Muitos desses programas anunciados como solu\u00e7\u00e3o n\u00e3o sa\u00edram do papel e serviram apenas para alterar o foco por causa das cobran\u00e7as feitas pela sociedade, insatisfeita com a m\u00e1 administra\u00e7\u00e3o do pa\u00eds. A lista \u00e9 enorme. Podemos citar alguns como o \u201dBrasil Sem Mis\u00e9ria\u201d, como se isso fosse poss\u00edvel a curto prazo, dada a complexidade do problema e a extens\u00e3o do pa\u00eds;\u00a0 o \u201cMais M\u00e9dicos\u201d, com a contrata\u00e7\u00e3o de m\u00e9dicos estrangeiros, principalmente os cubanos, que ao constatarem a m\u00e1 remunera\u00e7\u00e3o e as prec\u00e1rias condi\u00e7\u00f5es de trabalho no pa\u00eds, muitos se mandaram de volta;\u00a0 o \u201cMinha Casa, Minha Vida\u201d que, al\u00e9m de conter projetos mal elaborados, se tornou um foco de corrup\u00e7\u00e3o, alimentado pelos v\u00e1rios desvios constatados\u00a0 at\u00e9 dentro de prefeituras em todo o Brasil. Al\u00e9m desses, podemos citar, ainda, \u201cBrasil Alfabetizado\u201d, \u201cP\u00e1tria Educadora\u201d, \u201cMais Especialidades\u201d, \u201cBrasil Sorridente\u201d, \u201cPrograma Cidade Melhor\u201d, \u201c\u00c1gua para Todos\u201d e dezenas de outros programas anunciados com toda a pompa, como se estivessem sido realizados, acabad<br \/>\nos\u00a0 e gerando grandes frutos para a popula\u00e7\u00e3o brasileira.<\/p>\n<p>Agora, ap\u00f3s constatados os rombos das contas p\u00fablicas, fruto de uma administra\u00e7\u00e3o catastr\u00f3fica, a maioria dos programas sociais anunciados como a salva\u00e7\u00e3o do pa\u00eds ter\u00e3o expressivos cortes com o ajuste fiscal. Outros programas como o FIES, destinado ao ensino superior, o Pronatec, Aquisi\u00e7\u00e3o de Alimentos, Farm\u00e1cia Popular e outros tantos ser\u00e3o extremamente afetados pelos cortes das verbas de sustenta\u00e7\u00e3o.<\/p>\n<p>Enquanto isso, a presidenta, que anda enfrentado in\u00fameros pedidos de impeachment, caminha no fio da navalha, e vai, desta forma, tentando salvar o seu mandato. Ela, que anteriormente anunciou o Programa \u201cLuz para Todos\u201d, para se safar da escurid\u00e3o na qual se meteu, quer agora ver apenas uma luz: a do fim do t\u00fanel.<\/p>\n","protected":false},"excerpt":{"rendered":"<p>Quando o ex-presidente Lula iniciou o seu primeiro governo, em janeiro de 2003, ap\u00f3s a sua quarta tentativa para chegar ao poder, come\u00e7ou a buscar nos pomposos t\u00edtulos de programas chamado de sociais a sua autoafirma\u00e7\u00e3o como chefe de governo. Em seu primeiro discurso, lan\u00e7ou o Programa \u201cFome Zero\u201d, certamente, uma utopia, se consideradas todas &#8230; <a title=\"Uma luz para a presidenta\" class=\"read-more\" href=\"https:\/\/anoticiaonline.com.br\/site\/uma-luz-para-a-presidenta\/\" aria-label=\"Read more about Uma luz para a presidenta\">Ler mais<\/a><\/p>\n","protected":false},"author":2,"featured_media":0,"comment_status":"open","ping_status":"open","sticky":false,"template":"","format":"standard","meta":{"_acf_changed":false,"_monsterinsights_skip_tracking":false,"footnotes":""},"categories":[33],"tags":[],"class_list":["post-5099","post","type-post","status-publish","format-standard","hentry","category-politica-e-atualidades-francisco-laviola"],"acf":[],"aioseo_notices":[],"aioseo_head":"\n\t\t<!-- All in One SEO 5.0.0.1 - aioseo.com -->\n\t<meta name=\"description\" content=\"Quando o ex-presidente Lula iniciou o seu primeiro governo, em janeiro de 2003, ap\u00f3s a sua quarta tentativa para chegar ao poder, come\u00e7ou a buscar nos pomposos t\u00edtulos de programas chamado de sociais a sua autoafirma\u00e7\u00e3o como chefe de governo. Em seu primeiro discurso, lan\u00e7ou o Programa \u201cFome Zero\u201d, certamente, uma utopia, se consideradas todas\" \/>\n\t<meta name=\"robots\" content=\"max-image-preview:large\" \/>\n\t<meta name=\"author\" content=\"Juliana Laviola\"\/>\n\t<link rel=\"canonical\" href=\"https:\/\/anoticiaonline.com.br\/site\/uma-luz-para-a-presidenta\/\" \/>\n\t<meta name=\"generator\" content=\"All in One SEO (AIOSEO) 5.0.0.1\" \/>\n\t\t<meta property=\"og:locale\" content=\"pt_BR\" \/>\n\t\t<meta property=\"og:site_name\" content=\"A Not\u00edcia Online - Noticias de Muria\u00e9 e regi\u00e3o\" \/>\n\t\t<meta property=\"og:type\" content=\"article\" \/>\n\t\t<meta property=\"og:title\" content=\"Uma luz para a presidenta - A Not\u00edcia Online\" \/>\n\t\t<meta property=\"og:description\" content=\"Quando o ex-presidente Lula iniciou o seu primeiro governo, em janeiro de 2003, ap\u00f3s a sua quarta tentativa para chegar ao poder, come\u00e7ou a buscar nos pomposos t\u00edtulos de programas chamado de sociais a sua autoafirma\u00e7\u00e3o como chefe de governo. Em seu primeiro discurso, lan\u00e7ou o Programa \u201cFome Zero\u201d, certamente, uma utopia, se consideradas todas\" \/>\n\t\t<meta property=\"og:url\" content=\"https:\/\/anoticiaonline.com.br\/site\/uma-luz-para-a-presidenta\/\" \/>\n\t\t<meta property=\"og:image\" content=\"https:\/\/scontent-gig4-1.xx.fbcdn.net\/v\/t39.30808-1\/270437624_4564083193639691_6907940295614233970_n.jpg?stp=dst-jpg_s200x200_tt6&#038;_nc_cat=111&#038;ccb=1-7&#038;_nc_sid=f907e8&#038;_nc_ohc=SM1wRlP3lJwQ7kNvwEPuBYA&#038;_nc_oc=AdnqrjDN_BNjSSHWO-GbkIWH6fkGMLw4bqvL_NH6e2wMveX7G-rP2dAqsDSq1mJMOaY&#038;_nc_zt=24&#038;_nc_ht=scontent-gig4-1.xx&#038;_nc_gid=AoBFJeGrT1hVaew_6rchkQ&#038;oh=00_AfX7QmFGhQhG2jAllVgXCiM1ZrWgvtp80-Bfppyexh1QEg&#038;oe=689E923C\" \/>\n\t\t<meta property=\"og:image:secure_url\" content=\"https:\/\/scontent-gig4-1.xx.fbcdn.net\/v\/t39.30808-1\/270437624_4564083193639691_6907940295614233970_n.jpg?stp=dst-jpg_s200x200_tt6&#038;_nc_cat=111&#038;ccb=1-7&#038;_nc_sid=f907e8&#038;_nc_ohc=SM1wRlP3lJwQ7kNvwEPuBYA&#038;_nc_oc=AdnqrjDN_BNjSSHWO-GbkIWH6fkGMLw4bqvL_NH6e2wMveX7G-rP2dAqsDSq1mJMOaY&#038;_nc_zt=24&#038;_nc_ht=scontent-gig4-1.xx&#038;_nc_gid=AoBFJeGrT1hVaew_6rchkQ&#038;oh=00_AfX7QmFGhQhG2jAllVgXCiM1ZrWgvtp80-Bfppyexh1QEg&#038;oe=689E923C\" \/>\n\t\t<meta property=\"article:published_time\" content=\"2015-10-22T21:04:19+00:00\" \/>\n\t\t<meta property=\"article:modified_time\" content=\"2015-10-22T21:04:19+00:00\" \/>\n\t\t<meta name=\"twitter:card\" content=\"summary_large_image\" \/>\n\t\t<meta name=\"twitter:title\" content=\"Uma luz para a presidenta - A Not\u00edcia Online\" \/>\n\t\t<meta name=\"twitter:description\" content=\"Quando o ex-presidente Lula iniciou o seu primeiro governo, em janeiro de 2003, ap\u00f3s a sua quarta tentativa para chegar ao poder, come\u00e7ou a buscar nos pomposos t\u00edtulos de programas chamado de sociais a sua autoafirma\u00e7\u00e3o como chefe de governo. Em seu primeiro discurso, lan\u00e7ou o Programa \u201cFome Zero\u201d, certamente, uma utopia, se consideradas todas\" \/>\n\t\t<meta name=\"twitter:image\" content=\"https:\/\/scontent-gig4-1.xx.fbcdn.net\/v\/t39.30808-1\/270437624_4564083193639691_6907940295614233970_n.jpg?stp=dst-jpg_s200x200_tt6&amp;_nc_cat=111&amp;ccb=1-7&amp;_nc_sid=f907e8&amp;_nc_ohc=SM1wRlP3lJwQ7kNvwEPuBYA&amp;_nc_oc=AdnqrjDN_BNjSSHWO-GbkIWH6fkGMLw4bqvL_NH6e2wMveX7G-rP2dAqsDSq1mJMOaY&amp;_nc_zt=24&amp;_nc_ht=scontent-gig4-1.xx&amp;_nc_gid=AoBFJeGrT1hVaew_6rchkQ&amp;oh=00_AfX7QmFGhQhG2jAllVgXCiM1ZrWgvtp80-Bfppyexh1QEg&amp;oe=689E923C\" \/>\n\t\t<script type=\"application\/ld+json\" class=\"aioseo-schema\">\n\t\t\t{\"@context\":\"https:\\\/\\\/schema.org\",\"@graph\":[{\"@type\":\"BlogPosting\",\"@id\":\"https:\\\/\\\/anoticiaonline.com.br\\\/site\\\/uma-luz-para-a-presidenta\\\/#blogposting\",\"name\":\"Uma luz para a presidenta - A Not\\u00edcia Online\",\"headline\":\"Uma luz para a presidenta\",\"author\":{\"@id\":\"https:\\\/\\\/anoticiaonline.com.br\\\/site\\\/author\\\/juliana\\\/#author\"},\"publisher\":{\"@id\":\"https:\\\/\\\/anoticiaonline.com.br\\\/site\\\/#organization\"},\"image\":{\"@type\":\"ImageObject\",\"url\":\"https:\\\/\\\/scontent-gig4-1.xx.fbcdn.net\\\/v\\\/t39.30808-1\\\/270437624_4564083193639691_6907940295614233970_n.jpg?stp=dst-jpg_s200x200_tt6&_nc_cat=111&ccb=1-7&_nc_sid=f907e8&_nc_ohc=SM1wRlP3lJwQ7kNvwEPuBYA&_nc_oc=AdnqrjDN_BNjSSHWO-GbkIWH6fkGMLw4bqvL_NH6e2wMveX7G-rP2dAqsDSq1mJMOaY&_nc_zt=24&_nc_ht=scontent-gig4-1.xx&_nc_gid=AoBFJeGrT1hVaew_6rchkQ&oh=00_AfX7QmFGhQhG2jAllVgXCiM1ZrWgvtp80-Bfppyexh1QEg&oe=689E923C\",\"@id\":\"https:\\\/\\\/anoticiaonline.com.br\\\/site\\\/#articleImage\"},\"datePublished\":\"2015-10-22T18:04:19-03:00\",\"dateModified\":\"2015-10-22T18:04:19-03:00\",\"inLanguage\":\"pt-BR\",\"mainEntityOfPage\":{\"@id\":\"https:\\\/\\\/anoticiaonline.com.br\\\/site\\\/uma-luz-para-a-presidenta\\\/#webpage\"},\"isPartOf\":{\"@id\":\"https:\\\/\\\/anoticiaonline.com.br\\\/site\\\/uma-luz-para-a-presidenta\\\/#webpage\"},\"articleSection\":\"Pol\\u00edtica e Atualidades - Francisco Laviola\"},{\"@type\":\"BreadcrumbList\",\"@id\":\"https:\\\/\\\/anoticiaonline.com.br\\\/site\\\/uma-luz-para-a-presidenta\\\/#breadcrumblist\",\"itemListElement\":[{\"@type\":\"ListItem\",\"@id\":\"https:\\\/\\\/anoticiaonline.com.br\\\/site#listItem\",\"position\":1,\"name\":\"Home\",\"item\":\"https:\\\/\\\/anoticiaonline.com.br\\\/site\",\"nextItem\":{\"@type\":\"ListItem\",\"@id\":\"https:\\\/\\\/anoticiaonline.com.br\\\/site\\\/categoria\\\/colunistas\\\/#listItem\",\"name\":\"Colunistas\"}},{\"@type\":\"ListItem\",\"@id\":\"https:\\\/\\\/anoticiaonline.com.br\\\/site\\\/categoria\\\/colunistas\\\/#listItem\",\"position\":2,\"name\":\"Colunistas\",\"item\":\"https:\\\/\\\/anoticiaonline.com.br\\\/site\\\/categoria\\\/colunistas\\\/\",\"nextItem\":{\"@type\":\"ListItem\",\"@id\":\"https:\\\/\\\/anoticiaonline.com.br\\\/site\\\/categoria\\\/colunistas\\\/politica-e-atualidades-francisco-laviola\\\/#listItem\",\"name\":\"Pol\\u00edtica e Atualidades - Francisco Laviola\"},\"previousItem\":{\"@type\":\"ListItem\",\"@id\":\"https:\\\/\\\/anoticiaonline.com.br\\\/site#listItem\",\"name\":\"Home\"}},{\"@type\":\"ListItem\",\"@id\":\"https:\\\/\\\/anoticiaonline.com.br\\\/site\\\/categoria\\\/colunistas\\\/politica-e-atualidades-francisco-laviola\\\/#listItem\",\"position\":3,\"name\":\"Pol\\u00edtica e Atualidades - Francisco Laviola\",\"item\":\"https:\\\/\\\/anoticiaonline.com.br\\\/site\\\/categoria\\\/colunistas\\\/politica-e-atualidades-francisco-laviola\\\/\",\"nextItem\":{\"@type\":\"ListItem\",\"@id\":\"https:\\\/\\\/anoticiaonline.com.br\\\/site\\\/uma-luz-para-a-presidenta\\\/#listItem\",\"name\":\"Uma luz para a presidenta\"},\"previousItem\":{\"@type\":\"ListItem\",\"@id\":\"https:\\\/\\\/anoticiaonline.com.br\\\/site\\\/categoria\\\/colunistas\\\/#listItem\",\"name\":\"Colunistas\"}},{\"@type\":\"ListItem\",\"@id\":\"https:\\\/\\\/anoticiaonline.com.br\\\/site\\\/uma-luz-para-a-presidenta\\\/#listItem\",\"position\":4,\"name\":\"Uma luz para a presidenta\",\"previousItem\":{\"@type\":\"ListItem\",\"@id\":\"https:\\\/\\\/anoticiaonline.com.br\\\/site\\\/categoria\\\/colunistas\\\/politica-e-atualidades-francisco-laviola\\\/#listItem\",\"name\":\"Pol\\u00edtica e Atualidades - Francisco Laviola\"}}]},{\"@type\":\"Organization\",\"@id\":\"https:\\\/\\\/anoticiaonline.com.br\\\/site\\\/#organization\",\"name\":\"A Not\\u00edcia Online\",\"description\":\"Noticias de Muria\\u00e9 e regi\\u00e3o\",\"url\":\"https:\\\/\\\/anoticiaonline.com.br\\\/site\\\/\",\"logo\":{\"@type\":\"ImageObject\",\"url\":\"https:\\\/\\\/scontent-gig4-1.xx.fbcdn.net\\\/v\\\/t39.30808-1\\\/270437624_4564083193639691_6907940295614233970_n.jpg?stp=dst-jpg_s200x200_tt6&_nc_cat=111&ccb=1-7&_nc_sid=f907e8&_nc_ohc=SM1wRlP3lJwQ7kNvwEPuBYA&_nc_oc=AdnqrjDN_BNjSSHWO-GbkIWH6fkGMLw4bqvL_NH6e2wMveX7G-rP2dAqsDSq1mJMOaY&_nc_zt=24&_nc_ht=scontent-gig4-1.xx&_nc_gid=AoBFJeGrT1hVaew_6rchkQ&oh=00_AfX7QmFGhQhG2jAllVgXCiM1ZrWgvtp80-Bfppyexh1QEg&oe=689E923C\",\"@id\":\"https:\\\/\\\/anoticiaonline.com.br\\\/site\\\/uma-luz-para-a-presidenta\\\/#organizationLogo\"},\"image\":{\"@id\":\"https:\\\/\\\/anoticiaonline.com.br\\\/site\\\/uma-luz-para-a-presidenta\\\/#organizationLogo\"}},{\"@type\":\"Person\",\"@id\":\"https:\\\/\\\/anoticiaonline.com.br\\\/site\\\/author\\\/juliana\\\/#author\",\"url\":\"https:\\\/\\\/anoticiaonline.com.br\\\/site\\\/author\\\/juliana\\\/\",\"name\":\"Juliana Laviola\",\"image\":{\"@type\":\"ImageObject\",\"@id\":\"https:\\\/\\\/anoticiaonline.com.br\\\/site\\\/uma-luz-para-a-presidenta\\\/#authorImage\",\"url\":\"https:\\\/\\\/secure.gravatar.com\\\/avatar\\\/b8d45f5c699b100dfaf0e543582f38f38bf94cb7ae3a5e9abf8d891a34773335?s=96&d=mm&r=g\",\"width\":96,\"height\":96,\"caption\":\"Juliana Laviola\"}},{\"@type\":\"WebPage\",\"@id\":\"https:\\\/\\\/anoticiaonline.com.br\\\/site\\\/uma-luz-para-a-presidenta\\\/#webpage\",\"url\":\"https:\\\/\\\/anoticiaonline.com.br\\\/site\\\/uma-luz-para-a-presidenta\\\/\",\"name\":\"Uma luz para a presidenta - A Not\\u00edcia Online\",\"description\":\"Quando o ex-presidente Lula iniciou o seu primeiro governo, em janeiro de 2003, ap\\u00f3s a sua quarta tentativa para chegar ao poder, come\\u00e7ou a buscar nos pomposos t\\u00edtulos de programas chamado de sociais a sua autoafirma\\u00e7\\u00e3o como chefe de governo. Em seu primeiro discurso, lan\\u00e7ou o Programa \\u201cFome Zero\\u201d, certamente, uma utopia, se consideradas todas\",\"inLanguage\":\"pt-BR\",\"isPartOf\":{\"@id\":\"https:\\\/\\\/anoticiaonline.com.br\\\/site\\\/#website\"},\"breadcrumb\":{\"@id\":\"https:\\\/\\\/anoticiaonline.com.br\\\/site\\\/uma-luz-para-a-presidenta\\\/#breadcrumblist\"},\"author\":{\"@id\":\"https:\\\/\\\/anoticiaonline.com.br\\\/site\\\/author\\\/juliana\\\/#author\"},\"creator\":{\"@id\":\"https:\\\/\\\/anoticiaonline.com.br\\\/site\\\/author\\\/juliana\\\/#author\"},\"datePublished\":\"2015-10-22T18:04:19-03:00\",\"dateModified\":\"2015-10-22T18:04:19-03:00\"},{\"@type\":\"WebSite\",\"@id\":\"https:\\\/\\\/anoticiaonline.com.br\\\/site\\\/#website\",\"url\":\"https:\\\/\\\/anoticiaonline.com.br\\\/site\\\/\",\"name\":\"A Not\\u00edcia Online\",\"description\":\"Noticias de Muria\\u00e9 e regi\\u00e3o\",\"inLanguage\":\"pt-BR\",\"publisher\":{\"@id\":\"https:\\\/\\\/anoticiaonline.com.br\\\/site\\\/#organization\"}}]}\n\t\t<\/script>\n\t\t<!-- All in One SEO -->\n\n","aioseo_head_json":{"title":"Uma luz para a presidenta - A Not\u00edcia Online","description":"Quando o ex-presidente Lula iniciou o seu primeiro governo, em janeiro de 2003, ap\u00f3s a sua quarta tentativa para chegar ao poder, come\u00e7ou a buscar nos pomposos t\u00edtulos de programas chamado de sociais a sua autoafirma\u00e7\u00e3o como chefe de governo. Em seu primeiro discurso, lan\u00e7ou o Programa \u201cFome Zero\u201d, certamente, uma utopia, se consideradas todas","canonical_url":"https:\/\/anoticiaonline.com.br\/site\/uma-luz-para-a-presidenta\/","robots":"max-image-preview:large","keywords":"","webmasterTools":{"miscellaneous":""},"schema":{"@context":"https:\/\/schema.org","@graph":[{"@type":"BlogPosting","@id":"https:\/\/anoticiaonline.com.br\/site\/uma-luz-para-a-presidenta\/#blogposting","name":"Uma luz para a presidenta - A Not\u00edcia Online","headline":"Uma luz para a presidenta","author":{"@id":"https:\/\/anoticiaonline.com.br\/site\/author\/juliana\/#author"},"publisher":{"@id":"https:\/\/anoticiaonline.com.br\/site\/#organization"},"image":{"@type":"ImageObject","url":"https:\/\/scontent-gig4-1.xx.fbcdn.net\/v\/t39.30808-1\/270437624_4564083193639691_6907940295614233970_n.jpg?stp=dst-jpg_s200x200_tt6&_nc_cat=111&ccb=1-7&_nc_sid=f907e8&_nc_ohc=SM1wRlP3lJwQ7kNvwEPuBYA&_nc_oc=AdnqrjDN_BNjSSHWO-GbkIWH6fkGMLw4bqvL_NH6e2wMveX7G-rP2dAqsDSq1mJMOaY&_nc_zt=24&_nc_ht=scontent-gig4-1.xx&_nc_gid=AoBFJeGrT1hVaew_6rchkQ&oh=00_AfX7QmFGhQhG2jAllVgXCiM1ZrWgvtp80-Bfppyexh1QEg&oe=689E923C","@id":"https:\/\/anoticiaonline.com.br\/site\/#articleImage"},"datePublished":"2015-10-22T18:04:19-03:00","dateModified":"2015-10-22T18:04:19-03:00","inLanguage":"pt-BR","mainEntityOfPage":{"@id":"https:\/\/anoticiaonline.com.br\/site\/uma-luz-para-a-presidenta\/#webpage"},"isPartOf":{"@id":"https:\/\/anoticiaonline.com.br\/site\/uma-luz-para-a-presidenta\/#webpage"},"articleSection":"Pol\u00edtica e Atualidades - Francisco Laviola"},{"@type":"BreadcrumbList","@id":"https:\/\/anoticiaonline.com.br\/site\/uma-luz-para-a-presidenta\/#breadcrumblist","itemListElement":[{"@type":"ListItem","@id":"https:\/\/anoticiaonline.com.br\/site#listItem","position":1,"name":"Home","item":"https:\/\/anoticiaonline.com.br\/site","nextItem":{"@type":"ListItem","@id":"https:\/\/anoticiaonline.com.br\/site\/categoria\/colunistas\/#listItem","name":"Colunistas"}},{"@type":"ListItem","@id":"https:\/\/anoticiaonline.com.br\/site\/categoria\/colunistas\/#listItem","position":2,"name":"Colunistas","item":"https:\/\/anoticiaonline.com.br\/site\/categoria\/colunistas\/","nextItem":{"@type":"ListItem","@id":"https:\/\/anoticiaonline.com.br\/site\/categoria\/colunistas\/politica-e-atualidades-francisco-laviola\/#listItem","name":"Pol\u00edtica e Atualidades - Francisco Laviola"},"previousItem":{"@type":"ListItem","@id":"https:\/\/anoticiaonline.com.br\/site#listItem","name":"Home"}},{"@type":"ListItem","@id":"https:\/\/anoticiaonline.com.br\/site\/categoria\/colunistas\/politica-e-atualidades-francisco-laviola\/#listItem","position":3,"name":"Pol\u00edtica e Atualidades - Francisco Laviola","item":"https:\/\/anoticiaonline.com.br\/site\/categoria\/colunistas\/politica-e-atualidades-francisco-laviola\/","nextItem":{"@type":"ListItem","@id":"https:\/\/anoticiaonline.com.br\/site\/uma-luz-para-a-presidenta\/#listItem","name":"Uma luz para a presidenta"},"previousItem":{"@type":"ListItem","@id":"https:\/\/anoticiaonline.com.br\/site\/categoria\/colunistas\/#listItem","name":"Colunistas"}},{"@type":"ListItem","@id":"https:\/\/anoticiaonline.com.br\/site\/uma-luz-para-a-presidenta\/#listItem","position":4,"name":"Uma luz para a presidenta","previousItem":{"@type":"ListItem","@id":"https:\/\/anoticiaonline.com.br\/site\/categoria\/colunistas\/politica-e-atualidades-francisco-laviola\/#listItem","name":"Pol\u00edtica e Atualidades - Francisco Laviola"}}]},{"@type":"Organization","@id":"https:\/\/anoticiaonline.com.br\/site\/#organization","name":"A Not\u00edcia Online","description":"Noticias de Muria\u00e9 e regi\u00e3o","url":"https:\/\/anoticiaonline.com.br\/site\/","logo":{"@type":"ImageObject","url":"https:\/\/scontent-gig4-1.xx.fbcdn.net\/v\/t39.30808-1\/270437624_4564083193639691_6907940295614233970_n.jpg?stp=dst-jpg_s200x200_tt6&_nc_cat=111&ccb=1-7&_nc_sid=f907e8&_nc_ohc=SM1wRlP3lJwQ7kNvwEPuBYA&_nc_oc=AdnqrjDN_BNjSSHWO-GbkIWH6fkGMLw4bqvL_NH6e2wMveX7G-rP2dAqsDSq1mJMOaY&_nc_zt=24&_nc_ht=scontent-gig4-1.xx&_nc_gid=AoBFJeGrT1hVaew_6rchkQ&oh=00_AfX7QmFGhQhG2jAllVgXCiM1ZrWgvtp80-Bfppyexh1QEg&oe=689E923C","@id":"https:\/\/anoticiaonline.com.br\/site\/uma-luz-para-a-presidenta\/#organizationLogo"},"image":{"@id":"https:\/\/anoticiaonline.com.br\/site\/uma-luz-para-a-presidenta\/#organizationLogo"}},{"@type":"Person","@id":"https:\/\/anoticiaonline.com.br\/site\/author\/juliana\/#author","url":"https:\/\/anoticiaonline.com.br\/site\/author\/juliana\/","name":"Juliana Laviola","image":{"@type":"ImageObject","@id":"https:\/\/anoticiaonline.com.br\/site\/uma-luz-para-a-presidenta\/#authorImage","url":"https:\/\/secure.gravatar.com\/avatar\/b8d45f5c699b100dfaf0e543582f38f38bf94cb7ae3a5e9abf8d891a34773335?s=96&d=mm&r=g","width":96,"height":96,"caption":"Juliana Laviola"}},{"@type":"WebPage","@id":"https:\/\/anoticiaonline.com.br\/site\/uma-luz-para-a-presidenta\/#webpage","url":"https:\/\/anoticiaonline.com.br\/site\/uma-luz-para-a-presidenta\/","name":"Uma luz para a presidenta - A Not\u00edcia Online","description":"Quando o ex-presidente Lula iniciou o seu primeiro governo, em janeiro de 2003, ap\u00f3s a sua quarta tentativa para chegar ao poder, come\u00e7ou a buscar nos pomposos t\u00edtulos de programas chamado de sociais a sua autoafirma\u00e7\u00e3o como chefe de governo. Em seu primeiro discurso, lan\u00e7ou o Programa \u201cFome Zero\u201d, certamente, uma utopia, se consideradas todas","inLanguage":"pt-BR","isPartOf":{"@id":"https:\/\/anoticiaonline.com.br\/site\/#website"},"breadcrumb":{"@id":"https:\/\/anoticiaonline.com.br\/site\/uma-luz-para-a-presidenta\/#breadcrumblist"},"author":{"@id":"https:\/\/anoticiaonline.com.br\/site\/author\/juliana\/#author"},"creator":{"@id":"https:\/\/anoticiaonline.com.br\/site\/author\/juliana\/#author"},"datePublished":"2015-10-22T18:04:19-03:00","dateModified":"2015-10-22T18:04:19-03:00"},{"@type":"WebSite","@id":"https:\/\/anoticiaonline.com.br\/site\/#website","url":"https:\/\/anoticiaonline.com.br\/site\/","name":"A Not\u00edcia Online","description":"Noticias de Muria\u00e9 e regi\u00e3o","inLanguage":"pt-BR","publisher":{"@id":"https:\/\/anoticiaonline.com.br\/site\/#organization"}}]},"og:locale":"pt_BR","og:site_name":"A Not\u00edcia Online - Noticias de Muria\u00e9 e regi\u00e3o","og:type":"article","og:title":"Uma luz para a presidenta - A Not\u00edcia Online","og:description":"Quando o ex-presidente Lula iniciou o seu primeiro governo, em janeiro de 2003, ap\u00f3s a sua quarta tentativa para chegar ao poder, come\u00e7ou a buscar nos pomposos t\u00edtulos de programas chamado de sociais a sua autoafirma\u00e7\u00e3o como chefe de governo. Em seu primeiro discurso, lan\u00e7ou o Programa \u201cFome Zero\u201d, certamente, uma utopia, se consideradas todas","og:url":"https:\/\/anoticiaonline.com.br\/site\/uma-luz-para-a-presidenta\/","og:image":"https:\/\/scontent-gig4-1.xx.fbcdn.net\/v\/t39.30808-1\/270437624_4564083193639691_6907940295614233970_n.jpg?stp=dst-jpg_s200x200_tt6&#038;_nc_cat=111&#038;ccb=1-7&#038;_nc_sid=f907e8&#038;_nc_ohc=SM1wRlP3lJwQ7kNvwEPuBYA&#038;_nc_oc=AdnqrjDN_BNjSSHWO-GbkIWH6fkGMLw4bqvL_NH6e2wMveX7G-rP2dAqsDSq1mJMOaY&#038;_nc_zt=24&#038;_nc_ht=scontent-gig4-1.xx&#038;_nc_gid=AoBFJeGrT1hVaew_6rchkQ&#038;oh=00_AfX7QmFGhQhG2jAllVgXCiM1ZrWgvtp80-Bfppyexh1QEg&#038;oe=689E923C","og:image:secure_url":"https:\/\/scontent-gig4-1.xx.fbcdn.net\/v\/t39.30808-1\/270437624_4564083193639691_6907940295614233970_n.jpg?stp=dst-jpg_s200x200_tt6&#038;_nc_cat=111&#038;ccb=1-7&#038;_nc_sid=f907e8&#038;_nc_ohc=SM1wRlP3lJwQ7kNvwEPuBYA&#038;_nc_oc=AdnqrjDN_BNjSSHWO-GbkIWH6fkGMLw4bqvL_NH6e2wMveX7G-rP2dAqsDSq1mJMOaY&#038;_nc_zt=24&#038;_nc_ht=scontent-gig4-1.xx&#038;_nc_gid=AoBFJeGrT1hVaew_6rchkQ&#038;oh=00_AfX7QmFGhQhG2jAllVgXCiM1ZrWgvtp80-Bfppyexh1QEg&#038;oe=689E923C","article:published_time":"2015-10-22T21:04:19+00:00","article:modified_time":"2015-10-22T21:04:19+00:00","twitter:card":"summary_large_image","twitter:title":"Uma luz para a presidenta - A Not\u00edcia Online","twitter:description":"Quando o ex-presidente Lula iniciou o seu primeiro governo, em janeiro de 2003, ap\u00f3s a sua quarta tentativa para chegar ao poder, come\u00e7ou a buscar nos pomposos t\u00edtulos de programas chamado de sociais a sua autoafirma\u00e7\u00e3o como chefe de governo. Em seu primeiro discurso, lan\u00e7ou o Programa \u201cFome Zero\u201d, certamente, uma utopia, se consideradas todas","twitter:image":"https:\/\/scontent-gig4-1.xx.fbcdn.net\/v\/t39.30808-1\/270437624_4564083193639691_6907940295614233970_n.jpg?stp=dst-jpg_s200x200_tt6&_nc_cat=111&ccb=1-7&_nc_sid=f907e8&_nc_ohc=SM1wRlP3lJwQ7kNvwEPuBYA&_nc_oc=AdnqrjDN_BNjSSHWO-GbkIWH6fkGMLw4bqvL_NH6e2wMveX7G-rP2dAqsDSq1mJMOaY&_nc_zt=24&_nc_ht=scontent-gig4-1.xx&_nc_gid=AoBFJeGrT1hVaew_6rchkQ&oh=00_AfX7QmFGhQhG2jAllVgXCiM1ZrWgvtp80-Bfppyexh1QEg&oe=689E923C"},"aioseo_meta_data":{"post_id":"5099","title":null,"description":null,"keywords":null,"keyphrases":null,"primary_term":null,"canonical_url":null,"og_title":null,"og_description":null,"og_object_type":"default","og_image_type":"default","og_image_url":null,"og_image_width":null,"og_image_height":null,"og_image_custom_url":null,"og_image_custom_fields":null,"og_video":null,"og_custom_url":null,"og_article_section":null,"og_article_tags":null,"twitter_use_og":false,"twitter_card":"default","twitter_image_type":"default","twitter_image_url":null,"twitter_image_custom_url":null,"twitter_image_custom_fields":null,"twitter_title":null,"twitter_description":null,"schema":{"blockGraphs":[],"customGraphs":[],"default":{"data":{"Article":[],"Course":[],"Dataset":[],"FAQPage":[],"Movie":[],"Person":[],"Product":[],"ProductReview":[],"Car":[],"Recipe":[],"Service":[],"SoftwareApplication":[],"WebPage":[]},"graphName":"","isEnabled":true},"graphs":[]},"schema_type":"default","schema_type_options":null,"pillar_content":false,"robots_default":true,"robots_noindex":false,"robots_noarchive":false,"robots_nosnippet":false,"robots_nofollow":false,"robots_noimageindex":false,"robots_noodp":false,"robots_notranslate":false,"robots_max_snippet":null,"robots_max_videopreview":null,"robots_max_imagepreview":"large","priority":null,"frequency":null,"local_seo":null,"breadcrumb_settings":null,"limit_modified_date":false,"ai":null,"created":"2025-08-16 13:38:49","updated":"2025-08-16 13:38:49","focus_keyword":null,"additional_keywords":null,"truseo_locale":null,"seo_analyzer_scan_date":null},"aioseo_breadcrumb":"<div class=\"aioseo-breadcrumbs\"><span class=\"aioseo-breadcrumb\">\n\t\t\t<a href=\"https:\/\/anoticiaonline.com.br\/site\" title=\"Home\">Home<\/a>\n\t\t<\/span><span class=\"aioseo-breadcrumb-separator\">&raquo;<\/span><span class=\"aioseo-breadcrumb\">\n\t\t\t<a href=\"https:\/\/anoticiaonline.com.br\/site\/categoria\/colunistas\/\" title=\"Colunistas\">Colunistas<\/a>\n\t\t<\/span><span class=\"aioseo-breadcrumb-separator\">&raquo;<\/span><span class=\"aioseo-breadcrumb\">\n\t\t\t<a href=\"https:\/\/anoticiaonline.com.br\/site\/categoria\/colunistas\/politica-e-atualidades-francisco-laviola\/\" title=\"Pol\u00edtica e Atualidades - Francisco Laviola\">Pol\u00edtica e Atualidades - Francisco Laviola<\/a>\n\t\t<\/span><span class=\"aioseo-breadcrumb-separator\">&raquo;<\/span><span class=\"aioseo-breadcrumb\">\n\t\t\tUma luz para a presidenta\n\t\t<\/span><\/div>","aioseo_breadcrumb_json":[{"label":"Home","link":"https:\/\/anoticiaonline.com.br\/site"},{"label":"Colunistas","link":"https:\/\/anoticiaonline.com.br\/site\/categoria\/colunistas\/"},{"label":"Pol\u00edtica e Atualidades - Francisco Laviola","link":"https:\/\/anoticiaonline.com.br\/site\/categoria\/colunistas\/politica-e-atualidades-francisco-laviola\/"},{"label":"Uma luz para a presidenta","link":"https:\/\/anoticiaonline.com.br\/site\/uma-luz-para-a-presidenta\/"}],"views":124,"_links":{"self":[{"href":"https:\/\/anoticiaonline.com.br\/site\/wp-json\/wp\/v2\/posts\/5099","targetHints":{"allow":["GET"]}}],"collection":[{"href":"https:\/\/anoticiaonline.com.br\/site\/wp-json\/wp\/v2\/posts"}],"about":[{"href":"https:\/\/anoticiaonline.com.br\/site\/wp-json\/wp\/v2\/types\/post"}],"author":[{"embeddable":true,"href":"https:\/\/anoticiaonline.com.br\/site\/wp-json\/wp\/v2\/users\/2"}],"replies":[{"embeddable":true,"href":"https:\/\/anoticiaonline.com.br\/site\/wp-json\/wp\/v2\/comments?post=5099"}],"version-history":[{"count":0,"href":"https:\/\/anoticiaonline.com.br\/site\/wp-json\/wp\/v2\/posts\/5099\/revisions"}],"wp:attachment":[{"href":"https:\/\/anoticiaonline.com.br\/site\/wp-json\/wp\/v2\/media?parent=5099"}],"wp:term":[{"taxonomy":"category","embeddable":true,"href":"https:\/\/anoticiaonline.com.br\/site\/wp-json\/wp\/v2\/categories?post=5099"},{"taxonomy":"post_tag","embeddable":true,"href":"https:\/\/anoticiaonline.com.br\/site\/wp-json\/wp\/v2\/tags?post=5099"}],"curies":[{"name":"wp","href":"https:\/\/api.w.org\/{rel}","templated":true}]}}