{"id":50885,"date":"2018-03-01T17:43:34","date_gmt":"2018-03-01T20:43:34","guid":{"rendered":"http:\/\/anoticiaonline.com.br\/site\/?p=50885"},"modified":"2018-03-01T17:43:34","modified_gmt":"2018-03-01T20:43:34","slug":"morre-terceira-vitima-do-acidente-na-estrada-de-vermelho","status":"publish","type":"post","link":"https:\/\/anoticiaonline.com.br\/site\/morre-terceira-vitima-do-acidente-na-estrada-de-vermelho\/","title":{"rendered":"Morre terceira v\u00edtima do acidente na estrada de Vermelho"},"content":{"rendered":"<p>Um grave acidente, ocorrido na manh\u00e3 de quarta-feira (28), na BR-356, pr\u00f3ximo ao distrito de Vermelho, deixou mais uma v\u00edtima fatal, que faleceu no final do mesmo dia no Hospital S\u00e3o Paulo, as outras duas v\u00edtimas morreram no local do acidente. Outras tr\u00eas pessoas ficaram feridas.<\/p>\n<p>Segundo informa\u00e7\u00f5es, a batida, que envolveu tr\u00eas ve\u00edculos, resultou na morte de Nilson \u00c2ngelo Sodr\u00e9, da ex-vereadora e ex-presidente da C\u00e2mara Municipal de Ros\u00e1rio da Limeira, Maria Aparecida Ribeiro Pedrosa, conhecida como Aparecida da Josina.<\/p>\n<p>No fim do dia, informa\u00e7\u00f5es davam conta de que o muriaeense, Isael Ramos Pinto, encaminhado pelo Corpo de Bombeiro e pelo Samu para o Hospital S\u00e3o Paulo (HSP), havia falecido.<\/p>\n<p>A Pol\u00edcia Militar controlou o tr\u00e2nsito enquanto as equipes de resgate trabalhavam no local. A per\u00edcia sobre as causas do acidente est\u00e1 a cargo da Pol\u00edcia Civil.<\/p>\n<figure id=\"attachment_50889\" aria-describedby=\"caption-attachment-50889\" style=\"width: 630px\" class=\"wp-caption alignnone\"><a href=\"https:\/\/anoticiaonline.com.br\/site\/wp-content\/uploads\/2018\/03\/Morre-terceira-v\u00edtima-do-acidente-na-estrada-de-Vermelho-5.jpeg\"><img fetchpriority=\"high\" decoding=\"async\" class=\"size-full wp-image-50889\" src=\"https:\/\/anoticiaonline.com.br\/site\/wp-content\/uploads\/2018\/03\/Morre-terceira-v\u00edtima-do-acidente-na-estrada-de-Vermelho-5.jpeg\" alt=\"\" width=\"640\" height=\"427\" srcset=\"https:\/\/anoticiaonline.com.br\/site\/wp-content\/uploads\/2018\/03\/Morre-terceira-v\u00edtima-do-acidente-na-estrada-de-Vermelho-5.jpeg 640w, https:\/\/anoticiaonline.com.br\/site\/wp-content\/uploads\/2018\/03\/Morre-terceira-v\u00edtima-do-acidente-na-estrada-de-Vermelho-5-300x200.jpeg 300w\" sizes=\"(max-width: 640px) 100vw, 640px\" \/><\/a><figcaption id=\"caption-attachment-50889\" class=\"wp-caption-text\">Isael Ramos Pinto, terceira v\u00edtima fatal do tr\u00e1gico acidente.<\/figcaption><\/figure>\n<p><a href=\"https:\/\/anoticiaonline.com.br\/site\/wp-content\/uploads\/2018\/03\/Acidente-na-estrada-de-Vermelho-deixa-dois-mortos-e-quatro-feridos.jpg\"><img decoding=\"async\" class=\"alignnone size-full wp-image-50886\" src=\"https:\/\/anoticiaonline.com.br\/site\/wp-content\/uploads\/2018\/03\/Acidente-na-estrada-de-Vermelho-deixa-dois-mortos-e-quatro-feridos.jpg\" alt=\"\" width=\"640\" height=\"480\" srcset=\"https:\/\/anoticiaonline.com.br\/site\/wp-content\/uploads\/2018\/03\/Acidente-na-estrada-de-Vermelho-deixa-dois-mortos-e-quatro-feridos.jpg 640w, https:\/\/anoticiaonline.com.br\/site\/wp-content\/uploads\/2018\/03\/Acidente-na-estrada-de-Vermelho-deixa-dois-mortos-e-quatro-feridos-300x225.jpg 300w\" sizes=\"(max-width: 640px) 100vw, 640px\" \/><\/a> <a href=\"https:\/\/anoticiaonline.com.br\/site\/wp-content\/uploads\/2018\/03\/Acidente-na-estrada-de-Vermelho-deixa-dois-mortos-e-quatro-feridos-2.jpg\"><img decoding=\"async\" class=\"alignnone size-full wp-image-50887\" src=\"https:\/\/anoticiaonline.com.br\/site\/wp-content\/uploads\/2018\/03\/Acidente-na-estrada-de-Vermelho-deixa-dois-mortos-e-quatro-feridos-2.jpg\" alt=\"\" width=\"640\" height=\"480\" srcset=\"https:\/\/anoticiaonline.com.br\/site\/wp-content\/uploads\/2018\/03\/Acidente-na-estrada-de-Vermelho-deixa-dois-mortos-e-quatro-feridos-2.jpg 640w, https:\/\/anoticiaonline.com.br\/site\/wp-content\/uploads\/2018\/03\/Acidente-na-estrada-de-Vermelho-deixa-dois-mortos-e-quatro-feridos-2-300x225.jpg 300w\" sizes=\"(max-width: 640px) 100vw, 640px\" \/><\/a> <a href=\"https:\/\/anoticiaonline.com.br\/site\/wp-content\/uploads\/2018\/03\/Acidente-na-estrada-de-Vermelho-deixa-dois-mortos-e-quatro-feridos-3.jpg\"><img loading=\"lazy\" decoding=\"async\" class=\"alignnone size-full wp-image-50888\" src=\"https:\/\/anoticiaonline.com.br\/site\/wp-content\/uploads\/2018\/03\/Acidente-na-estrada-de-Vermelho-deixa-dois-mortos-e-quatro-feridos-3.jpg\" alt=\"\" width=\"640\" height=\"480\" srcset=\"https:\/\/anoticiaonline.com.br\/site\/wp-content\/uploads\/2018\/03\/Acidente-na-estrada-de-Vermelho-deixa-dois-mortos-e-quatro-feridos-3.jpg 640w, https:\/\/anoticiaonline.com.br\/site\/wp-content\/uploads\/2018\/03\/Acidente-na-estrada-de-Vermelho-deixa-dois-mortos-e-quatro-feridos-3-300x225.jpg 300w\" sizes=\"(max-width: 640px) 100vw, 640px\" \/><\/a><\/p>\n<p>Fonte: www.silvanalves.com.br<\/p>\n","protected":false},"excerpt":{"rendered":"<p>Um grave acidente, ocorrido na manh\u00e3 de quarta-feira (28), na BR-356, pr\u00f3ximo ao distrito de Vermelho, deixou mais uma v\u00edtima fatal, que faleceu no final do mesmo dia no Hospital S\u00e3o Paulo, as outras duas v\u00edtimas morreram no local do acidente. Outras tr\u00eas pessoas ficaram feridas. Segundo informa\u00e7\u00f5es, a batida, que envolveu tr\u00eas ve\u00edculos, resultou &#8230; <a title=\"Morre terceira v\u00edtima do acidente na estrada de Vermelho\" class=\"read-more\" href=\"https:\/\/anoticiaonline.com.br\/site\/morre-terceira-vitima-do-acidente-na-estrada-de-vermelho\/\" aria-label=\"Read more about Morre terceira v\u00edtima do acidente na estrada de Vermelho\">Ler mais<\/a><\/p>\n","protected":false},"author":2,"featured_media":50889,"comment_status":"open","ping_status":"open","sticky":false,"template":"","format":"standard","meta":{"_acf_changed":false,"_monsterinsights_skip_tracking":false,"footnotes":""},"categories":[30],"tags":[433,74,674,2069],"class_list":["post-50885","post","type-post","status-publish","format-standard","has-post-thumbnail","hentry","category-muriae","tag-acidente","tag-muriae","tag-vermelho","tag-vitima"],"acf":[],"aioseo_notices":[],"aioseo_head":"\n\t\t<!-- All in One SEO 5.0.0.1 - aioseo.com -->\n\t<meta name=\"description\" content=\"Um grave acidente, ocorrido na manh\u00e3 de quarta-feira (28), na BR-356, pr\u00f3ximo ao distrito de Vermelho, deixou mais uma v\u00edtima fatal, que faleceu no final do mesmo dia no Hospital S\u00e3o Paulo, as outras duas v\u00edtimas morreram no local do acidente. Outras tr\u00eas pessoas ficaram feridas. Segundo informa\u00e7\u00f5es, a batida, que envolveu tr\u00eas ve\u00edculos, resultou\" \/>\n\t<meta name=\"robots\" content=\"max-image-preview:large\" \/>\n\t<meta name=\"author\" content=\"Juliana Laviola\"\/>\n\t<link rel=\"canonical\" href=\"https:\/\/anoticiaonline.com.br\/site\/morre-terceira-vitima-do-acidente-na-estrada-de-vermelho\/\" \/>\n\t<meta name=\"generator\" content=\"All in One SEO (AIOSEO) 5.0.0.1\" \/>\n\t\t<meta property=\"og:locale\" content=\"pt_BR\" \/>\n\t\t<meta property=\"og:site_name\" content=\"A Not\u00edcia Online - Noticias de Muria\u00e9 e regi\u00e3o\" \/>\n\t\t<meta property=\"og:type\" content=\"article\" \/>\n\t\t<meta property=\"og:title\" content=\"Morre terceira v\u00edtima do acidente na estrada de Vermelho - A Not\u00edcia Online\" \/>\n\t\t<meta property=\"og:description\" content=\"Um grave acidente, ocorrido na manh\u00e3 de quarta-feira (28), na BR-356, pr\u00f3ximo ao distrito de Vermelho, deixou mais uma v\u00edtima fatal, que faleceu no final do mesmo dia no Hospital S\u00e3o Paulo, as outras duas v\u00edtimas morreram no local do acidente. Outras tr\u00eas pessoas ficaram feridas. Segundo informa\u00e7\u00f5es, a batida, que envolveu tr\u00eas ve\u00edculos, resultou\" \/>\n\t\t<meta property=\"og:url\" content=\"https:\/\/anoticiaonline.com.br\/site\/morre-terceira-vitima-do-acidente-na-estrada-de-vermelho\/\" \/>\n\t\t<meta property=\"og:image\" content=\"https:\/\/scontent-gig4-1.xx.fbcdn.net\/v\/t39.30808-1\/270437624_4564083193639691_6907940295614233970_n.jpg?stp=dst-jpg_s200x200_tt6&#038;_nc_cat=111&#038;ccb=1-7&#038;_nc_sid=f907e8&#038;_nc_ohc=SM1wRlP3lJwQ7kNvwEPuBYA&#038;_nc_oc=AdnqrjDN_BNjSSHWO-GbkIWH6fkGMLw4bqvL_NH6e2wMveX7G-rP2dAqsDSq1mJMOaY&#038;_nc_zt=24&#038;_nc_ht=scontent-gig4-1.xx&#038;_nc_gid=AoBFJeGrT1hVaew_6rchkQ&#038;oh=00_AfX7QmFGhQhG2jAllVgXCiM1ZrWgvtp80-Bfppyexh1QEg&#038;oe=689E923C\" \/>\n\t\t<meta property=\"og:image:secure_url\" content=\"https:\/\/scontent-gig4-1.xx.fbcdn.net\/v\/t39.30808-1\/270437624_4564083193639691_6907940295614233970_n.jpg?stp=dst-jpg_s200x200_tt6&#038;_nc_cat=111&#038;ccb=1-7&#038;_nc_sid=f907e8&#038;_nc_ohc=SM1wRlP3lJwQ7kNvwEPuBYA&#038;_nc_oc=AdnqrjDN_BNjSSHWO-GbkIWH6fkGMLw4bqvL_NH6e2wMveX7G-rP2dAqsDSq1mJMOaY&#038;_nc_zt=24&#038;_nc_ht=scontent-gig4-1.xx&#038;_nc_gid=AoBFJeGrT1hVaew_6rchkQ&#038;oh=00_AfX7QmFGhQhG2jAllVgXCiM1ZrWgvtp80-Bfppyexh1QEg&#038;oe=689E923C\" \/>\n\t\t<meta property=\"article:published_time\" content=\"2018-03-01T20:43:34+00:00\" \/>\n\t\t<meta property=\"article:modified_time\" content=\"2018-03-01T20:43:34+00:00\" \/>\n\t\t<meta name=\"twitter:card\" content=\"summary_large_image\" \/>\n\t\t<meta name=\"twitter:title\" content=\"Morre terceira v\u00edtima do acidente na estrada de Vermelho - A Not\u00edcia Online\" \/>\n\t\t<meta name=\"twitter:description\" content=\"Um grave acidente, ocorrido na manh\u00e3 de quarta-feira (28), na BR-356, pr\u00f3ximo ao distrito de Vermelho, deixou mais uma v\u00edtima fatal, que faleceu no final do mesmo dia no Hospital S\u00e3o Paulo, as outras duas v\u00edtimas morreram no local do acidente. Outras tr\u00eas pessoas ficaram feridas. Segundo informa\u00e7\u00f5es, a batida, que envolveu tr\u00eas ve\u00edculos, resultou\" \/>\n\t\t<meta name=\"twitter:image\" content=\"https:\/\/scontent-gig4-1.xx.fbcdn.net\/v\/t39.30808-1\/270437624_4564083193639691_6907940295614233970_n.jpg?stp=dst-jpg_s200x200_tt6&amp;_nc_cat=111&amp;ccb=1-7&amp;_nc_sid=f907e8&amp;_nc_ohc=SM1wRlP3lJwQ7kNvwEPuBYA&amp;_nc_oc=AdnqrjDN_BNjSSHWO-GbkIWH6fkGMLw4bqvL_NH6e2wMveX7G-rP2dAqsDSq1mJMOaY&amp;_nc_zt=24&amp;_nc_ht=scontent-gig4-1.xx&amp;_nc_gid=AoBFJeGrT1hVaew_6rchkQ&amp;oh=00_AfX7QmFGhQhG2jAllVgXCiM1ZrWgvtp80-Bfppyexh1QEg&amp;oe=689E923C\" \/>\n\t\t<script type=\"application\/ld+json\" class=\"aioseo-schema\">\n\t\t\t{\"@context\":\"https:\\\/\\\/schema.org\",\"@graph\":[{\"@type\":\"BlogPosting\",\"@id\":\"https:\\\/\\\/anoticiaonline.com.br\\\/site\\\/morre-terceira-vitima-do-acidente-na-estrada-de-vermelho\\\/#blogposting\",\"name\":\"Morre terceira v\\u00edtima do acidente na estrada de Vermelho - A Not\\u00edcia Online\",\"headline\":\"Morre terceira v\\u00edtima do acidente na estrada de Vermelho\",\"author\":{\"@id\":\"https:\\\/\\\/anoticiaonline.com.br\\\/site\\\/author\\\/juliana\\\/#author\"},\"publisher\":{\"@id\":\"https:\\\/\\\/anoticiaonline.com.br\\\/site\\\/#organization\"},\"image\":{\"@type\":\"ImageObject\",\"url\":\"https:\\\/\\\/anoticiaonline.com.br\\\/site\\\/wp-content\\\/uploads\\\/2018\\\/03\\\/Morre-terceira-v\\u00edtima-do-acidente-na-estrada-de-Vermelho-5.jpeg\",\"width\":640,\"height\":427,\"caption\":\"Isael Ramos Pinto, terceira v\\u00edtima fatal do tr\\u00e1gico acidente.\"},\"datePublished\":\"2018-03-01T17:43:34-03:00\",\"dateModified\":\"2018-03-01T17:43:34-03:00\",\"inLanguage\":\"pt-BR\",\"mainEntityOfPage\":{\"@id\":\"https:\\\/\\\/anoticiaonline.com.br\\\/site\\\/morre-terceira-vitima-do-acidente-na-estrada-de-vermelho\\\/#webpage\"},\"isPartOf\":{\"@id\":\"https:\\\/\\\/anoticiaonline.com.br\\\/site\\\/morre-terceira-vitima-do-acidente-na-estrada-de-vermelho\\\/#webpage\"},\"articleSection\":\"Blog, acidente, Muria\\u00e9, Vermelho, vitima\"},{\"@type\":\"BreadcrumbList\",\"@id\":\"https:\\\/\\\/anoticiaonline.com.br\\\/site\\\/morre-terceira-vitima-do-acidente-na-estrada-de-vermelho\\\/#breadcrumblist\",\"itemListElement\":[{\"@type\":\"ListItem\",\"@id\":\"https:\\\/\\\/anoticiaonline.com.br\\\/site#listItem\",\"position\":1,\"name\":\"Home\",\"item\":\"https:\\\/\\\/anoticiaonline.com.br\\\/site\",\"nextItem\":{\"@type\":\"ListItem\",\"@id\":\"https:\\\/\\\/anoticiaonline.com.br\\\/site\\\/categoria\\\/muriae\\\/#listItem\",\"name\":\"Blog\"}},{\"@type\":\"ListItem\",\"@id\":\"https:\\\/\\\/anoticiaonline.com.br\\\/site\\\/categoria\\\/muriae\\\/#listItem\",\"position\":2,\"name\":\"Blog\",\"item\":\"https:\\\/\\\/anoticiaonline.com.br\\\/site\\\/categoria\\\/muriae\\\/\",\"nextItem\":{\"@type\":\"ListItem\",\"@id\":\"https:\\\/\\\/anoticiaonline.com.br\\\/site\\\/morre-terceira-vitima-do-acidente-na-estrada-de-vermelho\\\/#listItem\",\"name\":\"Morre terceira v\\u00edtima do acidente na estrada de Vermelho\"},\"previousItem\":{\"@type\":\"ListItem\",\"@id\":\"https:\\\/\\\/anoticiaonline.com.br\\\/site#listItem\",\"name\":\"Home\"}},{\"@type\":\"ListItem\",\"@id\":\"https:\\\/\\\/anoticiaonline.com.br\\\/site\\\/morre-terceira-vitima-do-acidente-na-estrada-de-vermelho\\\/#listItem\",\"position\":3,\"name\":\"Morre terceira v\\u00edtima do acidente na estrada de Vermelho\",\"previousItem\":{\"@type\":\"ListItem\",\"@id\":\"https:\\\/\\\/anoticiaonline.com.br\\\/site\\\/categoria\\\/muriae\\\/#listItem\",\"name\":\"Blog\"}}]},{\"@type\":\"Organization\",\"@id\":\"https:\\\/\\\/anoticiaonline.com.br\\\/site\\\/#organization\",\"name\":\"A Not\\u00edcia Online\",\"description\":\"Noticias de Muria\\u00e9 e regi\\u00e3o\",\"url\":\"https:\\\/\\\/anoticiaonline.com.br\\\/site\\\/\",\"logo\":{\"@type\":\"ImageObject\",\"url\":\"https:\\\/\\\/scontent-gig4-1.xx.fbcdn.net\\\/v\\\/t39.30808-1\\\/270437624_4564083193639691_6907940295614233970_n.jpg?stp=dst-jpg_s200x200_tt6&_nc_cat=111&ccb=1-7&_nc_sid=f907e8&_nc_ohc=SM1wRlP3lJwQ7kNvwEPuBYA&_nc_oc=AdnqrjDN_BNjSSHWO-GbkIWH6fkGMLw4bqvL_NH6e2wMveX7G-rP2dAqsDSq1mJMOaY&_nc_zt=24&_nc_ht=scontent-gig4-1.xx&_nc_gid=AoBFJeGrT1hVaew_6rchkQ&oh=00_AfX7QmFGhQhG2jAllVgXCiM1ZrWgvtp80-Bfppyexh1QEg&oe=689E923C\",\"@id\":\"https:\\\/\\\/anoticiaonline.com.br\\\/site\\\/morre-terceira-vitima-do-acidente-na-estrada-de-vermelho\\\/#organizationLogo\"},\"image\":{\"@id\":\"https:\\\/\\\/anoticiaonline.com.br\\\/site\\\/morre-terceira-vitima-do-acidente-na-estrada-de-vermelho\\\/#organizationLogo\"}},{\"@type\":\"Person\",\"@id\":\"https:\\\/\\\/anoticiaonline.com.br\\\/site\\\/author\\\/juliana\\\/#author\",\"url\":\"https:\\\/\\\/anoticiaonline.com.br\\\/site\\\/author\\\/juliana\\\/\",\"name\":\"Juliana Laviola\",\"image\":{\"@type\":\"ImageObject\",\"@id\":\"https:\\\/\\\/anoticiaonline.com.br\\\/site\\\/morre-terceira-vitima-do-acidente-na-estrada-de-vermelho\\\/#authorImage\",\"url\":\"https:\\\/\\\/secure.gravatar.com\\\/avatar\\\/b8d45f5c699b100dfaf0e543582f38f38bf94cb7ae3a5e9abf8d891a34773335?s=96&d=mm&r=g\",\"width\":96,\"height\":96,\"caption\":\"Juliana Laviola\"}},{\"@type\":\"WebPage\",\"@id\":\"https:\\\/\\\/anoticiaonline.com.br\\\/site\\\/morre-terceira-vitima-do-acidente-na-estrada-de-vermelho\\\/#webpage\",\"url\":\"https:\\\/\\\/anoticiaonline.com.br\\\/site\\\/morre-terceira-vitima-do-acidente-na-estrada-de-vermelho\\\/\",\"name\":\"Morre terceira v\\u00edtima do acidente na estrada de Vermelho - A Not\\u00edcia Online\",\"description\":\"Um grave acidente, ocorrido na manh\\u00e3 de quarta-feira (28), na BR-356, pr\\u00f3ximo ao distrito de Vermelho, deixou mais uma v\\u00edtima fatal, que faleceu no final do mesmo dia no Hospital S\\u00e3o Paulo, as outras duas v\\u00edtimas morreram no local do acidente. Outras tr\\u00eas pessoas ficaram feridas. Segundo informa\\u00e7\\u00f5es, a batida, que envolveu tr\\u00eas ve\\u00edculos, resultou\",\"inLanguage\":\"pt-BR\",\"isPartOf\":{\"@id\":\"https:\\\/\\\/anoticiaonline.com.br\\\/site\\\/#website\"},\"breadcrumb\":{\"@id\":\"https:\\\/\\\/anoticiaonline.com.br\\\/site\\\/morre-terceira-vitima-do-acidente-na-estrada-de-vermelho\\\/#breadcrumblist\"},\"author\":{\"@id\":\"https:\\\/\\\/anoticiaonline.com.br\\\/site\\\/author\\\/juliana\\\/#author\"},\"creator\":{\"@id\":\"https:\\\/\\\/anoticiaonline.com.br\\\/site\\\/author\\\/juliana\\\/#author\"},\"image\":{\"@type\":\"ImageObject\",\"url\":\"https:\\\/\\\/anoticiaonline.com.br\\\/site\\\/wp-content\\\/uploads\\\/2018\\\/03\\\/Morre-terceira-v\\u00edtima-do-acidente-na-estrada-de-Vermelho-5.jpeg\",\"@id\":\"https:\\\/\\\/anoticiaonline.com.br\\\/site\\\/morre-terceira-vitima-do-acidente-na-estrada-de-vermelho\\\/#mainImage\",\"width\":640,\"height\":427,\"caption\":\"Isael Ramos Pinto, terceira v\\u00edtima fatal do tr\\u00e1gico acidente.\"},\"primaryImageOfPage\":{\"@id\":\"https:\\\/\\\/anoticiaonline.com.br\\\/site\\\/morre-terceira-vitima-do-acidente-na-estrada-de-vermelho\\\/#mainImage\"},\"datePublished\":\"2018-03-01T17:43:34-03:00\",\"dateModified\":\"2018-03-01T17:43:34-03:00\"},{\"@type\":\"WebSite\",\"@id\":\"https:\\\/\\\/anoticiaonline.com.br\\\/site\\\/#website\",\"url\":\"https:\\\/\\\/anoticiaonline.com.br\\\/site\\\/\",\"name\":\"A Not\\u00edcia Online\",\"description\":\"Noticias de Muria\\u00e9 e regi\\u00e3o\",\"inLanguage\":\"pt-BR\",\"publisher\":{\"@id\":\"https:\\\/\\\/anoticiaonline.com.br\\\/site\\\/#organization\"}}]}\n\t\t<\/script>\n\t\t<!-- All in One SEO -->\n\n","aioseo_head_json":{"title":"Morre terceira v\u00edtima do acidente na estrada de Vermelho - A Not\u00edcia Online","description":"Um grave acidente, ocorrido na manh\u00e3 de quarta-feira (28), na BR-356, pr\u00f3ximo ao distrito de Vermelho, deixou mais uma v\u00edtima fatal, que faleceu no final do mesmo dia no Hospital S\u00e3o Paulo, as outras duas v\u00edtimas morreram no local do acidente. Outras tr\u00eas pessoas ficaram feridas. Segundo informa\u00e7\u00f5es, a batida, que envolveu tr\u00eas ve\u00edculos, resultou","canonical_url":"https:\/\/anoticiaonline.com.br\/site\/morre-terceira-vitima-do-acidente-na-estrada-de-vermelho\/","robots":"max-image-preview:large","keywords":"","webmasterTools":{"miscellaneous":""},"schema":{"@context":"https:\/\/schema.org","@graph":[{"@type":"BlogPosting","@id":"https:\/\/anoticiaonline.com.br\/site\/morre-terceira-vitima-do-acidente-na-estrada-de-vermelho\/#blogposting","name":"Morre terceira v\u00edtima do acidente na estrada de Vermelho - A Not\u00edcia Online","headline":"Morre terceira v\u00edtima do acidente na estrada de Vermelho","author":{"@id":"https:\/\/anoticiaonline.com.br\/site\/author\/juliana\/#author"},"publisher":{"@id":"https:\/\/anoticiaonline.com.br\/site\/#organization"},"image":{"@type":"ImageObject","url":"https:\/\/anoticiaonline.com.br\/site\/wp-content\/uploads\/2018\/03\/Morre-terceira-v\u00edtima-do-acidente-na-estrada-de-Vermelho-5.jpeg","width":640,"height":427,"caption":"Isael Ramos Pinto, terceira v\u00edtima fatal do tr\u00e1gico acidente."},"datePublished":"2018-03-01T17:43:34-03:00","dateModified":"2018-03-01T17:43:34-03:00","inLanguage":"pt-BR","mainEntityOfPage":{"@id":"https:\/\/anoticiaonline.com.br\/site\/morre-terceira-vitima-do-acidente-na-estrada-de-vermelho\/#webpage"},"isPartOf":{"@id":"https:\/\/anoticiaonline.com.br\/site\/morre-terceira-vitima-do-acidente-na-estrada-de-vermelho\/#webpage"},"articleSection":"Blog, acidente, Muria\u00e9, Vermelho, vitima"},{"@type":"BreadcrumbList","@id":"https:\/\/anoticiaonline.com.br\/site\/morre-terceira-vitima-do-acidente-na-estrada-de-vermelho\/#breadcrumblist","itemListElement":[{"@type":"ListItem","@id":"https:\/\/anoticiaonline.com.br\/site#listItem","position":1,"name":"Home","item":"https:\/\/anoticiaonline.com.br\/site","nextItem":{"@type":"ListItem","@id":"https:\/\/anoticiaonline.com.br\/site\/categoria\/muriae\/#listItem","name":"Blog"}},{"@type":"ListItem","@id":"https:\/\/anoticiaonline.com.br\/site\/categoria\/muriae\/#listItem","position":2,"name":"Blog","item":"https:\/\/anoticiaonline.com.br\/site\/categoria\/muriae\/","nextItem":{"@type":"ListItem","@id":"https:\/\/anoticiaonline.com.br\/site\/morre-terceira-vitima-do-acidente-na-estrada-de-vermelho\/#listItem","name":"Morre terceira v\u00edtima do acidente na estrada de Vermelho"},"previousItem":{"@type":"ListItem","@id":"https:\/\/anoticiaonline.com.br\/site#listItem","name":"Home"}},{"@type":"ListItem","@id":"https:\/\/anoticiaonline.com.br\/site\/morre-terceira-vitima-do-acidente-na-estrada-de-vermelho\/#listItem","position":3,"name":"Morre terceira v\u00edtima do acidente na estrada de Vermelho","previousItem":{"@type":"ListItem","@id":"https:\/\/anoticiaonline.com.br\/site\/categoria\/muriae\/#listItem","name":"Blog"}}]},{"@type":"Organization","@id":"https:\/\/anoticiaonline.com.br\/site\/#organization","name":"A Not\u00edcia Online","description":"Noticias de Muria\u00e9 e regi\u00e3o","url":"https:\/\/anoticiaonline.com.br\/site\/","logo":{"@type":"ImageObject","url":"https:\/\/scontent-gig4-1.xx.fbcdn.net\/v\/t39.30808-1\/270437624_4564083193639691_6907940295614233970_n.jpg?stp=dst-jpg_s200x200_tt6&_nc_cat=111&ccb=1-7&_nc_sid=f907e8&_nc_ohc=SM1wRlP3lJwQ7kNvwEPuBYA&_nc_oc=AdnqrjDN_BNjSSHWO-GbkIWH6fkGMLw4bqvL_NH6e2wMveX7G-rP2dAqsDSq1mJMOaY&_nc_zt=24&_nc_ht=scontent-gig4-1.xx&_nc_gid=AoBFJeGrT1hVaew_6rchkQ&oh=00_AfX7QmFGhQhG2jAllVgXCiM1ZrWgvtp80-Bfppyexh1QEg&oe=689E923C","@id":"https:\/\/anoticiaonline.com.br\/site\/morre-terceira-vitima-do-acidente-na-estrada-de-vermelho\/#organizationLogo"},"image":{"@id":"https:\/\/anoticiaonline.com.br\/site\/morre-terceira-vitima-do-acidente-na-estrada-de-vermelho\/#organizationLogo"}},{"@type":"Person","@id":"https:\/\/anoticiaonline.com.br\/site\/author\/juliana\/#author","url":"https:\/\/anoticiaonline.com.br\/site\/author\/juliana\/","name":"Juliana Laviola","image":{"@type":"ImageObject","@id":"https:\/\/anoticiaonline.com.br\/site\/morre-terceira-vitima-do-acidente-na-estrada-de-vermelho\/#authorImage","url":"https:\/\/secure.gravatar.com\/avatar\/b8d45f5c699b100dfaf0e543582f38f38bf94cb7ae3a5e9abf8d891a34773335?s=96&d=mm&r=g","width":96,"height":96,"caption":"Juliana Laviola"}},{"@type":"WebPage","@id":"https:\/\/anoticiaonline.com.br\/site\/morre-terceira-vitima-do-acidente-na-estrada-de-vermelho\/#webpage","url":"https:\/\/anoticiaonline.com.br\/site\/morre-terceira-vitima-do-acidente-na-estrada-de-vermelho\/","name":"Morre terceira v\u00edtima do acidente na estrada de Vermelho - A Not\u00edcia Online","description":"Um grave acidente, ocorrido na manh\u00e3 de quarta-feira (28), na BR-356, pr\u00f3ximo ao distrito de Vermelho, deixou mais uma v\u00edtima fatal, que faleceu no final do mesmo dia no Hospital S\u00e3o Paulo, as outras duas v\u00edtimas morreram no local do acidente. Outras tr\u00eas pessoas ficaram feridas. Segundo informa\u00e7\u00f5es, a batida, que envolveu tr\u00eas ve\u00edculos, resultou","inLanguage":"pt-BR","isPartOf":{"@id":"https:\/\/anoticiaonline.com.br\/site\/#website"},"breadcrumb":{"@id":"https:\/\/anoticiaonline.com.br\/site\/morre-terceira-vitima-do-acidente-na-estrada-de-vermelho\/#breadcrumblist"},"author":{"@id":"https:\/\/anoticiaonline.com.br\/site\/author\/juliana\/#author"},"creator":{"@id":"https:\/\/anoticiaonline.com.br\/site\/author\/juliana\/#author"},"image":{"@type":"ImageObject","url":"https:\/\/anoticiaonline.com.br\/site\/wp-content\/uploads\/2018\/03\/Morre-terceira-v\u00edtima-do-acidente-na-estrada-de-Vermelho-5.jpeg","@id":"https:\/\/anoticiaonline.com.br\/site\/morre-terceira-vitima-do-acidente-na-estrada-de-vermelho\/#mainImage","width":640,"height":427,"caption":"Isael Ramos Pinto, terceira v\u00edtima fatal do tr\u00e1gico acidente."},"primaryImageOfPage":{"@id":"https:\/\/anoticiaonline.com.br\/site\/morre-terceira-vitima-do-acidente-na-estrada-de-vermelho\/#mainImage"},"datePublished":"2018-03-01T17:43:34-03:00","dateModified":"2018-03-01T17:43:34-03:00"},{"@type":"WebSite","@id":"https:\/\/anoticiaonline.com.br\/site\/#website","url":"https:\/\/anoticiaonline.com.br\/site\/","name":"A Not\u00edcia Online","description":"Noticias de Muria\u00e9 e regi\u00e3o","inLanguage":"pt-BR","publisher":{"@id":"https:\/\/anoticiaonline.com.br\/site\/#organization"}}]},"og:locale":"pt_BR","og:site_name":"A Not\u00edcia Online - Noticias de Muria\u00e9 e regi\u00e3o","og:type":"article","og:title":"Morre terceira v\u00edtima do acidente na estrada de Vermelho - A Not\u00edcia Online","og:description":"Um grave acidente, ocorrido na manh\u00e3 de quarta-feira (28), na BR-356, pr\u00f3ximo ao distrito de Vermelho, deixou mais uma v\u00edtima fatal, que faleceu no final do mesmo dia no Hospital S\u00e3o Paulo, as outras duas v\u00edtimas morreram no local do acidente. Outras tr\u00eas pessoas ficaram feridas. Segundo informa\u00e7\u00f5es, a batida, que envolveu tr\u00eas ve\u00edculos, resultou","og:url":"https:\/\/anoticiaonline.com.br\/site\/morre-terceira-vitima-do-acidente-na-estrada-de-vermelho\/","og:image":"https:\/\/scontent-gig4-1.xx.fbcdn.net\/v\/t39.30808-1\/270437624_4564083193639691_6907940295614233970_n.jpg?stp=dst-jpg_s200x200_tt6&#038;_nc_cat=111&#038;ccb=1-7&#038;_nc_sid=f907e8&#038;_nc_ohc=SM1wRlP3lJwQ7kNvwEPuBYA&#038;_nc_oc=AdnqrjDN_BNjSSHWO-GbkIWH6fkGMLw4bqvL_NH6e2wMveX7G-rP2dAqsDSq1mJMOaY&#038;_nc_zt=24&#038;_nc_ht=scontent-gig4-1.xx&#038;_nc_gid=AoBFJeGrT1hVaew_6rchkQ&#038;oh=00_AfX7QmFGhQhG2jAllVgXCiM1ZrWgvtp80-Bfppyexh1QEg&#038;oe=689E923C","og:image:secure_url":"https:\/\/scontent-gig4-1.xx.fbcdn.net\/v\/t39.30808-1\/270437624_4564083193639691_6907940295614233970_n.jpg?stp=dst-jpg_s200x200_tt6&#038;_nc_cat=111&#038;ccb=1-7&#038;_nc_sid=f907e8&#038;_nc_ohc=SM1wRlP3lJwQ7kNvwEPuBYA&#038;_nc_oc=AdnqrjDN_BNjSSHWO-GbkIWH6fkGMLw4bqvL_NH6e2wMveX7G-rP2dAqsDSq1mJMOaY&#038;_nc_zt=24&#038;_nc_ht=scontent-gig4-1.xx&#038;_nc_gid=AoBFJeGrT1hVaew_6rchkQ&#038;oh=00_AfX7QmFGhQhG2jAllVgXCiM1ZrWgvtp80-Bfppyexh1QEg&#038;oe=689E923C","article:published_time":"2018-03-01T20:43:34+00:00","article:modified_time":"2018-03-01T20:43:34+00:00","twitter:card":"summary_large_image","twitter:title":"Morre terceira v\u00edtima do acidente na estrada de Vermelho - A Not\u00edcia Online","twitter:description":"Um grave acidente, ocorrido na manh\u00e3 de quarta-feira (28), na BR-356, pr\u00f3ximo ao distrito de Vermelho, deixou mais uma v\u00edtima fatal, que faleceu no final do mesmo dia no Hospital S\u00e3o Paulo, as outras duas v\u00edtimas morreram no local do acidente. Outras tr\u00eas pessoas ficaram feridas. Segundo informa\u00e7\u00f5es, a batida, que envolveu tr\u00eas ve\u00edculos, resultou","twitter:image":"https:\/\/scontent-gig4-1.xx.fbcdn.net\/v\/t39.30808-1\/270437624_4564083193639691_6907940295614233970_n.jpg?stp=dst-jpg_s200x200_tt6&_nc_cat=111&ccb=1-7&_nc_sid=f907e8&_nc_ohc=SM1wRlP3lJwQ7kNvwEPuBYA&_nc_oc=AdnqrjDN_BNjSSHWO-GbkIWH6fkGMLw4bqvL_NH6e2wMveX7G-rP2dAqsDSq1mJMOaY&_nc_zt=24&_nc_ht=scontent-gig4-1.xx&_nc_gid=AoBFJeGrT1hVaew_6rchkQ&oh=00_AfX7QmFGhQhG2jAllVgXCiM1ZrWgvtp80-Bfppyexh1QEg&oe=689E923C"},"aioseo_meta_data":{"post_id":"50885","title":null,"description":null,"keywords":null,"keyphrases":null,"primary_term":null,"canonical_url":null,"og_title":null,"og_description":null,"og_object_type":"default","og_image_type":"default","og_image_url":null,"og_image_width":null,"og_image_height":null,"og_image_custom_url":null,"og_image_custom_fields":null,"og_video":null,"og_custom_url":null,"og_article_section":null,"og_article_tags":null,"twitter_use_og":false,"twitter_card":"default","twitter_image_type":"default","twitter_image_url":null,"twitter_image_custom_url":null,"twitter_image_custom_fields":null,"twitter_title":null,"twitter_description":null,"schema":{"blockGraphs":[],"customGraphs":[],"default":{"data":{"Article":[],"Course":[],"Dataset":[],"FAQPage":[],"Movie":[],"Person":[],"Product":[],"ProductReview":[],"Car":[],"Recipe":[],"Service":[],"SoftwareApplication":[],"WebPage":[]},"graphName":"","isEnabled":true},"graphs":[]},"schema_type":"default","schema_type_options":null,"pillar_content":false,"robots_default":true,"robots_noindex":false,"robots_noarchive":false,"robots_nosnippet":false,"robots_nofollow":false,"robots_noimageindex":false,"robots_noodp":false,"robots_notranslate":false,"robots_max_snippet":null,"robots_max_videopreview":null,"robots_max_imagepreview":"large","priority":null,"frequency":null,"local_seo":null,"breadcrumb_settings":null,"limit_modified_date":false,"ai":null,"created":"2025-08-16 20:24:53","updated":"2025-08-16 20:24:53","focus_keyword":null,"additional_keywords":null,"truseo_locale":null,"seo_analyzer_scan_date":null},"aioseo_breadcrumb":"<div class=\"aioseo-breadcrumbs\"><span class=\"aioseo-breadcrumb\">\n\t\t\t<a href=\"https:\/\/anoticiaonline.com.br\/site\" title=\"Home\">Home<\/a>\n\t\t<\/span><span class=\"aioseo-breadcrumb-separator\">&raquo;<\/span><span class=\"aioseo-breadcrumb\">\n\t\t\t<a href=\"https:\/\/anoticiaonline.com.br\/site\/categoria\/muriae\/\" title=\"Blog\">Blog<\/a>\n\t\t<\/span><span class=\"aioseo-breadcrumb-separator\">&raquo;<\/span><span class=\"aioseo-breadcrumb\">\n\t\t\tMorre terceira v\u00edtima do acidente na estrada de Vermelho\n\t\t<\/span><\/div>","aioseo_breadcrumb_json":[{"label":"Home","link":"https:\/\/anoticiaonline.com.br\/site"},{"label":"Blog","link":"https:\/\/anoticiaonline.com.br\/site\/categoria\/muriae\/"},{"label":"Morre terceira v\u00edtima do acidente na estrada de Vermelho","link":"https:\/\/anoticiaonline.com.br\/site\/morre-terceira-vitima-do-acidente-na-estrada-de-vermelho\/"}],"views":148,"_links":{"self":[{"href":"https:\/\/anoticiaonline.com.br\/site\/wp-json\/wp\/v2\/posts\/50885","targetHints":{"allow":["GET"]}}],"collection":[{"href":"https:\/\/anoticiaonline.com.br\/site\/wp-json\/wp\/v2\/posts"}],"about":[{"href":"https:\/\/anoticiaonline.com.br\/site\/wp-json\/wp\/v2\/types\/post"}],"author":[{"embeddable":true,"href":"https:\/\/anoticiaonline.com.br\/site\/wp-json\/wp\/v2\/users\/2"}],"replies":[{"embeddable":true,"href":"https:\/\/anoticiaonline.com.br\/site\/wp-json\/wp\/v2\/comments?post=50885"}],"version-history":[{"count":0,"href":"https:\/\/anoticiaonline.com.br\/site\/wp-json\/wp\/v2\/posts\/50885\/revisions"}],"wp:featuredmedia":[{"embeddable":true,"href":"https:\/\/anoticiaonline.com.br\/site\/wp-json\/wp\/v2\/media\/50889"}],"wp:attachment":[{"href":"https:\/\/anoticiaonline.com.br\/site\/wp-json\/wp\/v2\/media?parent=50885"}],"wp:term":[{"taxonomy":"category","embeddable":true,"href":"https:\/\/anoticiaonline.com.br\/site\/wp-json\/wp\/v2\/categories?post=50885"},{"taxonomy":"post_tag","embeddable":true,"href":"https:\/\/anoticiaonline.com.br\/site\/wp-json\/wp\/v2\/tags?post=50885"}],"curies":[{"name":"wp","href":"https:\/\/api.w.org\/{rel}","templated":true}]}}