{"id":50872,"date":"2018-03-01T16:50:04","date_gmt":"2018-03-01T19:50:04","guid":{"rendered":"http:\/\/anoticiaonline.com.br\/site\/?p=50872"},"modified":"2018-03-01T16:50:04","modified_gmt":"2018-03-01T19:50:04","slug":"a-proliferacao-da-violencia","status":"publish","type":"post","link":"https:\/\/anoticiaonline.com.br\/site\/a-proliferacao-da-violencia\/","title":{"rendered":"A prolifera\u00e7\u00e3o da viol\u00eancia"},"content":{"rendered":"<p>Francisco Laviola\u00a0 &#8211; 28\/02\/2018<\/p>\n<p>Algo de muito s\u00e9rio anda acontecendo no nosso Brasil. Quando pensamos que j\u00e1 vimos acontecer de tudo, h\u00e1 sempre uma surpresa a mais oriunda do vasto repert\u00f3rio deste verdadeiro criat\u00f3rio de delinquentes existente em nosso pa\u00eds, espalhando a intranquilidade e o medo entre os cidad\u00e3os que constroem dignamente as suas fam\u00edlias com os seus trabalhos honrados.<\/p>\n<p>Temos sido testemunhas de como a criminalidade e a viol\u00eancia prolifera dentro da sociedade, brotando de todas as partes como uma erva daninha e sem controle, causando perplexidade at\u00e9 nas pr\u00f3prias autoridades, por causa do alto grau de aud\u00e1cia demonstrada por delinquentes de todos os g\u00eaneros e dos mais diferentes matizes, infiltrados no meio da popula\u00e7\u00e3o.<\/p>\n<p>Not\u00edcias veiculadas nos jornais d\u00e3o conta de que a cidade do Rio de Janeiro, por exemplo, fechou o m\u00eas de janeiro deste ano, com 688 tiroteios entre as fac\u00e7\u00f5es criminosas e a pol\u00edcia, uma verdadeira guerra travada nas suas favelas.<\/p>\n<p>J\u00e1 em S\u00e3o Paulo, segundo dados revelados pelo Minist\u00e9rio P\u00fablico paulista, o PCC, que \u00e9 a maior fac\u00e7\u00e3o criminosa do pa\u00eds, domina os pres\u00eddios, tem nos seus quadros mais de 11 mil integrantes ramificados em 22 estados da Federa\u00e7\u00e3o, com infiltra\u00e7\u00e3o nas pol\u00edcias civil e militar e fatura mais de R$ 100 milh\u00f5es por ano, com a comercializa\u00e7\u00e3o de armas e drogas.<\/p>\n<p>Que pa\u00eds \u00e9 este, meu Deus? At\u00e9 que ponto a sociedade ter\u00e1 que conviver com esta verdadeira calamidade p\u00fablica chamada inseguran\u00e7a? Como que os criminosos conseguem criar uma organiza\u00e7\u00e3o t\u00e3o forte e manter o seu QG dentro de penitenci\u00e1rias consideradas de seguran\u00e7a m\u00e1xima sem serem incomodados? Onde est\u00e3o os sistemas de intelig\u00eancia (intelig\u00eancia?) que n\u00e3o correspondem aos anseios da popula\u00e7\u00e3o?<\/p>\n<p>O governo federal acaba de criar o Minist\u00e9rio Extraordin\u00e1rio da Seguran\u00e7a P\u00fablica, com or\u00e7amento pr\u00f3prio.\u00a0 Embora esteja sendo criticada por quem tem o h\u00e1bito de fazer oposi\u00e7\u00e3o, sem d\u00favida, trata-se de uma medida que traz um pouco de esperan\u00e7a para minimizar o sofrimento da popula\u00e7\u00e3o. Em a\u00e7\u00e3o conjugada, o governo decretou tamb\u00e9m uma interven\u00e7\u00e3o federal na pol\u00edcia do estado do Rio de janeiro. S\u00e3o medidas que, derem resultados, trazem um pouco de alento para a sociedade, embora o Rio n\u00e3o seja o \u00fanico estado a enfrentar a viol\u00eancia.\u00a0 H\u00e1 de se considerar tamb\u00e9m que, al\u00e9m dessas medidas, \u00e9 de suma import\u00e2ncia o estudo de novos m\u00e9todos integrando um planejamento que envolva as \u00e1reas sociais, a educa\u00e7\u00e3o, e principalmente, uma assist\u00eancia ao trabalho, para que indiv\u00edduos sem ocupa\u00e7\u00e3o n\u00e3o se bandeiem para o crime.<\/p>\n<p>De qualquer forma, j\u00e1 \u00e9 um bom come\u00e7o, pois na situa\u00e7\u00e3o em que se encontra o pa\u00eds, a sociedade est\u00e1 clamando por socorro urgente.<\/p>\n","protected":false},"excerpt":{"rendered":"<p>Francisco Laviola\u00a0 &#8211; 28\/02\/2018 Algo de muito s\u00e9rio anda acontecendo no nosso Brasil. Quando pensamos que j\u00e1 vimos acontecer de tudo, h\u00e1 sempre uma surpresa a mais oriunda do vasto repert\u00f3rio deste verdadeiro criat\u00f3rio de delinquentes existente em nosso pa\u00eds, espalhando a intranquilidade e o medo entre os cidad\u00e3os que constroem dignamente as suas fam\u00edlias &#8230; <a title=\"A prolifera\u00e7\u00e3o da viol\u00eancia\" class=\"read-more\" href=\"https:\/\/anoticiaonline.com.br\/site\/a-proliferacao-da-violencia\/\" aria-label=\"Read more about A prolifera\u00e7\u00e3o da viol\u00eancia\">Ler mais<\/a><\/p>\n","protected":false},"author":2,"featured_media":0,"comment_status":"open","ping_status":"open","sticky":false,"template":"","format":"standard","meta":{"_acf_changed":false,"_monsterinsights_skip_tracking":false,"footnotes":""},"categories":[33],"tags":[],"class_list":["post-50872","post","type-post","status-publish","format-standard","hentry","category-politica-e-atualidades-francisco-laviola"],"acf":[],"aioseo_notices":[],"aioseo_head":"\n\t\t<!-- All in One SEO 5.0.0.1 - aioseo.com -->\n\t<meta name=\"description\" content=\"Francisco Laviola - 28\/02\/2018 Algo de muito s\u00e9rio anda acontecendo no nosso Brasil. Quando pensamos que j\u00e1 vimos acontecer de tudo, h\u00e1 sempre uma surpresa a mais oriunda do vasto repert\u00f3rio deste verdadeiro criat\u00f3rio de delinquentes existente em nosso pa\u00eds, espalhando a intranquilidade e o medo entre os cidad\u00e3os que constroem dignamente as suas fam\u00edlias\" \/>\n\t<meta name=\"robots\" content=\"max-image-preview:large\" \/>\n\t<meta name=\"author\" content=\"Juliana Laviola\"\/>\n\t<link rel=\"canonical\" href=\"https:\/\/anoticiaonline.com.br\/site\/a-proliferacao-da-violencia\/\" \/>\n\t<meta name=\"generator\" content=\"All in One SEO (AIOSEO) 5.0.0.1\" \/>\n\t\t<meta property=\"og:locale\" content=\"pt_BR\" \/>\n\t\t<meta property=\"og:site_name\" content=\"A Not\u00edcia Online - Noticias de Muria\u00e9 e regi\u00e3o\" \/>\n\t\t<meta property=\"og:type\" content=\"article\" \/>\n\t\t<meta property=\"og:title\" content=\"A prolifera\u00e7\u00e3o da viol\u00eancia - A Not\u00edcia Online\" \/>\n\t\t<meta property=\"og:description\" content=\"Francisco Laviola - 28\/02\/2018 Algo de muito s\u00e9rio anda acontecendo no nosso Brasil. Quando pensamos que j\u00e1 vimos acontecer de tudo, h\u00e1 sempre uma surpresa a mais oriunda do vasto repert\u00f3rio deste verdadeiro criat\u00f3rio de delinquentes existente em nosso pa\u00eds, espalhando a intranquilidade e o medo entre os cidad\u00e3os que constroem dignamente as suas fam\u00edlias\" \/>\n\t\t<meta property=\"og:url\" content=\"https:\/\/anoticiaonline.com.br\/site\/a-proliferacao-da-violencia\/\" \/>\n\t\t<meta property=\"og:image\" content=\"https:\/\/scontent-gig4-1.xx.fbcdn.net\/v\/t39.30808-1\/270437624_4564083193639691_6907940295614233970_n.jpg?stp=dst-jpg_s200x200_tt6&#038;_nc_cat=111&#038;ccb=1-7&#038;_nc_sid=f907e8&#038;_nc_ohc=SM1wRlP3lJwQ7kNvwEPuBYA&#038;_nc_oc=AdnqrjDN_BNjSSHWO-GbkIWH6fkGMLw4bqvL_NH6e2wMveX7G-rP2dAqsDSq1mJMOaY&#038;_nc_zt=24&#038;_nc_ht=scontent-gig4-1.xx&#038;_nc_gid=AoBFJeGrT1hVaew_6rchkQ&#038;oh=00_AfX7QmFGhQhG2jAllVgXCiM1ZrWgvtp80-Bfppyexh1QEg&#038;oe=689E923C\" \/>\n\t\t<meta property=\"og:image:secure_url\" content=\"https:\/\/scontent-gig4-1.xx.fbcdn.net\/v\/t39.30808-1\/270437624_4564083193639691_6907940295614233970_n.jpg?stp=dst-jpg_s200x200_tt6&#038;_nc_cat=111&#038;ccb=1-7&#038;_nc_sid=f907e8&#038;_nc_ohc=SM1wRlP3lJwQ7kNvwEPuBYA&#038;_nc_oc=AdnqrjDN_BNjSSHWO-GbkIWH6fkGMLw4bqvL_NH6e2wMveX7G-rP2dAqsDSq1mJMOaY&#038;_nc_zt=24&#038;_nc_ht=scontent-gig4-1.xx&#038;_nc_gid=AoBFJeGrT1hVaew_6rchkQ&#038;oh=00_AfX7QmFGhQhG2jAllVgXCiM1ZrWgvtp80-Bfppyexh1QEg&#038;oe=689E923C\" \/>\n\t\t<meta property=\"article:published_time\" content=\"2018-03-01T19:50:04+00:00\" \/>\n\t\t<meta property=\"article:modified_time\" content=\"2018-03-01T19:50:04+00:00\" \/>\n\t\t<meta name=\"twitter:card\" content=\"summary_large_image\" \/>\n\t\t<meta name=\"twitter:title\" content=\"A prolifera\u00e7\u00e3o da viol\u00eancia - A Not\u00edcia Online\" \/>\n\t\t<meta name=\"twitter:description\" content=\"Francisco Laviola - 28\/02\/2018 Algo de muito s\u00e9rio anda acontecendo no nosso Brasil. Quando pensamos que j\u00e1 vimos acontecer de tudo, h\u00e1 sempre uma surpresa a mais oriunda do vasto repert\u00f3rio deste verdadeiro criat\u00f3rio de delinquentes existente em nosso pa\u00eds, espalhando a intranquilidade e o medo entre os cidad\u00e3os que constroem dignamente as suas fam\u00edlias\" \/>\n\t\t<meta name=\"twitter:image\" content=\"https:\/\/scontent-gig4-1.xx.fbcdn.net\/v\/t39.30808-1\/270437624_4564083193639691_6907940295614233970_n.jpg?stp=dst-jpg_s200x200_tt6&amp;_nc_cat=111&amp;ccb=1-7&amp;_nc_sid=f907e8&amp;_nc_ohc=SM1wRlP3lJwQ7kNvwEPuBYA&amp;_nc_oc=AdnqrjDN_BNjSSHWO-GbkIWH6fkGMLw4bqvL_NH6e2wMveX7G-rP2dAqsDSq1mJMOaY&amp;_nc_zt=24&amp;_nc_ht=scontent-gig4-1.xx&amp;_nc_gid=AoBFJeGrT1hVaew_6rchkQ&amp;oh=00_AfX7QmFGhQhG2jAllVgXCiM1ZrWgvtp80-Bfppyexh1QEg&amp;oe=689E923C\" \/>\n\t\t<script type=\"application\/ld+json\" class=\"aioseo-schema\">\n\t\t\t{\"@context\":\"https:\\\/\\\/schema.org\",\"@graph\":[{\"@type\":\"BlogPosting\",\"@id\":\"https:\\\/\\\/anoticiaonline.com.br\\\/site\\\/a-proliferacao-da-violencia\\\/#blogposting\",\"name\":\"A prolifera\\u00e7\\u00e3o da viol\\u00eancia - A Not\\u00edcia Online\",\"headline\":\"A prolifera\\u00e7\\u00e3o da viol\\u00eancia\",\"author\":{\"@id\":\"https:\\\/\\\/anoticiaonline.com.br\\\/site\\\/author\\\/juliana\\\/#author\"},\"publisher\":{\"@id\":\"https:\\\/\\\/anoticiaonline.com.br\\\/site\\\/#organization\"},\"image\":{\"@type\":\"ImageObject\",\"url\":\"https:\\\/\\\/scontent-gig4-1.xx.fbcdn.net\\\/v\\\/t39.30808-1\\\/270437624_4564083193639691_6907940295614233970_n.jpg?stp=dst-jpg_s200x200_tt6&_nc_cat=111&ccb=1-7&_nc_sid=f907e8&_nc_ohc=SM1wRlP3lJwQ7kNvwEPuBYA&_nc_oc=AdnqrjDN_BNjSSHWO-GbkIWH6fkGMLw4bqvL_NH6e2wMveX7G-rP2dAqsDSq1mJMOaY&_nc_zt=24&_nc_ht=scontent-gig4-1.xx&_nc_gid=AoBFJeGrT1hVaew_6rchkQ&oh=00_AfX7QmFGhQhG2jAllVgXCiM1ZrWgvtp80-Bfppyexh1QEg&oe=689E923C\",\"@id\":\"https:\\\/\\\/anoticiaonline.com.br\\\/site\\\/#articleImage\"},\"datePublished\":\"2018-03-01T16:50:04-03:00\",\"dateModified\":\"2018-03-01T16:50:04-03:00\",\"inLanguage\":\"pt-BR\",\"mainEntityOfPage\":{\"@id\":\"https:\\\/\\\/anoticiaonline.com.br\\\/site\\\/a-proliferacao-da-violencia\\\/#webpage\"},\"isPartOf\":{\"@id\":\"https:\\\/\\\/anoticiaonline.com.br\\\/site\\\/a-proliferacao-da-violencia\\\/#webpage\"},\"articleSection\":\"Pol\\u00edtica e Atualidades - Francisco Laviola\"},{\"@type\":\"BreadcrumbList\",\"@id\":\"https:\\\/\\\/anoticiaonline.com.br\\\/site\\\/a-proliferacao-da-violencia\\\/#breadcrumblist\",\"itemListElement\":[{\"@type\":\"ListItem\",\"@id\":\"https:\\\/\\\/anoticiaonline.com.br\\\/site#listItem\",\"position\":1,\"name\":\"Home\",\"item\":\"https:\\\/\\\/anoticiaonline.com.br\\\/site\",\"nextItem\":{\"@type\":\"ListItem\",\"@id\":\"https:\\\/\\\/anoticiaonline.com.br\\\/site\\\/categoria\\\/colunistas\\\/#listItem\",\"name\":\"Colunistas\"}},{\"@type\":\"ListItem\",\"@id\":\"https:\\\/\\\/anoticiaonline.com.br\\\/site\\\/categoria\\\/colunistas\\\/#listItem\",\"position\":2,\"name\":\"Colunistas\",\"item\":\"https:\\\/\\\/anoticiaonline.com.br\\\/site\\\/categoria\\\/colunistas\\\/\",\"nextItem\":{\"@type\":\"ListItem\",\"@id\":\"https:\\\/\\\/anoticiaonline.com.br\\\/site\\\/categoria\\\/colunistas\\\/politica-e-atualidades-francisco-laviola\\\/#listItem\",\"name\":\"Pol\\u00edtica e Atualidades - Francisco Laviola\"},\"previousItem\":{\"@type\":\"ListItem\",\"@id\":\"https:\\\/\\\/anoticiaonline.com.br\\\/site#listItem\",\"name\":\"Home\"}},{\"@type\":\"ListItem\",\"@id\":\"https:\\\/\\\/anoticiaonline.com.br\\\/site\\\/categoria\\\/colunistas\\\/politica-e-atualidades-francisco-laviola\\\/#listItem\",\"position\":3,\"name\":\"Pol\\u00edtica e Atualidades - Francisco Laviola\",\"item\":\"https:\\\/\\\/anoticiaonline.com.br\\\/site\\\/categoria\\\/colunistas\\\/politica-e-atualidades-francisco-laviola\\\/\",\"nextItem\":{\"@type\":\"ListItem\",\"@id\":\"https:\\\/\\\/anoticiaonline.com.br\\\/site\\\/a-proliferacao-da-violencia\\\/#listItem\",\"name\":\"A prolifera\\u00e7\\u00e3o da viol\\u00eancia\"},\"previousItem\":{\"@type\":\"ListItem\",\"@id\":\"https:\\\/\\\/anoticiaonline.com.br\\\/site\\\/categoria\\\/colunistas\\\/#listItem\",\"name\":\"Colunistas\"}},{\"@type\":\"ListItem\",\"@id\":\"https:\\\/\\\/anoticiaonline.com.br\\\/site\\\/a-proliferacao-da-violencia\\\/#listItem\",\"position\":4,\"name\":\"A prolifera\\u00e7\\u00e3o da viol\\u00eancia\",\"previousItem\":{\"@type\":\"ListItem\",\"@id\":\"https:\\\/\\\/anoticiaonline.com.br\\\/site\\\/categoria\\\/colunistas\\\/politica-e-atualidades-francisco-laviola\\\/#listItem\",\"name\":\"Pol\\u00edtica e Atualidades - Francisco Laviola\"}}]},{\"@type\":\"Organization\",\"@id\":\"https:\\\/\\\/anoticiaonline.com.br\\\/site\\\/#organization\",\"name\":\"A Not\\u00edcia Online\",\"description\":\"Noticias de Muria\\u00e9 e regi\\u00e3o\",\"url\":\"https:\\\/\\\/anoticiaonline.com.br\\\/site\\\/\",\"logo\":{\"@type\":\"ImageObject\",\"url\":\"https:\\\/\\\/scontent-gig4-1.xx.fbcdn.net\\\/v\\\/t39.30808-1\\\/270437624_4564083193639691_6907940295614233970_n.jpg?stp=dst-jpg_s200x200_tt6&_nc_cat=111&ccb=1-7&_nc_sid=f907e8&_nc_ohc=SM1wRlP3lJwQ7kNvwEPuBYA&_nc_oc=AdnqrjDN_BNjSSHWO-GbkIWH6fkGMLw4bqvL_NH6e2wMveX7G-rP2dAqsDSq1mJMOaY&_nc_zt=24&_nc_ht=scontent-gig4-1.xx&_nc_gid=AoBFJeGrT1hVaew_6rchkQ&oh=00_AfX7QmFGhQhG2jAllVgXCiM1ZrWgvtp80-Bfppyexh1QEg&oe=689E923C\",\"@id\":\"https:\\\/\\\/anoticiaonline.com.br\\\/site\\\/a-proliferacao-da-violencia\\\/#organizationLogo\"},\"image\":{\"@id\":\"https:\\\/\\\/anoticiaonline.com.br\\\/site\\\/a-proliferacao-da-violencia\\\/#organizationLogo\"}},{\"@type\":\"Person\",\"@id\":\"https:\\\/\\\/anoticiaonline.com.br\\\/site\\\/author\\\/juliana\\\/#author\",\"url\":\"https:\\\/\\\/anoticiaonline.com.br\\\/site\\\/author\\\/juliana\\\/\",\"name\":\"Juliana Laviola\",\"image\":{\"@type\":\"ImageObject\",\"@id\":\"https:\\\/\\\/anoticiaonline.com.br\\\/site\\\/a-proliferacao-da-violencia\\\/#authorImage\",\"url\":\"https:\\\/\\\/secure.gravatar.com\\\/avatar\\\/b8d45f5c699b100dfaf0e543582f38f38bf94cb7ae3a5e9abf8d891a34773335?s=96&d=mm&r=g\",\"width\":96,\"height\":96,\"caption\":\"Juliana Laviola\"}},{\"@type\":\"WebPage\",\"@id\":\"https:\\\/\\\/anoticiaonline.com.br\\\/site\\\/a-proliferacao-da-violencia\\\/#webpage\",\"url\":\"https:\\\/\\\/anoticiaonline.com.br\\\/site\\\/a-proliferacao-da-violencia\\\/\",\"name\":\"A prolifera\\u00e7\\u00e3o da viol\\u00eancia - A Not\\u00edcia Online\",\"description\":\"Francisco Laviola - 28\\\/02\\\/2018 Algo de muito s\\u00e9rio anda acontecendo no nosso Brasil. Quando pensamos que j\\u00e1 vimos acontecer de tudo, h\\u00e1 sempre uma surpresa a mais oriunda do vasto repert\\u00f3rio deste verdadeiro criat\\u00f3rio de delinquentes existente em nosso pa\\u00eds, espalhando a intranquilidade e o medo entre os cidad\\u00e3os que constroem dignamente as suas fam\\u00edlias\",\"inLanguage\":\"pt-BR\",\"isPartOf\":{\"@id\":\"https:\\\/\\\/anoticiaonline.com.br\\\/site\\\/#website\"},\"breadcrumb\":{\"@id\":\"https:\\\/\\\/anoticiaonline.com.br\\\/site\\\/a-proliferacao-da-violencia\\\/#breadcrumblist\"},\"author\":{\"@id\":\"https:\\\/\\\/anoticiaonline.com.br\\\/site\\\/author\\\/juliana\\\/#author\"},\"creator\":{\"@id\":\"https:\\\/\\\/anoticiaonline.com.br\\\/site\\\/author\\\/juliana\\\/#author\"},\"datePublished\":\"2018-03-01T16:50:04-03:00\",\"dateModified\":\"2018-03-01T16:50:04-03:00\"},{\"@type\":\"WebSite\",\"@id\":\"https:\\\/\\\/anoticiaonline.com.br\\\/site\\\/#website\",\"url\":\"https:\\\/\\\/anoticiaonline.com.br\\\/site\\\/\",\"name\":\"A Not\\u00edcia Online\",\"description\":\"Noticias de Muria\\u00e9 e regi\\u00e3o\",\"inLanguage\":\"pt-BR\",\"publisher\":{\"@id\":\"https:\\\/\\\/anoticiaonline.com.br\\\/site\\\/#organization\"}}]}\n\t\t<\/script>\n\t\t<!-- All in One SEO -->\n\n","aioseo_head_json":{"title":"A prolifera\u00e7\u00e3o da viol\u00eancia - A Not\u00edcia Online","description":"Francisco Laviola - 28\/02\/2018 Algo de muito s\u00e9rio anda acontecendo no nosso Brasil. Quando pensamos que j\u00e1 vimos acontecer de tudo, h\u00e1 sempre uma surpresa a mais oriunda do vasto repert\u00f3rio deste verdadeiro criat\u00f3rio de delinquentes existente em nosso pa\u00eds, espalhando a intranquilidade e o medo entre os cidad\u00e3os que constroem dignamente as suas fam\u00edlias","canonical_url":"https:\/\/anoticiaonline.com.br\/site\/a-proliferacao-da-violencia\/","robots":"max-image-preview:large","keywords":"","webmasterTools":{"miscellaneous":""},"schema":{"@context":"https:\/\/schema.org","@graph":[{"@type":"BlogPosting","@id":"https:\/\/anoticiaonline.com.br\/site\/a-proliferacao-da-violencia\/#blogposting","name":"A prolifera\u00e7\u00e3o da viol\u00eancia - A Not\u00edcia Online","headline":"A prolifera\u00e7\u00e3o da viol\u00eancia","author":{"@id":"https:\/\/anoticiaonline.com.br\/site\/author\/juliana\/#author"},"publisher":{"@id":"https:\/\/anoticiaonline.com.br\/site\/#organization"},"image":{"@type":"ImageObject","url":"https:\/\/scontent-gig4-1.xx.fbcdn.net\/v\/t39.30808-1\/270437624_4564083193639691_6907940295614233970_n.jpg?stp=dst-jpg_s200x200_tt6&_nc_cat=111&ccb=1-7&_nc_sid=f907e8&_nc_ohc=SM1wRlP3lJwQ7kNvwEPuBYA&_nc_oc=AdnqrjDN_BNjSSHWO-GbkIWH6fkGMLw4bqvL_NH6e2wMveX7G-rP2dAqsDSq1mJMOaY&_nc_zt=24&_nc_ht=scontent-gig4-1.xx&_nc_gid=AoBFJeGrT1hVaew_6rchkQ&oh=00_AfX7QmFGhQhG2jAllVgXCiM1ZrWgvtp80-Bfppyexh1QEg&oe=689E923C","@id":"https:\/\/anoticiaonline.com.br\/site\/#articleImage"},"datePublished":"2018-03-01T16:50:04-03:00","dateModified":"2018-03-01T16:50:04-03:00","inLanguage":"pt-BR","mainEntityOfPage":{"@id":"https:\/\/anoticiaonline.com.br\/site\/a-proliferacao-da-violencia\/#webpage"},"isPartOf":{"@id":"https:\/\/anoticiaonline.com.br\/site\/a-proliferacao-da-violencia\/#webpage"},"articleSection":"Pol\u00edtica e Atualidades - Francisco Laviola"},{"@type":"BreadcrumbList","@id":"https:\/\/anoticiaonline.com.br\/site\/a-proliferacao-da-violencia\/#breadcrumblist","itemListElement":[{"@type":"ListItem","@id":"https:\/\/anoticiaonline.com.br\/site#listItem","position":1,"name":"Home","item":"https:\/\/anoticiaonline.com.br\/site","nextItem":{"@type":"ListItem","@id":"https:\/\/anoticiaonline.com.br\/site\/categoria\/colunistas\/#listItem","name":"Colunistas"}},{"@type":"ListItem","@id":"https:\/\/anoticiaonline.com.br\/site\/categoria\/colunistas\/#listItem","position":2,"name":"Colunistas","item":"https:\/\/anoticiaonline.com.br\/site\/categoria\/colunistas\/","nextItem":{"@type":"ListItem","@id":"https:\/\/anoticiaonline.com.br\/site\/categoria\/colunistas\/politica-e-atualidades-francisco-laviola\/#listItem","name":"Pol\u00edtica e Atualidades - Francisco Laviola"},"previousItem":{"@type":"ListItem","@id":"https:\/\/anoticiaonline.com.br\/site#listItem","name":"Home"}},{"@type":"ListItem","@id":"https:\/\/anoticiaonline.com.br\/site\/categoria\/colunistas\/politica-e-atualidades-francisco-laviola\/#listItem","position":3,"name":"Pol\u00edtica e Atualidades - Francisco Laviola","item":"https:\/\/anoticiaonline.com.br\/site\/categoria\/colunistas\/politica-e-atualidades-francisco-laviola\/","nextItem":{"@type":"ListItem","@id":"https:\/\/anoticiaonline.com.br\/site\/a-proliferacao-da-violencia\/#listItem","name":"A prolifera\u00e7\u00e3o da viol\u00eancia"},"previousItem":{"@type":"ListItem","@id":"https:\/\/anoticiaonline.com.br\/site\/categoria\/colunistas\/#listItem","name":"Colunistas"}},{"@type":"ListItem","@id":"https:\/\/anoticiaonline.com.br\/site\/a-proliferacao-da-violencia\/#listItem","position":4,"name":"A prolifera\u00e7\u00e3o da viol\u00eancia","previousItem":{"@type":"ListItem","@id":"https:\/\/anoticiaonline.com.br\/site\/categoria\/colunistas\/politica-e-atualidades-francisco-laviola\/#listItem","name":"Pol\u00edtica e Atualidades - Francisco Laviola"}}]},{"@type":"Organization","@id":"https:\/\/anoticiaonline.com.br\/site\/#organization","name":"A Not\u00edcia Online","description":"Noticias de Muria\u00e9 e regi\u00e3o","url":"https:\/\/anoticiaonline.com.br\/site\/","logo":{"@type":"ImageObject","url":"https:\/\/scontent-gig4-1.xx.fbcdn.net\/v\/t39.30808-1\/270437624_4564083193639691_6907940295614233970_n.jpg?stp=dst-jpg_s200x200_tt6&_nc_cat=111&ccb=1-7&_nc_sid=f907e8&_nc_ohc=SM1wRlP3lJwQ7kNvwEPuBYA&_nc_oc=AdnqrjDN_BNjSSHWO-GbkIWH6fkGMLw4bqvL_NH6e2wMveX7G-rP2dAqsDSq1mJMOaY&_nc_zt=24&_nc_ht=scontent-gig4-1.xx&_nc_gid=AoBFJeGrT1hVaew_6rchkQ&oh=00_AfX7QmFGhQhG2jAllVgXCiM1ZrWgvtp80-Bfppyexh1QEg&oe=689E923C","@id":"https:\/\/anoticiaonline.com.br\/site\/a-proliferacao-da-violencia\/#organizationLogo"},"image":{"@id":"https:\/\/anoticiaonline.com.br\/site\/a-proliferacao-da-violencia\/#organizationLogo"}},{"@type":"Person","@id":"https:\/\/anoticiaonline.com.br\/site\/author\/juliana\/#author","url":"https:\/\/anoticiaonline.com.br\/site\/author\/juliana\/","name":"Juliana Laviola","image":{"@type":"ImageObject","@id":"https:\/\/anoticiaonline.com.br\/site\/a-proliferacao-da-violencia\/#authorImage","url":"https:\/\/secure.gravatar.com\/avatar\/b8d45f5c699b100dfaf0e543582f38f38bf94cb7ae3a5e9abf8d891a34773335?s=96&d=mm&r=g","width":96,"height":96,"caption":"Juliana Laviola"}},{"@type":"WebPage","@id":"https:\/\/anoticiaonline.com.br\/site\/a-proliferacao-da-violencia\/#webpage","url":"https:\/\/anoticiaonline.com.br\/site\/a-proliferacao-da-violencia\/","name":"A prolifera\u00e7\u00e3o da viol\u00eancia - A Not\u00edcia Online","description":"Francisco Laviola - 28\/02\/2018 Algo de muito s\u00e9rio anda acontecendo no nosso Brasil. Quando pensamos que j\u00e1 vimos acontecer de tudo, h\u00e1 sempre uma surpresa a mais oriunda do vasto repert\u00f3rio deste verdadeiro criat\u00f3rio de delinquentes existente em nosso pa\u00eds, espalhando a intranquilidade e o medo entre os cidad\u00e3os que constroem dignamente as suas fam\u00edlias","inLanguage":"pt-BR","isPartOf":{"@id":"https:\/\/anoticiaonline.com.br\/site\/#website"},"breadcrumb":{"@id":"https:\/\/anoticiaonline.com.br\/site\/a-proliferacao-da-violencia\/#breadcrumblist"},"author":{"@id":"https:\/\/anoticiaonline.com.br\/site\/author\/juliana\/#author"},"creator":{"@id":"https:\/\/anoticiaonline.com.br\/site\/author\/juliana\/#author"},"datePublished":"2018-03-01T16:50:04-03:00","dateModified":"2018-03-01T16:50:04-03:00"},{"@type":"WebSite","@id":"https:\/\/anoticiaonline.com.br\/site\/#website","url":"https:\/\/anoticiaonline.com.br\/site\/","name":"A Not\u00edcia Online","description":"Noticias de Muria\u00e9 e regi\u00e3o","inLanguage":"pt-BR","publisher":{"@id":"https:\/\/anoticiaonline.com.br\/site\/#organization"}}]},"og:locale":"pt_BR","og:site_name":"A Not\u00edcia Online - Noticias de Muria\u00e9 e regi\u00e3o","og:type":"article","og:title":"A prolifera\u00e7\u00e3o da viol\u00eancia - A Not\u00edcia Online","og:description":"Francisco Laviola - 28\/02\/2018 Algo de muito s\u00e9rio anda acontecendo no nosso Brasil. Quando pensamos que j\u00e1 vimos acontecer de tudo, h\u00e1 sempre uma surpresa a mais oriunda do vasto repert\u00f3rio deste verdadeiro criat\u00f3rio de delinquentes existente em nosso pa\u00eds, espalhando a intranquilidade e o medo entre os cidad\u00e3os que constroem dignamente as suas fam\u00edlias","og:url":"https:\/\/anoticiaonline.com.br\/site\/a-proliferacao-da-violencia\/","og:image":"https:\/\/scontent-gig4-1.xx.fbcdn.net\/v\/t39.30808-1\/270437624_4564083193639691_6907940295614233970_n.jpg?stp=dst-jpg_s200x200_tt6&#038;_nc_cat=111&#038;ccb=1-7&#038;_nc_sid=f907e8&#038;_nc_ohc=SM1wRlP3lJwQ7kNvwEPuBYA&#038;_nc_oc=AdnqrjDN_BNjSSHWO-GbkIWH6fkGMLw4bqvL_NH6e2wMveX7G-rP2dAqsDSq1mJMOaY&#038;_nc_zt=24&#038;_nc_ht=scontent-gig4-1.xx&#038;_nc_gid=AoBFJeGrT1hVaew_6rchkQ&#038;oh=00_AfX7QmFGhQhG2jAllVgXCiM1ZrWgvtp80-Bfppyexh1QEg&#038;oe=689E923C","og:image:secure_url":"https:\/\/scontent-gig4-1.xx.fbcdn.net\/v\/t39.30808-1\/270437624_4564083193639691_6907940295614233970_n.jpg?stp=dst-jpg_s200x200_tt6&#038;_nc_cat=111&#038;ccb=1-7&#038;_nc_sid=f907e8&#038;_nc_ohc=SM1wRlP3lJwQ7kNvwEPuBYA&#038;_nc_oc=AdnqrjDN_BNjSSHWO-GbkIWH6fkGMLw4bqvL_NH6e2wMveX7G-rP2dAqsDSq1mJMOaY&#038;_nc_zt=24&#038;_nc_ht=scontent-gig4-1.xx&#038;_nc_gid=AoBFJeGrT1hVaew_6rchkQ&#038;oh=00_AfX7QmFGhQhG2jAllVgXCiM1ZrWgvtp80-Bfppyexh1QEg&#038;oe=689E923C","article:published_time":"2018-03-01T19:50:04+00:00","article:modified_time":"2018-03-01T19:50:04+00:00","twitter:card":"summary_large_image","twitter:title":"A prolifera\u00e7\u00e3o da viol\u00eancia - A Not\u00edcia Online","twitter:description":"Francisco Laviola - 28\/02\/2018 Algo de muito s\u00e9rio anda acontecendo no nosso Brasil. Quando pensamos que j\u00e1 vimos acontecer de tudo, h\u00e1 sempre uma surpresa a mais oriunda do vasto repert\u00f3rio deste verdadeiro criat\u00f3rio de delinquentes existente em nosso pa\u00eds, espalhando a intranquilidade e o medo entre os cidad\u00e3os que constroem dignamente as suas fam\u00edlias","twitter:image":"https:\/\/scontent-gig4-1.xx.fbcdn.net\/v\/t39.30808-1\/270437624_4564083193639691_6907940295614233970_n.jpg?stp=dst-jpg_s200x200_tt6&_nc_cat=111&ccb=1-7&_nc_sid=f907e8&_nc_ohc=SM1wRlP3lJwQ7kNvwEPuBYA&_nc_oc=AdnqrjDN_BNjSSHWO-GbkIWH6fkGMLw4bqvL_NH6e2wMveX7G-rP2dAqsDSq1mJMOaY&_nc_zt=24&_nc_ht=scontent-gig4-1.xx&_nc_gid=AoBFJeGrT1hVaew_6rchkQ&oh=00_AfX7QmFGhQhG2jAllVgXCiM1ZrWgvtp80-Bfppyexh1QEg&oe=689E923C"},"aioseo_meta_data":{"post_id":"50872","title":null,"description":null,"keywords":null,"keyphrases":null,"primary_term":null,"canonical_url":null,"og_title":null,"og_description":null,"og_object_type":"default","og_image_type":"default","og_image_url":null,"og_image_width":null,"og_image_height":null,"og_image_custom_url":null,"og_image_custom_fields":null,"og_video":null,"og_custom_url":null,"og_article_section":null,"og_article_tags":null,"twitter_use_og":false,"twitter_card":"default","twitter_image_type":"default","twitter_image_url":null,"twitter_image_custom_url":null,"twitter_image_custom_fields":null,"twitter_title":null,"twitter_description":null,"schema":{"blockGraphs":[],"customGraphs":[],"default":{"data":{"Article":[],"Course":[],"Dataset":[],"FAQPage":[],"Movie":[],"Person":[],"Product":[],"ProductReview":[],"Car":[],"Recipe":[],"Service":[],"SoftwareApplication":[],"WebPage":[]},"graphName":"","isEnabled":true},"graphs":[]},"schema_type":"default","schema_type_options":null,"pillar_content":false,"robots_default":true,"robots_noindex":false,"robots_noarchive":false,"robots_nosnippet":false,"robots_nofollow":false,"robots_noimageindex":false,"robots_noodp":false,"robots_notranslate":false,"robots_max_snippet":null,"robots_max_videopreview":null,"robots_max_imagepreview":"large","priority":null,"frequency":null,"local_seo":null,"breadcrumb_settings":null,"limit_modified_date":false,"ai":null,"created":"2025-08-16 20:24:04","updated":"2025-08-16 20:24:04","focus_keyword":null,"additional_keywords":null,"truseo_locale":null,"seo_analyzer_scan_date":null},"aioseo_breadcrumb":"<div class=\"aioseo-breadcrumbs\"><span class=\"aioseo-breadcrumb\">\n\t\t\t<a href=\"https:\/\/anoticiaonline.com.br\/site\" title=\"Home\">Home<\/a>\n\t\t<\/span><span class=\"aioseo-breadcrumb-separator\">&raquo;<\/span><span class=\"aioseo-breadcrumb\">\n\t\t\t<a href=\"https:\/\/anoticiaonline.com.br\/site\/categoria\/colunistas\/\" title=\"Colunistas\">Colunistas<\/a>\n\t\t<\/span><span class=\"aioseo-breadcrumb-separator\">&raquo;<\/span><span class=\"aioseo-breadcrumb\">\n\t\t\t<a href=\"https:\/\/anoticiaonline.com.br\/site\/categoria\/colunistas\/politica-e-atualidades-francisco-laviola\/\" title=\"Pol\u00edtica e Atualidades - Francisco Laviola\">Pol\u00edtica e Atualidades - Francisco Laviola<\/a>\n\t\t<\/span><span class=\"aioseo-breadcrumb-separator\">&raquo;<\/span><span class=\"aioseo-breadcrumb\">\n\t\t\tA prolifera\u00e7\u00e3o da viol\u00eancia\n\t\t<\/span><\/div>","aioseo_breadcrumb_json":[{"label":"Home","link":"https:\/\/anoticiaonline.com.br\/site"},{"label":"Colunistas","link":"https:\/\/anoticiaonline.com.br\/site\/categoria\/colunistas\/"},{"label":"Pol\u00edtica e Atualidades - Francisco Laviola","link":"https:\/\/anoticiaonline.com.br\/site\/categoria\/colunistas\/politica-e-atualidades-francisco-laviola\/"},{"label":"A prolifera\u00e7\u00e3o da viol\u00eancia","link":"https:\/\/anoticiaonline.com.br\/site\/a-proliferacao-da-violencia\/"}],"views":142,"_links":{"self":[{"href":"https:\/\/anoticiaonline.com.br\/site\/wp-json\/wp\/v2\/posts\/50872","targetHints":{"allow":["GET"]}}],"collection":[{"href":"https:\/\/anoticiaonline.com.br\/site\/wp-json\/wp\/v2\/posts"}],"about":[{"href":"https:\/\/anoticiaonline.com.br\/site\/wp-json\/wp\/v2\/types\/post"}],"author":[{"embeddable":true,"href":"https:\/\/anoticiaonline.com.br\/site\/wp-json\/wp\/v2\/users\/2"}],"replies":[{"embeddable":true,"href":"https:\/\/anoticiaonline.com.br\/site\/wp-json\/wp\/v2\/comments?post=50872"}],"version-history":[{"count":0,"href":"https:\/\/anoticiaonline.com.br\/site\/wp-json\/wp\/v2\/posts\/50872\/revisions"}],"wp:attachment":[{"href":"https:\/\/anoticiaonline.com.br\/site\/wp-json\/wp\/v2\/media?parent=50872"}],"wp:term":[{"taxonomy":"category","embeddable":true,"href":"https:\/\/anoticiaonline.com.br\/site\/wp-json\/wp\/v2\/categories?post=50872"},{"taxonomy":"post_tag","embeddable":true,"href":"https:\/\/anoticiaonline.com.br\/site\/wp-json\/wp\/v2\/tags?post=50872"}],"curies":[{"name":"wp","href":"https:\/\/api.w.org\/{rel}","templated":true}]}}