{"id":50779,"date":"2018-02-22T22:57:15","date_gmt":"2018-02-23T01:57:15","guid":{"rendered":"http:\/\/anoticiaonline.com.br\/site\/?p=50779"},"modified":"2018-02-22T23:00:07","modified_gmt":"2018-02-23T02:00:07","slug":"recreio-apresenta-o-novo-e-surpreendente-virtus-2018","status":"publish","type":"post","link":"https:\/\/anoticiaonline.com.br\/site\/recreio-apresenta-o-novo-e-surpreendente-virtus-2018\/","title":{"rendered":"Recreio apresenta o novo e surpreendente Virtus 2018"},"content":{"rendered":"<p><a href=\"https:\/\/anoticiaonline.com.br\/site\/wp-content\/uploads\/2018\/02\/DSC_0080.jpg\"><img fetchpriority=\"high\" decoding=\"async\" class=\"aligncenter size-full wp-image-50780\" src=\"https:\/\/anoticiaonline.com.br\/site\/wp-content\/uploads\/2018\/02\/DSC_0080.jpg\" alt=\"\" width=\"640\" height=\"427\" srcset=\"https:\/\/anoticiaonline.com.br\/site\/wp-content\/uploads\/2018\/02\/DSC_0080.jpg 640w, https:\/\/anoticiaonline.com.br\/site\/wp-content\/uploads\/2018\/02\/DSC_0080-300x200.jpg 300w\" sizes=\"(max-width: 640px) 100vw, 640px\" \/><\/a> <a href=\"https:\/\/anoticiaonline.com.br\/site\/wp-content\/uploads\/2018\/02\/DSC_0087.jpg\"><img decoding=\"async\" class=\"aligncenter size-full wp-image-50781\" src=\"https:\/\/anoticiaonline.com.br\/site\/wp-content\/uploads\/2018\/02\/DSC_0087.jpg\" alt=\"\" width=\"640\" height=\"427\" srcset=\"https:\/\/anoticiaonline.com.br\/site\/wp-content\/uploads\/2018\/02\/DSC_0087.jpg 640w, https:\/\/anoticiaonline.com.br\/site\/wp-content\/uploads\/2018\/02\/DSC_0087-300x200.jpg 300w\" sizes=\"(max-width: 640px) 100vw, 640px\" \/><\/a> <a href=\"https:\/\/anoticiaonline.com.br\/site\/wp-content\/uploads\/2018\/02\/DSC_0141.jpg\"><img decoding=\"async\" class=\"aligncenter size-full wp-image-50782\" src=\"https:\/\/anoticiaonline.com.br\/site\/wp-content\/uploads\/2018\/02\/DSC_0141.jpg\" alt=\"\" width=\"640\" height=\"427\" srcset=\"https:\/\/anoticiaonline.com.br\/site\/wp-content\/uploads\/2018\/02\/DSC_0141.jpg 640w, https:\/\/anoticiaonline.com.br\/site\/wp-content\/uploads\/2018\/02\/DSC_0141-300x200.jpg 300w\" sizes=\"(max-width: 640px) 100vw, 640px\" \/><\/a> <a href=\"https:\/\/anoticiaonline.com.br\/site\/wp-content\/uploads\/2018\/02\/DSC_0144.jpg\"><img loading=\"lazy\" decoding=\"async\" class=\"aligncenter size-full wp-image-50783\" src=\"https:\/\/anoticiaonline.com.br\/site\/wp-content\/uploads\/2018\/02\/DSC_0144.jpg\" alt=\"\" width=\"640\" height=\"427\" srcset=\"https:\/\/anoticiaonline.com.br\/site\/wp-content\/uploads\/2018\/02\/DSC_0144.jpg 640w, https:\/\/anoticiaonline.com.br\/site\/wp-content\/uploads\/2018\/02\/DSC_0144-300x200.jpg 300w\" sizes=\"(max-width: 640px) 100vw, 640px\" \/><\/a>A concession\u00e1ria Recreio de Muria\u00e9 apresentou aos clientes, no s\u00e1bado (17), durante um delicioso caf\u00e9 da manh\u00e3, o surpreendente autom\u00f3vel Virtus, novo lan\u00e7amento sed\u00e3 2018 da Volkswagen.<\/p>\n<p>O Virtus \u00e9 um carro in\u00e9dito que apresenta novas percep\u00e7\u00f5es em design inova\u00e7\u00e3o e desempenho, onde conforto \u00e9 palavra de ordem. O autom\u00f3vel possui tr\u00eas vers\u00f5es: MSI, motoriza\u00e7\u00e3o 1.6 (com cinco velocidades); comfortline 200 TSI; e highline 200 TSI com transmiss\u00e3o autom\u00e1tica de seis velocidades. O carro possui garantia total de tr\u00eas anos sem limite de quilometragem.<\/p>\n<p>O Virtus possui o objetivo de ir al\u00e9m da economia e da efici\u00eancia, pois proporciona tamb\u00e9m uma condu\u00e7\u00e3o agrad\u00e1vel e confort\u00e1vel contando com os mais modernos sistemas de seguran\u00e7a.<\/p>\n<p>Fernando Costa, consultor da Recreio, disse que o Virtus \u00e9 um carro conceito que apresenta a nova Volkswagen.<\/p>\n<p>\u201c\u00c9 um carro feito tanto para a fam\u00edlia quanto para o p\u00fablico mais jovem. Possui um espa\u00e7o interno excelente, com um dos maiores porta-malas da categoria e produzido em uma plataforma totalmente renovada da Volkswagen. A vers\u00e3o highline possui um painel diferenciado com detectores que trazem informa\u00e7\u00f5es importantes ao motorista. Aproveito a oportunidade para convidar todos \u00e0queles que desejam adquirir um carro zero km, para compareceram a Recreio e conhecerem o Virtus\u201d, conta.<\/p>\n<p><strong>Palavra do consumidor \u2013 <\/strong>O cliente Cl\u00e1udio esteve presente no lan\u00e7amento com sua fam\u00edlia e fez muitos elogios ao novo sed\u00e3. \u201cAcredito que o Virtus \u00e9 um carro que veio para alavancar as vendas da VW. \u00c9 um carro que vem com seguran\u00e7a, estabilidade, design e pot\u00eancia. Gostei muito\u201d, disse.<\/p>\n<p>Andr\u00e9 Luiz Almeida Castro, cliente Volkswagen h\u00e1 mais de 15 anos, disse que esperava pelo lan\u00e7amento do Virtus. \u201cO novo lan\u00e7amento para quem tem fam\u00edlia e quem precisa de espa\u00e7o. Al\u00e9m disso, \u00e9 um carro com alta tecnologia e econ\u00f4mico, o que agrada a todos\u201d, diz.<\/p>\n<p><a href=\"https:\/\/anoticiaonline.com.br\/site\/wp-content\/uploads\/2018\/02\/DSC_0161.jpg\"><img loading=\"lazy\" decoding=\"async\" class=\"aligncenter size-full wp-image-50784\" src=\"https:\/\/anoticiaonline.com.br\/site\/wp-content\/uploads\/2018\/02\/DSC_0161.jpg\" alt=\"\" width=\"640\" height=\"427\" srcset=\"https:\/\/anoticiaonline.com.br\/site\/wp-content\/uploads\/2018\/02\/DSC_0161.jpg 640w, https:\/\/anoticiaonline.com.br\/site\/wp-content\/uploads\/2018\/02\/DSC_0161-300x200.jpg 300w\" sizes=\"(max-width: 640px) 100vw, 640px\" \/><\/a><\/p>\n<p><strong>\u00a0<\/strong><\/p>\n<p><a href=\"https:\/\/anoticiaonline.com.br\/site\/wp-content\/uploads\/2018\/02\/DSC_0164.jpg\"><img loading=\"lazy\" decoding=\"async\" class=\"aligncenter size-full wp-image-50785\" src=\"https:\/\/anoticiaonline.com.br\/site\/wp-content\/uploads\/2018\/02\/DSC_0164.jpg\" alt=\"\" width=\"640\" height=\"427\" srcset=\"https:\/\/anoticiaonline.com.br\/site\/wp-content\/uploads\/2018\/02\/DSC_0164.jpg 640w, https:\/\/anoticiaonline.com.br\/site\/wp-content\/uploads\/2018\/02\/DSC_0164-300x200.jpg 300w\" sizes=\"(max-width: 640px) 100vw, 640px\" \/><\/a><\/p>\n<p>&nbsp;<\/p>\n<p><img decoding=\"async\" class=\"ngg_displayed_gallery mceItem\" src=\"https:\/\/anoticiaonline.com.br\/site\/nextgen-attach_to_post\/preview\/id--50826\" \/><\/p>\n<p>&nbsp;<\/p>\n<p>&nbsp;<\/p>\n<p>&nbsp;<\/p>\n<p>&nbsp;<\/p>\n","protected":false},"excerpt":{"rendered":"<p>A concession\u00e1ria Recreio de Muria\u00e9 apresentou aos clientes, no s\u00e1bado (17), durante um delicioso caf\u00e9 da manh\u00e3, o surpreendente autom\u00f3vel Virtus, novo lan\u00e7amento sed\u00e3 2018 da Volkswagen. O Virtus \u00e9 um carro in\u00e9dito que apresenta novas percep\u00e7\u00f5es em design inova\u00e7\u00e3o e desempenho, onde conforto \u00e9 palavra de ordem. O autom\u00f3vel possui tr\u00eas vers\u00f5es: MSI, motoriza\u00e7\u00e3o &#8230; <a title=\"Recreio apresenta o novo e surpreendente Virtus 2018\" class=\"read-more\" href=\"https:\/\/anoticiaonline.com.br\/site\/recreio-apresenta-o-novo-e-surpreendente-virtus-2018\/\" aria-label=\"Read more about Recreio apresenta o novo e surpreendente Virtus 2018\">Ler mais<\/a><\/p>\n","protected":false},"author":2,"featured_media":50780,"comment_status":"open","ping_status":"open","sticky":false,"template":"","format":"standard","meta":{"_acf_changed":false,"_monsterinsights_skip_tracking":false,"footnotes":""},"categories":[1],"tags":[2062,2060,2061,215,2055,2058,2056,2057,2059],"class_list":["post-50779","post","type-post","status-publish","format-standard","has-post-thumbnail","hentry","category-gerais","tag-carro-0km","tag-carro-2018","tag-carro-novo","tag-lancamento","tag-recreio","tag-recreio-de-muriae","tag-virtus","tag-virtus-2018","tag-volkswagen"],"acf":[],"aioseo_notices":[],"aioseo_head":"\n\t\t<!-- All in One SEO 5.0.0.1 - aioseo.com -->\n\t<meta name=\"description\" content=\"A concession\u00e1ria Recreio de Muria\u00e9 apresentou aos clientes, no s\u00e1bado (17), durante um delicioso caf\u00e9 da manh\u00e3, o surpreendente autom\u00f3vel Virtus, novo lan\u00e7amento sed\u00e3 2018 da Volkswagen. O Virtus \u00e9 um carro in\u00e9dito que apresenta novas percep\u00e7\u00f5es em design inova\u00e7\u00e3o e desempenho, onde conforto \u00e9 palavra de ordem. O autom\u00f3vel possui tr\u00eas vers\u00f5es: MSI, motoriza\u00e7\u00e3o\" \/>\n\t<meta name=\"robots\" content=\"max-image-preview:large\" \/>\n\t<meta name=\"author\" content=\"Juliana Laviola\"\/>\n\t<link rel=\"canonical\" href=\"https:\/\/anoticiaonline.com.br\/site\/recreio-apresenta-o-novo-e-surpreendente-virtus-2018\/\" \/>\n\t<meta name=\"generator\" content=\"All in One SEO (AIOSEO) 5.0.0.1\" \/>\n\t\t<meta property=\"og:locale\" content=\"pt_BR\" \/>\n\t\t<meta property=\"og:site_name\" content=\"A Not\u00edcia Online - Noticias de Muria\u00e9 e regi\u00e3o\" \/>\n\t\t<meta property=\"og:type\" content=\"article\" \/>\n\t\t<meta property=\"og:title\" content=\"Recreio apresenta o novo e surpreendente Virtus 2018 - A Not\u00edcia Online\" \/>\n\t\t<meta property=\"og:description\" content=\"A concession\u00e1ria Recreio de Muria\u00e9 apresentou aos clientes, no s\u00e1bado (17), durante um delicioso caf\u00e9 da manh\u00e3, o surpreendente autom\u00f3vel Virtus, novo lan\u00e7amento sed\u00e3 2018 da Volkswagen. O Virtus \u00e9 um carro in\u00e9dito que apresenta novas percep\u00e7\u00f5es em design inova\u00e7\u00e3o e desempenho, onde conforto \u00e9 palavra de ordem. O autom\u00f3vel possui tr\u00eas vers\u00f5es: MSI, motoriza\u00e7\u00e3o\" \/>\n\t\t<meta property=\"og:url\" content=\"https:\/\/anoticiaonline.com.br\/site\/recreio-apresenta-o-novo-e-surpreendente-virtus-2018\/\" \/>\n\t\t<meta property=\"og:image\" content=\"https:\/\/scontent-gig4-1.xx.fbcdn.net\/v\/t39.30808-1\/270437624_4564083193639691_6907940295614233970_n.jpg?stp=dst-jpg_s200x200_tt6&#038;_nc_cat=111&#038;ccb=1-7&#038;_nc_sid=f907e8&#038;_nc_ohc=SM1wRlP3lJwQ7kNvwEPuBYA&#038;_nc_oc=AdnqrjDN_BNjSSHWO-GbkIWH6fkGMLw4bqvL_NH6e2wMveX7G-rP2dAqsDSq1mJMOaY&#038;_nc_zt=24&#038;_nc_ht=scontent-gig4-1.xx&#038;_nc_gid=AoBFJeGrT1hVaew_6rchkQ&#038;oh=00_AfX7QmFGhQhG2jAllVgXCiM1ZrWgvtp80-Bfppyexh1QEg&#038;oe=689E923C\" \/>\n\t\t<meta property=\"og:image:secure_url\" content=\"https:\/\/scontent-gig4-1.xx.fbcdn.net\/v\/t39.30808-1\/270437624_4564083193639691_6907940295614233970_n.jpg?stp=dst-jpg_s200x200_tt6&#038;_nc_cat=111&#038;ccb=1-7&#038;_nc_sid=f907e8&#038;_nc_ohc=SM1wRlP3lJwQ7kNvwEPuBYA&#038;_nc_oc=AdnqrjDN_BNjSSHWO-GbkIWH6fkGMLw4bqvL_NH6e2wMveX7G-rP2dAqsDSq1mJMOaY&#038;_nc_zt=24&#038;_nc_ht=scontent-gig4-1.xx&#038;_nc_gid=AoBFJeGrT1hVaew_6rchkQ&#038;oh=00_AfX7QmFGhQhG2jAllVgXCiM1ZrWgvtp80-Bfppyexh1QEg&#038;oe=689E923C\" \/>\n\t\t<meta property=\"article:published_time\" content=\"2018-02-23T01:57:15+00:00\" \/>\n\t\t<meta property=\"article:modified_time\" content=\"2018-02-23T02:00:07+00:00\" \/>\n\t\t<meta name=\"twitter:card\" content=\"summary_large_image\" \/>\n\t\t<meta name=\"twitter:title\" content=\"Recreio apresenta o novo e surpreendente Virtus 2018 - A Not\u00edcia Online\" \/>\n\t\t<meta name=\"twitter:description\" content=\"A concession\u00e1ria Recreio de Muria\u00e9 apresentou aos clientes, no s\u00e1bado (17), durante um delicioso caf\u00e9 da manh\u00e3, o surpreendente autom\u00f3vel Virtus, novo lan\u00e7amento sed\u00e3 2018 da Volkswagen. O Virtus \u00e9 um carro in\u00e9dito que apresenta novas percep\u00e7\u00f5es em design inova\u00e7\u00e3o e desempenho, onde conforto \u00e9 palavra de ordem. O autom\u00f3vel possui tr\u00eas vers\u00f5es: MSI, motoriza\u00e7\u00e3o\" \/>\n\t\t<meta name=\"twitter:image\" content=\"https:\/\/scontent-gig4-1.xx.fbcdn.net\/v\/t39.30808-1\/270437624_4564083193639691_6907940295614233970_n.jpg?stp=dst-jpg_s200x200_tt6&amp;_nc_cat=111&amp;ccb=1-7&amp;_nc_sid=f907e8&amp;_nc_ohc=SM1wRlP3lJwQ7kNvwEPuBYA&amp;_nc_oc=AdnqrjDN_BNjSSHWO-GbkIWH6fkGMLw4bqvL_NH6e2wMveX7G-rP2dAqsDSq1mJMOaY&amp;_nc_zt=24&amp;_nc_ht=scontent-gig4-1.xx&amp;_nc_gid=AoBFJeGrT1hVaew_6rchkQ&amp;oh=00_AfX7QmFGhQhG2jAllVgXCiM1ZrWgvtp80-Bfppyexh1QEg&amp;oe=689E923C\" \/>\n\t\t<script type=\"application\/ld+json\" class=\"aioseo-schema\">\n\t\t\t{\"@context\":\"https:\\\/\\\/schema.org\",\"@graph\":[{\"@type\":\"BlogPosting\",\"@id\":\"https:\\\/\\\/anoticiaonline.com.br\\\/site\\\/recreio-apresenta-o-novo-e-surpreendente-virtus-2018\\\/#blogposting\",\"name\":\"Recreio apresenta o novo e surpreendente Virtus 2018 - A Not\\u00edcia Online\",\"headline\":\"Recreio apresenta o novo e surpreendente Virtus 2018\",\"author\":{\"@id\":\"https:\\\/\\\/anoticiaonline.com.br\\\/site\\\/author\\\/juliana\\\/#author\"},\"publisher\":{\"@id\":\"https:\\\/\\\/anoticiaonline.com.br\\\/site\\\/#organization\"},\"image\":{\"@type\":\"ImageObject\",\"url\":\"https:\\\/\\\/anoticiaonline.com.br\\\/site\\\/wp-content\\\/uploads\\\/2018\\\/02\\\/DSC_0080.jpg\",\"width\":640,\"height\":427},\"datePublished\":\"2018-02-22T22:57:15-03:00\",\"dateModified\":\"2018-02-22T23:00:07-03:00\",\"inLanguage\":\"pt-BR\",\"mainEntityOfPage\":{\"@id\":\"https:\\\/\\\/anoticiaonline.com.br\\\/site\\\/recreio-apresenta-o-novo-e-surpreendente-virtus-2018\\\/#webpage\"},\"isPartOf\":{\"@id\":\"https:\\\/\\\/anoticiaonline.com.br\\\/site\\\/recreio-apresenta-o-novo-e-surpreendente-virtus-2018\\\/#webpage\"},\"articleSection\":\"Gerais, carro 0km, carro 2018, carro novo, lan\\u00e7amento, Recreio, Recreio de Muria\\u00e9, Virtus, Virtus 2018, Volkswagen\"},{\"@type\":\"BreadcrumbList\",\"@id\":\"https:\\\/\\\/anoticiaonline.com.br\\\/site\\\/recreio-apresenta-o-novo-e-surpreendente-virtus-2018\\\/#breadcrumblist\",\"itemListElement\":[{\"@type\":\"ListItem\",\"@id\":\"https:\\\/\\\/anoticiaonline.com.br\\\/site#listItem\",\"position\":1,\"name\":\"Home\",\"item\":\"https:\\\/\\\/anoticiaonline.com.br\\\/site\",\"nextItem\":{\"@type\":\"ListItem\",\"@id\":\"https:\\\/\\\/anoticiaonline.com.br\\\/site\\\/categoria\\\/gerais\\\/#listItem\",\"name\":\"Gerais\"}},{\"@type\":\"ListItem\",\"@id\":\"https:\\\/\\\/anoticiaonline.com.br\\\/site\\\/categoria\\\/gerais\\\/#listItem\",\"position\":2,\"name\":\"Gerais\",\"item\":\"https:\\\/\\\/anoticiaonline.com.br\\\/site\\\/categoria\\\/gerais\\\/\",\"nextItem\":{\"@type\":\"ListItem\",\"@id\":\"https:\\\/\\\/anoticiaonline.com.br\\\/site\\\/recreio-apresenta-o-novo-e-surpreendente-virtus-2018\\\/#listItem\",\"name\":\"Recreio apresenta o novo e surpreendente Virtus 2018\"},\"previousItem\":{\"@type\":\"ListItem\",\"@id\":\"https:\\\/\\\/anoticiaonline.com.br\\\/site#listItem\",\"name\":\"Home\"}},{\"@type\":\"ListItem\",\"@id\":\"https:\\\/\\\/anoticiaonline.com.br\\\/site\\\/recreio-apresenta-o-novo-e-surpreendente-virtus-2018\\\/#listItem\",\"position\":3,\"name\":\"Recreio apresenta o novo e surpreendente Virtus 2018\",\"previousItem\":{\"@type\":\"ListItem\",\"@id\":\"https:\\\/\\\/anoticiaonline.com.br\\\/site\\\/categoria\\\/gerais\\\/#listItem\",\"name\":\"Gerais\"}}]},{\"@type\":\"Organization\",\"@id\":\"https:\\\/\\\/anoticiaonline.com.br\\\/site\\\/#organization\",\"name\":\"A Not\\u00edcia Online\",\"description\":\"Noticias de Muria\\u00e9 e regi\\u00e3o\",\"url\":\"https:\\\/\\\/anoticiaonline.com.br\\\/site\\\/\",\"logo\":{\"@type\":\"ImageObject\",\"url\":\"https:\\\/\\\/scontent-gig4-1.xx.fbcdn.net\\\/v\\\/t39.30808-1\\\/270437624_4564083193639691_6907940295614233970_n.jpg?stp=dst-jpg_s200x200_tt6&_nc_cat=111&ccb=1-7&_nc_sid=f907e8&_nc_ohc=SM1wRlP3lJwQ7kNvwEPuBYA&_nc_oc=AdnqrjDN_BNjSSHWO-GbkIWH6fkGMLw4bqvL_NH6e2wMveX7G-rP2dAqsDSq1mJMOaY&_nc_zt=24&_nc_ht=scontent-gig4-1.xx&_nc_gid=AoBFJeGrT1hVaew_6rchkQ&oh=00_AfX7QmFGhQhG2jAllVgXCiM1ZrWgvtp80-Bfppyexh1QEg&oe=689E923C\",\"@id\":\"https:\\\/\\\/anoticiaonline.com.br\\\/site\\\/recreio-apresenta-o-novo-e-surpreendente-virtus-2018\\\/#organizationLogo\"},\"image\":{\"@id\":\"https:\\\/\\\/anoticiaonline.com.br\\\/site\\\/recreio-apresenta-o-novo-e-surpreendente-virtus-2018\\\/#organizationLogo\"}},{\"@type\":\"Person\",\"@id\":\"https:\\\/\\\/anoticiaonline.com.br\\\/site\\\/author\\\/juliana\\\/#author\",\"url\":\"https:\\\/\\\/anoticiaonline.com.br\\\/site\\\/author\\\/juliana\\\/\",\"name\":\"Juliana Laviola\",\"image\":{\"@type\":\"ImageObject\",\"@id\":\"https:\\\/\\\/anoticiaonline.com.br\\\/site\\\/recreio-apresenta-o-novo-e-surpreendente-virtus-2018\\\/#authorImage\",\"url\":\"https:\\\/\\\/secure.gravatar.com\\\/avatar\\\/b8d45f5c699b100dfaf0e543582f38f38bf94cb7ae3a5e9abf8d891a34773335?s=96&d=mm&r=g\",\"width\":96,\"height\":96,\"caption\":\"Juliana Laviola\"}},{\"@type\":\"WebPage\",\"@id\":\"https:\\\/\\\/anoticiaonline.com.br\\\/site\\\/recreio-apresenta-o-novo-e-surpreendente-virtus-2018\\\/#webpage\",\"url\":\"https:\\\/\\\/anoticiaonline.com.br\\\/site\\\/recreio-apresenta-o-novo-e-surpreendente-virtus-2018\\\/\",\"name\":\"Recreio apresenta o novo e surpreendente Virtus 2018 - A Not\\u00edcia Online\",\"description\":\"A concession\\u00e1ria Recreio de Muria\\u00e9 apresentou aos clientes, no s\\u00e1bado (17), durante um delicioso caf\\u00e9 da manh\\u00e3, o surpreendente autom\\u00f3vel Virtus, novo lan\\u00e7amento sed\\u00e3 2018 da Volkswagen. O Virtus \\u00e9 um carro in\\u00e9dito que apresenta novas percep\\u00e7\\u00f5es em design inova\\u00e7\\u00e3o e desempenho, onde conforto \\u00e9 palavra de ordem. O autom\\u00f3vel possui tr\\u00eas vers\\u00f5es: MSI, motoriza\\u00e7\\u00e3o\",\"inLanguage\":\"pt-BR\",\"isPartOf\":{\"@id\":\"https:\\\/\\\/anoticiaonline.com.br\\\/site\\\/#website\"},\"breadcrumb\":{\"@id\":\"https:\\\/\\\/anoticiaonline.com.br\\\/site\\\/recreio-apresenta-o-novo-e-surpreendente-virtus-2018\\\/#breadcrumblist\"},\"author\":{\"@id\":\"https:\\\/\\\/anoticiaonline.com.br\\\/site\\\/author\\\/juliana\\\/#author\"},\"creator\":{\"@id\":\"https:\\\/\\\/anoticiaonline.com.br\\\/site\\\/author\\\/juliana\\\/#author\"},\"image\":{\"@type\":\"ImageObject\",\"url\":\"https:\\\/\\\/anoticiaonline.com.br\\\/site\\\/wp-content\\\/uploads\\\/2018\\\/02\\\/DSC_0080.jpg\",\"@id\":\"https:\\\/\\\/anoticiaonline.com.br\\\/site\\\/recreio-apresenta-o-novo-e-surpreendente-virtus-2018\\\/#mainImage\",\"width\":640,\"height\":427},\"primaryImageOfPage\":{\"@id\":\"https:\\\/\\\/anoticiaonline.com.br\\\/site\\\/recreio-apresenta-o-novo-e-surpreendente-virtus-2018\\\/#mainImage\"},\"datePublished\":\"2018-02-22T22:57:15-03:00\",\"dateModified\":\"2018-02-22T23:00:07-03:00\"},{\"@type\":\"WebSite\",\"@id\":\"https:\\\/\\\/anoticiaonline.com.br\\\/site\\\/#website\",\"url\":\"https:\\\/\\\/anoticiaonline.com.br\\\/site\\\/\",\"name\":\"A Not\\u00edcia Online\",\"description\":\"Noticias de Muria\\u00e9 e regi\\u00e3o\",\"inLanguage\":\"pt-BR\",\"publisher\":{\"@id\":\"https:\\\/\\\/anoticiaonline.com.br\\\/site\\\/#organization\"}}]}\n\t\t<\/script>\n\t\t<!-- All in One SEO -->\n\n","aioseo_head_json":{"title":"Recreio apresenta o novo e surpreendente Virtus 2018 - A Not\u00edcia Online","description":"A concession\u00e1ria Recreio de Muria\u00e9 apresentou aos clientes, no s\u00e1bado (17), durante um delicioso caf\u00e9 da manh\u00e3, o surpreendente autom\u00f3vel Virtus, novo lan\u00e7amento sed\u00e3 2018 da Volkswagen. O Virtus \u00e9 um carro in\u00e9dito que apresenta novas percep\u00e7\u00f5es em design inova\u00e7\u00e3o e desempenho, onde conforto \u00e9 palavra de ordem. O autom\u00f3vel possui tr\u00eas vers\u00f5es: MSI, motoriza\u00e7\u00e3o","canonical_url":"https:\/\/anoticiaonline.com.br\/site\/recreio-apresenta-o-novo-e-surpreendente-virtus-2018\/","robots":"max-image-preview:large","keywords":"","webmasterTools":{"miscellaneous":""},"schema":{"@context":"https:\/\/schema.org","@graph":[{"@type":"BlogPosting","@id":"https:\/\/anoticiaonline.com.br\/site\/recreio-apresenta-o-novo-e-surpreendente-virtus-2018\/#blogposting","name":"Recreio apresenta o novo e surpreendente Virtus 2018 - A Not\u00edcia Online","headline":"Recreio apresenta o novo e surpreendente Virtus 2018","author":{"@id":"https:\/\/anoticiaonline.com.br\/site\/author\/juliana\/#author"},"publisher":{"@id":"https:\/\/anoticiaonline.com.br\/site\/#organization"},"image":{"@type":"ImageObject","url":"https:\/\/anoticiaonline.com.br\/site\/wp-content\/uploads\/2018\/02\/DSC_0080.jpg","width":640,"height":427},"datePublished":"2018-02-22T22:57:15-03:00","dateModified":"2018-02-22T23:00:07-03:00","inLanguage":"pt-BR","mainEntityOfPage":{"@id":"https:\/\/anoticiaonline.com.br\/site\/recreio-apresenta-o-novo-e-surpreendente-virtus-2018\/#webpage"},"isPartOf":{"@id":"https:\/\/anoticiaonline.com.br\/site\/recreio-apresenta-o-novo-e-surpreendente-virtus-2018\/#webpage"},"articleSection":"Gerais, carro 0km, carro 2018, carro novo, lan\u00e7amento, Recreio, Recreio de Muria\u00e9, Virtus, Virtus 2018, Volkswagen"},{"@type":"BreadcrumbList","@id":"https:\/\/anoticiaonline.com.br\/site\/recreio-apresenta-o-novo-e-surpreendente-virtus-2018\/#breadcrumblist","itemListElement":[{"@type":"ListItem","@id":"https:\/\/anoticiaonline.com.br\/site#listItem","position":1,"name":"Home","item":"https:\/\/anoticiaonline.com.br\/site","nextItem":{"@type":"ListItem","@id":"https:\/\/anoticiaonline.com.br\/site\/categoria\/gerais\/#listItem","name":"Gerais"}},{"@type":"ListItem","@id":"https:\/\/anoticiaonline.com.br\/site\/categoria\/gerais\/#listItem","position":2,"name":"Gerais","item":"https:\/\/anoticiaonline.com.br\/site\/categoria\/gerais\/","nextItem":{"@type":"ListItem","@id":"https:\/\/anoticiaonline.com.br\/site\/recreio-apresenta-o-novo-e-surpreendente-virtus-2018\/#listItem","name":"Recreio apresenta o novo e surpreendente Virtus 2018"},"previousItem":{"@type":"ListItem","@id":"https:\/\/anoticiaonline.com.br\/site#listItem","name":"Home"}},{"@type":"ListItem","@id":"https:\/\/anoticiaonline.com.br\/site\/recreio-apresenta-o-novo-e-surpreendente-virtus-2018\/#listItem","position":3,"name":"Recreio apresenta o novo e surpreendente Virtus 2018","previousItem":{"@type":"ListItem","@id":"https:\/\/anoticiaonline.com.br\/site\/categoria\/gerais\/#listItem","name":"Gerais"}}]},{"@type":"Organization","@id":"https:\/\/anoticiaonline.com.br\/site\/#organization","name":"A Not\u00edcia Online","description":"Noticias de Muria\u00e9 e regi\u00e3o","url":"https:\/\/anoticiaonline.com.br\/site\/","logo":{"@type":"ImageObject","url":"https:\/\/scontent-gig4-1.xx.fbcdn.net\/v\/t39.30808-1\/270437624_4564083193639691_6907940295614233970_n.jpg?stp=dst-jpg_s200x200_tt6&_nc_cat=111&ccb=1-7&_nc_sid=f907e8&_nc_ohc=SM1wRlP3lJwQ7kNvwEPuBYA&_nc_oc=AdnqrjDN_BNjSSHWO-GbkIWH6fkGMLw4bqvL_NH6e2wMveX7G-rP2dAqsDSq1mJMOaY&_nc_zt=24&_nc_ht=scontent-gig4-1.xx&_nc_gid=AoBFJeGrT1hVaew_6rchkQ&oh=00_AfX7QmFGhQhG2jAllVgXCiM1ZrWgvtp80-Bfppyexh1QEg&oe=689E923C","@id":"https:\/\/anoticiaonline.com.br\/site\/recreio-apresenta-o-novo-e-surpreendente-virtus-2018\/#organizationLogo"},"image":{"@id":"https:\/\/anoticiaonline.com.br\/site\/recreio-apresenta-o-novo-e-surpreendente-virtus-2018\/#organizationLogo"}},{"@type":"Person","@id":"https:\/\/anoticiaonline.com.br\/site\/author\/juliana\/#author","url":"https:\/\/anoticiaonline.com.br\/site\/author\/juliana\/","name":"Juliana Laviola","image":{"@type":"ImageObject","@id":"https:\/\/anoticiaonline.com.br\/site\/recreio-apresenta-o-novo-e-surpreendente-virtus-2018\/#authorImage","url":"https:\/\/secure.gravatar.com\/avatar\/b8d45f5c699b100dfaf0e543582f38f38bf94cb7ae3a5e9abf8d891a34773335?s=96&d=mm&r=g","width":96,"height":96,"caption":"Juliana Laviola"}},{"@type":"WebPage","@id":"https:\/\/anoticiaonline.com.br\/site\/recreio-apresenta-o-novo-e-surpreendente-virtus-2018\/#webpage","url":"https:\/\/anoticiaonline.com.br\/site\/recreio-apresenta-o-novo-e-surpreendente-virtus-2018\/","name":"Recreio apresenta o novo e surpreendente Virtus 2018 - A Not\u00edcia Online","description":"A concession\u00e1ria Recreio de Muria\u00e9 apresentou aos clientes, no s\u00e1bado (17), durante um delicioso caf\u00e9 da manh\u00e3, o surpreendente autom\u00f3vel Virtus, novo lan\u00e7amento sed\u00e3 2018 da Volkswagen. O Virtus \u00e9 um carro in\u00e9dito que apresenta novas percep\u00e7\u00f5es em design inova\u00e7\u00e3o e desempenho, onde conforto \u00e9 palavra de ordem. O autom\u00f3vel possui tr\u00eas vers\u00f5es: MSI, motoriza\u00e7\u00e3o","inLanguage":"pt-BR","isPartOf":{"@id":"https:\/\/anoticiaonline.com.br\/site\/#website"},"breadcrumb":{"@id":"https:\/\/anoticiaonline.com.br\/site\/recreio-apresenta-o-novo-e-surpreendente-virtus-2018\/#breadcrumblist"},"author":{"@id":"https:\/\/anoticiaonline.com.br\/site\/author\/juliana\/#author"},"creator":{"@id":"https:\/\/anoticiaonline.com.br\/site\/author\/juliana\/#author"},"image":{"@type":"ImageObject","url":"https:\/\/anoticiaonline.com.br\/site\/wp-content\/uploads\/2018\/02\/DSC_0080.jpg","@id":"https:\/\/anoticiaonline.com.br\/site\/recreio-apresenta-o-novo-e-surpreendente-virtus-2018\/#mainImage","width":640,"height":427},"primaryImageOfPage":{"@id":"https:\/\/anoticiaonline.com.br\/site\/recreio-apresenta-o-novo-e-surpreendente-virtus-2018\/#mainImage"},"datePublished":"2018-02-22T22:57:15-03:00","dateModified":"2018-02-22T23:00:07-03:00"},{"@type":"WebSite","@id":"https:\/\/anoticiaonline.com.br\/site\/#website","url":"https:\/\/anoticiaonline.com.br\/site\/","name":"A Not\u00edcia Online","description":"Noticias de Muria\u00e9 e regi\u00e3o","inLanguage":"pt-BR","publisher":{"@id":"https:\/\/anoticiaonline.com.br\/site\/#organization"}}]},"og:locale":"pt_BR","og:site_name":"A Not\u00edcia Online - Noticias de Muria\u00e9 e regi\u00e3o","og:type":"article","og:title":"Recreio apresenta o novo e surpreendente Virtus 2018 - A Not\u00edcia Online","og:description":"A concession\u00e1ria Recreio de Muria\u00e9 apresentou aos clientes, no s\u00e1bado (17), durante um delicioso caf\u00e9 da manh\u00e3, o surpreendente autom\u00f3vel Virtus, novo lan\u00e7amento sed\u00e3 2018 da Volkswagen. O Virtus \u00e9 um carro in\u00e9dito que apresenta novas percep\u00e7\u00f5es em design inova\u00e7\u00e3o e desempenho, onde conforto \u00e9 palavra de ordem. O autom\u00f3vel possui tr\u00eas vers\u00f5es: MSI, motoriza\u00e7\u00e3o","og:url":"https:\/\/anoticiaonline.com.br\/site\/recreio-apresenta-o-novo-e-surpreendente-virtus-2018\/","og:image":"https:\/\/scontent-gig4-1.xx.fbcdn.net\/v\/t39.30808-1\/270437624_4564083193639691_6907940295614233970_n.jpg?stp=dst-jpg_s200x200_tt6&#038;_nc_cat=111&#038;ccb=1-7&#038;_nc_sid=f907e8&#038;_nc_ohc=SM1wRlP3lJwQ7kNvwEPuBYA&#038;_nc_oc=AdnqrjDN_BNjSSHWO-GbkIWH6fkGMLw4bqvL_NH6e2wMveX7G-rP2dAqsDSq1mJMOaY&#038;_nc_zt=24&#038;_nc_ht=scontent-gig4-1.xx&#038;_nc_gid=AoBFJeGrT1hVaew_6rchkQ&#038;oh=00_AfX7QmFGhQhG2jAllVgXCiM1ZrWgvtp80-Bfppyexh1QEg&#038;oe=689E923C","og:image:secure_url":"https:\/\/scontent-gig4-1.xx.fbcdn.net\/v\/t39.30808-1\/270437624_4564083193639691_6907940295614233970_n.jpg?stp=dst-jpg_s200x200_tt6&#038;_nc_cat=111&#038;ccb=1-7&#038;_nc_sid=f907e8&#038;_nc_ohc=SM1wRlP3lJwQ7kNvwEPuBYA&#038;_nc_oc=AdnqrjDN_BNjSSHWO-GbkIWH6fkGMLw4bqvL_NH6e2wMveX7G-rP2dAqsDSq1mJMOaY&#038;_nc_zt=24&#038;_nc_ht=scontent-gig4-1.xx&#038;_nc_gid=AoBFJeGrT1hVaew_6rchkQ&#038;oh=00_AfX7QmFGhQhG2jAllVgXCiM1ZrWgvtp80-Bfppyexh1QEg&#038;oe=689E923C","article:published_time":"2018-02-23T01:57:15+00:00","article:modified_time":"2018-02-23T02:00:07+00:00","twitter:card":"summary_large_image","twitter:title":"Recreio apresenta o novo e surpreendente Virtus 2018 - A Not\u00edcia Online","twitter:description":"A concession\u00e1ria Recreio de Muria\u00e9 apresentou aos clientes, no s\u00e1bado (17), durante um delicioso caf\u00e9 da manh\u00e3, o surpreendente autom\u00f3vel Virtus, novo lan\u00e7amento sed\u00e3 2018 da Volkswagen. O Virtus \u00e9 um carro in\u00e9dito que apresenta novas percep\u00e7\u00f5es em design inova\u00e7\u00e3o e desempenho, onde conforto \u00e9 palavra de ordem. O autom\u00f3vel possui tr\u00eas vers\u00f5es: MSI, motoriza\u00e7\u00e3o","twitter:image":"https:\/\/scontent-gig4-1.xx.fbcdn.net\/v\/t39.30808-1\/270437624_4564083193639691_6907940295614233970_n.jpg?stp=dst-jpg_s200x200_tt6&_nc_cat=111&ccb=1-7&_nc_sid=f907e8&_nc_ohc=SM1wRlP3lJwQ7kNvwEPuBYA&_nc_oc=AdnqrjDN_BNjSSHWO-GbkIWH6fkGMLw4bqvL_NH6e2wMveX7G-rP2dAqsDSq1mJMOaY&_nc_zt=24&_nc_ht=scontent-gig4-1.xx&_nc_gid=AoBFJeGrT1hVaew_6rchkQ&oh=00_AfX7QmFGhQhG2jAllVgXCiM1ZrWgvtp80-Bfppyexh1QEg&oe=689E923C"},"aioseo_meta_data":{"post_id":"50779","title":null,"description":null,"keywords":null,"keyphrases":null,"primary_term":null,"canonical_url":null,"og_title":null,"og_description":null,"og_object_type":"default","og_image_type":"default","og_image_url":null,"og_image_width":null,"og_image_height":null,"og_image_custom_url":null,"og_image_custom_fields":null,"og_video":null,"og_custom_url":null,"og_article_section":null,"og_article_tags":null,"twitter_use_og":false,"twitter_card":"default","twitter_image_type":"default","twitter_image_url":null,"twitter_image_custom_url":null,"twitter_image_custom_fields":null,"twitter_title":null,"twitter_description":null,"schema":{"blockGraphs":[],"customGraphs":[],"default":{"data":{"Article":[],"Course":[],"Dataset":[],"FAQPage":[],"Movie":[],"Person":[],"Product":[],"ProductReview":[],"Car":[],"Recipe":[],"Service":[],"SoftwareApplication":[],"WebPage":[]},"graphName":"","isEnabled":true},"graphs":[]},"schema_type":"default","schema_type_options":null,"pillar_content":false,"robots_default":true,"robots_noindex":false,"robots_noarchive":false,"robots_nosnippet":false,"robots_nofollow":false,"robots_noimageindex":false,"robots_noodp":false,"robots_notranslate":false,"robots_max_snippet":null,"robots_max_videopreview":null,"robots_max_imagepreview":"large","priority":null,"frequency":null,"local_seo":null,"breadcrumb_settings":null,"limit_modified_date":false,"ai":null,"created":"2025-08-16 20:24:04","updated":"2025-08-16 20:24:04","focus_keyword":null,"additional_keywords":null,"truseo_locale":null,"seo_analyzer_scan_date":null},"aioseo_breadcrumb":"<div class=\"aioseo-breadcrumbs\"><span class=\"aioseo-breadcrumb\">\n\t\t\t<a href=\"https:\/\/anoticiaonline.com.br\/site\" title=\"Home\">Home<\/a>\n\t\t<\/span><span class=\"aioseo-breadcrumb-separator\">&raquo;<\/span><span class=\"aioseo-breadcrumb\">\n\t\t\t<a href=\"https:\/\/anoticiaonline.com.br\/site\/categoria\/gerais\/\" title=\"Gerais\">Gerais<\/a>\n\t\t<\/span><span class=\"aioseo-breadcrumb-separator\">&raquo;<\/span><span class=\"aioseo-breadcrumb\">\n\t\t\tRecreio apresenta o novo e surpreendente Virtus 2018\n\t\t<\/span><\/div>","aioseo_breadcrumb_json":[{"label":"Home","link":"https:\/\/anoticiaonline.com.br\/site"},{"label":"Gerais","link":"https:\/\/anoticiaonline.com.br\/site\/categoria\/gerais\/"},{"label":"Recreio apresenta o novo e surpreendente Virtus 2018","link":"https:\/\/anoticiaonline.com.br\/site\/recreio-apresenta-o-novo-e-surpreendente-virtus-2018\/"}],"views":99,"_links":{"self":[{"href":"https:\/\/anoticiaonline.com.br\/site\/wp-json\/wp\/v2\/posts\/50779","targetHints":{"allow":["GET"]}}],"collection":[{"href":"https:\/\/anoticiaonline.com.br\/site\/wp-json\/wp\/v2\/posts"}],"about":[{"href":"https:\/\/anoticiaonline.com.br\/site\/wp-json\/wp\/v2\/types\/post"}],"author":[{"embeddable":true,"href":"https:\/\/anoticiaonline.com.br\/site\/wp-json\/wp\/v2\/users\/2"}],"replies":[{"embeddable":true,"href":"https:\/\/anoticiaonline.com.br\/site\/wp-json\/wp\/v2\/comments?post=50779"}],"version-history":[{"count":0,"href":"https:\/\/anoticiaonline.com.br\/site\/wp-json\/wp\/v2\/posts\/50779\/revisions"}],"wp:featuredmedia":[{"embeddable":true,"href":"https:\/\/anoticiaonline.com.br\/site\/wp-json\/wp\/v2\/media\/50780"}],"wp:attachment":[{"href":"https:\/\/anoticiaonline.com.br\/site\/wp-json\/wp\/v2\/media?parent=50779"}],"wp:term":[{"taxonomy":"category","embeddable":true,"href":"https:\/\/anoticiaonline.com.br\/site\/wp-json\/wp\/v2\/categories?post=50779"},{"taxonomy":"post_tag","embeddable":true,"href":"https:\/\/anoticiaonline.com.br\/site\/wp-json\/wp\/v2\/tags?post=50779"}],"curies":[{"name":"wp","href":"https:\/\/api.w.org\/{rel}","templated":true}]}}