{"id":50768,"date":"2018-02-22T22:27:37","date_gmt":"2018-02-23T01:27:37","guid":{"rendered":"http:\/\/anoticiaonline.com.br\/site\/?p=50768"},"modified":"2018-02-22T22:27:37","modified_gmt":"2018-02-23T01:27:37","slug":"suzelane-peres-comemora-seu-aniversario","status":"publish","type":"post","link":"https:\/\/anoticiaonline.com.br\/site\/suzelane-peres-comemora-seu-aniversario\/","title":{"rendered":"Suzelane P\u00e9res comemora seu anivers\u00e1rio"},"content":{"rendered":"<p><a href=\"https:\/\/anoticiaonline.com.br\/site\/wp-content\/uploads\/2018\/02\/WhatsApp-Image-2018-02-20-at-15.29.41-2.jpeg\"><\/a><a href=\"https:\/\/anoticiaonline.com.br\/site\/wp-content\/uploads\/2018\/02\/WhatsApp-Image-2018-02-20-at-15.29.41.jpeg\"><img fetchpriority=\"high\" decoding=\"async\" class=\"aligncenter size-full wp-image-50770\" src=\"https:\/\/anoticiaonline.com.br\/site\/wp-content\/uploads\/2018\/02\/WhatsApp-Image-2018-02-20-at-15.29.41.jpeg\" alt=\"\" width=\"640\" height=\"480\" srcset=\"https:\/\/anoticiaonline.com.br\/site\/wp-content\/uploads\/2018\/02\/WhatsApp-Image-2018-02-20-at-15.29.41.jpeg 640w, https:\/\/anoticiaonline.com.br\/site\/wp-content\/uploads\/2018\/02\/WhatsApp-Image-2018-02-20-at-15.29.41-300x225.jpeg 300w\" sizes=\"(max-width: 640px) 100vw, 640px\" \/><\/a><a href=\"https:\/\/anoticiaonline.com.br\/site\/wp-content\/uploads\/2018\/02\/WhatsApp-Image-2018-02-20-at-15.29.42.jpeg\"><img decoding=\"async\" class=\"aligncenter size-full wp-image-50771\" src=\"https:\/\/anoticiaonline.com.br\/site\/wp-content\/uploads\/2018\/02\/WhatsApp-Image-2018-02-20-at-15.29.42.jpeg\" alt=\"\" width=\"360\" height=\"640\" srcset=\"https:\/\/anoticiaonline.com.br\/site\/wp-content\/uploads\/2018\/02\/WhatsApp-Image-2018-02-20-at-15.29.42.jpeg 360w, https:\/\/anoticiaonline.com.br\/site\/wp-content\/uploads\/2018\/02\/WhatsApp-Image-2018-02-20-at-15.29.42-169x300.jpeg 169w\" sizes=\"(max-width: 360px) 100vw, 360px\" \/><\/a> <a href=\"https:\/\/anoticiaonline.com.br\/site\/wp-content\/uploads\/2018\/02\/WhatsApp-Image-2018-02-20-at-15.29.43-1.jpeg\"><img decoding=\"async\" class=\"aligncenter size-full wp-image-50772\" src=\"https:\/\/anoticiaonline.com.br\/site\/wp-content\/uploads\/2018\/02\/WhatsApp-Image-2018-02-20-at-15.29.43-1.jpeg\" alt=\"\" width=\"360\" height=\"640\" srcset=\"https:\/\/anoticiaonline.com.br\/site\/wp-content\/uploads\/2018\/02\/WhatsApp-Image-2018-02-20-at-15.29.43-1.jpeg 360w, https:\/\/anoticiaonline.com.br\/site\/wp-content\/uploads\/2018\/02\/WhatsApp-Image-2018-02-20-at-15.29.43-1-169x300.jpeg 169w\" sizes=\"(max-width: 360px) 100vw, 360px\" \/><\/a><a href=\"https:\/\/anoticiaonline.com.br\/site\/wp-content\/uploads\/2018\/02\/WhatsApp-Image-2018-02-20-at-15.29.45.jpeg\"><img loading=\"lazy\" decoding=\"async\" class=\"aligncenter size-full wp-image-50775\" src=\"https:\/\/anoticiaonline.com.br\/site\/wp-content\/uploads\/2018\/02\/WhatsApp-Image-2018-02-20-at-15.29.45.jpeg\" alt=\"\" width=\"481\" height=\"640\" srcset=\"https:\/\/anoticiaonline.com.br\/site\/wp-content\/uploads\/2018\/02\/WhatsApp-Image-2018-02-20-at-15.29.45.jpeg 481w, https:\/\/anoticiaonline.com.br\/site\/wp-content\/uploads\/2018\/02\/WhatsApp-Image-2018-02-20-at-15.29.45-225x300.jpeg 225w\" sizes=\"(max-width: 481px) 100vw, 481px\" \/><\/a> <a href=\"https:\/\/anoticiaonline.com.br\/site\/wp-content\/uploads\/2018\/02\/WhatsApp-Image-2018-02-20-at-15.29.47-1.jpeg\"><img loading=\"lazy\" decoding=\"async\" class=\"aligncenter size-full wp-image-50776\" src=\"https:\/\/anoticiaonline.com.br\/site\/wp-content\/uploads\/2018\/02\/WhatsApp-Image-2018-02-20-at-15.29.47-1.jpeg\" alt=\"\" width=\"481\" height=\"640\" srcset=\"https:\/\/anoticiaonline.com.br\/site\/wp-content\/uploads\/2018\/02\/WhatsApp-Image-2018-02-20-at-15.29.47-1.jpeg 481w, https:\/\/anoticiaonline.com.br\/site\/wp-content\/uploads\/2018\/02\/WhatsApp-Image-2018-02-20-at-15.29.47-1-225x300.jpeg 225w\" sizes=\"(max-width: 481px) 100vw, 481px\" \/><\/a> <a href=\"https:\/\/anoticiaonline.com.br\/site\/wp-content\/uploads\/2018\/02\/WhatsApp-Image-2018-02-20-at-15.29.47.jpeg\"><img loading=\"lazy\" decoding=\"async\" class=\"aligncenter size-full wp-image-50777\" src=\"https:\/\/anoticiaonline.com.br\/site\/wp-content\/uploads\/2018\/02\/WhatsApp-Image-2018-02-20-at-15.29.47.jpeg\" alt=\"\" width=\"360\" height=\"640\" srcset=\"https:\/\/anoticiaonline.com.br\/site\/wp-content\/uploads\/2018\/02\/WhatsApp-Image-2018-02-20-at-15.29.47.jpeg 360w, https:\/\/anoticiaonline.com.br\/site\/wp-content\/uploads\/2018\/02\/WhatsApp-Image-2018-02-20-at-15.29.47-169x300.jpeg 169w\" sizes=\"(max-width: 360px) 100vw, 360px\" \/><\/a>A micropigmentadora, Suzelane P\u00e9res, reuniu amigos e clientes, durante um delicioso ch\u00e1 na tarde de segunda-feira (19), no Espa\u00e7o Suze e Equipe, localizado na Avenida Eud\u00f3xia Can\u00eado, n\u00famero 24, para comemorar o seu anivers\u00e1rio.<\/p>\n<p>Em meio a diversas homenagens, Suzelane comemorou o sucesso pessoal alinhado ao profissional. \u201cAmo muito o meu trabalho e o que fa\u00e7o. Meus clientes e amigos contribuem muito pela minha felicidade. Por isso, nada mais justo do que comemorar com eles, que s\u00e3o o meu maior presente\u201d, conta.<\/p>\n<p>O Espa\u00e7o Suze e Equipe \u00e9 um ambiente charmoso, amplo e moderno, que oferece servi\u00e7os completos de depila\u00e7\u00e3o, manicure, pedicure, micropigmenta\u00e7\u00e3o, design de sobrancelhas, maquiagem, tratamentos corporal e facial completos. Telefones para contato: 32 3722-6492 e 32 98849-7413.<\/p>\n<p><a href=\"https:\/\/anoticiaonline.com.br\/site\/wp-content\/uploads\/2018\/02\/WhatsApp-Image-2018-02-20-at-15.29.43.jpeg\"><img loading=\"lazy\" decoding=\"async\" class=\"aligncenter size-full wp-image-50773\" src=\"https:\/\/anoticiaonline.com.br\/site\/wp-content\/uploads\/2018\/02\/WhatsApp-Image-2018-02-20-at-15.29.43.jpeg\" alt=\"\" width=\"480\" height=\"640\" srcset=\"https:\/\/anoticiaonline.com.br\/site\/wp-content\/uploads\/2018\/02\/WhatsApp-Image-2018-02-20-at-15.29.43.jpeg 480w, https:\/\/anoticiaonline.com.br\/site\/wp-content\/uploads\/2018\/02\/WhatsApp-Image-2018-02-20-at-15.29.43-225x300.jpeg 225w\" sizes=\"(max-width: 480px) 100vw, 480px\" \/><\/a><a href=\"https:\/\/anoticiaonline.com.br\/site\/wp-content\/uploads\/2018\/02\/WhatsApp-Image-2018-02-20-at-15.29.44.jpeg\"><img loading=\"lazy\" decoding=\"async\" class=\"aligncenter size-full wp-image-50774\" src=\"https:\/\/anoticiaonline.com.br\/site\/wp-content\/uploads\/2018\/02\/WhatsApp-Image-2018-02-20-at-15.29.44.jpeg\" alt=\"\" width=\"480\" height=\"640\" srcset=\"https:\/\/anoticiaonline.com.br\/site\/wp-content\/uploads\/2018\/02\/WhatsApp-Image-2018-02-20-at-15.29.44.jpeg 480w, https:\/\/anoticiaonline.com.br\/site\/wp-content\/uploads\/2018\/02\/WhatsApp-Image-2018-02-20-at-15.29.44-225x300.jpeg 225w\" sizes=\"(max-width: 480px) 100vw, 480px\" \/><\/a><a href=\"https:\/\/anoticiaonline.com.br\/site\/wp-content\/uploads\/2018\/02\/WhatsApp-Image-2018-02-20-at-15.29.41-2.jpeg\"><img loading=\"lazy\" decoding=\"async\" class=\"aligncenter size-full wp-image-50769\" src=\"https:\/\/anoticiaonline.com.br\/site\/wp-content\/uploads\/2018\/02\/WhatsApp-Image-2018-02-20-at-15.29.41-2.jpeg\" alt=\"\" width=\"480\" height=\"640\" srcset=\"https:\/\/anoticiaonline.com.br\/site\/wp-content\/uploads\/2018\/02\/WhatsApp-Image-2018-02-20-at-15.29.41-2.jpeg 480w, https:\/\/anoticiaonline.com.br\/site\/wp-content\/uploads\/2018\/02\/WhatsApp-Image-2018-02-20-at-15.29.41-2-225x300.jpeg 225w\" sizes=\"(max-width: 480px) 100vw, 480px\" \/><\/a><\/p>\n","protected":false},"excerpt":{"rendered":"<p>A micropigmentadora, Suzelane P\u00e9res, reuniu amigos e clientes, durante um delicioso ch\u00e1 na tarde de segunda-feira (19), no Espa\u00e7o Suze e Equipe, localizado na Avenida Eud\u00f3xia Can\u00eado, n\u00famero 24, para comemorar o seu anivers\u00e1rio. Em meio a diversas homenagens, Suzelane comemorou o sucesso pessoal alinhado ao profissional. \u201cAmo muito o meu trabalho e o que &#8230; <a title=\"Suzelane P\u00e9res comemora seu anivers\u00e1rio\" class=\"read-more\" href=\"https:\/\/anoticiaonline.com.br\/site\/suzelane-peres-comemora-seu-aniversario\/\" aria-label=\"Read more about Suzelane P\u00e9res comemora seu anivers\u00e1rio\">Ler mais<\/a><\/p>\n","protected":false},"author":2,"featured_media":50770,"comment_status":"open","ping_status":"open","sticky":false,"template":"","format":"standard","meta":{"_acf_changed":false,"_monsterinsights_skip_tracking":false,"footnotes":""},"categories":[24],"tags":[366,2052,2053,2054,2050,2051,2049],"class_list":["post-50768","post","type-post","status-publish","format-standard","has-post-thumbnail","hentry","category-eventos","tag-aniversario","tag-avenida-eudoxia-canedo","tag-espaco-suze-e-equipe","tag-micropigmentacao","tag-micropigmentadora","tag-micropigmentadora-suzelane-peres","tag-suzelane-peres"],"acf":[],"aioseo_notices":[],"aioseo_head":"\n\t\t<!-- All in One SEO 5.0.0.1 - aioseo.com -->\n\t<meta name=\"description\" content=\"A micropigmentadora, Suzelane P\u00e9res, reuniu amigos e clientes, durante um delicioso ch\u00e1 na tarde de segunda-feira (19), no Espa\u00e7o Suze e Equipe, localizado na Avenida Eud\u00f3xia Can\u00eado, n\u00famero 24, para comemorar o seu anivers\u00e1rio. Em meio a diversas homenagens, Suzelane comemorou o sucesso pessoal alinhado ao profissional. \u201cAmo muito o meu trabalho e o que\" \/>\n\t<meta name=\"robots\" content=\"max-image-preview:large\" \/>\n\t<meta name=\"author\" content=\"Juliana Laviola\"\/>\n\t<link rel=\"canonical\" href=\"https:\/\/anoticiaonline.com.br\/site\/suzelane-peres-comemora-seu-aniversario\/\" \/>\n\t<meta name=\"generator\" content=\"All in One SEO (AIOSEO) 5.0.0.1\" \/>\n\t\t<meta property=\"og:locale\" content=\"pt_BR\" \/>\n\t\t<meta property=\"og:site_name\" content=\"A Not\u00edcia Online - Noticias de Muria\u00e9 e regi\u00e3o\" \/>\n\t\t<meta property=\"og:type\" content=\"article\" \/>\n\t\t<meta property=\"og:title\" content=\"Suzelane P\u00e9res comemora seu anivers\u00e1rio - A Not\u00edcia Online\" \/>\n\t\t<meta property=\"og:description\" content=\"A micropigmentadora, Suzelane P\u00e9res, reuniu amigos e clientes, durante um delicioso ch\u00e1 na tarde de segunda-feira (19), no Espa\u00e7o Suze e Equipe, localizado na Avenida Eud\u00f3xia Can\u00eado, n\u00famero 24, para comemorar o seu anivers\u00e1rio. Em meio a diversas homenagens, Suzelane comemorou o sucesso pessoal alinhado ao profissional. \u201cAmo muito o meu trabalho e o que\" \/>\n\t\t<meta property=\"og:url\" content=\"https:\/\/anoticiaonline.com.br\/site\/suzelane-peres-comemora-seu-aniversario\/\" \/>\n\t\t<meta property=\"og:image\" content=\"https:\/\/scontent-gig4-1.xx.fbcdn.net\/v\/t39.30808-1\/270437624_4564083193639691_6907940295614233970_n.jpg?stp=dst-jpg_s200x200_tt6&#038;_nc_cat=111&#038;ccb=1-7&#038;_nc_sid=f907e8&#038;_nc_ohc=SM1wRlP3lJwQ7kNvwEPuBYA&#038;_nc_oc=AdnqrjDN_BNjSSHWO-GbkIWH6fkGMLw4bqvL_NH6e2wMveX7G-rP2dAqsDSq1mJMOaY&#038;_nc_zt=24&#038;_nc_ht=scontent-gig4-1.xx&#038;_nc_gid=AoBFJeGrT1hVaew_6rchkQ&#038;oh=00_AfX7QmFGhQhG2jAllVgXCiM1ZrWgvtp80-Bfppyexh1QEg&#038;oe=689E923C\" \/>\n\t\t<meta property=\"og:image:secure_url\" content=\"https:\/\/scontent-gig4-1.xx.fbcdn.net\/v\/t39.30808-1\/270437624_4564083193639691_6907940295614233970_n.jpg?stp=dst-jpg_s200x200_tt6&#038;_nc_cat=111&#038;ccb=1-7&#038;_nc_sid=f907e8&#038;_nc_ohc=SM1wRlP3lJwQ7kNvwEPuBYA&#038;_nc_oc=AdnqrjDN_BNjSSHWO-GbkIWH6fkGMLw4bqvL_NH6e2wMveX7G-rP2dAqsDSq1mJMOaY&#038;_nc_zt=24&#038;_nc_ht=scontent-gig4-1.xx&#038;_nc_gid=AoBFJeGrT1hVaew_6rchkQ&#038;oh=00_AfX7QmFGhQhG2jAllVgXCiM1ZrWgvtp80-Bfppyexh1QEg&#038;oe=689E923C\" \/>\n\t\t<meta property=\"article:published_time\" content=\"2018-02-23T01:27:37+00:00\" \/>\n\t\t<meta property=\"article:modified_time\" content=\"2018-02-23T01:27:37+00:00\" \/>\n\t\t<meta name=\"twitter:card\" content=\"summary_large_image\" \/>\n\t\t<meta name=\"twitter:title\" content=\"Suzelane P\u00e9res comemora seu anivers\u00e1rio - A Not\u00edcia Online\" \/>\n\t\t<meta name=\"twitter:description\" content=\"A micropigmentadora, Suzelane P\u00e9res, reuniu amigos e clientes, durante um delicioso ch\u00e1 na tarde de segunda-feira (19), no Espa\u00e7o Suze e Equipe, localizado na Avenida Eud\u00f3xia Can\u00eado, n\u00famero 24, para comemorar o seu anivers\u00e1rio. Em meio a diversas homenagens, Suzelane comemorou o sucesso pessoal alinhado ao profissional. \u201cAmo muito o meu trabalho e o que\" \/>\n\t\t<meta name=\"twitter:image\" content=\"https:\/\/scontent-gig4-1.xx.fbcdn.net\/v\/t39.30808-1\/270437624_4564083193639691_6907940295614233970_n.jpg?stp=dst-jpg_s200x200_tt6&amp;_nc_cat=111&amp;ccb=1-7&amp;_nc_sid=f907e8&amp;_nc_ohc=SM1wRlP3lJwQ7kNvwEPuBYA&amp;_nc_oc=AdnqrjDN_BNjSSHWO-GbkIWH6fkGMLw4bqvL_NH6e2wMveX7G-rP2dAqsDSq1mJMOaY&amp;_nc_zt=24&amp;_nc_ht=scontent-gig4-1.xx&amp;_nc_gid=AoBFJeGrT1hVaew_6rchkQ&amp;oh=00_AfX7QmFGhQhG2jAllVgXCiM1ZrWgvtp80-Bfppyexh1QEg&amp;oe=689E923C\" \/>\n\t\t<script type=\"application\/ld+json\" class=\"aioseo-schema\">\n\t\t\t{\"@context\":\"https:\\\/\\\/schema.org\",\"@graph\":[{\"@type\":\"BlogPosting\",\"@id\":\"https:\\\/\\\/anoticiaonline.com.br\\\/site\\\/suzelane-peres-comemora-seu-aniversario\\\/#blogposting\",\"name\":\"Suzelane P\\u00e9res comemora seu anivers\\u00e1rio - A Not\\u00edcia Online\",\"headline\":\"Suzelane P\\u00e9res comemora seu anivers\\u00e1rio\",\"author\":{\"@id\":\"https:\\\/\\\/anoticiaonline.com.br\\\/site\\\/author\\\/juliana\\\/#author\"},\"publisher\":{\"@id\":\"https:\\\/\\\/anoticiaonline.com.br\\\/site\\\/#organization\"},\"image\":{\"@type\":\"ImageObject\",\"url\":\"https:\\\/\\\/anoticiaonline.com.br\\\/site\\\/wp-content\\\/uploads\\\/2018\\\/02\\\/WhatsApp-Image-2018-02-20-at-15.29.41.jpeg\",\"width\":640,\"height\":480},\"datePublished\":\"2018-02-22T22:27:37-03:00\",\"dateModified\":\"2018-02-22T22:27:37-03:00\",\"inLanguage\":\"pt-BR\",\"mainEntityOfPage\":{\"@id\":\"https:\\\/\\\/anoticiaonline.com.br\\\/site\\\/suzelane-peres-comemora-seu-aniversario\\\/#webpage\"},\"isPartOf\":{\"@id\":\"https:\\\/\\\/anoticiaonline.com.br\\\/site\\\/suzelane-peres-comemora-seu-aniversario\\\/#webpage\"},\"articleSection\":\"Eventos, anivers\\u00e1rio, Avenida Eud\\u00f3xia Can\\u00eado, Espa\\u00e7o Suze e Equipe, micropigmenta\\u00e7\\u00e3o, micropigmentadora, micropigmentadora Suzelane P\\u00e9res, Suzelane P\\u00e9res\"},{\"@type\":\"BreadcrumbList\",\"@id\":\"https:\\\/\\\/anoticiaonline.com.br\\\/site\\\/suzelane-peres-comemora-seu-aniversario\\\/#breadcrumblist\",\"itemListElement\":[{\"@type\":\"ListItem\",\"@id\":\"https:\\\/\\\/anoticiaonline.com.br\\\/site#listItem\",\"position\":1,\"name\":\"Home\",\"item\":\"https:\\\/\\\/anoticiaonline.com.br\\\/site\",\"nextItem\":{\"@type\":\"ListItem\",\"@id\":\"https:\\\/\\\/anoticiaonline.com.br\\\/site\\\/categoria\\\/eventos\\\/#listItem\",\"name\":\"Eventos\"}},{\"@type\":\"ListItem\",\"@id\":\"https:\\\/\\\/anoticiaonline.com.br\\\/site\\\/categoria\\\/eventos\\\/#listItem\",\"position\":2,\"name\":\"Eventos\",\"item\":\"https:\\\/\\\/anoticiaonline.com.br\\\/site\\\/categoria\\\/eventos\\\/\",\"nextItem\":{\"@type\":\"ListItem\",\"@id\":\"https:\\\/\\\/anoticiaonline.com.br\\\/site\\\/suzelane-peres-comemora-seu-aniversario\\\/#listItem\",\"name\":\"Suzelane P\\u00e9res comemora seu anivers\\u00e1rio\"},\"previousItem\":{\"@type\":\"ListItem\",\"@id\":\"https:\\\/\\\/anoticiaonline.com.br\\\/site#listItem\",\"name\":\"Home\"}},{\"@type\":\"ListItem\",\"@id\":\"https:\\\/\\\/anoticiaonline.com.br\\\/site\\\/suzelane-peres-comemora-seu-aniversario\\\/#listItem\",\"position\":3,\"name\":\"Suzelane P\\u00e9res comemora seu anivers\\u00e1rio\",\"previousItem\":{\"@type\":\"ListItem\",\"@id\":\"https:\\\/\\\/anoticiaonline.com.br\\\/site\\\/categoria\\\/eventos\\\/#listItem\",\"name\":\"Eventos\"}}]},{\"@type\":\"Organization\",\"@id\":\"https:\\\/\\\/anoticiaonline.com.br\\\/site\\\/#organization\",\"name\":\"A Not\\u00edcia Online\",\"description\":\"Noticias de Muria\\u00e9 e regi\\u00e3o\",\"url\":\"https:\\\/\\\/anoticiaonline.com.br\\\/site\\\/\",\"logo\":{\"@type\":\"ImageObject\",\"url\":\"https:\\\/\\\/scontent-gig4-1.xx.fbcdn.net\\\/v\\\/t39.30808-1\\\/270437624_4564083193639691_6907940295614233970_n.jpg?stp=dst-jpg_s200x200_tt6&_nc_cat=111&ccb=1-7&_nc_sid=f907e8&_nc_ohc=SM1wRlP3lJwQ7kNvwEPuBYA&_nc_oc=AdnqrjDN_BNjSSHWO-GbkIWH6fkGMLw4bqvL_NH6e2wMveX7G-rP2dAqsDSq1mJMOaY&_nc_zt=24&_nc_ht=scontent-gig4-1.xx&_nc_gid=AoBFJeGrT1hVaew_6rchkQ&oh=00_AfX7QmFGhQhG2jAllVgXCiM1ZrWgvtp80-Bfppyexh1QEg&oe=689E923C\",\"@id\":\"https:\\\/\\\/anoticiaonline.com.br\\\/site\\\/suzelane-peres-comemora-seu-aniversario\\\/#organizationLogo\"},\"image\":{\"@id\":\"https:\\\/\\\/anoticiaonline.com.br\\\/site\\\/suzelane-peres-comemora-seu-aniversario\\\/#organizationLogo\"}},{\"@type\":\"Person\",\"@id\":\"https:\\\/\\\/anoticiaonline.com.br\\\/site\\\/author\\\/juliana\\\/#author\",\"url\":\"https:\\\/\\\/anoticiaonline.com.br\\\/site\\\/author\\\/juliana\\\/\",\"name\":\"Juliana Laviola\",\"image\":{\"@type\":\"ImageObject\",\"@id\":\"https:\\\/\\\/anoticiaonline.com.br\\\/site\\\/suzelane-peres-comemora-seu-aniversario\\\/#authorImage\",\"url\":\"https:\\\/\\\/secure.gravatar.com\\\/avatar\\\/b8d45f5c699b100dfaf0e543582f38f38bf94cb7ae3a5e9abf8d891a34773335?s=96&d=mm&r=g\",\"width\":96,\"height\":96,\"caption\":\"Juliana Laviola\"}},{\"@type\":\"WebPage\",\"@id\":\"https:\\\/\\\/anoticiaonline.com.br\\\/site\\\/suzelane-peres-comemora-seu-aniversario\\\/#webpage\",\"url\":\"https:\\\/\\\/anoticiaonline.com.br\\\/site\\\/suzelane-peres-comemora-seu-aniversario\\\/\",\"name\":\"Suzelane P\\u00e9res comemora seu anivers\\u00e1rio - A Not\\u00edcia Online\",\"description\":\"A micropigmentadora, Suzelane P\\u00e9res, reuniu amigos e clientes, durante um delicioso ch\\u00e1 na tarde de segunda-feira (19), no Espa\\u00e7o Suze e Equipe, localizado na Avenida Eud\\u00f3xia Can\\u00eado, n\\u00famero 24, para comemorar o seu anivers\\u00e1rio. Em meio a diversas homenagens, Suzelane comemorou o sucesso pessoal alinhado ao profissional. \\u201cAmo muito o meu trabalho e o que\",\"inLanguage\":\"pt-BR\",\"isPartOf\":{\"@id\":\"https:\\\/\\\/anoticiaonline.com.br\\\/site\\\/#website\"},\"breadcrumb\":{\"@id\":\"https:\\\/\\\/anoticiaonline.com.br\\\/site\\\/suzelane-peres-comemora-seu-aniversario\\\/#breadcrumblist\"},\"author\":{\"@id\":\"https:\\\/\\\/anoticiaonline.com.br\\\/site\\\/author\\\/juliana\\\/#author\"},\"creator\":{\"@id\":\"https:\\\/\\\/anoticiaonline.com.br\\\/site\\\/author\\\/juliana\\\/#author\"},\"image\":{\"@type\":\"ImageObject\",\"url\":\"https:\\\/\\\/anoticiaonline.com.br\\\/site\\\/wp-content\\\/uploads\\\/2018\\\/02\\\/WhatsApp-Image-2018-02-20-at-15.29.41.jpeg\",\"@id\":\"https:\\\/\\\/anoticiaonline.com.br\\\/site\\\/suzelane-peres-comemora-seu-aniversario\\\/#mainImage\",\"width\":640,\"height\":480},\"primaryImageOfPage\":{\"@id\":\"https:\\\/\\\/anoticiaonline.com.br\\\/site\\\/suzelane-peres-comemora-seu-aniversario\\\/#mainImage\"},\"datePublished\":\"2018-02-22T22:27:37-03:00\",\"dateModified\":\"2018-02-22T22:27:37-03:00\"},{\"@type\":\"WebSite\",\"@id\":\"https:\\\/\\\/anoticiaonline.com.br\\\/site\\\/#website\",\"url\":\"https:\\\/\\\/anoticiaonline.com.br\\\/site\\\/\",\"name\":\"A Not\\u00edcia Online\",\"description\":\"Noticias de Muria\\u00e9 e regi\\u00e3o\",\"inLanguage\":\"pt-BR\",\"publisher\":{\"@id\":\"https:\\\/\\\/anoticiaonline.com.br\\\/site\\\/#organization\"}}]}\n\t\t<\/script>\n\t\t<!-- All in One SEO -->\n\n","aioseo_head_json":{"title":"Suzelane P\u00e9res comemora seu anivers\u00e1rio - A Not\u00edcia Online","description":"A micropigmentadora, Suzelane P\u00e9res, reuniu amigos e clientes, durante um delicioso ch\u00e1 na tarde de segunda-feira (19), no Espa\u00e7o Suze e Equipe, localizado na Avenida Eud\u00f3xia Can\u00eado, n\u00famero 24, para comemorar o seu anivers\u00e1rio. Em meio a diversas homenagens, Suzelane comemorou o sucesso pessoal alinhado ao profissional. \u201cAmo muito o meu trabalho e o que","canonical_url":"https:\/\/anoticiaonline.com.br\/site\/suzelane-peres-comemora-seu-aniversario\/","robots":"max-image-preview:large","keywords":"","webmasterTools":{"miscellaneous":""},"schema":{"@context":"https:\/\/schema.org","@graph":[{"@type":"BlogPosting","@id":"https:\/\/anoticiaonline.com.br\/site\/suzelane-peres-comemora-seu-aniversario\/#blogposting","name":"Suzelane P\u00e9res comemora seu anivers\u00e1rio - A Not\u00edcia Online","headline":"Suzelane P\u00e9res comemora seu anivers\u00e1rio","author":{"@id":"https:\/\/anoticiaonline.com.br\/site\/author\/juliana\/#author"},"publisher":{"@id":"https:\/\/anoticiaonline.com.br\/site\/#organization"},"image":{"@type":"ImageObject","url":"https:\/\/anoticiaonline.com.br\/site\/wp-content\/uploads\/2018\/02\/WhatsApp-Image-2018-02-20-at-15.29.41.jpeg","width":640,"height":480},"datePublished":"2018-02-22T22:27:37-03:00","dateModified":"2018-02-22T22:27:37-03:00","inLanguage":"pt-BR","mainEntityOfPage":{"@id":"https:\/\/anoticiaonline.com.br\/site\/suzelane-peres-comemora-seu-aniversario\/#webpage"},"isPartOf":{"@id":"https:\/\/anoticiaonline.com.br\/site\/suzelane-peres-comemora-seu-aniversario\/#webpage"},"articleSection":"Eventos, anivers\u00e1rio, Avenida Eud\u00f3xia Can\u00eado, Espa\u00e7o Suze e Equipe, micropigmenta\u00e7\u00e3o, micropigmentadora, micropigmentadora Suzelane P\u00e9res, Suzelane P\u00e9res"},{"@type":"BreadcrumbList","@id":"https:\/\/anoticiaonline.com.br\/site\/suzelane-peres-comemora-seu-aniversario\/#breadcrumblist","itemListElement":[{"@type":"ListItem","@id":"https:\/\/anoticiaonline.com.br\/site#listItem","position":1,"name":"Home","item":"https:\/\/anoticiaonline.com.br\/site","nextItem":{"@type":"ListItem","@id":"https:\/\/anoticiaonline.com.br\/site\/categoria\/eventos\/#listItem","name":"Eventos"}},{"@type":"ListItem","@id":"https:\/\/anoticiaonline.com.br\/site\/categoria\/eventos\/#listItem","position":2,"name":"Eventos","item":"https:\/\/anoticiaonline.com.br\/site\/categoria\/eventos\/","nextItem":{"@type":"ListItem","@id":"https:\/\/anoticiaonline.com.br\/site\/suzelane-peres-comemora-seu-aniversario\/#listItem","name":"Suzelane P\u00e9res comemora seu anivers\u00e1rio"},"previousItem":{"@type":"ListItem","@id":"https:\/\/anoticiaonline.com.br\/site#listItem","name":"Home"}},{"@type":"ListItem","@id":"https:\/\/anoticiaonline.com.br\/site\/suzelane-peres-comemora-seu-aniversario\/#listItem","position":3,"name":"Suzelane P\u00e9res comemora seu anivers\u00e1rio","previousItem":{"@type":"ListItem","@id":"https:\/\/anoticiaonline.com.br\/site\/categoria\/eventos\/#listItem","name":"Eventos"}}]},{"@type":"Organization","@id":"https:\/\/anoticiaonline.com.br\/site\/#organization","name":"A Not\u00edcia Online","description":"Noticias de Muria\u00e9 e regi\u00e3o","url":"https:\/\/anoticiaonline.com.br\/site\/","logo":{"@type":"ImageObject","url":"https:\/\/scontent-gig4-1.xx.fbcdn.net\/v\/t39.30808-1\/270437624_4564083193639691_6907940295614233970_n.jpg?stp=dst-jpg_s200x200_tt6&_nc_cat=111&ccb=1-7&_nc_sid=f907e8&_nc_ohc=SM1wRlP3lJwQ7kNvwEPuBYA&_nc_oc=AdnqrjDN_BNjSSHWO-GbkIWH6fkGMLw4bqvL_NH6e2wMveX7G-rP2dAqsDSq1mJMOaY&_nc_zt=24&_nc_ht=scontent-gig4-1.xx&_nc_gid=AoBFJeGrT1hVaew_6rchkQ&oh=00_AfX7QmFGhQhG2jAllVgXCiM1ZrWgvtp80-Bfppyexh1QEg&oe=689E923C","@id":"https:\/\/anoticiaonline.com.br\/site\/suzelane-peres-comemora-seu-aniversario\/#organizationLogo"},"image":{"@id":"https:\/\/anoticiaonline.com.br\/site\/suzelane-peres-comemora-seu-aniversario\/#organizationLogo"}},{"@type":"Person","@id":"https:\/\/anoticiaonline.com.br\/site\/author\/juliana\/#author","url":"https:\/\/anoticiaonline.com.br\/site\/author\/juliana\/","name":"Juliana Laviola","image":{"@type":"ImageObject","@id":"https:\/\/anoticiaonline.com.br\/site\/suzelane-peres-comemora-seu-aniversario\/#authorImage","url":"https:\/\/secure.gravatar.com\/avatar\/b8d45f5c699b100dfaf0e543582f38f38bf94cb7ae3a5e9abf8d891a34773335?s=96&d=mm&r=g","width":96,"height":96,"caption":"Juliana Laviola"}},{"@type":"WebPage","@id":"https:\/\/anoticiaonline.com.br\/site\/suzelane-peres-comemora-seu-aniversario\/#webpage","url":"https:\/\/anoticiaonline.com.br\/site\/suzelane-peres-comemora-seu-aniversario\/","name":"Suzelane P\u00e9res comemora seu anivers\u00e1rio - A Not\u00edcia Online","description":"A micropigmentadora, Suzelane P\u00e9res, reuniu amigos e clientes, durante um delicioso ch\u00e1 na tarde de segunda-feira (19), no Espa\u00e7o Suze e Equipe, localizado na Avenida Eud\u00f3xia Can\u00eado, n\u00famero 24, para comemorar o seu anivers\u00e1rio. Em meio a diversas homenagens, Suzelane comemorou o sucesso pessoal alinhado ao profissional. \u201cAmo muito o meu trabalho e o que","inLanguage":"pt-BR","isPartOf":{"@id":"https:\/\/anoticiaonline.com.br\/site\/#website"},"breadcrumb":{"@id":"https:\/\/anoticiaonline.com.br\/site\/suzelane-peres-comemora-seu-aniversario\/#breadcrumblist"},"author":{"@id":"https:\/\/anoticiaonline.com.br\/site\/author\/juliana\/#author"},"creator":{"@id":"https:\/\/anoticiaonline.com.br\/site\/author\/juliana\/#author"},"image":{"@type":"ImageObject","url":"https:\/\/anoticiaonline.com.br\/site\/wp-content\/uploads\/2018\/02\/WhatsApp-Image-2018-02-20-at-15.29.41.jpeg","@id":"https:\/\/anoticiaonline.com.br\/site\/suzelane-peres-comemora-seu-aniversario\/#mainImage","width":640,"height":480},"primaryImageOfPage":{"@id":"https:\/\/anoticiaonline.com.br\/site\/suzelane-peres-comemora-seu-aniversario\/#mainImage"},"datePublished":"2018-02-22T22:27:37-03:00","dateModified":"2018-02-22T22:27:37-03:00"},{"@type":"WebSite","@id":"https:\/\/anoticiaonline.com.br\/site\/#website","url":"https:\/\/anoticiaonline.com.br\/site\/","name":"A Not\u00edcia Online","description":"Noticias de Muria\u00e9 e regi\u00e3o","inLanguage":"pt-BR","publisher":{"@id":"https:\/\/anoticiaonline.com.br\/site\/#organization"}}]},"og:locale":"pt_BR","og:site_name":"A Not\u00edcia Online - Noticias de Muria\u00e9 e regi\u00e3o","og:type":"article","og:title":"Suzelane P\u00e9res comemora seu anivers\u00e1rio - A Not\u00edcia Online","og:description":"A micropigmentadora, Suzelane P\u00e9res, reuniu amigos e clientes, durante um delicioso ch\u00e1 na tarde de segunda-feira (19), no Espa\u00e7o Suze e Equipe, localizado na Avenida Eud\u00f3xia Can\u00eado, n\u00famero 24, para comemorar o seu anivers\u00e1rio. Em meio a diversas homenagens, Suzelane comemorou o sucesso pessoal alinhado ao profissional. \u201cAmo muito o meu trabalho e o que","og:url":"https:\/\/anoticiaonline.com.br\/site\/suzelane-peres-comemora-seu-aniversario\/","og:image":"https:\/\/scontent-gig4-1.xx.fbcdn.net\/v\/t39.30808-1\/270437624_4564083193639691_6907940295614233970_n.jpg?stp=dst-jpg_s200x200_tt6&#038;_nc_cat=111&#038;ccb=1-7&#038;_nc_sid=f907e8&#038;_nc_ohc=SM1wRlP3lJwQ7kNvwEPuBYA&#038;_nc_oc=AdnqrjDN_BNjSSHWO-GbkIWH6fkGMLw4bqvL_NH6e2wMveX7G-rP2dAqsDSq1mJMOaY&#038;_nc_zt=24&#038;_nc_ht=scontent-gig4-1.xx&#038;_nc_gid=AoBFJeGrT1hVaew_6rchkQ&#038;oh=00_AfX7QmFGhQhG2jAllVgXCiM1ZrWgvtp80-Bfppyexh1QEg&#038;oe=689E923C","og:image:secure_url":"https:\/\/scontent-gig4-1.xx.fbcdn.net\/v\/t39.30808-1\/270437624_4564083193639691_6907940295614233970_n.jpg?stp=dst-jpg_s200x200_tt6&#038;_nc_cat=111&#038;ccb=1-7&#038;_nc_sid=f907e8&#038;_nc_ohc=SM1wRlP3lJwQ7kNvwEPuBYA&#038;_nc_oc=AdnqrjDN_BNjSSHWO-GbkIWH6fkGMLw4bqvL_NH6e2wMveX7G-rP2dAqsDSq1mJMOaY&#038;_nc_zt=24&#038;_nc_ht=scontent-gig4-1.xx&#038;_nc_gid=AoBFJeGrT1hVaew_6rchkQ&#038;oh=00_AfX7QmFGhQhG2jAllVgXCiM1ZrWgvtp80-Bfppyexh1QEg&#038;oe=689E923C","article:published_time":"2018-02-23T01:27:37+00:00","article:modified_time":"2018-02-23T01:27:37+00:00","twitter:card":"summary_large_image","twitter:title":"Suzelane P\u00e9res comemora seu anivers\u00e1rio - A Not\u00edcia Online","twitter:description":"A micropigmentadora, Suzelane P\u00e9res, reuniu amigos e clientes, durante um delicioso ch\u00e1 na tarde de segunda-feira (19), no Espa\u00e7o Suze e Equipe, localizado na Avenida Eud\u00f3xia Can\u00eado, n\u00famero 24, para comemorar o seu anivers\u00e1rio. Em meio a diversas homenagens, Suzelane comemorou o sucesso pessoal alinhado ao profissional. \u201cAmo muito o meu trabalho e o que","twitter:image":"https:\/\/scontent-gig4-1.xx.fbcdn.net\/v\/t39.30808-1\/270437624_4564083193639691_6907940295614233970_n.jpg?stp=dst-jpg_s200x200_tt6&_nc_cat=111&ccb=1-7&_nc_sid=f907e8&_nc_ohc=SM1wRlP3lJwQ7kNvwEPuBYA&_nc_oc=AdnqrjDN_BNjSSHWO-GbkIWH6fkGMLw4bqvL_NH6e2wMveX7G-rP2dAqsDSq1mJMOaY&_nc_zt=24&_nc_ht=scontent-gig4-1.xx&_nc_gid=AoBFJeGrT1hVaew_6rchkQ&oh=00_AfX7QmFGhQhG2jAllVgXCiM1ZrWgvtp80-Bfppyexh1QEg&oe=689E923C"},"aioseo_meta_data":{"post_id":"50768","title":null,"description":null,"keywords":null,"keyphrases":null,"primary_term":null,"canonical_url":null,"og_title":null,"og_description":null,"og_object_type":"default","og_image_type":"default","og_image_url":null,"og_image_width":null,"og_image_height":null,"og_image_custom_url":null,"og_image_custom_fields":null,"og_video":null,"og_custom_url":null,"og_article_section":null,"og_article_tags":null,"twitter_use_og":false,"twitter_card":"default","twitter_image_type":"default","twitter_image_url":null,"twitter_image_custom_url":null,"twitter_image_custom_fields":null,"twitter_title":null,"twitter_description":null,"schema":{"blockGraphs":[],"customGraphs":[],"default":{"data":{"Article":[],"Course":[],"Dataset":[],"FAQPage":[],"Movie":[],"Person":[],"Product":[],"ProductReview":[],"Car":[],"Recipe":[],"Service":[],"SoftwareApplication":[],"WebPage":[]},"graphName":"","isEnabled":true},"graphs":[]},"schema_type":"default","schema_type_options":null,"pillar_content":false,"robots_default":true,"robots_noindex":false,"robots_noarchive":false,"robots_nosnippet":false,"robots_nofollow":false,"robots_noimageindex":false,"robots_noodp":false,"robots_notranslate":false,"robots_max_snippet":null,"robots_max_videopreview":null,"robots_max_imagepreview":"large","priority":null,"frequency":null,"local_seo":null,"breadcrumb_settings":null,"limit_modified_date":false,"ai":null,"created":"2025-08-16 20:23:19","updated":"2025-08-16 20:23:19","focus_keyword":null,"additional_keywords":null,"truseo_locale":null,"seo_analyzer_scan_date":null},"aioseo_breadcrumb":"<div class=\"aioseo-breadcrumbs\"><span class=\"aioseo-breadcrumb\">\n\t\t\t<a href=\"https:\/\/anoticiaonline.com.br\/site\" title=\"Home\">Home<\/a>\n\t\t<\/span><span class=\"aioseo-breadcrumb-separator\">&raquo;<\/span><span class=\"aioseo-breadcrumb\">\n\t\t\t<a href=\"https:\/\/anoticiaonline.com.br\/site\/categoria\/eventos\/\" title=\"Eventos\">Eventos<\/a>\n\t\t<\/span><span class=\"aioseo-breadcrumb-separator\">&raquo;<\/span><span class=\"aioseo-breadcrumb\">\n\t\t\tSuzelane P\u00e9res comemora seu anivers\u00e1rio\n\t\t<\/span><\/div>","aioseo_breadcrumb_json":[{"label":"Home","link":"https:\/\/anoticiaonline.com.br\/site"},{"label":"Eventos","link":"https:\/\/anoticiaonline.com.br\/site\/categoria\/eventos\/"},{"label":"Suzelane P\u00e9res comemora seu anivers\u00e1rio","link":"https:\/\/anoticiaonline.com.br\/site\/suzelane-peres-comemora-seu-aniversario\/"}],"views":136,"_links":{"self":[{"href":"https:\/\/anoticiaonline.com.br\/site\/wp-json\/wp\/v2\/posts\/50768","targetHints":{"allow":["GET"]}}],"collection":[{"href":"https:\/\/anoticiaonline.com.br\/site\/wp-json\/wp\/v2\/posts"}],"about":[{"href":"https:\/\/anoticiaonline.com.br\/site\/wp-json\/wp\/v2\/types\/post"}],"author":[{"embeddable":true,"href":"https:\/\/anoticiaonline.com.br\/site\/wp-json\/wp\/v2\/users\/2"}],"replies":[{"embeddable":true,"href":"https:\/\/anoticiaonline.com.br\/site\/wp-json\/wp\/v2\/comments?post=50768"}],"version-history":[{"count":0,"href":"https:\/\/anoticiaonline.com.br\/site\/wp-json\/wp\/v2\/posts\/50768\/revisions"}],"wp:featuredmedia":[{"embeddable":true,"href":"https:\/\/anoticiaonline.com.br\/site\/wp-json\/wp\/v2\/media\/50770"}],"wp:attachment":[{"href":"https:\/\/anoticiaonline.com.br\/site\/wp-json\/wp\/v2\/media?parent=50768"}],"wp:term":[{"taxonomy":"category","embeddable":true,"href":"https:\/\/anoticiaonline.com.br\/site\/wp-json\/wp\/v2\/categories?post=50768"},{"taxonomy":"post_tag","embeddable":true,"href":"https:\/\/anoticiaonline.com.br\/site\/wp-json\/wp\/v2\/tags?post=50768"}],"curies":[{"name":"wp","href":"https:\/\/api.w.org\/{rel}","templated":true}]}}