{"id":50707,"date":"2018-02-22T22:12:36","date_gmt":"2018-02-23T01:12:36","guid":{"rendered":"http:\/\/anoticiaonline.com.br\/site\/?p=50707"},"modified":"2018-02-22T22:12:36","modified_gmt":"2018-02-23T01:12:36","slug":"associacao-do-setor-automotivo-de-muriae-e-regiao-promove-evento-para-mecanicos","status":"publish","type":"post","link":"https:\/\/anoticiaonline.com.br\/site\/associacao-do-setor-automotivo-de-muriae-e-regiao-promove-evento-para-mecanicos\/","title":{"rendered":"Associa\u00e7\u00e3o do Setor Automotivo de Muria\u00e9 e Regi\u00e3o promove evento para mec\u00e2nicos"},"content":{"rendered":"<p><a href=\"https:\/\/anoticiaonline.com.br\/site\/wp-content\/uploads\/2018\/02\/DSC_0182.jpg\"><img fetchpriority=\"high\" decoding=\"async\" class=\"aligncenter size-full wp-image-50754\" src=\"https:\/\/anoticiaonline.com.br\/site\/wp-content\/uploads\/2018\/02\/DSC_0182.jpg\" alt=\"\" width=\"640\" height=\"427\" srcset=\"https:\/\/anoticiaonline.com.br\/site\/wp-content\/uploads\/2018\/02\/DSC_0182.jpg 640w, https:\/\/anoticiaonline.com.br\/site\/wp-content\/uploads\/2018\/02\/DSC_0182-300x200.jpg 300w\" sizes=\"(max-width: 640px) 100vw, 640px\" \/><\/a> <a href=\"https:\/\/anoticiaonline.com.br\/site\/wp-content\/uploads\/2018\/02\/DSC_0185.jpg\"><img decoding=\"async\" class=\"aligncenter size-full wp-image-50755\" src=\"https:\/\/anoticiaonline.com.br\/site\/wp-content\/uploads\/2018\/02\/DSC_0185.jpg\" alt=\"\" width=\"640\" height=\"427\" srcset=\"https:\/\/anoticiaonline.com.br\/site\/wp-content\/uploads\/2018\/02\/DSC_0185.jpg 640w, https:\/\/anoticiaonline.com.br\/site\/wp-content\/uploads\/2018\/02\/DSC_0185-300x200.jpg 300w\" sizes=\"(max-width: 640px) 100vw, 640px\" \/><\/a> <a href=\"https:\/\/anoticiaonline.com.br\/site\/wp-content\/uploads\/2018\/02\/DSC_0188.jpg\"><img decoding=\"async\" class=\"aligncenter size-full wp-image-50756\" src=\"https:\/\/anoticiaonline.com.br\/site\/wp-content\/uploads\/2018\/02\/DSC_0188.jpg\" alt=\"\" width=\"640\" height=\"428\" srcset=\"https:\/\/anoticiaonline.com.br\/site\/wp-content\/uploads\/2018\/02\/DSC_0188.jpg 640w, https:\/\/anoticiaonline.com.br\/site\/wp-content\/uploads\/2018\/02\/DSC_0188-300x201.jpg 300w\" sizes=\"(max-width: 640px) 100vw, 640px\" \/><\/a> <a href=\"https:\/\/anoticiaonline.com.br\/site\/wp-content\/uploads\/2018\/02\/DSC_0195.jpg\"><img loading=\"lazy\" decoding=\"async\" class=\"aligncenter size-full wp-image-50757\" src=\"https:\/\/anoticiaonline.com.br\/site\/wp-content\/uploads\/2018\/02\/DSC_0195.jpg\" alt=\"\" width=\"640\" height=\"427\" srcset=\"https:\/\/anoticiaonline.com.br\/site\/wp-content\/uploads\/2018\/02\/DSC_0195.jpg 640w, https:\/\/anoticiaonline.com.br\/site\/wp-content\/uploads\/2018\/02\/DSC_0195-300x200.jpg 300w\" sizes=\"(max-width: 640px) 100vw, 640px\" \/><\/a>A Associa\u00e7\u00e3o do Setor Automotivo de Muria\u00e9 e Regi\u00e3o \u2013 Oficinas Mec\u00e2nicas (ARIUS), em parceria com o Condesc (Conselho de Desenvolvimento Econ\u00f4mico, Social e Cultural de\u00a0<em>Muria\u00e9<\/em>\u00a0e Regi\u00e3o), realizou, nas noites de ter\u00e7a (20) e quarta-feira (21), palestras com o objetivo de esclarecer profissionais sobre o tema: \u201cSistema Automatizado e C\u00e2mbio Autom\u00e1tico\u201d, ministrada pelo instrutor Theophilo Lima. O evento aconteceu no Grande Hotel Muriahe, espa\u00e7o gentilmente cedido pela Fundarte.<\/p>\n<p>Segundo Haroldo do Esp\u00edrito Santo, presidente do Condesc, disse que o evento foi mais uma oportunidade para os profissionais das oficinas mec\u00e2nicas.<\/p>\n<p>\u201cNeste evento, recebemos um representante da SUN, empresa l\u00edder de mercado em solu\u00e7\u00f5es e equipamentos para a ind\u00fastria de ve\u00edculos e repara\u00e7\u00e3o automotiva h\u00e1 mais de 50 anos no Brasil, reconhecida pela excel\u00eancia e focada no desenvolvimento cont\u00ednuo de melhorias e novas tecnologias. Foi um grande sucesso, pois reunimos antigos e novos profissionais da mec\u00e2nica da cidade e tamb\u00e9m devido ao sucesso da parceria do Condesc com a ARIUS. Por conta da extens\u00e3o do assunto, o evento foi dividido em dois dias, mas nossa inten\u00e7\u00e3o \u00e9 trazer um curso ainda mais completo com a dura\u00e7\u00e3o de cinco dias, algo que, atualmente, s\u00f3 encontramos em cidades maiores, como S\u00e3o Paulo ou Belo Horizonte\u201d, conta.<\/p>\n<p>Jorge Luiz Braga da Costa (Maizena), vice-presidente da AIRUS, disse que o evento surgiu atrav\u00e9s do interesse da SUN, que representa a tecnologia respons\u00e1vel pelo diagn\u00f3stico de inje\u00e7\u00e3o eletr\u00f4nica, em apresentar seu aparelho para os membros da Associa\u00e7\u00e3o.<\/p>\n<p>\u201cFoi um evento muito produtivo no qual conseguimos reunir mais de 25 oficinas de Muria\u00e9 e especializar ainda mais nossa m\u00e3o de obra\u201d, conta.<\/p>\n<p>O palestrante, Theophilo Lima, de Campinas, falou a respeito do sistema de c\u00e2mbio autom\u00e1tico ressaltando que este assunto tem grande relev\u00e2ncia devido \u00e0 demanda no mercado automobil\u00edstico.<\/p>\n<p>\u201cA tend\u00eancia agora \u00e9 que os ve\u00edculos tenham transmiss\u00e3o autom\u00e1tica apesar do Brasil ainda ser carente de informa\u00e7\u00e3o a respeito desta tecnologia. Os ve\u00edculos com c\u00e2mbio autom\u00e1tico est\u00e3o no mercado e n\u00e3o existe m\u00e3o de obra especializada suficiente para realizar manuten\u00e7\u00e3o. A palestra consiste em trazer tecnologia de ponta, informa\u00e7\u00e3o e conhecimento para os mec\u00e2nicos da regi\u00e3o\u201d, conta.<\/p>\n<p>Milene Morais Matos Monteiro, de S\u00e3o Paulo, participou do evento e representou a Snap-On Brasil, como desenvolvedora de mercado e diagn\u00f3stico.<\/p>\n<p>Na ocasi\u00e3o, esteve presente o representante Renilson de Paula, da Turbo Tec, empresa respons\u00e1vel pela distribui\u00e7\u00e3o dos produtos Motul em Minas Gerais. \u201cO nosso leque de produtos atende as especifica\u00e7\u00f5es nesta palestra sobre transmiss\u00e3o autom\u00e1tica e viemos participar do evento gra\u00e7as \u00e0 parceria com a SUN\u201d, diz.<\/p>\n<p>&nbsp;<\/p>\n<p><a href=\"https:\/\/anoticiaonline.com.br\/site\/wp-content\/uploads\/2018\/02\/DSC_0178.jpg\"><img loading=\"lazy\" decoding=\"async\" class=\"aligncenter size-full wp-image-50753\" src=\"https:\/\/anoticiaonline.com.br\/site\/wp-content\/uploads\/2018\/02\/DSC_0178.jpg\" alt=\"\" width=\"640\" height=\"427\" srcset=\"https:\/\/anoticiaonline.com.br\/site\/wp-content\/uploads\/2018\/02\/DSC_0178.jpg 640w, https:\/\/anoticiaonline.com.br\/site\/wp-content\/uploads\/2018\/02\/DSC_0178-300x200.jpg 300w\" sizes=\"(max-width: 640px) 100vw, 640px\" \/><\/a><a href=\"https:\/\/anoticiaonline.com.br\/site\/wp-content\/uploads\/2018\/02\/DSC_0172.jpg\"><img loading=\"lazy\" decoding=\"async\" class=\"aligncenter size-full wp-image-50752\" src=\"https:\/\/anoticiaonline.com.br\/site\/wp-content\/uploads\/2018\/02\/DSC_0172.jpg\" alt=\"\" width=\"640\" height=\"427\" srcset=\"https:\/\/anoticiaonline.com.br\/site\/wp-content\/uploads\/2018\/02\/DSC_0172.jpg 640w, https:\/\/anoticiaonline.com.br\/site\/wp-content\/uploads\/2018\/02\/DSC_0172-300x200.jpg 300w\" sizes=\"(max-width: 640px) 100vw, 640px\" \/><\/a><a href=\"https:\/\/anoticiaonline.com.br\/site\/wp-content\/uploads\/2018\/02\/DSC_0168.jpg\"><img loading=\"lazy\" decoding=\"async\" class=\"aligncenter size-full wp-image-50750\" src=\"https:\/\/anoticiaonline.com.br\/site\/wp-content\/uploads\/2018\/02\/DSC_0168.jpg\" alt=\"\" width=\"640\" height=\"427\" srcset=\"https:\/\/anoticiaonline.com.br\/site\/wp-content\/uploads\/2018\/02\/DSC_0168.jpg 640w, https:\/\/anoticiaonline.com.br\/site\/wp-content\/uploads\/2018\/02\/DSC_0168-300x200.jpg 300w\" sizes=\"(max-width: 640px) 100vw, 640px\" \/><\/a><\/p>\n","protected":false},"excerpt":{"rendered":"<p>A Associa\u00e7\u00e3o do Setor Automotivo de Muria\u00e9 e Regi\u00e3o \u2013 Oficinas Mec\u00e2nicas (ARIUS), em parceria com o Condesc (Conselho de Desenvolvimento Econ\u00f4mico, Social e Cultural de\u00a0Muria\u00e9\u00a0e Regi\u00e3o), realizou, nas noites de ter\u00e7a (20) e quarta-feira (21), palestras com o objetivo de esclarecer profissionais sobre o tema: \u201cSistema Automatizado e C\u00e2mbio Autom\u00e1tico\u201d, ministrada pelo instrutor Theophilo &#8230; <a title=\"Associa\u00e7\u00e3o do Setor Automotivo de Muria\u00e9 e Regi\u00e3o promove evento para mec\u00e2nicos\" class=\"read-more\" href=\"https:\/\/anoticiaonline.com.br\/site\/associacao-do-setor-automotivo-de-muriae-e-regiao-promove-evento-para-mecanicos\/\" aria-label=\"Read more about Associa\u00e7\u00e3o do Setor Automotivo de Muria\u00e9 e Regi\u00e3o promove evento para mec\u00e2nicos\">Ler mais<\/a><\/p>\n","protected":false},"author":2,"featured_media":50756,"comment_status":"open","ping_status":"open","sticky":false,"template":"","format":"standard","meta":{"_acf_changed":false,"_monsterinsights_skip_tracking":false,"footnotes":""},"categories":[24],"tags":[2035,2034,2036,2037,2039,2038,2040,2041],"class_list":["post-50707","post","type-post","status-publish","format-standard","has-post-thumbnail","hentry","category-eventos","tag-arius","tag-associacao-do-setor-automotivo-de-muriae-e-regiao-oficinas-mecanicas-arius","tag-condesc","tag-conselho-de-desenvolvimento-economico","tag-sistema-automatizado-e-cambio-automatico","tag-social-e-cultural-de-muriae-e-regiao","tag-sun","tag-turbo-tec"],"acf":[],"aioseo_notices":[],"aioseo_head":"\n\t\t<!-- All in One SEO 5.0.0.1 - aioseo.com -->\n\t<meta name=\"description\" content=\"A Associa\u00e7\u00e3o do Setor Automotivo de Muria\u00e9 e Regi\u00e3o \u2013 Oficinas Mec\u00e2nicas (ARIUS), em parceria com o Condesc (Conselho de Desenvolvimento Econ\u00f4mico, Social e Cultural de Muria\u00e9 e Regi\u00e3o), realizou, nas noites de ter\u00e7a (20) e quarta-feira (21), palestras com o objetivo de esclarecer profissionais sobre o tema: \u201cSistema Automatizado e C\u00e2mbio Autom\u00e1tico\u201d, ministrada pelo instrutor Theophilo\" \/>\n\t<meta name=\"robots\" content=\"max-image-preview:large\" \/>\n\t<meta name=\"author\" content=\"Juliana Laviola\"\/>\n\t<link rel=\"canonical\" href=\"https:\/\/anoticiaonline.com.br\/site\/associacao-do-setor-automotivo-de-muriae-e-regiao-promove-evento-para-mecanicos\/\" \/>\n\t<meta name=\"generator\" content=\"All in One SEO (AIOSEO) 5.0.0.1\" \/>\n\t\t<meta property=\"og:locale\" content=\"pt_BR\" \/>\n\t\t<meta property=\"og:site_name\" content=\"A Not\u00edcia Online - Noticias de Muria\u00e9 e regi\u00e3o\" \/>\n\t\t<meta property=\"og:type\" content=\"article\" \/>\n\t\t<meta property=\"og:title\" content=\"Associa\u00e7\u00e3o do Setor Automotivo de Muria\u00e9 e Regi\u00e3o promove evento para mec\u00e2nicos - A Not\u00edcia Online\" \/>\n\t\t<meta property=\"og:description\" content=\"A Associa\u00e7\u00e3o do Setor Automotivo de Muria\u00e9 e Regi\u00e3o \u2013 Oficinas Mec\u00e2nicas (ARIUS), em parceria com o Condesc (Conselho de Desenvolvimento Econ\u00f4mico, Social e Cultural de Muria\u00e9 e Regi\u00e3o), realizou, nas noites de ter\u00e7a (20) e quarta-feira (21), palestras com o objetivo de esclarecer profissionais sobre o tema: \u201cSistema Automatizado e C\u00e2mbio Autom\u00e1tico\u201d, ministrada pelo instrutor Theophilo\" \/>\n\t\t<meta property=\"og:url\" content=\"https:\/\/anoticiaonline.com.br\/site\/associacao-do-setor-automotivo-de-muriae-e-regiao-promove-evento-para-mecanicos\/\" \/>\n\t\t<meta property=\"og:image\" content=\"https:\/\/scontent-gig4-1.xx.fbcdn.net\/v\/t39.30808-1\/270437624_4564083193639691_6907940295614233970_n.jpg?stp=dst-jpg_s200x200_tt6&#038;_nc_cat=111&#038;ccb=1-7&#038;_nc_sid=f907e8&#038;_nc_ohc=SM1wRlP3lJwQ7kNvwEPuBYA&#038;_nc_oc=AdnqrjDN_BNjSSHWO-GbkIWH6fkGMLw4bqvL_NH6e2wMveX7G-rP2dAqsDSq1mJMOaY&#038;_nc_zt=24&#038;_nc_ht=scontent-gig4-1.xx&#038;_nc_gid=AoBFJeGrT1hVaew_6rchkQ&#038;oh=00_AfX7QmFGhQhG2jAllVgXCiM1ZrWgvtp80-Bfppyexh1QEg&#038;oe=689E923C\" \/>\n\t\t<meta property=\"og:image:secure_url\" content=\"https:\/\/scontent-gig4-1.xx.fbcdn.net\/v\/t39.30808-1\/270437624_4564083193639691_6907940295614233970_n.jpg?stp=dst-jpg_s200x200_tt6&#038;_nc_cat=111&#038;ccb=1-7&#038;_nc_sid=f907e8&#038;_nc_ohc=SM1wRlP3lJwQ7kNvwEPuBYA&#038;_nc_oc=AdnqrjDN_BNjSSHWO-GbkIWH6fkGMLw4bqvL_NH6e2wMveX7G-rP2dAqsDSq1mJMOaY&#038;_nc_zt=24&#038;_nc_ht=scontent-gig4-1.xx&#038;_nc_gid=AoBFJeGrT1hVaew_6rchkQ&#038;oh=00_AfX7QmFGhQhG2jAllVgXCiM1ZrWgvtp80-Bfppyexh1QEg&#038;oe=689E923C\" \/>\n\t\t<meta property=\"article:published_time\" content=\"2018-02-23T01:12:36+00:00\" \/>\n\t\t<meta property=\"article:modified_time\" content=\"2018-02-23T01:12:36+00:00\" \/>\n\t\t<meta name=\"twitter:card\" content=\"summary_large_image\" \/>\n\t\t<meta name=\"twitter:title\" content=\"Associa\u00e7\u00e3o do Setor Automotivo de Muria\u00e9 e Regi\u00e3o promove evento para mec\u00e2nicos - A Not\u00edcia Online\" \/>\n\t\t<meta name=\"twitter:description\" content=\"A Associa\u00e7\u00e3o do Setor Automotivo de Muria\u00e9 e Regi\u00e3o \u2013 Oficinas Mec\u00e2nicas (ARIUS), em parceria com o Condesc (Conselho de Desenvolvimento Econ\u00f4mico, Social e Cultural de Muria\u00e9 e Regi\u00e3o), realizou, nas noites de ter\u00e7a (20) e quarta-feira (21), palestras com o objetivo de esclarecer profissionais sobre o tema: \u201cSistema Automatizado e C\u00e2mbio Autom\u00e1tico\u201d, ministrada pelo instrutor Theophilo\" \/>\n\t\t<meta name=\"twitter:image\" content=\"https:\/\/scontent-gig4-1.xx.fbcdn.net\/v\/t39.30808-1\/270437624_4564083193639691_6907940295614233970_n.jpg?stp=dst-jpg_s200x200_tt6&amp;_nc_cat=111&amp;ccb=1-7&amp;_nc_sid=f907e8&amp;_nc_ohc=SM1wRlP3lJwQ7kNvwEPuBYA&amp;_nc_oc=AdnqrjDN_BNjSSHWO-GbkIWH6fkGMLw4bqvL_NH6e2wMveX7G-rP2dAqsDSq1mJMOaY&amp;_nc_zt=24&amp;_nc_ht=scontent-gig4-1.xx&amp;_nc_gid=AoBFJeGrT1hVaew_6rchkQ&amp;oh=00_AfX7QmFGhQhG2jAllVgXCiM1ZrWgvtp80-Bfppyexh1QEg&amp;oe=689E923C\" \/>\n\t\t<script type=\"application\/ld+json\" class=\"aioseo-schema\">\n\t\t\t{\"@context\":\"https:\\\/\\\/schema.org\",\"@graph\":[{\"@type\":\"BlogPosting\",\"@id\":\"https:\\\/\\\/anoticiaonline.com.br\\\/site\\\/associacao-do-setor-automotivo-de-muriae-e-regiao-promove-evento-para-mecanicos\\\/#blogposting\",\"name\":\"Associa\\u00e7\\u00e3o do Setor Automotivo de Muria\\u00e9 e Regi\\u00e3o promove evento para mec\\u00e2nicos - A Not\\u00edcia Online\",\"headline\":\"Associa\\u00e7\\u00e3o do Setor Automotivo de Muria\\u00e9 e Regi\\u00e3o promove evento para mec\\u00e2nicos\",\"author\":{\"@id\":\"https:\\\/\\\/anoticiaonline.com.br\\\/site\\\/author\\\/juliana\\\/#author\"},\"publisher\":{\"@id\":\"https:\\\/\\\/anoticiaonline.com.br\\\/site\\\/#organization\"},\"image\":{\"@type\":\"ImageObject\",\"url\":\"https:\\\/\\\/anoticiaonline.com.br\\\/site\\\/wp-content\\\/uploads\\\/2018\\\/02\\\/DSC_0188.jpg\",\"width\":640,\"height\":428},\"datePublished\":\"2018-02-22T22:12:36-03:00\",\"dateModified\":\"2018-02-22T22:12:36-03:00\",\"inLanguage\":\"pt-BR\",\"mainEntityOfPage\":{\"@id\":\"https:\\\/\\\/anoticiaonline.com.br\\\/site\\\/associacao-do-setor-automotivo-de-muriae-e-regiao-promove-evento-para-mecanicos\\\/#webpage\"},\"isPartOf\":{\"@id\":\"https:\\\/\\\/anoticiaonline.com.br\\\/site\\\/associacao-do-setor-automotivo-de-muriae-e-regiao-promove-evento-para-mecanicos\\\/#webpage\"},\"articleSection\":\"Eventos, ARIUS, Associa\\u00e7\\u00e3o do Setor Automotivo de Muria\\u00e9 e Regi\\u00e3o \\u2013 Oficinas Mec\\u00e2nicas (ARIUS), Condesc, Conselho de Desenvolvimento Econ\\u00f4mico, Sistema Automatizado e C\\u00e2mbio Autom\\u00e1tico, Social e Cultural de\\u00a0Muria\\u00e9\\u00a0e Regi\\u00e3o, SUN, Turbo Tec\"},{\"@type\":\"BreadcrumbList\",\"@id\":\"https:\\\/\\\/anoticiaonline.com.br\\\/site\\\/associacao-do-setor-automotivo-de-muriae-e-regiao-promove-evento-para-mecanicos\\\/#breadcrumblist\",\"itemListElement\":[{\"@type\":\"ListItem\",\"@id\":\"https:\\\/\\\/anoticiaonline.com.br\\\/site#listItem\",\"position\":1,\"name\":\"Home\",\"item\":\"https:\\\/\\\/anoticiaonline.com.br\\\/site\",\"nextItem\":{\"@type\":\"ListItem\",\"@id\":\"https:\\\/\\\/anoticiaonline.com.br\\\/site\\\/categoria\\\/eventos\\\/#listItem\",\"name\":\"Eventos\"}},{\"@type\":\"ListItem\",\"@id\":\"https:\\\/\\\/anoticiaonline.com.br\\\/site\\\/categoria\\\/eventos\\\/#listItem\",\"position\":2,\"name\":\"Eventos\",\"item\":\"https:\\\/\\\/anoticiaonline.com.br\\\/site\\\/categoria\\\/eventos\\\/\",\"nextItem\":{\"@type\":\"ListItem\",\"@id\":\"https:\\\/\\\/anoticiaonline.com.br\\\/site\\\/associacao-do-setor-automotivo-de-muriae-e-regiao-promove-evento-para-mecanicos\\\/#listItem\",\"name\":\"Associa\\u00e7\\u00e3o do Setor Automotivo de Muria\\u00e9 e Regi\\u00e3o promove evento para mec\\u00e2nicos\"},\"previousItem\":{\"@type\":\"ListItem\",\"@id\":\"https:\\\/\\\/anoticiaonline.com.br\\\/site#listItem\",\"name\":\"Home\"}},{\"@type\":\"ListItem\",\"@id\":\"https:\\\/\\\/anoticiaonline.com.br\\\/site\\\/associacao-do-setor-automotivo-de-muriae-e-regiao-promove-evento-para-mecanicos\\\/#listItem\",\"position\":3,\"name\":\"Associa\\u00e7\\u00e3o do Setor Automotivo de Muria\\u00e9 e Regi\\u00e3o promove evento para mec\\u00e2nicos\",\"previousItem\":{\"@type\":\"ListItem\",\"@id\":\"https:\\\/\\\/anoticiaonline.com.br\\\/site\\\/categoria\\\/eventos\\\/#listItem\",\"name\":\"Eventos\"}}]},{\"@type\":\"Organization\",\"@id\":\"https:\\\/\\\/anoticiaonline.com.br\\\/site\\\/#organization\",\"name\":\"A Not\\u00edcia Online\",\"description\":\"Noticias de Muria\\u00e9 e regi\\u00e3o\",\"url\":\"https:\\\/\\\/anoticiaonline.com.br\\\/site\\\/\",\"logo\":{\"@type\":\"ImageObject\",\"url\":\"https:\\\/\\\/scontent-gig4-1.xx.fbcdn.net\\\/v\\\/t39.30808-1\\\/270437624_4564083193639691_6907940295614233970_n.jpg?stp=dst-jpg_s200x200_tt6&_nc_cat=111&ccb=1-7&_nc_sid=f907e8&_nc_ohc=SM1wRlP3lJwQ7kNvwEPuBYA&_nc_oc=AdnqrjDN_BNjSSHWO-GbkIWH6fkGMLw4bqvL_NH6e2wMveX7G-rP2dAqsDSq1mJMOaY&_nc_zt=24&_nc_ht=scontent-gig4-1.xx&_nc_gid=AoBFJeGrT1hVaew_6rchkQ&oh=00_AfX7QmFGhQhG2jAllVgXCiM1ZrWgvtp80-Bfppyexh1QEg&oe=689E923C\",\"@id\":\"https:\\\/\\\/anoticiaonline.com.br\\\/site\\\/associacao-do-setor-automotivo-de-muriae-e-regiao-promove-evento-para-mecanicos\\\/#organizationLogo\"},\"image\":{\"@id\":\"https:\\\/\\\/anoticiaonline.com.br\\\/site\\\/associacao-do-setor-automotivo-de-muriae-e-regiao-promove-evento-para-mecanicos\\\/#organizationLogo\"}},{\"@type\":\"Person\",\"@id\":\"https:\\\/\\\/anoticiaonline.com.br\\\/site\\\/author\\\/juliana\\\/#author\",\"url\":\"https:\\\/\\\/anoticiaonline.com.br\\\/site\\\/author\\\/juliana\\\/\",\"name\":\"Juliana Laviola\",\"image\":{\"@type\":\"ImageObject\",\"@id\":\"https:\\\/\\\/anoticiaonline.com.br\\\/site\\\/associacao-do-setor-automotivo-de-muriae-e-regiao-promove-evento-para-mecanicos\\\/#authorImage\",\"url\":\"https:\\\/\\\/secure.gravatar.com\\\/avatar\\\/b8d45f5c699b100dfaf0e543582f38f38bf94cb7ae3a5e9abf8d891a34773335?s=96&d=mm&r=g\",\"width\":96,\"height\":96,\"caption\":\"Juliana Laviola\"}},{\"@type\":\"WebPage\",\"@id\":\"https:\\\/\\\/anoticiaonline.com.br\\\/site\\\/associacao-do-setor-automotivo-de-muriae-e-regiao-promove-evento-para-mecanicos\\\/#webpage\",\"url\":\"https:\\\/\\\/anoticiaonline.com.br\\\/site\\\/associacao-do-setor-automotivo-de-muriae-e-regiao-promove-evento-para-mecanicos\\\/\",\"name\":\"Associa\\u00e7\\u00e3o do Setor Automotivo de Muria\\u00e9 e Regi\\u00e3o promove evento para mec\\u00e2nicos - A Not\\u00edcia Online\",\"description\":\"A Associa\\u00e7\\u00e3o do Setor Automotivo de Muria\\u00e9 e Regi\\u00e3o \\u2013 Oficinas Mec\\u00e2nicas (ARIUS), em parceria com o Condesc (Conselho de Desenvolvimento Econ\\u00f4mico, Social e Cultural de Muria\\u00e9 e Regi\\u00e3o), realizou, nas noites de ter\\u00e7a (20) e quarta-feira (21), palestras com o objetivo de esclarecer profissionais sobre o tema: \\u201cSistema Automatizado e C\\u00e2mbio Autom\\u00e1tico\\u201d, ministrada pelo instrutor Theophilo\",\"inLanguage\":\"pt-BR\",\"isPartOf\":{\"@id\":\"https:\\\/\\\/anoticiaonline.com.br\\\/site\\\/#website\"},\"breadcrumb\":{\"@id\":\"https:\\\/\\\/anoticiaonline.com.br\\\/site\\\/associacao-do-setor-automotivo-de-muriae-e-regiao-promove-evento-para-mecanicos\\\/#breadcrumblist\"},\"author\":{\"@id\":\"https:\\\/\\\/anoticiaonline.com.br\\\/site\\\/author\\\/juliana\\\/#author\"},\"creator\":{\"@id\":\"https:\\\/\\\/anoticiaonline.com.br\\\/site\\\/author\\\/juliana\\\/#author\"},\"image\":{\"@type\":\"ImageObject\",\"url\":\"https:\\\/\\\/anoticiaonline.com.br\\\/site\\\/wp-content\\\/uploads\\\/2018\\\/02\\\/DSC_0188.jpg\",\"@id\":\"https:\\\/\\\/anoticiaonline.com.br\\\/site\\\/associacao-do-setor-automotivo-de-muriae-e-regiao-promove-evento-para-mecanicos\\\/#mainImage\",\"width\":640,\"height\":428},\"primaryImageOfPage\":{\"@id\":\"https:\\\/\\\/anoticiaonline.com.br\\\/site\\\/associacao-do-setor-automotivo-de-muriae-e-regiao-promove-evento-para-mecanicos\\\/#mainImage\"},\"datePublished\":\"2018-02-22T22:12:36-03:00\",\"dateModified\":\"2018-02-22T22:12:36-03:00\"},{\"@type\":\"WebSite\",\"@id\":\"https:\\\/\\\/anoticiaonline.com.br\\\/site\\\/#website\",\"url\":\"https:\\\/\\\/anoticiaonline.com.br\\\/site\\\/\",\"name\":\"A Not\\u00edcia Online\",\"description\":\"Noticias de Muria\\u00e9 e regi\\u00e3o\",\"inLanguage\":\"pt-BR\",\"publisher\":{\"@id\":\"https:\\\/\\\/anoticiaonline.com.br\\\/site\\\/#organization\"}}]}\n\t\t<\/script>\n\t\t<!-- All in One SEO -->\n\n","aioseo_head_json":{"title":"Associa\u00e7\u00e3o do Setor Automotivo de Muria\u00e9 e Regi\u00e3o promove evento para mec\u00e2nicos - A Not\u00edcia Online","description":"A Associa\u00e7\u00e3o do Setor Automotivo de Muria\u00e9 e Regi\u00e3o \u2013 Oficinas Mec\u00e2nicas (ARIUS), em parceria com o Condesc (Conselho de Desenvolvimento Econ\u00f4mico, Social e Cultural de Muria\u00e9 e Regi\u00e3o), realizou, nas noites de ter\u00e7a (20) e quarta-feira (21), palestras com o objetivo de esclarecer profissionais sobre o tema: \u201cSistema Automatizado e C\u00e2mbio Autom\u00e1tico\u201d, ministrada pelo instrutor Theophilo","canonical_url":"https:\/\/anoticiaonline.com.br\/site\/associacao-do-setor-automotivo-de-muriae-e-regiao-promove-evento-para-mecanicos\/","robots":"max-image-preview:large","keywords":"","webmasterTools":{"miscellaneous":""},"schema":{"@context":"https:\/\/schema.org","@graph":[{"@type":"BlogPosting","@id":"https:\/\/anoticiaonline.com.br\/site\/associacao-do-setor-automotivo-de-muriae-e-regiao-promove-evento-para-mecanicos\/#blogposting","name":"Associa\u00e7\u00e3o do Setor Automotivo de Muria\u00e9 e Regi\u00e3o promove evento para mec\u00e2nicos - A Not\u00edcia Online","headline":"Associa\u00e7\u00e3o do Setor Automotivo de Muria\u00e9 e Regi\u00e3o promove evento para mec\u00e2nicos","author":{"@id":"https:\/\/anoticiaonline.com.br\/site\/author\/juliana\/#author"},"publisher":{"@id":"https:\/\/anoticiaonline.com.br\/site\/#organization"},"image":{"@type":"ImageObject","url":"https:\/\/anoticiaonline.com.br\/site\/wp-content\/uploads\/2018\/02\/DSC_0188.jpg","width":640,"height":428},"datePublished":"2018-02-22T22:12:36-03:00","dateModified":"2018-02-22T22:12:36-03:00","inLanguage":"pt-BR","mainEntityOfPage":{"@id":"https:\/\/anoticiaonline.com.br\/site\/associacao-do-setor-automotivo-de-muriae-e-regiao-promove-evento-para-mecanicos\/#webpage"},"isPartOf":{"@id":"https:\/\/anoticiaonline.com.br\/site\/associacao-do-setor-automotivo-de-muriae-e-regiao-promove-evento-para-mecanicos\/#webpage"},"articleSection":"Eventos, ARIUS, Associa\u00e7\u00e3o do Setor Automotivo de Muria\u00e9 e Regi\u00e3o \u2013 Oficinas Mec\u00e2nicas (ARIUS), Condesc, Conselho de Desenvolvimento Econ\u00f4mico, Sistema Automatizado e C\u00e2mbio Autom\u00e1tico, Social e Cultural de\u00a0Muria\u00e9\u00a0e Regi\u00e3o, SUN, Turbo Tec"},{"@type":"BreadcrumbList","@id":"https:\/\/anoticiaonline.com.br\/site\/associacao-do-setor-automotivo-de-muriae-e-regiao-promove-evento-para-mecanicos\/#breadcrumblist","itemListElement":[{"@type":"ListItem","@id":"https:\/\/anoticiaonline.com.br\/site#listItem","position":1,"name":"Home","item":"https:\/\/anoticiaonline.com.br\/site","nextItem":{"@type":"ListItem","@id":"https:\/\/anoticiaonline.com.br\/site\/categoria\/eventos\/#listItem","name":"Eventos"}},{"@type":"ListItem","@id":"https:\/\/anoticiaonline.com.br\/site\/categoria\/eventos\/#listItem","position":2,"name":"Eventos","item":"https:\/\/anoticiaonline.com.br\/site\/categoria\/eventos\/","nextItem":{"@type":"ListItem","@id":"https:\/\/anoticiaonline.com.br\/site\/associacao-do-setor-automotivo-de-muriae-e-regiao-promove-evento-para-mecanicos\/#listItem","name":"Associa\u00e7\u00e3o do Setor Automotivo de Muria\u00e9 e Regi\u00e3o promove evento para mec\u00e2nicos"},"previousItem":{"@type":"ListItem","@id":"https:\/\/anoticiaonline.com.br\/site#listItem","name":"Home"}},{"@type":"ListItem","@id":"https:\/\/anoticiaonline.com.br\/site\/associacao-do-setor-automotivo-de-muriae-e-regiao-promove-evento-para-mecanicos\/#listItem","position":3,"name":"Associa\u00e7\u00e3o do Setor Automotivo de Muria\u00e9 e Regi\u00e3o promove evento para mec\u00e2nicos","previousItem":{"@type":"ListItem","@id":"https:\/\/anoticiaonline.com.br\/site\/categoria\/eventos\/#listItem","name":"Eventos"}}]},{"@type":"Organization","@id":"https:\/\/anoticiaonline.com.br\/site\/#organization","name":"A Not\u00edcia Online","description":"Noticias de Muria\u00e9 e regi\u00e3o","url":"https:\/\/anoticiaonline.com.br\/site\/","logo":{"@type":"ImageObject","url":"https:\/\/scontent-gig4-1.xx.fbcdn.net\/v\/t39.30808-1\/270437624_4564083193639691_6907940295614233970_n.jpg?stp=dst-jpg_s200x200_tt6&_nc_cat=111&ccb=1-7&_nc_sid=f907e8&_nc_ohc=SM1wRlP3lJwQ7kNvwEPuBYA&_nc_oc=AdnqrjDN_BNjSSHWO-GbkIWH6fkGMLw4bqvL_NH6e2wMveX7G-rP2dAqsDSq1mJMOaY&_nc_zt=24&_nc_ht=scontent-gig4-1.xx&_nc_gid=AoBFJeGrT1hVaew_6rchkQ&oh=00_AfX7QmFGhQhG2jAllVgXCiM1ZrWgvtp80-Bfppyexh1QEg&oe=689E923C","@id":"https:\/\/anoticiaonline.com.br\/site\/associacao-do-setor-automotivo-de-muriae-e-regiao-promove-evento-para-mecanicos\/#organizationLogo"},"image":{"@id":"https:\/\/anoticiaonline.com.br\/site\/associacao-do-setor-automotivo-de-muriae-e-regiao-promove-evento-para-mecanicos\/#organizationLogo"}},{"@type":"Person","@id":"https:\/\/anoticiaonline.com.br\/site\/author\/juliana\/#author","url":"https:\/\/anoticiaonline.com.br\/site\/author\/juliana\/","name":"Juliana Laviola","image":{"@type":"ImageObject","@id":"https:\/\/anoticiaonline.com.br\/site\/associacao-do-setor-automotivo-de-muriae-e-regiao-promove-evento-para-mecanicos\/#authorImage","url":"https:\/\/secure.gravatar.com\/avatar\/b8d45f5c699b100dfaf0e543582f38f38bf94cb7ae3a5e9abf8d891a34773335?s=96&d=mm&r=g","width":96,"height":96,"caption":"Juliana Laviola"}},{"@type":"WebPage","@id":"https:\/\/anoticiaonline.com.br\/site\/associacao-do-setor-automotivo-de-muriae-e-regiao-promove-evento-para-mecanicos\/#webpage","url":"https:\/\/anoticiaonline.com.br\/site\/associacao-do-setor-automotivo-de-muriae-e-regiao-promove-evento-para-mecanicos\/","name":"Associa\u00e7\u00e3o do Setor Automotivo de Muria\u00e9 e Regi\u00e3o promove evento para mec\u00e2nicos - A Not\u00edcia Online","description":"A Associa\u00e7\u00e3o do Setor Automotivo de Muria\u00e9 e Regi\u00e3o \u2013 Oficinas Mec\u00e2nicas (ARIUS), em parceria com o Condesc (Conselho de Desenvolvimento Econ\u00f4mico, Social e Cultural de Muria\u00e9 e Regi\u00e3o), realizou, nas noites de ter\u00e7a (20) e quarta-feira (21), palestras com o objetivo de esclarecer profissionais sobre o tema: \u201cSistema Automatizado e C\u00e2mbio Autom\u00e1tico\u201d, ministrada pelo instrutor Theophilo","inLanguage":"pt-BR","isPartOf":{"@id":"https:\/\/anoticiaonline.com.br\/site\/#website"},"breadcrumb":{"@id":"https:\/\/anoticiaonline.com.br\/site\/associacao-do-setor-automotivo-de-muriae-e-regiao-promove-evento-para-mecanicos\/#breadcrumblist"},"author":{"@id":"https:\/\/anoticiaonline.com.br\/site\/author\/juliana\/#author"},"creator":{"@id":"https:\/\/anoticiaonline.com.br\/site\/author\/juliana\/#author"},"image":{"@type":"ImageObject","url":"https:\/\/anoticiaonline.com.br\/site\/wp-content\/uploads\/2018\/02\/DSC_0188.jpg","@id":"https:\/\/anoticiaonline.com.br\/site\/associacao-do-setor-automotivo-de-muriae-e-regiao-promove-evento-para-mecanicos\/#mainImage","width":640,"height":428},"primaryImageOfPage":{"@id":"https:\/\/anoticiaonline.com.br\/site\/associacao-do-setor-automotivo-de-muriae-e-regiao-promove-evento-para-mecanicos\/#mainImage"},"datePublished":"2018-02-22T22:12:36-03:00","dateModified":"2018-02-22T22:12:36-03:00"},{"@type":"WebSite","@id":"https:\/\/anoticiaonline.com.br\/site\/#website","url":"https:\/\/anoticiaonline.com.br\/site\/","name":"A Not\u00edcia Online","description":"Noticias de Muria\u00e9 e regi\u00e3o","inLanguage":"pt-BR","publisher":{"@id":"https:\/\/anoticiaonline.com.br\/site\/#organization"}}]},"og:locale":"pt_BR","og:site_name":"A Not\u00edcia Online - Noticias de Muria\u00e9 e regi\u00e3o","og:type":"article","og:title":"Associa\u00e7\u00e3o do Setor Automotivo de Muria\u00e9 e Regi\u00e3o promove evento para mec\u00e2nicos - A Not\u00edcia Online","og:description":"A Associa\u00e7\u00e3o do Setor Automotivo de Muria\u00e9 e Regi\u00e3o \u2013 Oficinas Mec\u00e2nicas (ARIUS), em parceria com o Condesc (Conselho de Desenvolvimento Econ\u00f4mico, Social e Cultural de Muria\u00e9 e Regi\u00e3o), realizou, nas noites de ter\u00e7a (20) e quarta-feira (21), palestras com o objetivo de esclarecer profissionais sobre o tema: \u201cSistema Automatizado e C\u00e2mbio Autom\u00e1tico\u201d, ministrada pelo instrutor Theophilo","og:url":"https:\/\/anoticiaonline.com.br\/site\/associacao-do-setor-automotivo-de-muriae-e-regiao-promove-evento-para-mecanicos\/","og:image":"https:\/\/scontent-gig4-1.xx.fbcdn.net\/v\/t39.30808-1\/270437624_4564083193639691_6907940295614233970_n.jpg?stp=dst-jpg_s200x200_tt6&#038;_nc_cat=111&#038;ccb=1-7&#038;_nc_sid=f907e8&#038;_nc_ohc=SM1wRlP3lJwQ7kNvwEPuBYA&#038;_nc_oc=AdnqrjDN_BNjSSHWO-GbkIWH6fkGMLw4bqvL_NH6e2wMveX7G-rP2dAqsDSq1mJMOaY&#038;_nc_zt=24&#038;_nc_ht=scontent-gig4-1.xx&#038;_nc_gid=AoBFJeGrT1hVaew_6rchkQ&#038;oh=00_AfX7QmFGhQhG2jAllVgXCiM1ZrWgvtp80-Bfppyexh1QEg&#038;oe=689E923C","og:image:secure_url":"https:\/\/scontent-gig4-1.xx.fbcdn.net\/v\/t39.30808-1\/270437624_4564083193639691_6907940295614233970_n.jpg?stp=dst-jpg_s200x200_tt6&#038;_nc_cat=111&#038;ccb=1-7&#038;_nc_sid=f907e8&#038;_nc_ohc=SM1wRlP3lJwQ7kNvwEPuBYA&#038;_nc_oc=AdnqrjDN_BNjSSHWO-GbkIWH6fkGMLw4bqvL_NH6e2wMveX7G-rP2dAqsDSq1mJMOaY&#038;_nc_zt=24&#038;_nc_ht=scontent-gig4-1.xx&#038;_nc_gid=AoBFJeGrT1hVaew_6rchkQ&#038;oh=00_AfX7QmFGhQhG2jAllVgXCiM1ZrWgvtp80-Bfppyexh1QEg&#038;oe=689E923C","article:published_time":"2018-02-23T01:12:36+00:00","article:modified_time":"2018-02-23T01:12:36+00:00","twitter:card":"summary_large_image","twitter:title":"Associa\u00e7\u00e3o do Setor Automotivo de Muria\u00e9 e Regi\u00e3o promove evento para mec\u00e2nicos - A Not\u00edcia Online","twitter:description":"A Associa\u00e7\u00e3o do Setor Automotivo de Muria\u00e9 e Regi\u00e3o \u2013 Oficinas Mec\u00e2nicas (ARIUS), em parceria com o Condesc (Conselho de Desenvolvimento Econ\u00f4mico, Social e Cultural de Muria\u00e9 e Regi\u00e3o), realizou, nas noites de ter\u00e7a (20) e quarta-feira (21), palestras com o objetivo de esclarecer profissionais sobre o tema: \u201cSistema Automatizado e C\u00e2mbio Autom\u00e1tico\u201d, ministrada pelo instrutor Theophilo","twitter:image":"https:\/\/scontent-gig4-1.xx.fbcdn.net\/v\/t39.30808-1\/270437624_4564083193639691_6907940295614233970_n.jpg?stp=dst-jpg_s200x200_tt6&_nc_cat=111&ccb=1-7&_nc_sid=f907e8&_nc_ohc=SM1wRlP3lJwQ7kNvwEPuBYA&_nc_oc=AdnqrjDN_BNjSSHWO-GbkIWH6fkGMLw4bqvL_NH6e2wMveX7G-rP2dAqsDSq1mJMOaY&_nc_zt=24&_nc_ht=scontent-gig4-1.xx&_nc_gid=AoBFJeGrT1hVaew_6rchkQ&oh=00_AfX7QmFGhQhG2jAllVgXCiM1ZrWgvtp80-Bfppyexh1QEg&oe=689E923C"},"aioseo_meta_data":{"post_id":"50707","title":null,"description":null,"keywords":null,"keyphrases":null,"primary_term":null,"canonical_url":null,"og_title":null,"og_description":null,"og_object_type":"default","og_image_type":"default","og_image_url":null,"og_image_width":null,"og_image_height":null,"og_image_custom_url":null,"og_image_custom_fields":null,"og_video":null,"og_custom_url":null,"og_article_section":null,"og_article_tags":null,"twitter_use_og":false,"twitter_card":"default","twitter_image_type":"default","twitter_image_url":null,"twitter_image_custom_url":null,"twitter_image_custom_fields":null,"twitter_title":null,"twitter_description":null,"schema":{"blockGraphs":[],"customGraphs":[],"default":{"data":{"Article":[],"Course":[],"Dataset":[],"FAQPage":[],"Movie":[],"Person":[],"Product":[],"ProductReview":[],"Car":[],"Recipe":[],"Service":[],"SoftwareApplication":[],"WebPage":[]},"graphName":"","isEnabled":true},"graphs":[]},"schema_type":"default","schema_type_options":null,"pillar_content":false,"robots_default":true,"robots_noindex":false,"robots_noarchive":false,"robots_nosnippet":false,"robots_nofollow":false,"robots_noimageindex":false,"robots_noodp":false,"robots_notranslate":false,"robots_max_snippet":null,"robots_max_videopreview":null,"robots_max_imagepreview":"large","priority":null,"frequency":null,"local_seo":null,"breadcrumb_settings":null,"limit_modified_date":false,"ai":null,"created":"2025-08-16 20:23:19","updated":"2025-08-16 20:23:19","focus_keyword":null,"additional_keywords":null,"truseo_locale":null,"seo_analyzer_scan_date":null},"aioseo_breadcrumb":"<div class=\"aioseo-breadcrumbs\"><span class=\"aioseo-breadcrumb\">\n\t\t\t<a href=\"https:\/\/anoticiaonline.com.br\/site\" title=\"Home\">Home<\/a>\n\t\t<\/span><span class=\"aioseo-breadcrumb-separator\">&raquo;<\/span><span class=\"aioseo-breadcrumb\">\n\t\t\t<a href=\"https:\/\/anoticiaonline.com.br\/site\/categoria\/eventos\/\" title=\"Eventos\">Eventos<\/a>\n\t\t<\/span><span class=\"aioseo-breadcrumb-separator\">&raquo;<\/span><span class=\"aioseo-breadcrumb\">\n\t\t\tAssocia\u00e7\u00e3o do Setor Automotivo de Muria\u00e9 e Regi\u00e3o promove evento para mec\u00e2nicos\n\t\t<\/span><\/div>","aioseo_breadcrumb_json":[{"label":"Home","link":"https:\/\/anoticiaonline.com.br\/site"},{"label":"Eventos","link":"https:\/\/anoticiaonline.com.br\/site\/categoria\/eventos\/"},{"label":"Associa\u00e7\u00e3o do Setor Automotivo de Muria\u00e9 e Regi\u00e3o promove evento para mec\u00e2nicos","link":"https:\/\/anoticiaonline.com.br\/site\/associacao-do-setor-automotivo-de-muriae-e-regiao-promove-evento-para-mecanicos\/"}],"views":142,"_links":{"self":[{"href":"https:\/\/anoticiaonline.com.br\/site\/wp-json\/wp\/v2\/posts\/50707","targetHints":{"allow":["GET"]}}],"collection":[{"href":"https:\/\/anoticiaonline.com.br\/site\/wp-json\/wp\/v2\/posts"}],"about":[{"href":"https:\/\/anoticiaonline.com.br\/site\/wp-json\/wp\/v2\/types\/post"}],"author":[{"embeddable":true,"href":"https:\/\/anoticiaonline.com.br\/site\/wp-json\/wp\/v2\/users\/2"}],"replies":[{"embeddable":true,"href":"https:\/\/anoticiaonline.com.br\/site\/wp-json\/wp\/v2\/comments?post=50707"}],"version-history":[{"count":0,"href":"https:\/\/anoticiaonline.com.br\/site\/wp-json\/wp\/v2\/posts\/50707\/revisions"}],"wp:featuredmedia":[{"embeddable":true,"href":"https:\/\/anoticiaonline.com.br\/site\/wp-json\/wp\/v2\/media\/50756"}],"wp:attachment":[{"href":"https:\/\/anoticiaonline.com.br\/site\/wp-json\/wp\/v2\/media?parent=50707"}],"wp:term":[{"taxonomy":"category","embeddable":true,"href":"https:\/\/anoticiaonline.com.br\/site\/wp-json\/wp\/v2\/categories?post=50707"},{"taxonomy":"post_tag","embeddable":true,"href":"https:\/\/anoticiaonline.com.br\/site\/wp-json\/wp\/v2\/tags?post=50707"}],"curies":[{"name":"wp","href":"https:\/\/api.w.org\/{rel}","templated":true}]}}