{"id":5067,"date":"2015-10-22T15:04:53","date_gmt":"2015-10-22T18:04:53","guid":{"rendered":"http:\/\/anoticiaonline.com.br\/site\/?p=5067"},"modified":"2015-10-22T15:04:53","modified_gmt":"2015-10-22T18:04:53","slug":"caps-de-sao-francisco-do-gloria-comemora-seu-primeiro-ano-de-funcionamento","status":"publish","type":"post","link":"https:\/\/anoticiaonline.com.br\/site\/caps-de-sao-francisco-do-gloria-comemora-seu-primeiro-ano-de-funcionamento\/","title":{"rendered":"CAPS de S\u00e3o Francisco do Gl\u00f3ria comemora seu primeiro ano de funcionamento"},"content":{"rendered":"<p><a href=\"https:\/\/anoticiaonline.com.br\/site\/wp-content\/uploads\/2015\/10\/CAPS-de-S\u00e3o-Francisco-do-Gl\u00f3ria-comemora-seu-primeiro-ano-de-funcionamento.jpg\"><img fetchpriority=\"high\" decoding=\"async\" class=\" size-medium wp-image-5068 alignleft\" src=\"https:\/\/anoticiaonline.com.br\/site\/wp-content\/uploads\/2015\/10\/CAPS-de-S\u00e3o-Francisco-do-Gl\u00f3ria-comemora-seu-primeiro-ano-de-funcionamento-300x225.jpg\" alt=\"CAPS de S\u00e3o Francisco do Gl\u00f3ria comemora seu primeiro ano de funcionamento\" width=\"300\" height=\"225\" srcset=\"https:\/\/anoticiaonline.com.br\/site\/wp-content\/uploads\/2015\/10\/CAPS-de-S\u00e3o-Francisco-do-Gl\u00f3ria-comemora-seu-primeiro-ano-de-funcionamento-300x225.jpg 300w, https:\/\/anoticiaonline.com.br\/site\/wp-content\/uploads\/2015\/10\/CAPS-de-S\u00e3o-Francisco-do-Gl\u00f3ria-comemora-seu-primeiro-ano-de-funcionamento.jpg 640w\" sizes=\"(max-width: 300px) 100vw, 300px\" \/><\/a>O Centro de Aten\u00e7\u00e3o Psicossocial (CAPS I) &#8220;Novamente&#8221;, de S\u00e3o Francisco do Gl\u00f3ria, realizou nesta ter\u00e7a-feira (20), uma festa em comemora\u00e7\u00e3o ao seu primeiro ano de funcionamento no munic\u00edpio. Para marcar esse primeiro ano de trabalho, a equipe reuniu profissionais, usu\u00e1rios e seus familiares. Na oportunidade, estiveram presentes o vice-prefeito, Walace Pedrosa, o presidente da C\u00e2mara de Vereadores, In\u00e1cio Dolizete e as secret\u00e1rias municipais de Sa\u00fade, de Assist\u00eancia Social e de Cultura, em um evento que, al\u00e9m de discursos de agradecimento \u00e0 equipe e ao prefeito Jos\u00e9 Bissiati, contou com depoimentos e apresenta\u00e7\u00f5es culturais dos usu\u00e1rios.<\/p>\n<p>Composto por uma equipe multidisciplinar \u2013psiquiatra, assistente social, enfermeiro, psic\u00f3logo, terapeuta ocupacional, fonoaudi\u00f3logo, t\u00e9cnico de enfermagem, artes\u00e3, monitor e auxiliares administrativo e de servi\u00e7os gerais \u2013, a unidade j\u00e1 acolheu cerca de 90 usu\u00e1rios, que recebem atendimentos individuais e em grupo.<\/p>\n<p>Entre as modalidades de tratamento est\u00e3o as atividades terap\u00eauticas, como oficinas de artesanato, atividades f\u00edsicas, passeios e festividades em datas comemorativas, estimulando o conv\u00edvio social e a proximidade familiar, na busca pela promo\u00e7\u00e3o, ressocializa\u00e7\u00e3o e a autonomia dos usu\u00e1rios.<\/p>\n<p>\u201cSuperamos um ano de muitas dificuldades, de adapta\u00e7\u00e3o a um novo perfil, cumprindo nosso papel de assegurar o atendimento aos usu\u00e1rios nos munic\u00edpios de refer\u00eancia, em especial \u00e0queles em situa\u00e7\u00e3o de crise, como prev\u00ea a lei federal da Reforma do Sistema Psiqui\u00e1trico. O CAPS \u00e9, sim, uma nova fam\u00edlia para os que chegam com seus conflitos e transtornos, onde sempre s\u00e3o tratados com amor, respeito e de forma humanizada\u201d, frisa a coordenadora, R\u00fabia Eliza.<\/p>\n<p><img decoding=\"async\" class=\"ngg_displayed_gallery mceItem\" src=\"https:\/\/anoticiaonline.com.br\/site\/nextgen-attach_to_post\/preview\/id--5091\" alt=\"\" \/><\/p>\n","protected":false},"excerpt":{"rendered":"<p>O Centro de Aten\u00e7\u00e3o Psicossocial (CAPS I) &#8220;Novamente&#8221;, de S\u00e3o Francisco do Gl\u00f3ria, realizou nesta ter\u00e7a-feira (20), uma festa em comemora\u00e7\u00e3o ao seu primeiro ano de funcionamento no munic\u00edpio. Para marcar esse primeiro ano de trabalho, a equipe reuniu profissionais, usu\u00e1rios e seus familiares. Na oportunidade, estiveram presentes o vice-prefeito, Walace Pedrosa, o presidente da &#8230; <a title=\"CAPS de S\u00e3o Francisco do Gl\u00f3ria comemora seu primeiro ano de funcionamento\" class=\"read-more\" href=\"https:\/\/anoticiaonline.com.br\/site\/caps-de-sao-francisco-do-gloria-comemora-seu-primeiro-ano-de-funcionamento\/\" aria-label=\"Read more about CAPS de S\u00e3o Francisco do Gl\u00f3ria comemora seu primeiro ano de funcionamento\">Ler mais<\/a><\/p>\n","protected":false},"author":2,"featured_media":5068,"comment_status":"open","ping_status":"open","sticky":false,"template":"","format":"standard","meta":{"_acf_changed":false,"_monsterinsights_skip_tracking":false,"footnotes":""},"categories":[6],"tags":[3],"class_list":["post-5067","post","type-post","status-publish","format-standard","has-post-thumbnail","hentry","category-regiao","tag-slide"],"acf":[],"aioseo_notices":[],"aioseo_head":"\n\t\t<!-- All in One SEO 5.0.0.1 - aioseo.com -->\n\t<meta name=\"description\" content=\"O Centro de Aten\u00e7\u00e3o Psicossocial (CAPS I) &quot;Novamente&quot;, de S\u00e3o Francisco do Gl\u00f3ria, realizou nesta ter\u00e7a-feira (20), uma festa em comemora\u00e7\u00e3o ao seu primeiro ano de funcionamento no munic\u00edpio. Para marcar esse primeiro ano de trabalho, a equipe reuniu profissionais, usu\u00e1rios e seus familiares. Na oportunidade, estiveram presentes o vice-prefeito, Walace Pedrosa, o presidente da\" \/>\n\t<meta name=\"robots\" content=\"max-image-preview:large\" \/>\n\t<meta name=\"author\" content=\"Juliana Laviola\"\/>\n\t<link rel=\"canonical\" href=\"https:\/\/anoticiaonline.com.br\/site\/caps-de-sao-francisco-do-gloria-comemora-seu-primeiro-ano-de-funcionamento\/\" \/>\n\t<meta name=\"generator\" content=\"All in One SEO (AIOSEO) 5.0.0.1\" \/>\n\t\t<meta property=\"og:locale\" content=\"pt_BR\" \/>\n\t\t<meta property=\"og:site_name\" content=\"A Not\u00edcia Online - Noticias de Muria\u00e9 e regi\u00e3o\" \/>\n\t\t<meta property=\"og:type\" content=\"article\" \/>\n\t\t<meta property=\"og:title\" content=\"CAPS de S\u00e3o Francisco do Gl\u00f3ria comemora seu primeiro ano de funcionamento - A Not\u00edcia Online\" \/>\n\t\t<meta property=\"og:description\" content=\"O Centro de Aten\u00e7\u00e3o Psicossocial (CAPS I) &quot;Novamente&quot;, de S\u00e3o Francisco do Gl\u00f3ria, realizou nesta ter\u00e7a-feira (20), uma festa em comemora\u00e7\u00e3o ao seu primeiro ano de funcionamento no munic\u00edpio. Para marcar esse primeiro ano de trabalho, a equipe reuniu profissionais, usu\u00e1rios e seus familiares. Na oportunidade, estiveram presentes o vice-prefeito, Walace Pedrosa, o presidente da\" \/>\n\t\t<meta property=\"og:url\" content=\"https:\/\/anoticiaonline.com.br\/site\/caps-de-sao-francisco-do-gloria-comemora-seu-primeiro-ano-de-funcionamento\/\" \/>\n\t\t<meta property=\"og:image\" content=\"https:\/\/scontent-gig4-1.xx.fbcdn.net\/v\/t39.30808-1\/270437624_4564083193639691_6907940295614233970_n.jpg?stp=dst-jpg_s200x200_tt6&#038;_nc_cat=111&#038;ccb=1-7&#038;_nc_sid=f907e8&#038;_nc_ohc=SM1wRlP3lJwQ7kNvwEPuBYA&#038;_nc_oc=AdnqrjDN_BNjSSHWO-GbkIWH6fkGMLw4bqvL_NH6e2wMveX7G-rP2dAqsDSq1mJMOaY&#038;_nc_zt=24&#038;_nc_ht=scontent-gig4-1.xx&#038;_nc_gid=AoBFJeGrT1hVaew_6rchkQ&#038;oh=00_AfX7QmFGhQhG2jAllVgXCiM1ZrWgvtp80-Bfppyexh1QEg&#038;oe=689E923C\" \/>\n\t\t<meta property=\"og:image:secure_url\" content=\"https:\/\/scontent-gig4-1.xx.fbcdn.net\/v\/t39.30808-1\/270437624_4564083193639691_6907940295614233970_n.jpg?stp=dst-jpg_s200x200_tt6&#038;_nc_cat=111&#038;ccb=1-7&#038;_nc_sid=f907e8&#038;_nc_ohc=SM1wRlP3lJwQ7kNvwEPuBYA&#038;_nc_oc=AdnqrjDN_BNjSSHWO-GbkIWH6fkGMLw4bqvL_NH6e2wMveX7G-rP2dAqsDSq1mJMOaY&#038;_nc_zt=24&#038;_nc_ht=scontent-gig4-1.xx&#038;_nc_gid=AoBFJeGrT1hVaew_6rchkQ&#038;oh=00_AfX7QmFGhQhG2jAllVgXCiM1ZrWgvtp80-Bfppyexh1QEg&#038;oe=689E923C\" \/>\n\t\t<meta property=\"article:published_time\" content=\"2015-10-22T18:04:53+00:00\" \/>\n\t\t<meta property=\"article:modified_time\" content=\"2015-10-22T18:04:53+00:00\" \/>\n\t\t<meta name=\"twitter:card\" content=\"summary_large_image\" \/>\n\t\t<meta name=\"twitter:title\" content=\"CAPS de S\u00e3o Francisco do Gl\u00f3ria comemora seu primeiro ano de funcionamento - A Not\u00edcia Online\" \/>\n\t\t<meta name=\"twitter:description\" content=\"O Centro de Aten\u00e7\u00e3o Psicossocial (CAPS I) &quot;Novamente&quot;, de S\u00e3o Francisco do Gl\u00f3ria, realizou nesta ter\u00e7a-feira (20), uma festa em comemora\u00e7\u00e3o ao seu primeiro ano de funcionamento no munic\u00edpio. Para marcar esse primeiro ano de trabalho, a equipe reuniu profissionais, usu\u00e1rios e seus familiares. Na oportunidade, estiveram presentes o vice-prefeito, Walace Pedrosa, o presidente da\" \/>\n\t\t<meta name=\"twitter:image\" content=\"https:\/\/scontent-gig4-1.xx.fbcdn.net\/v\/t39.30808-1\/270437624_4564083193639691_6907940295614233970_n.jpg?stp=dst-jpg_s200x200_tt6&amp;_nc_cat=111&amp;ccb=1-7&amp;_nc_sid=f907e8&amp;_nc_ohc=SM1wRlP3lJwQ7kNvwEPuBYA&amp;_nc_oc=AdnqrjDN_BNjSSHWO-GbkIWH6fkGMLw4bqvL_NH6e2wMveX7G-rP2dAqsDSq1mJMOaY&amp;_nc_zt=24&amp;_nc_ht=scontent-gig4-1.xx&amp;_nc_gid=AoBFJeGrT1hVaew_6rchkQ&amp;oh=00_AfX7QmFGhQhG2jAllVgXCiM1ZrWgvtp80-Bfppyexh1QEg&amp;oe=689E923C\" \/>\n\t\t<script type=\"application\/ld+json\" class=\"aioseo-schema\">\n\t\t\t{\"@context\":\"https:\\\/\\\/schema.org\",\"@graph\":[{\"@type\":\"BlogPosting\",\"@id\":\"https:\\\/\\\/anoticiaonline.com.br\\\/site\\\/caps-de-sao-francisco-do-gloria-comemora-seu-primeiro-ano-de-funcionamento\\\/#blogposting\",\"name\":\"CAPS de S\\u00e3o Francisco do Gl\\u00f3ria comemora seu primeiro ano de funcionamento - A Not\\u00edcia Online\",\"headline\":\"CAPS de S\\u00e3o Francisco do Gl\\u00f3ria comemora seu primeiro ano de funcionamento\",\"author\":{\"@id\":\"https:\\\/\\\/anoticiaonline.com.br\\\/site\\\/author\\\/juliana\\\/#author\"},\"publisher\":{\"@id\":\"https:\\\/\\\/anoticiaonline.com.br\\\/site\\\/#organization\"},\"image\":{\"@type\":\"ImageObject\",\"url\":\"https:\\\/\\\/anoticiaonline.com.br\\\/site\\\/wp-content\\\/uploads\\\/2015\\\/10\\\/CAPS-de-S\\u00e3o-Francisco-do-Gl\\u00f3ria-comemora-seu-primeiro-ano-de-funcionamento.jpg\",\"width\":640,\"height\":480},\"datePublished\":\"2015-10-22T15:04:53-03:00\",\"dateModified\":\"2015-10-22T15:04:53-03:00\",\"inLanguage\":\"pt-BR\",\"mainEntityOfPage\":{\"@id\":\"https:\\\/\\\/anoticiaonline.com.br\\\/site\\\/caps-de-sao-francisco-do-gloria-comemora-seu-primeiro-ano-de-funcionamento\\\/#webpage\"},\"isPartOf\":{\"@id\":\"https:\\\/\\\/anoticiaonline.com.br\\\/site\\\/caps-de-sao-francisco-do-gloria-comemora-seu-primeiro-ano-de-funcionamento\\\/#webpage\"},\"articleSection\":\"Regi\\u00e3o, slide\"},{\"@type\":\"BreadcrumbList\",\"@id\":\"https:\\\/\\\/anoticiaonline.com.br\\\/site\\\/caps-de-sao-francisco-do-gloria-comemora-seu-primeiro-ano-de-funcionamento\\\/#breadcrumblist\",\"itemListElement\":[{\"@type\":\"ListItem\",\"@id\":\"https:\\\/\\\/anoticiaonline.com.br\\\/site#listItem\",\"position\":1,\"name\":\"Home\",\"item\":\"https:\\\/\\\/anoticiaonline.com.br\\\/site\",\"nextItem\":{\"@type\":\"ListItem\",\"@id\":\"https:\\\/\\\/anoticiaonline.com.br\\\/site\\\/categoria\\\/regiao\\\/#listItem\",\"name\":\"Regi\\u00e3o\"}},{\"@type\":\"ListItem\",\"@id\":\"https:\\\/\\\/anoticiaonline.com.br\\\/site\\\/categoria\\\/regiao\\\/#listItem\",\"position\":2,\"name\":\"Regi\\u00e3o\",\"item\":\"https:\\\/\\\/anoticiaonline.com.br\\\/site\\\/categoria\\\/regiao\\\/\",\"nextItem\":{\"@type\":\"ListItem\",\"@id\":\"https:\\\/\\\/anoticiaonline.com.br\\\/site\\\/caps-de-sao-francisco-do-gloria-comemora-seu-primeiro-ano-de-funcionamento\\\/#listItem\",\"name\":\"CAPS de S\\u00e3o Francisco do Gl\\u00f3ria comemora seu primeiro ano de funcionamento\"},\"previousItem\":{\"@type\":\"ListItem\",\"@id\":\"https:\\\/\\\/anoticiaonline.com.br\\\/site#listItem\",\"name\":\"Home\"}},{\"@type\":\"ListItem\",\"@id\":\"https:\\\/\\\/anoticiaonline.com.br\\\/site\\\/caps-de-sao-francisco-do-gloria-comemora-seu-primeiro-ano-de-funcionamento\\\/#listItem\",\"position\":3,\"name\":\"CAPS de S\\u00e3o Francisco do Gl\\u00f3ria comemora seu primeiro ano de funcionamento\",\"previousItem\":{\"@type\":\"ListItem\",\"@id\":\"https:\\\/\\\/anoticiaonline.com.br\\\/site\\\/categoria\\\/regiao\\\/#listItem\",\"name\":\"Regi\\u00e3o\"}}]},{\"@type\":\"Organization\",\"@id\":\"https:\\\/\\\/anoticiaonline.com.br\\\/site\\\/#organization\",\"name\":\"A Not\\u00edcia Online\",\"description\":\"Noticias de Muria\\u00e9 e regi\\u00e3o\",\"url\":\"https:\\\/\\\/anoticiaonline.com.br\\\/site\\\/\",\"logo\":{\"@type\":\"ImageObject\",\"url\":\"https:\\\/\\\/scontent-gig4-1.xx.fbcdn.net\\\/v\\\/t39.30808-1\\\/270437624_4564083193639691_6907940295614233970_n.jpg?stp=dst-jpg_s200x200_tt6&_nc_cat=111&ccb=1-7&_nc_sid=f907e8&_nc_ohc=SM1wRlP3lJwQ7kNvwEPuBYA&_nc_oc=AdnqrjDN_BNjSSHWO-GbkIWH6fkGMLw4bqvL_NH6e2wMveX7G-rP2dAqsDSq1mJMOaY&_nc_zt=24&_nc_ht=scontent-gig4-1.xx&_nc_gid=AoBFJeGrT1hVaew_6rchkQ&oh=00_AfX7QmFGhQhG2jAllVgXCiM1ZrWgvtp80-Bfppyexh1QEg&oe=689E923C\",\"@id\":\"https:\\\/\\\/anoticiaonline.com.br\\\/site\\\/caps-de-sao-francisco-do-gloria-comemora-seu-primeiro-ano-de-funcionamento\\\/#organizationLogo\"},\"image\":{\"@id\":\"https:\\\/\\\/anoticiaonline.com.br\\\/site\\\/caps-de-sao-francisco-do-gloria-comemora-seu-primeiro-ano-de-funcionamento\\\/#organizationLogo\"}},{\"@type\":\"Person\",\"@id\":\"https:\\\/\\\/anoticiaonline.com.br\\\/site\\\/author\\\/juliana\\\/#author\",\"url\":\"https:\\\/\\\/anoticiaonline.com.br\\\/site\\\/author\\\/juliana\\\/\",\"name\":\"Juliana Laviola\",\"image\":{\"@type\":\"ImageObject\",\"@id\":\"https:\\\/\\\/anoticiaonline.com.br\\\/site\\\/caps-de-sao-francisco-do-gloria-comemora-seu-primeiro-ano-de-funcionamento\\\/#authorImage\",\"url\":\"https:\\\/\\\/secure.gravatar.com\\\/avatar\\\/b8d45f5c699b100dfaf0e543582f38f38bf94cb7ae3a5e9abf8d891a34773335?s=96&d=mm&r=g\",\"width\":96,\"height\":96,\"caption\":\"Juliana Laviola\"}},{\"@type\":\"WebPage\",\"@id\":\"https:\\\/\\\/anoticiaonline.com.br\\\/site\\\/caps-de-sao-francisco-do-gloria-comemora-seu-primeiro-ano-de-funcionamento\\\/#webpage\",\"url\":\"https:\\\/\\\/anoticiaonline.com.br\\\/site\\\/caps-de-sao-francisco-do-gloria-comemora-seu-primeiro-ano-de-funcionamento\\\/\",\"name\":\"CAPS de S\\u00e3o Francisco do Gl\\u00f3ria comemora seu primeiro ano de funcionamento - A Not\\u00edcia Online\",\"description\":\"O Centro de Aten\\u00e7\\u00e3o Psicossocial (CAPS I) \\\"Novamente\\\", de S\\u00e3o Francisco do Gl\\u00f3ria, realizou nesta ter\\u00e7a-feira (20), uma festa em comemora\\u00e7\\u00e3o ao seu primeiro ano de funcionamento no munic\\u00edpio. Para marcar esse primeiro ano de trabalho, a equipe reuniu profissionais, usu\\u00e1rios e seus familiares. Na oportunidade, estiveram presentes o vice-prefeito, Walace Pedrosa, o presidente da\",\"inLanguage\":\"pt-BR\",\"isPartOf\":{\"@id\":\"https:\\\/\\\/anoticiaonline.com.br\\\/site\\\/#website\"},\"breadcrumb\":{\"@id\":\"https:\\\/\\\/anoticiaonline.com.br\\\/site\\\/caps-de-sao-francisco-do-gloria-comemora-seu-primeiro-ano-de-funcionamento\\\/#breadcrumblist\"},\"author\":{\"@id\":\"https:\\\/\\\/anoticiaonline.com.br\\\/site\\\/author\\\/juliana\\\/#author\"},\"creator\":{\"@id\":\"https:\\\/\\\/anoticiaonline.com.br\\\/site\\\/author\\\/juliana\\\/#author\"},\"image\":{\"@type\":\"ImageObject\",\"url\":\"https:\\\/\\\/anoticiaonline.com.br\\\/site\\\/wp-content\\\/uploads\\\/2015\\\/10\\\/CAPS-de-S\\u00e3o-Francisco-do-Gl\\u00f3ria-comemora-seu-primeiro-ano-de-funcionamento.jpg\",\"@id\":\"https:\\\/\\\/anoticiaonline.com.br\\\/site\\\/caps-de-sao-francisco-do-gloria-comemora-seu-primeiro-ano-de-funcionamento\\\/#mainImage\",\"width\":640,\"height\":480},\"primaryImageOfPage\":{\"@id\":\"https:\\\/\\\/anoticiaonline.com.br\\\/site\\\/caps-de-sao-francisco-do-gloria-comemora-seu-primeiro-ano-de-funcionamento\\\/#mainImage\"},\"datePublished\":\"2015-10-22T15:04:53-03:00\",\"dateModified\":\"2015-10-22T15:04:53-03:00\"},{\"@type\":\"WebSite\",\"@id\":\"https:\\\/\\\/anoticiaonline.com.br\\\/site\\\/#website\",\"url\":\"https:\\\/\\\/anoticiaonline.com.br\\\/site\\\/\",\"name\":\"A Not\\u00edcia Online\",\"description\":\"Noticias de Muria\\u00e9 e regi\\u00e3o\",\"inLanguage\":\"pt-BR\",\"publisher\":{\"@id\":\"https:\\\/\\\/anoticiaonline.com.br\\\/site\\\/#organization\"}}]}\n\t\t<\/script>\n\t\t<!-- All in One SEO -->\n\n","aioseo_head_json":{"title":"CAPS de S\u00e3o Francisco do Gl\u00f3ria comemora seu primeiro ano de funcionamento - A Not\u00edcia Online","description":"O Centro de Aten\u00e7\u00e3o Psicossocial (CAPS I) \"Novamente\", de S\u00e3o Francisco do Gl\u00f3ria, realizou nesta ter\u00e7a-feira (20), uma festa em comemora\u00e7\u00e3o ao seu primeiro ano de funcionamento no munic\u00edpio. Para marcar esse primeiro ano de trabalho, a equipe reuniu profissionais, usu\u00e1rios e seus familiares. Na oportunidade, estiveram presentes o vice-prefeito, Walace Pedrosa, o presidente da","canonical_url":"https:\/\/anoticiaonline.com.br\/site\/caps-de-sao-francisco-do-gloria-comemora-seu-primeiro-ano-de-funcionamento\/","robots":"max-image-preview:large","keywords":"","webmasterTools":{"miscellaneous":""},"schema":{"@context":"https:\/\/schema.org","@graph":[{"@type":"BlogPosting","@id":"https:\/\/anoticiaonline.com.br\/site\/caps-de-sao-francisco-do-gloria-comemora-seu-primeiro-ano-de-funcionamento\/#blogposting","name":"CAPS de S\u00e3o Francisco do Gl\u00f3ria comemora seu primeiro ano de funcionamento - A Not\u00edcia Online","headline":"CAPS de S\u00e3o Francisco do Gl\u00f3ria comemora seu primeiro ano de funcionamento","author":{"@id":"https:\/\/anoticiaonline.com.br\/site\/author\/juliana\/#author"},"publisher":{"@id":"https:\/\/anoticiaonline.com.br\/site\/#organization"},"image":{"@type":"ImageObject","url":"https:\/\/anoticiaonline.com.br\/site\/wp-content\/uploads\/2015\/10\/CAPS-de-S\u00e3o-Francisco-do-Gl\u00f3ria-comemora-seu-primeiro-ano-de-funcionamento.jpg","width":640,"height":480},"datePublished":"2015-10-22T15:04:53-03:00","dateModified":"2015-10-22T15:04:53-03:00","inLanguage":"pt-BR","mainEntityOfPage":{"@id":"https:\/\/anoticiaonline.com.br\/site\/caps-de-sao-francisco-do-gloria-comemora-seu-primeiro-ano-de-funcionamento\/#webpage"},"isPartOf":{"@id":"https:\/\/anoticiaonline.com.br\/site\/caps-de-sao-francisco-do-gloria-comemora-seu-primeiro-ano-de-funcionamento\/#webpage"},"articleSection":"Regi\u00e3o, slide"},{"@type":"BreadcrumbList","@id":"https:\/\/anoticiaonline.com.br\/site\/caps-de-sao-francisco-do-gloria-comemora-seu-primeiro-ano-de-funcionamento\/#breadcrumblist","itemListElement":[{"@type":"ListItem","@id":"https:\/\/anoticiaonline.com.br\/site#listItem","position":1,"name":"Home","item":"https:\/\/anoticiaonline.com.br\/site","nextItem":{"@type":"ListItem","@id":"https:\/\/anoticiaonline.com.br\/site\/categoria\/regiao\/#listItem","name":"Regi\u00e3o"}},{"@type":"ListItem","@id":"https:\/\/anoticiaonline.com.br\/site\/categoria\/regiao\/#listItem","position":2,"name":"Regi\u00e3o","item":"https:\/\/anoticiaonline.com.br\/site\/categoria\/regiao\/","nextItem":{"@type":"ListItem","@id":"https:\/\/anoticiaonline.com.br\/site\/caps-de-sao-francisco-do-gloria-comemora-seu-primeiro-ano-de-funcionamento\/#listItem","name":"CAPS de S\u00e3o Francisco do Gl\u00f3ria comemora seu primeiro ano de funcionamento"},"previousItem":{"@type":"ListItem","@id":"https:\/\/anoticiaonline.com.br\/site#listItem","name":"Home"}},{"@type":"ListItem","@id":"https:\/\/anoticiaonline.com.br\/site\/caps-de-sao-francisco-do-gloria-comemora-seu-primeiro-ano-de-funcionamento\/#listItem","position":3,"name":"CAPS de S\u00e3o Francisco do Gl\u00f3ria comemora seu primeiro ano de funcionamento","previousItem":{"@type":"ListItem","@id":"https:\/\/anoticiaonline.com.br\/site\/categoria\/regiao\/#listItem","name":"Regi\u00e3o"}}]},{"@type":"Organization","@id":"https:\/\/anoticiaonline.com.br\/site\/#organization","name":"A Not\u00edcia Online","description":"Noticias de Muria\u00e9 e regi\u00e3o","url":"https:\/\/anoticiaonline.com.br\/site\/","logo":{"@type":"ImageObject","url":"https:\/\/scontent-gig4-1.xx.fbcdn.net\/v\/t39.30808-1\/270437624_4564083193639691_6907940295614233970_n.jpg?stp=dst-jpg_s200x200_tt6&_nc_cat=111&ccb=1-7&_nc_sid=f907e8&_nc_ohc=SM1wRlP3lJwQ7kNvwEPuBYA&_nc_oc=AdnqrjDN_BNjSSHWO-GbkIWH6fkGMLw4bqvL_NH6e2wMveX7G-rP2dAqsDSq1mJMOaY&_nc_zt=24&_nc_ht=scontent-gig4-1.xx&_nc_gid=AoBFJeGrT1hVaew_6rchkQ&oh=00_AfX7QmFGhQhG2jAllVgXCiM1ZrWgvtp80-Bfppyexh1QEg&oe=689E923C","@id":"https:\/\/anoticiaonline.com.br\/site\/caps-de-sao-francisco-do-gloria-comemora-seu-primeiro-ano-de-funcionamento\/#organizationLogo"},"image":{"@id":"https:\/\/anoticiaonline.com.br\/site\/caps-de-sao-francisco-do-gloria-comemora-seu-primeiro-ano-de-funcionamento\/#organizationLogo"}},{"@type":"Person","@id":"https:\/\/anoticiaonline.com.br\/site\/author\/juliana\/#author","url":"https:\/\/anoticiaonline.com.br\/site\/author\/juliana\/","name":"Juliana Laviola","image":{"@type":"ImageObject","@id":"https:\/\/anoticiaonline.com.br\/site\/caps-de-sao-francisco-do-gloria-comemora-seu-primeiro-ano-de-funcionamento\/#authorImage","url":"https:\/\/secure.gravatar.com\/avatar\/b8d45f5c699b100dfaf0e543582f38f38bf94cb7ae3a5e9abf8d891a34773335?s=96&d=mm&r=g","width":96,"height":96,"caption":"Juliana Laviola"}},{"@type":"WebPage","@id":"https:\/\/anoticiaonline.com.br\/site\/caps-de-sao-francisco-do-gloria-comemora-seu-primeiro-ano-de-funcionamento\/#webpage","url":"https:\/\/anoticiaonline.com.br\/site\/caps-de-sao-francisco-do-gloria-comemora-seu-primeiro-ano-de-funcionamento\/","name":"CAPS de S\u00e3o Francisco do Gl\u00f3ria comemora seu primeiro ano de funcionamento - A Not\u00edcia Online","description":"O Centro de Aten\u00e7\u00e3o Psicossocial (CAPS I) \"Novamente\", de S\u00e3o Francisco do Gl\u00f3ria, realizou nesta ter\u00e7a-feira (20), uma festa em comemora\u00e7\u00e3o ao seu primeiro ano de funcionamento no munic\u00edpio. Para marcar esse primeiro ano de trabalho, a equipe reuniu profissionais, usu\u00e1rios e seus familiares. Na oportunidade, estiveram presentes o vice-prefeito, Walace Pedrosa, o presidente da","inLanguage":"pt-BR","isPartOf":{"@id":"https:\/\/anoticiaonline.com.br\/site\/#website"},"breadcrumb":{"@id":"https:\/\/anoticiaonline.com.br\/site\/caps-de-sao-francisco-do-gloria-comemora-seu-primeiro-ano-de-funcionamento\/#breadcrumblist"},"author":{"@id":"https:\/\/anoticiaonline.com.br\/site\/author\/juliana\/#author"},"creator":{"@id":"https:\/\/anoticiaonline.com.br\/site\/author\/juliana\/#author"},"image":{"@type":"ImageObject","url":"https:\/\/anoticiaonline.com.br\/site\/wp-content\/uploads\/2015\/10\/CAPS-de-S\u00e3o-Francisco-do-Gl\u00f3ria-comemora-seu-primeiro-ano-de-funcionamento.jpg","@id":"https:\/\/anoticiaonline.com.br\/site\/caps-de-sao-francisco-do-gloria-comemora-seu-primeiro-ano-de-funcionamento\/#mainImage","width":640,"height":480},"primaryImageOfPage":{"@id":"https:\/\/anoticiaonline.com.br\/site\/caps-de-sao-francisco-do-gloria-comemora-seu-primeiro-ano-de-funcionamento\/#mainImage"},"datePublished":"2015-10-22T15:04:53-03:00","dateModified":"2015-10-22T15:04:53-03:00"},{"@type":"WebSite","@id":"https:\/\/anoticiaonline.com.br\/site\/#website","url":"https:\/\/anoticiaonline.com.br\/site\/","name":"A Not\u00edcia Online","description":"Noticias de Muria\u00e9 e regi\u00e3o","inLanguage":"pt-BR","publisher":{"@id":"https:\/\/anoticiaonline.com.br\/site\/#organization"}}]},"og:locale":"pt_BR","og:site_name":"A Not\u00edcia Online - Noticias de Muria\u00e9 e regi\u00e3o","og:type":"article","og:title":"CAPS de S\u00e3o Francisco do Gl\u00f3ria comemora seu primeiro ano de funcionamento - A Not\u00edcia Online","og:description":"O Centro de Aten\u00e7\u00e3o Psicossocial (CAPS I) &quot;Novamente&quot;, de S\u00e3o Francisco do Gl\u00f3ria, realizou nesta ter\u00e7a-feira (20), uma festa em comemora\u00e7\u00e3o ao seu primeiro ano de funcionamento no munic\u00edpio. Para marcar esse primeiro ano de trabalho, a equipe reuniu profissionais, usu\u00e1rios e seus familiares. Na oportunidade, estiveram presentes o vice-prefeito, Walace Pedrosa, o presidente da","og:url":"https:\/\/anoticiaonline.com.br\/site\/caps-de-sao-francisco-do-gloria-comemora-seu-primeiro-ano-de-funcionamento\/","og:image":"https:\/\/scontent-gig4-1.xx.fbcdn.net\/v\/t39.30808-1\/270437624_4564083193639691_6907940295614233970_n.jpg?stp=dst-jpg_s200x200_tt6&#038;_nc_cat=111&#038;ccb=1-7&#038;_nc_sid=f907e8&#038;_nc_ohc=SM1wRlP3lJwQ7kNvwEPuBYA&#038;_nc_oc=AdnqrjDN_BNjSSHWO-GbkIWH6fkGMLw4bqvL_NH6e2wMveX7G-rP2dAqsDSq1mJMOaY&#038;_nc_zt=24&#038;_nc_ht=scontent-gig4-1.xx&#038;_nc_gid=AoBFJeGrT1hVaew_6rchkQ&#038;oh=00_AfX7QmFGhQhG2jAllVgXCiM1ZrWgvtp80-Bfppyexh1QEg&#038;oe=689E923C","og:image:secure_url":"https:\/\/scontent-gig4-1.xx.fbcdn.net\/v\/t39.30808-1\/270437624_4564083193639691_6907940295614233970_n.jpg?stp=dst-jpg_s200x200_tt6&#038;_nc_cat=111&#038;ccb=1-7&#038;_nc_sid=f907e8&#038;_nc_ohc=SM1wRlP3lJwQ7kNvwEPuBYA&#038;_nc_oc=AdnqrjDN_BNjSSHWO-GbkIWH6fkGMLw4bqvL_NH6e2wMveX7G-rP2dAqsDSq1mJMOaY&#038;_nc_zt=24&#038;_nc_ht=scontent-gig4-1.xx&#038;_nc_gid=AoBFJeGrT1hVaew_6rchkQ&#038;oh=00_AfX7QmFGhQhG2jAllVgXCiM1ZrWgvtp80-Bfppyexh1QEg&#038;oe=689E923C","article:published_time":"2015-10-22T18:04:53+00:00","article:modified_time":"2015-10-22T18:04:53+00:00","twitter:card":"summary_large_image","twitter:title":"CAPS de S\u00e3o Francisco do Gl\u00f3ria comemora seu primeiro ano de funcionamento - A Not\u00edcia Online","twitter:description":"O Centro de Aten\u00e7\u00e3o Psicossocial (CAPS I) &quot;Novamente&quot;, de S\u00e3o Francisco do Gl\u00f3ria, realizou nesta ter\u00e7a-feira (20), uma festa em comemora\u00e7\u00e3o ao seu primeiro ano de funcionamento no munic\u00edpio. Para marcar esse primeiro ano de trabalho, a equipe reuniu profissionais, usu\u00e1rios e seus familiares. Na oportunidade, estiveram presentes o vice-prefeito, Walace Pedrosa, o presidente da","twitter:image":"https:\/\/scontent-gig4-1.xx.fbcdn.net\/v\/t39.30808-1\/270437624_4564083193639691_6907940295614233970_n.jpg?stp=dst-jpg_s200x200_tt6&_nc_cat=111&ccb=1-7&_nc_sid=f907e8&_nc_ohc=SM1wRlP3lJwQ7kNvwEPuBYA&_nc_oc=AdnqrjDN_BNjSSHWO-GbkIWH6fkGMLw4bqvL_NH6e2wMveX7G-rP2dAqsDSq1mJMOaY&_nc_zt=24&_nc_ht=scontent-gig4-1.xx&_nc_gid=AoBFJeGrT1hVaew_6rchkQ&oh=00_AfX7QmFGhQhG2jAllVgXCiM1ZrWgvtp80-Bfppyexh1QEg&oe=689E923C"},"aioseo_meta_data":{"post_id":"5067","title":null,"description":null,"keywords":null,"keyphrases":null,"primary_term":null,"canonical_url":null,"og_title":null,"og_description":null,"og_object_type":"default","og_image_type":"default","og_image_url":null,"og_image_width":null,"og_image_height":null,"og_image_custom_url":null,"og_image_custom_fields":null,"og_video":null,"og_custom_url":null,"og_article_section":null,"og_article_tags":null,"twitter_use_og":false,"twitter_card":"default","twitter_image_type":"default","twitter_image_url":null,"twitter_image_custom_url":null,"twitter_image_custom_fields":null,"twitter_title":null,"twitter_description":null,"schema":{"blockGraphs":[],"customGraphs":[],"default":{"data":{"Article":[],"Course":[],"Dataset":[],"FAQPage":[],"Movie":[],"Person":[],"Product":[],"ProductReview":[],"Car":[],"Recipe":[],"Service":[],"SoftwareApplication":[],"WebPage":[]},"graphName":"","isEnabled":true},"graphs":[]},"schema_type":"default","schema_type_options":null,"pillar_content":false,"robots_default":true,"robots_noindex":false,"robots_noarchive":false,"robots_nosnippet":false,"robots_nofollow":false,"robots_noimageindex":false,"robots_noodp":false,"robots_notranslate":false,"robots_max_snippet":null,"robots_max_videopreview":null,"robots_max_imagepreview":"large","priority":null,"frequency":null,"local_seo":null,"breadcrumb_settings":null,"limit_modified_date":false,"ai":null,"created":"2025-08-16 13:38:49","updated":"2025-08-16 13:38:49","focus_keyword":null,"additional_keywords":null,"truseo_locale":null,"seo_analyzer_scan_date":null},"aioseo_breadcrumb":"<div class=\"aioseo-breadcrumbs\"><span class=\"aioseo-breadcrumb\">\n\t\t\t<a href=\"https:\/\/anoticiaonline.com.br\/site\" title=\"Home\">Home<\/a>\n\t\t<\/span><span class=\"aioseo-breadcrumb-separator\">&raquo;<\/span><span class=\"aioseo-breadcrumb\">\n\t\t\t<a href=\"https:\/\/anoticiaonline.com.br\/site\/categoria\/regiao\/\" title=\"Regi\u00e3o\">Regi\u00e3o<\/a>\n\t\t<\/span><span class=\"aioseo-breadcrumb-separator\">&raquo;<\/span><span class=\"aioseo-breadcrumb\">\n\t\t\tCAPS de S\u00e3o Francisco do Gl\u00f3ria comemora seu primeiro ano de funcionamento\n\t\t<\/span><\/div>","aioseo_breadcrumb_json":[{"label":"Home","link":"https:\/\/anoticiaonline.com.br\/site"},{"label":"Regi\u00e3o","link":"https:\/\/anoticiaonline.com.br\/site\/categoria\/regiao\/"},{"label":"CAPS de S\u00e3o Francisco do Gl\u00f3ria comemora seu primeiro ano de funcionamento","link":"https:\/\/anoticiaonline.com.br\/site\/caps-de-sao-francisco-do-gloria-comemora-seu-primeiro-ano-de-funcionamento\/"}],"views":137,"_links":{"self":[{"href":"https:\/\/anoticiaonline.com.br\/site\/wp-json\/wp\/v2\/posts\/5067","targetHints":{"allow":["GET"]}}],"collection":[{"href":"https:\/\/anoticiaonline.com.br\/site\/wp-json\/wp\/v2\/posts"}],"about":[{"href":"https:\/\/anoticiaonline.com.br\/site\/wp-json\/wp\/v2\/types\/post"}],"author":[{"embeddable":true,"href":"https:\/\/anoticiaonline.com.br\/site\/wp-json\/wp\/v2\/users\/2"}],"replies":[{"embeddable":true,"href":"https:\/\/anoticiaonline.com.br\/site\/wp-json\/wp\/v2\/comments?post=5067"}],"version-history":[{"count":0,"href":"https:\/\/anoticiaonline.com.br\/site\/wp-json\/wp\/v2\/posts\/5067\/revisions"}],"wp:featuredmedia":[{"embeddable":true,"href":"https:\/\/anoticiaonline.com.br\/site\/wp-json\/wp\/v2\/media\/5068"}],"wp:attachment":[{"href":"https:\/\/anoticiaonline.com.br\/site\/wp-json\/wp\/v2\/media?parent=5067"}],"wp:term":[{"taxonomy":"category","embeddable":true,"href":"https:\/\/anoticiaonline.com.br\/site\/wp-json\/wp\/v2\/categories?post=5067"},{"taxonomy":"post_tag","embeddable":true,"href":"https:\/\/anoticiaonline.com.br\/site\/wp-json\/wp\/v2\/tags?post=5067"}],"curies":[{"name":"wp","href":"https:\/\/api.w.org\/{rel}","templated":true}]}}