{"id":5064,"date":"2015-10-23T08:15:56","date_gmt":"2015-10-23T11:15:56","guid":{"rendered":"http:\/\/anoticiaonline.com.br\/site\/?p=5064"},"modified":"2015-10-22T13:29:12","modified_gmt":"2015-10-22T16:29:12","slug":"projeto-de-lei-de-autoria-do-deputado-braulio-braz-declara-de-utilidade-publica-a-associacao-esportiva-lazer-ativo","status":"publish","type":"post","link":"https:\/\/anoticiaonline.com.br\/site\/projeto-de-lei-de-autoria-do-deputado-braulio-braz-declara-de-utilidade-publica-a-associacao-esportiva-lazer-ativo\/","title":{"rendered":"Projeto de lei de autoria do deputado Braulio Braz declara de utilidade p\u00fablica a Associa\u00e7\u00e3o Esportiva Lazer Ativo"},"content":{"rendered":"<p><a href=\"https:\/\/anoticiaonline.com.br\/site\/wp-content\/uploads\/2015\/10\/Projeto-de-lei-de-autoria-do-deputado-Braulio-Braz-declara-de-utilidade-p\u00fablica-a-Associa\u00e7\u00e3o-Esportiva-Lazer-Ativo.jpg\"><img fetchpriority=\"high\" decoding=\"async\" class=\" size-medium wp-image-5065 alignleft\" src=\"https:\/\/anoticiaonline.com.br\/site\/wp-content\/uploads\/2015\/10\/Projeto-de-lei-de-autoria-do-deputado-Braulio-Braz-declara-de-utilidade-p\u00fablica-a-Associa\u00e7\u00e3o-Esportiva-Lazer-Ativo-300x200.jpg\" alt=\"Projeto de lei de autoria do deputado Braulio Braz declara de utilidade p\u00fablica a Associa\u00e7\u00e3o Esportiva Lazer Ativo\" width=\"300\" height=\"200\" srcset=\"https:\/\/anoticiaonline.com.br\/site\/wp-content\/uploads\/2015\/10\/Projeto-de-lei-de-autoria-do-deputado-Braulio-Braz-declara-de-utilidade-p\u00fablica-a-Associa\u00e7\u00e3o-Esportiva-Lazer-Ativo-300x200.jpg 300w, https:\/\/anoticiaonline.com.br\/site\/wp-content\/uploads\/2015\/10\/Projeto-de-lei-de-autoria-do-deputado-Braulio-Braz-declara-de-utilidade-p\u00fablica-a-Associa\u00e7\u00e3o-Esportiva-Lazer-Ativo-290x192.jpg 290w, https:\/\/anoticiaonline.com.br\/site\/wp-content\/uploads\/2015\/10\/Projeto-de-lei-de-autoria-do-deputado-Braulio-Braz-declara-de-utilidade-p\u00fablica-a-Associa\u00e7\u00e3o-Esportiva-Lazer-Ativo.jpg 640w\" sizes=\"(max-width: 300px) 100vw, 300px\" \/><\/a>A Assembleia Legislativa de Minas Gerais aprovou o Projeto de Lei n\u00ba 2042\/2015, de autoria do deputado Braulio Braz, que declara de utilidade p\u00fablica estadual a Associa\u00e7\u00e3o Esportiva Lazer Ativo, com sede no distrito de Vermelho. O projeto j\u00e1 foi encaminhado \u00e0 san\u00e7\u00e3o do governador do Estado de Minas Gerais, Fernando Pimentel.<\/p>\n<p>A Associa\u00e7\u00e3o Esportiva Lazer Ativo \u00e9 uma entidade sem fins lucrativos, de car\u00e1ter esportivo, cultural, educativo, cient\u00edfico, assistencial e filantr\u00f3pico. Atende a 280 crian\u00e7as e adolescentes, com idades entre 4 a 17 anos, de diversos bairros e distritos de Muria\u00e9. Al\u00e9m das moradoras do Vermelho, h\u00e1 aquelas que residem em Pirapanema, Macuco, nos bairros S\u00e3o Jos\u00e9, Aeroporto, Nova Muria\u00e9, Joan\u00f3polis, S\u00e3o Joaquim e S\u00e3o Crist\u00f3v\u00e3o.<\/p>\n<p>Alguns dos objetivos principais da associa\u00e7\u00e3o s\u00e3o: formular pol\u00edticas p\u00fablicas de interesse da juventude, desenvolver projetos voltados para a constru\u00e7\u00e3o da cidadania, promover a cultura, a defesa e conserva\u00e7\u00e3o do patrim\u00f4nio hist\u00f3rico e art\u00edstico, a forma\u00e7\u00e3o profissional, t\u00e9cnica e \u00e9tica dos jovens; desenvolver a consci\u00eancia social solid\u00e1ria com a juventude, criar mecanismos de participa\u00e7\u00e3o ao esporte e promover a defesa dos direitos humanos e combater a pobreza e contribuir para a formula\u00e7\u00e3o de pol\u00edticas p\u00fablicas que facilitem a inser\u00e7\u00e3o do jovem ao esporte e no mercado de trabalho.<\/p>\n","protected":false},"excerpt":{"rendered":"<p>A Assembleia Legislativa de Minas Gerais aprovou o Projeto de Lei n\u00ba 2042\/2015, de autoria do deputado Braulio Braz, que declara de utilidade p\u00fablica estadual a Associa\u00e7\u00e3o Esportiva Lazer Ativo, com sede no distrito de Vermelho. O projeto j\u00e1 foi encaminhado \u00e0 san\u00e7\u00e3o do governador do Estado de Minas Gerais, Fernando Pimentel. A Associa\u00e7\u00e3o Esportiva &#8230; <a title=\"Projeto de lei de autoria do deputado Braulio Braz declara de utilidade p\u00fablica a Associa\u00e7\u00e3o Esportiva Lazer Ativo\" class=\"read-more\" href=\"https:\/\/anoticiaonline.com.br\/site\/projeto-de-lei-de-autoria-do-deputado-braulio-braz-declara-de-utilidade-publica-a-associacao-esportiva-lazer-ativo\/\" aria-label=\"Read more about Projeto de lei de autoria do deputado Braulio Braz declara de utilidade p\u00fablica a Associa\u00e7\u00e3o Esportiva Lazer Ativo\">Ler mais<\/a><\/p>\n","protected":false},"author":2,"featured_media":5065,"comment_status":"open","ping_status":"open","sticky":false,"template":"","format":"standard","meta":{"_acf_changed":false,"_monsterinsights_skip_tracking":false,"footnotes":""},"categories":[30],"tags":[3],"class_list":["post-5064","post","type-post","status-publish","format-standard","has-post-thumbnail","hentry","category-muriae","tag-slide"],"acf":[],"aioseo_notices":[],"aioseo_head":"\n\t\t<!-- All in One SEO 5.0.0.1 - aioseo.com -->\n\t<meta name=\"description\" content=\"A Assembleia Legislativa de Minas Gerais aprovou o Projeto de Lei n\u00ba 2042\/2015, de autoria do deputado Braulio Braz, que declara de utilidade p\u00fablica estadual a Associa\u00e7\u00e3o Esportiva Lazer Ativo, com sede no distrito de Vermelho. O projeto j\u00e1 foi encaminhado \u00e0 san\u00e7\u00e3o do governador do Estado de Minas Gerais, Fernando Pimentel. A Associa\u00e7\u00e3o Esportiva\" \/>\n\t<meta name=\"robots\" content=\"max-image-preview:large\" \/>\n\t<meta name=\"author\" content=\"Juliana Laviola\"\/>\n\t<link rel=\"canonical\" href=\"https:\/\/anoticiaonline.com.br\/site\/projeto-de-lei-de-autoria-do-deputado-braulio-braz-declara-de-utilidade-publica-a-associacao-esportiva-lazer-ativo\/\" \/>\n\t<meta name=\"generator\" content=\"All in One SEO (AIOSEO) 5.0.0.1\" \/>\n\t\t<meta property=\"og:locale\" content=\"pt_BR\" \/>\n\t\t<meta property=\"og:site_name\" content=\"A Not\u00edcia Online - Noticias de Muria\u00e9 e regi\u00e3o\" \/>\n\t\t<meta property=\"og:type\" content=\"article\" \/>\n\t\t<meta property=\"og:title\" content=\"Projeto de lei de autoria do deputado Braulio Braz declara de utilidade p\u00fablica a Associa\u00e7\u00e3o Esportiva Lazer Ativo - A Not\u00edcia Online\" \/>\n\t\t<meta property=\"og:description\" content=\"A Assembleia Legislativa de Minas Gerais aprovou o Projeto de Lei n\u00ba 2042\/2015, de autoria do deputado Braulio Braz, que declara de utilidade p\u00fablica estadual a Associa\u00e7\u00e3o Esportiva Lazer Ativo, com sede no distrito de Vermelho. O projeto j\u00e1 foi encaminhado \u00e0 san\u00e7\u00e3o do governador do Estado de Minas Gerais, Fernando Pimentel. A Associa\u00e7\u00e3o Esportiva\" \/>\n\t\t<meta property=\"og:url\" content=\"https:\/\/anoticiaonline.com.br\/site\/projeto-de-lei-de-autoria-do-deputado-braulio-braz-declara-de-utilidade-publica-a-associacao-esportiva-lazer-ativo\/\" \/>\n\t\t<meta property=\"og:image\" content=\"https:\/\/scontent-gig4-1.xx.fbcdn.net\/v\/t39.30808-1\/270437624_4564083193639691_6907940295614233970_n.jpg?stp=dst-jpg_s200x200_tt6&#038;_nc_cat=111&#038;ccb=1-7&#038;_nc_sid=f907e8&#038;_nc_ohc=SM1wRlP3lJwQ7kNvwEPuBYA&#038;_nc_oc=AdnqrjDN_BNjSSHWO-GbkIWH6fkGMLw4bqvL_NH6e2wMveX7G-rP2dAqsDSq1mJMOaY&#038;_nc_zt=24&#038;_nc_ht=scontent-gig4-1.xx&#038;_nc_gid=AoBFJeGrT1hVaew_6rchkQ&#038;oh=00_AfX7QmFGhQhG2jAllVgXCiM1ZrWgvtp80-Bfppyexh1QEg&#038;oe=689E923C\" \/>\n\t\t<meta property=\"og:image:secure_url\" content=\"https:\/\/scontent-gig4-1.xx.fbcdn.net\/v\/t39.30808-1\/270437624_4564083193639691_6907940295614233970_n.jpg?stp=dst-jpg_s200x200_tt6&#038;_nc_cat=111&#038;ccb=1-7&#038;_nc_sid=f907e8&#038;_nc_ohc=SM1wRlP3lJwQ7kNvwEPuBYA&#038;_nc_oc=AdnqrjDN_BNjSSHWO-GbkIWH6fkGMLw4bqvL_NH6e2wMveX7G-rP2dAqsDSq1mJMOaY&#038;_nc_zt=24&#038;_nc_ht=scontent-gig4-1.xx&#038;_nc_gid=AoBFJeGrT1hVaew_6rchkQ&#038;oh=00_AfX7QmFGhQhG2jAllVgXCiM1ZrWgvtp80-Bfppyexh1QEg&#038;oe=689E923C\" \/>\n\t\t<meta property=\"article:published_time\" content=\"2015-10-23T11:15:56+00:00\" \/>\n\t\t<meta property=\"article:modified_time\" content=\"2015-10-22T16:29:12+00:00\" \/>\n\t\t<meta name=\"twitter:card\" content=\"summary_large_image\" \/>\n\t\t<meta name=\"twitter:title\" content=\"Projeto de lei de autoria do deputado Braulio Braz declara de utilidade p\u00fablica a Associa\u00e7\u00e3o Esportiva Lazer Ativo - A Not\u00edcia Online\" \/>\n\t\t<meta name=\"twitter:description\" content=\"A Assembleia Legislativa de Minas Gerais aprovou o Projeto de Lei n\u00ba 2042\/2015, de autoria do deputado Braulio Braz, que declara de utilidade p\u00fablica estadual a Associa\u00e7\u00e3o Esportiva Lazer Ativo, com sede no distrito de Vermelho. O projeto j\u00e1 foi encaminhado \u00e0 san\u00e7\u00e3o do governador do Estado de Minas Gerais, Fernando Pimentel. A Associa\u00e7\u00e3o Esportiva\" \/>\n\t\t<meta name=\"twitter:image\" content=\"https:\/\/scontent-gig4-1.xx.fbcdn.net\/v\/t39.30808-1\/270437624_4564083193639691_6907940295614233970_n.jpg?stp=dst-jpg_s200x200_tt6&amp;_nc_cat=111&amp;ccb=1-7&amp;_nc_sid=f907e8&amp;_nc_ohc=SM1wRlP3lJwQ7kNvwEPuBYA&amp;_nc_oc=AdnqrjDN_BNjSSHWO-GbkIWH6fkGMLw4bqvL_NH6e2wMveX7G-rP2dAqsDSq1mJMOaY&amp;_nc_zt=24&amp;_nc_ht=scontent-gig4-1.xx&amp;_nc_gid=AoBFJeGrT1hVaew_6rchkQ&amp;oh=00_AfX7QmFGhQhG2jAllVgXCiM1ZrWgvtp80-Bfppyexh1QEg&amp;oe=689E923C\" \/>\n\t\t<script type=\"application\/ld+json\" class=\"aioseo-schema\">\n\t\t\t{\"@context\":\"https:\\\/\\\/schema.org\",\"@graph\":[{\"@type\":\"BlogPosting\",\"@id\":\"https:\\\/\\\/anoticiaonline.com.br\\\/site\\\/projeto-de-lei-de-autoria-do-deputado-braulio-braz-declara-de-utilidade-publica-a-associacao-esportiva-lazer-ativo\\\/#blogposting\",\"name\":\"Projeto de lei de autoria do deputado Braulio Braz declara de utilidade p\\u00fablica a Associa\\u00e7\\u00e3o Esportiva Lazer Ativo - A Not\\u00edcia Online\",\"headline\":\"Projeto de lei de autoria do deputado Braulio Braz declara de utilidade p\\u00fablica a Associa\\u00e7\\u00e3o Esportiva Lazer Ativo\",\"author\":{\"@id\":\"https:\\\/\\\/anoticiaonline.com.br\\\/site\\\/author\\\/juliana\\\/#author\"},\"publisher\":{\"@id\":\"https:\\\/\\\/anoticiaonline.com.br\\\/site\\\/#organization\"},\"image\":{\"@type\":\"ImageObject\",\"url\":\"https:\\\/\\\/anoticiaonline.com.br\\\/site\\\/wp-content\\\/uploads\\\/2015\\\/10\\\/Projeto-de-lei-de-autoria-do-deputado-Braulio-Braz-declara-de-utilidade-p\\u00fablica-a-Associa\\u00e7\\u00e3o-Esportiva-Lazer-Ativo.jpg\",\"width\":640,\"height\":426},\"datePublished\":\"2015-10-23T08:15:56-03:00\",\"dateModified\":\"2015-10-22T13:29:12-03:00\",\"inLanguage\":\"pt-BR\",\"mainEntityOfPage\":{\"@id\":\"https:\\\/\\\/anoticiaonline.com.br\\\/site\\\/projeto-de-lei-de-autoria-do-deputado-braulio-braz-declara-de-utilidade-publica-a-associacao-esportiva-lazer-ativo\\\/#webpage\"},\"isPartOf\":{\"@id\":\"https:\\\/\\\/anoticiaonline.com.br\\\/site\\\/projeto-de-lei-de-autoria-do-deputado-braulio-braz-declara-de-utilidade-publica-a-associacao-esportiva-lazer-ativo\\\/#webpage\"},\"articleSection\":\"Blog, slide\"},{\"@type\":\"BreadcrumbList\",\"@id\":\"https:\\\/\\\/anoticiaonline.com.br\\\/site\\\/projeto-de-lei-de-autoria-do-deputado-braulio-braz-declara-de-utilidade-publica-a-associacao-esportiva-lazer-ativo\\\/#breadcrumblist\",\"itemListElement\":[{\"@type\":\"ListItem\",\"@id\":\"https:\\\/\\\/anoticiaonline.com.br\\\/site#listItem\",\"position\":1,\"name\":\"Home\",\"item\":\"https:\\\/\\\/anoticiaonline.com.br\\\/site\",\"nextItem\":{\"@type\":\"ListItem\",\"@id\":\"https:\\\/\\\/anoticiaonline.com.br\\\/site\\\/categoria\\\/muriae\\\/#listItem\",\"name\":\"Blog\"}},{\"@type\":\"ListItem\",\"@id\":\"https:\\\/\\\/anoticiaonline.com.br\\\/site\\\/categoria\\\/muriae\\\/#listItem\",\"position\":2,\"name\":\"Blog\",\"item\":\"https:\\\/\\\/anoticiaonline.com.br\\\/site\\\/categoria\\\/muriae\\\/\",\"nextItem\":{\"@type\":\"ListItem\",\"@id\":\"https:\\\/\\\/anoticiaonline.com.br\\\/site\\\/projeto-de-lei-de-autoria-do-deputado-braulio-braz-declara-de-utilidade-publica-a-associacao-esportiva-lazer-ativo\\\/#listItem\",\"name\":\"Projeto de lei de autoria do deputado Braulio Braz declara de utilidade p\\u00fablica a Associa\\u00e7\\u00e3o Esportiva Lazer Ativo\"},\"previousItem\":{\"@type\":\"ListItem\",\"@id\":\"https:\\\/\\\/anoticiaonline.com.br\\\/site#listItem\",\"name\":\"Home\"}},{\"@type\":\"ListItem\",\"@id\":\"https:\\\/\\\/anoticiaonline.com.br\\\/site\\\/projeto-de-lei-de-autoria-do-deputado-braulio-braz-declara-de-utilidade-publica-a-associacao-esportiva-lazer-ativo\\\/#listItem\",\"position\":3,\"name\":\"Projeto de lei de autoria do deputado Braulio Braz declara de utilidade p\\u00fablica a Associa\\u00e7\\u00e3o Esportiva Lazer Ativo\",\"previousItem\":{\"@type\":\"ListItem\",\"@id\":\"https:\\\/\\\/anoticiaonline.com.br\\\/site\\\/categoria\\\/muriae\\\/#listItem\",\"name\":\"Blog\"}}]},{\"@type\":\"Organization\",\"@id\":\"https:\\\/\\\/anoticiaonline.com.br\\\/site\\\/#organization\",\"name\":\"A Not\\u00edcia Online\",\"description\":\"Noticias de Muria\\u00e9 e regi\\u00e3o\",\"url\":\"https:\\\/\\\/anoticiaonline.com.br\\\/site\\\/\",\"logo\":{\"@type\":\"ImageObject\",\"url\":\"https:\\\/\\\/scontent-gig4-1.xx.fbcdn.net\\\/v\\\/t39.30808-1\\\/270437624_4564083193639691_6907940295614233970_n.jpg?stp=dst-jpg_s200x200_tt6&_nc_cat=111&ccb=1-7&_nc_sid=f907e8&_nc_ohc=SM1wRlP3lJwQ7kNvwEPuBYA&_nc_oc=AdnqrjDN_BNjSSHWO-GbkIWH6fkGMLw4bqvL_NH6e2wMveX7G-rP2dAqsDSq1mJMOaY&_nc_zt=24&_nc_ht=scontent-gig4-1.xx&_nc_gid=AoBFJeGrT1hVaew_6rchkQ&oh=00_AfX7QmFGhQhG2jAllVgXCiM1ZrWgvtp80-Bfppyexh1QEg&oe=689E923C\",\"@id\":\"https:\\\/\\\/anoticiaonline.com.br\\\/site\\\/projeto-de-lei-de-autoria-do-deputado-braulio-braz-declara-de-utilidade-publica-a-associacao-esportiva-lazer-ativo\\\/#organizationLogo\"},\"image\":{\"@id\":\"https:\\\/\\\/anoticiaonline.com.br\\\/site\\\/projeto-de-lei-de-autoria-do-deputado-braulio-braz-declara-de-utilidade-publica-a-associacao-esportiva-lazer-ativo\\\/#organizationLogo\"}},{\"@type\":\"Person\",\"@id\":\"https:\\\/\\\/anoticiaonline.com.br\\\/site\\\/author\\\/juliana\\\/#author\",\"url\":\"https:\\\/\\\/anoticiaonline.com.br\\\/site\\\/author\\\/juliana\\\/\",\"name\":\"Juliana Laviola\",\"image\":{\"@type\":\"ImageObject\",\"@id\":\"https:\\\/\\\/anoticiaonline.com.br\\\/site\\\/projeto-de-lei-de-autoria-do-deputado-braulio-braz-declara-de-utilidade-publica-a-associacao-esportiva-lazer-ativo\\\/#authorImage\",\"url\":\"https:\\\/\\\/secure.gravatar.com\\\/avatar\\\/b8d45f5c699b100dfaf0e543582f38f38bf94cb7ae3a5e9abf8d891a34773335?s=96&d=mm&r=g\",\"width\":96,\"height\":96,\"caption\":\"Juliana Laviola\"}},{\"@type\":\"WebPage\",\"@id\":\"https:\\\/\\\/anoticiaonline.com.br\\\/site\\\/projeto-de-lei-de-autoria-do-deputado-braulio-braz-declara-de-utilidade-publica-a-associacao-esportiva-lazer-ativo\\\/#webpage\",\"url\":\"https:\\\/\\\/anoticiaonline.com.br\\\/site\\\/projeto-de-lei-de-autoria-do-deputado-braulio-braz-declara-de-utilidade-publica-a-associacao-esportiva-lazer-ativo\\\/\",\"name\":\"Projeto de lei de autoria do deputado Braulio Braz declara de utilidade p\\u00fablica a Associa\\u00e7\\u00e3o Esportiva Lazer Ativo - A Not\\u00edcia Online\",\"description\":\"A Assembleia Legislativa de Minas Gerais aprovou o Projeto de Lei n\\u00ba 2042\\\/2015, de autoria do deputado Braulio Braz, que declara de utilidade p\\u00fablica estadual a Associa\\u00e7\\u00e3o Esportiva Lazer Ativo, com sede no distrito de Vermelho. O projeto j\\u00e1 foi encaminhado \\u00e0 san\\u00e7\\u00e3o do governador do Estado de Minas Gerais, Fernando Pimentel. A Associa\\u00e7\\u00e3o Esportiva\",\"inLanguage\":\"pt-BR\",\"isPartOf\":{\"@id\":\"https:\\\/\\\/anoticiaonline.com.br\\\/site\\\/#website\"},\"breadcrumb\":{\"@id\":\"https:\\\/\\\/anoticiaonline.com.br\\\/site\\\/projeto-de-lei-de-autoria-do-deputado-braulio-braz-declara-de-utilidade-publica-a-associacao-esportiva-lazer-ativo\\\/#breadcrumblist\"},\"author\":{\"@id\":\"https:\\\/\\\/anoticiaonline.com.br\\\/site\\\/author\\\/juliana\\\/#author\"},\"creator\":{\"@id\":\"https:\\\/\\\/anoticiaonline.com.br\\\/site\\\/author\\\/juliana\\\/#author\"},\"image\":{\"@type\":\"ImageObject\",\"url\":\"https:\\\/\\\/anoticiaonline.com.br\\\/site\\\/wp-content\\\/uploads\\\/2015\\\/10\\\/Projeto-de-lei-de-autoria-do-deputado-Braulio-Braz-declara-de-utilidade-p\\u00fablica-a-Associa\\u00e7\\u00e3o-Esportiva-Lazer-Ativo.jpg\",\"@id\":\"https:\\\/\\\/anoticiaonline.com.br\\\/site\\\/projeto-de-lei-de-autoria-do-deputado-braulio-braz-declara-de-utilidade-publica-a-associacao-esportiva-lazer-ativo\\\/#mainImage\",\"width\":640,\"height\":426},\"primaryImageOfPage\":{\"@id\":\"https:\\\/\\\/anoticiaonline.com.br\\\/site\\\/projeto-de-lei-de-autoria-do-deputado-braulio-braz-declara-de-utilidade-publica-a-associacao-esportiva-lazer-ativo\\\/#mainImage\"},\"datePublished\":\"2015-10-23T08:15:56-03:00\",\"dateModified\":\"2015-10-22T13:29:12-03:00\"},{\"@type\":\"WebSite\",\"@id\":\"https:\\\/\\\/anoticiaonline.com.br\\\/site\\\/#website\",\"url\":\"https:\\\/\\\/anoticiaonline.com.br\\\/site\\\/\",\"name\":\"A Not\\u00edcia Online\",\"description\":\"Noticias de Muria\\u00e9 e regi\\u00e3o\",\"inLanguage\":\"pt-BR\",\"publisher\":{\"@id\":\"https:\\\/\\\/anoticiaonline.com.br\\\/site\\\/#organization\"}}]}\n\t\t<\/script>\n\t\t<!-- All in One SEO -->\n\n","aioseo_head_json":{"title":"Projeto de lei de autoria do deputado Braulio Braz declara de utilidade p\u00fablica a Associa\u00e7\u00e3o Esportiva Lazer Ativo - A Not\u00edcia Online","description":"A Assembleia Legislativa de Minas Gerais aprovou o Projeto de Lei n\u00ba 2042\/2015, de autoria do deputado Braulio Braz, que declara de utilidade p\u00fablica estadual a Associa\u00e7\u00e3o Esportiva Lazer Ativo, com sede no distrito de Vermelho. O projeto j\u00e1 foi encaminhado \u00e0 san\u00e7\u00e3o do governador do Estado de Minas Gerais, Fernando Pimentel. A Associa\u00e7\u00e3o Esportiva","canonical_url":"https:\/\/anoticiaonline.com.br\/site\/projeto-de-lei-de-autoria-do-deputado-braulio-braz-declara-de-utilidade-publica-a-associacao-esportiva-lazer-ativo\/","robots":"max-image-preview:large","keywords":"","webmasterTools":{"miscellaneous":""},"schema":{"@context":"https:\/\/schema.org","@graph":[{"@type":"BlogPosting","@id":"https:\/\/anoticiaonline.com.br\/site\/projeto-de-lei-de-autoria-do-deputado-braulio-braz-declara-de-utilidade-publica-a-associacao-esportiva-lazer-ativo\/#blogposting","name":"Projeto de lei de autoria do deputado Braulio Braz declara de utilidade p\u00fablica a Associa\u00e7\u00e3o Esportiva Lazer Ativo - A Not\u00edcia Online","headline":"Projeto de lei de autoria do deputado Braulio Braz declara de utilidade p\u00fablica a Associa\u00e7\u00e3o Esportiva Lazer Ativo","author":{"@id":"https:\/\/anoticiaonline.com.br\/site\/author\/juliana\/#author"},"publisher":{"@id":"https:\/\/anoticiaonline.com.br\/site\/#organization"},"image":{"@type":"ImageObject","url":"https:\/\/anoticiaonline.com.br\/site\/wp-content\/uploads\/2015\/10\/Projeto-de-lei-de-autoria-do-deputado-Braulio-Braz-declara-de-utilidade-p\u00fablica-a-Associa\u00e7\u00e3o-Esportiva-Lazer-Ativo.jpg","width":640,"height":426},"datePublished":"2015-10-23T08:15:56-03:00","dateModified":"2015-10-22T13:29:12-03:00","inLanguage":"pt-BR","mainEntityOfPage":{"@id":"https:\/\/anoticiaonline.com.br\/site\/projeto-de-lei-de-autoria-do-deputado-braulio-braz-declara-de-utilidade-publica-a-associacao-esportiva-lazer-ativo\/#webpage"},"isPartOf":{"@id":"https:\/\/anoticiaonline.com.br\/site\/projeto-de-lei-de-autoria-do-deputado-braulio-braz-declara-de-utilidade-publica-a-associacao-esportiva-lazer-ativo\/#webpage"},"articleSection":"Blog, slide"},{"@type":"BreadcrumbList","@id":"https:\/\/anoticiaonline.com.br\/site\/projeto-de-lei-de-autoria-do-deputado-braulio-braz-declara-de-utilidade-publica-a-associacao-esportiva-lazer-ativo\/#breadcrumblist","itemListElement":[{"@type":"ListItem","@id":"https:\/\/anoticiaonline.com.br\/site#listItem","position":1,"name":"Home","item":"https:\/\/anoticiaonline.com.br\/site","nextItem":{"@type":"ListItem","@id":"https:\/\/anoticiaonline.com.br\/site\/categoria\/muriae\/#listItem","name":"Blog"}},{"@type":"ListItem","@id":"https:\/\/anoticiaonline.com.br\/site\/categoria\/muriae\/#listItem","position":2,"name":"Blog","item":"https:\/\/anoticiaonline.com.br\/site\/categoria\/muriae\/","nextItem":{"@type":"ListItem","@id":"https:\/\/anoticiaonline.com.br\/site\/projeto-de-lei-de-autoria-do-deputado-braulio-braz-declara-de-utilidade-publica-a-associacao-esportiva-lazer-ativo\/#listItem","name":"Projeto de lei de autoria do deputado Braulio Braz declara de utilidade p\u00fablica a Associa\u00e7\u00e3o Esportiva Lazer Ativo"},"previousItem":{"@type":"ListItem","@id":"https:\/\/anoticiaonline.com.br\/site#listItem","name":"Home"}},{"@type":"ListItem","@id":"https:\/\/anoticiaonline.com.br\/site\/projeto-de-lei-de-autoria-do-deputado-braulio-braz-declara-de-utilidade-publica-a-associacao-esportiva-lazer-ativo\/#listItem","position":3,"name":"Projeto de lei de autoria do deputado Braulio Braz declara de utilidade p\u00fablica a Associa\u00e7\u00e3o Esportiva Lazer Ativo","previousItem":{"@type":"ListItem","@id":"https:\/\/anoticiaonline.com.br\/site\/categoria\/muriae\/#listItem","name":"Blog"}}]},{"@type":"Organization","@id":"https:\/\/anoticiaonline.com.br\/site\/#organization","name":"A Not\u00edcia Online","description":"Noticias de Muria\u00e9 e regi\u00e3o","url":"https:\/\/anoticiaonline.com.br\/site\/","logo":{"@type":"ImageObject","url":"https:\/\/scontent-gig4-1.xx.fbcdn.net\/v\/t39.30808-1\/270437624_4564083193639691_6907940295614233970_n.jpg?stp=dst-jpg_s200x200_tt6&_nc_cat=111&ccb=1-7&_nc_sid=f907e8&_nc_ohc=SM1wRlP3lJwQ7kNvwEPuBYA&_nc_oc=AdnqrjDN_BNjSSHWO-GbkIWH6fkGMLw4bqvL_NH6e2wMveX7G-rP2dAqsDSq1mJMOaY&_nc_zt=24&_nc_ht=scontent-gig4-1.xx&_nc_gid=AoBFJeGrT1hVaew_6rchkQ&oh=00_AfX7QmFGhQhG2jAllVgXCiM1ZrWgvtp80-Bfppyexh1QEg&oe=689E923C","@id":"https:\/\/anoticiaonline.com.br\/site\/projeto-de-lei-de-autoria-do-deputado-braulio-braz-declara-de-utilidade-publica-a-associacao-esportiva-lazer-ativo\/#organizationLogo"},"image":{"@id":"https:\/\/anoticiaonline.com.br\/site\/projeto-de-lei-de-autoria-do-deputado-braulio-braz-declara-de-utilidade-publica-a-associacao-esportiva-lazer-ativo\/#organizationLogo"}},{"@type":"Person","@id":"https:\/\/anoticiaonline.com.br\/site\/author\/juliana\/#author","url":"https:\/\/anoticiaonline.com.br\/site\/author\/juliana\/","name":"Juliana Laviola","image":{"@type":"ImageObject","@id":"https:\/\/anoticiaonline.com.br\/site\/projeto-de-lei-de-autoria-do-deputado-braulio-braz-declara-de-utilidade-publica-a-associacao-esportiva-lazer-ativo\/#authorImage","url":"https:\/\/secure.gravatar.com\/avatar\/b8d45f5c699b100dfaf0e543582f38f38bf94cb7ae3a5e9abf8d891a34773335?s=96&d=mm&r=g","width":96,"height":96,"caption":"Juliana Laviola"}},{"@type":"WebPage","@id":"https:\/\/anoticiaonline.com.br\/site\/projeto-de-lei-de-autoria-do-deputado-braulio-braz-declara-de-utilidade-publica-a-associacao-esportiva-lazer-ativo\/#webpage","url":"https:\/\/anoticiaonline.com.br\/site\/projeto-de-lei-de-autoria-do-deputado-braulio-braz-declara-de-utilidade-publica-a-associacao-esportiva-lazer-ativo\/","name":"Projeto de lei de autoria do deputado Braulio Braz declara de utilidade p\u00fablica a Associa\u00e7\u00e3o Esportiva Lazer Ativo - A Not\u00edcia Online","description":"A Assembleia Legislativa de Minas Gerais aprovou o Projeto de Lei n\u00ba 2042\/2015, de autoria do deputado Braulio Braz, que declara de utilidade p\u00fablica estadual a Associa\u00e7\u00e3o Esportiva Lazer Ativo, com sede no distrito de Vermelho. O projeto j\u00e1 foi encaminhado \u00e0 san\u00e7\u00e3o do governador do Estado de Minas Gerais, Fernando Pimentel. A Associa\u00e7\u00e3o Esportiva","inLanguage":"pt-BR","isPartOf":{"@id":"https:\/\/anoticiaonline.com.br\/site\/#website"},"breadcrumb":{"@id":"https:\/\/anoticiaonline.com.br\/site\/projeto-de-lei-de-autoria-do-deputado-braulio-braz-declara-de-utilidade-publica-a-associacao-esportiva-lazer-ativo\/#breadcrumblist"},"author":{"@id":"https:\/\/anoticiaonline.com.br\/site\/author\/juliana\/#author"},"creator":{"@id":"https:\/\/anoticiaonline.com.br\/site\/author\/juliana\/#author"},"image":{"@type":"ImageObject","url":"https:\/\/anoticiaonline.com.br\/site\/wp-content\/uploads\/2015\/10\/Projeto-de-lei-de-autoria-do-deputado-Braulio-Braz-declara-de-utilidade-p\u00fablica-a-Associa\u00e7\u00e3o-Esportiva-Lazer-Ativo.jpg","@id":"https:\/\/anoticiaonline.com.br\/site\/projeto-de-lei-de-autoria-do-deputado-braulio-braz-declara-de-utilidade-publica-a-associacao-esportiva-lazer-ativo\/#mainImage","width":640,"height":426},"primaryImageOfPage":{"@id":"https:\/\/anoticiaonline.com.br\/site\/projeto-de-lei-de-autoria-do-deputado-braulio-braz-declara-de-utilidade-publica-a-associacao-esportiva-lazer-ativo\/#mainImage"},"datePublished":"2015-10-23T08:15:56-03:00","dateModified":"2015-10-22T13:29:12-03:00"},{"@type":"WebSite","@id":"https:\/\/anoticiaonline.com.br\/site\/#website","url":"https:\/\/anoticiaonline.com.br\/site\/","name":"A Not\u00edcia Online","description":"Noticias de Muria\u00e9 e regi\u00e3o","inLanguage":"pt-BR","publisher":{"@id":"https:\/\/anoticiaonline.com.br\/site\/#organization"}}]},"og:locale":"pt_BR","og:site_name":"A Not\u00edcia Online - Noticias de Muria\u00e9 e regi\u00e3o","og:type":"article","og:title":"Projeto de lei de autoria do deputado Braulio Braz declara de utilidade p\u00fablica a Associa\u00e7\u00e3o Esportiva Lazer Ativo - A Not\u00edcia Online","og:description":"A Assembleia Legislativa de Minas Gerais aprovou o Projeto de Lei n\u00ba 2042\/2015, de autoria do deputado Braulio Braz, que declara de utilidade p\u00fablica estadual a Associa\u00e7\u00e3o Esportiva Lazer Ativo, com sede no distrito de Vermelho. O projeto j\u00e1 foi encaminhado \u00e0 san\u00e7\u00e3o do governador do Estado de Minas Gerais, Fernando Pimentel. A Associa\u00e7\u00e3o Esportiva","og:url":"https:\/\/anoticiaonline.com.br\/site\/projeto-de-lei-de-autoria-do-deputado-braulio-braz-declara-de-utilidade-publica-a-associacao-esportiva-lazer-ativo\/","og:image":"https:\/\/scontent-gig4-1.xx.fbcdn.net\/v\/t39.30808-1\/270437624_4564083193639691_6907940295614233970_n.jpg?stp=dst-jpg_s200x200_tt6&#038;_nc_cat=111&#038;ccb=1-7&#038;_nc_sid=f907e8&#038;_nc_ohc=SM1wRlP3lJwQ7kNvwEPuBYA&#038;_nc_oc=AdnqrjDN_BNjSSHWO-GbkIWH6fkGMLw4bqvL_NH6e2wMveX7G-rP2dAqsDSq1mJMOaY&#038;_nc_zt=24&#038;_nc_ht=scontent-gig4-1.xx&#038;_nc_gid=AoBFJeGrT1hVaew_6rchkQ&#038;oh=00_AfX7QmFGhQhG2jAllVgXCiM1ZrWgvtp80-Bfppyexh1QEg&#038;oe=689E923C","og:image:secure_url":"https:\/\/scontent-gig4-1.xx.fbcdn.net\/v\/t39.30808-1\/270437624_4564083193639691_6907940295614233970_n.jpg?stp=dst-jpg_s200x200_tt6&#038;_nc_cat=111&#038;ccb=1-7&#038;_nc_sid=f907e8&#038;_nc_ohc=SM1wRlP3lJwQ7kNvwEPuBYA&#038;_nc_oc=AdnqrjDN_BNjSSHWO-GbkIWH6fkGMLw4bqvL_NH6e2wMveX7G-rP2dAqsDSq1mJMOaY&#038;_nc_zt=24&#038;_nc_ht=scontent-gig4-1.xx&#038;_nc_gid=AoBFJeGrT1hVaew_6rchkQ&#038;oh=00_AfX7QmFGhQhG2jAllVgXCiM1ZrWgvtp80-Bfppyexh1QEg&#038;oe=689E923C","article:published_time":"2015-10-23T11:15:56+00:00","article:modified_time":"2015-10-22T16:29:12+00:00","twitter:card":"summary_large_image","twitter:title":"Projeto de lei de autoria do deputado Braulio Braz declara de utilidade p\u00fablica a Associa\u00e7\u00e3o Esportiva Lazer Ativo - A Not\u00edcia Online","twitter:description":"A Assembleia Legislativa de Minas Gerais aprovou o Projeto de Lei n\u00ba 2042\/2015, de autoria do deputado Braulio Braz, que declara de utilidade p\u00fablica estadual a Associa\u00e7\u00e3o Esportiva Lazer Ativo, com sede no distrito de Vermelho. O projeto j\u00e1 foi encaminhado \u00e0 san\u00e7\u00e3o do governador do Estado de Minas Gerais, Fernando Pimentel. A Associa\u00e7\u00e3o Esportiva","twitter:image":"https:\/\/scontent-gig4-1.xx.fbcdn.net\/v\/t39.30808-1\/270437624_4564083193639691_6907940295614233970_n.jpg?stp=dst-jpg_s200x200_tt6&_nc_cat=111&ccb=1-7&_nc_sid=f907e8&_nc_ohc=SM1wRlP3lJwQ7kNvwEPuBYA&_nc_oc=AdnqrjDN_BNjSSHWO-GbkIWH6fkGMLw4bqvL_NH6e2wMveX7G-rP2dAqsDSq1mJMOaY&_nc_zt=24&_nc_ht=scontent-gig4-1.xx&_nc_gid=AoBFJeGrT1hVaew_6rchkQ&oh=00_AfX7QmFGhQhG2jAllVgXCiM1ZrWgvtp80-Bfppyexh1QEg&oe=689E923C"},"aioseo_meta_data":{"post_id":"5064","title":null,"description":null,"keywords":null,"keyphrases":null,"primary_term":null,"canonical_url":null,"og_title":null,"og_description":null,"og_object_type":"default","og_image_type":"default","og_image_url":null,"og_image_width":null,"og_image_height":null,"og_image_custom_url":null,"og_image_custom_fields":null,"og_video":null,"og_custom_url":null,"og_article_section":null,"og_article_tags":null,"twitter_use_og":false,"twitter_card":"default","twitter_image_type":"default","twitter_image_url":null,"twitter_image_custom_url":null,"twitter_image_custom_fields":null,"twitter_title":null,"twitter_description":null,"schema":{"blockGraphs":[],"customGraphs":[],"default":{"data":{"Article":[],"Course":[],"Dataset":[],"FAQPage":[],"Movie":[],"Person":[],"Product":[],"ProductReview":[],"Car":[],"Recipe":[],"Service":[],"SoftwareApplication":[],"WebPage":[]},"graphName":"","isEnabled":true},"graphs":[]},"schema_type":"default","schema_type_options":null,"pillar_content":false,"robots_default":true,"robots_noindex":false,"robots_noarchive":false,"robots_nosnippet":false,"robots_nofollow":false,"robots_noimageindex":false,"robots_noodp":false,"robots_notranslate":false,"robots_max_snippet":null,"robots_max_videopreview":null,"robots_max_imagepreview":"large","priority":null,"frequency":null,"local_seo":null,"breadcrumb_settings":null,"limit_modified_date":false,"ai":null,"created":"2025-08-16 13:38:49","updated":"2025-08-16 13:38:49","focus_keyword":null,"additional_keywords":null,"truseo_locale":null,"seo_analyzer_scan_date":null},"aioseo_breadcrumb":"<div class=\"aioseo-breadcrumbs\"><span class=\"aioseo-breadcrumb\">\n\t\t\t<a href=\"https:\/\/anoticiaonline.com.br\/site\" title=\"Home\">Home<\/a>\n\t\t<\/span><span class=\"aioseo-breadcrumb-separator\">&raquo;<\/span><span class=\"aioseo-breadcrumb\">\n\t\t\t<a href=\"https:\/\/anoticiaonline.com.br\/site\/categoria\/muriae\/\" title=\"Blog\">Blog<\/a>\n\t\t<\/span><span class=\"aioseo-breadcrumb-separator\">&raquo;<\/span><span class=\"aioseo-breadcrumb\">\n\t\t\tProjeto de lei de autoria do deputado Braulio Braz declara de utilidade p\u00fablica a Associa\u00e7\u00e3o Esportiva Lazer Ativo\n\t\t<\/span><\/div>","aioseo_breadcrumb_json":[{"label":"Home","link":"https:\/\/anoticiaonline.com.br\/site"},{"label":"Blog","link":"https:\/\/anoticiaonline.com.br\/site\/categoria\/muriae\/"},{"label":"Projeto de lei de autoria do deputado Braulio Braz declara de utilidade p\u00fablica a Associa\u00e7\u00e3o Esportiva Lazer Ativo","link":"https:\/\/anoticiaonline.com.br\/site\/projeto-de-lei-de-autoria-do-deputado-braulio-braz-declara-de-utilidade-publica-a-associacao-esportiva-lazer-ativo\/"}],"views":137,"_links":{"self":[{"href":"https:\/\/anoticiaonline.com.br\/site\/wp-json\/wp\/v2\/posts\/5064","targetHints":{"allow":["GET"]}}],"collection":[{"href":"https:\/\/anoticiaonline.com.br\/site\/wp-json\/wp\/v2\/posts"}],"about":[{"href":"https:\/\/anoticiaonline.com.br\/site\/wp-json\/wp\/v2\/types\/post"}],"author":[{"embeddable":true,"href":"https:\/\/anoticiaonline.com.br\/site\/wp-json\/wp\/v2\/users\/2"}],"replies":[{"embeddable":true,"href":"https:\/\/anoticiaonline.com.br\/site\/wp-json\/wp\/v2\/comments?post=5064"}],"version-history":[{"count":0,"href":"https:\/\/anoticiaonline.com.br\/site\/wp-json\/wp\/v2\/posts\/5064\/revisions"}],"wp:featuredmedia":[{"embeddable":true,"href":"https:\/\/anoticiaonline.com.br\/site\/wp-json\/wp\/v2\/media\/5065"}],"wp:attachment":[{"href":"https:\/\/anoticiaonline.com.br\/site\/wp-json\/wp\/v2\/media?parent=5064"}],"wp:term":[{"taxonomy":"category","embeddable":true,"href":"https:\/\/anoticiaonline.com.br\/site\/wp-json\/wp\/v2\/categories?post=5064"},{"taxonomy":"post_tag","embeddable":true,"href":"https:\/\/anoticiaonline.com.br\/site\/wp-json\/wp\/v2\/tags?post=5064"}],"curies":[{"name":"wp","href":"https:\/\/api.w.org\/{rel}","templated":true}]}}