{"id":50606,"date":"2018-02-22T22:07:22","date_gmt":"2018-02-23T01:07:22","guid":{"rendered":"http:\/\/anoticiaonline.com.br\/site\/?p=50606"},"modified":"2018-02-22T22:07:22","modified_gmt":"2018-02-23T01:07:22","slug":"magia-do-corpo-e-reinaugurada","status":"publish","type":"post","link":"https:\/\/anoticiaonline.com.br\/site\/magia-do-corpo-e-reinaugurada\/","title":{"rendered":"Magia do Corpo \u00e9 reinaugurada"},"content":{"rendered":"<p>&nbsp;<\/p>\n<p><a href=\"https:\/\/anoticiaonline.com.br\/site\/wp-content\/uploads\/2018\/02\/3d393feb-f26e-41b9-aa4e-8aad837c683a.jpg\"><\/a><a href=\"https:\/\/anoticiaonline.com.br\/site\/wp-content\/uploads\/2018\/02\/DSC_0825.jpg\"><img fetchpriority=\"high\" decoding=\"async\" class=\"aligncenter size-full wp-image-50701\" src=\"https:\/\/anoticiaonline.com.br\/site\/wp-content\/uploads\/2018\/02\/DSC_0825.jpg\" alt=\"\" width=\"640\" height=\"426\" srcset=\"https:\/\/anoticiaonline.com.br\/site\/wp-content\/uploads\/2018\/02\/DSC_0825.jpg 640w, https:\/\/anoticiaonline.com.br\/site\/wp-content\/uploads\/2018\/02\/DSC_0825-300x200.jpg 300w\" sizes=\"(max-width: 640px) 100vw, 640px\" \/><\/a><a href=\"https:\/\/anoticiaonline.com.br\/site\/wp-content\/uploads\/2018\/02\/3d393feb-f26e-41b9-aa4e-8aad837c683a.jpg\"><\/a><a href=\"https:\/\/anoticiaonline.com.br\/site\/wp-content\/uploads\/2018\/02\/861f70ee-0bb4-457e-b3f9-e252998ccdf7.jpg\"><img decoding=\"async\" class=\"aligncenter size-full wp-image-50699\" src=\"https:\/\/anoticiaonline.com.br\/site\/wp-content\/uploads\/2018\/02\/861f70ee-0bb4-457e-b3f9-e252998ccdf7.jpg\" alt=\"\" width=\"640\" height=\"432\" srcset=\"https:\/\/anoticiaonline.com.br\/site\/wp-content\/uploads\/2018\/02\/861f70ee-0bb4-457e-b3f9-e252998ccdf7.jpg 640w, https:\/\/anoticiaonline.com.br\/site\/wp-content\/uploads\/2018\/02\/861f70ee-0bb4-457e-b3f9-e252998ccdf7-300x203.jpg 300w\" sizes=\"(max-width: 640px) 100vw, 640px\" \/><\/a><a href=\"https:\/\/anoticiaonline.com.br\/site\/wp-content\/uploads\/2018\/02\/3d393feb-f26e-41b9-aa4e-8aad837c683a.jpg\"><img decoding=\"async\" class=\"aligncenter size-full wp-image-50698\" src=\"https:\/\/anoticiaonline.com.br\/site\/wp-content\/uploads\/2018\/02\/3d393feb-f26e-41b9-aa4e-8aad837c683a.jpg\" alt=\"\" width=\"480\" height=\"640\" srcset=\"https:\/\/anoticiaonline.com.br\/site\/wp-content\/uploads\/2018\/02\/3d393feb-f26e-41b9-aa4e-8aad837c683a.jpg 480w, https:\/\/anoticiaonline.com.br\/site\/wp-content\/uploads\/2018\/02\/3d393feb-f26e-41b9-aa4e-8aad837c683a-225x300.jpg 225w\" sizes=\"(max-width: 480px) 100vw, 480px\" \/><\/a><a href=\"https:\/\/anoticiaonline.com.br\/site\/wp-content\/uploads\/2018\/02\/7269f01d-2833-46f9-9da6-33c6d2443e56.jpg\"><img loading=\"lazy\" decoding=\"async\" class=\"aligncenter size-full wp-image-50700\" src=\"https:\/\/anoticiaonline.com.br\/site\/wp-content\/uploads\/2018\/02\/7269f01d-2833-46f9-9da6-33c6d2443e56.jpg\" alt=\"\" width=\"640\" height=\"640\" srcset=\"https:\/\/anoticiaonline.com.br\/site\/wp-content\/uploads\/2018\/02\/7269f01d-2833-46f9-9da6-33c6d2443e56.jpg 640w, https:\/\/anoticiaonline.com.br\/site\/wp-content\/uploads\/2018\/02\/7269f01d-2833-46f9-9da6-33c6d2443e56-150x150.jpg 150w, https:\/\/anoticiaonline.com.br\/site\/wp-content\/uploads\/2018\/02\/7269f01d-2833-46f9-9da6-33c6d2443e56-300x300.jpg 300w, https:\/\/anoticiaonline.com.br\/site\/wp-content\/uploads\/2018\/02\/7269f01d-2833-46f9-9da6-33c6d2443e56-144x144.jpg 144w\" sizes=\"(max-width: 640px) 100vw, 640px\" \/><\/a><\/p>\n<p>Foi reinaugurada, no s\u00e1bado (17), em novo endere\u00e7o, a Magia do Corpo, tradicional loja especializada em moda \u00edntima, fitness e praia voltada tanto para o p\u00fablico masculino quanto para o feminino. Entre clientes, amigos e colaboradoras, a empres\u00e1ria, Cl\u00e1udia Regina Medeiros Mendes, juntamente com seu marido e s\u00f3cio, Ciro Alves Mota Mendes, brindaram o sucesso do novo espa\u00e7o.<\/p>\n<p>Cl\u00e1udia disse que est\u00e1 no ramo h\u00e1 13 anos. \u201cNo in\u00edcio come\u00e7amos com a moda \u00edntima devido \u00e0 car\u00eancia do mercado em Muria\u00e9. Agora, com este novo empreendimento, esperamos oferecer mais conforto e comodidade aos nossos clientes. A nova loja possui um ambiente amplo, moderno e atender\u00e1 a todos com a mesma qualidade, \u00f3timo pre\u00e7o e com as mais variadas marcas\u201d, conta.<\/p>\n<p>A loja Magia do Corpo est\u00e1 localizada na Rua Dr. Alves Pequeno, 154, em frente ao Carne e Cia, no Centro de Muria\u00e9. Telefone para contato: 3721-0182.<\/p>\n<p><img decoding=\"async\" class=\"ngg_displayed_gallery mceItem\" src=\"https:\/\/anoticiaonline.com.br\/site\/nextgen-attach_to_post\/preview\/id--50751\" \/><\/p>\n<p>&nbsp;<\/p>\n","protected":false},"excerpt":{"rendered":"<p>&nbsp; Foi reinaugurada, no s\u00e1bado (17), em novo endere\u00e7o, a Magia do Corpo, tradicional loja especializada em moda \u00edntima, fitness e praia voltada tanto para o p\u00fablico masculino quanto para o feminino. Entre clientes, amigos e colaboradoras, a empres\u00e1ria, Cl\u00e1udia Regina Medeiros Mendes, juntamente com seu marido e s\u00f3cio, Ciro Alves Mota Mendes, brindaram o &#8230; <a title=\"Magia do Corpo \u00e9 reinaugurada\" class=\"read-more\" href=\"https:\/\/anoticiaonline.com.br\/site\/magia-do-corpo-e-reinaugurada\/\" aria-label=\"Read more about Magia do Corpo \u00e9 reinaugurada\">Ler mais<\/a><\/p>\n","protected":false},"author":2,"featured_media":50701,"comment_status":"open","ping_status":"open","sticky":false,"template":"","format":"standard","meta":{"_acf_changed":false,"_monsterinsights_skip_tracking":false,"footnotes":""},"categories":[24],"tags":[2030,2027,2028,2032,2026,2031,2033,2029],"class_list":["post-50606","post","type-post","status-publish","format-standard","has-post-thumbnail","hentry","category-eventos","tag-carne-e-cia","tag-ciro-alves-mota-mendes","tag-claudia-regina-medeiros-mendes","tag-fitness","tag-magia-do-corpo","tag-moda-intima","tag-praia","tag-rua-dr-alves-pequeno"],"acf":[],"aioseo_notices":[],"aioseo_head":"\n\t\t<!-- All in One SEO 5.0.0.1 - aioseo.com -->\n\t<meta name=\"description\" content=\"Foi reinaugurada, no s\u00e1bado (17), em novo endere\u00e7o, a Magia do Corpo, tradicional loja especializada em moda \u00edntima, fitness e praia voltada tanto para o p\u00fablico masculino quanto para o feminino. Entre clientes, amigos e colaboradoras, a empres\u00e1ria, Cl\u00e1udia Regina Medeiros Mendes, juntamente com seu marido e s\u00f3cio, Ciro Alves Mota Mendes, brindaram o\" \/>\n\t<meta name=\"robots\" content=\"max-image-preview:large\" \/>\n\t<meta name=\"author\" content=\"Juliana Laviola\"\/>\n\t<link rel=\"canonical\" href=\"https:\/\/anoticiaonline.com.br\/site\/magia-do-corpo-e-reinaugurada\/\" \/>\n\t<meta name=\"generator\" content=\"All in One SEO (AIOSEO) 5.0.0.1\" \/>\n\t\t<meta property=\"og:locale\" content=\"pt_BR\" \/>\n\t\t<meta property=\"og:site_name\" content=\"A Not\u00edcia Online - Noticias de Muria\u00e9 e regi\u00e3o\" \/>\n\t\t<meta property=\"og:type\" content=\"article\" \/>\n\t\t<meta property=\"og:title\" content=\"Magia do Corpo \u00e9 reinaugurada - A Not\u00edcia Online\" \/>\n\t\t<meta property=\"og:description\" content=\"Foi reinaugurada, no s\u00e1bado (17), em novo endere\u00e7o, a Magia do Corpo, tradicional loja especializada em moda \u00edntima, fitness e praia voltada tanto para o p\u00fablico masculino quanto para o feminino. Entre clientes, amigos e colaboradoras, a empres\u00e1ria, Cl\u00e1udia Regina Medeiros Mendes, juntamente com seu marido e s\u00f3cio, Ciro Alves Mota Mendes, brindaram o\" \/>\n\t\t<meta property=\"og:url\" content=\"https:\/\/anoticiaonline.com.br\/site\/magia-do-corpo-e-reinaugurada\/\" \/>\n\t\t<meta property=\"og:image\" content=\"https:\/\/scontent-gig4-1.xx.fbcdn.net\/v\/t39.30808-1\/270437624_4564083193639691_6907940295614233970_n.jpg?stp=dst-jpg_s200x200_tt6&#038;_nc_cat=111&#038;ccb=1-7&#038;_nc_sid=f907e8&#038;_nc_ohc=SM1wRlP3lJwQ7kNvwEPuBYA&#038;_nc_oc=AdnqrjDN_BNjSSHWO-GbkIWH6fkGMLw4bqvL_NH6e2wMveX7G-rP2dAqsDSq1mJMOaY&#038;_nc_zt=24&#038;_nc_ht=scontent-gig4-1.xx&#038;_nc_gid=AoBFJeGrT1hVaew_6rchkQ&#038;oh=00_AfX7QmFGhQhG2jAllVgXCiM1ZrWgvtp80-Bfppyexh1QEg&#038;oe=689E923C\" \/>\n\t\t<meta property=\"og:image:secure_url\" content=\"https:\/\/scontent-gig4-1.xx.fbcdn.net\/v\/t39.30808-1\/270437624_4564083193639691_6907940295614233970_n.jpg?stp=dst-jpg_s200x200_tt6&#038;_nc_cat=111&#038;ccb=1-7&#038;_nc_sid=f907e8&#038;_nc_ohc=SM1wRlP3lJwQ7kNvwEPuBYA&#038;_nc_oc=AdnqrjDN_BNjSSHWO-GbkIWH6fkGMLw4bqvL_NH6e2wMveX7G-rP2dAqsDSq1mJMOaY&#038;_nc_zt=24&#038;_nc_ht=scontent-gig4-1.xx&#038;_nc_gid=AoBFJeGrT1hVaew_6rchkQ&#038;oh=00_AfX7QmFGhQhG2jAllVgXCiM1ZrWgvtp80-Bfppyexh1QEg&#038;oe=689E923C\" \/>\n\t\t<meta property=\"article:published_time\" content=\"2018-02-23T01:07:22+00:00\" \/>\n\t\t<meta property=\"article:modified_time\" content=\"2018-02-23T01:07:22+00:00\" \/>\n\t\t<meta name=\"twitter:card\" content=\"summary_large_image\" \/>\n\t\t<meta name=\"twitter:title\" content=\"Magia do Corpo \u00e9 reinaugurada - A Not\u00edcia Online\" \/>\n\t\t<meta name=\"twitter:description\" content=\"Foi reinaugurada, no s\u00e1bado (17), em novo endere\u00e7o, a Magia do Corpo, tradicional loja especializada em moda \u00edntima, fitness e praia voltada tanto para o p\u00fablico masculino quanto para o feminino. Entre clientes, amigos e colaboradoras, a empres\u00e1ria, Cl\u00e1udia Regina Medeiros Mendes, juntamente com seu marido e s\u00f3cio, Ciro Alves Mota Mendes, brindaram o\" \/>\n\t\t<meta name=\"twitter:image\" content=\"https:\/\/scontent-gig4-1.xx.fbcdn.net\/v\/t39.30808-1\/270437624_4564083193639691_6907940295614233970_n.jpg?stp=dst-jpg_s200x200_tt6&amp;_nc_cat=111&amp;ccb=1-7&amp;_nc_sid=f907e8&amp;_nc_ohc=SM1wRlP3lJwQ7kNvwEPuBYA&amp;_nc_oc=AdnqrjDN_BNjSSHWO-GbkIWH6fkGMLw4bqvL_NH6e2wMveX7G-rP2dAqsDSq1mJMOaY&amp;_nc_zt=24&amp;_nc_ht=scontent-gig4-1.xx&amp;_nc_gid=AoBFJeGrT1hVaew_6rchkQ&amp;oh=00_AfX7QmFGhQhG2jAllVgXCiM1ZrWgvtp80-Bfppyexh1QEg&amp;oe=689E923C\" \/>\n\t\t<script type=\"application\/ld+json\" class=\"aioseo-schema\">\n\t\t\t{\"@context\":\"https:\\\/\\\/schema.org\",\"@graph\":[{\"@type\":\"BlogPosting\",\"@id\":\"https:\\\/\\\/anoticiaonline.com.br\\\/site\\\/magia-do-corpo-e-reinaugurada\\\/#blogposting\",\"name\":\"Magia do Corpo \\u00e9 reinaugurada - A Not\\u00edcia Online\",\"headline\":\"Magia do Corpo \\u00e9 reinaugurada\",\"author\":{\"@id\":\"https:\\\/\\\/anoticiaonline.com.br\\\/site\\\/author\\\/juliana\\\/#author\"},\"publisher\":{\"@id\":\"https:\\\/\\\/anoticiaonline.com.br\\\/site\\\/#organization\"},\"image\":{\"@type\":\"ImageObject\",\"url\":\"https:\\\/\\\/anoticiaonline.com.br\\\/site\\\/wp-content\\\/uploads\\\/2018\\\/02\\\/DSC_0825.jpg\",\"width\":640,\"height\":426},\"datePublished\":\"2018-02-22T22:07:22-03:00\",\"dateModified\":\"2018-02-22T22:07:22-03:00\",\"inLanguage\":\"pt-BR\",\"mainEntityOfPage\":{\"@id\":\"https:\\\/\\\/anoticiaonline.com.br\\\/site\\\/magia-do-corpo-e-reinaugurada\\\/#webpage\"},\"isPartOf\":{\"@id\":\"https:\\\/\\\/anoticiaonline.com.br\\\/site\\\/magia-do-corpo-e-reinaugurada\\\/#webpage\"},\"articleSection\":\"Eventos, Carne e Cia, Ciro Alves Mota Mendes, Cl\\u00e1udia Regina Medeiros Mendes, fitness, Magia do Corpo, moda \\u00edntima, praia, Rua Dr. Alves Pequeno\"},{\"@type\":\"BreadcrumbList\",\"@id\":\"https:\\\/\\\/anoticiaonline.com.br\\\/site\\\/magia-do-corpo-e-reinaugurada\\\/#breadcrumblist\",\"itemListElement\":[{\"@type\":\"ListItem\",\"@id\":\"https:\\\/\\\/anoticiaonline.com.br\\\/site#listItem\",\"position\":1,\"name\":\"Home\",\"item\":\"https:\\\/\\\/anoticiaonline.com.br\\\/site\",\"nextItem\":{\"@type\":\"ListItem\",\"@id\":\"https:\\\/\\\/anoticiaonline.com.br\\\/site\\\/categoria\\\/eventos\\\/#listItem\",\"name\":\"Eventos\"}},{\"@type\":\"ListItem\",\"@id\":\"https:\\\/\\\/anoticiaonline.com.br\\\/site\\\/categoria\\\/eventos\\\/#listItem\",\"position\":2,\"name\":\"Eventos\",\"item\":\"https:\\\/\\\/anoticiaonline.com.br\\\/site\\\/categoria\\\/eventos\\\/\",\"nextItem\":{\"@type\":\"ListItem\",\"@id\":\"https:\\\/\\\/anoticiaonline.com.br\\\/site\\\/magia-do-corpo-e-reinaugurada\\\/#listItem\",\"name\":\"Magia do Corpo \\u00e9 reinaugurada\"},\"previousItem\":{\"@type\":\"ListItem\",\"@id\":\"https:\\\/\\\/anoticiaonline.com.br\\\/site#listItem\",\"name\":\"Home\"}},{\"@type\":\"ListItem\",\"@id\":\"https:\\\/\\\/anoticiaonline.com.br\\\/site\\\/magia-do-corpo-e-reinaugurada\\\/#listItem\",\"position\":3,\"name\":\"Magia do Corpo \\u00e9 reinaugurada\",\"previousItem\":{\"@type\":\"ListItem\",\"@id\":\"https:\\\/\\\/anoticiaonline.com.br\\\/site\\\/categoria\\\/eventos\\\/#listItem\",\"name\":\"Eventos\"}}]},{\"@type\":\"Organization\",\"@id\":\"https:\\\/\\\/anoticiaonline.com.br\\\/site\\\/#organization\",\"name\":\"A Not\\u00edcia Online\",\"description\":\"Noticias de Muria\\u00e9 e regi\\u00e3o\",\"url\":\"https:\\\/\\\/anoticiaonline.com.br\\\/site\\\/\",\"logo\":{\"@type\":\"ImageObject\",\"url\":\"https:\\\/\\\/scontent-gig4-1.xx.fbcdn.net\\\/v\\\/t39.30808-1\\\/270437624_4564083193639691_6907940295614233970_n.jpg?stp=dst-jpg_s200x200_tt6&_nc_cat=111&ccb=1-7&_nc_sid=f907e8&_nc_ohc=SM1wRlP3lJwQ7kNvwEPuBYA&_nc_oc=AdnqrjDN_BNjSSHWO-GbkIWH6fkGMLw4bqvL_NH6e2wMveX7G-rP2dAqsDSq1mJMOaY&_nc_zt=24&_nc_ht=scontent-gig4-1.xx&_nc_gid=AoBFJeGrT1hVaew_6rchkQ&oh=00_AfX7QmFGhQhG2jAllVgXCiM1ZrWgvtp80-Bfppyexh1QEg&oe=689E923C\",\"@id\":\"https:\\\/\\\/anoticiaonline.com.br\\\/site\\\/magia-do-corpo-e-reinaugurada\\\/#organizationLogo\"},\"image\":{\"@id\":\"https:\\\/\\\/anoticiaonline.com.br\\\/site\\\/magia-do-corpo-e-reinaugurada\\\/#organizationLogo\"}},{\"@type\":\"Person\",\"@id\":\"https:\\\/\\\/anoticiaonline.com.br\\\/site\\\/author\\\/juliana\\\/#author\",\"url\":\"https:\\\/\\\/anoticiaonline.com.br\\\/site\\\/author\\\/juliana\\\/\",\"name\":\"Juliana Laviola\",\"image\":{\"@type\":\"ImageObject\",\"@id\":\"https:\\\/\\\/anoticiaonline.com.br\\\/site\\\/magia-do-corpo-e-reinaugurada\\\/#authorImage\",\"url\":\"https:\\\/\\\/secure.gravatar.com\\\/avatar\\\/b8d45f5c699b100dfaf0e543582f38f38bf94cb7ae3a5e9abf8d891a34773335?s=96&d=mm&r=g\",\"width\":96,\"height\":96,\"caption\":\"Juliana Laviola\"}},{\"@type\":\"WebPage\",\"@id\":\"https:\\\/\\\/anoticiaonline.com.br\\\/site\\\/magia-do-corpo-e-reinaugurada\\\/#webpage\",\"url\":\"https:\\\/\\\/anoticiaonline.com.br\\\/site\\\/magia-do-corpo-e-reinaugurada\\\/\",\"name\":\"Magia do Corpo \\u00e9 reinaugurada - A Not\\u00edcia Online\",\"description\":\"Foi reinaugurada, no s\\u00e1bado (17), em novo endere\\u00e7o, a Magia do Corpo, tradicional loja especializada em moda \\u00edntima, fitness e praia voltada tanto para o p\\u00fablico masculino quanto para o feminino. Entre clientes, amigos e colaboradoras, a empres\\u00e1ria, Cl\\u00e1udia Regina Medeiros Mendes, juntamente com seu marido e s\\u00f3cio, Ciro Alves Mota Mendes, brindaram o\",\"inLanguage\":\"pt-BR\",\"isPartOf\":{\"@id\":\"https:\\\/\\\/anoticiaonline.com.br\\\/site\\\/#website\"},\"breadcrumb\":{\"@id\":\"https:\\\/\\\/anoticiaonline.com.br\\\/site\\\/magia-do-corpo-e-reinaugurada\\\/#breadcrumblist\"},\"author\":{\"@id\":\"https:\\\/\\\/anoticiaonline.com.br\\\/site\\\/author\\\/juliana\\\/#author\"},\"creator\":{\"@id\":\"https:\\\/\\\/anoticiaonline.com.br\\\/site\\\/author\\\/juliana\\\/#author\"},\"image\":{\"@type\":\"ImageObject\",\"url\":\"https:\\\/\\\/anoticiaonline.com.br\\\/site\\\/wp-content\\\/uploads\\\/2018\\\/02\\\/DSC_0825.jpg\",\"@id\":\"https:\\\/\\\/anoticiaonline.com.br\\\/site\\\/magia-do-corpo-e-reinaugurada\\\/#mainImage\",\"width\":640,\"height\":426},\"primaryImageOfPage\":{\"@id\":\"https:\\\/\\\/anoticiaonline.com.br\\\/site\\\/magia-do-corpo-e-reinaugurada\\\/#mainImage\"},\"datePublished\":\"2018-02-22T22:07:22-03:00\",\"dateModified\":\"2018-02-22T22:07:22-03:00\"},{\"@type\":\"WebSite\",\"@id\":\"https:\\\/\\\/anoticiaonline.com.br\\\/site\\\/#website\",\"url\":\"https:\\\/\\\/anoticiaonline.com.br\\\/site\\\/\",\"name\":\"A Not\\u00edcia Online\",\"description\":\"Noticias de Muria\\u00e9 e regi\\u00e3o\",\"inLanguage\":\"pt-BR\",\"publisher\":{\"@id\":\"https:\\\/\\\/anoticiaonline.com.br\\\/site\\\/#organization\"}}]}\n\t\t<\/script>\n\t\t<!-- All in One SEO -->\n\n","aioseo_head_json":{"title":"Magia do Corpo \u00e9 reinaugurada - A Not\u00edcia Online","description":"Foi reinaugurada, no s\u00e1bado (17), em novo endere\u00e7o, a Magia do Corpo, tradicional loja especializada em moda \u00edntima, fitness e praia voltada tanto para o p\u00fablico masculino quanto para o feminino. Entre clientes, amigos e colaboradoras, a empres\u00e1ria, Cl\u00e1udia Regina Medeiros Mendes, juntamente com seu marido e s\u00f3cio, Ciro Alves Mota Mendes, brindaram o","canonical_url":"https:\/\/anoticiaonline.com.br\/site\/magia-do-corpo-e-reinaugurada\/","robots":"max-image-preview:large","keywords":"","webmasterTools":{"miscellaneous":""},"schema":{"@context":"https:\/\/schema.org","@graph":[{"@type":"BlogPosting","@id":"https:\/\/anoticiaonline.com.br\/site\/magia-do-corpo-e-reinaugurada\/#blogposting","name":"Magia do Corpo \u00e9 reinaugurada - A Not\u00edcia Online","headline":"Magia do Corpo \u00e9 reinaugurada","author":{"@id":"https:\/\/anoticiaonline.com.br\/site\/author\/juliana\/#author"},"publisher":{"@id":"https:\/\/anoticiaonline.com.br\/site\/#organization"},"image":{"@type":"ImageObject","url":"https:\/\/anoticiaonline.com.br\/site\/wp-content\/uploads\/2018\/02\/DSC_0825.jpg","width":640,"height":426},"datePublished":"2018-02-22T22:07:22-03:00","dateModified":"2018-02-22T22:07:22-03:00","inLanguage":"pt-BR","mainEntityOfPage":{"@id":"https:\/\/anoticiaonline.com.br\/site\/magia-do-corpo-e-reinaugurada\/#webpage"},"isPartOf":{"@id":"https:\/\/anoticiaonline.com.br\/site\/magia-do-corpo-e-reinaugurada\/#webpage"},"articleSection":"Eventos, Carne e Cia, Ciro Alves Mota Mendes, Cl\u00e1udia Regina Medeiros Mendes, fitness, Magia do Corpo, moda \u00edntima, praia, Rua Dr. Alves Pequeno"},{"@type":"BreadcrumbList","@id":"https:\/\/anoticiaonline.com.br\/site\/magia-do-corpo-e-reinaugurada\/#breadcrumblist","itemListElement":[{"@type":"ListItem","@id":"https:\/\/anoticiaonline.com.br\/site#listItem","position":1,"name":"Home","item":"https:\/\/anoticiaonline.com.br\/site","nextItem":{"@type":"ListItem","@id":"https:\/\/anoticiaonline.com.br\/site\/categoria\/eventos\/#listItem","name":"Eventos"}},{"@type":"ListItem","@id":"https:\/\/anoticiaonline.com.br\/site\/categoria\/eventos\/#listItem","position":2,"name":"Eventos","item":"https:\/\/anoticiaonline.com.br\/site\/categoria\/eventos\/","nextItem":{"@type":"ListItem","@id":"https:\/\/anoticiaonline.com.br\/site\/magia-do-corpo-e-reinaugurada\/#listItem","name":"Magia do Corpo \u00e9 reinaugurada"},"previousItem":{"@type":"ListItem","@id":"https:\/\/anoticiaonline.com.br\/site#listItem","name":"Home"}},{"@type":"ListItem","@id":"https:\/\/anoticiaonline.com.br\/site\/magia-do-corpo-e-reinaugurada\/#listItem","position":3,"name":"Magia do Corpo \u00e9 reinaugurada","previousItem":{"@type":"ListItem","@id":"https:\/\/anoticiaonline.com.br\/site\/categoria\/eventos\/#listItem","name":"Eventos"}}]},{"@type":"Organization","@id":"https:\/\/anoticiaonline.com.br\/site\/#organization","name":"A Not\u00edcia Online","description":"Noticias de Muria\u00e9 e regi\u00e3o","url":"https:\/\/anoticiaonline.com.br\/site\/","logo":{"@type":"ImageObject","url":"https:\/\/scontent-gig4-1.xx.fbcdn.net\/v\/t39.30808-1\/270437624_4564083193639691_6907940295614233970_n.jpg?stp=dst-jpg_s200x200_tt6&_nc_cat=111&ccb=1-7&_nc_sid=f907e8&_nc_ohc=SM1wRlP3lJwQ7kNvwEPuBYA&_nc_oc=AdnqrjDN_BNjSSHWO-GbkIWH6fkGMLw4bqvL_NH6e2wMveX7G-rP2dAqsDSq1mJMOaY&_nc_zt=24&_nc_ht=scontent-gig4-1.xx&_nc_gid=AoBFJeGrT1hVaew_6rchkQ&oh=00_AfX7QmFGhQhG2jAllVgXCiM1ZrWgvtp80-Bfppyexh1QEg&oe=689E923C","@id":"https:\/\/anoticiaonline.com.br\/site\/magia-do-corpo-e-reinaugurada\/#organizationLogo"},"image":{"@id":"https:\/\/anoticiaonline.com.br\/site\/magia-do-corpo-e-reinaugurada\/#organizationLogo"}},{"@type":"Person","@id":"https:\/\/anoticiaonline.com.br\/site\/author\/juliana\/#author","url":"https:\/\/anoticiaonline.com.br\/site\/author\/juliana\/","name":"Juliana Laviola","image":{"@type":"ImageObject","@id":"https:\/\/anoticiaonline.com.br\/site\/magia-do-corpo-e-reinaugurada\/#authorImage","url":"https:\/\/secure.gravatar.com\/avatar\/b8d45f5c699b100dfaf0e543582f38f38bf94cb7ae3a5e9abf8d891a34773335?s=96&d=mm&r=g","width":96,"height":96,"caption":"Juliana Laviola"}},{"@type":"WebPage","@id":"https:\/\/anoticiaonline.com.br\/site\/magia-do-corpo-e-reinaugurada\/#webpage","url":"https:\/\/anoticiaonline.com.br\/site\/magia-do-corpo-e-reinaugurada\/","name":"Magia do Corpo \u00e9 reinaugurada - A Not\u00edcia Online","description":"Foi reinaugurada, no s\u00e1bado (17), em novo endere\u00e7o, a Magia do Corpo, tradicional loja especializada em moda \u00edntima, fitness e praia voltada tanto para o p\u00fablico masculino quanto para o feminino. Entre clientes, amigos e colaboradoras, a empres\u00e1ria, Cl\u00e1udia Regina Medeiros Mendes, juntamente com seu marido e s\u00f3cio, Ciro Alves Mota Mendes, brindaram o","inLanguage":"pt-BR","isPartOf":{"@id":"https:\/\/anoticiaonline.com.br\/site\/#website"},"breadcrumb":{"@id":"https:\/\/anoticiaonline.com.br\/site\/magia-do-corpo-e-reinaugurada\/#breadcrumblist"},"author":{"@id":"https:\/\/anoticiaonline.com.br\/site\/author\/juliana\/#author"},"creator":{"@id":"https:\/\/anoticiaonline.com.br\/site\/author\/juliana\/#author"},"image":{"@type":"ImageObject","url":"https:\/\/anoticiaonline.com.br\/site\/wp-content\/uploads\/2018\/02\/DSC_0825.jpg","@id":"https:\/\/anoticiaonline.com.br\/site\/magia-do-corpo-e-reinaugurada\/#mainImage","width":640,"height":426},"primaryImageOfPage":{"@id":"https:\/\/anoticiaonline.com.br\/site\/magia-do-corpo-e-reinaugurada\/#mainImage"},"datePublished":"2018-02-22T22:07:22-03:00","dateModified":"2018-02-22T22:07:22-03:00"},{"@type":"WebSite","@id":"https:\/\/anoticiaonline.com.br\/site\/#website","url":"https:\/\/anoticiaonline.com.br\/site\/","name":"A Not\u00edcia Online","description":"Noticias de Muria\u00e9 e regi\u00e3o","inLanguage":"pt-BR","publisher":{"@id":"https:\/\/anoticiaonline.com.br\/site\/#organization"}}]},"og:locale":"pt_BR","og:site_name":"A Not\u00edcia Online - Noticias de Muria\u00e9 e regi\u00e3o","og:type":"article","og:title":"Magia do Corpo \u00e9 reinaugurada - A Not\u00edcia Online","og:description":"Foi reinaugurada, no s\u00e1bado (17), em novo endere\u00e7o, a Magia do Corpo, tradicional loja especializada em moda \u00edntima, fitness e praia voltada tanto para o p\u00fablico masculino quanto para o feminino. Entre clientes, amigos e colaboradoras, a empres\u00e1ria, Cl\u00e1udia Regina Medeiros Mendes, juntamente com seu marido e s\u00f3cio, Ciro Alves Mota Mendes, brindaram o","og:url":"https:\/\/anoticiaonline.com.br\/site\/magia-do-corpo-e-reinaugurada\/","og:image":"https:\/\/scontent-gig4-1.xx.fbcdn.net\/v\/t39.30808-1\/270437624_4564083193639691_6907940295614233970_n.jpg?stp=dst-jpg_s200x200_tt6&#038;_nc_cat=111&#038;ccb=1-7&#038;_nc_sid=f907e8&#038;_nc_ohc=SM1wRlP3lJwQ7kNvwEPuBYA&#038;_nc_oc=AdnqrjDN_BNjSSHWO-GbkIWH6fkGMLw4bqvL_NH6e2wMveX7G-rP2dAqsDSq1mJMOaY&#038;_nc_zt=24&#038;_nc_ht=scontent-gig4-1.xx&#038;_nc_gid=AoBFJeGrT1hVaew_6rchkQ&#038;oh=00_AfX7QmFGhQhG2jAllVgXCiM1ZrWgvtp80-Bfppyexh1QEg&#038;oe=689E923C","og:image:secure_url":"https:\/\/scontent-gig4-1.xx.fbcdn.net\/v\/t39.30808-1\/270437624_4564083193639691_6907940295614233970_n.jpg?stp=dst-jpg_s200x200_tt6&#038;_nc_cat=111&#038;ccb=1-7&#038;_nc_sid=f907e8&#038;_nc_ohc=SM1wRlP3lJwQ7kNvwEPuBYA&#038;_nc_oc=AdnqrjDN_BNjSSHWO-GbkIWH6fkGMLw4bqvL_NH6e2wMveX7G-rP2dAqsDSq1mJMOaY&#038;_nc_zt=24&#038;_nc_ht=scontent-gig4-1.xx&#038;_nc_gid=AoBFJeGrT1hVaew_6rchkQ&#038;oh=00_AfX7QmFGhQhG2jAllVgXCiM1ZrWgvtp80-Bfppyexh1QEg&#038;oe=689E923C","article:published_time":"2018-02-23T01:07:22+00:00","article:modified_time":"2018-02-23T01:07:22+00:00","twitter:card":"summary_large_image","twitter:title":"Magia do Corpo \u00e9 reinaugurada - A Not\u00edcia Online","twitter:description":"Foi reinaugurada, no s\u00e1bado (17), em novo endere\u00e7o, a Magia do Corpo, tradicional loja especializada em moda \u00edntima, fitness e praia voltada tanto para o p\u00fablico masculino quanto para o feminino. Entre clientes, amigos e colaboradoras, a empres\u00e1ria, Cl\u00e1udia Regina Medeiros Mendes, juntamente com seu marido e s\u00f3cio, Ciro Alves Mota Mendes, brindaram o","twitter:image":"https:\/\/scontent-gig4-1.xx.fbcdn.net\/v\/t39.30808-1\/270437624_4564083193639691_6907940295614233970_n.jpg?stp=dst-jpg_s200x200_tt6&_nc_cat=111&ccb=1-7&_nc_sid=f907e8&_nc_ohc=SM1wRlP3lJwQ7kNvwEPuBYA&_nc_oc=AdnqrjDN_BNjSSHWO-GbkIWH6fkGMLw4bqvL_NH6e2wMveX7G-rP2dAqsDSq1mJMOaY&_nc_zt=24&_nc_ht=scontent-gig4-1.xx&_nc_gid=AoBFJeGrT1hVaew_6rchkQ&oh=00_AfX7QmFGhQhG2jAllVgXCiM1ZrWgvtp80-Bfppyexh1QEg&oe=689E923C"},"aioseo_meta_data":{"post_id":"50606","title":null,"description":null,"keywords":null,"keyphrases":null,"primary_term":null,"canonical_url":null,"og_title":null,"og_description":null,"og_object_type":"default","og_image_type":"default","og_image_url":null,"og_image_width":null,"og_image_height":null,"og_image_custom_url":null,"og_image_custom_fields":null,"og_video":null,"og_custom_url":null,"og_article_section":null,"og_article_tags":null,"twitter_use_og":false,"twitter_card":"default","twitter_image_type":"default","twitter_image_url":null,"twitter_image_custom_url":null,"twitter_image_custom_fields":null,"twitter_title":null,"twitter_description":null,"schema":{"blockGraphs":[],"customGraphs":[],"default":{"data":{"Article":[],"Course":[],"Dataset":[],"FAQPage":[],"Movie":[],"Person":[],"Product":[],"ProductReview":[],"Car":[],"Recipe":[],"Service":[],"SoftwareApplication":[],"WebPage":[]},"graphName":"","isEnabled":true},"graphs":[]},"schema_type":"default","schema_type_options":null,"pillar_content":false,"robots_default":true,"robots_noindex":false,"robots_noarchive":false,"robots_nosnippet":false,"robots_nofollow":false,"robots_noimageindex":false,"robots_noodp":false,"robots_notranslate":false,"robots_max_snippet":null,"robots_max_videopreview":null,"robots_max_imagepreview":"large","priority":null,"frequency":null,"local_seo":null,"breadcrumb_settings":null,"limit_modified_date":false,"ai":null,"created":"2025-08-16 20:23:19","updated":"2025-08-16 20:23:19","focus_keyword":null,"additional_keywords":null,"truseo_locale":null,"seo_analyzer_scan_date":null},"aioseo_breadcrumb":"<div class=\"aioseo-breadcrumbs\"><span class=\"aioseo-breadcrumb\">\n\t\t\t<a href=\"https:\/\/anoticiaonline.com.br\/site\" title=\"Home\">Home<\/a>\n\t\t<\/span><span class=\"aioseo-breadcrumb-separator\">&raquo;<\/span><span class=\"aioseo-breadcrumb\">\n\t\t\t<a href=\"https:\/\/anoticiaonline.com.br\/site\/categoria\/eventos\/\" title=\"Eventos\">Eventos<\/a>\n\t\t<\/span><span class=\"aioseo-breadcrumb-separator\">&raquo;<\/span><span class=\"aioseo-breadcrumb\">\n\t\t\tMagia do Corpo \u00e9 reinaugurada\n\t\t<\/span><\/div>","aioseo_breadcrumb_json":[{"label":"Home","link":"https:\/\/anoticiaonline.com.br\/site"},{"label":"Eventos","link":"https:\/\/anoticiaonline.com.br\/site\/categoria\/eventos\/"},{"label":"Magia do Corpo \u00e9 reinaugurada","link":"https:\/\/anoticiaonline.com.br\/site\/magia-do-corpo-e-reinaugurada\/"}],"views":168,"_links":{"self":[{"href":"https:\/\/anoticiaonline.com.br\/site\/wp-json\/wp\/v2\/posts\/50606","targetHints":{"allow":["GET"]}}],"collection":[{"href":"https:\/\/anoticiaonline.com.br\/site\/wp-json\/wp\/v2\/posts"}],"about":[{"href":"https:\/\/anoticiaonline.com.br\/site\/wp-json\/wp\/v2\/types\/post"}],"author":[{"embeddable":true,"href":"https:\/\/anoticiaonline.com.br\/site\/wp-json\/wp\/v2\/users\/2"}],"replies":[{"embeddable":true,"href":"https:\/\/anoticiaonline.com.br\/site\/wp-json\/wp\/v2\/comments?post=50606"}],"version-history":[{"count":0,"href":"https:\/\/anoticiaonline.com.br\/site\/wp-json\/wp\/v2\/posts\/50606\/revisions"}],"wp:featuredmedia":[{"embeddable":true,"href":"https:\/\/anoticiaonline.com.br\/site\/wp-json\/wp\/v2\/media\/50701"}],"wp:attachment":[{"href":"https:\/\/anoticiaonline.com.br\/site\/wp-json\/wp\/v2\/media?parent=50606"}],"wp:term":[{"taxonomy":"category","embeddable":true,"href":"https:\/\/anoticiaonline.com.br\/site\/wp-json\/wp\/v2\/categories?post=50606"},{"taxonomy":"post_tag","embeddable":true,"href":"https:\/\/anoticiaonline.com.br\/site\/wp-json\/wp\/v2\/tags?post=50606"}],"curies":[{"name":"wp","href":"https:\/\/api.w.org\/{rel}","templated":true}]}}