{"id":5049,"date":"2015-10-22T10:25:41","date_gmt":"2015-10-22T13:25:41","guid":{"rendered":"http:\/\/anoticiaonline.com.br\/site\/?p=5049"},"modified":"2015-10-22T10:26:16","modified_gmt":"2015-10-22T13:26:16","slug":"orlando-barbosa-flores","status":"publish","type":"post","link":"https:\/\/anoticiaonline.com.br\/site\/orlando-barbosa-flores\/","title":{"rendered":"ORLANDO BARBOSA FLORES"},"content":{"rendered":"<p style=\"text-align: center;\"><strong>Nascido em 23 de agosto de 1892<\/strong><br \/>\n<strong>Falecido em 04 de agosto de 1957<\/strong><\/p>\n<p style=\"text-align: center;\">\n<p><a href=\"https:\/\/anoticiaonline.com.br\/site\/wp-content\/uploads\/2015\/10\/orlando-flores.jpg\"><img fetchpriority=\"high\" decoding=\"async\" class=\" size-medium wp-image-5050 alignleft\" src=\"https:\/\/anoticiaonline.com.br\/site\/wp-content\/uploads\/2015\/10\/orlando-flores-223x300.jpg\" alt=\"orlando flores\" width=\"223\" height=\"300\" srcset=\"https:\/\/anoticiaonline.com.br\/site\/wp-content\/uploads\/2015\/10\/orlando-flores-223x300.jpg 223w, https:\/\/anoticiaonline.com.br\/site\/wp-content\/uploads\/2015\/10\/orlando-flores.jpg 476w\" sizes=\"(max-width: 223px) 100vw, 223px\" \/><\/a>Filho do Coronel Francisco Fernando Flores, fazendeiro no distrito de Bom Jesus da Cachoeira, e de Minervina Barbosa Flores, Orlando Barbosa Flores nasceu em Palma, em 23 de agosto de 1892.<\/p>\n<p>Formou-se em Engenharia pela Escola de Minas de Ouro Preto em agosto de 1917.<\/p>\n<p>Casou-se em 1918 com Maria Coimbra Flores de cujo cons\u00f3rcio nasceram os seguintes filhos: Ney Coimbra Flores, Ivan Coimbra Flores, Henny Flores da Rocha e Nysis Flores Carone. O casal tamb\u00e9m adotou Zil\u00e1h, apelidada de Pituchinha.<\/p>\n<p>Depois de exercer a engenharia em diversos locais, rendeu-se \u00e0 sua verdadeira voca\u00e7\u00e3o de pecuarista, trabalhando exclusivamente com a lavoura em fazendas em Palma e Muria\u00e9.<\/p>\n<p>Em 1931, foi nomeado Prefeito pelo Presidente Get\u00falio Vargas e pelo Governador Benedito Valadares, cargo que exerceu at\u00e9 1935 trazendo grandes benef\u00edcios para Muria\u00e9, tais como a constru\u00e7\u00e3o do Grupo Escolar Desembargador Can\u00eado e outras trinta escolas menores; construiu o pr\u00e9dio do F\u00f3rum na Avenida Constantino Pinto; fez melhorias em 300 quil\u00f4metros da malha vi\u00e1ria municipal; cal\u00e7ou diversas ruas; instalou gratuitamente rede de \u00e1gua em casas de pessoas carentes do Bairro do Porto, tudo sem contar com verbas estaduais e federais. Fazia isso sem alarde, sem demagogia, tendo em mira apenas a consci\u00eancia do dever cumprido para com os seus concidad\u00e3os, sem receber sequer os proventos do cargo que exercia, deixando transparecer sempre o tra\u00e7o predominante de seu car\u00e1ter e sobriedade. Encontrou a prefeitura com uma d\u00edvida de trezentos contos de Reis e a deixou sem nada dever.<\/p>\n<p>Em 1934, foi eleito Deputado Estadual, cujo mandato soube honrar e dignificar, prestando ao estado de Minas inestim\u00e1veis e relevantes servi\u00e7os at\u00e9 o ano de 1937.<\/p>\n<p>Foi membro do Conselho Nacional do Caf\u00e9, representando Minas Gerais, dentro do qual pelos seus largos e aprofundados conhecimentos sobre o assunto, soube defender com verdadeiro esp\u00edrito p\u00fablico os altos interesses da lavoura cafeeira do pa\u00eds.<\/p>\n<p>Em 1957, o ent\u00e3o Deputado Estadual muriaeense Walthon Goulart assim discursou em plen\u00e1rio sobre a morte de Orlando Flores: \u201c&#8230; soube defender com dignidade, galhardia e honradez, os l\u00eddimos e altivos ideais de seus coestaduanos. Engenheiro estudioso e conhecedor profundo dos assuntos de Economia, era o Doutor Orlando Barbosa Flores possuidor de invulgar cultura, colocando sempre os seus conhecimentos a servi\u00e7o dos elevados interesses do munic\u00edpio e do estado. Na sua passagem pela dire\u00e7\u00e3o da municipalidade, distinguiu-se como um administrador eficiente, objetivo e realizador, deixando empreendimentos que, ainda hoje, podem atestar o seu leg\u00edtimo valor, visando sempre ao desenvolvimento e ao progresso de sua grande terra, do nosso querido Muria\u00e9 (&#8230;)\u201d.<\/p>\n<p>Seus filhos, Ney e Ivan, herdaram a pol\u00edtica paterna sendo eleitos vereadores entre 1959 e 1964.<\/p>\n<p>Dante Bruno, em seu segundo mandato como Prefeito, construiu a escola do Bairro Dornelas \u00e0 qual deu o nome de Engenheiro Orlando Flores.<\/p>\n<p>Em 1963, foram desapropriadas oito casas na Avenida Monteiro de Castro para a constru\u00e7\u00e3o de uma pra\u00e7a (nas proximidades do Abatedouro Rio Minas) que teria o nome de Pra\u00e7a Doutor Orlando Barbosa Flores. A pra\u00e7a acabou n\u00e3o sendo constru\u00edda e o local se tornou a Rua Doutor Ant\u00f4nio Rog\u00e9rio de Castro.<\/p>\n<p>Pela lei n\u00famero 268 de 1976,\u00a0\u00a0 \u00a0foi criada a Rua Doutor Orlando Flores no distrito de Bom Jesus da Cachoeira onde possu\u00eda a Fazenda Boa Vista, com 334 alqueires.<\/p>\n","protected":false},"excerpt":{"rendered":"<p>Nascido em 23 de agosto de 1892 Falecido em 04 de agosto de 1957 Filho do Coronel Francisco Fernando Flores, fazendeiro no distrito de Bom Jesus da Cachoeira, e de Minervina Barbosa Flores, Orlando Barbosa Flores nasceu em Palma, em 23 de agosto de 1892. Formou-se em Engenharia pela Escola de Minas de Ouro Preto &#8230; <a title=\"ORLANDO BARBOSA FLORES\" class=\"read-more\" href=\"https:\/\/anoticiaonline.com.br\/site\/orlando-barbosa-flores\/\" aria-label=\"Read more about ORLANDO BARBOSA FLORES\">Ler mais<\/a><\/p>\n","protected":false},"author":2,"featured_media":0,"comment_status":"open","ping_status":"open","sticky":false,"template":"","format":"standard","meta":{"_acf_changed":false,"_monsterinsights_skip_tracking":false,"footnotes":""},"categories":[35],"tags":[],"class_list":["post-5049","post","type-post","status-publish","format-standard","hentry","category-nomes-da-nossa-terra-joao-carlos-vargas-e-flavia-alves-junqueira-memorial-municipal-de-muriae"],"acf":[],"aioseo_notices":[],"aioseo_head":"\n\t\t<!-- All in One SEO 5.0.0.1 - aioseo.com -->\n\t<meta name=\"description\" content=\"Nascido em 23 de agosto de 1892 Falecido em 04 de agosto de 1957 Filho do Coronel Francisco Fernando Flores, fazendeiro no distrito de Bom Jesus da Cachoeira, e de Minervina Barbosa Flores, Orlando Barbosa Flores nasceu em Palma, em 23 de agosto de 1892. Formou-se em Engenharia pela Escola de Minas de Ouro Preto\" \/>\n\t<meta name=\"robots\" content=\"max-image-preview:large\" \/>\n\t<meta name=\"author\" content=\"Juliana Laviola\"\/>\n\t<link rel=\"canonical\" href=\"https:\/\/anoticiaonline.com.br\/site\/orlando-barbosa-flores\/\" \/>\n\t<meta name=\"generator\" content=\"All in One SEO (AIOSEO) 5.0.0.1\" \/>\n\t\t<meta property=\"og:locale\" content=\"pt_BR\" \/>\n\t\t<meta property=\"og:site_name\" content=\"A Not\u00edcia Online - Noticias de Muria\u00e9 e regi\u00e3o\" \/>\n\t\t<meta property=\"og:type\" content=\"article\" \/>\n\t\t<meta property=\"og:title\" content=\"ORLANDO BARBOSA FLORES - A Not\u00edcia Online\" \/>\n\t\t<meta property=\"og:description\" content=\"Nascido em 23 de agosto de 1892 Falecido em 04 de agosto de 1957 Filho do Coronel Francisco Fernando Flores, fazendeiro no distrito de Bom Jesus da Cachoeira, e de Minervina Barbosa Flores, Orlando Barbosa Flores nasceu em Palma, em 23 de agosto de 1892. Formou-se em Engenharia pela Escola de Minas de Ouro Preto\" \/>\n\t\t<meta property=\"og:url\" content=\"https:\/\/anoticiaonline.com.br\/site\/orlando-barbosa-flores\/\" \/>\n\t\t<meta property=\"og:image\" content=\"https:\/\/scontent-gig4-1.xx.fbcdn.net\/v\/t39.30808-1\/270437624_4564083193639691_6907940295614233970_n.jpg?stp=dst-jpg_s200x200_tt6&#038;_nc_cat=111&#038;ccb=1-7&#038;_nc_sid=f907e8&#038;_nc_ohc=SM1wRlP3lJwQ7kNvwEPuBYA&#038;_nc_oc=AdnqrjDN_BNjSSHWO-GbkIWH6fkGMLw4bqvL_NH6e2wMveX7G-rP2dAqsDSq1mJMOaY&#038;_nc_zt=24&#038;_nc_ht=scontent-gig4-1.xx&#038;_nc_gid=AoBFJeGrT1hVaew_6rchkQ&#038;oh=00_AfX7QmFGhQhG2jAllVgXCiM1ZrWgvtp80-Bfppyexh1QEg&#038;oe=689E923C\" \/>\n\t\t<meta property=\"og:image:secure_url\" content=\"https:\/\/scontent-gig4-1.xx.fbcdn.net\/v\/t39.30808-1\/270437624_4564083193639691_6907940295614233970_n.jpg?stp=dst-jpg_s200x200_tt6&#038;_nc_cat=111&#038;ccb=1-7&#038;_nc_sid=f907e8&#038;_nc_ohc=SM1wRlP3lJwQ7kNvwEPuBYA&#038;_nc_oc=AdnqrjDN_BNjSSHWO-GbkIWH6fkGMLw4bqvL_NH6e2wMveX7G-rP2dAqsDSq1mJMOaY&#038;_nc_zt=24&#038;_nc_ht=scontent-gig4-1.xx&#038;_nc_gid=AoBFJeGrT1hVaew_6rchkQ&#038;oh=00_AfX7QmFGhQhG2jAllVgXCiM1ZrWgvtp80-Bfppyexh1QEg&#038;oe=689E923C\" \/>\n\t\t<meta property=\"article:published_time\" content=\"2015-10-22T13:25:41+00:00\" \/>\n\t\t<meta property=\"article:modified_time\" content=\"2015-10-22T13:26:16+00:00\" \/>\n\t\t<meta name=\"twitter:card\" content=\"summary_large_image\" \/>\n\t\t<meta name=\"twitter:title\" content=\"ORLANDO BARBOSA FLORES - A Not\u00edcia Online\" \/>\n\t\t<meta name=\"twitter:description\" content=\"Nascido em 23 de agosto de 1892 Falecido em 04 de agosto de 1957 Filho do Coronel Francisco Fernando Flores, fazendeiro no distrito de Bom Jesus da Cachoeira, e de Minervina Barbosa Flores, Orlando Barbosa Flores nasceu em Palma, em 23 de agosto de 1892. Formou-se em Engenharia pela Escola de Minas de Ouro Preto\" \/>\n\t\t<meta name=\"twitter:image\" content=\"https:\/\/scontent-gig4-1.xx.fbcdn.net\/v\/t39.30808-1\/270437624_4564083193639691_6907940295614233970_n.jpg?stp=dst-jpg_s200x200_tt6&amp;_nc_cat=111&amp;ccb=1-7&amp;_nc_sid=f907e8&amp;_nc_ohc=SM1wRlP3lJwQ7kNvwEPuBYA&amp;_nc_oc=AdnqrjDN_BNjSSHWO-GbkIWH6fkGMLw4bqvL_NH6e2wMveX7G-rP2dAqsDSq1mJMOaY&amp;_nc_zt=24&amp;_nc_ht=scontent-gig4-1.xx&amp;_nc_gid=AoBFJeGrT1hVaew_6rchkQ&amp;oh=00_AfX7QmFGhQhG2jAllVgXCiM1ZrWgvtp80-Bfppyexh1QEg&amp;oe=689E923C\" \/>\n\t\t<script type=\"application\/ld+json\" class=\"aioseo-schema\">\n\t\t\t{\"@context\":\"https:\\\/\\\/schema.org\",\"@graph\":[{\"@type\":\"BlogPosting\",\"@id\":\"https:\\\/\\\/anoticiaonline.com.br\\\/site\\\/orlando-barbosa-flores\\\/#blogposting\",\"name\":\"ORLANDO BARBOSA FLORES - A Not\\u00edcia Online\",\"headline\":\"ORLANDO BARBOSA FLORES\",\"author\":{\"@id\":\"https:\\\/\\\/anoticiaonline.com.br\\\/site\\\/author\\\/juliana\\\/#author\"},\"publisher\":{\"@id\":\"https:\\\/\\\/anoticiaonline.com.br\\\/site\\\/#organization\"},\"image\":{\"@type\":\"ImageObject\",\"url\":\"http:\\\/\\\/anoticiaonline.com.br\\\/site\\\/wp-content\\\/uploads\\\/2015\\\/10\\\/orlando-flores-223x300.jpg\",\"@id\":\"https:\\\/\\\/anoticiaonline.com.br\\\/site\\\/orlando-barbosa-flores\\\/#articleImage\"},\"datePublished\":\"2015-10-22T10:25:41-03:00\",\"dateModified\":\"2015-10-22T10:26:16-03:00\",\"inLanguage\":\"pt-BR\",\"mainEntityOfPage\":{\"@id\":\"https:\\\/\\\/anoticiaonline.com.br\\\/site\\\/orlando-barbosa-flores\\\/#webpage\"},\"isPartOf\":{\"@id\":\"https:\\\/\\\/anoticiaonline.com.br\\\/site\\\/orlando-barbosa-flores\\\/#webpage\"},\"articleSection\":\"Nomes da Nossa Terra - Jo\\u00e3o Carlos Vargas e Fl\\u00e1via Alves Junqueira - Memorial Municipal de Muria\\u00e9\"},{\"@type\":\"BreadcrumbList\",\"@id\":\"https:\\\/\\\/anoticiaonline.com.br\\\/site\\\/orlando-barbosa-flores\\\/#breadcrumblist\",\"itemListElement\":[{\"@type\":\"ListItem\",\"@id\":\"https:\\\/\\\/anoticiaonline.com.br\\\/site#listItem\",\"position\":1,\"name\":\"Home\",\"item\":\"https:\\\/\\\/anoticiaonline.com.br\\\/site\",\"nextItem\":{\"@type\":\"ListItem\",\"@id\":\"https:\\\/\\\/anoticiaonline.com.br\\\/site\\\/categoria\\\/colunistas\\\/#listItem\",\"name\":\"Colunistas\"}},{\"@type\":\"ListItem\",\"@id\":\"https:\\\/\\\/anoticiaonline.com.br\\\/site\\\/categoria\\\/colunistas\\\/#listItem\",\"position\":2,\"name\":\"Colunistas\",\"item\":\"https:\\\/\\\/anoticiaonline.com.br\\\/site\\\/categoria\\\/colunistas\\\/\",\"nextItem\":{\"@type\":\"ListItem\",\"@id\":\"https:\\\/\\\/anoticiaonline.com.br\\\/site\\\/categoria\\\/colunistas\\\/nomes-da-nossa-terra-joao-carlos-vargas-e-flavia-alves-junqueira-memorial-municipal-de-muriae\\\/#listItem\",\"name\":\"Nomes da Nossa Terra - Jo\\u00e3o Carlos Vargas e Fl\\u00e1via Alves Junqueira - Memorial Municipal de Muria\\u00e9\"},\"previousItem\":{\"@type\":\"ListItem\",\"@id\":\"https:\\\/\\\/anoticiaonline.com.br\\\/site#listItem\",\"name\":\"Home\"}},{\"@type\":\"ListItem\",\"@id\":\"https:\\\/\\\/anoticiaonline.com.br\\\/site\\\/categoria\\\/colunistas\\\/nomes-da-nossa-terra-joao-carlos-vargas-e-flavia-alves-junqueira-memorial-municipal-de-muriae\\\/#listItem\",\"position\":3,\"name\":\"Nomes da Nossa Terra - Jo\\u00e3o Carlos Vargas e Fl\\u00e1via Alves Junqueira - Memorial Municipal de Muria\\u00e9\",\"item\":\"https:\\\/\\\/anoticiaonline.com.br\\\/site\\\/categoria\\\/colunistas\\\/nomes-da-nossa-terra-joao-carlos-vargas-e-flavia-alves-junqueira-memorial-municipal-de-muriae\\\/\",\"nextItem\":{\"@type\":\"ListItem\",\"@id\":\"https:\\\/\\\/anoticiaonline.com.br\\\/site\\\/orlando-barbosa-flores\\\/#listItem\",\"name\":\"ORLANDO BARBOSA FLORES\"},\"previousItem\":{\"@type\":\"ListItem\",\"@id\":\"https:\\\/\\\/anoticiaonline.com.br\\\/site\\\/categoria\\\/colunistas\\\/#listItem\",\"name\":\"Colunistas\"}},{\"@type\":\"ListItem\",\"@id\":\"https:\\\/\\\/anoticiaonline.com.br\\\/site\\\/orlando-barbosa-flores\\\/#listItem\",\"position\":4,\"name\":\"ORLANDO BARBOSA FLORES\",\"previousItem\":{\"@type\":\"ListItem\",\"@id\":\"https:\\\/\\\/anoticiaonline.com.br\\\/site\\\/categoria\\\/colunistas\\\/nomes-da-nossa-terra-joao-carlos-vargas-e-flavia-alves-junqueira-memorial-municipal-de-muriae\\\/#listItem\",\"name\":\"Nomes da Nossa Terra - Jo\\u00e3o Carlos Vargas e Fl\\u00e1via Alves Junqueira - Memorial Municipal de Muria\\u00e9\"}}]},{\"@type\":\"Organization\",\"@id\":\"https:\\\/\\\/anoticiaonline.com.br\\\/site\\\/#organization\",\"name\":\"A Not\\u00edcia Online\",\"description\":\"Noticias de Muria\\u00e9 e regi\\u00e3o\",\"url\":\"https:\\\/\\\/anoticiaonline.com.br\\\/site\\\/\",\"logo\":{\"@type\":\"ImageObject\",\"url\":\"https:\\\/\\\/scontent-gig4-1.xx.fbcdn.net\\\/v\\\/t39.30808-1\\\/270437624_4564083193639691_6907940295614233970_n.jpg?stp=dst-jpg_s200x200_tt6&_nc_cat=111&ccb=1-7&_nc_sid=f907e8&_nc_ohc=SM1wRlP3lJwQ7kNvwEPuBYA&_nc_oc=AdnqrjDN_BNjSSHWO-GbkIWH6fkGMLw4bqvL_NH6e2wMveX7G-rP2dAqsDSq1mJMOaY&_nc_zt=24&_nc_ht=scontent-gig4-1.xx&_nc_gid=AoBFJeGrT1hVaew_6rchkQ&oh=00_AfX7QmFGhQhG2jAllVgXCiM1ZrWgvtp80-Bfppyexh1QEg&oe=689E923C\",\"@id\":\"https:\\\/\\\/anoticiaonline.com.br\\\/site\\\/orlando-barbosa-flores\\\/#organizationLogo\"},\"image\":{\"@id\":\"https:\\\/\\\/anoticiaonline.com.br\\\/site\\\/orlando-barbosa-flores\\\/#organizationLogo\"}},{\"@type\":\"Person\",\"@id\":\"https:\\\/\\\/anoticiaonline.com.br\\\/site\\\/author\\\/juliana\\\/#author\",\"url\":\"https:\\\/\\\/anoticiaonline.com.br\\\/site\\\/author\\\/juliana\\\/\",\"name\":\"Juliana Laviola\",\"image\":{\"@type\":\"ImageObject\",\"@id\":\"https:\\\/\\\/anoticiaonline.com.br\\\/site\\\/orlando-barbosa-flores\\\/#authorImage\",\"url\":\"https:\\\/\\\/secure.gravatar.com\\\/avatar\\\/b8d45f5c699b100dfaf0e543582f38f38bf94cb7ae3a5e9abf8d891a34773335?s=96&d=mm&r=g\",\"width\":96,\"height\":96,\"caption\":\"Juliana Laviola\"}},{\"@type\":\"WebPage\",\"@id\":\"https:\\\/\\\/anoticiaonline.com.br\\\/site\\\/orlando-barbosa-flores\\\/#webpage\",\"url\":\"https:\\\/\\\/anoticiaonline.com.br\\\/site\\\/orlando-barbosa-flores\\\/\",\"name\":\"ORLANDO BARBOSA FLORES - A Not\\u00edcia Online\",\"description\":\"Nascido em 23 de agosto de 1892 Falecido em 04 de agosto de 1957 Filho do Coronel Francisco Fernando Flores, fazendeiro no distrito de Bom Jesus da Cachoeira, e de Minervina Barbosa Flores, Orlando Barbosa Flores nasceu em Palma, em 23 de agosto de 1892. Formou-se em Engenharia pela Escola de Minas de Ouro Preto\",\"inLanguage\":\"pt-BR\",\"isPartOf\":{\"@id\":\"https:\\\/\\\/anoticiaonline.com.br\\\/site\\\/#website\"},\"breadcrumb\":{\"@id\":\"https:\\\/\\\/anoticiaonline.com.br\\\/site\\\/orlando-barbosa-flores\\\/#breadcrumblist\"},\"author\":{\"@id\":\"https:\\\/\\\/anoticiaonline.com.br\\\/site\\\/author\\\/juliana\\\/#author\"},\"creator\":{\"@id\":\"https:\\\/\\\/anoticiaonline.com.br\\\/site\\\/author\\\/juliana\\\/#author\"},\"datePublished\":\"2015-10-22T10:25:41-03:00\",\"dateModified\":\"2015-10-22T10:26:16-03:00\"},{\"@type\":\"WebSite\",\"@id\":\"https:\\\/\\\/anoticiaonline.com.br\\\/site\\\/#website\",\"url\":\"https:\\\/\\\/anoticiaonline.com.br\\\/site\\\/\",\"name\":\"A Not\\u00edcia Online\",\"description\":\"Noticias de Muria\\u00e9 e regi\\u00e3o\",\"inLanguage\":\"pt-BR\",\"publisher\":{\"@id\":\"https:\\\/\\\/anoticiaonline.com.br\\\/site\\\/#organization\"}}]}\n\t\t<\/script>\n\t\t<!-- All in One SEO -->\n\n","aioseo_head_json":{"title":"ORLANDO BARBOSA FLORES - A Not\u00edcia Online","description":"Nascido em 23 de agosto de 1892 Falecido em 04 de agosto de 1957 Filho do Coronel Francisco Fernando Flores, fazendeiro no distrito de Bom Jesus da Cachoeira, e de Minervina Barbosa Flores, Orlando Barbosa Flores nasceu em Palma, em 23 de agosto de 1892. Formou-se em Engenharia pela Escola de Minas de Ouro Preto","canonical_url":"https:\/\/anoticiaonline.com.br\/site\/orlando-barbosa-flores\/","robots":"max-image-preview:large","keywords":"","webmasterTools":{"miscellaneous":""},"schema":{"@context":"https:\/\/schema.org","@graph":[{"@type":"BlogPosting","@id":"https:\/\/anoticiaonline.com.br\/site\/orlando-barbosa-flores\/#blogposting","name":"ORLANDO BARBOSA FLORES - A Not\u00edcia Online","headline":"ORLANDO BARBOSA FLORES","author":{"@id":"https:\/\/anoticiaonline.com.br\/site\/author\/juliana\/#author"},"publisher":{"@id":"https:\/\/anoticiaonline.com.br\/site\/#organization"},"image":{"@type":"ImageObject","url":"http:\/\/anoticiaonline.com.br\/site\/wp-content\/uploads\/2015\/10\/orlando-flores-223x300.jpg","@id":"https:\/\/anoticiaonline.com.br\/site\/orlando-barbosa-flores\/#articleImage"},"datePublished":"2015-10-22T10:25:41-03:00","dateModified":"2015-10-22T10:26:16-03:00","inLanguage":"pt-BR","mainEntityOfPage":{"@id":"https:\/\/anoticiaonline.com.br\/site\/orlando-barbosa-flores\/#webpage"},"isPartOf":{"@id":"https:\/\/anoticiaonline.com.br\/site\/orlando-barbosa-flores\/#webpage"},"articleSection":"Nomes da Nossa Terra - Jo\u00e3o Carlos Vargas e Fl\u00e1via Alves Junqueira - Memorial Municipal de Muria\u00e9"},{"@type":"BreadcrumbList","@id":"https:\/\/anoticiaonline.com.br\/site\/orlando-barbosa-flores\/#breadcrumblist","itemListElement":[{"@type":"ListItem","@id":"https:\/\/anoticiaonline.com.br\/site#listItem","position":1,"name":"Home","item":"https:\/\/anoticiaonline.com.br\/site","nextItem":{"@type":"ListItem","@id":"https:\/\/anoticiaonline.com.br\/site\/categoria\/colunistas\/#listItem","name":"Colunistas"}},{"@type":"ListItem","@id":"https:\/\/anoticiaonline.com.br\/site\/categoria\/colunistas\/#listItem","position":2,"name":"Colunistas","item":"https:\/\/anoticiaonline.com.br\/site\/categoria\/colunistas\/","nextItem":{"@type":"ListItem","@id":"https:\/\/anoticiaonline.com.br\/site\/categoria\/colunistas\/nomes-da-nossa-terra-joao-carlos-vargas-e-flavia-alves-junqueira-memorial-municipal-de-muriae\/#listItem","name":"Nomes da Nossa Terra - Jo\u00e3o Carlos Vargas e Fl\u00e1via Alves Junqueira - Memorial Municipal de Muria\u00e9"},"previousItem":{"@type":"ListItem","@id":"https:\/\/anoticiaonline.com.br\/site#listItem","name":"Home"}},{"@type":"ListItem","@id":"https:\/\/anoticiaonline.com.br\/site\/categoria\/colunistas\/nomes-da-nossa-terra-joao-carlos-vargas-e-flavia-alves-junqueira-memorial-municipal-de-muriae\/#listItem","position":3,"name":"Nomes da Nossa Terra - Jo\u00e3o Carlos Vargas e Fl\u00e1via Alves Junqueira - Memorial Municipal de Muria\u00e9","item":"https:\/\/anoticiaonline.com.br\/site\/categoria\/colunistas\/nomes-da-nossa-terra-joao-carlos-vargas-e-flavia-alves-junqueira-memorial-municipal-de-muriae\/","nextItem":{"@type":"ListItem","@id":"https:\/\/anoticiaonline.com.br\/site\/orlando-barbosa-flores\/#listItem","name":"ORLANDO BARBOSA FLORES"},"previousItem":{"@type":"ListItem","@id":"https:\/\/anoticiaonline.com.br\/site\/categoria\/colunistas\/#listItem","name":"Colunistas"}},{"@type":"ListItem","@id":"https:\/\/anoticiaonline.com.br\/site\/orlando-barbosa-flores\/#listItem","position":4,"name":"ORLANDO BARBOSA FLORES","previousItem":{"@type":"ListItem","@id":"https:\/\/anoticiaonline.com.br\/site\/categoria\/colunistas\/nomes-da-nossa-terra-joao-carlos-vargas-e-flavia-alves-junqueira-memorial-municipal-de-muriae\/#listItem","name":"Nomes da Nossa Terra - Jo\u00e3o Carlos Vargas e Fl\u00e1via Alves Junqueira - Memorial Municipal de Muria\u00e9"}}]},{"@type":"Organization","@id":"https:\/\/anoticiaonline.com.br\/site\/#organization","name":"A Not\u00edcia Online","description":"Noticias de Muria\u00e9 e regi\u00e3o","url":"https:\/\/anoticiaonline.com.br\/site\/","logo":{"@type":"ImageObject","url":"https:\/\/scontent-gig4-1.xx.fbcdn.net\/v\/t39.30808-1\/270437624_4564083193639691_6907940295614233970_n.jpg?stp=dst-jpg_s200x200_tt6&_nc_cat=111&ccb=1-7&_nc_sid=f907e8&_nc_ohc=SM1wRlP3lJwQ7kNvwEPuBYA&_nc_oc=AdnqrjDN_BNjSSHWO-GbkIWH6fkGMLw4bqvL_NH6e2wMveX7G-rP2dAqsDSq1mJMOaY&_nc_zt=24&_nc_ht=scontent-gig4-1.xx&_nc_gid=AoBFJeGrT1hVaew_6rchkQ&oh=00_AfX7QmFGhQhG2jAllVgXCiM1ZrWgvtp80-Bfppyexh1QEg&oe=689E923C","@id":"https:\/\/anoticiaonline.com.br\/site\/orlando-barbosa-flores\/#organizationLogo"},"image":{"@id":"https:\/\/anoticiaonline.com.br\/site\/orlando-barbosa-flores\/#organizationLogo"}},{"@type":"Person","@id":"https:\/\/anoticiaonline.com.br\/site\/author\/juliana\/#author","url":"https:\/\/anoticiaonline.com.br\/site\/author\/juliana\/","name":"Juliana Laviola","image":{"@type":"ImageObject","@id":"https:\/\/anoticiaonline.com.br\/site\/orlando-barbosa-flores\/#authorImage","url":"https:\/\/secure.gravatar.com\/avatar\/b8d45f5c699b100dfaf0e543582f38f38bf94cb7ae3a5e9abf8d891a34773335?s=96&d=mm&r=g","width":96,"height":96,"caption":"Juliana Laviola"}},{"@type":"WebPage","@id":"https:\/\/anoticiaonline.com.br\/site\/orlando-barbosa-flores\/#webpage","url":"https:\/\/anoticiaonline.com.br\/site\/orlando-barbosa-flores\/","name":"ORLANDO BARBOSA FLORES - A Not\u00edcia Online","description":"Nascido em 23 de agosto de 1892 Falecido em 04 de agosto de 1957 Filho do Coronel Francisco Fernando Flores, fazendeiro no distrito de Bom Jesus da Cachoeira, e de Minervina Barbosa Flores, Orlando Barbosa Flores nasceu em Palma, em 23 de agosto de 1892. Formou-se em Engenharia pela Escola de Minas de Ouro Preto","inLanguage":"pt-BR","isPartOf":{"@id":"https:\/\/anoticiaonline.com.br\/site\/#website"},"breadcrumb":{"@id":"https:\/\/anoticiaonline.com.br\/site\/orlando-barbosa-flores\/#breadcrumblist"},"author":{"@id":"https:\/\/anoticiaonline.com.br\/site\/author\/juliana\/#author"},"creator":{"@id":"https:\/\/anoticiaonline.com.br\/site\/author\/juliana\/#author"},"datePublished":"2015-10-22T10:25:41-03:00","dateModified":"2015-10-22T10:26:16-03:00"},{"@type":"WebSite","@id":"https:\/\/anoticiaonline.com.br\/site\/#website","url":"https:\/\/anoticiaonline.com.br\/site\/","name":"A Not\u00edcia Online","description":"Noticias de Muria\u00e9 e regi\u00e3o","inLanguage":"pt-BR","publisher":{"@id":"https:\/\/anoticiaonline.com.br\/site\/#organization"}}]},"og:locale":"pt_BR","og:site_name":"A Not\u00edcia Online - Noticias de Muria\u00e9 e regi\u00e3o","og:type":"article","og:title":"ORLANDO BARBOSA FLORES - A Not\u00edcia Online","og:description":"Nascido em 23 de agosto de 1892 Falecido em 04 de agosto de 1957 Filho do Coronel Francisco Fernando Flores, fazendeiro no distrito de Bom Jesus da Cachoeira, e de Minervina Barbosa Flores, Orlando Barbosa Flores nasceu em Palma, em 23 de agosto de 1892. Formou-se em Engenharia pela Escola de Minas de Ouro Preto","og:url":"https:\/\/anoticiaonline.com.br\/site\/orlando-barbosa-flores\/","og:image":"https:\/\/scontent-gig4-1.xx.fbcdn.net\/v\/t39.30808-1\/270437624_4564083193639691_6907940295614233970_n.jpg?stp=dst-jpg_s200x200_tt6&#038;_nc_cat=111&#038;ccb=1-7&#038;_nc_sid=f907e8&#038;_nc_ohc=SM1wRlP3lJwQ7kNvwEPuBYA&#038;_nc_oc=AdnqrjDN_BNjSSHWO-GbkIWH6fkGMLw4bqvL_NH6e2wMveX7G-rP2dAqsDSq1mJMOaY&#038;_nc_zt=24&#038;_nc_ht=scontent-gig4-1.xx&#038;_nc_gid=AoBFJeGrT1hVaew_6rchkQ&#038;oh=00_AfX7QmFGhQhG2jAllVgXCiM1ZrWgvtp80-Bfppyexh1QEg&#038;oe=689E923C","og:image:secure_url":"https:\/\/scontent-gig4-1.xx.fbcdn.net\/v\/t39.30808-1\/270437624_4564083193639691_6907940295614233970_n.jpg?stp=dst-jpg_s200x200_tt6&#038;_nc_cat=111&#038;ccb=1-7&#038;_nc_sid=f907e8&#038;_nc_ohc=SM1wRlP3lJwQ7kNvwEPuBYA&#038;_nc_oc=AdnqrjDN_BNjSSHWO-GbkIWH6fkGMLw4bqvL_NH6e2wMveX7G-rP2dAqsDSq1mJMOaY&#038;_nc_zt=24&#038;_nc_ht=scontent-gig4-1.xx&#038;_nc_gid=AoBFJeGrT1hVaew_6rchkQ&#038;oh=00_AfX7QmFGhQhG2jAllVgXCiM1ZrWgvtp80-Bfppyexh1QEg&#038;oe=689E923C","article:published_time":"2015-10-22T13:25:41+00:00","article:modified_time":"2015-10-22T13:26:16+00:00","twitter:card":"summary_large_image","twitter:title":"ORLANDO BARBOSA FLORES - A Not\u00edcia Online","twitter:description":"Nascido em 23 de agosto de 1892 Falecido em 04 de agosto de 1957 Filho do Coronel Francisco Fernando Flores, fazendeiro no distrito de Bom Jesus da Cachoeira, e de Minervina Barbosa Flores, Orlando Barbosa Flores nasceu em Palma, em 23 de agosto de 1892. Formou-se em Engenharia pela Escola de Minas de Ouro Preto","twitter:image":"https:\/\/scontent-gig4-1.xx.fbcdn.net\/v\/t39.30808-1\/270437624_4564083193639691_6907940295614233970_n.jpg?stp=dst-jpg_s200x200_tt6&_nc_cat=111&ccb=1-7&_nc_sid=f907e8&_nc_ohc=SM1wRlP3lJwQ7kNvwEPuBYA&_nc_oc=AdnqrjDN_BNjSSHWO-GbkIWH6fkGMLw4bqvL_NH6e2wMveX7G-rP2dAqsDSq1mJMOaY&_nc_zt=24&_nc_ht=scontent-gig4-1.xx&_nc_gid=AoBFJeGrT1hVaew_6rchkQ&oh=00_AfX7QmFGhQhG2jAllVgXCiM1ZrWgvtp80-Bfppyexh1QEg&oe=689E923C"},"aioseo_meta_data":{"post_id":"5049","title":null,"description":null,"keywords":null,"keyphrases":null,"primary_term":null,"canonical_url":null,"og_title":null,"og_description":null,"og_object_type":"default","og_image_type":"default","og_image_url":null,"og_image_width":null,"og_image_height":null,"og_image_custom_url":null,"og_image_custom_fields":null,"og_video":null,"og_custom_url":null,"og_article_section":null,"og_article_tags":null,"twitter_use_og":false,"twitter_card":"default","twitter_image_type":"default","twitter_image_url":null,"twitter_image_custom_url":null,"twitter_image_custom_fields":null,"twitter_title":null,"twitter_description":null,"schema":{"blockGraphs":[],"customGraphs":[],"default":{"data":{"Article":[],"Course":[],"Dataset":[],"FAQPage":[],"Movie":[],"Person":[],"Product":[],"ProductReview":[],"Car":[],"Recipe":[],"Service":[],"SoftwareApplication":[],"WebPage":[]},"graphName":"","isEnabled":true},"graphs":[]},"schema_type":"default","schema_type_options":null,"pillar_content":false,"robots_default":true,"robots_noindex":false,"robots_noarchive":false,"robots_nosnippet":false,"robots_nofollow":false,"robots_noimageindex":false,"robots_noodp":false,"robots_notranslate":false,"robots_max_snippet":null,"robots_max_videopreview":null,"robots_max_imagepreview":"large","priority":null,"frequency":null,"local_seo":null,"breadcrumb_settings":null,"limit_modified_date":false,"ai":null,"created":"2025-08-16 13:38:49","updated":"2025-08-16 13:38:49","focus_keyword":null,"additional_keywords":null,"truseo_locale":null,"seo_analyzer_scan_date":null},"aioseo_breadcrumb":"<div class=\"aioseo-breadcrumbs\"><span class=\"aioseo-breadcrumb\">\n\t\t\t<a href=\"https:\/\/anoticiaonline.com.br\/site\" title=\"Home\">Home<\/a>\n\t\t<\/span><span class=\"aioseo-breadcrumb-separator\">&raquo;<\/span><span class=\"aioseo-breadcrumb\">\n\t\t\t<a href=\"https:\/\/anoticiaonline.com.br\/site\/categoria\/colunistas\/\" title=\"Colunistas\">Colunistas<\/a>\n\t\t<\/span><span class=\"aioseo-breadcrumb-separator\">&raquo;<\/span><span class=\"aioseo-breadcrumb\">\n\t\t\t<a href=\"https:\/\/anoticiaonline.com.br\/site\/categoria\/colunistas\/nomes-da-nossa-terra-joao-carlos-vargas-e-flavia-alves-junqueira-memorial-municipal-de-muriae\/\" title=\"Nomes da Nossa Terra - Jo\u00e3o Carlos Vargas e Fl\u00e1via Alves Junqueira - Memorial Municipal de Muria\u00e9\">Nomes da Nossa Terra - Jo\u00e3o Carlos Vargas e Fl\u00e1via Alves Junqueira - Memorial Municipal de Muria\u00e9<\/a>\n\t\t<\/span><span class=\"aioseo-breadcrumb-separator\">&raquo;<\/span><span class=\"aioseo-breadcrumb\">\n\t\t\tORLANDO BARBOSA FLORES\n\t\t<\/span><\/div>","aioseo_breadcrumb_json":[{"label":"Home","link":"https:\/\/anoticiaonline.com.br\/site"},{"label":"Colunistas","link":"https:\/\/anoticiaonline.com.br\/site\/categoria\/colunistas\/"},{"label":"Nomes da Nossa Terra - Jo\u00e3o Carlos Vargas e Fl\u00e1via Alves Junqueira - Memorial Municipal de Muria\u00e9","link":"https:\/\/anoticiaonline.com.br\/site\/categoria\/colunistas\/nomes-da-nossa-terra-joao-carlos-vargas-e-flavia-alves-junqueira-memorial-municipal-de-muriae\/"},{"label":"ORLANDO BARBOSA FLORES","link":"https:\/\/anoticiaonline.com.br\/site\/orlando-barbosa-flores\/"}],"views":236,"_links":{"self":[{"href":"https:\/\/anoticiaonline.com.br\/site\/wp-json\/wp\/v2\/posts\/5049","targetHints":{"allow":["GET"]}}],"collection":[{"href":"https:\/\/anoticiaonline.com.br\/site\/wp-json\/wp\/v2\/posts"}],"about":[{"href":"https:\/\/anoticiaonline.com.br\/site\/wp-json\/wp\/v2\/types\/post"}],"author":[{"embeddable":true,"href":"https:\/\/anoticiaonline.com.br\/site\/wp-json\/wp\/v2\/users\/2"}],"replies":[{"embeddable":true,"href":"https:\/\/anoticiaonline.com.br\/site\/wp-json\/wp\/v2\/comments?post=5049"}],"version-history":[{"count":0,"href":"https:\/\/anoticiaonline.com.br\/site\/wp-json\/wp\/v2\/posts\/5049\/revisions"}],"wp:attachment":[{"href":"https:\/\/anoticiaonline.com.br\/site\/wp-json\/wp\/v2\/media?parent=5049"}],"wp:term":[{"taxonomy":"category","embeddable":true,"href":"https:\/\/anoticiaonline.com.br\/site\/wp-json\/wp\/v2\/categories?post=5049"},{"taxonomy":"post_tag","embeddable":true,"href":"https:\/\/anoticiaonline.com.br\/site\/wp-json\/wp\/v2\/tags?post=5049"}],"curies":[{"name":"wp","href":"https:\/\/api.w.org\/{rel}","templated":true}]}}