{"id":5046,"date":"2015-10-22T09:56:40","date_gmt":"2015-10-22T12:56:40","guid":{"rendered":"http:\/\/anoticiaonline.com.br\/site\/?p=5046"},"modified":"2015-10-26T09:56:07","modified_gmt":"2015-10-26T12:56:07","slug":"revista-viver-brasil-traz-materia-sobre-90-anos-de-jose-braz","status":"publish","type":"post","link":"https:\/\/anoticiaonline.com.br\/site\/revista-viver-brasil-traz-materia-sobre-90-anos-de-jose-braz\/","title":{"rendered":"Revista Viver Brasil traz mat\u00e9ria sobre 90 anos de Jos\u00e9 Braz"},"content":{"rendered":"<figure id=\"attachment_5047\" aria-describedby=\"caption-attachment-5047\" style=\"width: 290px\" class=\"wp-caption alignleft\"><a href=\"https:\/\/anoticiaonline.com.br\/site\/wp-content\/uploads\/2015\/10\/Revista-Viver-Brasil-traz-mat\u00e9ria-sobre-90-anos-de-Jos\u00e9-Braz.jpg\"><img fetchpriority=\"high\" decoding=\"async\" class=\"wp-image-5047 size-medium\" src=\"https:\/\/anoticiaonline.com.br\/site\/wp-content\/uploads\/2015\/10\/Revista-Viver-Brasil-traz-mat\u00e9ria-sobre-90-anos-de-Jos\u00e9-Braz-300x203.jpg\" alt=\"Revista Viver Brasil traz mat\u00e9ria sobre 90 anos de Jos\u00e9 Braz\" width=\"300\" height=\"203\" srcset=\"https:\/\/anoticiaonline.com.br\/site\/wp-content\/uploads\/2015\/10\/Revista-Viver-Brasil-traz-mat\u00e9ria-sobre-90-anos-de-Jos\u00e9-Braz-300x203.jpg 300w, https:\/\/anoticiaonline.com.br\/site\/wp-content\/uploads\/2015\/10\/Revista-Viver-Brasil-traz-mat\u00e9ria-sobre-90-anos-de-Jos\u00e9-Braz.jpg 640w\" sizes=\"(max-width: 300px) 100vw, 300px\" \/><\/a><figcaption id=\"caption-attachment-5047\" class=\"wp-caption-text\">Arte: Revista Viver Brasil<\/figcaption><\/figure>\n<p>A edi\u00e7\u00e3o n\u00ba 162 da Revista Viver Brasil, de 16 de outubro de 2015, trouxe nas p\u00e1ginas 70, 71 e 72, uma mat\u00e9ria completa sobre a vida pessoal e p\u00fablica de Jos\u00e9 Braz, em homenagem aos 90 anos do muriaeense, a se completarem neste s\u00e1bado (24).<\/p>\n<p>A reportagem, assinada por Fernando Torres, detalha o surgimento e a consolida\u00e7\u00e3o do Grupo L\u00edder; a consagra\u00e7\u00e3o de Jos\u00e9 Braz como o prefeito realizador de 1.145 obras em seus dois mandatos como gestor municipal de Muria\u00e9; a vitalidade, o amor incondicional do empres\u00e1rio por sua esposa, Dona L\u00e9dia, para quem construiu um Cristo Redentor de 32 metros de altura; e a uni\u00e3o da Fam\u00edlia Braz, alicerce para todas as conquistas do aniversariante.<\/p>\n<p>Confira a mat\u00e9ria na \u00edntegra em http:\/\/revistaviverbrasil.com.br\/plus\/modulos\/listas\/?tac=noticias-ler&amp;id=1022#.ViQx3m4YFdk.<\/p>\n<p>&nbsp;<\/p>\n","protected":false},"excerpt":{"rendered":"<p>A edi\u00e7\u00e3o n\u00ba 162 da Revista Viver Brasil, de 16 de outubro de 2015, trouxe nas p\u00e1ginas 70, 71 e 72, uma mat\u00e9ria completa sobre a vida pessoal e p\u00fablica de Jos\u00e9 Braz, em homenagem aos 90 anos do muriaeense, a se completarem neste s\u00e1bado (24). A reportagem, assinada por Fernando Torres, detalha o surgimento &#8230; <a title=\"Revista Viver Brasil traz mat\u00e9ria sobre 90 anos de Jos\u00e9 Braz\" class=\"read-more\" href=\"https:\/\/anoticiaonline.com.br\/site\/revista-viver-brasil-traz-materia-sobre-90-anos-de-jose-braz\/\" aria-label=\"Read more about Revista Viver Brasil traz mat\u00e9ria sobre 90 anos de Jos\u00e9 Braz\">Ler mais<\/a><\/p>\n","protected":false},"author":2,"featured_media":5047,"comment_status":"open","ping_status":"open","sticky":false,"template":"","format":"standard","meta":{"_acf_changed":false,"_monsterinsights_skip_tracking":false,"footnotes":""},"categories":[30],"tags":[3],"class_list":["post-5046","post","type-post","status-publish","format-standard","has-post-thumbnail","hentry","category-muriae","tag-slide"],"acf":[],"aioseo_notices":[],"aioseo_head":"\n\t\t<!-- All in One SEO 5.0.0.1 - aioseo.com -->\n\t<meta name=\"description\" content=\"A edi\u00e7\u00e3o n\u00ba 162 da Revista Viver Brasil, de 16 de outubro de 2015, trouxe nas p\u00e1ginas 70, 71 e 72, uma mat\u00e9ria completa sobre a vida pessoal e p\u00fablica de Jos\u00e9 Braz, em homenagem aos 90 anos do muriaeense, a se completarem neste s\u00e1bado (24). A reportagem, assinada por Fernando Torres, detalha o surgimento\" \/>\n\t<meta name=\"robots\" content=\"max-image-preview:large\" \/>\n\t<meta name=\"author\" content=\"Juliana Laviola\"\/>\n\t<link rel=\"canonical\" href=\"https:\/\/anoticiaonline.com.br\/site\/revista-viver-brasil-traz-materia-sobre-90-anos-de-jose-braz\/\" \/>\n\t<meta name=\"generator\" content=\"All in One SEO (AIOSEO) 5.0.0.1\" \/>\n\t\t<meta property=\"og:locale\" content=\"pt_BR\" \/>\n\t\t<meta property=\"og:site_name\" content=\"A Not\u00edcia Online - Noticias de Muria\u00e9 e regi\u00e3o\" \/>\n\t\t<meta property=\"og:type\" content=\"article\" \/>\n\t\t<meta property=\"og:title\" content=\"Revista Viver Brasil traz mat\u00e9ria sobre 90 anos de Jos\u00e9 Braz - A Not\u00edcia Online\" \/>\n\t\t<meta property=\"og:description\" content=\"A edi\u00e7\u00e3o n\u00ba 162 da Revista Viver Brasil, de 16 de outubro de 2015, trouxe nas p\u00e1ginas 70, 71 e 72, uma mat\u00e9ria completa sobre a vida pessoal e p\u00fablica de Jos\u00e9 Braz, em homenagem aos 90 anos do muriaeense, a se completarem neste s\u00e1bado (24). A reportagem, assinada por Fernando Torres, detalha o surgimento\" \/>\n\t\t<meta property=\"og:url\" content=\"https:\/\/anoticiaonline.com.br\/site\/revista-viver-brasil-traz-materia-sobre-90-anos-de-jose-braz\/\" \/>\n\t\t<meta property=\"og:image\" content=\"https:\/\/scontent-gig4-1.xx.fbcdn.net\/v\/t39.30808-1\/270437624_4564083193639691_6907940295614233970_n.jpg?stp=dst-jpg_s200x200_tt6&#038;_nc_cat=111&#038;ccb=1-7&#038;_nc_sid=f907e8&#038;_nc_ohc=SM1wRlP3lJwQ7kNvwEPuBYA&#038;_nc_oc=AdnqrjDN_BNjSSHWO-GbkIWH6fkGMLw4bqvL_NH6e2wMveX7G-rP2dAqsDSq1mJMOaY&#038;_nc_zt=24&#038;_nc_ht=scontent-gig4-1.xx&#038;_nc_gid=AoBFJeGrT1hVaew_6rchkQ&#038;oh=00_AfX7QmFGhQhG2jAllVgXCiM1ZrWgvtp80-Bfppyexh1QEg&#038;oe=689E923C\" \/>\n\t\t<meta property=\"og:image:secure_url\" content=\"https:\/\/scontent-gig4-1.xx.fbcdn.net\/v\/t39.30808-1\/270437624_4564083193639691_6907940295614233970_n.jpg?stp=dst-jpg_s200x200_tt6&#038;_nc_cat=111&#038;ccb=1-7&#038;_nc_sid=f907e8&#038;_nc_ohc=SM1wRlP3lJwQ7kNvwEPuBYA&#038;_nc_oc=AdnqrjDN_BNjSSHWO-GbkIWH6fkGMLw4bqvL_NH6e2wMveX7G-rP2dAqsDSq1mJMOaY&#038;_nc_zt=24&#038;_nc_ht=scontent-gig4-1.xx&#038;_nc_gid=AoBFJeGrT1hVaew_6rchkQ&#038;oh=00_AfX7QmFGhQhG2jAllVgXCiM1ZrWgvtp80-Bfppyexh1QEg&#038;oe=689E923C\" \/>\n\t\t<meta property=\"article:published_time\" content=\"2015-10-22T12:56:40+00:00\" \/>\n\t\t<meta property=\"article:modified_time\" content=\"2015-10-26T12:56:07+00:00\" \/>\n\t\t<meta name=\"twitter:card\" content=\"summary_large_image\" \/>\n\t\t<meta name=\"twitter:title\" content=\"Revista Viver Brasil traz mat\u00e9ria sobre 90 anos de Jos\u00e9 Braz - A Not\u00edcia Online\" \/>\n\t\t<meta name=\"twitter:description\" content=\"A edi\u00e7\u00e3o n\u00ba 162 da Revista Viver Brasil, de 16 de outubro de 2015, trouxe nas p\u00e1ginas 70, 71 e 72, uma mat\u00e9ria completa sobre a vida pessoal e p\u00fablica de Jos\u00e9 Braz, em homenagem aos 90 anos do muriaeense, a se completarem neste s\u00e1bado (24). A reportagem, assinada por Fernando Torres, detalha o surgimento\" \/>\n\t\t<meta name=\"twitter:image\" content=\"https:\/\/scontent-gig4-1.xx.fbcdn.net\/v\/t39.30808-1\/270437624_4564083193639691_6907940295614233970_n.jpg?stp=dst-jpg_s200x200_tt6&amp;_nc_cat=111&amp;ccb=1-7&amp;_nc_sid=f907e8&amp;_nc_ohc=SM1wRlP3lJwQ7kNvwEPuBYA&amp;_nc_oc=AdnqrjDN_BNjSSHWO-GbkIWH6fkGMLw4bqvL_NH6e2wMveX7G-rP2dAqsDSq1mJMOaY&amp;_nc_zt=24&amp;_nc_ht=scontent-gig4-1.xx&amp;_nc_gid=AoBFJeGrT1hVaew_6rchkQ&amp;oh=00_AfX7QmFGhQhG2jAllVgXCiM1ZrWgvtp80-Bfppyexh1QEg&amp;oe=689E923C\" \/>\n\t\t<script type=\"application\/ld+json\" class=\"aioseo-schema\">\n\t\t\t{\"@context\":\"https:\\\/\\\/schema.org\",\"@graph\":[{\"@type\":\"BlogPosting\",\"@id\":\"https:\\\/\\\/anoticiaonline.com.br\\\/site\\\/revista-viver-brasil-traz-materia-sobre-90-anos-de-jose-braz\\\/#blogposting\",\"name\":\"Revista Viver Brasil traz mat\\u00e9ria sobre 90 anos de Jos\\u00e9 Braz - A Not\\u00edcia Online\",\"headline\":\"Revista Viver Brasil traz mat\\u00e9ria sobre 90 anos de Jos\\u00e9 Braz\",\"author\":{\"@id\":\"https:\\\/\\\/anoticiaonline.com.br\\\/site\\\/author\\\/juliana\\\/#author\"},\"publisher\":{\"@id\":\"https:\\\/\\\/anoticiaonline.com.br\\\/site\\\/#organization\"},\"image\":{\"@type\":\"ImageObject\",\"url\":\"https:\\\/\\\/anoticiaonline.com.br\\\/site\\\/wp-content\\\/uploads\\\/2015\\\/10\\\/Revista-Viver-Brasil-traz-mat\\u00e9ria-sobre-90-anos-de-Jos\\u00e9-Braz.jpg\",\"width\":640,\"height\":433},\"datePublished\":\"2015-10-22T09:56:40-03:00\",\"dateModified\":\"2015-10-26T09:56:07-03:00\",\"inLanguage\":\"pt-BR\",\"mainEntityOfPage\":{\"@id\":\"https:\\\/\\\/anoticiaonline.com.br\\\/site\\\/revista-viver-brasil-traz-materia-sobre-90-anos-de-jose-braz\\\/#webpage\"},\"isPartOf\":{\"@id\":\"https:\\\/\\\/anoticiaonline.com.br\\\/site\\\/revista-viver-brasil-traz-materia-sobre-90-anos-de-jose-braz\\\/#webpage\"},\"articleSection\":\"Blog, slide\"},{\"@type\":\"BreadcrumbList\",\"@id\":\"https:\\\/\\\/anoticiaonline.com.br\\\/site\\\/revista-viver-brasil-traz-materia-sobre-90-anos-de-jose-braz\\\/#breadcrumblist\",\"itemListElement\":[{\"@type\":\"ListItem\",\"@id\":\"https:\\\/\\\/anoticiaonline.com.br\\\/site#listItem\",\"position\":1,\"name\":\"Home\",\"item\":\"https:\\\/\\\/anoticiaonline.com.br\\\/site\",\"nextItem\":{\"@type\":\"ListItem\",\"@id\":\"https:\\\/\\\/anoticiaonline.com.br\\\/site\\\/categoria\\\/muriae\\\/#listItem\",\"name\":\"Blog\"}},{\"@type\":\"ListItem\",\"@id\":\"https:\\\/\\\/anoticiaonline.com.br\\\/site\\\/categoria\\\/muriae\\\/#listItem\",\"position\":2,\"name\":\"Blog\",\"item\":\"https:\\\/\\\/anoticiaonline.com.br\\\/site\\\/categoria\\\/muriae\\\/\",\"nextItem\":{\"@type\":\"ListItem\",\"@id\":\"https:\\\/\\\/anoticiaonline.com.br\\\/site\\\/revista-viver-brasil-traz-materia-sobre-90-anos-de-jose-braz\\\/#listItem\",\"name\":\"Revista Viver Brasil traz mat\\u00e9ria sobre 90 anos de Jos\\u00e9 Braz\"},\"previousItem\":{\"@type\":\"ListItem\",\"@id\":\"https:\\\/\\\/anoticiaonline.com.br\\\/site#listItem\",\"name\":\"Home\"}},{\"@type\":\"ListItem\",\"@id\":\"https:\\\/\\\/anoticiaonline.com.br\\\/site\\\/revista-viver-brasil-traz-materia-sobre-90-anos-de-jose-braz\\\/#listItem\",\"position\":3,\"name\":\"Revista Viver Brasil traz mat\\u00e9ria sobre 90 anos de Jos\\u00e9 Braz\",\"previousItem\":{\"@type\":\"ListItem\",\"@id\":\"https:\\\/\\\/anoticiaonline.com.br\\\/site\\\/categoria\\\/muriae\\\/#listItem\",\"name\":\"Blog\"}}]},{\"@type\":\"Organization\",\"@id\":\"https:\\\/\\\/anoticiaonline.com.br\\\/site\\\/#organization\",\"name\":\"A Not\\u00edcia Online\",\"description\":\"Noticias de Muria\\u00e9 e regi\\u00e3o\",\"url\":\"https:\\\/\\\/anoticiaonline.com.br\\\/site\\\/\",\"logo\":{\"@type\":\"ImageObject\",\"url\":\"https:\\\/\\\/scontent-gig4-1.xx.fbcdn.net\\\/v\\\/t39.30808-1\\\/270437624_4564083193639691_6907940295614233970_n.jpg?stp=dst-jpg_s200x200_tt6&_nc_cat=111&ccb=1-7&_nc_sid=f907e8&_nc_ohc=SM1wRlP3lJwQ7kNvwEPuBYA&_nc_oc=AdnqrjDN_BNjSSHWO-GbkIWH6fkGMLw4bqvL_NH6e2wMveX7G-rP2dAqsDSq1mJMOaY&_nc_zt=24&_nc_ht=scontent-gig4-1.xx&_nc_gid=AoBFJeGrT1hVaew_6rchkQ&oh=00_AfX7QmFGhQhG2jAllVgXCiM1ZrWgvtp80-Bfppyexh1QEg&oe=689E923C\",\"@id\":\"https:\\\/\\\/anoticiaonline.com.br\\\/site\\\/revista-viver-brasil-traz-materia-sobre-90-anos-de-jose-braz\\\/#organizationLogo\"},\"image\":{\"@id\":\"https:\\\/\\\/anoticiaonline.com.br\\\/site\\\/revista-viver-brasil-traz-materia-sobre-90-anos-de-jose-braz\\\/#organizationLogo\"}},{\"@type\":\"Person\",\"@id\":\"https:\\\/\\\/anoticiaonline.com.br\\\/site\\\/author\\\/juliana\\\/#author\",\"url\":\"https:\\\/\\\/anoticiaonline.com.br\\\/site\\\/author\\\/juliana\\\/\",\"name\":\"Juliana Laviola\",\"image\":{\"@type\":\"ImageObject\",\"@id\":\"https:\\\/\\\/anoticiaonline.com.br\\\/site\\\/revista-viver-brasil-traz-materia-sobre-90-anos-de-jose-braz\\\/#authorImage\",\"url\":\"https:\\\/\\\/secure.gravatar.com\\\/avatar\\\/b8d45f5c699b100dfaf0e543582f38f38bf94cb7ae3a5e9abf8d891a34773335?s=96&d=mm&r=g\",\"width\":96,\"height\":96,\"caption\":\"Juliana Laviola\"}},{\"@type\":\"WebPage\",\"@id\":\"https:\\\/\\\/anoticiaonline.com.br\\\/site\\\/revista-viver-brasil-traz-materia-sobre-90-anos-de-jose-braz\\\/#webpage\",\"url\":\"https:\\\/\\\/anoticiaonline.com.br\\\/site\\\/revista-viver-brasil-traz-materia-sobre-90-anos-de-jose-braz\\\/\",\"name\":\"Revista Viver Brasil traz mat\\u00e9ria sobre 90 anos de Jos\\u00e9 Braz - A Not\\u00edcia Online\",\"description\":\"A edi\\u00e7\\u00e3o n\\u00ba 162 da Revista Viver Brasil, de 16 de outubro de 2015, trouxe nas p\\u00e1ginas 70, 71 e 72, uma mat\\u00e9ria completa sobre a vida pessoal e p\\u00fablica de Jos\\u00e9 Braz, em homenagem aos 90 anos do muriaeense, a se completarem neste s\\u00e1bado (24). A reportagem, assinada por Fernando Torres, detalha o surgimento\",\"inLanguage\":\"pt-BR\",\"isPartOf\":{\"@id\":\"https:\\\/\\\/anoticiaonline.com.br\\\/site\\\/#website\"},\"breadcrumb\":{\"@id\":\"https:\\\/\\\/anoticiaonline.com.br\\\/site\\\/revista-viver-brasil-traz-materia-sobre-90-anos-de-jose-braz\\\/#breadcrumblist\"},\"author\":{\"@id\":\"https:\\\/\\\/anoticiaonline.com.br\\\/site\\\/author\\\/juliana\\\/#author\"},\"creator\":{\"@id\":\"https:\\\/\\\/anoticiaonline.com.br\\\/site\\\/author\\\/juliana\\\/#author\"},\"image\":{\"@type\":\"ImageObject\",\"url\":\"https:\\\/\\\/anoticiaonline.com.br\\\/site\\\/wp-content\\\/uploads\\\/2015\\\/10\\\/Revista-Viver-Brasil-traz-mat\\u00e9ria-sobre-90-anos-de-Jos\\u00e9-Braz.jpg\",\"@id\":\"https:\\\/\\\/anoticiaonline.com.br\\\/site\\\/revista-viver-brasil-traz-materia-sobre-90-anos-de-jose-braz\\\/#mainImage\",\"width\":640,\"height\":433},\"primaryImageOfPage\":{\"@id\":\"https:\\\/\\\/anoticiaonline.com.br\\\/site\\\/revista-viver-brasil-traz-materia-sobre-90-anos-de-jose-braz\\\/#mainImage\"},\"datePublished\":\"2015-10-22T09:56:40-03:00\",\"dateModified\":\"2015-10-26T09:56:07-03:00\"},{\"@type\":\"WebSite\",\"@id\":\"https:\\\/\\\/anoticiaonline.com.br\\\/site\\\/#website\",\"url\":\"https:\\\/\\\/anoticiaonline.com.br\\\/site\\\/\",\"name\":\"A Not\\u00edcia Online\",\"description\":\"Noticias de Muria\\u00e9 e regi\\u00e3o\",\"inLanguage\":\"pt-BR\",\"publisher\":{\"@id\":\"https:\\\/\\\/anoticiaonline.com.br\\\/site\\\/#organization\"}}]}\n\t\t<\/script>\n\t\t<!-- All in One SEO -->\n\n","aioseo_head_json":{"title":"Revista Viver Brasil traz mat\u00e9ria sobre 90 anos de Jos\u00e9 Braz - A Not\u00edcia Online","description":"A edi\u00e7\u00e3o n\u00ba 162 da Revista Viver Brasil, de 16 de outubro de 2015, trouxe nas p\u00e1ginas 70, 71 e 72, uma mat\u00e9ria completa sobre a vida pessoal e p\u00fablica de Jos\u00e9 Braz, em homenagem aos 90 anos do muriaeense, a se completarem neste s\u00e1bado (24). A reportagem, assinada por Fernando Torres, detalha o surgimento","canonical_url":"https:\/\/anoticiaonline.com.br\/site\/revista-viver-brasil-traz-materia-sobre-90-anos-de-jose-braz\/","robots":"max-image-preview:large","keywords":"","webmasterTools":{"miscellaneous":""},"schema":{"@context":"https:\/\/schema.org","@graph":[{"@type":"BlogPosting","@id":"https:\/\/anoticiaonline.com.br\/site\/revista-viver-brasil-traz-materia-sobre-90-anos-de-jose-braz\/#blogposting","name":"Revista Viver Brasil traz mat\u00e9ria sobre 90 anos de Jos\u00e9 Braz - A Not\u00edcia Online","headline":"Revista Viver Brasil traz mat\u00e9ria sobre 90 anos de Jos\u00e9 Braz","author":{"@id":"https:\/\/anoticiaonline.com.br\/site\/author\/juliana\/#author"},"publisher":{"@id":"https:\/\/anoticiaonline.com.br\/site\/#organization"},"image":{"@type":"ImageObject","url":"https:\/\/anoticiaonline.com.br\/site\/wp-content\/uploads\/2015\/10\/Revista-Viver-Brasil-traz-mat\u00e9ria-sobre-90-anos-de-Jos\u00e9-Braz.jpg","width":640,"height":433},"datePublished":"2015-10-22T09:56:40-03:00","dateModified":"2015-10-26T09:56:07-03:00","inLanguage":"pt-BR","mainEntityOfPage":{"@id":"https:\/\/anoticiaonline.com.br\/site\/revista-viver-brasil-traz-materia-sobre-90-anos-de-jose-braz\/#webpage"},"isPartOf":{"@id":"https:\/\/anoticiaonline.com.br\/site\/revista-viver-brasil-traz-materia-sobre-90-anos-de-jose-braz\/#webpage"},"articleSection":"Blog, slide"},{"@type":"BreadcrumbList","@id":"https:\/\/anoticiaonline.com.br\/site\/revista-viver-brasil-traz-materia-sobre-90-anos-de-jose-braz\/#breadcrumblist","itemListElement":[{"@type":"ListItem","@id":"https:\/\/anoticiaonline.com.br\/site#listItem","position":1,"name":"Home","item":"https:\/\/anoticiaonline.com.br\/site","nextItem":{"@type":"ListItem","@id":"https:\/\/anoticiaonline.com.br\/site\/categoria\/muriae\/#listItem","name":"Blog"}},{"@type":"ListItem","@id":"https:\/\/anoticiaonline.com.br\/site\/categoria\/muriae\/#listItem","position":2,"name":"Blog","item":"https:\/\/anoticiaonline.com.br\/site\/categoria\/muriae\/","nextItem":{"@type":"ListItem","@id":"https:\/\/anoticiaonline.com.br\/site\/revista-viver-brasil-traz-materia-sobre-90-anos-de-jose-braz\/#listItem","name":"Revista Viver Brasil traz mat\u00e9ria sobre 90 anos de Jos\u00e9 Braz"},"previousItem":{"@type":"ListItem","@id":"https:\/\/anoticiaonline.com.br\/site#listItem","name":"Home"}},{"@type":"ListItem","@id":"https:\/\/anoticiaonline.com.br\/site\/revista-viver-brasil-traz-materia-sobre-90-anos-de-jose-braz\/#listItem","position":3,"name":"Revista Viver Brasil traz mat\u00e9ria sobre 90 anos de Jos\u00e9 Braz","previousItem":{"@type":"ListItem","@id":"https:\/\/anoticiaonline.com.br\/site\/categoria\/muriae\/#listItem","name":"Blog"}}]},{"@type":"Organization","@id":"https:\/\/anoticiaonline.com.br\/site\/#organization","name":"A Not\u00edcia Online","description":"Noticias de Muria\u00e9 e regi\u00e3o","url":"https:\/\/anoticiaonline.com.br\/site\/","logo":{"@type":"ImageObject","url":"https:\/\/scontent-gig4-1.xx.fbcdn.net\/v\/t39.30808-1\/270437624_4564083193639691_6907940295614233970_n.jpg?stp=dst-jpg_s200x200_tt6&_nc_cat=111&ccb=1-7&_nc_sid=f907e8&_nc_ohc=SM1wRlP3lJwQ7kNvwEPuBYA&_nc_oc=AdnqrjDN_BNjSSHWO-GbkIWH6fkGMLw4bqvL_NH6e2wMveX7G-rP2dAqsDSq1mJMOaY&_nc_zt=24&_nc_ht=scontent-gig4-1.xx&_nc_gid=AoBFJeGrT1hVaew_6rchkQ&oh=00_AfX7QmFGhQhG2jAllVgXCiM1ZrWgvtp80-Bfppyexh1QEg&oe=689E923C","@id":"https:\/\/anoticiaonline.com.br\/site\/revista-viver-brasil-traz-materia-sobre-90-anos-de-jose-braz\/#organizationLogo"},"image":{"@id":"https:\/\/anoticiaonline.com.br\/site\/revista-viver-brasil-traz-materia-sobre-90-anos-de-jose-braz\/#organizationLogo"}},{"@type":"Person","@id":"https:\/\/anoticiaonline.com.br\/site\/author\/juliana\/#author","url":"https:\/\/anoticiaonline.com.br\/site\/author\/juliana\/","name":"Juliana Laviola","image":{"@type":"ImageObject","@id":"https:\/\/anoticiaonline.com.br\/site\/revista-viver-brasil-traz-materia-sobre-90-anos-de-jose-braz\/#authorImage","url":"https:\/\/secure.gravatar.com\/avatar\/b8d45f5c699b100dfaf0e543582f38f38bf94cb7ae3a5e9abf8d891a34773335?s=96&d=mm&r=g","width":96,"height":96,"caption":"Juliana Laviola"}},{"@type":"WebPage","@id":"https:\/\/anoticiaonline.com.br\/site\/revista-viver-brasil-traz-materia-sobre-90-anos-de-jose-braz\/#webpage","url":"https:\/\/anoticiaonline.com.br\/site\/revista-viver-brasil-traz-materia-sobre-90-anos-de-jose-braz\/","name":"Revista Viver Brasil traz mat\u00e9ria sobre 90 anos de Jos\u00e9 Braz - A Not\u00edcia Online","description":"A edi\u00e7\u00e3o n\u00ba 162 da Revista Viver Brasil, de 16 de outubro de 2015, trouxe nas p\u00e1ginas 70, 71 e 72, uma mat\u00e9ria completa sobre a vida pessoal e p\u00fablica de Jos\u00e9 Braz, em homenagem aos 90 anos do muriaeense, a se completarem neste s\u00e1bado (24). A reportagem, assinada por Fernando Torres, detalha o surgimento","inLanguage":"pt-BR","isPartOf":{"@id":"https:\/\/anoticiaonline.com.br\/site\/#website"},"breadcrumb":{"@id":"https:\/\/anoticiaonline.com.br\/site\/revista-viver-brasil-traz-materia-sobre-90-anos-de-jose-braz\/#breadcrumblist"},"author":{"@id":"https:\/\/anoticiaonline.com.br\/site\/author\/juliana\/#author"},"creator":{"@id":"https:\/\/anoticiaonline.com.br\/site\/author\/juliana\/#author"},"image":{"@type":"ImageObject","url":"https:\/\/anoticiaonline.com.br\/site\/wp-content\/uploads\/2015\/10\/Revista-Viver-Brasil-traz-mat\u00e9ria-sobre-90-anos-de-Jos\u00e9-Braz.jpg","@id":"https:\/\/anoticiaonline.com.br\/site\/revista-viver-brasil-traz-materia-sobre-90-anos-de-jose-braz\/#mainImage","width":640,"height":433},"primaryImageOfPage":{"@id":"https:\/\/anoticiaonline.com.br\/site\/revista-viver-brasil-traz-materia-sobre-90-anos-de-jose-braz\/#mainImage"},"datePublished":"2015-10-22T09:56:40-03:00","dateModified":"2015-10-26T09:56:07-03:00"},{"@type":"WebSite","@id":"https:\/\/anoticiaonline.com.br\/site\/#website","url":"https:\/\/anoticiaonline.com.br\/site\/","name":"A Not\u00edcia Online","description":"Noticias de Muria\u00e9 e regi\u00e3o","inLanguage":"pt-BR","publisher":{"@id":"https:\/\/anoticiaonline.com.br\/site\/#organization"}}]},"og:locale":"pt_BR","og:site_name":"A Not\u00edcia Online - Noticias de Muria\u00e9 e regi\u00e3o","og:type":"article","og:title":"Revista Viver Brasil traz mat\u00e9ria sobre 90 anos de Jos\u00e9 Braz - A Not\u00edcia Online","og:description":"A edi\u00e7\u00e3o n\u00ba 162 da Revista Viver Brasil, de 16 de outubro de 2015, trouxe nas p\u00e1ginas 70, 71 e 72, uma mat\u00e9ria completa sobre a vida pessoal e p\u00fablica de Jos\u00e9 Braz, em homenagem aos 90 anos do muriaeense, a se completarem neste s\u00e1bado (24). A reportagem, assinada por Fernando Torres, detalha o surgimento","og:url":"https:\/\/anoticiaonline.com.br\/site\/revista-viver-brasil-traz-materia-sobre-90-anos-de-jose-braz\/","og:image":"https:\/\/scontent-gig4-1.xx.fbcdn.net\/v\/t39.30808-1\/270437624_4564083193639691_6907940295614233970_n.jpg?stp=dst-jpg_s200x200_tt6&#038;_nc_cat=111&#038;ccb=1-7&#038;_nc_sid=f907e8&#038;_nc_ohc=SM1wRlP3lJwQ7kNvwEPuBYA&#038;_nc_oc=AdnqrjDN_BNjSSHWO-GbkIWH6fkGMLw4bqvL_NH6e2wMveX7G-rP2dAqsDSq1mJMOaY&#038;_nc_zt=24&#038;_nc_ht=scontent-gig4-1.xx&#038;_nc_gid=AoBFJeGrT1hVaew_6rchkQ&#038;oh=00_AfX7QmFGhQhG2jAllVgXCiM1ZrWgvtp80-Bfppyexh1QEg&#038;oe=689E923C","og:image:secure_url":"https:\/\/scontent-gig4-1.xx.fbcdn.net\/v\/t39.30808-1\/270437624_4564083193639691_6907940295614233970_n.jpg?stp=dst-jpg_s200x200_tt6&#038;_nc_cat=111&#038;ccb=1-7&#038;_nc_sid=f907e8&#038;_nc_ohc=SM1wRlP3lJwQ7kNvwEPuBYA&#038;_nc_oc=AdnqrjDN_BNjSSHWO-GbkIWH6fkGMLw4bqvL_NH6e2wMveX7G-rP2dAqsDSq1mJMOaY&#038;_nc_zt=24&#038;_nc_ht=scontent-gig4-1.xx&#038;_nc_gid=AoBFJeGrT1hVaew_6rchkQ&#038;oh=00_AfX7QmFGhQhG2jAllVgXCiM1ZrWgvtp80-Bfppyexh1QEg&#038;oe=689E923C","article:published_time":"2015-10-22T12:56:40+00:00","article:modified_time":"2015-10-26T12:56:07+00:00","twitter:card":"summary_large_image","twitter:title":"Revista Viver Brasil traz mat\u00e9ria sobre 90 anos de Jos\u00e9 Braz - A Not\u00edcia Online","twitter:description":"A edi\u00e7\u00e3o n\u00ba 162 da Revista Viver Brasil, de 16 de outubro de 2015, trouxe nas p\u00e1ginas 70, 71 e 72, uma mat\u00e9ria completa sobre a vida pessoal e p\u00fablica de Jos\u00e9 Braz, em homenagem aos 90 anos do muriaeense, a se completarem neste s\u00e1bado (24). A reportagem, assinada por Fernando Torres, detalha o surgimento","twitter:image":"https:\/\/scontent-gig4-1.xx.fbcdn.net\/v\/t39.30808-1\/270437624_4564083193639691_6907940295614233970_n.jpg?stp=dst-jpg_s200x200_tt6&_nc_cat=111&ccb=1-7&_nc_sid=f907e8&_nc_ohc=SM1wRlP3lJwQ7kNvwEPuBYA&_nc_oc=AdnqrjDN_BNjSSHWO-GbkIWH6fkGMLw4bqvL_NH6e2wMveX7G-rP2dAqsDSq1mJMOaY&_nc_zt=24&_nc_ht=scontent-gig4-1.xx&_nc_gid=AoBFJeGrT1hVaew_6rchkQ&oh=00_AfX7QmFGhQhG2jAllVgXCiM1ZrWgvtp80-Bfppyexh1QEg&oe=689E923C"},"aioseo_meta_data":{"post_id":"5046","title":null,"description":null,"keywords":null,"keyphrases":null,"primary_term":null,"canonical_url":null,"og_title":null,"og_description":null,"og_object_type":"default","og_image_type":"default","og_image_url":null,"og_image_width":null,"og_image_height":null,"og_image_custom_url":null,"og_image_custom_fields":null,"og_video":null,"og_custom_url":null,"og_article_section":null,"og_article_tags":null,"twitter_use_og":false,"twitter_card":"default","twitter_image_type":"default","twitter_image_url":null,"twitter_image_custom_url":null,"twitter_image_custom_fields":null,"twitter_title":null,"twitter_description":null,"schema":{"blockGraphs":[],"customGraphs":[],"default":{"data":{"Article":[],"Course":[],"Dataset":[],"FAQPage":[],"Movie":[],"Person":[],"Product":[],"ProductReview":[],"Car":[],"Recipe":[],"Service":[],"SoftwareApplication":[],"WebPage":[]},"graphName":"","isEnabled":true},"graphs":[]},"schema_type":"default","schema_type_options":null,"pillar_content":false,"robots_default":true,"robots_noindex":false,"robots_noarchive":false,"robots_nosnippet":false,"robots_nofollow":false,"robots_noimageindex":false,"robots_noodp":false,"robots_notranslate":false,"robots_max_snippet":null,"robots_max_videopreview":null,"robots_max_imagepreview":"large","priority":null,"frequency":null,"local_seo":null,"breadcrumb_settings":null,"limit_modified_date":false,"ai":null,"created":"2025-08-16 13:38:49","updated":"2025-08-16 13:38:49","focus_keyword":null,"additional_keywords":null,"truseo_locale":null,"seo_analyzer_scan_date":null},"aioseo_breadcrumb":"<div class=\"aioseo-breadcrumbs\"><span class=\"aioseo-breadcrumb\">\n\t\t\t<a href=\"https:\/\/anoticiaonline.com.br\/site\" title=\"Home\">Home<\/a>\n\t\t<\/span><span class=\"aioseo-breadcrumb-separator\">&raquo;<\/span><span class=\"aioseo-breadcrumb\">\n\t\t\t<a href=\"https:\/\/anoticiaonline.com.br\/site\/categoria\/muriae\/\" title=\"Blog\">Blog<\/a>\n\t\t<\/span><span class=\"aioseo-breadcrumb-separator\">&raquo;<\/span><span class=\"aioseo-breadcrumb\">\n\t\t\tRevista Viver Brasil traz mat\u00e9ria sobre 90 anos de Jos\u00e9 Braz\n\t\t<\/span><\/div>","aioseo_breadcrumb_json":[{"label":"Home","link":"https:\/\/anoticiaonline.com.br\/site"},{"label":"Blog","link":"https:\/\/anoticiaonline.com.br\/site\/categoria\/muriae\/"},{"label":"Revista Viver Brasil traz mat\u00e9ria sobre 90 anos de Jos\u00e9 Braz","link":"https:\/\/anoticiaonline.com.br\/site\/revista-viver-brasil-traz-materia-sobre-90-anos-de-jose-braz\/"}],"views":154,"_links":{"self":[{"href":"https:\/\/anoticiaonline.com.br\/site\/wp-json\/wp\/v2\/posts\/5046","targetHints":{"allow":["GET"]}}],"collection":[{"href":"https:\/\/anoticiaonline.com.br\/site\/wp-json\/wp\/v2\/posts"}],"about":[{"href":"https:\/\/anoticiaonline.com.br\/site\/wp-json\/wp\/v2\/types\/post"}],"author":[{"embeddable":true,"href":"https:\/\/anoticiaonline.com.br\/site\/wp-json\/wp\/v2\/users\/2"}],"replies":[{"embeddable":true,"href":"https:\/\/anoticiaonline.com.br\/site\/wp-json\/wp\/v2\/comments?post=5046"}],"version-history":[{"count":0,"href":"https:\/\/anoticiaonline.com.br\/site\/wp-json\/wp\/v2\/posts\/5046\/revisions"}],"wp:featuredmedia":[{"embeddable":true,"href":"https:\/\/anoticiaonline.com.br\/site\/wp-json\/wp\/v2\/media\/5047"}],"wp:attachment":[{"href":"https:\/\/anoticiaonline.com.br\/site\/wp-json\/wp\/v2\/media?parent=5046"}],"wp:term":[{"taxonomy":"category","embeddable":true,"href":"https:\/\/anoticiaonline.com.br\/site\/wp-json\/wp\/v2\/categories?post=5046"},{"taxonomy":"post_tag","embeddable":true,"href":"https:\/\/anoticiaonline.com.br\/site\/wp-json\/wp\/v2\/tags?post=5046"}],"curies":[{"name":"wp","href":"https:\/\/api.w.org\/{rel}","templated":true}]}}