{"id":50404,"date":"2018-02-22T18:34:58","date_gmt":"2018-02-22T21:34:58","guid":{"rendered":"http:\/\/anoticiaonline.com.br\/site\/?p=50404"},"modified":"2018-02-22T18:34:58","modified_gmt":"2018-02-22T21:34:58","slug":"muriae-ganha-academia-para-o-cerebro","status":"publish","type":"post","link":"https:\/\/anoticiaonline.com.br\/site\/muriae-ganha-academia-para-o-cerebro\/","title":{"rendered":"Muria\u00e9 ganha academia para o c\u00e9rebro"},"content":{"rendered":"<p><em>Curso exercita mem\u00f3ria, concentra\u00e7\u00e3o, criatividade e confian\u00e7a, melhorando o desempenho das pessoas nos estudos, no trabalho e na vida pessoal<\/em><\/p>\n<p>Muita gente hoje se preocupa em ir \u00e0 academia para malhar os m\u00fasculos do corpo&#8230; Mas o c\u00e9rebro tamb\u00e9m pode \u2013 e precisa! \u2013 ser exercitado. Com exerc\u00edcios estimulantes, \u00e9 poss\u00edvel melhorar habilidades como mem\u00f3ria, concentra\u00e7\u00e3o, racioc\u00ednio e criatividade. Agora isso \u00e9 poss\u00edvel em Muria\u00e9, onde est\u00e1 sendo inaugurada uma unidade SUPERA Gin\u00e1stica para o C\u00e9rebro.<\/p>\n<p>Durante a semana de inaugura\u00e7\u00e3o, de 26 de fevereiro a 2 de mar\u00e7o, a popula\u00e7\u00e3o poder\u00e1 conhecer mais sobre o funcionamento do c\u00e9rebro em palestras, participar de aulas gratuitas e interagir com jogos e outras ferramentas para exercitar o c\u00e9rebro. \u00c9 necess\u00e1rio agendar um hor\u00e1rio com anteced\u00eancia pelo telefone.<\/p>\n<p>A unidade fica \u00e0 Av. Presidente Arthur Bernardes 86, Centro. O telefone para contato \u00e9 (32) 3721-0386.<\/p>\n<p><a href=\"https:\/\/anoticiaonline.com.br\/site\/wp-content\/uploads\/2018\/02\/Muria\u00e9-ganha-academia-para-o-c\u00e9rebro-1.jpg\"><img fetchpriority=\"high\" decoding=\"async\" class=\"alignnone size-full wp-image-50408\" src=\"https:\/\/anoticiaonline.com.br\/site\/wp-content\/uploads\/2018\/02\/Muria\u00e9-ganha-academia-para-o-c\u00e9rebro-1.jpg\" alt=\"\" width=\"640\" height=\"427\" srcset=\"https:\/\/anoticiaonline.com.br\/site\/wp-content\/uploads\/2018\/02\/Muria\u00e9-ganha-academia-para-o-c\u00e9rebro-1.jpg 640w, https:\/\/anoticiaonline.com.br\/site\/wp-content\/uploads\/2018\/02\/Muria\u00e9-ganha-academia-para-o-c\u00e9rebro-1-300x200.jpg 300w\" sizes=\"(max-width: 640px) 100vw, 640px\" \/><\/a><\/p>\n<p><strong>Mas como funciona uma academia para o c\u00e9rebro?<\/strong><\/p>\n<p>O curso na academia do M\u00e9todo SUPERA \u00e9 diferente de tudo o que voc\u00ea j\u00e1 viu. As aulas acontecem uma vez por semana e t\u00eam duas horas de dura\u00e7\u00e3o.<\/p>\n<p>O material did\u00e1tico exclusivo \u00e9 diferenciado; os halteres d\u00e3o lugar ao \u00e1baco, principal ferramenta do curso que serve para fazer c\u00e1lculos de forma prazerosa e bem diferente. Com o aprendizado, o aluno desenvolve o racioc\u00ednio e a coordena\u00e7\u00e3o motora.<\/p>\n<p>E as atividades aer\u00f3bicas? Em uma academia de gin\u00e1stica para o c\u00e9rebro, elas ganham outro nome: as neur\u00f3bicas. S\u00e3o atividades que fazem com que seu c\u00e9rebro saia da zona de conforto, criando novas conex\u00f5es. Quer exemplos? Escovar os dentes com a m\u00e3o n\u00e3o dominante, andar de costas, mudar o rel\u00f3gio de pulso, fazer um novo trajeto para o trabalho&#8230;<\/p>\n<p>Al\u00e9m disso, em uma academia para o c\u00e9rebro, os alunos usam jogos de tabuleiro, individuais ou em grupo, desenvolvendo habilidades cognitivas e socioemocionais, como estrat\u00e9gia, relacionamento e autoconfian\u00e7a.<\/p>\n<p>As apostilas com exerc\u00edcios exclusivos, din\u00e2micas em grupo e v\u00eddeos motivacionais tamb\u00e9m fazem parte das aulas da academia, contribuindo para a aplica\u00e7\u00e3o de uma metodologia eficaz na estimula\u00e7\u00e3o cerebral.<\/p>\n<p>Os professores s\u00e3o capacitados para orientar os alunos no uso dos \u201cequipamentos\u201d, estimulando-os a pensar nos desafios propostos e a solucion\u00e1-los sozinhos.<\/p>\n<p><strong>Por que praticar?<\/strong><\/p>\n<p>De acordo com a neuroci\u00eancia, os exerc\u00edcios para o c\u00e9rebro aumentam a reserva cognitiva, deixando o c\u00e9rebro mais \u00e1gil para encontrar os caminhos necess\u00e1rios para nossas atividades di\u00e1rias.<\/p>\n<p>\u201cGra\u00e7as \u00e0 neuroplasticidade &#8211; capacidade do c\u00e9rebro em se modificar de acordo com est\u00edmulos -, essa gin\u00e1stica fortalece as conex\u00f5es entre os neur\u00f4nios, desenvolvendo seu potencial e melhorando as habilidades cognitivas, como mem\u00f3ria, concentra\u00e7\u00e3o, racioc\u00ednio, criatividade&#8230;\u201d, explica Ant\u00f4nio Carlos Perp\u00e9tuo, presidente fundador do M\u00e9todo SUPERA.<\/p>\n<p>O c\u00e9rebro \u00e9 um dos \u00f3rg\u00e3os mais importantes e essenciais para a sobreviv\u00eancia. Sem ele n\u00e3o ter\u00edamos a capacidade de raciocinar, pensar e ter sentimentos. Al\u00e9m disso, o funcionamento do corpo tamb\u00e9m depende dele!<\/p>\n<p>\u201cPara ter uma vida saud\u00e1vel, n\u00e3o pode-se deixar o c\u00e9rebro nem o corpo de lado. \u00c9 preciso praticar atividades f\u00edsicas regularmente, dormir bem, beber muita \u00e1gua, ter uma alimenta\u00e7\u00e3o balanceada e n\u00e3o se esquecer do \u00f3rg\u00e3o mais importante do nosso corpo. Exercit\u00e1-lo com desafios na medida certa \u00e9 o grande segredo para a longevidade\u201d, completa Ant\u00f4nio Carlos.<\/p>\n<p>Cr\u00e9ditos: ASCOM M\u00e9todo Supera<\/p>\n","protected":false},"excerpt":{"rendered":"<p>Curso exercita mem\u00f3ria, concentra\u00e7\u00e3o, criatividade e confian\u00e7a, melhorando o desempenho das pessoas nos estudos, no trabalho e na vida pessoal Muita gente hoje se preocupa em ir \u00e0 academia para malhar os m\u00fasculos do corpo&#8230; Mas o c\u00e9rebro tamb\u00e9m pode \u2013 e precisa! \u2013 ser exercitado. Com exerc\u00edcios estimulantes, \u00e9 poss\u00edvel melhorar habilidades como mem\u00f3ria, &#8230; <a title=\"Muria\u00e9 ganha academia para o c\u00e9rebro\" class=\"read-more\" href=\"https:\/\/anoticiaonline.com.br\/site\/muriae-ganha-academia-para-o-cerebro\/\" aria-label=\"Read more about Muria\u00e9 ganha academia para o c\u00e9rebro\">Ler mais<\/a><\/p>\n","protected":false},"author":2,"featured_media":50408,"comment_status":"open","ping_status":"open","sticky":false,"template":"","format":"standard","meta":{"_acf_changed":false,"_monsterinsights_skip_tracking":false,"footnotes":""},"categories":[30,1],"tags":[60,2015,2014,74],"class_list":["post-50404","post","type-post","status-publish","format-standard","has-post-thumbnail","hentry","category-muriae","category-gerais","tag-academia","tag-cerebro","tag-metodo-supera","tag-muriae"],"acf":[],"aioseo_notices":[],"aioseo_head":"\n\t\t<!-- All in One SEO 5.0.0.1 - aioseo.com -->\n\t<meta name=\"description\" content=\"Curso exercita mem\u00f3ria, concentra\u00e7\u00e3o, criatividade e confian\u00e7a, melhorando o desempenho das pessoas nos estudos, no trabalho e na vida pessoal Muita gente hoje se preocupa em ir \u00e0 academia para malhar os m\u00fasculos do corpo... Mas o c\u00e9rebro tamb\u00e9m pode \u2013 e precisa! \u2013 ser exercitado. Com exerc\u00edcios estimulantes, \u00e9 poss\u00edvel melhorar habilidades como mem\u00f3ria,\" \/>\n\t<meta name=\"robots\" content=\"max-image-preview:large\" \/>\n\t<meta name=\"author\" content=\"Juliana Laviola\"\/>\n\t<link rel=\"canonical\" href=\"https:\/\/anoticiaonline.com.br\/site\/muriae-ganha-academia-para-o-cerebro\/\" \/>\n\t<meta name=\"generator\" content=\"All in One SEO (AIOSEO) 5.0.0.1\" \/>\n\t\t<meta property=\"og:locale\" content=\"pt_BR\" \/>\n\t\t<meta property=\"og:site_name\" content=\"A Not\u00edcia Online - Noticias de Muria\u00e9 e regi\u00e3o\" \/>\n\t\t<meta property=\"og:type\" content=\"article\" \/>\n\t\t<meta property=\"og:title\" content=\"Muria\u00e9 ganha academia para o c\u00e9rebro - A Not\u00edcia Online\" \/>\n\t\t<meta property=\"og:description\" content=\"Curso exercita mem\u00f3ria, concentra\u00e7\u00e3o, criatividade e confian\u00e7a, melhorando o desempenho das pessoas nos estudos, no trabalho e na vida pessoal Muita gente hoje se preocupa em ir \u00e0 academia para malhar os m\u00fasculos do corpo... Mas o c\u00e9rebro tamb\u00e9m pode \u2013 e precisa! \u2013 ser exercitado. Com exerc\u00edcios estimulantes, \u00e9 poss\u00edvel melhorar habilidades como mem\u00f3ria,\" \/>\n\t\t<meta property=\"og:url\" content=\"https:\/\/anoticiaonline.com.br\/site\/muriae-ganha-academia-para-o-cerebro\/\" \/>\n\t\t<meta property=\"og:image\" content=\"https:\/\/scontent-gig4-1.xx.fbcdn.net\/v\/t39.30808-1\/270437624_4564083193639691_6907940295614233970_n.jpg?stp=dst-jpg_s200x200_tt6&#038;_nc_cat=111&#038;ccb=1-7&#038;_nc_sid=f907e8&#038;_nc_ohc=SM1wRlP3lJwQ7kNvwEPuBYA&#038;_nc_oc=AdnqrjDN_BNjSSHWO-GbkIWH6fkGMLw4bqvL_NH6e2wMveX7G-rP2dAqsDSq1mJMOaY&#038;_nc_zt=24&#038;_nc_ht=scontent-gig4-1.xx&#038;_nc_gid=AoBFJeGrT1hVaew_6rchkQ&#038;oh=00_AfX7QmFGhQhG2jAllVgXCiM1ZrWgvtp80-Bfppyexh1QEg&#038;oe=689E923C\" \/>\n\t\t<meta property=\"og:image:secure_url\" content=\"https:\/\/scontent-gig4-1.xx.fbcdn.net\/v\/t39.30808-1\/270437624_4564083193639691_6907940295614233970_n.jpg?stp=dst-jpg_s200x200_tt6&#038;_nc_cat=111&#038;ccb=1-7&#038;_nc_sid=f907e8&#038;_nc_ohc=SM1wRlP3lJwQ7kNvwEPuBYA&#038;_nc_oc=AdnqrjDN_BNjSSHWO-GbkIWH6fkGMLw4bqvL_NH6e2wMveX7G-rP2dAqsDSq1mJMOaY&#038;_nc_zt=24&#038;_nc_ht=scontent-gig4-1.xx&#038;_nc_gid=AoBFJeGrT1hVaew_6rchkQ&#038;oh=00_AfX7QmFGhQhG2jAllVgXCiM1ZrWgvtp80-Bfppyexh1QEg&#038;oe=689E923C\" \/>\n\t\t<meta property=\"article:published_time\" content=\"2018-02-22T21:34:58+00:00\" \/>\n\t\t<meta property=\"article:modified_time\" content=\"2018-02-22T21:34:58+00:00\" \/>\n\t\t<meta name=\"twitter:card\" content=\"summary_large_image\" \/>\n\t\t<meta name=\"twitter:title\" content=\"Muria\u00e9 ganha academia para o c\u00e9rebro - A Not\u00edcia Online\" \/>\n\t\t<meta name=\"twitter:description\" content=\"Curso exercita mem\u00f3ria, concentra\u00e7\u00e3o, criatividade e confian\u00e7a, melhorando o desempenho das pessoas nos estudos, no trabalho e na vida pessoal Muita gente hoje se preocupa em ir \u00e0 academia para malhar os m\u00fasculos do corpo... Mas o c\u00e9rebro tamb\u00e9m pode \u2013 e precisa! \u2013 ser exercitado. Com exerc\u00edcios estimulantes, \u00e9 poss\u00edvel melhorar habilidades como mem\u00f3ria,\" \/>\n\t\t<meta name=\"twitter:image\" content=\"https:\/\/scontent-gig4-1.xx.fbcdn.net\/v\/t39.30808-1\/270437624_4564083193639691_6907940295614233970_n.jpg?stp=dst-jpg_s200x200_tt6&amp;_nc_cat=111&amp;ccb=1-7&amp;_nc_sid=f907e8&amp;_nc_ohc=SM1wRlP3lJwQ7kNvwEPuBYA&amp;_nc_oc=AdnqrjDN_BNjSSHWO-GbkIWH6fkGMLw4bqvL_NH6e2wMveX7G-rP2dAqsDSq1mJMOaY&amp;_nc_zt=24&amp;_nc_ht=scontent-gig4-1.xx&amp;_nc_gid=AoBFJeGrT1hVaew_6rchkQ&amp;oh=00_AfX7QmFGhQhG2jAllVgXCiM1ZrWgvtp80-Bfppyexh1QEg&amp;oe=689E923C\" \/>\n\t\t<script type=\"application\/ld+json\" class=\"aioseo-schema\">\n\t\t\t{\"@context\":\"https:\\\/\\\/schema.org\",\"@graph\":[{\"@type\":\"BlogPosting\",\"@id\":\"https:\\\/\\\/anoticiaonline.com.br\\\/site\\\/muriae-ganha-academia-para-o-cerebro\\\/#blogposting\",\"name\":\"Muria\\u00e9 ganha academia para o c\\u00e9rebro - A Not\\u00edcia Online\",\"headline\":\"Muria\\u00e9 ganha academia para o c\\u00e9rebro\",\"author\":{\"@id\":\"https:\\\/\\\/anoticiaonline.com.br\\\/site\\\/author\\\/juliana\\\/#author\"},\"publisher\":{\"@id\":\"https:\\\/\\\/anoticiaonline.com.br\\\/site\\\/#organization\"},\"image\":{\"@type\":\"ImageObject\",\"url\":\"https:\\\/\\\/anoticiaonline.com.br\\\/site\\\/wp-content\\\/uploads\\\/2018\\\/02\\\/Muria\\u00e9-ganha-academia-para-o-c\\u00e9rebro-1.jpg\",\"width\":640,\"height\":427},\"datePublished\":\"2018-02-22T18:34:58-03:00\",\"dateModified\":\"2018-02-22T18:34:58-03:00\",\"inLanguage\":\"pt-BR\",\"mainEntityOfPage\":{\"@id\":\"https:\\\/\\\/anoticiaonline.com.br\\\/site\\\/muriae-ganha-academia-para-o-cerebro\\\/#webpage\"},\"isPartOf\":{\"@id\":\"https:\\\/\\\/anoticiaonline.com.br\\\/site\\\/muriae-ganha-academia-para-o-cerebro\\\/#webpage\"},\"articleSection\":\"Blog, Gerais, academia, c\\u00e9rebro, metodo supera, Muria\\u00e9\"},{\"@type\":\"BreadcrumbList\",\"@id\":\"https:\\\/\\\/anoticiaonline.com.br\\\/site\\\/muriae-ganha-academia-para-o-cerebro\\\/#breadcrumblist\",\"itemListElement\":[{\"@type\":\"ListItem\",\"@id\":\"https:\\\/\\\/anoticiaonline.com.br\\\/site#listItem\",\"position\":1,\"name\":\"Home\",\"item\":\"https:\\\/\\\/anoticiaonline.com.br\\\/site\",\"nextItem\":{\"@type\":\"ListItem\",\"@id\":\"https:\\\/\\\/anoticiaonline.com.br\\\/site\\\/categoria\\\/gerais\\\/#listItem\",\"name\":\"Gerais\"}},{\"@type\":\"ListItem\",\"@id\":\"https:\\\/\\\/anoticiaonline.com.br\\\/site\\\/categoria\\\/gerais\\\/#listItem\",\"position\":2,\"name\":\"Gerais\",\"item\":\"https:\\\/\\\/anoticiaonline.com.br\\\/site\\\/categoria\\\/gerais\\\/\",\"nextItem\":{\"@type\":\"ListItem\",\"@id\":\"https:\\\/\\\/anoticiaonline.com.br\\\/site\\\/muriae-ganha-academia-para-o-cerebro\\\/#listItem\",\"name\":\"Muria\\u00e9 ganha academia para o c\\u00e9rebro\"},\"previousItem\":{\"@type\":\"ListItem\",\"@id\":\"https:\\\/\\\/anoticiaonline.com.br\\\/site#listItem\",\"name\":\"Home\"}},{\"@type\":\"ListItem\",\"@id\":\"https:\\\/\\\/anoticiaonline.com.br\\\/site\\\/muriae-ganha-academia-para-o-cerebro\\\/#listItem\",\"position\":3,\"name\":\"Muria\\u00e9 ganha academia para o c\\u00e9rebro\",\"previousItem\":{\"@type\":\"ListItem\",\"@id\":\"https:\\\/\\\/anoticiaonline.com.br\\\/site\\\/categoria\\\/gerais\\\/#listItem\",\"name\":\"Gerais\"}}]},{\"@type\":\"Organization\",\"@id\":\"https:\\\/\\\/anoticiaonline.com.br\\\/site\\\/#organization\",\"name\":\"A Not\\u00edcia Online\",\"description\":\"Noticias de Muria\\u00e9 e regi\\u00e3o\",\"url\":\"https:\\\/\\\/anoticiaonline.com.br\\\/site\\\/\",\"logo\":{\"@type\":\"ImageObject\",\"url\":\"https:\\\/\\\/scontent-gig4-1.xx.fbcdn.net\\\/v\\\/t39.30808-1\\\/270437624_4564083193639691_6907940295614233970_n.jpg?stp=dst-jpg_s200x200_tt6&_nc_cat=111&ccb=1-7&_nc_sid=f907e8&_nc_ohc=SM1wRlP3lJwQ7kNvwEPuBYA&_nc_oc=AdnqrjDN_BNjSSHWO-GbkIWH6fkGMLw4bqvL_NH6e2wMveX7G-rP2dAqsDSq1mJMOaY&_nc_zt=24&_nc_ht=scontent-gig4-1.xx&_nc_gid=AoBFJeGrT1hVaew_6rchkQ&oh=00_AfX7QmFGhQhG2jAllVgXCiM1ZrWgvtp80-Bfppyexh1QEg&oe=689E923C\",\"@id\":\"https:\\\/\\\/anoticiaonline.com.br\\\/site\\\/muriae-ganha-academia-para-o-cerebro\\\/#organizationLogo\"},\"image\":{\"@id\":\"https:\\\/\\\/anoticiaonline.com.br\\\/site\\\/muriae-ganha-academia-para-o-cerebro\\\/#organizationLogo\"}},{\"@type\":\"Person\",\"@id\":\"https:\\\/\\\/anoticiaonline.com.br\\\/site\\\/author\\\/juliana\\\/#author\",\"url\":\"https:\\\/\\\/anoticiaonline.com.br\\\/site\\\/author\\\/juliana\\\/\",\"name\":\"Juliana Laviola\",\"image\":{\"@type\":\"ImageObject\",\"@id\":\"https:\\\/\\\/anoticiaonline.com.br\\\/site\\\/muriae-ganha-academia-para-o-cerebro\\\/#authorImage\",\"url\":\"https:\\\/\\\/secure.gravatar.com\\\/avatar\\\/b8d45f5c699b100dfaf0e543582f38f38bf94cb7ae3a5e9abf8d891a34773335?s=96&d=mm&r=g\",\"width\":96,\"height\":96,\"caption\":\"Juliana Laviola\"}},{\"@type\":\"WebPage\",\"@id\":\"https:\\\/\\\/anoticiaonline.com.br\\\/site\\\/muriae-ganha-academia-para-o-cerebro\\\/#webpage\",\"url\":\"https:\\\/\\\/anoticiaonline.com.br\\\/site\\\/muriae-ganha-academia-para-o-cerebro\\\/\",\"name\":\"Muria\\u00e9 ganha academia para o c\\u00e9rebro - A Not\\u00edcia Online\",\"description\":\"Curso exercita mem\\u00f3ria, concentra\\u00e7\\u00e3o, criatividade e confian\\u00e7a, melhorando o desempenho das pessoas nos estudos, no trabalho e na vida pessoal Muita gente hoje se preocupa em ir \\u00e0 academia para malhar os m\\u00fasculos do corpo... Mas o c\\u00e9rebro tamb\\u00e9m pode \\u2013 e precisa! \\u2013 ser exercitado. Com exerc\\u00edcios estimulantes, \\u00e9 poss\\u00edvel melhorar habilidades como mem\\u00f3ria,\",\"inLanguage\":\"pt-BR\",\"isPartOf\":{\"@id\":\"https:\\\/\\\/anoticiaonline.com.br\\\/site\\\/#website\"},\"breadcrumb\":{\"@id\":\"https:\\\/\\\/anoticiaonline.com.br\\\/site\\\/muriae-ganha-academia-para-o-cerebro\\\/#breadcrumblist\"},\"author\":{\"@id\":\"https:\\\/\\\/anoticiaonline.com.br\\\/site\\\/author\\\/juliana\\\/#author\"},\"creator\":{\"@id\":\"https:\\\/\\\/anoticiaonline.com.br\\\/site\\\/author\\\/juliana\\\/#author\"},\"image\":{\"@type\":\"ImageObject\",\"url\":\"https:\\\/\\\/anoticiaonline.com.br\\\/site\\\/wp-content\\\/uploads\\\/2018\\\/02\\\/Muria\\u00e9-ganha-academia-para-o-c\\u00e9rebro-1.jpg\",\"@id\":\"https:\\\/\\\/anoticiaonline.com.br\\\/site\\\/muriae-ganha-academia-para-o-cerebro\\\/#mainImage\",\"width\":640,\"height\":427},\"primaryImageOfPage\":{\"@id\":\"https:\\\/\\\/anoticiaonline.com.br\\\/site\\\/muriae-ganha-academia-para-o-cerebro\\\/#mainImage\"},\"datePublished\":\"2018-02-22T18:34:58-03:00\",\"dateModified\":\"2018-02-22T18:34:58-03:00\"},{\"@type\":\"WebSite\",\"@id\":\"https:\\\/\\\/anoticiaonline.com.br\\\/site\\\/#website\",\"url\":\"https:\\\/\\\/anoticiaonline.com.br\\\/site\\\/\",\"name\":\"A Not\\u00edcia Online\",\"description\":\"Noticias de Muria\\u00e9 e regi\\u00e3o\",\"inLanguage\":\"pt-BR\",\"publisher\":{\"@id\":\"https:\\\/\\\/anoticiaonline.com.br\\\/site\\\/#organization\"}}]}\n\t\t<\/script>\n\t\t<!-- All in One SEO -->\n\n","aioseo_head_json":{"title":"Muria\u00e9 ganha academia para o c\u00e9rebro - A Not\u00edcia Online","description":"Curso exercita mem\u00f3ria, concentra\u00e7\u00e3o, criatividade e confian\u00e7a, melhorando o desempenho das pessoas nos estudos, no trabalho e na vida pessoal Muita gente hoje se preocupa em ir \u00e0 academia para malhar os m\u00fasculos do corpo... Mas o c\u00e9rebro tamb\u00e9m pode \u2013 e precisa! \u2013 ser exercitado. Com exerc\u00edcios estimulantes, \u00e9 poss\u00edvel melhorar habilidades como mem\u00f3ria,","canonical_url":"https:\/\/anoticiaonline.com.br\/site\/muriae-ganha-academia-para-o-cerebro\/","robots":"max-image-preview:large","keywords":"","webmasterTools":{"miscellaneous":""},"schema":{"@context":"https:\/\/schema.org","@graph":[{"@type":"BlogPosting","@id":"https:\/\/anoticiaonline.com.br\/site\/muriae-ganha-academia-para-o-cerebro\/#blogposting","name":"Muria\u00e9 ganha academia para o c\u00e9rebro - A Not\u00edcia Online","headline":"Muria\u00e9 ganha academia para o c\u00e9rebro","author":{"@id":"https:\/\/anoticiaonline.com.br\/site\/author\/juliana\/#author"},"publisher":{"@id":"https:\/\/anoticiaonline.com.br\/site\/#organization"},"image":{"@type":"ImageObject","url":"https:\/\/anoticiaonline.com.br\/site\/wp-content\/uploads\/2018\/02\/Muria\u00e9-ganha-academia-para-o-c\u00e9rebro-1.jpg","width":640,"height":427},"datePublished":"2018-02-22T18:34:58-03:00","dateModified":"2018-02-22T18:34:58-03:00","inLanguage":"pt-BR","mainEntityOfPage":{"@id":"https:\/\/anoticiaonline.com.br\/site\/muriae-ganha-academia-para-o-cerebro\/#webpage"},"isPartOf":{"@id":"https:\/\/anoticiaonline.com.br\/site\/muriae-ganha-academia-para-o-cerebro\/#webpage"},"articleSection":"Blog, Gerais, academia, c\u00e9rebro, metodo supera, Muria\u00e9"},{"@type":"BreadcrumbList","@id":"https:\/\/anoticiaonline.com.br\/site\/muriae-ganha-academia-para-o-cerebro\/#breadcrumblist","itemListElement":[{"@type":"ListItem","@id":"https:\/\/anoticiaonline.com.br\/site#listItem","position":1,"name":"Home","item":"https:\/\/anoticiaonline.com.br\/site","nextItem":{"@type":"ListItem","@id":"https:\/\/anoticiaonline.com.br\/site\/categoria\/gerais\/#listItem","name":"Gerais"}},{"@type":"ListItem","@id":"https:\/\/anoticiaonline.com.br\/site\/categoria\/gerais\/#listItem","position":2,"name":"Gerais","item":"https:\/\/anoticiaonline.com.br\/site\/categoria\/gerais\/","nextItem":{"@type":"ListItem","@id":"https:\/\/anoticiaonline.com.br\/site\/muriae-ganha-academia-para-o-cerebro\/#listItem","name":"Muria\u00e9 ganha academia para o c\u00e9rebro"},"previousItem":{"@type":"ListItem","@id":"https:\/\/anoticiaonline.com.br\/site#listItem","name":"Home"}},{"@type":"ListItem","@id":"https:\/\/anoticiaonline.com.br\/site\/muriae-ganha-academia-para-o-cerebro\/#listItem","position":3,"name":"Muria\u00e9 ganha academia para o c\u00e9rebro","previousItem":{"@type":"ListItem","@id":"https:\/\/anoticiaonline.com.br\/site\/categoria\/gerais\/#listItem","name":"Gerais"}}]},{"@type":"Organization","@id":"https:\/\/anoticiaonline.com.br\/site\/#organization","name":"A Not\u00edcia Online","description":"Noticias de Muria\u00e9 e regi\u00e3o","url":"https:\/\/anoticiaonline.com.br\/site\/","logo":{"@type":"ImageObject","url":"https:\/\/scontent-gig4-1.xx.fbcdn.net\/v\/t39.30808-1\/270437624_4564083193639691_6907940295614233970_n.jpg?stp=dst-jpg_s200x200_tt6&_nc_cat=111&ccb=1-7&_nc_sid=f907e8&_nc_ohc=SM1wRlP3lJwQ7kNvwEPuBYA&_nc_oc=AdnqrjDN_BNjSSHWO-GbkIWH6fkGMLw4bqvL_NH6e2wMveX7G-rP2dAqsDSq1mJMOaY&_nc_zt=24&_nc_ht=scontent-gig4-1.xx&_nc_gid=AoBFJeGrT1hVaew_6rchkQ&oh=00_AfX7QmFGhQhG2jAllVgXCiM1ZrWgvtp80-Bfppyexh1QEg&oe=689E923C","@id":"https:\/\/anoticiaonline.com.br\/site\/muriae-ganha-academia-para-o-cerebro\/#organizationLogo"},"image":{"@id":"https:\/\/anoticiaonline.com.br\/site\/muriae-ganha-academia-para-o-cerebro\/#organizationLogo"}},{"@type":"Person","@id":"https:\/\/anoticiaonline.com.br\/site\/author\/juliana\/#author","url":"https:\/\/anoticiaonline.com.br\/site\/author\/juliana\/","name":"Juliana Laviola","image":{"@type":"ImageObject","@id":"https:\/\/anoticiaonline.com.br\/site\/muriae-ganha-academia-para-o-cerebro\/#authorImage","url":"https:\/\/secure.gravatar.com\/avatar\/b8d45f5c699b100dfaf0e543582f38f38bf94cb7ae3a5e9abf8d891a34773335?s=96&d=mm&r=g","width":96,"height":96,"caption":"Juliana Laviola"}},{"@type":"WebPage","@id":"https:\/\/anoticiaonline.com.br\/site\/muriae-ganha-academia-para-o-cerebro\/#webpage","url":"https:\/\/anoticiaonline.com.br\/site\/muriae-ganha-academia-para-o-cerebro\/","name":"Muria\u00e9 ganha academia para o c\u00e9rebro - A Not\u00edcia Online","description":"Curso exercita mem\u00f3ria, concentra\u00e7\u00e3o, criatividade e confian\u00e7a, melhorando o desempenho das pessoas nos estudos, no trabalho e na vida pessoal Muita gente hoje se preocupa em ir \u00e0 academia para malhar os m\u00fasculos do corpo... Mas o c\u00e9rebro tamb\u00e9m pode \u2013 e precisa! \u2013 ser exercitado. Com exerc\u00edcios estimulantes, \u00e9 poss\u00edvel melhorar habilidades como mem\u00f3ria,","inLanguage":"pt-BR","isPartOf":{"@id":"https:\/\/anoticiaonline.com.br\/site\/#website"},"breadcrumb":{"@id":"https:\/\/anoticiaonline.com.br\/site\/muriae-ganha-academia-para-o-cerebro\/#breadcrumblist"},"author":{"@id":"https:\/\/anoticiaonline.com.br\/site\/author\/juliana\/#author"},"creator":{"@id":"https:\/\/anoticiaonline.com.br\/site\/author\/juliana\/#author"},"image":{"@type":"ImageObject","url":"https:\/\/anoticiaonline.com.br\/site\/wp-content\/uploads\/2018\/02\/Muria\u00e9-ganha-academia-para-o-c\u00e9rebro-1.jpg","@id":"https:\/\/anoticiaonline.com.br\/site\/muriae-ganha-academia-para-o-cerebro\/#mainImage","width":640,"height":427},"primaryImageOfPage":{"@id":"https:\/\/anoticiaonline.com.br\/site\/muriae-ganha-academia-para-o-cerebro\/#mainImage"},"datePublished":"2018-02-22T18:34:58-03:00","dateModified":"2018-02-22T18:34:58-03:00"},{"@type":"WebSite","@id":"https:\/\/anoticiaonline.com.br\/site\/#website","url":"https:\/\/anoticiaonline.com.br\/site\/","name":"A Not\u00edcia Online","description":"Noticias de Muria\u00e9 e regi\u00e3o","inLanguage":"pt-BR","publisher":{"@id":"https:\/\/anoticiaonline.com.br\/site\/#organization"}}]},"og:locale":"pt_BR","og:site_name":"A Not\u00edcia Online - Noticias de Muria\u00e9 e regi\u00e3o","og:type":"article","og:title":"Muria\u00e9 ganha academia para o c\u00e9rebro - A Not\u00edcia Online","og:description":"Curso exercita mem\u00f3ria, concentra\u00e7\u00e3o, criatividade e confian\u00e7a, melhorando o desempenho das pessoas nos estudos, no trabalho e na vida pessoal Muita gente hoje se preocupa em ir \u00e0 academia para malhar os m\u00fasculos do corpo... Mas o c\u00e9rebro tamb\u00e9m pode \u2013 e precisa! \u2013 ser exercitado. Com exerc\u00edcios estimulantes, \u00e9 poss\u00edvel melhorar habilidades como mem\u00f3ria,","og:url":"https:\/\/anoticiaonline.com.br\/site\/muriae-ganha-academia-para-o-cerebro\/","og:image":"https:\/\/scontent-gig4-1.xx.fbcdn.net\/v\/t39.30808-1\/270437624_4564083193639691_6907940295614233970_n.jpg?stp=dst-jpg_s200x200_tt6&#038;_nc_cat=111&#038;ccb=1-7&#038;_nc_sid=f907e8&#038;_nc_ohc=SM1wRlP3lJwQ7kNvwEPuBYA&#038;_nc_oc=AdnqrjDN_BNjSSHWO-GbkIWH6fkGMLw4bqvL_NH6e2wMveX7G-rP2dAqsDSq1mJMOaY&#038;_nc_zt=24&#038;_nc_ht=scontent-gig4-1.xx&#038;_nc_gid=AoBFJeGrT1hVaew_6rchkQ&#038;oh=00_AfX7QmFGhQhG2jAllVgXCiM1ZrWgvtp80-Bfppyexh1QEg&#038;oe=689E923C","og:image:secure_url":"https:\/\/scontent-gig4-1.xx.fbcdn.net\/v\/t39.30808-1\/270437624_4564083193639691_6907940295614233970_n.jpg?stp=dst-jpg_s200x200_tt6&#038;_nc_cat=111&#038;ccb=1-7&#038;_nc_sid=f907e8&#038;_nc_ohc=SM1wRlP3lJwQ7kNvwEPuBYA&#038;_nc_oc=AdnqrjDN_BNjSSHWO-GbkIWH6fkGMLw4bqvL_NH6e2wMveX7G-rP2dAqsDSq1mJMOaY&#038;_nc_zt=24&#038;_nc_ht=scontent-gig4-1.xx&#038;_nc_gid=AoBFJeGrT1hVaew_6rchkQ&#038;oh=00_AfX7QmFGhQhG2jAllVgXCiM1ZrWgvtp80-Bfppyexh1QEg&#038;oe=689E923C","article:published_time":"2018-02-22T21:34:58+00:00","article:modified_time":"2018-02-22T21:34:58+00:00","twitter:card":"summary_large_image","twitter:title":"Muria\u00e9 ganha academia para o c\u00e9rebro - A Not\u00edcia Online","twitter:description":"Curso exercita mem\u00f3ria, concentra\u00e7\u00e3o, criatividade e confian\u00e7a, melhorando o desempenho das pessoas nos estudos, no trabalho e na vida pessoal Muita gente hoje se preocupa em ir \u00e0 academia para malhar os m\u00fasculos do corpo... Mas o c\u00e9rebro tamb\u00e9m pode \u2013 e precisa! \u2013 ser exercitado. Com exerc\u00edcios estimulantes, \u00e9 poss\u00edvel melhorar habilidades como mem\u00f3ria,","twitter:image":"https:\/\/scontent-gig4-1.xx.fbcdn.net\/v\/t39.30808-1\/270437624_4564083193639691_6907940295614233970_n.jpg?stp=dst-jpg_s200x200_tt6&_nc_cat=111&ccb=1-7&_nc_sid=f907e8&_nc_ohc=SM1wRlP3lJwQ7kNvwEPuBYA&_nc_oc=AdnqrjDN_BNjSSHWO-GbkIWH6fkGMLw4bqvL_NH6e2wMveX7G-rP2dAqsDSq1mJMOaY&_nc_zt=24&_nc_ht=scontent-gig4-1.xx&_nc_gid=AoBFJeGrT1hVaew_6rchkQ&oh=00_AfX7QmFGhQhG2jAllVgXCiM1ZrWgvtp80-Bfppyexh1QEg&oe=689E923C"},"aioseo_meta_data":{"post_id":"50404","title":null,"description":null,"keywords":null,"keyphrases":null,"primary_term":null,"canonical_url":null,"og_title":null,"og_description":null,"og_object_type":"default","og_image_type":"default","og_image_url":null,"og_image_width":null,"og_image_height":null,"og_image_custom_url":null,"og_image_custom_fields":null,"og_video":null,"og_custom_url":null,"og_article_section":null,"og_article_tags":null,"twitter_use_og":false,"twitter_card":"default","twitter_image_type":"default","twitter_image_url":null,"twitter_image_custom_url":null,"twitter_image_custom_fields":null,"twitter_title":null,"twitter_description":null,"schema":{"blockGraphs":[],"customGraphs":[],"default":{"data":{"Article":[],"Course":[],"Dataset":[],"FAQPage":[],"Movie":[],"Person":[],"Product":[],"ProductReview":[],"Car":[],"Recipe":[],"Service":[],"SoftwareApplication":[],"WebPage":[]},"graphName":"","isEnabled":true},"graphs":[]},"schema_type":"default","schema_type_options":null,"pillar_content":false,"robots_default":true,"robots_noindex":false,"robots_noarchive":false,"robots_nosnippet":false,"robots_nofollow":false,"robots_noimageindex":false,"robots_noodp":false,"robots_notranslate":false,"robots_max_snippet":null,"robots_max_videopreview":null,"robots_max_imagepreview":"large","priority":null,"frequency":null,"local_seo":null,"breadcrumb_settings":null,"limit_modified_date":false,"ai":null,"created":"2025-08-16 20:21:28","updated":"2025-08-16 20:21:28","focus_keyword":null,"additional_keywords":null,"truseo_locale":null,"seo_analyzer_scan_date":null},"aioseo_breadcrumb":"<div class=\"aioseo-breadcrumbs\"><span class=\"aioseo-breadcrumb\">\n\t\t\t<a href=\"https:\/\/anoticiaonline.com.br\/site\" title=\"Home\">Home<\/a>\n\t\t<\/span><span class=\"aioseo-breadcrumb-separator\">&raquo;<\/span><span class=\"aioseo-breadcrumb\">\n\t\t\t<a href=\"https:\/\/anoticiaonline.com.br\/site\/categoria\/gerais\/\" title=\"Gerais\">Gerais<\/a>\n\t\t<\/span><span class=\"aioseo-breadcrumb-separator\">&raquo;<\/span><span class=\"aioseo-breadcrumb\">\n\t\t\tMuria\u00e9 ganha academia para o c\u00e9rebro\n\t\t<\/span><\/div>","aioseo_breadcrumb_json":[{"label":"Home","link":"https:\/\/anoticiaonline.com.br\/site"},{"label":"Gerais","link":"https:\/\/anoticiaonline.com.br\/site\/categoria\/gerais\/"},{"label":"Muria\u00e9 ganha academia para o c\u00e9rebro","link":"https:\/\/anoticiaonline.com.br\/site\/muriae-ganha-academia-para-o-cerebro\/"}],"views":165,"_links":{"self":[{"href":"https:\/\/anoticiaonline.com.br\/site\/wp-json\/wp\/v2\/posts\/50404","targetHints":{"allow":["GET"]}}],"collection":[{"href":"https:\/\/anoticiaonline.com.br\/site\/wp-json\/wp\/v2\/posts"}],"about":[{"href":"https:\/\/anoticiaonline.com.br\/site\/wp-json\/wp\/v2\/types\/post"}],"author":[{"embeddable":true,"href":"https:\/\/anoticiaonline.com.br\/site\/wp-json\/wp\/v2\/users\/2"}],"replies":[{"embeddable":true,"href":"https:\/\/anoticiaonline.com.br\/site\/wp-json\/wp\/v2\/comments?post=50404"}],"version-history":[{"count":0,"href":"https:\/\/anoticiaonline.com.br\/site\/wp-json\/wp\/v2\/posts\/50404\/revisions"}],"wp:featuredmedia":[{"embeddable":true,"href":"https:\/\/anoticiaonline.com.br\/site\/wp-json\/wp\/v2\/media\/50408"}],"wp:attachment":[{"href":"https:\/\/anoticiaonline.com.br\/site\/wp-json\/wp\/v2\/media?parent=50404"}],"wp:term":[{"taxonomy":"category","embeddable":true,"href":"https:\/\/anoticiaonline.com.br\/site\/wp-json\/wp\/v2\/categories?post=50404"},{"taxonomy":"post_tag","embeddable":true,"href":"https:\/\/anoticiaonline.com.br\/site\/wp-json\/wp\/v2\/tags?post=50404"}],"curies":[{"name":"wp","href":"https:\/\/api.w.org\/{rel}","templated":true}]}}