{"id":50396,"date":"2018-02-22T18:03:51","date_gmt":"2018-02-22T21:03:51","guid":{"rendered":"http:\/\/anoticiaonline.com.br\/site\/?p=50396"},"modified":"2018-02-22T18:16:58","modified_gmt":"2018-02-22T21:16:58","slug":"tempo-de-recomecar-aos-73-anos-muriaeense-ingressa-na-faculdade","status":"publish","type":"post","link":"https:\/\/anoticiaonline.com.br\/site\/tempo-de-recomecar-aos-73-anos-muriaeense-ingressa-na-faculdade\/","title":{"rendered":"Tempo de recome\u00e7ar: aos 73 anos, muriaeense ingressa na faculdade"},"content":{"rendered":"<p>O jornal A Not\u00edcia esteve na resid\u00eancia de Zilmar Pires do Amaral, de 73 anos, para conversar um pouco sobre a nova fase da vi\u00fava aposentada que iniciou, na ultima segunda-feira (19), sua vida acad\u00eamica, nos bancos do curso de Gastronomia, que tem dura\u00e7\u00e3o de tr\u00eas anos, no Centro Universit\u00e1rio Unifaminas, em Muria\u00e9.<\/p>\n<p><a href=\"https:\/\/anoticiaonline.com.br\/site\/wp-content\/uploads\/2018\/02\/DSC05314-1.jpg\"><img fetchpriority=\"high\" decoding=\"async\" class=\"alignnone size-full wp-image-50398\" src=\"https:\/\/anoticiaonline.com.br\/site\/wp-content\/uploads\/2018\/02\/DSC05314-1.jpg\" alt=\"\" width=\"640\" height=\"427\" srcset=\"https:\/\/anoticiaonline.com.br\/site\/wp-content\/uploads\/2018\/02\/DSC05314-1.jpg 640w, https:\/\/anoticiaonline.com.br\/site\/wp-content\/uploads\/2018\/02\/DSC05314-1-300x200.jpg 300w\" sizes=\"(max-width: 640px) 100vw, 640px\" \/><\/a><\/p>\n<p>A simp\u00e1tica senhora conta que a ideia de come\u00e7ar um curso superior veio a partir do incentivo dos tr\u00eas filhos e dos oito netos. Leia abaixo o nosso bate-papo:<\/p>\n<p><strong>AN \u2013 Como surgiu a vontade de frequentar as salas de aula aos 73 anos? <\/strong><\/p>\n<p><strong>Zilmar \u2013 <\/strong>Tudo come\u00e7ou com uma brincadeira de uma neta, a Ana Lu\u00edza, que est\u00e1 no terceiro per\u00edodo do curso de Direito, tamb\u00e9m no Unifaminas. A partir da\u00ed, os meus outros netos, meus filhos, minhas irm\u00e3s e at\u00e9 meus sobrinhos come\u00e7aram a me incentivar. Assim, aceitei o desafio e fiz o vestibular, que foi agendado. Ap\u00f3s o resultado, fiquei muito feliz e tamb\u00e9m surpresa.<\/p>\n<p><strong>AN \u2013 O ano letivo apenas come\u00e7ou, como s\u00e3o as mat\u00e9rias? J\u00e1 possui alguma preferida?<\/strong><\/p>\n<p><strong>Zilmar \u2013 <\/strong>N\u00e3o possuo uma favorita. S\u00e3o todas muito interessantes. As mat\u00e9rias s\u00e3o: Entradas e Saladas; Desenvolvimento de Habilidades de Culin\u00e1ria; Nutri\u00e7\u00e3o na Gastronomia; Projetos Aplicados de Fundamentos na Cozinha; Hist\u00f3ria da Alimenta\u00e7\u00e3o e Fundamentos de Servi\u00e7os de Alimenta\u00e7\u00e3o.<\/p>\n<p>Por enquanto, a maior parte das aulas \u00e9 te\u00f3rica. De acordo com o meu professor, hoje o curso de Gastronomia \u00e9 bem cobi\u00e7ado. N\u00e3o por conta de modismo, mas devido \u00e0 necessidade de reformula\u00e7\u00e3o nas cozinhas, principalmente dos grandes restaurantes. Por isso, o profissional da Gastronomia precisa ter informa\u00e7\u00f5es te\u00f3ricas e tamb\u00e9m como manusear os materiais, como as facas, por exemplo. \u00c9 preciso entrosar com tudo isso, at\u00e9 mesmo com os uniformes. Acho incr\u00edvel todo esse cuidado e a estrutura do curso. Estou amando. Somos uma turma de 18 alunos, mas eu acredito que sou a mais velha do curso inteiro, n\u00e3o tenho certeza.<\/p>\n<p><strong>AN \u2013 Por que Gastronomia?<\/strong><\/p>\n<p><strong>Zilmar \u2013 <\/strong>A vida toda trabalhei como professora ap\u00f3s concluir o Magist\u00e9rio no col\u00e9gio. Foi assim at\u00e9 eu me aposentar. Escolhi o curso de Gastronomia porque adoro cozinhar e, nos finais de semana, meus filhos e netos se re\u00fanem na minha casa para almo\u00e7ar. Atualmente, n\u00e3o possuo nenhuma perspectiva de trabalhar fora com a Gastronomia. Entrei para o curso para satisfazer minha fam\u00edlia e faz\u00ea-la \u2018cobaia\u2019. Al\u00e9m disso, para tamb\u00e9m para ocupar o meu tempo, pois fiquei vi\u00fava e acredito que a faculdade pode ser uma motiva\u00e7\u00e3o para a minha alma e tamb\u00e9m para conhecer novas pessoas e diferentes, j\u00e1 que todos os meus filhos s\u00e3o casados e n\u00e3o vivem mais comigo.<\/p>\n<p><strong>AN \u2013 Qual a mensagem a senhora deixa para as pessoas que querem come\u00e7ar uma nova atividade ou realizar um sonho e ainda n\u00e3o deram o primeiro passo por acharem que j\u00e1 \u00e9 tarde demais?<\/strong><\/p>\n<p><strong>Zilmar \u2013 <\/strong>Nunca \u00e9 tarde demais. No meu caso, eu fui pega de surpresa e encarei como um desafio. Estou me sentindo mais jovem e com mais coragem para enfrentar a vida, com meus novos colegas de turma. Acho que todo o tempo serve como recome\u00e7o. A idade n\u00e3o pode ser um empecilho, basta ter vontade. Enquanto h\u00e1 vida, h\u00e1 sempre uma possibilidade, h\u00e1 sempre uma luz.<\/p>\n","protected":false},"excerpt":{"rendered":"<p>O jornal A Not\u00edcia esteve na resid\u00eancia de Zilmar Pires do Amaral, de 73 anos, para conversar um pouco sobre a nova fase da vi\u00fava aposentada que iniciou, na ultima segunda-feira (19), sua vida acad\u00eamica, nos bancos do curso de Gastronomia, que tem dura\u00e7\u00e3o de tr\u00eas anos, no Centro Universit\u00e1rio Unifaminas, em Muria\u00e9. A simp\u00e1tica &#8230; <a title=\"Tempo de recome\u00e7ar: aos 73 anos, muriaeense ingressa na faculdade\" class=\"read-more\" href=\"https:\/\/anoticiaonline.com.br\/site\/tempo-de-recomecar-aos-73-anos-muriaeense-ingressa-na-faculdade\/\" aria-label=\"Read more about Tempo de recome\u00e7ar: aos 73 anos, muriaeense ingressa na faculdade\">Ler mais<\/a><\/p>\n","protected":false},"author":2,"featured_media":50398,"comment_status":"open","ping_status":"open","sticky":false,"template":"","format":"standard","meta":{"_acf_changed":false,"_monsterinsights_skip_tracking":false,"footnotes":""},"categories":[30],"tags":[71,2013,1168,74,2012],"class_list":["post-50396","post","type-post","status-publish","format-standard","has-post-thumbnail","hentry","category-muriae","tag-curso","tag-estudos","tag-gastronomia","tag-muriae","tag-recomecar"],"acf":[],"aioseo_notices":[],"aioseo_head":"\n\t\t<!-- All in One SEO 5.0.0.1 - aioseo.com -->\n\t<meta name=\"description\" content=\"O jornal A Not\u00edcia esteve na resid\u00eancia de Zilmar Pires do Amaral, de 73 anos, para conversar um pouco sobre a nova fase da vi\u00fava aposentada que iniciou, na ultima segunda-feira (19), sua vida acad\u00eamica, nos bancos do curso de Gastronomia, que tem dura\u00e7\u00e3o de tr\u00eas anos, no Centro Universit\u00e1rio Unifaminas, em Muria\u00e9. A simp\u00e1tica\" \/>\n\t<meta name=\"robots\" content=\"max-image-preview:large\" \/>\n\t<meta name=\"author\" content=\"Juliana Laviola\"\/>\n\t<link rel=\"canonical\" href=\"https:\/\/anoticiaonline.com.br\/site\/tempo-de-recomecar-aos-73-anos-muriaeense-ingressa-na-faculdade\/\" \/>\n\t<meta name=\"generator\" content=\"All in One SEO (AIOSEO) 5.0.0.1\" \/>\n\t\t<meta property=\"og:locale\" content=\"pt_BR\" \/>\n\t\t<meta property=\"og:site_name\" content=\"A Not\u00edcia Online - Noticias de Muria\u00e9 e regi\u00e3o\" \/>\n\t\t<meta property=\"og:type\" content=\"article\" \/>\n\t\t<meta property=\"og:title\" content=\"Tempo de recome\u00e7ar: aos 73 anos, muriaeense ingressa na faculdade - A Not\u00edcia Online\" \/>\n\t\t<meta property=\"og:description\" content=\"O jornal A Not\u00edcia esteve na resid\u00eancia de Zilmar Pires do Amaral, de 73 anos, para conversar um pouco sobre a nova fase da vi\u00fava aposentada que iniciou, na ultima segunda-feira (19), sua vida acad\u00eamica, nos bancos do curso de Gastronomia, que tem dura\u00e7\u00e3o de tr\u00eas anos, no Centro Universit\u00e1rio Unifaminas, em Muria\u00e9. A simp\u00e1tica\" \/>\n\t\t<meta property=\"og:url\" content=\"https:\/\/anoticiaonline.com.br\/site\/tempo-de-recomecar-aos-73-anos-muriaeense-ingressa-na-faculdade\/\" \/>\n\t\t<meta property=\"og:image\" content=\"https:\/\/scontent-gig4-1.xx.fbcdn.net\/v\/t39.30808-1\/270437624_4564083193639691_6907940295614233970_n.jpg?stp=dst-jpg_s200x200_tt6&#038;_nc_cat=111&#038;ccb=1-7&#038;_nc_sid=f907e8&#038;_nc_ohc=SM1wRlP3lJwQ7kNvwEPuBYA&#038;_nc_oc=AdnqrjDN_BNjSSHWO-GbkIWH6fkGMLw4bqvL_NH6e2wMveX7G-rP2dAqsDSq1mJMOaY&#038;_nc_zt=24&#038;_nc_ht=scontent-gig4-1.xx&#038;_nc_gid=AoBFJeGrT1hVaew_6rchkQ&#038;oh=00_AfX7QmFGhQhG2jAllVgXCiM1ZrWgvtp80-Bfppyexh1QEg&#038;oe=689E923C\" \/>\n\t\t<meta property=\"og:image:secure_url\" content=\"https:\/\/scontent-gig4-1.xx.fbcdn.net\/v\/t39.30808-1\/270437624_4564083193639691_6907940295614233970_n.jpg?stp=dst-jpg_s200x200_tt6&#038;_nc_cat=111&#038;ccb=1-7&#038;_nc_sid=f907e8&#038;_nc_ohc=SM1wRlP3lJwQ7kNvwEPuBYA&#038;_nc_oc=AdnqrjDN_BNjSSHWO-GbkIWH6fkGMLw4bqvL_NH6e2wMveX7G-rP2dAqsDSq1mJMOaY&#038;_nc_zt=24&#038;_nc_ht=scontent-gig4-1.xx&#038;_nc_gid=AoBFJeGrT1hVaew_6rchkQ&#038;oh=00_AfX7QmFGhQhG2jAllVgXCiM1ZrWgvtp80-Bfppyexh1QEg&#038;oe=689E923C\" \/>\n\t\t<meta property=\"article:published_time\" content=\"2018-02-22T21:03:51+00:00\" \/>\n\t\t<meta property=\"article:modified_time\" content=\"2018-02-22T21:16:58+00:00\" \/>\n\t\t<meta name=\"twitter:card\" content=\"summary_large_image\" \/>\n\t\t<meta name=\"twitter:title\" content=\"Tempo de recome\u00e7ar: aos 73 anos, muriaeense ingressa na faculdade - A Not\u00edcia Online\" \/>\n\t\t<meta name=\"twitter:description\" content=\"O jornal A Not\u00edcia esteve na resid\u00eancia de Zilmar Pires do Amaral, de 73 anos, para conversar um pouco sobre a nova fase da vi\u00fava aposentada que iniciou, na ultima segunda-feira (19), sua vida acad\u00eamica, nos bancos do curso de Gastronomia, que tem dura\u00e7\u00e3o de tr\u00eas anos, no Centro Universit\u00e1rio Unifaminas, em Muria\u00e9. A simp\u00e1tica\" \/>\n\t\t<meta name=\"twitter:image\" content=\"https:\/\/scontent-gig4-1.xx.fbcdn.net\/v\/t39.30808-1\/270437624_4564083193639691_6907940295614233970_n.jpg?stp=dst-jpg_s200x200_tt6&amp;_nc_cat=111&amp;ccb=1-7&amp;_nc_sid=f907e8&amp;_nc_ohc=SM1wRlP3lJwQ7kNvwEPuBYA&amp;_nc_oc=AdnqrjDN_BNjSSHWO-GbkIWH6fkGMLw4bqvL_NH6e2wMveX7G-rP2dAqsDSq1mJMOaY&amp;_nc_zt=24&amp;_nc_ht=scontent-gig4-1.xx&amp;_nc_gid=AoBFJeGrT1hVaew_6rchkQ&amp;oh=00_AfX7QmFGhQhG2jAllVgXCiM1ZrWgvtp80-Bfppyexh1QEg&amp;oe=689E923C\" \/>\n\t\t<script type=\"application\/ld+json\" class=\"aioseo-schema\">\n\t\t\t{\"@context\":\"https:\\\/\\\/schema.org\",\"@graph\":[{\"@type\":\"BlogPosting\",\"@id\":\"https:\\\/\\\/anoticiaonline.com.br\\\/site\\\/tempo-de-recomecar-aos-73-anos-muriaeense-ingressa-na-faculdade\\\/#blogposting\",\"name\":\"Tempo de recome\\u00e7ar: aos 73 anos, muriaeense ingressa na faculdade - A Not\\u00edcia Online\",\"headline\":\"Tempo de recome\\u00e7ar: aos 73 anos, muriaeense ingressa na faculdade\",\"author\":{\"@id\":\"https:\\\/\\\/anoticiaonline.com.br\\\/site\\\/author\\\/juliana\\\/#author\"},\"publisher\":{\"@id\":\"https:\\\/\\\/anoticiaonline.com.br\\\/site\\\/#organization\"},\"image\":{\"@type\":\"ImageObject\",\"url\":\"https:\\\/\\\/anoticiaonline.com.br\\\/site\\\/wp-content\\\/uploads\\\/2018\\\/02\\\/DSC05314-1.jpg\",\"width\":640,\"height\":427},\"datePublished\":\"2018-02-22T18:03:51-03:00\",\"dateModified\":\"2018-02-22T18:16:58-03:00\",\"inLanguage\":\"pt-BR\",\"commentCount\":2,\"mainEntityOfPage\":{\"@id\":\"https:\\\/\\\/anoticiaonline.com.br\\\/site\\\/tempo-de-recomecar-aos-73-anos-muriaeense-ingressa-na-faculdade\\\/#webpage\"},\"isPartOf\":{\"@id\":\"https:\\\/\\\/anoticiaonline.com.br\\\/site\\\/tempo-de-recomecar-aos-73-anos-muriaeense-ingressa-na-faculdade\\\/#webpage\"},\"articleSection\":\"Blog, curso, estudos, Gastronomia, Muria\\u00e9, recome\\u00e7ar\"},{\"@type\":\"BreadcrumbList\",\"@id\":\"https:\\\/\\\/anoticiaonline.com.br\\\/site\\\/tempo-de-recomecar-aos-73-anos-muriaeense-ingressa-na-faculdade\\\/#breadcrumblist\",\"itemListElement\":[{\"@type\":\"ListItem\",\"@id\":\"https:\\\/\\\/anoticiaonline.com.br\\\/site#listItem\",\"position\":1,\"name\":\"Home\",\"item\":\"https:\\\/\\\/anoticiaonline.com.br\\\/site\",\"nextItem\":{\"@type\":\"ListItem\",\"@id\":\"https:\\\/\\\/anoticiaonline.com.br\\\/site\\\/categoria\\\/muriae\\\/#listItem\",\"name\":\"Blog\"}},{\"@type\":\"ListItem\",\"@id\":\"https:\\\/\\\/anoticiaonline.com.br\\\/site\\\/categoria\\\/muriae\\\/#listItem\",\"position\":2,\"name\":\"Blog\",\"item\":\"https:\\\/\\\/anoticiaonline.com.br\\\/site\\\/categoria\\\/muriae\\\/\",\"nextItem\":{\"@type\":\"ListItem\",\"@id\":\"https:\\\/\\\/anoticiaonline.com.br\\\/site\\\/tempo-de-recomecar-aos-73-anos-muriaeense-ingressa-na-faculdade\\\/#listItem\",\"name\":\"Tempo de recome\\u00e7ar: aos 73 anos, muriaeense ingressa na faculdade\"},\"previousItem\":{\"@type\":\"ListItem\",\"@id\":\"https:\\\/\\\/anoticiaonline.com.br\\\/site#listItem\",\"name\":\"Home\"}},{\"@type\":\"ListItem\",\"@id\":\"https:\\\/\\\/anoticiaonline.com.br\\\/site\\\/tempo-de-recomecar-aos-73-anos-muriaeense-ingressa-na-faculdade\\\/#listItem\",\"position\":3,\"name\":\"Tempo de recome\\u00e7ar: aos 73 anos, muriaeense ingressa na faculdade\",\"previousItem\":{\"@type\":\"ListItem\",\"@id\":\"https:\\\/\\\/anoticiaonline.com.br\\\/site\\\/categoria\\\/muriae\\\/#listItem\",\"name\":\"Blog\"}}]},{\"@type\":\"Organization\",\"@id\":\"https:\\\/\\\/anoticiaonline.com.br\\\/site\\\/#organization\",\"name\":\"A Not\\u00edcia Online\",\"description\":\"Noticias de Muria\\u00e9 e regi\\u00e3o\",\"url\":\"https:\\\/\\\/anoticiaonline.com.br\\\/site\\\/\",\"logo\":{\"@type\":\"ImageObject\",\"url\":\"https:\\\/\\\/scontent-gig4-1.xx.fbcdn.net\\\/v\\\/t39.30808-1\\\/270437624_4564083193639691_6907940295614233970_n.jpg?stp=dst-jpg_s200x200_tt6&_nc_cat=111&ccb=1-7&_nc_sid=f907e8&_nc_ohc=SM1wRlP3lJwQ7kNvwEPuBYA&_nc_oc=AdnqrjDN_BNjSSHWO-GbkIWH6fkGMLw4bqvL_NH6e2wMveX7G-rP2dAqsDSq1mJMOaY&_nc_zt=24&_nc_ht=scontent-gig4-1.xx&_nc_gid=AoBFJeGrT1hVaew_6rchkQ&oh=00_AfX7QmFGhQhG2jAllVgXCiM1ZrWgvtp80-Bfppyexh1QEg&oe=689E923C\",\"@id\":\"https:\\\/\\\/anoticiaonline.com.br\\\/site\\\/tempo-de-recomecar-aos-73-anos-muriaeense-ingressa-na-faculdade\\\/#organizationLogo\"},\"image\":{\"@id\":\"https:\\\/\\\/anoticiaonline.com.br\\\/site\\\/tempo-de-recomecar-aos-73-anos-muriaeense-ingressa-na-faculdade\\\/#organizationLogo\"}},{\"@type\":\"Person\",\"@id\":\"https:\\\/\\\/anoticiaonline.com.br\\\/site\\\/author\\\/juliana\\\/#author\",\"url\":\"https:\\\/\\\/anoticiaonline.com.br\\\/site\\\/author\\\/juliana\\\/\",\"name\":\"Juliana Laviola\",\"image\":{\"@type\":\"ImageObject\",\"@id\":\"https:\\\/\\\/anoticiaonline.com.br\\\/site\\\/tempo-de-recomecar-aos-73-anos-muriaeense-ingressa-na-faculdade\\\/#authorImage\",\"url\":\"https:\\\/\\\/secure.gravatar.com\\\/avatar\\\/b8d45f5c699b100dfaf0e543582f38f38bf94cb7ae3a5e9abf8d891a34773335?s=96&d=mm&r=g\",\"width\":96,\"height\":96,\"caption\":\"Juliana Laviola\"}},{\"@type\":\"WebPage\",\"@id\":\"https:\\\/\\\/anoticiaonline.com.br\\\/site\\\/tempo-de-recomecar-aos-73-anos-muriaeense-ingressa-na-faculdade\\\/#webpage\",\"url\":\"https:\\\/\\\/anoticiaonline.com.br\\\/site\\\/tempo-de-recomecar-aos-73-anos-muriaeense-ingressa-na-faculdade\\\/\",\"name\":\"Tempo de recome\\u00e7ar: aos 73 anos, muriaeense ingressa na faculdade - A Not\\u00edcia Online\",\"description\":\"O jornal A Not\\u00edcia esteve na resid\\u00eancia de Zilmar Pires do Amaral, de 73 anos, para conversar um pouco sobre a nova fase da vi\\u00fava aposentada que iniciou, na ultima segunda-feira (19), sua vida acad\\u00eamica, nos bancos do curso de Gastronomia, que tem dura\\u00e7\\u00e3o de tr\\u00eas anos, no Centro Universit\\u00e1rio Unifaminas, em Muria\\u00e9. A simp\\u00e1tica\",\"inLanguage\":\"pt-BR\",\"isPartOf\":{\"@id\":\"https:\\\/\\\/anoticiaonline.com.br\\\/site\\\/#website\"},\"breadcrumb\":{\"@id\":\"https:\\\/\\\/anoticiaonline.com.br\\\/site\\\/tempo-de-recomecar-aos-73-anos-muriaeense-ingressa-na-faculdade\\\/#breadcrumblist\"},\"author\":{\"@id\":\"https:\\\/\\\/anoticiaonline.com.br\\\/site\\\/author\\\/juliana\\\/#author\"},\"creator\":{\"@id\":\"https:\\\/\\\/anoticiaonline.com.br\\\/site\\\/author\\\/juliana\\\/#author\"},\"image\":{\"@type\":\"ImageObject\",\"url\":\"https:\\\/\\\/anoticiaonline.com.br\\\/site\\\/wp-content\\\/uploads\\\/2018\\\/02\\\/DSC05314-1.jpg\",\"@id\":\"https:\\\/\\\/anoticiaonline.com.br\\\/site\\\/tempo-de-recomecar-aos-73-anos-muriaeense-ingressa-na-faculdade\\\/#mainImage\",\"width\":640,\"height\":427},\"primaryImageOfPage\":{\"@id\":\"https:\\\/\\\/anoticiaonline.com.br\\\/site\\\/tempo-de-recomecar-aos-73-anos-muriaeense-ingressa-na-faculdade\\\/#mainImage\"},\"datePublished\":\"2018-02-22T18:03:51-03:00\",\"dateModified\":\"2018-02-22T18:16:58-03:00\"},{\"@type\":\"WebSite\",\"@id\":\"https:\\\/\\\/anoticiaonline.com.br\\\/site\\\/#website\",\"url\":\"https:\\\/\\\/anoticiaonline.com.br\\\/site\\\/\",\"name\":\"A Not\\u00edcia Online\",\"description\":\"Noticias de Muria\\u00e9 e regi\\u00e3o\",\"inLanguage\":\"pt-BR\",\"publisher\":{\"@id\":\"https:\\\/\\\/anoticiaonline.com.br\\\/site\\\/#organization\"}}]}\n\t\t<\/script>\n\t\t<!-- All in One SEO -->\n\n","aioseo_head_json":{"title":"Tempo de recome\u00e7ar: aos 73 anos, muriaeense ingressa na faculdade - A Not\u00edcia Online","description":"O jornal A Not\u00edcia esteve na resid\u00eancia de Zilmar Pires do Amaral, de 73 anos, para conversar um pouco sobre a nova fase da vi\u00fava aposentada que iniciou, na ultima segunda-feira (19), sua vida acad\u00eamica, nos bancos do curso de Gastronomia, que tem dura\u00e7\u00e3o de tr\u00eas anos, no Centro Universit\u00e1rio Unifaminas, em Muria\u00e9. A simp\u00e1tica","canonical_url":"https:\/\/anoticiaonline.com.br\/site\/tempo-de-recomecar-aos-73-anos-muriaeense-ingressa-na-faculdade\/","robots":"max-image-preview:large","keywords":"","webmasterTools":{"miscellaneous":""},"schema":{"@context":"https:\/\/schema.org","@graph":[{"@type":"BlogPosting","@id":"https:\/\/anoticiaonline.com.br\/site\/tempo-de-recomecar-aos-73-anos-muriaeense-ingressa-na-faculdade\/#blogposting","name":"Tempo de recome\u00e7ar: aos 73 anos, muriaeense ingressa na faculdade - A Not\u00edcia Online","headline":"Tempo de recome\u00e7ar: aos 73 anos, muriaeense ingressa na faculdade","author":{"@id":"https:\/\/anoticiaonline.com.br\/site\/author\/juliana\/#author"},"publisher":{"@id":"https:\/\/anoticiaonline.com.br\/site\/#organization"},"image":{"@type":"ImageObject","url":"https:\/\/anoticiaonline.com.br\/site\/wp-content\/uploads\/2018\/02\/DSC05314-1.jpg","width":640,"height":427},"datePublished":"2018-02-22T18:03:51-03:00","dateModified":"2018-02-22T18:16:58-03:00","inLanguage":"pt-BR","commentCount":2,"mainEntityOfPage":{"@id":"https:\/\/anoticiaonline.com.br\/site\/tempo-de-recomecar-aos-73-anos-muriaeense-ingressa-na-faculdade\/#webpage"},"isPartOf":{"@id":"https:\/\/anoticiaonline.com.br\/site\/tempo-de-recomecar-aos-73-anos-muriaeense-ingressa-na-faculdade\/#webpage"},"articleSection":"Blog, curso, estudos, Gastronomia, Muria\u00e9, recome\u00e7ar"},{"@type":"BreadcrumbList","@id":"https:\/\/anoticiaonline.com.br\/site\/tempo-de-recomecar-aos-73-anos-muriaeense-ingressa-na-faculdade\/#breadcrumblist","itemListElement":[{"@type":"ListItem","@id":"https:\/\/anoticiaonline.com.br\/site#listItem","position":1,"name":"Home","item":"https:\/\/anoticiaonline.com.br\/site","nextItem":{"@type":"ListItem","@id":"https:\/\/anoticiaonline.com.br\/site\/categoria\/muriae\/#listItem","name":"Blog"}},{"@type":"ListItem","@id":"https:\/\/anoticiaonline.com.br\/site\/categoria\/muriae\/#listItem","position":2,"name":"Blog","item":"https:\/\/anoticiaonline.com.br\/site\/categoria\/muriae\/","nextItem":{"@type":"ListItem","@id":"https:\/\/anoticiaonline.com.br\/site\/tempo-de-recomecar-aos-73-anos-muriaeense-ingressa-na-faculdade\/#listItem","name":"Tempo de recome\u00e7ar: aos 73 anos, muriaeense ingressa na faculdade"},"previousItem":{"@type":"ListItem","@id":"https:\/\/anoticiaonline.com.br\/site#listItem","name":"Home"}},{"@type":"ListItem","@id":"https:\/\/anoticiaonline.com.br\/site\/tempo-de-recomecar-aos-73-anos-muriaeense-ingressa-na-faculdade\/#listItem","position":3,"name":"Tempo de recome\u00e7ar: aos 73 anos, muriaeense ingressa na faculdade","previousItem":{"@type":"ListItem","@id":"https:\/\/anoticiaonline.com.br\/site\/categoria\/muriae\/#listItem","name":"Blog"}}]},{"@type":"Organization","@id":"https:\/\/anoticiaonline.com.br\/site\/#organization","name":"A Not\u00edcia Online","description":"Noticias de Muria\u00e9 e regi\u00e3o","url":"https:\/\/anoticiaonline.com.br\/site\/","logo":{"@type":"ImageObject","url":"https:\/\/scontent-gig4-1.xx.fbcdn.net\/v\/t39.30808-1\/270437624_4564083193639691_6907940295614233970_n.jpg?stp=dst-jpg_s200x200_tt6&_nc_cat=111&ccb=1-7&_nc_sid=f907e8&_nc_ohc=SM1wRlP3lJwQ7kNvwEPuBYA&_nc_oc=AdnqrjDN_BNjSSHWO-GbkIWH6fkGMLw4bqvL_NH6e2wMveX7G-rP2dAqsDSq1mJMOaY&_nc_zt=24&_nc_ht=scontent-gig4-1.xx&_nc_gid=AoBFJeGrT1hVaew_6rchkQ&oh=00_AfX7QmFGhQhG2jAllVgXCiM1ZrWgvtp80-Bfppyexh1QEg&oe=689E923C","@id":"https:\/\/anoticiaonline.com.br\/site\/tempo-de-recomecar-aos-73-anos-muriaeense-ingressa-na-faculdade\/#organizationLogo"},"image":{"@id":"https:\/\/anoticiaonline.com.br\/site\/tempo-de-recomecar-aos-73-anos-muriaeense-ingressa-na-faculdade\/#organizationLogo"}},{"@type":"Person","@id":"https:\/\/anoticiaonline.com.br\/site\/author\/juliana\/#author","url":"https:\/\/anoticiaonline.com.br\/site\/author\/juliana\/","name":"Juliana Laviola","image":{"@type":"ImageObject","@id":"https:\/\/anoticiaonline.com.br\/site\/tempo-de-recomecar-aos-73-anos-muriaeense-ingressa-na-faculdade\/#authorImage","url":"https:\/\/secure.gravatar.com\/avatar\/b8d45f5c699b100dfaf0e543582f38f38bf94cb7ae3a5e9abf8d891a34773335?s=96&d=mm&r=g","width":96,"height":96,"caption":"Juliana Laviola"}},{"@type":"WebPage","@id":"https:\/\/anoticiaonline.com.br\/site\/tempo-de-recomecar-aos-73-anos-muriaeense-ingressa-na-faculdade\/#webpage","url":"https:\/\/anoticiaonline.com.br\/site\/tempo-de-recomecar-aos-73-anos-muriaeense-ingressa-na-faculdade\/","name":"Tempo de recome\u00e7ar: aos 73 anos, muriaeense ingressa na faculdade - A Not\u00edcia Online","description":"O jornal A Not\u00edcia esteve na resid\u00eancia de Zilmar Pires do Amaral, de 73 anos, para conversar um pouco sobre a nova fase da vi\u00fava aposentada que iniciou, na ultima segunda-feira (19), sua vida acad\u00eamica, nos bancos do curso de Gastronomia, que tem dura\u00e7\u00e3o de tr\u00eas anos, no Centro Universit\u00e1rio Unifaminas, em Muria\u00e9. A simp\u00e1tica","inLanguage":"pt-BR","isPartOf":{"@id":"https:\/\/anoticiaonline.com.br\/site\/#website"},"breadcrumb":{"@id":"https:\/\/anoticiaonline.com.br\/site\/tempo-de-recomecar-aos-73-anos-muriaeense-ingressa-na-faculdade\/#breadcrumblist"},"author":{"@id":"https:\/\/anoticiaonline.com.br\/site\/author\/juliana\/#author"},"creator":{"@id":"https:\/\/anoticiaonline.com.br\/site\/author\/juliana\/#author"},"image":{"@type":"ImageObject","url":"https:\/\/anoticiaonline.com.br\/site\/wp-content\/uploads\/2018\/02\/DSC05314-1.jpg","@id":"https:\/\/anoticiaonline.com.br\/site\/tempo-de-recomecar-aos-73-anos-muriaeense-ingressa-na-faculdade\/#mainImage","width":640,"height":427},"primaryImageOfPage":{"@id":"https:\/\/anoticiaonline.com.br\/site\/tempo-de-recomecar-aos-73-anos-muriaeense-ingressa-na-faculdade\/#mainImage"},"datePublished":"2018-02-22T18:03:51-03:00","dateModified":"2018-02-22T18:16:58-03:00"},{"@type":"WebSite","@id":"https:\/\/anoticiaonline.com.br\/site\/#website","url":"https:\/\/anoticiaonline.com.br\/site\/","name":"A Not\u00edcia Online","description":"Noticias de Muria\u00e9 e regi\u00e3o","inLanguage":"pt-BR","publisher":{"@id":"https:\/\/anoticiaonline.com.br\/site\/#organization"}}]},"og:locale":"pt_BR","og:site_name":"A Not\u00edcia Online - Noticias de Muria\u00e9 e regi\u00e3o","og:type":"article","og:title":"Tempo de recome\u00e7ar: aos 73 anos, muriaeense ingressa na faculdade - A Not\u00edcia Online","og:description":"O jornal A Not\u00edcia esteve na resid\u00eancia de Zilmar Pires do Amaral, de 73 anos, para conversar um pouco sobre a nova fase da vi\u00fava aposentada que iniciou, na ultima segunda-feira (19), sua vida acad\u00eamica, nos bancos do curso de Gastronomia, que tem dura\u00e7\u00e3o de tr\u00eas anos, no Centro Universit\u00e1rio Unifaminas, em Muria\u00e9. A simp\u00e1tica","og:url":"https:\/\/anoticiaonline.com.br\/site\/tempo-de-recomecar-aos-73-anos-muriaeense-ingressa-na-faculdade\/","og:image":"https:\/\/scontent-gig4-1.xx.fbcdn.net\/v\/t39.30808-1\/270437624_4564083193639691_6907940295614233970_n.jpg?stp=dst-jpg_s200x200_tt6&#038;_nc_cat=111&#038;ccb=1-7&#038;_nc_sid=f907e8&#038;_nc_ohc=SM1wRlP3lJwQ7kNvwEPuBYA&#038;_nc_oc=AdnqrjDN_BNjSSHWO-GbkIWH6fkGMLw4bqvL_NH6e2wMveX7G-rP2dAqsDSq1mJMOaY&#038;_nc_zt=24&#038;_nc_ht=scontent-gig4-1.xx&#038;_nc_gid=AoBFJeGrT1hVaew_6rchkQ&#038;oh=00_AfX7QmFGhQhG2jAllVgXCiM1ZrWgvtp80-Bfppyexh1QEg&#038;oe=689E923C","og:image:secure_url":"https:\/\/scontent-gig4-1.xx.fbcdn.net\/v\/t39.30808-1\/270437624_4564083193639691_6907940295614233970_n.jpg?stp=dst-jpg_s200x200_tt6&#038;_nc_cat=111&#038;ccb=1-7&#038;_nc_sid=f907e8&#038;_nc_ohc=SM1wRlP3lJwQ7kNvwEPuBYA&#038;_nc_oc=AdnqrjDN_BNjSSHWO-GbkIWH6fkGMLw4bqvL_NH6e2wMveX7G-rP2dAqsDSq1mJMOaY&#038;_nc_zt=24&#038;_nc_ht=scontent-gig4-1.xx&#038;_nc_gid=AoBFJeGrT1hVaew_6rchkQ&#038;oh=00_AfX7QmFGhQhG2jAllVgXCiM1ZrWgvtp80-Bfppyexh1QEg&#038;oe=689E923C","article:published_time":"2018-02-22T21:03:51+00:00","article:modified_time":"2018-02-22T21:16:58+00:00","twitter:card":"summary_large_image","twitter:title":"Tempo de recome\u00e7ar: aos 73 anos, muriaeense ingressa na faculdade - A Not\u00edcia Online","twitter:description":"O jornal A Not\u00edcia esteve na resid\u00eancia de Zilmar Pires do Amaral, de 73 anos, para conversar um pouco sobre a nova fase da vi\u00fava aposentada que iniciou, na ultima segunda-feira (19), sua vida acad\u00eamica, nos bancos do curso de Gastronomia, que tem dura\u00e7\u00e3o de tr\u00eas anos, no Centro Universit\u00e1rio Unifaminas, em Muria\u00e9. A simp\u00e1tica","twitter:image":"https:\/\/scontent-gig4-1.xx.fbcdn.net\/v\/t39.30808-1\/270437624_4564083193639691_6907940295614233970_n.jpg?stp=dst-jpg_s200x200_tt6&_nc_cat=111&ccb=1-7&_nc_sid=f907e8&_nc_ohc=SM1wRlP3lJwQ7kNvwEPuBYA&_nc_oc=AdnqrjDN_BNjSSHWO-GbkIWH6fkGMLw4bqvL_NH6e2wMveX7G-rP2dAqsDSq1mJMOaY&_nc_zt=24&_nc_ht=scontent-gig4-1.xx&_nc_gid=AoBFJeGrT1hVaew_6rchkQ&oh=00_AfX7QmFGhQhG2jAllVgXCiM1ZrWgvtp80-Bfppyexh1QEg&oe=689E923C"},"aioseo_meta_data":{"post_id":"50396","title":null,"description":null,"keywords":null,"keyphrases":null,"primary_term":null,"canonical_url":null,"og_title":null,"og_description":null,"og_object_type":"default","og_image_type":"default","og_image_url":null,"og_image_width":null,"og_image_height":null,"og_image_custom_url":null,"og_image_custom_fields":null,"og_video":null,"og_custom_url":null,"og_article_section":null,"og_article_tags":null,"twitter_use_og":false,"twitter_card":"default","twitter_image_type":"default","twitter_image_url":null,"twitter_image_custom_url":null,"twitter_image_custom_fields":null,"twitter_title":null,"twitter_description":null,"schema":{"blockGraphs":[],"customGraphs":[],"default":{"data":{"Article":[],"Course":[],"Dataset":[],"FAQPage":[],"Movie":[],"Person":[],"Product":[],"ProductReview":[],"Car":[],"Recipe":[],"Service":[],"SoftwareApplication":[],"WebPage":[]},"graphName":"","isEnabled":true},"graphs":[]},"schema_type":"default","schema_type_options":null,"pillar_content":false,"robots_default":true,"robots_noindex":false,"robots_noarchive":false,"robots_nosnippet":false,"robots_nofollow":false,"robots_noimageindex":false,"robots_noodp":false,"robots_notranslate":false,"robots_max_snippet":null,"robots_max_videopreview":null,"robots_max_imagepreview":"large","priority":null,"frequency":null,"local_seo":null,"breadcrumb_settings":null,"limit_modified_date":false,"ai":null,"created":"2025-08-16 20:21:28","updated":"2025-08-16 20:21:28","focus_keyword":null,"additional_keywords":null,"truseo_locale":null,"seo_analyzer_scan_date":null},"aioseo_breadcrumb":"<div class=\"aioseo-breadcrumbs\"><span class=\"aioseo-breadcrumb\">\n\t\t\t<a href=\"https:\/\/anoticiaonline.com.br\/site\" title=\"Home\">Home<\/a>\n\t\t<\/span><span class=\"aioseo-breadcrumb-separator\">&raquo;<\/span><span class=\"aioseo-breadcrumb\">\n\t\t\t<a href=\"https:\/\/anoticiaonline.com.br\/site\/categoria\/muriae\/\" title=\"Blog\">Blog<\/a>\n\t\t<\/span><span class=\"aioseo-breadcrumb-separator\">&raquo;<\/span><span class=\"aioseo-breadcrumb\">\n\t\t\tTempo de recome\u00e7ar: aos 73 anos, muriaeense ingressa na faculdade\n\t\t<\/span><\/div>","aioseo_breadcrumb_json":[{"label":"Home","link":"https:\/\/anoticiaonline.com.br\/site"},{"label":"Blog","link":"https:\/\/anoticiaonline.com.br\/site\/categoria\/muriae\/"},{"label":"Tempo de recome\u00e7ar: aos 73 anos, muriaeense ingressa na faculdade","link":"https:\/\/anoticiaonline.com.br\/site\/tempo-de-recomecar-aos-73-anos-muriaeense-ingressa-na-faculdade\/"}],"views":213,"_links":{"self":[{"href":"https:\/\/anoticiaonline.com.br\/site\/wp-json\/wp\/v2\/posts\/50396","targetHints":{"allow":["GET"]}}],"collection":[{"href":"https:\/\/anoticiaonline.com.br\/site\/wp-json\/wp\/v2\/posts"}],"about":[{"href":"https:\/\/anoticiaonline.com.br\/site\/wp-json\/wp\/v2\/types\/post"}],"author":[{"embeddable":true,"href":"https:\/\/anoticiaonline.com.br\/site\/wp-json\/wp\/v2\/users\/2"}],"replies":[{"embeddable":true,"href":"https:\/\/anoticiaonline.com.br\/site\/wp-json\/wp\/v2\/comments?post=50396"}],"version-history":[{"count":0,"href":"https:\/\/anoticiaonline.com.br\/site\/wp-json\/wp\/v2\/posts\/50396\/revisions"}],"wp:featuredmedia":[{"embeddable":true,"href":"https:\/\/anoticiaonline.com.br\/site\/wp-json\/wp\/v2\/media\/50398"}],"wp:attachment":[{"href":"https:\/\/anoticiaonline.com.br\/site\/wp-json\/wp\/v2\/media?parent=50396"}],"wp:term":[{"taxonomy":"category","embeddable":true,"href":"https:\/\/anoticiaonline.com.br\/site\/wp-json\/wp\/v2\/categories?post=50396"},{"taxonomy":"post_tag","embeddable":true,"href":"https:\/\/anoticiaonline.com.br\/site\/wp-json\/wp\/v2\/tags?post=50396"}],"curies":[{"name":"wp","href":"https:\/\/api.w.org\/{rel}","templated":true}]}}