{"id":5039,"date":"2015-10-21T10:04:09","date_gmt":"2015-10-21T13:04:09","guid":{"rendered":"http:\/\/anoticiaonline.com.br\/site\/?p=5039"},"modified":"2015-10-21T10:04:09","modified_gmt":"2015-10-21T13:04:09","slug":"teatro-belmira-vilas-boas-sera-palco-do-show-por-causa-de-voce-neste-sabado","status":"publish","type":"post","link":"https:\/\/anoticiaonline.com.br\/site\/teatro-belmira-vilas-boas-sera-palco-do-show-por-causa-de-voce-neste-sabado\/","title":{"rendered":"Teatro Belmira Vilas Boas ser\u00e1 palco do show &#8220;Por causa de voc\u00ea&#8221; neste s\u00e1bado"},"content":{"rendered":"<figure id=\"attachment_5040\" aria-describedby=\"caption-attachment-5040\" style=\"width: 290px\" class=\"wp-caption alignleft\"><a href=\"https:\/\/anoticiaonline.com.br\/site\/wp-content\/uploads\/2015\/10\/Teatro-Belmira-Vilas-Boas-ser\u00e1-palco-do-show-Por-causa-de-voc\u00ea.jpg\"><img fetchpriority=\"high\" decoding=\"async\" class=\"size-medium wp-image-5040\" src=\"https:\/\/anoticiaonline.com.br\/site\/wp-content\/uploads\/2015\/10\/Teatro-Belmira-Vilas-Boas-ser\u00e1-palco-do-show-Por-causa-de-voc\u00ea-300x200.jpg\" alt=\"Apresenta\u00e7\u00e3o homenageia 85 anos de Dolores Duran\/ Foto: Divulga\u00e7\u00e3o\" width=\"300\" height=\"200\" srcset=\"https:\/\/anoticiaonline.com.br\/site\/wp-content\/uploads\/2015\/10\/Teatro-Belmira-Vilas-Boas-ser\u00e1-palco-do-show-Por-causa-de-voc\u00ea-300x200.jpg 300w, https:\/\/anoticiaonline.com.br\/site\/wp-content\/uploads\/2015\/10\/Teatro-Belmira-Vilas-Boas-ser\u00e1-palco-do-show-Por-causa-de-voc\u00ea-290x192.jpg 290w, https:\/\/anoticiaonline.com.br\/site\/wp-content\/uploads\/2015\/10\/Teatro-Belmira-Vilas-Boas-ser\u00e1-palco-do-show-Por-causa-de-voc\u00ea.jpg 640w\" sizes=\"(max-width: 300px) 100vw, 300px\" \/><\/a><figcaption id=\"caption-attachment-5040\" class=\"wp-caption-text\">Apresenta\u00e7\u00e3o homenageia 85 anos de Dolores Duran\/ Foto: Divulga\u00e7\u00e3o<\/figcaption><\/figure>\n<p>Max Robert e Marc\u00ea Porena apresentam, neste s\u00e1bado (24), no Teatro Municipal Belimira Vilas Boas, o repert\u00f3rio de uma das mais importantes artistas brasileiras. O show &#8220;Por causa de voc\u00ea&#8221;, que acontece \u00e0s 21h, em apresenta\u00e7\u00e3o \u00fanica, homenageia os 85 anos de Dolores Duran.<\/p>\n<p>A artista morreu aos 29 anos e sua carreira, embora breve, foi marcante para a m\u00fasica. A cantora tem um grande n\u00famero de regrava\u00e7\u00f5es, mas o show \u00e9 uma homenagem \u00e0 compositora, que tem uma obra impec\u00e1vel com grandes cl\u00e1ssicos, como \u201cEstrada do sol\u201d, \u201cPor causa de voc\u00ea\u201d, em parceria com Tom Jobim, e \u201cA noite do meu bem&#8221;, que neste show \u00e9 apresentada com uma forma\u00e7\u00e3o de viol\u00e3o, voz e instrumentos virtuais como flauta, clarinete, harpa, tocados e arranjados por Max Robert.<\/p>\n<p>\u201cInterpretar a Dolores \u00e9 um desafio, pois suas m\u00fasicas mexem muito comigo, me deixam \u00e0 flor da pele. Dif\u00edcil n\u00e3o se envolver com a obra dela. Escolhi homenage\u00e1-la porque cresci escutando suas composi\u00e7\u00f5es e elas sempre me emocionaram. A for\u00e7a de suas can\u00e7\u00f5es atravessa d\u00e9cadas e cada vez se faz mais necess\u00e1rio falar de amor como ela fez. \u2018Por causa de voc\u00ea\u2019, t\u00edtulo desse show, era a m\u00fasica que minha m\u00e3e cantarolava em casa e desde o in\u00edcio de minha carreira existia o desejo de poder interpret\u00e1-la\u201d, conta a cantora e compositora Marc\u00ea Porena.<\/p>\n<p>A homenagem a uma das mais importantes artistas brasileiras acontece desde 2009 e j\u00e1 viajou por diversas cidades do Brasil. O repert\u00f3rio do show conta com 15 can\u00e7\u00f5es, todas de autoria de Dolores Duran solo ou em parceria. \u201cQuem me apresentou a obra toda de Dolores foi a Marc\u00ea. Ao ouvi-la, me deparei com uma rar\u00edssima beleza. Estava frente a frente com uma artista autodidata, mas com uma riqueza imensa de melodia e poesia\u201d, afirma Max Robert, compositor, instrumentista e arranjador.<\/p>\n<p>Os ingressos podem ser adquiridos no Teatro Municipal. Mais informa\u00e7\u00f5es podem ser obtidas pelo telefone 3721-0111.<\/p>\n<p><strong>SOBRE MAX ROBERT E MARC\u00ca PORENA:<\/strong><\/p>\n<p>Max \u00e9 paulista, radicado no Rio de Janeiro, foi integrante do grupo de rock \u201cO Ter\u00e7o\u201d. \u00c9 parceiro de palco de artistas como Danilo Caymmi, Guinga e a cantora Jane Duboc. Sua discografia solo totaliza cinco CD\u2019s, dois deles lan\u00e7ados com o grupo \u201cO Ter\u00e7o\u201d. \u00c9 o respons\u00e1vel pelos arranjos do show \u201cPor causa de voc\u00ea\u201d e da trilha da pe\u00e7a \u201cO casamento suspeitoso\u201d, de Ariano Suassuna.<\/p>\n<p>Marc\u00ea come\u00e7ou cantando em bares com grupos de MPB. Gravou, em 2005, uma participa\u00e7\u00e3o no CD &#8220;Todo Bossa&#8221; ao lado de Danilo Caymmi, Guinga e Jane Duboc. Em 2007, participou no document\u00e1rio argentino de m\u00fasica brasileira &#8220;M\u00fasica Del Terceiro Mil\u00eanio&#8221;. Em 2009 estreou o seu show solo &#8220;Por causa de voc\u00ea&#8221;. Viajou tamb\u00e9m pelo Brasil como convidada especial do show \u201cInstrumentos e Can\u00e7\u00f5es\u201d, de Max Robert e Guinga. Em 2011, participou da remontagem da opereta \u201cFlor Tapuya\u201d, de Pixinguinha e em 2012, do musical brasileiro \u201cHist\u00f3rias de Alexandre\u201d, baseado na obra de Graciliano Ramos, no Centro Cultural Banco do Brasil, no Rio de Janeiro e Bras\u00edlia.<\/p>\n","protected":false},"excerpt":{"rendered":"<p>Max Robert e Marc\u00ea Porena apresentam, neste s\u00e1bado (24), no Teatro Municipal Belimira Vilas Boas, o repert\u00f3rio de uma das mais importantes artistas brasileiras. O show &#8220;Por causa de voc\u00ea&#8221;, que acontece \u00e0s 21h, em apresenta\u00e7\u00e3o \u00fanica, homenageia os 85 anos de Dolores Duran. A artista morreu aos 29 anos e sua carreira, embora breve, &#8230; <a title=\"Teatro Belmira Vilas Boas ser\u00e1 palco do show &#8220;Por causa de voc\u00ea&#8221; neste s\u00e1bado\" class=\"read-more\" href=\"https:\/\/anoticiaonline.com.br\/site\/teatro-belmira-vilas-boas-sera-palco-do-show-por-causa-de-voce-neste-sabado\/\" aria-label=\"Read more about Teatro Belmira Vilas Boas ser\u00e1 palco do show &#8220;Por causa de voc\u00ea&#8221; neste s\u00e1bado\">Ler mais<\/a><\/p>\n","protected":false},"author":2,"featured_media":5040,"comment_status":"open","ping_status":"open","sticky":false,"template":"","format":"standard","meta":{"_acf_changed":false,"_monsterinsights_skip_tracking":false,"footnotes":""},"categories":[19],"tags":[3],"class_list":["post-5039","post","type-post","status-publish","format-standard","has-post-thumbnail","hentry","category-cultura","tag-slide"],"acf":[],"aioseo_notices":[],"aioseo_head":"\n\t\t<!-- All in One SEO 5.0.0.1 - aioseo.com -->\n\t<meta name=\"description\" content=\"Max Robert e Marc\u00ea Porena apresentam, neste s\u00e1bado (24), no Teatro Municipal Belimira Vilas Boas, o repert\u00f3rio de uma das mais importantes artistas brasileiras. O show &quot;Por causa de voc\u00ea&quot;, que acontece \u00e0s 21h, em apresenta\u00e7\u00e3o \u00fanica, homenageia os 85 anos de Dolores Duran. A artista morreu aos 29 anos e sua carreira, embora breve,\" \/>\n\t<meta name=\"robots\" content=\"max-image-preview:large\" \/>\n\t<meta name=\"author\" content=\"Juliana Laviola\"\/>\n\t<link rel=\"canonical\" href=\"https:\/\/anoticiaonline.com.br\/site\/teatro-belmira-vilas-boas-sera-palco-do-show-por-causa-de-voce-neste-sabado\/\" \/>\n\t<meta name=\"generator\" content=\"All in One SEO (AIOSEO) 5.0.0.1\" \/>\n\t\t<meta property=\"og:locale\" content=\"pt_BR\" \/>\n\t\t<meta property=\"og:site_name\" content=\"A Not\u00edcia Online - Noticias de Muria\u00e9 e regi\u00e3o\" \/>\n\t\t<meta property=\"og:type\" content=\"article\" \/>\n\t\t<meta property=\"og:title\" content=\"Teatro Belmira Vilas Boas ser\u00e1 palco do show \u201cPor causa de voc\u00ea\u201d neste s\u00e1bado - A Not\u00edcia Online\" \/>\n\t\t<meta property=\"og:description\" content=\"Max Robert e Marc\u00ea Porena apresentam, neste s\u00e1bado (24), no Teatro Municipal Belimira Vilas Boas, o repert\u00f3rio de uma das mais importantes artistas brasileiras. O show &quot;Por causa de voc\u00ea&quot;, que acontece \u00e0s 21h, em apresenta\u00e7\u00e3o \u00fanica, homenageia os 85 anos de Dolores Duran. A artista morreu aos 29 anos e sua carreira, embora breve,\" \/>\n\t\t<meta property=\"og:url\" content=\"https:\/\/anoticiaonline.com.br\/site\/teatro-belmira-vilas-boas-sera-palco-do-show-por-causa-de-voce-neste-sabado\/\" \/>\n\t\t<meta property=\"og:image\" content=\"https:\/\/scontent-gig4-1.xx.fbcdn.net\/v\/t39.30808-1\/270437624_4564083193639691_6907940295614233970_n.jpg?stp=dst-jpg_s200x200_tt6&#038;_nc_cat=111&#038;ccb=1-7&#038;_nc_sid=f907e8&#038;_nc_ohc=SM1wRlP3lJwQ7kNvwEPuBYA&#038;_nc_oc=AdnqrjDN_BNjSSHWO-GbkIWH6fkGMLw4bqvL_NH6e2wMveX7G-rP2dAqsDSq1mJMOaY&#038;_nc_zt=24&#038;_nc_ht=scontent-gig4-1.xx&#038;_nc_gid=AoBFJeGrT1hVaew_6rchkQ&#038;oh=00_AfX7QmFGhQhG2jAllVgXCiM1ZrWgvtp80-Bfppyexh1QEg&#038;oe=689E923C\" \/>\n\t\t<meta property=\"og:image:secure_url\" content=\"https:\/\/scontent-gig4-1.xx.fbcdn.net\/v\/t39.30808-1\/270437624_4564083193639691_6907940295614233970_n.jpg?stp=dst-jpg_s200x200_tt6&#038;_nc_cat=111&#038;ccb=1-7&#038;_nc_sid=f907e8&#038;_nc_ohc=SM1wRlP3lJwQ7kNvwEPuBYA&#038;_nc_oc=AdnqrjDN_BNjSSHWO-GbkIWH6fkGMLw4bqvL_NH6e2wMveX7G-rP2dAqsDSq1mJMOaY&#038;_nc_zt=24&#038;_nc_ht=scontent-gig4-1.xx&#038;_nc_gid=AoBFJeGrT1hVaew_6rchkQ&#038;oh=00_AfX7QmFGhQhG2jAllVgXCiM1ZrWgvtp80-Bfppyexh1QEg&#038;oe=689E923C\" \/>\n\t\t<meta property=\"article:published_time\" content=\"2015-10-21T13:04:09+00:00\" \/>\n\t\t<meta property=\"article:modified_time\" content=\"2015-10-21T13:04:09+00:00\" \/>\n\t\t<meta name=\"twitter:card\" content=\"summary_large_image\" \/>\n\t\t<meta name=\"twitter:title\" content=\"Teatro Belmira Vilas Boas ser\u00e1 palco do show \u201cPor causa de voc\u00ea\u201d neste s\u00e1bado - A Not\u00edcia Online\" \/>\n\t\t<meta name=\"twitter:description\" content=\"Max Robert e Marc\u00ea Porena apresentam, neste s\u00e1bado (24), no Teatro Municipal Belimira Vilas Boas, o repert\u00f3rio de uma das mais importantes artistas brasileiras. O show &quot;Por causa de voc\u00ea&quot;, que acontece \u00e0s 21h, em apresenta\u00e7\u00e3o \u00fanica, homenageia os 85 anos de Dolores Duran. A artista morreu aos 29 anos e sua carreira, embora breve,\" \/>\n\t\t<meta name=\"twitter:image\" content=\"https:\/\/scontent-gig4-1.xx.fbcdn.net\/v\/t39.30808-1\/270437624_4564083193639691_6907940295614233970_n.jpg?stp=dst-jpg_s200x200_tt6&amp;_nc_cat=111&amp;ccb=1-7&amp;_nc_sid=f907e8&amp;_nc_ohc=SM1wRlP3lJwQ7kNvwEPuBYA&amp;_nc_oc=AdnqrjDN_BNjSSHWO-GbkIWH6fkGMLw4bqvL_NH6e2wMveX7G-rP2dAqsDSq1mJMOaY&amp;_nc_zt=24&amp;_nc_ht=scontent-gig4-1.xx&amp;_nc_gid=AoBFJeGrT1hVaew_6rchkQ&amp;oh=00_AfX7QmFGhQhG2jAllVgXCiM1ZrWgvtp80-Bfppyexh1QEg&amp;oe=689E923C\" \/>\n\t\t<script type=\"application\/ld+json\" class=\"aioseo-schema\">\n\t\t\t{\"@context\":\"https:\\\/\\\/schema.org\",\"@graph\":[{\"@type\":\"BlogPosting\",\"@id\":\"https:\\\/\\\/anoticiaonline.com.br\\\/site\\\/teatro-belmira-vilas-boas-sera-palco-do-show-por-causa-de-voce-neste-sabado\\\/#blogposting\",\"name\":\"Teatro Belmira Vilas Boas ser\\u00e1 palco do show \\u201cPor causa de voc\\u00ea\\u201d neste s\\u00e1bado - A Not\\u00edcia Online\",\"headline\":\"Teatro Belmira Vilas Boas ser\\u00e1 palco do show &#8220;Por causa de voc\\u00ea&#8221; neste s\\u00e1bado\",\"author\":{\"@id\":\"https:\\\/\\\/anoticiaonline.com.br\\\/site\\\/author\\\/juliana\\\/#author\"},\"publisher\":{\"@id\":\"https:\\\/\\\/anoticiaonline.com.br\\\/site\\\/#organization\"},\"image\":{\"@type\":\"ImageObject\",\"url\":\"https:\\\/\\\/anoticiaonline.com.br\\\/site\\\/wp-content\\\/uploads\\\/2015\\\/10\\\/Teatro-Belmira-Vilas-Boas-ser\\u00e1-palco-do-show-Por-causa-de-voc\\u00ea.jpg\",\"width\":640,\"height\":427,\"caption\":\"Apresenta\\u00e7\\u00e3o homenageia 85 anos de Dolores Duran\\\/ Foto: Divulga\\u00e7\\u00e3o\"},\"datePublished\":\"2015-10-21T10:04:09-03:00\",\"dateModified\":\"2015-10-21T10:04:09-03:00\",\"inLanguage\":\"pt-BR\",\"mainEntityOfPage\":{\"@id\":\"https:\\\/\\\/anoticiaonline.com.br\\\/site\\\/teatro-belmira-vilas-boas-sera-palco-do-show-por-causa-de-voce-neste-sabado\\\/#webpage\"},\"isPartOf\":{\"@id\":\"https:\\\/\\\/anoticiaonline.com.br\\\/site\\\/teatro-belmira-vilas-boas-sera-palco-do-show-por-causa-de-voce-neste-sabado\\\/#webpage\"},\"articleSection\":\"Cultura, slide\"},{\"@type\":\"BreadcrumbList\",\"@id\":\"https:\\\/\\\/anoticiaonline.com.br\\\/site\\\/teatro-belmira-vilas-boas-sera-palco-do-show-por-causa-de-voce-neste-sabado\\\/#breadcrumblist\",\"itemListElement\":[{\"@type\":\"ListItem\",\"@id\":\"https:\\\/\\\/anoticiaonline.com.br\\\/site#listItem\",\"position\":1,\"name\":\"Home\",\"item\":\"https:\\\/\\\/anoticiaonline.com.br\\\/site\",\"nextItem\":{\"@type\":\"ListItem\",\"@id\":\"https:\\\/\\\/anoticiaonline.com.br\\\/site\\\/categoria\\\/muriae\\\/#listItem\",\"name\":\"Blog\"}},{\"@type\":\"ListItem\",\"@id\":\"https:\\\/\\\/anoticiaonline.com.br\\\/site\\\/categoria\\\/muriae\\\/#listItem\",\"position\":2,\"name\":\"Blog\",\"item\":\"https:\\\/\\\/anoticiaonline.com.br\\\/site\\\/categoria\\\/muriae\\\/\",\"nextItem\":{\"@type\":\"ListItem\",\"@id\":\"https:\\\/\\\/anoticiaonline.com.br\\\/site\\\/categoria\\\/muriae\\\/cultura\\\/#listItem\",\"name\":\"Cultura\"},\"previousItem\":{\"@type\":\"ListItem\",\"@id\":\"https:\\\/\\\/anoticiaonline.com.br\\\/site#listItem\",\"name\":\"Home\"}},{\"@type\":\"ListItem\",\"@id\":\"https:\\\/\\\/anoticiaonline.com.br\\\/site\\\/categoria\\\/muriae\\\/cultura\\\/#listItem\",\"position\":3,\"name\":\"Cultura\",\"item\":\"https:\\\/\\\/anoticiaonline.com.br\\\/site\\\/categoria\\\/muriae\\\/cultura\\\/\",\"nextItem\":{\"@type\":\"ListItem\",\"@id\":\"https:\\\/\\\/anoticiaonline.com.br\\\/site\\\/teatro-belmira-vilas-boas-sera-palco-do-show-por-causa-de-voce-neste-sabado\\\/#listItem\",\"name\":\"Teatro Belmira Vilas Boas ser\\u00e1 palco do show &#8220;Por causa de voc\\u00ea&#8221; neste s\\u00e1bado\"},\"previousItem\":{\"@type\":\"ListItem\",\"@id\":\"https:\\\/\\\/anoticiaonline.com.br\\\/site\\\/categoria\\\/muriae\\\/#listItem\",\"name\":\"Blog\"}},{\"@type\":\"ListItem\",\"@id\":\"https:\\\/\\\/anoticiaonline.com.br\\\/site\\\/teatro-belmira-vilas-boas-sera-palco-do-show-por-causa-de-voce-neste-sabado\\\/#listItem\",\"position\":4,\"name\":\"Teatro Belmira Vilas Boas ser\\u00e1 palco do show &#8220;Por causa de voc\\u00ea&#8221; neste s\\u00e1bado\",\"previousItem\":{\"@type\":\"ListItem\",\"@id\":\"https:\\\/\\\/anoticiaonline.com.br\\\/site\\\/categoria\\\/muriae\\\/cultura\\\/#listItem\",\"name\":\"Cultura\"}}]},{\"@type\":\"Organization\",\"@id\":\"https:\\\/\\\/anoticiaonline.com.br\\\/site\\\/#organization\",\"name\":\"A Not\\u00edcia Online\",\"description\":\"Noticias de Muria\\u00e9 e regi\\u00e3o\",\"url\":\"https:\\\/\\\/anoticiaonline.com.br\\\/site\\\/\",\"logo\":{\"@type\":\"ImageObject\",\"url\":\"https:\\\/\\\/scontent-gig4-1.xx.fbcdn.net\\\/v\\\/t39.30808-1\\\/270437624_4564083193639691_6907940295614233970_n.jpg?stp=dst-jpg_s200x200_tt6&_nc_cat=111&ccb=1-7&_nc_sid=f907e8&_nc_ohc=SM1wRlP3lJwQ7kNvwEPuBYA&_nc_oc=AdnqrjDN_BNjSSHWO-GbkIWH6fkGMLw4bqvL_NH6e2wMveX7G-rP2dAqsDSq1mJMOaY&_nc_zt=24&_nc_ht=scontent-gig4-1.xx&_nc_gid=AoBFJeGrT1hVaew_6rchkQ&oh=00_AfX7QmFGhQhG2jAllVgXCiM1ZrWgvtp80-Bfppyexh1QEg&oe=689E923C\",\"@id\":\"https:\\\/\\\/anoticiaonline.com.br\\\/site\\\/teatro-belmira-vilas-boas-sera-palco-do-show-por-causa-de-voce-neste-sabado\\\/#organizationLogo\"},\"image\":{\"@id\":\"https:\\\/\\\/anoticiaonline.com.br\\\/site\\\/teatro-belmira-vilas-boas-sera-palco-do-show-por-causa-de-voce-neste-sabado\\\/#organizationLogo\"}},{\"@type\":\"Person\",\"@id\":\"https:\\\/\\\/anoticiaonline.com.br\\\/site\\\/author\\\/juliana\\\/#author\",\"url\":\"https:\\\/\\\/anoticiaonline.com.br\\\/site\\\/author\\\/juliana\\\/\",\"name\":\"Juliana Laviola\",\"image\":{\"@type\":\"ImageObject\",\"@id\":\"https:\\\/\\\/anoticiaonline.com.br\\\/site\\\/teatro-belmira-vilas-boas-sera-palco-do-show-por-causa-de-voce-neste-sabado\\\/#authorImage\",\"url\":\"https:\\\/\\\/secure.gravatar.com\\\/avatar\\\/b8d45f5c699b100dfaf0e543582f38f38bf94cb7ae3a5e9abf8d891a34773335?s=96&d=mm&r=g\",\"width\":96,\"height\":96,\"caption\":\"Juliana Laviola\"}},{\"@type\":\"WebPage\",\"@id\":\"https:\\\/\\\/anoticiaonline.com.br\\\/site\\\/teatro-belmira-vilas-boas-sera-palco-do-show-por-causa-de-voce-neste-sabado\\\/#webpage\",\"url\":\"https:\\\/\\\/anoticiaonline.com.br\\\/site\\\/teatro-belmira-vilas-boas-sera-palco-do-show-por-causa-de-voce-neste-sabado\\\/\",\"name\":\"Teatro Belmira Vilas Boas ser\\u00e1 palco do show \\u201cPor causa de voc\\u00ea\\u201d neste s\\u00e1bado - A Not\\u00edcia Online\",\"description\":\"Max Robert e Marc\\u00ea Porena apresentam, neste s\\u00e1bado (24), no Teatro Municipal Belimira Vilas Boas, o repert\\u00f3rio de uma das mais importantes artistas brasileiras. O show \\\"Por causa de voc\\u00ea\\\", que acontece \\u00e0s 21h, em apresenta\\u00e7\\u00e3o \\u00fanica, homenageia os 85 anos de Dolores Duran. A artista morreu aos 29 anos e sua carreira, embora breve,\",\"inLanguage\":\"pt-BR\",\"isPartOf\":{\"@id\":\"https:\\\/\\\/anoticiaonline.com.br\\\/site\\\/#website\"},\"breadcrumb\":{\"@id\":\"https:\\\/\\\/anoticiaonline.com.br\\\/site\\\/teatro-belmira-vilas-boas-sera-palco-do-show-por-causa-de-voce-neste-sabado\\\/#breadcrumblist\"},\"author\":{\"@id\":\"https:\\\/\\\/anoticiaonline.com.br\\\/site\\\/author\\\/juliana\\\/#author\"},\"creator\":{\"@id\":\"https:\\\/\\\/anoticiaonline.com.br\\\/site\\\/author\\\/juliana\\\/#author\"},\"image\":{\"@type\":\"ImageObject\",\"url\":\"https:\\\/\\\/anoticiaonline.com.br\\\/site\\\/wp-content\\\/uploads\\\/2015\\\/10\\\/Teatro-Belmira-Vilas-Boas-ser\\u00e1-palco-do-show-Por-causa-de-voc\\u00ea.jpg\",\"@id\":\"https:\\\/\\\/anoticiaonline.com.br\\\/site\\\/teatro-belmira-vilas-boas-sera-palco-do-show-por-causa-de-voce-neste-sabado\\\/#mainImage\",\"width\":640,\"height\":427,\"caption\":\"Apresenta\\u00e7\\u00e3o homenageia 85 anos de Dolores Duran\\\/ Foto: Divulga\\u00e7\\u00e3o\"},\"primaryImageOfPage\":{\"@id\":\"https:\\\/\\\/anoticiaonline.com.br\\\/site\\\/teatro-belmira-vilas-boas-sera-palco-do-show-por-causa-de-voce-neste-sabado\\\/#mainImage\"},\"datePublished\":\"2015-10-21T10:04:09-03:00\",\"dateModified\":\"2015-10-21T10:04:09-03:00\"},{\"@type\":\"WebSite\",\"@id\":\"https:\\\/\\\/anoticiaonline.com.br\\\/site\\\/#website\",\"url\":\"https:\\\/\\\/anoticiaonline.com.br\\\/site\\\/\",\"name\":\"A Not\\u00edcia Online\",\"description\":\"Noticias de Muria\\u00e9 e regi\\u00e3o\",\"inLanguage\":\"pt-BR\",\"publisher\":{\"@id\":\"https:\\\/\\\/anoticiaonline.com.br\\\/site\\\/#organization\"}}]}\n\t\t<\/script>\n\t\t<!-- All in One SEO -->\n\n","aioseo_head_json":{"title":"Teatro Belmira Vilas Boas ser\u00e1 palco do show \u201cPor causa de voc\u00ea\u201d neste s\u00e1bado - A Not\u00edcia Online","description":"Max Robert e Marc\u00ea Porena apresentam, neste s\u00e1bado (24), no Teatro Municipal Belimira Vilas Boas, o repert\u00f3rio de uma das mais importantes artistas brasileiras. O show \"Por causa de voc\u00ea\", que acontece \u00e0s 21h, em apresenta\u00e7\u00e3o \u00fanica, homenageia os 85 anos de Dolores Duran. A artista morreu aos 29 anos e sua carreira, embora breve,","canonical_url":"https:\/\/anoticiaonline.com.br\/site\/teatro-belmira-vilas-boas-sera-palco-do-show-por-causa-de-voce-neste-sabado\/","robots":"max-image-preview:large","keywords":"","webmasterTools":{"miscellaneous":""},"schema":{"@context":"https:\/\/schema.org","@graph":[{"@type":"BlogPosting","@id":"https:\/\/anoticiaonline.com.br\/site\/teatro-belmira-vilas-boas-sera-palco-do-show-por-causa-de-voce-neste-sabado\/#blogposting","name":"Teatro Belmira Vilas Boas ser\u00e1 palco do show \u201cPor causa de voc\u00ea\u201d neste s\u00e1bado - A Not\u00edcia Online","headline":"Teatro Belmira Vilas Boas ser\u00e1 palco do show &#8220;Por causa de voc\u00ea&#8221; neste s\u00e1bado","author":{"@id":"https:\/\/anoticiaonline.com.br\/site\/author\/juliana\/#author"},"publisher":{"@id":"https:\/\/anoticiaonline.com.br\/site\/#organization"},"image":{"@type":"ImageObject","url":"https:\/\/anoticiaonline.com.br\/site\/wp-content\/uploads\/2015\/10\/Teatro-Belmira-Vilas-Boas-ser\u00e1-palco-do-show-Por-causa-de-voc\u00ea.jpg","width":640,"height":427,"caption":"Apresenta\u00e7\u00e3o homenageia 85 anos de Dolores Duran\/ Foto: Divulga\u00e7\u00e3o"},"datePublished":"2015-10-21T10:04:09-03:00","dateModified":"2015-10-21T10:04:09-03:00","inLanguage":"pt-BR","mainEntityOfPage":{"@id":"https:\/\/anoticiaonline.com.br\/site\/teatro-belmira-vilas-boas-sera-palco-do-show-por-causa-de-voce-neste-sabado\/#webpage"},"isPartOf":{"@id":"https:\/\/anoticiaonline.com.br\/site\/teatro-belmira-vilas-boas-sera-palco-do-show-por-causa-de-voce-neste-sabado\/#webpage"},"articleSection":"Cultura, slide"},{"@type":"BreadcrumbList","@id":"https:\/\/anoticiaonline.com.br\/site\/teatro-belmira-vilas-boas-sera-palco-do-show-por-causa-de-voce-neste-sabado\/#breadcrumblist","itemListElement":[{"@type":"ListItem","@id":"https:\/\/anoticiaonline.com.br\/site#listItem","position":1,"name":"Home","item":"https:\/\/anoticiaonline.com.br\/site","nextItem":{"@type":"ListItem","@id":"https:\/\/anoticiaonline.com.br\/site\/categoria\/muriae\/#listItem","name":"Blog"}},{"@type":"ListItem","@id":"https:\/\/anoticiaonline.com.br\/site\/categoria\/muriae\/#listItem","position":2,"name":"Blog","item":"https:\/\/anoticiaonline.com.br\/site\/categoria\/muriae\/","nextItem":{"@type":"ListItem","@id":"https:\/\/anoticiaonline.com.br\/site\/categoria\/muriae\/cultura\/#listItem","name":"Cultura"},"previousItem":{"@type":"ListItem","@id":"https:\/\/anoticiaonline.com.br\/site#listItem","name":"Home"}},{"@type":"ListItem","@id":"https:\/\/anoticiaonline.com.br\/site\/categoria\/muriae\/cultura\/#listItem","position":3,"name":"Cultura","item":"https:\/\/anoticiaonline.com.br\/site\/categoria\/muriae\/cultura\/","nextItem":{"@type":"ListItem","@id":"https:\/\/anoticiaonline.com.br\/site\/teatro-belmira-vilas-boas-sera-palco-do-show-por-causa-de-voce-neste-sabado\/#listItem","name":"Teatro Belmira Vilas Boas ser\u00e1 palco do show &#8220;Por causa de voc\u00ea&#8221; neste s\u00e1bado"},"previousItem":{"@type":"ListItem","@id":"https:\/\/anoticiaonline.com.br\/site\/categoria\/muriae\/#listItem","name":"Blog"}},{"@type":"ListItem","@id":"https:\/\/anoticiaonline.com.br\/site\/teatro-belmira-vilas-boas-sera-palco-do-show-por-causa-de-voce-neste-sabado\/#listItem","position":4,"name":"Teatro Belmira Vilas Boas ser\u00e1 palco do show &#8220;Por causa de voc\u00ea&#8221; neste s\u00e1bado","previousItem":{"@type":"ListItem","@id":"https:\/\/anoticiaonline.com.br\/site\/categoria\/muriae\/cultura\/#listItem","name":"Cultura"}}]},{"@type":"Organization","@id":"https:\/\/anoticiaonline.com.br\/site\/#organization","name":"A Not\u00edcia Online","description":"Noticias de Muria\u00e9 e regi\u00e3o","url":"https:\/\/anoticiaonline.com.br\/site\/","logo":{"@type":"ImageObject","url":"https:\/\/scontent-gig4-1.xx.fbcdn.net\/v\/t39.30808-1\/270437624_4564083193639691_6907940295614233970_n.jpg?stp=dst-jpg_s200x200_tt6&_nc_cat=111&ccb=1-7&_nc_sid=f907e8&_nc_ohc=SM1wRlP3lJwQ7kNvwEPuBYA&_nc_oc=AdnqrjDN_BNjSSHWO-GbkIWH6fkGMLw4bqvL_NH6e2wMveX7G-rP2dAqsDSq1mJMOaY&_nc_zt=24&_nc_ht=scontent-gig4-1.xx&_nc_gid=AoBFJeGrT1hVaew_6rchkQ&oh=00_AfX7QmFGhQhG2jAllVgXCiM1ZrWgvtp80-Bfppyexh1QEg&oe=689E923C","@id":"https:\/\/anoticiaonline.com.br\/site\/teatro-belmira-vilas-boas-sera-palco-do-show-por-causa-de-voce-neste-sabado\/#organizationLogo"},"image":{"@id":"https:\/\/anoticiaonline.com.br\/site\/teatro-belmira-vilas-boas-sera-palco-do-show-por-causa-de-voce-neste-sabado\/#organizationLogo"}},{"@type":"Person","@id":"https:\/\/anoticiaonline.com.br\/site\/author\/juliana\/#author","url":"https:\/\/anoticiaonline.com.br\/site\/author\/juliana\/","name":"Juliana Laviola","image":{"@type":"ImageObject","@id":"https:\/\/anoticiaonline.com.br\/site\/teatro-belmira-vilas-boas-sera-palco-do-show-por-causa-de-voce-neste-sabado\/#authorImage","url":"https:\/\/secure.gravatar.com\/avatar\/b8d45f5c699b100dfaf0e543582f38f38bf94cb7ae3a5e9abf8d891a34773335?s=96&d=mm&r=g","width":96,"height":96,"caption":"Juliana Laviola"}},{"@type":"WebPage","@id":"https:\/\/anoticiaonline.com.br\/site\/teatro-belmira-vilas-boas-sera-palco-do-show-por-causa-de-voce-neste-sabado\/#webpage","url":"https:\/\/anoticiaonline.com.br\/site\/teatro-belmira-vilas-boas-sera-palco-do-show-por-causa-de-voce-neste-sabado\/","name":"Teatro Belmira Vilas Boas ser\u00e1 palco do show \u201cPor causa de voc\u00ea\u201d neste s\u00e1bado - A Not\u00edcia Online","description":"Max Robert e Marc\u00ea Porena apresentam, neste s\u00e1bado (24), no Teatro Municipal Belimira Vilas Boas, o repert\u00f3rio de uma das mais importantes artistas brasileiras. O show \"Por causa de voc\u00ea\", que acontece \u00e0s 21h, em apresenta\u00e7\u00e3o \u00fanica, homenageia os 85 anos de Dolores Duran. A artista morreu aos 29 anos e sua carreira, embora breve,","inLanguage":"pt-BR","isPartOf":{"@id":"https:\/\/anoticiaonline.com.br\/site\/#website"},"breadcrumb":{"@id":"https:\/\/anoticiaonline.com.br\/site\/teatro-belmira-vilas-boas-sera-palco-do-show-por-causa-de-voce-neste-sabado\/#breadcrumblist"},"author":{"@id":"https:\/\/anoticiaonline.com.br\/site\/author\/juliana\/#author"},"creator":{"@id":"https:\/\/anoticiaonline.com.br\/site\/author\/juliana\/#author"},"image":{"@type":"ImageObject","url":"https:\/\/anoticiaonline.com.br\/site\/wp-content\/uploads\/2015\/10\/Teatro-Belmira-Vilas-Boas-ser\u00e1-palco-do-show-Por-causa-de-voc\u00ea.jpg","@id":"https:\/\/anoticiaonline.com.br\/site\/teatro-belmira-vilas-boas-sera-palco-do-show-por-causa-de-voce-neste-sabado\/#mainImage","width":640,"height":427,"caption":"Apresenta\u00e7\u00e3o homenageia 85 anos de Dolores Duran\/ Foto: Divulga\u00e7\u00e3o"},"primaryImageOfPage":{"@id":"https:\/\/anoticiaonline.com.br\/site\/teatro-belmira-vilas-boas-sera-palco-do-show-por-causa-de-voce-neste-sabado\/#mainImage"},"datePublished":"2015-10-21T10:04:09-03:00","dateModified":"2015-10-21T10:04:09-03:00"},{"@type":"WebSite","@id":"https:\/\/anoticiaonline.com.br\/site\/#website","url":"https:\/\/anoticiaonline.com.br\/site\/","name":"A Not\u00edcia Online","description":"Noticias de Muria\u00e9 e regi\u00e3o","inLanguage":"pt-BR","publisher":{"@id":"https:\/\/anoticiaonline.com.br\/site\/#organization"}}]},"og:locale":"pt_BR","og:site_name":"A Not\u00edcia Online - Noticias de Muria\u00e9 e regi\u00e3o","og:type":"article","og:title":"Teatro Belmira Vilas Boas ser\u00e1 palco do show \u201cPor causa de voc\u00ea\u201d neste s\u00e1bado - A Not\u00edcia Online","og:description":"Max Robert e Marc\u00ea Porena apresentam, neste s\u00e1bado (24), no Teatro Municipal Belimira Vilas Boas, o repert\u00f3rio de uma das mais importantes artistas brasileiras. O show &quot;Por causa de voc\u00ea&quot;, que acontece \u00e0s 21h, em apresenta\u00e7\u00e3o \u00fanica, homenageia os 85 anos de Dolores Duran. A artista morreu aos 29 anos e sua carreira, embora breve,","og:url":"https:\/\/anoticiaonline.com.br\/site\/teatro-belmira-vilas-boas-sera-palco-do-show-por-causa-de-voce-neste-sabado\/","og:image":"https:\/\/scontent-gig4-1.xx.fbcdn.net\/v\/t39.30808-1\/270437624_4564083193639691_6907940295614233970_n.jpg?stp=dst-jpg_s200x200_tt6&#038;_nc_cat=111&#038;ccb=1-7&#038;_nc_sid=f907e8&#038;_nc_ohc=SM1wRlP3lJwQ7kNvwEPuBYA&#038;_nc_oc=AdnqrjDN_BNjSSHWO-GbkIWH6fkGMLw4bqvL_NH6e2wMveX7G-rP2dAqsDSq1mJMOaY&#038;_nc_zt=24&#038;_nc_ht=scontent-gig4-1.xx&#038;_nc_gid=AoBFJeGrT1hVaew_6rchkQ&#038;oh=00_AfX7QmFGhQhG2jAllVgXCiM1ZrWgvtp80-Bfppyexh1QEg&#038;oe=689E923C","og:image:secure_url":"https:\/\/scontent-gig4-1.xx.fbcdn.net\/v\/t39.30808-1\/270437624_4564083193639691_6907940295614233970_n.jpg?stp=dst-jpg_s200x200_tt6&#038;_nc_cat=111&#038;ccb=1-7&#038;_nc_sid=f907e8&#038;_nc_ohc=SM1wRlP3lJwQ7kNvwEPuBYA&#038;_nc_oc=AdnqrjDN_BNjSSHWO-GbkIWH6fkGMLw4bqvL_NH6e2wMveX7G-rP2dAqsDSq1mJMOaY&#038;_nc_zt=24&#038;_nc_ht=scontent-gig4-1.xx&#038;_nc_gid=AoBFJeGrT1hVaew_6rchkQ&#038;oh=00_AfX7QmFGhQhG2jAllVgXCiM1ZrWgvtp80-Bfppyexh1QEg&#038;oe=689E923C","article:published_time":"2015-10-21T13:04:09+00:00","article:modified_time":"2015-10-21T13:04:09+00:00","twitter:card":"summary_large_image","twitter:title":"Teatro Belmira Vilas Boas ser\u00e1 palco do show \u201cPor causa de voc\u00ea\u201d neste s\u00e1bado - A Not\u00edcia Online","twitter:description":"Max Robert e Marc\u00ea Porena apresentam, neste s\u00e1bado (24), no Teatro Municipal Belimira Vilas Boas, o repert\u00f3rio de uma das mais importantes artistas brasileiras. O show &quot;Por causa de voc\u00ea&quot;, que acontece \u00e0s 21h, em apresenta\u00e7\u00e3o \u00fanica, homenageia os 85 anos de Dolores Duran. A artista morreu aos 29 anos e sua carreira, embora breve,","twitter:image":"https:\/\/scontent-gig4-1.xx.fbcdn.net\/v\/t39.30808-1\/270437624_4564083193639691_6907940295614233970_n.jpg?stp=dst-jpg_s200x200_tt6&_nc_cat=111&ccb=1-7&_nc_sid=f907e8&_nc_ohc=SM1wRlP3lJwQ7kNvwEPuBYA&_nc_oc=AdnqrjDN_BNjSSHWO-GbkIWH6fkGMLw4bqvL_NH6e2wMveX7G-rP2dAqsDSq1mJMOaY&_nc_zt=24&_nc_ht=scontent-gig4-1.xx&_nc_gid=AoBFJeGrT1hVaew_6rchkQ&oh=00_AfX7QmFGhQhG2jAllVgXCiM1ZrWgvtp80-Bfppyexh1QEg&oe=689E923C"},"aioseo_meta_data":{"post_id":"5039","title":null,"description":null,"keywords":null,"keyphrases":null,"primary_term":null,"canonical_url":null,"og_title":null,"og_description":null,"og_object_type":"default","og_image_type":"default","og_image_url":null,"og_image_width":null,"og_image_height":null,"og_image_custom_url":null,"og_image_custom_fields":null,"og_video":null,"og_custom_url":null,"og_article_section":null,"og_article_tags":null,"twitter_use_og":false,"twitter_card":"default","twitter_image_type":"default","twitter_image_url":null,"twitter_image_custom_url":null,"twitter_image_custom_fields":null,"twitter_title":null,"twitter_description":null,"schema":{"blockGraphs":[],"customGraphs":[],"default":{"data":{"Article":[],"Course":[],"Dataset":[],"FAQPage":[],"Movie":[],"Person":[],"Product":[],"ProductReview":[],"Car":[],"Recipe":[],"Service":[],"SoftwareApplication":[],"WebPage":[]},"graphName":"","isEnabled":true},"graphs":[]},"schema_type":"default","schema_type_options":null,"pillar_content":false,"robots_default":true,"robots_noindex":false,"robots_noarchive":false,"robots_nosnippet":false,"robots_nofollow":false,"robots_noimageindex":false,"robots_noodp":false,"robots_notranslate":false,"robots_max_snippet":null,"robots_max_videopreview":null,"robots_max_imagepreview":"large","priority":null,"frequency":null,"local_seo":null,"breadcrumb_settings":null,"limit_modified_date":false,"ai":null,"created":"2025-08-16 13:37:36","updated":"2025-08-16 13:37:36","focus_keyword":null,"additional_keywords":null,"truseo_locale":null,"seo_analyzer_scan_date":null},"aioseo_breadcrumb":"<div class=\"aioseo-breadcrumbs\"><span class=\"aioseo-breadcrumb\">\n\t\t\t<a href=\"https:\/\/anoticiaonline.com.br\/site\" title=\"Home\">Home<\/a>\n\t\t<\/span><span class=\"aioseo-breadcrumb-separator\">&raquo;<\/span><span class=\"aioseo-breadcrumb\">\n\t\t\t<a href=\"https:\/\/anoticiaonline.com.br\/site\/categoria\/muriae\/\" title=\"Blog\">Blog<\/a>\n\t\t<\/span><span class=\"aioseo-breadcrumb-separator\">&raquo;<\/span><span class=\"aioseo-breadcrumb\">\n\t\t\t<a href=\"https:\/\/anoticiaonline.com.br\/site\/categoria\/muriae\/cultura\/\" title=\"Cultura\">Cultura<\/a>\n\t\t<\/span><span class=\"aioseo-breadcrumb-separator\">&raquo;<\/span><span class=\"aioseo-breadcrumb\">\n\t\t\tTeatro Belmira Vilas Boas ser\u00e1 palco do show \u201cPor causa de voc\u00ea\u201d neste s\u00e1bado\n\t\t<\/span><\/div>","aioseo_breadcrumb_json":[{"label":"Home","link":"https:\/\/anoticiaonline.com.br\/site"},{"label":"Blog","link":"https:\/\/anoticiaonline.com.br\/site\/categoria\/muriae\/"},{"label":"Cultura","link":"https:\/\/anoticiaonline.com.br\/site\/categoria\/muriae\/cultura\/"},{"label":"Teatro Belmira Vilas Boas ser\u00e1 palco do show &#8220;Por causa de voc\u00ea&#8221; neste s\u00e1bado","link":"https:\/\/anoticiaonline.com.br\/site\/teatro-belmira-vilas-boas-sera-palco-do-show-por-causa-de-voce-neste-sabado\/"}],"views":160,"_links":{"self":[{"href":"https:\/\/anoticiaonline.com.br\/site\/wp-json\/wp\/v2\/posts\/5039","targetHints":{"allow":["GET"]}}],"collection":[{"href":"https:\/\/anoticiaonline.com.br\/site\/wp-json\/wp\/v2\/posts"}],"about":[{"href":"https:\/\/anoticiaonline.com.br\/site\/wp-json\/wp\/v2\/types\/post"}],"author":[{"embeddable":true,"href":"https:\/\/anoticiaonline.com.br\/site\/wp-json\/wp\/v2\/users\/2"}],"replies":[{"embeddable":true,"href":"https:\/\/anoticiaonline.com.br\/site\/wp-json\/wp\/v2\/comments?post=5039"}],"version-history":[{"count":0,"href":"https:\/\/anoticiaonline.com.br\/site\/wp-json\/wp\/v2\/posts\/5039\/revisions"}],"wp:featuredmedia":[{"embeddable":true,"href":"https:\/\/anoticiaonline.com.br\/site\/wp-json\/wp\/v2\/media\/5040"}],"wp:attachment":[{"href":"https:\/\/anoticiaonline.com.br\/site\/wp-json\/wp\/v2\/media?parent=5039"}],"wp:term":[{"taxonomy":"category","embeddable":true,"href":"https:\/\/anoticiaonline.com.br\/site\/wp-json\/wp\/v2\/categories?post=5039"},{"taxonomy":"post_tag","embeddable":true,"href":"https:\/\/anoticiaonline.com.br\/site\/wp-json\/wp\/v2\/tags?post=5039"}],"curies":[{"name":"wp","href":"https:\/\/api.w.org\/{rel}","templated":true}]}}