{"id":50381,"date":"2018-02-20T16:01:06","date_gmt":"2018-02-20T19:01:06","guid":{"rendered":"http:\/\/anoticiaonline.com.br\/site\/?p=50381"},"modified":"2018-02-20T16:01:06","modified_gmt":"2018-02-20T19:01:06","slug":"camara-realiza-licitacoes-no-inicio-da-gestao-de-ademar-camerino","status":"publish","type":"post","link":"https:\/\/anoticiaonline.com.br\/site\/camara-realiza-licitacoes-no-inicio-da-gestao-de-ademar-camerino\/","title":{"rendered":"C\u00e2mara realiza licita\u00e7\u00f5es no in\u00edcio da gest\u00e3o de Ademar Camerino"},"content":{"rendered":"<p>A C\u00e2mara de Muria\u00e9 realizou, nos \u00faltimos dias, licita\u00e7\u00f5es para aquisi\u00e7\u00f5es de diversos produtos que ser\u00e3o utilizados durante o ano, como material de escrit\u00f3rio, tonner para impressoras, produtos de padaria e servi\u00e7os gr\u00e1ficos.<\/p>\n<p>De acordo com o presidente Ademar Camerino (PROS), um planejamento foi realizado pela equipe t\u00e9cnica do Legislativo a fim de se levantar a demanda do ano para que processos licitat\u00f3rios pudessem ser realizados em todas as \u00e1reas, em busca de economia aos cofres p\u00fablicos.<\/p>\n<p>\u201cCom total transpar\u00eancia e promovendo uma concorr\u00eancia sadia e justa entre os comerciantes, pretendemos democratizar o setor de comprar da C\u00e2mara, oferecendo oportunidades para aqueles que oferecerem os menores pre\u00e7os\u201d, afirmou o presidente, concluindo que dessa forma pretende implantar uma gest\u00e3o respons\u00e1vel e coerente com sua trajet\u00f3ria na C\u00e2mara de Muria\u00e9.<\/p>\n<p>Nesta segunda-feira (19), a partir das 18h30, a C\u00e2mara realiza sua primeira sess\u00e3o ordin\u00e1ria ap\u00f3s o carnaval e a segunda de 2018.<\/p>\n<p><a href=\"https:\/\/anoticiaonline.com.br\/site\/wp-content\/uploads\/2018\/02\/C\u00e2mara-realiza-licita\u00e7\u00f5es-no-in\u00edcio-da-gest\u00e3o-de-Ademar-Camerino.jpg\"><img fetchpriority=\"high\" decoding=\"async\" class=\"alignnone size-full wp-image-50382\" src=\"https:\/\/anoticiaonline.com.br\/site\/wp-content\/uploads\/2018\/02\/C\u00e2mara-realiza-licita\u00e7\u00f5es-no-in\u00edcio-da-gest\u00e3o-de-Ademar-Camerino.jpg\" alt=\"\" width=\"640\" height=\"427\" srcset=\"https:\/\/anoticiaonline.com.br\/site\/wp-content\/uploads\/2018\/02\/C\u00e2mara-realiza-licita\u00e7\u00f5es-no-in\u00edcio-da-gest\u00e3o-de-Ademar-Camerino.jpg 640w, https:\/\/anoticiaonline.com.br\/site\/wp-content\/uploads\/2018\/02\/C\u00e2mara-realiza-licita\u00e7\u00f5es-no-in\u00edcio-da-gest\u00e3o-de-Ademar-Camerino-300x200.jpg 300w\" sizes=\"(max-width: 640px) 100vw, 640px\" \/><\/a><\/p>\n<p>Cr\u00e9ditos: ASCOM CMM<\/p>\n","protected":false},"excerpt":{"rendered":"<p>A C\u00e2mara de Muria\u00e9 realizou, nos \u00faltimos dias, licita\u00e7\u00f5es para aquisi\u00e7\u00f5es de diversos produtos que ser\u00e3o utilizados durante o ano, como material de escrit\u00f3rio, tonner para impressoras, produtos de padaria e servi\u00e7os gr\u00e1ficos. De acordo com o presidente Ademar Camerino (PROS), um planejamento foi realizado pela equipe t\u00e9cnica do Legislativo a fim de se levantar &#8230; <a title=\"C\u00e2mara realiza licita\u00e7\u00f5es no in\u00edcio da gest\u00e3o de Ademar Camerino\" class=\"read-more\" href=\"https:\/\/anoticiaonline.com.br\/site\/camara-realiza-licitacoes-no-inicio-da-gestao-de-ademar-camerino\/\" aria-label=\"Read more about C\u00e2mara realiza licita\u00e7\u00f5es no in\u00edcio da gest\u00e3o de Ademar Camerino\">Ler mais<\/a><\/p>\n","protected":false},"author":2,"featured_media":50383,"comment_status":"open","ping_status":"open","sticky":false,"template":"","format":"standard","meta":{"_acf_changed":false,"_monsterinsights_skip_tracking":false,"footnotes":""},"categories":[30],"tags":[294,2011,74],"class_list":["post-50381","post","type-post","status-publish","format-standard","has-post-thumbnail","hentry","category-muriae","tag-camara-municipal","tag-licitacoes","tag-muriae"],"acf":[],"aioseo_notices":[],"aioseo_head":"\n\t\t<!-- All in One SEO 5.0.0.1 - aioseo.com -->\n\t<meta name=\"description\" content=\"A C\u00e2mara de Muria\u00e9 realizou, nos \u00faltimos dias, licita\u00e7\u00f5es para aquisi\u00e7\u00f5es de diversos produtos que ser\u00e3o utilizados durante o ano, como material de escrit\u00f3rio, tonner para impressoras, produtos de padaria e servi\u00e7os gr\u00e1ficos. De acordo com o presidente Ademar Camerino (PROS), um planejamento foi realizado pela equipe t\u00e9cnica do Legislativo a fim de se levantar\" \/>\n\t<meta name=\"robots\" content=\"max-image-preview:large\" \/>\n\t<meta name=\"author\" content=\"Juliana Laviola\"\/>\n\t<link rel=\"canonical\" href=\"https:\/\/anoticiaonline.com.br\/site\/camara-realiza-licitacoes-no-inicio-da-gestao-de-ademar-camerino\/\" \/>\n\t<meta name=\"generator\" content=\"All in One SEO (AIOSEO) 5.0.0.1\" \/>\n\t\t<meta property=\"og:locale\" content=\"pt_BR\" \/>\n\t\t<meta property=\"og:site_name\" content=\"A Not\u00edcia Online - Noticias de Muria\u00e9 e regi\u00e3o\" \/>\n\t\t<meta property=\"og:type\" content=\"article\" \/>\n\t\t<meta property=\"og:title\" content=\"C\u00e2mara realiza licita\u00e7\u00f5es no in\u00edcio da gest\u00e3o de Ademar Camerino - A Not\u00edcia Online\" \/>\n\t\t<meta property=\"og:description\" content=\"A C\u00e2mara de Muria\u00e9 realizou, nos \u00faltimos dias, licita\u00e7\u00f5es para aquisi\u00e7\u00f5es de diversos produtos que ser\u00e3o utilizados durante o ano, como material de escrit\u00f3rio, tonner para impressoras, produtos de padaria e servi\u00e7os gr\u00e1ficos. De acordo com o presidente Ademar Camerino (PROS), um planejamento foi realizado pela equipe t\u00e9cnica do Legislativo a fim de se levantar\" \/>\n\t\t<meta property=\"og:url\" content=\"https:\/\/anoticiaonline.com.br\/site\/camara-realiza-licitacoes-no-inicio-da-gestao-de-ademar-camerino\/\" \/>\n\t\t<meta property=\"og:image\" content=\"https:\/\/scontent-gig4-1.xx.fbcdn.net\/v\/t39.30808-1\/270437624_4564083193639691_6907940295614233970_n.jpg?stp=dst-jpg_s200x200_tt6&#038;_nc_cat=111&#038;ccb=1-7&#038;_nc_sid=f907e8&#038;_nc_ohc=SM1wRlP3lJwQ7kNvwEPuBYA&#038;_nc_oc=AdnqrjDN_BNjSSHWO-GbkIWH6fkGMLw4bqvL_NH6e2wMveX7G-rP2dAqsDSq1mJMOaY&#038;_nc_zt=24&#038;_nc_ht=scontent-gig4-1.xx&#038;_nc_gid=AoBFJeGrT1hVaew_6rchkQ&#038;oh=00_AfX7QmFGhQhG2jAllVgXCiM1ZrWgvtp80-Bfppyexh1QEg&#038;oe=689E923C\" \/>\n\t\t<meta property=\"og:image:secure_url\" content=\"https:\/\/scontent-gig4-1.xx.fbcdn.net\/v\/t39.30808-1\/270437624_4564083193639691_6907940295614233970_n.jpg?stp=dst-jpg_s200x200_tt6&#038;_nc_cat=111&#038;ccb=1-7&#038;_nc_sid=f907e8&#038;_nc_ohc=SM1wRlP3lJwQ7kNvwEPuBYA&#038;_nc_oc=AdnqrjDN_BNjSSHWO-GbkIWH6fkGMLw4bqvL_NH6e2wMveX7G-rP2dAqsDSq1mJMOaY&#038;_nc_zt=24&#038;_nc_ht=scontent-gig4-1.xx&#038;_nc_gid=AoBFJeGrT1hVaew_6rchkQ&#038;oh=00_AfX7QmFGhQhG2jAllVgXCiM1ZrWgvtp80-Bfppyexh1QEg&#038;oe=689E923C\" \/>\n\t\t<meta property=\"article:published_time\" content=\"2018-02-20T19:01:06+00:00\" \/>\n\t\t<meta property=\"article:modified_time\" content=\"2018-02-20T19:01:06+00:00\" \/>\n\t\t<meta name=\"twitter:card\" content=\"summary_large_image\" \/>\n\t\t<meta name=\"twitter:title\" content=\"C\u00e2mara realiza licita\u00e7\u00f5es no in\u00edcio da gest\u00e3o de Ademar Camerino - A Not\u00edcia Online\" \/>\n\t\t<meta name=\"twitter:description\" content=\"A C\u00e2mara de Muria\u00e9 realizou, nos \u00faltimos dias, licita\u00e7\u00f5es para aquisi\u00e7\u00f5es de diversos produtos que ser\u00e3o utilizados durante o ano, como material de escrit\u00f3rio, tonner para impressoras, produtos de padaria e servi\u00e7os gr\u00e1ficos. De acordo com o presidente Ademar Camerino (PROS), um planejamento foi realizado pela equipe t\u00e9cnica do Legislativo a fim de se levantar\" \/>\n\t\t<meta name=\"twitter:image\" content=\"https:\/\/scontent-gig4-1.xx.fbcdn.net\/v\/t39.30808-1\/270437624_4564083193639691_6907940295614233970_n.jpg?stp=dst-jpg_s200x200_tt6&amp;_nc_cat=111&amp;ccb=1-7&amp;_nc_sid=f907e8&amp;_nc_ohc=SM1wRlP3lJwQ7kNvwEPuBYA&amp;_nc_oc=AdnqrjDN_BNjSSHWO-GbkIWH6fkGMLw4bqvL_NH6e2wMveX7G-rP2dAqsDSq1mJMOaY&amp;_nc_zt=24&amp;_nc_ht=scontent-gig4-1.xx&amp;_nc_gid=AoBFJeGrT1hVaew_6rchkQ&amp;oh=00_AfX7QmFGhQhG2jAllVgXCiM1ZrWgvtp80-Bfppyexh1QEg&amp;oe=689E923C\" \/>\n\t\t<script type=\"application\/ld+json\" class=\"aioseo-schema\">\n\t\t\t{\"@context\":\"https:\\\/\\\/schema.org\",\"@graph\":[{\"@type\":\"BlogPosting\",\"@id\":\"https:\\\/\\\/anoticiaonline.com.br\\\/site\\\/camara-realiza-licitacoes-no-inicio-da-gestao-de-ademar-camerino\\\/#blogposting\",\"name\":\"C\\u00e2mara realiza licita\\u00e7\\u00f5es no in\\u00edcio da gest\\u00e3o de Ademar Camerino - A Not\\u00edcia Online\",\"headline\":\"C\\u00e2mara realiza licita\\u00e7\\u00f5es no in\\u00edcio da gest\\u00e3o de Ademar Camerino\",\"author\":{\"@id\":\"https:\\\/\\\/anoticiaonline.com.br\\\/site\\\/author\\\/juliana\\\/#author\"},\"publisher\":{\"@id\":\"https:\\\/\\\/anoticiaonline.com.br\\\/site\\\/#organization\"},\"image\":{\"@type\":\"ImageObject\",\"url\":\"https:\\\/\\\/anoticiaonline.com.br\\\/site\\\/wp-content\\\/uploads\\\/2018\\\/02\\\/C\\u00e2mara-realiza-licita\\u00e7\\u00f5es-no-in\\u00edcio-da-gest\\u00e3o-de-Ademar-Camerino-1.jpg\",\"width\":640,\"height\":427},\"datePublished\":\"2018-02-20T16:01:06-03:00\",\"dateModified\":\"2018-02-20T16:01:06-03:00\",\"inLanguage\":\"pt-BR\",\"mainEntityOfPage\":{\"@id\":\"https:\\\/\\\/anoticiaonline.com.br\\\/site\\\/camara-realiza-licitacoes-no-inicio-da-gestao-de-ademar-camerino\\\/#webpage\"},\"isPartOf\":{\"@id\":\"https:\\\/\\\/anoticiaonline.com.br\\\/site\\\/camara-realiza-licitacoes-no-inicio-da-gestao-de-ademar-camerino\\\/#webpage\"},\"articleSection\":\"Blog, c\\u00e2mara municipal, licita\\u00e7\\u00f5es, Muria\\u00e9\"},{\"@type\":\"BreadcrumbList\",\"@id\":\"https:\\\/\\\/anoticiaonline.com.br\\\/site\\\/camara-realiza-licitacoes-no-inicio-da-gestao-de-ademar-camerino\\\/#breadcrumblist\",\"itemListElement\":[{\"@type\":\"ListItem\",\"@id\":\"https:\\\/\\\/anoticiaonline.com.br\\\/site#listItem\",\"position\":1,\"name\":\"Home\",\"item\":\"https:\\\/\\\/anoticiaonline.com.br\\\/site\",\"nextItem\":{\"@type\":\"ListItem\",\"@id\":\"https:\\\/\\\/anoticiaonline.com.br\\\/site\\\/categoria\\\/muriae\\\/#listItem\",\"name\":\"Blog\"}},{\"@type\":\"ListItem\",\"@id\":\"https:\\\/\\\/anoticiaonline.com.br\\\/site\\\/categoria\\\/muriae\\\/#listItem\",\"position\":2,\"name\":\"Blog\",\"item\":\"https:\\\/\\\/anoticiaonline.com.br\\\/site\\\/categoria\\\/muriae\\\/\",\"nextItem\":{\"@type\":\"ListItem\",\"@id\":\"https:\\\/\\\/anoticiaonline.com.br\\\/site\\\/camara-realiza-licitacoes-no-inicio-da-gestao-de-ademar-camerino\\\/#listItem\",\"name\":\"C\\u00e2mara realiza licita\\u00e7\\u00f5es no in\\u00edcio da gest\\u00e3o de Ademar Camerino\"},\"previousItem\":{\"@type\":\"ListItem\",\"@id\":\"https:\\\/\\\/anoticiaonline.com.br\\\/site#listItem\",\"name\":\"Home\"}},{\"@type\":\"ListItem\",\"@id\":\"https:\\\/\\\/anoticiaonline.com.br\\\/site\\\/camara-realiza-licitacoes-no-inicio-da-gestao-de-ademar-camerino\\\/#listItem\",\"position\":3,\"name\":\"C\\u00e2mara realiza licita\\u00e7\\u00f5es no in\\u00edcio da gest\\u00e3o de Ademar Camerino\",\"previousItem\":{\"@type\":\"ListItem\",\"@id\":\"https:\\\/\\\/anoticiaonline.com.br\\\/site\\\/categoria\\\/muriae\\\/#listItem\",\"name\":\"Blog\"}}]},{\"@type\":\"Organization\",\"@id\":\"https:\\\/\\\/anoticiaonline.com.br\\\/site\\\/#organization\",\"name\":\"A Not\\u00edcia Online\",\"description\":\"Noticias de Muria\\u00e9 e regi\\u00e3o\",\"url\":\"https:\\\/\\\/anoticiaonline.com.br\\\/site\\\/\",\"logo\":{\"@type\":\"ImageObject\",\"url\":\"https:\\\/\\\/scontent-gig4-1.xx.fbcdn.net\\\/v\\\/t39.30808-1\\\/270437624_4564083193639691_6907940295614233970_n.jpg?stp=dst-jpg_s200x200_tt6&_nc_cat=111&ccb=1-7&_nc_sid=f907e8&_nc_ohc=SM1wRlP3lJwQ7kNvwEPuBYA&_nc_oc=AdnqrjDN_BNjSSHWO-GbkIWH6fkGMLw4bqvL_NH6e2wMveX7G-rP2dAqsDSq1mJMOaY&_nc_zt=24&_nc_ht=scontent-gig4-1.xx&_nc_gid=AoBFJeGrT1hVaew_6rchkQ&oh=00_AfX7QmFGhQhG2jAllVgXCiM1ZrWgvtp80-Bfppyexh1QEg&oe=689E923C\",\"@id\":\"https:\\\/\\\/anoticiaonline.com.br\\\/site\\\/camara-realiza-licitacoes-no-inicio-da-gestao-de-ademar-camerino\\\/#organizationLogo\"},\"image\":{\"@id\":\"https:\\\/\\\/anoticiaonline.com.br\\\/site\\\/camara-realiza-licitacoes-no-inicio-da-gestao-de-ademar-camerino\\\/#organizationLogo\"}},{\"@type\":\"Person\",\"@id\":\"https:\\\/\\\/anoticiaonline.com.br\\\/site\\\/author\\\/juliana\\\/#author\",\"url\":\"https:\\\/\\\/anoticiaonline.com.br\\\/site\\\/author\\\/juliana\\\/\",\"name\":\"Juliana Laviola\",\"image\":{\"@type\":\"ImageObject\",\"@id\":\"https:\\\/\\\/anoticiaonline.com.br\\\/site\\\/camara-realiza-licitacoes-no-inicio-da-gestao-de-ademar-camerino\\\/#authorImage\",\"url\":\"https:\\\/\\\/secure.gravatar.com\\\/avatar\\\/b8d45f5c699b100dfaf0e543582f38f38bf94cb7ae3a5e9abf8d891a34773335?s=96&d=mm&r=g\",\"width\":96,\"height\":96,\"caption\":\"Juliana Laviola\"}},{\"@type\":\"WebPage\",\"@id\":\"https:\\\/\\\/anoticiaonline.com.br\\\/site\\\/camara-realiza-licitacoes-no-inicio-da-gestao-de-ademar-camerino\\\/#webpage\",\"url\":\"https:\\\/\\\/anoticiaonline.com.br\\\/site\\\/camara-realiza-licitacoes-no-inicio-da-gestao-de-ademar-camerino\\\/\",\"name\":\"C\\u00e2mara realiza licita\\u00e7\\u00f5es no in\\u00edcio da gest\\u00e3o de Ademar Camerino - A Not\\u00edcia Online\",\"description\":\"A C\\u00e2mara de Muria\\u00e9 realizou, nos \\u00faltimos dias, licita\\u00e7\\u00f5es para aquisi\\u00e7\\u00f5es de diversos produtos que ser\\u00e3o utilizados durante o ano, como material de escrit\\u00f3rio, tonner para impressoras, produtos de padaria e servi\\u00e7os gr\\u00e1ficos. De acordo com o presidente Ademar Camerino (PROS), um planejamento foi realizado pela equipe t\\u00e9cnica do Legislativo a fim de se levantar\",\"inLanguage\":\"pt-BR\",\"isPartOf\":{\"@id\":\"https:\\\/\\\/anoticiaonline.com.br\\\/site\\\/#website\"},\"breadcrumb\":{\"@id\":\"https:\\\/\\\/anoticiaonline.com.br\\\/site\\\/camara-realiza-licitacoes-no-inicio-da-gestao-de-ademar-camerino\\\/#breadcrumblist\"},\"author\":{\"@id\":\"https:\\\/\\\/anoticiaonline.com.br\\\/site\\\/author\\\/juliana\\\/#author\"},\"creator\":{\"@id\":\"https:\\\/\\\/anoticiaonline.com.br\\\/site\\\/author\\\/juliana\\\/#author\"},\"image\":{\"@type\":\"ImageObject\",\"url\":\"https:\\\/\\\/anoticiaonline.com.br\\\/site\\\/wp-content\\\/uploads\\\/2018\\\/02\\\/C\\u00e2mara-realiza-licita\\u00e7\\u00f5es-no-in\\u00edcio-da-gest\\u00e3o-de-Ademar-Camerino-1.jpg\",\"@id\":\"https:\\\/\\\/anoticiaonline.com.br\\\/site\\\/camara-realiza-licitacoes-no-inicio-da-gestao-de-ademar-camerino\\\/#mainImage\",\"width\":640,\"height\":427},\"primaryImageOfPage\":{\"@id\":\"https:\\\/\\\/anoticiaonline.com.br\\\/site\\\/camara-realiza-licitacoes-no-inicio-da-gestao-de-ademar-camerino\\\/#mainImage\"},\"datePublished\":\"2018-02-20T16:01:06-03:00\",\"dateModified\":\"2018-02-20T16:01:06-03:00\"},{\"@type\":\"WebSite\",\"@id\":\"https:\\\/\\\/anoticiaonline.com.br\\\/site\\\/#website\",\"url\":\"https:\\\/\\\/anoticiaonline.com.br\\\/site\\\/\",\"name\":\"A Not\\u00edcia Online\",\"description\":\"Noticias de Muria\\u00e9 e regi\\u00e3o\",\"inLanguage\":\"pt-BR\",\"publisher\":{\"@id\":\"https:\\\/\\\/anoticiaonline.com.br\\\/site\\\/#organization\"}}]}\n\t\t<\/script>\n\t\t<!-- All in One SEO -->\n\n","aioseo_head_json":{"title":"C\u00e2mara realiza licita\u00e7\u00f5es no in\u00edcio da gest\u00e3o de Ademar Camerino - A Not\u00edcia Online","description":"A C\u00e2mara de Muria\u00e9 realizou, nos \u00faltimos dias, licita\u00e7\u00f5es para aquisi\u00e7\u00f5es de diversos produtos que ser\u00e3o utilizados durante o ano, como material de escrit\u00f3rio, tonner para impressoras, produtos de padaria e servi\u00e7os gr\u00e1ficos. De acordo com o presidente Ademar Camerino (PROS), um planejamento foi realizado pela equipe t\u00e9cnica do Legislativo a fim de se levantar","canonical_url":"https:\/\/anoticiaonline.com.br\/site\/camara-realiza-licitacoes-no-inicio-da-gestao-de-ademar-camerino\/","robots":"max-image-preview:large","keywords":"","webmasterTools":{"miscellaneous":""},"schema":{"@context":"https:\/\/schema.org","@graph":[{"@type":"BlogPosting","@id":"https:\/\/anoticiaonline.com.br\/site\/camara-realiza-licitacoes-no-inicio-da-gestao-de-ademar-camerino\/#blogposting","name":"C\u00e2mara realiza licita\u00e7\u00f5es no in\u00edcio da gest\u00e3o de Ademar Camerino - A Not\u00edcia Online","headline":"C\u00e2mara realiza licita\u00e7\u00f5es no in\u00edcio da gest\u00e3o de Ademar Camerino","author":{"@id":"https:\/\/anoticiaonline.com.br\/site\/author\/juliana\/#author"},"publisher":{"@id":"https:\/\/anoticiaonline.com.br\/site\/#organization"},"image":{"@type":"ImageObject","url":"https:\/\/anoticiaonline.com.br\/site\/wp-content\/uploads\/2018\/02\/C\u00e2mara-realiza-licita\u00e7\u00f5es-no-in\u00edcio-da-gest\u00e3o-de-Ademar-Camerino-1.jpg","width":640,"height":427},"datePublished":"2018-02-20T16:01:06-03:00","dateModified":"2018-02-20T16:01:06-03:00","inLanguage":"pt-BR","mainEntityOfPage":{"@id":"https:\/\/anoticiaonline.com.br\/site\/camara-realiza-licitacoes-no-inicio-da-gestao-de-ademar-camerino\/#webpage"},"isPartOf":{"@id":"https:\/\/anoticiaonline.com.br\/site\/camara-realiza-licitacoes-no-inicio-da-gestao-de-ademar-camerino\/#webpage"},"articleSection":"Blog, c\u00e2mara municipal, licita\u00e7\u00f5es, Muria\u00e9"},{"@type":"BreadcrumbList","@id":"https:\/\/anoticiaonline.com.br\/site\/camara-realiza-licitacoes-no-inicio-da-gestao-de-ademar-camerino\/#breadcrumblist","itemListElement":[{"@type":"ListItem","@id":"https:\/\/anoticiaonline.com.br\/site#listItem","position":1,"name":"Home","item":"https:\/\/anoticiaonline.com.br\/site","nextItem":{"@type":"ListItem","@id":"https:\/\/anoticiaonline.com.br\/site\/categoria\/muriae\/#listItem","name":"Blog"}},{"@type":"ListItem","@id":"https:\/\/anoticiaonline.com.br\/site\/categoria\/muriae\/#listItem","position":2,"name":"Blog","item":"https:\/\/anoticiaonline.com.br\/site\/categoria\/muriae\/","nextItem":{"@type":"ListItem","@id":"https:\/\/anoticiaonline.com.br\/site\/camara-realiza-licitacoes-no-inicio-da-gestao-de-ademar-camerino\/#listItem","name":"C\u00e2mara realiza licita\u00e7\u00f5es no in\u00edcio da gest\u00e3o de Ademar Camerino"},"previousItem":{"@type":"ListItem","@id":"https:\/\/anoticiaonline.com.br\/site#listItem","name":"Home"}},{"@type":"ListItem","@id":"https:\/\/anoticiaonline.com.br\/site\/camara-realiza-licitacoes-no-inicio-da-gestao-de-ademar-camerino\/#listItem","position":3,"name":"C\u00e2mara realiza licita\u00e7\u00f5es no in\u00edcio da gest\u00e3o de Ademar Camerino","previousItem":{"@type":"ListItem","@id":"https:\/\/anoticiaonline.com.br\/site\/categoria\/muriae\/#listItem","name":"Blog"}}]},{"@type":"Organization","@id":"https:\/\/anoticiaonline.com.br\/site\/#organization","name":"A Not\u00edcia Online","description":"Noticias de Muria\u00e9 e regi\u00e3o","url":"https:\/\/anoticiaonline.com.br\/site\/","logo":{"@type":"ImageObject","url":"https:\/\/scontent-gig4-1.xx.fbcdn.net\/v\/t39.30808-1\/270437624_4564083193639691_6907940295614233970_n.jpg?stp=dst-jpg_s200x200_tt6&_nc_cat=111&ccb=1-7&_nc_sid=f907e8&_nc_ohc=SM1wRlP3lJwQ7kNvwEPuBYA&_nc_oc=AdnqrjDN_BNjSSHWO-GbkIWH6fkGMLw4bqvL_NH6e2wMveX7G-rP2dAqsDSq1mJMOaY&_nc_zt=24&_nc_ht=scontent-gig4-1.xx&_nc_gid=AoBFJeGrT1hVaew_6rchkQ&oh=00_AfX7QmFGhQhG2jAllVgXCiM1ZrWgvtp80-Bfppyexh1QEg&oe=689E923C","@id":"https:\/\/anoticiaonline.com.br\/site\/camara-realiza-licitacoes-no-inicio-da-gestao-de-ademar-camerino\/#organizationLogo"},"image":{"@id":"https:\/\/anoticiaonline.com.br\/site\/camara-realiza-licitacoes-no-inicio-da-gestao-de-ademar-camerino\/#organizationLogo"}},{"@type":"Person","@id":"https:\/\/anoticiaonline.com.br\/site\/author\/juliana\/#author","url":"https:\/\/anoticiaonline.com.br\/site\/author\/juliana\/","name":"Juliana Laviola","image":{"@type":"ImageObject","@id":"https:\/\/anoticiaonline.com.br\/site\/camara-realiza-licitacoes-no-inicio-da-gestao-de-ademar-camerino\/#authorImage","url":"https:\/\/secure.gravatar.com\/avatar\/b8d45f5c699b100dfaf0e543582f38f38bf94cb7ae3a5e9abf8d891a34773335?s=96&d=mm&r=g","width":96,"height":96,"caption":"Juliana Laviola"}},{"@type":"WebPage","@id":"https:\/\/anoticiaonline.com.br\/site\/camara-realiza-licitacoes-no-inicio-da-gestao-de-ademar-camerino\/#webpage","url":"https:\/\/anoticiaonline.com.br\/site\/camara-realiza-licitacoes-no-inicio-da-gestao-de-ademar-camerino\/","name":"C\u00e2mara realiza licita\u00e7\u00f5es no in\u00edcio da gest\u00e3o de Ademar Camerino - A Not\u00edcia Online","description":"A C\u00e2mara de Muria\u00e9 realizou, nos \u00faltimos dias, licita\u00e7\u00f5es para aquisi\u00e7\u00f5es de diversos produtos que ser\u00e3o utilizados durante o ano, como material de escrit\u00f3rio, tonner para impressoras, produtos de padaria e servi\u00e7os gr\u00e1ficos. De acordo com o presidente Ademar Camerino (PROS), um planejamento foi realizado pela equipe t\u00e9cnica do Legislativo a fim de se levantar","inLanguage":"pt-BR","isPartOf":{"@id":"https:\/\/anoticiaonline.com.br\/site\/#website"},"breadcrumb":{"@id":"https:\/\/anoticiaonline.com.br\/site\/camara-realiza-licitacoes-no-inicio-da-gestao-de-ademar-camerino\/#breadcrumblist"},"author":{"@id":"https:\/\/anoticiaonline.com.br\/site\/author\/juliana\/#author"},"creator":{"@id":"https:\/\/anoticiaonline.com.br\/site\/author\/juliana\/#author"},"image":{"@type":"ImageObject","url":"https:\/\/anoticiaonline.com.br\/site\/wp-content\/uploads\/2018\/02\/C\u00e2mara-realiza-licita\u00e7\u00f5es-no-in\u00edcio-da-gest\u00e3o-de-Ademar-Camerino-1.jpg","@id":"https:\/\/anoticiaonline.com.br\/site\/camara-realiza-licitacoes-no-inicio-da-gestao-de-ademar-camerino\/#mainImage","width":640,"height":427},"primaryImageOfPage":{"@id":"https:\/\/anoticiaonline.com.br\/site\/camara-realiza-licitacoes-no-inicio-da-gestao-de-ademar-camerino\/#mainImage"},"datePublished":"2018-02-20T16:01:06-03:00","dateModified":"2018-02-20T16:01:06-03:00"},{"@type":"WebSite","@id":"https:\/\/anoticiaonline.com.br\/site\/#website","url":"https:\/\/anoticiaonline.com.br\/site\/","name":"A Not\u00edcia Online","description":"Noticias de Muria\u00e9 e regi\u00e3o","inLanguage":"pt-BR","publisher":{"@id":"https:\/\/anoticiaonline.com.br\/site\/#organization"}}]},"og:locale":"pt_BR","og:site_name":"A Not\u00edcia Online - Noticias de Muria\u00e9 e regi\u00e3o","og:type":"article","og:title":"C\u00e2mara realiza licita\u00e7\u00f5es no in\u00edcio da gest\u00e3o de Ademar Camerino - A Not\u00edcia Online","og:description":"A C\u00e2mara de Muria\u00e9 realizou, nos \u00faltimos dias, licita\u00e7\u00f5es para aquisi\u00e7\u00f5es de diversos produtos que ser\u00e3o utilizados durante o ano, como material de escrit\u00f3rio, tonner para impressoras, produtos de padaria e servi\u00e7os gr\u00e1ficos. De acordo com o presidente Ademar Camerino (PROS), um planejamento foi realizado pela equipe t\u00e9cnica do Legislativo a fim de se levantar","og:url":"https:\/\/anoticiaonline.com.br\/site\/camara-realiza-licitacoes-no-inicio-da-gestao-de-ademar-camerino\/","og:image":"https:\/\/scontent-gig4-1.xx.fbcdn.net\/v\/t39.30808-1\/270437624_4564083193639691_6907940295614233970_n.jpg?stp=dst-jpg_s200x200_tt6&#038;_nc_cat=111&#038;ccb=1-7&#038;_nc_sid=f907e8&#038;_nc_ohc=SM1wRlP3lJwQ7kNvwEPuBYA&#038;_nc_oc=AdnqrjDN_BNjSSHWO-GbkIWH6fkGMLw4bqvL_NH6e2wMveX7G-rP2dAqsDSq1mJMOaY&#038;_nc_zt=24&#038;_nc_ht=scontent-gig4-1.xx&#038;_nc_gid=AoBFJeGrT1hVaew_6rchkQ&#038;oh=00_AfX7QmFGhQhG2jAllVgXCiM1ZrWgvtp80-Bfppyexh1QEg&#038;oe=689E923C","og:image:secure_url":"https:\/\/scontent-gig4-1.xx.fbcdn.net\/v\/t39.30808-1\/270437624_4564083193639691_6907940295614233970_n.jpg?stp=dst-jpg_s200x200_tt6&#038;_nc_cat=111&#038;ccb=1-7&#038;_nc_sid=f907e8&#038;_nc_ohc=SM1wRlP3lJwQ7kNvwEPuBYA&#038;_nc_oc=AdnqrjDN_BNjSSHWO-GbkIWH6fkGMLw4bqvL_NH6e2wMveX7G-rP2dAqsDSq1mJMOaY&#038;_nc_zt=24&#038;_nc_ht=scontent-gig4-1.xx&#038;_nc_gid=AoBFJeGrT1hVaew_6rchkQ&#038;oh=00_AfX7QmFGhQhG2jAllVgXCiM1ZrWgvtp80-Bfppyexh1QEg&#038;oe=689E923C","article:published_time":"2018-02-20T19:01:06+00:00","article:modified_time":"2018-02-20T19:01:06+00:00","twitter:card":"summary_large_image","twitter:title":"C\u00e2mara realiza licita\u00e7\u00f5es no in\u00edcio da gest\u00e3o de Ademar Camerino - A Not\u00edcia Online","twitter:description":"A C\u00e2mara de Muria\u00e9 realizou, nos \u00faltimos dias, licita\u00e7\u00f5es para aquisi\u00e7\u00f5es de diversos produtos que ser\u00e3o utilizados durante o ano, como material de escrit\u00f3rio, tonner para impressoras, produtos de padaria e servi\u00e7os gr\u00e1ficos. De acordo com o presidente Ademar Camerino (PROS), um planejamento foi realizado pela equipe t\u00e9cnica do Legislativo a fim de se levantar","twitter:image":"https:\/\/scontent-gig4-1.xx.fbcdn.net\/v\/t39.30808-1\/270437624_4564083193639691_6907940295614233970_n.jpg?stp=dst-jpg_s200x200_tt6&_nc_cat=111&ccb=1-7&_nc_sid=f907e8&_nc_ohc=SM1wRlP3lJwQ7kNvwEPuBYA&_nc_oc=AdnqrjDN_BNjSSHWO-GbkIWH6fkGMLw4bqvL_NH6e2wMveX7G-rP2dAqsDSq1mJMOaY&_nc_zt=24&_nc_ht=scontent-gig4-1.xx&_nc_gid=AoBFJeGrT1hVaew_6rchkQ&oh=00_AfX7QmFGhQhG2jAllVgXCiM1ZrWgvtp80-Bfppyexh1QEg&oe=689E923C"},"aioseo_meta_data":{"post_id":"50381","title":null,"description":null,"keywords":null,"keyphrases":null,"primary_term":null,"canonical_url":null,"og_title":null,"og_description":null,"og_object_type":"default","og_image_type":"default","og_image_url":null,"og_image_width":null,"og_image_height":null,"og_image_custom_url":null,"og_image_custom_fields":null,"og_video":null,"og_custom_url":null,"og_article_section":null,"og_article_tags":null,"twitter_use_og":false,"twitter_card":"default","twitter_image_type":"default","twitter_image_url":null,"twitter_image_custom_url":null,"twitter_image_custom_fields":null,"twitter_title":null,"twitter_description":null,"schema":{"blockGraphs":[],"customGraphs":[],"default":{"data":{"Article":[],"Course":[],"Dataset":[],"FAQPage":[],"Movie":[],"Person":[],"Product":[],"ProductReview":[],"Car":[],"Recipe":[],"Service":[],"SoftwareApplication":[],"WebPage":[]},"graphName":"","isEnabled":true},"graphs":[]},"schema_type":"default","schema_type_options":null,"pillar_content":false,"robots_default":true,"robots_noindex":false,"robots_noarchive":false,"robots_nosnippet":false,"robots_nofollow":false,"robots_noimageindex":false,"robots_noodp":false,"robots_notranslate":false,"robots_max_snippet":null,"robots_max_videopreview":null,"robots_max_imagepreview":"large","priority":null,"frequency":null,"local_seo":null,"breadcrumb_settings":null,"limit_modified_date":false,"ai":null,"created":"2025-08-16 20:21:28","updated":"2025-08-16 20:21:28","focus_keyword":null,"additional_keywords":null,"truseo_locale":null,"seo_analyzer_scan_date":null},"aioseo_breadcrumb":"<div class=\"aioseo-breadcrumbs\"><span class=\"aioseo-breadcrumb\">\n\t\t\t<a href=\"https:\/\/anoticiaonline.com.br\/site\" title=\"Home\">Home<\/a>\n\t\t<\/span><span class=\"aioseo-breadcrumb-separator\">&raquo;<\/span><span class=\"aioseo-breadcrumb\">\n\t\t\t<a href=\"https:\/\/anoticiaonline.com.br\/site\/categoria\/muriae\/\" title=\"Blog\">Blog<\/a>\n\t\t<\/span><span class=\"aioseo-breadcrumb-separator\">&raquo;<\/span><span class=\"aioseo-breadcrumb\">\n\t\t\tC\u00e2mara realiza licita\u00e7\u00f5es no in\u00edcio da gest\u00e3o de Ademar Camerino\n\t\t<\/span><\/div>","aioseo_breadcrumb_json":[{"label":"Home","link":"https:\/\/anoticiaonline.com.br\/site"},{"label":"Blog","link":"https:\/\/anoticiaonline.com.br\/site\/categoria\/muriae\/"},{"label":"C\u00e2mara realiza licita\u00e7\u00f5es no in\u00edcio da gest\u00e3o de Ademar Camerino","link":"https:\/\/anoticiaonline.com.br\/site\/camara-realiza-licitacoes-no-inicio-da-gestao-de-ademar-camerino\/"}],"views":146,"_links":{"self":[{"href":"https:\/\/anoticiaonline.com.br\/site\/wp-json\/wp\/v2\/posts\/50381","targetHints":{"allow":["GET"]}}],"collection":[{"href":"https:\/\/anoticiaonline.com.br\/site\/wp-json\/wp\/v2\/posts"}],"about":[{"href":"https:\/\/anoticiaonline.com.br\/site\/wp-json\/wp\/v2\/types\/post"}],"author":[{"embeddable":true,"href":"https:\/\/anoticiaonline.com.br\/site\/wp-json\/wp\/v2\/users\/2"}],"replies":[{"embeddable":true,"href":"https:\/\/anoticiaonline.com.br\/site\/wp-json\/wp\/v2\/comments?post=50381"}],"version-history":[{"count":0,"href":"https:\/\/anoticiaonline.com.br\/site\/wp-json\/wp\/v2\/posts\/50381\/revisions"}],"wp:featuredmedia":[{"embeddable":true,"href":"https:\/\/anoticiaonline.com.br\/site\/wp-json\/wp\/v2\/media\/50383"}],"wp:attachment":[{"href":"https:\/\/anoticiaonline.com.br\/site\/wp-json\/wp\/v2\/media?parent=50381"}],"wp:term":[{"taxonomy":"category","embeddable":true,"href":"https:\/\/anoticiaonline.com.br\/site\/wp-json\/wp\/v2\/categories?post=50381"},{"taxonomy":"post_tag","embeddable":true,"href":"https:\/\/anoticiaonline.com.br\/site\/wp-json\/wp\/v2\/tags?post=50381"}],"curies":[{"name":"wp","href":"https:\/\/api.w.org\/{rel}","templated":true}]}}