{"id":50373,"date":"2018-02-19T17:36:42","date_gmt":"2018-02-19T20:36:42","guid":{"rendered":"http:\/\/anoticiaonline.com.br\/site\/?p=50373"},"modified":"2018-02-19T17:36:42","modified_gmt":"2018-02-19T20:36:42","slug":"processo-seletivo-para-estagio-na-procuradoria-geral-do-municipio-tem-edital-publicado","status":"publish","type":"post","link":"https:\/\/anoticiaonline.com.br\/site\/processo-seletivo-para-estagio-na-procuradoria-geral-do-municipio-tem-edital-publicado\/","title":{"rendered":"Processo seletivo para est\u00e1gio na Procuradoria Geral do Munic\u00edpio tem edital publicado"},"content":{"rendered":"<p>A prefeitura de Muria\u00e9 publicou edital de processo seletivo para\u00a0contrata\u00e7\u00e3o de estagi\u00e1rios de Direito, bem como para forma\u00e7\u00e3o de cadastro de reserva. As duas vagas s\u00e3o para atua\u00e7\u00e3o na Procuradoria Geral do Munic\u00edpio.<\/p>\n<p>Os candidatos devem estar cursando entre o 3\u00ba e o 8\u00ba per\u00edodo de Direito. As inscri\u00e7\u00f5es s\u00e3o gratuitas e podem ser feitas somente via internet at\u00e9 o dia 5 de mar\u00e7o, no site da prefeitura de Muria\u00e9 (<a href=\"http:\/\/www.muriae.mg.gov.br\/\">www.muriae.mg.gov.br<\/a>, no menu \u201cCidad\u00e3o\u201d, op\u00e7\u00e3o \u201cEst\u00e1gios\u201d). O edital pode ser conferido nesse mesmo endere\u00e7o eletr\u00f4nico.<\/p>\n<p>A jornada de est\u00e1gio ser\u00e1 de 20 horas semanais, em turno \u00fanico (pela manh\u00e3 ou \u00e0 tarde), conforme conveni\u00eancia da Administra\u00e7\u00e3o. Os estudantes t\u00eam direito a bolsa correspondente ao valor de\u00a0R$ 482,50.\u00a0A prova ser\u00e1 realizada provavelmente no dia 7 de mar\u00e7o, \u00e0s 13h30min, em local ainda a ser divulgado.<\/p>\n<p><a href=\"https:\/\/anoticiaonline.com.br\/site\/wp-content\/uploads\/2018\/02\/Processo-seletivo-para-est\u00e1gio-na-Procuradoria-Geral-do-Munic\u00edpio-tem-edital-publicado.jpg\"><img fetchpriority=\"high\" decoding=\"async\" class=\"alignnone size-full wp-image-50374\" src=\"https:\/\/anoticiaonline.com.br\/site\/wp-content\/uploads\/2018\/02\/Processo-seletivo-para-est\u00e1gio-na-Procuradoria-Geral-do-Munic\u00edpio-tem-edital-publicado.jpg\" alt=\"\" width=\"640\" height=\"427\" srcset=\"https:\/\/anoticiaonline.com.br\/site\/wp-content\/uploads\/2018\/02\/Processo-seletivo-para-est\u00e1gio-na-Procuradoria-Geral-do-Munic\u00edpio-tem-edital-publicado.jpg 640w, https:\/\/anoticiaonline.com.br\/site\/wp-content\/uploads\/2018\/02\/Processo-seletivo-para-est\u00e1gio-na-Procuradoria-Geral-do-Munic\u00edpio-tem-edital-publicado-300x200.jpg 300w\" sizes=\"(max-width: 640px) 100vw, 640px\" \/><\/a><\/p>\n<p>Cr\u00e9ditos: ASCOM PMM<\/p>\n","protected":false},"excerpt":{"rendered":"<p>A prefeitura de Muria\u00e9 publicou edital de processo seletivo para\u00a0contrata\u00e7\u00e3o de estagi\u00e1rios de Direito, bem como para forma\u00e7\u00e3o de cadastro de reserva. As duas vagas s\u00e3o para atua\u00e7\u00e3o na Procuradoria Geral do Munic\u00edpio. Os candidatos devem estar cursando entre o 3\u00ba e o 8\u00ba per\u00edodo de Direito. As inscri\u00e7\u00f5es s\u00e3o gratuitas e podem ser feitas &#8230; <a title=\"Processo seletivo para est\u00e1gio na Procuradoria Geral do Munic\u00edpio tem edital publicado\" class=\"read-more\" href=\"https:\/\/anoticiaonline.com.br\/site\/processo-seletivo-para-estagio-na-procuradoria-geral-do-municipio-tem-edital-publicado\/\" aria-label=\"Read more about Processo seletivo para est\u00e1gio na Procuradoria Geral do Munic\u00edpio tem edital publicado\">Ler mais<\/a><\/p>\n","protected":false},"author":2,"featured_media":50374,"comment_status":"open","ping_status":"open","sticky":false,"template":"","format":"standard","meta":{"_acf_changed":false,"_monsterinsights_skip_tracking":false,"footnotes":""},"categories":[30],"tags":[2008,74,246,2007,2009],"class_list":["post-50373","post","type-post","status-publish","format-standard","has-post-thumbnail","hentry","category-muriae","tag-estagio","tag-muriae","tag-prefeitura","tag-procuradoria-geral-do-municipio","tag-prova"],"acf":[],"aioseo_notices":[],"aioseo_head":"\n\t\t<!-- All in One SEO 5.0.0.1 - aioseo.com -->\n\t<meta name=\"description\" content=\"A prefeitura de Muria\u00e9 publicou edital de processo seletivo para contrata\u00e7\u00e3o de estagi\u00e1rios de Direito, bem como para forma\u00e7\u00e3o de cadastro de reserva. As duas vagas s\u00e3o para atua\u00e7\u00e3o na Procuradoria Geral do Munic\u00edpio. Os candidatos devem estar cursando entre o 3\u00ba e o 8\u00ba per\u00edodo de Direito. As inscri\u00e7\u00f5es s\u00e3o gratuitas e podem ser feitas\" \/>\n\t<meta name=\"robots\" content=\"max-image-preview:large\" \/>\n\t<meta name=\"author\" content=\"Juliana Laviola\"\/>\n\t<link rel=\"canonical\" href=\"https:\/\/anoticiaonline.com.br\/site\/processo-seletivo-para-estagio-na-procuradoria-geral-do-municipio-tem-edital-publicado\/\" \/>\n\t<meta name=\"generator\" content=\"All in One SEO (AIOSEO) 5.0.0.1\" \/>\n\t\t<meta property=\"og:locale\" content=\"pt_BR\" \/>\n\t\t<meta property=\"og:site_name\" content=\"A Not\u00edcia Online - Noticias de Muria\u00e9 e regi\u00e3o\" \/>\n\t\t<meta property=\"og:type\" content=\"article\" \/>\n\t\t<meta property=\"og:title\" content=\"Processo seletivo para est\u00e1gio na Procuradoria Geral do Munic\u00edpio tem edital publicado - A Not\u00edcia Online\" \/>\n\t\t<meta property=\"og:description\" content=\"A prefeitura de Muria\u00e9 publicou edital de processo seletivo para contrata\u00e7\u00e3o de estagi\u00e1rios de Direito, bem como para forma\u00e7\u00e3o de cadastro de reserva. As duas vagas s\u00e3o para atua\u00e7\u00e3o na Procuradoria Geral do Munic\u00edpio. Os candidatos devem estar cursando entre o 3\u00ba e o 8\u00ba per\u00edodo de Direito. As inscri\u00e7\u00f5es s\u00e3o gratuitas e podem ser feitas\" \/>\n\t\t<meta property=\"og:url\" content=\"https:\/\/anoticiaonline.com.br\/site\/processo-seletivo-para-estagio-na-procuradoria-geral-do-municipio-tem-edital-publicado\/\" \/>\n\t\t<meta property=\"og:image\" content=\"https:\/\/scontent-gig4-1.xx.fbcdn.net\/v\/t39.30808-1\/270437624_4564083193639691_6907940295614233970_n.jpg?stp=dst-jpg_s200x200_tt6&#038;_nc_cat=111&#038;ccb=1-7&#038;_nc_sid=f907e8&#038;_nc_ohc=SM1wRlP3lJwQ7kNvwEPuBYA&#038;_nc_oc=AdnqrjDN_BNjSSHWO-GbkIWH6fkGMLw4bqvL_NH6e2wMveX7G-rP2dAqsDSq1mJMOaY&#038;_nc_zt=24&#038;_nc_ht=scontent-gig4-1.xx&#038;_nc_gid=AoBFJeGrT1hVaew_6rchkQ&#038;oh=00_AfX7QmFGhQhG2jAllVgXCiM1ZrWgvtp80-Bfppyexh1QEg&#038;oe=689E923C\" \/>\n\t\t<meta property=\"og:image:secure_url\" content=\"https:\/\/scontent-gig4-1.xx.fbcdn.net\/v\/t39.30808-1\/270437624_4564083193639691_6907940295614233970_n.jpg?stp=dst-jpg_s200x200_tt6&#038;_nc_cat=111&#038;ccb=1-7&#038;_nc_sid=f907e8&#038;_nc_ohc=SM1wRlP3lJwQ7kNvwEPuBYA&#038;_nc_oc=AdnqrjDN_BNjSSHWO-GbkIWH6fkGMLw4bqvL_NH6e2wMveX7G-rP2dAqsDSq1mJMOaY&#038;_nc_zt=24&#038;_nc_ht=scontent-gig4-1.xx&#038;_nc_gid=AoBFJeGrT1hVaew_6rchkQ&#038;oh=00_AfX7QmFGhQhG2jAllVgXCiM1ZrWgvtp80-Bfppyexh1QEg&#038;oe=689E923C\" \/>\n\t\t<meta property=\"article:published_time\" content=\"2018-02-19T20:36:42+00:00\" \/>\n\t\t<meta property=\"article:modified_time\" content=\"2018-02-19T20:36:42+00:00\" \/>\n\t\t<meta name=\"twitter:card\" content=\"summary_large_image\" \/>\n\t\t<meta name=\"twitter:title\" content=\"Processo seletivo para est\u00e1gio na Procuradoria Geral do Munic\u00edpio tem edital publicado - A Not\u00edcia Online\" \/>\n\t\t<meta name=\"twitter:description\" content=\"A prefeitura de Muria\u00e9 publicou edital de processo seletivo para contrata\u00e7\u00e3o de estagi\u00e1rios de Direito, bem como para forma\u00e7\u00e3o de cadastro de reserva. As duas vagas s\u00e3o para atua\u00e7\u00e3o na Procuradoria Geral do Munic\u00edpio. Os candidatos devem estar cursando entre o 3\u00ba e o 8\u00ba per\u00edodo de Direito. As inscri\u00e7\u00f5es s\u00e3o gratuitas e podem ser feitas\" \/>\n\t\t<meta name=\"twitter:image\" content=\"https:\/\/scontent-gig4-1.xx.fbcdn.net\/v\/t39.30808-1\/270437624_4564083193639691_6907940295614233970_n.jpg?stp=dst-jpg_s200x200_tt6&amp;_nc_cat=111&amp;ccb=1-7&amp;_nc_sid=f907e8&amp;_nc_ohc=SM1wRlP3lJwQ7kNvwEPuBYA&amp;_nc_oc=AdnqrjDN_BNjSSHWO-GbkIWH6fkGMLw4bqvL_NH6e2wMveX7G-rP2dAqsDSq1mJMOaY&amp;_nc_zt=24&amp;_nc_ht=scontent-gig4-1.xx&amp;_nc_gid=AoBFJeGrT1hVaew_6rchkQ&amp;oh=00_AfX7QmFGhQhG2jAllVgXCiM1ZrWgvtp80-Bfppyexh1QEg&amp;oe=689E923C\" \/>\n\t\t<script type=\"application\/ld+json\" class=\"aioseo-schema\">\n\t\t\t{\"@context\":\"https:\\\/\\\/schema.org\",\"@graph\":[{\"@type\":\"BlogPosting\",\"@id\":\"https:\\\/\\\/anoticiaonline.com.br\\\/site\\\/processo-seletivo-para-estagio-na-procuradoria-geral-do-municipio-tem-edital-publicado\\\/#blogposting\",\"name\":\"Processo seletivo para est\\u00e1gio na Procuradoria Geral do Munic\\u00edpio tem edital publicado - A Not\\u00edcia Online\",\"headline\":\"Processo seletivo para est\\u00e1gio na Procuradoria Geral do Munic\\u00edpio tem edital publicado\",\"author\":{\"@id\":\"https:\\\/\\\/anoticiaonline.com.br\\\/site\\\/author\\\/juliana\\\/#author\"},\"publisher\":{\"@id\":\"https:\\\/\\\/anoticiaonline.com.br\\\/site\\\/#organization\"},\"image\":{\"@type\":\"ImageObject\",\"url\":\"https:\\\/\\\/anoticiaonline.com.br\\\/site\\\/wp-content\\\/uploads\\\/2018\\\/02\\\/Processo-seletivo-para-est\\u00e1gio-na-Procuradoria-Geral-do-Munic\\u00edpio-tem-edital-publicado.jpg\",\"width\":640,\"height\":427},\"datePublished\":\"2018-02-19T17:36:42-03:00\",\"dateModified\":\"2018-02-19T17:36:42-03:00\",\"inLanguage\":\"pt-BR\",\"mainEntityOfPage\":{\"@id\":\"https:\\\/\\\/anoticiaonline.com.br\\\/site\\\/processo-seletivo-para-estagio-na-procuradoria-geral-do-municipio-tem-edital-publicado\\\/#webpage\"},\"isPartOf\":{\"@id\":\"https:\\\/\\\/anoticiaonline.com.br\\\/site\\\/processo-seletivo-para-estagio-na-procuradoria-geral-do-municipio-tem-edital-publicado\\\/#webpage\"},\"articleSection\":\"Blog, est\\u00e1gio, Muria\\u00e9, prefeitura, procuradoria geral do munic\\u00edpio, prova\"},{\"@type\":\"BreadcrumbList\",\"@id\":\"https:\\\/\\\/anoticiaonline.com.br\\\/site\\\/processo-seletivo-para-estagio-na-procuradoria-geral-do-municipio-tem-edital-publicado\\\/#breadcrumblist\",\"itemListElement\":[{\"@type\":\"ListItem\",\"@id\":\"https:\\\/\\\/anoticiaonline.com.br\\\/site#listItem\",\"position\":1,\"name\":\"Home\",\"item\":\"https:\\\/\\\/anoticiaonline.com.br\\\/site\",\"nextItem\":{\"@type\":\"ListItem\",\"@id\":\"https:\\\/\\\/anoticiaonline.com.br\\\/site\\\/categoria\\\/muriae\\\/#listItem\",\"name\":\"Blog\"}},{\"@type\":\"ListItem\",\"@id\":\"https:\\\/\\\/anoticiaonline.com.br\\\/site\\\/categoria\\\/muriae\\\/#listItem\",\"position\":2,\"name\":\"Blog\",\"item\":\"https:\\\/\\\/anoticiaonline.com.br\\\/site\\\/categoria\\\/muriae\\\/\",\"nextItem\":{\"@type\":\"ListItem\",\"@id\":\"https:\\\/\\\/anoticiaonline.com.br\\\/site\\\/processo-seletivo-para-estagio-na-procuradoria-geral-do-municipio-tem-edital-publicado\\\/#listItem\",\"name\":\"Processo seletivo para est\\u00e1gio na Procuradoria Geral do Munic\\u00edpio tem edital publicado\"},\"previousItem\":{\"@type\":\"ListItem\",\"@id\":\"https:\\\/\\\/anoticiaonline.com.br\\\/site#listItem\",\"name\":\"Home\"}},{\"@type\":\"ListItem\",\"@id\":\"https:\\\/\\\/anoticiaonline.com.br\\\/site\\\/processo-seletivo-para-estagio-na-procuradoria-geral-do-municipio-tem-edital-publicado\\\/#listItem\",\"position\":3,\"name\":\"Processo seletivo para est\\u00e1gio na Procuradoria Geral do Munic\\u00edpio tem edital publicado\",\"previousItem\":{\"@type\":\"ListItem\",\"@id\":\"https:\\\/\\\/anoticiaonline.com.br\\\/site\\\/categoria\\\/muriae\\\/#listItem\",\"name\":\"Blog\"}}]},{\"@type\":\"Organization\",\"@id\":\"https:\\\/\\\/anoticiaonline.com.br\\\/site\\\/#organization\",\"name\":\"A Not\\u00edcia Online\",\"description\":\"Noticias de Muria\\u00e9 e regi\\u00e3o\",\"url\":\"https:\\\/\\\/anoticiaonline.com.br\\\/site\\\/\",\"logo\":{\"@type\":\"ImageObject\",\"url\":\"https:\\\/\\\/scontent-gig4-1.xx.fbcdn.net\\\/v\\\/t39.30808-1\\\/270437624_4564083193639691_6907940295614233970_n.jpg?stp=dst-jpg_s200x200_tt6&_nc_cat=111&ccb=1-7&_nc_sid=f907e8&_nc_ohc=SM1wRlP3lJwQ7kNvwEPuBYA&_nc_oc=AdnqrjDN_BNjSSHWO-GbkIWH6fkGMLw4bqvL_NH6e2wMveX7G-rP2dAqsDSq1mJMOaY&_nc_zt=24&_nc_ht=scontent-gig4-1.xx&_nc_gid=AoBFJeGrT1hVaew_6rchkQ&oh=00_AfX7QmFGhQhG2jAllVgXCiM1ZrWgvtp80-Bfppyexh1QEg&oe=689E923C\",\"@id\":\"https:\\\/\\\/anoticiaonline.com.br\\\/site\\\/processo-seletivo-para-estagio-na-procuradoria-geral-do-municipio-tem-edital-publicado\\\/#organizationLogo\"},\"image\":{\"@id\":\"https:\\\/\\\/anoticiaonline.com.br\\\/site\\\/processo-seletivo-para-estagio-na-procuradoria-geral-do-municipio-tem-edital-publicado\\\/#organizationLogo\"}},{\"@type\":\"Person\",\"@id\":\"https:\\\/\\\/anoticiaonline.com.br\\\/site\\\/author\\\/juliana\\\/#author\",\"url\":\"https:\\\/\\\/anoticiaonline.com.br\\\/site\\\/author\\\/juliana\\\/\",\"name\":\"Juliana Laviola\",\"image\":{\"@type\":\"ImageObject\",\"@id\":\"https:\\\/\\\/anoticiaonline.com.br\\\/site\\\/processo-seletivo-para-estagio-na-procuradoria-geral-do-municipio-tem-edital-publicado\\\/#authorImage\",\"url\":\"https:\\\/\\\/secure.gravatar.com\\\/avatar\\\/b8d45f5c699b100dfaf0e543582f38f38bf94cb7ae3a5e9abf8d891a34773335?s=96&d=mm&r=g\",\"width\":96,\"height\":96,\"caption\":\"Juliana Laviola\"}},{\"@type\":\"WebPage\",\"@id\":\"https:\\\/\\\/anoticiaonline.com.br\\\/site\\\/processo-seletivo-para-estagio-na-procuradoria-geral-do-municipio-tem-edital-publicado\\\/#webpage\",\"url\":\"https:\\\/\\\/anoticiaonline.com.br\\\/site\\\/processo-seletivo-para-estagio-na-procuradoria-geral-do-municipio-tem-edital-publicado\\\/\",\"name\":\"Processo seletivo para est\\u00e1gio na Procuradoria Geral do Munic\\u00edpio tem edital publicado - A Not\\u00edcia Online\",\"description\":\"A prefeitura de Muria\\u00e9 publicou edital de processo seletivo para contrata\\u00e7\\u00e3o de estagi\\u00e1rios de Direito, bem como para forma\\u00e7\\u00e3o de cadastro de reserva. As duas vagas s\\u00e3o para atua\\u00e7\\u00e3o na Procuradoria Geral do Munic\\u00edpio. Os candidatos devem estar cursando entre o 3\\u00ba e o 8\\u00ba per\\u00edodo de Direito. As inscri\\u00e7\\u00f5es s\\u00e3o gratuitas e podem ser feitas\",\"inLanguage\":\"pt-BR\",\"isPartOf\":{\"@id\":\"https:\\\/\\\/anoticiaonline.com.br\\\/site\\\/#website\"},\"breadcrumb\":{\"@id\":\"https:\\\/\\\/anoticiaonline.com.br\\\/site\\\/processo-seletivo-para-estagio-na-procuradoria-geral-do-municipio-tem-edital-publicado\\\/#breadcrumblist\"},\"author\":{\"@id\":\"https:\\\/\\\/anoticiaonline.com.br\\\/site\\\/author\\\/juliana\\\/#author\"},\"creator\":{\"@id\":\"https:\\\/\\\/anoticiaonline.com.br\\\/site\\\/author\\\/juliana\\\/#author\"},\"image\":{\"@type\":\"ImageObject\",\"url\":\"https:\\\/\\\/anoticiaonline.com.br\\\/site\\\/wp-content\\\/uploads\\\/2018\\\/02\\\/Processo-seletivo-para-est\\u00e1gio-na-Procuradoria-Geral-do-Munic\\u00edpio-tem-edital-publicado.jpg\",\"@id\":\"https:\\\/\\\/anoticiaonline.com.br\\\/site\\\/processo-seletivo-para-estagio-na-procuradoria-geral-do-municipio-tem-edital-publicado\\\/#mainImage\",\"width\":640,\"height\":427},\"primaryImageOfPage\":{\"@id\":\"https:\\\/\\\/anoticiaonline.com.br\\\/site\\\/processo-seletivo-para-estagio-na-procuradoria-geral-do-municipio-tem-edital-publicado\\\/#mainImage\"},\"datePublished\":\"2018-02-19T17:36:42-03:00\",\"dateModified\":\"2018-02-19T17:36:42-03:00\"},{\"@type\":\"WebSite\",\"@id\":\"https:\\\/\\\/anoticiaonline.com.br\\\/site\\\/#website\",\"url\":\"https:\\\/\\\/anoticiaonline.com.br\\\/site\\\/\",\"name\":\"A Not\\u00edcia Online\",\"description\":\"Noticias de Muria\\u00e9 e regi\\u00e3o\",\"inLanguage\":\"pt-BR\",\"publisher\":{\"@id\":\"https:\\\/\\\/anoticiaonline.com.br\\\/site\\\/#organization\"}}]}\n\t\t<\/script>\n\t\t<!-- All in One SEO -->\n\n","aioseo_head_json":{"title":"Processo seletivo para est\u00e1gio na Procuradoria Geral do Munic\u00edpio tem edital publicado - A Not\u00edcia Online","description":"A prefeitura de Muria\u00e9 publicou edital de processo seletivo para contrata\u00e7\u00e3o de estagi\u00e1rios de Direito, bem como para forma\u00e7\u00e3o de cadastro de reserva. As duas vagas s\u00e3o para atua\u00e7\u00e3o na Procuradoria Geral do Munic\u00edpio. Os candidatos devem estar cursando entre o 3\u00ba e o 8\u00ba per\u00edodo de Direito. As inscri\u00e7\u00f5es s\u00e3o gratuitas e podem ser feitas","canonical_url":"https:\/\/anoticiaonline.com.br\/site\/processo-seletivo-para-estagio-na-procuradoria-geral-do-municipio-tem-edital-publicado\/","robots":"max-image-preview:large","keywords":"","webmasterTools":{"miscellaneous":""},"schema":{"@context":"https:\/\/schema.org","@graph":[{"@type":"BlogPosting","@id":"https:\/\/anoticiaonline.com.br\/site\/processo-seletivo-para-estagio-na-procuradoria-geral-do-municipio-tem-edital-publicado\/#blogposting","name":"Processo seletivo para est\u00e1gio na Procuradoria Geral do Munic\u00edpio tem edital publicado - A Not\u00edcia Online","headline":"Processo seletivo para est\u00e1gio na Procuradoria Geral do Munic\u00edpio tem edital publicado","author":{"@id":"https:\/\/anoticiaonline.com.br\/site\/author\/juliana\/#author"},"publisher":{"@id":"https:\/\/anoticiaonline.com.br\/site\/#organization"},"image":{"@type":"ImageObject","url":"https:\/\/anoticiaonline.com.br\/site\/wp-content\/uploads\/2018\/02\/Processo-seletivo-para-est\u00e1gio-na-Procuradoria-Geral-do-Munic\u00edpio-tem-edital-publicado.jpg","width":640,"height":427},"datePublished":"2018-02-19T17:36:42-03:00","dateModified":"2018-02-19T17:36:42-03:00","inLanguage":"pt-BR","mainEntityOfPage":{"@id":"https:\/\/anoticiaonline.com.br\/site\/processo-seletivo-para-estagio-na-procuradoria-geral-do-municipio-tem-edital-publicado\/#webpage"},"isPartOf":{"@id":"https:\/\/anoticiaonline.com.br\/site\/processo-seletivo-para-estagio-na-procuradoria-geral-do-municipio-tem-edital-publicado\/#webpage"},"articleSection":"Blog, est\u00e1gio, Muria\u00e9, prefeitura, procuradoria geral do munic\u00edpio, prova"},{"@type":"BreadcrumbList","@id":"https:\/\/anoticiaonline.com.br\/site\/processo-seletivo-para-estagio-na-procuradoria-geral-do-municipio-tem-edital-publicado\/#breadcrumblist","itemListElement":[{"@type":"ListItem","@id":"https:\/\/anoticiaonline.com.br\/site#listItem","position":1,"name":"Home","item":"https:\/\/anoticiaonline.com.br\/site","nextItem":{"@type":"ListItem","@id":"https:\/\/anoticiaonline.com.br\/site\/categoria\/muriae\/#listItem","name":"Blog"}},{"@type":"ListItem","@id":"https:\/\/anoticiaonline.com.br\/site\/categoria\/muriae\/#listItem","position":2,"name":"Blog","item":"https:\/\/anoticiaonline.com.br\/site\/categoria\/muriae\/","nextItem":{"@type":"ListItem","@id":"https:\/\/anoticiaonline.com.br\/site\/processo-seletivo-para-estagio-na-procuradoria-geral-do-municipio-tem-edital-publicado\/#listItem","name":"Processo seletivo para est\u00e1gio na Procuradoria Geral do Munic\u00edpio tem edital publicado"},"previousItem":{"@type":"ListItem","@id":"https:\/\/anoticiaonline.com.br\/site#listItem","name":"Home"}},{"@type":"ListItem","@id":"https:\/\/anoticiaonline.com.br\/site\/processo-seletivo-para-estagio-na-procuradoria-geral-do-municipio-tem-edital-publicado\/#listItem","position":3,"name":"Processo seletivo para est\u00e1gio na Procuradoria Geral do Munic\u00edpio tem edital publicado","previousItem":{"@type":"ListItem","@id":"https:\/\/anoticiaonline.com.br\/site\/categoria\/muriae\/#listItem","name":"Blog"}}]},{"@type":"Organization","@id":"https:\/\/anoticiaonline.com.br\/site\/#organization","name":"A Not\u00edcia Online","description":"Noticias de Muria\u00e9 e regi\u00e3o","url":"https:\/\/anoticiaonline.com.br\/site\/","logo":{"@type":"ImageObject","url":"https:\/\/scontent-gig4-1.xx.fbcdn.net\/v\/t39.30808-1\/270437624_4564083193639691_6907940295614233970_n.jpg?stp=dst-jpg_s200x200_tt6&_nc_cat=111&ccb=1-7&_nc_sid=f907e8&_nc_ohc=SM1wRlP3lJwQ7kNvwEPuBYA&_nc_oc=AdnqrjDN_BNjSSHWO-GbkIWH6fkGMLw4bqvL_NH6e2wMveX7G-rP2dAqsDSq1mJMOaY&_nc_zt=24&_nc_ht=scontent-gig4-1.xx&_nc_gid=AoBFJeGrT1hVaew_6rchkQ&oh=00_AfX7QmFGhQhG2jAllVgXCiM1ZrWgvtp80-Bfppyexh1QEg&oe=689E923C","@id":"https:\/\/anoticiaonline.com.br\/site\/processo-seletivo-para-estagio-na-procuradoria-geral-do-municipio-tem-edital-publicado\/#organizationLogo"},"image":{"@id":"https:\/\/anoticiaonline.com.br\/site\/processo-seletivo-para-estagio-na-procuradoria-geral-do-municipio-tem-edital-publicado\/#organizationLogo"}},{"@type":"Person","@id":"https:\/\/anoticiaonline.com.br\/site\/author\/juliana\/#author","url":"https:\/\/anoticiaonline.com.br\/site\/author\/juliana\/","name":"Juliana Laviola","image":{"@type":"ImageObject","@id":"https:\/\/anoticiaonline.com.br\/site\/processo-seletivo-para-estagio-na-procuradoria-geral-do-municipio-tem-edital-publicado\/#authorImage","url":"https:\/\/secure.gravatar.com\/avatar\/b8d45f5c699b100dfaf0e543582f38f38bf94cb7ae3a5e9abf8d891a34773335?s=96&d=mm&r=g","width":96,"height":96,"caption":"Juliana Laviola"}},{"@type":"WebPage","@id":"https:\/\/anoticiaonline.com.br\/site\/processo-seletivo-para-estagio-na-procuradoria-geral-do-municipio-tem-edital-publicado\/#webpage","url":"https:\/\/anoticiaonline.com.br\/site\/processo-seletivo-para-estagio-na-procuradoria-geral-do-municipio-tem-edital-publicado\/","name":"Processo seletivo para est\u00e1gio na Procuradoria Geral do Munic\u00edpio tem edital publicado - A Not\u00edcia Online","description":"A prefeitura de Muria\u00e9 publicou edital de processo seletivo para contrata\u00e7\u00e3o de estagi\u00e1rios de Direito, bem como para forma\u00e7\u00e3o de cadastro de reserva. As duas vagas s\u00e3o para atua\u00e7\u00e3o na Procuradoria Geral do Munic\u00edpio. Os candidatos devem estar cursando entre o 3\u00ba e o 8\u00ba per\u00edodo de Direito. As inscri\u00e7\u00f5es s\u00e3o gratuitas e podem ser feitas","inLanguage":"pt-BR","isPartOf":{"@id":"https:\/\/anoticiaonline.com.br\/site\/#website"},"breadcrumb":{"@id":"https:\/\/anoticiaonline.com.br\/site\/processo-seletivo-para-estagio-na-procuradoria-geral-do-municipio-tem-edital-publicado\/#breadcrumblist"},"author":{"@id":"https:\/\/anoticiaonline.com.br\/site\/author\/juliana\/#author"},"creator":{"@id":"https:\/\/anoticiaonline.com.br\/site\/author\/juliana\/#author"},"image":{"@type":"ImageObject","url":"https:\/\/anoticiaonline.com.br\/site\/wp-content\/uploads\/2018\/02\/Processo-seletivo-para-est\u00e1gio-na-Procuradoria-Geral-do-Munic\u00edpio-tem-edital-publicado.jpg","@id":"https:\/\/anoticiaonline.com.br\/site\/processo-seletivo-para-estagio-na-procuradoria-geral-do-municipio-tem-edital-publicado\/#mainImage","width":640,"height":427},"primaryImageOfPage":{"@id":"https:\/\/anoticiaonline.com.br\/site\/processo-seletivo-para-estagio-na-procuradoria-geral-do-municipio-tem-edital-publicado\/#mainImage"},"datePublished":"2018-02-19T17:36:42-03:00","dateModified":"2018-02-19T17:36:42-03:00"},{"@type":"WebSite","@id":"https:\/\/anoticiaonline.com.br\/site\/#website","url":"https:\/\/anoticiaonline.com.br\/site\/","name":"A Not\u00edcia Online","description":"Noticias de Muria\u00e9 e regi\u00e3o","inLanguage":"pt-BR","publisher":{"@id":"https:\/\/anoticiaonline.com.br\/site\/#organization"}}]},"og:locale":"pt_BR","og:site_name":"A Not\u00edcia Online - Noticias de Muria\u00e9 e regi\u00e3o","og:type":"article","og:title":"Processo seletivo para est\u00e1gio na Procuradoria Geral do Munic\u00edpio tem edital publicado - A Not\u00edcia Online","og:description":"A prefeitura de Muria\u00e9 publicou edital de processo seletivo para contrata\u00e7\u00e3o de estagi\u00e1rios de Direito, bem como para forma\u00e7\u00e3o de cadastro de reserva. As duas vagas s\u00e3o para atua\u00e7\u00e3o na Procuradoria Geral do Munic\u00edpio. Os candidatos devem estar cursando entre o 3\u00ba e o 8\u00ba per\u00edodo de Direito. As inscri\u00e7\u00f5es s\u00e3o gratuitas e podem ser feitas","og:url":"https:\/\/anoticiaonline.com.br\/site\/processo-seletivo-para-estagio-na-procuradoria-geral-do-municipio-tem-edital-publicado\/","og:image":"https:\/\/scontent-gig4-1.xx.fbcdn.net\/v\/t39.30808-1\/270437624_4564083193639691_6907940295614233970_n.jpg?stp=dst-jpg_s200x200_tt6&#038;_nc_cat=111&#038;ccb=1-7&#038;_nc_sid=f907e8&#038;_nc_ohc=SM1wRlP3lJwQ7kNvwEPuBYA&#038;_nc_oc=AdnqrjDN_BNjSSHWO-GbkIWH6fkGMLw4bqvL_NH6e2wMveX7G-rP2dAqsDSq1mJMOaY&#038;_nc_zt=24&#038;_nc_ht=scontent-gig4-1.xx&#038;_nc_gid=AoBFJeGrT1hVaew_6rchkQ&#038;oh=00_AfX7QmFGhQhG2jAllVgXCiM1ZrWgvtp80-Bfppyexh1QEg&#038;oe=689E923C","og:image:secure_url":"https:\/\/scontent-gig4-1.xx.fbcdn.net\/v\/t39.30808-1\/270437624_4564083193639691_6907940295614233970_n.jpg?stp=dst-jpg_s200x200_tt6&#038;_nc_cat=111&#038;ccb=1-7&#038;_nc_sid=f907e8&#038;_nc_ohc=SM1wRlP3lJwQ7kNvwEPuBYA&#038;_nc_oc=AdnqrjDN_BNjSSHWO-GbkIWH6fkGMLw4bqvL_NH6e2wMveX7G-rP2dAqsDSq1mJMOaY&#038;_nc_zt=24&#038;_nc_ht=scontent-gig4-1.xx&#038;_nc_gid=AoBFJeGrT1hVaew_6rchkQ&#038;oh=00_AfX7QmFGhQhG2jAllVgXCiM1ZrWgvtp80-Bfppyexh1QEg&#038;oe=689E923C","article:published_time":"2018-02-19T20:36:42+00:00","article:modified_time":"2018-02-19T20:36:42+00:00","twitter:card":"summary_large_image","twitter:title":"Processo seletivo para est\u00e1gio na Procuradoria Geral do Munic\u00edpio tem edital publicado - A Not\u00edcia Online","twitter:description":"A prefeitura de Muria\u00e9 publicou edital de processo seletivo para contrata\u00e7\u00e3o de estagi\u00e1rios de Direito, bem como para forma\u00e7\u00e3o de cadastro de reserva. As duas vagas s\u00e3o para atua\u00e7\u00e3o na Procuradoria Geral do Munic\u00edpio. Os candidatos devem estar cursando entre o 3\u00ba e o 8\u00ba per\u00edodo de Direito. As inscri\u00e7\u00f5es s\u00e3o gratuitas e podem ser feitas","twitter:image":"https:\/\/scontent-gig4-1.xx.fbcdn.net\/v\/t39.30808-1\/270437624_4564083193639691_6907940295614233970_n.jpg?stp=dst-jpg_s200x200_tt6&_nc_cat=111&ccb=1-7&_nc_sid=f907e8&_nc_ohc=SM1wRlP3lJwQ7kNvwEPuBYA&_nc_oc=AdnqrjDN_BNjSSHWO-GbkIWH6fkGMLw4bqvL_NH6e2wMveX7G-rP2dAqsDSq1mJMOaY&_nc_zt=24&_nc_ht=scontent-gig4-1.xx&_nc_gid=AoBFJeGrT1hVaew_6rchkQ&oh=00_AfX7QmFGhQhG2jAllVgXCiM1ZrWgvtp80-Bfppyexh1QEg&oe=689E923C"},"aioseo_meta_data":{"post_id":"50373","title":null,"description":null,"keywords":null,"keyphrases":null,"primary_term":null,"canonical_url":null,"og_title":null,"og_description":null,"og_object_type":"default","og_image_type":"default","og_image_url":null,"og_image_width":null,"og_image_height":null,"og_image_custom_url":null,"og_image_custom_fields":null,"og_video":null,"og_custom_url":null,"og_article_section":null,"og_article_tags":null,"twitter_use_og":false,"twitter_card":"default","twitter_image_type":"default","twitter_image_url":null,"twitter_image_custom_url":null,"twitter_image_custom_fields":null,"twitter_title":null,"twitter_description":null,"schema":{"blockGraphs":[],"customGraphs":[],"default":{"data":{"Article":[],"Course":[],"Dataset":[],"FAQPage":[],"Movie":[],"Person":[],"Product":[],"ProductReview":[],"Car":[],"Recipe":[],"Service":[],"SoftwareApplication":[],"WebPage":[]},"graphName":"","isEnabled":true},"graphs":[]},"schema_type":"default","schema_type_options":null,"pillar_content":false,"robots_default":true,"robots_noindex":false,"robots_noarchive":false,"robots_nosnippet":false,"robots_nofollow":false,"robots_noimageindex":false,"robots_noodp":false,"robots_notranslate":false,"robots_max_snippet":null,"robots_max_videopreview":null,"robots_max_imagepreview":"large","priority":null,"frequency":null,"local_seo":null,"breadcrumb_settings":null,"limit_modified_date":false,"ai":null,"created":"2025-08-16 20:21:28","updated":"2025-08-16 20:21:28","focus_keyword":null,"additional_keywords":null,"truseo_locale":null,"seo_analyzer_scan_date":null},"aioseo_breadcrumb":"<div class=\"aioseo-breadcrumbs\"><span class=\"aioseo-breadcrumb\">\n\t\t\t<a href=\"https:\/\/anoticiaonline.com.br\/site\" title=\"Home\">Home<\/a>\n\t\t<\/span><span class=\"aioseo-breadcrumb-separator\">&raquo;<\/span><span class=\"aioseo-breadcrumb\">\n\t\t\t<a href=\"https:\/\/anoticiaonline.com.br\/site\/categoria\/muriae\/\" title=\"Blog\">Blog<\/a>\n\t\t<\/span><span class=\"aioseo-breadcrumb-separator\">&raquo;<\/span><span class=\"aioseo-breadcrumb\">\n\t\t\tProcesso seletivo para est\u00e1gio na Procuradoria Geral do Munic\u00edpio tem edital publicado\n\t\t<\/span><\/div>","aioseo_breadcrumb_json":[{"label":"Home","link":"https:\/\/anoticiaonline.com.br\/site"},{"label":"Blog","link":"https:\/\/anoticiaonline.com.br\/site\/categoria\/muriae\/"},{"label":"Processo seletivo para est\u00e1gio na Procuradoria Geral do Munic\u00edpio tem edital publicado","link":"https:\/\/anoticiaonline.com.br\/site\/processo-seletivo-para-estagio-na-procuradoria-geral-do-municipio-tem-edital-publicado\/"}],"views":147,"_links":{"self":[{"href":"https:\/\/anoticiaonline.com.br\/site\/wp-json\/wp\/v2\/posts\/50373","targetHints":{"allow":["GET"]}}],"collection":[{"href":"https:\/\/anoticiaonline.com.br\/site\/wp-json\/wp\/v2\/posts"}],"about":[{"href":"https:\/\/anoticiaonline.com.br\/site\/wp-json\/wp\/v2\/types\/post"}],"author":[{"embeddable":true,"href":"https:\/\/anoticiaonline.com.br\/site\/wp-json\/wp\/v2\/users\/2"}],"replies":[{"embeddable":true,"href":"https:\/\/anoticiaonline.com.br\/site\/wp-json\/wp\/v2\/comments?post=50373"}],"version-history":[{"count":0,"href":"https:\/\/anoticiaonline.com.br\/site\/wp-json\/wp\/v2\/posts\/50373\/revisions"}],"wp:featuredmedia":[{"embeddable":true,"href":"https:\/\/anoticiaonline.com.br\/site\/wp-json\/wp\/v2\/media\/50374"}],"wp:attachment":[{"href":"https:\/\/anoticiaonline.com.br\/site\/wp-json\/wp\/v2\/media?parent=50373"}],"wp:term":[{"taxonomy":"category","embeddable":true,"href":"https:\/\/anoticiaonline.com.br\/site\/wp-json\/wp\/v2\/categories?post=50373"},{"taxonomy":"post_tag","embeddable":true,"href":"https:\/\/anoticiaonline.com.br\/site\/wp-json\/wp\/v2\/tags?post=50373"}],"curies":[{"name":"wp","href":"https:\/\/api.w.org\/{rel}","templated":true}]}}