{"id":50301,"date":"2018-02-16T10:26:15","date_gmt":"2018-02-16T13:26:15","guid":{"rendered":"http:\/\/anoticiaonline.com.br\/site\/?p=50301"},"modified":"2018-02-16T10:42:48","modified_gmt":"2018-02-16T13:42:48","slug":"escola-de-samba-unidos-do-santa-terezinha-faz-homenagem-a-radio-muriae","status":"publish","type":"post","link":"https:\/\/anoticiaonline.com.br\/site\/escola-de-samba-unidos-do-santa-terezinha-faz-homenagem-a-radio-muriae\/","title":{"rendered":"Escola de Samba Unidos do Santa Terezinha faz homenagem \u00e0 R\u00e1dio Muria\u00e9"},"content":{"rendered":"<p><a href=\"https:\/\/anoticiaonline.com.br\/site\/wp-content\/uploads\/2018\/02\/Sta-Terezinha-PROIBIDA-A-COPIA-POR-VE\u00cdCULO-DE-COMUNICA\u00c7\u00c3O-5.jpg\"><img fetchpriority=\"high\" decoding=\"async\" class=\"aligncenter size-full wp-image-50304\" src=\"https:\/\/anoticiaonline.com.br\/site\/wp-content\/uploads\/2018\/02\/Sta-Terezinha-PROIBIDA-A-COPIA-POR-VE\u00cdCULO-DE-COMUNICA\u00c7\u00c3O-5.jpg\" alt=\"\" width=\"640\" height=\"424\" srcset=\"https:\/\/anoticiaonline.com.br\/site\/wp-content\/uploads\/2018\/02\/Sta-Terezinha-PROIBIDA-A-COPIA-POR-VE\u00cdCULO-DE-COMUNICA\u00c7\u00c3O-5.jpg 640w, https:\/\/anoticiaonline.com.br\/site\/wp-content\/uploads\/2018\/02\/Sta-Terezinha-PROIBIDA-A-COPIA-POR-VE\u00cdCULO-DE-COMUNICA\u00c7\u00c3O-5-300x199.jpg 300w\" sizes=\"(max-width: 640px) 100vw, 640px\" \/><\/a><a href=\"https:\/\/anoticiaonline.com.br\/site\/wp-content\/uploads\/2018\/02\/Sta-Terezinha-PROIBIDA-A-COPIA-POR-VE\u00cdCULO-DE-COMUNICA\u00c7\u00c3O-17.jpg\"><img decoding=\"async\" class=\"aligncenter size-full wp-image-50306\" src=\"https:\/\/anoticiaonline.com.br\/site\/wp-content\/uploads\/2018\/02\/Sta-Terezinha-PROIBIDA-A-COPIA-POR-VE\u00cdCULO-DE-COMUNICA\u00c7\u00c3O-17.jpg\" alt=\"\" width=\"640\" height=\"426\" srcset=\"https:\/\/anoticiaonline.com.br\/site\/wp-content\/uploads\/2018\/02\/Sta-Terezinha-PROIBIDA-A-COPIA-POR-VE\u00cdCULO-DE-COMUNICA\u00c7\u00c3O-17.jpg 640w, https:\/\/anoticiaonline.com.br\/site\/wp-content\/uploads\/2018\/02\/Sta-Terezinha-PROIBIDA-A-COPIA-POR-VE\u00cdCULO-DE-COMUNICA\u00c7\u00c3O-17-300x200.jpg 300w\" sizes=\"(max-width: 640px) 100vw, 640px\" \/><\/a>Com o enredo \u201cH\u00e1 mais de 70 anos R\u00e1dio Muria\u00e9 \u2013 A deusa da sintonia\u201d, a Escola de Samba Unidos do Santa Terezinha deu um show na Avenida do Samba durante o segundo dia do \u201cEsquenta Muria\u00e9 2018\u201d, no \u00faltimo s\u00e1bado (3).<\/p>\n<p>A escola, que possui mais de 185 componentes e est\u00e1 localizada na comunidade do Bairro Santa Terezinha, contou a hist\u00f3ria da R\u00e1dio Muria\u00e9, que este ano completa 75 anos de exist\u00eancia.<\/p>\n<p>O propriet\u00e1rio da emissora, Paulo Roberto Barros, juntamente com sua esposa L\u00edgia e seu filho, Paulo Roberto Filho, participaram do desfile e agradeceram ao Unidos do Santa Terezinha pela emocionante homenagem.<\/p>\n<p>De acordo com o presidente da escola, Cl\u00e1udio Roberto Ventura, o sucesso do desfile deve-se ao incans\u00e1vel trabalho de toda a comunidade e diversos colaboradores.<\/p>\n<p>\u201cRespiramos carnaval durante 10 meses, a cada ano. Ao final, colocamos na Avenida aquilo que est\u00e1vamos desejando e o p\u00fablico aprovou. Este sucesso s\u00f3 foi poss\u00edvel gra\u00e7as ao trabalho de muitas pessoas. Aproveito a oportunidade para agradecer ao Carlinhos Scarlet, Cl\u00e9bio de Freitas, Rom\u00e1rio Sales, Chiquinho da Espuma, \u00e0 Zelinha, Betinho, Mestre Pedr\u00e3o, Paulo Magalh\u00e3es, \u00e0 Fundarte, ao prefeito Grego, ao vice-prefeito Marcos Guarino, ao secret\u00e1rio de desenvolvimento econ\u00f4mico e rela\u00e7\u00f5es institucionais, Carlos Magno, ao deputado federal Renzo Braz, ao deputado estadual Braulio Braz, \u00e0 vereadora Miriam Facchini, aos vereadores Jair Abreu, Reginaldo Roriz, al\u00e9m de Rog\u00e9rio do Carmo, Evandro de Castro, Birusca, Basti\u00e3o Nacional, Paulo Roberto Filho, Elis\u00e2ngela Camerino, Merim do Posto, Oficina do C\u00e9sar e Escola de Samba Est\u00e1cio de S\u00e1. A partir de agora come\u00e7aremos a pensar no pr\u00f3ximo ano\u201d, conta.<\/p>\n<p>A escola conta com Zelinha, vice-presidente, Ant\u00f4nio Carlos, diretor de carnaval, com os carnavalescos Rom\u00e1rio Sales, Chiquinho da Espuma, do Rio de Janeiro, Cl\u00e9bio de Freitas, tamb\u00e9m do Rio, Pedr\u00e3o Jorge, como mestre de bateria, os m\u00fasicos: Adryan Augusto, Shirley de Melo e Pedro J\u00fanior, Paulo Magalh\u00e3es, presidente da harmonia, Luiz Fernando (Luizinho), mestre sala, Marly, porta-bandeira, Walbert Luiz (comiss\u00e3o de frente, Greice (Preta), madrinha de bateria, Marizete (Zete), como rainha de bateria, destaques de carro: Pablo Santos, Rom\u00e1rio Sales e Bianca Oliveira, destaque de ch\u00e3o: Maicon, Diones de Castro (Antena em Movimento), Morena (Rainha da Diversidade) com a fantasia A Deusa da Sintonia, Preta: com a fantasia As Ondas da Transmiss\u00e3o da R\u00e1dio Muria\u00e9.<\/p>\n<p>&nbsp;<\/p>\n<p><a href=\"https:\/\/anoticiaonline.com.br\/site\/wp-content\/uploads\/2018\/02\/Sta-Terezinha-PROIBIDA-A-COPIA-POR-VE\u00cdCULO-DE-COMUNICA\u00c7\u00c3O-16.jpg\"><img decoding=\"async\" class=\"aligncenter size-full wp-image-50305\" src=\"https:\/\/anoticiaonline.com.br\/site\/wp-content\/uploads\/2018\/02\/Sta-Terezinha-PROIBIDA-A-COPIA-POR-VE\u00cdCULO-DE-COMUNICA\u00c7\u00c3O-16.jpg\" alt=\"\" width=\"640\" height=\"425\" srcset=\"https:\/\/anoticiaonline.com.br\/site\/wp-content\/uploads\/2018\/02\/Sta-Terezinha-PROIBIDA-A-COPIA-POR-VE\u00cdCULO-DE-COMUNICA\u00c7\u00c3O-16.jpg 640w, https:\/\/anoticiaonline.com.br\/site\/wp-content\/uploads\/2018\/02\/Sta-Terezinha-PROIBIDA-A-COPIA-POR-VE\u00cdCULO-DE-COMUNICA\u00c7\u00c3O-16-300x199.jpg 300w\" sizes=\"(max-width: 640px) 100vw, 640px\" \/><\/a><\/p>\n<p>&nbsp;<\/p>\n<p><a href=\"https:\/\/anoticiaonline.com.br\/site\/wp-content\/uploads\/2018\/02\/Sta-Terezinha-PROIBIDA-A-COPIA-POR-VE\u00cdCULO-DE-COMUNICA\u00c7\u00c3O-18.jpg\"><img loading=\"lazy\" decoding=\"async\" class=\"aligncenter size-full wp-image-50307\" src=\"https:\/\/anoticiaonline.com.br\/site\/wp-content\/uploads\/2018\/02\/Sta-Terezinha-PROIBIDA-A-COPIA-POR-VE\u00cdCULO-DE-COMUNICA\u00c7\u00c3O-18.jpg\" alt=\"\" width=\"640\" height=\"426\" srcset=\"https:\/\/anoticiaonline.com.br\/site\/wp-content\/uploads\/2018\/02\/Sta-Terezinha-PROIBIDA-A-COPIA-POR-VE\u00cdCULO-DE-COMUNICA\u00c7\u00c3O-18.jpg 640w, https:\/\/anoticiaonline.com.br\/site\/wp-content\/uploads\/2018\/02\/Sta-Terezinha-PROIBIDA-A-COPIA-POR-VE\u00cdCULO-DE-COMUNICA\u00c7\u00c3O-18-300x200.jpg 300w\" sizes=\"(max-width: 640px) 100vw, 640px\" \/><\/a><\/p>\n<p>&nbsp;<\/p>\n<p><img decoding=\"async\" class=\"ngg_displayed_gallery mceItem\" src=\"https:\/\/anoticiaonline.com.br\/site\/nextgen-attach_to_post\/preview\/id--50348\" \/><\/p>\n","protected":false},"excerpt":{"rendered":"<p>Com o enredo \u201cH\u00e1 mais de 70 anos R\u00e1dio Muria\u00e9 \u2013 A deusa da sintonia\u201d, a Escola de Samba Unidos do Santa Terezinha deu um show na Avenida do Samba durante o segundo dia do \u201cEsquenta Muria\u00e9 2018\u201d, no \u00faltimo s\u00e1bado (3). A escola, que possui mais de 185 componentes e est\u00e1 localizada na comunidade &#8230; <a title=\"Escola de Samba Unidos do Santa Terezinha faz homenagem \u00e0 R\u00e1dio Muria\u00e9\" class=\"read-more\" href=\"https:\/\/anoticiaonline.com.br\/site\/escola-de-samba-unidos-do-santa-terezinha-faz-homenagem-a-radio-muriae\/\" aria-label=\"Read more about Escola de Samba Unidos do Santa Terezinha faz homenagem \u00e0 R\u00e1dio Muria\u00e9\">Ler mais<\/a><\/p>\n","protected":false},"author":2,"featured_media":50304,"comment_status":"open","ping_status":"open","sticky":false,"template":"","format":"standard","meta":{"_acf_changed":false,"_monsterinsights_skip_tracking":false,"footnotes":""},"categories":[30],"tags":[2001,1998,2000,1999,153,2002,1997,1139],"class_list":["post-50301","post","type-post","status-publish","format-standard","has-post-thumbnail","hentry","category-muriae","tag-carnavak","tag-escola-de-samba-unidos-do-santa-terezinha","tag-esquenta-muriae-2018","tag-ha-mais-de-70-anos-radio-muriae-a-deusa-da-sintonia","tag-homenagem","tag-paulo-roberto-barros","tag-radio-muriae","tag-santa-terezinha"],"acf":[],"aioseo_notices":[],"aioseo_head":"\n\t\t<!-- All in One SEO 5.0.0.1 - aioseo.com -->\n\t<meta name=\"description\" content=\"Com o enredo \u201cH\u00e1 mais de 70 anos R\u00e1dio Muria\u00e9 \u2013 A deusa da sintonia\u201d, a Escola de Samba Unidos do Santa Terezinha deu um show na Avenida do Samba durante o segundo dia do \u201cEsquenta Muria\u00e9 2018\u201d, no \u00faltimo s\u00e1bado (3). A escola, que possui mais de 185 componentes e est\u00e1 localizada na comunidade\" \/>\n\t<meta name=\"robots\" content=\"max-image-preview:large\" \/>\n\t<meta name=\"author\" content=\"Juliana Laviola\"\/>\n\t<link rel=\"canonical\" href=\"https:\/\/anoticiaonline.com.br\/site\/escola-de-samba-unidos-do-santa-terezinha-faz-homenagem-a-radio-muriae\/\" \/>\n\t<meta name=\"generator\" content=\"All in One SEO (AIOSEO) 5.0.0.1\" \/>\n\t\t<meta property=\"og:locale\" content=\"pt_BR\" \/>\n\t\t<meta property=\"og:site_name\" content=\"A Not\u00edcia Online - Noticias de Muria\u00e9 e regi\u00e3o\" \/>\n\t\t<meta property=\"og:type\" content=\"article\" \/>\n\t\t<meta property=\"og:title\" content=\"Escola de Samba Unidos do Santa Terezinha faz homenagem \u00e0 R\u00e1dio Muria\u00e9 - A Not\u00edcia Online\" \/>\n\t\t<meta property=\"og:description\" content=\"Com o enredo \u201cH\u00e1 mais de 70 anos R\u00e1dio Muria\u00e9 \u2013 A deusa da sintonia\u201d, a Escola de Samba Unidos do Santa Terezinha deu um show na Avenida do Samba durante o segundo dia do \u201cEsquenta Muria\u00e9 2018\u201d, no \u00faltimo s\u00e1bado (3). A escola, que possui mais de 185 componentes e est\u00e1 localizada na comunidade\" \/>\n\t\t<meta property=\"og:url\" content=\"https:\/\/anoticiaonline.com.br\/site\/escola-de-samba-unidos-do-santa-terezinha-faz-homenagem-a-radio-muriae\/\" \/>\n\t\t<meta property=\"og:image\" content=\"https:\/\/scontent-gig4-1.xx.fbcdn.net\/v\/t39.30808-1\/270437624_4564083193639691_6907940295614233970_n.jpg?stp=dst-jpg_s200x200_tt6&#038;_nc_cat=111&#038;ccb=1-7&#038;_nc_sid=f907e8&#038;_nc_ohc=SM1wRlP3lJwQ7kNvwEPuBYA&#038;_nc_oc=AdnqrjDN_BNjSSHWO-GbkIWH6fkGMLw4bqvL_NH6e2wMveX7G-rP2dAqsDSq1mJMOaY&#038;_nc_zt=24&#038;_nc_ht=scontent-gig4-1.xx&#038;_nc_gid=AoBFJeGrT1hVaew_6rchkQ&#038;oh=00_AfX7QmFGhQhG2jAllVgXCiM1ZrWgvtp80-Bfppyexh1QEg&#038;oe=689E923C\" \/>\n\t\t<meta property=\"og:image:secure_url\" content=\"https:\/\/scontent-gig4-1.xx.fbcdn.net\/v\/t39.30808-1\/270437624_4564083193639691_6907940295614233970_n.jpg?stp=dst-jpg_s200x200_tt6&#038;_nc_cat=111&#038;ccb=1-7&#038;_nc_sid=f907e8&#038;_nc_ohc=SM1wRlP3lJwQ7kNvwEPuBYA&#038;_nc_oc=AdnqrjDN_BNjSSHWO-GbkIWH6fkGMLw4bqvL_NH6e2wMveX7G-rP2dAqsDSq1mJMOaY&#038;_nc_zt=24&#038;_nc_ht=scontent-gig4-1.xx&#038;_nc_gid=AoBFJeGrT1hVaew_6rchkQ&#038;oh=00_AfX7QmFGhQhG2jAllVgXCiM1ZrWgvtp80-Bfppyexh1QEg&#038;oe=689E923C\" \/>\n\t\t<meta property=\"article:published_time\" content=\"2018-02-16T13:26:15+00:00\" \/>\n\t\t<meta property=\"article:modified_time\" content=\"2018-02-16T13:42:48+00:00\" \/>\n\t\t<meta name=\"twitter:card\" content=\"summary_large_image\" \/>\n\t\t<meta name=\"twitter:title\" content=\"Escola de Samba Unidos do Santa Terezinha faz homenagem \u00e0 R\u00e1dio Muria\u00e9 - A Not\u00edcia Online\" \/>\n\t\t<meta name=\"twitter:description\" content=\"Com o enredo \u201cH\u00e1 mais de 70 anos R\u00e1dio Muria\u00e9 \u2013 A deusa da sintonia\u201d, a Escola de Samba Unidos do Santa Terezinha deu um show na Avenida do Samba durante o segundo dia do \u201cEsquenta Muria\u00e9 2018\u201d, no \u00faltimo s\u00e1bado (3). A escola, que possui mais de 185 componentes e est\u00e1 localizada na comunidade\" \/>\n\t\t<meta name=\"twitter:image\" content=\"https:\/\/scontent-gig4-1.xx.fbcdn.net\/v\/t39.30808-1\/270437624_4564083193639691_6907940295614233970_n.jpg?stp=dst-jpg_s200x200_tt6&amp;_nc_cat=111&amp;ccb=1-7&amp;_nc_sid=f907e8&amp;_nc_ohc=SM1wRlP3lJwQ7kNvwEPuBYA&amp;_nc_oc=AdnqrjDN_BNjSSHWO-GbkIWH6fkGMLw4bqvL_NH6e2wMveX7G-rP2dAqsDSq1mJMOaY&amp;_nc_zt=24&amp;_nc_ht=scontent-gig4-1.xx&amp;_nc_gid=AoBFJeGrT1hVaew_6rchkQ&amp;oh=00_AfX7QmFGhQhG2jAllVgXCiM1ZrWgvtp80-Bfppyexh1QEg&amp;oe=689E923C\" \/>\n\t\t<script type=\"application\/ld+json\" class=\"aioseo-schema\">\n\t\t\t{\"@context\":\"https:\\\/\\\/schema.org\",\"@graph\":[{\"@type\":\"BlogPosting\",\"@id\":\"https:\\\/\\\/anoticiaonline.com.br\\\/site\\\/escola-de-samba-unidos-do-santa-terezinha-faz-homenagem-a-radio-muriae\\\/#blogposting\",\"name\":\"Escola de Samba Unidos do Santa Terezinha faz homenagem \\u00e0 R\\u00e1dio Muria\\u00e9 - A Not\\u00edcia Online\",\"headline\":\"Escola de Samba Unidos do Santa Terezinha faz homenagem \\u00e0 R\\u00e1dio Muria\\u00e9\",\"author\":{\"@id\":\"https:\\\/\\\/anoticiaonline.com.br\\\/site\\\/author\\\/juliana\\\/#author\"},\"publisher\":{\"@id\":\"https:\\\/\\\/anoticiaonline.com.br\\\/site\\\/#organization\"},\"image\":{\"@type\":\"ImageObject\",\"url\":\"https:\\\/\\\/anoticiaonline.com.br\\\/site\\\/wp-content\\\/uploads\\\/2018\\\/02\\\/Sta-Terezinha-PROIBIDA-A-COPIA-POR-VE\\u00cdCULO-DE-COMUNICA\\u00c7\\u00c3O-5.jpg\",\"width\":640,\"height\":424},\"datePublished\":\"2018-02-16T10:26:15-03:00\",\"dateModified\":\"2018-02-16T10:42:48-03:00\",\"inLanguage\":\"pt-BR\",\"mainEntityOfPage\":{\"@id\":\"https:\\\/\\\/anoticiaonline.com.br\\\/site\\\/escola-de-samba-unidos-do-santa-terezinha-faz-homenagem-a-radio-muriae\\\/#webpage\"},\"isPartOf\":{\"@id\":\"https:\\\/\\\/anoticiaonline.com.br\\\/site\\\/escola-de-samba-unidos-do-santa-terezinha-faz-homenagem-a-radio-muriae\\\/#webpage\"},\"articleSection\":\"Blog, Carnavak, Escola de Samba Unidos do Santa Terezinha, Esquenta Muria\\u00e9 2018, H\\u00e1 mais de 70 anos R\\u00e1dio Muria\\u00e9 \\u2013 A deusa da sintonia, homenagem, Paulo Roberto Barros, R\\u00e1dio Muria\\u00e9, santa terezinha\"},{\"@type\":\"BreadcrumbList\",\"@id\":\"https:\\\/\\\/anoticiaonline.com.br\\\/site\\\/escola-de-samba-unidos-do-santa-terezinha-faz-homenagem-a-radio-muriae\\\/#breadcrumblist\",\"itemListElement\":[{\"@type\":\"ListItem\",\"@id\":\"https:\\\/\\\/anoticiaonline.com.br\\\/site#listItem\",\"position\":1,\"name\":\"Home\",\"item\":\"https:\\\/\\\/anoticiaonline.com.br\\\/site\",\"nextItem\":{\"@type\":\"ListItem\",\"@id\":\"https:\\\/\\\/anoticiaonline.com.br\\\/site\\\/categoria\\\/muriae\\\/#listItem\",\"name\":\"Blog\"}},{\"@type\":\"ListItem\",\"@id\":\"https:\\\/\\\/anoticiaonline.com.br\\\/site\\\/categoria\\\/muriae\\\/#listItem\",\"position\":2,\"name\":\"Blog\",\"item\":\"https:\\\/\\\/anoticiaonline.com.br\\\/site\\\/categoria\\\/muriae\\\/\",\"nextItem\":{\"@type\":\"ListItem\",\"@id\":\"https:\\\/\\\/anoticiaonline.com.br\\\/site\\\/escola-de-samba-unidos-do-santa-terezinha-faz-homenagem-a-radio-muriae\\\/#listItem\",\"name\":\"Escola de Samba Unidos do Santa Terezinha faz homenagem \\u00e0 R\\u00e1dio Muria\\u00e9\"},\"previousItem\":{\"@type\":\"ListItem\",\"@id\":\"https:\\\/\\\/anoticiaonline.com.br\\\/site#listItem\",\"name\":\"Home\"}},{\"@type\":\"ListItem\",\"@id\":\"https:\\\/\\\/anoticiaonline.com.br\\\/site\\\/escola-de-samba-unidos-do-santa-terezinha-faz-homenagem-a-radio-muriae\\\/#listItem\",\"position\":3,\"name\":\"Escola de Samba Unidos do Santa Terezinha faz homenagem \\u00e0 R\\u00e1dio Muria\\u00e9\",\"previousItem\":{\"@type\":\"ListItem\",\"@id\":\"https:\\\/\\\/anoticiaonline.com.br\\\/site\\\/categoria\\\/muriae\\\/#listItem\",\"name\":\"Blog\"}}]},{\"@type\":\"Organization\",\"@id\":\"https:\\\/\\\/anoticiaonline.com.br\\\/site\\\/#organization\",\"name\":\"A Not\\u00edcia Online\",\"description\":\"Noticias de Muria\\u00e9 e regi\\u00e3o\",\"url\":\"https:\\\/\\\/anoticiaonline.com.br\\\/site\\\/\",\"logo\":{\"@type\":\"ImageObject\",\"url\":\"https:\\\/\\\/scontent-gig4-1.xx.fbcdn.net\\\/v\\\/t39.30808-1\\\/270437624_4564083193639691_6907940295614233970_n.jpg?stp=dst-jpg_s200x200_tt6&_nc_cat=111&ccb=1-7&_nc_sid=f907e8&_nc_ohc=SM1wRlP3lJwQ7kNvwEPuBYA&_nc_oc=AdnqrjDN_BNjSSHWO-GbkIWH6fkGMLw4bqvL_NH6e2wMveX7G-rP2dAqsDSq1mJMOaY&_nc_zt=24&_nc_ht=scontent-gig4-1.xx&_nc_gid=AoBFJeGrT1hVaew_6rchkQ&oh=00_AfX7QmFGhQhG2jAllVgXCiM1ZrWgvtp80-Bfppyexh1QEg&oe=689E923C\",\"@id\":\"https:\\\/\\\/anoticiaonline.com.br\\\/site\\\/escola-de-samba-unidos-do-santa-terezinha-faz-homenagem-a-radio-muriae\\\/#organizationLogo\"},\"image\":{\"@id\":\"https:\\\/\\\/anoticiaonline.com.br\\\/site\\\/escola-de-samba-unidos-do-santa-terezinha-faz-homenagem-a-radio-muriae\\\/#organizationLogo\"}},{\"@type\":\"Person\",\"@id\":\"https:\\\/\\\/anoticiaonline.com.br\\\/site\\\/author\\\/juliana\\\/#author\",\"url\":\"https:\\\/\\\/anoticiaonline.com.br\\\/site\\\/author\\\/juliana\\\/\",\"name\":\"Juliana Laviola\",\"image\":{\"@type\":\"ImageObject\",\"@id\":\"https:\\\/\\\/anoticiaonline.com.br\\\/site\\\/escola-de-samba-unidos-do-santa-terezinha-faz-homenagem-a-radio-muriae\\\/#authorImage\",\"url\":\"https:\\\/\\\/secure.gravatar.com\\\/avatar\\\/b8d45f5c699b100dfaf0e543582f38f38bf94cb7ae3a5e9abf8d891a34773335?s=96&d=mm&r=g\",\"width\":96,\"height\":96,\"caption\":\"Juliana Laviola\"}},{\"@type\":\"WebPage\",\"@id\":\"https:\\\/\\\/anoticiaonline.com.br\\\/site\\\/escola-de-samba-unidos-do-santa-terezinha-faz-homenagem-a-radio-muriae\\\/#webpage\",\"url\":\"https:\\\/\\\/anoticiaonline.com.br\\\/site\\\/escola-de-samba-unidos-do-santa-terezinha-faz-homenagem-a-radio-muriae\\\/\",\"name\":\"Escola de Samba Unidos do Santa Terezinha faz homenagem \\u00e0 R\\u00e1dio Muria\\u00e9 - A Not\\u00edcia Online\",\"description\":\"Com o enredo \\u201cH\\u00e1 mais de 70 anos R\\u00e1dio Muria\\u00e9 \\u2013 A deusa da sintonia\\u201d, a Escola de Samba Unidos do Santa Terezinha deu um show na Avenida do Samba durante o segundo dia do \\u201cEsquenta Muria\\u00e9 2018\\u201d, no \\u00faltimo s\\u00e1bado (3). A escola, que possui mais de 185 componentes e est\\u00e1 localizada na comunidade\",\"inLanguage\":\"pt-BR\",\"isPartOf\":{\"@id\":\"https:\\\/\\\/anoticiaonline.com.br\\\/site\\\/#website\"},\"breadcrumb\":{\"@id\":\"https:\\\/\\\/anoticiaonline.com.br\\\/site\\\/escola-de-samba-unidos-do-santa-terezinha-faz-homenagem-a-radio-muriae\\\/#breadcrumblist\"},\"author\":{\"@id\":\"https:\\\/\\\/anoticiaonline.com.br\\\/site\\\/author\\\/juliana\\\/#author\"},\"creator\":{\"@id\":\"https:\\\/\\\/anoticiaonline.com.br\\\/site\\\/author\\\/juliana\\\/#author\"},\"image\":{\"@type\":\"ImageObject\",\"url\":\"https:\\\/\\\/anoticiaonline.com.br\\\/site\\\/wp-content\\\/uploads\\\/2018\\\/02\\\/Sta-Terezinha-PROIBIDA-A-COPIA-POR-VE\\u00cdCULO-DE-COMUNICA\\u00c7\\u00c3O-5.jpg\",\"@id\":\"https:\\\/\\\/anoticiaonline.com.br\\\/site\\\/escola-de-samba-unidos-do-santa-terezinha-faz-homenagem-a-radio-muriae\\\/#mainImage\",\"width\":640,\"height\":424},\"primaryImageOfPage\":{\"@id\":\"https:\\\/\\\/anoticiaonline.com.br\\\/site\\\/escola-de-samba-unidos-do-santa-terezinha-faz-homenagem-a-radio-muriae\\\/#mainImage\"},\"datePublished\":\"2018-02-16T10:26:15-03:00\",\"dateModified\":\"2018-02-16T10:42:48-03:00\"},{\"@type\":\"WebSite\",\"@id\":\"https:\\\/\\\/anoticiaonline.com.br\\\/site\\\/#website\",\"url\":\"https:\\\/\\\/anoticiaonline.com.br\\\/site\\\/\",\"name\":\"A Not\\u00edcia Online\",\"description\":\"Noticias de Muria\\u00e9 e regi\\u00e3o\",\"inLanguage\":\"pt-BR\",\"publisher\":{\"@id\":\"https:\\\/\\\/anoticiaonline.com.br\\\/site\\\/#organization\"}}]}\n\t\t<\/script>\n\t\t<!-- All in One SEO -->\n\n","aioseo_head_json":{"title":"Escola de Samba Unidos do Santa Terezinha faz homenagem \u00e0 R\u00e1dio Muria\u00e9 - A Not\u00edcia Online","description":"Com o enredo \u201cH\u00e1 mais de 70 anos R\u00e1dio Muria\u00e9 \u2013 A deusa da sintonia\u201d, a Escola de Samba Unidos do Santa Terezinha deu um show na Avenida do Samba durante o segundo dia do \u201cEsquenta Muria\u00e9 2018\u201d, no \u00faltimo s\u00e1bado (3). A escola, que possui mais de 185 componentes e est\u00e1 localizada na comunidade","canonical_url":"https:\/\/anoticiaonline.com.br\/site\/escola-de-samba-unidos-do-santa-terezinha-faz-homenagem-a-radio-muriae\/","robots":"max-image-preview:large","keywords":"","webmasterTools":{"miscellaneous":""},"schema":{"@context":"https:\/\/schema.org","@graph":[{"@type":"BlogPosting","@id":"https:\/\/anoticiaonline.com.br\/site\/escola-de-samba-unidos-do-santa-terezinha-faz-homenagem-a-radio-muriae\/#blogposting","name":"Escola de Samba Unidos do Santa Terezinha faz homenagem \u00e0 R\u00e1dio Muria\u00e9 - A Not\u00edcia Online","headline":"Escola de Samba Unidos do Santa Terezinha faz homenagem \u00e0 R\u00e1dio Muria\u00e9","author":{"@id":"https:\/\/anoticiaonline.com.br\/site\/author\/juliana\/#author"},"publisher":{"@id":"https:\/\/anoticiaonline.com.br\/site\/#organization"},"image":{"@type":"ImageObject","url":"https:\/\/anoticiaonline.com.br\/site\/wp-content\/uploads\/2018\/02\/Sta-Terezinha-PROIBIDA-A-COPIA-POR-VE\u00cdCULO-DE-COMUNICA\u00c7\u00c3O-5.jpg","width":640,"height":424},"datePublished":"2018-02-16T10:26:15-03:00","dateModified":"2018-02-16T10:42:48-03:00","inLanguage":"pt-BR","mainEntityOfPage":{"@id":"https:\/\/anoticiaonline.com.br\/site\/escola-de-samba-unidos-do-santa-terezinha-faz-homenagem-a-radio-muriae\/#webpage"},"isPartOf":{"@id":"https:\/\/anoticiaonline.com.br\/site\/escola-de-samba-unidos-do-santa-terezinha-faz-homenagem-a-radio-muriae\/#webpage"},"articleSection":"Blog, Carnavak, Escola de Samba Unidos do Santa Terezinha, Esquenta Muria\u00e9 2018, H\u00e1 mais de 70 anos R\u00e1dio Muria\u00e9 \u2013 A deusa da sintonia, homenagem, Paulo Roberto Barros, R\u00e1dio Muria\u00e9, santa terezinha"},{"@type":"BreadcrumbList","@id":"https:\/\/anoticiaonline.com.br\/site\/escola-de-samba-unidos-do-santa-terezinha-faz-homenagem-a-radio-muriae\/#breadcrumblist","itemListElement":[{"@type":"ListItem","@id":"https:\/\/anoticiaonline.com.br\/site#listItem","position":1,"name":"Home","item":"https:\/\/anoticiaonline.com.br\/site","nextItem":{"@type":"ListItem","@id":"https:\/\/anoticiaonline.com.br\/site\/categoria\/muriae\/#listItem","name":"Blog"}},{"@type":"ListItem","@id":"https:\/\/anoticiaonline.com.br\/site\/categoria\/muriae\/#listItem","position":2,"name":"Blog","item":"https:\/\/anoticiaonline.com.br\/site\/categoria\/muriae\/","nextItem":{"@type":"ListItem","@id":"https:\/\/anoticiaonline.com.br\/site\/escola-de-samba-unidos-do-santa-terezinha-faz-homenagem-a-radio-muriae\/#listItem","name":"Escola de Samba Unidos do Santa Terezinha faz homenagem \u00e0 R\u00e1dio Muria\u00e9"},"previousItem":{"@type":"ListItem","@id":"https:\/\/anoticiaonline.com.br\/site#listItem","name":"Home"}},{"@type":"ListItem","@id":"https:\/\/anoticiaonline.com.br\/site\/escola-de-samba-unidos-do-santa-terezinha-faz-homenagem-a-radio-muriae\/#listItem","position":3,"name":"Escola de Samba Unidos do Santa Terezinha faz homenagem \u00e0 R\u00e1dio Muria\u00e9","previousItem":{"@type":"ListItem","@id":"https:\/\/anoticiaonline.com.br\/site\/categoria\/muriae\/#listItem","name":"Blog"}}]},{"@type":"Organization","@id":"https:\/\/anoticiaonline.com.br\/site\/#organization","name":"A Not\u00edcia Online","description":"Noticias de Muria\u00e9 e regi\u00e3o","url":"https:\/\/anoticiaonline.com.br\/site\/","logo":{"@type":"ImageObject","url":"https:\/\/scontent-gig4-1.xx.fbcdn.net\/v\/t39.30808-1\/270437624_4564083193639691_6907940295614233970_n.jpg?stp=dst-jpg_s200x200_tt6&_nc_cat=111&ccb=1-7&_nc_sid=f907e8&_nc_ohc=SM1wRlP3lJwQ7kNvwEPuBYA&_nc_oc=AdnqrjDN_BNjSSHWO-GbkIWH6fkGMLw4bqvL_NH6e2wMveX7G-rP2dAqsDSq1mJMOaY&_nc_zt=24&_nc_ht=scontent-gig4-1.xx&_nc_gid=AoBFJeGrT1hVaew_6rchkQ&oh=00_AfX7QmFGhQhG2jAllVgXCiM1ZrWgvtp80-Bfppyexh1QEg&oe=689E923C","@id":"https:\/\/anoticiaonline.com.br\/site\/escola-de-samba-unidos-do-santa-terezinha-faz-homenagem-a-radio-muriae\/#organizationLogo"},"image":{"@id":"https:\/\/anoticiaonline.com.br\/site\/escola-de-samba-unidos-do-santa-terezinha-faz-homenagem-a-radio-muriae\/#organizationLogo"}},{"@type":"Person","@id":"https:\/\/anoticiaonline.com.br\/site\/author\/juliana\/#author","url":"https:\/\/anoticiaonline.com.br\/site\/author\/juliana\/","name":"Juliana Laviola","image":{"@type":"ImageObject","@id":"https:\/\/anoticiaonline.com.br\/site\/escola-de-samba-unidos-do-santa-terezinha-faz-homenagem-a-radio-muriae\/#authorImage","url":"https:\/\/secure.gravatar.com\/avatar\/b8d45f5c699b100dfaf0e543582f38f38bf94cb7ae3a5e9abf8d891a34773335?s=96&d=mm&r=g","width":96,"height":96,"caption":"Juliana Laviola"}},{"@type":"WebPage","@id":"https:\/\/anoticiaonline.com.br\/site\/escola-de-samba-unidos-do-santa-terezinha-faz-homenagem-a-radio-muriae\/#webpage","url":"https:\/\/anoticiaonline.com.br\/site\/escola-de-samba-unidos-do-santa-terezinha-faz-homenagem-a-radio-muriae\/","name":"Escola de Samba Unidos do Santa Terezinha faz homenagem \u00e0 R\u00e1dio Muria\u00e9 - A Not\u00edcia Online","description":"Com o enredo \u201cH\u00e1 mais de 70 anos R\u00e1dio Muria\u00e9 \u2013 A deusa da sintonia\u201d, a Escola de Samba Unidos do Santa Terezinha deu um show na Avenida do Samba durante o segundo dia do \u201cEsquenta Muria\u00e9 2018\u201d, no \u00faltimo s\u00e1bado (3). A escola, que possui mais de 185 componentes e est\u00e1 localizada na comunidade","inLanguage":"pt-BR","isPartOf":{"@id":"https:\/\/anoticiaonline.com.br\/site\/#website"},"breadcrumb":{"@id":"https:\/\/anoticiaonline.com.br\/site\/escola-de-samba-unidos-do-santa-terezinha-faz-homenagem-a-radio-muriae\/#breadcrumblist"},"author":{"@id":"https:\/\/anoticiaonline.com.br\/site\/author\/juliana\/#author"},"creator":{"@id":"https:\/\/anoticiaonline.com.br\/site\/author\/juliana\/#author"},"image":{"@type":"ImageObject","url":"https:\/\/anoticiaonline.com.br\/site\/wp-content\/uploads\/2018\/02\/Sta-Terezinha-PROIBIDA-A-COPIA-POR-VE\u00cdCULO-DE-COMUNICA\u00c7\u00c3O-5.jpg","@id":"https:\/\/anoticiaonline.com.br\/site\/escola-de-samba-unidos-do-santa-terezinha-faz-homenagem-a-radio-muriae\/#mainImage","width":640,"height":424},"primaryImageOfPage":{"@id":"https:\/\/anoticiaonline.com.br\/site\/escola-de-samba-unidos-do-santa-terezinha-faz-homenagem-a-radio-muriae\/#mainImage"},"datePublished":"2018-02-16T10:26:15-03:00","dateModified":"2018-02-16T10:42:48-03:00"},{"@type":"WebSite","@id":"https:\/\/anoticiaonline.com.br\/site\/#website","url":"https:\/\/anoticiaonline.com.br\/site\/","name":"A Not\u00edcia Online","description":"Noticias de Muria\u00e9 e regi\u00e3o","inLanguage":"pt-BR","publisher":{"@id":"https:\/\/anoticiaonline.com.br\/site\/#organization"}}]},"og:locale":"pt_BR","og:site_name":"A Not\u00edcia Online - Noticias de Muria\u00e9 e regi\u00e3o","og:type":"article","og:title":"Escola de Samba Unidos do Santa Terezinha faz homenagem \u00e0 R\u00e1dio Muria\u00e9 - A Not\u00edcia Online","og:description":"Com o enredo \u201cH\u00e1 mais de 70 anos R\u00e1dio Muria\u00e9 \u2013 A deusa da sintonia\u201d, a Escola de Samba Unidos do Santa Terezinha deu um show na Avenida do Samba durante o segundo dia do \u201cEsquenta Muria\u00e9 2018\u201d, no \u00faltimo s\u00e1bado (3). A escola, que possui mais de 185 componentes e est\u00e1 localizada na comunidade","og:url":"https:\/\/anoticiaonline.com.br\/site\/escola-de-samba-unidos-do-santa-terezinha-faz-homenagem-a-radio-muriae\/","og:image":"https:\/\/scontent-gig4-1.xx.fbcdn.net\/v\/t39.30808-1\/270437624_4564083193639691_6907940295614233970_n.jpg?stp=dst-jpg_s200x200_tt6&#038;_nc_cat=111&#038;ccb=1-7&#038;_nc_sid=f907e8&#038;_nc_ohc=SM1wRlP3lJwQ7kNvwEPuBYA&#038;_nc_oc=AdnqrjDN_BNjSSHWO-GbkIWH6fkGMLw4bqvL_NH6e2wMveX7G-rP2dAqsDSq1mJMOaY&#038;_nc_zt=24&#038;_nc_ht=scontent-gig4-1.xx&#038;_nc_gid=AoBFJeGrT1hVaew_6rchkQ&#038;oh=00_AfX7QmFGhQhG2jAllVgXCiM1ZrWgvtp80-Bfppyexh1QEg&#038;oe=689E923C","og:image:secure_url":"https:\/\/scontent-gig4-1.xx.fbcdn.net\/v\/t39.30808-1\/270437624_4564083193639691_6907940295614233970_n.jpg?stp=dst-jpg_s200x200_tt6&#038;_nc_cat=111&#038;ccb=1-7&#038;_nc_sid=f907e8&#038;_nc_ohc=SM1wRlP3lJwQ7kNvwEPuBYA&#038;_nc_oc=AdnqrjDN_BNjSSHWO-GbkIWH6fkGMLw4bqvL_NH6e2wMveX7G-rP2dAqsDSq1mJMOaY&#038;_nc_zt=24&#038;_nc_ht=scontent-gig4-1.xx&#038;_nc_gid=AoBFJeGrT1hVaew_6rchkQ&#038;oh=00_AfX7QmFGhQhG2jAllVgXCiM1ZrWgvtp80-Bfppyexh1QEg&#038;oe=689E923C","article:published_time":"2018-02-16T13:26:15+00:00","article:modified_time":"2018-02-16T13:42:48+00:00","twitter:card":"summary_large_image","twitter:title":"Escola de Samba Unidos do Santa Terezinha faz homenagem \u00e0 R\u00e1dio Muria\u00e9 - A Not\u00edcia Online","twitter:description":"Com o enredo \u201cH\u00e1 mais de 70 anos R\u00e1dio Muria\u00e9 \u2013 A deusa da sintonia\u201d, a Escola de Samba Unidos do Santa Terezinha deu um show na Avenida do Samba durante o segundo dia do \u201cEsquenta Muria\u00e9 2018\u201d, no \u00faltimo s\u00e1bado (3). A escola, que possui mais de 185 componentes e est\u00e1 localizada na comunidade","twitter:image":"https:\/\/scontent-gig4-1.xx.fbcdn.net\/v\/t39.30808-1\/270437624_4564083193639691_6907940295614233970_n.jpg?stp=dst-jpg_s200x200_tt6&_nc_cat=111&ccb=1-7&_nc_sid=f907e8&_nc_ohc=SM1wRlP3lJwQ7kNvwEPuBYA&_nc_oc=AdnqrjDN_BNjSSHWO-GbkIWH6fkGMLw4bqvL_NH6e2wMveX7G-rP2dAqsDSq1mJMOaY&_nc_zt=24&_nc_ht=scontent-gig4-1.xx&_nc_gid=AoBFJeGrT1hVaew_6rchkQ&oh=00_AfX7QmFGhQhG2jAllVgXCiM1ZrWgvtp80-Bfppyexh1QEg&oe=689E923C"},"aioseo_meta_data":{"post_id":"50301","title":null,"description":null,"keywords":null,"keyphrases":null,"primary_term":null,"canonical_url":null,"og_title":null,"og_description":null,"og_object_type":"default","og_image_type":"default","og_image_url":null,"og_image_width":null,"og_image_height":null,"og_image_custom_url":null,"og_image_custom_fields":null,"og_video":null,"og_custom_url":null,"og_article_section":null,"og_article_tags":null,"twitter_use_og":false,"twitter_card":"default","twitter_image_type":"default","twitter_image_url":null,"twitter_image_custom_url":null,"twitter_image_custom_fields":null,"twitter_title":null,"twitter_description":null,"schema":{"blockGraphs":[],"customGraphs":[],"default":{"data":{"Article":[],"Course":[],"Dataset":[],"FAQPage":[],"Movie":[],"Person":[],"Product":[],"ProductReview":[],"Car":[],"Recipe":[],"Service":[],"SoftwareApplication":[],"WebPage":[]},"graphName":"","isEnabled":true},"graphs":[]},"schema_type":"default","schema_type_options":null,"pillar_content":false,"robots_default":true,"robots_noindex":false,"robots_noarchive":false,"robots_nosnippet":false,"robots_nofollow":false,"robots_noimageindex":false,"robots_noodp":false,"robots_notranslate":false,"robots_max_snippet":null,"robots_max_videopreview":null,"robots_max_imagepreview":"large","priority":null,"frequency":null,"local_seo":null,"breadcrumb_settings":null,"limit_modified_date":false,"ai":null,"created":"2025-08-16 20:19:24","updated":"2025-08-16 20:19:24","focus_keyword":null,"additional_keywords":null,"truseo_locale":null,"seo_analyzer_scan_date":null},"aioseo_breadcrumb":"<div class=\"aioseo-breadcrumbs\"><span class=\"aioseo-breadcrumb\">\n\t\t\t<a href=\"https:\/\/anoticiaonline.com.br\/site\" title=\"Home\">Home<\/a>\n\t\t<\/span><span class=\"aioseo-breadcrumb-separator\">&raquo;<\/span><span class=\"aioseo-breadcrumb\">\n\t\t\t<a href=\"https:\/\/anoticiaonline.com.br\/site\/categoria\/muriae\/\" title=\"Blog\">Blog<\/a>\n\t\t<\/span><span class=\"aioseo-breadcrumb-separator\">&raquo;<\/span><span class=\"aioseo-breadcrumb\">\n\t\t\tEscola de Samba Unidos do Santa Terezinha faz homenagem \u00e0 R\u00e1dio Muria\u00e9\n\t\t<\/span><\/div>","aioseo_breadcrumb_json":[{"label":"Home","link":"https:\/\/anoticiaonline.com.br\/site"},{"label":"Blog","link":"https:\/\/anoticiaonline.com.br\/site\/categoria\/muriae\/"},{"label":"Escola de Samba Unidos do Santa Terezinha faz homenagem \u00e0 R\u00e1dio Muria\u00e9","link":"https:\/\/anoticiaonline.com.br\/site\/escola-de-samba-unidos-do-santa-terezinha-faz-homenagem-a-radio-muriae\/"}],"views":198,"_links":{"self":[{"href":"https:\/\/anoticiaonline.com.br\/site\/wp-json\/wp\/v2\/posts\/50301","targetHints":{"allow":["GET"]}}],"collection":[{"href":"https:\/\/anoticiaonline.com.br\/site\/wp-json\/wp\/v2\/posts"}],"about":[{"href":"https:\/\/anoticiaonline.com.br\/site\/wp-json\/wp\/v2\/types\/post"}],"author":[{"embeddable":true,"href":"https:\/\/anoticiaonline.com.br\/site\/wp-json\/wp\/v2\/users\/2"}],"replies":[{"embeddable":true,"href":"https:\/\/anoticiaonline.com.br\/site\/wp-json\/wp\/v2\/comments?post=50301"}],"version-history":[{"count":0,"href":"https:\/\/anoticiaonline.com.br\/site\/wp-json\/wp\/v2\/posts\/50301\/revisions"}],"wp:featuredmedia":[{"embeddable":true,"href":"https:\/\/anoticiaonline.com.br\/site\/wp-json\/wp\/v2\/media\/50304"}],"wp:attachment":[{"href":"https:\/\/anoticiaonline.com.br\/site\/wp-json\/wp\/v2\/media?parent=50301"}],"wp:term":[{"taxonomy":"category","embeddable":true,"href":"https:\/\/anoticiaonline.com.br\/site\/wp-json\/wp\/v2\/categories?post=50301"},{"taxonomy":"post_tag","embeddable":true,"href":"https:\/\/anoticiaonline.com.br\/site\/wp-json\/wp\/v2\/tags?post=50301"}],"curies":[{"name":"wp","href":"https:\/\/api.w.org\/{rel}","templated":true}]}}