{"id":4996,"date":"2015-10-19T07:36:47","date_gmt":"2015-10-19T10:36:47","guid":{"rendered":"http:\/\/anoticiaonline.com.br\/site\/?p=4996"},"modified":"2015-10-19T07:36:47","modified_gmt":"2015-10-19T10:36:47","slug":"a-pior-cegueira","status":"publish","type":"post","link":"https:\/\/anoticiaonline.com.br\/site\/a-pior-cegueira\/","title":{"rendered":"A pior cegueira"},"content":{"rendered":"<p><em>\u201c(&#8230;) Os cegos do esp\u00edrito s\u00e3o piores que os cegos do corpo, pois preferem a urdidura da perversidade e da inf\u00e2mia\u00a0 nas quais se distraem e anestesiam a raz\u00e3o\u201d. &#8211; Joanna de \u00c2ngelis<\/em><\/p>\n<p>O epis\u00f3dio da cura do cego de nascen\u00e7a remete-nos a variadas e riqu\u00edssimas ila\u00e7\u00f5es de ordem superior. Nele, entre outras coisas, vemos um flagrante do eterno combate entre a luz e a sombra, entre a verdade e a mentira: de um lado o ex-cego com os olhos brilhando de alegria e, do outro, os fariseus com os olhos injetados, vermelhos de insopit\u00e1vel indigna\u00e7\u00e3o e inveja, esfor\u00e7ando-se em v\u00e3o para minimizar o m\u00e9rito da quest\u00e3o&#8230;<\/p>\n<p>Os fatos vivenciados por Jesus n\u00e3o se constituem em um amontoado de lendas inveross\u00edmeis. S\u00e3o reais, e este de que tratamos relaciona-se com a situa\u00e7\u00e3o de todos n\u00f3s que at\u00e9 h\u00e1 pouco est\u00e1vamos cegos para as realidades espirituais que hoje, merc\u00ea da miseric\u00f3rdia divina, j\u00e1 estamos enxergando.<\/p>\n<p>Portanto, torna-se necess\u00e1rio combater a pusilanimidade de quantos teimam em permanecer na cegueira espiritual e ainda se atrevem a \u2018guiar\u2019 outros t\u00e3o cegos quanto eles.<\/p>\n<p>O cego de nascen\u00e7a \u00e9 a representa\u00e7\u00e3o viva e palp\u00e1vel de todos n\u00f3s.<\/p>\n<p>Assim como O Mestre Maior devolveu a vis\u00e3o f\u00edsica para ele, Jesus e a Doutrina Esp\u00edrita est\u00e3o tamb\u00e9m curando a nossa ancestral cegueira espiritual levando-nos a descortinar os panoramas incomensur\u00e1veis do Infinito at\u00e9 ent\u00e3o obnubilados pela cegueira de nossa ignor\u00e2ncia.<\/p>\n<p>Tamb\u00e9m n\u00f3s n\u00e3o conhec\u00edamos a luz, portanto, caminh\u00e1vamos em trevas, trope\u00e7ando em toda sorte de escabrosos equ\u00edvocos que oneraram (e muito) a nossa economia espiritual.<\/p>\n<p>Jesus e o Espiritismo abriram-nos os olhos, concedendo-nos a luz da aurora dos tempos novos.<\/p>\n<p>Agora, inundados pela Luz Divina, torna-se imprescind\u00edvel endere\u00e7ar ao Meigo Pegureiro a nossa gratid\u00e3o, espalhando, intemeratos, em eloquente testemunho de j\u00fabilo, as sementes de vida que Ele esparziu pr\u00f3diga e generosamente em nossa Alma. N\u00e3o podemos nos deixar intimidar pelo cepticismo dos modernos fariseus que anatematizam e assacam vitup\u00e9rios \u00e0 Doutrina dos Esp\u00edritos.<\/p>\n<p>Ante a d\u00favida dos cegos de Esp\u00edrito que vacilam, devemos ter a mesma posi\u00e7\u00e3o daquele que foi curado por Jesus, ao responder com toda a simplicidade de alma para os fariseus que o repreendiam:\u00a0 \u201c(&#8230;) havendo eu sido cego, agora vejo\u201d.\u00a0 (Jo., 9:25.)<\/p>\n<p>\u00c0 descren\u00e7a dos modernos fariseus devemos antepor o facho de Luz Celeste com o qual o Espiritismo ilumina as nossas vidas com a sua contundente realidade dos fatos.<\/p>\n<p><strong>Joanna de \u00c2ngelis aconselha:<\/strong><\/p>\n<p>\u201c(&#8230;) Cuida-te contra a cegueira imposta pelos preconceitos, pelo orgulho, pelos descalabros de todo porte.<\/p>\n<p>J\u00e1 fizeste o teu encontro com Jesus. Agora v\u00eas. Beneficia-te da claridade a fim de progredires. N\u00e3o mais acondiciones trevas morais nas antigas sombras dominadoras das paisagens \u00edntimas. Sai na dire\u00e7\u00e3o do dia de Sol para servir. Caminha no rumo da luz e referta-te de claridades divinas, difundindo a esperan\u00e7a e a alegria&#8230;<\/p>\n<p>Confessa o teu Amigo Sublime perante todos e segue, intimorato, ajudando em nome d`Ele os que anseiam, tamb\u00e9m, pela b\u00ean\u00e7\u00e3o da vis\u00e3o a fim de enxergar.\u00a0\u00a0\u00a0\u00a0\u00a0\u00a0\u00a0\u00a0\u00a0\u00a0\u00a0\u00a0\u00a0\u00a0\u00a0\u00a0\u00a0\u00a0\u00a0\u00a0\u00a0\u00a0\u00a0\u00a0\u00a0\u00a0\u00a0\u00a0\u00a0 \u25a0<\/p>\n","protected":false},"excerpt":{"rendered":"<p>\u201c(&#8230;) Os cegos do esp\u00edrito s\u00e3o piores que os cegos do corpo, pois preferem a urdidura da perversidade e da inf\u00e2mia\u00a0 nas quais se distraem e anestesiam a raz\u00e3o\u201d. &#8211; Joanna de \u00c2ngelis O epis\u00f3dio da cura do cego de nascen\u00e7a remete-nos a variadas e riqu\u00edssimas ila\u00e7\u00f5es de ordem superior. Nele, entre outras coisas, vemos &#8230; <a title=\"A pior cegueira\" class=\"read-more\" href=\"https:\/\/anoticiaonline.com.br\/site\/a-pior-cegueira\/\" aria-label=\"Read more about A pior cegueira\">Ler mais<\/a><\/p>\n","protected":false},"author":2,"featured_media":0,"comment_status":"open","ping_status":"open","sticky":false,"template":"","format":"standard","meta":{"_acf_changed":false,"_monsterinsights_skip_tracking":false,"footnotes":""},"categories":[44],"tags":[],"class_list":["post-4996","post","type-post","status-publish","format-standard","hentry","category-espiritismo-em-foco-de-rogerio-coelho"],"acf":[],"aioseo_notices":[],"aioseo_head":"\n\t\t<!-- All in One SEO 5.0.0.1 - aioseo.com -->\n\t<meta name=\"description\" content=\"\u201c(...) Os cegos do esp\u00edrito s\u00e3o piores que os cegos do corpo, pois preferem a urdidura da perversidade e da inf\u00e2mia nas quais se distraem e anestesiam a raz\u00e3o\u201d. - Joanna de \u00c2ngelis O epis\u00f3dio da cura do cego de nascen\u00e7a remete-nos a variadas e riqu\u00edssimas ila\u00e7\u00f5es de ordem superior. Nele, entre outras coisas, vemos\" \/>\n\t<meta name=\"robots\" content=\"max-image-preview:large\" \/>\n\t<meta name=\"author\" content=\"Juliana Laviola\"\/>\n\t<link rel=\"canonical\" href=\"https:\/\/anoticiaonline.com.br\/site\/a-pior-cegueira\/\" \/>\n\t<meta name=\"generator\" content=\"All in One SEO (AIOSEO) 5.0.0.1\" \/>\n\t\t<meta property=\"og:locale\" content=\"pt_BR\" \/>\n\t\t<meta property=\"og:site_name\" content=\"A Not\u00edcia Online - Noticias de Muria\u00e9 e regi\u00e3o\" \/>\n\t\t<meta property=\"og:type\" content=\"article\" \/>\n\t\t<meta property=\"og:title\" content=\"A pior cegueira - A Not\u00edcia Online\" \/>\n\t\t<meta property=\"og:description\" content=\"\u201c(...) Os cegos do esp\u00edrito s\u00e3o piores que os cegos do corpo, pois preferem a urdidura da perversidade e da inf\u00e2mia nas quais se distraem e anestesiam a raz\u00e3o\u201d. - Joanna de \u00c2ngelis O epis\u00f3dio da cura do cego de nascen\u00e7a remete-nos a variadas e riqu\u00edssimas ila\u00e7\u00f5es de ordem superior. Nele, entre outras coisas, vemos\" \/>\n\t\t<meta property=\"og:url\" content=\"https:\/\/anoticiaonline.com.br\/site\/a-pior-cegueira\/\" \/>\n\t\t<meta property=\"og:image\" content=\"https:\/\/scontent-gig4-1.xx.fbcdn.net\/v\/t39.30808-1\/270437624_4564083193639691_6907940295614233970_n.jpg?stp=dst-jpg_s200x200_tt6&#038;_nc_cat=111&#038;ccb=1-7&#038;_nc_sid=f907e8&#038;_nc_ohc=SM1wRlP3lJwQ7kNvwEPuBYA&#038;_nc_oc=AdnqrjDN_BNjSSHWO-GbkIWH6fkGMLw4bqvL_NH6e2wMveX7G-rP2dAqsDSq1mJMOaY&#038;_nc_zt=24&#038;_nc_ht=scontent-gig4-1.xx&#038;_nc_gid=AoBFJeGrT1hVaew_6rchkQ&#038;oh=00_AfX7QmFGhQhG2jAllVgXCiM1ZrWgvtp80-Bfppyexh1QEg&#038;oe=689E923C\" \/>\n\t\t<meta property=\"og:image:secure_url\" content=\"https:\/\/scontent-gig4-1.xx.fbcdn.net\/v\/t39.30808-1\/270437624_4564083193639691_6907940295614233970_n.jpg?stp=dst-jpg_s200x200_tt6&#038;_nc_cat=111&#038;ccb=1-7&#038;_nc_sid=f907e8&#038;_nc_ohc=SM1wRlP3lJwQ7kNvwEPuBYA&#038;_nc_oc=AdnqrjDN_BNjSSHWO-GbkIWH6fkGMLw4bqvL_NH6e2wMveX7G-rP2dAqsDSq1mJMOaY&#038;_nc_zt=24&#038;_nc_ht=scontent-gig4-1.xx&#038;_nc_gid=AoBFJeGrT1hVaew_6rchkQ&#038;oh=00_AfX7QmFGhQhG2jAllVgXCiM1ZrWgvtp80-Bfppyexh1QEg&#038;oe=689E923C\" \/>\n\t\t<meta property=\"article:published_time\" content=\"2015-10-19T10:36:47+00:00\" \/>\n\t\t<meta property=\"article:modified_time\" content=\"2015-10-19T10:36:47+00:00\" \/>\n\t\t<meta name=\"twitter:card\" content=\"summary_large_image\" \/>\n\t\t<meta name=\"twitter:title\" content=\"A pior cegueira - A Not\u00edcia Online\" \/>\n\t\t<meta name=\"twitter:description\" content=\"\u201c(...) Os cegos do esp\u00edrito s\u00e3o piores que os cegos do corpo, pois preferem a urdidura da perversidade e da inf\u00e2mia nas quais se distraem e anestesiam a raz\u00e3o\u201d. - Joanna de \u00c2ngelis O epis\u00f3dio da cura do cego de nascen\u00e7a remete-nos a variadas e riqu\u00edssimas ila\u00e7\u00f5es de ordem superior. Nele, entre outras coisas, vemos\" \/>\n\t\t<meta name=\"twitter:image\" content=\"https:\/\/scontent-gig4-1.xx.fbcdn.net\/v\/t39.30808-1\/270437624_4564083193639691_6907940295614233970_n.jpg?stp=dst-jpg_s200x200_tt6&amp;_nc_cat=111&amp;ccb=1-7&amp;_nc_sid=f907e8&amp;_nc_ohc=SM1wRlP3lJwQ7kNvwEPuBYA&amp;_nc_oc=AdnqrjDN_BNjSSHWO-GbkIWH6fkGMLw4bqvL_NH6e2wMveX7G-rP2dAqsDSq1mJMOaY&amp;_nc_zt=24&amp;_nc_ht=scontent-gig4-1.xx&amp;_nc_gid=AoBFJeGrT1hVaew_6rchkQ&amp;oh=00_AfX7QmFGhQhG2jAllVgXCiM1ZrWgvtp80-Bfppyexh1QEg&amp;oe=689E923C\" \/>\n\t\t<script type=\"application\/ld+json\" class=\"aioseo-schema\">\n\t\t\t{\"@context\":\"https:\\\/\\\/schema.org\",\"@graph\":[{\"@type\":\"BlogPosting\",\"@id\":\"https:\\\/\\\/anoticiaonline.com.br\\\/site\\\/a-pior-cegueira\\\/#blogposting\",\"name\":\"A pior cegueira - A Not\\u00edcia Online\",\"headline\":\"A pior cegueira\",\"author\":{\"@id\":\"https:\\\/\\\/anoticiaonline.com.br\\\/site\\\/author\\\/juliana\\\/#author\"},\"publisher\":{\"@id\":\"https:\\\/\\\/anoticiaonline.com.br\\\/site\\\/#organization\"},\"image\":{\"@type\":\"ImageObject\",\"url\":\"https:\\\/\\\/scontent-gig4-1.xx.fbcdn.net\\\/v\\\/t39.30808-1\\\/270437624_4564083193639691_6907940295614233970_n.jpg?stp=dst-jpg_s200x200_tt6&_nc_cat=111&ccb=1-7&_nc_sid=f907e8&_nc_ohc=SM1wRlP3lJwQ7kNvwEPuBYA&_nc_oc=AdnqrjDN_BNjSSHWO-GbkIWH6fkGMLw4bqvL_NH6e2wMveX7G-rP2dAqsDSq1mJMOaY&_nc_zt=24&_nc_ht=scontent-gig4-1.xx&_nc_gid=AoBFJeGrT1hVaew_6rchkQ&oh=00_AfX7QmFGhQhG2jAllVgXCiM1ZrWgvtp80-Bfppyexh1QEg&oe=689E923C\",\"@id\":\"https:\\\/\\\/anoticiaonline.com.br\\\/site\\\/#articleImage\"},\"datePublished\":\"2015-10-19T07:36:47-03:00\",\"dateModified\":\"2015-10-19T07:36:47-03:00\",\"inLanguage\":\"pt-BR\",\"mainEntityOfPage\":{\"@id\":\"https:\\\/\\\/anoticiaonline.com.br\\\/site\\\/a-pior-cegueira\\\/#webpage\"},\"isPartOf\":{\"@id\":\"https:\\\/\\\/anoticiaonline.com.br\\\/site\\\/a-pior-cegueira\\\/#webpage\"},\"articleSection\":\"Espiritismo em Foco, por Rog\\u00e9rio Coelho\"},{\"@type\":\"BreadcrumbList\",\"@id\":\"https:\\\/\\\/anoticiaonline.com.br\\\/site\\\/a-pior-cegueira\\\/#breadcrumblist\",\"itemListElement\":[{\"@type\":\"ListItem\",\"@id\":\"https:\\\/\\\/anoticiaonline.com.br\\\/site#listItem\",\"position\":1,\"name\":\"Home\",\"item\":\"https:\\\/\\\/anoticiaonline.com.br\\\/site\",\"nextItem\":{\"@type\":\"ListItem\",\"@id\":\"https:\\\/\\\/anoticiaonline.com.br\\\/site\\\/categoria\\\/colunistas\\\/#listItem\",\"name\":\"Colunistas\"}},{\"@type\":\"ListItem\",\"@id\":\"https:\\\/\\\/anoticiaonline.com.br\\\/site\\\/categoria\\\/colunistas\\\/#listItem\",\"position\":2,\"name\":\"Colunistas\",\"item\":\"https:\\\/\\\/anoticiaonline.com.br\\\/site\\\/categoria\\\/colunistas\\\/\",\"nextItem\":{\"@type\":\"ListItem\",\"@id\":\"https:\\\/\\\/anoticiaonline.com.br\\\/site\\\/categoria\\\/colunistas\\\/espiritismo-em-foco-de-rogerio-coelho\\\/#listItem\",\"name\":\"Espiritismo em Foco, por Rog\\u00e9rio Coelho\"},\"previousItem\":{\"@type\":\"ListItem\",\"@id\":\"https:\\\/\\\/anoticiaonline.com.br\\\/site#listItem\",\"name\":\"Home\"}},{\"@type\":\"ListItem\",\"@id\":\"https:\\\/\\\/anoticiaonline.com.br\\\/site\\\/categoria\\\/colunistas\\\/espiritismo-em-foco-de-rogerio-coelho\\\/#listItem\",\"position\":3,\"name\":\"Espiritismo em Foco, por Rog\\u00e9rio Coelho\",\"item\":\"https:\\\/\\\/anoticiaonline.com.br\\\/site\\\/categoria\\\/colunistas\\\/espiritismo-em-foco-de-rogerio-coelho\\\/\",\"nextItem\":{\"@type\":\"ListItem\",\"@id\":\"https:\\\/\\\/anoticiaonline.com.br\\\/site\\\/a-pior-cegueira\\\/#listItem\",\"name\":\"A pior cegueira\"},\"previousItem\":{\"@type\":\"ListItem\",\"@id\":\"https:\\\/\\\/anoticiaonline.com.br\\\/site\\\/categoria\\\/colunistas\\\/#listItem\",\"name\":\"Colunistas\"}},{\"@type\":\"ListItem\",\"@id\":\"https:\\\/\\\/anoticiaonline.com.br\\\/site\\\/a-pior-cegueira\\\/#listItem\",\"position\":4,\"name\":\"A pior cegueira\",\"previousItem\":{\"@type\":\"ListItem\",\"@id\":\"https:\\\/\\\/anoticiaonline.com.br\\\/site\\\/categoria\\\/colunistas\\\/espiritismo-em-foco-de-rogerio-coelho\\\/#listItem\",\"name\":\"Espiritismo em Foco, por Rog\\u00e9rio Coelho\"}}]},{\"@type\":\"Organization\",\"@id\":\"https:\\\/\\\/anoticiaonline.com.br\\\/site\\\/#organization\",\"name\":\"A Not\\u00edcia Online\",\"description\":\"Noticias de Muria\\u00e9 e regi\\u00e3o\",\"url\":\"https:\\\/\\\/anoticiaonline.com.br\\\/site\\\/\",\"logo\":{\"@type\":\"ImageObject\",\"url\":\"https:\\\/\\\/scontent-gig4-1.xx.fbcdn.net\\\/v\\\/t39.30808-1\\\/270437624_4564083193639691_6907940295614233970_n.jpg?stp=dst-jpg_s200x200_tt6&_nc_cat=111&ccb=1-7&_nc_sid=f907e8&_nc_ohc=SM1wRlP3lJwQ7kNvwEPuBYA&_nc_oc=AdnqrjDN_BNjSSHWO-GbkIWH6fkGMLw4bqvL_NH6e2wMveX7G-rP2dAqsDSq1mJMOaY&_nc_zt=24&_nc_ht=scontent-gig4-1.xx&_nc_gid=AoBFJeGrT1hVaew_6rchkQ&oh=00_AfX7QmFGhQhG2jAllVgXCiM1ZrWgvtp80-Bfppyexh1QEg&oe=689E923C\",\"@id\":\"https:\\\/\\\/anoticiaonline.com.br\\\/site\\\/a-pior-cegueira\\\/#organizationLogo\"},\"image\":{\"@id\":\"https:\\\/\\\/anoticiaonline.com.br\\\/site\\\/a-pior-cegueira\\\/#organizationLogo\"}},{\"@type\":\"Person\",\"@id\":\"https:\\\/\\\/anoticiaonline.com.br\\\/site\\\/author\\\/juliana\\\/#author\",\"url\":\"https:\\\/\\\/anoticiaonline.com.br\\\/site\\\/author\\\/juliana\\\/\",\"name\":\"Juliana Laviola\",\"image\":{\"@type\":\"ImageObject\",\"@id\":\"https:\\\/\\\/anoticiaonline.com.br\\\/site\\\/a-pior-cegueira\\\/#authorImage\",\"url\":\"https:\\\/\\\/secure.gravatar.com\\\/avatar\\\/b8d45f5c699b100dfaf0e543582f38f38bf94cb7ae3a5e9abf8d891a34773335?s=96&d=mm&r=g\",\"width\":96,\"height\":96,\"caption\":\"Juliana Laviola\"}},{\"@type\":\"WebPage\",\"@id\":\"https:\\\/\\\/anoticiaonline.com.br\\\/site\\\/a-pior-cegueira\\\/#webpage\",\"url\":\"https:\\\/\\\/anoticiaonline.com.br\\\/site\\\/a-pior-cegueira\\\/\",\"name\":\"A pior cegueira - A Not\\u00edcia Online\",\"description\":\"\\u201c(...) Os cegos do esp\\u00edrito s\\u00e3o piores que os cegos do corpo, pois preferem a urdidura da perversidade e da inf\\u00e2mia nas quais se distraem e anestesiam a raz\\u00e3o\\u201d. - Joanna de \\u00c2ngelis O epis\\u00f3dio da cura do cego de nascen\\u00e7a remete-nos a variadas e riqu\\u00edssimas ila\\u00e7\\u00f5es de ordem superior. Nele, entre outras coisas, vemos\",\"inLanguage\":\"pt-BR\",\"isPartOf\":{\"@id\":\"https:\\\/\\\/anoticiaonline.com.br\\\/site\\\/#website\"},\"breadcrumb\":{\"@id\":\"https:\\\/\\\/anoticiaonline.com.br\\\/site\\\/a-pior-cegueira\\\/#breadcrumblist\"},\"author\":{\"@id\":\"https:\\\/\\\/anoticiaonline.com.br\\\/site\\\/author\\\/juliana\\\/#author\"},\"creator\":{\"@id\":\"https:\\\/\\\/anoticiaonline.com.br\\\/site\\\/author\\\/juliana\\\/#author\"},\"datePublished\":\"2015-10-19T07:36:47-03:00\",\"dateModified\":\"2015-10-19T07:36:47-03:00\"},{\"@type\":\"WebSite\",\"@id\":\"https:\\\/\\\/anoticiaonline.com.br\\\/site\\\/#website\",\"url\":\"https:\\\/\\\/anoticiaonline.com.br\\\/site\\\/\",\"name\":\"A Not\\u00edcia Online\",\"description\":\"Noticias de Muria\\u00e9 e regi\\u00e3o\",\"inLanguage\":\"pt-BR\",\"publisher\":{\"@id\":\"https:\\\/\\\/anoticiaonline.com.br\\\/site\\\/#organization\"}}]}\n\t\t<\/script>\n\t\t<!-- All in One SEO -->\n\n","aioseo_head_json":{"title":"A pior cegueira - A Not\u00edcia Online","description":"\u201c(...) Os cegos do esp\u00edrito s\u00e3o piores que os cegos do corpo, pois preferem a urdidura da perversidade e da inf\u00e2mia nas quais se distraem e anestesiam a raz\u00e3o\u201d. - Joanna de \u00c2ngelis O epis\u00f3dio da cura do cego de nascen\u00e7a remete-nos a variadas e riqu\u00edssimas ila\u00e7\u00f5es de ordem superior. Nele, entre outras coisas, vemos","canonical_url":"https:\/\/anoticiaonline.com.br\/site\/a-pior-cegueira\/","robots":"max-image-preview:large","keywords":"","webmasterTools":{"miscellaneous":""},"schema":{"@context":"https:\/\/schema.org","@graph":[{"@type":"BlogPosting","@id":"https:\/\/anoticiaonline.com.br\/site\/a-pior-cegueira\/#blogposting","name":"A pior cegueira - A Not\u00edcia Online","headline":"A pior cegueira","author":{"@id":"https:\/\/anoticiaonline.com.br\/site\/author\/juliana\/#author"},"publisher":{"@id":"https:\/\/anoticiaonline.com.br\/site\/#organization"},"image":{"@type":"ImageObject","url":"https:\/\/scontent-gig4-1.xx.fbcdn.net\/v\/t39.30808-1\/270437624_4564083193639691_6907940295614233970_n.jpg?stp=dst-jpg_s200x200_tt6&_nc_cat=111&ccb=1-7&_nc_sid=f907e8&_nc_ohc=SM1wRlP3lJwQ7kNvwEPuBYA&_nc_oc=AdnqrjDN_BNjSSHWO-GbkIWH6fkGMLw4bqvL_NH6e2wMveX7G-rP2dAqsDSq1mJMOaY&_nc_zt=24&_nc_ht=scontent-gig4-1.xx&_nc_gid=AoBFJeGrT1hVaew_6rchkQ&oh=00_AfX7QmFGhQhG2jAllVgXCiM1ZrWgvtp80-Bfppyexh1QEg&oe=689E923C","@id":"https:\/\/anoticiaonline.com.br\/site\/#articleImage"},"datePublished":"2015-10-19T07:36:47-03:00","dateModified":"2015-10-19T07:36:47-03:00","inLanguage":"pt-BR","mainEntityOfPage":{"@id":"https:\/\/anoticiaonline.com.br\/site\/a-pior-cegueira\/#webpage"},"isPartOf":{"@id":"https:\/\/anoticiaonline.com.br\/site\/a-pior-cegueira\/#webpage"},"articleSection":"Espiritismo em Foco, por Rog\u00e9rio Coelho"},{"@type":"BreadcrumbList","@id":"https:\/\/anoticiaonline.com.br\/site\/a-pior-cegueira\/#breadcrumblist","itemListElement":[{"@type":"ListItem","@id":"https:\/\/anoticiaonline.com.br\/site#listItem","position":1,"name":"Home","item":"https:\/\/anoticiaonline.com.br\/site","nextItem":{"@type":"ListItem","@id":"https:\/\/anoticiaonline.com.br\/site\/categoria\/colunistas\/#listItem","name":"Colunistas"}},{"@type":"ListItem","@id":"https:\/\/anoticiaonline.com.br\/site\/categoria\/colunistas\/#listItem","position":2,"name":"Colunistas","item":"https:\/\/anoticiaonline.com.br\/site\/categoria\/colunistas\/","nextItem":{"@type":"ListItem","@id":"https:\/\/anoticiaonline.com.br\/site\/categoria\/colunistas\/espiritismo-em-foco-de-rogerio-coelho\/#listItem","name":"Espiritismo em Foco, por Rog\u00e9rio Coelho"},"previousItem":{"@type":"ListItem","@id":"https:\/\/anoticiaonline.com.br\/site#listItem","name":"Home"}},{"@type":"ListItem","@id":"https:\/\/anoticiaonline.com.br\/site\/categoria\/colunistas\/espiritismo-em-foco-de-rogerio-coelho\/#listItem","position":3,"name":"Espiritismo em Foco, por Rog\u00e9rio Coelho","item":"https:\/\/anoticiaonline.com.br\/site\/categoria\/colunistas\/espiritismo-em-foco-de-rogerio-coelho\/","nextItem":{"@type":"ListItem","@id":"https:\/\/anoticiaonline.com.br\/site\/a-pior-cegueira\/#listItem","name":"A pior cegueira"},"previousItem":{"@type":"ListItem","@id":"https:\/\/anoticiaonline.com.br\/site\/categoria\/colunistas\/#listItem","name":"Colunistas"}},{"@type":"ListItem","@id":"https:\/\/anoticiaonline.com.br\/site\/a-pior-cegueira\/#listItem","position":4,"name":"A pior cegueira","previousItem":{"@type":"ListItem","@id":"https:\/\/anoticiaonline.com.br\/site\/categoria\/colunistas\/espiritismo-em-foco-de-rogerio-coelho\/#listItem","name":"Espiritismo em Foco, por Rog\u00e9rio Coelho"}}]},{"@type":"Organization","@id":"https:\/\/anoticiaonline.com.br\/site\/#organization","name":"A Not\u00edcia Online","description":"Noticias de Muria\u00e9 e regi\u00e3o","url":"https:\/\/anoticiaonline.com.br\/site\/","logo":{"@type":"ImageObject","url":"https:\/\/scontent-gig4-1.xx.fbcdn.net\/v\/t39.30808-1\/270437624_4564083193639691_6907940295614233970_n.jpg?stp=dst-jpg_s200x200_tt6&_nc_cat=111&ccb=1-7&_nc_sid=f907e8&_nc_ohc=SM1wRlP3lJwQ7kNvwEPuBYA&_nc_oc=AdnqrjDN_BNjSSHWO-GbkIWH6fkGMLw4bqvL_NH6e2wMveX7G-rP2dAqsDSq1mJMOaY&_nc_zt=24&_nc_ht=scontent-gig4-1.xx&_nc_gid=AoBFJeGrT1hVaew_6rchkQ&oh=00_AfX7QmFGhQhG2jAllVgXCiM1ZrWgvtp80-Bfppyexh1QEg&oe=689E923C","@id":"https:\/\/anoticiaonline.com.br\/site\/a-pior-cegueira\/#organizationLogo"},"image":{"@id":"https:\/\/anoticiaonline.com.br\/site\/a-pior-cegueira\/#organizationLogo"}},{"@type":"Person","@id":"https:\/\/anoticiaonline.com.br\/site\/author\/juliana\/#author","url":"https:\/\/anoticiaonline.com.br\/site\/author\/juliana\/","name":"Juliana Laviola","image":{"@type":"ImageObject","@id":"https:\/\/anoticiaonline.com.br\/site\/a-pior-cegueira\/#authorImage","url":"https:\/\/secure.gravatar.com\/avatar\/b8d45f5c699b100dfaf0e543582f38f38bf94cb7ae3a5e9abf8d891a34773335?s=96&d=mm&r=g","width":96,"height":96,"caption":"Juliana Laviola"}},{"@type":"WebPage","@id":"https:\/\/anoticiaonline.com.br\/site\/a-pior-cegueira\/#webpage","url":"https:\/\/anoticiaonline.com.br\/site\/a-pior-cegueira\/","name":"A pior cegueira - A Not\u00edcia Online","description":"\u201c(...) Os cegos do esp\u00edrito s\u00e3o piores que os cegos do corpo, pois preferem a urdidura da perversidade e da inf\u00e2mia nas quais se distraem e anestesiam a raz\u00e3o\u201d. - Joanna de \u00c2ngelis O epis\u00f3dio da cura do cego de nascen\u00e7a remete-nos a variadas e riqu\u00edssimas ila\u00e7\u00f5es de ordem superior. Nele, entre outras coisas, vemos","inLanguage":"pt-BR","isPartOf":{"@id":"https:\/\/anoticiaonline.com.br\/site\/#website"},"breadcrumb":{"@id":"https:\/\/anoticiaonline.com.br\/site\/a-pior-cegueira\/#breadcrumblist"},"author":{"@id":"https:\/\/anoticiaonline.com.br\/site\/author\/juliana\/#author"},"creator":{"@id":"https:\/\/anoticiaonline.com.br\/site\/author\/juliana\/#author"},"datePublished":"2015-10-19T07:36:47-03:00","dateModified":"2015-10-19T07:36:47-03:00"},{"@type":"WebSite","@id":"https:\/\/anoticiaonline.com.br\/site\/#website","url":"https:\/\/anoticiaonline.com.br\/site\/","name":"A Not\u00edcia Online","description":"Noticias de Muria\u00e9 e regi\u00e3o","inLanguage":"pt-BR","publisher":{"@id":"https:\/\/anoticiaonline.com.br\/site\/#organization"}}]},"og:locale":"pt_BR","og:site_name":"A Not\u00edcia Online - Noticias de Muria\u00e9 e regi\u00e3o","og:type":"article","og:title":"A pior cegueira - A Not\u00edcia Online","og:description":"\u201c(...) Os cegos do esp\u00edrito s\u00e3o piores que os cegos do corpo, pois preferem a urdidura da perversidade e da inf\u00e2mia nas quais se distraem e anestesiam a raz\u00e3o\u201d. - Joanna de \u00c2ngelis O epis\u00f3dio da cura do cego de nascen\u00e7a remete-nos a variadas e riqu\u00edssimas ila\u00e7\u00f5es de ordem superior. Nele, entre outras coisas, vemos","og:url":"https:\/\/anoticiaonline.com.br\/site\/a-pior-cegueira\/","og:image":"https:\/\/scontent-gig4-1.xx.fbcdn.net\/v\/t39.30808-1\/270437624_4564083193639691_6907940295614233970_n.jpg?stp=dst-jpg_s200x200_tt6&#038;_nc_cat=111&#038;ccb=1-7&#038;_nc_sid=f907e8&#038;_nc_ohc=SM1wRlP3lJwQ7kNvwEPuBYA&#038;_nc_oc=AdnqrjDN_BNjSSHWO-GbkIWH6fkGMLw4bqvL_NH6e2wMveX7G-rP2dAqsDSq1mJMOaY&#038;_nc_zt=24&#038;_nc_ht=scontent-gig4-1.xx&#038;_nc_gid=AoBFJeGrT1hVaew_6rchkQ&#038;oh=00_AfX7QmFGhQhG2jAllVgXCiM1ZrWgvtp80-Bfppyexh1QEg&#038;oe=689E923C","og:image:secure_url":"https:\/\/scontent-gig4-1.xx.fbcdn.net\/v\/t39.30808-1\/270437624_4564083193639691_6907940295614233970_n.jpg?stp=dst-jpg_s200x200_tt6&#038;_nc_cat=111&#038;ccb=1-7&#038;_nc_sid=f907e8&#038;_nc_ohc=SM1wRlP3lJwQ7kNvwEPuBYA&#038;_nc_oc=AdnqrjDN_BNjSSHWO-GbkIWH6fkGMLw4bqvL_NH6e2wMveX7G-rP2dAqsDSq1mJMOaY&#038;_nc_zt=24&#038;_nc_ht=scontent-gig4-1.xx&#038;_nc_gid=AoBFJeGrT1hVaew_6rchkQ&#038;oh=00_AfX7QmFGhQhG2jAllVgXCiM1ZrWgvtp80-Bfppyexh1QEg&#038;oe=689E923C","article:published_time":"2015-10-19T10:36:47+00:00","article:modified_time":"2015-10-19T10:36:47+00:00","twitter:card":"summary_large_image","twitter:title":"A pior cegueira - A Not\u00edcia Online","twitter:description":"\u201c(...) Os cegos do esp\u00edrito s\u00e3o piores que os cegos do corpo, pois preferem a urdidura da perversidade e da inf\u00e2mia nas quais se distraem e anestesiam a raz\u00e3o\u201d. - Joanna de \u00c2ngelis O epis\u00f3dio da cura do cego de nascen\u00e7a remete-nos a variadas e riqu\u00edssimas ila\u00e7\u00f5es de ordem superior. Nele, entre outras coisas, vemos","twitter:image":"https:\/\/scontent-gig4-1.xx.fbcdn.net\/v\/t39.30808-1\/270437624_4564083193639691_6907940295614233970_n.jpg?stp=dst-jpg_s200x200_tt6&_nc_cat=111&ccb=1-7&_nc_sid=f907e8&_nc_ohc=SM1wRlP3lJwQ7kNvwEPuBYA&_nc_oc=AdnqrjDN_BNjSSHWO-GbkIWH6fkGMLw4bqvL_NH6e2wMveX7G-rP2dAqsDSq1mJMOaY&_nc_zt=24&_nc_ht=scontent-gig4-1.xx&_nc_gid=AoBFJeGrT1hVaew_6rchkQ&oh=00_AfX7QmFGhQhG2jAllVgXCiM1ZrWgvtp80-Bfppyexh1QEg&oe=689E923C"},"aioseo_meta_data":{"post_id":"4996","title":null,"description":null,"keywords":null,"keyphrases":null,"primary_term":null,"canonical_url":null,"og_title":null,"og_description":null,"og_object_type":"default","og_image_type":"default","og_image_url":null,"og_image_width":null,"og_image_height":null,"og_image_custom_url":null,"og_image_custom_fields":null,"og_video":null,"og_custom_url":null,"og_article_section":null,"og_article_tags":null,"twitter_use_og":false,"twitter_card":"default","twitter_image_type":"default","twitter_image_url":null,"twitter_image_custom_url":null,"twitter_image_custom_fields":null,"twitter_title":null,"twitter_description":null,"schema":{"blockGraphs":[],"customGraphs":[],"default":{"data":{"Article":[],"Course":[],"Dataset":[],"FAQPage":[],"Movie":[],"Person":[],"Product":[],"ProductReview":[],"Car":[],"Recipe":[],"Service":[],"SoftwareApplication":[],"WebPage":[]},"graphName":"","isEnabled":true},"graphs":[]},"schema_type":"default","schema_type_options":null,"pillar_content":false,"robots_default":true,"robots_noindex":false,"robots_noarchive":false,"robots_nosnippet":false,"robots_nofollow":false,"robots_noimageindex":false,"robots_noodp":false,"robots_notranslate":false,"robots_max_snippet":null,"robots_max_videopreview":null,"robots_max_imagepreview":"large","priority":null,"frequency":null,"local_seo":null,"breadcrumb_settings":null,"limit_modified_date":false,"ai":null,"created":"2025-08-16 13:35:52","updated":"2025-08-16 13:35:52","focus_keyword":null,"additional_keywords":null,"truseo_locale":null,"seo_analyzer_scan_date":null},"aioseo_breadcrumb":"<div class=\"aioseo-breadcrumbs\"><span class=\"aioseo-breadcrumb\">\n\t\t\t<a href=\"https:\/\/anoticiaonline.com.br\/site\" title=\"Home\">Home<\/a>\n\t\t<\/span><span class=\"aioseo-breadcrumb-separator\">&raquo;<\/span><span class=\"aioseo-breadcrumb\">\n\t\t\t<a href=\"https:\/\/anoticiaonline.com.br\/site\/categoria\/colunistas\/\" title=\"Colunistas\">Colunistas<\/a>\n\t\t<\/span><span class=\"aioseo-breadcrumb-separator\">&raquo;<\/span><span class=\"aioseo-breadcrumb\">\n\t\t\t<a href=\"https:\/\/anoticiaonline.com.br\/site\/categoria\/colunistas\/espiritismo-em-foco-de-rogerio-coelho\/\" title=\"Espiritismo em Foco, por Rog\u00e9rio Coelho\">Espiritismo em Foco, por Rog\u00e9rio Coelho<\/a>\n\t\t<\/span><span class=\"aioseo-breadcrumb-separator\">&raquo;<\/span><span class=\"aioseo-breadcrumb\">\n\t\t\tA pior cegueira\n\t\t<\/span><\/div>","aioseo_breadcrumb_json":[{"label":"Home","link":"https:\/\/anoticiaonline.com.br\/site"},{"label":"Colunistas","link":"https:\/\/anoticiaonline.com.br\/site\/categoria\/colunistas\/"},{"label":"Espiritismo em Foco, por Rog\u00e9rio Coelho","link":"https:\/\/anoticiaonline.com.br\/site\/categoria\/colunistas\/espiritismo-em-foco-de-rogerio-coelho\/"},{"label":"A pior cegueira","link":"https:\/\/anoticiaonline.com.br\/site\/a-pior-cegueira\/"}],"views":175,"_links":{"self":[{"href":"https:\/\/anoticiaonline.com.br\/site\/wp-json\/wp\/v2\/posts\/4996","targetHints":{"allow":["GET"]}}],"collection":[{"href":"https:\/\/anoticiaonline.com.br\/site\/wp-json\/wp\/v2\/posts"}],"about":[{"href":"https:\/\/anoticiaonline.com.br\/site\/wp-json\/wp\/v2\/types\/post"}],"author":[{"embeddable":true,"href":"https:\/\/anoticiaonline.com.br\/site\/wp-json\/wp\/v2\/users\/2"}],"replies":[{"embeddable":true,"href":"https:\/\/anoticiaonline.com.br\/site\/wp-json\/wp\/v2\/comments?post=4996"}],"version-history":[{"count":0,"href":"https:\/\/anoticiaonline.com.br\/site\/wp-json\/wp\/v2\/posts\/4996\/revisions"}],"wp:attachment":[{"href":"https:\/\/anoticiaonline.com.br\/site\/wp-json\/wp\/v2\/media?parent=4996"}],"wp:term":[{"taxonomy":"category","embeddable":true,"href":"https:\/\/anoticiaonline.com.br\/site\/wp-json\/wp\/v2\/categories?post=4996"},{"taxonomy":"post_tag","embeddable":true,"href":"https:\/\/anoticiaonline.com.br\/site\/wp-json\/wp\/v2\/tags?post=4996"}],"curies":[{"name":"wp","href":"https:\/\/api.w.org\/{rel}","templated":true}]}}