{"id":49906,"date":"2018-02-15T21:19:05","date_gmt":"2018-02-16T00:19:05","guid":{"rendered":"http:\/\/anoticiaonline.com.br\/site\/?p=49906"},"modified":"2018-03-15T20:55:36","modified_gmt":"2018-03-15T23:55:36","slug":"carnaval-de-sao-francisco-do-gloria-ressurge-em-grande-estilo","status":"publish","type":"post","link":"https:\/\/anoticiaonline.com.br\/site\/carnaval-de-sao-francisco-do-gloria-ressurge-em-grande-estilo\/","title":{"rendered":"Carnaval de S\u00e3o Francisco do Gl\u00f3ria ressurge em grande estilo"},"content":{"rendered":"<p><a href=\"https:\/\/anoticiaonline.com.br\/site\/wp-content\/uploads\/2018\/02\/SFG-PROIBIDA-C\u00d3PIA-PARA-VEI\u00cdCULOS-DE-COMUNICA\u00c7\u00c3O-40.jpg\"><img fetchpriority=\"high\" decoding=\"async\" class=\"aligncenter size-full wp-image-49909\" src=\"https:\/\/anoticiaonline.com.br\/site\/wp-content\/uploads\/2018\/02\/SFG-PROIBIDA-C\u00d3PIA-PARA-VEI\u00cdCULOS-DE-COMUNICA\u00c7\u00c3O-40.jpg\" alt=\"\" width=\"640\" height=\"427\" srcset=\"https:\/\/anoticiaonline.com.br\/site\/wp-content\/uploads\/2018\/02\/SFG-PROIBIDA-C\u00d3PIA-PARA-VEI\u00cdCULOS-DE-COMUNICA\u00c7\u00c3O-40.jpg 640w, https:\/\/anoticiaonline.com.br\/site\/wp-content\/uploads\/2018\/02\/SFG-PROIBIDA-C\u00d3PIA-PARA-VEI\u00cdCULOS-DE-COMUNICA\u00c7\u00c3O-40-300x200.jpg 300w\" sizes=\"(max-width: 640px) 100vw, 640px\" \/><\/a> <a href=\"https:\/\/anoticiaonline.com.br\/site\/wp-content\/uploads\/2018\/02\/SFG-PROIBIDA-C\u00d3PIA-PARA-VEI\u00cdCULOS-DE-COMUNICA\u00c7\u00c3O-57.jpg\"><img decoding=\"async\" class=\"aligncenter size-full wp-image-49910\" src=\"https:\/\/anoticiaonline.com.br\/site\/wp-content\/uploads\/2018\/02\/SFG-PROIBIDA-C\u00d3PIA-PARA-VEI\u00cdCULOS-DE-COMUNICA\u00c7\u00c3O-57.jpg\" alt=\"\" width=\"640\" height=\"314\" srcset=\"https:\/\/anoticiaonline.com.br\/site\/wp-content\/uploads\/2018\/02\/SFG-PROIBIDA-C\u00d3PIA-PARA-VEI\u00cdCULOS-DE-COMUNICA\u00c7\u00c3O-57.jpg 640w, https:\/\/anoticiaonline.com.br\/site\/wp-content\/uploads\/2018\/02\/SFG-PROIBIDA-C\u00d3PIA-PARA-VEI\u00cdCULOS-DE-COMUNICA\u00c7\u00c3O-57-300x147.jpg 300w\" sizes=\"(max-width: 640px) 100vw, 640px\" \/><\/a><a href=\"https:\/\/anoticiaonline.com.br\/site\/wp-content\/uploads\/2018\/02\/SFG-PROIBIDA-C\u00d3PIA-PARA-VEI\u00cdCULOS-DE-COMUNICA\u00c7\u00c3O-65.jpg\"><img decoding=\"async\" class=\"aligncenter size-full wp-image-49912\" src=\"https:\/\/anoticiaonline.com.br\/site\/wp-content\/uploads\/2018\/02\/SFG-PROIBIDA-C\u00d3PIA-PARA-VEI\u00cdCULOS-DE-COMUNICA\u00c7\u00c3O-65.jpg\" alt=\"\" width=\"640\" height=\"427\" srcset=\"https:\/\/anoticiaonline.com.br\/site\/wp-content\/uploads\/2018\/02\/SFG-PROIBIDA-C\u00d3PIA-PARA-VEI\u00cdCULOS-DE-COMUNICA\u00c7\u00c3O-65.jpg 640w, https:\/\/anoticiaonline.com.br\/site\/wp-content\/uploads\/2018\/02\/SFG-PROIBIDA-C\u00d3PIA-PARA-VEI\u00cdCULOS-DE-COMUNICA\u00c7\u00c3O-65-300x200.jpg 300w\" sizes=\"(max-width: 640px) 100vw, 640px\" \/><\/a>Depois de um per\u00edodo de mais de oito anos sem realizar a festa, o carnaval de S\u00e3o Francisco do Gl\u00f3ria ressurgiu para alegria do povo da cidade e demais visitantes. A festa, que come\u00e7ou no s\u00e1bado (10) e terminou na ter\u00e7a-feira (13), contou com shows de bandas diversas e blocos que se apresentaram na Pra\u00e7a S\u00e3o Francisco de Assis.<\/p>\n<p>O resgate do carnaval da cidade aconteceu depois de pedidos feitos pelo povo franciscano. De acordo com o prefeito, Walace Pedrosa, desde o ano passado a administra\u00e7\u00e3o municipal analisou a possibilidade de voltar a realizar a festa, que foi concretizada em 2018 sem comprometer investimentos na educa\u00e7\u00e3o e na sa\u00fade p\u00fablica.<\/p>\n<p>\u201cResolvemos come\u00e7ar com uma festa simples, pequena, mas com qualidade. Tenho certeza que at\u00e9 o \u00faltimo ano do mandato estaremos realizando um dos melhores carnavais da regi\u00e3o, agradando p\u00fablicos de todas as idades, pois nossa tend\u00eancia \u00e9 abrir o leque de atra\u00e7\u00f5es. Aproveito a oportunidade para agradecer a todos os funcion\u00e1rios da prefeitura que se empenharam para realizar esta festa, aos nossos visitantes, aos nossos conterr\u00e2neos, que h\u00e1 muito tempo n\u00e3o vinham ao munic\u00edpio e est\u00e3o prestigiando o carnaval de S\u00e3o Francisco do Gl\u00f3ria\u201d, disse.<\/p>\n<p>In\u00e1cio Dolizete, vice-prefeito, disse que foi uma grande satisfa\u00e7\u00e3o poder fazer parte, diretamente, do resgate do carnaval de S\u00e3o Francisco do Gl\u00f3ria. \u201c\u00c9 muito importante voltar com a tradi\u00e7\u00e3o, nosso povo tamb\u00e9m precisa se divertir com a fam\u00edlia, das crian\u00e7as at\u00e9 os idosos. Agrade\u00e7o aos funcion\u00e1rios da prefeitura que participaram da organiza\u00e7\u00e3o do evento\u201d, contou.<\/p>\n<p>Rayque de Oliveira, diretor de cultura da prefeitura municipal, disse que a popula\u00e7\u00e3o fazia quest\u00e3o da volta da tradicional festa pela identifica\u00e7\u00e3o com a alegria carnavalesca e com as quest\u00f5es culturais. \u201cEste tamb\u00e9m era o desejo do prefeito Walace. Por isso, em 2018, foi poss\u00edvel atender ao pedido do povo. Nossa inten\u00e7\u00e3o foi realizar uma festa familiar, onde todos puderam marcar presen\u00e7a e curtir da melhor forma, revendo amigos\u201d, disse.<\/p>\n<p>Ant\u00f4nio Bissiati, secret\u00e1rio municipal de cultura e esporte, disse que os carnavais fora de \u00e9poca, conhecido como \u201cMicaretas\u201d, realizados nos \u00faltimos anos, n\u00e3o perpetuaram como uma festa tradicional. \u201cNeste carnaval, que ressurgiu a partir deste ano, tivemos a presen\u00e7a de personagens da cultura popular como o Boi, a Mulinha, a Nega Maluca, e do Bloco Pinheiro. Sabemos que cidades pr\u00f3ximas, como Mira\u00ed e Tombos possuem um carnaval maior e tradicional, que atrai um grande p\u00fablico, mas temos certeza que o carnaval de S\u00e3o Francisco do Gl\u00f3ria ir\u00e1 fazer parte deste cen\u00e1rio a partir das pr\u00f3ximas edi\u00e7\u00f5es. Agrade\u00e7o ao Rayque, ao prefeito municipal, toda a equipe do CAPS e demais colaboradores pela organiza\u00e7\u00e3o e ornamenta\u00e7\u00e3o, que n\u00e3o mediram esfor\u00e7os para realizar esta festa\u201d, contou.<\/p>\n<p>Al\u00e9m do Bloco Pinheiro e da matin\u00ea infantil, a anima\u00e7\u00e3o nos dias de festa tamb\u00e9m ficaram por conta dos DJs Jean Blance, Mickael Jr., Danilo Freitas e Geandro Freitas, al\u00e9m dos shows com as Banda XTreme Brasil, Banda Mineiros do\u00a0Pagode e Banda\u00a0Pakebra.<\/p>\n<p style=\"text-align: center;\"><strong>PROIBIDA A C\u00d3PIA DE TEXTO E FOTOS SEM AUTORIZA\u00c7\u00c3O PR\u00c9VIA<\/strong><\/p>\n<p><a href=\"https:\/\/anoticiaonline.com.br\/site\/wp-content\/uploads\/2018\/02\/SFG-PROIBIDA-C\u00d3PIA-PARA-VEI\u00cdCULOS-DE-COMUNICA\u00c7\u00c3O-60.jpg\"><img loading=\"lazy\" decoding=\"async\" class=\"aligncenter size-full wp-image-49911\" src=\"https:\/\/anoticiaonline.com.br\/site\/wp-content\/uploads\/2018\/02\/SFG-PROIBIDA-C\u00d3PIA-PARA-VEI\u00cdCULOS-DE-COMUNICA\u00c7\u00c3O-60.jpg\" alt=\"\" width=\"640\" height=\"427\" srcset=\"https:\/\/anoticiaonline.com.br\/site\/wp-content\/uploads\/2018\/02\/SFG-PROIBIDA-C\u00d3PIA-PARA-VEI\u00cdCULOS-DE-COMUNICA\u00c7\u00c3O-60.jpg 640w, https:\/\/anoticiaonline.com.br\/site\/wp-content\/uploads\/2018\/02\/SFG-PROIBIDA-C\u00d3PIA-PARA-VEI\u00cdCULOS-DE-COMUNICA\u00c7\u00c3O-60-300x200.jpg 300w\" sizes=\"(max-width: 640px) 100vw, 640px\" \/><img decoding=\"async\" class=\"ngg_displayed_gallery mceItem\" src=\"https:\/\/anoticiaonline.com.br\/site\/nextgen-attach_to_post\/preview\/id--50056\" \/><\/a><\/p>\n","protected":false},"excerpt":{"rendered":"<p>Depois de um per\u00edodo de mais de oito anos sem realizar a festa, o carnaval de S\u00e3o Francisco do Gl\u00f3ria ressurgiu para alegria do povo da cidade e demais visitantes. A festa, que come\u00e7ou no s\u00e1bado (10) e terminou na ter\u00e7a-feira (13), contou com shows de bandas diversas e blocos que se apresentaram na Pra\u00e7a &#8230; <a title=\"Carnaval de S\u00e3o Francisco do Gl\u00f3ria ressurge em grande estilo\" class=\"read-more\" href=\"https:\/\/anoticiaonline.com.br\/site\/carnaval-de-sao-francisco-do-gloria-ressurge-em-grande-estilo\/\" aria-label=\"Read more about Carnaval de S\u00e3o Francisco do Gl\u00f3ria ressurge em grande estilo\">Ler mais<\/a><\/p>\n","protected":false},"author":2,"featured_media":49910,"comment_status":"open","ping_status":"open","sticky":false,"template":"","format":"standard","meta":{"_acf_changed":false,"_monsterinsights_skip_tracking":false,"footnotes":""},"categories":[19,6],"tags":[1921,1988,308,1969,226,1459],"class_list":["post-49906","post","type-post","status-publish","format-standard","has-post-thumbnail","hentry","category-cultura","category-regiao","tag-carnaval","tag-carnaval-de-sao-francisco-do-gloria","tag-festa","tag-mg","tag-sao-francisco-do-gloria","tag-walace-pedrosa"],"acf":[],"aioseo_notices":[],"aioseo_head":"\n\t\t<!-- All in One SEO 5.0.0.1 - aioseo.com -->\n\t<meta name=\"description\" content=\"Depois de um per\u00edodo de mais de oito anos sem realizar a festa, o carnaval de S\u00e3o Francisco do Gl\u00f3ria ressurgiu para alegria do povo da cidade e demais visitantes. A festa, que come\u00e7ou no s\u00e1bado (10) e terminou na ter\u00e7a-feira (13), contou com shows de bandas diversas e blocos que se apresentaram na Pra\u00e7a\" \/>\n\t<meta name=\"robots\" content=\"max-image-preview:large\" \/>\n\t<meta name=\"author\" content=\"Juliana Laviola\"\/>\n\t<link rel=\"canonical\" href=\"https:\/\/anoticiaonline.com.br\/site\/carnaval-de-sao-francisco-do-gloria-ressurge-em-grande-estilo\/\" \/>\n\t<meta name=\"generator\" content=\"All in One SEO (AIOSEO) 5.0.0.1\" \/>\n\t\t<meta property=\"og:locale\" content=\"pt_BR\" \/>\n\t\t<meta property=\"og:site_name\" content=\"A Not\u00edcia Online - Noticias de Muria\u00e9 e regi\u00e3o\" \/>\n\t\t<meta property=\"og:type\" content=\"article\" \/>\n\t\t<meta property=\"og:title\" content=\"Carnaval de S\u00e3o Francisco do Gl\u00f3ria ressurge em grande estilo - A Not\u00edcia Online\" \/>\n\t\t<meta property=\"og:description\" content=\"Depois de um per\u00edodo de mais de oito anos sem realizar a festa, o carnaval de S\u00e3o Francisco do Gl\u00f3ria ressurgiu para alegria do povo da cidade e demais visitantes. A festa, que come\u00e7ou no s\u00e1bado (10) e terminou na ter\u00e7a-feira (13), contou com shows de bandas diversas e blocos que se apresentaram na Pra\u00e7a\" \/>\n\t\t<meta property=\"og:url\" content=\"https:\/\/anoticiaonline.com.br\/site\/carnaval-de-sao-francisco-do-gloria-ressurge-em-grande-estilo\/\" \/>\n\t\t<meta property=\"og:image\" content=\"https:\/\/scontent-gig4-1.xx.fbcdn.net\/v\/t39.30808-1\/270437624_4564083193639691_6907940295614233970_n.jpg?stp=dst-jpg_s200x200_tt6&#038;_nc_cat=111&#038;ccb=1-7&#038;_nc_sid=f907e8&#038;_nc_ohc=SM1wRlP3lJwQ7kNvwEPuBYA&#038;_nc_oc=AdnqrjDN_BNjSSHWO-GbkIWH6fkGMLw4bqvL_NH6e2wMveX7G-rP2dAqsDSq1mJMOaY&#038;_nc_zt=24&#038;_nc_ht=scontent-gig4-1.xx&#038;_nc_gid=AoBFJeGrT1hVaew_6rchkQ&#038;oh=00_AfX7QmFGhQhG2jAllVgXCiM1ZrWgvtp80-Bfppyexh1QEg&#038;oe=689E923C\" \/>\n\t\t<meta property=\"og:image:secure_url\" content=\"https:\/\/scontent-gig4-1.xx.fbcdn.net\/v\/t39.30808-1\/270437624_4564083193639691_6907940295614233970_n.jpg?stp=dst-jpg_s200x200_tt6&#038;_nc_cat=111&#038;ccb=1-7&#038;_nc_sid=f907e8&#038;_nc_ohc=SM1wRlP3lJwQ7kNvwEPuBYA&#038;_nc_oc=AdnqrjDN_BNjSSHWO-GbkIWH6fkGMLw4bqvL_NH6e2wMveX7G-rP2dAqsDSq1mJMOaY&#038;_nc_zt=24&#038;_nc_ht=scontent-gig4-1.xx&#038;_nc_gid=AoBFJeGrT1hVaew_6rchkQ&#038;oh=00_AfX7QmFGhQhG2jAllVgXCiM1ZrWgvtp80-Bfppyexh1QEg&#038;oe=689E923C\" \/>\n\t\t<meta property=\"article:published_time\" content=\"2018-02-16T00:19:05+00:00\" \/>\n\t\t<meta property=\"article:modified_time\" content=\"2018-03-15T23:55:36+00:00\" \/>\n\t\t<meta name=\"twitter:card\" content=\"summary_large_image\" \/>\n\t\t<meta name=\"twitter:title\" content=\"Carnaval de S\u00e3o Francisco do Gl\u00f3ria ressurge em grande estilo - A Not\u00edcia Online\" \/>\n\t\t<meta name=\"twitter:description\" content=\"Depois de um per\u00edodo de mais de oito anos sem realizar a festa, o carnaval de S\u00e3o Francisco do Gl\u00f3ria ressurgiu para alegria do povo da cidade e demais visitantes. A festa, que come\u00e7ou no s\u00e1bado (10) e terminou na ter\u00e7a-feira (13), contou com shows de bandas diversas e blocos que se apresentaram na Pra\u00e7a\" \/>\n\t\t<meta name=\"twitter:image\" content=\"https:\/\/scontent-gig4-1.xx.fbcdn.net\/v\/t39.30808-1\/270437624_4564083193639691_6907940295614233970_n.jpg?stp=dst-jpg_s200x200_tt6&amp;_nc_cat=111&amp;ccb=1-7&amp;_nc_sid=f907e8&amp;_nc_ohc=SM1wRlP3lJwQ7kNvwEPuBYA&amp;_nc_oc=AdnqrjDN_BNjSSHWO-GbkIWH6fkGMLw4bqvL_NH6e2wMveX7G-rP2dAqsDSq1mJMOaY&amp;_nc_zt=24&amp;_nc_ht=scontent-gig4-1.xx&amp;_nc_gid=AoBFJeGrT1hVaew_6rchkQ&amp;oh=00_AfX7QmFGhQhG2jAllVgXCiM1ZrWgvtp80-Bfppyexh1QEg&amp;oe=689E923C\" \/>\n\t\t<script type=\"application\/ld+json\" class=\"aioseo-schema\">\n\t\t\t{\"@context\":\"https:\\\/\\\/schema.org\",\"@graph\":[{\"@type\":\"BlogPosting\",\"@id\":\"https:\\\/\\\/anoticiaonline.com.br\\\/site\\\/carnaval-de-sao-francisco-do-gloria-ressurge-em-grande-estilo\\\/#blogposting\",\"name\":\"Carnaval de S\\u00e3o Francisco do Gl\\u00f3ria ressurge em grande estilo - A Not\\u00edcia Online\",\"headline\":\"Carnaval de S\\u00e3o Francisco do Gl\\u00f3ria ressurge em grande estilo\",\"author\":{\"@id\":\"https:\\\/\\\/anoticiaonline.com.br\\\/site\\\/author\\\/juliana\\\/#author\"},\"publisher\":{\"@id\":\"https:\\\/\\\/anoticiaonline.com.br\\\/site\\\/#organization\"},\"image\":{\"@type\":\"ImageObject\",\"url\":\"https:\\\/\\\/anoticiaonline.com.br\\\/site\\\/wp-content\\\/uploads\\\/2018\\\/02\\\/SFG-PROIBIDA-C\\u00d3PIA-PARA-VEI\\u00cdCULOS-DE-COMUNICA\\u00c7\\u00c3O-57.jpg\",\"width\":640,\"height\":314},\"datePublished\":\"2018-02-15T21:19:05-03:00\",\"dateModified\":\"2018-03-15T20:55:36-03:00\",\"inLanguage\":\"pt-BR\",\"mainEntityOfPage\":{\"@id\":\"https:\\\/\\\/anoticiaonline.com.br\\\/site\\\/carnaval-de-sao-francisco-do-gloria-ressurge-em-grande-estilo\\\/#webpage\"},\"isPartOf\":{\"@id\":\"https:\\\/\\\/anoticiaonline.com.br\\\/site\\\/carnaval-de-sao-francisco-do-gloria-ressurge-em-grande-estilo\\\/#webpage\"},\"articleSection\":\"Cultura, Regi\\u00e3o, carnaval, Carnaval de S\\u00e3o Francisco do Gl\\u00f3ria, festa, MG, s\\u00e3o francisco do gl\\u00f3ria, Walace Pedrosa\"},{\"@type\":\"BreadcrumbList\",\"@id\":\"https:\\\/\\\/anoticiaonline.com.br\\\/site\\\/carnaval-de-sao-francisco-do-gloria-ressurge-em-grande-estilo\\\/#breadcrumblist\",\"itemListElement\":[{\"@type\":\"ListItem\",\"@id\":\"https:\\\/\\\/anoticiaonline.com.br\\\/site#listItem\",\"position\":1,\"name\":\"Home\",\"item\":\"https:\\\/\\\/anoticiaonline.com.br\\\/site\",\"nextItem\":{\"@type\":\"ListItem\",\"@id\":\"https:\\\/\\\/anoticiaonline.com.br\\\/site\\\/categoria\\\/muriae\\\/#listItem\",\"name\":\"Blog\"}},{\"@type\":\"ListItem\",\"@id\":\"https:\\\/\\\/anoticiaonline.com.br\\\/site\\\/categoria\\\/muriae\\\/#listItem\",\"position\":2,\"name\":\"Blog\",\"item\":\"https:\\\/\\\/anoticiaonline.com.br\\\/site\\\/categoria\\\/muriae\\\/\",\"nextItem\":{\"@type\":\"ListItem\",\"@id\":\"https:\\\/\\\/anoticiaonline.com.br\\\/site\\\/categoria\\\/muriae\\\/cultura\\\/#listItem\",\"name\":\"Cultura\"},\"previousItem\":{\"@type\":\"ListItem\",\"@id\":\"https:\\\/\\\/anoticiaonline.com.br\\\/site#listItem\",\"name\":\"Home\"}},{\"@type\":\"ListItem\",\"@id\":\"https:\\\/\\\/anoticiaonline.com.br\\\/site\\\/categoria\\\/muriae\\\/cultura\\\/#listItem\",\"position\":3,\"name\":\"Cultura\",\"item\":\"https:\\\/\\\/anoticiaonline.com.br\\\/site\\\/categoria\\\/muriae\\\/cultura\\\/\",\"nextItem\":{\"@type\":\"ListItem\",\"@id\":\"https:\\\/\\\/anoticiaonline.com.br\\\/site\\\/carnaval-de-sao-francisco-do-gloria-ressurge-em-grande-estilo\\\/#listItem\",\"name\":\"Carnaval de S\\u00e3o Francisco do Gl\\u00f3ria ressurge em grande estilo\"},\"previousItem\":{\"@type\":\"ListItem\",\"@id\":\"https:\\\/\\\/anoticiaonline.com.br\\\/site\\\/categoria\\\/muriae\\\/#listItem\",\"name\":\"Blog\"}},{\"@type\":\"ListItem\",\"@id\":\"https:\\\/\\\/anoticiaonline.com.br\\\/site\\\/carnaval-de-sao-francisco-do-gloria-ressurge-em-grande-estilo\\\/#listItem\",\"position\":4,\"name\":\"Carnaval de S\\u00e3o Francisco do Gl\\u00f3ria ressurge em grande estilo\",\"previousItem\":{\"@type\":\"ListItem\",\"@id\":\"https:\\\/\\\/anoticiaonline.com.br\\\/site\\\/categoria\\\/muriae\\\/cultura\\\/#listItem\",\"name\":\"Cultura\"}}]},{\"@type\":\"Organization\",\"@id\":\"https:\\\/\\\/anoticiaonline.com.br\\\/site\\\/#organization\",\"name\":\"A Not\\u00edcia Online\",\"description\":\"Noticias de Muria\\u00e9 e regi\\u00e3o\",\"url\":\"https:\\\/\\\/anoticiaonline.com.br\\\/site\\\/\",\"logo\":{\"@type\":\"ImageObject\",\"url\":\"https:\\\/\\\/scontent-gig4-1.xx.fbcdn.net\\\/v\\\/t39.30808-1\\\/270437624_4564083193639691_6907940295614233970_n.jpg?stp=dst-jpg_s200x200_tt6&_nc_cat=111&ccb=1-7&_nc_sid=f907e8&_nc_ohc=SM1wRlP3lJwQ7kNvwEPuBYA&_nc_oc=AdnqrjDN_BNjSSHWO-GbkIWH6fkGMLw4bqvL_NH6e2wMveX7G-rP2dAqsDSq1mJMOaY&_nc_zt=24&_nc_ht=scontent-gig4-1.xx&_nc_gid=AoBFJeGrT1hVaew_6rchkQ&oh=00_AfX7QmFGhQhG2jAllVgXCiM1ZrWgvtp80-Bfppyexh1QEg&oe=689E923C\",\"@id\":\"https:\\\/\\\/anoticiaonline.com.br\\\/site\\\/carnaval-de-sao-francisco-do-gloria-ressurge-em-grande-estilo\\\/#organizationLogo\"},\"image\":{\"@id\":\"https:\\\/\\\/anoticiaonline.com.br\\\/site\\\/carnaval-de-sao-francisco-do-gloria-ressurge-em-grande-estilo\\\/#organizationLogo\"}},{\"@type\":\"Person\",\"@id\":\"https:\\\/\\\/anoticiaonline.com.br\\\/site\\\/author\\\/juliana\\\/#author\",\"url\":\"https:\\\/\\\/anoticiaonline.com.br\\\/site\\\/author\\\/juliana\\\/\",\"name\":\"Juliana Laviola\",\"image\":{\"@type\":\"ImageObject\",\"@id\":\"https:\\\/\\\/anoticiaonline.com.br\\\/site\\\/carnaval-de-sao-francisco-do-gloria-ressurge-em-grande-estilo\\\/#authorImage\",\"url\":\"https:\\\/\\\/secure.gravatar.com\\\/avatar\\\/b8d45f5c699b100dfaf0e543582f38f38bf94cb7ae3a5e9abf8d891a34773335?s=96&d=mm&r=g\",\"width\":96,\"height\":96,\"caption\":\"Juliana Laviola\"}},{\"@type\":\"WebPage\",\"@id\":\"https:\\\/\\\/anoticiaonline.com.br\\\/site\\\/carnaval-de-sao-francisco-do-gloria-ressurge-em-grande-estilo\\\/#webpage\",\"url\":\"https:\\\/\\\/anoticiaonline.com.br\\\/site\\\/carnaval-de-sao-francisco-do-gloria-ressurge-em-grande-estilo\\\/\",\"name\":\"Carnaval de S\\u00e3o Francisco do Gl\\u00f3ria ressurge em grande estilo - A Not\\u00edcia Online\",\"description\":\"Depois de um per\\u00edodo de mais de oito anos sem realizar a festa, o carnaval de S\\u00e3o Francisco do Gl\\u00f3ria ressurgiu para alegria do povo da cidade e demais visitantes. A festa, que come\\u00e7ou no s\\u00e1bado (10) e terminou na ter\\u00e7a-feira (13), contou com shows de bandas diversas e blocos que se apresentaram na Pra\\u00e7a\",\"inLanguage\":\"pt-BR\",\"isPartOf\":{\"@id\":\"https:\\\/\\\/anoticiaonline.com.br\\\/site\\\/#website\"},\"breadcrumb\":{\"@id\":\"https:\\\/\\\/anoticiaonline.com.br\\\/site\\\/carnaval-de-sao-francisco-do-gloria-ressurge-em-grande-estilo\\\/#breadcrumblist\"},\"author\":{\"@id\":\"https:\\\/\\\/anoticiaonline.com.br\\\/site\\\/author\\\/juliana\\\/#author\"},\"creator\":{\"@id\":\"https:\\\/\\\/anoticiaonline.com.br\\\/site\\\/author\\\/juliana\\\/#author\"},\"image\":{\"@type\":\"ImageObject\",\"url\":\"https:\\\/\\\/anoticiaonline.com.br\\\/site\\\/wp-content\\\/uploads\\\/2018\\\/02\\\/SFG-PROIBIDA-C\\u00d3PIA-PARA-VEI\\u00cdCULOS-DE-COMUNICA\\u00c7\\u00c3O-57.jpg\",\"@id\":\"https:\\\/\\\/anoticiaonline.com.br\\\/site\\\/carnaval-de-sao-francisco-do-gloria-ressurge-em-grande-estilo\\\/#mainImage\",\"width\":640,\"height\":314},\"primaryImageOfPage\":{\"@id\":\"https:\\\/\\\/anoticiaonline.com.br\\\/site\\\/carnaval-de-sao-francisco-do-gloria-ressurge-em-grande-estilo\\\/#mainImage\"},\"datePublished\":\"2018-02-15T21:19:05-03:00\",\"dateModified\":\"2018-03-15T20:55:36-03:00\"},{\"@type\":\"WebSite\",\"@id\":\"https:\\\/\\\/anoticiaonline.com.br\\\/site\\\/#website\",\"url\":\"https:\\\/\\\/anoticiaonline.com.br\\\/site\\\/\",\"name\":\"A Not\\u00edcia Online\",\"description\":\"Noticias de Muria\\u00e9 e regi\\u00e3o\",\"inLanguage\":\"pt-BR\",\"publisher\":{\"@id\":\"https:\\\/\\\/anoticiaonline.com.br\\\/site\\\/#organization\"}}]}\n\t\t<\/script>\n\t\t<!-- All in One SEO -->\n\n","aioseo_head_json":{"title":"Carnaval de S\u00e3o Francisco do Gl\u00f3ria ressurge em grande estilo - A Not\u00edcia Online","description":"Depois de um per\u00edodo de mais de oito anos sem realizar a festa, o carnaval de S\u00e3o Francisco do Gl\u00f3ria ressurgiu para alegria do povo da cidade e demais visitantes. A festa, que come\u00e7ou no s\u00e1bado (10) e terminou na ter\u00e7a-feira (13), contou com shows de bandas diversas e blocos que se apresentaram na Pra\u00e7a","canonical_url":"https:\/\/anoticiaonline.com.br\/site\/carnaval-de-sao-francisco-do-gloria-ressurge-em-grande-estilo\/","robots":"max-image-preview:large","keywords":"","webmasterTools":{"miscellaneous":""},"schema":{"@context":"https:\/\/schema.org","@graph":[{"@type":"BlogPosting","@id":"https:\/\/anoticiaonline.com.br\/site\/carnaval-de-sao-francisco-do-gloria-ressurge-em-grande-estilo\/#blogposting","name":"Carnaval de S\u00e3o Francisco do Gl\u00f3ria ressurge em grande estilo - A Not\u00edcia Online","headline":"Carnaval de S\u00e3o Francisco do Gl\u00f3ria ressurge em grande estilo","author":{"@id":"https:\/\/anoticiaonline.com.br\/site\/author\/juliana\/#author"},"publisher":{"@id":"https:\/\/anoticiaonline.com.br\/site\/#organization"},"image":{"@type":"ImageObject","url":"https:\/\/anoticiaonline.com.br\/site\/wp-content\/uploads\/2018\/02\/SFG-PROIBIDA-C\u00d3PIA-PARA-VEI\u00cdCULOS-DE-COMUNICA\u00c7\u00c3O-57.jpg","width":640,"height":314},"datePublished":"2018-02-15T21:19:05-03:00","dateModified":"2018-03-15T20:55:36-03:00","inLanguage":"pt-BR","mainEntityOfPage":{"@id":"https:\/\/anoticiaonline.com.br\/site\/carnaval-de-sao-francisco-do-gloria-ressurge-em-grande-estilo\/#webpage"},"isPartOf":{"@id":"https:\/\/anoticiaonline.com.br\/site\/carnaval-de-sao-francisco-do-gloria-ressurge-em-grande-estilo\/#webpage"},"articleSection":"Cultura, Regi\u00e3o, carnaval, Carnaval de S\u00e3o Francisco do Gl\u00f3ria, festa, MG, s\u00e3o francisco do gl\u00f3ria, Walace Pedrosa"},{"@type":"BreadcrumbList","@id":"https:\/\/anoticiaonline.com.br\/site\/carnaval-de-sao-francisco-do-gloria-ressurge-em-grande-estilo\/#breadcrumblist","itemListElement":[{"@type":"ListItem","@id":"https:\/\/anoticiaonline.com.br\/site#listItem","position":1,"name":"Home","item":"https:\/\/anoticiaonline.com.br\/site","nextItem":{"@type":"ListItem","@id":"https:\/\/anoticiaonline.com.br\/site\/categoria\/muriae\/#listItem","name":"Blog"}},{"@type":"ListItem","@id":"https:\/\/anoticiaonline.com.br\/site\/categoria\/muriae\/#listItem","position":2,"name":"Blog","item":"https:\/\/anoticiaonline.com.br\/site\/categoria\/muriae\/","nextItem":{"@type":"ListItem","@id":"https:\/\/anoticiaonline.com.br\/site\/categoria\/muriae\/cultura\/#listItem","name":"Cultura"},"previousItem":{"@type":"ListItem","@id":"https:\/\/anoticiaonline.com.br\/site#listItem","name":"Home"}},{"@type":"ListItem","@id":"https:\/\/anoticiaonline.com.br\/site\/categoria\/muriae\/cultura\/#listItem","position":3,"name":"Cultura","item":"https:\/\/anoticiaonline.com.br\/site\/categoria\/muriae\/cultura\/","nextItem":{"@type":"ListItem","@id":"https:\/\/anoticiaonline.com.br\/site\/carnaval-de-sao-francisco-do-gloria-ressurge-em-grande-estilo\/#listItem","name":"Carnaval de S\u00e3o Francisco do Gl\u00f3ria ressurge em grande estilo"},"previousItem":{"@type":"ListItem","@id":"https:\/\/anoticiaonline.com.br\/site\/categoria\/muriae\/#listItem","name":"Blog"}},{"@type":"ListItem","@id":"https:\/\/anoticiaonline.com.br\/site\/carnaval-de-sao-francisco-do-gloria-ressurge-em-grande-estilo\/#listItem","position":4,"name":"Carnaval de S\u00e3o Francisco do Gl\u00f3ria ressurge em grande estilo","previousItem":{"@type":"ListItem","@id":"https:\/\/anoticiaonline.com.br\/site\/categoria\/muriae\/cultura\/#listItem","name":"Cultura"}}]},{"@type":"Organization","@id":"https:\/\/anoticiaonline.com.br\/site\/#organization","name":"A Not\u00edcia Online","description":"Noticias de Muria\u00e9 e regi\u00e3o","url":"https:\/\/anoticiaonline.com.br\/site\/","logo":{"@type":"ImageObject","url":"https:\/\/scontent-gig4-1.xx.fbcdn.net\/v\/t39.30808-1\/270437624_4564083193639691_6907940295614233970_n.jpg?stp=dst-jpg_s200x200_tt6&_nc_cat=111&ccb=1-7&_nc_sid=f907e8&_nc_ohc=SM1wRlP3lJwQ7kNvwEPuBYA&_nc_oc=AdnqrjDN_BNjSSHWO-GbkIWH6fkGMLw4bqvL_NH6e2wMveX7G-rP2dAqsDSq1mJMOaY&_nc_zt=24&_nc_ht=scontent-gig4-1.xx&_nc_gid=AoBFJeGrT1hVaew_6rchkQ&oh=00_AfX7QmFGhQhG2jAllVgXCiM1ZrWgvtp80-Bfppyexh1QEg&oe=689E923C","@id":"https:\/\/anoticiaonline.com.br\/site\/carnaval-de-sao-francisco-do-gloria-ressurge-em-grande-estilo\/#organizationLogo"},"image":{"@id":"https:\/\/anoticiaonline.com.br\/site\/carnaval-de-sao-francisco-do-gloria-ressurge-em-grande-estilo\/#organizationLogo"}},{"@type":"Person","@id":"https:\/\/anoticiaonline.com.br\/site\/author\/juliana\/#author","url":"https:\/\/anoticiaonline.com.br\/site\/author\/juliana\/","name":"Juliana Laviola","image":{"@type":"ImageObject","@id":"https:\/\/anoticiaonline.com.br\/site\/carnaval-de-sao-francisco-do-gloria-ressurge-em-grande-estilo\/#authorImage","url":"https:\/\/secure.gravatar.com\/avatar\/b8d45f5c699b100dfaf0e543582f38f38bf94cb7ae3a5e9abf8d891a34773335?s=96&d=mm&r=g","width":96,"height":96,"caption":"Juliana Laviola"}},{"@type":"WebPage","@id":"https:\/\/anoticiaonline.com.br\/site\/carnaval-de-sao-francisco-do-gloria-ressurge-em-grande-estilo\/#webpage","url":"https:\/\/anoticiaonline.com.br\/site\/carnaval-de-sao-francisco-do-gloria-ressurge-em-grande-estilo\/","name":"Carnaval de S\u00e3o Francisco do Gl\u00f3ria ressurge em grande estilo - A Not\u00edcia Online","description":"Depois de um per\u00edodo de mais de oito anos sem realizar a festa, o carnaval de S\u00e3o Francisco do Gl\u00f3ria ressurgiu para alegria do povo da cidade e demais visitantes. A festa, que come\u00e7ou no s\u00e1bado (10) e terminou na ter\u00e7a-feira (13), contou com shows de bandas diversas e blocos que se apresentaram na Pra\u00e7a","inLanguage":"pt-BR","isPartOf":{"@id":"https:\/\/anoticiaonline.com.br\/site\/#website"},"breadcrumb":{"@id":"https:\/\/anoticiaonline.com.br\/site\/carnaval-de-sao-francisco-do-gloria-ressurge-em-grande-estilo\/#breadcrumblist"},"author":{"@id":"https:\/\/anoticiaonline.com.br\/site\/author\/juliana\/#author"},"creator":{"@id":"https:\/\/anoticiaonline.com.br\/site\/author\/juliana\/#author"},"image":{"@type":"ImageObject","url":"https:\/\/anoticiaonline.com.br\/site\/wp-content\/uploads\/2018\/02\/SFG-PROIBIDA-C\u00d3PIA-PARA-VEI\u00cdCULOS-DE-COMUNICA\u00c7\u00c3O-57.jpg","@id":"https:\/\/anoticiaonline.com.br\/site\/carnaval-de-sao-francisco-do-gloria-ressurge-em-grande-estilo\/#mainImage","width":640,"height":314},"primaryImageOfPage":{"@id":"https:\/\/anoticiaonline.com.br\/site\/carnaval-de-sao-francisco-do-gloria-ressurge-em-grande-estilo\/#mainImage"},"datePublished":"2018-02-15T21:19:05-03:00","dateModified":"2018-03-15T20:55:36-03:00"},{"@type":"WebSite","@id":"https:\/\/anoticiaonline.com.br\/site\/#website","url":"https:\/\/anoticiaonline.com.br\/site\/","name":"A Not\u00edcia Online","description":"Noticias de Muria\u00e9 e regi\u00e3o","inLanguage":"pt-BR","publisher":{"@id":"https:\/\/anoticiaonline.com.br\/site\/#organization"}}]},"og:locale":"pt_BR","og:site_name":"A Not\u00edcia Online - Noticias de Muria\u00e9 e regi\u00e3o","og:type":"article","og:title":"Carnaval de S\u00e3o Francisco do Gl\u00f3ria ressurge em grande estilo - A Not\u00edcia Online","og:description":"Depois de um per\u00edodo de mais de oito anos sem realizar a festa, o carnaval de S\u00e3o Francisco do Gl\u00f3ria ressurgiu para alegria do povo da cidade e demais visitantes. A festa, que come\u00e7ou no s\u00e1bado (10) e terminou na ter\u00e7a-feira (13), contou com shows de bandas diversas e blocos que se apresentaram na Pra\u00e7a","og:url":"https:\/\/anoticiaonline.com.br\/site\/carnaval-de-sao-francisco-do-gloria-ressurge-em-grande-estilo\/","og:image":"https:\/\/scontent-gig4-1.xx.fbcdn.net\/v\/t39.30808-1\/270437624_4564083193639691_6907940295614233970_n.jpg?stp=dst-jpg_s200x200_tt6&#038;_nc_cat=111&#038;ccb=1-7&#038;_nc_sid=f907e8&#038;_nc_ohc=SM1wRlP3lJwQ7kNvwEPuBYA&#038;_nc_oc=AdnqrjDN_BNjSSHWO-GbkIWH6fkGMLw4bqvL_NH6e2wMveX7G-rP2dAqsDSq1mJMOaY&#038;_nc_zt=24&#038;_nc_ht=scontent-gig4-1.xx&#038;_nc_gid=AoBFJeGrT1hVaew_6rchkQ&#038;oh=00_AfX7QmFGhQhG2jAllVgXCiM1ZrWgvtp80-Bfppyexh1QEg&#038;oe=689E923C","og:image:secure_url":"https:\/\/scontent-gig4-1.xx.fbcdn.net\/v\/t39.30808-1\/270437624_4564083193639691_6907940295614233970_n.jpg?stp=dst-jpg_s200x200_tt6&#038;_nc_cat=111&#038;ccb=1-7&#038;_nc_sid=f907e8&#038;_nc_ohc=SM1wRlP3lJwQ7kNvwEPuBYA&#038;_nc_oc=AdnqrjDN_BNjSSHWO-GbkIWH6fkGMLw4bqvL_NH6e2wMveX7G-rP2dAqsDSq1mJMOaY&#038;_nc_zt=24&#038;_nc_ht=scontent-gig4-1.xx&#038;_nc_gid=AoBFJeGrT1hVaew_6rchkQ&#038;oh=00_AfX7QmFGhQhG2jAllVgXCiM1ZrWgvtp80-Bfppyexh1QEg&#038;oe=689E923C","article:published_time":"2018-02-16T00:19:05+00:00","article:modified_time":"2018-03-15T23:55:36+00:00","twitter:card":"summary_large_image","twitter:title":"Carnaval de S\u00e3o Francisco do Gl\u00f3ria ressurge em grande estilo - A Not\u00edcia Online","twitter:description":"Depois de um per\u00edodo de mais de oito anos sem realizar a festa, o carnaval de S\u00e3o Francisco do Gl\u00f3ria ressurgiu para alegria do povo da cidade e demais visitantes. A festa, que come\u00e7ou no s\u00e1bado (10) e terminou na ter\u00e7a-feira (13), contou com shows de bandas diversas e blocos que se apresentaram na Pra\u00e7a","twitter:image":"https:\/\/scontent-gig4-1.xx.fbcdn.net\/v\/t39.30808-1\/270437624_4564083193639691_6907940295614233970_n.jpg?stp=dst-jpg_s200x200_tt6&_nc_cat=111&ccb=1-7&_nc_sid=f907e8&_nc_ohc=SM1wRlP3lJwQ7kNvwEPuBYA&_nc_oc=AdnqrjDN_BNjSSHWO-GbkIWH6fkGMLw4bqvL_NH6e2wMveX7G-rP2dAqsDSq1mJMOaY&_nc_zt=24&_nc_ht=scontent-gig4-1.xx&_nc_gid=AoBFJeGrT1hVaew_6rchkQ&oh=00_AfX7QmFGhQhG2jAllVgXCiM1ZrWgvtp80-Bfppyexh1QEg&oe=689E923C"},"aioseo_meta_data":{"post_id":"49906","title":null,"description":null,"keywords":null,"keyphrases":null,"primary_term":null,"canonical_url":null,"og_title":null,"og_description":null,"og_object_type":"default","og_image_type":"default","og_image_url":null,"og_image_width":null,"og_image_height":null,"og_image_custom_url":null,"og_image_custom_fields":null,"og_video":null,"og_custom_url":null,"og_article_section":null,"og_article_tags":null,"twitter_use_og":false,"twitter_card":"default","twitter_image_type":"default","twitter_image_url":null,"twitter_image_custom_url":null,"twitter_image_custom_fields":null,"twitter_title":null,"twitter_description":null,"schema":{"blockGraphs":[],"customGraphs":[],"default":{"data":{"Article":[],"Course":[],"Dataset":[],"FAQPage":[],"Movie":[],"Person":[],"Product":[],"ProductReview":[],"Car":[],"Recipe":[],"Service":[],"SoftwareApplication":[],"WebPage":[]},"graphName":"","isEnabled":true},"graphs":[]},"schema_type":"default","schema_type_options":null,"pillar_content":false,"robots_default":true,"robots_noindex":false,"robots_noarchive":false,"robots_nosnippet":false,"robots_nofollow":false,"robots_noimageindex":false,"robots_noodp":false,"robots_notranslate":false,"robots_max_snippet":null,"robots_max_videopreview":null,"robots_max_imagepreview":"large","priority":null,"frequency":null,"local_seo":null,"breadcrumb_settings":null,"limit_modified_date":false,"ai":null,"created":"2025-08-16 20:19:24","updated":"2025-08-16 20:19:24","focus_keyword":null,"additional_keywords":null,"truseo_locale":null,"seo_analyzer_scan_date":null},"aioseo_breadcrumb":"<div class=\"aioseo-breadcrumbs\"><span class=\"aioseo-breadcrumb\">\n\t\t\t<a href=\"https:\/\/anoticiaonline.com.br\/site\" title=\"Home\">Home<\/a>\n\t\t<\/span><span class=\"aioseo-breadcrumb-separator\">&raquo;<\/span><span class=\"aioseo-breadcrumb\">\n\t\t\t<a href=\"https:\/\/anoticiaonline.com.br\/site\/categoria\/muriae\/\" title=\"Blog\">Blog<\/a>\n\t\t<\/span><span class=\"aioseo-breadcrumb-separator\">&raquo;<\/span><span class=\"aioseo-breadcrumb\">\n\t\t\t<a href=\"https:\/\/anoticiaonline.com.br\/site\/categoria\/muriae\/cultura\/\" title=\"Cultura\">Cultura<\/a>\n\t\t<\/span><span class=\"aioseo-breadcrumb-separator\">&raquo;<\/span><span class=\"aioseo-breadcrumb\">\n\t\t\tCarnaval de S\u00e3o Francisco do Gl\u00f3ria ressurge em grande estilo\n\t\t<\/span><\/div>","aioseo_breadcrumb_json":[{"label":"Home","link":"https:\/\/anoticiaonline.com.br\/site"},{"label":"Blog","link":"https:\/\/anoticiaonline.com.br\/site\/categoria\/muriae\/"},{"label":"Cultura","link":"https:\/\/anoticiaonline.com.br\/site\/categoria\/muriae\/cultura\/"},{"label":"Carnaval de S\u00e3o Francisco do Gl\u00f3ria ressurge em grande estilo","link":"https:\/\/anoticiaonline.com.br\/site\/carnaval-de-sao-francisco-do-gloria-ressurge-em-grande-estilo\/"}],"views":130,"_links":{"self":[{"href":"https:\/\/anoticiaonline.com.br\/site\/wp-json\/wp\/v2\/posts\/49906","targetHints":{"allow":["GET"]}}],"collection":[{"href":"https:\/\/anoticiaonline.com.br\/site\/wp-json\/wp\/v2\/posts"}],"about":[{"href":"https:\/\/anoticiaonline.com.br\/site\/wp-json\/wp\/v2\/types\/post"}],"author":[{"embeddable":true,"href":"https:\/\/anoticiaonline.com.br\/site\/wp-json\/wp\/v2\/users\/2"}],"replies":[{"embeddable":true,"href":"https:\/\/anoticiaonline.com.br\/site\/wp-json\/wp\/v2\/comments?post=49906"}],"version-history":[{"count":0,"href":"https:\/\/anoticiaonline.com.br\/site\/wp-json\/wp\/v2\/posts\/49906\/revisions"}],"wp:featuredmedia":[{"embeddable":true,"href":"https:\/\/anoticiaonline.com.br\/site\/wp-json\/wp\/v2\/media\/49910"}],"wp:attachment":[{"href":"https:\/\/anoticiaonline.com.br\/site\/wp-json\/wp\/v2\/media?parent=49906"}],"wp:term":[{"taxonomy":"category","embeddable":true,"href":"https:\/\/anoticiaonline.com.br\/site\/wp-json\/wp\/v2\/categories?post=49906"},{"taxonomy":"post_tag","embeddable":true,"href":"https:\/\/anoticiaonline.com.br\/site\/wp-json\/wp\/v2\/tags?post=49906"}],"curies":[{"name":"wp","href":"https:\/\/api.w.org\/{rel}","templated":true}]}}