{"id":49835,"date":"2018-02-15T20:02:39","date_gmt":"2018-02-15T23:02:39","guid":{"rendered":"http:\/\/anoticiaonline.com.br\/site\/?p=49835"},"modified":"2018-02-15T20:02:54","modified_gmt":"2018-02-15T23:02:54","slug":"numero-de-mortos-em-estradas-federais-cai-31-durante-o-carnaval-de-2018-diz-prf","status":"publish","type":"post","link":"https:\/\/anoticiaonline.com.br\/site\/numero-de-mortos-em-estradas-federais-cai-31-durante-o-carnaval-de-2018-diz-prf\/","title":{"rendered":"N\u00famero de mortos em estradas federais cai 31% durante o carnaval de 2018, diz PRF"},"content":{"rendered":"<p>Pol\u00edcia Rodovi\u00e1ria Federal informou nesta quinta-feira (15) que o carnaval de 2018 foi o menos violento dos \u00faltimos 4 anos. De acordo com o \u00f3rg\u00e3o, 103 pessoas morreram por causa de acidentes em estradas federais entre as \u00faltimas sexta (9) e quarta (14), n\u00famero 31% menor em rela\u00e7\u00e3o ao carnaval de 2017, quando aconteceram 150 mortes.<\/p>\n<p>Segundo a PRF, tamb\u00e9m caiu o n\u00famero de acidentes e feridos.<\/p>\n<p><strong>Veja mais dados:<\/strong><\/p>\n<p>Acidentes graves, aqueles com v\u00edtimas graves ou mortes, ca\u00edram 16%<\/p>\n<p>N\u00famero total de acidentes ficou 14% menor<\/p>\n<p>Foram 1.524 feridos, 15% a menos que o ano passado<\/p>\n<p>Ultrapassagens irregulares ca\u00edram 15%<\/p>\n<p>Foram 25% menos autua\u00e7\u00f5es por falta do uso de cinto de seguran\u00e7a, 20% menos condutores flagrados sob efeito de \u00e1lcool, menos 14% de autua\u00e7\u00f5es por falta de capacete, al\u00e9m de queda de 24% nas multas pelo n\u00e3o uso de cadeirinhas por crian\u00e7as quando obrigat\u00f3rio.<\/p>\n<p>Foram utilizados durante a opera\u00e7\u00e3o de carnaval 260 aparelhos de radar port\u00e1til, 1.941 etil\u00f4metros (baf\u00f4metros), mais de 560 motociclistas e mais de 1.700 viaturas.<\/p>\n<p><strong>Veja mais dados sobre a fiscaliza\u00e7\u00e3o:<\/strong><\/p>\n<p>185.612 pessoas fiscalizadas<\/p>\n<p>176.486 ve\u00edculos fiscalizados<\/p>\n<p>55.470 testes de baf\u00f4metro<\/p>\n<p>1.610 autua\u00e7\u00f5es por embriaguez ao volante com 172 detidos<\/p>\n<p>N\u00famero de detidos 24% menor<\/p>\n<p>4.517 ve\u00edculos autuados por falta do uso de cinto de seguran\u00e7a por condutor ou passageiro<\/p>\n<p>690 multas por falta de uso de capacete<\/p>\n<p>718 flagrantes de n\u00e3o uso da cadeirinha infantil<\/p>\n<p>De acordo com a PRF, foram refor\u00e7adas as equipes especialmente nos estados da Bahia, Minas Gerais e Santa Catarina, que registraram maior incid\u00eancia de acidentes graves nos carnavais dos \u00faltimos cinco anos, representando 30% das mortes no Carnaval de 2017.<\/p>\n<p><a href=\"https:\/\/anoticiaonline.com.br\/site\/wp-content\/uploads\/2018\/02\/N\u00famero-de-mortos-em-estradas-federais-cai-31-durante-o-carnaval-de-2018-diz-PRF.jpg\"><img fetchpriority=\"high\" decoding=\"async\" class=\"alignnone size-full wp-image-49869\" src=\"https:\/\/anoticiaonline.com.br\/site\/wp-content\/uploads\/2018\/02\/N\u00famero-de-mortos-em-estradas-federais-cai-31-durante-o-carnaval-de-2018-diz-PRF.jpg\" alt=\"\" width=\"640\" height=\"427\" srcset=\"https:\/\/anoticiaonline.com.br\/site\/wp-content\/uploads\/2018\/02\/N\u00famero-de-mortos-em-estradas-federais-cai-31-durante-o-carnaval-de-2018-diz-PRF.jpg 640w, https:\/\/anoticiaonline.com.br\/site\/wp-content\/uploads\/2018\/02\/N\u00famero-de-mortos-em-estradas-federais-cai-31-durante-o-carnaval-de-2018-diz-PRF-300x200.jpg 300w\" sizes=\"(max-width: 640px) 100vw, 640px\" \/><\/a><\/p>\n<p>Fonte: g1.com<\/p>\n","protected":false},"excerpt":{"rendered":"<p>Pol\u00edcia Rodovi\u00e1ria Federal informou nesta quinta-feira (15) que o carnaval de 2018 foi o menos violento dos \u00faltimos 4 anos. De acordo com o \u00f3rg\u00e3o, 103 pessoas morreram por causa de acidentes em estradas federais entre as \u00faltimas sexta (9) e quarta (14), n\u00famero 31% menor em rela\u00e7\u00e3o ao carnaval de 2017, quando aconteceram 150 &#8230; <a title=\"N\u00famero de mortos em estradas federais cai 31% durante o carnaval de 2018, diz PRF\" class=\"read-more\" href=\"https:\/\/anoticiaonline.com.br\/site\/numero-de-mortos-em-estradas-federais-cai-31-durante-o-carnaval-de-2018-diz-prf\/\" aria-label=\"Read more about N\u00famero de mortos em estradas federais cai 31% durante o carnaval de 2018, diz PRF\">Ler mais<\/a><\/p>\n","protected":false},"author":2,"featured_media":49869,"comment_status":"open","ping_status":"open","sticky":false,"template":"","format":"standard","meta":{"_acf_changed":false,"_monsterinsights_skip_tracking":false,"footnotes":""},"categories":[1],"tags":[1980,1921,1979,1981,1982],"class_list":["post-49835","post","type-post","status-publish","format-standard","has-post-thumbnail","hentry","category-gerais","tag-acidentes","tag-carnaval","tag-estradas","tag-fiscalizacao","tag-policia-rodoviaria-federal"],"acf":[],"aioseo_notices":[],"aioseo_head":"\n\t\t<!-- All in One SEO 5.0.0.1 - aioseo.com -->\n\t<meta name=\"description\" content=\"Pol\u00edcia Rodovi\u00e1ria Federal informou nesta quinta-feira (15) que o carnaval de 2018 foi o menos violento dos \u00faltimos 4 anos. De acordo com o \u00f3rg\u00e3o, 103 pessoas morreram por causa de acidentes em estradas federais entre as \u00faltimas sexta (9) e quarta (14), n\u00famero 31% menor em rela\u00e7\u00e3o ao carnaval de 2017, quando aconteceram 150\" \/>\n\t<meta name=\"robots\" content=\"max-image-preview:large\" \/>\n\t<meta name=\"author\" content=\"Juliana Laviola\"\/>\n\t<link rel=\"canonical\" href=\"https:\/\/anoticiaonline.com.br\/site\/numero-de-mortos-em-estradas-federais-cai-31-durante-o-carnaval-de-2018-diz-prf\/\" \/>\n\t<meta name=\"generator\" content=\"All in One SEO (AIOSEO) 5.0.0.1\" \/>\n\t\t<meta property=\"og:locale\" content=\"pt_BR\" \/>\n\t\t<meta property=\"og:site_name\" content=\"A Not\u00edcia Online - Noticias de Muria\u00e9 e regi\u00e3o\" \/>\n\t\t<meta property=\"og:type\" content=\"article\" \/>\n\t\t<meta property=\"og:title\" content=\"N\u00famero de mortos em estradas federais cai 31% durante o carnaval de 2018, diz PRF - A Not\u00edcia Online\" \/>\n\t\t<meta property=\"og:description\" content=\"Pol\u00edcia Rodovi\u00e1ria Federal informou nesta quinta-feira (15) que o carnaval de 2018 foi o menos violento dos \u00faltimos 4 anos. De acordo com o \u00f3rg\u00e3o, 103 pessoas morreram por causa de acidentes em estradas federais entre as \u00faltimas sexta (9) e quarta (14), n\u00famero 31% menor em rela\u00e7\u00e3o ao carnaval de 2017, quando aconteceram 150\" \/>\n\t\t<meta property=\"og:url\" content=\"https:\/\/anoticiaonline.com.br\/site\/numero-de-mortos-em-estradas-federais-cai-31-durante-o-carnaval-de-2018-diz-prf\/\" \/>\n\t\t<meta property=\"og:image\" content=\"https:\/\/scontent-gig4-1.xx.fbcdn.net\/v\/t39.30808-1\/270437624_4564083193639691_6907940295614233970_n.jpg?stp=dst-jpg_s200x200_tt6&#038;_nc_cat=111&#038;ccb=1-7&#038;_nc_sid=f907e8&#038;_nc_ohc=SM1wRlP3lJwQ7kNvwEPuBYA&#038;_nc_oc=AdnqrjDN_BNjSSHWO-GbkIWH6fkGMLw4bqvL_NH6e2wMveX7G-rP2dAqsDSq1mJMOaY&#038;_nc_zt=24&#038;_nc_ht=scontent-gig4-1.xx&#038;_nc_gid=AoBFJeGrT1hVaew_6rchkQ&#038;oh=00_AfX7QmFGhQhG2jAllVgXCiM1ZrWgvtp80-Bfppyexh1QEg&#038;oe=689E923C\" \/>\n\t\t<meta property=\"og:image:secure_url\" content=\"https:\/\/scontent-gig4-1.xx.fbcdn.net\/v\/t39.30808-1\/270437624_4564083193639691_6907940295614233970_n.jpg?stp=dst-jpg_s200x200_tt6&#038;_nc_cat=111&#038;ccb=1-7&#038;_nc_sid=f907e8&#038;_nc_ohc=SM1wRlP3lJwQ7kNvwEPuBYA&#038;_nc_oc=AdnqrjDN_BNjSSHWO-GbkIWH6fkGMLw4bqvL_NH6e2wMveX7G-rP2dAqsDSq1mJMOaY&#038;_nc_zt=24&#038;_nc_ht=scontent-gig4-1.xx&#038;_nc_gid=AoBFJeGrT1hVaew_6rchkQ&#038;oh=00_AfX7QmFGhQhG2jAllVgXCiM1ZrWgvtp80-Bfppyexh1QEg&#038;oe=689E923C\" \/>\n\t\t<meta property=\"article:published_time\" content=\"2018-02-15T23:02:39+00:00\" \/>\n\t\t<meta property=\"article:modified_time\" content=\"2018-02-15T23:02:54+00:00\" \/>\n\t\t<meta name=\"twitter:card\" content=\"summary_large_image\" \/>\n\t\t<meta name=\"twitter:title\" content=\"N\u00famero de mortos em estradas federais cai 31% durante o carnaval de 2018, diz PRF - A Not\u00edcia Online\" \/>\n\t\t<meta name=\"twitter:description\" content=\"Pol\u00edcia Rodovi\u00e1ria Federal informou nesta quinta-feira (15) que o carnaval de 2018 foi o menos violento dos \u00faltimos 4 anos. De acordo com o \u00f3rg\u00e3o, 103 pessoas morreram por causa de acidentes em estradas federais entre as \u00faltimas sexta (9) e quarta (14), n\u00famero 31% menor em rela\u00e7\u00e3o ao carnaval de 2017, quando aconteceram 150\" \/>\n\t\t<meta name=\"twitter:image\" content=\"https:\/\/scontent-gig4-1.xx.fbcdn.net\/v\/t39.30808-1\/270437624_4564083193639691_6907940295614233970_n.jpg?stp=dst-jpg_s200x200_tt6&amp;_nc_cat=111&amp;ccb=1-7&amp;_nc_sid=f907e8&amp;_nc_ohc=SM1wRlP3lJwQ7kNvwEPuBYA&amp;_nc_oc=AdnqrjDN_BNjSSHWO-GbkIWH6fkGMLw4bqvL_NH6e2wMveX7G-rP2dAqsDSq1mJMOaY&amp;_nc_zt=24&amp;_nc_ht=scontent-gig4-1.xx&amp;_nc_gid=AoBFJeGrT1hVaew_6rchkQ&amp;oh=00_AfX7QmFGhQhG2jAllVgXCiM1ZrWgvtp80-Bfppyexh1QEg&amp;oe=689E923C\" \/>\n\t\t<script type=\"application\/ld+json\" class=\"aioseo-schema\">\n\t\t\t{\"@context\":\"https:\\\/\\\/schema.org\",\"@graph\":[{\"@type\":\"BlogPosting\",\"@id\":\"https:\\\/\\\/anoticiaonline.com.br\\\/site\\\/numero-de-mortos-em-estradas-federais-cai-31-durante-o-carnaval-de-2018-diz-prf\\\/#blogposting\",\"name\":\"N\\u00famero de mortos em estradas federais cai 31% durante o carnaval de 2018, diz PRF - A Not\\u00edcia Online\",\"headline\":\"N\\u00famero de mortos em estradas federais cai 31% durante o carnaval de 2018, diz PRF\",\"author\":{\"@id\":\"https:\\\/\\\/anoticiaonline.com.br\\\/site\\\/author\\\/juliana\\\/#author\"},\"publisher\":{\"@id\":\"https:\\\/\\\/anoticiaonline.com.br\\\/site\\\/#organization\"},\"image\":{\"@type\":\"ImageObject\",\"url\":\"https:\\\/\\\/anoticiaonline.com.br\\\/site\\\/wp-content\\\/uploads\\\/2018\\\/02\\\/N\\u00famero-de-mortos-em-estradas-federais-cai-31-durante-o-carnaval-de-2018-diz-PRF.jpg\",\"width\":640,\"height\":427},\"datePublished\":\"2018-02-15T20:02:39-03:00\",\"dateModified\":\"2018-02-15T20:02:54-03:00\",\"inLanguage\":\"pt-BR\",\"mainEntityOfPage\":{\"@id\":\"https:\\\/\\\/anoticiaonline.com.br\\\/site\\\/numero-de-mortos-em-estradas-federais-cai-31-durante-o-carnaval-de-2018-diz-prf\\\/#webpage\"},\"isPartOf\":{\"@id\":\"https:\\\/\\\/anoticiaonline.com.br\\\/site\\\/numero-de-mortos-em-estradas-federais-cai-31-durante-o-carnaval-de-2018-diz-prf\\\/#webpage\"},\"articleSection\":\"Gerais, acidentes, carnaval, estradas, fiscaliza\\u00e7\\u00e3o, pol\\u00edcia rodovi\\u00e1ria federal\"},{\"@type\":\"BreadcrumbList\",\"@id\":\"https:\\\/\\\/anoticiaonline.com.br\\\/site\\\/numero-de-mortos-em-estradas-federais-cai-31-durante-o-carnaval-de-2018-diz-prf\\\/#breadcrumblist\",\"itemListElement\":[{\"@type\":\"ListItem\",\"@id\":\"https:\\\/\\\/anoticiaonline.com.br\\\/site#listItem\",\"position\":1,\"name\":\"Home\",\"item\":\"https:\\\/\\\/anoticiaonline.com.br\\\/site\",\"nextItem\":{\"@type\":\"ListItem\",\"@id\":\"https:\\\/\\\/anoticiaonline.com.br\\\/site\\\/categoria\\\/gerais\\\/#listItem\",\"name\":\"Gerais\"}},{\"@type\":\"ListItem\",\"@id\":\"https:\\\/\\\/anoticiaonline.com.br\\\/site\\\/categoria\\\/gerais\\\/#listItem\",\"position\":2,\"name\":\"Gerais\",\"item\":\"https:\\\/\\\/anoticiaonline.com.br\\\/site\\\/categoria\\\/gerais\\\/\",\"nextItem\":{\"@type\":\"ListItem\",\"@id\":\"https:\\\/\\\/anoticiaonline.com.br\\\/site\\\/numero-de-mortos-em-estradas-federais-cai-31-durante-o-carnaval-de-2018-diz-prf\\\/#listItem\",\"name\":\"N\\u00famero de mortos em estradas federais cai 31% durante o carnaval de 2018, diz PRF\"},\"previousItem\":{\"@type\":\"ListItem\",\"@id\":\"https:\\\/\\\/anoticiaonline.com.br\\\/site#listItem\",\"name\":\"Home\"}},{\"@type\":\"ListItem\",\"@id\":\"https:\\\/\\\/anoticiaonline.com.br\\\/site\\\/numero-de-mortos-em-estradas-federais-cai-31-durante-o-carnaval-de-2018-diz-prf\\\/#listItem\",\"position\":3,\"name\":\"N\\u00famero de mortos em estradas federais cai 31% durante o carnaval de 2018, diz PRF\",\"previousItem\":{\"@type\":\"ListItem\",\"@id\":\"https:\\\/\\\/anoticiaonline.com.br\\\/site\\\/categoria\\\/gerais\\\/#listItem\",\"name\":\"Gerais\"}}]},{\"@type\":\"Organization\",\"@id\":\"https:\\\/\\\/anoticiaonline.com.br\\\/site\\\/#organization\",\"name\":\"A Not\\u00edcia Online\",\"description\":\"Noticias de Muria\\u00e9 e regi\\u00e3o\",\"url\":\"https:\\\/\\\/anoticiaonline.com.br\\\/site\\\/\",\"logo\":{\"@type\":\"ImageObject\",\"url\":\"https:\\\/\\\/scontent-gig4-1.xx.fbcdn.net\\\/v\\\/t39.30808-1\\\/270437624_4564083193639691_6907940295614233970_n.jpg?stp=dst-jpg_s200x200_tt6&_nc_cat=111&ccb=1-7&_nc_sid=f907e8&_nc_ohc=SM1wRlP3lJwQ7kNvwEPuBYA&_nc_oc=AdnqrjDN_BNjSSHWO-GbkIWH6fkGMLw4bqvL_NH6e2wMveX7G-rP2dAqsDSq1mJMOaY&_nc_zt=24&_nc_ht=scontent-gig4-1.xx&_nc_gid=AoBFJeGrT1hVaew_6rchkQ&oh=00_AfX7QmFGhQhG2jAllVgXCiM1ZrWgvtp80-Bfppyexh1QEg&oe=689E923C\",\"@id\":\"https:\\\/\\\/anoticiaonline.com.br\\\/site\\\/numero-de-mortos-em-estradas-federais-cai-31-durante-o-carnaval-de-2018-diz-prf\\\/#organizationLogo\"},\"image\":{\"@id\":\"https:\\\/\\\/anoticiaonline.com.br\\\/site\\\/numero-de-mortos-em-estradas-federais-cai-31-durante-o-carnaval-de-2018-diz-prf\\\/#organizationLogo\"}},{\"@type\":\"Person\",\"@id\":\"https:\\\/\\\/anoticiaonline.com.br\\\/site\\\/author\\\/juliana\\\/#author\",\"url\":\"https:\\\/\\\/anoticiaonline.com.br\\\/site\\\/author\\\/juliana\\\/\",\"name\":\"Juliana Laviola\",\"image\":{\"@type\":\"ImageObject\",\"@id\":\"https:\\\/\\\/anoticiaonline.com.br\\\/site\\\/numero-de-mortos-em-estradas-federais-cai-31-durante-o-carnaval-de-2018-diz-prf\\\/#authorImage\",\"url\":\"https:\\\/\\\/secure.gravatar.com\\\/avatar\\\/b8d45f5c699b100dfaf0e543582f38f38bf94cb7ae3a5e9abf8d891a34773335?s=96&d=mm&r=g\",\"width\":96,\"height\":96,\"caption\":\"Juliana Laviola\"}},{\"@type\":\"WebPage\",\"@id\":\"https:\\\/\\\/anoticiaonline.com.br\\\/site\\\/numero-de-mortos-em-estradas-federais-cai-31-durante-o-carnaval-de-2018-diz-prf\\\/#webpage\",\"url\":\"https:\\\/\\\/anoticiaonline.com.br\\\/site\\\/numero-de-mortos-em-estradas-federais-cai-31-durante-o-carnaval-de-2018-diz-prf\\\/\",\"name\":\"N\\u00famero de mortos em estradas federais cai 31% durante o carnaval de 2018, diz PRF - A Not\\u00edcia Online\",\"description\":\"Pol\\u00edcia Rodovi\\u00e1ria Federal informou nesta quinta-feira (15) que o carnaval de 2018 foi o menos violento dos \\u00faltimos 4 anos. De acordo com o \\u00f3rg\\u00e3o, 103 pessoas morreram por causa de acidentes em estradas federais entre as \\u00faltimas sexta (9) e quarta (14), n\\u00famero 31% menor em rela\\u00e7\\u00e3o ao carnaval de 2017, quando aconteceram 150\",\"inLanguage\":\"pt-BR\",\"isPartOf\":{\"@id\":\"https:\\\/\\\/anoticiaonline.com.br\\\/site\\\/#website\"},\"breadcrumb\":{\"@id\":\"https:\\\/\\\/anoticiaonline.com.br\\\/site\\\/numero-de-mortos-em-estradas-federais-cai-31-durante-o-carnaval-de-2018-diz-prf\\\/#breadcrumblist\"},\"author\":{\"@id\":\"https:\\\/\\\/anoticiaonline.com.br\\\/site\\\/author\\\/juliana\\\/#author\"},\"creator\":{\"@id\":\"https:\\\/\\\/anoticiaonline.com.br\\\/site\\\/author\\\/juliana\\\/#author\"},\"image\":{\"@type\":\"ImageObject\",\"url\":\"https:\\\/\\\/anoticiaonline.com.br\\\/site\\\/wp-content\\\/uploads\\\/2018\\\/02\\\/N\\u00famero-de-mortos-em-estradas-federais-cai-31-durante-o-carnaval-de-2018-diz-PRF.jpg\",\"@id\":\"https:\\\/\\\/anoticiaonline.com.br\\\/site\\\/numero-de-mortos-em-estradas-federais-cai-31-durante-o-carnaval-de-2018-diz-prf\\\/#mainImage\",\"width\":640,\"height\":427},\"primaryImageOfPage\":{\"@id\":\"https:\\\/\\\/anoticiaonline.com.br\\\/site\\\/numero-de-mortos-em-estradas-federais-cai-31-durante-o-carnaval-de-2018-diz-prf\\\/#mainImage\"},\"datePublished\":\"2018-02-15T20:02:39-03:00\",\"dateModified\":\"2018-02-15T20:02:54-03:00\"},{\"@type\":\"WebSite\",\"@id\":\"https:\\\/\\\/anoticiaonline.com.br\\\/site\\\/#website\",\"url\":\"https:\\\/\\\/anoticiaonline.com.br\\\/site\\\/\",\"name\":\"A Not\\u00edcia Online\",\"description\":\"Noticias de Muria\\u00e9 e regi\\u00e3o\",\"inLanguage\":\"pt-BR\",\"publisher\":{\"@id\":\"https:\\\/\\\/anoticiaonline.com.br\\\/site\\\/#organization\"}}]}\n\t\t<\/script>\n\t\t<!-- All in One SEO -->\n\n","aioseo_head_json":{"title":"N\u00famero de mortos em estradas federais cai 31% durante o carnaval de 2018, diz PRF - A Not\u00edcia Online","description":"Pol\u00edcia Rodovi\u00e1ria Federal informou nesta quinta-feira (15) que o carnaval de 2018 foi o menos violento dos \u00faltimos 4 anos. De acordo com o \u00f3rg\u00e3o, 103 pessoas morreram por causa de acidentes em estradas federais entre as \u00faltimas sexta (9) e quarta (14), n\u00famero 31% menor em rela\u00e7\u00e3o ao carnaval de 2017, quando aconteceram 150","canonical_url":"https:\/\/anoticiaonline.com.br\/site\/numero-de-mortos-em-estradas-federais-cai-31-durante-o-carnaval-de-2018-diz-prf\/","robots":"max-image-preview:large","keywords":"","webmasterTools":{"miscellaneous":""},"schema":{"@context":"https:\/\/schema.org","@graph":[{"@type":"BlogPosting","@id":"https:\/\/anoticiaonline.com.br\/site\/numero-de-mortos-em-estradas-federais-cai-31-durante-o-carnaval-de-2018-diz-prf\/#blogposting","name":"N\u00famero de mortos em estradas federais cai 31% durante o carnaval de 2018, diz PRF - A Not\u00edcia Online","headline":"N\u00famero de mortos em estradas federais cai 31% durante o carnaval de 2018, diz PRF","author":{"@id":"https:\/\/anoticiaonline.com.br\/site\/author\/juliana\/#author"},"publisher":{"@id":"https:\/\/anoticiaonline.com.br\/site\/#organization"},"image":{"@type":"ImageObject","url":"https:\/\/anoticiaonline.com.br\/site\/wp-content\/uploads\/2018\/02\/N\u00famero-de-mortos-em-estradas-federais-cai-31-durante-o-carnaval-de-2018-diz-PRF.jpg","width":640,"height":427},"datePublished":"2018-02-15T20:02:39-03:00","dateModified":"2018-02-15T20:02:54-03:00","inLanguage":"pt-BR","mainEntityOfPage":{"@id":"https:\/\/anoticiaonline.com.br\/site\/numero-de-mortos-em-estradas-federais-cai-31-durante-o-carnaval-de-2018-diz-prf\/#webpage"},"isPartOf":{"@id":"https:\/\/anoticiaonline.com.br\/site\/numero-de-mortos-em-estradas-federais-cai-31-durante-o-carnaval-de-2018-diz-prf\/#webpage"},"articleSection":"Gerais, acidentes, carnaval, estradas, fiscaliza\u00e7\u00e3o, pol\u00edcia rodovi\u00e1ria federal"},{"@type":"BreadcrumbList","@id":"https:\/\/anoticiaonline.com.br\/site\/numero-de-mortos-em-estradas-federais-cai-31-durante-o-carnaval-de-2018-diz-prf\/#breadcrumblist","itemListElement":[{"@type":"ListItem","@id":"https:\/\/anoticiaonline.com.br\/site#listItem","position":1,"name":"Home","item":"https:\/\/anoticiaonline.com.br\/site","nextItem":{"@type":"ListItem","@id":"https:\/\/anoticiaonline.com.br\/site\/categoria\/gerais\/#listItem","name":"Gerais"}},{"@type":"ListItem","@id":"https:\/\/anoticiaonline.com.br\/site\/categoria\/gerais\/#listItem","position":2,"name":"Gerais","item":"https:\/\/anoticiaonline.com.br\/site\/categoria\/gerais\/","nextItem":{"@type":"ListItem","@id":"https:\/\/anoticiaonline.com.br\/site\/numero-de-mortos-em-estradas-federais-cai-31-durante-o-carnaval-de-2018-diz-prf\/#listItem","name":"N\u00famero de mortos em estradas federais cai 31% durante o carnaval de 2018, diz PRF"},"previousItem":{"@type":"ListItem","@id":"https:\/\/anoticiaonline.com.br\/site#listItem","name":"Home"}},{"@type":"ListItem","@id":"https:\/\/anoticiaonline.com.br\/site\/numero-de-mortos-em-estradas-federais-cai-31-durante-o-carnaval-de-2018-diz-prf\/#listItem","position":3,"name":"N\u00famero de mortos em estradas federais cai 31% durante o carnaval de 2018, diz PRF","previousItem":{"@type":"ListItem","@id":"https:\/\/anoticiaonline.com.br\/site\/categoria\/gerais\/#listItem","name":"Gerais"}}]},{"@type":"Organization","@id":"https:\/\/anoticiaonline.com.br\/site\/#organization","name":"A Not\u00edcia Online","description":"Noticias de Muria\u00e9 e regi\u00e3o","url":"https:\/\/anoticiaonline.com.br\/site\/","logo":{"@type":"ImageObject","url":"https:\/\/scontent-gig4-1.xx.fbcdn.net\/v\/t39.30808-1\/270437624_4564083193639691_6907940295614233970_n.jpg?stp=dst-jpg_s200x200_tt6&_nc_cat=111&ccb=1-7&_nc_sid=f907e8&_nc_ohc=SM1wRlP3lJwQ7kNvwEPuBYA&_nc_oc=AdnqrjDN_BNjSSHWO-GbkIWH6fkGMLw4bqvL_NH6e2wMveX7G-rP2dAqsDSq1mJMOaY&_nc_zt=24&_nc_ht=scontent-gig4-1.xx&_nc_gid=AoBFJeGrT1hVaew_6rchkQ&oh=00_AfX7QmFGhQhG2jAllVgXCiM1ZrWgvtp80-Bfppyexh1QEg&oe=689E923C","@id":"https:\/\/anoticiaonline.com.br\/site\/numero-de-mortos-em-estradas-federais-cai-31-durante-o-carnaval-de-2018-diz-prf\/#organizationLogo"},"image":{"@id":"https:\/\/anoticiaonline.com.br\/site\/numero-de-mortos-em-estradas-federais-cai-31-durante-o-carnaval-de-2018-diz-prf\/#organizationLogo"}},{"@type":"Person","@id":"https:\/\/anoticiaonline.com.br\/site\/author\/juliana\/#author","url":"https:\/\/anoticiaonline.com.br\/site\/author\/juliana\/","name":"Juliana Laviola","image":{"@type":"ImageObject","@id":"https:\/\/anoticiaonline.com.br\/site\/numero-de-mortos-em-estradas-federais-cai-31-durante-o-carnaval-de-2018-diz-prf\/#authorImage","url":"https:\/\/secure.gravatar.com\/avatar\/b8d45f5c699b100dfaf0e543582f38f38bf94cb7ae3a5e9abf8d891a34773335?s=96&d=mm&r=g","width":96,"height":96,"caption":"Juliana Laviola"}},{"@type":"WebPage","@id":"https:\/\/anoticiaonline.com.br\/site\/numero-de-mortos-em-estradas-federais-cai-31-durante-o-carnaval-de-2018-diz-prf\/#webpage","url":"https:\/\/anoticiaonline.com.br\/site\/numero-de-mortos-em-estradas-federais-cai-31-durante-o-carnaval-de-2018-diz-prf\/","name":"N\u00famero de mortos em estradas federais cai 31% durante o carnaval de 2018, diz PRF - A Not\u00edcia Online","description":"Pol\u00edcia Rodovi\u00e1ria Federal informou nesta quinta-feira (15) que o carnaval de 2018 foi o menos violento dos \u00faltimos 4 anos. De acordo com o \u00f3rg\u00e3o, 103 pessoas morreram por causa de acidentes em estradas federais entre as \u00faltimas sexta (9) e quarta (14), n\u00famero 31% menor em rela\u00e7\u00e3o ao carnaval de 2017, quando aconteceram 150","inLanguage":"pt-BR","isPartOf":{"@id":"https:\/\/anoticiaonline.com.br\/site\/#website"},"breadcrumb":{"@id":"https:\/\/anoticiaonline.com.br\/site\/numero-de-mortos-em-estradas-federais-cai-31-durante-o-carnaval-de-2018-diz-prf\/#breadcrumblist"},"author":{"@id":"https:\/\/anoticiaonline.com.br\/site\/author\/juliana\/#author"},"creator":{"@id":"https:\/\/anoticiaonline.com.br\/site\/author\/juliana\/#author"},"image":{"@type":"ImageObject","url":"https:\/\/anoticiaonline.com.br\/site\/wp-content\/uploads\/2018\/02\/N\u00famero-de-mortos-em-estradas-federais-cai-31-durante-o-carnaval-de-2018-diz-PRF.jpg","@id":"https:\/\/anoticiaonline.com.br\/site\/numero-de-mortos-em-estradas-federais-cai-31-durante-o-carnaval-de-2018-diz-prf\/#mainImage","width":640,"height":427},"primaryImageOfPage":{"@id":"https:\/\/anoticiaonline.com.br\/site\/numero-de-mortos-em-estradas-federais-cai-31-durante-o-carnaval-de-2018-diz-prf\/#mainImage"},"datePublished":"2018-02-15T20:02:39-03:00","dateModified":"2018-02-15T20:02:54-03:00"},{"@type":"WebSite","@id":"https:\/\/anoticiaonline.com.br\/site\/#website","url":"https:\/\/anoticiaonline.com.br\/site\/","name":"A Not\u00edcia Online","description":"Noticias de Muria\u00e9 e regi\u00e3o","inLanguage":"pt-BR","publisher":{"@id":"https:\/\/anoticiaonline.com.br\/site\/#organization"}}]},"og:locale":"pt_BR","og:site_name":"A Not\u00edcia Online - Noticias de Muria\u00e9 e regi\u00e3o","og:type":"article","og:title":"N\u00famero de mortos em estradas federais cai 31% durante o carnaval de 2018, diz PRF - A Not\u00edcia Online","og:description":"Pol\u00edcia Rodovi\u00e1ria Federal informou nesta quinta-feira (15) que o carnaval de 2018 foi o menos violento dos \u00faltimos 4 anos. De acordo com o \u00f3rg\u00e3o, 103 pessoas morreram por causa de acidentes em estradas federais entre as \u00faltimas sexta (9) e quarta (14), n\u00famero 31% menor em rela\u00e7\u00e3o ao carnaval de 2017, quando aconteceram 150","og:url":"https:\/\/anoticiaonline.com.br\/site\/numero-de-mortos-em-estradas-federais-cai-31-durante-o-carnaval-de-2018-diz-prf\/","og:image":"https:\/\/scontent-gig4-1.xx.fbcdn.net\/v\/t39.30808-1\/270437624_4564083193639691_6907940295614233970_n.jpg?stp=dst-jpg_s200x200_tt6&#038;_nc_cat=111&#038;ccb=1-7&#038;_nc_sid=f907e8&#038;_nc_ohc=SM1wRlP3lJwQ7kNvwEPuBYA&#038;_nc_oc=AdnqrjDN_BNjSSHWO-GbkIWH6fkGMLw4bqvL_NH6e2wMveX7G-rP2dAqsDSq1mJMOaY&#038;_nc_zt=24&#038;_nc_ht=scontent-gig4-1.xx&#038;_nc_gid=AoBFJeGrT1hVaew_6rchkQ&#038;oh=00_AfX7QmFGhQhG2jAllVgXCiM1ZrWgvtp80-Bfppyexh1QEg&#038;oe=689E923C","og:image:secure_url":"https:\/\/scontent-gig4-1.xx.fbcdn.net\/v\/t39.30808-1\/270437624_4564083193639691_6907940295614233970_n.jpg?stp=dst-jpg_s200x200_tt6&#038;_nc_cat=111&#038;ccb=1-7&#038;_nc_sid=f907e8&#038;_nc_ohc=SM1wRlP3lJwQ7kNvwEPuBYA&#038;_nc_oc=AdnqrjDN_BNjSSHWO-GbkIWH6fkGMLw4bqvL_NH6e2wMveX7G-rP2dAqsDSq1mJMOaY&#038;_nc_zt=24&#038;_nc_ht=scontent-gig4-1.xx&#038;_nc_gid=AoBFJeGrT1hVaew_6rchkQ&#038;oh=00_AfX7QmFGhQhG2jAllVgXCiM1ZrWgvtp80-Bfppyexh1QEg&#038;oe=689E923C","article:published_time":"2018-02-15T23:02:39+00:00","article:modified_time":"2018-02-15T23:02:54+00:00","twitter:card":"summary_large_image","twitter:title":"N\u00famero de mortos em estradas federais cai 31% durante o carnaval de 2018, diz PRF - A Not\u00edcia Online","twitter:description":"Pol\u00edcia Rodovi\u00e1ria Federal informou nesta quinta-feira (15) que o carnaval de 2018 foi o menos violento dos \u00faltimos 4 anos. De acordo com o \u00f3rg\u00e3o, 103 pessoas morreram por causa de acidentes em estradas federais entre as \u00faltimas sexta (9) e quarta (14), n\u00famero 31% menor em rela\u00e7\u00e3o ao carnaval de 2017, quando aconteceram 150","twitter:image":"https:\/\/scontent-gig4-1.xx.fbcdn.net\/v\/t39.30808-1\/270437624_4564083193639691_6907940295614233970_n.jpg?stp=dst-jpg_s200x200_tt6&_nc_cat=111&ccb=1-7&_nc_sid=f907e8&_nc_ohc=SM1wRlP3lJwQ7kNvwEPuBYA&_nc_oc=AdnqrjDN_BNjSSHWO-GbkIWH6fkGMLw4bqvL_NH6e2wMveX7G-rP2dAqsDSq1mJMOaY&_nc_zt=24&_nc_ht=scontent-gig4-1.xx&_nc_gid=AoBFJeGrT1hVaew_6rchkQ&oh=00_AfX7QmFGhQhG2jAllVgXCiM1ZrWgvtp80-Bfppyexh1QEg&oe=689E923C"},"aioseo_meta_data":{"post_id":"49835","title":null,"description":null,"keywords":null,"keyphrases":null,"primary_term":null,"canonical_url":null,"og_title":null,"og_description":null,"og_object_type":"default","og_image_type":"default","og_image_url":null,"og_image_width":null,"og_image_height":null,"og_image_custom_url":null,"og_image_custom_fields":null,"og_video":null,"og_custom_url":null,"og_article_section":null,"og_article_tags":null,"twitter_use_og":false,"twitter_card":"default","twitter_image_type":"default","twitter_image_url":null,"twitter_image_custom_url":null,"twitter_image_custom_fields":null,"twitter_title":null,"twitter_description":null,"schema":{"blockGraphs":[],"customGraphs":[],"default":{"data":{"Article":[],"Course":[],"Dataset":[],"FAQPage":[],"Movie":[],"Person":[],"Product":[],"ProductReview":[],"Car":[],"Recipe":[],"Service":[],"SoftwareApplication":[],"WebPage":[]},"graphName":"","isEnabled":true},"graphs":[]},"schema_type":"default","schema_type_options":null,"pillar_content":false,"robots_default":true,"robots_noindex":false,"robots_noarchive":false,"robots_nosnippet":false,"robots_nofollow":false,"robots_noimageindex":false,"robots_noodp":false,"robots_notranslate":false,"robots_max_snippet":null,"robots_max_videopreview":null,"robots_max_imagepreview":"large","priority":null,"frequency":null,"local_seo":null,"breadcrumb_settings":null,"limit_modified_date":false,"ai":null,"created":"2025-08-16 20:19:24","updated":"2025-08-16 20:19:24","focus_keyword":null,"additional_keywords":null,"truseo_locale":null,"seo_analyzer_scan_date":null},"aioseo_breadcrumb":"<div class=\"aioseo-breadcrumbs\"><span class=\"aioseo-breadcrumb\">\n\t\t\t<a href=\"https:\/\/anoticiaonline.com.br\/site\" title=\"Home\">Home<\/a>\n\t\t<\/span><span class=\"aioseo-breadcrumb-separator\">&raquo;<\/span><span class=\"aioseo-breadcrumb\">\n\t\t\t<a href=\"https:\/\/anoticiaonline.com.br\/site\/categoria\/gerais\/\" title=\"Gerais\">Gerais<\/a>\n\t\t<\/span><span class=\"aioseo-breadcrumb-separator\">&raquo;<\/span><span class=\"aioseo-breadcrumb\">\n\t\t\tN\u00famero de mortos em estradas federais cai 31% durante o carnaval de 2018, diz PRF\n\t\t<\/span><\/div>","aioseo_breadcrumb_json":[{"label":"Home","link":"https:\/\/anoticiaonline.com.br\/site"},{"label":"Gerais","link":"https:\/\/anoticiaonline.com.br\/site\/categoria\/gerais\/"},{"label":"N\u00famero de mortos em estradas federais cai 31% durante o carnaval de 2018, diz PRF","link":"https:\/\/anoticiaonline.com.br\/site\/numero-de-mortos-em-estradas-federais-cai-31-durante-o-carnaval-de-2018-diz-prf\/"}],"views":158,"_links":{"self":[{"href":"https:\/\/anoticiaonline.com.br\/site\/wp-json\/wp\/v2\/posts\/49835","targetHints":{"allow":["GET"]}}],"collection":[{"href":"https:\/\/anoticiaonline.com.br\/site\/wp-json\/wp\/v2\/posts"}],"about":[{"href":"https:\/\/anoticiaonline.com.br\/site\/wp-json\/wp\/v2\/types\/post"}],"author":[{"embeddable":true,"href":"https:\/\/anoticiaonline.com.br\/site\/wp-json\/wp\/v2\/users\/2"}],"replies":[{"embeddable":true,"href":"https:\/\/anoticiaonline.com.br\/site\/wp-json\/wp\/v2\/comments?post=49835"}],"version-history":[{"count":0,"href":"https:\/\/anoticiaonline.com.br\/site\/wp-json\/wp\/v2\/posts\/49835\/revisions"}],"wp:featuredmedia":[{"embeddable":true,"href":"https:\/\/anoticiaonline.com.br\/site\/wp-json\/wp\/v2\/media\/49869"}],"wp:attachment":[{"href":"https:\/\/anoticiaonline.com.br\/site\/wp-json\/wp\/v2\/media?parent=49835"}],"wp:term":[{"taxonomy":"category","embeddable":true,"href":"https:\/\/anoticiaonline.com.br\/site\/wp-json\/wp\/v2\/categories?post=49835"},{"taxonomy":"post_tag","embeddable":true,"href":"https:\/\/anoticiaonline.com.br\/site\/wp-json\/wp\/v2\/tags?post=49835"}],"curies":[{"name":"wp","href":"https:\/\/api.w.org\/{rel}","templated":true}]}}