{"id":49831,"date":"2018-02-15T20:04:52","date_gmt":"2018-02-15T23:04:52","guid":{"rendered":"http:\/\/anoticiaonline.com.br\/site\/?p=49831"},"modified":"2018-03-15T20:55:26","modified_gmt":"2018-03-15T23:55:26","slug":"carnaval-de-ervalia-atrai-milhares-de-folioes","status":"publish","type":"post","link":"https:\/\/anoticiaonline.com.br\/site\/carnaval-de-ervalia-atrai-milhares-de-folioes\/","title":{"rendered":"Carnaval de Erv\u00e1lia foi um sucesso"},"content":{"rendered":"<p><a href=\"https:\/\/anoticiaonline.com.br\/site\/wp-content\/uploads\/2018\/02\/Erv\u00e1lia-PROIBIDA-C\u00d3PIA-PARA-VE\u00cdCULOS-DE-COMUNICA\u00c7\u00c3O-8.jpg\"><img fetchpriority=\"high\" decoding=\"async\" class=\"aligncenter size-full wp-image-49838\" src=\"https:\/\/anoticiaonline.com.br\/site\/wp-content\/uploads\/2018\/02\/Erv\u00e1lia-PROIBIDA-C\u00d3PIA-PARA-VE\u00cdCULOS-DE-COMUNICA\u00c7\u00c3O-8.jpg\" alt=\"\" width=\"417\" height=\"312\" srcset=\"https:\/\/anoticiaonline.com.br\/site\/wp-content\/uploads\/2018\/02\/Erv\u00e1lia-PROIBIDA-C\u00d3PIA-PARA-VE\u00cdCULOS-DE-COMUNICA\u00c7\u00c3O-8.jpg 417w, https:\/\/anoticiaonline.com.br\/site\/wp-content\/uploads\/2018\/02\/Erv\u00e1lia-PROIBIDA-C\u00d3PIA-PARA-VE\u00cdCULOS-DE-COMUNICA\u00c7\u00c3O-8-300x224.jpg 300w\" sizes=\"(max-width: 417px) 100vw, 417px\" \/><\/a><a href=\"https:\/\/anoticiaonline.com.br\/site\/wp-content\/uploads\/2018\/02\/Erv\u00e1lia-PROIBIDA-C\u00d3PIA-PARA-VE\u00cdCULOS-DE-COMUNICA\u00c7\u00c3O-5.jpg\"><img decoding=\"async\" class=\"aligncenter size-full wp-image-49836\" src=\"https:\/\/anoticiaonline.com.br\/site\/wp-content\/uploads\/2018\/02\/Erv\u00e1lia-PROIBIDA-C\u00d3PIA-PARA-VE\u00cdCULOS-DE-COMUNICA\u00c7\u00c3O-5.jpg\" alt=\"\" width=\"640\" height=\"424\" srcset=\"https:\/\/anoticiaonline.com.br\/site\/wp-content\/uploads\/2018\/02\/Erv\u00e1lia-PROIBIDA-C\u00d3PIA-PARA-VE\u00cdCULOS-DE-COMUNICA\u00c7\u00c3O-5.jpg 640w, https:\/\/anoticiaonline.com.br\/site\/wp-content\/uploads\/2018\/02\/Erv\u00e1lia-PROIBIDA-C\u00d3PIA-PARA-VE\u00cdCULOS-DE-COMUNICA\u00c7\u00c3O-5-300x199.jpg 300w\" sizes=\"(max-width: 640px) 100vw, 640px\" \/><\/a><a href=\"https:\/\/anoticiaonline.com.br\/site\/wp-content\/uploads\/2018\/02\/Erv\u00e1lia-PROIBIDA-C\u00d3PIA-PARA-VE\u00cdCULOS-DE-COMUNICA\u00c7\u00c3O-21.jpg\"><img decoding=\"async\" class=\"aligncenter size-full wp-image-49840\" src=\"https:\/\/anoticiaonline.com.br\/site\/wp-content\/uploads\/2018\/02\/Erv\u00e1lia-PROIBIDA-C\u00d3PIA-PARA-VE\u00cdCULOS-DE-COMUNICA\u00c7\u00c3O-21.jpg\" alt=\"\" width=\"640\" height=\"434\" srcset=\"https:\/\/anoticiaonline.com.br\/site\/wp-content\/uploads\/2018\/02\/Erv\u00e1lia-PROIBIDA-C\u00d3PIA-PARA-VE\u00cdCULOS-DE-COMUNICA\u00c7\u00c3O-21.jpg 640w, https:\/\/anoticiaonline.com.br\/site\/wp-content\/uploads\/2018\/02\/Erv\u00e1lia-PROIBIDA-C\u00d3PIA-PARA-VE\u00cdCULOS-DE-COMUNICA\u00c7\u00c3O-21-300x203.jpg 300w\" sizes=\"(max-width: 640px) 100vw, 640px\" \/><\/a>O \u201cCarna Erv\u00e1lia\u201d, conhecido como um dos melhores da regi\u00e3o, teve in\u00edcio no s\u00e1bado (10) e animou milhares de foli\u00f5es at\u00e9 o dia do encerramento, na ter\u00e7a-feira (13). As festividades se concentraram na Pra\u00e7a da Matriz.<\/p>\n<p>O prefeito de Erv\u00e1lia, Elo\u00edsio Cunha, prestigiou o evento, sendo esta a segunda festa realizada na cidade desde que assumiu o mandato.<\/p>\n<p>\u201c\u00c9 com muito amor e carinho que a prefeitura de Erv\u00e1lia realiza e apoia o carnaval de 2018. Temos certeza de que esta festa ser\u00e1 tradicional enquanto estivermos \u00e0 frente da administra\u00e7\u00e3o. Podemos perceber que esta festa foi democr\u00e1tica, recebendo fam\u00edlias inteiras de \u00e1reas urbanas e rurais. Al\u00e9m disso, pessoas de v\u00e1rias idades puderam aproveitar o carnaval, como idosos da Melhor Idade, que curtiram uma tarde ao som das tradicionais marchinhas. Aproveito a oportunidade para agradecer ao vice-prefeito, Mauro Godinho, \u00e0 minha fam\u00edlia e ao povo de Erv\u00e1lia pelo apoio de sempre\u201d, conta.<\/p>\n<p>Cleiton Rodrigues, secret\u00e1rio municipal de esporte e lazer, disse em entrevista que a preserva\u00e7\u00e3o da cultura do carnaval veio de comum acordo dentre os membros da administra\u00e7\u00e3o.<\/p>\n<p>\u201cO carnaval de Erv\u00e1lia andava muito esquecido, por isso resolvemos resgatar esta tradi\u00e7\u00e3o com o objetivo de preserv\u00e1-la por muitos anos. Gostaria de parabenizar o prefeito Elo\u00edsio Cunha, o vice-prefeito Mauro Godinho pelo belo trabalho que est\u00e3o desenvolvendo n\u00e3o s\u00f3 durante os eventos, mas em todo o desenvolvimento da cidade. Tenho certeza que, no dia 17 de junho, a Festa da Cidade ser\u00e1 tamb\u00e9m um grande sucesso com shows nacionais gratuitos\u201d, diz.<\/p>\n<p>O \u201cCarna Erv\u00e1lia\u201d contou com quatro DJ\u2019s, com os cantores T\u00falio Guerreiro, Dani Morais, Erick Pimenta, com as bandas Sunga de Pano, Vira e Mexe e Farol da Barra, al\u00e9m dos desfiles dos blocos do Siri, das Piranhas, Mega Folia e do Pijama.<\/p>\n<p>&nbsp;<\/p>\n<p style=\"text-align: center;\"><strong>PROIBIDA A C\u00d3PIA DE TEXTO E FOTOS SEM AUTORIZA\u00c7\u00c3O PR\u00c9VIA<\/strong><\/p>\n<p><a href=\"https:\/\/anoticiaonline.com.br\/site\/wp-content\/uploads\/2018\/02\/Erv\u00e1lia-PROIBIDA-C\u00d3PIA-PARA-VE\u00cdCULOS-DE-COMUNICA\u00c7\u00c3O-6.jpeg\"><img loading=\"lazy\" decoding=\"async\" class=\"aligncenter size-full wp-image-49837\" src=\"https:\/\/anoticiaonline.com.br\/site\/wp-content\/uploads\/2018\/02\/Erv\u00e1lia-PROIBIDA-C\u00d3PIA-PARA-VE\u00cdCULOS-DE-COMUNICA\u00c7\u00c3O-6.jpeg\" alt=\"\" width=\"640\" height=\"427\" srcset=\"https:\/\/anoticiaonline.com.br\/site\/wp-content\/uploads\/2018\/02\/Erv\u00e1lia-PROIBIDA-C\u00d3PIA-PARA-VE\u00cdCULOS-DE-COMUNICA\u00c7\u00c3O-6.jpeg 640w, https:\/\/anoticiaonline.com.br\/site\/wp-content\/uploads\/2018\/02\/Erv\u00e1lia-PROIBIDA-C\u00d3PIA-PARA-VE\u00cdCULOS-DE-COMUNICA\u00c7\u00c3O-6-300x200.jpeg 300w\" sizes=\"(max-width: 640px) 100vw, 640px\" \/><\/a><\/p>\n<p><a href=\"https:\/\/anoticiaonline.com.br\/site\/wp-content\/uploads\/2018\/02\/Erv\u00e1lia-PROIBIDA-C\u00d3PIA-PARA-VE\u00cdCULOS-DE-COMUNICA\u00c7\u00c3O-19.jpg\"><img loading=\"lazy\" decoding=\"async\" class=\"aligncenter size-full wp-image-49839\" src=\"https:\/\/anoticiaonline.com.br\/site\/wp-content\/uploads\/2018\/02\/Erv\u00e1lia-PROIBIDA-C\u00d3PIA-PARA-VE\u00cdCULOS-DE-COMUNICA\u00c7\u00c3O-19.jpg\" alt=\"\" width=\"640\" height=\"424\" srcset=\"https:\/\/anoticiaonline.com.br\/site\/wp-content\/uploads\/2018\/02\/Erv\u00e1lia-PROIBIDA-C\u00d3PIA-PARA-VE\u00cdCULOS-DE-COMUNICA\u00c7\u00c3O-19.jpg 640w, https:\/\/anoticiaonline.com.br\/site\/wp-content\/uploads\/2018\/02\/Erv\u00e1lia-PROIBIDA-C\u00d3PIA-PARA-VE\u00cdCULOS-DE-COMUNICA\u00c7\u00c3O-19-300x199.jpg 300w\" sizes=\"(max-width: 640px) 100vw, 640px\" \/><\/a><\/p>\n<p>&nbsp;<\/p>\n<p>&nbsp;<\/p>\n<p>&nbsp;<\/p>\n<p><img decoding=\"async\" class=\"ngg_displayed_gallery mceItem\" src=\"https:\/\/anoticiaonline.com.br\/site\/nextgen-attach_to_post\/preview\/id--49900\" \/><\/p>\n<p>&nbsp;<\/p>\n<p>&nbsp;<\/p>\n<p>&nbsp;<\/p>\n<p>&nbsp;<\/p>\n<p>&nbsp;<\/p>\n","protected":false},"excerpt":{"rendered":"<p>O \u201cCarna Erv\u00e1lia\u201d, conhecido como um dos melhores da regi\u00e3o, teve in\u00edcio no s\u00e1bado (10) e animou milhares de foli\u00f5es at\u00e9 o dia do encerramento, na ter\u00e7a-feira (13). As festividades se concentraram na Pra\u00e7a da Matriz. O prefeito de Erv\u00e1lia, Elo\u00edsio Cunha, prestigiou o evento, sendo esta a segunda festa realizada na cidade desde que &#8230; <a title=\"Carnaval de Erv\u00e1lia foi um sucesso\" class=\"read-more\" href=\"https:\/\/anoticiaonline.com.br\/site\/carnaval-de-ervalia-atrai-milhares-de-folioes\/\" aria-label=\"Read more about Carnaval de Erv\u00e1lia foi um sucesso\">Ler mais<\/a><\/p>\n","protected":false},"author":2,"featured_media":49837,"comment_status":"open","ping_status":"open","sticky":false,"template":"","format":"standard","meta":{"_acf_changed":false,"_monsterinsights_skip_tracking":false,"footnotes":""},"categories":[19,6],"tags":[1986,1985,1921,1984,310,169,1969,419,1983,404],"class_list":["post-49831","post","type-post","status-publish","format-standard","has-post-thumbnail","hentry","category-cultura","category-regiao","tag-2018-carnaval","tag-carna-ervalia","tag-carnaval","tag-cleiton-rodrigues","tag-eloisio-cunha","tag-ervalia","tag-mg","tag-minas-gerais","tag-prefeito-de-ervalia","tag-regiao"],"acf":[],"aioseo_notices":[],"aioseo_head":"\n\t\t<!-- All in One SEO 5.0.0.1 - aioseo.com -->\n\t<meta name=\"description\" content=\"O \u201cCarna Erv\u00e1lia\u201d, conhecido como um dos melhores da regi\u00e3o, teve in\u00edcio no s\u00e1bado (10) e animou milhares de foli\u00f5es at\u00e9 o dia do encerramento, na ter\u00e7a-feira (13). As festividades se concentraram na Pra\u00e7a da Matriz. O prefeito de Erv\u00e1lia, Elo\u00edsio Cunha, prestigiou o evento, sendo esta a segunda festa realizada na cidade desde que\" \/>\n\t<meta name=\"robots\" content=\"max-image-preview:large\" \/>\n\t<meta name=\"author\" content=\"Juliana Laviola\"\/>\n\t<link rel=\"canonical\" href=\"https:\/\/anoticiaonline.com.br\/site\/carnaval-de-ervalia-atrai-milhares-de-folioes\/\" \/>\n\t<meta name=\"generator\" content=\"All in One SEO (AIOSEO) 5.0.0.1\" \/>\n\t\t<meta property=\"og:locale\" content=\"pt_BR\" \/>\n\t\t<meta property=\"og:site_name\" content=\"A Not\u00edcia Online - Noticias de Muria\u00e9 e regi\u00e3o\" \/>\n\t\t<meta property=\"og:type\" content=\"article\" \/>\n\t\t<meta property=\"og:title\" content=\"Carnaval de Erv\u00e1lia foi um sucesso - A Not\u00edcia Online\" \/>\n\t\t<meta property=\"og:description\" content=\"O \u201cCarna Erv\u00e1lia\u201d, conhecido como um dos melhores da regi\u00e3o, teve in\u00edcio no s\u00e1bado (10) e animou milhares de foli\u00f5es at\u00e9 o dia do encerramento, na ter\u00e7a-feira (13). As festividades se concentraram na Pra\u00e7a da Matriz. O prefeito de Erv\u00e1lia, Elo\u00edsio Cunha, prestigiou o evento, sendo esta a segunda festa realizada na cidade desde que\" \/>\n\t\t<meta property=\"og:url\" content=\"https:\/\/anoticiaonline.com.br\/site\/carnaval-de-ervalia-atrai-milhares-de-folioes\/\" \/>\n\t\t<meta property=\"og:image\" content=\"https:\/\/scontent-gig4-1.xx.fbcdn.net\/v\/t39.30808-1\/270437624_4564083193639691_6907940295614233970_n.jpg?stp=dst-jpg_s200x200_tt6&#038;_nc_cat=111&#038;ccb=1-7&#038;_nc_sid=f907e8&#038;_nc_ohc=SM1wRlP3lJwQ7kNvwEPuBYA&#038;_nc_oc=AdnqrjDN_BNjSSHWO-GbkIWH6fkGMLw4bqvL_NH6e2wMveX7G-rP2dAqsDSq1mJMOaY&#038;_nc_zt=24&#038;_nc_ht=scontent-gig4-1.xx&#038;_nc_gid=AoBFJeGrT1hVaew_6rchkQ&#038;oh=00_AfX7QmFGhQhG2jAllVgXCiM1ZrWgvtp80-Bfppyexh1QEg&#038;oe=689E923C\" \/>\n\t\t<meta property=\"og:image:secure_url\" content=\"https:\/\/scontent-gig4-1.xx.fbcdn.net\/v\/t39.30808-1\/270437624_4564083193639691_6907940295614233970_n.jpg?stp=dst-jpg_s200x200_tt6&#038;_nc_cat=111&#038;ccb=1-7&#038;_nc_sid=f907e8&#038;_nc_ohc=SM1wRlP3lJwQ7kNvwEPuBYA&#038;_nc_oc=AdnqrjDN_BNjSSHWO-GbkIWH6fkGMLw4bqvL_NH6e2wMveX7G-rP2dAqsDSq1mJMOaY&#038;_nc_zt=24&#038;_nc_ht=scontent-gig4-1.xx&#038;_nc_gid=AoBFJeGrT1hVaew_6rchkQ&#038;oh=00_AfX7QmFGhQhG2jAllVgXCiM1ZrWgvtp80-Bfppyexh1QEg&#038;oe=689E923C\" \/>\n\t\t<meta property=\"article:published_time\" content=\"2018-02-15T23:04:52+00:00\" \/>\n\t\t<meta property=\"article:modified_time\" content=\"2018-03-15T23:55:26+00:00\" \/>\n\t\t<meta name=\"twitter:card\" content=\"summary_large_image\" \/>\n\t\t<meta name=\"twitter:title\" content=\"Carnaval de Erv\u00e1lia foi um sucesso - A Not\u00edcia Online\" \/>\n\t\t<meta name=\"twitter:description\" content=\"O \u201cCarna Erv\u00e1lia\u201d, conhecido como um dos melhores da regi\u00e3o, teve in\u00edcio no s\u00e1bado (10) e animou milhares de foli\u00f5es at\u00e9 o dia do encerramento, na ter\u00e7a-feira (13). As festividades se concentraram na Pra\u00e7a da Matriz. O prefeito de Erv\u00e1lia, Elo\u00edsio Cunha, prestigiou o evento, sendo esta a segunda festa realizada na cidade desde que\" \/>\n\t\t<meta name=\"twitter:image\" content=\"https:\/\/scontent-gig4-1.xx.fbcdn.net\/v\/t39.30808-1\/270437624_4564083193639691_6907940295614233970_n.jpg?stp=dst-jpg_s200x200_tt6&amp;_nc_cat=111&amp;ccb=1-7&amp;_nc_sid=f907e8&amp;_nc_ohc=SM1wRlP3lJwQ7kNvwEPuBYA&amp;_nc_oc=AdnqrjDN_BNjSSHWO-GbkIWH6fkGMLw4bqvL_NH6e2wMveX7G-rP2dAqsDSq1mJMOaY&amp;_nc_zt=24&amp;_nc_ht=scontent-gig4-1.xx&amp;_nc_gid=AoBFJeGrT1hVaew_6rchkQ&amp;oh=00_AfX7QmFGhQhG2jAllVgXCiM1ZrWgvtp80-Bfppyexh1QEg&amp;oe=689E923C\" \/>\n\t\t<script type=\"application\/ld+json\" class=\"aioseo-schema\">\n\t\t\t{\"@context\":\"https:\\\/\\\/schema.org\",\"@graph\":[{\"@type\":\"BlogPosting\",\"@id\":\"https:\\\/\\\/anoticiaonline.com.br\\\/site\\\/carnaval-de-ervalia-atrai-milhares-de-folioes\\\/#blogposting\",\"name\":\"Carnaval de Erv\\u00e1lia foi um sucesso - A Not\\u00edcia Online\",\"headline\":\"Carnaval de Erv\\u00e1lia foi um sucesso\",\"author\":{\"@id\":\"https:\\\/\\\/anoticiaonline.com.br\\\/site\\\/author\\\/juliana\\\/#author\"},\"publisher\":{\"@id\":\"https:\\\/\\\/anoticiaonline.com.br\\\/site\\\/#organization\"},\"image\":{\"@type\":\"ImageObject\",\"url\":\"https:\\\/\\\/anoticiaonline.com.br\\\/site\\\/wp-content\\\/uploads\\\/2018\\\/02\\\/Erv\\u00e1lia-PROIBIDA-C\\u00d3PIA-PARA-VE\\u00cdCULOS-DE-COMUNICA\\u00c7\\u00c3O-6.jpeg\",\"width\":640,\"height\":427},\"datePublished\":\"2018-02-15T20:04:52-03:00\",\"dateModified\":\"2018-03-15T20:55:26-03:00\",\"inLanguage\":\"pt-BR\",\"mainEntityOfPage\":{\"@id\":\"https:\\\/\\\/anoticiaonline.com.br\\\/site\\\/carnaval-de-ervalia-atrai-milhares-de-folioes\\\/#webpage\"},\"isPartOf\":{\"@id\":\"https:\\\/\\\/anoticiaonline.com.br\\\/site\\\/carnaval-de-ervalia-atrai-milhares-de-folioes\\\/#webpage\"},\"articleSection\":\"Cultura, Regi\\u00e3o, 2018 Carnaval, Carna Erv\\u00e1lia, carnaval, Cleiton Rodrigues, Eloisio Cunha, erv\\u00e1lia, MG, minas gerais, prefeito de Erv\\u00e1lia, regi\\u00e3o\"},{\"@type\":\"BreadcrumbList\",\"@id\":\"https:\\\/\\\/anoticiaonline.com.br\\\/site\\\/carnaval-de-ervalia-atrai-milhares-de-folioes\\\/#breadcrumblist\",\"itemListElement\":[{\"@type\":\"ListItem\",\"@id\":\"https:\\\/\\\/anoticiaonline.com.br\\\/site#listItem\",\"position\":1,\"name\":\"Home\",\"item\":\"https:\\\/\\\/anoticiaonline.com.br\\\/site\",\"nextItem\":{\"@type\":\"ListItem\",\"@id\":\"https:\\\/\\\/anoticiaonline.com.br\\\/site\\\/categoria\\\/muriae\\\/#listItem\",\"name\":\"Blog\"}},{\"@type\":\"ListItem\",\"@id\":\"https:\\\/\\\/anoticiaonline.com.br\\\/site\\\/categoria\\\/muriae\\\/#listItem\",\"position\":2,\"name\":\"Blog\",\"item\":\"https:\\\/\\\/anoticiaonline.com.br\\\/site\\\/categoria\\\/muriae\\\/\",\"nextItem\":{\"@type\":\"ListItem\",\"@id\":\"https:\\\/\\\/anoticiaonline.com.br\\\/site\\\/categoria\\\/muriae\\\/cultura\\\/#listItem\",\"name\":\"Cultura\"},\"previousItem\":{\"@type\":\"ListItem\",\"@id\":\"https:\\\/\\\/anoticiaonline.com.br\\\/site#listItem\",\"name\":\"Home\"}},{\"@type\":\"ListItem\",\"@id\":\"https:\\\/\\\/anoticiaonline.com.br\\\/site\\\/categoria\\\/muriae\\\/cultura\\\/#listItem\",\"position\":3,\"name\":\"Cultura\",\"item\":\"https:\\\/\\\/anoticiaonline.com.br\\\/site\\\/categoria\\\/muriae\\\/cultura\\\/\",\"nextItem\":{\"@type\":\"ListItem\",\"@id\":\"https:\\\/\\\/anoticiaonline.com.br\\\/site\\\/carnaval-de-ervalia-atrai-milhares-de-folioes\\\/#listItem\",\"name\":\"Carnaval de Erv\\u00e1lia foi um sucesso\"},\"previousItem\":{\"@type\":\"ListItem\",\"@id\":\"https:\\\/\\\/anoticiaonline.com.br\\\/site\\\/categoria\\\/muriae\\\/#listItem\",\"name\":\"Blog\"}},{\"@type\":\"ListItem\",\"@id\":\"https:\\\/\\\/anoticiaonline.com.br\\\/site\\\/carnaval-de-ervalia-atrai-milhares-de-folioes\\\/#listItem\",\"position\":4,\"name\":\"Carnaval de Erv\\u00e1lia foi um sucesso\",\"previousItem\":{\"@type\":\"ListItem\",\"@id\":\"https:\\\/\\\/anoticiaonline.com.br\\\/site\\\/categoria\\\/muriae\\\/cultura\\\/#listItem\",\"name\":\"Cultura\"}}]},{\"@type\":\"Organization\",\"@id\":\"https:\\\/\\\/anoticiaonline.com.br\\\/site\\\/#organization\",\"name\":\"A Not\\u00edcia Online\",\"description\":\"Noticias de Muria\\u00e9 e regi\\u00e3o\",\"url\":\"https:\\\/\\\/anoticiaonline.com.br\\\/site\\\/\",\"logo\":{\"@type\":\"ImageObject\",\"url\":\"https:\\\/\\\/scontent-gig4-1.xx.fbcdn.net\\\/v\\\/t39.30808-1\\\/270437624_4564083193639691_6907940295614233970_n.jpg?stp=dst-jpg_s200x200_tt6&_nc_cat=111&ccb=1-7&_nc_sid=f907e8&_nc_ohc=SM1wRlP3lJwQ7kNvwEPuBYA&_nc_oc=AdnqrjDN_BNjSSHWO-GbkIWH6fkGMLw4bqvL_NH6e2wMveX7G-rP2dAqsDSq1mJMOaY&_nc_zt=24&_nc_ht=scontent-gig4-1.xx&_nc_gid=AoBFJeGrT1hVaew_6rchkQ&oh=00_AfX7QmFGhQhG2jAllVgXCiM1ZrWgvtp80-Bfppyexh1QEg&oe=689E923C\",\"@id\":\"https:\\\/\\\/anoticiaonline.com.br\\\/site\\\/carnaval-de-ervalia-atrai-milhares-de-folioes\\\/#organizationLogo\"},\"image\":{\"@id\":\"https:\\\/\\\/anoticiaonline.com.br\\\/site\\\/carnaval-de-ervalia-atrai-milhares-de-folioes\\\/#organizationLogo\"}},{\"@type\":\"Person\",\"@id\":\"https:\\\/\\\/anoticiaonline.com.br\\\/site\\\/author\\\/juliana\\\/#author\",\"url\":\"https:\\\/\\\/anoticiaonline.com.br\\\/site\\\/author\\\/juliana\\\/\",\"name\":\"Juliana Laviola\",\"image\":{\"@type\":\"ImageObject\",\"@id\":\"https:\\\/\\\/anoticiaonline.com.br\\\/site\\\/carnaval-de-ervalia-atrai-milhares-de-folioes\\\/#authorImage\",\"url\":\"https:\\\/\\\/secure.gravatar.com\\\/avatar\\\/b8d45f5c699b100dfaf0e543582f38f38bf94cb7ae3a5e9abf8d891a34773335?s=96&d=mm&r=g\",\"width\":96,\"height\":96,\"caption\":\"Juliana Laviola\"}},{\"@type\":\"WebPage\",\"@id\":\"https:\\\/\\\/anoticiaonline.com.br\\\/site\\\/carnaval-de-ervalia-atrai-milhares-de-folioes\\\/#webpage\",\"url\":\"https:\\\/\\\/anoticiaonline.com.br\\\/site\\\/carnaval-de-ervalia-atrai-milhares-de-folioes\\\/\",\"name\":\"Carnaval de Erv\\u00e1lia foi um sucesso - A Not\\u00edcia Online\",\"description\":\"O \\u201cCarna Erv\\u00e1lia\\u201d, conhecido como um dos melhores da regi\\u00e3o, teve in\\u00edcio no s\\u00e1bado (10) e animou milhares de foli\\u00f5es at\\u00e9 o dia do encerramento, na ter\\u00e7a-feira (13). As festividades se concentraram na Pra\\u00e7a da Matriz. O prefeito de Erv\\u00e1lia, Elo\\u00edsio Cunha, prestigiou o evento, sendo esta a segunda festa realizada na cidade desde que\",\"inLanguage\":\"pt-BR\",\"isPartOf\":{\"@id\":\"https:\\\/\\\/anoticiaonline.com.br\\\/site\\\/#website\"},\"breadcrumb\":{\"@id\":\"https:\\\/\\\/anoticiaonline.com.br\\\/site\\\/carnaval-de-ervalia-atrai-milhares-de-folioes\\\/#breadcrumblist\"},\"author\":{\"@id\":\"https:\\\/\\\/anoticiaonline.com.br\\\/site\\\/author\\\/juliana\\\/#author\"},\"creator\":{\"@id\":\"https:\\\/\\\/anoticiaonline.com.br\\\/site\\\/author\\\/juliana\\\/#author\"},\"image\":{\"@type\":\"ImageObject\",\"url\":\"https:\\\/\\\/anoticiaonline.com.br\\\/site\\\/wp-content\\\/uploads\\\/2018\\\/02\\\/Erv\\u00e1lia-PROIBIDA-C\\u00d3PIA-PARA-VE\\u00cdCULOS-DE-COMUNICA\\u00c7\\u00c3O-6.jpeg\",\"@id\":\"https:\\\/\\\/anoticiaonline.com.br\\\/site\\\/carnaval-de-ervalia-atrai-milhares-de-folioes\\\/#mainImage\",\"width\":640,\"height\":427},\"primaryImageOfPage\":{\"@id\":\"https:\\\/\\\/anoticiaonline.com.br\\\/site\\\/carnaval-de-ervalia-atrai-milhares-de-folioes\\\/#mainImage\"},\"datePublished\":\"2018-02-15T20:04:52-03:00\",\"dateModified\":\"2018-03-15T20:55:26-03:00\"},{\"@type\":\"WebSite\",\"@id\":\"https:\\\/\\\/anoticiaonline.com.br\\\/site\\\/#website\",\"url\":\"https:\\\/\\\/anoticiaonline.com.br\\\/site\\\/\",\"name\":\"A Not\\u00edcia Online\",\"description\":\"Noticias de Muria\\u00e9 e regi\\u00e3o\",\"inLanguage\":\"pt-BR\",\"publisher\":{\"@id\":\"https:\\\/\\\/anoticiaonline.com.br\\\/site\\\/#organization\"}}]}\n\t\t<\/script>\n\t\t<!-- All in One SEO -->\n\n","aioseo_head_json":{"title":"Carnaval de Erv\u00e1lia foi um sucesso - A Not\u00edcia Online","description":"O \u201cCarna Erv\u00e1lia\u201d, conhecido como um dos melhores da regi\u00e3o, teve in\u00edcio no s\u00e1bado (10) e animou milhares de foli\u00f5es at\u00e9 o dia do encerramento, na ter\u00e7a-feira (13). As festividades se concentraram na Pra\u00e7a da Matriz. O prefeito de Erv\u00e1lia, Elo\u00edsio Cunha, prestigiou o evento, sendo esta a segunda festa realizada na cidade desde que","canonical_url":"https:\/\/anoticiaonline.com.br\/site\/carnaval-de-ervalia-atrai-milhares-de-folioes\/","robots":"max-image-preview:large","keywords":"","webmasterTools":{"miscellaneous":""},"schema":{"@context":"https:\/\/schema.org","@graph":[{"@type":"BlogPosting","@id":"https:\/\/anoticiaonline.com.br\/site\/carnaval-de-ervalia-atrai-milhares-de-folioes\/#blogposting","name":"Carnaval de Erv\u00e1lia foi um sucesso - A Not\u00edcia Online","headline":"Carnaval de Erv\u00e1lia foi um sucesso","author":{"@id":"https:\/\/anoticiaonline.com.br\/site\/author\/juliana\/#author"},"publisher":{"@id":"https:\/\/anoticiaonline.com.br\/site\/#organization"},"image":{"@type":"ImageObject","url":"https:\/\/anoticiaonline.com.br\/site\/wp-content\/uploads\/2018\/02\/Erv\u00e1lia-PROIBIDA-C\u00d3PIA-PARA-VE\u00cdCULOS-DE-COMUNICA\u00c7\u00c3O-6.jpeg","width":640,"height":427},"datePublished":"2018-02-15T20:04:52-03:00","dateModified":"2018-03-15T20:55:26-03:00","inLanguage":"pt-BR","mainEntityOfPage":{"@id":"https:\/\/anoticiaonline.com.br\/site\/carnaval-de-ervalia-atrai-milhares-de-folioes\/#webpage"},"isPartOf":{"@id":"https:\/\/anoticiaonline.com.br\/site\/carnaval-de-ervalia-atrai-milhares-de-folioes\/#webpage"},"articleSection":"Cultura, Regi\u00e3o, 2018 Carnaval, Carna Erv\u00e1lia, carnaval, Cleiton Rodrigues, Eloisio Cunha, erv\u00e1lia, MG, minas gerais, prefeito de Erv\u00e1lia, regi\u00e3o"},{"@type":"BreadcrumbList","@id":"https:\/\/anoticiaonline.com.br\/site\/carnaval-de-ervalia-atrai-milhares-de-folioes\/#breadcrumblist","itemListElement":[{"@type":"ListItem","@id":"https:\/\/anoticiaonline.com.br\/site#listItem","position":1,"name":"Home","item":"https:\/\/anoticiaonline.com.br\/site","nextItem":{"@type":"ListItem","@id":"https:\/\/anoticiaonline.com.br\/site\/categoria\/muriae\/#listItem","name":"Blog"}},{"@type":"ListItem","@id":"https:\/\/anoticiaonline.com.br\/site\/categoria\/muriae\/#listItem","position":2,"name":"Blog","item":"https:\/\/anoticiaonline.com.br\/site\/categoria\/muriae\/","nextItem":{"@type":"ListItem","@id":"https:\/\/anoticiaonline.com.br\/site\/categoria\/muriae\/cultura\/#listItem","name":"Cultura"},"previousItem":{"@type":"ListItem","@id":"https:\/\/anoticiaonline.com.br\/site#listItem","name":"Home"}},{"@type":"ListItem","@id":"https:\/\/anoticiaonline.com.br\/site\/categoria\/muriae\/cultura\/#listItem","position":3,"name":"Cultura","item":"https:\/\/anoticiaonline.com.br\/site\/categoria\/muriae\/cultura\/","nextItem":{"@type":"ListItem","@id":"https:\/\/anoticiaonline.com.br\/site\/carnaval-de-ervalia-atrai-milhares-de-folioes\/#listItem","name":"Carnaval de Erv\u00e1lia foi um sucesso"},"previousItem":{"@type":"ListItem","@id":"https:\/\/anoticiaonline.com.br\/site\/categoria\/muriae\/#listItem","name":"Blog"}},{"@type":"ListItem","@id":"https:\/\/anoticiaonline.com.br\/site\/carnaval-de-ervalia-atrai-milhares-de-folioes\/#listItem","position":4,"name":"Carnaval de Erv\u00e1lia foi um sucesso","previousItem":{"@type":"ListItem","@id":"https:\/\/anoticiaonline.com.br\/site\/categoria\/muriae\/cultura\/#listItem","name":"Cultura"}}]},{"@type":"Organization","@id":"https:\/\/anoticiaonline.com.br\/site\/#organization","name":"A Not\u00edcia Online","description":"Noticias de Muria\u00e9 e regi\u00e3o","url":"https:\/\/anoticiaonline.com.br\/site\/","logo":{"@type":"ImageObject","url":"https:\/\/scontent-gig4-1.xx.fbcdn.net\/v\/t39.30808-1\/270437624_4564083193639691_6907940295614233970_n.jpg?stp=dst-jpg_s200x200_tt6&_nc_cat=111&ccb=1-7&_nc_sid=f907e8&_nc_ohc=SM1wRlP3lJwQ7kNvwEPuBYA&_nc_oc=AdnqrjDN_BNjSSHWO-GbkIWH6fkGMLw4bqvL_NH6e2wMveX7G-rP2dAqsDSq1mJMOaY&_nc_zt=24&_nc_ht=scontent-gig4-1.xx&_nc_gid=AoBFJeGrT1hVaew_6rchkQ&oh=00_AfX7QmFGhQhG2jAllVgXCiM1ZrWgvtp80-Bfppyexh1QEg&oe=689E923C","@id":"https:\/\/anoticiaonline.com.br\/site\/carnaval-de-ervalia-atrai-milhares-de-folioes\/#organizationLogo"},"image":{"@id":"https:\/\/anoticiaonline.com.br\/site\/carnaval-de-ervalia-atrai-milhares-de-folioes\/#organizationLogo"}},{"@type":"Person","@id":"https:\/\/anoticiaonline.com.br\/site\/author\/juliana\/#author","url":"https:\/\/anoticiaonline.com.br\/site\/author\/juliana\/","name":"Juliana Laviola","image":{"@type":"ImageObject","@id":"https:\/\/anoticiaonline.com.br\/site\/carnaval-de-ervalia-atrai-milhares-de-folioes\/#authorImage","url":"https:\/\/secure.gravatar.com\/avatar\/b8d45f5c699b100dfaf0e543582f38f38bf94cb7ae3a5e9abf8d891a34773335?s=96&d=mm&r=g","width":96,"height":96,"caption":"Juliana Laviola"}},{"@type":"WebPage","@id":"https:\/\/anoticiaonline.com.br\/site\/carnaval-de-ervalia-atrai-milhares-de-folioes\/#webpage","url":"https:\/\/anoticiaonline.com.br\/site\/carnaval-de-ervalia-atrai-milhares-de-folioes\/","name":"Carnaval de Erv\u00e1lia foi um sucesso - A Not\u00edcia Online","description":"O \u201cCarna Erv\u00e1lia\u201d, conhecido como um dos melhores da regi\u00e3o, teve in\u00edcio no s\u00e1bado (10) e animou milhares de foli\u00f5es at\u00e9 o dia do encerramento, na ter\u00e7a-feira (13). As festividades se concentraram na Pra\u00e7a da Matriz. O prefeito de Erv\u00e1lia, Elo\u00edsio Cunha, prestigiou o evento, sendo esta a segunda festa realizada na cidade desde que","inLanguage":"pt-BR","isPartOf":{"@id":"https:\/\/anoticiaonline.com.br\/site\/#website"},"breadcrumb":{"@id":"https:\/\/anoticiaonline.com.br\/site\/carnaval-de-ervalia-atrai-milhares-de-folioes\/#breadcrumblist"},"author":{"@id":"https:\/\/anoticiaonline.com.br\/site\/author\/juliana\/#author"},"creator":{"@id":"https:\/\/anoticiaonline.com.br\/site\/author\/juliana\/#author"},"image":{"@type":"ImageObject","url":"https:\/\/anoticiaonline.com.br\/site\/wp-content\/uploads\/2018\/02\/Erv\u00e1lia-PROIBIDA-C\u00d3PIA-PARA-VE\u00cdCULOS-DE-COMUNICA\u00c7\u00c3O-6.jpeg","@id":"https:\/\/anoticiaonline.com.br\/site\/carnaval-de-ervalia-atrai-milhares-de-folioes\/#mainImage","width":640,"height":427},"primaryImageOfPage":{"@id":"https:\/\/anoticiaonline.com.br\/site\/carnaval-de-ervalia-atrai-milhares-de-folioes\/#mainImage"},"datePublished":"2018-02-15T20:04:52-03:00","dateModified":"2018-03-15T20:55:26-03:00"},{"@type":"WebSite","@id":"https:\/\/anoticiaonline.com.br\/site\/#website","url":"https:\/\/anoticiaonline.com.br\/site\/","name":"A Not\u00edcia Online","description":"Noticias de Muria\u00e9 e regi\u00e3o","inLanguage":"pt-BR","publisher":{"@id":"https:\/\/anoticiaonline.com.br\/site\/#organization"}}]},"og:locale":"pt_BR","og:site_name":"A Not\u00edcia Online - Noticias de Muria\u00e9 e regi\u00e3o","og:type":"article","og:title":"Carnaval de Erv\u00e1lia foi um sucesso - A Not\u00edcia Online","og:description":"O \u201cCarna Erv\u00e1lia\u201d, conhecido como um dos melhores da regi\u00e3o, teve in\u00edcio no s\u00e1bado (10) e animou milhares de foli\u00f5es at\u00e9 o dia do encerramento, na ter\u00e7a-feira (13). As festividades se concentraram na Pra\u00e7a da Matriz. O prefeito de Erv\u00e1lia, Elo\u00edsio Cunha, prestigiou o evento, sendo esta a segunda festa realizada na cidade desde que","og:url":"https:\/\/anoticiaonline.com.br\/site\/carnaval-de-ervalia-atrai-milhares-de-folioes\/","og:image":"https:\/\/scontent-gig4-1.xx.fbcdn.net\/v\/t39.30808-1\/270437624_4564083193639691_6907940295614233970_n.jpg?stp=dst-jpg_s200x200_tt6&#038;_nc_cat=111&#038;ccb=1-7&#038;_nc_sid=f907e8&#038;_nc_ohc=SM1wRlP3lJwQ7kNvwEPuBYA&#038;_nc_oc=AdnqrjDN_BNjSSHWO-GbkIWH6fkGMLw4bqvL_NH6e2wMveX7G-rP2dAqsDSq1mJMOaY&#038;_nc_zt=24&#038;_nc_ht=scontent-gig4-1.xx&#038;_nc_gid=AoBFJeGrT1hVaew_6rchkQ&#038;oh=00_AfX7QmFGhQhG2jAllVgXCiM1ZrWgvtp80-Bfppyexh1QEg&#038;oe=689E923C","og:image:secure_url":"https:\/\/scontent-gig4-1.xx.fbcdn.net\/v\/t39.30808-1\/270437624_4564083193639691_6907940295614233970_n.jpg?stp=dst-jpg_s200x200_tt6&#038;_nc_cat=111&#038;ccb=1-7&#038;_nc_sid=f907e8&#038;_nc_ohc=SM1wRlP3lJwQ7kNvwEPuBYA&#038;_nc_oc=AdnqrjDN_BNjSSHWO-GbkIWH6fkGMLw4bqvL_NH6e2wMveX7G-rP2dAqsDSq1mJMOaY&#038;_nc_zt=24&#038;_nc_ht=scontent-gig4-1.xx&#038;_nc_gid=AoBFJeGrT1hVaew_6rchkQ&#038;oh=00_AfX7QmFGhQhG2jAllVgXCiM1ZrWgvtp80-Bfppyexh1QEg&#038;oe=689E923C","article:published_time":"2018-02-15T23:04:52+00:00","article:modified_time":"2018-03-15T23:55:26+00:00","twitter:card":"summary_large_image","twitter:title":"Carnaval de Erv\u00e1lia foi um sucesso - A Not\u00edcia Online","twitter:description":"O \u201cCarna Erv\u00e1lia\u201d, conhecido como um dos melhores da regi\u00e3o, teve in\u00edcio no s\u00e1bado (10) e animou milhares de foli\u00f5es at\u00e9 o dia do encerramento, na ter\u00e7a-feira (13). As festividades se concentraram na Pra\u00e7a da Matriz. O prefeito de Erv\u00e1lia, Elo\u00edsio Cunha, prestigiou o evento, sendo esta a segunda festa realizada na cidade desde que","twitter:image":"https:\/\/scontent-gig4-1.xx.fbcdn.net\/v\/t39.30808-1\/270437624_4564083193639691_6907940295614233970_n.jpg?stp=dst-jpg_s200x200_tt6&_nc_cat=111&ccb=1-7&_nc_sid=f907e8&_nc_ohc=SM1wRlP3lJwQ7kNvwEPuBYA&_nc_oc=AdnqrjDN_BNjSSHWO-GbkIWH6fkGMLw4bqvL_NH6e2wMveX7G-rP2dAqsDSq1mJMOaY&_nc_zt=24&_nc_ht=scontent-gig4-1.xx&_nc_gid=AoBFJeGrT1hVaew_6rchkQ&oh=00_AfX7QmFGhQhG2jAllVgXCiM1ZrWgvtp80-Bfppyexh1QEg&oe=689E923C"},"aioseo_meta_data":{"post_id":"49831","title":null,"description":null,"keywords":null,"keyphrases":null,"primary_term":null,"canonical_url":null,"og_title":null,"og_description":null,"og_object_type":"default","og_image_type":"default","og_image_url":null,"og_image_width":null,"og_image_height":null,"og_image_custom_url":null,"og_image_custom_fields":null,"og_video":null,"og_custom_url":null,"og_article_section":null,"og_article_tags":null,"twitter_use_og":false,"twitter_card":"default","twitter_image_type":"default","twitter_image_url":null,"twitter_image_custom_url":null,"twitter_image_custom_fields":null,"twitter_title":null,"twitter_description":null,"schema":{"blockGraphs":[],"customGraphs":[],"default":{"data":{"Article":[],"Course":[],"Dataset":[],"FAQPage":[],"Movie":[],"Person":[],"Product":[],"ProductReview":[],"Car":[],"Recipe":[],"Service":[],"SoftwareApplication":[],"WebPage":[]},"graphName":"","isEnabled":true},"graphs":[]},"schema_type":"default","schema_type_options":null,"pillar_content":false,"robots_default":true,"robots_noindex":false,"robots_noarchive":false,"robots_nosnippet":false,"robots_nofollow":false,"robots_noimageindex":false,"robots_noodp":false,"robots_notranslate":false,"robots_max_snippet":null,"robots_max_videopreview":null,"robots_max_imagepreview":"large","priority":null,"frequency":null,"local_seo":null,"breadcrumb_settings":null,"limit_modified_date":false,"ai":null,"created":"2025-08-16 20:18:53","updated":"2025-08-16 20:18:53","focus_keyword":null,"additional_keywords":null,"truseo_locale":null,"seo_analyzer_scan_date":null},"aioseo_breadcrumb":"<div class=\"aioseo-breadcrumbs\"><span class=\"aioseo-breadcrumb\">\n\t\t\t<a href=\"https:\/\/anoticiaonline.com.br\/site\" title=\"Home\">Home<\/a>\n\t\t<\/span><span class=\"aioseo-breadcrumb-separator\">&raquo;<\/span><span class=\"aioseo-breadcrumb\">\n\t\t\t<a href=\"https:\/\/anoticiaonline.com.br\/site\/categoria\/muriae\/\" title=\"Blog\">Blog<\/a>\n\t\t<\/span><span class=\"aioseo-breadcrumb-separator\">&raquo;<\/span><span class=\"aioseo-breadcrumb\">\n\t\t\t<a href=\"https:\/\/anoticiaonline.com.br\/site\/categoria\/muriae\/cultura\/\" title=\"Cultura\">Cultura<\/a>\n\t\t<\/span><span class=\"aioseo-breadcrumb-separator\">&raquo;<\/span><span class=\"aioseo-breadcrumb\">\n\t\t\tCarnaval de Erv\u00e1lia foi um sucesso\n\t\t<\/span><\/div>","aioseo_breadcrumb_json":[{"label":"Home","link":"https:\/\/anoticiaonline.com.br\/site"},{"label":"Blog","link":"https:\/\/anoticiaonline.com.br\/site\/categoria\/muriae\/"},{"label":"Cultura","link":"https:\/\/anoticiaonline.com.br\/site\/categoria\/muriae\/cultura\/"},{"label":"Carnaval de Erv\u00e1lia foi um sucesso","link":"https:\/\/anoticiaonline.com.br\/site\/carnaval-de-ervalia-atrai-milhares-de-folioes\/"}],"views":165,"_links":{"self":[{"href":"https:\/\/anoticiaonline.com.br\/site\/wp-json\/wp\/v2\/posts\/49831","targetHints":{"allow":["GET"]}}],"collection":[{"href":"https:\/\/anoticiaonline.com.br\/site\/wp-json\/wp\/v2\/posts"}],"about":[{"href":"https:\/\/anoticiaonline.com.br\/site\/wp-json\/wp\/v2\/types\/post"}],"author":[{"embeddable":true,"href":"https:\/\/anoticiaonline.com.br\/site\/wp-json\/wp\/v2\/users\/2"}],"replies":[{"embeddable":true,"href":"https:\/\/anoticiaonline.com.br\/site\/wp-json\/wp\/v2\/comments?post=49831"}],"version-history":[{"count":0,"href":"https:\/\/anoticiaonline.com.br\/site\/wp-json\/wp\/v2\/posts\/49831\/revisions"}],"wp:featuredmedia":[{"embeddable":true,"href":"https:\/\/anoticiaonline.com.br\/site\/wp-json\/wp\/v2\/media\/49837"}],"wp:attachment":[{"href":"https:\/\/anoticiaonline.com.br\/site\/wp-json\/wp\/v2\/media?parent=49831"}],"wp:term":[{"taxonomy":"category","embeddable":true,"href":"https:\/\/anoticiaonline.com.br\/site\/wp-json\/wp\/v2\/categories?post=49831"},{"taxonomy":"post_tag","embeddable":true,"href":"https:\/\/anoticiaonline.com.br\/site\/wp-json\/wp\/v2\/tags?post=49831"}],"curies":[{"name":"wp","href":"https:\/\/api.w.org\/{rel}","templated":true}]}}