{"id":49810,"date":"2018-02-15T19:21:23","date_gmt":"2018-02-15T22:21:23","guid":{"rendered":"http:\/\/anoticiaonline.com.br\/site\/?p=49810"},"modified":"2018-02-23T10:52:10","modified_gmt":"2018-02-23T13:52:10","slug":"festa-e-alegria-carnavieiras-2018-agita-populares","status":"publish","type":"post","link":"https:\/\/anoticiaonline.com.br\/site\/festa-e-alegria-carnavieiras-2018-agita-populares\/","title":{"rendered":"\u201cCarnavieiras 2018\u201d agita populares"},"content":{"rendered":"<p><a href=\"https:\/\/anoticiaonline.com.br\/site\/wp-content\/uploads\/2018\/02\/Vieiras-PROIBIDA-A-C\u00d3PIA-POR-VE\u00cdCULO-DE-COMUNICA\u00c7\u00c3O-25.jpg\"><img fetchpriority=\"high\" decoding=\"async\" class=\"aligncenter size-full wp-image-49813\" src=\"https:\/\/anoticiaonline.com.br\/site\/wp-content\/uploads\/2018\/02\/Vieiras-PROIBIDA-A-C\u00d3PIA-POR-VE\u00cdCULO-DE-COMUNICA\u00c7\u00c3O-25.jpg\" alt=\"\" width=\"640\" height=\"480\" srcset=\"https:\/\/anoticiaonline.com.br\/site\/wp-content\/uploads\/2018\/02\/Vieiras-PROIBIDA-A-C\u00d3PIA-POR-VE\u00cdCULO-DE-COMUNICA\u00c7\u00c3O-25.jpg 640w, https:\/\/anoticiaonline.com.br\/site\/wp-content\/uploads\/2018\/02\/Vieiras-PROIBIDA-A-C\u00d3PIA-POR-VE\u00cdCULO-DE-COMUNICA\u00c7\u00c3O-25-300x225.jpg 300w\" sizes=\"(max-width: 640px) 100vw, 640px\" \/><\/a> <a href=\"https:\/\/anoticiaonline.com.br\/site\/wp-content\/uploads\/2018\/02\/Vieiras-PROIBIDA-A-C\u00d3PIA-POR-VE\u00cdCULO-DE-COMUNICA\u00c7\u00c3O-29.jpg\"><img decoding=\"async\" class=\"aligncenter size-full wp-image-49814\" src=\"https:\/\/anoticiaonline.com.br\/site\/wp-content\/uploads\/2018\/02\/Vieiras-PROIBIDA-A-C\u00d3PIA-POR-VE\u00cdCULO-DE-COMUNICA\u00c7\u00c3O-29.jpg\" alt=\"\" width=\"640\" height=\"480\" srcset=\"https:\/\/anoticiaonline.com.br\/site\/wp-content\/uploads\/2018\/02\/Vieiras-PROIBIDA-A-C\u00d3PIA-POR-VE\u00cdCULO-DE-COMUNICA\u00c7\u00c3O-29.jpg 640w, https:\/\/anoticiaonline.com.br\/site\/wp-content\/uploads\/2018\/02\/Vieiras-PROIBIDA-A-C\u00d3PIA-POR-VE\u00cdCULO-DE-COMUNICA\u00c7\u00c3O-29-300x225.jpg 300w\" sizes=\"(max-width: 640px) 100vw, 640px\" \/><\/a><a href=\"https:\/\/anoticiaonline.com.br\/site\/wp-content\/uploads\/2018\/02\/Vieiras-PROIBIDA-A-C\u00d3PIA-POR-VE\u00cdCULO-DE-COMUNICA\u00c7\u00c3O-10.jpg\"><img decoding=\"async\" class=\"aligncenter size-full wp-image-49812\" src=\"https:\/\/anoticiaonline.com.br\/site\/wp-content\/uploads\/2018\/02\/Vieiras-PROIBIDA-A-C\u00d3PIA-POR-VE\u00cdCULO-DE-COMUNICA\u00c7\u00c3O-10.jpg\" alt=\"\" width=\"640\" height=\"427\" srcset=\"https:\/\/anoticiaonline.com.br\/site\/wp-content\/uploads\/2018\/02\/Vieiras-PROIBIDA-A-C\u00d3PIA-POR-VE\u00cdCULO-DE-COMUNICA\u00c7\u00c3O-10.jpg 640w, https:\/\/anoticiaonline.com.br\/site\/wp-content\/uploads\/2018\/02\/Vieiras-PROIBIDA-A-C\u00d3PIA-POR-VE\u00cdCULO-DE-COMUNICA\u00c7\u00c3O-10-300x200.jpg 300w\" sizes=\"(max-width: 640px) 100vw, 640px\" \/><\/a>O carnaval, mais conhecido pelos brasileiros como o \u201cMaior Espet\u00e1culo da Terra\u201d, tomou conta das ruas do centro da cidade de Vieiras. A festa, que teve in\u00edcio na sexta (9) e terminou na ter\u00e7a-feira (13), contou com desfiles dos blocos Boi Bumb\u00e1, Turma da Marreta, Curral e Guerreiros da Babil\u00f4nia, al\u00e9m das matin\u00eas e dos shows com as melhores bandas da regi\u00e3o, encerrando com a tradicional \u201cCervejada\u201d.<\/p>\n<p>Em seu segundo ano de mandato, o prefeito Adriano dos Santos, faz quest\u00e3o de investir em festas e movimentos culturais que agradam o povo e visitantes da cidade. \u201cProcuramos fazer uma festa democr\u00e1tica, envolvendo jovens, adultos, crian\u00e7as e a Melhor Idade, que gosta, principalmente, de relembrar os antigos carnavais. A prefeitura procura auxiliar com patroc\u00ednio para que o carnaval sempre aconte\u00e7a da melhor forma. Sabemos que n\u00e3o \u00e9 f\u00e1cil realizar uma bela festa em per\u00edodos de crise, mas vale a pena investir e receber visitantes em nossa cidade. Gostaria de agradecer a todos que estiveram conosco e aos demais colaboradores\u201d, diz.<\/p>\n<p>A secretaria municipal de Cultura idealizou o \u201cCarnavieiras 2018\u201d a partir de reuni\u00f5es dos organizadores, onde foram decididas diversas atra\u00e7\u00f5es. Foi montada \u201cAvenida dos Blocos\u201d, com toda a infraestrutura e seguran\u00e7a, e realizado tamb\u00e9m o j\u00e1 conhecido e bem humorado Concurso da Miss Piranha. Foram organizadas diversas atividades culturais como matin\u00eas para a Melhor Idade e para as crian\u00e7as. Al\u00e9m das apresenta\u00e7\u00f5es di\u00e1rias da banda Metais em Brasas e da Fanfarra da Farra, conta.<\/p>\n<p>Tamb\u00e9m fizeram parte do \u201cCarnavieiras 2018\u201d: Jo\u00e3ozinho dos Teclados, Luara Alves e Banda, DJ Flavinho Summer, Banda Xtreme Brasil, Banda Pegada Ousada, Banda Beijo Apimentado e D\u00e9bora Salgado e Banda.<\/p>\n<p>&nbsp;<\/p>\n<p style=\"text-align: center;\"><strong>PROIBIDA A C\u00d3PIA DE TEXTO E FOTOS SEM AUTORIZA\u00c7\u00c3O PR\u00c9VIA<\/strong><\/p>\n<p><a href=\"https:\/\/anoticiaonline.com.br\/site\/wp-content\/uploads\/2018\/02\/Vieiras-PROIBIDA-A-C\u00d3PIA-POR-VE\u00cdCULO-DE-COMUNICA\u00c7\u00c3O-43.jpg\"><img loading=\"lazy\" decoding=\"async\" class=\"aligncenter size-full wp-image-49815\" src=\"https:\/\/anoticiaonline.com.br\/site\/wp-content\/uploads\/2018\/02\/Vieiras-PROIBIDA-A-C\u00d3PIA-POR-VE\u00cdCULO-DE-COMUNICA\u00c7\u00c3O-43.jpg\" alt=\"\" width=\"640\" height=\"479\" srcset=\"https:\/\/anoticiaonline.com.br\/site\/wp-content\/uploads\/2018\/02\/Vieiras-PROIBIDA-A-C\u00d3PIA-POR-VE\u00cdCULO-DE-COMUNICA\u00c7\u00c3O-43.jpg 640w, https:\/\/anoticiaonline.com.br\/site\/wp-content\/uploads\/2018\/02\/Vieiras-PROIBIDA-A-C\u00d3PIA-POR-VE\u00cdCULO-DE-COMUNICA\u00c7\u00c3O-43-300x225.jpg 300w\" sizes=\"(max-width: 640px) 100vw, 640px\" \/><\/a><\/p>\n<p><a href=\"https:\/\/anoticiaonline.com.br\/site\/wp-content\/uploads\/2018\/02\/Vieiras-PROIBIDA-A-C\u00d3PIA-POR-VE\u00cdCULO-DE-COMUNICA\u00c7\u00c3O-51.jpg\"><img loading=\"lazy\" decoding=\"async\" class=\"aligncenter size-full wp-image-49817\" src=\"https:\/\/anoticiaonline.com.br\/site\/wp-content\/uploads\/2018\/02\/Vieiras-PROIBIDA-A-C\u00d3PIA-POR-VE\u00cdCULO-DE-COMUNICA\u00c7\u00c3O-51.jpg\" alt=\"\" width=\"640\" height=\"427\" srcset=\"https:\/\/anoticiaonline.com.br\/site\/wp-content\/uploads\/2018\/02\/Vieiras-PROIBIDA-A-C\u00d3PIA-POR-VE\u00cdCULO-DE-COMUNICA\u00c7\u00c3O-51.jpg 640w, https:\/\/anoticiaonline.com.br\/site\/wp-content\/uploads\/2018\/02\/Vieiras-PROIBIDA-A-C\u00d3PIA-POR-VE\u00cdCULO-DE-COMUNICA\u00c7\u00c3O-51-300x200.jpg 300w\" sizes=\"(max-width: 640px) 100vw, 640px\" \/><\/a><a href=\"https:\/\/anoticiaonline.com.br\/site\/wp-content\/uploads\/2018\/02\/Vieiras-PROIBIDA-A-C\u00d3PIA-POR-VE\u00cdCULO-DE-COMUNICA\u00c7\u00c3O-45.jpg\"><img loading=\"lazy\" decoding=\"async\" class=\"aligncenter size-full wp-image-49816\" src=\"https:\/\/anoticiaonline.com.br\/site\/wp-content\/uploads\/2018\/02\/Vieiras-PROIBIDA-A-C\u00d3PIA-POR-VE\u00cdCULO-DE-COMUNICA\u00c7\u00c3O-45.jpg\" alt=\"\" width=\"640\" height=\"426\" srcset=\"https:\/\/anoticiaonline.com.br\/site\/wp-content\/uploads\/2018\/02\/Vieiras-PROIBIDA-A-C\u00d3PIA-POR-VE\u00cdCULO-DE-COMUNICA\u00c7\u00c3O-45.jpg 640w, https:\/\/anoticiaonline.com.br\/site\/wp-content\/uploads\/2018\/02\/Vieiras-PROIBIDA-A-C\u00d3PIA-POR-VE\u00cdCULO-DE-COMUNICA\u00c7\u00c3O-45-300x200.jpg 300w\" sizes=\"(max-width: 640px) 100vw, 640px\" \/><\/a><\/p>\n<p><img decoding=\"async\" class=\"ngg_displayed_gallery mceItem\" src=\"https:\/\/anoticiaonline.com.br\/site\/nextgen-attach_to_post\/preview\/id--50195\" \/><\/p>\n","protected":false},"excerpt":{"rendered":"<p>O carnaval, mais conhecido pelos brasileiros como o \u201cMaior Espet\u00e1culo da Terra\u201d, tomou conta das ruas do centro da cidade de Vieiras. A festa, que teve in\u00edcio na sexta (9) e terminou na ter\u00e7a-feira (13), contou com desfiles dos blocos Boi Bumb\u00e1, Turma da Marreta, Curral e Guerreiros da Babil\u00f4nia, al\u00e9m das matin\u00eas e dos &#8230; <a title=\"\u201cCarnavieiras 2018\u201d agita populares\" class=\"read-more\" href=\"https:\/\/anoticiaonline.com.br\/site\/festa-e-alegria-carnavieiras-2018-agita-populares\/\" aria-label=\"Read more about \u201cCarnavieiras 2018\u201d agita populares\">Ler mais<\/a><\/p>\n","protected":false},"author":2,"featured_media":49814,"comment_status":"open","ping_status":"open","sticky":false,"template":"","format":"standard","meta":{"_acf_changed":false,"_monsterinsights_skip_tracking":false,"footnotes":""},"categories":[6],"tags":[794,1971,1921,1970,1973,1974,1968,1969,419,198,1975,1972,790],"class_list":["post-49810","post","type-post","status-publish","format-standard","has-post-thumbnail","hentry","category-regiao","tag-adriano-dos-santos","tag-boi-bumba","tag-carnaval","tag-cervejada","tag-curral","tag-guerreiros-da-babilonia","tag-maior-espetaculo-da-terra","tag-mg","tag-minas-gerais","tag-prefeito","tag-prefeito-de-vieiras","tag-turma-da-marreta","tag-vieiras"],"acf":[],"aioseo_notices":[],"aioseo_head":"\n\t\t<!-- All in One SEO 5.0.0.1 - aioseo.com -->\n\t<meta name=\"description\" content=\"O carnaval, mais conhecido pelos brasileiros como o \u201cMaior Espet\u00e1culo da Terra\u201d, tomou conta das ruas do centro da cidade de Vieiras. A festa, que teve in\u00edcio na sexta (9) e terminou na ter\u00e7a-feira (13), contou com desfiles dos blocos Boi Bumb\u00e1, Turma da Marreta, Curral e Guerreiros da Babil\u00f4nia, al\u00e9m das matin\u00eas e dos\" \/>\n\t<meta name=\"robots\" content=\"max-image-preview:large\" \/>\n\t<meta name=\"author\" content=\"Juliana Laviola\"\/>\n\t<link rel=\"canonical\" href=\"https:\/\/anoticiaonline.com.br\/site\/festa-e-alegria-carnavieiras-2018-agita-populares\/\" \/>\n\t<meta name=\"generator\" content=\"All in One SEO (AIOSEO) 5.0.0.1\" \/>\n\t\t<meta property=\"og:locale\" content=\"pt_BR\" \/>\n\t\t<meta property=\"og:site_name\" content=\"A Not\u00edcia Online - Noticias de Muria\u00e9 e regi\u00e3o\" \/>\n\t\t<meta property=\"og:type\" content=\"article\" \/>\n\t\t<meta property=\"og:title\" content=\"\u201cCarnavieiras 2018\u201d agita populares - A Not\u00edcia Online\" \/>\n\t\t<meta property=\"og:description\" content=\"O carnaval, mais conhecido pelos brasileiros como o \u201cMaior Espet\u00e1culo da Terra\u201d, tomou conta das ruas do centro da cidade de Vieiras. A festa, que teve in\u00edcio na sexta (9) e terminou na ter\u00e7a-feira (13), contou com desfiles dos blocos Boi Bumb\u00e1, Turma da Marreta, Curral e Guerreiros da Babil\u00f4nia, al\u00e9m das matin\u00eas e dos\" \/>\n\t\t<meta property=\"og:url\" content=\"https:\/\/anoticiaonline.com.br\/site\/festa-e-alegria-carnavieiras-2018-agita-populares\/\" \/>\n\t\t<meta property=\"og:image\" content=\"https:\/\/scontent-gig4-1.xx.fbcdn.net\/v\/t39.30808-1\/270437624_4564083193639691_6907940295614233970_n.jpg?stp=dst-jpg_s200x200_tt6&#038;_nc_cat=111&#038;ccb=1-7&#038;_nc_sid=f907e8&#038;_nc_ohc=SM1wRlP3lJwQ7kNvwEPuBYA&#038;_nc_oc=AdnqrjDN_BNjSSHWO-GbkIWH6fkGMLw4bqvL_NH6e2wMveX7G-rP2dAqsDSq1mJMOaY&#038;_nc_zt=24&#038;_nc_ht=scontent-gig4-1.xx&#038;_nc_gid=AoBFJeGrT1hVaew_6rchkQ&#038;oh=00_AfX7QmFGhQhG2jAllVgXCiM1ZrWgvtp80-Bfppyexh1QEg&#038;oe=689E923C\" \/>\n\t\t<meta property=\"og:image:secure_url\" content=\"https:\/\/scontent-gig4-1.xx.fbcdn.net\/v\/t39.30808-1\/270437624_4564083193639691_6907940295614233970_n.jpg?stp=dst-jpg_s200x200_tt6&#038;_nc_cat=111&#038;ccb=1-7&#038;_nc_sid=f907e8&#038;_nc_ohc=SM1wRlP3lJwQ7kNvwEPuBYA&#038;_nc_oc=AdnqrjDN_BNjSSHWO-GbkIWH6fkGMLw4bqvL_NH6e2wMveX7G-rP2dAqsDSq1mJMOaY&#038;_nc_zt=24&#038;_nc_ht=scontent-gig4-1.xx&#038;_nc_gid=AoBFJeGrT1hVaew_6rchkQ&#038;oh=00_AfX7QmFGhQhG2jAllVgXCiM1ZrWgvtp80-Bfppyexh1QEg&#038;oe=689E923C\" \/>\n\t\t<meta property=\"article:published_time\" content=\"2018-02-15T22:21:23+00:00\" \/>\n\t\t<meta property=\"article:modified_time\" content=\"2018-02-23T13:52:10+00:00\" \/>\n\t\t<meta name=\"twitter:card\" content=\"summary_large_image\" \/>\n\t\t<meta name=\"twitter:title\" content=\"\u201cCarnavieiras 2018\u201d agita populares - A Not\u00edcia Online\" \/>\n\t\t<meta name=\"twitter:description\" content=\"O carnaval, mais conhecido pelos brasileiros como o \u201cMaior Espet\u00e1culo da Terra\u201d, tomou conta das ruas do centro da cidade de Vieiras. A festa, que teve in\u00edcio na sexta (9) e terminou na ter\u00e7a-feira (13), contou com desfiles dos blocos Boi Bumb\u00e1, Turma da Marreta, Curral e Guerreiros da Babil\u00f4nia, al\u00e9m das matin\u00eas e dos\" \/>\n\t\t<meta name=\"twitter:image\" content=\"https:\/\/scontent-gig4-1.xx.fbcdn.net\/v\/t39.30808-1\/270437624_4564083193639691_6907940295614233970_n.jpg?stp=dst-jpg_s200x200_tt6&amp;_nc_cat=111&amp;ccb=1-7&amp;_nc_sid=f907e8&amp;_nc_ohc=SM1wRlP3lJwQ7kNvwEPuBYA&amp;_nc_oc=AdnqrjDN_BNjSSHWO-GbkIWH6fkGMLw4bqvL_NH6e2wMveX7G-rP2dAqsDSq1mJMOaY&amp;_nc_zt=24&amp;_nc_ht=scontent-gig4-1.xx&amp;_nc_gid=AoBFJeGrT1hVaew_6rchkQ&amp;oh=00_AfX7QmFGhQhG2jAllVgXCiM1ZrWgvtp80-Bfppyexh1QEg&amp;oe=689E923C\" \/>\n\t\t<script type=\"application\/ld+json\" class=\"aioseo-schema\">\n\t\t\t{\"@context\":\"https:\\\/\\\/schema.org\",\"@graph\":[{\"@type\":\"BlogPosting\",\"@id\":\"https:\\\/\\\/anoticiaonline.com.br\\\/site\\\/festa-e-alegria-carnavieiras-2018-agita-populares\\\/#blogposting\",\"name\":\"\\u201cCarnavieiras 2018\\u201d agita populares - A Not\\u00edcia Online\",\"headline\":\"\\u201cCarnavieiras 2018\\u201d agita populares\",\"author\":{\"@id\":\"https:\\\/\\\/anoticiaonline.com.br\\\/site\\\/author\\\/juliana\\\/#author\"},\"publisher\":{\"@id\":\"https:\\\/\\\/anoticiaonline.com.br\\\/site\\\/#organization\"},\"image\":{\"@type\":\"ImageObject\",\"url\":\"https:\\\/\\\/anoticiaonline.com.br\\\/site\\\/wp-content\\\/uploads\\\/2018\\\/02\\\/Vieiras-PROIBIDA-A-C\\u00d3PIA-POR-VE\\u00cdCULO-DE-COMUNICA\\u00c7\\u00c3O-29.jpg\",\"width\":640,\"height\":480},\"datePublished\":\"2018-02-15T19:21:23-03:00\",\"dateModified\":\"2018-02-23T10:52:10-03:00\",\"inLanguage\":\"pt-BR\",\"mainEntityOfPage\":{\"@id\":\"https:\\\/\\\/anoticiaonline.com.br\\\/site\\\/festa-e-alegria-carnavieiras-2018-agita-populares\\\/#webpage\"},\"isPartOf\":{\"@id\":\"https:\\\/\\\/anoticiaonline.com.br\\\/site\\\/festa-e-alegria-carnavieiras-2018-agita-populares\\\/#webpage\"},\"articleSection\":\"Regi\\u00e3o, Adriano dos Santos, Boi Bumb\\u00e1, carnaval, Cervejada, Curral, Guerreiros da Babil\\u00f4nia, Maior Espet\\u00e1culo da Terra, MG, minas gerais, prefeito, prefeito de Vieiras, Turma da Marreta, Vieiras\"},{\"@type\":\"BreadcrumbList\",\"@id\":\"https:\\\/\\\/anoticiaonline.com.br\\\/site\\\/festa-e-alegria-carnavieiras-2018-agita-populares\\\/#breadcrumblist\",\"itemListElement\":[{\"@type\":\"ListItem\",\"@id\":\"https:\\\/\\\/anoticiaonline.com.br\\\/site#listItem\",\"position\":1,\"name\":\"Home\",\"item\":\"https:\\\/\\\/anoticiaonline.com.br\\\/site\",\"nextItem\":{\"@type\":\"ListItem\",\"@id\":\"https:\\\/\\\/anoticiaonline.com.br\\\/site\\\/categoria\\\/regiao\\\/#listItem\",\"name\":\"Regi\\u00e3o\"}},{\"@type\":\"ListItem\",\"@id\":\"https:\\\/\\\/anoticiaonline.com.br\\\/site\\\/categoria\\\/regiao\\\/#listItem\",\"position\":2,\"name\":\"Regi\\u00e3o\",\"item\":\"https:\\\/\\\/anoticiaonline.com.br\\\/site\\\/categoria\\\/regiao\\\/\",\"nextItem\":{\"@type\":\"ListItem\",\"@id\":\"https:\\\/\\\/anoticiaonline.com.br\\\/site\\\/festa-e-alegria-carnavieiras-2018-agita-populares\\\/#listItem\",\"name\":\"\\u201cCarnavieiras 2018\\u201d agita populares\"},\"previousItem\":{\"@type\":\"ListItem\",\"@id\":\"https:\\\/\\\/anoticiaonline.com.br\\\/site#listItem\",\"name\":\"Home\"}},{\"@type\":\"ListItem\",\"@id\":\"https:\\\/\\\/anoticiaonline.com.br\\\/site\\\/festa-e-alegria-carnavieiras-2018-agita-populares\\\/#listItem\",\"position\":3,\"name\":\"\\u201cCarnavieiras 2018\\u201d agita populares\",\"previousItem\":{\"@type\":\"ListItem\",\"@id\":\"https:\\\/\\\/anoticiaonline.com.br\\\/site\\\/categoria\\\/regiao\\\/#listItem\",\"name\":\"Regi\\u00e3o\"}}]},{\"@type\":\"Organization\",\"@id\":\"https:\\\/\\\/anoticiaonline.com.br\\\/site\\\/#organization\",\"name\":\"A Not\\u00edcia Online\",\"description\":\"Noticias de Muria\\u00e9 e regi\\u00e3o\",\"url\":\"https:\\\/\\\/anoticiaonline.com.br\\\/site\\\/\",\"logo\":{\"@type\":\"ImageObject\",\"url\":\"https:\\\/\\\/scontent-gig4-1.xx.fbcdn.net\\\/v\\\/t39.30808-1\\\/270437624_4564083193639691_6907940295614233970_n.jpg?stp=dst-jpg_s200x200_tt6&_nc_cat=111&ccb=1-7&_nc_sid=f907e8&_nc_ohc=SM1wRlP3lJwQ7kNvwEPuBYA&_nc_oc=AdnqrjDN_BNjSSHWO-GbkIWH6fkGMLw4bqvL_NH6e2wMveX7G-rP2dAqsDSq1mJMOaY&_nc_zt=24&_nc_ht=scontent-gig4-1.xx&_nc_gid=AoBFJeGrT1hVaew_6rchkQ&oh=00_AfX7QmFGhQhG2jAllVgXCiM1ZrWgvtp80-Bfppyexh1QEg&oe=689E923C\",\"@id\":\"https:\\\/\\\/anoticiaonline.com.br\\\/site\\\/festa-e-alegria-carnavieiras-2018-agita-populares\\\/#organizationLogo\"},\"image\":{\"@id\":\"https:\\\/\\\/anoticiaonline.com.br\\\/site\\\/festa-e-alegria-carnavieiras-2018-agita-populares\\\/#organizationLogo\"}},{\"@type\":\"Person\",\"@id\":\"https:\\\/\\\/anoticiaonline.com.br\\\/site\\\/author\\\/juliana\\\/#author\",\"url\":\"https:\\\/\\\/anoticiaonline.com.br\\\/site\\\/author\\\/juliana\\\/\",\"name\":\"Juliana Laviola\",\"image\":{\"@type\":\"ImageObject\",\"@id\":\"https:\\\/\\\/anoticiaonline.com.br\\\/site\\\/festa-e-alegria-carnavieiras-2018-agita-populares\\\/#authorImage\",\"url\":\"https:\\\/\\\/secure.gravatar.com\\\/avatar\\\/b8d45f5c699b100dfaf0e543582f38f38bf94cb7ae3a5e9abf8d891a34773335?s=96&d=mm&r=g\",\"width\":96,\"height\":96,\"caption\":\"Juliana Laviola\"}},{\"@type\":\"WebPage\",\"@id\":\"https:\\\/\\\/anoticiaonline.com.br\\\/site\\\/festa-e-alegria-carnavieiras-2018-agita-populares\\\/#webpage\",\"url\":\"https:\\\/\\\/anoticiaonline.com.br\\\/site\\\/festa-e-alegria-carnavieiras-2018-agita-populares\\\/\",\"name\":\"\\u201cCarnavieiras 2018\\u201d agita populares - A Not\\u00edcia Online\",\"description\":\"O carnaval, mais conhecido pelos brasileiros como o \\u201cMaior Espet\\u00e1culo da Terra\\u201d, tomou conta das ruas do centro da cidade de Vieiras. A festa, que teve in\\u00edcio na sexta (9) e terminou na ter\\u00e7a-feira (13), contou com desfiles dos blocos Boi Bumb\\u00e1, Turma da Marreta, Curral e Guerreiros da Babil\\u00f4nia, al\\u00e9m das matin\\u00eas e dos\",\"inLanguage\":\"pt-BR\",\"isPartOf\":{\"@id\":\"https:\\\/\\\/anoticiaonline.com.br\\\/site\\\/#website\"},\"breadcrumb\":{\"@id\":\"https:\\\/\\\/anoticiaonline.com.br\\\/site\\\/festa-e-alegria-carnavieiras-2018-agita-populares\\\/#breadcrumblist\"},\"author\":{\"@id\":\"https:\\\/\\\/anoticiaonline.com.br\\\/site\\\/author\\\/juliana\\\/#author\"},\"creator\":{\"@id\":\"https:\\\/\\\/anoticiaonline.com.br\\\/site\\\/author\\\/juliana\\\/#author\"},\"image\":{\"@type\":\"ImageObject\",\"url\":\"https:\\\/\\\/anoticiaonline.com.br\\\/site\\\/wp-content\\\/uploads\\\/2018\\\/02\\\/Vieiras-PROIBIDA-A-C\\u00d3PIA-POR-VE\\u00cdCULO-DE-COMUNICA\\u00c7\\u00c3O-29.jpg\",\"@id\":\"https:\\\/\\\/anoticiaonline.com.br\\\/site\\\/festa-e-alegria-carnavieiras-2018-agita-populares\\\/#mainImage\",\"width\":640,\"height\":480},\"primaryImageOfPage\":{\"@id\":\"https:\\\/\\\/anoticiaonline.com.br\\\/site\\\/festa-e-alegria-carnavieiras-2018-agita-populares\\\/#mainImage\"},\"datePublished\":\"2018-02-15T19:21:23-03:00\",\"dateModified\":\"2018-02-23T10:52:10-03:00\"},{\"@type\":\"WebSite\",\"@id\":\"https:\\\/\\\/anoticiaonline.com.br\\\/site\\\/#website\",\"url\":\"https:\\\/\\\/anoticiaonline.com.br\\\/site\\\/\",\"name\":\"A Not\\u00edcia Online\",\"description\":\"Noticias de Muria\\u00e9 e regi\\u00e3o\",\"inLanguage\":\"pt-BR\",\"publisher\":{\"@id\":\"https:\\\/\\\/anoticiaonline.com.br\\\/site\\\/#organization\"}}]}\n\t\t<\/script>\n\t\t<!-- All in One SEO -->\n\n","aioseo_head_json":{"title":"\u201cCarnavieiras 2018\u201d agita populares - A Not\u00edcia Online","description":"O carnaval, mais conhecido pelos brasileiros como o \u201cMaior Espet\u00e1culo da Terra\u201d, tomou conta das ruas do centro da cidade de Vieiras. A festa, que teve in\u00edcio na sexta (9) e terminou na ter\u00e7a-feira (13), contou com desfiles dos blocos Boi Bumb\u00e1, Turma da Marreta, Curral e Guerreiros da Babil\u00f4nia, al\u00e9m das matin\u00eas e dos","canonical_url":"https:\/\/anoticiaonline.com.br\/site\/festa-e-alegria-carnavieiras-2018-agita-populares\/","robots":"max-image-preview:large","keywords":"","webmasterTools":{"miscellaneous":""},"schema":{"@context":"https:\/\/schema.org","@graph":[{"@type":"BlogPosting","@id":"https:\/\/anoticiaonline.com.br\/site\/festa-e-alegria-carnavieiras-2018-agita-populares\/#blogposting","name":"\u201cCarnavieiras 2018\u201d agita populares - A Not\u00edcia Online","headline":"\u201cCarnavieiras 2018\u201d agita populares","author":{"@id":"https:\/\/anoticiaonline.com.br\/site\/author\/juliana\/#author"},"publisher":{"@id":"https:\/\/anoticiaonline.com.br\/site\/#organization"},"image":{"@type":"ImageObject","url":"https:\/\/anoticiaonline.com.br\/site\/wp-content\/uploads\/2018\/02\/Vieiras-PROIBIDA-A-C\u00d3PIA-POR-VE\u00cdCULO-DE-COMUNICA\u00c7\u00c3O-29.jpg","width":640,"height":480},"datePublished":"2018-02-15T19:21:23-03:00","dateModified":"2018-02-23T10:52:10-03:00","inLanguage":"pt-BR","mainEntityOfPage":{"@id":"https:\/\/anoticiaonline.com.br\/site\/festa-e-alegria-carnavieiras-2018-agita-populares\/#webpage"},"isPartOf":{"@id":"https:\/\/anoticiaonline.com.br\/site\/festa-e-alegria-carnavieiras-2018-agita-populares\/#webpage"},"articleSection":"Regi\u00e3o, Adriano dos Santos, Boi Bumb\u00e1, carnaval, Cervejada, Curral, Guerreiros da Babil\u00f4nia, Maior Espet\u00e1culo da Terra, MG, minas gerais, prefeito, prefeito de Vieiras, Turma da Marreta, Vieiras"},{"@type":"BreadcrumbList","@id":"https:\/\/anoticiaonline.com.br\/site\/festa-e-alegria-carnavieiras-2018-agita-populares\/#breadcrumblist","itemListElement":[{"@type":"ListItem","@id":"https:\/\/anoticiaonline.com.br\/site#listItem","position":1,"name":"Home","item":"https:\/\/anoticiaonline.com.br\/site","nextItem":{"@type":"ListItem","@id":"https:\/\/anoticiaonline.com.br\/site\/categoria\/regiao\/#listItem","name":"Regi\u00e3o"}},{"@type":"ListItem","@id":"https:\/\/anoticiaonline.com.br\/site\/categoria\/regiao\/#listItem","position":2,"name":"Regi\u00e3o","item":"https:\/\/anoticiaonline.com.br\/site\/categoria\/regiao\/","nextItem":{"@type":"ListItem","@id":"https:\/\/anoticiaonline.com.br\/site\/festa-e-alegria-carnavieiras-2018-agita-populares\/#listItem","name":"\u201cCarnavieiras 2018\u201d agita populares"},"previousItem":{"@type":"ListItem","@id":"https:\/\/anoticiaonline.com.br\/site#listItem","name":"Home"}},{"@type":"ListItem","@id":"https:\/\/anoticiaonline.com.br\/site\/festa-e-alegria-carnavieiras-2018-agita-populares\/#listItem","position":3,"name":"\u201cCarnavieiras 2018\u201d agita populares","previousItem":{"@type":"ListItem","@id":"https:\/\/anoticiaonline.com.br\/site\/categoria\/regiao\/#listItem","name":"Regi\u00e3o"}}]},{"@type":"Organization","@id":"https:\/\/anoticiaonline.com.br\/site\/#organization","name":"A Not\u00edcia Online","description":"Noticias de Muria\u00e9 e regi\u00e3o","url":"https:\/\/anoticiaonline.com.br\/site\/","logo":{"@type":"ImageObject","url":"https:\/\/scontent-gig4-1.xx.fbcdn.net\/v\/t39.30808-1\/270437624_4564083193639691_6907940295614233970_n.jpg?stp=dst-jpg_s200x200_tt6&_nc_cat=111&ccb=1-7&_nc_sid=f907e8&_nc_ohc=SM1wRlP3lJwQ7kNvwEPuBYA&_nc_oc=AdnqrjDN_BNjSSHWO-GbkIWH6fkGMLw4bqvL_NH6e2wMveX7G-rP2dAqsDSq1mJMOaY&_nc_zt=24&_nc_ht=scontent-gig4-1.xx&_nc_gid=AoBFJeGrT1hVaew_6rchkQ&oh=00_AfX7QmFGhQhG2jAllVgXCiM1ZrWgvtp80-Bfppyexh1QEg&oe=689E923C","@id":"https:\/\/anoticiaonline.com.br\/site\/festa-e-alegria-carnavieiras-2018-agita-populares\/#organizationLogo"},"image":{"@id":"https:\/\/anoticiaonline.com.br\/site\/festa-e-alegria-carnavieiras-2018-agita-populares\/#organizationLogo"}},{"@type":"Person","@id":"https:\/\/anoticiaonline.com.br\/site\/author\/juliana\/#author","url":"https:\/\/anoticiaonline.com.br\/site\/author\/juliana\/","name":"Juliana Laviola","image":{"@type":"ImageObject","@id":"https:\/\/anoticiaonline.com.br\/site\/festa-e-alegria-carnavieiras-2018-agita-populares\/#authorImage","url":"https:\/\/secure.gravatar.com\/avatar\/b8d45f5c699b100dfaf0e543582f38f38bf94cb7ae3a5e9abf8d891a34773335?s=96&d=mm&r=g","width":96,"height":96,"caption":"Juliana Laviola"}},{"@type":"WebPage","@id":"https:\/\/anoticiaonline.com.br\/site\/festa-e-alegria-carnavieiras-2018-agita-populares\/#webpage","url":"https:\/\/anoticiaonline.com.br\/site\/festa-e-alegria-carnavieiras-2018-agita-populares\/","name":"\u201cCarnavieiras 2018\u201d agita populares - A Not\u00edcia Online","description":"O carnaval, mais conhecido pelos brasileiros como o \u201cMaior Espet\u00e1culo da Terra\u201d, tomou conta das ruas do centro da cidade de Vieiras. A festa, que teve in\u00edcio na sexta (9) e terminou na ter\u00e7a-feira (13), contou com desfiles dos blocos Boi Bumb\u00e1, Turma da Marreta, Curral e Guerreiros da Babil\u00f4nia, al\u00e9m das matin\u00eas e dos","inLanguage":"pt-BR","isPartOf":{"@id":"https:\/\/anoticiaonline.com.br\/site\/#website"},"breadcrumb":{"@id":"https:\/\/anoticiaonline.com.br\/site\/festa-e-alegria-carnavieiras-2018-agita-populares\/#breadcrumblist"},"author":{"@id":"https:\/\/anoticiaonline.com.br\/site\/author\/juliana\/#author"},"creator":{"@id":"https:\/\/anoticiaonline.com.br\/site\/author\/juliana\/#author"},"image":{"@type":"ImageObject","url":"https:\/\/anoticiaonline.com.br\/site\/wp-content\/uploads\/2018\/02\/Vieiras-PROIBIDA-A-C\u00d3PIA-POR-VE\u00cdCULO-DE-COMUNICA\u00c7\u00c3O-29.jpg","@id":"https:\/\/anoticiaonline.com.br\/site\/festa-e-alegria-carnavieiras-2018-agita-populares\/#mainImage","width":640,"height":480},"primaryImageOfPage":{"@id":"https:\/\/anoticiaonline.com.br\/site\/festa-e-alegria-carnavieiras-2018-agita-populares\/#mainImage"},"datePublished":"2018-02-15T19:21:23-03:00","dateModified":"2018-02-23T10:52:10-03:00"},{"@type":"WebSite","@id":"https:\/\/anoticiaonline.com.br\/site\/#website","url":"https:\/\/anoticiaonline.com.br\/site\/","name":"A Not\u00edcia Online","description":"Noticias de Muria\u00e9 e regi\u00e3o","inLanguage":"pt-BR","publisher":{"@id":"https:\/\/anoticiaonline.com.br\/site\/#organization"}}]},"og:locale":"pt_BR","og:site_name":"A Not\u00edcia Online - Noticias de Muria\u00e9 e regi\u00e3o","og:type":"article","og:title":"\u201cCarnavieiras 2018\u201d agita populares - A Not\u00edcia Online","og:description":"O carnaval, mais conhecido pelos brasileiros como o \u201cMaior Espet\u00e1culo da Terra\u201d, tomou conta das ruas do centro da cidade de Vieiras. A festa, que teve in\u00edcio na sexta (9) e terminou na ter\u00e7a-feira (13), contou com desfiles dos blocos Boi Bumb\u00e1, Turma da Marreta, Curral e Guerreiros da Babil\u00f4nia, al\u00e9m das matin\u00eas e dos","og:url":"https:\/\/anoticiaonline.com.br\/site\/festa-e-alegria-carnavieiras-2018-agita-populares\/","og:image":"https:\/\/scontent-gig4-1.xx.fbcdn.net\/v\/t39.30808-1\/270437624_4564083193639691_6907940295614233970_n.jpg?stp=dst-jpg_s200x200_tt6&#038;_nc_cat=111&#038;ccb=1-7&#038;_nc_sid=f907e8&#038;_nc_ohc=SM1wRlP3lJwQ7kNvwEPuBYA&#038;_nc_oc=AdnqrjDN_BNjSSHWO-GbkIWH6fkGMLw4bqvL_NH6e2wMveX7G-rP2dAqsDSq1mJMOaY&#038;_nc_zt=24&#038;_nc_ht=scontent-gig4-1.xx&#038;_nc_gid=AoBFJeGrT1hVaew_6rchkQ&#038;oh=00_AfX7QmFGhQhG2jAllVgXCiM1ZrWgvtp80-Bfppyexh1QEg&#038;oe=689E923C","og:image:secure_url":"https:\/\/scontent-gig4-1.xx.fbcdn.net\/v\/t39.30808-1\/270437624_4564083193639691_6907940295614233970_n.jpg?stp=dst-jpg_s200x200_tt6&#038;_nc_cat=111&#038;ccb=1-7&#038;_nc_sid=f907e8&#038;_nc_ohc=SM1wRlP3lJwQ7kNvwEPuBYA&#038;_nc_oc=AdnqrjDN_BNjSSHWO-GbkIWH6fkGMLw4bqvL_NH6e2wMveX7G-rP2dAqsDSq1mJMOaY&#038;_nc_zt=24&#038;_nc_ht=scontent-gig4-1.xx&#038;_nc_gid=AoBFJeGrT1hVaew_6rchkQ&#038;oh=00_AfX7QmFGhQhG2jAllVgXCiM1ZrWgvtp80-Bfppyexh1QEg&#038;oe=689E923C","article:published_time":"2018-02-15T22:21:23+00:00","article:modified_time":"2018-02-23T13:52:10+00:00","twitter:card":"summary_large_image","twitter:title":"\u201cCarnavieiras 2018\u201d agita populares - A Not\u00edcia Online","twitter:description":"O carnaval, mais conhecido pelos brasileiros como o \u201cMaior Espet\u00e1culo da Terra\u201d, tomou conta das ruas do centro da cidade de Vieiras. A festa, que teve in\u00edcio na sexta (9) e terminou na ter\u00e7a-feira (13), contou com desfiles dos blocos Boi Bumb\u00e1, Turma da Marreta, Curral e Guerreiros da Babil\u00f4nia, al\u00e9m das matin\u00eas e dos","twitter:image":"https:\/\/scontent-gig4-1.xx.fbcdn.net\/v\/t39.30808-1\/270437624_4564083193639691_6907940295614233970_n.jpg?stp=dst-jpg_s200x200_tt6&_nc_cat=111&ccb=1-7&_nc_sid=f907e8&_nc_ohc=SM1wRlP3lJwQ7kNvwEPuBYA&_nc_oc=AdnqrjDN_BNjSSHWO-GbkIWH6fkGMLw4bqvL_NH6e2wMveX7G-rP2dAqsDSq1mJMOaY&_nc_zt=24&_nc_ht=scontent-gig4-1.xx&_nc_gid=AoBFJeGrT1hVaew_6rchkQ&oh=00_AfX7QmFGhQhG2jAllVgXCiM1ZrWgvtp80-Bfppyexh1QEg&oe=689E923C"},"aioseo_meta_data":{"post_id":"49810","title":null,"description":null,"keywords":null,"keyphrases":null,"primary_term":null,"canonical_url":null,"og_title":null,"og_description":null,"og_object_type":"default","og_image_type":"default","og_image_url":null,"og_image_width":null,"og_image_height":null,"og_image_custom_url":null,"og_image_custom_fields":null,"og_video":null,"og_custom_url":null,"og_article_section":null,"og_article_tags":null,"twitter_use_og":false,"twitter_card":"default","twitter_image_type":"default","twitter_image_url":null,"twitter_image_custom_url":null,"twitter_image_custom_fields":null,"twitter_title":null,"twitter_description":null,"schema":{"blockGraphs":[],"customGraphs":[],"default":{"data":{"Article":[],"Course":[],"Dataset":[],"FAQPage":[],"Movie":[],"Person":[],"Product":[],"ProductReview":[],"Car":[],"Recipe":[],"Service":[],"SoftwareApplication":[],"WebPage":[]},"graphName":"","isEnabled":true},"graphs":[]},"schema_type":"default","schema_type_options":null,"pillar_content":false,"robots_default":true,"robots_noindex":false,"robots_noarchive":false,"robots_nosnippet":false,"robots_nofollow":false,"robots_noimageindex":false,"robots_noodp":false,"robots_notranslate":false,"robots_max_snippet":null,"robots_max_videopreview":null,"robots_max_imagepreview":"large","priority":null,"frequency":null,"local_seo":null,"breadcrumb_settings":null,"limit_modified_date":false,"ai":null,"created":"2025-08-16 20:18:53","updated":"2025-08-16 20:18:53","focus_keyword":null,"additional_keywords":null,"truseo_locale":null,"seo_analyzer_scan_date":null},"aioseo_breadcrumb":"<div class=\"aioseo-breadcrumbs\"><span class=\"aioseo-breadcrumb\">\n\t\t\t<a href=\"https:\/\/anoticiaonline.com.br\/site\" title=\"Home\">Home<\/a>\n\t\t<\/span><span class=\"aioseo-breadcrumb-separator\">&raquo;<\/span><span class=\"aioseo-breadcrumb\">\n\t\t\t<a href=\"https:\/\/anoticiaonline.com.br\/site\/categoria\/regiao\/\" title=\"Regi\u00e3o\">Regi\u00e3o<\/a>\n\t\t<\/span><span class=\"aioseo-breadcrumb-separator\">&raquo;<\/span><span class=\"aioseo-breadcrumb\">\n\t\t\t\u201cCarnavieiras 2018\u201d agita populares\n\t\t<\/span><\/div>","aioseo_breadcrumb_json":[{"label":"Home","link":"https:\/\/anoticiaonline.com.br\/site"},{"label":"Regi\u00e3o","link":"https:\/\/anoticiaonline.com.br\/site\/categoria\/regiao\/"},{"label":"\u201cCarnavieiras 2018\u201d agita populares","link":"https:\/\/anoticiaonline.com.br\/site\/festa-e-alegria-carnavieiras-2018-agita-populares\/"}],"views":208,"_links":{"self":[{"href":"https:\/\/anoticiaonline.com.br\/site\/wp-json\/wp\/v2\/posts\/49810","targetHints":{"allow":["GET"]}}],"collection":[{"href":"https:\/\/anoticiaonline.com.br\/site\/wp-json\/wp\/v2\/posts"}],"about":[{"href":"https:\/\/anoticiaonline.com.br\/site\/wp-json\/wp\/v2\/types\/post"}],"author":[{"embeddable":true,"href":"https:\/\/anoticiaonline.com.br\/site\/wp-json\/wp\/v2\/users\/2"}],"replies":[{"embeddable":true,"href":"https:\/\/anoticiaonline.com.br\/site\/wp-json\/wp\/v2\/comments?post=49810"}],"version-history":[{"count":0,"href":"https:\/\/anoticiaonline.com.br\/site\/wp-json\/wp\/v2\/posts\/49810\/revisions"}],"wp:featuredmedia":[{"embeddable":true,"href":"https:\/\/anoticiaonline.com.br\/site\/wp-json\/wp\/v2\/media\/49814"}],"wp:attachment":[{"href":"https:\/\/anoticiaonline.com.br\/site\/wp-json\/wp\/v2\/media?parent=49810"}],"wp:term":[{"taxonomy":"category","embeddable":true,"href":"https:\/\/anoticiaonline.com.br\/site\/wp-json\/wp\/v2\/categories?post=49810"},{"taxonomy":"post_tag","embeddable":true,"href":"https:\/\/anoticiaonline.com.br\/site\/wp-json\/wp\/v2\/tags?post=49810"}],"curies":[{"name":"wp","href":"https:\/\/api.w.org\/{rel}","templated":true}]}}