{"id":49802,"date":"2018-02-15T16:46:17","date_gmt":"2018-02-15T19:46:17","guid":{"rendered":"http:\/\/anoticiaonline.com.br\/site\/?p=49802"},"modified":"2018-02-15T16:46:17","modified_gmt":"2018-02-15T19:46:17","slug":"as-mudancas-e-oportunidades-do-setor-de-producao","status":"publish","type":"post","link":"https:\/\/anoticiaonline.com.br\/site\/as-mudancas-e-oportunidades-do-setor-de-producao\/","title":{"rendered":"As mudan\u00e7as e oportunidades do setor de produ\u00e7\u00e3o"},"content":{"rendered":"<p>Durante muitos anos a geografia mundial do setor de produ\u00e7\u00e3o permaneceu centrada em locais de baixo custo. No entanto, nos \u00faltimas d\u00e9cadas, mudan\u00e7as e oportunidades do setor est\u00e3o surgindo. H\u00e1 uma gama de grandes oportunidades para as ind\u00fastrias que souberem iniciar narrativas de renova\u00e7\u00e3o de suas estruturas.<\/p>\n<p>Flavio da Silveira Bruno, explica em seu Estudo \u201cA Quarta Revolu\u00e7\u00e3o Industrial do Setor T\u00eaxtil e de Confec\u00e7\u00e3o: a Vis\u00e3o de Futuro para 2030\u201d que de 1994 a 2004 as cotas que protegiam as ind\u00fastrias localizadas em mercados ricos contra a entrada de produtos fabricados em pa\u00edses de menor complexidade econ\u00f4mica foram gradativamente eliminadas, ap\u00f3s a ascens\u00e3o da China e outros pa\u00edses asi\u00e1ticos na competi\u00e7\u00e3o por pre\u00e7os baixos. No entanto, para o setor t\u00eaxtil, a economia abriu novos cominhos que desde ent\u00e3o, n\u00e3o estavam previstos.<\/p>\n<p>Com a ascens\u00e3o da tecnologia e da internet, a informa\u00e7\u00e3o passou a ser disseminada em tempo real para qualquer parte do planeta. Isso trouxe uma estrat\u00e9gia nova de aproxima\u00e7\u00e3o entre a produ\u00e7\u00e3o e do consumidor final.<\/p>\n<p>Nos pa\u00edses asi\u00e1ticos, v\u00e1rios produtores de vestu\u00e1rio aperfei\u00e7oaram suas capacidades e t\u00eam assumido novas fun\u00e7\u00f5es. Com o surgimento e explora\u00e7\u00e3o das tecnologias da informa\u00e7\u00e3o iniciou ent\u00e3o uma interconex\u00e3o entre diversos est\u00e1gios das cadeias, reduzindo custos e riscos associados a estoques obsoletos, perdas de vendas e etc. Fornecedores passaram a integrar suas opera\u00e7\u00f5es, deixando o antigo perfil de simples \u201cparte\u201d do processo de montagem de pacotes completos para fornecedores de servi\u00e7os e produtos mais completos que suprem as necessidades do cliente, esse processo \u00e9 conhecido como <em>full-package<\/em>.<\/p>\n<p>Essas mudan\u00e7as trouxe uma proximidade de mercados-chave na localiza\u00e7\u00e3o das unidades fabris, reorganizando a geografia mundial do setor de produ\u00e7\u00e3o, como mencionamos no in\u00edcio do artigo. Diversos produtores asi\u00e1ticos, antes coordenados por empresas l\u00edderes ocidentais, est\u00e3o assumindo, gradativamente, fun\u00e7\u00f5es de coordena\u00e7\u00e3o, ou seja, est\u00e3o, cada vez mais estendendo suas atividades em dire\u00e7\u00e3o ao consumidor final.<\/p>\n<p>A experi\u00eancia de consumo tem se tornado, gradativamente, uma orienta\u00e7\u00e3o de valor que est\u00e1 alterando a maneira de como o consumidor final pensa, adquire informa\u00e7\u00e3o e toma decis\u00f5es sobre as atividades de consumo.<\/p>\n<p>O uso intensivo de tecnologias da informa\u00e7\u00e3o para o desenvolvimento de n\u00edveis elevados de capacidades organizacionais, como efici\u00eancia operacional, servi\u00e7o ao cliente e desenvolvimento de produtos. No entanto, a difus\u00e3o das experi\u00eancias com as tecnologias e a comunica\u00e7\u00e3o com consumidores amplia ainda mais esta import\u00e2ncia, ressaltando as vantagens econ\u00f4micas na gest\u00e3o do neg\u00f3cio e comparando com as gigantescas economias externas.<\/p>\n<p>Para alguns autores, j\u00e1 pode ser identificado um novo modo de manufatura no setor de produ\u00e7\u00e3o t\u00eaxtil, denominado <em>social manufacturing<\/em>, ou manufatura social. Esse modelo permite que qualquer pessoa possa participar de todo o processo de manufatura e visa introduzir a ind\u00fastria de confec\u00e7\u00e3o do vestu\u00e1rio na customiza\u00e7\u00e3o de massa, baseada nas redes digitais, e em outras tecnologias emergentes, como o espelho 3D de virtualiza\u00e7\u00e3o da prova de roupas, que ser\u00e1 mais bem detalhado neste trabalho.<\/p>\n<p>Concluindo ent\u00e3o, com o advento crescente das tecnologias em pa\u00edses de m\u00e3os de obra barata houve mudan\u00e7as na geografia mundial do setor de produ\u00e7\u00e3o. Novas propostas de agregar valor ao servi\u00e7o ou produto para o consumidor final est\u00e3o sendo inseridas ao consumo e cada vez mais exigidas pelos clientes.<\/p>\n","protected":false},"excerpt":{"rendered":"<p>Durante muitos anos a geografia mundial do setor de produ\u00e7\u00e3o permaneceu centrada em locais de baixo custo. No entanto, nos \u00faltimas d\u00e9cadas, mudan\u00e7as e oportunidades do setor est\u00e3o surgindo. H\u00e1 uma gama de grandes oportunidades para as ind\u00fastrias que souberem iniciar narrativas de renova\u00e7\u00e3o de suas estruturas. Flavio da Silveira Bruno, explica em seu Estudo &#8230; <a title=\"As mudan\u00e7as e oportunidades do setor de produ\u00e7\u00e3o\" class=\"read-more\" href=\"https:\/\/anoticiaonline.com.br\/site\/as-mudancas-e-oportunidades-do-setor-de-producao\/\" aria-label=\"Read more about As mudan\u00e7as e oportunidades do setor de produ\u00e7\u00e3o\">Ler mais<\/a><\/p>\n","protected":false},"author":2,"featured_media":0,"comment_status":"open","ping_status":"open","sticky":false,"template":"","format":"standard","meta":{"_acf_changed":false,"_monsterinsights_skip_tracking":false,"footnotes":""},"categories":[31,1530],"tags":[],"class_list":["post-49802","post","type-post","status-publish","format-standard","hentry","category-colunistas","category-espaco-empreendedor-jose-junior-lima"],"acf":[],"aioseo_notices":[],"aioseo_head":"\n\t\t<!-- All in One SEO 5.0.0.1 - aioseo.com -->\n\t<meta name=\"description\" content=\"Durante muitos anos a geografia mundial do setor de produ\u00e7\u00e3o permaneceu centrada em locais de baixo custo. No entanto, nos \u00faltimas d\u00e9cadas, mudan\u00e7as e oportunidades do setor est\u00e3o surgindo. H\u00e1 uma gama de grandes oportunidades para as ind\u00fastrias que souberem iniciar narrativas de renova\u00e7\u00e3o de suas estruturas. Flavio da Silveira Bruno, explica em seu Estudo\" \/>\n\t<meta name=\"robots\" content=\"max-image-preview:large\" \/>\n\t<meta name=\"author\" content=\"Juliana Laviola\"\/>\n\t<link rel=\"canonical\" href=\"https:\/\/anoticiaonline.com.br\/site\/as-mudancas-e-oportunidades-do-setor-de-producao\/\" \/>\n\t<meta name=\"generator\" content=\"All in One SEO (AIOSEO) 5.0.0.1\" \/>\n\t\t<meta property=\"og:locale\" content=\"pt_BR\" \/>\n\t\t<meta property=\"og:site_name\" content=\"A Not\u00edcia Online - Noticias de Muria\u00e9 e regi\u00e3o\" \/>\n\t\t<meta property=\"og:type\" content=\"article\" \/>\n\t\t<meta property=\"og:title\" content=\"As mudan\u00e7as e oportunidades do setor de produ\u00e7\u00e3o - A Not\u00edcia Online\" \/>\n\t\t<meta property=\"og:description\" content=\"Durante muitos anos a geografia mundial do setor de produ\u00e7\u00e3o permaneceu centrada em locais de baixo custo. No entanto, nos \u00faltimas d\u00e9cadas, mudan\u00e7as e oportunidades do setor est\u00e3o surgindo. H\u00e1 uma gama de grandes oportunidades para as ind\u00fastrias que souberem iniciar narrativas de renova\u00e7\u00e3o de suas estruturas. Flavio da Silveira Bruno, explica em seu Estudo\" \/>\n\t\t<meta property=\"og:url\" content=\"https:\/\/anoticiaonline.com.br\/site\/as-mudancas-e-oportunidades-do-setor-de-producao\/\" \/>\n\t\t<meta property=\"og:image\" content=\"https:\/\/scontent-gig4-1.xx.fbcdn.net\/v\/t39.30808-1\/270437624_4564083193639691_6907940295614233970_n.jpg?stp=dst-jpg_s200x200_tt6&#038;_nc_cat=111&#038;ccb=1-7&#038;_nc_sid=f907e8&#038;_nc_ohc=SM1wRlP3lJwQ7kNvwEPuBYA&#038;_nc_oc=AdnqrjDN_BNjSSHWO-GbkIWH6fkGMLw4bqvL_NH6e2wMveX7G-rP2dAqsDSq1mJMOaY&#038;_nc_zt=24&#038;_nc_ht=scontent-gig4-1.xx&#038;_nc_gid=AoBFJeGrT1hVaew_6rchkQ&#038;oh=00_AfX7QmFGhQhG2jAllVgXCiM1ZrWgvtp80-Bfppyexh1QEg&#038;oe=689E923C\" \/>\n\t\t<meta property=\"og:image:secure_url\" content=\"https:\/\/scontent-gig4-1.xx.fbcdn.net\/v\/t39.30808-1\/270437624_4564083193639691_6907940295614233970_n.jpg?stp=dst-jpg_s200x200_tt6&#038;_nc_cat=111&#038;ccb=1-7&#038;_nc_sid=f907e8&#038;_nc_ohc=SM1wRlP3lJwQ7kNvwEPuBYA&#038;_nc_oc=AdnqrjDN_BNjSSHWO-GbkIWH6fkGMLw4bqvL_NH6e2wMveX7G-rP2dAqsDSq1mJMOaY&#038;_nc_zt=24&#038;_nc_ht=scontent-gig4-1.xx&#038;_nc_gid=AoBFJeGrT1hVaew_6rchkQ&#038;oh=00_AfX7QmFGhQhG2jAllVgXCiM1ZrWgvtp80-Bfppyexh1QEg&#038;oe=689E923C\" \/>\n\t\t<meta property=\"article:published_time\" content=\"2018-02-15T19:46:17+00:00\" \/>\n\t\t<meta property=\"article:modified_time\" content=\"2018-02-15T19:46:17+00:00\" \/>\n\t\t<meta name=\"twitter:card\" content=\"summary_large_image\" \/>\n\t\t<meta name=\"twitter:title\" content=\"As mudan\u00e7as e oportunidades do setor de produ\u00e7\u00e3o - A Not\u00edcia Online\" \/>\n\t\t<meta name=\"twitter:description\" content=\"Durante muitos anos a geografia mundial do setor de produ\u00e7\u00e3o permaneceu centrada em locais de baixo custo. No entanto, nos \u00faltimas d\u00e9cadas, mudan\u00e7as e oportunidades do setor est\u00e3o surgindo. H\u00e1 uma gama de grandes oportunidades para as ind\u00fastrias que souberem iniciar narrativas de renova\u00e7\u00e3o de suas estruturas. Flavio da Silveira Bruno, explica em seu Estudo\" \/>\n\t\t<meta name=\"twitter:image\" content=\"https:\/\/scontent-gig4-1.xx.fbcdn.net\/v\/t39.30808-1\/270437624_4564083193639691_6907940295614233970_n.jpg?stp=dst-jpg_s200x200_tt6&amp;_nc_cat=111&amp;ccb=1-7&amp;_nc_sid=f907e8&amp;_nc_ohc=SM1wRlP3lJwQ7kNvwEPuBYA&amp;_nc_oc=AdnqrjDN_BNjSSHWO-GbkIWH6fkGMLw4bqvL_NH6e2wMveX7G-rP2dAqsDSq1mJMOaY&amp;_nc_zt=24&amp;_nc_ht=scontent-gig4-1.xx&amp;_nc_gid=AoBFJeGrT1hVaew_6rchkQ&amp;oh=00_AfX7QmFGhQhG2jAllVgXCiM1ZrWgvtp80-Bfppyexh1QEg&amp;oe=689E923C\" \/>\n\t\t<script type=\"application\/ld+json\" class=\"aioseo-schema\">\n\t\t\t{\"@context\":\"https:\\\/\\\/schema.org\",\"@graph\":[{\"@type\":\"BlogPosting\",\"@id\":\"https:\\\/\\\/anoticiaonline.com.br\\\/site\\\/as-mudancas-e-oportunidades-do-setor-de-producao\\\/#blogposting\",\"name\":\"As mudan\\u00e7as e oportunidades do setor de produ\\u00e7\\u00e3o - A Not\\u00edcia Online\",\"headline\":\"As mudan\\u00e7as e oportunidades do setor de produ\\u00e7\\u00e3o\",\"author\":{\"@id\":\"https:\\\/\\\/anoticiaonline.com.br\\\/site\\\/author\\\/juliana\\\/#author\"},\"publisher\":{\"@id\":\"https:\\\/\\\/anoticiaonline.com.br\\\/site\\\/#organization\"},\"image\":{\"@type\":\"ImageObject\",\"url\":\"https:\\\/\\\/scontent-gig4-1.xx.fbcdn.net\\\/v\\\/t39.30808-1\\\/270437624_4564083193639691_6907940295614233970_n.jpg?stp=dst-jpg_s200x200_tt6&_nc_cat=111&ccb=1-7&_nc_sid=f907e8&_nc_ohc=SM1wRlP3lJwQ7kNvwEPuBYA&_nc_oc=AdnqrjDN_BNjSSHWO-GbkIWH6fkGMLw4bqvL_NH6e2wMveX7G-rP2dAqsDSq1mJMOaY&_nc_zt=24&_nc_ht=scontent-gig4-1.xx&_nc_gid=AoBFJeGrT1hVaew_6rchkQ&oh=00_AfX7QmFGhQhG2jAllVgXCiM1ZrWgvtp80-Bfppyexh1QEg&oe=689E923C\",\"@id\":\"https:\\\/\\\/anoticiaonline.com.br\\\/site\\\/#articleImage\"},\"datePublished\":\"2018-02-15T16:46:17-03:00\",\"dateModified\":\"2018-02-15T16:46:17-03:00\",\"inLanguage\":\"pt-BR\",\"mainEntityOfPage\":{\"@id\":\"https:\\\/\\\/anoticiaonline.com.br\\\/site\\\/as-mudancas-e-oportunidades-do-setor-de-producao\\\/#webpage\"},\"isPartOf\":{\"@id\":\"https:\\\/\\\/anoticiaonline.com.br\\\/site\\\/as-mudancas-e-oportunidades-do-setor-de-producao\\\/#webpage\"},\"articleSection\":\"Colunistas, ESPA\\u00c7O EMPREENDEDOR - Jos\\u00e9 J\\u00fanior Lima\"},{\"@type\":\"BreadcrumbList\",\"@id\":\"https:\\\/\\\/anoticiaonline.com.br\\\/site\\\/as-mudancas-e-oportunidades-do-setor-de-producao\\\/#breadcrumblist\",\"itemListElement\":[{\"@type\":\"ListItem\",\"@id\":\"https:\\\/\\\/anoticiaonline.com.br\\\/site#listItem\",\"position\":1,\"name\":\"Home\",\"item\":\"https:\\\/\\\/anoticiaonline.com.br\\\/site\",\"nextItem\":{\"@type\":\"ListItem\",\"@id\":\"https:\\\/\\\/anoticiaonline.com.br\\\/site\\\/categoria\\\/colunistas\\\/#listItem\",\"name\":\"Colunistas\"}},{\"@type\":\"ListItem\",\"@id\":\"https:\\\/\\\/anoticiaonline.com.br\\\/site\\\/categoria\\\/colunistas\\\/#listItem\",\"position\":2,\"name\":\"Colunistas\",\"item\":\"https:\\\/\\\/anoticiaonline.com.br\\\/site\\\/categoria\\\/colunistas\\\/\",\"nextItem\":{\"@type\":\"ListItem\",\"@id\":\"https:\\\/\\\/anoticiaonline.com.br\\\/site\\\/as-mudancas-e-oportunidades-do-setor-de-producao\\\/#listItem\",\"name\":\"As mudan\\u00e7as e oportunidades do setor de produ\\u00e7\\u00e3o\"},\"previousItem\":{\"@type\":\"ListItem\",\"@id\":\"https:\\\/\\\/anoticiaonline.com.br\\\/site#listItem\",\"name\":\"Home\"}},{\"@type\":\"ListItem\",\"@id\":\"https:\\\/\\\/anoticiaonline.com.br\\\/site\\\/as-mudancas-e-oportunidades-do-setor-de-producao\\\/#listItem\",\"position\":3,\"name\":\"As mudan\\u00e7as e oportunidades do setor de produ\\u00e7\\u00e3o\",\"previousItem\":{\"@type\":\"ListItem\",\"@id\":\"https:\\\/\\\/anoticiaonline.com.br\\\/site\\\/categoria\\\/colunistas\\\/#listItem\",\"name\":\"Colunistas\"}}]},{\"@type\":\"Organization\",\"@id\":\"https:\\\/\\\/anoticiaonline.com.br\\\/site\\\/#organization\",\"name\":\"A Not\\u00edcia Online\",\"description\":\"Noticias de Muria\\u00e9 e regi\\u00e3o\",\"url\":\"https:\\\/\\\/anoticiaonline.com.br\\\/site\\\/\",\"logo\":{\"@type\":\"ImageObject\",\"url\":\"https:\\\/\\\/scontent-gig4-1.xx.fbcdn.net\\\/v\\\/t39.30808-1\\\/270437624_4564083193639691_6907940295614233970_n.jpg?stp=dst-jpg_s200x200_tt6&_nc_cat=111&ccb=1-7&_nc_sid=f907e8&_nc_ohc=SM1wRlP3lJwQ7kNvwEPuBYA&_nc_oc=AdnqrjDN_BNjSSHWO-GbkIWH6fkGMLw4bqvL_NH6e2wMveX7G-rP2dAqsDSq1mJMOaY&_nc_zt=24&_nc_ht=scontent-gig4-1.xx&_nc_gid=AoBFJeGrT1hVaew_6rchkQ&oh=00_AfX7QmFGhQhG2jAllVgXCiM1ZrWgvtp80-Bfppyexh1QEg&oe=689E923C\",\"@id\":\"https:\\\/\\\/anoticiaonline.com.br\\\/site\\\/as-mudancas-e-oportunidades-do-setor-de-producao\\\/#organizationLogo\"},\"image\":{\"@id\":\"https:\\\/\\\/anoticiaonline.com.br\\\/site\\\/as-mudancas-e-oportunidades-do-setor-de-producao\\\/#organizationLogo\"}},{\"@type\":\"Person\",\"@id\":\"https:\\\/\\\/anoticiaonline.com.br\\\/site\\\/author\\\/juliana\\\/#author\",\"url\":\"https:\\\/\\\/anoticiaonline.com.br\\\/site\\\/author\\\/juliana\\\/\",\"name\":\"Juliana Laviola\",\"image\":{\"@type\":\"ImageObject\",\"@id\":\"https:\\\/\\\/anoticiaonline.com.br\\\/site\\\/as-mudancas-e-oportunidades-do-setor-de-producao\\\/#authorImage\",\"url\":\"https:\\\/\\\/secure.gravatar.com\\\/avatar\\\/b8d45f5c699b100dfaf0e543582f38f38bf94cb7ae3a5e9abf8d891a34773335?s=96&d=mm&r=g\",\"width\":96,\"height\":96,\"caption\":\"Juliana Laviola\"}},{\"@type\":\"WebPage\",\"@id\":\"https:\\\/\\\/anoticiaonline.com.br\\\/site\\\/as-mudancas-e-oportunidades-do-setor-de-producao\\\/#webpage\",\"url\":\"https:\\\/\\\/anoticiaonline.com.br\\\/site\\\/as-mudancas-e-oportunidades-do-setor-de-producao\\\/\",\"name\":\"As mudan\\u00e7as e oportunidades do setor de produ\\u00e7\\u00e3o - A Not\\u00edcia Online\",\"description\":\"Durante muitos anos a geografia mundial do setor de produ\\u00e7\\u00e3o permaneceu centrada em locais de baixo custo. No entanto, nos \\u00faltimas d\\u00e9cadas, mudan\\u00e7as e oportunidades do setor est\\u00e3o surgindo. H\\u00e1 uma gama de grandes oportunidades para as ind\\u00fastrias que souberem iniciar narrativas de renova\\u00e7\\u00e3o de suas estruturas. Flavio da Silveira Bruno, explica em seu Estudo\",\"inLanguage\":\"pt-BR\",\"isPartOf\":{\"@id\":\"https:\\\/\\\/anoticiaonline.com.br\\\/site\\\/#website\"},\"breadcrumb\":{\"@id\":\"https:\\\/\\\/anoticiaonline.com.br\\\/site\\\/as-mudancas-e-oportunidades-do-setor-de-producao\\\/#breadcrumblist\"},\"author\":{\"@id\":\"https:\\\/\\\/anoticiaonline.com.br\\\/site\\\/author\\\/juliana\\\/#author\"},\"creator\":{\"@id\":\"https:\\\/\\\/anoticiaonline.com.br\\\/site\\\/author\\\/juliana\\\/#author\"},\"datePublished\":\"2018-02-15T16:46:17-03:00\",\"dateModified\":\"2018-02-15T16:46:17-03:00\"},{\"@type\":\"WebSite\",\"@id\":\"https:\\\/\\\/anoticiaonline.com.br\\\/site\\\/#website\",\"url\":\"https:\\\/\\\/anoticiaonline.com.br\\\/site\\\/\",\"name\":\"A Not\\u00edcia Online\",\"description\":\"Noticias de Muria\\u00e9 e regi\\u00e3o\",\"inLanguage\":\"pt-BR\",\"publisher\":{\"@id\":\"https:\\\/\\\/anoticiaonline.com.br\\\/site\\\/#organization\"}}]}\n\t\t<\/script>\n\t\t<!-- All in One SEO -->\n\n","aioseo_head_json":{"title":"As mudan\u00e7as e oportunidades do setor de produ\u00e7\u00e3o - A Not\u00edcia Online","description":"Durante muitos anos a geografia mundial do setor de produ\u00e7\u00e3o permaneceu centrada em locais de baixo custo. No entanto, nos \u00faltimas d\u00e9cadas, mudan\u00e7as e oportunidades do setor est\u00e3o surgindo. H\u00e1 uma gama de grandes oportunidades para as ind\u00fastrias que souberem iniciar narrativas de renova\u00e7\u00e3o de suas estruturas. Flavio da Silveira Bruno, explica em seu Estudo","canonical_url":"https:\/\/anoticiaonline.com.br\/site\/as-mudancas-e-oportunidades-do-setor-de-producao\/","robots":"max-image-preview:large","keywords":"","webmasterTools":{"miscellaneous":""},"schema":{"@context":"https:\/\/schema.org","@graph":[{"@type":"BlogPosting","@id":"https:\/\/anoticiaonline.com.br\/site\/as-mudancas-e-oportunidades-do-setor-de-producao\/#blogposting","name":"As mudan\u00e7as e oportunidades do setor de produ\u00e7\u00e3o - A Not\u00edcia Online","headline":"As mudan\u00e7as e oportunidades do setor de produ\u00e7\u00e3o","author":{"@id":"https:\/\/anoticiaonline.com.br\/site\/author\/juliana\/#author"},"publisher":{"@id":"https:\/\/anoticiaonline.com.br\/site\/#organization"},"image":{"@type":"ImageObject","url":"https:\/\/scontent-gig4-1.xx.fbcdn.net\/v\/t39.30808-1\/270437624_4564083193639691_6907940295614233970_n.jpg?stp=dst-jpg_s200x200_tt6&_nc_cat=111&ccb=1-7&_nc_sid=f907e8&_nc_ohc=SM1wRlP3lJwQ7kNvwEPuBYA&_nc_oc=AdnqrjDN_BNjSSHWO-GbkIWH6fkGMLw4bqvL_NH6e2wMveX7G-rP2dAqsDSq1mJMOaY&_nc_zt=24&_nc_ht=scontent-gig4-1.xx&_nc_gid=AoBFJeGrT1hVaew_6rchkQ&oh=00_AfX7QmFGhQhG2jAllVgXCiM1ZrWgvtp80-Bfppyexh1QEg&oe=689E923C","@id":"https:\/\/anoticiaonline.com.br\/site\/#articleImage"},"datePublished":"2018-02-15T16:46:17-03:00","dateModified":"2018-02-15T16:46:17-03:00","inLanguage":"pt-BR","mainEntityOfPage":{"@id":"https:\/\/anoticiaonline.com.br\/site\/as-mudancas-e-oportunidades-do-setor-de-producao\/#webpage"},"isPartOf":{"@id":"https:\/\/anoticiaonline.com.br\/site\/as-mudancas-e-oportunidades-do-setor-de-producao\/#webpage"},"articleSection":"Colunistas, ESPA\u00c7O EMPREENDEDOR - Jos\u00e9 J\u00fanior Lima"},{"@type":"BreadcrumbList","@id":"https:\/\/anoticiaonline.com.br\/site\/as-mudancas-e-oportunidades-do-setor-de-producao\/#breadcrumblist","itemListElement":[{"@type":"ListItem","@id":"https:\/\/anoticiaonline.com.br\/site#listItem","position":1,"name":"Home","item":"https:\/\/anoticiaonline.com.br\/site","nextItem":{"@type":"ListItem","@id":"https:\/\/anoticiaonline.com.br\/site\/categoria\/colunistas\/#listItem","name":"Colunistas"}},{"@type":"ListItem","@id":"https:\/\/anoticiaonline.com.br\/site\/categoria\/colunistas\/#listItem","position":2,"name":"Colunistas","item":"https:\/\/anoticiaonline.com.br\/site\/categoria\/colunistas\/","nextItem":{"@type":"ListItem","@id":"https:\/\/anoticiaonline.com.br\/site\/as-mudancas-e-oportunidades-do-setor-de-producao\/#listItem","name":"As mudan\u00e7as e oportunidades do setor de produ\u00e7\u00e3o"},"previousItem":{"@type":"ListItem","@id":"https:\/\/anoticiaonline.com.br\/site#listItem","name":"Home"}},{"@type":"ListItem","@id":"https:\/\/anoticiaonline.com.br\/site\/as-mudancas-e-oportunidades-do-setor-de-producao\/#listItem","position":3,"name":"As mudan\u00e7as e oportunidades do setor de produ\u00e7\u00e3o","previousItem":{"@type":"ListItem","@id":"https:\/\/anoticiaonline.com.br\/site\/categoria\/colunistas\/#listItem","name":"Colunistas"}}]},{"@type":"Organization","@id":"https:\/\/anoticiaonline.com.br\/site\/#organization","name":"A Not\u00edcia Online","description":"Noticias de Muria\u00e9 e regi\u00e3o","url":"https:\/\/anoticiaonline.com.br\/site\/","logo":{"@type":"ImageObject","url":"https:\/\/scontent-gig4-1.xx.fbcdn.net\/v\/t39.30808-1\/270437624_4564083193639691_6907940295614233970_n.jpg?stp=dst-jpg_s200x200_tt6&_nc_cat=111&ccb=1-7&_nc_sid=f907e8&_nc_ohc=SM1wRlP3lJwQ7kNvwEPuBYA&_nc_oc=AdnqrjDN_BNjSSHWO-GbkIWH6fkGMLw4bqvL_NH6e2wMveX7G-rP2dAqsDSq1mJMOaY&_nc_zt=24&_nc_ht=scontent-gig4-1.xx&_nc_gid=AoBFJeGrT1hVaew_6rchkQ&oh=00_AfX7QmFGhQhG2jAllVgXCiM1ZrWgvtp80-Bfppyexh1QEg&oe=689E923C","@id":"https:\/\/anoticiaonline.com.br\/site\/as-mudancas-e-oportunidades-do-setor-de-producao\/#organizationLogo"},"image":{"@id":"https:\/\/anoticiaonline.com.br\/site\/as-mudancas-e-oportunidades-do-setor-de-producao\/#organizationLogo"}},{"@type":"Person","@id":"https:\/\/anoticiaonline.com.br\/site\/author\/juliana\/#author","url":"https:\/\/anoticiaonline.com.br\/site\/author\/juliana\/","name":"Juliana Laviola","image":{"@type":"ImageObject","@id":"https:\/\/anoticiaonline.com.br\/site\/as-mudancas-e-oportunidades-do-setor-de-producao\/#authorImage","url":"https:\/\/secure.gravatar.com\/avatar\/b8d45f5c699b100dfaf0e543582f38f38bf94cb7ae3a5e9abf8d891a34773335?s=96&d=mm&r=g","width":96,"height":96,"caption":"Juliana Laviola"}},{"@type":"WebPage","@id":"https:\/\/anoticiaonline.com.br\/site\/as-mudancas-e-oportunidades-do-setor-de-producao\/#webpage","url":"https:\/\/anoticiaonline.com.br\/site\/as-mudancas-e-oportunidades-do-setor-de-producao\/","name":"As mudan\u00e7as e oportunidades do setor de produ\u00e7\u00e3o - A Not\u00edcia Online","description":"Durante muitos anos a geografia mundial do setor de produ\u00e7\u00e3o permaneceu centrada em locais de baixo custo. No entanto, nos \u00faltimas d\u00e9cadas, mudan\u00e7as e oportunidades do setor est\u00e3o surgindo. H\u00e1 uma gama de grandes oportunidades para as ind\u00fastrias que souberem iniciar narrativas de renova\u00e7\u00e3o de suas estruturas. Flavio da Silveira Bruno, explica em seu Estudo","inLanguage":"pt-BR","isPartOf":{"@id":"https:\/\/anoticiaonline.com.br\/site\/#website"},"breadcrumb":{"@id":"https:\/\/anoticiaonline.com.br\/site\/as-mudancas-e-oportunidades-do-setor-de-producao\/#breadcrumblist"},"author":{"@id":"https:\/\/anoticiaonline.com.br\/site\/author\/juliana\/#author"},"creator":{"@id":"https:\/\/anoticiaonline.com.br\/site\/author\/juliana\/#author"},"datePublished":"2018-02-15T16:46:17-03:00","dateModified":"2018-02-15T16:46:17-03:00"},{"@type":"WebSite","@id":"https:\/\/anoticiaonline.com.br\/site\/#website","url":"https:\/\/anoticiaonline.com.br\/site\/","name":"A Not\u00edcia Online","description":"Noticias de Muria\u00e9 e regi\u00e3o","inLanguage":"pt-BR","publisher":{"@id":"https:\/\/anoticiaonline.com.br\/site\/#organization"}}]},"og:locale":"pt_BR","og:site_name":"A Not\u00edcia Online - Noticias de Muria\u00e9 e regi\u00e3o","og:type":"article","og:title":"As mudan\u00e7as e oportunidades do setor de produ\u00e7\u00e3o - A Not\u00edcia Online","og:description":"Durante muitos anos a geografia mundial do setor de produ\u00e7\u00e3o permaneceu centrada em locais de baixo custo. No entanto, nos \u00faltimas d\u00e9cadas, mudan\u00e7as e oportunidades do setor est\u00e3o surgindo. H\u00e1 uma gama de grandes oportunidades para as ind\u00fastrias que souberem iniciar narrativas de renova\u00e7\u00e3o de suas estruturas. Flavio da Silveira Bruno, explica em seu Estudo","og:url":"https:\/\/anoticiaonline.com.br\/site\/as-mudancas-e-oportunidades-do-setor-de-producao\/","og:image":"https:\/\/scontent-gig4-1.xx.fbcdn.net\/v\/t39.30808-1\/270437624_4564083193639691_6907940295614233970_n.jpg?stp=dst-jpg_s200x200_tt6&#038;_nc_cat=111&#038;ccb=1-7&#038;_nc_sid=f907e8&#038;_nc_ohc=SM1wRlP3lJwQ7kNvwEPuBYA&#038;_nc_oc=AdnqrjDN_BNjSSHWO-GbkIWH6fkGMLw4bqvL_NH6e2wMveX7G-rP2dAqsDSq1mJMOaY&#038;_nc_zt=24&#038;_nc_ht=scontent-gig4-1.xx&#038;_nc_gid=AoBFJeGrT1hVaew_6rchkQ&#038;oh=00_AfX7QmFGhQhG2jAllVgXCiM1ZrWgvtp80-Bfppyexh1QEg&#038;oe=689E923C","og:image:secure_url":"https:\/\/scontent-gig4-1.xx.fbcdn.net\/v\/t39.30808-1\/270437624_4564083193639691_6907940295614233970_n.jpg?stp=dst-jpg_s200x200_tt6&#038;_nc_cat=111&#038;ccb=1-7&#038;_nc_sid=f907e8&#038;_nc_ohc=SM1wRlP3lJwQ7kNvwEPuBYA&#038;_nc_oc=AdnqrjDN_BNjSSHWO-GbkIWH6fkGMLw4bqvL_NH6e2wMveX7G-rP2dAqsDSq1mJMOaY&#038;_nc_zt=24&#038;_nc_ht=scontent-gig4-1.xx&#038;_nc_gid=AoBFJeGrT1hVaew_6rchkQ&#038;oh=00_AfX7QmFGhQhG2jAllVgXCiM1ZrWgvtp80-Bfppyexh1QEg&#038;oe=689E923C","article:published_time":"2018-02-15T19:46:17+00:00","article:modified_time":"2018-02-15T19:46:17+00:00","twitter:card":"summary_large_image","twitter:title":"As mudan\u00e7as e oportunidades do setor de produ\u00e7\u00e3o - A Not\u00edcia Online","twitter:description":"Durante muitos anos a geografia mundial do setor de produ\u00e7\u00e3o permaneceu centrada em locais de baixo custo. No entanto, nos \u00faltimas d\u00e9cadas, mudan\u00e7as e oportunidades do setor est\u00e3o surgindo. H\u00e1 uma gama de grandes oportunidades para as ind\u00fastrias que souberem iniciar narrativas de renova\u00e7\u00e3o de suas estruturas. Flavio da Silveira Bruno, explica em seu Estudo","twitter:image":"https:\/\/scontent-gig4-1.xx.fbcdn.net\/v\/t39.30808-1\/270437624_4564083193639691_6907940295614233970_n.jpg?stp=dst-jpg_s200x200_tt6&_nc_cat=111&ccb=1-7&_nc_sid=f907e8&_nc_ohc=SM1wRlP3lJwQ7kNvwEPuBYA&_nc_oc=AdnqrjDN_BNjSSHWO-GbkIWH6fkGMLw4bqvL_NH6e2wMveX7G-rP2dAqsDSq1mJMOaY&_nc_zt=24&_nc_ht=scontent-gig4-1.xx&_nc_gid=AoBFJeGrT1hVaew_6rchkQ&oh=00_AfX7QmFGhQhG2jAllVgXCiM1ZrWgvtp80-Bfppyexh1QEg&oe=689E923C"},"aioseo_meta_data":{"post_id":"49802","title":null,"description":null,"keywords":null,"keyphrases":null,"primary_term":null,"canonical_url":null,"og_title":null,"og_description":null,"og_object_type":"default","og_image_type":"default","og_image_url":null,"og_image_width":null,"og_image_height":null,"og_image_custom_url":null,"og_image_custom_fields":null,"og_video":null,"og_custom_url":null,"og_article_section":null,"og_article_tags":null,"twitter_use_og":false,"twitter_card":"default","twitter_image_type":"default","twitter_image_url":null,"twitter_image_custom_url":null,"twitter_image_custom_fields":null,"twitter_title":null,"twitter_description":null,"schema":{"blockGraphs":[],"customGraphs":[],"default":{"data":{"Article":[],"Course":[],"Dataset":[],"FAQPage":[],"Movie":[],"Person":[],"Product":[],"ProductReview":[],"Car":[],"Recipe":[],"Service":[],"SoftwareApplication":[],"WebPage":[]},"graphName":"","isEnabled":true},"graphs":[]},"schema_type":"default","schema_type_options":null,"pillar_content":false,"robots_default":true,"robots_noindex":false,"robots_noarchive":false,"robots_nosnippet":false,"robots_nofollow":false,"robots_noimageindex":false,"robots_noodp":false,"robots_notranslate":false,"robots_max_snippet":null,"robots_max_videopreview":null,"robots_max_imagepreview":"large","priority":null,"frequency":null,"local_seo":null,"breadcrumb_settings":null,"limit_modified_date":false,"ai":null,"created":"2025-08-16 20:18:52","updated":"2025-08-16 20:18:52","focus_keyword":null,"additional_keywords":null,"truseo_locale":null,"seo_analyzer_scan_date":null},"aioseo_breadcrumb":"<div class=\"aioseo-breadcrumbs\"><span class=\"aioseo-breadcrumb\">\n\t\t\t<a href=\"https:\/\/anoticiaonline.com.br\/site\" title=\"Home\">Home<\/a>\n\t\t<\/span><span class=\"aioseo-breadcrumb-separator\">&raquo;<\/span><span class=\"aioseo-breadcrumb\">\n\t\t\t<a href=\"https:\/\/anoticiaonline.com.br\/site\/categoria\/colunistas\/\" title=\"Colunistas\">Colunistas<\/a>\n\t\t<\/span><span class=\"aioseo-breadcrumb-separator\">&raquo;<\/span><span class=\"aioseo-breadcrumb\">\n\t\t\tAs mudan\u00e7as e oportunidades do setor de produ\u00e7\u00e3o\n\t\t<\/span><\/div>","aioseo_breadcrumb_json":[{"label":"Home","link":"https:\/\/anoticiaonline.com.br\/site"},{"label":"Colunistas","link":"https:\/\/anoticiaonline.com.br\/site\/categoria\/colunistas\/"},{"label":"As mudan\u00e7as e oportunidades do setor de produ\u00e7\u00e3o","link":"https:\/\/anoticiaonline.com.br\/site\/as-mudancas-e-oportunidades-do-setor-de-producao\/"}],"views":142,"_links":{"self":[{"href":"https:\/\/anoticiaonline.com.br\/site\/wp-json\/wp\/v2\/posts\/49802","targetHints":{"allow":["GET"]}}],"collection":[{"href":"https:\/\/anoticiaonline.com.br\/site\/wp-json\/wp\/v2\/posts"}],"about":[{"href":"https:\/\/anoticiaonline.com.br\/site\/wp-json\/wp\/v2\/types\/post"}],"author":[{"embeddable":true,"href":"https:\/\/anoticiaonline.com.br\/site\/wp-json\/wp\/v2\/users\/2"}],"replies":[{"embeddable":true,"href":"https:\/\/anoticiaonline.com.br\/site\/wp-json\/wp\/v2\/comments?post=49802"}],"version-history":[{"count":0,"href":"https:\/\/anoticiaonline.com.br\/site\/wp-json\/wp\/v2\/posts\/49802\/revisions"}],"wp:attachment":[{"href":"https:\/\/anoticiaonline.com.br\/site\/wp-json\/wp\/v2\/media?parent=49802"}],"wp:term":[{"taxonomy":"category","embeddable":true,"href":"https:\/\/anoticiaonline.com.br\/site\/wp-json\/wp\/v2\/categories?post=49802"},{"taxonomy":"post_tag","embeddable":true,"href":"https:\/\/anoticiaonline.com.br\/site\/wp-json\/wp\/v2\/tags?post=49802"}],"curies":[{"name":"wp","href":"https:\/\/api.w.org\/{rel}","templated":true}]}}