{"id":49673,"date":"2018-02-08T19:05:56","date_gmt":"2018-02-08T22:05:56","guid":{"rendered":"http:\/\/anoticiaonline.com.br\/site\/?p=49673"},"modified":"2018-02-08T19:05:56","modified_gmt":"2018-02-08T22:05:56","slug":"unidos-do-sao-joaquim-abre-noite-de-desfiles-no-esquenta-muriae","status":"publish","type":"post","link":"https:\/\/anoticiaonline.com.br\/site\/unidos-do-sao-joaquim-abre-noite-de-desfiles-no-esquenta-muriae\/","title":{"rendered":"Unidos do S\u00e3o Joaquim abre noite de desfiles no \u201cEsquenta, Muria\u00e9\u201d"},"content":{"rendered":"<p><a href=\"https:\/\/anoticiaonline.com.br\/site\/wp-content\/uploads\/2018\/02\/DSC_0130.jpg\"><img fetchpriority=\"high\" decoding=\"async\" class=\"aligncenter size-full wp-image-49674\" src=\"https:\/\/anoticiaonline.com.br\/site\/wp-content\/uploads\/2018\/02\/DSC_0130.jpg\" alt=\"\" width=\"640\" height=\"424\" srcset=\"https:\/\/anoticiaonline.com.br\/site\/wp-content\/uploads\/2018\/02\/DSC_0130.jpg 640w, https:\/\/anoticiaonline.com.br\/site\/wp-content\/uploads\/2018\/02\/DSC_0130-300x199.jpg 300w\" sizes=\"(max-width: 640px) 100vw, 640px\" \/><\/a> <a href=\"https:\/\/anoticiaonline.com.br\/site\/wp-content\/uploads\/2018\/02\/DSC_0664.jpg\"><img decoding=\"async\" class=\"aligncenter size-full wp-image-49675\" src=\"https:\/\/anoticiaonline.com.br\/site\/wp-content\/uploads\/2018\/02\/DSC_0664.jpg\" alt=\"\" width=\"640\" height=\"427\" srcset=\"https:\/\/anoticiaonline.com.br\/site\/wp-content\/uploads\/2018\/02\/DSC_0664.jpg 640w, https:\/\/anoticiaonline.com.br\/site\/wp-content\/uploads\/2018\/02\/DSC_0664-300x200.jpg 300w\" sizes=\"(max-width: 640px) 100vw, 640px\" \/><\/a> <a href=\"https:\/\/anoticiaonline.com.br\/site\/wp-content\/uploads\/2018\/02\/DSC_0680.jpg\"><img decoding=\"async\" class=\"aligncenter size-full wp-image-49676\" src=\"https:\/\/anoticiaonline.com.br\/site\/wp-content\/uploads\/2018\/02\/DSC_0680.jpg\" alt=\"\" width=\"640\" height=\"427\" srcset=\"https:\/\/anoticiaonline.com.br\/site\/wp-content\/uploads\/2018\/02\/DSC_0680.jpg 640w, https:\/\/anoticiaonline.com.br\/site\/wp-content\/uploads\/2018\/02\/DSC_0680-300x200.jpg 300w\" sizes=\"(max-width: 640px) 100vw, 640px\" \/><\/a> <a href=\"https:\/\/anoticiaonline.com.br\/site\/wp-content\/uploads\/2018\/02\/DSC_0709.jpg\"><img loading=\"lazy\" decoding=\"async\" class=\"aligncenter size-full wp-image-49677\" src=\"https:\/\/anoticiaonline.com.br\/site\/wp-content\/uploads\/2018\/02\/DSC_0709.jpg\" alt=\"\" width=\"640\" height=\"427\" srcset=\"https:\/\/anoticiaonline.com.br\/site\/wp-content\/uploads\/2018\/02\/DSC_0709.jpg 640w, https:\/\/anoticiaonline.com.br\/site\/wp-content\/uploads\/2018\/02\/DSC_0709-300x200.jpg 300w\" sizes=\"(max-width: 640px) 100vw, 640px\" \/><\/a>A Unidos do S\u00e3o Joaquim foi a primeira escola a desfilar na Avenida do Samba na sexta-feira (2), primeira noite do evento de pr\u00e9-carnaval \u201cEsquenta Muria\u00e9\u201d, que aconteceu na Pra\u00e7a Jo\u00e3o Pinheiro.<\/p>\n<p>Com o enredo \u201cQue judia\u00e7\u00e3o o qu\u00ea? Essa terra ardente \u00e9 nosso altar dos xotes das alegrias. Nordeste, a terra da asa branca e dos cord\u00e9is de bai\u00e3o\u201d, a escola fez bonito na noite de abertura.<\/p>\n<p>Alex C\u00e9sar da Silva Miranda, carnavalesco e mestre sala, disse que o tema foi escolhido assim que finalizaram o desfile da escola no in\u00edcio de 2017. \u201cGostamos muito de falar sobre a cultura e, por isso, resolvemos homenagear o nordeste, que \u00e9 t\u00e3o rico. A Unidos do S\u00e3o Joaquim entrou na Avenida do Samba com 140 componentes. Foi maravilhoso participar desta festa que possui uma energia sem igual\u201d, diz.<\/p>\n<p>Com cinco anos de hist\u00f3ria, a Unidos do S\u00e3o Joaquim tem como coordenador Ad\u00edlio Francisco da Silva, que ressaltou o trabalho em conjunto da comunidade. \u201cGostaria de agradecer primeiramente a Deus, ao nosso talentoso carnavalesco Alex e aos colaboradores: Rog\u00e9rio do Carmo, Reinaldo Dornelas, Lelei, Rafaela Coutinho, todos os moradores do Bairro S\u00e3o Joaquim, \u00e0 equipe Tecnosom Promo\u00e7\u00f5es e Eventos, Fl\u00e1vio Oliveira e Rafael Barbosa\u201d, conta.<\/p>\n<p><img decoding=\"async\" class=\"ngg_displayed_gallery mceItem\" src=\"https:\/\/anoticiaonline.com.br\/site\/nextgen-attach_to_post\/preview\/id--49716\" \/><\/p>\n","protected":false},"excerpt":{"rendered":"<p>A Unidos do S\u00e3o Joaquim foi a primeira escola a desfilar na Avenida do Samba na sexta-feira (2), primeira noite do evento de pr\u00e9-carnaval \u201cEsquenta Muria\u00e9\u201d, que aconteceu na Pra\u00e7a Jo\u00e3o Pinheiro. Com o enredo \u201cQue judia\u00e7\u00e3o o qu\u00ea? Essa terra ardente \u00e9 nosso altar dos xotes das alegrias. Nordeste, a terra da asa branca &#8230; <a title=\"Unidos do S\u00e3o Joaquim abre noite de desfiles no \u201cEsquenta, Muria\u00e9\u201d\" class=\"read-more\" href=\"https:\/\/anoticiaonline.com.br\/site\/unidos-do-sao-joaquim-abre-noite-de-desfiles-no-esquenta-muriae\/\" aria-label=\"Read more about Unidos do S\u00e3o Joaquim abre noite de desfiles no \u201cEsquenta, Muria\u00e9\u201d\">Ler mais<\/a><\/p>\n","protected":false},"author":2,"featured_media":49675,"comment_status":"open","ping_status":"open","sticky":false,"template":"","format":"standard","meta":{"_acf_changed":false,"_monsterinsights_skip_tracking":false,"footnotes":""},"categories":[1],"tags":[1940,1941],"class_list":["post-49673","post","type-post","status-publish","format-standard","has-post-thumbnail","hentry","category-gerais","tag-esquenta-muriae","tag-unidos-do-sao-joaquim"],"acf":[],"aioseo_notices":[],"aioseo_head":"\n\t\t<!-- All in One SEO 5.0.0.1 - aioseo.com -->\n\t<meta name=\"description\" content=\"A Unidos do S\u00e3o Joaquim foi a primeira escola a desfilar na Avenida do Samba na sexta-feira (2), primeira noite do evento de pr\u00e9-carnaval \u201cEsquenta Muria\u00e9\u201d, que aconteceu na Pra\u00e7a Jo\u00e3o Pinheiro. Com o enredo \u201cQue judia\u00e7\u00e3o o qu\u00ea? Essa terra ardente \u00e9 nosso altar dos xotes das alegrias. Nordeste, a terra da asa branca\" \/>\n\t<meta name=\"robots\" content=\"max-image-preview:large\" \/>\n\t<meta name=\"author\" content=\"Juliana Laviola\"\/>\n\t<link rel=\"canonical\" href=\"https:\/\/anoticiaonline.com.br\/site\/unidos-do-sao-joaquim-abre-noite-de-desfiles-no-esquenta-muriae\/\" \/>\n\t<meta name=\"generator\" content=\"All in One SEO (AIOSEO) 5.0.0.1\" \/>\n\t\t<meta property=\"og:locale\" content=\"pt_BR\" \/>\n\t\t<meta property=\"og:site_name\" content=\"A Not\u00edcia Online - Noticias de Muria\u00e9 e regi\u00e3o\" \/>\n\t\t<meta property=\"og:type\" content=\"article\" \/>\n\t\t<meta property=\"og:title\" content=\"Unidos do S\u00e3o Joaquim abre noite de desfiles no \u201cEsquenta, Muria\u00e9\u201d - A Not\u00edcia Online\" \/>\n\t\t<meta property=\"og:description\" content=\"A Unidos do S\u00e3o Joaquim foi a primeira escola a desfilar na Avenida do Samba na sexta-feira (2), primeira noite do evento de pr\u00e9-carnaval \u201cEsquenta Muria\u00e9\u201d, que aconteceu na Pra\u00e7a Jo\u00e3o Pinheiro. Com o enredo \u201cQue judia\u00e7\u00e3o o qu\u00ea? Essa terra ardente \u00e9 nosso altar dos xotes das alegrias. Nordeste, a terra da asa branca\" \/>\n\t\t<meta property=\"og:url\" content=\"https:\/\/anoticiaonline.com.br\/site\/unidos-do-sao-joaquim-abre-noite-de-desfiles-no-esquenta-muriae\/\" \/>\n\t\t<meta property=\"og:image\" content=\"https:\/\/scontent-gig4-1.xx.fbcdn.net\/v\/t39.30808-1\/270437624_4564083193639691_6907940295614233970_n.jpg?stp=dst-jpg_s200x200_tt6&#038;_nc_cat=111&#038;ccb=1-7&#038;_nc_sid=f907e8&#038;_nc_ohc=SM1wRlP3lJwQ7kNvwEPuBYA&#038;_nc_oc=AdnqrjDN_BNjSSHWO-GbkIWH6fkGMLw4bqvL_NH6e2wMveX7G-rP2dAqsDSq1mJMOaY&#038;_nc_zt=24&#038;_nc_ht=scontent-gig4-1.xx&#038;_nc_gid=AoBFJeGrT1hVaew_6rchkQ&#038;oh=00_AfX7QmFGhQhG2jAllVgXCiM1ZrWgvtp80-Bfppyexh1QEg&#038;oe=689E923C\" \/>\n\t\t<meta property=\"og:image:secure_url\" content=\"https:\/\/scontent-gig4-1.xx.fbcdn.net\/v\/t39.30808-1\/270437624_4564083193639691_6907940295614233970_n.jpg?stp=dst-jpg_s200x200_tt6&#038;_nc_cat=111&#038;ccb=1-7&#038;_nc_sid=f907e8&#038;_nc_ohc=SM1wRlP3lJwQ7kNvwEPuBYA&#038;_nc_oc=AdnqrjDN_BNjSSHWO-GbkIWH6fkGMLw4bqvL_NH6e2wMveX7G-rP2dAqsDSq1mJMOaY&#038;_nc_zt=24&#038;_nc_ht=scontent-gig4-1.xx&#038;_nc_gid=AoBFJeGrT1hVaew_6rchkQ&#038;oh=00_AfX7QmFGhQhG2jAllVgXCiM1ZrWgvtp80-Bfppyexh1QEg&#038;oe=689E923C\" \/>\n\t\t<meta property=\"article:published_time\" content=\"2018-02-08T22:05:56+00:00\" \/>\n\t\t<meta property=\"article:modified_time\" content=\"2018-02-08T22:05:56+00:00\" \/>\n\t\t<meta name=\"twitter:card\" content=\"summary_large_image\" \/>\n\t\t<meta name=\"twitter:title\" content=\"Unidos do S\u00e3o Joaquim abre noite de desfiles no \u201cEsquenta, Muria\u00e9\u201d - A Not\u00edcia Online\" \/>\n\t\t<meta name=\"twitter:description\" content=\"A Unidos do S\u00e3o Joaquim foi a primeira escola a desfilar na Avenida do Samba na sexta-feira (2), primeira noite do evento de pr\u00e9-carnaval \u201cEsquenta Muria\u00e9\u201d, que aconteceu na Pra\u00e7a Jo\u00e3o Pinheiro. Com o enredo \u201cQue judia\u00e7\u00e3o o qu\u00ea? Essa terra ardente \u00e9 nosso altar dos xotes das alegrias. Nordeste, a terra da asa branca\" \/>\n\t\t<meta name=\"twitter:image\" content=\"https:\/\/scontent-gig4-1.xx.fbcdn.net\/v\/t39.30808-1\/270437624_4564083193639691_6907940295614233970_n.jpg?stp=dst-jpg_s200x200_tt6&amp;_nc_cat=111&amp;ccb=1-7&amp;_nc_sid=f907e8&amp;_nc_ohc=SM1wRlP3lJwQ7kNvwEPuBYA&amp;_nc_oc=AdnqrjDN_BNjSSHWO-GbkIWH6fkGMLw4bqvL_NH6e2wMveX7G-rP2dAqsDSq1mJMOaY&amp;_nc_zt=24&amp;_nc_ht=scontent-gig4-1.xx&amp;_nc_gid=AoBFJeGrT1hVaew_6rchkQ&amp;oh=00_AfX7QmFGhQhG2jAllVgXCiM1ZrWgvtp80-Bfppyexh1QEg&amp;oe=689E923C\" \/>\n\t\t<script type=\"application\/ld+json\" class=\"aioseo-schema\">\n\t\t\t{\"@context\":\"https:\\\/\\\/schema.org\",\"@graph\":[{\"@type\":\"BlogPosting\",\"@id\":\"https:\\\/\\\/anoticiaonline.com.br\\\/site\\\/unidos-do-sao-joaquim-abre-noite-de-desfiles-no-esquenta-muriae\\\/#blogposting\",\"name\":\"Unidos do S\\u00e3o Joaquim abre noite de desfiles no \\u201cEsquenta, Muria\\u00e9\\u201d - A Not\\u00edcia Online\",\"headline\":\"Unidos do S\\u00e3o Joaquim abre noite de desfiles no \\u201cEsquenta, Muria\\u00e9\\u201d\",\"author\":{\"@id\":\"https:\\\/\\\/anoticiaonline.com.br\\\/site\\\/author\\\/juliana\\\/#author\"},\"publisher\":{\"@id\":\"https:\\\/\\\/anoticiaonline.com.br\\\/site\\\/#organization\"},\"image\":{\"@type\":\"ImageObject\",\"url\":\"https:\\\/\\\/anoticiaonline.com.br\\\/site\\\/wp-content\\\/uploads\\\/2018\\\/02\\\/DSC_0664.jpg\",\"width\":640,\"height\":427},\"datePublished\":\"2018-02-08T19:05:56-03:00\",\"dateModified\":\"2018-02-08T19:05:56-03:00\",\"inLanguage\":\"pt-BR\",\"mainEntityOfPage\":{\"@id\":\"https:\\\/\\\/anoticiaonline.com.br\\\/site\\\/unidos-do-sao-joaquim-abre-noite-de-desfiles-no-esquenta-muriae\\\/#webpage\"},\"isPartOf\":{\"@id\":\"https:\\\/\\\/anoticiaonline.com.br\\\/site\\\/unidos-do-sao-joaquim-abre-noite-de-desfiles-no-esquenta-muriae\\\/#webpage\"},\"articleSection\":\"Gerais, Esquenta Muria\\u00e9, Unidos do S\\u00e3o Joaquim\"},{\"@type\":\"BreadcrumbList\",\"@id\":\"https:\\\/\\\/anoticiaonline.com.br\\\/site\\\/unidos-do-sao-joaquim-abre-noite-de-desfiles-no-esquenta-muriae\\\/#breadcrumblist\",\"itemListElement\":[{\"@type\":\"ListItem\",\"@id\":\"https:\\\/\\\/anoticiaonline.com.br\\\/site#listItem\",\"position\":1,\"name\":\"Home\",\"item\":\"https:\\\/\\\/anoticiaonline.com.br\\\/site\",\"nextItem\":{\"@type\":\"ListItem\",\"@id\":\"https:\\\/\\\/anoticiaonline.com.br\\\/site\\\/categoria\\\/gerais\\\/#listItem\",\"name\":\"Gerais\"}},{\"@type\":\"ListItem\",\"@id\":\"https:\\\/\\\/anoticiaonline.com.br\\\/site\\\/categoria\\\/gerais\\\/#listItem\",\"position\":2,\"name\":\"Gerais\",\"item\":\"https:\\\/\\\/anoticiaonline.com.br\\\/site\\\/categoria\\\/gerais\\\/\",\"nextItem\":{\"@type\":\"ListItem\",\"@id\":\"https:\\\/\\\/anoticiaonline.com.br\\\/site\\\/unidos-do-sao-joaquim-abre-noite-de-desfiles-no-esquenta-muriae\\\/#listItem\",\"name\":\"Unidos do S\\u00e3o Joaquim abre noite de desfiles no \\u201cEsquenta, Muria\\u00e9\\u201d\"},\"previousItem\":{\"@type\":\"ListItem\",\"@id\":\"https:\\\/\\\/anoticiaonline.com.br\\\/site#listItem\",\"name\":\"Home\"}},{\"@type\":\"ListItem\",\"@id\":\"https:\\\/\\\/anoticiaonline.com.br\\\/site\\\/unidos-do-sao-joaquim-abre-noite-de-desfiles-no-esquenta-muriae\\\/#listItem\",\"position\":3,\"name\":\"Unidos do S\\u00e3o Joaquim abre noite de desfiles no \\u201cEsquenta, Muria\\u00e9\\u201d\",\"previousItem\":{\"@type\":\"ListItem\",\"@id\":\"https:\\\/\\\/anoticiaonline.com.br\\\/site\\\/categoria\\\/gerais\\\/#listItem\",\"name\":\"Gerais\"}}]},{\"@type\":\"Organization\",\"@id\":\"https:\\\/\\\/anoticiaonline.com.br\\\/site\\\/#organization\",\"name\":\"A Not\\u00edcia Online\",\"description\":\"Noticias de Muria\\u00e9 e regi\\u00e3o\",\"url\":\"https:\\\/\\\/anoticiaonline.com.br\\\/site\\\/\",\"logo\":{\"@type\":\"ImageObject\",\"url\":\"https:\\\/\\\/scontent-gig4-1.xx.fbcdn.net\\\/v\\\/t39.30808-1\\\/270437624_4564083193639691_6907940295614233970_n.jpg?stp=dst-jpg_s200x200_tt6&_nc_cat=111&ccb=1-7&_nc_sid=f907e8&_nc_ohc=SM1wRlP3lJwQ7kNvwEPuBYA&_nc_oc=AdnqrjDN_BNjSSHWO-GbkIWH6fkGMLw4bqvL_NH6e2wMveX7G-rP2dAqsDSq1mJMOaY&_nc_zt=24&_nc_ht=scontent-gig4-1.xx&_nc_gid=AoBFJeGrT1hVaew_6rchkQ&oh=00_AfX7QmFGhQhG2jAllVgXCiM1ZrWgvtp80-Bfppyexh1QEg&oe=689E923C\",\"@id\":\"https:\\\/\\\/anoticiaonline.com.br\\\/site\\\/unidos-do-sao-joaquim-abre-noite-de-desfiles-no-esquenta-muriae\\\/#organizationLogo\"},\"image\":{\"@id\":\"https:\\\/\\\/anoticiaonline.com.br\\\/site\\\/unidos-do-sao-joaquim-abre-noite-de-desfiles-no-esquenta-muriae\\\/#organizationLogo\"}},{\"@type\":\"Person\",\"@id\":\"https:\\\/\\\/anoticiaonline.com.br\\\/site\\\/author\\\/juliana\\\/#author\",\"url\":\"https:\\\/\\\/anoticiaonline.com.br\\\/site\\\/author\\\/juliana\\\/\",\"name\":\"Juliana Laviola\",\"image\":{\"@type\":\"ImageObject\",\"@id\":\"https:\\\/\\\/anoticiaonline.com.br\\\/site\\\/unidos-do-sao-joaquim-abre-noite-de-desfiles-no-esquenta-muriae\\\/#authorImage\",\"url\":\"https:\\\/\\\/secure.gravatar.com\\\/avatar\\\/b8d45f5c699b100dfaf0e543582f38f38bf94cb7ae3a5e9abf8d891a34773335?s=96&d=mm&r=g\",\"width\":96,\"height\":96,\"caption\":\"Juliana Laviola\"}},{\"@type\":\"WebPage\",\"@id\":\"https:\\\/\\\/anoticiaonline.com.br\\\/site\\\/unidos-do-sao-joaquim-abre-noite-de-desfiles-no-esquenta-muriae\\\/#webpage\",\"url\":\"https:\\\/\\\/anoticiaonline.com.br\\\/site\\\/unidos-do-sao-joaquim-abre-noite-de-desfiles-no-esquenta-muriae\\\/\",\"name\":\"Unidos do S\\u00e3o Joaquim abre noite de desfiles no \\u201cEsquenta, Muria\\u00e9\\u201d - A Not\\u00edcia Online\",\"description\":\"A Unidos do S\\u00e3o Joaquim foi a primeira escola a desfilar na Avenida do Samba na sexta-feira (2), primeira noite do evento de pr\\u00e9-carnaval \\u201cEsquenta Muria\\u00e9\\u201d, que aconteceu na Pra\\u00e7a Jo\\u00e3o Pinheiro. Com o enredo \\u201cQue judia\\u00e7\\u00e3o o qu\\u00ea? Essa terra ardente \\u00e9 nosso altar dos xotes das alegrias. Nordeste, a terra da asa branca\",\"inLanguage\":\"pt-BR\",\"isPartOf\":{\"@id\":\"https:\\\/\\\/anoticiaonline.com.br\\\/site\\\/#website\"},\"breadcrumb\":{\"@id\":\"https:\\\/\\\/anoticiaonline.com.br\\\/site\\\/unidos-do-sao-joaquim-abre-noite-de-desfiles-no-esquenta-muriae\\\/#breadcrumblist\"},\"author\":{\"@id\":\"https:\\\/\\\/anoticiaonline.com.br\\\/site\\\/author\\\/juliana\\\/#author\"},\"creator\":{\"@id\":\"https:\\\/\\\/anoticiaonline.com.br\\\/site\\\/author\\\/juliana\\\/#author\"},\"image\":{\"@type\":\"ImageObject\",\"url\":\"https:\\\/\\\/anoticiaonline.com.br\\\/site\\\/wp-content\\\/uploads\\\/2018\\\/02\\\/DSC_0664.jpg\",\"@id\":\"https:\\\/\\\/anoticiaonline.com.br\\\/site\\\/unidos-do-sao-joaquim-abre-noite-de-desfiles-no-esquenta-muriae\\\/#mainImage\",\"width\":640,\"height\":427},\"primaryImageOfPage\":{\"@id\":\"https:\\\/\\\/anoticiaonline.com.br\\\/site\\\/unidos-do-sao-joaquim-abre-noite-de-desfiles-no-esquenta-muriae\\\/#mainImage\"},\"datePublished\":\"2018-02-08T19:05:56-03:00\",\"dateModified\":\"2018-02-08T19:05:56-03:00\"},{\"@type\":\"WebSite\",\"@id\":\"https:\\\/\\\/anoticiaonline.com.br\\\/site\\\/#website\",\"url\":\"https:\\\/\\\/anoticiaonline.com.br\\\/site\\\/\",\"name\":\"A Not\\u00edcia Online\",\"description\":\"Noticias de Muria\\u00e9 e regi\\u00e3o\",\"inLanguage\":\"pt-BR\",\"publisher\":{\"@id\":\"https:\\\/\\\/anoticiaonline.com.br\\\/site\\\/#organization\"}}]}\n\t\t<\/script>\n\t\t<!-- All in One SEO -->\n\n","aioseo_head_json":{"title":"Unidos do S\u00e3o Joaquim abre noite de desfiles no \u201cEsquenta, Muria\u00e9\u201d - A Not\u00edcia Online","description":"A Unidos do S\u00e3o Joaquim foi a primeira escola a desfilar na Avenida do Samba na sexta-feira (2), primeira noite do evento de pr\u00e9-carnaval \u201cEsquenta Muria\u00e9\u201d, que aconteceu na Pra\u00e7a Jo\u00e3o Pinheiro. Com o enredo \u201cQue judia\u00e7\u00e3o o qu\u00ea? Essa terra ardente \u00e9 nosso altar dos xotes das alegrias. Nordeste, a terra da asa branca","canonical_url":"https:\/\/anoticiaonline.com.br\/site\/unidos-do-sao-joaquim-abre-noite-de-desfiles-no-esquenta-muriae\/","robots":"max-image-preview:large","keywords":"","webmasterTools":{"miscellaneous":""},"schema":{"@context":"https:\/\/schema.org","@graph":[{"@type":"BlogPosting","@id":"https:\/\/anoticiaonline.com.br\/site\/unidos-do-sao-joaquim-abre-noite-de-desfiles-no-esquenta-muriae\/#blogposting","name":"Unidos do S\u00e3o Joaquim abre noite de desfiles no \u201cEsquenta, Muria\u00e9\u201d - A Not\u00edcia Online","headline":"Unidos do S\u00e3o Joaquim abre noite de desfiles no \u201cEsquenta, Muria\u00e9\u201d","author":{"@id":"https:\/\/anoticiaonline.com.br\/site\/author\/juliana\/#author"},"publisher":{"@id":"https:\/\/anoticiaonline.com.br\/site\/#organization"},"image":{"@type":"ImageObject","url":"https:\/\/anoticiaonline.com.br\/site\/wp-content\/uploads\/2018\/02\/DSC_0664.jpg","width":640,"height":427},"datePublished":"2018-02-08T19:05:56-03:00","dateModified":"2018-02-08T19:05:56-03:00","inLanguage":"pt-BR","mainEntityOfPage":{"@id":"https:\/\/anoticiaonline.com.br\/site\/unidos-do-sao-joaquim-abre-noite-de-desfiles-no-esquenta-muriae\/#webpage"},"isPartOf":{"@id":"https:\/\/anoticiaonline.com.br\/site\/unidos-do-sao-joaquim-abre-noite-de-desfiles-no-esquenta-muriae\/#webpage"},"articleSection":"Gerais, Esquenta Muria\u00e9, Unidos do S\u00e3o Joaquim"},{"@type":"BreadcrumbList","@id":"https:\/\/anoticiaonline.com.br\/site\/unidos-do-sao-joaquim-abre-noite-de-desfiles-no-esquenta-muriae\/#breadcrumblist","itemListElement":[{"@type":"ListItem","@id":"https:\/\/anoticiaonline.com.br\/site#listItem","position":1,"name":"Home","item":"https:\/\/anoticiaonline.com.br\/site","nextItem":{"@type":"ListItem","@id":"https:\/\/anoticiaonline.com.br\/site\/categoria\/gerais\/#listItem","name":"Gerais"}},{"@type":"ListItem","@id":"https:\/\/anoticiaonline.com.br\/site\/categoria\/gerais\/#listItem","position":2,"name":"Gerais","item":"https:\/\/anoticiaonline.com.br\/site\/categoria\/gerais\/","nextItem":{"@type":"ListItem","@id":"https:\/\/anoticiaonline.com.br\/site\/unidos-do-sao-joaquim-abre-noite-de-desfiles-no-esquenta-muriae\/#listItem","name":"Unidos do S\u00e3o Joaquim abre noite de desfiles no \u201cEsquenta, Muria\u00e9\u201d"},"previousItem":{"@type":"ListItem","@id":"https:\/\/anoticiaonline.com.br\/site#listItem","name":"Home"}},{"@type":"ListItem","@id":"https:\/\/anoticiaonline.com.br\/site\/unidos-do-sao-joaquim-abre-noite-de-desfiles-no-esquenta-muriae\/#listItem","position":3,"name":"Unidos do S\u00e3o Joaquim abre noite de desfiles no \u201cEsquenta, Muria\u00e9\u201d","previousItem":{"@type":"ListItem","@id":"https:\/\/anoticiaonline.com.br\/site\/categoria\/gerais\/#listItem","name":"Gerais"}}]},{"@type":"Organization","@id":"https:\/\/anoticiaonline.com.br\/site\/#organization","name":"A Not\u00edcia Online","description":"Noticias de Muria\u00e9 e regi\u00e3o","url":"https:\/\/anoticiaonline.com.br\/site\/","logo":{"@type":"ImageObject","url":"https:\/\/scontent-gig4-1.xx.fbcdn.net\/v\/t39.30808-1\/270437624_4564083193639691_6907940295614233970_n.jpg?stp=dst-jpg_s200x200_tt6&_nc_cat=111&ccb=1-7&_nc_sid=f907e8&_nc_ohc=SM1wRlP3lJwQ7kNvwEPuBYA&_nc_oc=AdnqrjDN_BNjSSHWO-GbkIWH6fkGMLw4bqvL_NH6e2wMveX7G-rP2dAqsDSq1mJMOaY&_nc_zt=24&_nc_ht=scontent-gig4-1.xx&_nc_gid=AoBFJeGrT1hVaew_6rchkQ&oh=00_AfX7QmFGhQhG2jAllVgXCiM1ZrWgvtp80-Bfppyexh1QEg&oe=689E923C","@id":"https:\/\/anoticiaonline.com.br\/site\/unidos-do-sao-joaquim-abre-noite-de-desfiles-no-esquenta-muriae\/#organizationLogo"},"image":{"@id":"https:\/\/anoticiaonline.com.br\/site\/unidos-do-sao-joaquim-abre-noite-de-desfiles-no-esquenta-muriae\/#organizationLogo"}},{"@type":"Person","@id":"https:\/\/anoticiaonline.com.br\/site\/author\/juliana\/#author","url":"https:\/\/anoticiaonline.com.br\/site\/author\/juliana\/","name":"Juliana Laviola","image":{"@type":"ImageObject","@id":"https:\/\/anoticiaonline.com.br\/site\/unidos-do-sao-joaquim-abre-noite-de-desfiles-no-esquenta-muriae\/#authorImage","url":"https:\/\/secure.gravatar.com\/avatar\/b8d45f5c699b100dfaf0e543582f38f38bf94cb7ae3a5e9abf8d891a34773335?s=96&d=mm&r=g","width":96,"height":96,"caption":"Juliana Laviola"}},{"@type":"WebPage","@id":"https:\/\/anoticiaonline.com.br\/site\/unidos-do-sao-joaquim-abre-noite-de-desfiles-no-esquenta-muriae\/#webpage","url":"https:\/\/anoticiaonline.com.br\/site\/unidos-do-sao-joaquim-abre-noite-de-desfiles-no-esquenta-muriae\/","name":"Unidos do S\u00e3o Joaquim abre noite de desfiles no \u201cEsquenta, Muria\u00e9\u201d - A Not\u00edcia Online","description":"A Unidos do S\u00e3o Joaquim foi a primeira escola a desfilar na Avenida do Samba na sexta-feira (2), primeira noite do evento de pr\u00e9-carnaval \u201cEsquenta Muria\u00e9\u201d, que aconteceu na Pra\u00e7a Jo\u00e3o Pinheiro. Com o enredo \u201cQue judia\u00e7\u00e3o o qu\u00ea? Essa terra ardente \u00e9 nosso altar dos xotes das alegrias. Nordeste, a terra da asa branca","inLanguage":"pt-BR","isPartOf":{"@id":"https:\/\/anoticiaonline.com.br\/site\/#website"},"breadcrumb":{"@id":"https:\/\/anoticiaonline.com.br\/site\/unidos-do-sao-joaquim-abre-noite-de-desfiles-no-esquenta-muriae\/#breadcrumblist"},"author":{"@id":"https:\/\/anoticiaonline.com.br\/site\/author\/juliana\/#author"},"creator":{"@id":"https:\/\/anoticiaonline.com.br\/site\/author\/juliana\/#author"},"image":{"@type":"ImageObject","url":"https:\/\/anoticiaonline.com.br\/site\/wp-content\/uploads\/2018\/02\/DSC_0664.jpg","@id":"https:\/\/anoticiaonline.com.br\/site\/unidos-do-sao-joaquim-abre-noite-de-desfiles-no-esquenta-muriae\/#mainImage","width":640,"height":427},"primaryImageOfPage":{"@id":"https:\/\/anoticiaonline.com.br\/site\/unidos-do-sao-joaquim-abre-noite-de-desfiles-no-esquenta-muriae\/#mainImage"},"datePublished":"2018-02-08T19:05:56-03:00","dateModified":"2018-02-08T19:05:56-03:00"},{"@type":"WebSite","@id":"https:\/\/anoticiaonline.com.br\/site\/#website","url":"https:\/\/anoticiaonline.com.br\/site\/","name":"A Not\u00edcia Online","description":"Noticias de Muria\u00e9 e regi\u00e3o","inLanguage":"pt-BR","publisher":{"@id":"https:\/\/anoticiaonline.com.br\/site\/#organization"}}]},"og:locale":"pt_BR","og:site_name":"A Not\u00edcia Online - Noticias de Muria\u00e9 e regi\u00e3o","og:type":"article","og:title":"Unidos do S\u00e3o Joaquim abre noite de desfiles no \u201cEsquenta, Muria\u00e9\u201d - A Not\u00edcia Online","og:description":"A Unidos do S\u00e3o Joaquim foi a primeira escola a desfilar na Avenida do Samba na sexta-feira (2), primeira noite do evento de pr\u00e9-carnaval \u201cEsquenta Muria\u00e9\u201d, que aconteceu na Pra\u00e7a Jo\u00e3o Pinheiro. Com o enredo \u201cQue judia\u00e7\u00e3o o qu\u00ea? Essa terra ardente \u00e9 nosso altar dos xotes das alegrias. Nordeste, a terra da asa branca","og:url":"https:\/\/anoticiaonline.com.br\/site\/unidos-do-sao-joaquim-abre-noite-de-desfiles-no-esquenta-muriae\/","og:image":"https:\/\/scontent-gig4-1.xx.fbcdn.net\/v\/t39.30808-1\/270437624_4564083193639691_6907940295614233970_n.jpg?stp=dst-jpg_s200x200_tt6&#038;_nc_cat=111&#038;ccb=1-7&#038;_nc_sid=f907e8&#038;_nc_ohc=SM1wRlP3lJwQ7kNvwEPuBYA&#038;_nc_oc=AdnqrjDN_BNjSSHWO-GbkIWH6fkGMLw4bqvL_NH6e2wMveX7G-rP2dAqsDSq1mJMOaY&#038;_nc_zt=24&#038;_nc_ht=scontent-gig4-1.xx&#038;_nc_gid=AoBFJeGrT1hVaew_6rchkQ&#038;oh=00_AfX7QmFGhQhG2jAllVgXCiM1ZrWgvtp80-Bfppyexh1QEg&#038;oe=689E923C","og:image:secure_url":"https:\/\/scontent-gig4-1.xx.fbcdn.net\/v\/t39.30808-1\/270437624_4564083193639691_6907940295614233970_n.jpg?stp=dst-jpg_s200x200_tt6&#038;_nc_cat=111&#038;ccb=1-7&#038;_nc_sid=f907e8&#038;_nc_ohc=SM1wRlP3lJwQ7kNvwEPuBYA&#038;_nc_oc=AdnqrjDN_BNjSSHWO-GbkIWH6fkGMLw4bqvL_NH6e2wMveX7G-rP2dAqsDSq1mJMOaY&#038;_nc_zt=24&#038;_nc_ht=scontent-gig4-1.xx&#038;_nc_gid=AoBFJeGrT1hVaew_6rchkQ&#038;oh=00_AfX7QmFGhQhG2jAllVgXCiM1ZrWgvtp80-Bfppyexh1QEg&#038;oe=689E923C","article:published_time":"2018-02-08T22:05:56+00:00","article:modified_time":"2018-02-08T22:05:56+00:00","twitter:card":"summary_large_image","twitter:title":"Unidos do S\u00e3o Joaquim abre noite de desfiles no \u201cEsquenta, Muria\u00e9\u201d - A Not\u00edcia Online","twitter:description":"A Unidos do S\u00e3o Joaquim foi a primeira escola a desfilar na Avenida do Samba na sexta-feira (2), primeira noite do evento de pr\u00e9-carnaval \u201cEsquenta Muria\u00e9\u201d, que aconteceu na Pra\u00e7a Jo\u00e3o Pinheiro. Com o enredo \u201cQue judia\u00e7\u00e3o o qu\u00ea? Essa terra ardente \u00e9 nosso altar dos xotes das alegrias. Nordeste, a terra da asa branca","twitter:image":"https:\/\/scontent-gig4-1.xx.fbcdn.net\/v\/t39.30808-1\/270437624_4564083193639691_6907940295614233970_n.jpg?stp=dst-jpg_s200x200_tt6&_nc_cat=111&ccb=1-7&_nc_sid=f907e8&_nc_ohc=SM1wRlP3lJwQ7kNvwEPuBYA&_nc_oc=AdnqrjDN_BNjSSHWO-GbkIWH6fkGMLw4bqvL_NH6e2wMveX7G-rP2dAqsDSq1mJMOaY&_nc_zt=24&_nc_ht=scontent-gig4-1.xx&_nc_gid=AoBFJeGrT1hVaew_6rchkQ&oh=00_AfX7QmFGhQhG2jAllVgXCiM1ZrWgvtp80-Bfppyexh1QEg&oe=689E923C"},"aioseo_meta_data":{"post_id":"49673","title":null,"description":null,"keywords":null,"keyphrases":null,"primary_term":null,"canonical_url":null,"og_title":null,"og_description":null,"og_object_type":"default","og_image_type":"default","og_image_url":null,"og_image_width":null,"og_image_height":null,"og_image_custom_url":null,"og_image_custom_fields":null,"og_video":null,"og_custom_url":null,"og_article_section":null,"og_article_tags":null,"twitter_use_og":false,"twitter_card":"default","twitter_image_type":"default","twitter_image_url":null,"twitter_image_custom_url":null,"twitter_image_custom_fields":null,"twitter_title":null,"twitter_description":null,"schema":{"blockGraphs":[],"customGraphs":[],"default":{"data":{"Article":[],"Course":[],"Dataset":[],"FAQPage":[],"Movie":[],"Person":[],"Product":[],"ProductReview":[],"Car":[],"Recipe":[],"Service":[],"SoftwareApplication":[],"WebPage":[]},"graphName":"","isEnabled":true},"graphs":[]},"schema_type":"default","schema_type_options":null,"pillar_content":false,"robots_default":true,"robots_noindex":false,"robots_noarchive":false,"robots_nosnippet":false,"robots_nofollow":false,"robots_noimageindex":false,"robots_noodp":false,"robots_notranslate":false,"robots_max_snippet":null,"robots_max_videopreview":null,"robots_max_imagepreview":"large","priority":null,"frequency":null,"local_seo":null,"breadcrumb_settings":null,"limit_modified_date":false,"ai":null,"created":"2025-08-16 20:16:18","updated":"2025-08-16 20:16:18","focus_keyword":null,"additional_keywords":null,"truseo_locale":null,"seo_analyzer_scan_date":null},"aioseo_breadcrumb":"<div class=\"aioseo-breadcrumbs\"><span class=\"aioseo-breadcrumb\">\n\t\t\t<a href=\"https:\/\/anoticiaonline.com.br\/site\" title=\"Home\">Home<\/a>\n\t\t<\/span><span class=\"aioseo-breadcrumb-separator\">&raquo;<\/span><span class=\"aioseo-breadcrumb\">\n\t\t\t<a href=\"https:\/\/anoticiaonline.com.br\/site\/categoria\/gerais\/\" title=\"Gerais\">Gerais<\/a>\n\t\t<\/span><span class=\"aioseo-breadcrumb-separator\">&raquo;<\/span><span class=\"aioseo-breadcrumb\">\n\t\t\tUnidos do S\u00e3o Joaquim abre noite de desfiles no \u201cEsquenta, Muria\u00e9\u201d\n\t\t<\/span><\/div>","aioseo_breadcrumb_json":[{"label":"Home","link":"https:\/\/anoticiaonline.com.br\/site"},{"label":"Gerais","link":"https:\/\/anoticiaonline.com.br\/site\/categoria\/gerais\/"},{"label":"Unidos do S\u00e3o Joaquim abre noite de desfiles no \u201cEsquenta, Muria\u00e9\u201d","link":"https:\/\/anoticiaonline.com.br\/site\/unidos-do-sao-joaquim-abre-noite-de-desfiles-no-esquenta-muriae\/"}],"views":131,"_links":{"self":[{"href":"https:\/\/anoticiaonline.com.br\/site\/wp-json\/wp\/v2\/posts\/49673","targetHints":{"allow":["GET"]}}],"collection":[{"href":"https:\/\/anoticiaonline.com.br\/site\/wp-json\/wp\/v2\/posts"}],"about":[{"href":"https:\/\/anoticiaonline.com.br\/site\/wp-json\/wp\/v2\/types\/post"}],"author":[{"embeddable":true,"href":"https:\/\/anoticiaonline.com.br\/site\/wp-json\/wp\/v2\/users\/2"}],"replies":[{"embeddable":true,"href":"https:\/\/anoticiaonline.com.br\/site\/wp-json\/wp\/v2\/comments?post=49673"}],"version-history":[{"count":0,"href":"https:\/\/anoticiaonline.com.br\/site\/wp-json\/wp\/v2\/posts\/49673\/revisions"}],"wp:featuredmedia":[{"embeddable":true,"href":"https:\/\/anoticiaonline.com.br\/site\/wp-json\/wp\/v2\/media\/49675"}],"wp:attachment":[{"href":"https:\/\/anoticiaonline.com.br\/site\/wp-json\/wp\/v2\/media?parent=49673"}],"wp:term":[{"taxonomy":"category","embeddable":true,"href":"https:\/\/anoticiaonline.com.br\/site\/wp-json\/wp\/v2\/categories?post=49673"},{"taxonomy":"post_tag","embeddable":true,"href":"https:\/\/anoticiaonline.com.br\/site\/wp-json\/wp\/v2\/tags?post=49673"}],"curies":[{"name":"wp","href":"https:\/\/api.w.org\/{rel}","templated":true}]}}