{"id":4956,"date":"2015-10-16T12:50:10","date_gmt":"2015-10-16T15:50:10","guid":{"rendered":"http:\/\/anoticiaonline.com.br\/site\/?p=4956"},"modified":"2015-10-16T12:50:10","modified_gmt":"2015-10-16T15:50:10","slug":"pm-realiza-acao-comunitaria-para-criancas-em-tratamento-na-fundacao","status":"publish","type":"post","link":"https:\/\/anoticiaonline.com.br\/site\/pm-realiza-acao-comunitaria-para-criancas-em-tratamento-na-fundacao\/","title":{"rendered":"PM realiza a\u00e7\u00e3o comunit\u00e1ria para crian\u00e7as em tratamento na Funda\u00e7\u00e3o"},"content":{"rendered":"<p><a href=\"https:\/\/anoticiaonline.com.br\/site\/wp-content\/uploads\/2015\/10\/DSC05278.jpg\"><img fetchpriority=\"high\" decoding=\"async\" class=\" size-medium wp-image-4957 alignleft\" src=\"https:\/\/anoticiaonline.com.br\/site\/wp-content\/uploads\/2015\/10\/DSC05278-300x225.jpg\" alt=\"DSC05278\" width=\"300\" height=\"225\" srcset=\"https:\/\/anoticiaonline.com.br\/site\/wp-content\/uploads\/2015\/10\/DSC05278-300x225.jpg 300w, https:\/\/anoticiaonline.com.br\/site\/wp-content\/uploads\/2015\/10\/DSC05278.jpg 640w\" sizes=\"(max-width: 300px) 100vw, 300px\" \/><\/a>A Pol\u00edcia Militar realizou, na manh\u00e3 desta sexta-feira (16), uma a\u00e7\u00e3o policial comunit\u00e1ria para crian\u00e7as em tratamento na Funda\u00e7\u00e3o Cristiano Varella, em comemora\u00e7\u00e3o ao Dia das Crian\u00e7as (12 de outubro). Al\u00e9m de brincadeiras, houve distribui\u00e7\u00e3o de presentes para os pequenos.<\/p>\n<p>A presen\u00e7a da \u201cTurma do Legalzinho\u201d, um teatro de bonecos da Pol\u00edcia Militar, fez a divers\u00e3o os presentes.<\/p>\n<p><img decoding=\"async\" class=\"ngg_displayed_gallery mceItem\" src=\"https:\/\/anoticiaonline.com.br\/site\/nextgen-attach_to_post\/preview\/id--4994\" alt=\"\" \/><\/p>\n","protected":false},"excerpt":{"rendered":"<p>A Pol\u00edcia Militar realizou, na manh\u00e3 desta sexta-feira (16), uma a\u00e7\u00e3o policial comunit\u00e1ria para crian\u00e7as em tratamento na Funda\u00e7\u00e3o Cristiano Varella, em comemora\u00e7\u00e3o ao Dia das Crian\u00e7as (12 de outubro). Al\u00e9m de brincadeiras, houve distribui\u00e7\u00e3o de presentes para os pequenos. A presen\u00e7a da \u201cTurma do Legalzinho\u201d, um teatro de bonecos da Pol\u00edcia Militar, fez a &#8230; <a title=\"PM realiza a\u00e7\u00e3o comunit\u00e1ria para crian\u00e7as em tratamento na Funda\u00e7\u00e3o\" class=\"read-more\" href=\"https:\/\/anoticiaonline.com.br\/site\/pm-realiza-acao-comunitaria-para-criancas-em-tratamento-na-fundacao\/\" aria-label=\"Read more about PM realiza a\u00e7\u00e3o comunit\u00e1ria para crian\u00e7as em tratamento na Funda\u00e7\u00e3o\">Ler mais<\/a><\/p>\n","protected":false},"author":2,"featured_media":4957,"comment_status":"open","ping_status":"open","sticky":false,"template":"","format":"standard","meta":{"_acf_changed":false,"_monsterinsights_skip_tracking":false,"footnotes":""},"categories":[30],"tags":[3],"class_list":["post-4956","post","type-post","status-publish","format-standard","has-post-thumbnail","hentry","category-muriae","tag-slide"],"acf":[],"aioseo_notices":[],"aioseo_head":"\n\t\t<!-- All in One SEO 5.0.0.1 - aioseo.com -->\n\t<meta name=\"description\" content=\"A Pol\u00edcia Militar realizou, na manh\u00e3 desta sexta-feira (16), uma a\u00e7\u00e3o policial comunit\u00e1ria para crian\u00e7as em tratamento na Funda\u00e7\u00e3o Cristiano Varella, em comemora\u00e7\u00e3o ao Dia das Crian\u00e7as (12 de outubro). Al\u00e9m de brincadeiras, houve distribui\u00e7\u00e3o de presentes para os pequenos. A presen\u00e7a da \u201cTurma do Legalzinho\u201d, um teatro de bonecos da Pol\u00edcia Militar, fez a\" \/>\n\t<meta name=\"robots\" content=\"max-image-preview:large\" \/>\n\t<meta name=\"author\" content=\"Juliana Laviola\"\/>\n\t<link rel=\"canonical\" href=\"https:\/\/anoticiaonline.com.br\/site\/pm-realiza-acao-comunitaria-para-criancas-em-tratamento-na-fundacao\/\" \/>\n\t<meta name=\"generator\" content=\"All in One SEO (AIOSEO) 5.0.0.1\" \/>\n\t\t<meta property=\"og:locale\" content=\"pt_BR\" \/>\n\t\t<meta property=\"og:site_name\" content=\"A Not\u00edcia Online - Noticias de Muria\u00e9 e regi\u00e3o\" \/>\n\t\t<meta property=\"og:type\" content=\"article\" \/>\n\t\t<meta property=\"og:title\" content=\"PM realiza a\u00e7\u00e3o comunit\u00e1ria para crian\u00e7as em tratamento na Funda\u00e7\u00e3o - A Not\u00edcia Online\" \/>\n\t\t<meta property=\"og:description\" content=\"A Pol\u00edcia Militar realizou, na manh\u00e3 desta sexta-feira (16), uma a\u00e7\u00e3o policial comunit\u00e1ria para crian\u00e7as em tratamento na Funda\u00e7\u00e3o Cristiano Varella, em comemora\u00e7\u00e3o ao Dia das Crian\u00e7as (12 de outubro). Al\u00e9m de brincadeiras, houve distribui\u00e7\u00e3o de presentes para os pequenos. A presen\u00e7a da \u201cTurma do Legalzinho\u201d, um teatro de bonecos da Pol\u00edcia Militar, fez a\" \/>\n\t\t<meta property=\"og:url\" content=\"https:\/\/anoticiaonline.com.br\/site\/pm-realiza-acao-comunitaria-para-criancas-em-tratamento-na-fundacao\/\" \/>\n\t\t<meta property=\"og:image\" content=\"https:\/\/scontent-gig4-1.xx.fbcdn.net\/v\/t39.30808-1\/270437624_4564083193639691_6907940295614233970_n.jpg?stp=dst-jpg_s200x200_tt6&#038;_nc_cat=111&#038;ccb=1-7&#038;_nc_sid=f907e8&#038;_nc_ohc=SM1wRlP3lJwQ7kNvwEPuBYA&#038;_nc_oc=AdnqrjDN_BNjSSHWO-GbkIWH6fkGMLw4bqvL_NH6e2wMveX7G-rP2dAqsDSq1mJMOaY&#038;_nc_zt=24&#038;_nc_ht=scontent-gig4-1.xx&#038;_nc_gid=AoBFJeGrT1hVaew_6rchkQ&#038;oh=00_AfX7QmFGhQhG2jAllVgXCiM1ZrWgvtp80-Bfppyexh1QEg&#038;oe=689E923C\" \/>\n\t\t<meta property=\"og:image:secure_url\" content=\"https:\/\/scontent-gig4-1.xx.fbcdn.net\/v\/t39.30808-1\/270437624_4564083193639691_6907940295614233970_n.jpg?stp=dst-jpg_s200x200_tt6&#038;_nc_cat=111&#038;ccb=1-7&#038;_nc_sid=f907e8&#038;_nc_ohc=SM1wRlP3lJwQ7kNvwEPuBYA&#038;_nc_oc=AdnqrjDN_BNjSSHWO-GbkIWH6fkGMLw4bqvL_NH6e2wMveX7G-rP2dAqsDSq1mJMOaY&#038;_nc_zt=24&#038;_nc_ht=scontent-gig4-1.xx&#038;_nc_gid=AoBFJeGrT1hVaew_6rchkQ&#038;oh=00_AfX7QmFGhQhG2jAllVgXCiM1ZrWgvtp80-Bfppyexh1QEg&#038;oe=689E923C\" \/>\n\t\t<meta property=\"article:published_time\" content=\"2015-10-16T15:50:10+00:00\" \/>\n\t\t<meta property=\"article:modified_time\" content=\"2015-10-16T15:50:10+00:00\" \/>\n\t\t<meta name=\"twitter:card\" content=\"summary_large_image\" \/>\n\t\t<meta name=\"twitter:title\" content=\"PM realiza a\u00e7\u00e3o comunit\u00e1ria para crian\u00e7as em tratamento na Funda\u00e7\u00e3o - A Not\u00edcia Online\" \/>\n\t\t<meta name=\"twitter:description\" content=\"A Pol\u00edcia Militar realizou, na manh\u00e3 desta sexta-feira (16), uma a\u00e7\u00e3o policial comunit\u00e1ria para crian\u00e7as em tratamento na Funda\u00e7\u00e3o Cristiano Varella, em comemora\u00e7\u00e3o ao Dia das Crian\u00e7as (12 de outubro). Al\u00e9m de brincadeiras, houve distribui\u00e7\u00e3o de presentes para os pequenos. A presen\u00e7a da \u201cTurma do Legalzinho\u201d, um teatro de bonecos da Pol\u00edcia Militar, fez a\" \/>\n\t\t<meta name=\"twitter:image\" content=\"https:\/\/scontent-gig4-1.xx.fbcdn.net\/v\/t39.30808-1\/270437624_4564083193639691_6907940295614233970_n.jpg?stp=dst-jpg_s200x200_tt6&amp;_nc_cat=111&amp;ccb=1-7&amp;_nc_sid=f907e8&amp;_nc_ohc=SM1wRlP3lJwQ7kNvwEPuBYA&amp;_nc_oc=AdnqrjDN_BNjSSHWO-GbkIWH6fkGMLw4bqvL_NH6e2wMveX7G-rP2dAqsDSq1mJMOaY&amp;_nc_zt=24&amp;_nc_ht=scontent-gig4-1.xx&amp;_nc_gid=AoBFJeGrT1hVaew_6rchkQ&amp;oh=00_AfX7QmFGhQhG2jAllVgXCiM1ZrWgvtp80-Bfppyexh1QEg&amp;oe=689E923C\" \/>\n\t\t<script type=\"application\/ld+json\" class=\"aioseo-schema\">\n\t\t\t{\"@context\":\"https:\\\/\\\/schema.org\",\"@graph\":[{\"@type\":\"BlogPosting\",\"@id\":\"https:\\\/\\\/anoticiaonline.com.br\\\/site\\\/pm-realiza-acao-comunitaria-para-criancas-em-tratamento-na-fundacao\\\/#blogposting\",\"name\":\"PM realiza a\\u00e7\\u00e3o comunit\\u00e1ria para crian\\u00e7as em tratamento na Funda\\u00e7\\u00e3o - A Not\\u00edcia Online\",\"headline\":\"PM realiza a\\u00e7\\u00e3o comunit\\u00e1ria para crian\\u00e7as em tratamento na Funda\\u00e7\\u00e3o\",\"author\":{\"@id\":\"https:\\\/\\\/anoticiaonline.com.br\\\/site\\\/author\\\/juliana\\\/#author\"},\"publisher\":{\"@id\":\"https:\\\/\\\/anoticiaonline.com.br\\\/site\\\/#organization\"},\"image\":{\"@type\":\"ImageObject\",\"url\":\"https:\\\/\\\/anoticiaonline.com.br\\\/site\\\/wp-content\\\/uploads\\\/2015\\\/10\\\/DSC05278.jpg\",\"width\":640,\"height\":480},\"datePublished\":\"2015-10-16T12:50:10-03:00\",\"dateModified\":\"2015-10-16T12:50:10-03:00\",\"inLanguage\":\"pt-BR\",\"mainEntityOfPage\":{\"@id\":\"https:\\\/\\\/anoticiaonline.com.br\\\/site\\\/pm-realiza-acao-comunitaria-para-criancas-em-tratamento-na-fundacao\\\/#webpage\"},\"isPartOf\":{\"@id\":\"https:\\\/\\\/anoticiaonline.com.br\\\/site\\\/pm-realiza-acao-comunitaria-para-criancas-em-tratamento-na-fundacao\\\/#webpage\"},\"articleSection\":\"Blog, slide\"},{\"@type\":\"BreadcrumbList\",\"@id\":\"https:\\\/\\\/anoticiaonline.com.br\\\/site\\\/pm-realiza-acao-comunitaria-para-criancas-em-tratamento-na-fundacao\\\/#breadcrumblist\",\"itemListElement\":[{\"@type\":\"ListItem\",\"@id\":\"https:\\\/\\\/anoticiaonline.com.br\\\/site#listItem\",\"position\":1,\"name\":\"Home\",\"item\":\"https:\\\/\\\/anoticiaonline.com.br\\\/site\",\"nextItem\":{\"@type\":\"ListItem\",\"@id\":\"https:\\\/\\\/anoticiaonline.com.br\\\/site\\\/categoria\\\/muriae\\\/#listItem\",\"name\":\"Blog\"}},{\"@type\":\"ListItem\",\"@id\":\"https:\\\/\\\/anoticiaonline.com.br\\\/site\\\/categoria\\\/muriae\\\/#listItem\",\"position\":2,\"name\":\"Blog\",\"item\":\"https:\\\/\\\/anoticiaonline.com.br\\\/site\\\/categoria\\\/muriae\\\/\",\"nextItem\":{\"@type\":\"ListItem\",\"@id\":\"https:\\\/\\\/anoticiaonline.com.br\\\/site\\\/pm-realiza-acao-comunitaria-para-criancas-em-tratamento-na-fundacao\\\/#listItem\",\"name\":\"PM realiza a\\u00e7\\u00e3o comunit\\u00e1ria para crian\\u00e7as em tratamento na Funda\\u00e7\\u00e3o\"},\"previousItem\":{\"@type\":\"ListItem\",\"@id\":\"https:\\\/\\\/anoticiaonline.com.br\\\/site#listItem\",\"name\":\"Home\"}},{\"@type\":\"ListItem\",\"@id\":\"https:\\\/\\\/anoticiaonline.com.br\\\/site\\\/pm-realiza-acao-comunitaria-para-criancas-em-tratamento-na-fundacao\\\/#listItem\",\"position\":3,\"name\":\"PM realiza a\\u00e7\\u00e3o comunit\\u00e1ria para crian\\u00e7as em tratamento na Funda\\u00e7\\u00e3o\",\"previousItem\":{\"@type\":\"ListItem\",\"@id\":\"https:\\\/\\\/anoticiaonline.com.br\\\/site\\\/categoria\\\/muriae\\\/#listItem\",\"name\":\"Blog\"}}]},{\"@type\":\"Organization\",\"@id\":\"https:\\\/\\\/anoticiaonline.com.br\\\/site\\\/#organization\",\"name\":\"A Not\\u00edcia Online\",\"description\":\"Noticias de Muria\\u00e9 e regi\\u00e3o\",\"url\":\"https:\\\/\\\/anoticiaonline.com.br\\\/site\\\/\",\"logo\":{\"@type\":\"ImageObject\",\"url\":\"https:\\\/\\\/scontent-gig4-1.xx.fbcdn.net\\\/v\\\/t39.30808-1\\\/270437624_4564083193639691_6907940295614233970_n.jpg?stp=dst-jpg_s200x200_tt6&_nc_cat=111&ccb=1-7&_nc_sid=f907e8&_nc_ohc=SM1wRlP3lJwQ7kNvwEPuBYA&_nc_oc=AdnqrjDN_BNjSSHWO-GbkIWH6fkGMLw4bqvL_NH6e2wMveX7G-rP2dAqsDSq1mJMOaY&_nc_zt=24&_nc_ht=scontent-gig4-1.xx&_nc_gid=AoBFJeGrT1hVaew_6rchkQ&oh=00_AfX7QmFGhQhG2jAllVgXCiM1ZrWgvtp80-Bfppyexh1QEg&oe=689E923C\",\"@id\":\"https:\\\/\\\/anoticiaonline.com.br\\\/site\\\/pm-realiza-acao-comunitaria-para-criancas-em-tratamento-na-fundacao\\\/#organizationLogo\"},\"image\":{\"@id\":\"https:\\\/\\\/anoticiaonline.com.br\\\/site\\\/pm-realiza-acao-comunitaria-para-criancas-em-tratamento-na-fundacao\\\/#organizationLogo\"}},{\"@type\":\"Person\",\"@id\":\"https:\\\/\\\/anoticiaonline.com.br\\\/site\\\/author\\\/juliana\\\/#author\",\"url\":\"https:\\\/\\\/anoticiaonline.com.br\\\/site\\\/author\\\/juliana\\\/\",\"name\":\"Juliana Laviola\",\"image\":{\"@type\":\"ImageObject\",\"@id\":\"https:\\\/\\\/anoticiaonline.com.br\\\/site\\\/pm-realiza-acao-comunitaria-para-criancas-em-tratamento-na-fundacao\\\/#authorImage\",\"url\":\"https:\\\/\\\/secure.gravatar.com\\\/avatar\\\/b8d45f5c699b100dfaf0e543582f38f38bf94cb7ae3a5e9abf8d891a34773335?s=96&d=mm&r=g\",\"width\":96,\"height\":96,\"caption\":\"Juliana Laviola\"}},{\"@type\":\"WebPage\",\"@id\":\"https:\\\/\\\/anoticiaonline.com.br\\\/site\\\/pm-realiza-acao-comunitaria-para-criancas-em-tratamento-na-fundacao\\\/#webpage\",\"url\":\"https:\\\/\\\/anoticiaonline.com.br\\\/site\\\/pm-realiza-acao-comunitaria-para-criancas-em-tratamento-na-fundacao\\\/\",\"name\":\"PM realiza a\\u00e7\\u00e3o comunit\\u00e1ria para crian\\u00e7as em tratamento na Funda\\u00e7\\u00e3o - A Not\\u00edcia Online\",\"description\":\"A Pol\\u00edcia Militar realizou, na manh\\u00e3 desta sexta-feira (16), uma a\\u00e7\\u00e3o policial comunit\\u00e1ria para crian\\u00e7as em tratamento na Funda\\u00e7\\u00e3o Cristiano Varella, em comemora\\u00e7\\u00e3o ao Dia das Crian\\u00e7as (12 de outubro). Al\\u00e9m de brincadeiras, houve distribui\\u00e7\\u00e3o de presentes para os pequenos. A presen\\u00e7a da \\u201cTurma do Legalzinho\\u201d, um teatro de bonecos da Pol\\u00edcia Militar, fez a\",\"inLanguage\":\"pt-BR\",\"isPartOf\":{\"@id\":\"https:\\\/\\\/anoticiaonline.com.br\\\/site\\\/#website\"},\"breadcrumb\":{\"@id\":\"https:\\\/\\\/anoticiaonline.com.br\\\/site\\\/pm-realiza-acao-comunitaria-para-criancas-em-tratamento-na-fundacao\\\/#breadcrumblist\"},\"author\":{\"@id\":\"https:\\\/\\\/anoticiaonline.com.br\\\/site\\\/author\\\/juliana\\\/#author\"},\"creator\":{\"@id\":\"https:\\\/\\\/anoticiaonline.com.br\\\/site\\\/author\\\/juliana\\\/#author\"},\"image\":{\"@type\":\"ImageObject\",\"url\":\"https:\\\/\\\/anoticiaonline.com.br\\\/site\\\/wp-content\\\/uploads\\\/2015\\\/10\\\/DSC05278.jpg\",\"@id\":\"https:\\\/\\\/anoticiaonline.com.br\\\/site\\\/pm-realiza-acao-comunitaria-para-criancas-em-tratamento-na-fundacao\\\/#mainImage\",\"width\":640,\"height\":480},\"primaryImageOfPage\":{\"@id\":\"https:\\\/\\\/anoticiaonline.com.br\\\/site\\\/pm-realiza-acao-comunitaria-para-criancas-em-tratamento-na-fundacao\\\/#mainImage\"},\"datePublished\":\"2015-10-16T12:50:10-03:00\",\"dateModified\":\"2015-10-16T12:50:10-03:00\"},{\"@type\":\"WebSite\",\"@id\":\"https:\\\/\\\/anoticiaonline.com.br\\\/site\\\/#website\",\"url\":\"https:\\\/\\\/anoticiaonline.com.br\\\/site\\\/\",\"name\":\"A Not\\u00edcia Online\",\"description\":\"Noticias de Muria\\u00e9 e regi\\u00e3o\",\"inLanguage\":\"pt-BR\",\"publisher\":{\"@id\":\"https:\\\/\\\/anoticiaonline.com.br\\\/site\\\/#organization\"}}]}\n\t\t<\/script>\n\t\t<!-- All in One SEO -->\n\n","aioseo_head_json":{"title":"PM realiza a\u00e7\u00e3o comunit\u00e1ria para crian\u00e7as em tratamento na Funda\u00e7\u00e3o - A Not\u00edcia Online","description":"A Pol\u00edcia Militar realizou, na manh\u00e3 desta sexta-feira (16), uma a\u00e7\u00e3o policial comunit\u00e1ria para crian\u00e7as em tratamento na Funda\u00e7\u00e3o Cristiano Varella, em comemora\u00e7\u00e3o ao Dia das Crian\u00e7as (12 de outubro). Al\u00e9m de brincadeiras, houve distribui\u00e7\u00e3o de presentes para os pequenos. A presen\u00e7a da \u201cTurma do Legalzinho\u201d, um teatro de bonecos da Pol\u00edcia Militar, fez a","canonical_url":"https:\/\/anoticiaonline.com.br\/site\/pm-realiza-acao-comunitaria-para-criancas-em-tratamento-na-fundacao\/","robots":"max-image-preview:large","keywords":"","webmasterTools":{"miscellaneous":""},"schema":{"@context":"https:\/\/schema.org","@graph":[{"@type":"BlogPosting","@id":"https:\/\/anoticiaonline.com.br\/site\/pm-realiza-acao-comunitaria-para-criancas-em-tratamento-na-fundacao\/#blogposting","name":"PM realiza a\u00e7\u00e3o comunit\u00e1ria para crian\u00e7as em tratamento na Funda\u00e7\u00e3o - A Not\u00edcia Online","headline":"PM realiza a\u00e7\u00e3o comunit\u00e1ria para crian\u00e7as em tratamento na Funda\u00e7\u00e3o","author":{"@id":"https:\/\/anoticiaonline.com.br\/site\/author\/juliana\/#author"},"publisher":{"@id":"https:\/\/anoticiaonline.com.br\/site\/#organization"},"image":{"@type":"ImageObject","url":"https:\/\/anoticiaonline.com.br\/site\/wp-content\/uploads\/2015\/10\/DSC05278.jpg","width":640,"height":480},"datePublished":"2015-10-16T12:50:10-03:00","dateModified":"2015-10-16T12:50:10-03:00","inLanguage":"pt-BR","mainEntityOfPage":{"@id":"https:\/\/anoticiaonline.com.br\/site\/pm-realiza-acao-comunitaria-para-criancas-em-tratamento-na-fundacao\/#webpage"},"isPartOf":{"@id":"https:\/\/anoticiaonline.com.br\/site\/pm-realiza-acao-comunitaria-para-criancas-em-tratamento-na-fundacao\/#webpage"},"articleSection":"Blog, slide"},{"@type":"BreadcrumbList","@id":"https:\/\/anoticiaonline.com.br\/site\/pm-realiza-acao-comunitaria-para-criancas-em-tratamento-na-fundacao\/#breadcrumblist","itemListElement":[{"@type":"ListItem","@id":"https:\/\/anoticiaonline.com.br\/site#listItem","position":1,"name":"Home","item":"https:\/\/anoticiaonline.com.br\/site","nextItem":{"@type":"ListItem","@id":"https:\/\/anoticiaonline.com.br\/site\/categoria\/muriae\/#listItem","name":"Blog"}},{"@type":"ListItem","@id":"https:\/\/anoticiaonline.com.br\/site\/categoria\/muriae\/#listItem","position":2,"name":"Blog","item":"https:\/\/anoticiaonline.com.br\/site\/categoria\/muriae\/","nextItem":{"@type":"ListItem","@id":"https:\/\/anoticiaonline.com.br\/site\/pm-realiza-acao-comunitaria-para-criancas-em-tratamento-na-fundacao\/#listItem","name":"PM realiza a\u00e7\u00e3o comunit\u00e1ria para crian\u00e7as em tratamento na Funda\u00e7\u00e3o"},"previousItem":{"@type":"ListItem","@id":"https:\/\/anoticiaonline.com.br\/site#listItem","name":"Home"}},{"@type":"ListItem","@id":"https:\/\/anoticiaonline.com.br\/site\/pm-realiza-acao-comunitaria-para-criancas-em-tratamento-na-fundacao\/#listItem","position":3,"name":"PM realiza a\u00e7\u00e3o comunit\u00e1ria para crian\u00e7as em tratamento na Funda\u00e7\u00e3o","previousItem":{"@type":"ListItem","@id":"https:\/\/anoticiaonline.com.br\/site\/categoria\/muriae\/#listItem","name":"Blog"}}]},{"@type":"Organization","@id":"https:\/\/anoticiaonline.com.br\/site\/#organization","name":"A Not\u00edcia Online","description":"Noticias de Muria\u00e9 e regi\u00e3o","url":"https:\/\/anoticiaonline.com.br\/site\/","logo":{"@type":"ImageObject","url":"https:\/\/scontent-gig4-1.xx.fbcdn.net\/v\/t39.30808-1\/270437624_4564083193639691_6907940295614233970_n.jpg?stp=dst-jpg_s200x200_tt6&_nc_cat=111&ccb=1-7&_nc_sid=f907e8&_nc_ohc=SM1wRlP3lJwQ7kNvwEPuBYA&_nc_oc=AdnqrjDN_BNjSSHWO-GbkIWH6fkGMLw4bqvL_NH6e2wMveX7G-rP2dAqsDSq1mJMOaY&_nc_zt=24&_nc_ht=scontent-gig4-1.xx&_nc_gid=AoBFJeGrT1hVaew_6rchkQ&oh=00_AfX7QmFGhQhG2jAllVgXCiM1ZrWgvtp80-Bfppyexh1QEg&oe=689E923C","@id":"https:\/\/anoticiaonline.com.br\/site\/pm-realiza-acao-comunitaria-para-criancas-em-tratamento-na-fundacao\/#organizationLogo"},"image":{"@id":"https:\/\/anoticiaonline.com.br\/site\/pm-realiza-acao-comunitaria-para-criancas-em-tratamento-na-fundacao\/#organizationLogo"}},{"@type":"Person","@id":"https:\/\/anoticiaonline.com.br\/site\/author\/juliana\/#author","url":"https:\/\/anoticiaonline.com.br\/site\/author\/juliana\/","name":"Juliana Laviola","image":{"@type":"ImageObject","@id":"https:\/\/anoticiaonline.com.br\/site\/pm-realiza-acao-comunitaria-para-criancas-em-tratamento-na-fundacao\/#authorImage","url":"https:\/\/secure.gravatar.com\/avatar\/b8d45f5c699b100dfaf0e543582f38f38bf94cb7ae3a5e9abf8d891a34773335?s=96&d=mm&r=g","width":96,"height":96,"caption":"Juliana Laviola"}},{"@type":"WebPage","@id":"https:\/\/anoticiaonline.com.br\/site\/pm-realiza-acao-comunitaria-para-criancas-em-tratamento-na-fundacao\/#webpage","url":"https:\/\/anoticiaonline.com.br\/site\/pm-realiza-acao-comunitaria-para-criancas-em-tratamento-na-fundacao\/","name":"PM realiza a\u00e7\u00e3o comunit\u00e1ria para crian\u00e7as em tratamento na Funda\u00e7\u00e3o - A Not\u00edcia Online","description":"A Pol\u00edcia Militar realizou, na manh\u00e3 desta sexta-feira (16), uma a\u00e7\u00e3o policial comunit\u00e1ria para crian\u00e7as em tratamento na Funda\u00e7\u00e3o Cristiano Varella, em comemora\u00e7\u00e3o ao Dia das Crian\u00e7as (12 de outubro). Al\u00e9m de brincadeiras, houve distribui\u00e7\u00e3o de presentes para os pequenos. A presen\u00e7a da \u201cTurma do Legalzinho\u201d, um teatro de bonecos da Pol\u00edcia Militar, fez a","inLanguage":"pt-BR","isPartOf":{"@id":"https:\/\/anoticiaonline.com.br\/site\/#website"},"breadcrumb":{"@id":"https:\/\/anoticiaonline.com.br\/site\/pm-realiza-acao-comunitaria-para-criancas-em-tratamento-na-fundacao\/#breadcrumblist"},"author":{"@id":"https:\/\/anoticiaonline.com.br\/site\/author\/juliana\/#author"},"creator":{"@id":"https:\/\/anoticiaonline.com.br\/site\/author\/juliana\/#author"},"image":{"@type":"ImageObject","url":"https:\/\/anoticiaonline.com.br\/site\/wp-content\/uploads\/2015\/10\/DSC05278.jpg","@id":"https:\/\/anoticiaonline.com.br\/site\/pm-realiza-acao-comunitaria-para-criancas-em-tratamento-na-fundacao\/#mainImage","width":640,"height":480},"primaryImageOfPage":{"@id":"https:\/\/anoticiaonline.com.br\/site\/pm-realiza-acao-comunitaria-para-criancas-em-tratamento-na-fundacao\/#mainImage"},"datePublished":"2015-10-16T12:50:10-03:00","dateModified":"2015-10-16T12:50:10-03:00"},{"@type":"WebSite","@id":"https:\/\/anoticiaonline.com.br\/site\/#website","url":"https:\/\/anoticiaonline.com.br\/site\/","name":"A Not\u00edcia Online","description":"Noticias de Muria\u00e9 e regi\u00e3o","inLanguage":"pt-BR","publisher":{"@id":"https:\/\/anoticiaonline.com.br\/site\/#organization"}}]},"og:locale":"pt_BR","og:site_name":"A Not\u00edcia Online - Noticias de Muria\u00e9 e regi\u00e3o","og:type":"article","og:title":"PM realiza a\u00e7\u00e3o comunit\u00e1ria para crian\u00e7as em tratamento na Funda\u00e7\u00e3o - A Not\u00edcia Online","og:description":"A Pol\u00edcia Militar realizou, na manh\u00e3 desta sexta-feira (16), uma a\u00e7\u00e3o policial comunit\u00e1ria para crian\u00e7as em tratamento na Funda\u00e7\u00e3o Cristiano Varella, em comemora\u00e7\u00e3o ao Dia das Crian\u00e7as (12 de outubro). Al\u00e9m de brincadeiras, houve distribui\u00e7\u00e3o de presentes para os pequenos. A presen\u00e7a da \u201cTurma do Legalzinho\u201d, um teatro de bonecos da Pol\u00edcia Militar, fez a","og:url":"https:\/\/anoticiaonline.com.br\/site\/pm-realiza-acao-comunitaria-para-criancas-em-tratamento-na-fundacao\/","og:image":"https:\/\/scontent-gig4-1.xx.fbcdn.net\/v\/t39.30808-1\/270437624_4564083193639691_6907940295614233970_n.jpg?stp=dst-jpg_s200x200_tt6&#038;_nc_cat=111&#038;ccb=1-7&#038;_nc_sid=f907e8&#038;_nc_ohc=SM1wRlP3lJwQ7kNvwEPuBYA&#038;_nc_oc=AdnqrjDN_BNjSSHWO-GbkIWH6fkGMLw4bqvL_NH6e2wMveX7G-rP2dAqsDSq1mJMOaY&#038;_nc_zt=24&#038;_nc_ht=scontent-gig4-1.xx&#038;_nc_gid=AoBFJeGrT1hVaew_6rchkQ&#038;oh=00_AfX7QmFGhQhG2jAllVgXCiM1ZrWgvtp80-Bfppyexh1QEg&#038;oe=689E923C","og:image:secure_url":"https:\/\/scontent-gig4-1.xx.fbcdn.net\/v\/t39.30808-1\/270437624_4564083193639691_6907940295614233970_n.jpg?stp=dst-jpg_s200x200_tt6&#038;_nc_cat=111&#038;ccb=1-7&#038;_nc_sid=f907e8&#038;_nc_ohc=SM1wRlP3lJwQ7kNvwEPuBYA&#038;_nc_oc=AdnqrjDN_BNjSSHWO-GbkIWH6fkGMLw4bqvL_NH6e2wMveX7G-rP2dAqsDSq1mJMOaY&#038;_nc_zt=24&#038;_nc_ht=scontent-gig4-1.xx&#038;_nc_gid=AoBFJeGrT1hVaew_6rchkQ&#038;oh=00_AfX7QmFGhQhG2jAllVgXCiM1ZrWgvtp80-Bfppyexh1QEg&#038;oe=689E923C","article:published_time":"2015-10-16T15:50:10+00:00","article:modified_time":"2015-10-16T15:50:10+00:00","twitter:card":"summary_large_image","twitter:title":"PM realiza a\u00e7\u00e3o comunit\u00e1ria para crian\u00e7as em tratamento na Funda\u00e7\u00e3o - A Not\u00edcia Online","twitter:description":"A Pol\u00edcia Militar realizou, na manh\u00e3 desta sexta-feira (16), uma a\u00e7\u00e3o policial comunit\u00e1ria para crian\u00e7as em tratamento na Funda\u00e7\u00e3o Cristiano Varella, em comemora\u00e7\u00e3o ao Dia das Crian\u00e7as (12 de outubro). Al\u00e9m de brincadeiras, houve distribui\u00e7\u00e3o de presentes para os pequenos. A presen\u00e7a da \u201cTurma do Legalzinho\u201d, um teatro de bonecos da Pol\u00edcia Militar, fez a","twitter:image":"https:\/\/scontent-gig4-1.xx.fbcdn.net\/v\/t39.30808-1\/270437624_4564083193639691_6907940295614233970_n.jpg?stp=dst-jpg_s200x200_tt6&_nc_cat=111&ccb=1-7&_nc_sid=f907e8&_nc_ohc=SM1wRlP3lJwQ7kNvwEPuBYA&_nc_oc=AdnqrjDN_BNjSSHWO-GbkIWH6fkGMLw4bqvL_NH6e2wMveX7G-rP2dAqsDSq1mJMOaY&_nc_zt=24&_nc_ht=scontent-gig4-1.xx&_nc_gid=AoBFJeGrT1hVaew_6rchkQ&oh=00_AfX7QmFGhQhG2jAllVgXCiM1ZrWgvtp80-Bfppyexh1QEg&oe=689E923C"},"aioseo_meta_data":{"post_id":"4956","title":null,"description":null,"keywords":null,"keyphrases":null,"primary_term":null,"canonical_url":null,"og_title":null,"og_description":null,"og_object_type":"default","og_image_type":"default","og_image_url":null,"og_image_width":null,"og_image_height":null,"og_image_custom_url":null,"og_image_custom_fields":null,"og_video":null,"og_custom_url":null,"og_article_section":null,"og_article_tags":null,"twitter_use_og":false,"twitter_card":"default","twitter_image_type":"default","twitter_image_url":null,"twitter_image_custom_url":null,"twitter_image_custom_fields":null,"twitter_title":null,"twitter_description":null,"schema":{"blockGraphs":[],"customGraphs":[],"default":{"data":{"Article":[],"Course":[],"Dataset":[],"FAQPage":[],"Movie":[],"Person":[],"Product":[],"ProductReview":[],"Car":[],"Recipe":[],"Service":[],"SoftwareApplication":[],"WebPage":[]},"graphName":"","isEnabled":true},"graphs":[]},"schema_type":"default","schema_type_options":null,"pillar_content":false,"robots_default":true,"robots_noindex":false,"robots_noarchive":false,"robots_nosnippet":false,"robots_nofollow":false,"robots_noimageindex":false,"robots_noodp":false,"robots_notranslate":false,"robots_max_snippet":null,"robots_max_videopreview":null,"robots_max_imagepreview":"large","priority":null,"frequency":null,"local_seo":null,"breadcrumb_settings":null,"limit_modified_date":false,"ai":null,"created":"2025-08-16 13:35:52","updated":"2025-08-16 13:35:52","focus_keyword":null,"additional_keywords":null,"truseo_locale":null,"seo_analyzer_scan_date":null},"aioseo_breadcrumb":"<div class=\"aioseo-breadcrumbs\"><span class=\"aioseo-breadcrumb\">\n\t\t\t<a href=\"https:\/\/anoticiaonline.com.br\/site\" title=\"Home\">Home<\/a>\n\t\t<\/span><span class=\"aioseo-breadcrumb-separator\">&raquo;<\/span><span class=\"aioseo-breadcrumb\">\n\t\t\t<a href=\"https:\/\/anoticiaonline.com.br\/site\/categoria\/muriae\/\" title=\"Blog\">Blog<\/a>\n\t\t<\/span><span class=\"aioseo-breadcrumb-separator\">&raquo;<\/span><span class=\"aioseo-breadcrumb\">\n\t\t\tPM realiza a\u00e7\u00e3o comunit\u00e1ria para crian\u00e7as em tratamento na Funda\u00e7\u00e3o\n\t\t<\/span><\/div>","aioseo_breadcrumb_json":[{"label":"Home","link":"https:\/\/anoticiaonline.com.br\/site"},{"label":"Blog","link":"https:\/\/anoticiaonline.com.br\/site\/categoria\/muriae\/"},{"label":"PM realiza a\u00e7\u00e3o comunit\u00e1ria para crian\u00e7as em tratamento na Funda\u00e7\u00e3o","link":"https:\/\/anoticiaonline.com.br\/site\/pm-realiza-acao-comunitaria-para-criancas-em-tratamento-na-fundacao\/"}],"views":127,"_links":{"self":[{"href":"https:\/\/anoticiaonline.com.br\/site\/wp-json\/wp\/v2\/posts\/4956","targetHints":{"allow":["GET"]}}],"collection":[{"href":"https:\/\/anoticiaonline.com.br\/site\/wp-json\/wp\/v2\/posts"}],"about":[{"href":"https:\/\/anoticiaonline.com.br\/site\/wp-json\/wp\/v2\/types\/post"}],"author":[{"embeddable":true,"href":"https:\/\/anoticiaonline.com.br\/site\/wp-json\/wp\/v2\/users\/2"}],"replies":[{"embeddable":true,"href":"https:\/\/anoticiaonline.com.br\/site\/wp-json\/wp\/v2\/comments?post=4956"}],"version-history":[{"count":0,"href":"https:\/\/anoticiaonline.com.br\/site\/wp-json\/wp\/v2\/posts\/4956\/revisions"}],"wp:featuredmedia":[{"embeddable":true,"href":"https:\/\/anoticiaonline.com.br\/site\/wp-json\/wp\/v2\/media\/4957"}],"wp:attachment":[{"href":"https:\/\/anoticiaonline.com.br\/site\/wp-json\/wp\/v2\/media?parent=4956"}],"wp:term":[{"taxonomy":"category","embeddable":true,"href":"https:\/\/anoticiaonline.com.br\/site\/wp-json\/wp\/v2\/categories?post=4956"},{"taxonomy":"post_tag","embeddable":true,"href":"https:\/\/anoticiaonline.com.br\/site\/wp-json\/wp\/v2\/tags?post=4956"}],"curies":[{"name":"wp","href":"https:\/\/api.w.org\/{rel}","templated":true}]}}