{"id":49520,"date":"2018-02-08T17:38:44","date_gmt":"2018-02-08T20:38:44","guid":{"rendered":"http:\/\/anoticiaonline.com.br\/site\/?p=49520"},"modified":"2018-02-08T20:27:56","modified_gmt":"2018-02-08T23:27:56","slug":"corpo-e-encontrado-dentro-de-um-poco-em-itamuri","status":"publish","type":"post","link":"https:\/\/anoticiaonline.com.br\/site\/corpo-e-encontrado-dentro-de-um-poco-em-itamuri\/","title":{"rendered":"Corpo \u00e9 encontrado dentro de po\u00e7o"},"content":{"rendered":"<p>O corpo de um homem identificado como Cl\u00f3vis Pereira J\u00fanior, de, aproximadamente 40 anos, foi encontrado dentro de um po\u00e7o em uma propriedade rural no distrito de Itamuri, na tarde desta quinta-feira (8).<\/p>\n<p>Segundo informa\u00e7\u00f5es, o corpo foi encontrado por um funcion\u00e1rio da propriedade. Militares do Corpo de Bombeiros e levado ao Instituto M\u00e9dico Legal (IML) para que seja apurada a causa da morte.<\/p>\n<p><a href=\"https:\/\/anoticiaonline.com.br\/site\/wp-content\/uploads\/2018\/02\/WhatsApp-Image-2018-02-08-at-17.04.21.jpeg\"><img fetchpriority=\"high\" decoding=\"async\" class=\"alignnone size-full wp-image-49521\" src=\"https:\/\/anoticiaonline.com.br\/site\/wp-content\/uploads\/2018\/02\/WhatsApp-Image-2018-02-08-at-17.04.21.jpeg\" alt=\"\" width=\"640\" height=\"427\" srcset=\"https:\/\/anoticiaonline.com.br\/site\/wp-content\/uploads\/2018\/02\/WhatsApp-Image-2018-02-08-at-17.04.21.jpeg 640w, https:\/\/anoticiaonline.com.br\/site\/wp-content\/uploads\/2018\/02\/WhatsApp-Image-2018-02-08-at-17.04.21-300x200.jpeg 300w\" sizes=\"(max-width: 640px) 100vw, 640px\" \/><\/a><\/p>\n<p>Cr\u00e9ditos: Marcos Lacerda Furtado<\/p>\n","protected":false},"excerpt":{"rendered":"<p>O corpo de um homem identificado como Cl\u00f3vis Pereira J\u00fanior, de, aproximadamente 40 anos, foi encontrado dentro de um po\u00e7o em uma propriedade rural no distrito de Itamuri, na tarde desta quinta-feira (8). Segundo informa\u00e7\u00f5es, o corpo foi encontrado por um funcion\u00e1rio da propriedade. Militares do Corpo de Bombeiros e levado ao Instituto M\u00e9dico Legal &#8230; <a title=\"Corpo \u00e9 encontrado dentro de po\u00e7o\" class=\"read-more\" href=\"https:\/\/anoticiaonline.com.br\/site\/corpo-e-encontrado-dentro-de-um-poco-em-itamuri\/\" aria-label=\"Read more about Corpo \u00e9 encontrado dentro de po\u00e7o\">Ler mais<\/a><\/p>\n","protected":false},"author":2,"featured_media":49523,"comment_status":"open","ping_status":"open","sticky":false,"template":"","format":"standard","meta":{"_acf_changed":false,"_monsterinsights_skip_tracking":false,"footnotes":""},"categories":[30],"tags":[1951,1952,609,558,404],"class_list":["post-49520","post","type-post","status-publish","format-standard","has-post-thumbnail","hentry","category-muriae","tag-corpo","tag-iml","tag-itamuri","tag-morte","tag-regiao"],"acf":[],"aioseo_notices":[],"aioseo_head":"\n\t\t<!-- All in One SEO 5.0.0.1 - aioseo.com -->\n\t<meta name=\"description\" content=\"O corpo de um homem identificado como Cl\u00f3vis Pereira J\u00fanior, de, aproximadamente 40 anos, foi encontrado dentro de um po\u00e7o em uma propriedade rural no distrito de Itamuri, na tarde desta quinta-feira (8). Segundo informa\u00e7\u00f5es, o corpo foi encontrado por um funcion\u00e1rio da propriedade. Militares do Corpo de Bombeiros e levado ao Instituto M\u00e9dico Legal\" \/>\n\t<meta name=\"robots\" content=\"max-image-preview:large\" \/>\n\t<meta name=\"author\" content=\"Juliana Laviola\"\/>\n\t<link rel=\"canonical\" href=\"https:\/\/anoticiaonline.com.br\/site\/corpo-e-encontrado-dentro-de-um-poco-em-itamuri\/\" \/>\n\t<meta name=\"generator\" content=\"All in One SEO (AIOSEO) 5.0.0.1\" \/>\n\t\t<meta property=\"og:locale\" content=\"pt_BR\" \/>\n\t\t<meta property=\"og:site_name\" content=\"A Not\u00edcia Online - Noticias de Muria\u00e9 e regi\u00e3o\" \/>\n\t\t<meta property=\"og:type\" content=\"article\" \/>\n\t\t<meta property=\"og:title\" content=\"Corpo \u00e9 encontrado dentro de po\u00e7o - A Not\u00edcia Online\" \/>\n\t\t<meta property=\"og:description\" content=\"O corpo de um homem identificado como Cl\u00f3vis Pereira J\u00fanior, de, aproximadamente 40 anos, foi encontrado dentro de um po\u00e7o em uma propriedade rural no distrito de Itamuri, na tarde desta quinta-feira (8). Segundo informa\u00e7\u00f5es, o corpo foi encontrado por um funcion\u00e1rio da propriedade. Militares do Corpo de Bombeiros e levado ao Instituto M\u00e9dico Legal\" \/>\n\t\t<meta property=\"og:url\" content=\"https:\/\/anoticiaonline.com.br\/site\/corpo-e-encontrado-dentro-de-um-poco-em-itamuri\/\" \/>\n\t\t<meta property=\"og:image\" content=\"https:\/\/scontent-gig4-1.xx.fbcdn.net\/v\/t39.30808-1\/270437624_4564083193639691_6907940295614233970_n.jpg?stp=dst-jpg_s200x200_tt6&#038;_nc_cat=111&#038;ccb=1-7&#038;_nc_sid=f907e8&#038;_nc_ohc=SM1wRlP3lJwQ7kNvwEPuBYA&#038;_nc_oc=AdnqrjDN_BNjSSHWO-GbkIWH6fkGMLw4bqvL_NH6e2wMveX7G-rP2dAqsDSq1mJMOaY&#038;_nc_zt=24&#038;_nc_ht=scontent-gig4-1.xx&#038;_nc_gid=AoBFJeGrT1hVaew_6rchkQ&#038;oh=00_AfX7QmFGhQhG2jAllVgXCiM1ZrWgvtp80-Bfppyexh1QEg&#038;oe=689E923C\" \/>\n\t\t<meta property=\"og:image:secure_url\" content=\"https:\/\/scontent-gig4-1.xx.fbcdn.net\/v\/t39.30808-1\/270437624_4564083193639691_6907940295614233970_n.jpg?stp=dst-jpg_s200x200_tt6&#038;_nc_cat=111&#038;ccb=1-7&#038;_nc_sid=f907e8&#038;_nc_ohc=SM1wRlP3lJwQ7kNvwEPuBYA&#038;_nc_oc=AdnqrjDN_BNjSSHWO-GbkIWH6fkGMLw4bqvL_NH6e2wMveX7G-rP2dAqsDSq1mJMOaY&#038;_nc_zt=24&#038;_nc_ht=scontent-gig4-1.xx&#038;_nc_gid=AoBFJeGrT1hVaew_6rchkQ&#038;oh=00_AfX7QmFGhQhG2jAllVgXCiM1ZrWgvtp80-Bfppyexh1QEg&#038;oe=689E923C\" \/>\n\t\t<meta property=\"article:published_time\" content=\"2018-02-08T20:38:44+00:00\" \/>\n\t\t<meta property=\"article:modified_time\" content=\"2018-02-08T23:27:56+00:00\" \/>\n\t\t<meta name=\"twitter:card\" content=\"summary_large_image\" \/>\n\t\t<meta name=\"twitter:title\" content=\"Corpo \u00e9 encontrado dentro de po\u00e7o - A Not\u00edcia Online\" \/>\n\t\t<meta name=\"twitter:description\" content=\"O corpo de um homem identificado como Cl\u00f3vis Pereira J\u00fanior, de, aproximadamente 40 anos, foi encontrado dentro de um po\u00e7o em uma propriedade rural no distrito de Itamuri, na tarde desta quinta-feira (8). Segundo informa\u00e7\u00f5es, o corpo foi encontrado por um funcion\u00e1rio da propriedade. Militares do Corpo de Bombeiros e levado ao Instituto M\u00e9dico Legal\" \/>\n\t\t<meta name=\"twitter:image\" content=\"https:\/\/scontent-gig4-1.xx.fbcdn.net\/v\/t39.30808-1\/270437624_4564083193639691_6907940295614233970_n.jpg?stp=dst-jpg_s200x200_tt6&amp;_nc_cat=111&amp;ccb=1-7&amp;_nc_sid=f907e8&amp;_nc_ohc=SM1wRlP3lJwQ7kNvwEPuBYA&amp;_nc_oc=AdnqrjDN_BNjSSHWO-GbkIWH6fkGMLw4bqvL_NH6e2wMveX7G-rP2dAqsDSq1mJMOaY&amp;_nc_zt=24&amp;_nc_ht=scontent-gig4-1.xx&amp;_nc_gid=AoBFJeGrT1hVaew_6rchkQ&amp;oh=00_AfX7QmFGhQhG2jAllVgXCiM1ZrWgvtp80-Bfppyexh1QEg&amp;oe=689E923C\" \/>\n\t\t<script type=\"application\/ld+json\" class=\"aioseo-schema\">\n\t\t\t{\"@context\":\"https:\\\/\\\/schema.org\",\"@graph\":[{\"@type\":\"BlogPosting\",\"@id\":\"https:\\\/\\\/anoticiaonline.com.br\\\/site\\\/corpo-e-encontrado-dentro-de-um-poco-em-itamuri\\\/#blogposting\",\"name\":\"Corpo \\u00e9 encontrado dentro de po\\u00e7o - A Not\\u00edcia Online\",\"headline\":\"Corpo \\u00e9 encontrado dentro de po\\u00e7o\",\"author\":{\"@id\":\"https:\\\/\\\/anoticiaonline.com.br\\\/site\\\/author\\\/juliana\\\/#author\"},\"publisher\":{\"@id\":\"https:\\\/\\\/anoticiaonline.com.br\\\/site\\\/#organization\"},\"image\":{\"@type\":\"ImageObject\",\"url\":\"https:\\\/\\\/anoticiaonline.com.br\\\/site\\\/wp-content\\\/uploads\\\/2018\\\/02\\\/WhatsApp-Image-2018-02-08-at-17.04.21-1.jpeg\",\"width\":640,\"height\":427},\"datePublished\":\"2018-02-08T17:38:44-03:00\",\"dateModified\":\"2018-02-08T20:27:56-03:00\",\"inLanguage\":\"pt-BR\",\"mainEntityOfPage\":{\"@id\":\"https:\\\/\\\/anoticiaonline.com.br\\\/site\\\/corpo-e-encontrado-dentro-de-um-poco-em-itamuri\\\/#webpage\"},\"isPartOf\":{\"@id\":\"https:\\\/\\\/anoticiaonline.com.br\\\/site\\\/corpo-e-encontrado-dentro-de-um-poco-em-itamuri\\\/#webpage\"},\"articleSection\":\"Blog, corpo, iml, itamuri, morte, regi\\u00e3o\"},{\"@type\":\"BreadcrumbList\",\"@id\":\"https:\\\/\\\/anoticiaonline.com.br\\\/site\\\/corpo-e-encontrado-dentro-de-um-poco-em-itamuri\\\/#breadcrumblist\",\"itemListElement\":[{\"@type\":\"ListItem\",\"@id\":\"https:\\\/\\\/anoticiaonline.com.br\\\/site#listItem\",\"position\":1,\"name\":\"Home\",\"item\":\"https:\\\/\\\/anoticiaonline.com.br\\\/site\",\"nextItem\":{\"@type\":\"ListItem\",\"@id\":\"https:\\\/\\\/anoticiaonline.com.br\\\/site\\\/categoria\\\/muriae\\\/#listItem\",\"name\":\"Blog\"}},{\"@type\":\"ListItem\",\"@id\":\"https:\\\/\\\/anoticiaonline.com.br\\\/site\\\/categoria\\\/muriae\\\/#listItem\",\"position\":2,\"name\":\"Blog\",\"item\":\"https:\\\/\\\/anoticiaonline.com.br\\\/site\\\/categoria\\\/muriae\\\/\",\"nextItem\":{\"@type\":\"ListItem\",\"@id\":\"https:\\\/\\\/anoticiaonline.com.br\\\/site\\\/corpo-e-encontrado-dentro-de-um-poco-em-itamuri\\\/#listItem\",\"name\":\"Corpo \\u00e9 encontrado dentro de po\\u00e7o\"},\"previousItem\":{\"@type\":\"ListItem\",\"@id\":\"https:\\\/\\\/anoticiaonline.com.br\\\/site#listItem\",\"name\":\"Home\"}},{\"@type\":\"ListItem\",\"@id\":\"https:\\\/\\\/anoticiaonline.com.br\\\/site\\\/corpo-e-encontrado-dentro-de-um-poco-em-itamuri\\\/#listItem\",\"position\":3,\"name\":\"Corpo \\u00e9 encontrado dentro de po\\u00e7o\",\"previousItem\":{\"@type\":\"ListItem\",\"@id\":\"https:\\\/\\\/anoticiaonline.com.br\\\/site\\\/categoria\\\/muriae\\\/#listItem\",\"name\":\"Blog\"}}]},{\"@type\":\"Organization\",\"@id\":\"https:\\\/\\\/anoticiaonline.com.br\\\/site\\\/#organization\",\"name\":\"A Not\\u00edcia Online\",\"description\":\"Noticias de Muria\\u00e9 e regi\\u00e3o\",\"url\":\"https:\\\/\\\/anoticiaonline.com.br\\\/site\\\/\",\"logo\":{\"@type\":\"ImageObject\",\"url\":\"https:\\\/\\\/scontent-gig4-1.xx.fbcdn.net\\\/v\\\/t39.30808-1\\\/270437624_4564083193639691_6907940295614233970_n.jpg?stp=dst-jpg_s200x200_tt6&_nc_cat=111&ccb=1-7&_nc_sid=f907e8&_nc_ohc=SM1wRlP3lJwQ7kNvwEPuBYA&_nc_oc=AdnqrjDN_BNjSSHWO-GbkIWH6fkGMLw4bqvL_NH6e2wMveX7G-rP2dAqsDSq1mJMOaY&_nc_zt=24&_nc_ht=scontent-gig4-1.xx&_nc_gid=AoBFJeGrT1hVaew_6rchkQ&oh=00_AfX7QmFGhQhG2jAllVgXCiM1ZrWgvtp80-Bfppyexh1QEg&oe=689E923C\",\"@id\":\"https:\\\/\\\/anoticiaonline.com.br\\\/site\\\/corpo-e-encontrado-dentro-de-um-poco-em-itamuri\\\/#organizationLogo\"},\"image\":{\"@id\":\"https:\\\/\\\/anoticiaonline.com.br\\\/site\\\/corpo-e-encontrado-dentro-de-um-poco-em-itamuri\\\/#organizationLogo\"}},{\"@type\":\"Person\",\"@id\":\"https:\\\/\\\/anoticiaonline.com.br\\\/site\\\/author\\\/juliana\\\/#author\",\"url\":\"https:\\\/\\\/anoticiaonline.com.br\\\/site\\\/author\\\/juliana\\\/\",\"name\":\"Juliana Laviola\",\"image\":{\"@type\":\"ImageObject\",\"@id\":\"https:\\\/\\\/anoticiaonline.com.br\\\/site\\\/corpo-e-encontrado-dentro-de-um-poco-em-itamuri\\\/#authorImage\",\"url\":\"https:\\\/\\\/secure.gravatar.com\\\/avatar\\\/b8d45f5c699b100dfaf0e543582f38f38bf94cb7ae3a5e9abf8d891a34773335?s=96&d=mm&r=g\",\"width\":96,\"height\":96,\"caption\":\"Juliana Laviola\"}},{\"@type\":\"WebPage\",\"@id\":\"https:\\\/\\\/anoticiaonline.com.br\\\/site\\\/corpo-e-encontrado-dentro-de-um-poco-em-itamuri\\\/#webpage\",\"url\":\"https:\\\/\\\/anoticiaonline.com.br\\\/site\\\/corpo-e-encontrado-dentro-de-um-poco-em-itamuri\\\/\",\"name\":\"Corpo \\u00e9 encontrado dentro de po\\u00e7o - A Not\\u00edcia Online\",\"description\":\"O corpo de um homem identificado como Cl\\u00f3vis Pereira J\\u00fanior, de, aproximadamente 40 anos, foi encontrado dentro de um po\\u00e7o em uma propriedade rural no distrito de Itamuri, na tarde desta quinta-feira (8). Segundo informa\\u00e7\\u00f5es, o corpo foi encontrado por um funcion\\u00e1rio da propriedade. Militares do Corpo de Bombeiros e levado ao Instituto M\\u00e9dico Legal\",\"inLanguage\":\"pt-BR\",\"isPartOf\":{\"@id\":\"https:\\\/\\\/anoticiaonline.com.br\\\/site\\\/#website\"},\"breadcrumb\":{\"@id\":\"https:\\\/\\\/anoticiaonline.com.br\\\/site\\\/corpo-e-encontrado-dentro-de-um-poco-em-itamuri\\\/#breadcrumblist\"},\"author\":{\"@id\":\"https:\\\/\\\/anoticiaonline.com.br\\\/site\\\/author\\\/juliana\\\/#author\"},\"creator\":{\"@id\":\"https:\\\/\\\/anoticiaonline.com.br\\\/site\\\/author\\\/juliana\\\/#author\"},\"image\":{\"@type\":\"ImageObject\",\"url\":\"https:\\\/\\\/anoticiaonline.com.br\\\/site\\\/wp-content\\\/uploads\\\/2018\\\/02\\\/WhatsApp-Image-2018-02-08-at-17.04.21-1.jpeg\",\"@id\":\"https:\\\/\\\/anoticiaonline.com.br\\\/site\\\/corpo-e-encontrado-dentro-de-um-poco-em-itamuri\\\/#mainImage\",\"width\":640,\"height\":427},\"primaryImageOfPage\":{\"@id\":\"https:\\\/\\\/anoticiaonline.com.br\\\/site\\\/corpo-e-encontrado-dentro-de-um-poco-em-itamuri\\\/#mainImage\"},\"datePublished\":\"2018-02-08T17:38:44-03:00\",\"dateModified\":\"2018-02-08T20:27:56-03:00\"},{\"@type\":\"WebSite\",\"@id\":\"https:\\\/\\\/anoticiaonline.com.br\\\/site\\\/#website\",\"url\":\"https:\\\/\\\/anoticiaonline.com.br\\\/site\\\/\",\"name\":\"A Not\\u00edcia Online\",\"description\":\"Noticias de Muria\\u00e9 e regi\\u00e3o\",\"inLanguage\":\"pt-BR\",\"publisher\":{\"@id\":\"https:\\\/\\\/anoticiaonline.com.br\\\/site\\\/#organization\"}}]}\n\t\t<\/script>\n\t\t<!-- All in One SEO -->\n\n","aioseo_head_json":{"title":"Corpo \u00e9 encontrado dentro de po\u00e7o - A Not\u00edcia Online","description":"O corpo de um homem identificado como Cl\u00f3vis Pereira J\u00fanior, de, aproximadamente 40 anos, foi encontrado dentro de um po\u00e7o em uma propriedade rural no distrito de Itamuri, na tarde desta quinta-feira (8). Segundo informa\u00e7\u00f5es, o corpo foi encontrado por um funcion\u00e1rio da propriedade. Militares do Corpo de Bombeiros e levado ao Instituto M\u00e9dico Legal","canonical_url":"https:\/\/anoticiaonline.com.br\/site\/corpo-e-encontrado-dentro-de-um-poco-em-itamuri\/","robots":"max-image-preview:large","keywords":"","webmasterTools":{"miscellaneous":""},"schema":{"@context":"https:\/\/schema.org","@graph":[{"@type":"BlogPosting","@id":"https:\/\/anoticiaonline.com.br\/site\/corpo-e-encontrado-dentro-de-um-poco-em-itamuri\/#blogposting","name":"Corpo \u00e9 encontrado dentro de po\u00e7o - A Not\u00edcia Online","headline":"Corpo \u00e9 encontrado dentro de po\u00e7o","author":{"@id":"https:\/\/anoticiaonline.com.br\/site\/author\/juliana\/#author"},"publisher":{"@id":"https:\/\/anoticiaonline.com.br\/site\/#organization"},"image":{"@type":"ImageObject","url":"https:\/\/anoticiaonline.com.br\/site\/wp-content\/uploads\/2018\/02\/WhatsApp-Image-2018-02-08-at-17.04.21-1.jpeg","width":640,"height":427},"datePublished":"2018-02-08T17:38:44-03:00","dateModified":"2018-02-08T20:27:56-03:00","inLanguage":"pt-BR","mainEntityOfPage":{"@id":"https:\/\/anoticiaonline.com.br\/site\/corpo-e-encontrado-dentro-de-um-poco-em-itamuri\/#webpage"},"isPartOf":{"@id":"https:\/\/anoticiaonline.com.br\/site\/corpo-e-encontrado-dentro-de-um-poco-em-itamuri\/#webpage"},"articleSection":"Blog, corpo, iml, itamuri, morte, regi\u00e3o"},{"@type":"BreadcrumbList","@id":"https:\/\/anoticiaonline.com.br\/site\/corpo-e-encontrado-dentro-de-um-poco-em-itamuri\/#breadcrumblist","itemListElement":[{"@type":"ListItem","@id":"https:\/\/anoticiaonline.com.br\/site#listItem","position":1,"name":"Home","item":"https:\/\/anoticiaonline.com.br\/site","nextItem":{"@type":"ListItem","@id":"https:\/\/anoticiaonline.com.br\/site\/categoria\/muriae\/#listItem","name":"Blog"}},{"@type":"ListItem","@id":"https:\/\/anoticiaonline.com.br\/site\/categoria\/muriae\/#listItem","position":2,"name":"Blog","item":"https:\/\/anoticiaonline.com.br\/site\/categoria\/muriae\/","nextItem":{"@type":"ListItem","@id":"https:\/\/anoticiaonline.com.br\/site\/corpo-e-encontrado-dentro-de-um-poco-em-itamuri\/#listItem","name":"Corpo \u00e9 encontrado dentro de po\u00e7o"},"previousItem":{"@type":"ListItem","@id":"https:\/\/anoticiaonline.com.br\/site#listItem","name":"Home"}},{"@type":"ListItem","@id":"https:\/\/anoticiaonline.com.br\/site\/corpo-e-encontrado-dentro-de-um-poco-em-itamuri\/#listItem","position":3,"name":"Corpo \u00e9 encontrado dentro de po\u00e7o","previousItem":{"@type":"ListItem","@id":"https:\/\/anoticiaonline.com.br\/site\/categoria\/muriae\/#listItem","name":"Blog"}}]},{"@type":"Organization","@id":"https:\/\/anoticiaonline.com.br\/site\/#organization","name":"A Not\u00edcia Online","description":"Noticias de Muria\u00e9 e regi\u00e3o","url":"https:\/\/anoticiaonline.com.br\/site\/","logo":{"@type":"ImageObject","url":"https:\/\/scontent-gig4-1.xx.fbcdn.net\/v\/t39.30808-1\/270437624_4564083193639691_6907940295614233970_n.jpg?stp=dst-jpg_s200x200_tt6&_nc_cat=111&ccb=1-7&_nc_sid=f907e8&_nc_ohc=SM1wRlP3lJwQ7kNvwEPuBYA&_nc_oc=AdnqrjDN_BNjSSHWO-GbkIWH6fkGMLw4bqvL_NH6e2wMveX7G-rP2dAqsDSq1mJMOaY&_nc_zt=24&_nc_ht=scontent-gig4-1.xx&_nc_gid=AoBFJeGrT1hVaew_6rchkQ&oh=00_AfX7QmFGhQhG2jAllVgXCiM1ZrWgvtp80-Bfppyexh1QEg&oe=689E923C","@id":"https:\/\/anoticiaonline.com.br\/site\/corpo-e-encontrado-dentro-de-um-poco-em-itamuri\/#organizationLogo"},"image":{"@id":"https:\/\/anoticiaonline.com.br\/site\/corpo-e-encontrado-dentro-de-um-poco-em-itamuri\/#organizationLogo"}},{"@type":"Person","@id":"https:\/\/anoticiaonline.com.br\/site\/author\/juliana\/#author","url":"https:\/\/anoticiaonline.com.br\/site\/author\/juliana\/","name":"Juliana Laviola","image":{"@type":"ImageObject","@id":"https:\/\/anoticiaonline.com.br\/site\/corpo-e-encontrado-dentro-de-um-poco-em-itamuri\/#authorImage","url":"https:\/\/secure.gravatar.com\/avatar\/b8d45f5c699b100dfaf0e543582f38f38bf94cb7ae3a5e9abf8d891a34773335?s=96&d=mm&r=g","width":96,"height":96,"caption":"Juliana Laviola"}},{"@type":"WebPage","@id":"https:\/\/anoticiaonline.com.br\/site\/corpo-e-encontrado-dentro-de-um-poco-em-itamuri\/#webpage","url":"https:\/\/anoticiaonline.com.br\/site\/corpo-e-encontrado-dentro-de-um-poco-em-itamuri\/","name":"Corpo \u00e9 encontrado dentro de po\u00e7o - A Not\u00edcia Online","description":"O corpo de um homem identificado como Cl\u00f3vis Pereira J\u00fanior, de, aproximadamente 40 anos, foi encontrado dentro de um po\u00e7o em uma propriedade rural no distrito de Itamuri, na tarde desta quinta-feira (8). Segundo informa\u00e7\u00f5es, o corpo foi encontrado por um funcion\u00e1rio da propriedade. Militares do Corpo de Bombeiros e levado ao Instituto M\u00e9dico Legal","inLanguage":"pt-BR","isPartOf":{"@id":"https:\/\/anoticiaonline.com.br\/site\/#website"},"breadcrumb":{"@id":"https:\/\/anoticiaonline.com.br\/site\/corpo-e-encontrado-dentro-de-um-poco-em-itamuri\/#breadcrumblist"},"author":{"@id":"https:\/\/anoticiaonline.com.br\/site\/author\/juliana\/#author"},"creator":{"@id":"https:\/\/anoticiaonline.com.br\/site\/author\/juliana\/#author"},"image":{"@type":"ImageObject","url":"https:\/\/anoticiaonline.com.br\/site\/wp-content\/uploads\/2018\/02\/WhatsApp-Image-2018-02-08-at-17.04.21-1.jpeg","@id":"https:\/\/anoticiaonline.com.br\/site\/corpo-e-encontrado-dentro-de-um-poco-em-itamuri\/#mainImage","width":640,"height":427},"primaryImageOfPage":{"@id":"https:\/\/anoticiaonline.com.br\/site\/corpo-e-encontrado-dentro-de-um-poco-em-itamuri\/#mainImage"},"datePublished":"2018-02-08T17:38:44-03:00","dateModified":"2018-02-08T20:27:56-03:00"},{"@type":"WebSite","@id":"https:\/\/anoticiaonline.com.br\/site\/#website","url":"https:\/\/anoticiaonline.com.br\/site\/","name":"A Not\u00edcia Online","description":"Noticias de Muria\u00e9 e regi\u00e3o","inLanguage":"pt-BR","publisher":{"@id":"https:\/\/anoticiaonline.com.br\/site\/#organization"}}]},"og:locale":"pt_BR","og:site_name":"A Not\u00edcia Online - Noticias de Muria\u00e9 e regi\u00e3o","og:type":"article","og:title":"Corpo \u00e9 encontrado dentro de po\u00e7o - A Not\u00edcia Online","og:description":"O corpo de um homem identificado como Cl\u00f3vis Pereira J\u00fanior, de, aproximadamente 40 anos, foi encontrado dentro de um po\u00e7o em uma propriedade rural no distrito de Itamuri, na tarde desta quinta-feira (8). Segundo informa\u00e7\u00f5es, o corpo foi encontrado por um funcion\u00e1rio da propriedade. Militares do Corpo de Bombeiros e levado ao Instituto M\u00e9dico Legal","og:url":"https:\/\/anoticiaonline.com.br\/site\/corpo-e-encontrado-dentro-de-um-poco-em-itamuri\/","og:image":"https:\/\/scontent-gig4-1.xx.fbcdn.net\/v\/t39.30808-1\/270437624_4564083193639691_6907940295614233970_n.jpg?stp=dst-jpg_s200x200_tt6&#038;_nc_cat=111&#038;ccb=1-7&#038;_nc_sid=f907e8&#038;_nc_ohc=SM1wRlP3lJwQ7kNvwEPuBYA&#038;_nc_oc=AdnqrjDN_BNjSSHWO-GbkIWH6fkGMLw4bqvL_NH6e2wMveX7G-rP2dAqsDSq1mJMOaY&#038;_nc_zt=24&#038;_nc_ht=scontent-gig4-1.xx&#038;_nc_gid=AoBFJeGrT1hVaew_6rchkQ&#038;oh=00_AfX7QmFGhQhG2jAllVgXCiM1ZrWgvtp80-Bfppyexh1QEg&#038;oe=689E923C","og:image:secure_url":"https:\/\/scontent-gig4-1.xx.fbcdn.net\/v\/t39.30808-1\/270437624_4564083193639691_6907940295614233970_n.jpg?stp=dst-jpg_s200x200_tt6&#038;_nc_cat=111&#038;ccb=1-7&#038;_nc_sid=f907e8&#038;_nc_ohc=SM1wRlP3lJwQ7kNvwEPuBYA&#038;_nc_oc=AdnqrjDN_BNjSSHWO-GbkIWH6fkGMLw4bqvL_NH6e2wMveX7G-rP2dAqsDSq1mJMOaY&#038;_nc_zt=24&#038;_nc_ht=scontent-gig4-1.xx&#038;_nc_gid=AoBFJeGrT1hVaew_6rchkQ&#038;oh=00_AfX7QmFGhQhG2jAllVgXCiM1ZrWgvtp80-Bfppyexh1QEg&#038;oe=689E923C","article:published_time":"2018-02-08T20:38:44+00:00","article:modified_time":"2018-02-08T23:27:56+00:00","twitter:card":"summary_large_image","twitter:title":"Corpo \u00e9 encontrado dentro de po\u00e7o - A Not\u00edcia Online","twitter:description":"O corpo de um homem identificado como Cl\u00f3vis Pereira J\u00fanior, de, aproximadamente 40 anos, foi encontrado dentro de um po\u00e7o em uma propriedade rural no distrito de Itamuri, na tarde desta quinta-feira (8). Segundo informa\u00e7\u00f5es, o corpo foi encontrado por um funcion\u00e1rio da propriedade. Militares do Corpo de Bombeiros e levado ao Instituto M\u00e9dico Legal","twitter:image":"https:\/\/scontent-gig4-1.xx.fbcdn.net\/v\/t39.30808-1\/270437624_4564083193639691_6907940295614233970_n.jpg?stp=dst-jpg_s200x200_tt6&_nc_cat=111&ccb=1-7&_nc_sid=f907e8&_nc_ohc=SM1wRlP3lJwQ7kNvwEPuBYA&_nc_oc=AdnqrjDN_BNjSSHWO-GbkIWH6fkGMLw4bqvL_NH6e2wMveX7G-rP2dAqsDSq1mJMOaY&_nc_zt=24&_nc_ht=scontent-gig4-1.xx&_nc_gid=AoBFJeGrT1hVaew_6rchkQ&oh=00_AfX7QmFGhQhG2jAllVgXCiM1ZrWgvtp80-Bfppyexh1QEg&oe=689E923C"},"aioseo_meta_data":{"post_id":"49520","title":null,"description":null,"keywords":null,"keyphrases":null,"primary_term":null,"canonical_url":null,"og_title":null,"og_description":null,"og_object_type":"default","og_image_type":"default","og_image_url":null,"og_image_width":null,"og_image_height":null,"og_image_custom_url":null,"og_image_custom_fields":null,"og_video":null,"og_custom_url":null,"og_article_section":null,"og_article_tags":null,"twitter_use_og":false,"twitter_card":"default","twitter_image_type":"default","twitter_image_url":null,"twitter_image_custom_url":null,"twitter_image_custom_fields":null,"twitter_title":null,"twitter_description":null,"schema":{"blockGraphs":[],"customGraphs":[],"default":{"data":{"Article":[],"Course":[],"Dataset":[],"FAQPage":[],"Movie":[],"Person":[],"Product":[],"ProductReview":[],"Car":[],"Recipe":[],"Service":[],"SoftwareApplication":[],"WebPage":[]},"graphName":"","isEnabled":true},"graphs":[]},"schema_type":"default","schema_type_options":null,"pillar_content":false,"robots_default":true,"robots_noindex":false,"robots_noarchive":false,"robots_nosnippet":false,"robots_nofollow":false,"robots_noimageindex":false,"robots_noodp":false,"robots_notranslate":false,"robots_max_snippet":null,"robots_max_videopreview":null,"robots_max_imagepreview":"large","priority":null,"frequency":null,"local_seo":null,"breadcrumb_settings":null,"limit_modified_date":false,"ai":null,"created":"2025-08-16 20:16:17","updated":"2025-08-16 20:16:17","focus_keyword":null,"additional_keywords":null,"truseo_locale":null,"seo_analyzer_scan_date":null},"aioseo_breadcrumb":"<div class=\"aioseo-breadcrumbs\"><span class=\"aioseo-breadcrumb\">\n\t\t\t<a href=\"https:\/\/anoticiaonline.com.br\/site\" title=\"Home\">Home<\/a>\n\t\t<\/span><span class=\"aioseo-breadcrumb-separator\">&raquo;<\/span><span class=\"aioseo-breadcrumb\">\n\t\t\t<a href=\"https:\/\/anoticiaonline.com.br\/site\/categoria\/muriae\/\" title=\"Blog\">Blog<\/a>\n\t\t<\/span><span class=\"aioseo-breadcrumb-separator\">&raquo;<\/span><span class=\"aioseo-breadcrumb\">\n\t\t\tCorpo \u00e9 encontrado dentro de po\u00e7o\n\t\t<\/span><\/div>","aioseo_breadcrumb_json":[{"label":"Home","link":"https:\/\/anoticiaonline.com.br\/site"},{"label":"Blog","link":"https:\/\/anoticiaonline.com.br\/site\/categoria\/muriae\/"},{"label":"Corpo \u00e9 encontrado dentro de po\u00e7o","link":"https:\/\/anoticiaonline.com.br\/site\/corpo-e-encontrado-dentro-de-um-poco-em-itamuri\/"}],"views":152,"_links":{"self":[{"href":"https:\/\/anoticiaonline.com.br\/site\/wp-json\/wp\/v2\/posts\/49520","targetHints":{"allow":["GET"]}}],"collection":[{"href":"https:\/\/anoticiaonline.com.br\/site\/wp-json\/wp\/v2\/posts"}],"about":[{"href":"https:\/\/anoticiaonline.com.br\/site\/wp-json\/wp\/v2\/types\/post"}],"author":[{"embeddable":true,"href":"https:\/\/anoticiaonline.com.br\/site\/wp-json\/wp\/v2\/users\/2"}],"replies":[{"embeddable":true,"href":"https:\/\/anoticiaonline.com.br\/site\/wp-json\/wp\/v2\/comments?post=49520"}],"version-history":[{"count":0,"href":"https:\/\/anoticiaonline.com.br\/site\/wp-json\/wp\/v2\/posts\/49520\/revisions"}],"wp:featuredmedia":[{"embeddable":true,"href":"https:\/\/anoticiaonline.com.br\/site\/wp-json\/wp\/v2\/media\/49523"}],"wp:attachment":[{"href":"https:\/\/anoticiaonline.com.br\/site\/wp-json\/wp\/v2\/media?parent=49520"}],"wp:term":[{"taxonomy":"category","embeddable":true,"href":"https:\/\/anoticiaonline.com.br\/site\/wp-json\/wp\/v2\/categories?post=49520"},{"taxonomy":"post_tag","embeddable":true,"href":"https:\/\/anoticiaonline.com.br\/site\/wp-json\/wp\/v2\/tags?post=49520"}],"curies":[{"name":"wp","href":"https:\/\/api.w.org\/{rel}","templated":true}]}}