{"id":49512,"date":"2018-02-08T17:39:57","date_gmt":"2018-02-08T20:39:57","guid":{"rendered":"http:\/\/anoticiaonline.com.br\/site\/?p=49512"},"modified":"2018-02-08T19:34:36","modified_gmt":"2018-02-08T22:34:36","slug":"bloco-vira-lata-estreia-no-pre-carnaval-com-milhares-de-folioes","status":"publish","type":"post","link":"https:\/\/anoticiaonline.com.br\/site\/bloco-vira-lata-estreia-no-pre-carnaval-com-milhares-de-folioes\/","title":{"rendered":"Bloco Vira-Lata estreia no pr\u00e9-carnaval com milhares de foli\u00f5es"},"content":{"rendered":"<p><a href=\"https:\/\/anoticiaonline.com.br\/site\/wp-content\/uploads\/2018\/02\/DSC_0204.jpg\"><img fetchpriority=\"high\" decoding=\"async\" class=\"aligncenter size-full wp-image-49526\" src=\"https:\/\/anoticiaonline.com.br\/site\/wp-content\/uploads\/2018\/02\/DSC_0204.jpg\" alt=\"\" width=\"424\" height=\"640\" srcset=\"https:\/\/anoticiaonline.com.br\/site\/wp-content\/uploads\/2018\/02\/DSC_0204.jpg 424w, https:\/\/anoticiaonline.com.br\/site\/wp-content\/uploads\/2018\/02\/DSC_0204-199x300.jpg 199w\" sizes=\"(max-width: 424px) 100vw, 424px\" \/><\/a><a href=\"https:\/\/anoticiaonline.com.br\/site\/wp-content\/uploads\/2018\/02\/Grupo-de-foli\u00f5es-animados-no-Bloco-Vira-Lata-muriaeenses-e-de-cidades-vizinhas.jpg\"><img decoding=\"async\" class=\"aligncenter size-full wp-image-49525\" src=\"https:\/\/anoticiaonline.com.br\/site\/wp-content\/uploads\/2018\/02\/Grupo-de-foli\u00f5es-animados-no-Bloco-Vira-Lata-muriaeenses-e-de-cidades-vizinhas.jpg\" alt=\"\" width=\"640\" height=\"424\" srcset=\"https:\/\/anoticiaonline.com.br\/site\/wp-content\/uploads\/2018\/02\/Grupo-de-foli\u00f5es-animados-no-Bloco-Vira-Lata-muriaeenses-e-de-cidades-vizinhas.jpg 640w, https:\/\/anoticiaonline.com.br\/site\/wp-content\/uploads\/2018\/02\/Grupo-de-foli\u00f5es-animados-no-Bloco-Vira-Lata-muriaeenses-e-de-cidades-vizinhas-300x199.jpg 300w\" sizes=\"(max-width: 640px) 100vw, 640px\" \/><\/a>Em sua primeira edi\u00e7\u00e3o, o Bloco Vira-Lata estreou em grande estilo no pr\u00e9-carnaval de Muria\u00e9. Na tarde do \u00faltimo s\u00e1bado (3), o trio el\u00e9trico levou aproximadamente 2.300 foli\u00f5es da concentra\u00e7\u00e3o em frente aos bares Inove e Cais do Chopp at\u00e9 o Parque de Exposi\u00e7\u00f5es.<\/p>\n<p>Organizado pelos empres\u00e1rios Daniel Gar\u00e9s e Cristovinho Rabelo, os m\u00fasicos e a bateria do Bloco Vira-Lata cantaram sucessos do carnaval da Bahia. \u201cNossa primeira edi\u00e7\u00e3o foi um sucesso! Agradecemos aos foli\u00f5es, patrocinadores e parceiros que acreditaram na gente. Espero contar com todos no ano que vem para fazermos outra grande festa\u201d, conta.<\/p>\n<p>No Parque de Exposi\u00e7\u00f5es, o p\u00fablico curtiu o som da Banda Marofagy, Batuque de 2, Matheus Bar\u00e3o e Badiago, al\u00e9m da participa\u00e7\u00e3o dos DJ\u2019s Marcelo Brazil, Bruno Bidu e Caio Monteiro.<\/p>\n<p><a href=\"https:\/\/anoticiaonline.com.br\/site\/wp-content\/uploads\/2018\/02\/WhatsApp-Image-2018-02-05-at-14.22.52.jpeg\"><img decoding=\"async\" class=\"aligncenter size-full wp-image-49522\" src=\"https:\/\/anoticiaonline.com.br\/site\/wp-content\/uploads\/2018\/02\/WhatsApp-Image-2018-02-05-at-14.22.52.jpeg\" alt=\"\" width=\"640\" height=\"427\" srcset=\"https:\/\/anoticiaonline.com.br\/site\/wp-content\/uploads\/2018\/02\/WhatsApp-Image-2018-02-05-at-14.22.52.jpeg 640w, https:\/\/anoticiaonline.com.br\/site\/wp-content\/uploads\/2018\/02\/WhatsApp-Image-2018-02-05-at-14.22.52-300x200.jpeg 300w\" sizes=\"(max-width: 640px) 100vw, 640px\" \/><img decoding=\"async\" class=\"ngg_displayed_gallery mceItem\" src=\"https:\/\/anoticiaonline.com.br\/site\/nextgen-attach_to_post\/preview\/id--49554\" \/><\/a><\/p>\n","protected":false},"excerpt":{"rendered":"<p>Em sua primeira edi\u00e7\u00e3o, o Bloco Vira-Lata estreou em grande estilo no pr\u00e9-carnaval de Muria\u00e9. Na tarde do \u00faltimo s\u00e1bado (3), o trio el\u00e9trico levou aproximadamente 2.300 foli\u00f5es da concentra\u00e7\u00e3o em frente aos bares Inove e Cais do Chopp at\u00e9 o Parque de Exposi\u00e7\u00f5es. Organizado pelos empres\u00e1rios Daniel Gar\u00e9s e Cristovinho Rabelo, os m\u00fasicos e &#8230; <a title=\"Bloco Vira-Lata estreia no pr\u00e9-carnaval com milhares de foli\u00f5es\" class=\"read-more\" href=\"https:\/\/anoticiaonline.com.br\/site\/bloco-vira-lata-estreia-no-pre-carnaval-com-milhares-de-folioes\/\" aria-label=\"Read more about Bloco Vira-Lata estreia no pr\u00e9-carnaval com milhares de foli\u00f5es\">Ler mais<\/a><\/p>\n","protected":false},"author":2,"featured_media":49522,"comment_status":"open","ping_status":"open","sticky":false,"template":"","format":"standard","meta":{"_acf_changed":false,"_monsterinsights_skip_tracking":false,"footnotes":""},"categories":[1],"tags":[1956,1400,1954,1953,1955],"class_list":["post-49512","post","type-post","status-publish","format-standard","has-post-thumbnail","hentry","category-gerais","tag-badiago","tag-banda-marofagy","tag-batuque-de-2","tag-bloco-vira-lata","tag-matheus-barao"],"acf":[],"aioseo_notices":[],"aioseo_head":"\n\t\t<!-- All in One SEO 5.0.0.1 - aioseo.com -->\n\t<meta name=\"description\" content=\"Em sua primeira edi\u00e7\u00e3o, o Bloco Vira-Lata estreou em grande estilo no pr\u00e9-carnaval de Muria\u00e9. Na tarde do \u00faltimo s\u00e1bado (3), o trio el\u00e9trico levou aproximadamente 2.300 foli\u00f5es da concentra\u00e7\u00e3o em frente aos bares Inove e Cais do Chopp at\u00e9 o Parque de Exposi\u00e7\u00f5es. Organizado pelos empres\u00e1rios Daniel Gar\u00e9s e Cristovinho Rabelo, os m\u00fasicos e\" \/>\n\t<meta name=\"robots\" content=\"max-image-preview:large\" \/>\n\t<meta name=\"author\" content=\"Juliana Laviola\"\/>\n\t<link rel=\"canonical\" href=\"https:\/\/anoticiaonline.com.br\/site\/bloco-vira-lata-estreia-no-pre-carnaval-com-milhares-de-folioes\/\" \/>\n\t<meta name=\"generator\" content=\"All in One SEO (AIOSEO) 5.0.0.1\" \/>\n\t\t<meta property=\"og:locale\" content=\"pt_BR\" \/>\n\t\t<meta property=\"og:site_name\" content=\"A Not\u00edcia Online - Noticias de Muria\u00e9 e regi\u00e3o\" \/>\n\t\t<meta property=\"og:type\" content=\"article\" \/>\n\t\t<meta property=\"og:title\" content=\"Bloco Vira-Lata estreia no pr\u00e9-carnaval com milhares de foli\u00f5es - A Not\u00edcia Online\" \/>\n\t\t<meta property=\"og:description\" content=\"Em sua primeira edi\u00e7\u00e3o, o Bloco Vira-Lata estreou em grande estilo no pr\u00e9-carnaval de Muria\u00e9. Na tarde do \u00faltimo s\u00e1bado (3), o trio el\u00e9trico levou aproximadamente 2.300 foli\u00f5es da concentra\u00e7\u00e3o em frente aos bares Inove e Cais do Chopp at\u00e9 o Parque de Exposi\u00e7\u00f5es. Organizado pelos empres\u00e1rios Daniel Gar\u00e9s e Cristovinho Rabelo, os m\u00fasicos e\" \/>\n\t\t<meta property=\"og:url\" content=\"https:\/\/anoticiaonline.com.br\/site\/bloco-vira-lata-estreia-no-pre-carnaval-com-milhares-de-folioes\/\" \/>\n\t\t<meta property=\"og:image\" content=\"https:\/\/scontent-gig4-1.xx.fbcdn.net\/v\/t39.30808-1\/270437624_4564083193639691_6907940295614233970_n.jpg?stp=dst-jpg_s200x200_tt6&#038;_nc_cat=111&#038;ccb=1-7&#038;_nc_sid=f907e8&#038;_nc_ohc=SM1wRlP3lJwQ7kNvwEPuBYA&#038;_nc_oc=AdnqrjDN_BNjSSHWO-GbkIWH6fkGMLw4bqvL_NH6e2wMveX7G-rP2dAqsDSq1mJMOaY&#038;_nc_zt=24&#038;_nc_ht=scontent-gig4-1.xx&#038;_nc_gid=AoBFJeGrT1hVaew_6rchkQ&#038;oh=00_AfX7QmFGhQhG2jAllVgXCiM1ZrWgvtp80-Bfppyexh1QEg&#038;oe=689E923C\" \/>\n\t\t<meta property=\"og:image:secure_url\" content=\"https:\/\/scontent-gig4-1.xx.fbcdn.net\/v\/t39.30808-1\/270437624_4564083193639691_6907940295614233970_n.jpg?stp=dst-jpg_s200x200_tt6&#038;_nc_cat=111&#038;ccb=1-7&#038;_nc_sid=f907e8&#038;_nc_ohc=SM1wRlP3lJwQ7kNvwEPuBYA&#038;_nc_oc=AdnqrjDN_BNjSSHWO-GbkIWH6fkGMLw4bqvL_NH6e2wMveX7G-rP2dAqsDSq1mJMOaY&#038;_nc_zt=24&#038;_nc_ht=scontent-gig4-1.xx&#038;_nc_gid=AoBFJeGrT1hVaew_6rchkQ&#038;oh=00_AfX7QmFGhQhG2jAllVgXCiM1ZrWgvtp80-Bfppyexh1QEg&#038;oe=689E923C\" \/>\n\t\t<meta property=\"article:published_time\" content=\"2018-02-08T20:39:57+00:00\" \/>\n\t\t<meta property=\"article:modified_time\" content=\"2018-02-08T22:34:36+00:00\" \/>\n\t\t<meta name=\"twitter:card\" content=\"summary_large_image\" \/>\n\t\t<meta name=\"twitter:title\" content=\"Bloco Vira-Lata estreia no pr\u00e9-carnaval com milhares de foli\u00f5es - A Not\u00edcia Online\" \/>\n\t\t<meta name=\"twitter:description\" content=\"Em sua primeira edi\u00e7\u00e3o, o Bloco Vira-Lata estreou em grande estilo no pr\u00e9-carnaval de Muria\u00e9. Na tarde do \u00faltimo s\u00e1bado (3), o trio el\u00e9trico levou aproximadamente 2.300 foli\u00f5es da concentra\u00e7\u00e3o em frente aos bares Inove e Cais do Chopp at\u00e9 o Parque de Exposi\u00e7\u00f5es. Organizado pelos empres\u00e1rios Daniel Gar\u00e9s e Cristovinho Rabelo, os m\u00fasicos e\" \/>\n\t\t<meta name=\"twitter:image\" content=\"https:\/\/scontent-gig4-1.xx.fbcdn.net\/v\/t39.30808-1\/270437624_4564083193639691_6907940295614233970_n.jpg?stp=dst-jpg_s200x200_tt6&amp;_nc_cat=111&amp;ccb=1-7&amp;_nc_sid=f907e8&amp;_nc_ohc=SM1wRlP3lJwQ7kNvwEPuBYA&amp;_nc_oc=AdnqrjDN_BNjSSHWO-GbkIWH6fkGMLw4bqvL_NH6e2wMveX7G-rP2dAqsDSq1mJMOaY&amp;_nc_zt=24&amp;_nc_ht=scontent-gig4-1.xx&amp;_nc_gid=AoBFJeGrT1hVaew_6rchkQ&amp;oh=00_AfX7QmFGhQhG2jAllVgXCiM1ZrWgvtp80-Bfppyexh1QEg&amp;oe=689E923C\" \/>\n\t\t<script type=\"application\/ld+json\" class=\"aioseo-schema\">\n\t\t\t{\"@context\":\"https:\\\/\\\/schema.org\",\"@graph\":[{\"@type\":\"BlogPosting\",\"@id\":\"https:\\\/\\\/anoticiaonline.com.br\\\/site\\\/bloco-vira-lata-estreia-no-pre-carnaval-com-milhares-de-folioes\\\/#blogposting\",\"name\":\"Bloco Vira-Lata estreia no pr\\u00e9-carnaval com milhares de foli\\u00f5es - A Not\\u00edcia Online\",\"headline\":\"Bloco Vira-Lata estreia no pr\\u00e9-carnaval com milhares de foli\\u00f5es\",\"author\":{\"@id\":\"https:\\\/\\\/anoticiaonline.com.br\\\/site\\\/author\\\/juliana\\\/#author\"},\"publisher\":{\"@id\":\"https:\\\/\\\/anoticiaonline.com.br\\\/site\\\/#organization\"},\"image\":{\"@type\":\"ImageObject\",\"url\":\"https:\\\/\\\/anoticiaonline.com.br\\\/site\\\/wp-content\\\/uploads\\\/2018\\\/02\\\/WhatsApp-Image-2018-02-05-at-14.22.52.jpeg\",\"width\":640,\"height\":427},\"datePublished\":\"2018-02-08T17:39:57-03:00\",\"dateModified\":\"2018-02-08T19:34:36-03:00\",\"inLanguage\":\"pt-BR\",\"mainEntityOfPage\":{\"@id\":\"https:\\\/\\\/anoticiaonline.com.br\\\/site\\\/bloco-vira-lata-estreia-no-pre-carnaval-com-milhares-de-folioes\\\/#webpage\"},\"isPartOf\":{\"@id\":\"https:\\\/\\\/anoticiaonline.com.br\\\/site\\\/bloco-vira-lata-estreia-no-pre-carnaval-com-milhares-de-folioes\\\/#webpage\"},\"articleSection\":\"Gerais, Badiago, Banda Marofagy, Batuque de 2, Bloco Vira-Lata, Matheus Bar\\u00e3o\"},{\"@type\":\"BreadcrumbList\",\"@id\":\"https:\\\/\\\/anoticiaonline.com.br\\\/site\\\/bloco-vira-lata-estreia-no-pre-carnaval-com-milhares-de-folioes\\\/#breadcrumblist\",\"itemListElement\":[{\"@type\":\"ListItem\",\"@id\":\"https:\\\/\\\/anoticiaonline.com.br\\\/site#listItem\",\"position\":1,\"name\":\"Home\",\"item\":\"https:\\\/\\\/anoticiaonline.com.br\\\/site\",\"nextItem\":{\"@type\":\"ListItem\",\"@id\":\"https:\\\/\\\/anoticiaonline.com.br\\\/site\\\/categoria\\\/gerais\\\/#listItem\",\"name\":\"Gerais\"}},{\"@type\":\"ListItem\",\"@id\":\"https:\\\/\\\/anoticiaonline.com.br\\\/site\\\/categoria\\\/gerais\\\/#listItem\",\"position\":2,\"name\":\"Gerais\",\"item\":\"https:\\\/\\\/anoticiaonline.com.br\\\/site\\\/categoria\\\/gerais\\\/\",\"nextItem\":{\"@type\":\"ListItem\",\"@id\":\"https:\\\/\\\/anoticiaonline.com.br\\\/site\\\/bloco-vira-lata-estreia-no-pre-carnaval-com-milhares-de-folioes\\\/#listItem\",\"name\":\"Bloco Vira-Lata estreia no pr\\u00e9-carnaval com milhares de foli\\u00f5es\"},\"previousItem\":{\"@type\":\"ListItem\",\"@id\":\"https:\\\/\\\/anoticiaonline.com.br\\\/site#listItem\",\"name\":\"Home\"}},{\"@type\":\"ListItem\",\"@id\":\"https:\\\/\\\/anoticiaonline.com.br\\\/site\\\/bloco-vira-lata-estreia-no-pre-carnaval-com-milhares-de-folioes\\\/#listItem\",\"position\":3,\"name\":\"Bloco Vira-Lata estreia no pr\\u00e9-carnaval com milhares de foli\\u00f5es\",\"previousItem\":{\"@type\":\"ListItem\",\"@id\":\"https:\\\/\\\/anoticiaonline.com.br\\\/site\\\/categoria\\\/gerais\\\/#listItem\",\"name\":\"Gerais\"}}]},{\"@type\":\"Organization\",\"@id\":\"https:\\\/\\\/anoticiaonline.com.br\\\/site\\\/#organization\",\"name\":\"A Not\\u00edcia Online\",\"description\":\"Noticias de Muria\\u00e9 e regi\\u00e3o\",\"url\":\"https:\\\/\\\/anoticiaonline.com.br\\\/site\\\/\",\"logo\":{\"@type\":\"ImageObject\",\"url\":\"https:\\\/\\\/scontent-gig4-1.xx.fbcdn.net\\\/v\\\/t39.30808-1\\\/270437624_4564083193639691_6907940295614233970_n.jpg?stp=dst-jpg_s200x200_tt6&_nc_cat=111&ccb=1-7&_nc_sid=f907e8&_nc_ohc=SM1wRlP3lJwQ7kNvwEPuBYA&_nc_oc=AdnqrjDN_BNjSSHWO-GbkIWH6fkGMLw4bqvL_NH6e2wMveX7G-rP2dAqsDSq1mJMOaY&_nc_zt=24&_nc_ht=scontent-gig4-1.xx&_nc_gid=AoBFJeGrT1hVaew_6rchkQ&oh=00_AfX7QmFGhQhG2jAllVgXCiM1ZrWgvtp80-Bfppyexh1QEg&oe=689E923C\",\"@id\":\"https:\\\/\\\/anoticiaonline.com.br\\\/site\\\/bloco-vira-lata-estreia-no-pre-carnaval-com-milhares-de-folioes\\\/#organizationLogo\"},\"image\":{\"@id\":\"https:\\\/\\\/anoticiaonline.com.br\\\/site\\\/bloco-vira-lata-estreia-no-pre-carnaval-com-milhares-de-folioes\\\/#organizationLogo\"}},{\"@type\":\"Person\",\"@id\":\"https:\\\/\\\/anoticiaonline.com.br\\\/site\\\/author\\\/juliana\\\/#author\",\"url\":\"https:\\\/\\\/anoticiaonline.com.br\\\/site\\\/author\\\/juliana\\\/\",\"name\":\"Juliana Laviola\",\"image\":{\"@type\":\"ImageObject\",\"@id\":\"https:\\\/\\\/anoticiaonline.com.br\\\/site\\\/bloco-vira-lata-estreia-no-pre-carnaval-com-milhares-de-folioes\\\/#authorImage\",\"url\":\"https:\\\/\\\/secure.gravatar.com\\\/avatar\\\/b8d45f5c699b100dfaf0e543582f38f38bf94cb7ae3a5e9abf8d891a34773335?s=96&d=mm&r=g\",\"width\":96,\"height\":96,\"caption\":\"Juliana Laviola\"}},{\"@type\":\"WebPage\",\"@id\":\"https:\\\/\\\/anoticiaonline.com.br\\\/site\\\/bloco-vira-lata-estreia-no-pre-carnaval-com-milhares-de-folioes\\\/#webpage\",\"url\":\"https:\\\/\\\/anoticiaonline.com.br\\\/site\\\/bloco-vira-lata-estreia-no-pre-carnaval-com-milhares-de-folioes\\\/\",\"name\":\"Bloco Vira-Lata estreia no pr\\u00e9-carnaval com milhares de foli\\u00f5es - A Not\\u00edcia Online\",\"description\":\"Em sua primeira edi\\u00e7\\u00e3o, o Bloco Vira-Lata estreou em grande estilo no pr\\u00e9-carnaval de Muria\\u00e9. Na tarde do \\u00faltimo s\\u00e1bado (3), o trio el\\u00e9trico levou aproximadamente 2.300 foli\\u00f5es da concentra\\u00e7\\u00e3o em frente aos bares Inove e Cais do Chopp at\\u00e9 o Parque de Exposi\\u00e7\\u00f5es. Organizado pelos empres\\u00e1rios Daniel Gar\\u00e9s e Cristovinho Rabelo, os m\\u00fasicos e\",\"inLanguage\":\"pt-BR\",\"isPartOf\":{\"@id\":\"https:\\\/\\\/anoticiaonline.com.br\\\/site\\\/#website\"},\"breadcrumb\":{\"@id\":\"https:\\\/\\\/anoticiaonline.com.br\\\/site\\\/bloco-vira-lata-estreia-no-pre-carnaval-com-milhares-de-folioes\\\/#breadcrumblist\"},\"author\":{\"@id\":\"https:\\\/\\\/anoticiaonline.com.br\\\/site\\\/author\\\/juliana\\\/#author\"},\"creator\":{\"@id\":\"https:\\\/\\\/anoticiaonline.com.br\\\/site\\\/author\\\/juliana\\\/#author\"},\"image\":{\"@type\":\"ImageObject\",\"url\":\"https:\\\/\\\/anoticiaonline.com.br\\\/site\\\/wp-content\\\/uploads\\\/2018\\\/02\\\/WhatsApp-Image-2018-02-05-at-14.22.52.jpeg\",\"@id\":\"https:\\\/\\\/anoticiaonline.com.br\\\/site\\\/bloco-vira-lata-estreia-no-pre-carnaval-com-milhares-de-folioes\\\/#mainImage\",\"width\":640,\"height\":427},\"primaryImageOfPage\":{\"@id\":\"https:\\\/\\\/anoticiaonline.com.br\\\/site\\\/bloco-vira-lata-estreia-no-pre-carnaval-com-milhares-de-folioes\\\/#mainImage\"},\"datePublished\":\"2018-02-08T17:39:57-03:00\",\"dateModified\":\"2018-02-08T19:34:36-03:00\"},{\"@type\":\"WebSite\",\"@id\":\"https:\\\/\\\/anoticiaonline.com.br\\\/site\\\/#website\",\"url\":\"https:\\\/\\\/anoticiaonline.com.br\\\/site\\\/\",\"name\":\"A Not\\u00edcia Online\",\"description\":\"Noticias de Muria\\u00e9 e regi\\u00e3o\",\"inLanguage\":\"pt-BR\",\"publisher\":{\"@id\":\"https:\\\/\\\/anoticiaonline.com.br\\\/site\\\/#organization\"}}]}\n\t\t<\/script>\n\t\t<!-- All in One SEO -->\n\n","aioseo_head_json":{"title":"Bloco Vira-Lata estreia no pr\u00e9-carnaval com milhares de foli\u00f5es - A Not\u00edcia Online","description":"Em sua primeira edi\u00e7\u00e3o, o Bloco Vira-Lata estreou em grande estilo no pr\u00e9-carnaval de Muria\u00e9. Na tarde do \u00faltimo s\u00e1bado (3), o trio el\u00e9trico levou aproximadamente 2.300 foli\u00f5es da concentra\u00e7\u00e3o em frente aos bares Inove e Cais do Chopp at\u00e9 o Parque de Exposi\u00e7\u00f5es. Organizado pelos empres\u00e1rios Daniel Gar\u00e9s e Cristovinho Rabelo, os m\u00fasicos e","canonical_url":"https:\/\/anoticiaonline.com.br\/site\/bloco-vira-lata-estreia-no-pre-carnaval-com-milhares-de-folioes\/","robots":"max-image-preview:large","keywords":"","webmasterTools":{"miscellaneous":""},"schema":{"@context":"https:\/\/schema.org","@graph":[{"@type":"BlogPosting","@id":"https:\/\/anoticiaonline.com.br\/site\/bloco-vira-lata-estreia-no-pre-carnaval-com-milhares-de-folioes\/#blogposting","name":"Bloco Vira-Lata estreia no pr\u00e9-carnaval com milhares de foli\u00f5es - A Not\u00edcia Online","headline":"Bloco Vira-Lata estreia no pr\u00e9-carnaval com milhares de foli\u00f5es","author":{"@id":"https:\/\/anoticiaonline.com.br\/site\/author\/juliana\/#author"},"publisher":{"@id":"https:\/\/anoticiaonline.com.br\/site\/#organization"},"image":{"@type":"ImageObject","url":"https:\/\/anoticiaonline.com.br\/site\/wp-content\/uploads\/2018\/02\/WhatsApp-Image-2018-02-05-at-14.22.52.jpeg","width":640,"height":427},"datePublished":"2018-02-08T17:39:57-03:00","dateModified":"2018-02-08T19:34:36-03:00","inLanguage":"pt-BR","mainEntityOfPage":{"@id":"https:\/\/anoticiaonline.com.br\/site\/bloco-vira-lata-estreia-no-pre-carnaval-com-milhares-de-folioes\/#webpage"},"isPartOf":{"@id":"https:\/\/anoticiaonline.com.br\/site\/bloco-vira-lata-estreia-no-pre-carnaval-com-milhares-de-folioes\/#webpage"},"articleSection":"Gerais, Badiago, Banda Marofagy, Batuque de 2, Bloco Vira-Lata, Matheus Bar\u00e3o"},{"@type":"BreadcrumbList","@id":"https:\/\/anoticiaonline.com.br\/site\/bloco-vira-lata-estreia-no-pre-carnaval-com-milhares-de-folioes\/#breadcrumblist","itemListElement":[{"@type":"ListItem","@id":"https:\/\/anoticiaonline.com.br\/site#listItem","position":1,"name":"Home","item":"https:\/\/anoticiaonline.com.br\/site","nextItem":{"@type":"ListItem","@id":"https:\/\/anoticiaonline.com.br\/site\/categoria\/gerais\/#listItem","name":"Gerais"}},{"@type":"ListItem","@id":"https:\/\/anoticiaonline.com.br\/site\/categoria\/gerais\/#listItem","position":2,"name":"Gerais","item":"https:\/\/anoticiaonline.com.br\/site\/categoria\/gerais\/","nextItem":{"@type":"ListItem","@id":"https:\/\/anoticiaonline.com.br\/site\/bloco-vira-lata-estreia-no-pre-carnaval-com-milhares-de-folioes\/#listItem","name":"Bloco Vira-Lata estreia no pr\u00e9-carnaval com milhares de foli\u00f5es"},"previousItem":{"@type":"ListItem","@id":"https:\/\/anoticiaonline.com.br\/site#listItem","name":"Home"}},{"@type":"ListItem","@id":"https:\/\/anoticiaonline.com.br\/site\/bloco-vira-lata-estreia-no-pre-carnaval-com-milhares-de-folioes\/#listItem","position":3,"name":"Bloco Vira-Lata estreia no pr\u00e9-carnaval com milhares de foli\u00f5es","previousItem":{"@type":"ListItem","@id":"https:\/\/anoticiaonline.com.br\/site\/categoria\/gerais\/#listItem","name":"Gerais"}}]},{"@type":"Organization","@id":"https:\/\/anoticiaonline.com.br\/site\/#organization","name":"A Not\u00edcia Online","description":"Noticias de Muria\u00e9 e regi\u00e3o","url":"https:\/\/anoticiaonline.com.br\/site\/","logo":{"@type":"ImageObject","url":"https:\/\/scontent-gig4-1.xx.fbcdn.net\/v\/t39.30808-1\/270437624_4564083193639691_6907940295614233970_n.jpg?stp=dst-jpg_s200x200_tt6&_nc_cat=111&ccb=1-7&_nc_sid=f907e8&_nc_ohc=SM1wRlP3lJwQ7kNvwEPuBYA&_nc_oc=AdnqrjDN_BNjSSHWO-GbkIWH6fkGMLw4bqvL_NH6e2wMveX7G-rP2dAqsDSq1mJMOaY&_nc_zt=24&_nc_ht=scontent-gig4-1.xx&_nc_gid=AoBFJeGrT1hVaew_6rchkQ&oh=00_AfX7QmFGhQhG2jAllVgXCiM1ZrWgvtp80-Bfppyexh1QEg&oe=689E923C","@id":"https:\/\/anoticiaonline.com.br\/site\/bloco-vira-lata-estreia-no-pre-carnaval-com-milhares-de-folioes\/#organizationLogo"},"image":{"@id":"https:\/\/anoticiaonline.com.br\/site\/bloco-vira-lata-estreia-no-pre-carnaval-com-milhares-de-folioes\/#organizationLogo"}},{"@type":"Person","@id":"https:\/\/anoticiaonline.com.br\/site\/author\/juliana\/#author","url":"https:\/\/anoticiaonline.com.br\/site\/author\/juliana\/","name":"Juliana Laviola","image":{"@type":"ImageObject","@id":"https:\/\/anoticiaonline.com.br\/site\/bloco-vira-lata-estreia-no-pre-carnaval-com-milhares-de-folioes\/#authorImage","url":"https:\/\/secure.gravatar.com\/avatar\/b8d45f5c699b100dfaf0e543582f38f38bf94cb7ae3a5e9abf8d891a34773335?s=96&d=mm&r=g","width":96,"height":96,"caption":"Juliana Laviola"}},{"@type":"WebPage","@id":"https:\/\/anoticiaonline.com.br\/site\/bloco-vira-lata-estreia-no-pre-carnaval-com-milhares-de-folioes\/#webpage","url":"https:\/\/anoticiaonline.com.br\/site\/bloco-vira-lata-estreia-no-pre-carnaval-com-milhares-de-folioes\/","name":"Bloco Vira-Lata estreia no pr\u00e9-carnaval com milhares de foli\u00f5es - A Not\u00edcia Online","description":"Em sua primeira edi\u00e7\u00e3o, o Bloco Vira-Lata estreou em grande estilo no pr\u00e9-carnaval de Muria\u00e9. Na tarde do \u00faltimo s\u00e1bado (3), o trio el\u00e9trico levou aproximadamente 2.300 foli\u00f5es da concentra\u00e7\u00e3o em frente aos bares Inove e Cais do Chopp at\u00e9 o Parque de Exposi\u00e7\u00f5es. Organizado pelos empres\u00e1rios Daniel Gar\u00e9s e Cristovinho Rabelo, os m\u00fasicos e","inLanguage":"pt-BR","isPartOf":{"@id":"https:\/\/anoticiaonline.com.br\/site\/#website"},"breadcrumb":{"@id":"https:\/\/anoticiaonline.com.br\/site\/bloco-vira-lata-estreia-no-pre-carnaval-com-milhares-de-folioes\/#breadcrumblist"},"author":{"@id":"https:\/\/anoticiaonline.com.br\/site\/author\/juliana\/#author"},"creator":{"@id":"https:\/\/anoticiaonline.com.br\/site\/author\/juliana\/#author"},"image":{"@type":"ImageObject","url":"https:\/\/anoticiaonline.com.br\/site\/wp-content\/uploads\/2018\/02\/WhatsApp-Image-2018-02-05-at-14.22.52.jpeg","@id":"https:\/\/anoticiaonline.com.br\/site\/bloco-vira-lata-estreia-no-pre-carnaval-com-milhares-de-folioes\/#mainImage","width":640,"height":427},"primaryImageOfPage":{"@id":"https:\/\/anoticiaonline.com.br\/site\/bloco-vira-lata-estreia-no-pre-carnaval-com-milhares-de-folioes\/#mainImage"},"datePublished":"2018-02-08T17:39:57-03:00","dateModified":"2018-02-08T19:34:36-03:00"},{"@type":"WebSite","@id":"https:\/\/anoticiaonline.com.br\/site\/#website","url":"https:\/\/anoticiaonline.com.br\/site\/","name":"A Not\u00edcia Online","description":"Noticias de Muria\u00e9 e regi\u00e3o","inLanguage":"pt-BR","publisher":{"@id":"https:\/\/anoticiaonline.com.br\/site\/#organization"}}]},"og:locale":"pt_BR","og:site_name":"A Not\u00edcia Online - Noticias de Muria\u00e9 e regi\u00e3o","og:type":"article","og:title":"Bloco Vira-Lata estreia no pr\u00e9-carnaval com milhares de foli\u00f5es - A Not\u00edcia Online","og:description":"Em sua primeira edi\u00e7\u00e3o, o Bloco Vira-Lata estreou em grande estilo no pr\u00e9-carnaval de Muria\u00e9. Na tarde do \u00faltimo s\u00e1bado (3), o trio el\u00e9trico levou aproximadamente 2.300 foli\u00f5es da concentra\u00e7\u00e3o em frente aos bares Inove e Cais do Chopp at\u00e9 o Parque de Exposi\u00e7\u00f5es. Organizado pelos empres\u00e1rios Daniel Gar\u00e9s e Cristovinho Rabelo, os m\u00fasicos e","og:url":"https:\/\/anoticiaonline.com.br\/site\/bloco-vira-lata-estreia-no-pre-carnaval-com-milhares-de-folioes\/","og:image":"https:\/\/scontent-gig4-1.xx.fbcdn.net\/v\/t39.30808-1\/270437624_4564083193639691_6907940295614233970_n.jpg?stp=dst-jpg_s200x200_tt6&#038;_nc_cat=111&#038;ccb=1-7&#038;_nc_sid=f907e8&#038;_nc_ohc=SM1wRlP3lJwQ7kNvwEPuBYA&#038;_nc_oc=AdnqrjDN_BNjSSHWO-GbkIWH6fkGMLw4bqvL_NH6e2wMveX7G-rP2dAqsDSq1mJMOaY&#038;_nc_zt=24&#038;_nc_ht=scontent-gig4-1.xx&#038;_nc_gid=AoBFJeGrT1hVaew_6rchkQ&#038;oh=00_AfX7QmFGhQhG2jAllVgXCiM1ZrWgvtp80-Bfppyexh1QEg&#038;oe=689E923C","og:image:secure_url":"https:\/\/scontent-gig4-1.xx.fbcdn.net\/v\/t39.30808-1\/270437624_4564083193639691_6907940295614233970_n.jpg?stp=dst-jpg_s200x200_tt6&#038;_nc_cat=111&#038;ccb=1-7&#038;_nc_sid=f907e8&#038;_nc_ohc=SM1wRlP3lJwQ7kNvwEPuBYA&#038;_nc_oc=AdnqrjDN_BNjSSHWO-GbkIWH6fkGMLw4bqvL_NH6e2wMveX7G-rP2dAqsDSq1mJMOaY&#038;_nc_zt=24&#038;_nc_ht=scontent-gig4-1.xx&#038;_nc_gid=AoBFJeGrT1hVaew_6rchkQ&#038;oh=00_AfX7QmFGhQhG2jAllVgXCiM1ZrWgvtp80-Bfppyexh1QEg&#038;oe=689E923C","article:published_time":"2018-02-08T20:39:57+00:00","article:modified_time":"2018-02-08T22:34:36+00:00","twitter:card":"summary_large_image","twitter:title":"Bloco Vira-Lata estreia no pr\u00e9-carnaval com milhares de foli\u00f5es - A Not\u00edcia Online","twitter:description":"Em sua primeira edi\u00e7\u00e3o, o Bloco Vira-Lata estreou em grande estilo no pr\u00e9-carnaval de Muria\u00e9. Na tarde do \u00faltimo s\u00e1bado (3), o trio el\u00e9trico levou aproximadamente 2.300 foli\u00f5es da concentra\u00e7\u00e3o em frente aos bares Inove e Cais do Chopp at\u00e9 o Parque de Exposi\u00e7\u00f5es. Organizado pelos empres\u00e1rios Daniel Gar\u00e9s e Cristovinho Rabelo, os m\u00fasicos e","twitter:image":"https:\/\/scontent-gig4-1.xx.fbcdn.net\/v\/t39.30808-1\/270437624_4564083193639691_6907940295614233970_n.jpg?stp=dst-jpg_s200x200_tt6&_nc_cat=111&ccb=1-7&_nc_sid=f907e8&_nc_ohc=SM1wRlP3lJwQ7kNvwEPuBYA&_nc_oc=AdnqrjDN_BNjSSHWO-GbkIWH6fkGMLw4bqvL_NH6e2wMveX7G-rP2dAqsDSq1mJMOaY&_nc_zt=24&_nc_ht=scontent-gig4-1.xx&_nc_gid=AoBFJeGrT1hVaew_6rchkQ&oh=00_AfX7QmFGhQhG2jAllVgXCiM1ZrWgvtp80-Bfppyexh1QEg&oe=689E923C"},"aioseo_meta_data":{"post_id":"49512","title":null,"description":null,"keywords":null,"keyphrases":null,"primary_term":null,"canonical_url":null,"og_title":null,"og_description":null,"og_object_type":"default","og_image_type":"default","og_image_url":null,"og_image_width":null,"og_image_height":null,"og_image_custom_url":null,"og_image_custom_fields":null,"og_video":null,"og_custom_url":null,"og_article_section":null,"og_article_tags":null,"twitter_use_og":false,"twitter_card":"default","twitter_image_type":"default","twitter_image_url":null,"twitter_image_custom_url":null,"twitter_image_custom_fields":null,"twitter_title":null,"twitter_description":null,"schema":{"blockGraphs":[],"customGraphs":[],"default":{"data":{"Article":[],"Course":[],"Dataset":[],"FAQPage":[],"Movie":[],"Person":[],"Product":[],"ProductReview":[],"Car":[],"Recipe":[],"Service":[],"SoftwareApplication":[],"WebPage":[]},"graphName":"","isEnabled":true},"graphs":[]},"schema_type":"default","schema_type_options":null,"pillar_content":false,"robots_default":true,"robots_noindex":false,"robots_noarchive":false,"robots_nosnippet":false,"robots_nofollow":false,"robots_noimageindex":false,"robots_noodp":false,"robots_notranslate":false,"robots_max_snippet":null,"robots_max_videopreview":null,"robots_max_imagepreview":"large","priority":null,"frequency":null,"local_seo":null,"breadcrumb_settings":null,"limit_modified_date":false,"ai":null,"created":"2025-08-16 20:16:17","updated":"2025-08-16 20:16:17","focus_keyword":null,"additional_keywords":null,"truseo_locale":null,"seo_analyzer_scan_date":null},"aioseo_breadcrumb":"<div class=\"aioseo-breadcrumbs\"><span class=\"aioseo-breadcrumb\">\n\t\t\t<a href=\"https:\/\/anoticiaonline.com.br\/site\" title=\"Home\">Home<\/a>\n\t\t<\/span><span class=\"aioseo-breadcrumb-separator\">&raquo;<\/span><span class=\"aioseo-breadcrumb\">\n\t\t\t<a href=\"https:\/\/anoticiaonline.com.br\/site\/categoria\/gerais\/\" title=\"Gerais\">Gerais<\/a>\n\t\t<\/span><span class=\"aioseo-breadcrumb-separator\">&raquo;<\/span><span class=\"aioseo-breadcrumb\">\n\t\t\tBloco Vira-Lata estreia no pr\u00e9-carnaval com milhares de foli\u00f5es\n\t\t<\/span><\/div>","aioseo_breadcrumb_json":[{"label":"Home","link":"https:\/\/anoticiaonline.com.br\/site"},{"label":"Gerais","link":"https:\/\/anoticiaonline.com.br\/site\/categoria\/gerais\/"},{"label":"Bloco Vira-Lata estreia no pr\u00e9-carnaval com milhares de foli\u00f5es","link":"https:\/\/anoticiaonline.com.br\/site\/bloco-vira-lata-estreia-no-pre-carnaval-com-milhares-de-folioes\/"}],"views":153,"_links":{"self":[{"href":"https:\/\/anoticiaonline.com.br\/site\/wp-json\/wp\/v2\/posts\/49512","targetHints":{"allow":["GET"]}}],"collection":[{"href":"https:\/\/anoticiaonline.com.br\/site\/wp-json\/wp\/v2\/posts"}],"about":[{"href":"https:\/\/anoticiaonline.com.br\/site\/wp-json\/wp\/v2\/types\/post"}],"author":[{"embeddable":true,"href":"https:\/\/anoticiaonline.com.br\/site\/wp-json\/wp\/v2\/users\/2"}],"replies":[{"embeddable":true,"href":"https:\/\/anoticiaonline.com.br\/site\/wp-json\/wp\/v2\/comments?post=49512"}],"version-history":[{"count":0,"href":"https:\/\/anoticiaonline.com.br\/site\/wp-json\/wp\/v2\/posts\/49512\/revisions"}],"wp:featuredmedia":[{"embeddable":true,"href":"https:\/\/anoticiaonline.com.br\/site\/wp-json\/wp\/v2\/media\/49522"}],"wp:attachment":[{"href":"https:\/\/anoticiaonline.com.br\/site\/wp-json\/wp\/v2\/media?parent=49512"}],"wp:term":[{"taxonomy":"category","embeddable":true,"href":"https:\/\/anoticiaonline.com.br\/site\/wp-json\/wp\/v2\/categories?post=49512"},{"taxonomy":"post_tag","embeddable":true,"href":"https:\/\/anoticiaonline.com.br\/site\/wp-json\/wp\/v2\/tags?post=49512"}],"curies":[{"name":"wp","href":"https:\/\/api.w.org\/{rel}","templated":true}]}}