{"id":49453,"date":"2018-02-08T17:21:44","date_gmt":"2018-02-08T20:21:44","guid":{"rendered":"http:\/\/anoticiaonline.com.br\/site\/?p=49453"},"modified":"2018-02-08T17:23:41","modified_gmt":"2018-02-08T20:23:41","slug":"bloco-da-manguaca-agita-o-centro-de-muriae","status":"publish","type":"post","link":"https:\/\/anoticiaonline.com.br\/site\/bloco-da-manguaca-agita-o-centro-de-muriae\/","title":{"rendered":"Bloco da Mangua\u00e7a agita o Centro de Muria\u00e9"},"content":{"rendered":"<p><a href=\"https:\/\/anoticiaonline.com.br\/site\/wp-content\/uploads\/2018\/02\/Thiago-Vital-Lucas-Marge-Com-os-Integrantes-Da-Imperatriz-Leopoldinese.jpg\"><img fetchpriority=\"high\" decoding=\"async\" class=\"aligncenter size-full wp-image-49457\" src=\"https:\/\/anoticiaonline.com.br\/site\/wp-content\/uploads\/2018\/02\/Thiago-Vital-Lucas-Marge-Com-os-Integrantes-Da-Imperatriz-Leopoldinese.jpg\" alt=\"\" width=\"640\" height=\"427\" srcset=\"https:\/\/anoticiaonline.com.br\/site\/wp-content\/uploads\/2018\/02\/Thiago-Vital-Lucas-Marge-Com-os-Integrantes-Da-Imperatriz-Leopoldinese.jpg 640w, https:\/\/anoticiaonline.com.br\/site\/wp-content\/uploads\/2018\/02\/Thiago-Vital-Lucas-Marge-Com-os-Integrantes-Da-Imperatriz-Leopoldinese-300x200.jpg 300w\" sizes=\"(max-width: 640px) 100vw, 640px\" \/><\/a><a href=\"https:\/\/anoticiaonline.com.br\/site\/wp-content\/uploads\/2018\/02\/Stella-Juliana-Fellipe-Nicodemos-e-Silvan-Alves.jpeg\"><img decoding=\"async\" class=\"aligncenter size-full wp-image-49456\" src=\"https:\/\/anoticiaonline.com.br\/site\/wp-content\/uploads\/2018\/02\/Stella-Juliana-Fellipe-Nicodemos-e-Silvan-Alves.jpeg\" alt=\"\" width=\"640\" height=\"426\" srcset=\"https:\/\/anoticiaonline.com.br\/site\/wp-content\/uploads\/2018\/02\/Stella-Juliana-Fellipe-Nicodemos-e-Silvan-Alves.jpeg 640w, https:\/\/anoticiaonline.com.br\/site\/wp-content\/uploads\/2018\/02\/Stella-Juliana-Fellipe-Nicodemos-e-Silvan-Alves-300x200.jpeg 300w\" sizes=\"(max-width: 640px) 100vw, 640px\" \/><\/a><a href=\"https:\/\/anoticiaonline.com.br\/site\/wp-content\/uploads\/2018\/02\/DSC_0477.jpg\"><img decoding=\"async\" class=\"aligncenter size-full wp-image-49454\" src=\"https:\/\/anoticiaonline.com.br\/site\/wp-content\/uploads\/2018\/02\/DSC_0477.jpg\" alt=\"\" width=\"590\" height=\"392\" srcset=\"https:\/\/anoticiaonline.com.br\/site\/wp-content\/uploads\/2018\/02\/DSC_0477.jpg 590w, https:\/\/anoticiaonline.com.br\/site\/wp-content\/uploads\/2018\/02\/DSC_0477-300x199.jpg 300w\" sizes=\"(max-width: 590px) 100vw, 590px\" \/><\/a>O Bloco da Mangua\u00e7a agitou o Centro da cidade levando uma multid\u00e3o de foli\u00f5es para curtir o melhor do samba e das marchinhas de carnaval. No s\u00e1bado (3), o bloco, que j\u00e1 desfila h\u00e1 quatro anos, fez a alegria de muitos muriaeenses.<\/p>\n<p>O empres\u00e1rio, Thiago Vital, organizador do bloco, disse que esta \u00faltima edi\u00e7\u00e3o foi uma das melhores da hist\u00f3ria, tendo como atra\u00e7\u00e3o mais aguardada a apresenta\u00e7\u00e3o in\u00e9dita da bateria e das passistas da Imperatriz Leopoldinense, uma das maiores escolas de samba carioca.<\/p>\n<p>\u201c\u00c9 cansativo organizar um bloco, mas \u00e9 muito mais prazeroso poder resgatar o bom carnaval que Muria\u00e9 j\u00e1 teve, com sambas-enredo, de marchinhas e de matin\u00eas para o p\u00fablico infantil. A quarta edi\u00e7\u00e3o do Bloco da Mangua\u00e7a foi a melhor dos \u00faltimos anos. Aproveito a oportunidade para agradecer a todos que nos prestigiaram, quiseram curtir conosco um carnaval de verdade e elogiaram todas as atra\u00e7\u00f5es\u201d, conta.<\/p>\n<p>\u201cO Bloco da Mangua\u00e7a foi um grande sucesso. Os foli\u00f5es se divertiram bastante desde \u00e0s 14h, quando teve in\u00edcio a concentra\u00e7\u00e3o. De acordo com a Pol\u00edcia Militar, cerca de tr\u00eas mil pessoas participaram da festa\u201d, conta Fernando Assis, propriet\u00e1rio do Emp\u00f3rio da Carne.<\/p>\n<p>Ao som do grupo de samba Lance Legal, da bateria e da fanfarra Mangua\u00e7a, os milhares de foli\u00f5es seguiram at\u00e9 o Deck Salada Grill, na Pra\u00e7a Coronel Pacheco de Medeiros.<\/p>\n<p><a href=\"https:\/\/anoticiaonline.com.br\/site\/wp-content\/uploads\/2018\/02\/DSC_0506.jpg\"><img loading=\"lazy\" decoding=\"async\" class=\"aligncenter size-full wp-image-49455\" src=\"https:\/\/anoticiaonline.com.br\/site\/wp-content\/uploads\/2018\/02\/DSC_0506.jpg\" alt=\"\" width=\"640\" height=\"426\" srcset=\"https:\/\/anoticiaonline.com.br\/site\/wp-content\/uploads\/2018\/02\/DSC_0506.jpg 640w, https:\/\/anoticiaonline.com.br\/site\/wp-content\/uploads\/2018\/02\/DSC_0506-300x200.jpg 300w\" sizes=\"(max-width: 640px) 100vw, 640px\" \/><\/a><\/p>\n<p><img decoding=\"async\" class=\"ngg_displayed_gallery mceItem\" src=\"https:\/\/anoticiaonline.com.br\/site\/nextgen-attach_to_post\/preview\/id--49509\" \/><\/p>\n","protected":false},"excerpt":{"rendered":"<p>O Bloco da Mangua\u00e7a agitou o Centro da cidade levando uma multid\u00e3o de foli\u00f5es para curtir o melhor do samba e das marchinhas de carnaval. No s\u00e1bado (3), o bloco, que j\u00e1 desfila h\u00e1 quatro anos, fez a alegria de muitos muriaeenses. O empres\u00e1rio, Thiago Vital, organizador do bloco, disse que esta \u00faltima edi\u00e7\u00e3o foi &#8230; <a title=\"Bloco da Mangua\u00e7a agita o Centro de Muria\u00e9\" class=\"read-more\" href=\"https:\/\/anoticiaonline.com.br\/site\/bloco-da-manguaca-agita-o-centro-de-muriae\/\" aria-label=\"Read more about Bloco da Mangua\u00e7a agita o Centro de Muria\u00e9\">Ler mais<\/a><\/p>\n","protected":false},"author":2,"featured_media":49457,"comment_status":"open","ping_status":"open","sticky":false,"template":"","format":"standard","meta":{"_acf_changed":false,"_monsterinsights_skip_tracking":false,"footnotes":""},"categories":[1],"tags":[1944,1945,1946],"class_list":["post-49453","post","type-post","status-publish","format-standard","has-post-thumbnail","hentry","category-gerais","tag-bloco-da-manguaca","tag-lance-legal","tag-marchinhas-de-carnaval"],"acf":[],"aioseo_notices":[],"aioseo_head":"\n\t\t<!-- All in One SEO 5.0.0.1 - aioseo.com -->\n\t<meta name=\"description\" content=\"O Bloco da Mangua\u00e7a agitou o Centro da cidade levando uma multid\u00e3o de foli\u00f5es para curtir o melhor do samba e das marchinhas de carnaval. No s\u00e1bado (3), o bloco, que j\u00e1 desfila h\u00e1 quatro anos, fez a alegria de muitos muriaeenses. O empres\u00e1rio, Thiago Vital, organizador do bloco, disse que esta \u00faltima edi\u00e7\u00e3o foi\" \/>\n\t<meta name=\"robots\" content=\"max-image-preview:large\" \/>\n\t<meta name=\"author\" content=\"Juliana Laviola\"\/>\n\t<link rel=\"canonical\" href=\"https:\/\/anoticiaonline.com.br\/site\/bloco-da-manguaca-agita-o-centro-de-muriae\/\" \/>\n\t<meta name=\"generator\" content=\"All in One SEO (AIOSEO) 5.0.0.1\" \/>\n\t\t<meta property=\"og:locale\" content=\"pt_BR\" \/>\n\t\t<meta property=\"og:site_name\" content=\"A Not\u00edcia Online - Noticias de Muria\u00e9 e regi\u00e3o\" \/>\n\t\t<meta property=\"og:type\" content=\"article\" \/>\n\t\t<meta property=\"og:title\" content=\"Bloco da Mangua\u00e7a agita o Centro de Muria\u00e9 - A Not\u00edcia Online\" \/>\n\t\t<meta property=\"og:description\" content=\"O Bloco da Mangua\u00e7a agitou o Centro da cidade levando uma multid\u00e3o de foli\u00f5es para curtir o melhor do samba e das marchinhas de carnaval. No s\u00e1bado (3), o bloco, que j\u00e1 desfila h\u00e1 quatro anos, fez a alegria de muitos muriaeenses. O empres\u00e1rio, Thiago Vital, organizador do bloco, disse que esta \u00faltima edi\u00e7\u00e3o foi\" \/>\n\t\t<meta property=\"og:url\" content=\"https:\/\/anoticiaonline.com.br\/site\/bloco-da-manguaca-agita-o-centro-de-muriae\/\" \/>\n\t\t<meta property=\"og:image\" content=\"https:\/\/scontent-gig4-1.xx.fbcdn.net\/v\/t39.30808-1\/270437624_4564083193639691_6907940295614233970_n.jpg?stp=dst-jpg_s200x200_tt6&#038;_nc_cat=111&#038;ccb=1-7&#038;_nc_sid=f907e8&#038;_nc_ohc=SM1wRlP3lJwQ7kNvwEPuBYA&#038;_nc_oc=AdnqrjDN_BNjSSHWO-GbkIWH6fkGMLw4bqvL_NH6e2wMveX7G-rP2dAqsDSq1mJMOaY&#038;_nc_zt=24&#038;_nc_ht=scontent-gig4-1.xx&#038;_nc_gid=AoBFJeGrT1hVaew_6rchkQ&#038;oh=00_AfX7QmFGhQhG2jAllVgXCiM1ZrWgvtp80-Bfppyexh1QEg&#038;oe=689E923C\" \/>\n\t\t<meta property=\"og:image:secure_url\" content=\"https:\/\/scontent-gig4-1.xx.fbcdn.net\/v\/t39.30808-1\/270437624_4564083193639691_6907940295614233970_n.jpg?stp=dst-jpg_s200x200_tt6&#038;_nc_cat=111&#038;ccb=1-7&#038;_nc_sid=f907e8&#038;_nc_ohc=SM1wRlP3lJwQ7kNvwEPuBYA&#038;_nc_oc=AdnqrjDN_BNjSSHWO-GbkIWH6fkGMLw4bqvL_NH6e2wMveX7G-rP2dAqsDSq1mJMOaY&#038;_nc_zt=24&#038;_nc_ht=scontent-gig4-1.xx&#038;_nc_gid=AoBFJeGrT1hVaew_6rchkQ&#038;oh=00_AfX7QmFGhQhG2jAllVgXCiM1ZrWgvtp80-Bfppyexh1QEg&#038;oe=689E923C\" \/>\n\t\t<meta property=\"article:published_time\" content=\"2018-02-08T20:21:44+00:00\" \/>\n\t\t<meta property=\"article:modified_time\" content=\"2018-02-08T20:23:41+00:00\" \/>\n\t\t<meta name=\"twitter:card\" content=\"summary_large_image\" \/>\n\t\t<meta name=\"twitter:title\" content=\"Bloco da Mangua\u00e7a agita o Centro de Muria\u00e9 - A Not\u00edcia Online\" \/>\n\t\t<meta name=\"twitter:description\" content=\"O Bloco da Mangua\u00e7a agitou o Centro da cidade levando uma multid\u00e3o de foli\u00f5es para curtir o melhor do samba e das marchinhas de carnaval. No s\u00e1bado (3), o bloco, que j\u00e1 desfila h\u00e1 quatro anos, fez a alegria de muitos muriaeenses. O empres\u00e1rio, Thiago Vital, organizador do bloco, disse que esta \u00faltima edi\u00e7\u00e3o foi\" \/>\n\t\t<meta name=\"twitter:image\" content=\"https:\/\/scontent-gig4-1.xx.fbcdn.net\/v\/t39.30808-1\/270437624_4564083193639691_6907940295614233970_n.jpg?stp=dst-jpg_s200x200_tt6&amp;_nc_cat=111&amp;ccb=1-7&amp;_nc_sid=f907e8&amp;_nc_ohc=SM1wRlP3lJwQ7kNvwEPuBYA&amp;_nc_oc=AdnqrjDN_BNjSSHWO-GbkIWH6fkGMLw4bqvL_NH6e2wMveX7G-rP2dAqsDSq1mJMOaY&amp;_nc_zt=24&amp;_nc_ht=scontent-gig4-1.xx&amp;_nc_gid=AoBFJeGrT1hVaew_6rchkQ&amp;oh=00_AfX7QmFGhQhG2jAllVgXCiM1ZrWgvtp80-Bfppyexh1QEg&amp;oe=689E923C\" \/>\n\t\t<script type=\"application\/ld+json\" class=\"aioseo-schema\">\n\t\t\t{\"@context\":\"https:\\\/\\\/schema.org\",\"@graph\":[{\"@type\":\"BlogPosting\",\"@id\":\"https:\\\/\\\/anoticiaonline.com.br\\\/site\\\/bloco-da-manguaca-agita-o-centro-de-muriae\\\/#blogposting\",\"name\":\"Bloco da Mangua\\u00e7a agita o Centro de Muria\\u00e9 - A Not\\u00edcia Online\",\"headline\":\"Bloco da Mangua\\u00e7a agita o Centro de Muria\\u00e9\",\"author\":{\"@id\":\"https:\\\/\\\/anoticiaonline.com.br\\\/site\\\/author\\\/juliana\\\/#author\"},\"publisher\":{\"@id\":\"https:\\\/\\\/anoticiaonline.com.br\\\/site\\\/#organization\"},\"image\":{\"@type\":\"ImageObject\",\"url\":\"https:\\\/\\\/anoticiaonline.com.br\\\/site\\\/wp-content\\\/uploads\\\/2018\\\/02\\\/Thiago-Vital-Lucas-Marge-Com-os-Integrantes-Da-Imperatriz-Leopoldinese.jpg\",\"width\":640,\"height\":427},\"datePublished\":\"2018-02-08T17:21:44-03:00\",\"dateModified\":\"2018-02-08T17:23:41-03:00\",\"inLanguage\":\"pt-BR\",\"mainEntityOfPage\":{\"@id\":\"https:\\\/\\\/anoticiaonline.com.br\\\/site\\\/bloco-da-manguaca-agita-o-centro-de-muriae\\\/#webpage\"},\"isPartOf\":{\"@id\":\"https:\\\/\\\/anoticiaonline.com.br\\\/site\\\/bloco-da-manguaca-agita-o-centro-de-muriae\\\/#webpage\"},\"articleSection\":\"Gerais, Bloco da Mangua\\u00e7a, Lance Legal, marchinhas de carnaval\"},{\"@type\":\"BreadcrumbList\",\"@id\":\"https:\\\/\\\/anoticiaonline.com.br\\\/site\\\/bloco-da-manguaca-agita-o-centro-de-muriae\\\/#breadcrumblist\",\"itemListElement\":[{\"@type\":\"ListItem\",\"@id\":\"https:\\\/\\\/anoticiaonline.com.br\\\/site#listItem\",\"position\":1,\"name\":\"Home\",\"item\":\"https:\\\/\\\/anoticiaonline.com.br\\\/site\",\"nextItem\":{\"@type\":\"ListItem\",\"@id\":\"https:\\\/\\\/anoticiaonline.com.br\\\/site\\\/categoria\\\/gerais\\\/#listItem\",\"name\":\"Gerais\"}},{\"@type\":\"ListItem\",\"@id\":\"https:\\\/\\\/anoticiaonline.com.br\\\/site\\\/categoria\\\/gerais\\\/#listItem\",\"position\":2,\"name\":\"Gerais\",\"item\":\"https:\\\/\\\/anoticiaonline.com.br\\\/site\\\/categoria\\\/gerais\\\/\",\"nextItem\":{\"@type\":\"ListItem\",\"@id\":\"https:\\\/\\\/anoticiaonline.com.br\\\/site\\\/bloco-da-manguaca-agita-o-centro-de-muriae\\\/#listItem\",\"name\":\"Bloco da Mangua\\u00e7a agita o Centro de Muria\\u00e9\"},\"previousItem\":{\"@type\":\"ListItem\",\"@id\":\"https:\\\/\\\/anoticiaonline.com.br\\\/site#listItem\",\"name\":\"Home\"}},{\"@type\":\"ListItem\",\"@id\":\"https:\\\/\\\/anoticiaonline.com.br\\\/site\\\/bloco-da-manguaca-agita-o-centro-de-muriae\\\/#listItem\",\"position\":3,\"name\":\"Bloco da Mangua\\u00e7a agita o Centro de Muria\\u00e9\",\"previousItem\":{\"@type\":\"ListItem\",\"@id\":\"https:\\\/\\\/anoticiaonline.com.br\\\/site\\\/categoria\\\/gerais\\\/#listItem\",\"name\":\"Gerais\"}}]},{\"@type\":\"Organization\",\"@id\":\"https:\\\/\\\/anoticiaonline.com.br\\\/site\\\/#organization\",\"name\":\"A Not\\u00edcia Online\",\"description\":\"Noticias de Muria\\u00e9 e regi\\u00e3o\",\"url\":\"https:\\\/\\\/anoticiaonline.com.br\\\/site\\\/\",\"logo\":{\"@type\":\"ImageObject\",\"url\":\"https:\\\/\\\/scontent-gig4-1.xx.fbcdn.net\\\/v\\\/t39.30808-1\\\/270437624_4564083193639691_6907940295614233970_n.jpg?stp=dst-jpg_s200x200_tt6&_nc_cat=111&ccb=1-7&_nc_sid=f907e8&_nc_ohc=SM1wRlP3lJwQ7kNvwEPuBYA&_nc_oc=AdnqrjDN_BNjSSHWO-GbkIWH6fkGMLw4bqvL_NH6e2wMveX7G-rP2dAqsDSq1mJMOaY&_nc_zt=24&_nc_ht=scontent-gig4-1.xx&_nc_gid=AoBFJeGrT1hVaew_6rchkQ&oh=00_AfX7QmFGhQhG2jAllVgXCiM1ZrWgvtp80-Bfppyexh1QEg&oe=689E923C\",\"@id\":\"https:\\\/\\\/anoticiaonline.com.br\\\/site\\\/bloco-da-manguaca-agita-o-centro-de-muriae\\\/#organizationLogo\"},\"image\":{\"@id\":\"https:\\\/\\\/anoticiaonline.com.br\\\/site\\\/bloco-da-manguaca-agita-o-centro-de-muriae\\\/#organizationLogo\"}},{\"@type\":\"Person\",\"@id\":\"https:\\\/\\\/anoticiaonline.com.br\\\/site\\\/author\\\/juliana\\\/#author\",\"url\":\"https:\\\/\\\/anoticiaonline.com.br\\\/site\\\/author\\\/juliana\\\/\",\"name\":\"Juliana Laviola\",\"image\":{\"@type\":\"ImageObject\",\"@id\":\"https:\\\/\\\/anoticiaonline.com.br\\\/site\\\/bloco-da-manguaca-agita-o-centro-de-muriae\\\/#authorImage\",\"url\":\"https:\\\/\\\/secure.gravatar.com\\\/avatar\\\/b8d45f5c699b100dfaf0e543582f38f38bf94cb7ae3a5e9abf8d891a34773335?s=96&d=mm&r=g\",\"width\":96,\"height\":96,\"caption\":\"Juliana Laviola\"}},{\"@type\":\"WebPage\",\"@id\":\"https:\\\/\\\/anoticiaonline.com.br\\\/site\\\/bloco-da-manguaca-agita-o-centro-de-muriae\\\/#webpage\",\"url\":\"https:\\\/\\\/anoticiaonline.com.br\\\/site\\\/bloco-da-manguaca-agita-o-centro-de-muriae\\\/\",\"name\":\"Bloco da Mangua\\u00e7a agita o Centro de Muria\\u00e9 - A Not\\u00edcia Online\",\"description\":\"O Bloco da Mangua\\u00e7a agitou o Centro da cidade levando uma multid\\u00e3o de foli\\u00f5es para curtir o melhor do samba e das marchinhas de carnaval. No s\\u00e1bado (3), o bloco, que j\\u00e1 desfila h\\u00e1 quatro anos, fez a alegria de muitos muriaeenses. O empres\\u00e1rio, Thiago Vital, organizador do bloco, disse que esta \\u00faltima edi\\u00e7\\u00e3o foi\",\"inLanguage\":\"pt-BR\",\"isPartOf\":{\"@id\":\"https:\\\/\\\/anoticiaonline.com.br\\\/site\\\/#website\"},\"breadcrumb\":{\"@id\":\"https:\\\/\\\/anoticiaonline.com.br\\\/site\\\/bloco-da-manguaca-agita-o-centro-de-muriae\\\/#breadcrumblist\"},\"author\":{\"@id\":\"https:\\\/\\\/anoticiaonline.com.br\\\/site\\\/author\\\/juliana\\\/#author\"},\"creator\":{\"@id\":\"https:\\\/\\\/anoticiaonline.com.br\\\/site\\\/author\\\/juliana\\\/#author\"},\"image\":{\"@type\":\"ImageObject\",\"url\":\"https:\\\/\\\/anoticiaonline.com.br\\\/site\\\/wp-content\\\/uploads\\\/2018\\\/02\\\/Thiago-Vital-Lucas-Marge-Com-os-Integrantes-Da-Imperatriz-Leopoldinese.jpg\",\"@id\":\"https:\\\/\\\/anoticiaonline.com.br\\\/site\\\/bloco-da-manguaca-agita-o-centro-de-muriae\\\/#mainImage\",\"width\":640,\"height\":427},\"primaryImageOfPage\":{\"@id\":\"https:\\\/\\\/anoticiaonline.com.br\\\/site\\\/bloco-da-manguaca-agita-o-centro-de-muriae\\\/#mainImage\"},\"datePublished\":\"2018-02-08T17:21:44-03:00\",\"dateModified\":\"2018-02-08T17:23:41-03:00\"},{\"@type\":\"WebSite\",\"@id\":\"https:\\\/\\\/anoticiaonline.com.br\\\/site\\\/#website\",\"url\":\"https:\\\/\\\/anoticiaonline.com.br\\\/site\\\/\",\"name\":\"A Not\\u00edcia Online\",\"description\":\"Noticias de Muria\\u00e9 e regi\\u00e3o\",\"inLanguage\":\"pt-BR\",\"publisher\":{\"@id\":\"https:\\\/\\\/anoticiaonline.com.br\\\/site\\\/#organization\"}}]}\n\t\t<\/script>\n\t\t<!-- All in One SEO -->\n\n","aioseo_head_json":{"title":"Bloco da Mangua\u00e7a agita o Centro de Muria\u00e9 - A Not\u00edcia Online","description":"O Bloco da Mangua\u00e7a agitou o Centro da cidade levando uma multid\u00e3o de foli\u00f5es para curtir o melhor do samba e das marchinhas de carnaval. No s\u00e1bado (3), o bloco, que j\u00e1 desfila h\u00e1 quatro anos, fez a alegria de muitos muriaeenses. O empres\u00e1rio, Thiago Vital, organizador do bloco, disse que esta \u00faltima edi\u00e7\u00e3o foi","canonical_url":"https:\/\/anoticiaonline.com.br\/site\/bloco-da-manguaca-agita-o-centro-de-muriae\/","robots":"max-image-preview:large","keywords":"","webmasterTools":{"miscellaneous":""},"schema":{"@context":"https:\/\/schema.org","@graph":[{"@type":"BlogPosting","@id":"https:\/\/anoticiaonline.com.br\/site\/bloco-da-manguaca-agita-o-centro-de-muriae\/#blogposting","name":"Bloco da Mangua\u00e7a agita o Centro de Muria\u00e9 - A Not\u00edcia Online","headline":"Bloco da Mangua\u00e7a agita o Centro de Muria\u00e9","author":{"@id":"https:\/\/anoticiaonline.com.br\/site\/author\/juliana\/#author"},"publisher":{"@id":"https:\/\/anoticiaonline.com.br\/site\/#organization"},"image":{"@type":"ImageObject","url":"https:\/\/anoticiaonline.com.br\/site\/wp-content\/uploads\/2018\/02\/Thiago-Vital-Lucas-Marge-Com-os-Integrantes-Da-Imperatriz-Leopoldinese.jpg","width":640,"height":427},"datePublished":"2018-02-08T17:21:44-03:00","dateModified":"2018-02-08T17:23:41-03:00","inLanguage":"pt-BR","mainEntityOfPage":{"@id":"https:\/\/anoticiaonline.com.br\/site\/bloco-da-manguaca-agita-o-centro-de-muriae\/#webpage"},"isPartOf":{"@id":"https:\/\/anoticiaonline.com.br\/site\/bloco-da-manguaca-agita-o-centro-de-muriae\/#webpage"},"articleSection":"Gerais, Bloco da Mangua\u00e7a, Lance Legal, marchinhas de carnaval"},{"@type":"BreadcrumbList","@id":"https:\/\/anoticiaonline.com.br\/site\/bloco-da-manguaca-agita-o-centro-de-muriae\/#breadcrumblist","itemListElement":[{"@type":"ListItem","@id":"https:\/\/anoticiaonline.com.br\/site#listItem","position":1,"name":"Home","item":"https:\/\/anoticiaonline.com.br\/site","nextItem":{"@type":"ListItem","@id":"https:\/\/anoticiaonline.com.br\/site\/categoria\/gerais\/#listItem","name":"Gerais"}},{"@type":"ListItem","@id":"https:\/\/anoticiaonline.com.br\/site\/categoria\/gerais\/#listItem","position":2,"name":"Gerais","item":"https:\/\/anoticiaonline.com.br\/site\/categoria\/gerais\/","nextItem":{"@type":"ListItem","@id":"https:\/\/anoticiaonline.com.br\/site\/bloco-da-manguaca-agita-o-centro-de-muriae\/#listItem","name":"Bloco da Mangua\u00e7a agita o Centro de Muria\u00e9"},"previousItem":{"@type":"ListItem","@id":"https:\/\/anoticiaonline.com.br\/site#listItem","name":"Home"}},{"@type":"ListItem","@id":"https:\/\/anoticiaonline.com.br\/site\/bloco-da-manguaca-agita-o-centro-de-muriae\/#listItem","position":3,"name":"Bloco da Mangua\u00e7a agita o Centro de Muria\u00e9","previousItem":{"@type":"ListItem","@id":"https:\/\/anoticiaonline.com.br\/site\/categoria\/gerais\/#listItem","name":"Gerais"}}]},{"@type":"Organization","@id":"https:\/\/anoticiaonline.com.br\/site\/#organization","name":"A Not\u00edcia Online","description":"Noticias de Muria\u00e9 e regi\u00e3o","url":"https:\/\/anoticiaonline.com.br\/site\/","logo":{"@type":"ImageObject","url":"https:\/\/scontent-gig4-1.xx.fbcdn.net\/v\/t39.30808-1\/270437624_4564083193639691_6907940295614233970_n.jpg?stp=dst-jpg_s200x200_tt6&_nc_cat=111&ccb=1-7&_nc_sid=f907e8&_nc_ohc=SM1wRlP3lJwQ7kNvwEPuBYA&_nc_oc=AdnqrjDN_BNjSSHWO-GbkIWH6fkGMLw4bqvL_NH6e2wMveX7G-rP2dAqsDSq1mJMOaY&_nc_zt=24&_nc_ht=scontent-gig4-1.xx&_nc_gid=AoBFJeGrT1hVaew_6rchkQ&oh=00_AfX7QmFGhQhG2jAllVgXCiM1ZrWgvtp80-Bfppyexh1QEg&oe=689E923C","@id":"https:\/\/anoticiaonline.com.br\/site\/bloco-da-manguaca-agita-o-centro-de-muriae\/#organizationLogo"},"image":{"@id":"https:\/\/anoticiaonline.com.br\/site\/bloco-da-manguaca-agita-o-centro-de-muriae\/#organizationLogo"}},{"@type":"Person","@id":"https:\/\/anoticiaonline.com.br\/site\/author\/juliana\/#author","url":"https:\/\/anoticiaonline.com.br\/site\/author\/juliana\/","name":"Juliana Laviola","image":{"@type":"ImageObject","@id":"https:\/\/anoticiaonline.com.br\/site\/bloco-da-manguaca-agita-o-centro-de-muriae\/#authorImage","url":"https:\/\/secure.gravatar.com\/avatar\/b8d45f5c699b100dfaf0e543582f38f38bf94cb7ae3a5e9abf8d891a34773335?s=96&d=mm&r=g","width":96,"height":96,"caption":"Juliana Laviola"}},{"@type":"WebPage","@id":"https:\/\/anoticiaonline.com.br\/site\/bloco-da-manguaca-agita-o-centro-de-muriae\/#webpage","url":"https:\/\/anoticiaonline.com.br\/site\/bloco-da-manguaca-agita-o-centro-de-muriae\/","name":"Bloco da Mangua\u00e7a agita o Centro de Muria\u00e9 - A Not\u00edcia Online","description":"O Bloco da Mangua\u00e7a agitou o Centro da cidade levando uma multid\u00e3o de foli\u00f5es para curtir o melhor do samba e das marchinhas de carnaval. No s\u00e1bado (3), o bloco, que j\u00e1 desfila h\u00e1 quatro anos, fez a alegria de muitos muriaeenses. O empres\u00e1rio, Thiago Vital, organizador do bloco, disse que esta \u00faltima edi\u00e7\u00e3o foi","inLanguage":"pt-BR","isPartOf":{"@id":"https:\/\/anoticiaonline.com.br\/site\/#website"},"breadcrumb":{"@id":"https:\/\/anoticiaonline.com.br\/site\/bloco-da-manguaca-agita-o-centro-de-muriae\/#breadcrumblist"},"author":{"@id":"https:\/\/anoticiaonline.com.br\/site\/author\/juliana\/#author"},"creator":{"@id":"https:\/\/anoticiaonline.com.br\/site\/author\/juliana\/#author"},"image":{"@type":"ImageObject","url":"https:\/\/anoticiaonline.com.br\/site\/wp-content\/uploads\/2018\/02\/Thiago-Vital-Lucas-Marge-Com-os-Integrantes-Da-Imperatriz-Leopoldinese.jpg","@id":"https:\/\/anoticiaonline.com.br\/site\/bloco-da-manguaca-agita-o-centro-de-muriae\/#mainImage","width":640,"height":427},"primaryImageOfPage":{"@id":"https:\/\/anoticiaonline.com.br\/site\/bloco-da-manguaca-agita-o-centro-de-muriae\/#mainImage"},"datePublished":"2018-02-08T17:21:44-03:00","dateModified":"2018-02-08T17:23:41-03:00"},{"@type":"WebSite","@id":"https:\/\/anoticiaonline.com.br\/site\/#website","url":"https:\/\/anoticiaonline.com.br\/site\/","name":"A Not\u00edcia Online","description":"Noticias de Muria\u00e9 e regi\u00e3o","inLanguage":"pt-BR","publisher":{"@id":"https:\/\/anoticiaonline.com.br\/site\/#organization"}}]},"og:locale":"pt_BR","og:site_name":"A Not\u00edcia Online - Noticias de Muria\u00e9 e regi\u00e3o","og:type":"article","og:title":"Bloco da Mangua\u00e7a agita o Centro de Muria\u00e9 - A Not\u00edcia Online","og:description":"O Bloco da Mangua\u00e7a agitou o Centro da cidade levando uma multid\u00e3o de foli\u00f5es para curtir o melhor do samba e das marchinhas de carnaval. No s\u00e1bado (3), o bloco, que j\u00e1 desfila h\u00e1 quatro anos, fez a alegria de muitos muriaeenses. O empres\u00e1rio, Thiago Vital, organizador do bloco, disse que esta \u00faltima edi\u00e7\u00e3o foi","og:url":"https:\/\/anoticiaonline.com.br\/site\/bloco-da-manguaca-agita-o-centro-de-muriae\/","og:image":"https:\/\/scontent-gig4-1.xx.fbcdn.net\/v\/t39.30808-1\/270437624_4564083193639691_6907940295614233970_n.jpg?stp=dst-jpg_s200x200_tt6&#038;_nc_cat=111&#038;ccb=1-7&#038;_nc_sid=f907e8&#038;_nc_ohc=SM1wRlP3lJwQ7kNvwEPuBYA&#038;_nc_oc=AdnqrjDN_BNjSSHWO-GbkIWH6fkGMLw4bqvL_NH6e2wMveX7G-rP2dAqsDSq1mJMOaY&#038;_nc_zt=24&#038;_nc_ht=scontent-gig4-1.xx&#038;_nc_gid=AoBFJeGrT1hVaew_6rchkQ&#038;oh=00_AfX7QmFGhQhG2jAllVgXCiM1ZrWgvtp80-Bfppyexh1QEg&#038;oe=689E923C","og:image:secure_url":"https:\/\/scontent-gig4-1.xx.fbcdn.net\/v\/t39.30808-1\/270437624_4564083193639691_6907940295614233970_n.jpg?stp=dst-jpg_s200x200_tt6&#038;_nc_cat=111&#038;ccb=1-7&#038;_nc_sid=f907e8&#038;_nc_ohc=SM1wRlP3lJwQ7kNvwEPuBYA&#038;_nc_oc=AdnqrjDN_BNjSSHWO-GbkIWH6fkGMLw4bqvL_NH6e2wMveX7G-rP2dAqsDSq1mJMOaY&#038;_nc_zt=24&#038;_nc_ht=scontent-gig4-1.xx&#038;_nc_gid=AoBFJeGrT1hVaew_6rchkQ&#038;oh=00_AfX7QmFGhQhG2jAllVgXCiM1ZrWgvtp80-Bfppyexh1QEg&#038;oe=689E923C","article:published_time":"2018-02-08T20:21:44+00:00","article:modified_time":"2018-02-08T20:23:41+00:00","twitter:card":"summary_large_image","twitter:title":"Bloco da Mangua\u00e7a agita o Centro de Muria\u00e9 - A Not\u00edcia Online","twitter:description":"O Bloco da Mangua\u00e7a agitou o Centro da cidade levando uma multid\u00e3o de foli\u00f5es para curtir o melhor do samba e das marchinhas de carnaval. No s\u00e1bado (3), o bloco, que j\u00e1 desfila h\u00e1 quatro anos, fez a alegria de muitos muriaeenses. O empres\u00e1rio, Thiago Vital, organizador do bloco, disse que esta \u00faltima edi\u00e7\u00e3o foi","twitter:image":"https:\/\/scontent-gig4-1.xx.fbcdn.net\/v\/t39.30808-1\/270437624_4564083193639691_6907940295614233970_n.jpg?stp=dst-jpg_s200x200_tt6&_nc_cat=111&ccb=1-7&_nc_sid=f907e8&_nc_ohc=SM1wRlP3lJwQ7kNvwEPuBYA&_nc_oc=AdnqrjDN_BNjSSHWO-GbkIWH6fkGMLw4bqvL_NH6e2wMveX7G-rP2dAqsDSq1mJMOaY&_nc_zt=24&_nc_ht=scontent-gig4-1.xx&_nc_gid=AoBFJeGrT1hVaew_6rchkQ&oh=00_AfX7QmFGhQhG2jAllVgXCiM1ZrWgvtp80-Bfppyexh1QEg&oe=689E923C"},"aioseo_meta_data":{"post_id":"49453","title":null,"description":null,"keywords":null,"keyphrases":null,"primary_term":null,"canonical_url":null,"og_title":null,"og_description":null,"og_object_type":"default","og_image_type":"default","og_image_url":null,"og_image_width":null,"og_image_height":null,"og_image_custom_url":null,"og_image_custom_fields":null,"og_video":null,"og_custom_url":null,"og_article_section":null,"og_article_tags":null,"twitter_use_og":false,"twitter_card":"default","twitter_image_type":"default","twitter_image_url":null,"twitter_image_custom_url":null,"twitter_image_custom_fields":null,"twitter_title":null,"twitter_description":null,"schema":{"blockGraphs":[],"customGraphs":[],"default":{"data":{"Article":[],"Course":[],"Dataset":[],"FAQPage":[],"Movie":[],"Person":[],"Product":[],"ProductReview":[],"Car":[],"Recipe":[],"Service":[],"SoftwareApplication":[],"WebPage":[]},"graphName":"","isEnabled":true},"graphs":[]},"schema_type":"default","schema_type_options":null,"pillar_content":false,"robots_default":true,"robots_noindex":false,"robots_noarchive":false,"robots_nosnippet":false,"robots_nofollow":false,"robots_noimageindex":false,"robots_noodp":false,"robots_notranslate":false,"robots_max_snippet":null,"robots_max_videopreview":null,"robots_max_imagepreview":"large","priority":null,"frequency":null,"local_seo":null,"breadcrumb_settings":null,"limit_modified_date":false,"ai":null,"created":"2025-08-16 20:15:27","updated":"2025-08-16 20:15:27","focus_keyword":null,"additional_keywords":null,"truseo_locale":null,"seo_analyzer_scan_date":null},"aioseo_breadcrumb":"<div class=\"aioseo-breadcrumbs\"><span class=\"aioseo-breadcrumb\">\n\t\t\t<a href=\"https:\/\/anoticiaonline.com.br\/site\" title=\"Home\">Home<\/a>\n\t\t<\/span><span class=\"aioseo-breadcrumb-separator\">&raquo;<\/span><span class=\"aioseo-breadcrumb\">\n\t\t\t<a href=\"https:\/\/anoticiaonline.com.br\/site\/categoria\/gerais\/\" title=\"Gerais\">Gerais<\/a>\n\t\t<\/span><span class=\"aioseo-breadcrumb-separator\">&raquo;<\/span><span class=\"aioseo-breadcrumb\">\n\t\t\tBloco da Mangua\u00e7a agita o Centro de Muria\u00e9\n\t\t<\/span><\/div>","aioseo_breadcrumb_json":[{"label":"Home","link":"https:\/\/anoticiaonline.com.br\/site"},{"label":"Gerais","link":"https:\/\/anoticiaonline.com.br\/site\/categoria\/gerais\/"},{"label":"Bloco da Mangua\u00e7a agita o Centro de Muria\u00e9","link":"https:\/\/anoticiaonline.com.br\/site\/bloco-da-manguaca-agita-o-centro-de-muriae\/"}],"views":152,"_links":{"self":[{"href":"https:\/\/anoticiaonline.com.br\/site\/wp-json\/wp\/v2\/posts\/49453","targetHints":{"allow":["GET"]}}],"collection":[{"href":"https:\/\/anoticiaonline.com.br\/site\/wp-json\/wp\/v2\/posts"}],"about":[{"href":"https:\/\/anoticiaonline.com.br\/site\/wp-json\/wp\/v2\/types\/post"}],"author":[{"embeddable":true,"href":"https:\/\/anoticiaonline.com.br\/site\/wp-json\/wp\/v2\/users\/2"}],"replies":[{"embeddable":true,"href":"https:\/\/anoticiaonline.com.br\/site\/wp-json\/wp\/v2\/comments?post=49453"}],"version-history":[{"count":0,"href":"https:\/\/anoticiaonline.com.br\/site\/wp-json\/wp\/v2\/posts\/49453\/revisions"}],"wp:featuredmedia":[{"embeddable":true,"href":"https:\/\/anoticiaonline.com.br\/site\/wp-json\/wp\/v2\/media\/49457"}],"wp:attachment":[{"href":"https:\/\/anoticiaonline.com.br\/site\/wp-json\/wp\/v2\/media?parent=49453"}],"wp:term":[{"taxonomy":"category","embeddable":true,"href":"https:\/\/anoticiaonline.com.br\/site\/wp-json\/wp\/v2\/categories?post=49453"},{"taxonomy":"post_tag","embeddable":true,"href":"https:\/\/anoticiaonline.com.br\/site\/wp-json\/wp\/v2\/tags?post=49453"}],"curies":[{"name":"wp","href":"https:\/\/api.w.org\/{rel}","templated":true}]}}