{"id":49386,"date":"2018-02-08T17:01:01","date_gmt":"2018-02-08T20:01:01","guid":{"rendered":"http:\/\/anoticiaonline.com.br\/site\/?p=49386"},"modified":"2018-02-08T17:11:11","modified_gmt":"2018-02-08T20:11:11","slug":"esquenta-muriae-pre-carnaval-agita-folioes-de-todas-as-idades","status":"publish","type":"post","link":"https:\/\/anoticiaonline.com.br\/site\/esquenta-muriae-pre-carnaval-agita-folioes-de-todas-as-idades\/","title":{"rendered":"\u201cEsquenta, Muria\u00e9\u201d: pr\u00e9-carnaval agita foli\u00f5es de todas as idades"},"content":{"rendered":"<p><a href=\"https:\/\/anoticiaonline.com.br\/site\/wp-content\/uploads\/2018\/02\/Canarinho-2.jpg\"><img fetchpriority=\"high\" decoding=\"async\" class=\"aligncenter size-full wp-image-49387\" src=\"https:\/\/anoticiaonline.com.br\/site\/wp-content\/uploads\/2018\/02\/Canarinho-2.jpg\" alt=\"\" width=\"640\" height=\"424\" srcset=\"https:\/\/anoticiaonline.com.br\/site\/wp-content\/uploads\/2018\/02\/Canarinho-2.jpg 640w, https:\/\/anoticiaonline.com.br\/site\/wp-content\/uploads\/2018\/02\/Canarinho-2-300x199.jpg 300w\" sizes=\"(max-width: 640px) 100vw, 640px\" \/><\/a> <a href=\"https:\/\/anoticiaonline.com.br\/site\/wp-content\/uploads\/2018\/02\/Marambloco-1-3.jpg\"><img decoding=\"async\" class=\"aligncenter size-full wp-image-49388\" src=\"https:\/\/anoticiaonline.com.br\/site\/wp-content\/uploads\/2018\/02\/Marambloco-1-3.jpg\" alt=\"\" width=\"640\" height=\"427\" srcset=\"https:\/\/anoticiaonline.com.br\/site\/wp-content\/uploads\/2018\/02\/Marambloco-1-3.jpg 640w, https:\/\/anoticiaonline.com.br\/site\/wp-content\/uploads\/2018\/02\/Marambloco-1-3-300x200.jpg 300w\" sizes=\"(max-width: 640px) 100vw, 640px\" \/><\/a> <a href=\"https:\/\/anoticiaonline.com.br\/site\/wp-content\/uploads\/2018\/02\/Papagaio-5.jpg\"><img decoding=\"async\" class=\"aligncenter size-full wp-image-49389\" src=\"https:\/\/anoticiaonline.com.br\/site\/wp-content\/uploads\/2018\/02\/Papagaio-5.jpg\" alt=\"\" width=\"640\" height=\"424\" srcset=\"https:\/\/anoticiaonline.com.br\/site\/wp-content\/uploads\/2018\/02\/Papagaio-5.jpg 640w, https:\/\/anoticiaonline.com.br\/site\/wp-content\/uploads\/2018\/02\/Papagaio-5-300x199.jpg 300w\" sizes=\"(max-width: 640px) 100vw, 640px\" \/><\/a> <a href=\"https:\/\/anoticiaonline.com.br\/site\/wp-content\/uploads\/2018\/02\/S-Joaquim-3.jpg\"><img loading=\"lazy\" decoding=\"async\" class=\"aligncenter size-full wp-image-49390\" src=\"https:\/\/anoticiaonline.com.br\/site\/wp-content\/uploads\/2018\/02\/S-Joaquim-3.jpg\" alt=\"\" width=\"640\" height=\"427\" srcset=\"https:\/\/anoticiaonline.com.br\/site\/wp-content\/uploads\/2018\/02\/S-Joaquim-3.jpg 640w, https:\/\/anoticiaonline.com.br\/site\/wp-content\/uploads\/2018\/02\/S-Joaquim-3-300x200.jpg 300w\" sizes=\"(max-width: 640px) 100vw, 640px\" \/><\/a> <a href=\"https:\/\/anoticiaonline.com.br\/site\/wp-content\/uploads\/2018\/02\/Sta-terezinha-5.jpg\"><img loading=\"lazy\" decoding=\"async\" class=\"aligncenter size-full wp-image-49391\" src=\"https:\/\/anoticiaonline.com.br\/site\/wp-content\/uploads\/2018\/02\/Sta-terezinha-5.jpg\" alt=\"\" width=\"640\" height=\"374\" srcset=\"https:\/\/anoticiaonline.com.br\/site\/wp-content\/uploads\/2018\/02\/Sta-terezinha-5.jpg 640w, https:\/\/anoticiaonline.com.br\/site\/wp-content\/uploads\/2018\/02\/Sta-terezinha-5-300x175.jpg 300w\" sizes=\"(max-width: 640px) 100vw, 640px\" \/><\/a>O pr\u00e9-carnaval \u201cEsquenta, Muria\u00e9\u201d agitou a Pra\u00e7a Jo\u00e3o Pinheiro pelo segundo ano consecutivo. De 2 a 4 de fevereiro, a folia foi garantida com a programa\u00e7\u00e3o que incluiu desfiles das escolas de samba muriaeenses, shows e bailes para crian\u00e7as e idosos, promovendo cultura e lazer.<\/p>\n<p>A festa teve in\u00edcio na tarde de sexta-feira (2), com a banda Sociedade Musical Uni\u00e3o dos Artistas animando o Baile da Melhor Idade. Durante a noite aconteceu a abertura oficial do evento, com desfiles das escolas Unidos do S\u00e3o Joaquim e Marambloco na sequ\u00eancia. O encerramento da primeira noite ficou por conta da banda Lance Legal.<\/p>\n<p>No s\u00e1bado (3), os desfiles foram das escolas Canarinhos do Samba, Unidos do Santa Terezinha e Papagaio que passaram pela avenida ao longo da Pra\u00e7a Jo\u00e3o Pinheiro. Logo depois, a banda Salamandra subiu ao palco para colocar o p\u00fablico para dan\u00e7ar.<\/p>\n<p>No domingo (4), a folia foi destinada \u00e0s crian\u00e7as. Durante a tarde, a Liga Carnavalesca de Muria\u00e9 (LICAMUR) apresentou o desfile da Escola de Samba Mirim; em seguida aconteceu o Bailinho Infantil, com apresenta\u00e7\u00e3o da banda Uni\u00e3o dos Artistas e com direito a concurso de fantasias. Ao final, o grupo Art\u2019Samba e a cantora Carol Pereira comandaram o encerramento da festa.<\/p>\n<p>De acordo com o prefeito Grego, \u00e9 preciso haver cautela durante a administra\u00e7\u00e3o municipal. \u201cPrecisamos levar divers\u00e3o \u00e0s fam\u00edlias muriaeenses, mas com seguran\u00e7a. Conseguimos convencer o povo da cidade e demais visitantes que nosso carnaval \u00e9 uma festa familiar para quem quer se divertir. Aproveito a oportunidade para agradecer o apoio do Minist\u00e9rio P\u00fablico, da Pol\u00edcia Militar, da Pol\u00edcia Civil, do Demmutran, da Defesa Civil e do Corpo de Bombeiros que garantiram, em conjunto, a seguran\u00e7a e a ordem nestes dias de festa\u201d, finaliza.<\/p>\n<p>Em entrevista, a diretora geral da Fundarte, Fl\u00e1via Neves, disse que toda a organiza\u00e7\u00e3o para os tr\u00eas dias de pr\u00e9-carnaval foi feita com muito empenho. \u201cQuer\u00edamos receber todas as fam\u00edlias muriaeenses da melhor forma poss\u00edvel com muita anima\u00e7\u00e3o. A inten\u00e7\u00e3o foi agradar todas as idades nesta festa popular com desfiles das Escolas de Samba com enredos in\u00e9ditos, shows no palco da Pra\u00e7a Jo\u00e3o Pinheiro e tamb\u00e9m os desfiles de blocos que animaram as ruas da cidade, atrav\u00e9s da uni\u00e3o de bares e associa\u00e7\u00f5es\u201d, conta.<\/p>\n<p><strong>Palavra dos carnavalescos \u2013 <\/strong>Durante os dias de folia as Escolas de Samba da cidade desfilaram na Pra\u00e7a Jo\u00e3o Pinheiro abordando temas criativos.<\/p>\n<p>Na primeira noite, a Unidos do S\u00e3o Joaquim homenageou o nordeste brasileiro com o enredo \u201cQue judia\u00e7\u00e3o o qu\u00ea? Essa terra ardente \u00e9 nosso altar dos xotes das alegrias. Nordeste, a terra da asa branca e dos cord\u00e9is de bai\u00e3o\u201d.<\/p>\n<p>Alex C\u00e9sar da Silva Miranda, carnavalesco e mestre sala da escola, disse que o tema foi escolhido assim que finalizaram o desfile em 2017. \u201cGostamos muito da cultura nordestina e resolvemos homenagear esta regi\u00e3o brasileira que \u00e9 t\u00e3o rica. A Unidos do S\u00e3o Joaquim entrou na Avenida do Samba com 140 componentes. \u00c9 maravilhoso participar desta festa que possui uma energia sem igual\u201d, diz.<\/p>\n<p>Ad\u00edlio Francisco da Silva, coordenador, disse que a escola existe h\u00e1 cinco anos. \u201cNossos materiais foram todos produzidos em Muria\u00e9 com o apoio de pessoas da pr\u00f3pria comunidade. Gostaria de agradecer primeiramente a Deus, ao nosso talentoso carnavalesco Alex e aos colaboradores: Rog\u00e9rio do Carmo, Reinaldo Dornelas, Lelei e Rafaela Coutinho\u201d, conta.<\/p>\n<p>Em seguida, a Avenida do Samba foi tomada pelo mundo da imagina\u00e7\u00e3o da Escola de Samba Marambloco, com o enredo \u201cMarambloco no mundo da imagina\u00e7\u00e3o\u201d,<\/p>\n<p>Paulo S\u00e9rgio Machado Salviano, presidente da escola, disse que a escola homenageou personagens de hist\u00f3rias infantis. \u201cNosso enredo homenageou personagens como os do S\u00edtio do Pica-pau Amarelo, do escritor brasileiro Monteiro Lobato, e outros de contos tamb\u00e9m mundialmente conhecidos como A Bela e a Fera e A Branca de Neve\u201d, conta.<\/p>\n<p>Na segunda noite, o Bloco do Papagaio agitou foli\u00f5es. Formada pela comunidade do Bairro Aeroporto, integrantes da escola fizeram bonito na Avenida com o tema \u201c100 anos de Samba: Papagaio na Avenida Alegria Geral\u201d.<\/p>\n<p>De acordo com Sandro Carrizo, respons\u00e1vel pelo Bloco do Papagaio, o objetivo foi, mais uma vez, levar alegria para o povo muriaeense.<\/p>\n<p>Em seguida foi a vez do desfile da Escola de Samba Unidos do Santa Terezinha com o enredo \u201cH\u00e1 mais de 70 anos R\u00e1dio Muria\u00e9 \u2013 A deusa da sintonia\u201d, que contou a hist\u00f3ria da R\u00e1dio Muria\u00e9, que este ano completa 75 anos de exist\u00eancia.<\/p>\n<p>De acordo com o presidente da escola, Cl\u00e1udio Roberto Ventura, o sucesso do desfile deve-se ao incans\u00e1vel trabalho de toda a comunidade e do diretor de carnaval, Carlinhos Scarleth.<\/p>\n<p>\u201cRespiramos carnaval durante 10 meses, a cada ano. Ao final, colocamos na Avenida aquilo que est\u00e1vamos desejando e o p\u00fablico gostou muito\u201d, diz.<\/p>\n<p>A terceira escola a se apresentar foi a Canarinhos do Samba com o enredo \u201cA odisseia do pioneiro\u201d. Comandada por Adir de Souza, que tamb\u00e9m \u00e9 presidente da LICAMUR, a escola faz parte da nova hist\u00f3ria do carnaval de Muria\u00e9, que est\u00e1 voltando a crescer a cada ano.<\/p>\n<p>\u201cDepois que fundamos a LICAMUR, o carnaval de Muria\u00e9 deu um salto muito grande. Este ano, todas as escolas est\u00e3o vindo muito bonitas, vai ficar para a hist\u00f3ria\u201d, conta.<\/p>\n<p>Na oportunidade, A Escola de Samba Mirim da LICAMUR, agradece ao projeto do Rio de Janeiro, Batuque Legal e ao carnavalesco Cl\u00e9bio de Freitas pela doa\u00e7\u00e3o de fantasias que foram utilizadas no desfile das crian\u00e7as.<\/p>\n<p>&nbsp;<\/p>\n<p><img decoding=\"async\" class=\"ngg_displayed_gallery mceItem\" src=\"https:\/\/anoticiaonline.com.br\/site\/nextgen-attach_to_post\/preview\/id--49448\" \/><\/p>\n<p>&nbsp;<\/p>\n<p><strong>\u00a0<\/strong><\/p>\n<p>&nbsp;<\/p>\n<p>&nbsp;<\/p>\n","protected":false},"excerpt":{"rendered":"<p>O pr\u00e9-carnaval \u201cEsquenta, Muria\u00e9\u201d agitou a Pra\u00e7a Jo\u00e3o Pinheiro pelo segundo ano consecutivo. De 2 a 4 de fevereiro, a folia foi garantida com a programa\u00e7\u00e3o que incluiu desfiles das escolas de samba muriaeenses, shows e bailes para crian\u00e7as e idosos, promovendo cultura e lazer. A festa teve in\u00edcio na tarde de sexta-feira (2), com &#8230; <a title=\"\u201cEsquenta, Muria\u00e9\u201d: pr\u00e9-carnaval agita foli\u00f5es de todas as idades\" class=\"read-more\" href=\"https:\/\/anoticiaonline.com.br\/site\/esquenta-muriae-pre-carnaval-agita-folioes-de-todas-as-idades\/\" aria-label=\"Read more about \u201cEsquenta, Muria\u00e9\u201d: pr\u00e9-carnaval agita foli\u00f5es de todas as idades\">Ler mais<\/a><\/p>\n","protected":false},"author":2,"featured_media":49387,"comment_status":"open","ping_status":"open","sticky":false,"template":"","format":"standard","meta":{"_acf_changed":false,"_monsterinsights_skip_tracking":false,"footnotes":""},"categories":[1],"tags":[1943,1921,1940,1942,74,1941],"class_list":["post-49386","post","type-post","status-publish","format-standard","has-post-thumbnail","hentry","category-gerais","tag-bloco-do-papagaio","tag-carnaval","tag-esquenta-muriae","tag-marambloco","tag-muriae","tag-unidos-do-sao-joaquim"],"acf":[],"aioseo_notices":[],"aioseo_head":"\n\t\t<!-- All in One SEO 5.0.0.1 - aioseo.com -->\n\t<meta name=\"description\" content=\"O pr\u00e9-carnaval \u201cEsquenta, Muria\u00e9\u201d agitou a Pra\u00e7a Jo\u00e3o Pinheiro pelo segundo ano consecutivo. De 2 a 4 de fevereiro, a folia foi garantida com a programa\u00e7\u00e3o que incluiu desfiles das escolas de samba muriaeenses, shows e bailes para crian\u00e7as e idosos, promovendo cultura e lazer. A festa teve in\u00edcio na tarde de sexta-feira (2), com\" \/>\n\t<meta name=\"robots\" content=\"max-image-preview:large\" \/>\n\t<meta name=\"author\" content=\"Juliana Laviola\"\/>\n\t<link rel=\"canonical\" href=\"https:\/\/anoticiaonline.com.br\/site\/esquenta-muriae-pre-carnaval-agita-folioes-de-todas-as-idades\/\" \/>\n\t<meta name=\"generator\" content=\"All in One SEO (AIOSEO) 5.0.0.1\" \/>\n\t\t<meta property=\"og:locale\" content=\"pt_BR\" \/>\n\t\t<meta property=\"og:site_name\" content=\"A Not\u00edcia Online - Noticias de Muria\u00e9 e regi\u00e3o\" \/>\n\t\t<meta property=\"og:type\" content=\"article\" \/>\n\t\t<meta property=\"og:title\" content=\"\u201cEsquenta, Muria\u00e9\u201d: pr\u00e9-carnaval agita foli\u00f5es de todas as idades - A Not\u00edcia Online\" \/>\n\t\t<meta property=\"og:description\" content=\"O pr\u00e9-carnaval \u201cEsquenta, Muria\u00e9\u201d agitou a Pra\u00e7a Jo\u00e3o Pinheiro pelo segundo ano consecutivo. De 2 a 4 de fevereiro, a folia foi garantida com a programa\u00e7\u00e3o que incluiu desfiles das escolas de samba muriaeenses, shows e bailes para crian\u00e7as e idosos, promovendo cultura e lazer. A festa teve in\u00edcio na tarde de sexta-feira (2), com\" \/>\n\t\t<meta property=\"og:url\" content=\"https:\/\/anoticiaonline.com.br\/site\/esquenta-muriae-pre-carnaval-agita-folioes-de-todas-as-idades\/\" \/>\n\t\t<meta property=\"og:image\" content=\"https:\/\/scontent-gig4-1.xx.fbcdn.net\/v\/t39.30808-1\/270437624_4564083193639691_6907940295614233970_n.jpg?stp=dst-jpg_s200x200_tt6&#038;_nc_cat=111&#038;ccb=1-7&#038;_nc_sid=f907e8&#038;_nc_ohc=SM1wRlP3lJwQ7kNvwEPuBYA&#038;_nc_oc=AdnqrjDN_BNjSSHWO-GbkIWH6fkGMLw4bqvL_NH6e2wMveX7G-rP2dAqsDSq1mJMOaY&#038;_nc_zt=24&#038;_nc_ht=scontent-gig4-1.xx&#038;_nc_gid=AoBFJeGrT1hVaew_6rchkQ&#038;oh=00_AfX7QmFGhQhG2jAllVgXCiM1ZrWgvtp80-Bfppyexh1QEg&#038;oe=689E923C\" \/>\n\t\t<meta property=\"og:image:secure_url\" content=\"https:\/\/scontent-gig4-1.xx.fbcdn.net\/v\/t39.30808-1\/270437624_4564083193639691_6907940295614233970_n.jpg?stp=dst-jpg_s200x200_tt6&#038;_nc_cat=111&#038;ccb=1-7&#038;_nc_sid=f907e8&#038;_nc_ohc=SM1wRlP3lJwQ7kNvwEPuBYA&#038;_nc_oc=AdnqrjDN_BNjSSHWO-GbkIWH6fkGMLw4bqvL_NH6e2wMveX7G-rP2dAqsDSq1mJMOaY&#038;_nc_zt=24&#038;_nc_ht=scontent-gig4-1.xx&#038;_nc_gid=AoBFJeGrT1hVaew_6rchkQ&#038;oh=00_AfX7QmFGhQhG2jAllVgXCiM1ZrWgvtp80-Bfppyexh1QEg&#038;oe=689E923C\" \/>\n\t\t<meta property=\"article:published_time\" content=\"2018-02-08T20:01:01+00:00\" \/>\n\t\t<meta property=\"article:modified_time\" content=\"2018-02-08T20:11:11+00:00\" \/>\n\t\t<meta name=\"twitter:card\" content=\"summary_large_image\" \/>\n\t\t<meta name=\"twitter:title\" content=\"\u201cEsquenta, Muria\u00e9\u201d: pr\u00e9-carnaval agita foli\u00f5es de todas as idades - A Not\u00edcia Online\" \/>\n\t\t<meta name=\"twitter:description\" content=\"O pr\u00e9-carnaval \u201cEsquenta, Muria\u00e9\u201d agitou a Pra\u00e7a Jo\u00e3o Pinheiro pelo segundo ano consecutivo. De 2 a 4 de fevereiro, a folia foi garantida com a programa\u00e7\u00e3o que incluiu desfiles das escolas de samba muriaeenses, shows e bailes para crian\u00e7as e idosos, promovendo cultura e lazer. A festa teve in\u00edcio na tarde de sexta-feira (2), com\" \/>\n\t\t<meta name=\"twitter:image\" content=\"https:\/\/scontent-gig4-1.xx.fbcdn.net\/v\/t39.30808-1\/270437624_4564083193639691_6907940295614233970_n.jpg?stp=dst-jpg_s200x200_tt6&amp;_nc_cat=111&amp;ccb=1-7&amp;_nc_sid=f907e8&amp;_nc_ohc=SM1wRlP3lJwQ7kNvwEPuBYA&amp;_nc_oc=AdnqrjDN_BNjSSHWO-GbkIWH6fkGMLw4bqvL_NH6e2wMveX7G-rP2dAqsDSq1mJMOaY&amp;_nc_zt=24&amp;_nc_ht=scontent-gig4-1.xx&amp;_nc_gid=AoBFJeGrT1hVaew_6rchkQ&amp;oh=00_AfX7QmFGhQhG2jAllVgXCiM1ZrWgvtp80-Bfppyexh1QEg&amp;oe=689E923C\" \/>\n\t\t<script type=\"application\/ld+json\" class=\"aioseo-schema\">\n\t\t\t{\"@context\":\"https:\\\/\\\/schema.org\",\"@graph\":[{\"@type\":\"BlogPosting\",\"@id\":\"https:\\\/\\\/anoticiaonline.com.br\\\/site\\\/esquenta-muriae-pre-carnaval-agita-folioes-de-todas-as-idades\\\/#blogposting\",\"name\":\"\\u201cEsquenta, Muria\\u00e9\\u201d: pr\\u00e9-carnaval agita foli\\u00f5es de todas as idades - A Not\\u00edcia Online\",\"headline\":\"\\u201cEsquenta, Muria\\u00e9\\u201d: pr\\u00e9-carnaval agita foli\\u00f5es de todas as idades\",\"author\":{\"@id\":\"https:\\\/\\\/anoticiaonline.com.br\\\/site\\\/author\\\/juliana\\\/#author\"},\"publisher\":{\"@id\":\"https:\\\/\\\/anoticiaonline.com.br\\\/site\\\/#organization\"},\"image\":{\"@type\":\"ImageObject\",\"url\":\"https:\\\/\\\/anoticiaonline.com.br\\\/site\\\/wp-content\\\/uploads\\\/2018\\\/02\\\/Canarinho-2.jpg\",\"width\":640,\"height\":424},\"datePublished\":\"2018-02-08T17:01:01-03:00\",\"dateModified\":\"2018-02-08T17:11:11-03:00\",\"inLanguage\":\"pt-BR\",\"mainEntityOfPage\":{\"@id\":\"https:\\\/\\\/anoticiaonline.com.br\\\/site\\\/esquenta-muriae-pre-carnaval-agita-folioes-de-todas-as-idades\\\/#webpage\"},\"isPartOf\":{\"@id\":\"https:\\\/\\\/anoticiaonline.com.br\\\/site\\\/esquenta-muriae-pre-carnaval-agita-folioes-de-todas-as-idades\\\/#webpage\"},\"articleSection\":\"Gerais, Bloco do Papagaio, carnaval, Esquenta Muria\\u00e9, Marambloco, Muria\\u00e9, Unidos do S\\u00e3o Joaquim\"},{\"@type\":\"BreadcrumbList\",\"@id\":\"https:\\\/\\\/anoticiaonline.com.br\\\/site\\\/esquenta-muriae-pre-carnaval-agita-folioes-de-todas-as-idades\\\/#breadcrumblist\",\"itemListElement\":[{\"@type\":\"ListItem\",\"@id\":\"https:\\\/\\\/anoticiaonline.com.br\\\/site#listItem\",\"position\":1,\"name\":\"Home\",\"item\":\"https:\\\/\\\/anoticiaonline.com.br\\\/site\",\"nextItem\":{\"@type\":\"ListItem\",\"@id\":\"https:\\\/\\\/anoticiaonline.com.br\\\/site\\\/categoria\\\/gerais\\\/#listItem\",\"name\":\"Gerais\"}},{\"@type\":\"ListItem\",\"@id\":\"https:\\\/\\\/anoticiaonline.com.br\\\/site\\\/categoria\\\/gerais\\\/#listItem\",\"position\":2,\"name\":\"Gerais\",\"item\":\"https:\\\/\\\/anoticiaonline.com.br\\\/site\\\/categoria\\\/gerais\\\/\",\"nextItem\":{\"@type\":\"ListItem\",\"@id\":\"https:\\\/\\\/anoticiaonline.com.br\\\/site\\\/esquenta-muriae-pre-carnaval-agita-folioes-de-todas-as-idades\\\/#listItem\",\"name\":\"\\u201cEsquenta, Muria\\u00e9\\u201d: pr\\u00e9-carnaval agita foli\\u00f5es de todas as idades\"},\"previousItem\":{\"@type\":\"ListItem\",\"@id\":\"https:\\\/\\\/anoticiaonline.com.br\\\/site#listItem\",\"name\":\"Home\"}},{\"@type\":\"ListItem\",\"@id\":\"https:\\\/\\\/anoticiaonline.com.br\\\/site\\\/esquenta-muriae-pre-carnaval-agita-folioes-de-todas-as-idades\\\/#listItem\",\"position\":3,\"name\":\"\\u201cEsquenta, Muria\\u00e9\\u201d: pr\\u00e9-carnaval agita foli\\u00f5es de todas as idades\",\"previousItem\":{\"@type\":\"ListItem\",\"@id\":\"https:\\\/\\\/anoticiaonline.com.br\\\/site\\\/categoria\\\/gerais\\\/#listItem\",\"name\":\"Gerais\"}}]},{\"@type\":\"Organization\",\"@id\":\"https:\\\/\\\/anoticiaonline.com.br\\\/site\\\/#organization\",\"name\":\"A Not\\u00edcia Online\",\"description\":\"Noticias de Muria\\u00e9 e regi\\u00e3o\",\"url\":\"https:\\\/\\\/anoticiaonline.com.br\\\/site\\\/\",\"logo\":{\"@type\":\"ImageObject\",\"url\":\"https:\\\/\\\/scontent-gig4-1.xx.fbcdn.net\\\/v\\\/t39.30808-1\\\/270437624_4564083193639691_6907940295614233970_n.jpg?stp=dst-jpg_s200x200_tt6&_nc_cat=111&ccb=1-7&_nc_sid=f907e8&_nc_ohc=SM1wRlP3lJwQ7kNvwEPuBYA&_nc_oc=AdnqrjDN_BNjSSHWO-GbkIWH6fkGMLw4bqvL_NH6e2wMveX7G-rP2dAqsDSq1mJMOaY&_nc_zt=24&_nc_ht=scontent-gig4-1.xx&_nc_gid=AoBFJeGrT1hVaew_6rchkQ&oh=00_AfX7QmFGhQhG2jAllVgXCiM1ZrWgvtp80-Bfppyexh1QEg&oe=689E923C\",\"@id\":\"https:\\\/\\\/anoticiaonline.com.br\\\/site\\\/esquenta-muriae-pre-carnaval-agita-folioes-de-todas-as-idades\\\/#organizationLogo\"},\"image\":{\"@id\":\"https:\\\/\\\/anoticiaonline.com.br\\\/site\\\/esquenta-muriae-pre-carnaval-agita-folioes-de-todas-as-idades\\\/#organizationLogo\"}},{\"@type\":\"Person\",\"@id\":\"https:\\\/\\\/anoticiaonline.com.br\\\/site\\\/author\\\/juliana\\\/#author\",\"url\":\"https:\\\/\\\/anoticiaonline.com.br\\\/site\\\/author\\\/juliana\\\/\",\"name\":\"Juliana Laviola\",\"image\":{\"@type\":\"ImageObject\",\"@id\":\"https:\\\/\\\/anoticiaonline.com.br\\\/site\\\/esquenta-muriae-pre-carnaval-agita-folioes-de-todas-as-idades\\\/#authorImage\",\"url\":\"https:\\\/\\\/secure.gravatar.com\\\/avatar\\\/b8d45f5c699b100dfaf0e543582f38f38bf94cb7ae3a5e9abf8d891a34773335?s=96&d=mm&r=g\",\"width\":96,\"height\":96,\"caption\":\"Juliana Laviola\"}},{\"@type\":\"WebPage\",\"@id\":\"https:\\\/\\\/anoticiaonline.com.br\\\/site\\\/esquenta-muriae-pre-carnaval-agita-folioes-de-todas-as-idades\\\/#webpage\",\"url\":\"https:\\\/\\\/anoticiaonline.com.br\\\/site\\\/esquenta-muriae-pre-carnaval-agita-folioes-de-todas-as-idades\\\/\",\"name\":\"\\u201cEsquenta, Muria\\u00e9\\u201d: pr\\u00e9-carnaval agita foli\\u00f5es de todas as idades - A Not\\u00edcia Online\",\"description\":\"O pr\\u00e9-carnaval \\u201cEsquenta, Muria\\u00e9\\u201d agitou a Pra\\u00e7a Jo\\u00e3o Pinheiro pelo segundo ano consecutivo. De 2 a 4 de fevereiro, a folia foi garantida com a programa\\u00e7\\u00e3o que incluiu desfiles das escolas de samba muriaeenses, shows e bailes para crian\\u00e7as e idosos, promovendo cultura e lazer. A festa teve in\\u00edcio na tarde de sexta-feira (2), com\",\"inLanguage\":\"pt-BR\",\"isPartOf\":{\"@id\":\"https:\\\/\\\/anoticiaonline.com.br\\\/site\\\/#website\"},\"breadcrumb\":{\"@id\":\"https:\\\/\\\/anoticiaonline.com.br\\\/site\\\/esquenta-muriae-pre-carnaval-agita-folioes-de-todas-as-idades\\\/#breadcrumblist\"},\"author\":{\"@id\":\"https:\\\/\\\/anoticiaonline.com.br\\\/site\\\/author\\\/juliana\\\/#author\"},\"creator\":{\"@id\":\"https:\\\/\\\/anoticiaonline.com.br\\\/site\\\/author\\\/juliana\\\/#author\"},\"image\":{\"@type\":\"ImageObject\",\"url\":\"https:\\\/\\\/anoticiaonline.com.br\\\/site\\\/wp-content\\\/uploads\\\/2018\\\/02\\\/Canarinho-2.jpg\",\"@id\":\"https:\\\/\\\/anoticiaonline.com.br\\\/site\\\/esquenta-muriae-pre-carnaval-agita-folioes-de-todas-as-idades\\\/#mainImage\",\"width\":640,\"height\":424},\"primaryImageOfPage\":{\"@id\":\"https:\\\/\\\/anoticiaonline.com.br\\\/site\\\/esquenta-muriae-pre-carnaval-agita-folioes-de-todas-as-idades\\\/#mainImage\"},\"datePublished\":\"2018-02-08T17:01:01-03:00\",\"dateModified\":\"2018-02-08T17:11:11-03:00\"},{\"@type\":\"WebSite\",\"@id\":\"https:\\\/\\\/anoticiaonline.com.br\\\/site\\\/#website\",\"url\":\"https:\\\/\\\/anoticiaonline.com.br\\\/site\\\/\",\"name\":\"A Not\\u00edcia Online\",\"description\":\"Noticias de Muria\\u00e9 e regi\\u00e3o\",\"inLanguage\":\"pt-BR\",\"publisher\":{\"@id\":\"https:\\\/\\\/anoticiaonline.com.br\\\/site\\\/#organization\"}}]}\n\t\t<\/script>\n\t\t<!-- All in One SEO -->\n\n","aioseo_head_json":{"title":"\u201cEsquenta, Muria\u00e9\u201d: pr\u00e9-carnaval agita foli\u00f5es de todas as idades - A Not\u00edcia Online","description":"O pr\u00e9-carnaval \u201cEsquenta, Muria\u00e9\u201d agitou a Pra\u00e7a Jo\u00e3o Pinheiro pelo segundo ano consecutivo. De 2 a 4 de fevereiro, a folia foi garantida com a programa\u00e7\u00e3o que incluiu desfiles das escolas de samba muriaeenses, shows e bailes para crian\u00e7as e idosos, promovendo cultura e lazer. A festa teve in\u00edcio na tarde de sexta-feira (2), com","canonical_url":"https:\/\/anoticiaonline.com.br\/site\/esquenta-muriae-pre-carnaval-agita-folioes-de-todas-as-idades\/","robots":"max-image-preview:large","keywords":"","webmasterTools":{"miscellaneous":""},"schema":{"@context":"https:\/\/schema.org","@graph":[{"@type":"BlogPosting","@id":"https:\/\/anoticiaonline.com.br\/site\/esquenta-muriae-pre-carnaval-agita-folioes-de-todas-as-idades\/#blogposting","name":"\u201cEsquenta, Muria\u00e9\u201d: pr\u00e9-carnaval agita foli\u00f5es de todas as idades - A Not\u00edcia Online","headline":"\u201cEsquenta, Muria\u00e9\u201d: pr\u00e9-carnaval agita foli\u00f5es de todas as idades","author":{"@id":"https:\/\/anoticiaonline.com.br\/site\/author\/juliana\/#author"},"publisher":{"@id":"https:\/\/anoticiaonline.com.br\/site\/#organization"},"image":{"@type":"ImageObject","url":"https:\/\/anoticiaonline.com.br\/site\/wp-content\/uploads\/2018\/02\/Canarinho-2.jpg","width":640,"height":424},"datePublished":"2018-02-08T17:01:01-03:00","dateModified":"2018-02-08T17:11:11-03:00","inLanguage":"pt-BR","mainEntityOfPage":{"@id":"https:\/\/anoticiaonline.com.br\/site\/esquenta-muriae-pre-carnaval-agita-folioes-de-todas-as-idades\/#webpage"},"isPartOf":{"@id":"https:\/\/anoticiaonline.com.br\/site\/esquenta-muriae-pre-carnaval-agita-folioes-de-todas-as-idades\/#webpage"},"articleSection":"Gerais, Bloco do Papagaio, carnaval, Esquenta Muria\u00e9, Marambloco, Muria\u00e9, Unidos do S\u00e3o Joaquim"},{"@type":"BreadcrumbList","@id":"https:\/\/anoticiaonline.com.br\/site\/esquenta-muriae-pre-carnaval-agita-folioes-de-todas-as-idades\/#breadcrumblist","itemListElement":[{"@type":"ListItem","@id":"https:\/\/anoticiaonline.com.br\/site#listItem","position":1,"name":"Home","item":"https:\/\/anoticiaonline.com.br\/site","nextItem":{"@type":"ListItem","@id":"https:\/\/anoticiaonline.com.br\/site\/categoria\/gerais\/#listItem","name":"Gerais"}},{"@type":"ListItem","@id":"https:\/\/anoticiaonline.com.br\/site\/categoria\/gerais\/#listItem","position":2,"name":"Gerais","item":"https:\/\/anoticiaonline.com.br\/site\/categoria\/gerais\/","nextItem":{"@type":"ListItem","@id":"https:\/\/anoticiaonline.com.br\/site\/esquenta-muriae-pre-carnaval-agita-folioes-de-todas-as-idades\/#listItem","name":"\u201cEsquenta, Muria\u00e9\u201d: pr\u00e9-carnaval agita foli\u00f5es de todas as idades"},"previousItem":{"@type":"ListItem","@id":"https:\/\/anoticiaonline.com.br\/site#listItem","name":"Home"}},{"@type":"ListItem","@id":"https:\/\/anoticiaonline.com.br\/site\/esquenta-muriae-pre-carnaval-agita-folioes-de-todas-as-idades\/#listItem","position":3,"name":"\u201cEsquenta, Muria\u00e9\u201d: pr\u00e9-carnaval agita foli\u00f5es de todas as idades","previousItem":{"@type":"ListItem","@id":"https:\/\/anoticiaonline.com.br\/site\/categoria\/gerais\/#listItem","name":"Gerais"}}]},{"@type":"Organization","@id":"https:\/\/anoticiaonline.com.br\/site\/#organization","name":"A Not\u00edcia Online","description":"Noticias de Muria\u00e9 e regi\u00e3o","url":"https:\/\/anoticiaonline.com.br\/site\/","logo":{"@type":"ImageObject","url":"https:\/\/scontent-gig4-1.xx.fbcdn.net\/v\/t39.30808-1\/270437624_4564083193639691_6907940295614233970_n.jpg?stp=dst-jpg_s200x200_tt6&_nc_cat=111&ccb=1-7&_nc_sid=f907e8&_nc_ohc=SM1wRlP3lJwQ7kNvwEPuBYA&_nc_oc=AdnqrjDN_BNjSSHWO-GbkIWH6fkGMLw4bqvL_NH6e2wMveX7G-rP2dAqsDSq1mJMOaY&_nc_zt=24&_nc_ht=scontent-gig4-1.xx&_nc_gid=AoBFJeGrT1hVaew_6rchkQ&oh=00_AfX7QmFGhQhG2jAllVgXCiM1ZrWgvtp80-Bfppyexh1QEg&oe=689E923C","@id":"https:\/\/anoticiaonline.com.br\/site\/esquenta-muriae-pre-carnaval-agita-folioes-de-todas-as-idades\/#organizationLogo"},"image":{"@id":"https:\/\/anoticiaonline.com.br\/site\/esquenta-muriae-pre-carnaval-agita-folioes-de-todas-as-idades\/#organizationLogo"}},{"@type":"Person","@id":"https:\/\/anoticiaonline.com.br\/site\/author\/juliana\/#author","url":"https:\/\/anoticiaonline.com.br\/site\/author\/juliana\/","name":"Juliana Laviola","image":{"@type":"ImageObject","@id":"https:\/\/anoticiaonline.com.br\/site\/esquenta-muriae-pre-carnaval-agita-folioes-de-todas-as-idades\/#authorImage","url":"https:\/\/secure.gravatar.com\/avatar\/b8d45f5c699b100dfaf0e543582f38f38bf94cb7ae3a5e9abf8d891a34773335?s=96&d=mm&r=g","width":96,"height":96,"caption":"Juliana Laviola"}},{"@type":"WebPage","@id":"https:\/\/anoticiaonline.com.br\/site\/esquenta-muriae-pre-carnaval-agita-folioes-de-todas-as-idades\/#webpage","url":"https:\/\/anoticiaonline.com.br\/site\/esquenta-muriae-pre-carnaval-agita-folioes-de-todas-as-idades\/","name":"\u201cEsquenta, Muria\u00e9\u201d: pr\u00e9-carnaval agita foli\u00f5es de todas as idades - A Not\u00edcia Online","description":"O pr\u00e9-carnaval \u201cEsquenta, Muria\u00e9\u201d agitou a Pra\u00e7a Jo\u00e3o Pinheiro pelo segundo ano consecutivo. De 2 a 4 de fevereiro, a folia foi garantida com a programa\u00e7\u00e3o que incluiu desfiles das escolas de samba muriaeenses, shows e bailes para crian\u00e7as e idosos, promovendo cultura e lazer. A festa teve in\u00edcio na tarde de sexta-feira (2), com","inLanguage":"pt-BR","isPartOf":{"@id":"https:\/\/anoticiaonline.com.br\/site\/#website"},"breadcrumb":{"@id":"https:\/\/anoticiaonline.com.br\/site\/esquenta-muriae-pre-carnaval-agita-folioes-de-todas-as-idades\/#breadcrumblist"},"author":{"@id":"https:\/\/anoticiaonline.com.br\/site\/author\/juliana\/#author"},"creator":{"@id":"https:\/\/anoticiaonline.com.br\/site\/author\/juliana\/#author"},"image":{"@type":"ImageObject","url":"https:\/\/anoticiaonline.com.br\/site\/wp-content\/uploads\/2018\/02\/Canarinho-2.jpg","@id":"https:\/\/anoticiaonline.com.br\/site\/esquenta-muriae-pre-carnaval-agita-folioes-de-todas-as-idades\/#mainImage","width":640,"height":424},"primaryImageOfPage":{"@id":"https:\/\/anoticiaonline.com.br\/site\/esquenta-muriae-pre-carnaval-agita-folioes-de-todas-as-idades\/#mainImage"},"datePublished":"2018-02-08T17:01:01-03:00","dateModified":"2018-02-08T17:11:11-03:00"},{"@type":"WebSite","@id":"https:\/\/anoticiaonline.com.br\/site\/#website","url":"https:\/\/anoticiaonline.com.br\/site\/","name":"A Not\u00edcia Online","description":"Noticias de Muria\u00e9 e regi\u00e3o","inLanguage":"pt-BR","publisher":{"@id":"https:\/\/anoticiaonline.com.br\/site\/#organization"}}]},"og:locale":"pt_BR","og:site_name":"A Not\u00edcia Online - Noticias de Muria\u00e9 e regi\u00e3o","og:type":"article","og:title":"\u201cEsquenta, Muria\u00e9\u201d: pr\u00e9-carnaval agita foli\u00f5es de todas as idades - A Not\u00edcia Online","og:description":"O pr\u00e9-carnaval \u201cEsquenta, Muria\u00e9\u201d agitou a Pra\u00e7a Jo\u00e3o Pinheiro pelo segundo ano consecutivo. De 2 a 4 de fevereiro, a folia foi garantida com a programa\u00e7\u00e3o que incluiu desfiles das escolas de samba muriaeenses, shows e bailes para crian\u00e7as e idosos, promovendo cultura e lazer. A festa teve in\u00edcio na tarde de sexta-feira (2), com","og:url":"https:\/\/anoticiaonline.com.br\/site\/esquenta-muriae-pre-carnaval-agita-folioes-de-todas-as-idades\/","og:image":"https:\/\/scontent-gig4-1.xx.fbcdn.net\/v\/t39.30808-1\/270437624_4564083193639691_6907940295614233970_n.jpg?stp=dst-jpg_s200x200_tt6&#038;_nc_cat=111&#038;ccb=1-7&#038;_nc_sid=f907e8&#038;_nc_ohc=SM1wRlP3lJwQ7kNvwEPuBYA&#038;_nc_oc=AdnqrjDN_BNjSSHWO-GbkIWH6fkGMLw4bqvL_NH6e2wMveX7G-rP2dAqsDSq1mJMOaY&#038;_nc_zt=24&#038;_nc_ht=scontent-gig4-1.xx&#038;_nc_gid=AoBFJeGrT1hVaew_6rchkQ&#038;oh=00_AfX7QmFGhQhG2jAllVgXCiM1ZrWgvtp80-Bfppyexh1QEg&#038;oe=689E923C","og:image:secure_url":"https:\/\/scontent-gig4-1.xx.fbcdn.net\/v\/t39.30808-1\/270437624_4564083193639691_6907940295614233970_n.jpg?stp=dst-jpg_s200x200_tt6&#038;_nc_cat=111&#038;ccb=1-7&#038;_nc_sid=f907e8&#038;_nc_ohc=SM1wRlP3lJwQ7kNvwEPuBYA&#038;_nc_oc=AdnqrjDN_BNjSSHWO-GbkIWH6fkGMLw4bqvL_NH6e2wMveX7G-rP2dAqsDSq1mJMOaY&#038;_nc_zt=24&#038;_nc_ht=scontent-gig4-1.xx&#038;_nc_gid=AoBFJeGrT1hVaew_6rchkQ&#038;oh=00_AfX7QmFGhQhG2jAllVgXCiM1ZrWgvtp80-Bfppyexh1QEg&#038;oe=689E923C","article:published_time":"2018-02-08T20:01:01+00:00","article:modified_time":"2018-02-08T20:11:11+00:00","twitter:card":"summary_large_image","twitter:title":"\u201cEsquenta, Muria\u00e9\u201d: pr\u00e9-carnaval agita foli\u00f5es de todas as idades - A Not\u00edcia Online","twitter:description":"O pr\u00e9-carnaval \u201cEsquenta, Muria\u00e9\u201d agitou a Pra\u00e7a Jo\u00e3o Pinheiro pelo segundo ano consecutivo. De 2 a 4 de fevereiro, a folia foi garantida com a programa\u00e7\u00e3o que incluiu desfiles das escolas de samba muriaeenses, shows e bailes para crian\u00e7as e idosos, promovendo cultura e lazer. A festa teve in\u00edcio na tarde de sexta-feira (2), com","twitter:image":"https:\/\/scontent-gig4-1.xx.fbcdn.net\/v\/t39.30808-1\/270437624_4564083193639691_6907940295614233970_n.jpg?stp=dst-jpg_s200x200_tt6&_nc_cat=111&ccb=1-7&_nc_sid=f907e8&_nc_ohc=SM1wRlP3lJwQ7kNvwEPuBYA&_nc_oc=AdnqrjDN_BNjSSHWO-GbkIWH6fkGMLw4bqvL_NH6e2wMveX7G-rP2dAqsDSq1mJMOaY&_nc_zt=24&_nc_ht=scontent-gig4-1.xx&_nc_gid=AoBFJeGrT1hVaew_6rchkQ&oh=00_AfX7QmFGhQhG2jAllVgXCiM1ZrWgvtp80-Bfppyexh1QEg&oe=689E923C"},"aioseo_meta_data":{"post_id":"49386","title":null,"description":null,"keywords":null,"keyphrases":null,"primary_term":null,"canonical_url":null,"og_title":null,"og_description":null,"og_object_type":"default","og_image_type":"default","og_image_url":null,"og_image_width":null,"og_image_height":null,"og_image_custom_url":null,"og_image_custom_fields":null,"og_video":null,"og_custom_url":null,"og_article_section":null,"og_article_tags":null,"twitter_use_og":false,"twitter_card":"default","twitter_image_type":"default","twitter_image_url":null,"twitter_image_custom_url":null,"twitter_image_custom_fields":null,"twitter_title":null,"twitter_description":null,"schema":{"blockGraphs":[],"customGraphs":[],"default":{"data":{"Article":[],"Course":[],"Dataset":[],"FAQPage":[],"Movie":[],"Person":[],"Product":[],"ProductReview":[],"Car":[],"Recipe":[],"Service":[],"SoftwareApplication":[],"WebPage":[]},"graphName":"","isEnabled":true},"graphs":[]},"schema_type":"default","schema_type_options":null,"pillar_content":false,"robots_default":true,"robots_noindex":false,"robots_noarchive":false,"robots_nosnippet":false,"robots_nofollow":false,"robots_noimageindex":false,"robots_noodp":false,"robots_notranslate":false,"robots_max_snippet":null,"robots_max_videopreview":null,"robots_max_imagepreview":"large","priority":null,"frequency":null,"local_seo":null,"breadcrumb_settings":null,"limit_modified_date":false,"ai":null,"created":"2025-08-16 20:15:27","updated":"2025-08-16 20:15:27","focus_keyword":null,"additional_keywords":null,"truseo_locale":null,"seo_analyzer_scan_date":null},"aioseo_breadcrumb":"<div class=\"aioseo-breadcrumbs\"><span class=\"aioseo-breadcrumb\">\n\t\t\t<a href=\"https:\/\/anoticiaonline.com.br\/site\" title=\"Home\">Home<\/a>\n\t\t<\/span><span class=\"aioseo-breadcrumb-separator\">&raquo;<\/span><span class=\"aioseo-breadcrumb\">\n\t\t\t<a href=\"https:\/\/anoticiaonline.com.br\/site\/categoria\/gerais\/\" title=\"Gerais\">Gerais<\/a>\n\t\t<\/span><span class=\"aioseo-breadcrumb-separator\">&raquo;<\/span><span class=\"aioseo-breadcrumb\">\n\t\t\t\u201cEsquenta, Muria\u00e9\u201d: pr\u00e9-carnaval agita foli\u00f5es de todas as idades\n\t\t<\/span><\/div>","aioseo_breadcrumb_json":[{"label":"Home","link":"https:\/\/anoticiaonline.com.br\/site"},{"label":"Gerais","link":"https:\/\/anoticiaonline.com.br\/site\/categoria\/gerais\/"},{"label":"\u201cEsquenta, Muria\u00e9\u201d: pr\u00e9-carnaval agita foli\u00f5es de todas as idades","link":"https:\/\/anoticiaonline.com.br\/site\/esquenta-muriae-pre-carnaval-agita-folioes-de-todas-as-idades\/"}],"views":110,"_links":{"self":[{"href":"https:\/\/anoticiaonline.com.br\/site\/wp-json\/wp\/v2\/posts\/49386","targetHints":{"allow":["GET"]}}],"collection":[{"href":"https:\/\/anoticiaonline.com.br\/site\/wp-json\/wp\/v2\/posts"}],"about":[{"href":"https:\/\/anoticiaonline.com.br\/site\/wp-json\/wp\/v2\/types\/post"}],"author":[{"embeddable":true,"href":"https:\/\/anoticiaonline.com.br\/site\/wp-json\/wp\/v2\/users\/2"}],"replies":[{"embeddable":true,"href":"https:\/\/anoticiaonline.com.br\/site\/wp-json\/wp\/v2\/comments?post=49386"}],"version-history":[{"count":0,"href":"https:\/\/anoticiaonline.com.br\/site\/wp-json\/wp\/v2\/posts\/49386\/revisions"}],"wp:featuredmedia":[{"embeddable":true,"href":"https:\/\/anoticiaonline.com.br\/site\/wp-json\/wp\/v2\/media\/49387"}],"wp:attachment":[{"href":"https:\/\/anoticiaonline.com.br\/site\/wp-json\/wp\/v2\/media?parent=49386"}],"wp:term":[{"taxonomy":"category","embeddable":true,"href":"https:\/\/anoticiaonline.com.br\/site\/wp-json\/wp\/v2\/categories?post=49386"},{"taxonomy":"post_tag","embeddable":true,"href":"https:\/\/anoticiaonline.com.br\/site\/wp-json\/wp\/v2\/tags?post=49386"}],"curies":[{"name":"wp","href":"https:\/\/api.w.org\/{rel}","templated":true}]}}