{"id":4936,"date":"2015-10-15T19:57:16","date_gmt":"2015-10-15T22:57:16","guid":{"rendered":"http:\/\/anoticiaonline.com.br\/site\/?p=4936"},"modified":"2015-10-15T19:57:16","modified_gmt":"2015-10-15T22:57:16","slug":"os-ditos-populares-e-a-historia-que-precisamos-contar","status":"publish","type":"post","link":"https:\/\/anoticiaonline.com.br\/site\/os-ditos-populares-e-a-historia-que-precisamos-contar\/","title":{"rendered":"Os ditos populares e a hist\u00f3ria que precisamos contar"},"content":{"rendered":"<p>H\u00e1 um ditado popular que diz que \u201ch\u00e1 males que v\u00eam para o bem\u201d. Confesso que n\u00e3o compactuo muito com esse pensamento, pois, se pens\u00e1ssemos dessa forma, estar\u00edamos atribuindo um valor consider\u00e1vel \u00e0s mazelas que ocorrem no nosso dia a dia. Embora o pessimismo seja um sentimento pr\u00f3prio de algumas pessoas que se acomodam com a falta de perspectivas, penso que sempre que houver uma oportunidade de buscar a desarticula\u00e7\u00e3o do mal, aproveitando essa oportunidade, estaremos contribuindo para o bem da coletividade e fazendo com que a sociedade encontre um caminho mais justo, mais humano e mais igualit\u00e1rio.<\/p>\n<p>\u00c9 de dom\u00ednio p\u00fablico que o pa\u00eds passa por um per\u00edodo conturbado na maioria das suas institui\u00e7\u00f5es, principalmente no que se refere \u00e0 administra\u00e7\u00e3o p\u00fablica. A discuss\u00e3o di\u00e1ria \u00e9 feita por todas as classes, seja nos escrit\u00f3rios, nas ruas ou nos botequins das esquinas. H\u00e1 um sentimento de inseguran\u00e7a da popula\u00e7\u00e3o quanto ao futuro, o que faz com que ela, permanentemente, esteja em estado de alerta, como se fosse um exerc\u00edcio de autodefesa. Como comecei a cr\u00f4nica citando um dito popular, vou emendar mais um: dizem que \u201ca voz do povo \u00e9 a voz de Deus\u201d. Certamente, n\u00e3o por acaso, a popula\u00e7\u00e3o tem as suas raz\u00f5es.<\/p>\n<p>Na economia, s\u00f3 se fala em alta de infla\u00e7\u00e3o, de juros, do d\u00f3lar e de aumento de impostos. Fala-se muito, tamb\u00e9m, do \u201cnervosismo\u201d do mercado internacional, como se ele fosse um personagem provido de vida pr\u00f3pria, e a quem se atribui toda a culpa de estimular a crise econ\u00f4mica que, ao longo dos anos, vem se desenhando no cen\u00e1rio do pa\u00eds. Como todos esses ingredientes mexem diretamente no bolso das pessoas, o grau de desconfian\u00e7a \u00e9 generalizado, fazendo com que haja uma desestabiliza\u00e7\u00e3o da popula\u00e7\u00e3o, o que reflete, diretamente, na falta de investimentos, e, por via de consequ\u00eancia, na redu\u00e7\u00e3o da produ\u00e7\u00e3o.<\/p>\n<p>Na pol\u00edtica, instalou-se uma crise moral permanente, criada por um grupo de pol\u00edticos aventureiros, desonestos e corruptos, personagens deste triste caminho sob o qual trilha o pa\u00eds, os quais n\u00e3o t\u00eam o menor compromisso para com a coisa p\u00fablica ou para com o futuro das novas gera\u00e7\u00f5es. Al\u00e9m de todo esse quadro de incertezas, e para recrudescer ainda mais a desconfian\u00e7a da popula\u00e7\u00e3o, n\u00e3o tem surgido tamb\u00e9m nenhuma lideran\u00e7a que possa ser considerada confi\u00e1vel e que possa dar ind\u00edcios de uma revers\u00e3o desta tend\u00eancia nefasta dentro de um prazo que seja considerado razo\u00e1vel.<\/p>\n<p>A Justi\u00e7a at\u00e9 que tem feito o seu papel, mas ela depende de leis pr\u00f3prias para dar celeridade aos milhares de processos engavetados nos tribunais, muni\u00e7\u00e3o que os legisladores, j\u00e1 acostumados a legislar em causa pr\u00f3pria, n\u00e3o interessam dar, para n\u00e3o serem condenados.<\/p>\n<p>Mas por outro lado, dizem, tamb\u00e9m, que \u201cdepois da tempestade vem a bonan\u00e7a\u201d. Pode ser que seja assim. E para que isso ocorra, \u00e9 preciso confiar no futuro. \u00c9 necess\u00e1rio que haja uma maior participa\u00e7\u00e3o da sociedade e que ela seja um elemento ativo de transforma\u00e7\u00e3o do pa\u00eds, come\u00e7ando pela base da pir\u00e2mide. No pr\u00f3ximo ano teremos elei\u00e7\u00f5es municipais para o Executivo e o Legislativo, que s\u00e3o os poderes mais pr\u00f3ximos da popula\u00e7\u00e3o. Se tudo aquilo que pode ser considerado podre nas administra\u00e7\u00f5es p\u00fablicas de todo o pa\u00eds est\u00e1 no v\u00e9rtice da pir\u00e2mide, \u00e9 preciso que a sua base seja refeita, revitalizada, transformada e reconstru\u00edda com alicerces mais fortes, para dar consist\u00eancia a um novo v\u00e9rtice que possa apontar para um futuro mais promissor, a come\u00e7ar pelos munic\u00edpios de todo o pa\u00eds.<\/p>\n<p>Se agirmos dessa forma, deixando de lado as incertezas e confiando no futuro, os ditos populares tamb\u00e9m ter\u00e3o a sua vez na hist\u00f3ria.<\/p>\n","protected":false},"excerpt":{"rendered":"<p>H\u00e1 um ditado popular que diz que \u201ch\u00e1 males que v\u00eam para o bem\u201d. Confesso que n\u00e3o compactuo muito com esse pensamento, pois, se pens\u00e1ssemos dessa forma, estar\u00edamos atribuindo um valor consider\u00e1vel \u00e0s mazelas que ocorrem no nosso dia a dia. Embora o pessimismo seja um sentimento pr\u00f3prio de algumas pessoas que se acomodam com &#8230; <a title=\"Os ditos populares e a hist\u00f3ria que precisamos contar\" class=\"read-more\" href=\"https:\/\/anoticiaonline.com.br\/site\/os-ditos-populares-e-a-historia-que-precisamos-contar\/\" aria-label=\"Read more about Os ditos populares e a hist\u00f3ria que precisamos contar\">Ler mais<\/a><\/p>\n","protected":false},"author":2,"featured_media":0,"comment_status":"open","ping_status":"open","sticky":false,"template":"","format":"standard","meta":{"_acf_changed":false,"_monsterinsights_skip_tracking":false,"footnotes":""},"categories":[33],"tags":[],"class_list":["post-4936","post","type-post","status-publish","format-standard","hentry","category-politica-e-atualidades-francisco-laviola"],"acf":[],"aioseo_notices":[],"aioseo_head":"\n\t\t<!-- All in One SEO 5.0.0.1 - aioseo.com -->\n\t<meta name=\"description\" content=\"H\u00e1 um ditado popular que diz que \u201ch\u00e1 males que v\u00eam para o bem\u201d. Confesso que n\u00e3o compactuo muito com esse pensamento, pois, se pens\u00e1ssemos dessa forma, estar\u00edamos atribuindo um valor consider\u00e1vel \u00e0s mazelas que ocorrem no nosso dia a dia. Embora o pessimismo seja um sentimento pr\u00f3prio de algumas pessoas que se acomodam com\" \/>\n\t<meta name=\"robots\" content=\"max-image-preview:large\" \/>\n\t<meta name=\"author\" content=\"Juliana Laviola\"\/>\n\t<link rel=\"canonical\" href=\"https:\/\/anoticiaonline.com.br\/site\/os-ditos-populares-e-a-historia-que-precisamos-contar\/\" \/>\n\t<meta name=\"generator\" content=\"All in One SEO (AIOSEO) 5.0.0.1\" \/>\n\t\t<meta property=\"og:locale\" content=\"pt_BR\" \/>\n\t\t<meta property=\"og:site_name\" content=\"A Not\u00edcia Online - Noticias de Muria\u00e9 e regi\u00e3o\" \/>\n\t\t<meta property=\"og:type\" content=\"article\" \/>\n\t\t<meta property=\"og:title\" content=\"Os ditos populares e a hist\u00f3ria que precisamos contar - A Not\u00edcia Online\" \/>\n\t\t<meta property=\"og:description\" content=\"H\u00e1 um ditado popular que diz que \u201ch\u00e1 males que v\u00eam para o bem\u201d. Confesso que n\u00e3o compactuo muito com esse pensamento, pois, se pens\u00e1ssemos dessa forma, estar\u00edamos atribuindo um valor consider\u00e1vel \u00e0s mazelas que ocorrem no nosso dia a dia. Embora o pessimismo seja um sentimento pr\u00f3prio de algumas pessoas que se acomodam com\" \/>\n\t\t<meta property=\"og:url\" content=\"https:\/\/anoticiaonline.com.br\/site\/os-ditos-populares-e-a-historia-que-precisamos-contar\/\" \/>\n\t\t<meta property=\"og:image\" content=\"https:\/\/scontent-gig4-1.xx.fbcdn.net\/v\/t39.30808-1\/270437624_4564083193639691_6907940295614233970_n.jpg?stp=dst-jpg_s200x200_tt6&#038;_nc_cat=111&#038;ccb=1-7&#038;_nc_sid=f907e8&#038;_nc_ohc=SM1wRlP3lJwQ7kNvwEPuBYA&#038;_nc_oc=AdnqrjDN_BNjSSHWO-GbkIWH6fkGMLw4bqvL_NH6e2wMveX7G-rP2dAqsDSq1mJMOaY&#038;_nc_zt=24&#038;_nc_ht=scontent-gig4-1.xx&#038;_nc_gid=AoBFJeGrT1hVaew_6rchkQ&#038;oh=00_AfX7QmFGhQhG2jAllVgXCiM1ZrWgvtp80-Bfppyexh1QEg&#038;oe=689E923C\" \/>\n\t\t<meta property=\"og:image:secure_url\" content=\"https:\/\/scontent-gig4-1.xx.fbcdn.net\/v\/t39.30808-1\/270437624_4564083193639691_6907940295614233970_n.jpg?stp=dst-jpg_s200x200_tt6&#038;_nc_cat=111&#038;ccb=1-7&#038;_nc_sid=f907e8&#038;_nc_ohc=SM1wRlP3lJwQ7kNvwEPuBYA&#038;_nc_oc=AdnqrjDN_BNjSSHWO-GbkIWH6fkGMLw4bqvL_NH6e2wMveX7G-rP2dAqsDSq1mJMOaY&#038;_nc_zt=24&#038;_nc_ht=scontent-gig4-1.xx&#038;_nc_gid=AoBFJeGrT1hVaew_6rchkQ&#038;oh=00_AfX7QmFGhQhG2jAllVgXCiM1ZrWgvtp80-Bfppyexh1QEg&#038;oe=689E923C\" \/>\n\t\t<meta property=\"article:published_time\" content=\"2015-10-15T22:57:16+00:00\" \/>\n\t\t<meta property=\"article:modified_time\" content=\"2015-10-15T22:57:16+00:00\" \/>\n\t\t<meta name=\"twitter:card\" content=\"summary_large_image\" \/>\n\t\t<meta name=\"twitter:title\" content=\"Os ditos populares e a hist\u00f3ria que precisamos contar - A Not\u00edcia Online\" \/>\n\t\t<meta name=\"twitter:description\" content=\"H\u00e1 um ditado popular que diz que \u201ch\u00e1 males que v\u00eam para o bem\u201d. Confesso que n\u00e3o compactuo muito com esse pensamento, pois, se pens\u00e1ssemos dessa forma, estar\u00edamos atribuindo um valor consider\u00e1vel \u00e0s mazelas que ocorrem no nosso dia a dia. Embora o pessimismo seja um sentimento pr\u00f3prio de algumas pessoas que se acomodam com\" \/>\n\t\t<meta name=\"twitter:image\" content=\"https:\/\/scontent-gig4-1.xx.fbcdn.net\/v\/t39.30808-1\/270437624_4564083193639691_6907940295614233970_n.jpg?stp=dst-jpg_s200x200_tt6&amp;_nc_cat=111&amp;ccb=1-7&amp;_nc_sid=f907e8&amp;_nc_ohc=SM1wRlP3lJwQ7kNvwEPuBYA&amp;_nc_oc=AdnqrjDN_BNjSSHWO-GbkIWH6fkGMLw4bqvL_NH6e2wMveX7G-rP2dAqsDSq1mJMOaY&amp;_nc_zt=24&amp;_nc_ht=scontent-gig4-1.xx&amp;_nc_gid=AoBFJeGrT1hVaew_6rchkQ&amp;oh=00_AfX7QmFGhQhG2jAllVgXCiM1ZrWgvtp80-Bfppyexh1QEg&amp;oe=689E923C\" \/>\n\t\t<script type=\"application\/ld+json\" class=\"aioseo-schema\">\n\t\t\t{\"@context\":\"https:\\\/\\\/schema.org\",\"@graph\":[{\"@type\":\"BlogPosting\",\"@id\":\"https:\\\/\\\/anoticiaonline.com.br\\\/site\\\/os-ditos-populares-e-a-historia-que-precisamos-contar\\\/#blogposting\",\"name\":\"Os ditos populares e a hist\\u00f3ria que precisamos contar - A Not\\u00edcia Online\",\"headline\":\"Os ditos populares e a hist\\u00f3ria que precisamos contar\",\"author\":{\"@id\":\"https:\\\/\\\/anoticiaonline.com.br\\\/site\\\/author\\\/juliana\\\/#author\"},\"publisher\":{\"@id\":\"https:\\\/\\\/anoticiaonline.com.br\\\/site\\\/#organization\"},\"image\":{\"@type\":\"ImageObject\",\"url\":\"https:\\\/\\\/scontent-gig4-1.xx.fbcdn.net\\\/v\\\/t39.30808-1\\\/270437624_4564083193639691_6907940295614233970_n.jpg?stp=dst-jpg_s200x200_tt6&_nc_cat=111&ccb=1-7&_nc_sid=f907e8&_nc_ohc=SM1wRlP3lJwQ7kNvwEPuBYA&_nc_oc=AdnqrjDN_BNjSSHWO-GbkIWH6fkGMLw4bqvL_NH6e2wMveX7G-rP2dAqsDSq1mJMOaY&_nc_zt=24&_nc_ht=scontent-gig4-1.xx&_nc_gid=AoBFJeGrT1hVaew_6rchkQ&oh=00_AfX7QmFGhQhG2jAllVgXCiM1ZrWgvtp80-Bfppyexh1QEg&oe=689E923C\",\"@id\":\"https:\\\/\\\/anoticiaonline.com.br\\\/site\\\/#articleImage\"},\"datePublished\":\"2015-10-15T19:57:16-03:00\",\"dateModified\":\"2015-10-15T19:57:16-03:00\",\"inLanguage\":\"pt-BR\",\"mainEntityOfPage\":{\"@id\":\"https:\\\/\\\/anoticiaonline.com.br\\\/site\\\/os-ditos-populares-e-a-historia-que-precisamos-contar\\\/#webpage\"},\"isPartOf\":{\"@id\":\"https:\\\/\\\/anoticiaonline.com.br\\\/site\\\/os-ditos-populares-e-a-historia-que-precisamos-contar\\\/#webpage\"},\"articleSection\":\"Pol\\u00edtica e Atualidades - Francisco Laviola\"},{\"@type\":\"BreadcrumbList\",\"@id\":\"https:\\\/\\\/anoticiaonline.com.br\\\/site\\\/os-ditos-populares-e-a-historia-que-precisamos-contar\\\/#breadcrumblist\",\"itemListElement\":[{\"@type\":\"ListItem\",\"@id\":\"https:\\\/\\\/anoticiaonline.com.br\\\/site#listItem\",\"position\":1,\"name\":\"Home\",\"item\":\"https:\\\/\\\/anoticiaonline.com.br\\\/site\",\"nextItem\":{\"@type\":\"ListItem\",\"@id\":\"https:\\\/\\\/anoticiaonline.com.br\\\/site\\\/categoria\\\/colunistas\\\/#listItem\",\"name\":\"Colunistas\"}},{\"@type\":\"ListItem\",\"@id\":\"https:\\\/\\\/anoticiaonline.com.br\\\/site\\\/categoria\\\/colunistas\\\/#listItem\",\"position\":2,\"name\":\"Colunistas\",\"item\":\"https:\\\/\\\/anoticiaonline.com.br\\\/site\\\/categoria\\\/colunistas\\\/\",\"nextItem\":{\"@type\":\"ListItem\",\"@id\":\"https:\\\/\\\/anoticiaonline.com.br\\\/site\\\/categoria\\\/colunistas\\\/politica-e-atualidades-francisco-laviola\\\/#listItem\",\"name\":\"Pol\\u00edtica e Atualidades - Francisco Laviola\"},\"previousItem\":{\"@type\":\"ListItem\",\"@id\":\"https:\\\/\\\/anoticiaonline.com.br\\\/site#listItem\",\"name\":\"Home\"}},{\"@type\":\"ListItem\",\"@id\":\"https:\\\/\\\/anoticiaonline.com.br\\\/site\\\/categoria\\\/colunistas\\\/politica-e-atualidades-francisco-laviola\\\/#listItem\",\"position\":3,\"name\":\"Pol\\u00edtica e Atualidades - Francisco Laviola\",\"item\":\"https:\\\/\\\/anoticiaonline.com.br\\\/site\\\/categoria\\\/colunistas\\\/politica-e-atualidades-francisco-laviola\\\/\",\"nextItem\":{\"@type\":\"ListItem\",\"@id\":\"https:\\\/\\\/anoticiaonline.com.br\\\/site\\\/os-ditos-populares-e-a-historia-que-precisamos-contar\\\/#listItem\",\"name\":\"Os ditos populares e a hist\\u00f3ria que precisamos contar\"},\"previousItem\":{\"@type\":\"ListItem\",\"@id\":\"https:\\\/\\\/anoticiaonline.com.br\\\/site\\\/categoria\\\/colunistas\\\/#listItem\",\"name\":\"Colunistas\"}},{\"@type\":\"ListItem\",\"@id\":\"https:\\\/\\\/anoticiaonline.com.br\\\/site\\\/os-ditos-populares-e-a-historia-que-precisamos-contar\\\/#listItem\",\"position\":4,\"name\":\"Os ditos populares e a hist\\u00f3ria que precisamos contar\",\"previousItem\":{\"@type\":\"ListItem\",\"@id\":\"https:\\\/\\\/anoticiaonline.com.br\\\/site\\\/categoria\\\/colunistas\\\/politica-e-atualidades-francisco-laviola\\\/#listItem\",\"name\":\"Pol\\u00edtica e Atualidades - Francisco Laviola\"}}]},{\"@type\":\"Organization\",\"@id\":\"https:\\\/\\\/anoticiaonline.com.br\\\/site\\\/#organization\",\"name\":\"A Not\\u00edcia Online\",\"description\":\"Noticias de Muria\\u00e9 e regi\\u00e3o\",\"url\":\"https:\\\/\\\/anoticiaonline.com.br\\\/site\\\/\",\"logo\":{\"@type\":\"ImageObject\",\"url\":\"https:\\\/\\\/scontent-gig4-1.xx.fbcdn.net\\\/v\\\/t39.30808-1\\\/270437624_4564083193639691_6907940295614233970_n.jpg?stp=dst-jpg_s200x200_tt6&_nc_cat=111&ccb=1-7&_nc_sid=f907e8&_nc_ohc=SM1wRlP3lJwQ7kNvwEPuBYA&_nc_oc=AdnqrjDN_BNjSSHWO-GbkIWH6fkGMLw4bqvL_NH6e2wMveX7G-rP2dAqsDSq1mJMOaY&_nc_zt=24&_nc_ht=scontent-gig4-1.xx&_nc_gid=AoBFJeGrT1hVaew_6rchkQ&oh=00_AfX7QmFGhQhG2jAllVgXCiM1ZrWgvtp80-Bfppyexh1QEg&oe=689E923C\",\"@id\":\"https:\\\/\\\/anoticiaonline.com.br\\\/site\\\/os-ditos-populares-e-a-historia-que-precisamos-contar\\\/#organizationLogo\"},\"image\":{\"@id\":\"https:\\\/\\\/anoticiaonline.com.br\\\/site\\\/os-ditos-populares-e-a-historia-que-precisamos-contar\\\/#organizationLogo\"}},{\"@type\":\"Person\",\"@id\":\"https:\\\/\\\/anoticiaonline.com.br\\\/site\\\/author\\\/juliana\\\/#author\",\"url\":\"https:\\\/\\\/anoticiaonline.com.br\\\/site\\\/author\\\/juliana\\\/\",\"name\":\"Juliana Laviola\",\"image\":{\"@type\":\"ImageObject\",\"@id\":\"https:\\\/\\\/anoticiaonline.com.br\\\/site\\\/os-ditos-populares-e-a-historia-que-precisamos-contar\\\/#authorImage\",\"url\":\"https:\\\/\\\/secure.gravatar.com\\\/avatar\\\/b8d45f5c699b100dfaf0e543582f38f38bf94cb7ae3a5e9abf8d891a34773335?s=96&d=mm&r=g\",\"width\":96,\"height\":96,\"caption\":\"Juliana Laviola\"}},{\"@type\":\"WebPage\",\"@id\":\"https:\\\/\\\/anoticiaonline.com.br\\\/site\\\/os-ditos-populares-e-a-historia-que-precisamos-contar\\\/#webpage\",\"url\":\"https:\\\/\\\/anoticiaonline.com.br\\\/site\\\/os-ditos-populares-e-a-historia-que-precisamos-contar\\\/\",\"name\":\"Os ditos populares e a hist\\u00f3ria que precisamos contar - A Not\\u00edcia Online\",\"description\":\"H\\u00e1 um ditado popular que diz que \\u201ch\\u00e1 males que v\\u00eam para o bem\\u201d. Confesso que n\\u00e3o compactuo muito com esse pensamento, pois, se pens\\u00e1ssemos dessa forma, estar\\u00edamos atribuindo um valor consider\\u00e1vel \\u00e0s mazelas que ocorrem no nosso dia a dia. Embora o pessimismo seja um sentimento pr\\u00f3prio de algumas pessoas que se acomodam com\",\"inLanguage\":\"pt-BR\",\"isPartOf\":{\"@id\":\"https:\\\/\\\/anoticiaonline.com.br\\\/site\\\/#website\"},\"breadcrumb\":{\"@id\":\"https:\\\/\\\/anoticiaonline.com.br\\\/site\\\/os-ditos-populares-e-a-historia-que-precisamos-contar\\\/#breadcrumblist\"},\"author\":{\"@id\":\"https:\\\/\\\/anoticiaonline.com.br\\\/site\\\/author\\\/juliana\\\/#author\"},\"creator\":{\"@id\":\"https:\\\/\\\/anoticiaonline.com.br\\\/site\\\/author\\\/juliana\\\/#author\"},\"datePublished\":\"2015-10-15T19:57:16-03:00\",\"dateModified\":\"2015-10-15T19:57:16-03:00\"},{\"@type\":\"WebSite\",\"@id\":\"https:\\\/\\\/anoticiaonline.com.br\\\/site\\\/#website\",\"url\":\"https:\\\/\\\/anoticiaonline.com.br\\\/site\\\/\",\"name\":\"A Not\\u00edcia Online\",\"description\":\"Noticias de Muria\\u00e9 e regi\\u00e3o\",\"inLanguage\":\"pt-BR\",\"publisher\":{\"@id\":\"https:\\\/\\\/anoticiaonline.com.br\\\/site\\\/#organization\"}}]}\n\t\t<\/script>\n\t\t<!-- All in One SEO -->\n\n","aioseo_head_json":{"title":"Os ditos populares e a hist\u00f3ria que precisamos contar - A Not\u00edcia Online","description":"H\u00e1 um ditado popular que diz que \u201ch\u00e1 males que v\u00eam para o bem\u201d. Confesso que n\u00e3o compactuo muito com esse pensamento, pois, se pens\u00e1ssemos dessa forma, estar\u00edamos atribuindo um valor consider\u00e1vel \u00e0s mazelas que ocorrem no nosso dia a dia. Embora o pessimismo seja um sentimento pr\u00f3prio de algumas pessoas que se acomodam com","canonical_url":"https:\/\/anoticiaonline.com.br\/site\/os-ditos-populares-e-a-historia-que-precisamos-contar\/","robots":"max-image-preview:large","keywords":"","webmasterTools":{"miscellaneous":""},"schema":{"@context":"https:\/\/schema.org","@graph":[{"@type":"BlogPosting","@id":"https:\/\/anoticiaonline.com.br\/site\/os-ditos-populares-e-a-historia-que-precisamos-contar\/#blogposting","name":"Os ditos populares e a hist\u00f3ria que precisamos contar - A Not\u00edcia Online","headline":"Os ditos populares e a hist\u00f3ria que precisamos contar","author":{"@id":"https:\/\/anoticiaonline.com.br\/site\/author\/juliana\/#author"},"publisher":{"@id":"https:\/\/anoticiaonline.com.br\/site\/#organization"},"image":{"@type":"ImageObject","url":"https:\/\/scontent-gig4-1.xx.fbcdn.net\/v\/t39.30808-1\/270437624_4564083193639691_6907940295614233970_n.jpg?stp=dst-jpg_s200x200_tt6&_nc_cat=111&ccb=1-7&_nc_sid=f907e8&_nc_ohc=SM1wRlP3lJwQ7kNvwEPuBYA&_nc_oc=AdnqrjDN_BNjSSHWO-GbkIWH6fkGMLw4bqvL_NH6e2wMveX7G-rP2dAqsDSq1mJMOaY&_nc_zt=24&_nc_ht=scontent-gig4-1.xx&_nc_gid=AoBFJeGrT1hVaew_6rchkQ&oh=00_AfX7QmFGhQhG2jAllVgXCiM1ZrWgvtp80-Bfppyexh1QEg&oe=689E923C","@id":"https:\/\/anoticiaonline.com.br\/site\/#articleImage"},"datePublished":"2015-10-15T19:57:16-03:00","dateModified":"2015-10-15T19:57:16-03:00","inLanguage":"pt-BR","mainEntityOfPage":{"@id":"https:\/\/anoticiaonline.com.br\/site\/os-ditos-populares-e-a-historia-que-precisamos-contar\/#webpage"},"isPartOf":{"@id":"https:\/\/anoticiaonline.com.br\/site\/os-ditos-populares-e-a-historia-que-precisamos-contar\/#webpage"},"articleSection":"Pol\u00edtica e Atualidades - Francisco Laviola"},{"@type":"BreadcrumbList","@id":"https:\/\/anoticiaonline.com.br\/site\/os-ditos-populares-e-a-historia-que-precisamos-contar\/#breadcrumblist","itemListElement":[{"@type":"ListItem","@id":"https:\/\/anoticiaonline.com.br\/site#listItem","position":1,"name":"Home","item":"https:\/\/anoticiaonline.com.br\/site","nextItem":{"@type":"ListItem","@id":"https:\/\/anoticiaonline.com.br\/site\/categoria\/colunistas\/#listItem","name":"Colunistas"}},{"@type":"ListItem","@id":"https:\/\/anoticiaonline.com.br\/site\/categoria\/colunistas\/#listItem","position":2,"name":"Colunistas","item":"https:\/\/anoticiaonline.com.br\/site\/categoria\/colunistas\/","nextItem":{"@type":"ListItem","@id":"https:\/\/anoticiaonline.com.br\/site\/categoria\/colunistas\/politica-e-atualidades-francisco-laviola\/#listItem","name":"Pol\u00edtica e Atualidades - Francisco Laviola"},"previousItem":{"@type":"ListItem","@id":"https:\/\/anoticiaonline.com.br\/site#listItem","name":"Home"}},{"@type":"ListItem","@id":"https:\/\/anoticiaonline.com.br\/site\/categoria\/colunistas\/politica-e-atualidades-francisco-laviola\/#listItem","position":3,"name":"Pol\u00edtica e Atualidades - Francisco Laviola","item":"https:\/\/anoticiaonline.com.br\/site\/categoria\/colunistas\/politica-e-atualidades-francisco-laviola\/","nextItem":{"@type":"ListItem","@id":"https:\/\/anoticiaonline.com.br\/site\/os-ditos-populares-e-a-historia-que-precisamos-contar\/#listItem","name":"Os ditos populares e a hist\u00f3ria que precisamos contar"},"previousItem":{"@type":"ListItem","@id":"https:\/\/anoticiaonline.com.br\/site\/categoria\/colunistas\/#listItem","name":"Colunistas"}},{"@type":"ListItem","@id":"https:\/\/anoticiaonline.com.br\/site\/os-ditos-populares-e-a-historia-que-precisamos-contar\/#listItem","position":4,"name":"Os ditos populares e a hist\u00f3ria que precisamos contar","previousItem":{"@type":"ListItem","@id":"https:\/\/anoticiaonline.com.br\/site\/categoria\/colunistas\/politica-e-atualidades-francisco-laviola\/#listItem","name":"Pol\u00edtica e Atualidades - Francisco Laviola"}}]},{"@type":"Organization","@id":"https:\/\/anoticiaonline.com.br\/site\/#organization","name":"A Not\u00edcia Online","description":"Noticias de Muria\u00e9 e regi\u00e3o","url":"https:\/\/anoticiaonline.com.br\/site\/","logo":{"@type":"ImageObject","url":"https:\/\/scontent-gig4-1.xx.fbcdn.net\/v\/t39.30808-1\/270437624_4564083193639691_6907940295614233970_n.jpg?stp=dst-jpg_s200x200_tt6&_nc_cat=111&ccb=1-7&_nc_sid=f907e8&_nc_ohc=SM1wRlP3lJwQ7kNvwEPuBYA&_nc_oc=AdnqrjDN_BNjSSHWO-GbkIWH6fkGMLw4bqvL_NH6e2wMveX7G-rP2dAqsDSq1mJMOaY&_nc_zt=24&_nc_ht=scontent-gig4-1.xx&_nc_gid=AoBFJeGrT1hVaew_6rchkQ&oh=00_AfX7QmFGhQhG2jAllVgXCiM1ZrWgvtp80-Bfppyexh1QEg&oe=689E923C","@id":"https:\/\/anoticiaonline.com.br\/site\/os-ditos-populares-e-a-historia-que-precisamos-contar\/#organizationLogo"},"image":{"@id":"https:\/\/anoticiaonline.com.br\/site\/os-ditos-populares-e-a-historia-que-precisamos-contar\/#organizationLogo"}},{"@type":"Person","@id":"https:\/\/anoticiaonline.com.br\/site\/author\/juliana\/#author","url":"https:\/\/anoticiaonline.com.br\/site\/author\/juliana\/","name":"Juliana Laviola","image":{"@type":"ImageObject","@id":"https:\/\/anoticiaonline.com.br\/site\/os-ditos-populares-e-a-historia-que-precisamos-contar\/#authorImage","url":"https:\/\/secure.gravatar.com\/avatar\/b8d45f5c699b100dfaf0e543582f38f38bf94cb7ae3a5e9abf8d891a34773335?s=96&d=mm&r=g","width":96,"height":96,"caption":"Juliana Laviola"}},{"@type":"WebPage","@id":"https:\/\/anoticiaonline.com.br\/site\/os-ditos-populares-e-a-historia-que-precisamos-contar\/#webpage","url":"https:\/\/anoticiaonline.com.br\/site\/os-ditos-populares-e-a-historia-que-precisamos-contar\/","name":"Os ditos populares e a hist\u00f3ria que precisamos contar - A Not\u00edcia Online","description":"H\u00e1 um ditado popular que diz que \u201ch\u00e1 males que v\u00eam para o bem\u201d. Confesso que n\u00e3o compactuo muito com esse pensamento, pois, se pens\u00e1ssemos dessa forma, estar\u00edamos atribuindo um valor consider\u00e1vel \u00e0s mazelas que ocorrem no nosso dia a dia. Embora o pessimismo seja um sentimento pr\u00f3prio de algumas pessoas que se acomodam com","inLanguage":"pt-BR","isPartOf":{"@id":"https:\/\/anoticiaonline.com.br\/site\/#website"},"breadcrumb":{"@id":"https:\/\/anoticiaonline.com.br\/site\/os-ditos-populares-e-a-historia-que-precisamos-contar\/#breadcrumblist"},"author":{"@id":"https:\/\/anoticiaonline.com.br\/site\/author\/juliana\/#author"},"creator":{"@id":"https:\/\/anoticiaonline.com.br\/site\/author\/juliana\/#author"},"datePublished":"2015-10-15T19:57:16-03:00","dateModified":"2015-10-15T19:57:16-03:00"},{"@type":"WebSite","@id":"https:\/\/anoticiaonline.com.br\/site\/#website","url":"https:\/\/anoticiaonline.com.br\/site\/","name":"A Not\u00edcia Online","description":"Noticias de Muria\u00e9 e regi\u00e3o","inLanguage":"pt-BR","publisher":{"@id":"https:\/\/anoticiaonline.com.br\/site\/#organization"}}]},"og:locale":"pt_BR","og:site_name":"A Not\u00edcia Online - Noticias de Muria\u00e9 e regi\u00e3o","og:type":"article","og:title":"Os ditos populares e a hist\u00f3ria que precisamos contar - A Not\u00edcia Online","og:description":"H\u00e1 um ditado popular que diz que \u201ch\u00e1 males que v\u00eam para o bem\u201d. Confesso que n\u00e3o compactuo muito com esse pensamento, pois, se pens\u00e1ssemos dessa forma, estar\u00edamos atribuindo um valor consider\u00e1vel \u00e0s mazelas que ocorrem no nosso dia a dia. Embora o pessimismo seja um sentimento pr\u00f3prio de algumas pessoas que se acomodam com","og:url":"https:\/\/anoticiaonline.com.br\/site\/os-ditos-populares-e-a-historia-que-precisamos-contar\/","og:image":"https:\/\/scontent-gig4-1.xx.fbcdn.net\/v\/t39.30808-1\/270437624_4564083193639691_6907940295614233970_n.jpg?stp=dst-jpg_s200x200_tt6&#038;_nc_cat=111&#038;ccb=1-7&#038;_nc_sid=f907e8&#038;_nc_ohc=SM1wRlP3lJwQ7kNvwEPuBYA&#038;_nc_oc=AdnqrjDN_BNjSSHWO-GbkIWH6fkGMLw4bqvL_NH6e2wMveX7G-rP2dAqsDSq1mJMOaY&#038;_nc_zt=24&#038;_nc_ht=scontent-gig4-1.xx&#038;_nc_gid=AoBFJeGrT1hVaew_6rchkQ&#038;oh=00_AfX7QmFGhQhG2jAllVgXCiM1ZrWgvtp80-Bfppyexh1QEg&#038;oe=689E923C","og:image:secure_url":"https:\/\/scontent-gig4-1.xx.fbcdn.net\/v\/t39.30808-1\/270437624_4564083193639691_6907940295614233970_n.jpg?stp=dst-jpg_s200x200_tt6&#038;_nc_cat=111&#038;ccb=1-7&#038;_nc_sid=f907e8&#038;_nc_ohc=SM1wRlP3lJwQ7kNvwEPuBYA&#038;_nc_oc=AdnqrjDN_BNjSSHWO-GbkIWH6fkGMLw4bqvL_NH6e2wMveX7G-rP2dAqsDSq1mJMOaY&#038;_nc_zt=24&#038;_nc_ht=scontent-gig4-1.xx&#038;_nc_gid=AoBFJeGrT1hVaew_6rchkQ&#038;oh=00_AfX7QmFGhQhG2jAllVgXCiM1ZrWgvtp80-Bfppyexh1QEg&#038;oe=689E923C","article:published_time":"2015-10-15T22:57:16+00:00","article:modified_time":"2015-10-15T22:57:16+00:00","twitter:card":"summary_large_image","twitter:title":"Os ditos populares e a hist\u00f3ria que precisamos contar - A Not\u00edcia Online","twitter:description":"H\u00e1 um ditado popular que diz que \u201ch\u00e1 males que v\u00eam para o bem\u201d. Confesso que n\u00e3o compactuo muito com esse pensamento, pois, se pens\u00e1ssemos dessa forma, estar\u00edamos atribuindo um valor consider\u00e1vel \u00e0s mazelas que ocorrem no nosso dia a dia. Embora o pessimismo seja um sentimento pr\u00f3prio de algumas pessoas que se acomodam com","twitter:image":"https:\/\/scontent-gig4-1.xx.fbcdn.net\/v\/t39.30808-1\/270437624_4564083193639691_6907940295614233970_n.jpg?stp=dst-jpg_s200x200_tt6&_nc_cat=111&ccb=1-7&_nc_sid=f907e8&_nc_ohc=SM1wRlP3lJwQ7kNvwEPuBYA&_nc_oc=AdnqrjDN_BNjSSHWO-GbkIWH6fkGMLw4bqvL_NH6e2wMveX7G-rP2dAqsDSq1mJMOaY&_nc_zt=24&_nc_ht=scontent-gig4-1.xx&_nc_gid=AoBFJeGrT1hVaew_6rchkQ&oh=00_AfX7QmFGhQhG2jAllVgXCiM1ZrWgvtp80-Bfppyexh1QEg&oe=689E923C"},"aioseo_meta_data":{"post_id":"4936","title":null,"description":null,"keywords":null,"keyphrases":null,"primary_term":null,"canonical_url":null,"og_title":null,"og_description":null,"og_object_type":"default","og_image_type":"default","og_image_url":null,"og_image_width":null,"og_image_height":null,"og_image_custom_url":null,"og_image_custom_fields":null,"og_video":null,"og_custom_url":null,"og_article_section":null,"og_article_tags":null,"twitter_use_og":false,"twitter_card":"default","twitter_image_type":"default","twitter_image_url":null,"twitter_image_custom_url":null,"twitter_image_custom_fields":null,"twitter_title":null,"twitter_description":null,"schema":{"blockGraphs":[],"customGraphs":[],"default":{"data":{"Article":[],"Course":[],"Dataset":[],"FAQPage":[],"Movie":[],"Person":[],"Product":[],"ProductReview":[],"Car":[],"Recipe":[],"Service":[],"SoftwareApplication":[],"WebPage":[]},"graphName":"","isEnabled":true},"graphs":[]},"schema_type":"default","schema_type_options":null,"pillar_content":false,"robots_default":true,"robots_noindex":false,"robots_noarchive":false,"robots_nosnippet":false,"robots_nofollow":false,"robots_noimageindex":false,"robots_noodp":false,"robots_notranslate":false,"robots_max_snippet":null,"robots_max_videopreview":null,"robots_max_imagepreview":"large","priority":null,"frequency":null,"local_seo":null,"breadcrumb_settings":null,"limit_modified_date":false,"ai":null,"created":"2025-08-16 13:35:52","updated":"2025-08-16 13:35:52","focus_keyword":null,"additional_keywords":null,"truseo_locale":null,"seo_analyzer_scan_date":null},"aioseo_breadcrumb":"<div class=\"aioseo-breadcrumbs\"><span class=\"aioseo-breadcrumb\">\n\t\t\t<a href=\"https:\/\/anoticiaonline.com.br\/site\" title=\"Home\">Home<\/a>\n\t\t<\/span><span class=\"aioseo-breadcrumb-separator\">&raquo;<\/span><span class=\"aioseo-breadcrumb\">\n\t\t\t<a href=\"https:\/\/anoticiaonline.com.br\/site\/categoria\/colunistas\/\" title=\"Colunistas\">Colunistas<\/a>\n\t\t<\/span><span class=\"aioseo-breadcrumb-separator\">&raquo;<\/span><span class=\"aioseo-breadcrumb\">\n\t\t\t<a href=\"https:\/\/anoticiaonline.com.br\/site\/categoria\/colunistas\/politica-e-atualidades-francisco-laviola\/\" title=\"Pol\u00edtica e Atualidades - Francisco Laviola\">Pol\u00edtica e Atualidades - Francisco Laviola<\/a>\n\t\t<\/span><span class=\"aioseo-breadcrumb-separator\">&raquo;<\/span><span class=\"aioseo-breadcrumb\">\n\t\t\tOs ditos populares e a hist\u00f3ria que precisamos contar\n\t\t<\/span><\/div>","aioseo_breadcrumb_json":[{"label":"Home","link":"https:\/\/anoticiaonline.com.br\/site"},{"label":"Colunistas","link":"https:\/\/anoticiaonline.com.br\/site\/categoria\/colunistas\/"},{"label":"Pol\u00edtica e Atualidades - Francisco Laviola","link":"https:\/\/anoticiaonline.com.br\/site\/categoria\/colunistas\/politica-e-atualidades-francisco-laviola\/"},{"label":"Os ditos populares e a hist\u00f3ria que precisamos contar","link":"https:\/\/anoticiaonline.com.br\/site\/os-ditos-populares-e-a-historia-que-precisamos-contar\/"}],"views":162,"_links":{"self":[{"href":"https:\/\/anoticiaonline.com.br\/site\/wp-json\/wp\/v2\/posts\/4936","targetHints":{"allow":["GET"]}}],"collection":[{"href":"https:\/\/anoticiaonline.com.br\/site\/wp-json\/wp\/v2\/posts"}],"about":[{"href":"https:\/\/anoticiaonline.com.br\/site\/wp-json\/wp\/v2\/types\/post"}],"author":[{"embeddable":true,"href":"https:\/\/anoticiaonline.com.br\/site\/wp-json\/wp\/v2\/users\/2"}],"replies":[{"embeddable":true,"href":"https:\/\/anoticiaonline.com.br\/site\/wp-json\/wp\/v2\/comments?post=4936"}],"version-history":[{"count":0,"href":"https:\/\/anoticiaonline.com.br\/site\/wp-json\/wp\/v2\/posts\/4936\/revisions"}],"wp:attachment":[{"href":"https:\/\/anoticiaonline.com.br\/site\/wp-json\/wp\/v2\/media?parent=4936"}],"wp:term":[{"taxonomy":"category","embeddable":true,"href":"https:\/\/anoticiaonline.com.br\/site\/wp-json\/wp\/v2\/categories?post=4936"},{"taxonomy":"post_tag","embeddable":true,"href":"https:\/\/anoticiaonline.com.br\/site\/wp-json\/wp\/v2\/tags?post=4936"}],"curies":[{"name":"wp","href":"https:\/\/api.w.org\/{rel}","templated":true}]}}