{"id":49340,"date":"2018-02-06T14:47:03","date_gmt":"2018-02-06T17:47:03","guid":{"rendered":"http:\/\/anoticiaonline.com.br\/site\/?p=49340"},"modified":"2018-02-06T14:47:19","modified_gmt":"2018-02-06T17:47:19","slug":"medicos-da-rede-publica-recebem-capacitacao-sobre-febre-amarela","status":"publish","type":"post","link":"https:\/\/anoticiaonline.com.br\/site\/medicos-da-rede-publica-recebem-capacitacao-sobre-febre-amarela\/","title":{"rendered":"M\u00e9dicos da rede p\u00fablica recebem capacita\u00e7\u00e3o sobre febre amarela"},"content":{"rendered":"<p>Est\u00e1 sendo promovido o \u201cManejo Cl\u00ednico de Febre Amarela\u201d para levar aos m\u00e9dicos da rede p\u00fablica mais informa\u00e7\u00f5es sobre as principais caracter\u00edsticas da doen\u00e7a que podem ser confundidas com outras epidemias. A primeira reuni\u00e3o aconteceu na quinta-feira (1), na Secretaria Municipal de Sa\u00fade, com palestra realizada pelo cl\u00ednico Mateus Sim\u00e3o. A iniciativa pretende tratar os pacientes com suspeita da doen\u00e7a de forma interdisciplinar, dando atendimento especializado para diagnosticar em tempo recorde a doen\u00e7a infecciosa que pode at\u00e9 ser fatal.<\/p>\n<p><a href=\"https:\/\/anoticiaonline.com.br\/site\/wp-content\/uploads\/2018\/02\/M\u00e9dicos-da-rede-p\u00fablica-recebem-capacita\u00e7\u00e3o-sobre-febre-amarela.jpg\"><img fetchpriority=\"high\" decoding=\"async\" class=\"alignnone size-full wp-image-49341\" src=\"https:\/\/anoticiaonline.com.br\/site\/wp-content\/uploads\/2018\/02\/M\u00e9dicos-da-rede-p\u00fablica-recebem-capacita\u00e7\u00e3o-sobre-febre-amarela.jpg\" alt=\"\" width=\"640\" height=\"427\" srcset=\"https:\/\/anoticiaonline.com.br\/site\/wp-content\/uploads\/2018\/02\/M\u00e9dicos-da-rede-p\u00fablica-recebem-capacita\u00e7\u00e3o-sobre-febre-amarela.jpg 640w, https:\/\/anoticiaonline.com.br\/site\/wp-content\/uploads\/2018\/02\/M\u00e9dicos-da-rede-p\u00fablica-recebem-capacita\u00e7\u00e3o-sobre-febre-amarela-300x200.jpg 300w\" sizes=\"(max-width: 640px) 100vw, 640px\" \/><\/a><\/p>\n<p>A capacita\u00e7\u00e3o enfatizou as dificuldades para a identifica\u00e7\u00e3o de pacientes com febre amarela, uma vez que os sintomas iniciais da doen\u00e7a s\u00e3o semelhantes aos de outras anomalias, como a dengue. O m\u00e9dico Mateus Sim\u00e3o tamb\u00e9m ressaltou o grande n\u00famero de casos que v\u00eam acontecendo em Minas Gerais e chamou aten\u00e7\u00e3o dos demais profissionais para procurar, de maneira precoce, a confirma\u00e7\u00e3o ou n\u00e3o da doen\u00e7a nos pacientes que chegam \u00e0s unidades de sa\u00fade, lembrando que a imuniza\u00e7\u00e3o ainda \u00e9 a melhor forma de prote\u00e7\u00e3o. Os principais sintomas s\u00e3o\u00a0febre,\u00a0calafrios,\u00a0perda de apetite,\u00a0n\u00e1useas,\u00a0dores de cabe\u00e7a\u00a0e dores musculares, principalmente nas costas.<\/p>\n<p>A febre amarela \u00e9 transmitida nas cidades pelo mosquito Aedes aegypti. Os seus sintomas parecem muito com os de outras doen\u00e7as, principalmente em est\u00e1gios iniciais. Para isso, a Ger\u00eancia Regional de Sa\u00fade de Ub\u00e1 est\u00e1 se unindo a cada uma das prefeituras para realizar treinamentos.<\/p>\n<p><strong>Confira abaixo a escala de vacina\u00e7\u00e3o nas unidades de sa\u00fade de Muria\u00e9:<\/strong><\/p>\n<p>Segunda-feira:\u00a0Planalto, Dornelas, Porto, Joan\u00f3polis e Gaspar<br \/>\nTer\u00e7a-feira:\u00a0PSF Safira, Barra I e Inconfid\u00eancia<br \/>\nQuarta-feira:\u00a0S\u00e3o Gotardo, Cl\u00f3vis de Aquino, S\u00e3o Francisco, Santa Terezinha, S\u00e3o Crist\u00f3v\u00e3o, Jos\u00e9 Cirilo, Cardoso de Melo, Santana, Barra II e Vermelho<br \/>\nQuinta-feira:\u00a0Centro, Marambaia, S\u00e3o Pedro, Itamuri, Belis\u00e1rio, Boa Fam\u00edlia, Policl\u00ednica Safira e Aeroporto<br \/>\nSexta-feira:\u00a0Santo Ant\u00f4nio, Bom Jesus da Cachoeira e Primavera.<\/p>\n<p>Cr\u00e9ditos: ASCOM PMM<\/p>\n","protected":false},"excerpt":{"rendered":"<p>Est\u00e1 sendo promovido o \u201cManejo Cl\u00ednico de Febre Amarela\u201d para levar aos m\u00e9dicos da rede p\u00fablica mais informa\u00e7\u00f5es sobre as principais caracter\u00edsticas da doen\u00e7a que podem ser confundidas com outras epidemias. A primeira reuni\u00e3o aconteceu na quinta-feira (1), na Secretaria Municipal de Sa\u00fade, com palestra realizada pelo cl\u00ednico Mateus Sim\u00e3o. A iniciativa pretende tratar os &#8230; <a title=\"M\u00e9dicos da rede p\u00fablica recebem capacita\u00e7\u00e3o sobre febre amarela\" class=\"read-more\" href=\"https:\/\/anoticiaonline.com.br\/site\/medicos-da-rede-publica-recebem-capacitacao-sobre-febre-amarela\/\" aria-label=\"Read more about M\u00e9dicos da rede p\u00fablica recebem capacita\u00e7\u00e3o sobre febre amarela\">Ler mais<\/a><\/p>\n","protected":false},"author":2,"featured_media":49341,"comment_status":"open","ping_status":"open","sticky":false,"template":"","format":"standard","meta":{"_acf_changed":false,"_monsterinsights_skip_tracking":false,"footnotes":""},"categories":[30],"tags":[1914,74,246,51],"class_list":["post-49340","post","type-post","status-publish","format-standard","has-post-thumbnail","hentry","category-muriae","tag-febre-amarela","tag-muriae","tag-prefeitura","tag-saude"],"acf":[],"aioseo_notices":[],"aioseo_head":"\n\t\t<!-- All in One SEO 5.0.0.1 - aioseo.com -->\n\t<meta name=\"description\" content=\"Est\u00e1 sendo promovido o \u201cManejo Cl\u00ednico de Febre Amarela\u201d para levar aos m\u00e9dicos da rede p\u00fablica mais informa\u00e7\u00f5es sobre as principais caracter\u00edsticas da doen\u00e7a que podem ser confundidas com outras epidemias. A primeira reuni\u00e3o aconteceu na quinta-feira (1), na Secretaria Municipal de Sa\u00fade, com palestra realizada pelo cl\u00ednico Mateus Sim\u00e3o. A iniciativa pretende tratar os\" \/>\n\t<meta name=\"robots\" content=\"max-image-preview:large\" \/>\n\t<meta name=\"author\" content=\"Juliana Laviola\"\/>\n\t<link rel=\"canonical\" href=\"https:\/\/anoticiaonline.com.br\/site\/medicos-da-rede-publica-recebem-capacitacao-sobre-febre-amarela\/\" \/>\n\t<meta name=\"generator\" content=\"All in One SEO (AIOSEO) 5.0.0.1\" \/>\n\t\t<meta property=\"og:locale\" content=\"pt_BR\" \/>\n\t\t<meta property=\"og:site_name\" content=\"A Not\u00edcia Online - Noticias de Muria\u00e9 e regi\u00e3o\" \/>\n\t\t<meta property=\"og:type\" content=\"article\" \/>\n\t\t<meta property=\"og:title\" content=\"M\u00e9dicos da rede p\u00fablica recebem capacita\u00e7\u00e3o sobre febre amarela - A Not\u00edcia Online\" \/>\n\t\t<meta property=\"og:description\" content=\"Est\u00e1 sendo promovido o \u201cManejo Cl\u00ednico de Febre Amarela\u201d para levar aos m\u00e9dicos da rede p\u00fablica mais informa\u00e7\u00f5es sobre as principais caracter\u00edsticas da doen\u00e7a que podem ser confundidas com outras epidemias. A primeira reuni\u00e3o aconteceu na quinta-feira (1), na Secretaria Municipal de Sa\u00fade, com palestra realizada pelo cl\u00ednico Mateus Sim\u00e3o. A iniciativa pretende tratar os\" \/>\n\t\t<meta property=\"og:url\" content=\"https:\/\/anoticiaonline.com.br\/site\/medicos-da-rede-publica-recebem-capacitacao-sobre-febre-amarela\/\" \/>\n\t\t<meta property=\"og:image\" content=\"https:\/\/scontent-gig4-1.xx.fbcdn.net\/v\/t39.30808-1\/270437624_4564083193639691_6907940295614233970_n.jpg?stp=dst-jpg_s200x200_tt6&#038;_nc_cat=111&#038;ccb=1-7&#038;_nc_sid=f907e8&#038;_nc_ohc=SM1wRlP3lJwQ7kNvwEPuBYA&#038;_nc_oc=AdnqrjDN_BNjSSHWO-GbkIWH6fkGMLw4bqvL_NH6e2wMveX7G-rP2dAqsDSq1mJMOaY&#038;_nc_zt=24&#038;_nc_ht=scontent-gig4-1.xx&#038;_nc_gid=AoBFJeGrT1hVaew_6rchkQ&#038;oh=00_AfX7QmFGhQhG2jAllVgXCiM1ZrWgvtp80-Bfppyexh1QEg&#038;oe=689E923C\" \/>\n\t\t<meta property=\"og:image:secure_url\" content=\"https:\/\/scontent-gig4-1.xx.fbcdn.net\/v\/t39.30808-1\/270437624_4564083193639691_6907940295614233970_n.jpg?stp=dst-jpg_s200x200_tt6&#038;_nc_cat=111&#038;ccb=1-7&#038;_nc_sid=f907e8&#038;_nc_ohc=SM1wRlP3lJwQ7kNvwEPuBYA&#038;_nc_oc=AdnqrjDN_BNjSSHWO-GbkIWH6fkGMLw4bqvL_NH6e2wMveX7G-rP2dAqsDSq1mJMOaY&#038;_nc_zt=24&#038;_nc_ht=scontent-gig4-1.xx&#038;_nc_gid=AoBFJeGrT1hVaew_6rchkQ&#038;oh=00_AfX7QmFGhQhG2jAllVgXCiM1ZrWgvtp80-Bfppyexh1QEg&#038;oe=689E923C\" \/>\n\t\t<meta property=\"article:published_time\" content=\"2018-02-06T17:47:03+00:00\" \/>\n\t\t<meta property=\"article:modified_time\" content=\"2018-02-06T17:47:19+00:00\" \/>\n\t\t<meta name=\"twitter:card\" content=\"summary_large_image\" \/>\n\t\t<meta name=\"twitter:title\" content=\"M\u00e9dicos da rede p\u00fablica recebem capacita\u00e7\u00e3o sobre febre amarela - A Not\u00edcia Online\" \/>\n\t\t<meta name=\"twitter:description\" content=\"Est\u00e1 sendo promovido o \u201cManejo Cl\u00ednico de Febre Amarela\u201d para levar aos m\u00e9dicos da rede p\u00fablica mais informa\u00e7\u00f5es sobre as principais caracter\u00edsticas da doen\u00e7a que podem ser confundidas com outras epidemias. A primeira reuni\u00e3o aconteceu na quinta-feira (1), na Secretaria Municipal de Sa\u00fade, com palestra realizada pelo cl\u00ednico Mateus Sim\u00e3o. A iniciativa pretende tratar os\" \/>\n\t\t<meta name=\"twitter:image\" content=\"https:\/\/scontent-gig4-1.xx.fbcdn.net\/v\/t39.30808-1\/270437624_4564083193639691_6907940295614233970_n.jpg?stp=dst-jpg_s200x200_tt6&amp;_nc_cat=111&amp;ccb=1-7&amp;_nc_sid=f907e8&amp;_nc_ohc=SM1wRlP3lJwQ7kNvwEPuBYA&amp;_nc_oc=AdnqrjDN_BNjSSHWO-GbkIWH6fkGMLw4bqvL_NH6e2wMveX7G-rP2dAqsDSq1mJMOaY&amp;_nc_zt=24&amp;_nc_ht=scontent-gig4-1.xx&amp;_nc_gid=AoBFJeGrT1hVaew_6rchkQ&amp;oh=00_AfX7QmFGhQhG2jAllVgXCiM1ZrWgvtp80-Bfppyexh1QEg&amp;oe=689E923C\" \/>\n\t\t<script type=\"application\/ld+json\" class=\"aioseo-schema\">\n\t\t\t{\"@context\":\"https:\\\/\\\/schema.org\",\"@graph\":[{\"@type\":\"BlogPosting\",\"@id\":\"https:\\\/\\\/anoticiaonline.com.br\\\/site\\\/medicos-da-rede-publica-recebem-capacitacao-sobre-febre-amarela\\\/#blogposting\",\"name\":\"M\\u00e9dicos da rede p\\u00fablica recebem capacita\\u00e7\\u00e3o sobre febre amarela - A Not\\u00edcia Online\",\"headline\":\"M\\u00e9dicos da rede p\\u00fablica recebem capacita\\u00e7\\u00e3o sobre febre amarela\",\"author\":{\"@id\":\"https:\\\/\\\/anoticiaonline.com.br\\\/site\\\/author\\\/juliana\\\/#author\"},\"publisher\":{\"@id\":\"https:\\\/\\\/anoticiaonline.com.br\\\/site\\\/#organization\"},\"image\":{\"@type\":\"ImageObject\",\"url\":\"https:\\\/\\\/anoticiaonline.com.br\\\/site\\\/wp-content\\\/uploads\\\/2018\\\/02\\\/M\\u00e9dicos-da-rede-p\\u00fablica-recebem-capacita\\u00e7\\u00e3o-sobre-febre-amarela.jpg\",\"width\":640,\"height\":427},\"datePublished\":\"2018-02-06T14:47:03-03:00\",\"dateModified\":\"2018-02-06T14:47:19-03:00\",\"inLanguage\":\"pt-BR\",\"mainEntityOfPage\":{\"@id\":\"https:\\\/\\\/anoticiaonline.com.br\\\/site\\\/medicos-da-rede-publica-recebem-capacitacao-sobre-febre-amarela\\\/#webpage\"},\"isPartOf\":{\"@id\":\"https:\\\/\\\/anoticiaonline.com.br\\\/site\\\/medicos-da-rede-publica-recebem-capacitacao-sobre-febre-amarela\\\/#webpage\"},\"articleSection\":\"Blog, febre amarela, Muria\\u00e9, prefeitura, sa\\u00fade\"},{\"@type\":\"BreadcrumbList\",\"@id\":\"https:\\\/\\\/anoticiaonline.com.br\\\/site\\\/medicos-da-rede-publica-recebem-capacitacao-sobre-febre-amarela\\\/#breadcrumblist\",\"itemListElement\":[{\"@type\":\"ListItem\",\"@id\":\"https:\\\/\\\/anoticiaonline.com.br\\\/site#listItem\",\"position\":1,\"name\":\"Home\",\"item\":\"https:\\\/\\\/anoticiaonline.com.br\\\/site\",\"nextItem\":{\"@type\":\"ListItem\",\"@id\":\"https:\\\/\\\/anoticiaonline.com.br\\\/site\\\/categoria\\\/muriae\\\/#listItem\",\"name\":\"Blog\"}},{\"@type\":\"ListItem\",\"@id\":\"https:\\\/\\\/anoticiaonline.com.br\\\/site\\\/categoria\\\/muriae\\\/#listItem\",\"position\":2,\"name\":\"Blog\",\"item\":\"https:\\\/\\\/anoticiaonline.com.br\\\/site\\\/categoria\\\/muriae\\\/\",\"nextItem\":{\"@type\":\"ListItem\",\"@id\":\"https:\\\/\\\/anoticiaonline.com.br\\\/site\\\/medicos-da-rede-publica-recebem-capacitacao-sobre-febre-amarela\\\/#listItem\",\"name\":\"M\\u00e9dicos da rede p\\u00fablica recebem capacita\\u00e7\\u00e3o sobre febre amarela\"},\"previousItem\":{\"@type\":\"ListItem\",\"@id\":\"https:\\\/\\\/anoticiaonline.com.br\\\/site#listItem\",\"name\":\"Home\"}},{\"@type\":\"ListItem\",\"@id\":\"https:\\\/\\\/anoticiaonline.com.br\\\/site\\\/medicos-da-rede-publica-recebem-capacitacao-sobre-febre-amarela\\\/#listItem\",\"position\":3,\"name\":\"M\\u00e9dicos da rede p\\u00fablica recebem capacita\\u00e7\\u00e3o sobre febre amarela\",\"previousItem\":{\"@type\":\"ListItem\",\"@id\":\"https:\\\/\\\/anoticiaonline.com.br\\\/site\\\/categoria\\\/muriae\\\/#listItem\",\"name\":\"Blog\"}}]},{\"@type\":\"Organization\",\"@id\":\"https:\\\/\\\/anoticiaonline.com.br\\\/site\\\/#organization\",\"name\":\"A Not\\u00edcia Online\",\"description\":\"Noticias de Muria\\u00e9 e regi\\u00e3o\",\"url\":\"https:\\\/\\\/anoticiaonline.com.br\\\/site\\\/\",\"logo\":{\"@type\":\"ImageObject\",\"url\":\"https:\\\/\\\/scontent-gig4-1.xx.fbcdn.net\\\/v\\\/t39.30808-1\\\/270437624_4564083193639691_6907940295614233970_n.jpg?stp=dst-jpg_s200x200_tt6&_nc_cat=111&ccb=1-7&_nc_sid=f907e8&_nc_ohc=SM1wRlP3lJwQ7kNvwEPuBYA&_nc_oc=AdnqrjDN_BNjSSHWO-GbkIWH6fkGMLw4bqvL_NH6e2wMveX7G-rP2dAqsDSq1mJMOaY&_nc_zt=24&_nc_ht=scontent-gig4-1.xx&_nc_gid=AoBFJeGrT1hVaew_6rchkQ&oh=00_AfX7QmFGhQhG2jAllVgXCiM1ZrWgvtp80-Bfppyexh1QEg&oe=689E923C\",\"@id\":\"https:\\\/\\\/anoticiaonline.com.br\\\/site\\\/medicos-da-rede-publica-recebem-capacitacao-sobre-febre-amarela\\\/#organizationLogo\"},\"image\":{\"@id\":\"https:\\\/\\\/anoticiaonline.com.br\\\/site\\\/medicos-da-rede-publica-recebem-capacitacao-sobre-febre-amarela\\\/#organizationLogo\"}},{\"@type\":\"Person\",\"@id\":\"https:\\\/\\\/anoticiaonline.com.br\\\/site\\\/author\\\/juliana\\\/#author\",\"url\":\"https:\\\/\\\/anoticiaonline.com.br\\\/site\\\/author\\\/juliana\\\/\",\"name\":\"Juliana Laviola\",\"image\":{\"@type\":\"ImageObject\",\"@id\":\"https:\\\/\\\/anoticiaonline.com.br\\\/site\\\/medicos-da-rede-publica-recebem-capacitacao-sobre-febre-amarela\\\/#authorImage\",\"url\":\"https:\\\/\\\/secure.gravatar.com\\\/avatar\\\/b8d45f5c699b100dfaf0e543582f38f38bf94cb7ae3a5e9abf8d891a34773335?s=96&d=mm&r=g\",\"width\":96,\"height\":96,\"caption\":\"Juliana Laviola\"}},{\"@type\":\"WebPage\",\"@id\":\"https:\\\/\\\/anoticiaonline.com.br\\\/site\\\/medicos-da-rede-publica-recebem-capacitacao-sobre-febre-amarela\\\/#webpage\",\"url\":\"https:\\\/\\\/anoticiaonline.com.br\\\/site\\\/medicos-da-rede-publica-recebem-capacitacao-sobre-febre-amarela\\\/\",\"name\":\"M\\u00e9dicos da rede p\\u00fablica recebem capacita\\u00e7\\u00e3o sobre febre amarela - A Not\\u00edcia Online\",\"description\":\"Est\\u00e1 sendo promovido o \\u201cManejo Cl\\u00ednico de Febre Amarela\\u201d para levar aos m\\u00e9dicos da rede p\\u00fablica mais informa\\u00e7\\u00f5es sobre as principais caracter\\u00edsticas da doen\\u00e7a que podem ser confundidas com outras epidemias. A primeira reuni\\u00e3o aconteceu na quinta-feira (1), na Secretaria Municipal de Sa\\u00fade, com palestra realizada pelo cl\\u00ednico Mateus Sim\\u00e3o. A iniciativa pretende tratar os\",\"inLanguage\":\"pt-BR\",\"isPartOf\":{\"@id\":\"https:\\\/\\\/anoticiaonline.com.br\\\/site\\\/#website\"},\"breadcrumb\":{\"@id\":\"https:\\\/\\\/anoticiaonline.com.br\\\/site\\\/medicos-da-rede-publica-recebem-capacitacao-sobre-febre-amarela\\\/#breadcrumblist\"},\"author\":{\"@id\":\"https:\\\/\\\/anoticiaonline.com.br\\\/site\\\/author\\\/juliana\\\/#author\"},\"creator\":{\"@id\":\"https:\\\/\\\/anoticiaonline.com.br\\\/site\\\/author\\\/juliana\\\/#author\"},\"image\":{\"@type\":\"ImageObject\",\"url\":\"https:\\\/\\\/anoticiaonline.com.br\\\/site\\\/wp-content\\\/uploads\\\/2018\\\/02\\\/M\\u00e9dicos-da-rede-p\\u00fablica-recebem-capacita\\u00e7\\u00e3o-sobre-febre-amarela.jpg\",\"@id\":\"https:\\\/\\\/anoticiaonline.com.br\\\/site\\\/medicos-da-rede-publica-recebem-capacitacao-sobre-febre-amarela\\\/#mainImage\",\"width\":640,\"height\":427},\"primaryImageOfPage\":{\"@id\":\"https:\\\/\\\/anoticiaonline.com.br\\\/site\\\/medicos-da-rede-publica-recebem-capacitacao-sobre-febre-amarela\\\/#mainImage\"},\"datePublished\":\"2018-02-06T14:47:03-03:00\",\"dateModified\":\"2018-02-06T14:47:19-03:00\"},{\"@type\":\"WebSite\",\"@id\":\"https:\\\/\\\/anoticiaonline.com.br\\\/site\\\/#website\",\"url\":\"https:\\\/\\\/anoticiaonline.com.br\\\/site\\\/\",\"name\":\"A Not\\u00edcia Online\",\"description\":\"Noticias de Muria\\u00e9 e regi\\u00e3o\",\"inLanguage\":\"pt-BR\",\"publisher\":{\"@id\":\"https:\\\/\\\/anoticiaonline.com.br\\\/site\\\/#organization\"}}]}\n\t\t<\/script>\n\t\t<!-- All in One SEO -->\n\n","aioseo_head_json":{"title":"M\u00e9dicos da rede p\u00fablica recebem capacita\u00e7\u00e3o sobre febre amarela - A Not\u00edcia Online","description":"Est\u00e1 sendo promovido o \u201cManejo Cl\u00ednico de Febre Amarela\u201d para levar aos m\u00e9dicos da rede p\u00fablica mais informa\u00e7\u00f5es sobre as principais caracter\u00edsticas da doen\u00e7a que podem ser confundidas com outras epidemias. A primeira reuni\u00e3o aconteceu na quinta-feira (1), na Secretaria Municipal de Sa\u00fade, com palestra realizada pelo cl\u00ednico Mateus Sim\u00e3o. A iniciativa pretende tratar os","canonical_url":"https:\/\/anoticiaonline.com.br\/site\/medicos-da-rede-publica-recebem-capacitacao-sobre-febre-amarela\/","robots":"max-image-preview:large","keywords":"","webmasterTools":{"miscellaneous":""},"schema":{"@context":"https:\/\/schema.org","@graph":[{"@type":"BlogPosting","@id":"https:\/\/anoticiaonline.com.br\/site\/medicos-da-rede-publica-recebem-capacitacao-sobre-febre-amarela\/#blogposting","name":"M\u00e9dicos da rede p\u00fablica recebem capacita\u00e7\u00e3o sobre febre amarela - A Not\u00edcia Online","headline":"M\u00e9dicos da rede p\u00fablica recebem capacita\u00e7\u00e3o sobre febre amarela","author":{"@id":"https:\/\/anoticiaonline.com.br\/site\/author\/juliana\/#author"},"publisher":{"@id":"https:\/\/anoticiaonline.com.br\/site\/#organization"},"image":{"@type":"ImageObject","url":"https:\/\/anoticiaonline.com.br\/site\/wp-content\/uploads\/2018\/02\/M\u00e9dicos-da-rede-p\u00fablica-recebem-capacita\u00e7\u00e3o-sobre-febre-amarela.jpg","width":640,"height":427},"datePublished":"2018-02-06T14:47:03-03:00","dateModified":"2018-02-06T14:47:19-03:00","inLanguage":"pt-BR","mainEntityOfPage":{"@id":"https:\/\/anoticiaonline.com.br\/site\/medicos-da-rede-publica-recebem-capacitacao-sobre-febre-amarela\/#webpage"},"isPartOf":{"@id":"https:\/\/anoticiaonline.com.br\/site\/medicos-da-rede-publica-recebem-capacitacao-sobre-febre-amarela\/#webpage"},"articleSection":"Blog, febre amarela, Muria\u00e9, prefeitura, sa\u00fade"},{"@type":"BreadcrumbList","@id":"https:\/\/anoticiaonline.com.br\/site\/medicos-da-rede-publica-recebem-capacitacao-sobre-febre-amarela\/#breadcrumblist","itemListElement":[{"@type":"ListItem","@id":"https:\/\/anoticiaonline.com.br\/site#listItem","position":1,"name":"Home","item":"https:\/\/anoticiaonline.com.br\/site","nextItem":{"@type":"ListItem","@id":"https:\/\/anoticiaonline.com.br\/site\/categoria\/muriae\/#listItem","name":"Blog"}},{"@type":"ListItem","@id":"https:\/\/anoticiaonline.com.br\/site\/categoria\/muriae\/#listItem","position":2,"name":"Blog","item":"https:\/\/anoticiaonline.com.br\/site\/categoria\/muriae\/","nextItem":{"@type":"ListItem","@id":"https:\/\/anoticiaonline.com.br\/site\/medicos-da-rede-publica-recebem-capacitacao-sobre-febre-amarela\/#listItem","name":"M\u00e9dicos da rede p\u00fablica recebem capacita\u00e7\u00e3o sobre febre amarela"},"previousItem":{"@type":"ListItem","@id":"https:\/\/anoticiaonline.com.br\/site#listItem","name":"Home"}},{"@type":"ListItem","@id":"https:\/\/anoticiaonline.com.br\/site\/medicos-da-rede-publica-recebem-capacitacao-sobre-febre-amarela\/#listItem","position":3,"name":"M\u00e9dicos da rede p\u00fablica recebem capacita\u00e7\u00e3o sobre febre amarela","previousItem":{"@type":"ListItem","@id":"https:\/\/anoticiaonline.com.br\/site\/categoria\/muriae\/#listItem","name":"Blog"}}]},{"@type":"Organization","@id":"https:\/\/anoticiaonline.com.br\/site\/#organization","name":"A Not\u00edcia Online","description":"Noticias de Muria\u00e9 e regi\u00e3o","url":"https:\/\/anoticiaonline.com.br\/site\/","logo":{"@type":"ImageObject","url":"https:\/\/scontent-gig4-1.xx.fbcdn.net\/v\/t39.30808-1\/270437624_4564083193639691_6907940295614233970_n.jpg?stp=dst-jpg_s200x200_tt6&_nc_cat=111&ccb=1-7&_nc_sid=f907e8&_nc_ohc=SM1wRlP3lJwQ7kNvwEPuBYA&_nc_oc=AdnqrjDN_BNjSSHWO-GbkIWH6fkGMLw4bqvL_NH6e2wMveX7G-rP2dAqsDSq1mJMOaY&_nc_zt=24&_nc_ht=scontent-gig4-1.xx&_nc_gid=AoBFJeGrT1hVaew_6rchkQ&oh=00_AfX7QmFGhQhG2jAllVgXCiM1ZrWgvtp80-Bfppyexh1QEg&oe=689E923C","@id":"https:\/\/anoticiaonline.com.br\/site\/medicos-da-rede-publica-recebem-capacitacao-sobre-febre-amarela\/#organizationLogo"},"image":{"@id":"https:\/\/anoticiaonline.com.br\/site\/medicos-da-rede-publica-recebem-capacitacao-sobre-febre-amarela\/#organizationLogo"}},{"@type":"Person","@id":"https:\/\/anoticiaonline.com.br\/site\/author\/juliana\/#author","url":"https:\/\/anoticiaonline.com.br\/site\/author\/juliana\/","name":"Juliana Laviola","image":{"@type":"ImageObject","@id":"https:\/\/anoticiaonline.com.br\/site\/medicos-da-rede-publica-recebem-capacitacao-sobre-febre-amarela\/#authorImage","url":"https:\/\/secure.gravatar.com\/avatar\/b8d45f5c699b100dfaf0e543582f38f38bf94cb7ae3a5e9abf8d891a34773335?s=96&d=mm&r=g","width":96,"height":96,"caption":"Juliana Laviola"}},{"@type":"WebPage","@id":"https:\/\/anoticiaonline.com.br\/site\/medicos-da-rede-publica-recebem-capacitacao-sobre-febre-amarela\/#webpage","url":"https:\/\/anoticiaonline.com.br\/site\/medicos-da-rede-publica-recebem-capacitacao-sobre-febre-amarela\/","name":"M\u00e9dicos da rede p\u00fablica recebem capacita\u00e7\u00e3o sobre febre amarela - A Not\u00edcia Online","description":"Est\u00e1 sendo promovido o \u201cManejo Cl\u00ednico de Febre Amarela\u201d para levar aos m\u00e9dicos da rede p\u00fablica mais informa\u00e7\u00f5es sobre as principais caracter\u00edsticas da doen\u00e7a que podem ser confundidas com outras epidemias. A primeira reuni\u00e3o aconteceu na quinta-feira (1), na Secretaria Municipal de Sa\u00fade, com palestra realizada pelo cl\u00ednico Mateus Sim\u00e3o. A iniciativa pretende tratar os","inLanguage":"pt-BR","isPartOf":{"@id":"https:\/\/anoticiaonline.com.br\/site\/#website"},"breadcrumb":{"@id":"https:\/\/anoticiaonline.com.br\/site\/medicos-da-rede-publica-recebem-capacitacao-sobre-febre-amarela\/#breadcrumblist"},"author":{"@id":"https:\/\/anoticiaonline.com.br\/site\/author\/juliana\/#author"},"creator":{"@id":"https:\/\/anoticiaonline.com.br\/site\/author\/juliana\/#author"},"image":{"@type":"ImageObject","url":"https:\/\/anoticiaonline.com.br\/site\/wp-content\/uploads\/2018\/02\/M\u00e9dicos-da-rede-p\u00fablica-recebem-capacita\u00e7\u00e3o-sobre-febre-amarela.jpg","@id":"https:\/\/anoticiaonline.com.br\/site\/medicos-da-rede-publica-recebem-capacitacao-sobre-febre-amarela\/#mainImage","width":640,"height":427},"primaryImageOfPage":{"@id":"https:\/\/anoticiaonline.com.br\/site\/medicos-da-rede-publica-recebem-capacitacao-sobre-febre-amarela\/#mainImage"},"datePublished":"2018-02-06T14:47:03-03:00","dateModified":"2018-02-06T14:47:19-03:00"},{"@type":"WebSite","@id":"https:\/\/anoticiaonline.com.br\/site\/#website","url":"https:\/\/anoticiaonline.com.br\/site\/","name":"A Not\u00edcia Online","description":"Noticias de Muria\u00e9 e regi\u00e3o","inLanguage":"pt-BR","publisher":{"@id":"https:\/\/anoticiaonline.com.br\/site\/#organization"}}]},"og:locale":"pt_BR","og:site_name":"A Not\u00edcia Online - Noticias de Muria\u00e9 e regi\u00e3o","og:type":"article","og:title":"M\u00e9dicos da rede p\u00fablica recebem capacita\u00e7\u00e3o sobre febre amarela - A Not\u00edcia Online","og:description":"Est\u00e1 sendo promovido o \u201cManejo Cl\u00ednico de Febre Amarela\u201d para levar aos m\u00e9dicos da rede p\u00fablica mais informa\u00e7\u00f5es sobre as principais caracter\u00edsticas da doen\u00e7a que podem ser confundidas com outras epidemias. A primeira reuni\u00e3o aconteceu na quinta-feira (1), na Secretaria Municipal de Sa\u00fade, com palestra realizada pelo cl\u00ednico Mateus Sim\u00e3o. A iniciativa pretende tratar os","og:url":"https:\/\/anoticiaonline.com.br\/site\/medicos-da-rede-publica-recebem-capacitacao-sobre-febre-amarela\/","og:image":"https:\/\/scontent-gig4-1.xx.fbcdn.net\/v\/t39.30808-1\/270437624_4564083193639691_6907940295614233970_n.jpg?stp=dst-jpg_s200x200_tt6&#038;_nc_cat=111&#038;ccb=1-7&#038;_nc_sid=f907e8&#038;_nc_ohc=SM1wRlP3lJwQ7kNvwEPuBYA&#038;_nc_oc=AdnqrjDN_BNjSSHWO-GbkIWH6fkGMLw4bqvL_NH6e2wMveX7G-rP2dAqsDSq1mJMOaY&#038;_nc_zt=24&#038;_nc_ht=scontent-gig4-1.xx&#038;_nc_gid=AoBFJeGrT1hVaew_6rchkQ&#038;oh=00_AfX7QmFGhQhG2jAllVgXCiM1ZrWgvtp80-Bfppyexh1QEg&#038;oe=689E923C","og:image:secure_url":"https:\/\/scontent-gig4-1.xx.fbcdn.net\/v\/t39.30808-1\/270437624_4564083193639691_6907940295614233970_n.jpg?stp=dst-jpg_s200x200_tt6&#038;_nc_cat=111&#038;ccb=1-7&#038;_nc_sid=f907e8&#038;_nc_ohc=SM1wRlP3lJwQ7kNvwEPuBYA&#038;_nc_oc=AdnqrjDN_BNjSSHWO-GbkIWH6fkGMLw4bqvL_NH6e2wMveX7G-rP2dAqsDSq1mJMOaY&#038;_nc_zt=24&#038;_nc_ht=scontent-gig4-1.xx&#038;_nc_gid=AoBFJeGrT1hVaew_6rchkQ&#038;oh=00_AfX7QmFGhQhG2jAllVgXCiM1ZrWgvtp80-Bfppyexh1QEg&#038;oe=689E923C","article:published_time":"2018-02-06T17:47:03+00:00","article:modified_time":"2018-02-06T17:47:19+00:00","twitter:card":"summary_large_image","twitter:title":"M\u00e9dicos da rede p\u00fablica recebem capacita\u00e7\u00e3o sobre febre amarela - A Not\u00edcia Online","twitter:description":"Est\u00e1 sendo promovido o \u201cManejo Cl\u00ednico de Febre Amarela\u201d para levar aos m\u00e9dicos da rede p\u00fablica mais informa\u00e7\u00f5es sobre as principais caracter\u00edsticas da doen\u00e7a que podem ser confundidas com outras epidemias. A primeira reuni\u00e3o aconteceu na quinta-feira (1), na Secretaria Municipal de Sa\u00fade, com palestra realizada pelo cl\u00ednico Mateus Sim\u00e3o. A iniciativa pretende tratar os","twitter:image":"https:\/\/scontent-gig4-1.xx.fbcdn.net\/v\/t39.30808-1\/270437624_4564083193639691_6907940295614233970_n.jpg?stp=dst-jpg_s200x200_tt6&_nc_cat=111&ccb=1-7&_nc_sid=f907e8&_nc_ohc=SM1wRlP3lJwQ7kNvwEPuBYA&_nc_oc=AdnqrjDN_BNjSSHWO-GbkIWH6fkGMLw4bqvL_NH6e2wMveX7G-rP2dAqsDSq1mJMOaY&_nc_zt=24&_nc_ht=scontent-gig4-1.xx&_nc_gid=AoBFJeGrT1hVaew_6rchkQ&oh=00_AfX7QmFGhQhG2jAllVgXCiM1ZrWgvtp80-Bfppyexh1QEg&oe=689E923C"},"aioseo_meta_data":{"post_id":"49340","title":null,"description":null,"keywords":null,"keyphrases":null,"primary_term":null,"canonical_url":null,"og_title":null,"og_description":null,"og_object_type":"default","og_image_type":"default","og_image_url":null,"og_image_width":null,"og_image_height":null,"og_image_custom_url":null,"og_image_custom_fields":null,"og_video":null,"og_custom_url":null,"og_article_section":null,"og_article_tags":null,"twitter_use_og":false,"twitter_card":"default","twitter_image_type":"default","twitter_image_url":null,"twitter_image_custom_url":null,"twitter_image_custom_fields":null,"twitter_title":null,"twitter_description":null,"schema":{"blockGraphs":[],"customGraphs":[],"default":{"data":{"Article":[],"Course":[],"Dataset":[],"FAQPage":[],"Movie":[],"Person":[],"Product":[],"ProductReview":[],"Car":[],"Recipe":[],"Service":[],"SoftwareApplication":[],"WebPage":[]},"graphName":"","isEnabled":true},"graphs":[]},"schema_type":"default","schema_type_options":null,"pillar_content":false,"robots_default":true,"robots_noindex":false,"robots_noarchive":false,"robots_nosnippet":false,"robots_nofollow":false,"robots_noimageindex":false,"robots_noodp":false,"robots_notranslate":false,"robots_max_snippet":null,"robots_max_videopreview":null,"robots_max_imagepreview":"large","priority":null,"frequency":null,"local_seo":null,"breadcrumb_settings":null,"limit_modified_date":false,"ai":null,"created":"2025-08-16 20:14:27","updated":"2025-08-16 20:14:27","focus_keyword":null,"additional_keywords":null,"truseo_locale":null,"seo_analyzer_scan_date":null},"aioseo_breadcrumb":"<div class=\"aioseo-breadcrumbs\"><span class=\"aioseo-breadcrumb\">\n\t\t\t<a href=\"https:\/\/anoticiaonline.com.br\/site\" title=\"Home\">Home<\/a>\n\t\t<\/span><span class=\"aioseo-breadcrumb-separator\">&raquo;<\/span><span class=\"aioseo-breadcrumb\">\n\t\t\t<a href=\"https:\/\/anoticiaonline.com.br\/site\/categoria\/muriae\/\" title=\"Blog\">Blog<\/a>\n\t\t<\/span><span class=\"aioseo-breadcrumb-separator\">&raquo;<\/span><span class=\"aioseo-breadcrumb\">\n\t\t\tM\u00e9dicos da rede p\u00fablica recebem capacita\u00e7\u00e3o sobre febre amarela\n\t\t<\/span><\/div>","aioseo_breadcrumb_json":[{"label":"Home","link":"https:\/\/anoticiaonline.com.br\/site"},{"label":"Blog","link":"https:\/\/anoticiaonline.com.br\/site\/categoria\/muriae\/"},{"label":"M\u00e9dicos da rede p\u00fablica recebem capacita\u00e7\u00e3o sobre febre amarela","link":"https:\/\/anoticiaonline.com.br\/site\/medicos-da-rede-publica-recebem-capacitacao-sobre-febre-amarela\/"}],"views":162,"_links":{"self":[{"href":"https:\/\/anoticiaonline.com.br\/site\/wp-json\/wp\/v2\/posts\/49340","targetHints":{"allow":["GET"]}}],"collection":[{"href":"https:\/\/anoticiaonline.com.br\/site\/wp-json\/wp\/v2\/posts"}],"about":[{"href":"https:\/\/anoticiaonline.com.br\/site\/wp-json\/wp\/v2\/types\/post"}],"author":[{"embeddable":true,"href":"https:\/\/anoticiaonline.com.br\/site\/wp-json\/wp\/v2\/users\/2"}],"replies":[{"embeddable":true,"href":"https:\/\/anoticiaonline.com.br\/site\/wp-json\/wp\/v2\/comments?post=49340"}],"version-history":[{"count":0,"href":"https:\/\/anoticiaonline.com.br\/site\/wp-json\/wp\/v2\/posts\/49340\/revisions"}],"wp:featuredmedia":[{"embeddable":true,"href":"https:\/\/anoticiaonline.com.br\/site\/wp-json\/wp\/v2\/media\/49341"}],"wp:attachment":[{"href":"https:\/\/anoticiaonline.com.br\/site\/wp-json\/wp\/v2\/media?parent=49340"}],"wp:term":[{"taxonomy":"category","embeddable":true,"href":"https:\/\/anoticiaonline.com.br\/site\/wp-json\/wp\/v2\/categories?post=49340"},{"taxonomy":"post_tag","embeddable":true,"href":"https:\/\/anoticiaonline.com.br\/site\/wp-json\/wp\/v2\/tags?post=49340"}],"curies":[{"name":"wp","href":"https:\/\/api.w.org\/{rel}","templated":true}]}}