{"id":49221,"date":"2018-02-02T10:12:55","date_gmt":"2018-02-02T13:12:55","guid":{"rendered":"http:\/\/anoticiaonline.com.br\/site\/?p=49221"},"modified":"2018-02-02T14:53:57","modified_gmt":"2018-02-02T17:53:57","slug":"sicoob-credisudeste-divulga-a-1a-feagro-durante-acao-na-praca-joao-pinheiro","status":"publish","type":"post","link":"https:\/\/anoticiaonline.com.br\/site\/sicoob-credisudeste-divulga-a-1a-feagro-durante-acao-na-praca-joao-pinheiro\/","title":{"rendered":"Sicoob Credisudeste divulga a 1\u00aa FEAGRO durante a\u00e7\u00e3o na Pra\u00e7a Jo\u00e3o Pinheiro"},"content":{"rendered":"<p><a href=\"https:\/\/anoticiaonline.com.br\/site\/wp-content\/uploads\/2018\/02\/DSC_0421.jpg\"><img fetchpriority=\"high\" decoding=\"async\" class=\"alignnone size-full wp-image-49222\" src=\"https:\/\/anoticiaonline.com.br\/site\/wp-content\/uploads\/2018\/02\/DSC_0421.jpg\" alt=\"\" width=\"640\" height=\"427\" srcset=\"https:\/\/anoticiaonline.com.br\/site\/wp-content\/uploads\/2018\/02\/DSC_0421.jpg 640w, https:\/\/anoticiaonline.com.br\/site\/wp-content\/uploads\/2018\/02\/DSC_0421-300x200.jpg 300w\" sizes=\"(max-width: 640px) 100vw, 640px\" \/><\/a><\/p>\n<p>O Sicoob Credisudeste divulgou, no \u00faltimo s\u00e1bado (27), a FEAGRO, a primeira feira agropecu\u00e1ria da regi\u00e3o de Muria\u00e9, com uma a\u00e7\u00e3o na Pra\u00e7a Jo\u00e3o Pinheiro que contou com distribui\u00e7\u00e3o de brindes, pipoca, pula-pula, algod\u00e3o doce e sorteios.<\/p>\n<p>De acordo com a cooperativa, a 1\u00aa FEAGRO acontecer\u00e1 entre os dias 22, 23 e 24 de mar\u00e7o, no Parque de Exposi\u00e7\u00f5es de Muria\u00e9, com a participa\u00e7\u00e3o de diversas empresas da cidade e da regi\u00e3o, juntamente com 5\u00ba EXPOLEITE das Montanhas.<\/p>\n<p>Segundo Clodoaldo Heitor, gerente de neg\u00f3cios do Sicoob Credisudeste, a proposta \u00e9 fazer uma feira voltada para neg\u00f3cios, onde estar\u00e3o presente 40 empresas ligadas ao agroneg\u00f3cio, levando novidades e condi\u00e7\u00f5es favor\u00e1veis aos produtores de Muria\u00e9 e munic\u00edpios vizinhos.<\/p>\n<p>\u201cA inten\u00e7\u00e3o \u00e9 fazer com que as empresas apresentem produtos, m\u00e1quinas, equipamentos e novas tecnologias aos produtores rurais com condi\u00e7\u00f5es especiais de neg\u00f3cios. Este \u00e9 o primeiro momento de divulga\u00e7\u00e3o e tamb\u00e9m uma oportunidade para tirar d\u00favidas sobre o que acontecer\u00e1 no evento e sobre as linhas de cr\u00e9ditos que o Sicoob Credisudeste oferecer\u00e1 durante a 1\u00aa Feagro\u201d, conta.<\/p>\n<p>De acordo com Peterson Rodrigues de Oliveira, supervisor de marketing do Sicoob Credisudeste, as empresas que desejam participar da 1\u00aa Feagro de Muria\u00e9 podem procurar qualquer ag\u00eancia do Sicoob na cidade. \u201cAl\u00e9m das empresas, os produtores tamb\u00e9m podem tirar d\u00favidas sobre as condi\u00e7\u00f5es especiais de linha de cr\u00e9dito que ser\u00e3o oferecidas no evento\u201d, diz.<\/p>\n<p><a href=\"https:\/\/anoticiaonline.com.br\/site\/wp-content\/uploads\/2018\/02\/DSC_0470.jpg\"><img decoding=\"async\" class=\"alignnone size-full wp-image-49223\" src=\"https:\/\/anoticiaonline.com.br\/site\/wp-content\/uploads\/2018\/02\/DSC_0470.jpg\" alt=\"\" width=\"640\" height=\"427\" srcset=\"https:\/\/anoticiaonline.com.br\/site\/wp-content\/uploads\/2018\/02\/DSC_0470.jpg 640w, https:\/\/anoticiaonline.com.br\/site\/wp-content\/uploads\/2018\/02\/DSC_0470-300x200.jpg 300w\" sizes=\"(max-width: 640px) 100vw, 640px\" \/><\/a><\/p>\n<p>&nbsp;<\/p>\n<p><img decoding=\"async\" class=\"ngg_displayed_gallery mceItem\" src=\"https:\/\/anoticiaonline.com.br\/site\/nextgen-attach_to_post\/preview\/id--49269\" \/><\/p>\n<p>&nbsp;<\/p>\n","protected":false},"excerpt":{"rendered":"<p>O Sicoob Credisudeste divulgou, no \u00faltimo s\u00e1bado (27), a FEAGRO, a primeira feira agropecu\u00e1ria da regi\u00e3o de Muria\u00e9, com uma a\u00e7\u00e3o na Pra\u00e7a Jo\u00e3o Pinheiro que contou com distribui\u00e7\u00e3o de brindes, pipoca, pula-pula, algod\u00e3o doce e sorteios. De acordo com a cooperativa, a 1\u00aa FEAGRO acontecer\u00e1 entre os dias 22, 23 e 24 de mar\u00e7o, &#8230; <a title=\"Sicoob Credisudeste divulga a 1\u00aa FEAGRO durante a\u00e7\u00e3o na Pra\u00e7a Jo\u00e3o Pinheiro\" class=\"read-more\" href=\"https:\/\/anoticiaonline.com.br\/site\/sicoob-credisudeste-divulga-a-1a-feagro-durante-acao-na-praca-joao-pinheiro\/\" aria-label=\"Read more about Sicoob Credisudeste divulga a 1\u00aa FEAGRO durante a\u00e7\u00e3o na Pra\u00e7a Jo\u00e3o Pinheiro\">Ler mais<\/a><\/p>\n","protected":false},"author":2,"featured_media":49222,"comment_status":"open","ping_status":"open","sticky":false,"template":"","format":"standard","meta":{"_acf_changed":false,"_monsterinsights_skip_tracking":false,"footnotes":""},"categories":[1],"tags":[1923,1924,396,74,533],"class_list":["post-49221","post","type-post","status-publish","format-standard","has-post-thumbnail","hentry","category-gerais","tag-credisudeste","tag-feagro","tag-feira","tag-muriae","tag-praca-joao-pinheiro"],"acf":[],"aioseo_notices":[],"aioseo_head":"\n\t\t<!-- All in One SEO 5.0.0.1 - aioseo.com -->\n\t<meta name=\"description\" content=\"O Sicoob Credisudeste divulgou, no \u00faltimo s\u00e1bado (27), a FEAGRO, a primeira feira agropecu\u00e1ria da regi\u00e3o de Muria\u00e9, com uma a\u00e7\u00e3o na Pra\u00e7a Jo\u00e3o Pinheiro que contou com distribui\u00e7\u00e3o de brindes, pipoca, pula-pula, algod\u00e3o doce e sorteios. De acordo com a cooperativa, a 1\u00aa FEAGRO acontecer\u00e1 entre os dias 22, 23 e 24 de mar\u00e7o,\" \/>\n\t<meta name=\"robots\" content=\"max-image-preview:large\" \/>\n\t<meta name=\"author\" content=\"Juliana Laviola\"\/>\n\t<link rel=\"canonical\" href=\"https:\/\/anoticiaonline.com.br\/site\/sicoob-credisudeste-divulga-a-1a-feagro-durante-acao-na-praca-joao-pinheiro\/\" \/>\n\t<meta name=\"generator\" content=\"All in One SEO (AIOSEO) 5.0.0.1\" \/>\n\t\t<meta property=\"og:locale\" content=\"pt_BR\" \/>\n\t\t<meta property=\"og:site_name\" content=\"A Not\u00edcia Online - Noticias de Muria\u00e9 e regi\u00e3o\" \/>\n\t\t<meta property=\"og:type\" content=\"article\" \/>\n\t\t<meta property=\"og:title\" content=\"Sicoob Credisudeste divulga a 1\u00aa FEAGRO durante a\u00e7\u00e3o na Pra\u00e7a Jo\u00e3o Pinheiro - A Not\u00edcia Online\" \/>\n\t\t<meta property=\"og:description\" content=\"O Sicoob Credisudeste divulgou, no \u00faltimo s\u00e1bado (27), a FEAGRO, a primeira feira agropecu\u00e1ria da regi\u00e3o de Muria\u00e9, com uma a\u00e7\u00e3o na Pra\u00e7a Jo\u00e3o Pinheiro que contou com distribui\u00e7\u00e3o de brindes, pipoca, pula-pula, algod\u00e3o doce e sorteios. De acordo com a cooperativa, a 1\u00aa FEAGRO acontecer\u00e1 entre os dias 22, 23 e 24 de mar\u00e7o,\" \/>\n\t\t<meta property=\"og:url\" content=\"https:\/\/anoticiaonline.com.br\/site\/sicoob-credisudeste-divulga-a-1a-feagro-durante-acao-na-praca-joao-pinheiro\/\" \/>\n\t\t<meta property=\"og:image\" content=\"https:\/\/scontent-gig4-1.xx.fbcdn.net\/v\/t39.30808-1\/270437624_4564083193639691_6907940295614233970_n.jpg?stp=dst-jpg_s200x200_tt6&#038;_nc_cat=111&#038;ccb=1-7&#038;_nc_sid=f907e8&#038;_nc_ohc=SM1wRlP3lJwQ7kNvwEPuBYA&#038;_nc_oc=AdnqrjDN_BNjSSHWO-GbkIWH6fkGMLw4bqvL_NH6e2wMveX7G-rP2dAqsDSq1mJMOaY&#038;_nc_zt=24&#038;_nc_ht=scontent-gig4-1.xx&#038;_nc_gid=AoBFJeGrT1hVaew_6rchkQ&#038;oh=00_AfX7QmFGhQhG2jAllVgXCiM1ZrWgvtp80-Bfppyexh1QEg&#038;oe=689E923C\" \/>\n\t\t<meta property=\"og:image:secure_url\" content=\"https:\/\/scontent-gig4-1.xx.fbcdn.net\/v\/t39.30808-1\/270437624_4564083193639691_6907940295614233970_n.jpg?stp=dst-jpg_s200x200_tt6&#038;_nc_cat=111&#038;ccb=1-7&#038;_nc_sid=f907e8&#038;_nc_ohc=SM1wRlP3lJwQ7kNvwEPuBYA&#038;_nc_oc=AdnqrjDN_BNjSSHWO-GbkIWH6fkGMLw4bqvL_NH6e2wMveX7G-rP2dAqsDSq1mJMOaY&#038;_nc_zt=24&#038;_nc_ht=scontent-gig4-1.xx&#038;_nc_gid=AoBFJeGrT1hVaew_6rchkQ&#038;oh=00_AfX7QmFGhQhG2jAllVgXCiM1ZrWgvtp80-Bfppyexh1QEg&#038;oe=689E923C\" \/>\n\t\t<meta property=\"article:published_time\" content=\"2018-02-02T13:12:55+00:00\" \/>\n\t\t<meta property=\"article:modified_time\" content=\"2018-02-02T17:53:57+00:00\" \/>\n\t\t<meta name=\"twitter:card\" content=\"summary_large_image\" \/>\n\t\t<meta name=\"twitter:title\" content=\"Sicoob Credisudeste divulga a 1\u00aa FEAGRO durante a\u00e7\u00e3o na Pra\u00e7a Jo\u00e3o Pinheiro - A Not\u00edcia Online\" \/>\n\t\t<meta name=\"twitter:description\" content=\"O Sicoob Credisudeste divulgou, no \u00faltimo s\u00e1bado (27), a FEAGRO, a primeira feira agropecu\u00e1ria da regi\u00e3o de Muria\u00e9, com uma a\u00e7\u00e3o na Pra\u00e7a Jo\u00e3o Pinheiro que contou com distribui\u00e7\u00e3o de brindes, pipoca, pula-pula, algod\u00e3o doce e sorteios. De acordo com a cooperativa, a 1\u00aa FEAGRO acontecer\u00e1 entre os dias 22, 23 e 24 de mar\u00e7o,\" \/>\n\t\t<meta name=\"twitter:image\" content=\"https:\/\/scontent-gig4-1.xx.fbcdn.net\/v\/t39.30808-1\/270437624_4564083193639691_6907940295614233970_n.jpg?stp=dst-jpg_s200x200_tt6&amp;_nc_cat=111&amp;ccb=1-7&amp;_nc_sid=f907e8&amp;_nc_ohc=SM1wRlP3lJwQ7kNvwEPuBYA&amp;_nc_oc=AdnqrjDN_BNjSSHWO-GbkIWH6fkGMLw4bqvL_NH6e2wMveX7G-rP2dAqsDSq1mJMOaY&amp;_nc_zt=24&amp;_nc_ht=scontent-gig4-1.xx&amp;_nc_gid=AoBFJeGrT1hVaew_6rchkQ&amp;oh=00_AfX7QmFGhQhG2jAllVgXCiM1ZrWgvtp80-Bfppyexh1QEg&amp;oe=689E923C\" \/>\n\t\t<script type=\"application\/ld+json\" class=\"aioseo-schema\">\n\t\t\t{\"@context\":\"https:\\\/\\\/schema.org\",\"@graph\":[{\"@type\":\"BlogPosting\",\"@id\":\"https:\\\/\\\/anoticiaonline.com.br\\\/site\\\/sicoob-credisudeste-divulga-a-1a-feagro-durante-acao-na-praca-joao-pinheiro\\\/#blogposting\",\"name\":\"Sicoob Credisudeste divulga a 1\\u00aa FEAGRO durante a\\u00e7\\u00e3o na Pra\\u00e7a Jo\\u00e3o Pinheiro - A Not\\u00edcia Online\",\"headline\":\"Sicoob Credisudeste divulga a 1\\u00aa FEAGRO durante a\\u00e7\\u00e3o na Pra\\u00e7a Jo\\u00e3o Pinheiro\",\"author\":{\"@id\":\"https:\\\/\\\/anoticiaonline.com.br\\\/site\\\/author\\\/juliana\\\/#author\"},\"publisher\":{\"@id\":\"https:\\\/\\\/anoticiaonline.com.br\\\/site\\\/#organization\"},\"image\":{\"@type\":\"ImageObject\",\"url\":\"https:\\\/\\\/anoticiaonline.com.br\\\/site\\\/wp-content\\\/uploads\\\/2018\\\/02\\\/DSC_0421.jpg\",\"width\":640,\"height\":427},\"datePublished\":\"2018-02-02T10:12:55-03:00\",\"dateModified\":\"2018-02-02T14:53:57-03:00\",\"inLanguage\":\"pt-BR\",\"mainEntityOfPage\":{\"@id\":\"https:\\\/\\\/anoticiaonline.com.br\\\/site\\\/sicoob-credisudeste-divulga-a-1a-feagro-durante-acao-na-praca-joao-pinheiro\\\/#webpage\"},\"isPartOf\":{\"@id\":\"https:\\\/\\\/anoticiaonline.com.br\\\/site\\\/sicoob-credisudeste-divulga-a-1a-feagro-durante-acao-na-praca-joao-pinheiro\\\/#webpage\"},\"articleSection\":\"Gerais, credisudeste, feagro, feira, Muria\\u00e9, Pra\\u00e7a Jo\\u00e3o Pinheiro\"},{\"@type\":\"BreadcrumbList\",\"@id\":\"https:\\\/\\\/anoticiaonline.com.br\\\/site\\\/sicoob-credisudeste-divulga-a-1a-feagro-durante-acao-na-praca-joao-pinheiro\\\/#breadcrumblist\",\"itemListElement\":[{\"@type\":\"ListItem\",\"@id\":\"https:\\\/\\\/anoticiaonline.com.br\\\/site#listItem\",\"position\":1,\"name\":\"Home\",\"item\":\"https:\\\/\\\/anoticiaonline.com.br\\\/site\",\"nextItem\":{\"@type\":\"ListItem\",\"@id\":\"https:\\\/\\\/anoticiaonline.com.br\\\/site\\\/categoria\\\/gerais\\\/#listItem\",\"name\":\"Gerais\"}},{\"@type\":\"ListItem\",\"@id\":\"https:\\\/\\\/anoticiaonline.com.br\\\/site\\\/categoria\\\/gerais\\\/#listItem\",\"position\":2,\"name\":\"Gerais\",\"item\":\"https:\\\/\\\/anoticiaonline.com.br\\\/site\\\/categoria\\\/gerais\\\/\",\"nextItem\":{\"@type\":\"ListItem\",\"@id\":\"https:\\\/\\\/anoticiaonline.com.br\\\/site\\\/sicoob-credisudeste-divulga-a-1a-feagro-durante-acao-na-praca-joao-pinheiro\\\/#listItem\",\"name\":\"Sicoob Credisudeste divulga a 1\\u00aa FEAGRO durante a\\u00e7\\u00e3o na Pra\\u00e7a Jo\\u00e3o Pinheiro\"},\"previousItem\":{\"@type\":\"ListItem\",\"@id\":\"https:\\\/\\\/anoticiaonline.com.br\\\/site#listItem\",\"name\":\"Home\"}},{\"@type\":\"ListItem\",\"@id\":\"https:\\\/\\\/anoticiaonline.com.br\\\/site\\\/sicoob-credisudeste-divulga-a-1a-feagro-durante-acao-na-praca-joao-pinheiro\\\/#listItem\",\"position\":3,\"name\":\"Sicoob Credisudeste divulga a 1\\u00aa FEAGRO durante a\\u00e7\\u00e3o na Pra\\u00e7a Jo\\u00e3o Pinheiro\",\"previousItem\":{\"@type\":\"ListItem\",\"@id\":\"https:\\\/\\\/anoticiaonline.com.br\\\/site\\\/categoria\\\/gerais\\\/#listItem\",\"name\":\"Gerais\"}}]},{\"@type\":\"Organization\",\"@id\":\"https:\\\/\\\/anoticiaonline.com.br\\\/site\\\/#organization\",\"name\":\"A Not\\u00edcia Online\",\"description\":\"Noticias de Muria\\u00e9 e regi\\u00e3o\",\"url\":\"https:\\\/\\\/anoticiaonline.com.br\\\/site\\\/\",\"logo\":{\"@type\":\"ImageObject\",\"url\":\"https:\\\/\\\/scontent-gig4-1.xx.fbcdn.net\\\/v\\\/t39.30808-1\\\/270437624_4564083193639691_6907940295614233970_n.jpg?stp=dst-jpg_s200x200_tt6&_nc_cat=111&ccb=1-7&_nc_sid=f907e8&_nc_ohc=SM1wRlP3lJwQ7kNvwEPuBYA&_nc_oc=AdnqrjDN_BNjSSHWO-GbkIWH6fkGMLw4bqvL_NH6e2wMveX7G-rP2dAqsDSq1mJMOaY&_nc_zt=24&_nc_ht=scontent-gig4-1.xx&_nc_gid=AoBFJeGrT1hVaew_6rchkQ&oh=00_AfX7QmFGhQhG2jAllVgXCiM1ZrWgvtp80-Bfppyexh1QEg&oe=689E923C\",\"@id\":\"https:\\\/\\\/anoticiaonline.com.br\\\/site\\\/sicoob-credisudeste-divulga-a-1a-feagro-durante-acao-na-praca-joao-pinheiro\\\/#organizationLogo\"},\"image\":{\"@id\":\"https:\\\/\\\/anoticiaonline.com.br\\\/site\\\/sicoob-credisudeste-divulga-a-1a-feagro-durante-acao-na-praca-joao-pinheiro\\\/#organizationLogo\"}},{\"@type\":\"Person\",\"@id\":\"https:\\\/\\\/anoticiaonline.com.br\\\/site\\\/author\\\/juliana\\\/#author\",\"url\":\"https:\\\/\\\/anoticiaonline.com.br\\\/site\\\/author\\\/juliana\\\/\",\"name\":\"Juliana Laviola\",\"image\":{\"@type\":\"ImageObject\",\"@id\":\"https:\\\/\\\/anoticiaonline.com.br\\\/site\\\/sicoob-credisudeste-divulga-a-1a-feagro-durante-acao-na-praca-joao-pinheiro\\\/#authorImage\",\"url\":\"https:\\\/\\\/secure.gravatar.com\\\/avatar\\\/b8d45f5c699b100dfaf0e543582f38f38bf94cb7ae3a5e9abf8d891a34773335?s=96&d=mm&r=g\",\"width\":96,\"height\":96,\"caption\":\"Juliana Laviola\"}},{\"@type\":\"WebPage\",\"@id\":\"https:\\\/\\\/anoticiaonline.com.br\\\/site\\\/sicoob-credisudeste-divulga-a-1a-feagro-durante-acao-na-praca-joao-pinheiro\\\/#webpage\",\"url\":\"https:\\\/\\\/anoticiaonline.com.br\\\/site\\\/sicoob-credisudeste-divulga-a-1a-feagro-durante-acao-na-praca-joao-pinheiro\\\/\",\"name\":\"Sicoob Credisudeste divulga a 1\\u00aa FEAGRO durante a\\u00e7\\u00e3o na Pra\\u00e7a Jo\\u00e3o Pinheiro - A Not\\u00edcia Online\",\"description\":\"O Sicoob Credisudeste divulgou, no \\u00faltimo s\\u00e1bado (27), a FEAGRO, a primeira feira agropecu\\u00e1ria da regi\\u00e3o de Muria\\u00e9, com uma a\\u00e7\\u00e3o na Pra\\u00e7a Jo\\u00e3o Pinheiro que contou com distribui\\u00e7\\u00e3o de brindes, pipoca, pula-pula, algod\\u00e3o doce e sorteios. De acordo com a cooperativa, a 1\\u00aa FEAGRO acontecer\\u00e1 entre os dias 22, 23 e 24 de mar\\u00e7o,\",\"inLanguage\":\"pt-BR\",\"isPartOf\":{\"@id\":\"https:\\\/\\\/anoticiaonline.com.br\\\/site\\\/#website\"},\"breadcrumb\":{\"@id\":\"https:\\\/\\\/anoticiaonline.com.br\\\/site\\\/sicoob-credisudeste-divulga-a-1a-feagro-durante-acao-na-praca-joao-pinheiro\\\/#breadcrumblist\"},\"author\":{\"@id\":\"https:\\\/\\\/anoticiaonline.com.br\\\/site\\\/author\\\/juliana\\\/#author\"},\"creator\":{\"@id\":\"https:\\\/\\\/anoticiaonline.com.br\\\/site\\\/author\\\/juliana\\\/#author\"},\"image\":{\"@type\":\"ImageObject\",\"url\":\"https:\\\/\\\/anoticiaonline.com.br\\\/site\\\/wp-content\\\/uploads\\\/2018\\\/02\\\/DSC_0421.jpg\",\"@id\":\"https:\\\/\\\/anoticiaonline.com.br\\\/site\\\/sicoob-credisudeste-divulga-a-1a-feagro-durante-acao-na-praca-joao-pinheiro\\\/#mainImage\",\"width\":640,\"height\":427},\"primaryImageOfPage\":{\"@id\":\"https:\\\/\\\/anoticiaonline.com.br\\\/site\\\/sicoob-credisudeste-divulga-a-1a-feagro-durante-acao-na-praca-joao-pinheiro\\\/#mainImage\"},\"datePublished\":\"2018-02-02T10:12:55-03:00\",\"dateModified\":\"2018-02-02T14:53:57-03:00\"},{\"@type\":\"WebSite\",\"@id\":\"https:\\\/\\\/anoticiaonline.com.br\\\/site\\\/#website\",\"url\":\"https:\\\/\\\/anoticiaonline.com.br\\\/site\\\/\",\"name\":\"A Not\\u00edcia Online\",\"description\":\"Noticias de Muria\\u00e9 e regi\\u00e3o\",\"inLanguage\":\"pt-BR\",\"publisher\":{\"@id\":\"https:\\\/\\\/anoticiaonline.com.br\\\/site\\\/#organization\"}}]}\n\t\t<\/script>\n\t\t<!-- All in One SEO -->\n\n","aioseo_head_json":{"title":"Sicoob Credisudeste divulga a 1\u00aa FEAGRO durante a\u00e7\u00e3o na Pra\u00e7a Jo\u00e3o Pinheiro - A Not\u00edcia Online","description":"O Sicoob Credisudeste divulgou, no \u00faltimo s\u00e1bado (27), a FEAGRO, a primeira feira agropecu\u00e1ria da regi\u00e3o de Muria\u00e9, com uma a\u00e7\u00e3o na Pra\u00e7a Jo\u00e3o Pinheiro que contou com distribui\u00e7\u00e3o de brindes, pipoca, pula-pula, algod\u00e3o doce e sorteios. De acordo com a cooperativa, a 1\u00aa FEAGRO acontecer\u00e1 entre os dias 22, 23 e 24 de mar\u00e7o,","canonical_url":"https:\/\/anoticiaonline.com.br\/site\/sicoob-credisudeste-divulga-a-1a-feagro-durante-acao-na-praca-joao-pinheiro\/","robots":"max-image-preview:large","keywords":"","webmasterTools":{"miscellaneous":""},"schema":{"@context":"https:\/\/schema.org","@graph":[{"@type":"BlogPosting","@id":"https:\/\/anoticiaonline.com.br\/site\/sicoob-credisudeste-divulga-a-1a-feagro-durante-acao-na-praca-joao-pinheiro\/#blogposting","name":"Sicoob Credisudeste divulga a 1\u00aa FEAGRO durante a\u00e7\u00e3o na Pra\u00e7a Jo\u00e3o Pinheiro - A Not\u00edcia Online","headline":"Sicoob Credisudeste divulga a 1\u00aa FEAGRO durante a\u00e7\u00e3o na Pra\u00e7a Jo\u00e3o Pinheiro","author":{"@id":"https:\/\/anoticiaonline.com.br\/site\/author\/juliana\/#author"},"publisher":{"@id":"https:\/\/anoticiaonline.com.br\/site\/#organization"},"image":{"@type":"ImageObject","url":"https:\/\/anoticiaonline.com.br\/site\/wp-content\/uploads\/2018\/02\/DSC_0421.jpg","width":640,"height":427},"datePublished":"2018-02-02T10:12:55-03:00","dateModified":"2018-02-02T14:53:57-03:00","inLanguage":"pt-BR","mainEntityOfPage":{"@id":"https:\/\/anoticiaonline.com.br\/site\/sicoob-credisudeste-divulga-a-1a-feagro-durante-acao-na-praca-joao-pinheiro\/#webpage"},"isPartOf":{"@id":"https:\/\/anoticiaonline.com.br\/site\/sicoob-credisudeste-divulga-a-1a-feagro-durante-acao-na-praca-joao-pinheiro\/#webpage"},"articleSection":"Gerais, credisudeste, feagro, feira, Muria\u00e9, Pra\u00e7a Jo\u00e3o Pinheiro"},{"@type":"BreadcrumbList","@id":"https:\/\/anoticiaonline.com.br\/site\/sicoob-credisudeste-divulga-a-1a-feagro-durante-acao-na-praca-joao-pinheiro\/#breadcrumblist","itemListElement":[{"@type":"ListItem","@id":"https:\/\/anoticiaonline.com.br\/site#listItem","position":1,"name":"Home","item":"https:\/\/anoticiaonline.com.br\/site","nextItem":{"@type":"ListItem","@id":"https:\/\/anoticiaonline.com.br\/site\/categoria\/gerais\/#listItem","name":"Gerais"}},{"@type":"ListItem","@id":"https:\/\/anoticiaonline.com.br\/site\/categoria\/gerais\/#listItem","position":2,"name":"Gerais","item":"https:\/\/anoticiaonline.com.br\/site\/categoria\/gerais\/","nextItem":{"@type":"ListItem","@id":"https:\/\/anoticiaonline.com.br\/site\/sicoob-credisudeste-divulga-a-1a-feagro-durante-acao-na-praca-joao-pinheiro\/#listItem","name":"Sicoob Credisudeste divulga a 1\u00aa FEAGRO durante a\u00e7\u00e3o na Pra\u00e7a Jo\u00e3o Pinheiro"},"previousItem":{"@type":"ListItem","@id":"https:\/\/anoticiaonline.com.br\/site#listItem","name":"Home"}},{"@type":"ListItem","@id":"https:\/\/anoticiaonline.com.br\/site\/sicoob-credisudeste-divulga-a-1a-feagro-durante-acao-na-praca-joao-pinheiro\/#listItem","position":3,"name":"Sicoob Credisudeste divulga a 1\u00aa FEAGRO durante a\u00e7\u00e3o na Pra\u00e7a Jo\u00e3o Pinheiro","previousItem":{"@type":"ListItem","@id":"https:\/\/anoticiaonline.com.br\/site\/categoria\/gerais\/#listItem","name":"Gerais"}}]},{"@type":"Organization","@id":"https:\/\/anoticiaonline.com.br\/site\/#organization","name":"A Not\u00edcia Online","description":"Noticias de Muria\u00e9 e regi\u00e3o","url":"https:\/\/anoticiaonline.com.br\/site\/","logo":{"@type":"ImageObject","url":"https:\/\/scontent-gig4-1.xx.fbcdn.net\/v\/t39.30808-1\/270437624_4564083193639691_6907940295614233970_n.jpg?stp=dst-jpg_s200x200_tt6&_nc_cat=111&ccb=1-7&_nc_sid=f907e8&_nc_ohc=SM1wRlP3lJwQ7kNvwEPuBYA&_nc_oc=AdnqrjDN_BNjSSHWO-GbkIWH6fkGMLw4bqvL_NH6e2wMveX7G-rP2dAqsDSq1mJMOaY&_nc_zt=24&_nc_ht=scontent-gig4-1.xx&_nc_gid=AoBFJeGrT1hVaew_6rchkQ&oh=00_AfX7QmFGhQhG2jAllVgXCiM1ZrWgvtp80-Bfppyexh1QEg&oe=689E923C","@id":"https:\/\/anoticiaonline.com.br\/site\/sicoob-credisudeste-divulga-a-1a-feagro-durante-acao-na-praca-joao-pinheiro\/#organizationLogo"},"image":{"@id":"https:\/\/anoticiaonline.com.br\/site\/sicoob-credisudeste-divulga-a-1a-feagro-durante-acao-na-praca-joao-pinheiro\/#organizationLogo"}},{"@type":"Person","@id":"https:\/\/anoticiaonline.com.br\/site\/author\/juliana\/#author","url":"https:\/\/anoticiaonline.com.br\/site\/author\/juliana\/","name":"Juliana Laviola","image":{"@type":"ImageObject","@id":"https:\/\/anoticiaonline.com.br\/site\/sicoob-credisudeste-divulga-a-1a-feagro-durante-acao-na-praca-joao-pinheiro\/#authorImage","url":"https:\/\/secure.gravatar.com\/avatar\/b8d45f5c699b100dfaf0e543582f38f38bf94cb7ae3a5e9abf8d891a34773335?s=96&d=mm&r=g","width":96,"height":96,"caption":"Juliana Laviola"}},{"@type":"WebPage","@id":"https:\/\/anoticiaonline.com.br\/site\/sicoob-credisudeste-divulga-a-1a-feagro-durante-acao-na-praca-joao-pinheiro\/#webpage","url":"https:\/\/anoticiaonline.com.br\/site\/sicoob-credisudeste-divulga-a-1a-feagro-durante-acao-na-praca-joao-pinheiro\/","name":"Sicoob Credisudeste divulga a 1\u00aa FEAGRO durante a\u00e7\u00e3o na Pra\u00e7a Jo\u00e3o Pinheiro - A Not\u00edcia Online","description":"O Sicoob Credisudeste divulgou, no \u00faltimo s\u00e1bado (27), a FEAGRO, a primeira feira agropecu\u00e1ria da regi\u00e3o de Muria\u00e9, com uma a\u00e7\u00e3o na Pra\u00e7a Jo\u00e3o Pinheiro que contou com distribui\u00e7\u00e3o de brindes, pipoca, pula-pula, algod\u00e3o doce e sorteios. De acordo com a cooperativa, a 1\u00aa FEAGRO acontecer\u00e1 entre os dias 22, 23 e 24 de mar\u00e7o,","inLanguage":"pt-BR","isPartOf":{"@id":"https:\/\/anoticiaonline.com.br\/site\/#website"},"breadcrumb":{"@id":"https:\/\/anoticiaonline.com.br\/site\/sicoob-credisudeste-divulga-a-1a-feagro-durante-acao-na-praca-joao-pinheiro\/#breadcrumblist"},"author":{"@id":"https:\/\/anoticiaonline.com.br\/site\/author\/juliana\/#author"},"creator":{"@id":"https:\/\/anoticiaonline.com.br\/site\/author\/juliana\/#author"},"image":{"@type":"ImageObject","url":"https:\/\/anoticiaonline.com.br\/site\/wp-content\/uploads\/2018\/02\/DSC_0421.jpg","@id":"https:\/\/anoticiaonline.com.br\/site\/sicoob-credisudeste-divulga-a-1a-feagro-durante-acao-na-praca-joao-pinheiro\/#mainImage","width":640,"height":427},"primaryImageOfPage":{"@id":"https:\/\/anoticiaonline.com.br\/site\/sicoob-credisudeste-divulga-a-1a-feagro-durante-acao-na-praca-joao-pinheiro\/#mainImage"},"datePublished":"2018-02-02T10:12:55-03:00","dateModified":"2018-02-02T14:53:57-03:00"},{"@type":"WebSite","@id":"https:\/\/anoticiaonline.com.br\/site\/#website","url":"https:\/\/anoticiaonline.com.br\/site\/","name":"A Not\u00edcia Online","description":"Noticias de Muria\u00e9 e regi\u00e3o","inLanguage":"pt-BR","publisher":{"@id":"https:\/\/anoticiaonline.com.br\/site\/#organization"}}]},"og:locale":"pt_BR","og:site_name":"A Not\u00edcia Online - Noticias de Muria\u00e9 e regi\u00e3o","og:type":"article","og:title":"Sicoob Credisudeste divulga a 1\u00aa FEAGRO durante a\u00e7\u00e3o na Pra\u00e7a Jo\u00e3o Pinheiro - A Not\u00edcia Online","og:description":"O Sicoob Credisudeste divulgou, no \u00faltimo s\u00e1bado (27), a FEAGRO, a primeira feira agropecu\u00e1ria da regi\u00e3o de Muria\u00e9, com uma a\u00e7\u00e3o na Pra\u00e7a Jo\u00e3o Pinheiro que contou com distribui\u00e7\u00e3o de brindes, pipoca, pula-pula, algod\u00e3o doce e sorteios. De acordo com a cooperativa, a 1\u00aa FEAGRO acontecer\u00e1 entre os dias 22, 23 e 24 de mar\u00e7o,","og:url":"https:\/\/anoticiaonline.com.br\/site\/sicoob-credisudeste-divulga-a-1a-feagro-durante-acao-na-praca-joao-pinheiro\/","og:image":"https:\/\/scontent-gig4-1.xx.fbcdn.net\/v\/t39.30808-1\/270437624_4564083193639691_6907940295614233970_n.jpg?stp=dst-jpg_s200x200_tt6&#038;_nc_cat=111&#038;ccb=1-7&#038;_nc_sid=f907e8&#038;_nc_ohc=SM1wRlP3lJwQ7kNvwEPuBYA&#038;_nc_oc=AdnqrjDN_BNjSSHWO-GbkIWH6fkGMLw4bqvL_NH6e2wMveX7G-rP2dAqsDSq1mJMOaY&#038;_nc_zt=24&#038;_nc_ht=scontent-gig4-1.xx&#038;_nc_gid=AoBFJeGrT1hVaew_6rchkQ&#038;oh=00_AfX7QmFGhQhG2jAllVgXCiM1ZrWgvtp80-Bfppyexh1QEg&#038;oe=689E923C","og:image:secure_url":"https:\/\/scontent-gig4-1.xx.fbcdn.net\/v\/t39.30808-1\/270437624_4564083193639691_6907940295614233970_n.jpg?stp=dst-jpg_s200x200_tt6&#038;_nc_cat=111&#038;ccb=1-7&#038;_nc_sid=f907e8&#038;_nc_ohc=SM1wRlP3lJwQ7kNvwEPuBYA&#038;_nc_oc=AdnqrjDN_BNjSSHWO-GbkIWH6fkGMLw4bqvL_NH6e2wMveX7G-rP2dAqsDSq1mJMOaY&#038;_nc_zt=24&#038;_nc_ht=scontent-gig4-1.xx&#038;_nc_gid=AoBFJeGrT1hVaew_6rchkQ&#038;oh=00_AfX7QmFGhQhG2jAllVgXCiM1ZrWgvtp80-Bfppyexh1QEg&#038;oe=689E923C","article:published_time":"2018-02-02T13:12:55+00:00","article:modified_time":"2018-02-02T17:53:57+00:00","twitter:card":"summary_large_image","twitter:title":"Sicoob Credisudeste divulga a 1\u00aa FEAGRO durante a\u00e7\u00e3o na Pra\u00e7a Jo\u00e3o Pinheiro - A Not\u00edcia Online","twitter:description":"O Sicoob Credisudeste divulgou, no \u00faltimo s\u00e1bado (27), a FEAGRO, a primeira feira agropecu\u00e1ria da regi\u00e3o de Muria\u00e9, com uma a\u00e7\u00e3o na Pra\u00e7a Jo\u00e3o Pinheiro que contou com distribui\u00e7\u00e3o de brindes, pipoca, pula-pula, algod\u00e3o doce e sorteios. De acordo com a cooperativa, a 1\u00aa FEAGRO acontecer\u00e1 entre os dias 22, 23 e 24 de mar\u00e7o,","twitter:image":"https:\/\/scontent-gig4-1.xx.fbcdn.net\/v\/t39.30808-1\/270437624_4564083193639691_6907940295614233970_n.jpg?stp=dst-jpg_s200x200_tt6&_nc_cat=111&ccb=1-7&_nc_sid=f907e8&_nc_ohc=SM1wRlP3lJwQ7kNvwEPuBYA&_nc_oc=AdnqrjDN_BNjSSHWO-GbkIWH6fkGMLw4bqvL_NH6e2wMveX7G-rP2dAqsDSq1mJMOaY&_nc_zt=24&_nc_ht=scontent-gig4-1.xx&_nc_gid=AoBFJeGrT1hVaew_6rchkQ&oh=00_AfX7QmFGhQhG2jAllVgXCiM1ZrWgvtp80-Bfppyexh1QEg&oe=689E923C"},"aioseo_meta_data":{"post_id":"49221","title":null,"description":null,"keywords":null,"keyphrases":null,"primary_term":null,"canonical_url":null,"og_title":null,"og_description":null,"og_object_type":"default","og_image_type":"default","og_image_url":null,"og_image_width":null,"og_image_height":null,"og_image_custom_url":null,"og_image_custom_fields":null,"og_video":null,"og_custom_url":null,"og_article_section":null,"og_article_tags":null,"twitter_use_og":false,"twitter_card":"default","twitter_image_type":"default","twitter_image_url":null,"twitter_image_custom_url":null,"twitter_image_custom_fields":null,"twitter_title":null,"twitter_description":null,"schema":{"blockGraphs":[],"customGraphs":[],"default":{"data":{"Article":[],"Course":[],"Dataset":[],"FAQPage":[],"Movie":[],"Person":[],"Product":[],"ProductReview":[],"Car":[],"Recipe":[],"Service":[],"SoftwareApplication":[],"WebPage":[]},"graphName":"","isEnabled":true},"graphs":[]},"schema_type":"default","schema_type_options":null,"pillar_content":false,"robots_default":true,"robots_noindex":false,"robots_noarchive":false,"robots_nosnippet":false,"robots_nofollow":false,"robots_noimageindex":false,"robots_noodp":false,"robots_notranslate":false,"robots_max_snippet":null,"robots_max_videopreview":null,"robots_max_imagepreview":"large","priority":null,"frequency":null,"local_seo":null,"breadcrumb_settings":null,"limit_modified_date":false,"ai":null,"created":"2025-08-16 20:14:27","updated":"2025-08-16 20:14:27","focus_keyword":null,"additional_keywords":null,"truseo_locale":null,"seo_analyzer_scan_date":null},"aioseo_breadcrumb":"<div class=\"aioseo-breadcrumbs\"><span class=\"aioseo-breadcrumb\">\n\t\t\t<a href=\"https:\/\/anoticiaonline.com.br\/site\" title=\"Home\">Home<\/a>\n\t\t<\/span><span class=\"aioseo-breadcrumb-separator\">&raquo;<\/span><span class=\"aioseo-breadcrumb\">\n\t\t\t<a href=\"https:\/\/anoticiaonline.com.br\/site\/categoria\/gerais\/\" title=\"Gerais\">Gerais<\/a>\n\t\t<\/span><span class=\"aioseo-breadcrumb-separator\">&raquo;<\/span><span class=\"aioseo-breadcrumb\">\n\t\t\tSicoob Credisudeste divulga a 1\u00aa FEAGRO durante a\u00e7\u00e3o na Pra\u00e7a Jo\u00e3o Pinheiro\n\t\t<\/span><\/div>","aioseo_breadcrumb_json":[{"label":"Home","link":"https:\/\/anoticiaonline.com.br\/site"},{"label":"Gerais","link":"https:\/\/anoticiaonline.com.br\/site\/categoria\/gerais\/"},{"label":"Sicoob Credisudeste divulga a 1\u00aa FEAGRO durante a\u00e7\u00e3o na Pra\u00e7a Jo\u00e3o Pinheiro","link":"https:\/\/anoticiaonline.com.br\/site\/sicoob-credisudeste-divulga-a-1a-feagro-durante-acao-na-praca-joao-pinheiro\/"}],"views":111,"_links":{"self":[{"href":"https:\/\/anoticiaonline.com.br\/site\/wp-json\/wp\/v2\/posts\/49221","targetHints":{"allow":["GET"]}}],"collection":[{"href":"https:\/\/anoticiaonline.com.br\/site\/wp-json\/wp\/v2\/posts"}],"about":[{"href":"https:\/\/anoticiaonline.com.br\/site\/wp-json\/wp\/v2\/types\/post"}],"author":[{"embeddable":true,"href":"https:\/\/anoticiaonline.com.br\/site\/wp-json\/wp\/v2\/users\/2"}],"replies":[{"embeddable":true,"href":"https:\/\/anoticiaonline.com.br\/site\/wp-json\/wp\/v2\/comments?post=49221"}],"version-history":[{"count":0,"href":"https:\/\/anoticiaonline.com.br\/site\/wp-json\/wp\/v2\/posts\/49221\/revisions"}],"wp:featuredmedia":[{"embeddable":true,"href":"https:\/\/anoticiaonline.com.br\/site\/wp-json\/wp\/v2\/media\/49222"}],"wp:attachment":[{"href":"https:\/\/anoticiaonline.com.br\/site\/wp-json\/wp\/v2\/media?parent=49221"}],"wp:term":[{"taxonomy":"category","embeddable":true,"href":"https:\/\/anoticiaonline.com.br\/site\/wp-json\/wp\/v2\/categories?post=49221"},{"taxonomy":"post_tag","embeddable":true,"href":"https:\/\/anoticiaonline.com.br\/site\/wp-json\/wp\/v2\/tags?post=49221"}],"curies":[{"name":"wp","href":"https:\/\/api.w.org\/{rel}","templated":true}]}}