{"id":49203,"date":"2018-02-01T16:26:49","date_gmt":"2018-02-01T19:26:49","guid":{"rendered":"http:\/\/anoticiaonline.com.br\/site\/?p=49203"},"modified":"2018-02-01T16:26:49","modified_gmt":"2018-02-01T19:26:49","slug":"a-licao-dos-juizes-de-porto-alegre","status":"publish","type":"post","link":"https:\/\/anoticiaonline.com.br\/site\/a-licao-dos-juizes-de-porto-alegre\/","title":{"rendered":"A LI\u00c7\u00c3O DOS JUIZES DE PORTO ALEGRE"},"content":{"rendered":"<p>Adellunar Marge<\/p>\n<p>Mantendo a condena\u00e7\u00e3o de Lula e ainda elevando a sua pena para doze anos e um m\u00eas de cadeia, os ju\u00edzes de Porto alegre deram uma li\u00e7\u00e3o de moral e dignidade e uma satisfa\u00e7\u00e3o \u00e0 popula\u00e7\u00e3o brasileira que n\u00e3o aceita mais a institucionaliza\u00e7\u00e3o da corrup\u00e7\u00e3o em nosso pa\u00eds. Pena que, pelas leis brasileiras, criminosos tenham a sua pena reduzida quando t\u00eam mais de setenta anos. Diz um ditado antigo que cabelos brancos n\u00e3o s\u00e3o indicadores de integridade moral, pois os cr\u00e1pulas tamb\u00e9m envelhecem.<\/p>\n<p>A argumenta\u00e7\u00e3o do relator do processo foi uma verdadeira aula de civilidade para todo o pa\u00eds. Argumentou, para o aumento da pena, justamente o fato de Lula ocupar o cargo de Presidente da Rep\u00fablica, de quem se espera ou se deveria esperar, integridade moral no exerc\u00edcio do mandato, afirmando ter sido Lula o garantidor e o principal articulador de esquema de corrup\u00e7\u00e3o, embora agisse nos bastidores. A nomea\u00e7\u00e3o de elementos chaves nos cargos mais importantes da Petrobr\u00e1s como artif\u00edcio para fraudar licita\u00e7\u00f5es bilion\u00e1rias e desviar recursos il\u00edcitos para o Partido dos Trabalhadores e outros partidos da base aliada tornou-se, nos governos Lula e Dilma, uma pr\u00e1tica corriqueira que enriqueceu os v\u00e1rios escal\u00f5es do poder, ainda que \u00e0s custas da sa\u00fade financeira de nossas estatais, da dilapida\u00e7\u00e3o de verbas que poderiam resolver os problemas da sa\u00fade, da educa\u00e7\u00e3o e da Seguran\u00e7a P\u00fablica em nosso sofrido pa\u00eds. Agora todo mundo sabe porque as esquerdas gostam tanto de Estatais.<\/p>\n<p>\u00c9 claro que ir\u00e3o interpor recursos e mais recursos no STJ, no STF e onde mais puderem. A legisla\u00e7\u00e3o brasileira assim o permite, por isso somos, apesar de toda a corrup\u00e7\u00e3o do poder, um pa\u00eds democr\u00e1tico. Mas existe uma inst\u00e2ncia que os recursos n\u00e3o alcan\u00e7am que \u00e9 a inst\u00e2ncia do voto popular e o brasileiro j\u00e1 se cansou dos corruptos engastados no poder. N\u00e3o vai ser f\u00e1cil encontrar um candidato que n\u00e3o esteja contaminado com tanta sujeira. A fala dos Desembargadores de Porto Alegre trouxe \u00e0 recorda\u00e7\u00e3o de todo o povo brasileiro toda a bandalheira praticada por uma quadrilha que jamais teve um projeto de governo para o nosso pa\u00eds, mas como bem frisou o Desembargador Relator, tinham um projeto de poder. Para se esquivarem das acusa\u00e7\u00f5es usaram o artif\u00edcio da mentira repetida, como a velha e ineficaz cantilena do \u201cgolpe\u201d.\u00a0 Mas nem isso tiveram a compet\u00eancia para inventar. Copiaram do astuto ide\u00f3logo nazista Joseph Goebels, que dizia: \u201cuma mentira contada dez&#8230;vinte&#8230;mil vezes, de tanto ouvida passa a ser entendida pelo povo como verdade\u201d.\u00a0 Hoje, com os meios de comunica\u00e7\u00e3o t\u00e3o desenvolvidos em todas as partes do pa\u00eds, essa cantilena n\u00e3o cola mais.<\/p>\n<p>\u00c9 claro que existe o j\u00e1 desgastado grupo de lulopetistas, \u201ctreinado\u201d pelo m\u00e9todo de Skinner, (de est\u00edmulo e resposta) que continuar\u00e3o repetindo as frases \u201caprendidas\u201d, sem o exerc\u00edcio da cr\u00edtica. Continuar\u00e3o a gritar, promover badernas, invadir terras produtivas. Afinal as democracias t\u00eam dessas coisas, voc\u00ea \u00e9 livre at\u00e9 para se exceder. Mas chega um\u00a0 momento em que \u00e9 necess\u00e1rio o imp\u00e9rio da lei. A \u201cOpera\u00e7\u00e3o Lava a Jato\u201d veio para ficar. O Ideal do Juiz S\u00e9rgio Moro e de tantos outros dignos membros da justi\u00e7a no pa\u00eds est\u00e1 mais vivo do que nunca.<\/p>\n<p>Uma pena que a puni\u00e7\u00e3o por a\u00e7\u00f5es t\u00e3o danosas ao povo brasileiro como as praticadas por Lula e seus aliados, seja t\u00e3o branda e ainda diminu\u00edda pela idade do condenado. Afinal, Lula chefiou o maior esquema de corrup\u00e7\u00e3o, n\u00e3o s\u00f3 do Brasil, mas de toda a civiliza\u00e7\u00e3o ocidental. S\u00f3 o rombo na Petrobr\u00e1s \u00e9 maior do que o PIB da maioria dos pa\u00edses do mundo&#8230;<\/p>\n","protected":false},"excerpt":{"rendered":"<p>Adellunar Marge Mantendo a condena\u00e7\u00e3o de Lula e ainda elevando a sua pena para doze anos e um m\u00eas de cadeia, os ju\u00edzes de Porto alegre deram uma li\u00e7\u00e3o de moral e dignidade e uma satisfa\u00e7\u00e3o \u00e0 popula\u00e7\u00e3o brasileira que n\u00e3o aceita mais a institucionaliza\u00e7\u00e3o da corrup\u00e7\u00e3o em nosso pa\u00eds. Pena que, pelas leis brasileiras, &#8230; <a title=\"A LI\u00c7\u00c3O DOS JUIZES DE PORTO ALEGRE\" class=\"read-more\" href=\"https:\/\/anoticiaonline.com.br\/site\/a-licao-dos-juizes-de-porto-alegre\/\" aria-label=\"Read more about A LI\u00c7\u00c3O DOS JUIZES DE PORTO ALEGRE\">Ler mais<\/a><\/p>\n","protected":false},"author":2,"featured_media":0,"comment_status":"open","ping_status":"open","sticky":false,"template":"","format":"standard","meta":{"_acf_changed":false,"_monsterinsights_skip_tracking":false,"footnotes":""},"categories":[31,36],"tags":[329,330,328],"class_list":["post-49203","post","type-post","status-publish","format-standard","hentry","category-colunistas","category-logos-adellunar-marge","tag-adellunar-marge","tag-coluna","tag-logos"],"acf":[],"aioseo_notices":[],"aioseo_head":"\n\t\t<!-- All in One SEO 5.0.0.1 - aioseo.com -->\n\t<meta name=\"description\" content=\"Adellunar Marge Mantendo a condena\u00e7\u00e3o de Lula e ainda elevando a sua pena para doze anos e um m\u00eas de cadeia, os ju\u00edzes de Porto alegre deram uma li\u00e7\u00e3o de moral e dignidade e uma satisfa\u00e7\u00e3o \u00e0 popula\u00e7\u00e3o brasileira que n\u00e3o aceita mais a institucionaliza\u00e7\u00e3o da corrup\u00e7\u00e3o em nosso pa\u00eds. Pena que, pelas leis brasileiras,\" \/>\n\t<meta name=\"robots\" content=\"max-image-preview:large\" \/>\n\t<meta name=\"author\" content=\"Juliana Laviola\"\/>\n\t<link rel=\"canonical\" href=\"https:\/\/anoticiaonline.com.br\/site\/a-licao-dos-juizes-de-porto-alegre\/\" \/>\n\t<meta name=\"generator\" content=\"All in One SEO (AIOSEO) 5.0.0.1\" \/>\n\t\t<meta property=\"og:locale\" content=\"pt_BR\" \/>\n\t\t<meta property=\"og:site_name\" content=\"A Not\u00edcia Online - Noticias de Muria\u00e9 e regi\u00e3o\" \/>\n\t\t<meta property=\"og:type\" content=\"article\" \/>\n\t\t<meta property=\"og:title\" content=\"A LI\u00c7\u00c3O DOS JUIZES DE PORTO ALEGRE - A Not\u00edcia Online\" \/>\n\t\t<meta property=\"og:description\" content=\"Adellunar Marge Mantendo a condena\u00e7\u00e3o de Lula e ainda elevando a sua pena para doze anos e um m\u00eas de cadeia, os ju\u00edzes de Porto alegre deram uma li\u00e7\u00e3o de moral e dignidade e uma satisfa\u00e7\u00e3o \u00e0 popula\u00e7\u00e3o brasileira que n\u00e3o aceita mais a institucionaliza\u00e7\u00e3o da corrup\u00e7\u00e3o em nosso pa\u00eds. Pena que, pelas leis brasileiras,\" \/>\n\t\t<meta property=\"og:url\" content=\"https:\/\/anoticiaonline.com.br\/site\/a-licao-dos-juizes-de-porto-alegre\/\" \/>\n\t\t<meta property=\"og:image\" content=\"https:\/\/scontent-gig4-1.xx.fbcdn.net\/v\/t39.30808-1\/270437624_4564083193639691_6907940295614233970_n.jpg?stp=dst-jpg_s200x200_tt6&#038;_nc_cat=111&#038;ccb=1-7&#038;_nc_sid=f907e8&#038;_nc_ohc=SM1wRlP3lJwQ7kNvwEPuBYA&#038;_nc_oc=AdnqrjDN_BNjSSHWO-GbkIWH6fkGMLw4bqvL_NH6e2wMveX7G-rP2dAqsDSq1mJMOaY&#038;_nc_zt=24&#038;_nc_ht=scontent-gig4-1.xx&#038;_nc_gid=AoBFJeGrT1hVaew_6rchkQ&#038;oh=00_AfX7QmFGhQhG2jAllVgXCiM1ZrWgvtp80-Bfppyexh1QEg&#038;oe=689E923C\" \/>\n\t\t<meta property=\"og:image:secure_url\" content=\"https:\/\/scontent-gig4-1.xx.fbcdn.net\/v\/t39.30808-1\/270437624_4564083193639691_6907940295614233970_n.jpg?stp=dst-jpg_s200x200_tt6&#038;_nc_cat=111&#038;ccb=1-7&#038;_nc_sid=f907e8&#038;_nc_ohc=SM1wRlP3lJwQ7kNvwEPuBYA&#038;_nc_oc=AdnqrjDN_BNjSSHWO-GbkIWH6fkGMLw4bqvL_NH6e2wMveX7G-rP2dAqsDSq1mJMOaY&#038;_nc_zt=24&#038;_nc_ht=scontent-gig4-1.xx&#038;_nc_gid=AoBFJeGrT1hVaew_6rchkQ&#038;oh=00_AfX7QmFGhQhG2jAllVgXCiM1ZrWgvtp80-Bfppyexh1QEg&#038;oe=689E923C\" \/>\n\t\t<meta property=\"article:published_time\" content=\"2018-02-01T19:26:49+00:00\" \/>\n\t\t<meta property=\"article:modified_time\" content=\"2018-02-01T19:26:49+00:00\" \/>\n\t\t<meta name=\"twitter:card\" content=\"summary_large_image\" \/>\n\t\t<meta name=\"twitter:title\" content=\"A LI\u00c7\u00c3O DOS JUIZES DE PORTO ALEGRE - A Not\u00edcia Online\" \/>\n\t\t<meta name=\"twitter:description\" content=\"Adellunar Marge Mantendo a condena\u00e7\u00e3o de Lula e ainda elevando a sua pena para doze anos e um m\u00eas de cadeia, os ju\u00edzes de Porto alegre deram uma li\u00e7\u00e3o de moral e dignidade e uma satisfa\u00e7\u00e3o \u00e0 popula\u00e7\u00e3o brasileira que n\u00e3o aceita mais a institucionaliza\u00e7\u00e3o da corrup\u00e7\u00e3o em nosso pa\u00eds. Pena que, pelas leis brasileiras,\" \/>\n\t\t<meta name=\"twitter:image\" content=\"https:\/\/scontent-gig4-1.xx.fbcdn.net\/v\/t39.30808-1\/270437624_4564083193639691_6907940295614233970_n.jpg?stp=dst-jpg_s200x200_tt6&amp;_nc_cat=111&amp;ccb=1-7&amp;_nc_sid=f907e8&amp;_nc_ohc=SM1wRlP3lJwQ7kNvwEPuBYA&amp;_nc_oc=AdnqrjDN_BNjSSHWO-GbkIWH6fkGMLw4bqvL_NH6e2wMveX7G-rP2dAqsDSq1mJMOaY&amp;_nc_zt=24&amp;_nc_ht=scontent-gig4-1.xx&amp;_nc_gid=AoBFJeGrT1hVaew_6rchkQ&amp;oh=00_AfX7QmFGhQhG2jAllVgXCiM1ZrWgvtp80-Bfppyexh1QEg&amp;oe=689E923C\" \/>\n\t\t<script type=\"application\/ld+json\" class=\"aioseo-schema\">\n\t\t\t{\"@context\":\"https:\\\/\\\/schema.org\",\"@graph\":[{\"@type\":\"BlogPosting\",\"@id\":\"https:\\\/\\\/anoticiaonline.com.br\\\/site\\\/a-licao-dos-juizes-de-porto-alegre\\\/#blogposting\",\"name\":\"A LI\\u00c7\\u00c3O DOS JUIZES DE PORTO ALEGRE - A Not\\u00edcia Online\",\"headline\":\"A LI\\u00c7\\u00c3O DOS JUIZES DE PORTO ALEGRE\",\"author\":{\"@id\":\"https:\\\/\\\/anoticiaonline.com.br\\\/site\\\/author\\\/juliana\\\/#author\"},\"publisher\":{\"@id\":\"https:\\\/\\\/anoticiaonline.com.br\\\/site\\\/#organization\"},\"image\":{\"@type\":\"ImageObject\",\"url\":\"https:\\\/\\\/scontent-gig4-1.xx.fbcdn.net\\\/v\\\/t39.30808-1\\\/270437624_4564083193639691_6907940295614233970_n.jpg?stp=dst-jpg_s200x200_tt6&_nc_cat=111&ccb=1-7&_nc_sid=f907e8&_nc_ohc=SM1wRlP3lJwQ7kNvwEPuBYA&_nc_oc=AdnqrjDN_BNjSSHWO-GbkIWH6fkGMLw4bqvL_NH6e2wMveX7G-rP2dAqsDSq1mJMOaY&_nc_zt=24&_nc_ht=scontent-gig4-1.xx&_nc_gid=AoBFJeGrT1hVaew_6rchkQ&oh=00_AfX7QmFGhQhG2jAllVgXCiM1ZrWgvtp80-Bfppyexh1QEg&oe=689E923C\",\"@id\":\"https:\\\/\\\/anoticiaonline.com.br\\\/site\\\/#articleImage\"},\"datePublished\":\"2018-02-01T16:26:49-03:00\",\"dateModified\":\"2018-02-01T16:26:49-03:00\",\"inLanguage\":\"pt-BR\",\"mainEntityOfPage\":{\"@id\":\"https:\\\/\\\/anoticiaonline.com.br\\\/site\\\/a-licao-dos-juizes-de-porto-alegre\\\/#webpage\"},\"isPartOf\":{\"@id\":\"https:\\\/\\\/anoticiaonline.com.br\\\/site\\\/a-licao-dos-juizes-de-porto-alegre\\\/#webpage\"},\"articleSection\":\"Colunistas, Logos - Adellunar Marge, adellunar marge, coluna, logos\"},{\"@type\":\"BreadcrumbList\",\"@id\":\"https:\\\/\\\/anoticiaonline.com.br\\\/site\\\/a-licao-dos-juizes-de-porto-alegre\\\/#breadcrumblist\",\"itemListElement\":[{\"@type\":\"ListItem\",\"@id\":\"https:\\\/\\\/anoticiaonline.com.br\\\/site#listItem\",\"position\":1,\"name\":\"Home\",\"item\":\"https:\\\/\\\/anoticiaonline.com.br\\\/site\",\"nextItem\":{\"@type\":\"ListItem\",\"@id\":\"https:\\\/\\\/anoticiaonline.com.br\\\/site\\\/categoria\\\/colunistas\\\/#listItem\",\"name\":\"Colunistas\"}},{\"@type\":\"ListItem\",\"@id\":\"https:\\\/\\\/anoticiaonline.com.br\\\/site\\\/categoria\\\/colunistas\\\/#listItem\",\"position\":2,\"name\":\"Colunistas\",\"item\":\"https:\\\/\\\/anoticiaonline.com.br\\\/site\\\/categoria\\\/colunistas\\\/\",\"nextItem\":{\"@type\":\"ListItem\",\"@id\":\"https:\\\/\\\/anoticiaonline.com.br\\\/site\\\/categoria\\\/colunistas\\\/logos-adellunar-marge\\\/#listItem\",\"name\":\"Logos - Adellunar Marge\"},\"previousItem\":{\"@type\":\"ListItem\",\"@id\":\"https:\\\/\\\/anoticiaonline.com.br\\\/site#listItem\",\"name\":\"Home\"}},{\"@type\":\"ListItem\",\"@id\":\"https:\\\/\\\/anoticiaonline.com.br\\\/site\\\/categoria\\\/colunistas\\\/logos-adellunar-marge\\\/#listItem\",\"position\":3,\"name\":\"Logos - Adellunar Marge\",\"item\":\"https:\\\/\\\/anoticiaonline.com.br\\\/site\\\/categoria\\\/colunistas\\\/logos-adellunar-marge\\\/\",\"nextItem\":{\"@type\":\"ListItem\",\"@id\":\"https:\\\/\\\/anoticiaonline.com.br\\\/site\\\/a-licao-dos-juizes-de-porto-alegre\\\/#listItem\",\"name\":\"A LI\\u00c7\\u00c3O DOS JUIZES DE PORTO ALEGRE\"},\"previousItem\":{\"@type\":\"ListItem\",\"@id\":\"https:\\\/\\\/anoticiaonline.com.br\\\/site\\\/categoria\\\/colunistas\\\/#listItem\",\"name\":\"Colunistas\"}},{\"@type\":\"ListItem\",\"@id\":\"https:\\\/\\\/anoticiaonline.com.br\\\/site\\\/a-licao-dos-juizes-de-porto-alegre\\\/#listItem\",\"position\":4,\"name\":\"A LI\\u00c7\\u00c3O DOS JUIZES DE PORTO ALEGRE\",\"previousItem\":{\"@type\":\"ListItem\",\"@id\":\"https:\\\/\\\/anoticiaonline.com.br\\\/site\\\/categoria\\\/colunistas\\\/logos-adellunar-marge\\\/#listItem\",\"name\":\"Logos - Adellunar Marge\"}}]},{\"@type\":\"Organization\",\"@id\":\"https:\\\/\\\/anoticiaonline.com.br\\\/site\\\/#organization\",\"name\":\"A Not\\u00edcia Online\",\"description\":\"Noticias de Muria\\u00e9 e regi\\u00e3o\",\"url\":\"https:\\\/\\\/anoticiaonline.com.br\\\/site\\\/\",\"logo\":{\"@type\":\"ImageObject\",\"url\":\"https:\\\/\\\/scontent-gig4-1.xx.fbcdn.net\\\/v\\\/t39.30808-1\\\/270437624_4564083193639691_6907940295614233970_n.jpg?stp=dst-jpg_s200x200_tt6&_nc_cat=111&ccb=1-7&_nc_sid=f907e8&_nc_ohc=SM1wRlP3lJwQ7kNvwEPuBYA&_nc_oc=AdnqrjDN_BNjSSHWO-GbkIWH6fkGMLw4bqvL_NH6e2wMveX7G-rP2dAqsDSq1mJMOaY&_nc_zt=24&_nc_ht=scontent-gig4-1.xx&_nc_gid=AoBFJeGrT1hVaew_6rchkQ&oh=00_AfX7QmFGhQhG2jAllVgXCiM1ZrWgvtp80-Bfppyexh1QEg&oe=689E923C\",\"@id\":\"https:\\\/\\\/anoticiaonline.com.br\\\/site\\\/a-licao-dos-juizes-de-porto-alegre\\\/#organizationLogo\"},\"image\":{\"@id\":\"https:\\\/\\\/anoticiaonline.com.br\\\/site\\\/a-licao-dos-juizes-de-porto-alegre\\\/#organizationLogo\"}},{\"@type\":\"Person\",\"@id\":\"https:\\\/\\\/anoticiaonline.com.br\\\/site\\\/author\\\/juliana\\\/#author\",\"url\":\"https:\\\/\\\/anoticiaonline.com.br\\\/site\\\/author\\\/juliana\\\/\",\"name\":\"Juliana Laviola\",\"image\":{\"@type\":\"ImageObject\",\"@id\":\"https:\\\/\\\/anoticiaonline.com.br\\\/site\\\/a-licao-dos-juizes-de-porto-alegre\\\/#authorImage\",\"url\":\"https:\\\/\\\/secure.gravatar.com\\\/avatar\\\/b8d45f5c699b100dfaf0e543582f38f38bf94cb7ae3a5e9abf8d891a34773335?s=96&d=mm&r=g\",\"width\":96,\"height\":96,\"caption\":\"Juliana Laviola\"}},{\"@type\":\"WebPage\",\"@id\":\"https:\\\/\\\/anoticiaonline.com.br\\\/site\\\/a-licao-dos-juizes-de-porto-alegre\\\/#webpage\",\"url\":\"https:\\\/\\\/anoticiaonline.com.br\\\/site\\\/a-licao-dos-juizes-de-porto-alegre\\\/\",\"name\":\"A LI\\u00c7\\u00c3O DOS JUIZES DE PORTO ALEGRE - A Not\\u00edcia Online\",\"description\":\"Adellunar Marge Mantendo a condena\\u00e7\\u00e3o de Lula e ainda elevando a sua pena para doze anos e um m\\u00eas de cadeia, os ju\\u00edzes de Porto alegre deram uma li\\u00e7\\u00e3o de moral e dignidade e uma satisfa\\u00e7\\u00e3o \\u00e0 popula\\u00e7\\u00e3o brasileira que n\\u00e3o aceita mais a institucionaliza\\u00e7\\u00e3o da corrup\\u00e7\\u00e3o em nosso pa\\u00eds. Pena que, pelas leis brasileiras,\",\"inLanguage\":\"pt-BR\",\"isPartOf\":{\"@id\":\"https:\\\/\\\/anoticiaonline.com.br\\\/site\\\/#website\"},\"breadcrumb\":{\"@id\":\"https:\\\/\\\/anoticiaonline.com.br\\\/site\\\/a-licao-dos-juizes-de-porto-alegre\\\/#breadcrumblist\"},\"author\":{\"@id\":\"https:\\\/\\\/anoticiaonline.com.br\\\/site\\\/author\\\/juliana\\\/#author\"},\"creator\":{\"@id\":\"https:\\\/\\\/anoticiaonline.com.br\\\/site\\\/author\\\/juliana\\\/#author\"},\"datePublished\":\"2018-02-01T16:26:49-03:00\",\"dateModified\":\"2018-02-01T16:26:49-03:00\"},{\"@type\":\"WebSite\",\"@id\":\"https:\\\/\\\/anoticiaonline.com.br\\\/site\\\/#website\",\"url\":\"https:\\\/\\\/anoticiaonline.com.br\\\/site\\\/\",\"name\":\"A Not\\u00edcia Online\",\"description\":\"Noticias de Muria\\u00e9 e regi\\u00e3o\",\"inLanguage\":\"pt-BR\",\"publisher\":{\"@id\":\"https:\\\/\\\/anoticiaonline.com.br\\\/site\\\/#organization\"}}]}\n\t\t<\/script>\n\t\t<!-- All in One SEO -->\n\n","aioseo_head_json":{"title":"A LI\u00c7\u00c3O DOS JUIZES DE PORTO ALEGRE - A Not\u00edcia Online","description":"Adellunar Marge Mantendo a condena\u00e7\u00e3o de Lula e ainda elevando a sua pena para doze anos e um m\u00eas de cadeia, os ju\u00edzes de Porto alegre deram uma li\u00e7\u00e3o de moral e dignidade e uma satisfa\u00e7\u00e3o \u00e0 popula\u00e7\u00e3o brasileira que n\u00e3o aceita mais a institucionaliza\u00e7\u00e3o da corrup\u00e7\u00e3o em nosso pa\u00eds. Pena que, pelas leis brasileiras,","canonical_url":"https:\/\/anoticiaonline.com.br\/site\/a-licao-dos-juizes-de-porto-alegre\/","robots":"max-image-preview:large","keywords":"","webmasterTools":{"miscellaneous":""},"schema":{"@context":"https:\/\/schema.org","@graph":[{"@type":"BlogPosting","@id":"https:\/\/anoticiaonline.com.br\/site\/a-licao-dos-juizes-de-porto-alegre\/#blogposting","name":"A LI\u00c7\u00c3O DOS JUIZES DE PORTO ALEGRE - A Not\u00edcia Online","headline":"A LI\u00c7\u00c3O DOS JUIZES DE PORTO ALEGRE","author":{"@id":"https:\/\/anoticiaonline.com.br\/site\/author\/juliana\/#author"},"publisher":{"@id":"https:\/\/anoticiaonline.com.br\/site\/#organization"},"image":{"@type":"ImageObject","url":"https:\/\/scontent-gig4-1.xx.fbcdn.net\/v\/t39.30808-1\/270437624_4564083193639691_6907940295614233970_n.jpg?stp=dst-jpg_s200x200_tt6&_nc_cat=111&ccb=1-7&_nc_sid=f907e8&_nc_ohc=SM1wRlP3lJwQ7kNvwEPuBYA&_nc_oc=AdnqrjDN_BNjSSHWO-GbkIWH6fkGMLw4bqvL_NH6e2wMveX7G-rP2dAqsDSq1mJMOaY&_nc_zt=24&_nc_ht=scontent-gig4-1.xx&_nc_gid=AoBFJeGrT1hVaew_6rchkQ&oh=00_AfX7QmFGhQhG2jAllVgXCiM1ZrWgvtp80-Bfppyexh1QEg&oe=689E923C","@id":"https:\/\/anoticiaonline.com.br\/site\/#articleImage"},"datePublished":"2018-02-01T16:26:49-03:00","dateModified":"2018-02-01T16:26:49-03:00","inLanguage":"pt-BR","mainEntityOfPage":{"@id":"https:\/\/anoticiaonline.com.br\/site\/a-licao-dos-juizes-de-porto-alegre\/#webpage"},"isPartOf":{"@id":"https:\/\/anoticiaonline.com.br\/site\/a-licao-dos-juizes-de-porto-alegre\/#webpage"},"articleSection":"Colunistas, Logos - Adellunar Marge, adellunar marge, coluna, logos"},{"@type":"BreadcrumbList","@id":"https:\/\/anoticiaonline.com.br\/site\/a-licao-dos-juizes-de-porto-alegre\/#breadcrumblist","itemListElement":[{"@type":"ListItem","@id":"https:\/\/anoticiaonline.com.br\/site#listItem","position":1,"name":"Home","item":"https:\/\/anoticiaonline.com.br\/site","nextItem":{"@type":"ListItem","@id":"https:\/\/anoticiaonline.com.br\/site\/categoria\/colunistas\/#listItem","name":"Colunistas"}},{"@type":"ListItem","@id":"https:\/\/anoticiaonline.com.br\/site\/categoria\/colunistas\/#listItem","position":2,"name":"Colunistas","item":"https:\/\/anoticiaonline.com.br\/site\/categoria\/colunistas\/","nextItem":{"@type":"ListItem","@id":"https:\/\/anoticiaonline.com.br\/site\/categoria\/colunistas\/logos-adellunar-marge\/#listItem","name":"Logos - Adellunar Marge"},"previousItem":{"@type":"ListItem","@id":"https:\/\/anoticiaonline.com.br\/site#listItem","name":"Home"}},{"@type":"ListItem","@id":"https:\/\/anoticiaonline.com.br\/site\/categoria\/colunistas\/logos-adellunar-marge\/#listItem","position":3,"name":"Logos - Adellunar Marge","item":"https:\/\/anoticiaonline.com.br\/site\/categoria\/colunistas\/logos-adellunar-marge\/","nextItem":{"@type":"ListItem","@id":"https:\/\/anoticiaonline.com.br\/site\/a-licao-dos-juizes-de-porto-alegre\/#listItem","name":"A LI\u00c7\u00c3O DOS JUIZES DE PORTO ALEGRE"},"previousItem":{"@type":"ListItem","@id":"https:\/\/anoticiaonline.com.br\/site\/categoria\/colunistas\/#listItem","name":"Colunistas"}},{"@type":"ListItem","@id":"https:\/\/anoticiaonline.com.br\/site\/a-licao-dos-juizes-de-porto-alegre\/#listItem","position":4,"name":"A LI\u00c7\u00c3O DOS JUIZES DE PORTO ALEGRE","previousItem":{"@type":"ListItem","@id":"https:\/\/anoticiaonline.com.br\/site\/categoria\/colunistas\/logos-adellunar-marge\/#listItem","name":"Logos - Adellunar Marge"}}]},{"@type":"Organization","@id":"https:\/\/anoticiaonline.com.br\/site\/#organization","name":"A Not\u00edcia Online","description":"Noticias de Muria\u00e9 e regi\u00e3o","url":"https:\/\/anoticiaonline.com.br\/site\/","logo":{"@type":"ImageObject","url":"https:\/\/scontent-gig4-1.xx.fbcdn.net\/v\/t39.30808-1\/270437624_4564083193639691_6907940295614233970_n.jpg?stp=dst-jpg_s200x200_tt6&_nc_cat=111&ccb=1-7&_nc_sid=f907e8&_nc_ohc=SM1wRlP3lJwQ7kNvwEPuBYA&_nc_oc=AdnqrjDN_BNjSSHWO-GbkIWH6fkGMLw4bqvL_NH6e2wMveX7G-rP2dAqsDSq1mJMOaY&_nc_zt=24&_nc_ht=scontent-gig4-1.xx&_nc_gid=AoBFJeGrT1hVaew_6rchkQ&oh=00_AfX7QmFGhQhG2jAllVgXCiM1ZrWgvtp80-Bfppyexh1QEg&oe=689E923C","@id":"https:\/\/anoticiaonline.com.br\/site\/a-licao-dos-juizes-de-porto-alegre\/#organizationLogo"},"image":{"@id":"https:\/\/anoticiaonline.com.br\/site\/a-licao-dos-juizes-de-porto-alegre\/#organizationLogo"}},{"@type":"Person","@id":"https:\/\/anoticiaonline.com.br\/site\/author\/juliana\/#author","url":"https:\/\/anoticiaonline.com.br\/site\/author\/juliana\/","name":"Juliana Laviola","image":{"@type":"ImageObject","@id":"https:\/\/anoticiaonline.com.br\/site\/a-licao-dos-juizes-de-porto-alegre\/#authorImage","url":"https:\/\/secure.gravatar.com\/avatar\/b8d45f5c699b100dfaf0e543582f38f38bf94cb7ae3a5e9abf8d891a34773335?s=96&d=mm&r=g","width":96,"height":96,"caption":"Juliana Laviola"}},{"@type":"WebPage","@id":"https:\/\/anoticiaonline.com.br\/site\/a-licao-dos-juizes-de-porto-alegre\/#webpage","url":"https:\/\/anoticiaonline.com.br\/site\/a-licao-dos-juizes-de-porto-alegre\/","name":"A LI\u00c7\u00c3O DOS JUIZES DE PORTO ALEGRE - A Not\u00edcia Online","description":"Adellunar Marge Mantendo a condena\u00e7\u00e3o de Lula e ainda elevando a sua pena para doze anos e um m\u00eas de cadeia, os ju\u00edzes de Porto alegre deram uma li\u00e7\u00e3o de moral e dignidade e uma satisfa\u00e7\u00e3o \u00e0 popula\u00e7\u00e3o brasileira que n\u00e3o aceita mais a institucionaliza\u00e7\u00e3o da corrup\u00e7\u00e3o em nosso pa\u00eds. Pena que, pelas leis brasileiras,","inLanguage":"pt-BR","isPartOf":{"@id":"https:\/\/anoticiaonline.com.br\/site\/#website"},"breadcrumb":{"@id":"https:\/\/anoticiaonline.com.br\/site\/a-licao-dos-juizes-de-porto-alegre\/#breadcrumblist"},"author":{"@id":"https:\/\/anoticiaonline.com.br\/site\/author\/juliana\/#author"},"creator":{"@id":"https:\/\/anoticiaonline.com.br\/site\/author\/juliana\/#author"},"datePublished":"2018-02-01T16:26:49-03:00","dateModified":"2018-02-01T16:26:49-03:00"},{"@type":"WebSite","@id":"https:\/\/anoticiaonline.com.br\/site\/#website","url":"https:\/\/anoticiaonline.com.br\/site\/","name":"A Not\u00edcia Online","description":"Noticias de Muria\u00e9 e regi\u00e3o","inLanguage":"pt-BR","publisher":{"@id":"https:\/\/anoticiaonline.com.br\/site\/#organization"}}]},"og:locale":"pt_BR","og:site_name":"A Not\u00edcia Online - Noticias de Muria\u00e9 e regi\u00e3o","og:type":"article","og:title":"A LI\u00c7\u00c3O DOS JUIZES DE PORTO ALEGRE - A Not\u00edcia Online","og:description":"Adellunar Marge Mantendo a condena\u00e7\u00e3o de Lula e ainda elevando a sua pena para doze anos e um m\u00eas de cadeia, os ju\u00edzes de Porto alegre deram uma li\u00e7\u00e3o de moral e dignidade e uma satisfa\u00e7\u00e3o \u00e0 popula\u00e7\u00e3o brasileira que n\u00e3o aceita mais a institucionaliza\u00e7\u00e3o da corrup\u00e7\u00e3o em nosso pa\u00eds. Pena que, pelas leis brasileiras,","og:url":"https:\/\/anoticiaonline.com.br\/site\/a-licao-dos-juizes-de-porto-alegre\/","og:image":"https:\/\/scontent-gig4-1.xx.fbcdn.net\/v\/t39.30808-1\/270437624_4564083193639691_6907940295614233970_n.jpg?stp=dst-jpg_s200x200_tt6&#038;_nc_cat=111&#038;ccb=1-7&#038;_nc_sid=f907e8&#038;_nc_ohc=SM1wRlP3lJwQ7kNvwEPuBYA&#038;_nc_oc=AdnqrjDN_BNjSSHWO-GbkIWH6fkGMLw4bqvL_NH6e2wMveX7G-rP2dAqsDSq1mJMOaY&#038;_nc_zt=24&#038;_nc_ht=scontent-gig4-1.xx&#038;_nc_gid=AoBFJeGrT1hVaew_6rchkQ&#038;oh=00_AfX7QmFGhQhG2jAllVgXCiM1ZrWgvtp80-Bfppyexh1QEg&#038;oe=689E923C","og:image:secure_url":"https:\/\/scontent-gig4-1.xx.fbcdn.net\/v\/t39.30808-1\/270437624_4564083193639691_6907940295614233970_n.jpg?stp=dst-jpg_s200x200_tt6&#038;_nc_cat=111&#038;ccb=1-7&#038;_nc_sid=f907e8&#038;_nc_ohc=SM1wRlP3lJwQ7kNvwEPuBYA&#038;_nc_oc=AdnqrjDN_BNjSSHWO-GbkIWH6fkGMLw4bqvL_NH6e2wMveX7G-rP2dAqsDSq1mJMOaY&#038;_nc_zt=24&#038;_nc_ht=scontent-gig4-1.xx&#038;_nc_gid=AoBFJeGrT1hVaew_6rchkQ&#038;oh=00_AfX7QmFGhQhG2jAllVgXCiM1ZrWgvtp80-Bfppyexh1QEg&#038;oe=689E923C","article:published_time":"2018-02-01T19:26:49+00:00","article:modified_time":"2018-02-01T19:26:49+00:00","twitter:card":"summary_large_image","twitter:title":"A LI\u00c7\u00c3O DOS JUIZES DE PORTO ALEGRE - A Not\u00edcia Online","twitter:description":"Adellunar Marge Mantendo a condena\u00e7\u00e3o de Lula e ainda elevando a sua pena para doze anos e um m\u00eas de cadeia, os ju\u00edzes de Porto alegre deram uma li\u00e7\u00e3o de moral e dignidade e uma satisfa\u00e7\u00e3o \u00e0 popula\u00e7\u00e3o brasileira que n\u00e3o aceita mais a institucionaliza\u00e7\u00e3o da corrup\u00e7\u00e3o em nosso pa\u00eds. Pena que, pelas leis brasileiras,","twitter:image":"https:\/\/scontent-gig4-1.xx.fbcdn.net\/v\/t39.30808-1\/270437624_4564083193639691_6907940295614233970_n.jpg?stp=dst-jpg_s200x200_tt6&_nc_cat=111&ccb=1-7&_nc_sid=f907e8&_nc_ohc=SM1wRlP3lJwQ7kNvwEPuBYA&_nc_oc=AdnqrjDN_BNjSSHWO-GbkIWH6fkGMLw4bqvL_NH6e2wMveX7G-rP2dAqsDSq1mJMOaY&_nc_zt=24&_nc_ht=scontent-gig4-1.xx&_nc_gid=AoBFJeGrT1hVaew_6rchkQ&oh=00_AfX7QmFGhQhG2jAllVgXCiM1ZrWgvtp80-Bfppyexh1QEg&oe=689E923C"},"aioseo_meta_data":{"post_id":"49203","title":null,"description":null,"keywords":null,"keyphrases":null,"primary_term":null,"canonical_url":null,"og_title":null,"og_description":null,"og_object_type":"default","og_image_type":"default","og_image_url":null,"og_image_width":null,"og_image_height":null,"og_image_custom_url":null,"og_image_custom_fields":null,"og_video":null,"og_custom_url":null,"og_article_section":null,"og_article_tags":null,"twitter_use_og":false,"twitter_card":"default","twitter_image_type":"default","twitter_image_url":null,"twitter_image_custom_url":null,"twitter_image_custom_fields":null,"twitter_title":null,"twitter_description":null,"schema":{"blockGraphs":[],"customGraphs":[],"default":{"data":{"Article":[],"Course":[],"Dataset":[],"FAQPage":[],"Movie":[],"Person":[],"Product":[],"ProductReview":[],"Car":[],"Recipe":[],"Service":[],"SoftwareApplication":[],"WebPage":[]},"graphName":"","isEnabled":true},"graphs":[]},"schema_type":"default","schema_type_options":null,"pillar_content":false,"robots_default":true,"robots_noindex":false,"robots_noarchive":false,"robots_nosnippet":false,"robots_nofollow":false,"robots_noimageindex":false,"robots_noodp":false,"robots_notranslate":false,"robots_max_snippet":null,"robots_max_videopreview":null,"robots_max_imagepreview":"large","priority":null,"frequency":null,"local_seo":null,"breadcrumb_settings":null,"limit_modified_date":false,"ai":null,"created":"2025-08-16 20:12:18","updated":"2025-08-16 20:12:18","focus_keyword":null,"additional_keywords":null,"truseo_locale":null,"seo_analyzer_scan_date":null},"aioseo_breadcrumb":"<div class=\"aioseo-breadcrumbs\"><span class=\"aioseo-breadcrumb\">\n\t\t\t<a href=\"https:\/\/anoticiaonline.com.br\/site\" title=\"Home\">Home<\/a>\n\t\t<\/span><span class=\"aioseo-breadcrumb-separator\">&raquo;<\/span><span class=\"aioseo-breadcrumb\">\n\t\t\t<a href=\"https:\/\/anoticiaonline.com.br\/site\/categoria\/colunistas\/\" title=\"Colunistas\">Colunistas<\/a>\n\t\t<\/span><span class=\"aioseo-breadcrumb-separator\">&raquo;<\/span><span class=\"aioseo-breadcrumb\">\n\t\t\t<a href=\"https:\/\/anoticiaonline.com.br\/site\/categoria\/colunistas\/logos-adellunar-marge\/\" title=\"Logos - Adellunar Marge\">Logos - Adellunar Marge<\/a>\n\t\t<\/span><span class=\"aioseo-breadcrumb-separator\">&raquo;<\/span><span class=\"aioseo-breadcrumb\">\n\t\t\tA LI\u00c7\u00c3O DOS JUIZES DE PORTO ALEGRE\n\t\t<\/span><\/div>","aioseo_breadcrumb_json":[{"label":"Home","link":"https:\/\/anoticiaonline.com.br\/site"},{"label":"Colunistas","link":"https:\/\/anoticiaonline.com.br\/site\/categoria\/colunistas\/"},{"label":"Logos - Adellunar Marge","link":"https:\/\/anoticiaonline.com.br\/site\/categoria\/colunistas\/logos-adellunar-marge\/"},{"label":"A LI\u00c7\u00c3O DOS JUIZES DE PORTO ALEGRE","link":"https:\/\/anoticiaonline.com.br\/site\/a-licao-dos-juizes-de-porto-alegre\/"}],"views":137,"_links":{"self":[{"href":"https:\/\/anoticiaonline.com.br\/site\/wp-json\/wp\/v2\/posts\/49203","targetHints":{"allow":["GET"]}}],"collection":[{"href":"https:\/\/anoticiaonline.com.br\/site\/wp-json\/wp\/v2\/posts"}],"about":[{"href":"https:\/\/anoticiaonline.com.br\/site\/wp-json\/wp\/v2\/types\/post"}],"author":[{"embeddable":true,"href":"https:\/\/anoticiaonline.com.br\/site\/wp-json\/wp\/v2\/users\/2"}],"replies":[{"embeddable":true,"href":"https:\/\/anoticiaonline.com.br\/site\/wp-json\/wp\/v2\/comments?post=49203"}],"version-history":[{"count":0,"href":"https:\/\/anoticiaonline.com.br\/site\/wp-json\/wp\/v2\/posts\/49203\/revisions"}],"wp:attachment":[{"href":"https:\/\/anoticiaonline.com.br\/site\/wp-json\/wp\/v2\/media?parent=49203"}],"wp:term":[{"taxonomy":"category","embeddable":true,"href":"https:\/\/anoticiaonline.com.br\/site\/wp-json\/wp\/v2\/categories?post=49203"},{"taxonomy":"post_tag","embeddable":true,"href":"https:\/\/anoticiaonline.com.br\/site\/wp-json\/wp\/v2\/tags?post=49203"}],"curies":[{"name":"wp","href":"https:\/\/api.w.org\/{rel}","templated":true}]}}